{"id":67007,"date":"2024-08-19T12:08:52","date_gmt":"2024-08-19T10:08:52","guid":{"rendered":"https:\/\/now-news.de\/de\/deutschland\/nord-stream-die-terroristen-versteher\/"},"modified":"2024-08-19T12:08:52","modified_gmt":"2024-08-19T10:08:52","slug":"nord-stream-die-terroristen-versteher","status":"publish","type":"post","link":"https:\/\/now-news.de\/de\/deutschland\/nord-stream-die-terroristen-versteher\/","title":{"rendered":"Nord Stream: Die Terroristen-Versteher"},"content":{"rendered":"<p><img decoding=\"async\" src=\"https:\/\/now-news.de\/de\/wp-content\/uploads\/sites\/3\/2024\/08\/66c3105fb480cc7a5835a748.jpg\" \/><\/p>\n<div class=\"Text-root Text-type_1 \">\n                Putin-Versteher? Das ist etwas f\u00fcr Anf\u00e4nger. Der Umgang mit den neuen Erkenntnissen \u00fcber die Sprengung der Nord-Stream-Pipelines offenbart in Deutschland eine neue Spezies: die Terroristen-Versteher.\n            <\/div>\n<p><\/p>\n<div class=\"Text-root Text-type_5 ArticleView-text ViewText-root \">\n<p><em>Von Tom J. Wellbrock<\/em><\/p>\n<p>Vorweg: Der Autor dieses Textes geht nicht davon aus, dass die Geschichte aus dem <em>Wall Street Journal (WSJ)<\/em> die letzte Wahrheit \u00fcber die Sprengung der Nord-Stream-Pipelines ist. Zumindest die Behauptungen, Selenskij und die CIA sollen den Stopp der geplanten Sprengungen gefordert haben, wirken mehr als naiv bzw. konstruiert und dienen offenkundig der vorauseilenden Wei\u00dfwaschung der politischen Spitzen von USA und Ukraine.<\/p>\n<p>Aber sei&#8217;s drum, nehmen wir einmal an, dass das <em>WSJ<\/em> im Kern recht hat mit der Geschichte \u00fcber eine Beteiligung der Ukraine, so ergibt sich doch ein sehr interessantes (man k\u00f6nnte auch sagen: verst\u00f6rendes) Bild, wenn man auf die deutschen Reaktionen darauf schaut.<\/p>\n<p><strong>Der Haftbefehl<\/strong><\/p>\n<p>Man muss es in Anbetracht der allgemeinen deutschen Ermittlungstr\u00e4gheit wohl als gro\u00dfe Leistung bezeichnen, dass der Generalbundesanwalt einen Haftbefehl erwirkt hat. Der Ukrainer, um den es geht, konnte aber nicht verhaftet werden, da die Polen, denen der Haftbefehl zugestellt wurde, den Mann in Ruhe lie\u00dfen, dieser dann unbehelligt in die Ukraine ausreisen konnte und dort jetzt wom\u00f6glich in einer H\u00e4ngematte bei einem k\u00fchlen Getr\u00e4nk dem deutschen Treiben zusieht. Denn die Ukraine liefert ihre Staatsb\u00fcrger nicht aus (freut sich allerdings sehr, wenn ihre Staatsb\u00fcrger ihr ausgeliefert werden, um im Krieg zu sterben).<\/p>\n<p>Das Bemerkenswerte an dieser Nicht-Verhaftung ist die Reaktion der Sprecher der Bundesregierung auf der Bundespressekonferenz. Die dort anwesenden Journalisten zeigten sich entgegen ihrer sonstigen allgemeinen kritiklosen Spracharmut sehr interessiert an der Haltung der Bundesregierung. Stand sie im Kontakt mit Polen, gibt es einen Austausch mit der Ukraine, wird sich um eine Auslieferung des Ukrainers bem\u00fcht, f\u00fcr den ein deutscher Haftbefehl vorliegt?<\/p>\n<p>Die Antwort verschiedener Sprecher lautete sinngem\u00e4\u00df: Keine Ahnung! Stets wurde auf den Generalbundesanwalt verwiesen, der betreibe die Ermittlungen, an den m\u00fcssten sich die Journalisten wenden, wenn sie etwas erfahren wollten. Die Bundesregierung hat also erstens mit dem Fall nichts zu tun und kann zweitens dazu nichts sagen, weil sie kein Interesse und keine Meinung hat. Die Tatsache, dass es sich bei den Sprengungen um Terroranschl\u00e4ge handelte, k\u00fcmmert die Bundesregierung offenbar nicht.<\/p>\n<p><strong>Terroristen-Versteher mit Brille<\/strong><\/p>\n<p>Die Bundesregierung h\u00fcllt sich in Schweigen, f\u00fcr sie ist der Terror, der die Sprengung der Pipelines erm\u00f6glichte, keine gro\u00dfe Sache. Sicher, ein direkter Angriff auf die deutsche Energieversorgung sollte eigentlich schon von Interesse sein, wenn man politischer Entscheider ist. Doch dem ist nicht so, und auch wenn die Bundesregierung selbst sich in korruptes Schweigen h\u00fcllt, m\u00fcssen wir dennoch nicht auf eine Erkl\u00e4rung und Einordnung des Ganzen verzichten. Denn im Grunde ist \u00fcberhaupt nichts passiert.<\/p>\n<p>Das erkl\u00e4rt uns jedenfalls Roderich Kiesewetter (CDU), der zun\u00e4chst einmal betont, dass zum Zeitpunkt des Anschlags \u00fcberhaupt kein Gas durch die Pipelines transportiert wurde. Nord Stream 1 war laut Kiesewetter zun\u00e4chst auf ein Minimum reduziert, danach sei der Betrieb ganz eingestellt worden, Nord Stream\u00a02 hatte die Arbeit noch gar nicht aufgenommen, daher sieht der Erkl\u00e4r-B\u00e4r mit Brille auch keinen Anlass, die Pipelines \u00fcberhaupt zu zerst\u00f6ren. Mit anderen Worten: Putins Kriegskasse wurde wegen fehlenden durchgeleiteten Gases nicht gef\u00fcllt, was wiederum dazu f\u00fchrt, dass die Ukraine keinen Grund gehabt habe, die R\u00f6hren in die &#8220;Luft&#8221; zu jagen. Eigenwillig, aber in der Gedankenwelt eines Roderich Kiesewetter wohl schl\u00fcssig.<\/p>\n<p>Man muss dem Mann weiter lauschen und ihn w\u00f6rtlich zitieren, um zu verstehen, wie in Deutschland mit Staatsterror oder auch dem Verdacht darauf umgegangen wird:<\/p>\n<blockquote>\n<p><em>&#8220;Ich verteidige nicht die Ukraine, weil, wenn sie&#8217;s war, ist es auch spannend, weil kein deutsches Eigentum besch\u00e4digt wurde, es war in internationalen Gew\u00e4ssern, also es g\u00e4be keinen Rechtsfall gegen Deutschland.&#8221;<\/em><\/p>\n<\/blockquote>\n<p>Und jetzt kommt der Terroristen-Versteher ins Spiel:<\/p>\n<blockquote>\n<p><em>&#8220;Au\u00dferdem ist die Ukraine die Angegriffene, die Sicherheit der Ukraine \u2013 egal, ob sie das zerst\u00f6rt haben oder nicht \u2013 ist in unserem Interesse. Mir geht es eher darum, eine vern\u00fcnftigere, breite Recherche zu machen.&#8221;<\/em><\/p>\n<\/blockquote>\n<p>Halten wir fest: Selbst wenn der Terroranschlag von der Ukraine ausging, ist die weitere Unterst\u00fctzung dieses abgrundtief korrupten politischen Systems mit Verdacht auf Terroraktivit\u00e4ten auf die deutsche Infrastruktur f\u00fcr den Roderich eine Selbstverst\u00e4ndlichkeit.<\/p>\n<p>Das sind ausgesprochen gute Neuigkeiten f\u00fcr die USA. Die spielen zwar in Kiesewetters &#8220;vern\u00fcnftiger, breiter Recherche&#8221; ohnehin keine Rolle. Doch sollte sich herausstellen, dass sie der Urheber der Anschl\u00e4ge waren, brauchen sie aus Deutschland nichts zu bef\u00fcrchten, weil ihre blo\u00dfe Existenz mit allen Schweinereien, die das mit sich bringen k\u00f6nnte, in jeder Hinsicht &#8220;in unserem Interesse&#8221; ist.<\/p>\n<p><strong>Schimpfe aus Polen<\/strong><\/p>\n<p>Die Bundesregierung schweigt weiter, was sogar einen <em>ZDF-<\/em>Journalisten wundert und schockiert. In einem Interview mit einer Kollegin kann <a rel=\"nofollow noopener\" target=\"_blank\" href=\"https:\/\/www.zdf.de\/nachrichten\/zdfheute-live\/nordstream-sprengung-kynast-video-100.html\"><em>ZDF-<\/em>Hauptstadtkorrespondent Andreas Kynast<\/a> das laute Schweigen in Berlin nicht fassen. Er verweist auf die Seriosit\u00e4t des <em>WSJ <\/em>und betont, dass der Vertrauensverlust im Raum stehe und es jetzt nicht einfach so weitergehen k\u00f6nne. Der Mann wird sich wohl t\u00e4uschen.<\/p>\n<p>Daf\u00fcr hat sich aber Polens Regierungschef Donald Tusk gemeldet. Der steht unter einem gewissen Druck (so weit man das zahnlose \u00c4chzen aus Deutschland als Druckmittel verstehen will), weil der Tatverd\u00e4chtige mir nichts, dir nichts in die Ukraine verschwinden konnte. Die fast schon bizarre Argumentation Tusks lautet:<\/p>\n<blockquote>\n<p><em>&#8220;An alle Initiatoren und Schirmherren von Nord Stream 1 und 2: Das Einzige, was ihr jetzt tun solltet, ist euch entschuldigen und still sein.&#8221;<\/em><\/p>\n<\/blockquote>\n<p>So nachzulesen auf X. Man k\u00f6nnte diesen Tweet wohl wie folgt \u00fcbersetzen: Wir waren immer schon gegen Nord Stream. Ihr habt die Dinger trotzdem gebaut, und jetzt sind sie kaputt und einer der T\u00e4ter war bei uns, ist jetzt aber weg. H\u00e4ttet Ihr Idioten Nord Stream gar nicht erst gebaut, h\u00e4tten wir jetzt auch kein Problem.<\/p>\n<p>Auch eine Form, mit Staatsterrorismus umzugehen. Man macht das Objekt der terroristischen Begierde durch seine Existenz f\u00fcr die Tat verantwortlich und bastelt sich so einen Grund, der den Terror erkl\u00e4rt und rechtfertigt.<\/p>\n<p>Wie sagt man so sch\u00f6n in den sozialen Medien: Der Bundesregierung gef\u00e4llt das.<\/p>\n<p><em>Tom J. Wellbrock ist Journalist, Sprecher, Podcaster, Moderator und Mitherausgeber des Blogs <\/em><em><a rel=\"nofollow noopener\" target=\"_blank\" href=\"https:\/\/www.neulandrebellen.de\/\">neulandrebellen<\/a><\/em><em>.<\/em><\/p>\n<p><strong>Mehr zum Thema <\/strong>\u2013 <a rel=\"nofollow noopener\" target=\"_blank\" href=\"https:\/\/freedert.online\/international\/215865-niederlande-fordern-notfall-debatten-ueber-nord-stream-vorwuerfe-gegen-kiew\/\">Niederlande: Dringlichkeitsdebatte \u00fcber &#8220;Nord-Stream&#8221;-Vorw\u00fcrfe gegen Kiew gefordert<\/a><\/p>\n<\/div>\n<p><br \/>\n<br \/><a href=\"https:\/\/de.rt.com\/meinung\/216100-nord-stream-terrorismus-versteher\/\">Source link <\/a><\/p>\n","protected":false},"excerpt":{"rendered":"<p>Putin-Versteher? Das ist etwas f\u00fcr Anf\u00e4nger. Der Umgang mit den neuen Erkenntnissen \u00fcber die Sprengung der Nord-Stream-Pipelines offenbart in Deutschland eine neue Spezies: die Terroristen-Versteher. Von Tom J. Wellbrock Vorweg: Der Autor dieses Textes geht nicht davon aus, dass die Geschichte aus dem Wall Street Journal (WSJ) die letzte Wahrheit \u00fcber die Sprengung der Nord-Stream-Pipelines [&hellip;]<\/p>\n","protected":false},"author":3,"featured_media":67008,"comment_status":"open","ping_status":"open","sticky":false,"template":"","format":"standard","meta":{"_yoast_indexnow_last_ping":["1724062605"],"wp_automatic_camp":["217"],"147273af52157940be89ff0cf9c821cf":["Nord Stream: Die Terroristen-Versteher"],"original_link":["https:\/\/de.rt.com\/meinung\/216100-nord-stream-terrorismus-versteher\/"],"_thumbnail_id":["67008"],"_wptgpro_p2tg_sent2tg":["a:1:{i:23737;s:19:\"2024-08-19 12:17:53\";}"],"jnews_social_counter_last_update":["1777148168"]},"categories":[19,23],"tags":[45,11408,8951,57671],"yoast_head":"<!-- This site is optimized with the Yoast SEO Premium plugin v22.7 (Yoast SEO v22.7) - https:\/\/yoast.com\/wordpress\/plugins\/seo\/ -->\n<title>Nord Stream: Die Terroristen-Versteher - just-now.NEWS Deutschland<\/title>\n<meta name=\"robots\" content=\"index, follow, max-snippet:-1, max-image-preview:large, max-video-preview:-1\" \/>\n<link rel=\"canonical\" href=\"https:\/\/now-news.de\/de\/deutschland\/nord-stream-die-terroristen-versteher\/\" \/>\n<meta property=\"og:locale\" content=\"de_DE\" \/>\n<meta property=\"og:type\" content=\"article\" \/>\n<meta property=\"og:title\" content=\"Nord Stream: Die Terroristen-Versteher\" \/>\n<meta property=\"og:description\" content=\"Putin-Versteher? Das ist etwas f\u00fcr Anf\u00e4nger. Der Umgang mit den neuen Erkenntnissen \u00fcber die Sprengung der Nord-Stream-Pipelines offenbart in Deutschland eine neue Spezies: die Terroristen-Versteher. Von Tom J. Wellbrock Vorweg: Der Autor dieses Textes geht nicht davon aus, dass die Geschichte aus dem Wall Street Journal (WSJ) die letzte Wahrheit \u00fcber die Sprengung der Nord-Stream-Pipelines [&hellip;]\" \/>\n<meta property=\"og:url\" content=\"https:\/\/now-news.de\/de\/deutschland\/nord-stream-die-terroristen-versteher\/\" \/>\n<meta property=\"og:site_name\" content=\"just-now.NEWS Deutschland\" \/>\n<meta property=\"article:publisher\" content=\"https:\/\/www.facebook.com\/wirmachenauf\" \/>\n<meta property=\"article:published_time\" content=\"2024-08-19T10:08:52+00:00\" \/>\n<meta property=\"og:image\" content=\"https:\/\/now-news.de\/de\/wp-content\/uploads\/sites\/3\/2024\/08\/66c3105fb480cc7a5835a748.jpg\" \/>\n<meta name=\"author\" content=\"rtnews\" \/>\n<meta name=\"twitter:card\" content=\"summary_large_image\" \/>\n<meta name=\"twitter:creator\" content=\"@WirMachenAuf_de\" \/>\n<meta name=\"twitter:site\" content=\"@WirMachenAuf_de\" \/>\n<meta name=\"twitter:label1\" content=\"Verfasst von\" \/>\n\t<meta name=\"twitter:data1\" content=\"rtnews\" \/>\n\t<meta name=\"twitter:label2\" content=\"Gesch\u00e4tzte Lesezeit\" \/>\n\t<meta name=\"twitter:data2\" content=\"5\u00a0Minuten\" \/>\n<script type=\"application\/ld+json\" class=\"yoast-schema-graph\">{\"@context\":\"https:\/\/schema.org\",\"@graph\":[{\"@type\":\"Article\",\"@id\":\"https:\/\/now-news.de\/de\/deutschland\/nord-stream-die-terroristen-versteher\/#article\",\"isPartOf\":{\"@id\":\"https:\/\/now-news.de\/de\/deutschland\/nord-stream-die-terroristen-versteher\/\"},\"author\":{\"name\":\"rtnews\",\"@id\":\"https:\/\/now-news.de\/de\/#\/schema\/person\/fb534a4e865501d8b3285208df34a9b5\"},\"headline\":\"Nord Stream: Die Terroristen-Versteher\",\"datePublished\":\"2024-08-19T10:08:52+00:00\",\"dateModified\":\"2024-08-19T10:08:52+00:00\",\"mainEntityOfPage\":{\"@id\":\"https:\/\/now-news.de\/de\/deutschland\/nord-stream-die-terroristen-versteher\/\"},\"wordCount\":1054,\"commentCount\":0,\"publisher\":{\"@id\":\"https:\/\/now-news.de\/de\/#organization\"},\"image\":{\"@id\":\"https:\/\/now-news.de\/de\/deutschland\/nord-stream-die-terroristen-versteher\/#primaryimage\"},\"thumbnailUrl\":\"https:\/\/now-news.de\/de\/wp-content\/uploads\/sites\/3\/2024\/08\/Nord-Stream-Die-Terroristen-Versteher.jpg\",\"keywords\":[\"die\",\"Nord\",\"stream\",\"TerroristenVersteher\"],\"articleSection\":[\"Deutschland\",\"Russland\"],\"inLanguage\":\"de\",\"potentialAction\":[{\"@type\":\"CommentAction\",\"name\":\"Comment\",\"target\":[\"https:\/\/now-news.de\/de\/deutschland\/nord-stream-die-terroristen-versteher\/#respond\"]}]},{\"@type\":\"WebPage\",\"@id\":\"https:\/\/now-news.de\/de\/deutschland\/nord-stream-die-terroristen-versteher\/\",\"url\":\"https:\/\/now-news.de\/de\/deutschland\/nord-stream-die-terroristen-versteher\/\",\"name\":\"Nord Stream: Die Terroristen-Versteher - just-now.NEWS Deutschland\",\"isPartOf\":{\"@id\":\"https:\/\/now-news.de\/de\/#website\"},\"primaryImageOfPage\":{\"@id\":\"https:\/\/now-news.de\/de\/deutschland\/nord-stream-die-terroristen-versteher\/#primaryimage\"},\"image\":{\"@id\":\"https:\/\/now-news.de\/de\/deutschland\/nord-stream-die-terroristen-versteher\/#primaryimage\"},\"thumbnailUrl\":\"https:\/\/now-news.de\/de\/wp-content\/uploads\/sites\/3\/2024\/08\/Nord-Stream-Die-Terroristen-Versteher.jpg\",\"datePublished\":\"2024-08-19T10:08:52+00:00\",\"dateModified\":\"2024-08-19T10:08:52+00:00\",\"breadcrumb\":{\"@id\":\"https:\/\/now-news.de\/de\/deutschland\/nord-stream-die-terroristen-versteher\/#breadcrumb\"},\"inLanguage\":\"de\",\"potentialAction\":[{\"@type\":\"ReadAction\",\"target\":[\"https:\/\/now-news.de\/de\/deutschland\/nord-stream-die-terroristen-versteher\/\"]}]},{\"@type\":\"ImageObject\",\"inLanguage\":\"de\",\"@id\":\"https:\/\/now-news.de\/de\/deutschland\/nord-stream-die-terroristen-versteher\/#primaryimage\",\"url\":\"https:\/\/now-news.de\/de\/wp-content\/uploads\/sites\/3\/2024\/08\/Nord-Stream-Die-Terroristen-Versteher.jpg\",\"contentUrl\":\"https:\/\/now-news.de\/de\/wp-content\/uploads\/sites\/3\/2024\/08\/Nord-Stream-Die-Terroristen-Versteher.jpg\",\"width\":460,\"height\":259,\"caption\":\"Nord Stream: Die Terroristen-Versteher\"},{\"@type\":\"BreadcrumbList\",\"@id\":\"https:\/\/now-news.de\/de\/deutschland\/nord-stream-die-terroristen-versteher\/#breadcrumb\",\"itemListElement\":[{\"@type\":\"ListItem\",\"position\":1,\"name\":\"Home\",\"item\":\"https:\/\/now-news.de\/de\/\"},{\"@type\":\"ListItem\",\"position\":2,\"name\":\"Nord Stream: Die Terroristen-Versteher\"}]},{\"@type\":\"WebSite\",\"@id\":\"https:\/\/now-news.de\/de\/#website\",\"url\":\"https:\/\/now-news.de\/de\/\",\"name\":\"just-now.NEWS Deutschland\",\"description\":\"Das Portal f\u00fcr unzensierte Nachrichten aus der Welt\",\"publisher\":{\"@id\":\"https:\/\/now-news.de\/de\/#organization\"},\"potentialAction\":[{\"@type\":\"SearchAction\",\"target\":{\"@type\":\"EntryPoint\",\"urlTemplate\":\"https:\/\/now-news.de\/de\/?s={search_term_string}\"},\"query-input\":\"required name=search_term_string\"}],\"inLanguage\":\"de\"},{\"@type\":\"Organization\",\"@id\":\"https:\/\/now-news.de\/de\/#organization\",\"name\":\"Just Now News\",\"url\":\"https:\/\/now-news.de\/de\/\",\"logo\":{\"@type\":\"ImageObject\",\"inLanguage\":\"de\",\"@id\":\"https:\/\/now-news.de\/de\/#\/schema\/logo\/image\/\",\"url\":\"http:\/\/just-now.news\/de\/wp-content\/uploads\/sites\/3\/2022\/04\/logo500x500.jpg\",\"contentUrl\":\"http:\/\/just-now.news\/de\/wp-content\/uploads\/sites\/3\/2022\/04\/logo500x500.jpg\",\"width\":500,\"height\":500,\"caption\":\"Just Now News\"},\"image\":{\"@id\":\"https:\/\/now-news.de\/de\/#\/schema\/logo\/image\/\"},\"sameAs\":[\"https:\/\/www.facebook.com\/wirmachenauf\",\"https:\/\/x.com\/WirMachenAuf_de\"]},{\"@type\":\"Person\",\"@id\":\"https:\/\/now-news.de\/de\/#\/schema\/person\/fb534a4e865501d8b3285208df34a9b5\",\"name\":\"rtnews\",\"image\":{\"@type\":\"ImageObject\",\"inLanguage\":\"de\",\"@id\":\"https:\/\/now-news.de\/de\/#\/schema\/person\/image\/\",\"url\":\"https:\/\/secure.gravatar.com\/avatar\/82aafea7d8127119dd649515f56e2117?s=96&d=mm&r=g\",\"contentUrl\":\"https:\/\/secure.gravatar.com\/avatar\/82aafea7d8127119dd649515f56e2117?s=96&d=mm&r=g\",\"caption\":\"rtnews\"},\"url\":\"https:\/\/now-news.de\/de\/author\/rnews\/\"}]}<\/script>\n<!-- \/ Yoast SEO Premium plugin. -->","yoast_head_json":{"title":"Nord Stream: Die Terroristen-Versteher - just-now.NEWS Deutschland","robots":{"index":"index","follow":"follow","max-snippet":"max-snippet:-1","max-image-preview":"max-image-preview:large","max-video-preview":"max-video-preview:-1"},"canonical":"https:\/\/now-news.de\/de\/deutschland\/nord-stream-die-terroristen-versteher\/","og_locale":"de_DE","og_type":"article","og_title":"Nord Stream: Die Terroristen-Versteher","og_description":"Putin-Versteher? Das ist etwas f\u00fcr Anf\u00e4nger. Der Umgang mit den neuen Erkenntnissen \u00fcber die Sprengung der Nord-Stream-Pipelines offenbart in Deutschland eine neue Spezies: die Terroristen-Versteher. Von Tom J. Wellbrock Vorweg: Der Autor dieses Textes geht nicht davon aus, dass die Geschichte aus dem Wall Street Journal (WSJ) die letzte Wahrheit \u00fcber die Sprengung der Nord-Stream-Pipelines [&hellip;]","og_url":"https:\/\/now-news.de\/de\/deutschland\/nord-stream-die-terroristen-versteher\/","og_site_name":"just-now.NEWS Deutschland","article_publisher":"https:\/\/www.facebook.com\/wirmachenauf","article_published_time":"2024-08-19T10:08:52+00:00","og_image":[{"url":"https:\/\/now-news.de\/de\/wp-content\/uploads\/sites\/3\/2024\/08\/66c3105fb480cc7a5835a748.jpg"}],"author":"rtnews","twitter_card":"summary_large_image","twitter_creator":"@WirMachenAuf_de","twitter_site":"@WirMachenAuf_de","twitter_misc":{"Verfasst von":"rtnews","Gesch\u00e4tzte Lesezeit":"5\u00a0Minuten"},"schema":{"@context":"https:\/\/schema.org","@graph":[{"@type":"Article","@id":"https:\/\/now-news.de\/de\/deutschland\/nord-stream-die-terroristen-versteher\/#article","isPartOf":{"@id":"https:\/\/now-news.de\/de\/deutschland\/nord-stream-die-terroristen-versteher\/"},"author":{"name":"rtnews","@id":"https:\/\/now-news.de\/de\/#\/schema\/person\/fb534a4e865501d8b3285208df34a9b5"},"headline":"Nord Stream: Die Terroristen-Versteher","datePublished":"2024-08-19T10:08:52+00:00","dateModified":"2024-08-19T10:08:52+00:00","mainEntityOfPage":{"@id":"https:\/\/now-news.de\/de\/deutschland\/nord-stream-die-terroristen-versteher\/"},"wordCount":1054,"commentCount":0,"publisher":{"@id":"https:\/\/now-news.de\/de\/#organization"},"image":{"@id":"https:\/\/now-news.de\/de\/deutschland\/nord-stream-die-terroristen-versteher\/#primaryimage"},"thumbnailUrl":"https:\/\/now-news.de\/de\/wp-content\/uploads\/sites\/3\/2024\/08\/Nord-Stream-Die-Terroristen-Versteher.jpg","keywords":["die","Nord","stream","TerroristenVersteher"],"articleSection":["Deutschland","Russland"],"inLanguage":"de","potentialAction":[{"@type":"CommentAction","name":"Comment","target":["https:\/\/now-news.de\/de\/deutschland\/nord-stream-die-terroristen-versteher\/#respond"]}]},{"@type":"WebPage","@id":"https:\/\/now-news.de\/de\/deutschland\/nord-stream-die-terroristen-versteher\/","url":"https:\/\/now-news.de\/de\/deutschland\/nord-stream-die-terroristen-versteher\/","name":"Nord Stream: Die Terroristen-Versteher - just-now.NEWS Deutschland","isPartOf":{"@id":"https:\/\/now-news.de\/de\/#website"},"primaryImageOfPage":{"@id":"https:\/\/now-news.de\/de\/deutschland\/nord-stream-die-terroristen-versteher\/#primaryimage"},"image":{"@id":"https:\/\/now-news.de\/de\/deutschland\/nord-stream-die-terroristen-versteher\/#primaryimage"},"thumbnailUrl":"https:\/\/now-news.de\/de\/wp-content\/uploads\/sites\/3\/2024\/08\/Nord-Stream-Die-Terroristen-Versteher.jpg","datePublished":"2024-08-19T10:08:52+00:00","dateModified":"2024-08-19T10:08:52+00:00","breadcrumb":{"@id":"https:\/\/now-news.de\/de\/deutschland\/nord-stream-die-terroristen-versteher\/#breadcrumb"},"inLanguage":"de","potentialAction":[{"@type":"ReadAction","target":["https:\/\/now-news.de\/de\/deutschland\/nord-stream-die-terroristen-versteher\/"]}]},{"@type":"ImageObject","inLanguage":"de","@id":"https:\/\/now-news.de\/de\/deutschland\/nord-stream-die-terroristen-versteher\/#primaryimage","url":"https:\/\/now-news.de\/de\/wp-content\/uploads\/sites\/3\/2024\/08\/Nord-Stream-Die-Terroristen-Versteher.jpg","contentUrl":"https:\/\/now-news.de\/de\/wp-content\/uploads\/sites\/3\/2024\/08\/Nord-Stream-Die-Terroristen-Versteher.jpg","width":460,"height":259,"caption":"Nord Stream: Die Terroristen-Versteher"},{"@type":"BreadcrumbList","@id":"https:\/\/now-news.de\/de\/deutschland\/nord-stream-die-terroristen-versteher\/#breadcrumb","itemListElement":[{"@type":"ListItem","position":1,"name":"Home","item":"https:\/\/now-news.de\/de\/"},{"@type":"ListItem","position":2,"name":"Nord Stream: Die Terroristen-Versteher"}]},{"@type":"WebSite","@id":"https:\/\/now-news.de\/de\/#website","url":"https:\/\/now-news.de\/de\/","name":"just-now.NEWS Deutschland","description":"Das Portal f\u00fcr unzensierte Nachrichten aus der Welt","publisher":{"@id":"https:\/\/now-news.de\/de\/#organization"},"potentialAction":[{"@type":"SearchAction","target":{"@type":"EntryPoint","urlTemplate":"https:\/\/now-news.de\/de\/?s={search_term_string}"},"query-input":"required name=search_term_string"}],"inLanguage":"de"},{"@type":"Organization","@id":"https:\/\/now-news.de\/de\/#organization","name":"Just Now News","url":"https:\/\/now-news.de\/de\/","logo":{"@type":"ImageObject","inLanguage":"de","@id":"https:\/\/now-news.de\/de\/#\/schema\/logo\/image\/","url":"http:\/\/just-now.news\/de\/wp-content\/uploads\/sites\/3\/2022\/04\/logo500x500.jpg","contentUrl":"http:\/\/just-now.news\/de\/wp-content\/uploads\/sites\/3\/2022\/04\/logo500x500.jpg","width":500,"height":500,"caption":"Just Now News"},"image":{"@id":"https:\/\/now-news.de\/de\/#\/schema\/logo\/image\/"},"sameAs":["https:\/\/www.facebook.com\/wirmachenauf","https:\/\/x.com\/WirMachenAuf_de"]},{"@type":"Person","@id":"https:\/\/now-news.de\/de\/#\/schema\/person\/fb534a4e865501d8b3285208df34a9b5","name":"rtnews","image":{"@type":"ImageObject","inLanguage":"de","@id":"https:\/\/now-news.de\/de\/#\/schema\/person\/image\/","url":"https:\/\/secure.gravatar.com\/avatar\/82aafea7d8127119dd649515f56e2117?s=96&d=mm&r=g","contentUrl":"https:\/\/secure.gravatar.com\/avatar\/82aafea7d8127119dd649515f56e2117?s=96&d=mm&r=g","caption":"rtnews"},"url":"https:\/\/now-news.de\/de\/author\/rnews\/"}]}},"_links":{"self":[{"href":"https:\/\/now-news.de\/de\/wp-json\/wp\/v2\/posts\/67007"}],"collection":[{"href":"https:\/\/now-news.de\/de\/wp-json\/wp\/v2\/posts"}],"about":[{"href":"https:\/\/now-news.de\/de\/wp-json\/wp\/v2\/types\/post"}],"author":[{"embeddable":true,"href":"https:\/\/now-news.de\/de\/wp-json\/wp\/v2\/users\/3"}],"replies":[{"embeddable":true,"href":"https:\/\/now-news.de\/de\/wp-json\/wp\/v2\/comments?post=67007"}],"version-history":[{"count":0,"href":"https:\/\/now-news.de\/de\/wp-json\/wp\/v2\/posts\/67007\/revisions"}],"wp:featuredmedia":[{"embeddable":true,"href":"https:\/\/now-news.de\/de\/wp-json\/wp\/v2\/media\/67008"}],"wp:attachment":[{"href":"https:\/\/now-news.de\/de\/wp-json\/wp\/v2\/media?parent=67007"}],"wp:term":[{"taxonomy":"category","embeddable":true,"href":"https:\/\/now-news.de\/de\/wp-json\/wp\/v2\/categories?post=67007"},{"taxonomy":"post_tag","embeddable":true,"href":"https:\/\/now-news.de\/de\/wp-json\/wp\/v2\/tags?post=67007"}],"curies":[{"name":"wp","href":"https:\/\/api.w.org\/{rel}","templated":true}]}}