{"id":66948,"date":"2024-08-18T10:57:06","date_gmt":"2024-08-18T08:57:06","guid":{"rendered":"https:\/\/now-news.de\/de\/deutschland\/kursk-zwei-deutsche-generaele-und-ein-schwerer-fall-von-revanchismus\/"},"modified":"2024-08-18T10:57:06","modified_gmt":"2024-08-18T08:57:06","slug":"kursk-zwei-deutsche-generaele-und-ein-schwerer-fall-von-revanchismus","status":"publish","type":"post","link":"https:\/\/now-news.de\/de\/deutschland\/kursk-zwei-deutsche-generaele-und-ein-schwerer-fall-von-revanchismus\/","title":{"rendered":"Kursk: Zwei deutsche Gener\u00e4le und ein schwerer Fall von Revanchismus"},"content":{"rendered":"<p><img decoding=\"async\" src=\"https:\/\/now-news.de\/de\/wp-content\/uploads\/sites\/3\/2024\/08\/66bb819eb480cc180b1dc62f.gif\" \/><\/p>\n<div class=\"Text-root Text-type_1 \">\n                Die Aussagen, die der Ukraine-Konflikt aus deutschen Politikern und Journalisten hervorlockt, sind schlimm. W\u00e4hrend an der Oberfl\u00e4che beteuert wird, wie demokratisch und gut man doch sei, ist das, was mittlerweile nach oben brodelt, etwas v\u00f6llig anderes.\n            <\/div>\n<p><\/p>\n<div class=\"Text-root Text-type_5 ArticleView-text ViewText-root \">\n<p><em>Von Dagmar Henn<\/em><\/p>\n<p><em>&#8220;Im \u00dcbrigen, als Historiker ist mir auch bewusst, welche Rolle Kursk gerade im Gro\u00dfen Vaterl\u00e4ndischen Krieg gespielt hat, und ausgerechnet dort findet diese Dem\u00fctigung der russischen F\u00fchrung statt, das ist schon enorm.&#8221;<\/em><\/p>\n<p>Na, wer hat das gesagt? Und wie Nazi ist dieser Satz, auf einer Skala von eins bis zehn? Also ich w\u00fcrde daf\u00fcr mindestens eine Acht vergeben. Die Schlacht um Kursk war im Sommer 1943, also noch einige Zeit vor beispielsweise der Befreiung von Auschwitz, und diese klammheimliche Freude an einer Art Revanche f\u00fcr die Wehrmacht ist selbst dann noch ekelhaft, wenn die Grundlage dieser Freude eine v\u00f6llig irre Einsch\u00e4tzung des ukrainischen Angriffs bei Kursk ist.<\/p>\n<p>Wobei ich zugebe, das ist ein wenig geschummelt, denn ich wei\u00df, wer diesen Satz <a rel=\"nofollow noopener\" target=\"_blank\" href=\"https:\/\/www.welt.de\/politik\/ausland\/video252956278\/Ukraine-Vorstoss-in-Kursk-Das-Ganze-ist-eine-enorme-Demuetigung-fuer-Praesident-Putin.html\">gesagt<\/a> hat, und dass dieser Herr unter keinen Umst\u00e4nden auf Nichtwissen pl\u00e4dieren kann. Das ist n\u00e4mlich ein General a. D. namens Klaus Wittmann, der gerne als Milit\u00e4rexperte durch die Sender tingelt. Und der noch dazu (wie sinnig man das finden mag) in Geschichte promoviert hat, \u00fcber &#8220;Schwedens Wirtschaftsbeziehungen zum Dritten Reich 1933 \u2013 45&#8221;. Man kann, ja man muss also genauere Kenntnisse \u00fcber diese Zeitepoche voraussetzen.<\/p>\n<p>Aber es wird noch viel sch\u00f6ner, oder skandaltr\u00e4chtiger. Dieser Klaus Wittmann war n\u00e4mlich gegen Ende seiner Dienstzeit von 2000 bis 2005 Direktor Lehre an der F\u00fchrungsakademie der Bundeswehr und danach in einer \u00e4hnlichen Position am NATO-College in Rom. Nicht nur Historiker, sondern auch Ideologe; was dann bedeuten m\u00fcsste, dass er seine Worte sehr gezielt w\u00e4hlt.<\/p>\n<p>Er ist \u00fcbrigens, das <a rel=\"nofollow noopener\" target=\"_blank\" href=\"https:\/\/news.google.com\/read\/CBMiwwFBVV95cUxQQWdLeXFhT2F0YnY2Y0FjNERXcm9QNGlWdVhNa2hiX0NqMW1NQngyZ3NnNUE0Z2NDMHVERmZYelgycnZPeExSb3IxMkRQUG8yMUVDeG5qekdWaWw2c1ZLT2RGZ3M2THdxV3lEdHpjSGM1QzdTb0xDMlRVSzhITENSQ1NLbDY3MGN0cTlBdzAxclJHVUJvVS1HZzg4R1d6RnE4alBjUXd1aG9oQjJJU0hnaDBZNkxUQW5nU0VYZUpPekI5LUk?hl=de&amp;gl=DE&amp;ceid=DE%3Ade\">sagte<\/a> er an anderer Stelle, sehr daf\u00fcr, die Taurus-Raketen nach Russland zu liefern. Ob das nun daran liegt, dass er so gerne ein R\u00fcckspiel f\u00fcr Kursk will, oder nur daran, dass er irgendwie unter Todessehnsucht leidet, ist nicht klar ersichtlich.<\/p>\n<p>Wir sind aber noch nicht am Ende der Fahnenstange. Es <a rel=\"nofollow noopener\" target=\"_blank\" href=\"https:\/\/dynamic.faz.net\/download\/2019\/offenerBrief.pdf\">gibt<\/a> einen offenen Brief von ihm aus dem Jahr 2019, der in diesem Zusammenhang deutlich strafversch\u00e4rfend wirken d\u00fcrfte. Darin wendet er sich an einen Kollegen, Generalleutnant a. D. Joachim Wundrak, und zwar im Brustton tiefster Emp\u00f6rung. Nicht nur, weil Wundrak nach seiner Pensionierung f\u00fcr die AfD bei der Wahl zum Oberb\u00fcrgermeister von Hannover antrat. Es ist auch nicht wirklich die Tatsache, dass Wundrak damals die Politik Angela Merkels &#8220;antideutsch&#8221; nannte.<\/p>\n<p>Die vielen weiteren Fragen, die er Wundrak an den Kopf wirft, wirken im R\u00fcckblick geradezu komisch. Denn es ist der aktuelle SPD-Verteidigungsminister, der gerne die Wehrpflicht wiederh\u00e4tte, und es war noch die Regierung Merkel, die unter dem Corona-Regime die M\u00f6glichkeiten zum Einsatz der Bundeswehr im Innern erweiterte. Wenn man wei\u00df, was die Bundeswehr derzeit sonst noch treibt, ist dieser Absatz besonders komisch, in dem er wissen will, ob Wundrak<\/p>\n<p><em>&#8220;die Vorstellung, die deutsche Armee m\u00fcsse in die Lage versetzt werden, das deutsche Staatsgebiet 20 Tage lang &#8216;autonom&#8217; zu verteidigen, wof\u00fcr ein deutscher Generalstab zu bilden sei&#8221;<\/em>,<\/p>\n<p>unterst\u00fctze. Ich will das jetzt nicht gesammelt wiedergeben, die Details kann man im oben verlinkten Dokument selbst nachlesen.<\/p>\n<p>Was jedenfalls nicht bekannt ist, ist \u00f6ffentlicher Widerspruch des Ex-Generals Wittmann gegen die Umsetzung mehr oder weniger aller Punkte, zu denen er 2019 von Wundrak eine Distanzierung verlangte, durch die letzte Merkel-Regierung und danach durch die Ampel. Das ist schon erstaunlich, dass ein General, der gerne und h\u00e4ufig in der \u00d6ffentlichkeit auftritt, seine Positionen, die er in diesem offenen Brief vertreten hat, so schnell und klanglos begr\u00e4bt. Und w\u00e4hrend er 2019 an Wundrak noch schrieb, er teile die Forderung nach einer aktiven Entspannungspolitik der NATO gegen\u00fcber der Russischen F\u00f6deration, verlangt er jetzt un\u00fcberh\u00f6rbar die Lieferung von Taurus-Raketen an das Kiewer Regime.<\/p>\n<p>Der von ihm angegriffene Wundrak ist zwar \u2013 zumindest nach dem, was man auf die Schnelle findet \u2013 einer der AfD-Vertreter, die eine schwache Stelle gegen\u00fcber der NATO haben; er hat bei der Rede Selenskijs im Bundestag nicht den Saal verlassen und hatte 2022 den Sanktionen gegen Russland zugestimmt (mit der Einschr\u00e4nkung, die Bundesregierung m\u00fcsse in jedem Fall darauf achten, dass sich Deutschland damit nicht zu sehr selbst schade; was, wie jeder Einwohner Deutschlands inzwischen erleben durfte, nicht geschah). Aber immerhin hat er Anfang Juni <a rel=\"nofollow noopener\" target=\"_blank\" href=\"https:\/\/afdbundestag.de\/matthias-moosdorf-joachim-wundrak-erneute-konflikt-eskalation-mit-russland-treibt-europa-immer-tiefer-in-den-krie\/\">erkl\u00e4rt<\/a>:<\/p>\n<p><em> &#8220;Gab es zu Beginn des Krieges Russlands gegen die Ukraine noch das Verst\u00e4ndnis, dass die NATO nicht in diesen Konflikt hineingezogen werden sollte, so hat NATO-Generalsekret\u00e4r Stoltenberg j\u00fcngst die langfristige, massive Unterst\u00fctzung der Ukraine durch die NATO-Staaten gefordert und zugleich die &#8216;Koordinierungs- und F\u00fchrungsrolle&#8217; der NATO hinsichtlich dieses Konfliktes betont. Diese Eskalation ist eine fatale Entwicklung, die die NATO-Staaten weiter in Richtung Kriegsteilnahme treibt, statt eine Verhandlungsl\u00f6sung zu bef\u00f6rdern. Dies kann nicht in deutschem Interesse sein.&#8221;<\/em><\/p>\n<p>Das sieht ziemlich danach aus, als h\u00e4tte Wittmann Wundrak auf der Spur rechtsau\u00dfen \u00fcberholt. Aber es kommt noch besser.<\/p>\n<p>Der Hauptvorwurf, den Wittmann Wundrak 2019 machte, lautete n\u00e4mlich wie folgt:<\/p>\n<p><em>&#8220;Ein Offizier, gar General, der die skandal\u00f6se \u00c4u\u00dferung des AfD-Vorsitzenden Gauland zur Relativierung der NS-Verbrechen, &#8216;Hitler und die Nazis [seien] nur ein Vogelschiss in \u00fcber 1000 Jahren erfolgreicher deutscher Geschichte&#8217;, &#8216;nicht schlimm&#8217; findet, hat wohl im Geschichtsunterricht nicht aufgepasst und Jahrzehnte politischer Bildung in der Bundeswehr \u2013 f\u00fcr die er als Vorgesetzter ja verantwortlich war \u2013 verschlafen. Er sollte sein Engagement in dieser Partei \u00fcberdenken, solange noch Zeit ist, den guten Ruf zu retten.&#8221;<\/em><\/p>\n<p>Ja, tats\u00e4chlich. Dabei ist das, was Gauland gesagt hatte, nicht einmal wirklich eine Relativierung, und man sollte hinzuf\u00fcgen, um diese deutsche Geschichte zu verstehen, dass man auch einiges \u00fcber die Zeit vor und nach\u00a0diesen zw\u00f6lf Jahren der Nazidiktatur wissen sollte.<\/p>\n<p>Wie auch immer. Wittmann jedenfalls, der Wundrak damals vorgeworfen hat, nicht auf den Satz Gaulands hin sofort emp\u00f6rt aus der AfD ausgetreten zu sein, und der ihm dabei auch noch das Soldatengesetz vorh\u00e4lt, sitzt heute in einem Interview und sagt:<\/p>\n<p><em>&#8220;Im \u00dcbrigen, als Historiker ist mir auch bewusst, welche Rolle Kursk gerade im Gro\u00dfen Vaterl\u00e4ndischen Krieg gespielt hat, und ausgerechnet dort findet diese Dem\u00fctigung der russischen F\u00fchrung statt, das ist schon enorm.&#8221;<\/em><\/p>\n<p>Dass er dabei die in Russland \u00fcbliche Bezeichnung f\u00fcr den Zweiten Weltkrieg verwendet und vom Gro\u00dfen Vaterl\u00e4ndischen Krieg spricht (eine Bezeichnung, die man als Deutscher nur verwenden sollte, wenn man mit Herz und Hirn auf der Seite der Sowjetunion gestanden h\u00e4tte, weil es eben Deutsche waren, gegen die das Vaterland verteidigt werden musste, die nebenbei schon bei jenem Krieg mit angegriffen hatten, der als erster Vaterl\u00e4ndischer Krieg bezeichnet wird), ist sicher kein Versehen, sondern f\u00fcr ihn, Wittmann, die Kirsche auf der Torte, sein pers\u00f6nlicher Anteil an der &#8220;Dem\u00fctigung der russischen F\u00fchrung&#8221; in dem Gebiet, in dem in einer der gewaltigsten Schlachten der Menschheitsgeschichte die Niederlage des Nazismus, die der Sieg in Stalingrad eingel\u00e4utet hatte, besiegelt wurde.<\/p>\n<p>Es gibt eine gute Romantrilogie aus der DDR, in der ein ganzer Band der Schlacht von Kursk gewidmet ist, &#8220;Roter Schnee&#8221; von G\u00fcnter Hof\u00e9. Das ist ein hilfreiches Buch, um zumindest verstehen zu lernen, wie das mit jenen Deutschen war, die begriffen, warum in Kursk die richtige Seite gesiegt hat. Denen es damals oft schwergefallen ist.<\/p>\n<p>Heute aber w\u00e4re es leicht. Oder war es zumindest einmal. Dieser Satz macht aus der Ardennen-Offensive des Selenskij-Regimes (mit der Absicht einer Atomkatastrophe als Beilage) eine ersehnte Rache f\u00fcr die Niederlage der Wehrmacht. Er ert\u00f6nt aus dem Munde eines deutschen Generals, der noch dazu f\u00fcr die Unterrichtung von Offizieren zust\u00e4ndig war; dem trotz der Sprengung von Nord Stream, dem Schaden, den die Sanktionen Deutschland zugef\u00fcgt haben, und der gut sichtbaren Ideologie der aktuellen ukrainischen Regierung nicht auff\u00e4llt, dass der heutige Kurs den Interessen des deutschen Volkes ebenso wenig dient, wie es damals die Verlierer der Schlacht von Kursk taten; der sich nicht daf\u00fcr sch\u00e4mt, sich auf diese Weise gleich doppelt auf die Seite von Nazis zu schlagen, der fr\u00fcheren wie der heutigen. Das ist um ein Vielfaches schlimmer, als es der Satz von Gauland je h\u00e4tte sein k\u00f6nnen. Und in jenem anderen deutschen Staat, der leider solche wie ihn nicht mehr im Zaum h\u00e4lt, h\u00e4tte es daf\u00fcr nur eine Bezeichnung gegeben: ehrlos.<\/p>\n<p><strong>Mehr zum Thema<\/strong> \u2013 <a rel=\"nofollow noopener\" target=\"_blank\" href=\"https:\/\/freedert.online\/europa\/215320-was-haben-ukrainische-kursk-und\/\">Was haben die ukrainische Kursk- und die deutsche Ardennen-Offensive gemeinsam?<\/a><\/p>\n<\/p>\n<\/div>\n<p><br \/>\n<br \/><a href=\"https:\/\/de.rt.com\/meinung\/215537-zwei-deutsche-generaele-und-schwerer\/\">Source link <\/a><\/p>\n","protected":false},"excerpt":{"rendered":"<p>Die Aussagen, die der Ukraine-Konflikt aus deutschen Politikern und Journalisten hervorlockt, sind schlimm. W\u00e4hrend an der Oberfl\u00e4che beteuert wird, wie demokratisch und gut man doch sei, ist das, was mittlerweile nach oben brodelt, etwas v\u00f6llig anderes. Von Dagmar Henn &#8220;Im \u00dcbrigen, als Historiker ist mir auch bewusst, welche Rolle Kursk gerade im Gro\u00dfen Vaterl\u00e4ndischen Krieg [&hellip;]<\/p>\n","protected":false},"author":3,"featured_media":66949,"comment_status":"open","ping_status":"open","sticky":false,"template":"","format":"standard","meta":{"_yoast_indexnow_last_ping":["1723971878"],"wp_automatic_camp":["217"],"9cd61ace4ef6c9feabcc2c4a53433626":["Kursk: Zwei deutsche Gener\u00e4le und ein schwerer Fall von Revanchismus"],"original_link":["https:\/\/de.rt.com\/meinung\/215537-zwei-deutsche-generaele-und-schwerer\/"],"_thumbnail_id":["66949"],"_wptgpro_p2tg_sent2tg":["a:1:{i:23737;s:19:\"2024-08-18 11:05:46\";}"],"jnews_social_counter_last_update":["1777265404"]},"categories":[19,23],"tags":[2374,357,1657,18751,11476,57641,1859,140,50,1003],"yoast_head":"<!-- This site is optimized with the Yoast SEO Premium plugin v22.7 (Yoast SEO v22.7) - https:\/\/yoast.com\/wordpress\/plugins\/seo\/ -->\n<title>Kursk: Zwei deutsche Gener\u00e4le und ein schwerer Fall von Revanchismus - just-now.NEWS Deutschland<\/title>\n<meta name=\"robots\" content=\"index, follow, max-snippet:-1, max-image-preview:large, max-video-preview:-1\" \/>\n<link rel=\"canonical\" href=\"https:\/\/now-news.de\/de\/deutschland\/kursk-zwei-deutsche-generaele-und-ein-schwerer-fall-von-revanchismus\/\" \/>\n<meta property=\"og:locale\" content=\"de_DE\" \/>\n<meta property=\"og:type\" content=\"article\" \/>\n<meta property=\"og:title\" content=\"Kursk: Zwei deutsche Gener\u00e4le und ein schwerer Fall von Revanchismus\" \/>\n<meta property=\"og:description\" content=\"Die Aussagen, die der Ukraine-Konflikt aus deutschen Politikern und Journalisten hervorlockt, sind schlimm. W\u00e4hrend an der Oberfl\u00e4che beteuert wird, wie demokratisch und gut man doch sei, ist das, was mittlerweile nach oben brodelt, etwas v\u00f6llig anderes. Von Dagmar Henn &#8220;Im \u00dcbrigen, als Historiker ist mir auch bewusst, welche Rolle Kursk gerade im Gro\u00dfen Vaterl\u00e4ndischen Krieg [&hellip;]\" \/>\n<meta property=\"og:url\" content=\"https:\/\/now-news.de\/de\/deutschland\/kursk-zwei-deutsche-generaele-und-ein-schwerer-fall-von-revanchismus\/\" \/>\n<meta property=\"og:site_name\" content=\"just-now.NEWS Deutschland\" \/>\n<meta property=\"article:publisher\" content=\"https:\/\/www.facebook.com\/wirmachenauf\" \/>\n<meta property=\"article:published_time\" content=\"2024-08-18T08:57:06+00:00\" \/>\n<meta property=\"og:image\" content=\"https:\/\/now-news.de\/de\/wp-content\/uploads\/sites\/3\/2024\/08\/66bb819eb480cc180b1dc62f.gif\" \/>\n<meta name=\"author\" content=\"rtnews\" \/>\n<meta name=\"twitter:card\" content=\"summary_large_image\" \/>\n<meta name=\"twitter:creator\" content=\"@WirMachenAuf_de\" \/>\n<meta name=\"twitter:site\" content=\"@WirMachenAuf_de\" \/>\n<meta name=\"twitter:label1\" content=\"Verfasst von\" \/>\n\t<meta name=\"twitter:data1\" content=\"rtnews\" \/>\n\t<meta name=\"twitter:label2\" content=\"Gesch\u00e4tzte Lesezeit\" \/>\n\t<meta name=\"twitter:data2\" content=\"7\u00a0Minuten\" \/>\n<script type=\"application\/ld+json\" class=\"yoast-schema-graph\">{\"@context\":\"https:\/\/schema.org\",\"@graph\":[{\"@type\":\"Article\",\"@id\":\"https:\/\/now-news.de\/de\/deutschland\/kursk-zwei-deutsche-generaele-und-ein-schwerer-fall-von-revanchismus\/#article\",\"isPartOf\":{\"@id\":\"https:\/\/now-news.de\/de\/deutschland\/kursk-zwei-deutsche-generaele-und-ein-schwerer-fall-von-revanchismus\/\"},\"author\":{\"name\":\"rtnews\",\"@id\":\"https:\/\/now-news.de\/de\/#\/schema\/person\/fb534a4e865501d8b3285208df34a9b5\"},\"headline\":\"Kursk: Zwei deutsche Gener\u00e4le und ein schwerer Fall von Revanchismus\",\"datePublished\":\"2024-08-18T08:57:06+00:00\",\"dateModified\":\"2024-08-18T08:57:06+00:00\",\"mainEntityOfPage\":{\"@id\":\"https:\/\/now-news.de\/de\/deutschland\/kursk-zwei-deutsche-generaele-und-ein-schwerer-fall-von-revanchismus\/\"},\"wordCount\":1438,\"commentCount\":0,\"publisher\":{\"@id\":\"https:\/\/now-news.de\/de\/#organization\"},\"image\":{\"@id\":\"https:\/\/now-news.de\/de\/deutschland\/kursk-zwei-deutsche-generaele-und-ein-schwerer-fall-von-revanchismus\/#primaryimage\"},\"thumbnailUrl\":\"https:\/\/now-news.de\/de\/wp-content\/uploads\/sites\/3\/2024\/08\/Kursk-Zwei-deutsche-Generaele-und-ein-schwerer-Fall-von-Revanchismus.gif\",\"keywords\":[\"Deutsche\",\"ein\",\"fall\",\"Gener\u00e4le\",\"Kursk\",\"Revanchismus\",\"schwerer\",\"und\",\"von\",\"zwei\"],\"articleSection\":[\"Deutschland\",\"Russland\"],\"inLanguage\":\"de\",\"potentialAction\":[{\"@type\":\"CommentAction\",\"name\":\"Comment\",\"target\":[\"https:\/\/now-news.de\/de\/deutschland\/kursk-zwei-deutsche-generaele-und-ein-schwerer-fall-von-revanchismus\/#respond\"]}]},{\"@type\":\"WebPage\",\"@id\":\"https:\/\/now-news.de\/de\/deutschland\/kursk-zwei-deutsche-generaele-und-ein-schwerer-fall-von-revanchismus\/\",\"url\":\"https:\/\/now-news.de\/de\/deutschland\/kursk-zwei-deutsche-generaele-und-ein-schwerer-fall-von-revanchismus\/\",\"name\":\"Kursk: Zwei deutsche Gener\u00e4le und ein schwerer Fall von Revanchismus - just-now.NEWS Deutschland\",\"isPartOf\":{\"@id\":\"https:\/\/now-news.de\/de\/#website\"},\"primaryImageOfPage\":{\"@id\":\"https:\/\/now-news.de\/de\/deutschland\/kursk-zwei-deutsche-generaele-und-ein-schwerer-fall-von-revanchismus\/#primaryimage\"},\"image\":{\"@id\":\"https:\/\/now-news.de\/de\/deutschland\/kursk-zwei-deutsche-generaele-und-ein-schwerer-fall-von-revanchismus\/#primaryimage\"},\"thumbnailUrl\":\"https:\/\/now-news.de\/de\/wp-content\/uploads\/sites\/3\/2024\/08\/Kursk-Zwei-deutsche-Generaele-und-ein-schwerer-Fall-von-Revanchismus.gif\",\"datePublished\":\"2024-08-18T08:57:06+00:00\",\"dateModified\":\"2024-08-18T08:57:06+00:00\",\"breadcrumb\":{\"@id\":\"https:\/\/now-news.de\/de\/deutschland\/kursk-zwei-deutsche-generaele-und-ein-schwerer-fall-von-revanchismus\/#breadcrumb\"},\"inLanguage\":\"de\",\"potentialAction\":[{\"@type\":\"ReadAction\",\"target\":[\"https:\/\/now-news.de\/de\/deutschland\/kursk-zwei-deutsche-generaele-und-ein-schwerer-fall-von-revanchismus\/\"]}]},{\"@type\":\"ImageObject\",\"inLanguage\":\"de\",\"@id\":\"https:\/\/now-news.de\/de\/deutschland\/kursk-zwei-deutsche-generaele-und-ein-schwerer-fall-von-revanchismus\/#primaryimage\",\"url\":\"https:\/\/now-news.de\/de\/wp-content\/uploads\/sites\/3\/2024\/08\/Kursk-Zwei-deutsche-Generaele-und-ein-schwerer-Fall-von-Revanchismus.gif\",\"contentUrl\":\"https:\/\/now-news.de\/de\/wp-content\/uploads\/sites\/3\/2024\/08\/Kursk-Zwei-deutsche-Generaele-und-ein-schwerer-Fall-von-Revanchismus.gif\",\"width\":460,\"height\":259,\"caption\":\"Kursk: Zwei deutsche Gener\u00e4le und ein schwerer Fall von Revanchismus\"},{\"@type\":\"BreadcrumbList\",\"@id\":\"https:\/\/now-news.de\/de\/deutschland\/kursk-zwei-deutsche-generaele-und-ein-schwerer-fall-von-revanchismus\/#breadcrumb\",\"itemListElement\":[{\"@type\":\"ListItem\",\"position\":1,\"name\":\"Home\",\"item\":\"https:\/\/now-news.de\/de\/\"},{\"@type\":\"ListItem\",\"position\":2,\"name\":\"Kursk: Zwei deutsche Gener\u00e4le und ein schwerer Fall von Revanchismus\"}]},{\"@type\":\"WebSite\",\"@id\":\"https:\/\/now-news.de\/de\/#website\",\"url\":\"https:\/\/now-news.de\/de\/\",\"name\":\"just-now.NEWS Deutschland\",\"description\":\"Das Portal f\u00fcr unzensierte Nachrichten aus der Welt\",\"publisher\":{\"@id\":\"https:\/\/now-news.de\/de\/#organization\"},\"potentialAction\":[{\"@type\":\"SearchAction\",\"target\":{\"@type\":\"EntryPoint\",\"urlTemplate\":\"https:\/\/now-news.de\/de\/?s={search_term_string}\"},\"query-input\":\"required name=search_term_string\"}],\"inLanguage\":\"de\"},{\"@type\":\"Organization\",\"@id\":\"https:\/\/now-news.de\/de\/#organization\",\"name\":\"Just Now News\",\"url\":\"https:\/\/now-news.de\/de\/\",\"logo\":{\"@type\":\"ImageObject\",\"inLanguage\":\"de\",\"@id\":\"https:\/\/now-news.de\/de\/#\/schema\/logo\/image\/\",\"url\":\"http:\/\/just-now.news\/de\/wp-content\/uploads\/sites\/3\/2022\/04\/logo500x500.jpg\",\"contentUrl\":\"http:\/\/just-now.news\/de\/wp-content\/uploads\/sites\/3\/2022\/04\/logo500x500.jpg\",\"width\":500,\"height\":500,\"caption\":\"Just Now News\"},\"image\":{\"@id\":\"https:\/\/now-news.de\/de\/#\/schema\/logo\/image\/\"},\"sameAs\":[\"https:\/\/www.facebook.com\/wirmachenauf\",\"https:\/\/x.com\/WirMachenAuf_de\"]},{\"@type\":\"Person\",\"@id\":\"https:\/\/now-news.de\/de\/#\/schema\/person\/fb534a4e865501d8b3285208df34a9b5\",\"name\":\"rtnews\",\"image\":{\"@type\":\"ImageObject\",\"inLanguage\":\"de\",\"@id\":\"https:\/\/now-news.de\/de\/#\/schema\/person\/image\/\",\"url\":\"https:\/\/secure.gravatar.com\/avatar\/82aafea7d8127119dd649515f56e2117?s=96&d=mm&r=g\",\"contentUrl\":\"https:\/\/secure.gravatar.com\/avatar\/82aafea7d8127119dd649515f56e2117?s=96&d=mm&r=g\",\"caption\":\"rtnews\"},\"url\":\"https:\/\/now-news.de\/de\/author\/rnews\/\"}]}<\/script>\n<!-- \/ Yoast SEO Premium plugin. -->","yoast_head_json":{"title":"Kursk: Zwei deutsche Gener\u00e4le und ein schwerer Fall von Revanchismus - just-now.NEWS Deutschland","robots":{"index":"index","follow":"follow","max-snippet":"max-snippet:-1","max-image-preview":"max-image-preview:large","max-video-preview":"max-video-preview:-1"},"canonical":"https:\/\/now-news.de\/de\/deutschland\/kursk-zwei-deutsche-generaele-und-ein-schwerer-fall-von-revanchismus\/","og_locale":"de_DE","og_type":"article","og_title":"Kursk: Zwei deutsche Gener\u00e4le und ein schwerer Fall von Revanchismus","og_description":"Die Aussagen, die der Ukraine-Konflikt aus deutschen Politikern und Journalisten hervorlockt, sind schlimm. W\u00e4hrend an der Oberfl\u00e4che beteuert wird, wie demokratisch und gut man doch sei, ist das, was mittlerweile nach oben brodelt, etwas v\u00f6llig anderes. Von Dagmar Henn &#8220;Im \u00dcbrigen, als Historiker ist mir auch bewusst, welche Rolle Kursk gerade im Gro\u00dfen Vaterl\u00e4ndischen Krieg [&hellip;]","og_url":"https:\/\/now-news.de\/de\/deutschland\/kursk-zwei-deutsche-generaele-und-ein-schwerer-fall-von-revanchismus\/","og_site_name":"just-now.NEWS Deutschland","article_publisher":"https:\/\/www.facebook.com\/wirmachenauf","article_published_time":"2024-08-18T08:57:06+00:00","og_image":[{"url":"https:\/\/now-news.de\/de\/wp-content\/uploads\/sites\/3\/2024\/08\/66bb819eb480cc180b1dc62f.gif"}],"author":"rtnews","twitter_card":"summary_large_image","twitter_creator":"@WirMachenAuf_de","twitter_site":"@WirMachenAuf_de","twitter_misc":{"Verfasst von":"rtnews","Gesch\u00e4tzte Lesezeit":"7\u00a0Minuten"},"schema":{"@context":"https:\/\/schema.org","@graph":[{"@type":"Article","@id":"https:\/\/now-news.de\/de\/deutschland\/kursk-zwei-deutsche-generaele-und-ein-schwerer-fall-von-revanchismus\/#article","isPartOf":{"@id":"https:\/\/now-news.de\/de\/deutschland\/kursk-zwei-deutsche-generaele-und-ein-schwerer-fall-von-revanchismus\/"},"author":{"name":"rtnews","@id":"https:\/\/now-news.de\/de\/#\/schema\/person\/fb534a4e865501d8b3285208df34a9b5"},"headline":"Kursk: Zwei deutsche Gener\u00e4le und ein schwerer Fall von Revanchismus","datePublished":"2024-08-18T08:57:06+00:00","dateModified":"2024-08-18T08:57:06+00:00","mainEntityOfPage":{"@id":"https:\/\/now-news.de\/de\/deutschland\/kursk-zwei-deutsche-generaele-und-ein-schwerer-fall-von-revanchismus\/"},"wordCount":1438,"commentCount":0,"publisher":{"@id":"https:\/\/now-news.de\/de\/#organization"},"image":{"@id":"https:\/\/now-news.de\/de\/deutschland\/kursk-zwei-deutsche-generaele-und-ein-schwerer-fall-von-revanchismus\/#primaryimage"},"thumbnailUrl":"https:\/\/now-news.de\/de\/wp-content\/uploads\/sites\/3\/2024\/08\/Kursk-Zwei-deutsche-Generaele-und-ein-schwerer-Fall-von-Revanchismus.gif","keywords":["Deutsche","ein","fall","Gener\u00e4le","Kursk","Revanchismus","schwerer","und","von","zwei"],"articleSection":["Deutschland","Russland"],"inLanguage":"de","potentialAction":[{"@type":"CommentAction","name":"Comment","target":["https:\/\/now-news.de\/de\/deutschland\/kursk-zwei-deutsche-generaele-und-ein-schwerer-fall-von-revanchismus\/#respond"]}]},{"@type":"WebPage","@id":"https:\/\/now-news.de\/de\/deutschland\/kursk-zwei-deutsche-generaele-und-ein-schwerer-fall-von-revanchismus\/","url":"https:\/\/now-news.de\/de\/deutschland\/kursk-zwei-deutsche-generaele-und-ein-schwerer-fall-von-revanchismus\/","name":"Kursk: Zwei deutsche Gener\u00e4le und ein schwerer Fall von Revanchismus - just-now.NEWS Deutschland","isPartOf":{"@id":"https:\/\/now-news.de\/de\/#website"},"primaryImageOfPage":{"@id":"https:\/\/now-news.de\/de\/deutschland\/kursk-zwei-deutsche-generaele-und-ein-schwerer-fall-von-revanchismus\/#primaryimage"},"image":{"@id":"https:\/\/now-news.de\/de\/deutschland\/kursk-zwei-deutsche-generaele-und-ein-schwerer-fall-von-revanchismus\/#primaryimage"},"thumbnailUrl":"https:\/\/now-news.de\/de\/wp-content\/uploads\/sites\/3\/2024\/08\/Kursk-Zwei-deutsche-Generaele-und-ein-schwerer-Fall-von-Revanchismus.gif","datePublished":"2024-08-18T08:57:06+00:00","dateModified":"2024-08-18T08:57:06+00:00","breadcrumb":{"@id":"https:\/\/now-news.de\/de\/deutschland\/kursk-zwei-deutsche-generaele-und-ein-schwerer-fall-von-revanchismus\/#breadcrumb"},"inLanguage":"de","potentialAction":[{"@type":"ReadAction","target":["https:\/\/now-news.de\/de\/deutschland\/kursk-zwei-deutsche-generaele-und-ein-schwerer-fall-von-revanchismus\/"]}]},{"@type":"ImageObject","inLanguage":"de","@id":"https:\/\/now-news.de\/de\/deutschland\/kursk-zwei-deutsche-generaele-und-ein-schwerer-fall-von-revanchismus\/#primaryimage","url":"https:\/\/now-news.de\/de\/wp-content\/uploads\/sites\/3\/2024\/08\/Kursk-Zwei-deutsche-Generaele-und-ein-schwerer-Fall-von-Revanchismus.gif","contentUrl":"https:\/\/now-news.de\/de\/wp-content\/uploads\/sites\/3\/2024\/08\/Kursk-Zwei-deutsche-Generaele-und-ein-schwerer-Fall-von-Revanchismus.gif","width":460,"height":259,"caption":"Kursk: Zwei deutsche Gener\u00e4le und ein schwerer Fall von Revanchismus"},{"@type":"BreadcrumbList","@id":"https:\/\/now-news.de\/de\/deutschland\/kursk-zwei-deutsche-generaele-und-ein-schwerer-fall-von-revanchismus\/#breadcrumb","itemListElement":[{"@type":"ListItem","position":1,"name":"Home","item":"https:\/\/now-news.de\/de\/"},{"@type":"ListItem","position":2,"name":"Kursk: Zwei deutsche Gener\u00e4le und ein schwerer Fall von Revanchismus"}]},{"@type":"WebSite","@id":"https:\/\/now-news.de\/de\/#website","url":"https:\/\/now-news.de\/de\/","name":"just-now.NEWS Deutschland","description":"Das Portal f\u00fcr unzensierte Nachrichten aus der Welt","publisher":{"@id":"https:\/\/now-news.de\/de\/#organization"},"potentialAction":[{"@type":"SearchAction","target":{"@type":"EntryPoint","urlTemplate":"https:\/\/now-news.de\/de\/?s={search_term_string}"},"query-input":"required name=search_term_string"}],"inLanguage":"de"},{"@type":"Organization","@id":"https:\/\/now-news.de\/de\/#organization","name":"Just Now News","url":"https:\/\/now-news.de\/de\/","logo":{"@type":"ImageObject","inLanguage":"de","@id":"https:\/\/now-news.de\/de\/#\/schema\/logo\/image\/","url":"http:\/\/just-now.news\/de\/wp-content\/uploads\/sites\/3\/2022\/04\/logo500x500.jpg","contentUrl":"http:\/\/just-now.news\/de\/wp-content\/uploads\/sites\/3\/2022\/04\/logo500x500.jpg","width":500,"height":500,"caption":"Just Now News"},"image":{"@id":"https:\/\/now-news.de\/de\/#\/schema\/logo\/image\/"},"sameAs":["https:\/\/www.facebook.com\/wirmachenauf","https:\/\/x.com\/WirMachenAuf_de"]},{"@type":"Person","@id":"https:\/\/now-news.de\/de\/#\/schema\/person\/fb534a4e865501d8b3285208df34a9b5","name":"rtnews","image":{"@type":"ImageObject","inLanguage":"de","@id":"https:\/\/now-news.de\/de\/#\/schema\/person\/image\/","url":"https:\/\/secure.gravatar.com\/avatar\/82aafea7d8127119dd649515f56e2117?s=96&d=mm&r=g","contentUrl":"https:\/\/secure.gravatar.com\/avatar\/82aafea7d8127119dd649515f56e2117?s=96&d=mm&r=g","caption":"rtnews"},"url":"https:\/\/now-news.de\/de\/author\/rnews\/"}]}},"_links":{"self":[{"href":"https:\/\/now-news.de\/de\/wp-json\/wp\/v2\/posts\/66948"}],"collection":[{"href":"https:\/\/now-news.de\/de\/wp-json\/wp\/v2\/posts"}],"about":[{"href":"https:\/\/now-news.de\/de\/wp-json\/wp\/v2\/types\/post"}],"author":[{"embeddable":true,"href":"https:\/\/now-news.de\/de\/wp-json\/wp\/v2\/users\/3"}],"replies":[{"embeddable":true,"href":"https:\/\/now-news.de\/de\/wp-json\/wp\/v2\/comments?post=66948"}],"version-history":[{"count":0,"href":"https:\/\/now-news.de\/de\/wp-json\/wp\/v2\/posts\/66948\/revisions"}],"wp:featuredmedia":[{"embeddable":true,"href":"https:\/\/now-news.de\/de\/wp-json\/wp\/v2\/media\/66949"}],"wp:attachment":[{"href":"https:\/\/now-news.de\/de\/wp-json\/wp\/v2\/media?parent=66948"}],"wp:term":[{"taxonomy":"category","embeddable":true,"href":"https:\/\/now-news.de\/de\/wp-json\/wp\/v2\/categories?post=66948"},{"taxonomy":"post_tag","embeddable":true,"href":"https:\/\/now-news.de\/de\/wp-json\/wp\/v2\/tags?post=66948"}],"curies":[{"name":"wp","href":"https:\/\/api.w.org\/{rel}","templated":true}]}}