{"id":66890,"date":"2024-08-17T08:57:15","date_gmt":"2024-08-17T06:57:15","guid":{"rendered":"https:\/\/now-news.de\/de\/deutschland\/berlin-und-washington-fuehren-kiew-gemeinsam-aufs-schafott\/"},"modified":"2024-08-17T08:57:15","modified_gmt":"2024-08-17T06:57:15","slug":"berlin-und-washington-fuehren-kiew-gemeinsam-aufs-schafott","status":"publish","type":"post","link":"https:\/\/now-news.de\/de\/deutschland\/berlin-und-washington-fuehren-kiew-gemeinsam-aufs-schafott\/","title":{"rendered":"Berlin und Washington f\u00fchren Kiew gemeinsam aufs Schafott"},"content":{"rendered":"<p><img decoding=\"async\" src=\"https:\/\/now-news.de\/de\/wp-content\/uploads\/sites\/3\/2024\/08\/66bf7c72b480cc4ed613a5c8.PNG\" \/><\/p>\n<div class=\"Text-root Text-type_1 \">\n                Die offizielle Version der Sprengung der Nord-Stream-Gaspipelines, die erst die deutschen Ermittler und dann das US-amerikanische &#8220;Wall Street Journal&#8221; der Welt\u00f6ffentlichkeit pr\u00e4sentiert haben, mutet wie ein schlechter Hollywood-Thriller an. Warum bringen Berlin und Washington nun aber ihre Kiewer Marionetten in die Bredouille?\n            <\/div>\n<p><\/p>\n<div class=\"Text-root Text-type_5 ArticleView-text ViewText-root \">\n<p><em>Von Wiktoria Nikiforowa<\/em><\/p>\n<p>&#8220;Ich war&#8217;s nicht&#8221;, &#8220;Das waren die Russen&#8221;\u201a &#8220;Ich habe nichts davon gewusst&#8221;&#8230;<\/p>\n<p>Dies und \u00e4hnliches ist jetzt <a rel=\"nofollow noopener\" target=\"_blank\" href=\"https:\/\/freedert.online\/international\/215805-selenskijs-top-berater-bestreitet-kiews-beteiligung-nord-stream-sprengung\/\">aus der Ukraine zu h\u00f6ren<\/a>. Die Vertreter des Kiewer Nazi-Regimes rechtfertigen sich \u00e4ngstlich: &#8220;Nein, wir haben Nord Stream nicht in die Luft gejagt!&#8221;. Aber das <em>Wall Street Journal (WSJ)<\/em> hat das Urteil bereits gef\u00e4llt.<\/p>\n<p>Es stellt sich also heraus, dass die Entscheidung, die russisch-deutsche Pipeline auf dem Grund der Ostsee zu zerst\u00f6ren, im Suff getroffen wurde. In einer Mai-Nacht im Jahr 2022 beschlossen einige Offiziere der ukrainischen Streitkr\u00e4fte und ukrainische Gesch\u00e4ftsleute, die sich ihnen angeschlossen hatten, dass es cool w\u00e4re, Nord Stream in die Luft zu jagen. Gesagt \u2013 getan.<\/p>\n<p>Unter der Leitung eines gewissen Generals sammelten sie\u00a0300.000 Dollar, fanden Taucher, schickten sie nach Polen, schmuggelten Hunderte von Kilogramm Sprengstoff, mieteten die Jacht &#8220;Andromeda&#8221;, hissten auf ihr die ukrainische Flagge (damit keine Zweifel aufkommen) und stachen in See, um einen grandiosen Sabotageakt zu ver\u00fcben. Die gesamte Operation wurde von Waleri Saluschny \u00fcberwacht.<\/p>\n<p>Wladimir Selenskij kannte den Plan und billigte ihn. Als die CIA von der bevorstehenden Operation erfuhr, riefen die Amerikaner den Nazi-Chef an und sagten &#8220;ei-ei-ei, das d\u00fcrft ihr nicht tun&#8221;. Und er versprach, die Sprengung abzusagen. Doch Saluschny h\u00f6rte nicht auf ihn. Daraufhin wurden am 26. September 2022 drei Str\u00e4nge der Nord-Stream-Gaspipelines gesprengt. Europa stand ohne russisches Gas da.<\/p>\n<p>Der H\u00f6henflug der Fantasie ist so atemberaubend, dass selbst Gogols &#8220;Mainacht oder Die Ertrunkene&#8221; dagegen erblasst und der gro\u00dfe russisch-ukrainische Schriftsteller voller Neid im Grabe rotiert. Da kommt man sich ja geradezu als Spielverderber vor, wenn man bei den Details pingelig nachhakt.<\/p>\n<p>Aber trotzdem: Wie haben es die Ukrainer geschafft, die bewachte Grenze zu Polen zu \u00fcberqueren und dann heimlich eine gro\u00dfe Menge Sprengstoff durch ein fremdes Land zu schmuggeln?<\/p>\n<p>Was sind das f\u00fcr magische Wundertaucher, die bis zu\u00a080 Meter tief tauchen und stundenlang auf dem Meeresgrund ausharren k\u00f6nnen, um Sprengstoff an Unterwasserleitungen zu befestigen?<\/p>\n<p>Das <em>WSJ<\/em> erkl\u00e4rt uns, dass solche Taucher vor 2014 auf der Krim ausgebildet wurden und dass es dort Kampfdelfine an einem ukrainischen St\u00fctzpunkt gab. Nun, die Delphine erkl\u00e4ren sicherlich eine Menge.<\/p>\n<p>Geradezu magisch wirkt die Begr\u00fcndung, dass die Wunder-Terroristen beim Verlassen der &#8220;Andromeda&#8221; nicht aufger\u00e4umt haben, weshalb die deutschen Sicherheitskr\u00e4fte dort Sprengstoff, DNA-Spuren und Fingerabdr\u00fccke aller Besatzungsmitglieder fanden. Seltsam, dass sie nicht auch die P\u00e4sse der Leute gefunden haben.<\/p>\n<p>Und das Sch\u00f6nste von allem ist nat\u00fcrlich die ukrainische Flagge, die diese Figuren von Anfang an am Mast der &#8220;Andromeda&#8221; befestigt haben. &#8220;Stierlitz ging gem\u00e4chlich Unter den Linden entlang und wunderte sich, warum alle Passanten so auf die herabh\u00e4ngenden Schlaufen seines Fallschirms starren &#8230;&#8221;<\/p>\n<p>Es liegt auf der Hand, dass die M\u00e4rchengeschichte nach der Art eines schlechten Hollywood-Thrillers frei erfunden ist und nur den Zweck hat, den Verdacht von den USA selbst abzulenken, deren Pr\u00e4sident schon Ende 2021 offen die Zerst\u00f6rung von Nord Stream angek\u00fcndigt hatte. Nur die Amerikaner verf\u00fcgten \u00fcber alle technischen Mittel, um eine derart komplexe Operation durchzuf\u00fchren, und nur sie haben davon in gro\u00dfem Ma\u00dfe profitiert \u2013 sie haben den europ\u00e4ischen Gasmarkt \u00fcbernommen.<\/p>\n<p>Die Explosion im September, der niemand im Westen auf den Grund gehen durfte, hat jedoch das Ansehen der Vereinigten Staaten in der Welt besch\u00e4digt. Die Staats- und Regierungschefs aller L\u00e4nder z\u00e4hlten zwei und zwei zusammen \u2013 Bidens Drohungen und die F\u00e4higkeiten der amerikanischen Marine \u2013 und kamen zu dem Schluss, dass Uncle Sam das n\u00e4chste Mal auf die gleiche Art und Weise jedem von ihnen das Gas (oder \u00d6l) abschneiden k\u00f6nnte. Zum Beispiel k\u00f6nnte er die Gaspipeline sprengen, die in die T\u00fcrkei f\u00fchrt. Und wie werden diese NATO-Mitglieder dann mit der Situation umgehen? Deshalb war es notwendig, die Schuldigen zu benennen.<\/p>\n<p>Es ist bezeichnend, dass die Amerikaner Kiew nun im Zusammenwirken mit Deutschland zu ertr\u00e4nken versuchen. Es ist nicht das erste Mal, dass sie solche Kombinationen durchspielen \u2013 es war das amerikanisch-deutsche Tandem, das hinter der Entscheidung stand, der Ukraine nicht zu erlauben, Vollmitglied der NATO zu werden, ihr aber gleichzeitig weiterhin wie einem Esel diese Karotte vor die Nase zu halten.<\/p>\n<p>Ja, Washington spielt nat\u00fcrlich die f\u00fchrende Rolle in diesem Tandem, aber jetzt befinden sich die Amerikaner in einer schwierigen Wahlkampfphase. Kamala Harris wird mit allen Mitteln ins Wei\u00dfe Haus geschleppt, und hier wird die Hilfe aller Vasallen gebraucht \u2013 damit sie sofort und synchron eine allgemeine &#8220;Zustimmung&#8221; und weltweiten Jubel \u00fcber ihre Wahl mimen.<\/p>\n<p>Deshalb wurde Deutschland ein solches Geschenk gemacht: Seine Untersuchung der Explosion an den Nord Streams wurde von jenseits des Ozeans gebilligt und unterst\u00fctzt. Die Deutschen durften die ukrainischen Wundertaucher unter der F\u00fchrung eines gewissen &#8220;Wladimir S.&#8221; ausfindig machen und sogar Haftbefehle gegen sie erlassen. Zumal sich diese Superhelden bereits in die Ukraine abgesetzt hatten, was laut <em>WSJ<\/em>\u00a0aufgrund der Nachl\u00e4ssigkeit der Polen geschah. Ein Seitenhieb gegen Warschau, die Lieblingsfrau der USA im europ\u00e4ischen Harem, sollte auch der deutschen F\u00fchrung Honig ums Maul schmieren.<\/p>\n<p>Als Urheber des grandiosen Terroranschlags, der zu einem drastischen R\u00fcckgang des Lebensstandards in Europa, dem Zusammenbruch der deutschen Industrie und dem Ersaufen deutscher Investitionen in Milliardenh\u00f6he gef\u00fchrt hat, entpuppt sich nun in den Augen der internationalen Gemeinschaft die F\u00fchrung des Kiewer Regimes. Saluschny \u2013 weil er diese Operation \u00fcberwachte. Selenskij \u2013 weil er es nicht verhindern konnte. Und ihre Herren aus Washington hatten nichts damit zu tun, nat\u00fcrlich nicht, wo denken Sie denn blo\u00df hin. Selbst Olaf Scholz hat nichts damit zu tun: &#8220;Es ist nicht meine Schuld, es kam von selbst!&#8221;<\/p>\n<p>Das ist die Antwort auf die Frage deutscher Politiker an Bundeskanzler Scholz, was er von den Vorbereitungen f\u00fcr die Explosionen an der Nord-Stream-Pipeline wusste? Er wusste nichts. Das\u00a0waren alles Wundertaucher unter ukrainischer Flagge.<\/p>\n<p>Die F\u00fchrer der Ukraine haben das Stadium erreicht, in dem politische Marionetten aufs Schafott gef\u00fchrt\u00a0werden.\u00a0Von den\u00a0Herren wird ihnen s\u00e4mtliche\u00a0Verantwortung f\u00fcr die eigenen\u00a0Verbrechen, Vers\u00e4umnisse und Fehlschl\u00e4ge angelastet. All diejenigen, die &#8220;Ich war&#8217;s nicht!&#8221; rufen, werden sich noch wundern: Wenn sie es erleben, werden sie f\u00fcr die westliche Wirtschaftskrise, den best\u00fcrzenden Diebstahl der westlichen Eliten, die milit\u00e4rischen Misserfolge und \u00fcberhaupt f\u00fcr alles verantwortlich gemacht werden. Die Betonung liegt hier auf &#8220;wenn sie es erleben&#8221;.<\/p>\n<p><em>\u00dcbersetzt aus dem <a rel=\"nofollow noopener\" target=\"_blank\" href=\"https:\/\/ria.ru\/20240816\/kiev-1966438760.html\">Russischen<\/a>. Der Originalartikel ist am 16.08.2024 auf ria.ru erschienen.<\/em>\u00a0<\/p>\n<p><strong>Mehr zum Thema<\/strong>\u00a0\u202c\u2012 <a rel=\"nofollow noopener\" target=\"_blank\" href=\"https:\/\/freedert.online\/international\/215805-selenskijs-top-berater-bestreitet-kiews-beteiligung-nord-stream-sprengung\/\">Selenskijs Top-Berater bestreitet Kiews Beteiligung an Nord-Stream-Sprengung<\/a><\/p>\n<\/div>\n<p><br \/>\n<br \/><a href=\"https:\/\/de.rt.com\/meinung\/215901-berlin-und-washington-wuergen-nun\/\">Source link <\/a><\/p>\n","protected":false},"excerpt":{"rendered":"<p>Die offizielle Version der Sprengung der Nord-Stream-Gaspipelines, die erst die deutschen Ermittler und dann das US-amerikanische &#8220;Wall Street Journal&#8221; der Welt\u00f6ffentlichkeit pr\u00e4sentiert haben, mutet wie ein schlechter Hollywood-Thriller an. Warum bringen Berlin und Washington nun aber ihre Kiewer Marionetten in die Bredouille? Von Wiktoria Nikiforowa &#8220;Ich war&#8217;s nicht&#8221;, &#8220;Das waren die Russen&#8221;\u201a &#8220;Ich habe nichts [&hellip;]<\/p>\n","protected":false},"author":3,"featured_media":66891,"comment_status":"open","ping_status":"open","sticky":false,"template":"","format":"standard","meta":{"_yoast_indexnow_last_ping":["1723878210"],"wp_automatic_camp":["217"],"8fd4358b1fc46fed407b27c559efb707":["Berlin und Washington f\u00fchren Kiew gemeinsam aufs Schafott"],"original_link":["https:\/\/de.rt.com\/meinung\/215901-berlin-und-washington-wuergen-nun\/"],"_thumbnail_id":["66891"],"_wptgpro_p2tg_sent2tg":["a:1:{i:23737;s:19:\"2024-08-17 09:04:30\";}"],"jnews_social_counter_last_update":["1777589100"]},"categories":[19,23],"tags":[30271,943,1402,20264,1025,57618,140,1039],"yoast_head":"<!-- This site is optimized with the Yoast SEO Premium plugin v22.7 (Yoast SEO v22.7) - https:\/\/yoast.com\/wordpress\/plugins\/seo\/ -->\n<title>Berlin und Washington f\u00fchren Kiew gemeinsam aufs Schafott - just-now.NEWS Deutschland<\/title>\n<meta name=\"robots\" content=\"index, follow, max-snippet:-1, max-image-preview:large, max-video-preview:-1\" \/>\n<link rel=\"canonical\" href=\"https:\/\/now-news.de\/de\/deutschland\/berlin-und-washington-fuehren-kiew-gemeinsam-aufs-schafott\/\" \/>\n<meta property=\"og:locale\" content=\"de_DE\" \/>\n<meta property=\"og:type\" content=\"article\" \/>\n<meta property=\"og:title\" content=\"Berlin und Washington f\u00fchren Kiew gemeinsam aufs Schafott\" \/>\n<meta property=\"og:description\" content=\"Die offizielle Version der Sprengung der Nord-Stream-Gaspipelines, die erst die deutschen Ermittler und dann das US-amerikanische &#8220;Wall Street Journal&#8221; der Welt\u00f6ffentlichkeit pr\u00e4sentiert haben, mutet wie ein schlechter Hollywood-Thriller an. Warum bringen Berlin und Washington nun aber ihre Kiewer Marionetten in die Bredouille? Von Wiktoria Nikiforowa &#8220;Ich war&#8217;s nicht&#8221;, &#8220;Das waren die Russen&#8221;\u201a &#8220;Ich habe nichts [&hellip;]\" \/>\n<meta property=\"og:url\" content=\"https:\/\/now-news.de\/de\/deutschland\/berlin-und-washington-fuehren-kiew-gemeinsam-aufs-schafott\/\" \/>\n<meta property=\"og:site_name\" content=\"just-now.NEWS Deutschland\" \/>\n<meta property=\"article:publisher\" content=\"https:\/\/www.facebook.com\/wirmachenauf\" \/>\n<meta property=\"article:published_time\" content=\"2024-08-17T06:57:15+00:00\" \/>\n<meta property=\"og:image\" content=\"https:\/\/now-news.de\/de\/wp-content\/uploads\/sites\/3\/2024\/08\/66bf7c72b480cc4ed613a5c8.PNG\" \/>\n<meta name=\"author\" content=\"rtnews\" \/>\n<meta name=\"twitter:card\" content=\"summary_large_image\" \/>\n<meta name=\"twitter:creator\" content=\"@WirMachenAuf_de\" \/>\n<meta name=\"twitter:site\" content=\"@WirMachenAuf_de\" \/>\n<meta name=\"twitter:label1\" content=\"Verfasst von\" \/>\n\t<meta name=\"twitter:data1\" content=\"rtnews\" \/>\n\t<meta name=\"twitter:label2\" content=\"Gesch\u00e4tzte Lesezeit\" \/>\n\t<meta name=\"twitter:data2\" content=\"6\u00a0Minuten\" \/>\n<script type=\"application\/ld+json\" class=\"yoast-schema-graph\">{\"@context\":\"https:\/\/schema.org\",\"@graph\":[{\"@type\":\"Article\",\"@id\":\"https:\/\/now-news.de\/de\/deutschland\/berlin-und-washington-fuehren-kiew-gemeinsam-aufs-schafott\/#article\",\"isPartOf\":{\"@id\":\"https:\/\/now-news.de\/de\/deutschland\/berlin-und-washington-fuehren-kiew-gemeinsam-aufs-schafott\/\"},\"author\":{\"name\":\"rtnews\",\"@id\":\"https:\/\/now-news.de\/de\/#\/schema\/person\/fb534a4e865501d8b3285208df34a9b5\"},\"headline\":\"Berlin und Washington f\u00fchren Kiew gemeinsam aufs Schafott\",\"datePublished\":\"2024-08-17T06:57:15+00:00\",\"dateModified\":\"2024-08-17T06:57:15+00:00\",\"mainEntityOfPage\":{\"@id\":\"https:\/\/now-news.de\/de\/deutschland\/berlin-und-washington-fuehren-kiew-gemeinsam-aufs-schafott\/\"},\"wordCount\":1139,\"commentCount\":0,\"publisher\":{\"@id\":\"https:\/\/now-news.de\/de\/#organization\"},\"image\":{\"@id\":\"https:\/\/now-news.de\/de\/deutschland\/berlin-und-washington-fuehren-kiew-gemeinsam-aufs-schafott\/#primaryimage\"},\"thumbnailUrl\":\"https:\/\/now-news.de\/de\/wp-content\/uploads\/sites\/3\/2024\/08\/Berlin-und-Washington-fuehren-Kiew-gemeinsam-aufs-Schafott.PNG\",\"keywords\":[\"aufs\",\"Berlin\",\"f\u00fchren\",\"gemeinsam\",\"Kiew\",\"Schafott\",\"und\",\"Washington\"],\"articleSection\":[\"Deutschland\",\"Russland\"],\"inLanguage\":\"de\",\"potentialAction\":[{\"@type\":\"CommentAction\",\"name\":\"Comment\",\"target\":[\"https:\/\/now-news.de\/de\/deutschland\/berlin-und-washington-fuehren-kiew-gemeinsam-aufs-schafott\/#respond\"]}]},{\"@type\":\"WebPage\",\"@id\":\"https:\/\/now-news.de\/de\/deutschland\/berlin-und-washington-fuehren-kiew-gemeinsam-aufs-schafott\/\",\"url\":\"https:\/\/now-news.de\/de\/deutschland\/berlin-und-washington-fuehren-kiew-gemeinsam-aufs-schafott\/\",\"name\":\"Berlin und Washington f\u00fchren Kiew gemeinsam aufs Schafott - just-now.NEWS Deutschland\",\"isPartOf\":{\"@id\":\"https:\/\/now-news.de\/de\/#website\"},\"primaryImageOfPage\":{\"@id\":\"https:\/\/now-news.de\/de\/deutschland\/berlin-und-washington-fuehren-kiew-gemeinsam-aufs-schafott\/#primaryimage\"},\"image\":{\"@id\":\"https:\/\/now-news.de\/de\/deutschland\/berlin-und-washington-fuehren-kiew-gemeinsam-aufs-schafott\/#primaryimage\"},\"thumbnailUrl\":\"https:\/\/now-news.de\/de\/wp-content\/uploads\/sites\/3\/2024\/08\/Berlin-und-Washington-fuehren-Kiew-gemeinsam-aufs-Schafott.PNG\",\"datePublished\":\"2024-08-17T06:57:15+00:00\",\"dateModified\":\"2024-08-17T06:57:15+00:00\",\"breadcrumb\":{\"@id\":\"https:\/\/now-news.de\/de\/deutschland\/berlin-und-washington-fuehren-kiew-gemeinsam-aufs-schafott\/#breadcrumb\"},\"inLanguage\":\"de\",\"potentialAction\":[{\"@type\":\"ReadAction\",\"target\":[\"https:\/\/now-news.de\/de\/deutschland\/berlin-und-washington-fuehren-kiew-gemeinsam-aufs-schafott\/\"]}]},{\"@type\":\"ImageObject\",\"inLanguage\":\"de\",\"@id\":\"https:\/\/now-news.de\/de\/deutschland\/berlin-und-washington-fuehren-kiew-gemeinsam-aufs-schafott\/#primaryimage\",\"url\":\"https:\/\/now-news.de\/de\/wp-content\/uploads\/sites\/3\/2024\/08\/Berlin-und-Washington-fuehren-Kiew-gemeinsam-aufs-Schafott.PNG\",\"contentUrl\":\"https:\/\/now-news.de\/de\/wp-content\/uploads\/sites\/3\/2024\/08\/Berlin-und-Washington-fuehren-Kiew-gemeinsam-aufs-Schafott.PNG\",\"width\":460,\"height\":259,\"caption\":\"Berlin und Washington f\u00fchren Kiew gemeinsam aufs Schafott\"},{\"@type\":\"BreadcrumbList\",\"@id\":\"https:\/\/now-news.de\/de\/deutschland\/berlin-und-washington-fuehren-kiew-gemeinsam-aufs-schafott\/#breadcrumb\",\"itemListElement\":[{\"@type\":\"ListItem\",\"position\":1,\"name\":\"Home\",\"item\":\"https:\/\/now-news.de\/de\/\"},{\"@type\":\"ListItem\",\"position\":2,\"name\":\"Berlin und Washington f\u00fchren Kiew gemeinsam aufs Schafott\"}]},{\"@type\":\"WebSite\",\"@id\":\"https:\/\/now-news.de\/de\/#website\",\"url\":\"https:\/\/now-news.de\/de\/\",\"name\":\"just-now.NEWS Deutschland\",\"description\":\"Das Portal f\u00fcr unzensierte Nachrichten aus der Welt\",\"publisher\":{\"@id\":\"https:\/\/now-news.de\/de\/#organization\"},\"potentialAction\":[{\"@type\":\"SearchAction\",\"target\":{\"@type\":\"EntryPoint\",\"urlTemplate\":\"https:\/\/now-news.de\/de\/?s={search_term_string}\"},\"query-input\":\"required name=search_term_string\"}],\"inLanguage\":\"de\"},{\"@type\":\"Organization\",\"@id\":\"https:\/\/now-news.de\/de\/#organization\",\"name\":\"Just Now News\",\"url\":\"https:\/\/now-news.de\/de\/\",\"logo\":{\"@type\":\"ImageObject\",\"inLanguage\":\"de\",\"@id\":\"https:\/\/now-news.de\/de\/#\/schema\/logo\/image\/\",\"url\":\"http:\/\/just-now.news\/de\/wp-content\/uploads\/sites\/3\/2022\/04\/logo500x500.jpg\",\"contentUrl\":\"http:\/\/just-now.news\/de\/wp-content\/uploads\/sites\/3\/2022\/04\/logo500x500.jpg\",\"width\":500,\"height\":500,\"caption\":\"Just Now News\"},\"image\":{\"@id\":\"https:\/\/now-news.de\/de\/#\/schema\/logo\/image\/\"},\"sameAs\":[\"https:\/\/www.facebook.com\/wirmachenauf\",\"https:\/\/x.com\/WirMachenAuf_de\"]},{\"@type\":\"Person\",\"@id\":\"https:\/\/now-news.de\/de\/#\/schema\/person\/fb534a4e865501d8b3285208df34a9b5\",\"name\":\"rtnews\",\"image\":{\"@type\":\"ImageObject\",\"inLanguage\":\"de\",\"@id\":\"https:\/\/now-news.de\/de\/#\/schema\/person\/image\/\",\"url\":\"https:\/\/secure.gravatar.com\/avatar\/82aafea7d8127119dd649515f56e2117?s=96&d=mm&r=g\",\"contentUrl\":\"https:\/\/secure.gravatar.com\/avatar\/82aafea7d8127119dd649515f56e2117?s=96&d=mm&r=g\",\"caption\":\"rtnews\"},\"url\":\"https:\/\/now-news.de\/de\/author\/rnews\/\"}]}<\/script>\n<!-- \/ Yoast SEO Premium plugin. -->","yoast_head_json":{"title":"Berlin und Washington f\u00fchren Kiew gemeinsam aufs Schafott - just-now.NEWS Deutschland","robots":{"index":"index","follow":"follow","max-snippet":"max-snippet:-1","max-image-preview":"max-image-preview:large","max-video-preview":"max-video-preview:-1"},"canonical":"https:\/\/now-news.de\/de\/deutschland\/berlin-und-washington-fuehren-kiew-gemeinsam-aufs-schafott\/","og_locale":"de_DE","og_type":"article","og_title":"Berlin und Washington f\u00fchren Kiew gemeinsam aufs Schafott","og_description":"Die offizielle Version der Sprengung der Nord-Stream-Gaspipelines, die erst die deutschen Ermittler und dann das US-amerikanische &#8220;Wall Street Journal&#8221; der Welt\u00f6ffentlichkeit pr\u00e4sentiert haben, mutet wie ein schlechter Hollywood-Thriller an. Warum bringen Berlin und Washington nun aber ihre Kiewer Marionetten in die Bredouille? Von Wiktoria Nikiforowa &#8220;Ich war&#8217;s nicht&#8221;, &#8220;Das waren die Russen&#8221;\u201a &#8220;Ich habe nichts [&hellip;]","og_url":"https:\/\/now-news.de\/de\/deutschland\/berlin-und-washington-fuehren-kiew-gemeinsam-aufs-schafott\/","og_site_name":"just-now.NEWS Deutschland","article_publisher":"https:\/\/www.facebook.com\/wirmachenauf","article_published_time":"2024-08-17T06:57:15+00:00","og_image":[{"url":"https:\/\/now-news.de\/de\/wp-content\/uploads\/sites\/3\/2024\/08\/66bf7c72b480cc4ed613a5c8.PNG"}],"author":"rtnews","twitter_card":"summary_large_image","twitter_creator":"@WirMachenAuf_de","twitter_site":"@WirMachenAuf_de","twitter_misc":{"Verfasst von":"rtnews","Gesch\u00e4tzte Lesezeit":"6\u00a0Minuten"},"schema":{"@context":"https:\/\/schema.org","@graph":[{"@type":"Article","@id":"https:\/\/now-news.de\/de\/deutschland\/berlin-und-washington-fuehren-kiew-gemeinsam-aufs-schafott\/#article","isPartOf":{"@id":"https:\/\/now-news.de\/de\/deutschland\/berlin-und-washington-fuehren-kiew-gemeinsam-aufs-schafott\/"},"author":{"name":"rtnews","@id":"https:\/\/now-news.de\/de\/#\/schema\/person\/fb534a4e865501d8b3285208df34a9b5"},"headline":"Berlin und Washington f\u00fchren Kiew gemeinsam aufs Schafott","datePublished":"2024-08-17T06:57:15+00:00","dateModified":"2024-08-17T06:57:15+00:00","mainEntityOfPage":{"@id":"https:\/\/now-news.de\/de\/deutschland\/berlin-und-washington-fuehren-kiew-gemeinsam-aufs-schafott\/"},"wordCount":1139,"commentCount":0,"publisher":{"@id":"https:\/\/now-news.de\/de\/#organization"},"image":{"@id":"https:\/\/now-news.de\/de\/deutschland\/berlin-und-washington-fuehren-kiew-gemeinsam-aufs-schafott\/#primaryimage"},"thumbnailUrl":"https:\/\/now-news.de\/de\/wp-content\/uploads\/sites\/3\/2024\/08\/Berlin-und-Washington-fuehren-Kiew-gemeinsam-aufs-Schafott.PNG","keywords":["aufs","Berlin","f\u00fchren","gemeinsam","Kiew","Schafott","und","Washington"],"articleSection":["Deutschland","Russland"],"inLanguage":"de","potentialAction":[{"@type":"CommentAction","name":"Comment","target":["https:\/\/now-news.de\/de\/deutschland\/berlin-und-washington-fuehren-kiew-gemeinsam-aufs-schafott\/#respond"]}]},{"@type":"WebPage","@id":"https:\/\/now-news.de\/de\/deutschland\/berlin-und-washington-fuehren-kiew-gemeinsam-aufs-schafott\/","url":"https:\/\/now-news.de\/de\/deutschland\/berlin-und-washington-fuehren-kiew-gemeinsam-aufs-schafott\/","name":"Berlin und Washington f\u00fchren Kiew gemeinsam aufs Schafott - just-now.NEWS Deutschland","isPartOf":{"@id":"https:\/\/now-news.de\/de\/#website"},"primaryImageOfPage":{"@id":"https:\/\/now-news.de\/de\/deutschland\/berlin-und-washington-fuehren-kiew-gemeinsam-aufs-schafott\/#primaryimage"},"image":{"@id":"https:\/\/now-news.de\/de\/deutschland\/berlin-und-washington-fuehren-kiew-gemeinsam-aufs-schafott\/#primaryimage"},"thumbnailUrl":"https:\/\/now-news.de\/de\/wp-content\/uploads\/sites\/3\/2024\/08\/Berlin-und-Washington-fuehren-Kiew-gemeinsam-aufs-Schafott.PNG","datePublished":"2024-08-17T06:57:15+00:00","dateModified":"2024-08-17T06:57:15+00:00","breadcrumb":{"@id":"https:\/\/now-news.de\/de\/deutschland\/berlin-und-washington-fuehren-kiew-gemeinsam-aufs-schafott\/#breadcrumb"},"inLanguage":"de","potentialAction":[{"@type":"ReadAction","target":["https:\/\/now-news.de\/de\/deutschland\/berlin-und-washington-fuehren-kiew-gemeinsam-aufs-schafott\/"]}]},{"@type":"ImageObject","inLanguage":"de","@id":"https:\/\/now-news.de\/de\/deutschland\/berlin-und-washington-fuehren-kiew-gemeinsam-aufs-schafott\/#primaryimage","url":"https:\/\/now-news.de\/de\/wp-content\/uploads\/sites\/3\/2024\/08\/Berlin-und-Washington-fuehren-Kiew-gemeinsam-aufs-Schafott.PNG","contentUrl":"https:\/\/now-news.de\/de\/wp-content\/uploads\/sites\/3\/2024\/08\/Berlin-und-Washington-fuehren-Kiew-gemeinsam-aufs-Schafott.PNG","width":460,"height":259,"caption":"Berlin und Washington f\u00fchren Kiew gemeinsam aufs Schafott"},{"@type":"BreadcrumbList","@id":"https:\/\/now-news.de\/de\/deutschland\/berlin-und-washington-fuehren-kiew-gemeinsam-aufs-schafott\/#breadcrumb","itemListElement":[{"@type":"ListItem","position":1,"name":"Home","item":"https:\/\/now-news.de\/de\/"},{"@type":"ListItem","position":2,"name":"Berlin und Washington f\u00fchren Kiew gemeinsam aufs Schafott"}]},{"@type":"WebSite","@id":"https:\/\/now-news.de\/de\/#website","url":"https:\/\/now-news.de\/de\/","name":"just-now.NEWS Deutschland","description":"Das Portal f\u00fcr unzensierte Nachrichten aus der Welt","publisher":{"@id":"https:\/\/now-news.de\/de\/#organization"},"potentialAction":[{"@type":"SearchAction","target":{"@type":"EntryPoint","urlTemplate":"https:\/\/now-news.de\/de\/?s={search_term_string}"},"query-input":"required name=search_term_string"}],"inLanguage":"de"},{"@type":"Organization","@id":"https:\/\/now-news.de\/de\/#organization","name":"Just Now News","url":"https:\/\/now-news.de\/de\/","logo":{"@type":"ImageObject","inLanguage":"de","@id":"https:\/\/now-news.de\/de\/#\/schema\/logo\/image\/","url":"http:\/\/just-now.news\/de\/wp-content\/uploads\/sites\/3\/2022\/04\/logo500x500.jpg","contentUrl":"http:\/\/just-now.news\/de\/wp-content\/uploads\/sites\/3\/2022\/04\/logo500x500.jpg","width":500,"height":500,"caption":"Just Now News"},"image":{"@id":"https:\/\/now-news.de\/de\/#\/schema\/logo\/image\/"},"sameAs":["https:\/\/www.facebook.com\/wirmachenauf","https:\/\/x.com\/WirMachenAuf_de"]},{"@type":"Person","@id":"https:\/\/now-news.de\/de\/#\/schema\/person\/fb534a4e865501d8b3285208df34a9b5","name":"rtnews","image":{"@type":"ImageObject","inLanguage":"de","@id":"https:\/\/now-news.de\/de\/#\/schema\/person\/image\/","url":"https:\/\/secure.gravatar.com\/avatar\/82aafea7d8127119dd649515f56e2117?s=96&d=mm&r=g","contentUrl":"https:\/\/secure.gravatar.com\/avatar\/82aafea7d8127119dd649515f56e2117?s=96&d=mm&r=g","caption":"rtnews"},"url":"https:\/\/now-news.de\/de\/author\/rnews\/"}]}},"_links":{"self":[{"href":"https:\/\/now-news.de\/de\/wp-json\/wp\/v2\/posts\/66890"}],"collection":[{"href":"https:\/\/now-news.de\/de\/wp-json\/wp\/v2\/posts"}],"about":[{"href":"https:\/\/now-news.de\/de\/wp-json\/wp\/v2\/types\/post"}],"author":[{"embeddable":true,"href":"https:\/\/now-news.de\/de\/wp-json\/wp\/v2\/users\/3"}],"replies":[{"embeddable":true,"href":"https:\/\/now-news.de\/de\/wp-json\/wp\/v2\/comments?post=66890"}],"version-history":[{"count":0,"href":"https:\/\/now-news.de\/de\/wp-json\/wp\/v2\/posts\/66890\/revisions"}],"wp:featuredmedia":[{"embeddable":true,"href":"https:\/\/now-news.de\/de\/wp-json\/wp\/v2\/media\/66891"}],"wp:attachment":[{"href":"https:\/\/now-news.de\/de\/wp-json\/wp\/v2\/media?parent=66890"}],"wp:term":[{"taxonomy":"category","embeddable":true,"href":"https:\/\/now-news.de\/de\/wp-json\/wp\/v2\/categories?post=66890"},{"taxonomy":"post_tag","embeddable":true,"href":"https:\/\/now-news.de\/de\/wp-json\/wp\/v2\/tags?post=66890"}],"curies":[{"name":"wp","href":"https:\/\/api.w.org\/{rel}","templated":true}]}}