{"id":66858,"date":"2024-08-16T15:44:20","date_gmt":"2024-08-16T13:44:20","guid":{"rendered":"https:\/\/now-news.de\/de\/deutschland\/wir-sterben-wunderschoen-in-den-schuetzengraeben-polnische-offiziere-zu-moeglichem-krieg-mit-russland\/"},"modified":"2024-08-16T15:44:20","modified_gmt":"2024-08-16T13:44:20","slug":"wir-sterben-wunderschoen-in-den-schuetzengraeben-polnische-offiziere-zu-moeglichem-krieg-mit-russland","status":"publish","type":"post","link":"https:\/\/now-news.de\/de\/deutschland\/wir-sterben-wunderschoen-in-den-schuetzengraeben-polnische-offiziere-zu-moeglichem-krieg-mit-russland\/","title":{"rendered":"&quot;Wir sterben wundersch\u00f6n in den Sch\u00fctzengr\u00e4ben&quot;\u2013 Polnische Offiziere zu m\u00f6glichem Krieg mit Russland"},"content":{"rendered":"<p><img decoding=\"async\" src=\"https:\/\/now-news.de\/de\/wp-content\/uploads\/sites\/3\/2024\/08\/66bf58cab480cc50aa5f1198.jpg\" \/><\/p>\n<div class=\"Text-root Text-type_1 \">\n                NATO-Vertreter warnen vor einem drohenden Krieg mit Russland. Obwohl Polen die R\u00fcstungsausgaben in den letzten Jahren deutlich gesteigert hat, befindet sich die Armee in einem &#8220;inakzeptablen&#8221; Zustand. Das ist zumindest die Auffassung polnischer Offiziere, die mit den beiden vorherigen Verteidigungsministern des Landes abrechnen.\n            <\/div>\n<p><\/p>\n<div class=\"Text-root Text-type_5 ArticleView-text ViewText-root \">\n<p>Die polnischen Streitkr\u00e4fte befinden sich im Niedergang und werden im Falle eines Konflikts mit Russland in den Sch\u00fctzengr\u00e4ben sterben. Das sagten polnische Offiziere in einem neuen Buch &#8220;Armee in Tr\u00fcmmern&#8221; (&#8220;<a rel=\"nofollow noopener\" target=\"_blank\" href=\"https:\/\/www.empik.com\/armia-w-ruinie-zemla-edyta,p1493249282,ksiazka-p\">Armia w ruinie<\/a>&#8220;), das in Ausz\u00fcgen vom Informationsportal <em>Onet.pl<\/em>\u00a0<a rel=\"nofollow noopener\" target=\"_blank\" href=\"https:\/\/www.onet.pl\/informacje\/onetwiadomosci\/zolnierze-mowia-wprost-co-by-sie-stalo-gdyby-doszlo-do-wojny-fragment-ksiazki\/dz48rn7,79cfc278\">ver\u00f6ffentlicht<\/a> wurde.<\/p>\n<p>&#8220;Was w\u00fcrde passieren, wenn die Russen zu uns k\u00e4men? Was soll ich antworten? Wir sterben sch\u00f6n in den Sch\u00fctzengr\u00e4ben, weil die Munition nicht ankommt und wir sie nicht selbst herstellen&#8221;, sagte einer der Offiziere gegen\u00fcber Edyta \u017bem\u0142a,\u00a0der Autorin der Sammlung.<\/p>\n<p>Der Milit\u00e4r wies auch darauf hin, dass Politiker der Partei Recht und Gerechtigkeit (PiS), die bis Ende letzten Jahres in Polen regierte, die \u00d6ffentlichkeit get\u00e4uscht h\u00e4tten, indem sie die Menschen davon \u00fcberzeugt h\u00e4tten, dass sie eine dreihunderttausend Mann starke Armee schaffen w\u00fcrden. &#8220;Wenn neue Strukturen geschaffen wurden, dann war das Kannibalismus. [Gemeint ist das Ausschlachten bestehender Einheiten, Anm. d. Red.] Daf\u00fcr sollten sowohl die Politiker als auch die Milit\u00e4rs vor ein staatliches Tribunal gestellt werden. Denn die Einheiten, die \u00fcber Kampff\u00e4higkeiten verf\u00fcgten, haben diese heute nicht mehr&#8221;, sagte der Soldat.<\/p>\n<p>Ein erfahrener Offizier und Dozent an einer Milit\u00e4rakademie beschreibt den derzeitigen Zustand der polnischen Armee als &#8220;inakzeptabel&#8221; f\u00fcr die aktuelle geopolitische Lage. &#8220;Angesichts der modernen Bedrohungen und Herausforderungen, denen sie ausgesetzt ist, ist ihr Zustand inakzeptabel. Die Armee als milit\u00e4rische Komponente ist nicht in der Lage, die Bestimmungen der Verfassung umzusetzen, was bedeutet, dass sie nicht in der Lage ist, die Grenzen des Staates wirksam zu sch\u00fctzen&#8221;, so der Offizier.<\/p>\n<p>&#8220;Dieser Zusammenbruch hat nicht vor acht Jahren begonnen. Wir beobachten ihn schon seit 20 Jahren. Nach dem NATO-Beitritt begannen die Politiker, die \u00d6ffentlichkeit in die Irre zu f\u00fchren. Sie sagten, wir br\u00e4uchten die Streitkr\u00e4fte nicht weiterzuentwickeln. Ich erinnere Sie daran, dass wir zum Zeitpunkt des NATO-Beitritts 198.000 Mann z\u00e4hlten, und es gab auch eine Wehrpflicht. Das Potenzial, die F\u00e4higkeiten und die Ressourcen, einschlie\u00dflich der Reserven, waren viel, viel h\u00f6her als heute&#8221;, hei\u00dft es in dem Buch.<\/p>\n<p>&#8220;Die wichtigste Ressource einer jeden Armee, die wir oft vergessen, wenn wir \u00fcber Vertr\u00e4ge, Ausr\u00fcstung und Modernisierung sprechen, sind die menschlichen Ressourcen. Einfach ausgedr\u00fcckt, es sind Soldaten, die nicht existieren&#8221;, so der Offizier.<\/p>\n<p>In einem am Donnerstag ver\u00f6ffentlichten <a rel=\"nofollow noopener\" target=\"_blank\" href=\"https:\/\/krytykapolityczna.pl\/kraj\/armia-w-ruinie-pikniki-dozynki-i-kursy-zbierania-wisni-rozmowa\/\">Interview<\/a> macht die Herausgeberin des Buches vor allem\u00a0Antoni Macierewicz und\u00a0Mariusz B\u0142aszczak f\u00fcr die aktuelle Misere verantwortlich.\u00a0Macierewicz war Verteidigungsminister von\u00a02015 bis Anfang 2018,\u00a0B\u0142aszczak sein Nachfolger bis Ende 2023.\u00a0<\/p>\n<p><strong><\/strong>&#8220;Einer meiner Gespr\u00e4chspartner nannte die Zeit von Antoni Macierewicz im Verteidigungsministerium &#8216;Zeiten des Wahnsinns&#8217;.\u00a0Der Minister konnte auf einen Beamten zugehen und ihm zu seiner gro\u00dfartigen Arbeit gratulieren, ihm ein Kompliment machen \u2013 (&#8230;)\u00a0und schon wurde derselbe Beamte, den er eine halbe Stunde zuvor gelobt hatte, aus dem Dienst entlassen,&#8221;\u00a0f\u00fchrt Edyta \u017bem\u0142a dazu aus.\u00a0<\/p>\n<p>Auch folgende Aussage \u00fcber den ehemaligen Verteidigungsminister f\u00e4llt wenig schmeichelhaft aus:<\/p>\n<p><em>&#8220;Ich habe den Eindruck, dass niemand es genau deuten konnte, es war eine Zeit der Ersch\u00fctterungen in der Armee. Niemand war sicher, was als N\u00e4chstes passieren w\u00fcrde \u2013 ob Antoni (Macierewicz) gegen die Russen vorgehen w\u00fcrde, weil er so eine Laune hatte, oder ob er den Palast der Kultur und Wissenschaft in Warschau bombardieren w\u00fcrde.&#8221;<\/em><\/p>\n<p>Auch an B\u0142aszczak lie\u00dfen die Offiziere kein gutes Haar. &#8220;Er betrachtete die Armee als Propagandamaschine, als B\u00fchne, vor der er sich den W\u00e4hlern pr\u00e4sentieren konnte&#8221;, so \u017bem\u0142a. Dazu f\u00fchrt\u00a0sie beispielhaft aus:\u00a0<\/p>\n<p>&#8220;Bei Picknicks, bei Paraden, bei Erntedankfesten, auf Jahrm\u00e4rkten. Ihn interessierte, ob er auf einem Foto mit der Ausr\u00fcstung im Hintergrund gut aussehen w\u00fcrde (\u2026). Die tats\u00e4chliche St\u00e4rke der Armee und der Stand der Aufgabenvorbereitung interessierten ihn jedoch \u00fcberhaupt nicht. Es gab Situationen, in denen der Zeitplan f\u00fcr politische Picknicks zu einer Neuordnung des Trainingsplans f\u00fchrte \u2013 schweres Ger\u00e4t, darunter Panzer und Rosomaks, wurde zusammen mit Soldaten von Einheiten und Trainingsgel\u00e4nden entfernt, um an einem daf\u00fcr vorgesehenen Ort als Dekoration ausgestellt zu werden.&#8221;<\/p>\n<p>Vor dem Hintergrund der angeblichen Gefahr eines russischen Angriffs auf NATO-Staaten hat Warschau seinen R\u00fcstungsetat in den letzten Jahren kontinuierlich nach oben gefahren.\u00a0&#8220;Wir sind die Nummer eins in der NATO&#8221;,\u00a0<a rel=\"nofollow noopener\" target=\"_blank\" href=\"https:\/\/freedert.online\/europa\/212225-polens-aussenminister-im-naechsten-jahr\/\">erkl\u00e4rte<\/a>\u00a0j\u00fcngst der polnische Au\u00dfenminister Rados\u0142aw Sikorski\u00a0und bezog sich damit auf die R\u00fcstungsausgaben im Verh\u00e4ltnis zum Bruttoinlandsprodukt (BIP).<\/p>\n<p><em>&#8220;Polen gibt vier Prozent [des BIP] aus, und im n\u00e4chsten Jahr werden es f\u00fcnf Prozent sein.&#8221;<\/em><\/p>\n<p>Damit l\u00e4ge der Anteil sogar h\u00f6her als in den Vereinigten Staaten.<\/p>\n<p><strong>Mehr zum Thema<\/strong> &#8211; <a rel=\"nofollow noopener\" target=\"_blank\" href=\"https:\/\/freedert.online\/europa\/213958-polens-aussenminister-frieden-kann-mit\/\">Polens Au\u00dfenminister: Frieden kann mit Russland nicht vermittelt werden<\/a><\/p>\n<div class=\"EmbedBlock-root EmbedBlock-externalVideo EmbedBlock-rumble\">\n<div class=\"VkEmbed\"><iframe class=\"lazyload\" data-src=\"https:\/\/rumble.com\/embed\/v58olf9\" frameborder=\"0\" width=\"853\" height=\"480\" allowfullscreen><\/iframe><\/div>\n<\/div>\n<\/div>\n<p><br \/>\n<br \/><a href=\"https:\/\/de.rt.com\/europa\/215843-wir-sterben-wunderschoen-in-schuetzengraeben\/\">Source link <\/a><\/p>\n","protected":false},"excerpt":{"rendered":"<p>NATO-Vertreter warnen vor einem drohenden Krieg mit Russland. Obwohl Polen die R\u00fcstungsausgaben in den letzten Jahren deutlich gesteigert hat, befindet sich die Armee in einem &#8220;inakzeptablen&#8221; Zustand. Das ist zumindest die Auffassung polnischer Offiziere, die mit den beiden vorherigen Verteidigungsministern des Landes abrechnen. Die polnischen Streitkr\u00e4fte befinden sich im Niedergang und werden im Falle eines [&hellip;]<\/p>\n","protected":false},"author":3,"featured_media":66859,"comment_status":"open","ping_status":"open","sticky":false,"template":"","format":"standard","meta":{"_yoast_indexnow_last_ping":["1723816229"],"wp_automatic_camp":["217"],"c01ffd01a66551f23ad4204649c5eb29":["&quot;Wir sterben wundersch\u00f6n in den Sch\u00fctzengr\u00e4ben&quot;\u2013 Polnische Offiziere zu m\u00f6glichem Krieg mit Russland"],"original_link":["https:\/\/de.rt.com\/europa\/215843-wir-sterben-wunderschoen-in-schuetzengraeben\/"],"_thumbnail_id":["66859"],"_wptgpro_p2tg_sent2tg":["a:1:{i:23737;s:19:\"2024-08-16 15:51:56\";}"],"jnews_social_counter_last_update":["1777358617"]},"categories":[19,23],"tags":[48,130,419,36816,21824,32076,5451,126,54407,6520,57604],"yoast_head":"<!-- This site is optimized with the Yoast SEO Premium plugin v22.7 (Yoast SEO v22.7) - https:\/\/yoast.com\/wordpress\/plugins\/seo\/ -->\n<title>&quot;Wir sterben wundersch\u00f6n in den Sch\u00fctzengr\u00e4ben&quot;\u2013 Polnische Offiziere zu m\u00f6glichem Krieg mit Russland - just-now.NEWS Deutschland<\/title>\n<meta name=\"robots\" content=\"index, follow, max-snippet:-1, max-image-preview:large, max-video-preview:-1\" \/>\n<link rel=\"canonical\" href=\"https:\/\/now-news.de\/de\/deutschland\/wir-sterben-wunderschoen-in-den-schuetzengraeben-polnische-offiziere-zu-moeglichem-krieg-mit-russland\/\" \/>\n<meta property=\"og:locale\" content=\"de_DE\" \/>\n<meta property=\"og:type\" content=\"article\" \/>\n<meta property=\"og:title\" content=\"&quot;Wir sterben wundersch\u00f6n in den Sch\u00fctzengr\u00e4ben&quot;\u2013 Polnische Offiziere zu m\u00f6glichem Krieg mit Russland\" \/>\n<meta property=\"og:description\" content=\"NATO-Vertreter warnen vor einem drohenden Krieg mit Russland. Obwohl Polen die R\u00fcstungsausgaben in den letzten Jahren deutlich gesteigert hat, befindet sich die Armee in einem &#8220;inakzeptablen&#8221; Zustand. Das ist zumindest die Auffassung polnischer Offiziere, die mit den beiden vorherigen Verteidigungsministern des Landes abrechnen. Die polnischen Streitkr\u00e4fte befinden sich im Niedergang und werden im Falle eines [&hellip;]\" \/>\n<meta property=\"og:url\" content=\"https:\/\/now-news.de\/de\/deutschland\/wir-sterben-wunderschoen-in-den-schuetzengraeben-polnische-offiziere-zu-moeglichem-krieg-mit-russland\/\" \/>\n<meta property=\"og:site_name\" content=\"just-now.NEWS Deutschland\" \/>\n<meta property=\"article:publisher\" content=\"https:\/\/www.facebook.com\/wirmachenauf\" \/>\n<meta property=\"article:published_time\" content=\"2024-08-16T13:44:20+00:00\" \/>\n<meta property=\"og:image\" content=\"https:\/\/now-news.de\/de\/wp-content\/uploads\/sites\/3\/2024\/08\/66bf58cab480cc50aa5f1198.jpg\" \/>\n<meta name=\"author\" content=\"rtnews\" \/>\n<meta name=\"twitter:card\" content=\"summary_large_image\" \/>\n<meta name=\"twitter:creator\" content=\"@WirMachenAuf_de\" \/>\n<meta name=\"twitter:site\" content=\"@WirMachenAuf_de\" \/>\n<meta name=\"twitter:label1\" content=\"Verfasst von\" \/>\n\t<meta name=\"twitter:data1\" content=\"rtnews\" \/>\n\t<meta name=\"twitter:label2\" content=\"Gesch\u00e4tzte Lesezeit\" \/>\n\t<meta name=\"twitter:data2\" content=\"4\u00a0Minuten\" \/>\n<script type=\"application\/ld+json\" class=\"yoast-schema-graph\">{\"@context\":\"https:\/\/schema.org\",\"@graph\":[{\"@type\":\"Article\",\"@id\":\"https:\/\/now-news.de\/de\/deutschland\/wir-sterben-wunderschoen-in-den-schuetzengraeben-polnische-offiziere-zu-moeglichem-krieg-mit-russland\/#article\",\"isPartOf\":{\"@id\":\"https:\/\/now-news.de\/de\/deutschland\/wir-sterben-wunderschoen-in-den-schuetzengraeben-polnische-offiziere-zu-moeglichem-krieg-mit-russland\/\"},\"author\":{\"name\":\"rtnews\",\"@id\":\"https:\/\/now-news.de\/de\/#\/schema\/person\/fb534a4e865501d8b3285208df34a9b5\"},\"headline\":\"&quot;Wir sterben wundersch\u00f6n in den Sch\u00fctzengr\u00e4ben&quot;\u2013 Polnische Offiziere zu m\u00f6glichem Krieg mit Russland\",\"datePublished\":\"2024-08-16T13:44:20+00:00\",\"dateModified\":\"2024-08-16T13:44:20+00:00\",\"mainEntityOfPage\":{\"@id\":\"https:\/\/now-news.de\/de\/deutschland\/wir-sterben-wunderschoen-in-den-schuetzengraeben-polnische-offiziere-zu-moeglichem-krieg-mit-russland\/\"},\"wordCount\":851,\"commentCount\":0,\"publisher\":{\"@id\":\"https:\/\/now-news.de\/de\/#organization\"},\"image\":{\"@id\":\"https:\/\/now-news.de\/de\/deutschland\/wir-sterben-wunderschoen-in-den-schuetzengraeben-polnische-offiziere-zu-moeglichem-krieg-mit-russland\/#primaryimage\"},\"thumbnailUrl\":\"https:\/\/now-news.de\/de\/wp-content\/uploads\/sites\/3\/2024\/08\/quotWir-sterben-wunderschoen-in-den-Schuetzengraebenquot\u2013-Polnische-Offiziere-zu-moeglichem.jpg\",\"keywords\":[\"den\",\"krieg\",\"mit\",\"m\u00f6glichem\",\"Offiziere\",\"Polnische\",\"quotWir\",\"russland\",\"Sch\u00fctzengr\u00e4benquot\",\"sterben\",\"wundersch\u00f6n\"],\"articleSection\":[\"Deutschland\",\"Russland\"],\"inLanguage\":\"de\",\"potentialAction\":[{\"@type\":\"CommentAction\",\"name\":\"Comment\",\"target\":[\"https:\/\/now-news.de\/de\/deutschland\/wir-sterben-wunderschoen-in-den-schuetzengraeben-polnische-offiziere-zu-moeglichem-krieg-mit-russland\/#respond\"]}]},{\"@type\":\"WebPage\",\"@id\":\"https:\/\/now-news.de\/de\/deutschland\/wir-sterben-wunderschoen-in-den-schuetzengraeben-polnische-offiziere-zu-moeglichem-krieg-mit-russland\/\",\"url\":\"https:\/\/now-news.de\/de\/deutschland\/wir-sterben-wunderschoen-in-den-schuetzengraeben-polnische-offiziere-zu-moeglichem-krieg-mit-russland\/\",\"name\":\"&quot;Wir sterben wundersch\u00f6n in den Sch\u00fctzengr\u00e4ben&quot;\u2013 Polnische Offiziere zu m\u00f6glichem Krieg mit Russland - just-now.NEWS Deutschland\",\"isPartOf\":{\"@id\":\"https:\/\/now-news.de\/de\/#website\"},\"primaryImageOfPage\":{\"@id\":\"https:\/\/now-news.de\/de\/deutschland\/wir-sterben-wunderschoen-in-den-schuetzengraeben-polnische-offiziere-zu-moeglichem-krieg-mit-russland\/#primaryimage\"},\"image\":{\"@id\":\"https:\/\/now-news.de\/de\/deutschland\/wir-sterben-wunderschoen-in-den-schuetzengraeben-polnische-offiziere-zu-moeglichem-krieg-mit-russland\/#primaryimage\"},\"thumbnailUrl\":\"https:\/\/now-news.de\/de\/wp-content\/uploads\/sites\/3\/2024\/08\/quotWir-sterben-wunderschoen-in-den-Schuetzengraebenquot\u2013-Polnische-Offiziere-zu-moeglichem.jpg\",\"datePublished\":\"2024-08-16T13:44:20+00:00\",\"dateModified\":\"2024-08-16T13:44:20+00:00\",\"breadcrumb\":{\"@id\":\"https:\/\/now-news.de\/de\/deutschland\/wir-sterben-wunderschoen-in-den-schuetzengraeben-polnische-offiziere-zu-moeglichem-krieg-mit-russland\/#breadcrumb\"},\"inLanguage\":\"de\",\"potentialAction\":[{\"@type\":\"ReadAction\",\"target\":[\"https:\/\/now-news.de\/de\/deutschland\/wir-sterben-wunderschoen-in-den-schuetzengraeben-polnische-offiziere-zu-moeglichem-krieg-mit-russland\/\"]}]},{\"@type\":\"ImageObject\",\"inLanguage\":\"de\",\"@id\":\"https:\/\/now-news.de\/de\/deutschland\/wir-sterben-wunderschoen-in-den-schuetzengraeben-polnische-offiziere-zu-moeglichem-krieg-mit-russland\/#primaryimage\",\"url\":\"https:\/\/now-news.de\/de\/wp-content\/uploads\/sites\/3\/2024\/08\/quotWir-sterben-wunderschoen-in-den-Schuetzengraebenquot\u2013-Polnische-Offiziere-zu-moeglichem.jpg\",\"contentUrl\":\"https:\/\/now-news.de\/de\/wp-content\/uploads\/sites\/3\/2024\/08\/quotWir-sterben-wunderschoen-in-den-Schuetzengraebenquot\u2013-Polnische-Offiziere-zu-moeglichem.jpg\",\"width\":460,\"height\":259,\"caption\":\"&quot;Wir sterben wundersch\u00f6n in den Sch\u00fctzengr\u00e4ben&quot;\u2013 Polnische Offiziere zu m\u00f6glichem Krieg mit Russland\"},{\"@type\":\"BreadcrumbList\",\"@id\":\"https:\/\/now-news.de\/de\/deutschland\/wir-sterben-wunderschoen-in-den-schuetzengraeben-polnische-offiziere-zu-moeglichem-krieg-mit-russland\/#breadcrumb\",\"itemListElement\":[{\"@type\":\"ListItem\",\"position\":1,\"name\":\"Home\",\"item\":\"https:\/\/now-news.de\/de\/\"},{\"@type\":\"ListItem\",\"position\":2,\"name\":\"&quot;Wir sterben wundersch\u00f6n in den Sch\u00fctzengr\u00e4ben&quot;\u2013 Polnische Offiziere zu m\u00f6glichem Krieg mit Russland\"}]},{\"@type\":\"WebSite\",\"@id\":\"https:\/\/now-news.de\/de\/#website\",\"url\":\"https:\/\/now-news.de\/de\/\",\"name\":\"just-now.NEWS Deutschland\",\"description\":\"Das Portal f\u00fcr unzensierte Nachrichten aus der Welt\",\"publisher\":{\"@id\":\"https:\/\/now-news.de\/de\/#organization\"},\"potentialAction\":[{\"@type\":\"SearchAction\",\"target\":{\"@type\":\"EntryPoint\",\"urlTemplate\":\"https:\/\/now-news.de\/de\/?s={search_term_string}\"},\"query-input\":\"required name=search_term_string\"}],\"inLanguage\":\"de\"},{\"@type\":\"Organization\",\"@id\":\"https:\/\/now-news.de\/de\/#organization\",\"name\":\"Just Now News\",\"url\":\"https:\/\/now-news.de\/de\/\",\"logo\":{\"@type\":\"ImageObject\",\"inLanguage\":\"de\",\"@id\":\"https:\/\/now-news.de\/de\/#\/schema\/logo\/image\/\",\"url\":\"http:\/\/just-now.news\/de\/wp-content\/uploads\/sites\/3\/2022\/04\/logo500x500.jpg\",\"contentUrl\":\"http:\/\/just-now.news\/de\/wp-content\/uploads\/sites\/3\/2022\/04\/logo500x500.jpg\",\"width\":500,\"height\":500,\"caption\":\"Just Now News\"},\"image\":{\"@id\":\"https:\/\/now-news.de\/de\/#\/schema\/logo\/image\/\"},\"sameAs\":[\"https:\/\/www.facebook.com\/wirmachenauf\",\"https:\/\/x.com\/WirMachenAuf_de\"]},{\"@type\":\"Person\",\"@id\":\"https:\/\/now-news.de\/de\/#\/schema\/person\/fb534a4e865501d8b3285208df34a9b5\",\"name\":\"rtnews\",\"image\":{\"@type\":\"ImageObject\",\"inLanguage\":\"de\",\"@id\":\"https:\/\/now-news.de\/de\/#\/schema\/person\/image\/\",\"url\":\"https:\/\/secure.gravatar.com\/avatar\/82aafea7d8127119dd649515f56e2117?s=96&d=mm&r=g\",\"contentUrl\":\"https:\/\/secure.gravatar.com\/avatar\/82aafea7d8127119dd649515f56e2117?s=96&d=mm&r=g\",\"caption\":\"rtnews\"},\"url\":\"https:\/\/now-news.de\/de\/author\/rnews\/\"}]}<\/script>\n<!-- \/ Yoast SEO Premium plugin. -->","yoast_head_json":{"title":"&quot;Wir sterben wundersch\u00f6n in den Sch\u00fctzengr\u00e4ben&quot;\u2013 Polnische Offiziere zu m\u00f6glichem Krieg mit Russland - just-now.NEWS Deutschland","robots":{"index":"index","follow":"follow","max-snippet":"max-snippet:-1","max-image-preview":"max-image-preview:large","max-video-preview":"max-video-preview:-1"},"canonical":"https:\/\/now-news.de\/de\/deutschland\/wir-sterben-wunderschoen-in-den-schuetzengraeben-polnische-offiziere-zu-moeglichem-krieg-mit-russland\/","og_locale":"de_DE","og_type":"article","og_title":"&quot;Wir sterben wundersch\u00f6n in den Sch\u00fctzengr\u00e4ben&quot;\u2013 Polnische Offiziere zu m\u00f6glichem Krieg mit Russland","og_description":"NATO-Vertreter warnen vor einem drohenden Krieg mit Russland. Obwohl Polen die R\u00fcstungsausgaben in den letzten Jahren deutlich gesteigert hat, befindet sich die Armee in einem &#8220;inakzeptablen&#8221; Zustand. Das ist zumindest die Auffassung polnischer Offiziere, die mit den beiden vorherigen Verteidigungsministern des Landes abrechnen. Die polnischen Streitkr\u00e4fte befinden sich im Niedergang und werden im Falle eines [&hellip;]","og_url":"https:\/\/now-news.de\/de\/deutschland\/wir-sterben-wunderschoen-in-den-schuetzengraeben-polnische-offiziere-zu-moeglichem-krieg-mit-russland\/","og_site_name":"just-now.NEWS Deutschland","article_publisher":"https:\/\/www.facebook.com\/wirmachenauf","article_published_time":"2024-08-16T13:44:20+00:00","og_image":[{"url":"https:\/\/now-news.de\/de\/wp-content\/uploads\/sites\/3\/2024\/08\/66bf58cab480cc50aa5f1198.jpg"}],"author":"rtnews","twitter_card":"summary_large_image","twitter_creator":"@WirMachenAuf_de","twitter_site":"@WirMachenAuf_de","twitter_misc":{"Verfasst von":"rtnews","Gesch\u00e4tzte Lesezeit":"4\u00a0Minuten"},"schema":{"@context":"https:\/\/schema.org","@graph":[{"@type":"Article","@id":"https:\/\/now-news.de\/de\/deutschland\/wir-sterben-wunderschoen-in-den-schuetzengraeben-polnische-offiziere-zu-moeglichem-krieg-mit-russland\/#article","isPartOf":{"@id":"https:\/\/now-news.de\/de\/deutschland\/wir-sterben-wunderschoen-in-den-schuetzengraeben-polnische-offiziere-zu-moeglichem-krieg-mit-russland\/"},"author":{"name":"rtnews","@id":"https:\/\/now-news.de\/de\/#\/schema\/person\/fb534a4e865501d8b3285208df34a9b5"},"headline":"&quot;Wir sterben wundersch\u00f6n in den Sch\u00fctzengr\u00e4ben&quot;\u2013 Polnische Offiziere zu m\u00f6glichem Krieg mit Russland","datePublished":"2024-08-16T13:44:20+00:00","dateModified":"2024-08-16T13:44:20+00:00","mainEntityOfPage":{"@id":"https:\/\/now-news.de\/de\/deutschland\/wir-sterben-wunderschoen-in-den-schuetzengraeben-polnische-offiziere-zu-moeglichem-krieg-mit-russland\/"},"wordCount":851,"commentCount":0,"publisher":{"@id":"https:\/\/now-news.de\/de\/#organization"},"image":{"@id":"https:\/\/now-news.de\/de\/deutschland\/wir-sterben-wunderschoen-in-den-schuetzengraeben-polnische-offiziere-zu-moeglichem-krieg-mit-russland\/#primaryimage"},"thumbnailUrl":"https:\/\/now-news.de\/de\/wp-content\/uploads\/sites\/3\/2024\/08\/quotWir-sterben-wunderschoen-in-den-Schuetzengraebenquot\u2013-Polnische-Offiziere-zu-moeglichem.jpg","keywords":["den","krieg","mit","m\u00f6glichem","Offiziere","Polnische","quotWir","russland","Sch\u00fctzengr\u00e4benquot","sterben","wundersch\u00f6n"],"articleSection":["Deutschland","Russland"],"inLanguage":"de","potentialAction":[{"@type":"CommentAction","name":"Comment","target":["https:\/\/now-news.de\/de\/deutschland\/wir-sterben-wunderschoen-in-den-schuetzengraeben-polnische-offiziere-zu-moeglichem-krieg-mit-russland\/#respond"]}]},{"@type":"WebPage","@id":"https:\/\/now-news.de\/de\/deutschland\/wir-sterben-wunderschoen-in-den-schuetzengraeben-polnische-offiziere-zu-moeglichem-krieg-mit-russland\/","url":"https:\/\/now-news.de\/de\/deutschland\/wir-sterben-wunderschoen-in-den-schuetzengraeben-polnische-offiziere-zu-moeglichem-krieg-mit-russland\/","name":"&quot;Wir sterben wundersch\u00f6n in den Sch\u00fctzengr\u00e4ben&quot;\u2013 Polnische Offiziere zu m\u00f6glichem Krieg mit Russland - just-now.NEWS Deutschland","isPartOf":{"@id":"https:\/\/now-news.de\/de\/#website"},"primaryImageOfPage":{"@id":"https:\/\/now-news.de\/de\/deutschland\/wir-sterben-wunderschoen-in-den-schuetzengraeben-polnische-offiziere-zu-moeglichem-krieg-mit-russland\/#primaryimage"},"image":{"@id":"https:\/\/now-news.de\/de\/deutschland\/wir-sterben-wunderschoen-in-den-schuetzengraeben-polnische-offiziere-zu-moeglichem-krieg-mit-russland\/#primaryimage"},"thumbnailUrl":"https:\/\/now-news.de\/de\/wp-content\/uploads\/sites\/3\/2024\/08\/quotWir-sterben-wunderschoen-in-den-Schuetzengraebenquot\u2013-Polnische-Offiziere-zu-moeglichem.jpg","datePublished":"2024-08-16T13:44:20+00:00","dateModified":"2024-08-16T13:44:20+00:00","breadcrumb":{"@id":"https:\/\/now-news.de\/de\/deutschland\/wir-sterben-wunderschoen-in-den-schuetzengraeben-polnische-offiziere-zu-moeglichem-krieg-mit-russland\/#breadcrumb"},"inLanguage":"de","potentialAction":[{"@type":"ReadAction","target":["https:\/\/now-news.de\/de\/deutschland\/wir-sterben-wunderschoen-in-den-schuetzengraeben-polnische-offiziere-zu-moeglichem-krieg-mit-russland\/"]}]},{"@type":"ImageObject","inLanguage":"de","@id":"https:\/\/now-news.de\/de\/deutschland\/wir-sterben-wunderschoen-in-den-schuetzengraeben-polnische-offiziere-zu-moeglichem-krieg-mit-russland\/#primaryimage","url":"https:\/\/now-news.de\/de\/wp-content\/uploads\/sites\/3\/2024\/08\/quotWir-sterben-wunderschoen-in-den-Schuetzengraebenquot\u2013-Polnische-Offiziere-zu-moeglichem.jpg","contentUrl":"https:\/\/now-news.de\/de\/wp-content\/uploads\/sites\/3\/2024\/08\/quotWir-sterben-wunderschoen-in-den-Schuetzengraebenquot\u2013-Polnische-Offiziere-zu-moeglichem.jpg","width":460,"height":259,"caption":"&quot;Wir sterben wundersch\u00f6n in den Sch\u00fctzengr\u00e4ben&quot;\u2013 Polnische Offiziere zu m\u00f6glichem Krieg mit Russland"},{"@type":"BreadcrumbList","@id":"https:\/\/now-news.de\/de\/deutschland\/wir-sterben-wunderschoen-in-den-schuetzengraeben-polnische-offiziere-zu-moeglichem-krieg-mit-russland\/#breadcrumb","itemListElement":[{"@type":"ListItem","position":1,"name":"Home","item":"https:\/\/now-news.de\/de\/"},{"@type":"ListItem","position":2,"name":"&quot;Wir sterben wundersch\u00f6n in den Sch\u00fctzengr\u00e4ben&quot;\u2013 Polnische Offiziere zu m\u00f6glichem Krieg mit Russland"}]},{"@type":"WebSite","@id":"https:\/\/now-news.de\/de\/#website","url":"https:\/\/now-news.de\/de\/","name":"just-now.NEWS Deutschland","description":"Das Portal f\u00fcr unzensierte Nachrichten aus der Welt","publisher":{"@id":"https:\/\/now-news.de\/de\/#organization"},"potentialAction":[{"@type":"SearchAction","target":{"@type":"EntryPoint","urlTemplate":"https:\/\/now-news.de\/de\/?s={search_term_string}"},"query-input":"required name=search_term_string"}],"inLanguage":"de"},{"@type":"Organization","@id":"https:\/\/now-news.de\/de\/#organization","name":"Just Now News","url":"https:\/\/now-news.de\/de\/","logo":{"@type":"ImageObject","inLanguage":"de","@id":"https:\/\/now-news.de\/de\/#\/schema\/logo\/image\/","url":"http:\/\/just-now.news\/de\/wp-content\/uploads\/sites\/3\/2022\/04\/logo500x500.jpg","contentUrl":"http:\/\/just-now.news\/de\/wp-content\/uploads\/sites\/3\/2022\/04\/logo500x500.jpg","width":500,"height":500,"caption":"Just Now News"},"image":{"@id":"https:\/\/now-news.de\/de\/#\/schema\/logo\/image\/"},"sameAs":["https:\/\/www.facebook.com\/wirmachenauf","https:\/\/x.com\/WirMachenAuf_de"]},{"@type":"Person","@id":"https:\/\/now-news.de\/de\/#\/schema\/person\/fb534a4e865501d8b3285208df34a9b5","name":"rtnews","image":{"@type":"ImageObject","inLanguage":"de","@id":"https:\/\/now-news.de\/de\/#\/schema\/person\/image\/","url":"https:\/\/secure.gravatar.com\/avatar\/82aafea7d8127119dd649515f56e2117?s=96&d=mm&r=g","contentUrl":"https:\/\/secure.gravatar.com\/avatar\/82aafea7d8127119dd649515f56e2117?s=96&d=mm&r=g","caption":"rtnews"},"url":"https:\/\/now-news.de\/de\/author\/rnews\/"}]}},"_links":{"self":[{"href":"https:\/\/now-news.de\/de\/wp-json\/wp\/v2\/posts\/66858"}],"collection":[{"href":"https:\/\/now-news.de\/de\/wp-json\/wp\/v2\/posts"}],"about":[{"href":"https:\/\/now-news.de\/de\/wp-json\/wp\/v2\/types\/post"}],"author":[{"embeddable":true,"href":"https:\/\/now-news.de\/de\/wp-json\/wp\/v2\/users\/3"}],"replies":[{"embeddable":true,"href":"https:\/\/now-news.de\/de\/wp-json\/wp\/v2\/comments?post=66858"}],"version-history":[{"count":0,"href":"https:\/\/now-news.de\/de\/wp-json\/wp\/v2\/posts\/66858\/revisions"}],"wp:featuredmedia":[{"embeddable":true,"href":"https:\/\/now-news.de\/de\/wp-json\/wp\/v2\/media\/66859"}],"wp:attachment":[{"href":"https:\/\/now-news.de\/de\/wp-json\/wp\/v2\/media?parent=66858"}],"wp:term":[{"taxonomy":"category","embeddable":true,"href":"https:\/\/now-news.de\/de\/wp-json\/wp\/v2\/categories?post=66858"},{"taxonomy":"post_tag","embeddable":true,"href":"https:\/\/now-news.de\/de\/wp-json\/wp\/v2\/tags?post=66858"}],"curies":[{"name":"wp","href":"https:\/\/api.w.org\/{rel}","templated":true}]}}