{"id":66856,"date":"2024-08-16T15:13:15","date_gmt":"2024-08-16T13:13:15","guid":{"rendered":"https:\/\/now-news.de\/de\/deutschland\/weissrussland-verstaerkt-grenze-zu-ukraine-2\/"},"modified":"2024-08-16T15:13:15","modified_gmt":"2024-08-16T13:13:15","slug":"weissrussland-verstaerkt-grenze-zu-ukraine-2","status":"publish","type":"post","link":"https:\/\/now-news.de\/de\/deutschland\/weissrussland-verstaerkt-grenze-zu-ukraine-2\/","title":{"rendered":"Wei\u00dfrussland verst\u00e4rkt Grenze zu Ukraine"},"content":{"rendered":"<p><img decoding=\"async\" src=\"https:\/\/now-news.de\/de\/wp-content\/uploads\/sites\/3\/2024\/08\/66bf3834b480cc51087f6dca.jpg\" \/><\/p>\n<div class=\"Text-root Text-type_1 \">\n                Erst k\u00fcrzlich gibt Minsk den Abschuss ukrainischer Drohnen \u00fcber wei\u00dfrussischem Staatsgebiet bekannt. Auf einer Sitzung zu Sicherheitsfragen am Freitag verk\u00fcndet Staatschef Alexander Lukaschenko, dass die Grenze zur Ukraine verst\u00e4rkt kontrolliert wird.\n            <\/div>\n<p><\/p>\n<div class=\"Text-root Text-type_5 ArticleView-text ViewText-root \">\n<p>Vor rund\u00a0einer\u00a0Woche teilte das wei\u00dfrussische Verteidigungsministerium mit, dass die Luftverteidigung mehrere Flugobjekte aus der Ukraine zerst\u00f6rt hat. Vermutlich handelte es sich um Kampfdrohnen. Bei einem Treffen zu Sicherheitsfragen k\u00fcndigte Pr\u00e4sident Alexander Lukaschenko an, dass nach dem Vorfall die Grenze zu der Ukraine besser \u00fcberwacht werde. Dar\u00fcber berichtet die staatliche Nachrichtenagentur <em>BELTA<\/em>. Lukaschenko wird hierzu mit den Worten <a rel=\"nofollow noopener\" target=\"_blank\" href=\"https:\/\/www.belta.by\/president\/view\/lukashenko-pointeresovalsja-u-voennyh-obstanovkoj-na-granitse-s-ukrainoj-654634-2024\/\">zitiert<\/a>:<\/p>\n<blockquote>\n<p><em>&#8220;Nach den Ereignissen mit diesen Drohnen haben wir die Kontrolle an der wei\u00dfrussisch-ukrainischen Grenze verst\u00e4rkt und Teile unserer Armee dorthin verlegt.&#8221;<\/em><\/p>\n<\/blockquote>\n<p>An der Sitzung am Freitag nahmen laut <em>BELTA<\/em> unter anderem der Verteidigungsminister Viktor Chrenin und Generalstabschef Pawel Muraweiko teil. Die Lage im Raum der wei\u00dfrussisch-ukrainischen Grenze bleibe angespannt, gab Chrenin bekannt. Ihm zufolge sind Einheiten der ukrainischen Streitkr\u00e4fte und des Grenzschutzdienstes dabei, das Grenz\u00fcberwachungssystem sowie Teile der mehrschichtigen Verteidigung weiterhin auszubauen. Der Minister f\u00fchrte aus:<\/p>\n<blockquote>\n<p><em>&#8220;An allen Abschnitten entlang der Staatsgrenze der Republik Wei\u00dfrussland werden rege Aktivit\u00e4ten der Spezialeinheiten und des Sicherheitsdienstes der Ukraine festgestellt.&#8221;<\/em><\/p>\n<\/blockquote>\n<p>Ferner gibt Chrenin bekannt, dass Kiews Milit\u00e4r kontinuierlich Aufkl\u00e4rung unter Einsatz unbemannter Flugger\u00e4te durchf\u00fchrt. Dar\u00fcber hinaus meldete er Versuche seitens der Ukraine, den Luftraum von Wei\u00dfrussland zu verletzen. Und weiter:<\/p>\n<blockquote>\n<p><em>&#8220;Angesichts der Pr\u00e4senz ukrainischer bewaffneter Formationen in den Grenzgebieten besteht weiterhin eine hohe Wahrscheinlichkeit, dass bewaffnete Provokationen vorbereitet und auf unserem Territorium durchgef\u00fchrt werden.&#8221;<\/em><\/p>\n<\/blockquote>\n<p>Au\u00dferdem h\u00e4lt Chrenin \u00f6ffentlichkeitswirksame Aktionen ukrainischer Truppen f\u00fcr m\u00f6glich. Wie es hei\u00dft, k\u00f6nnten sich daran auch die wei\u00dfrussischen nationalistischen Formationen beteiligen.<\/p>\n<p><strong>Mehr zum Thema<\/strong> &#8211; <a rel=\"nofollow noopener\" target=\"_blank\" href=\"https:\/\/freedert.online\/kurzclips\/video\/215370-weissrussland-festigt-seine-grenze-zur\/\">Wei\u00dfrussland festigt seine Grenze zur Ukraine<\/a><\/p>\n<\/div>\n<p><br \/>\n<br \/><a href=\"https:\/\/de.rt.com\/international\/215854-weissrussland-lukaschenko-meldet-verstaerkte-kontrolle\/\">Source link <\/a><\/p>\n","protected":false},"excerpt":{"rendered":"<p>Erst k\u00fcrzlich gibt Minsk den Abschuss ukrainischer Drohnen \u00fcber wei\u00dfrussischem Staatsgebiet bekannt. Auf einer Sitzung zu Sicherheitsfragen am Freitag verk\u00fcndet Staatschef Alexander Lukaschenko, dass die Grenze zur Ukraine verst\u00e4rkt kontrolliert wird. Vor rund\u00a0einer\u00a0Woche teilte das wei\u00dfrussische Verteidigungsministerium mit, dass die Luftverteidigung mehrere Flugobjekte aus der Ukraine zerst\u00f6rt hat. Vermutlich handelte es sich um Kampfdrohnen. Bei [&hellip;]<\/p>\n","protected":false},"author":3,"featured_media":66857,"comment_status":"open","ping_status":"open","sticky":false,"template":"","format":"standard","meta":{"_yoast_indexnow_last_ping":["1723814328"],"wp_automatic_camp":["217"],"89ccdf567e712f26526466e7a92dd44f":["Wei\u00dfrussland verst\u00e4rkt Grenze zu Ukraine"],"original_link":["https:\/\/de.rt.com\/international\/215854-weissrussland-lukaschenko-meldet-verstaerkte-kontrolle\/"],"_thumbnail_id":["66857"],"_wptgpro_p2tg_sent2tg":["a:1:{i:23737;s:19:\"2024-08-16 15:19:52\";}"],"jnews_social_counter_last_update":["1777281808"]},"categories":[19,23],"tags":[366,127,10898,18575],"yoast_head":"<!-- This site is optimized with the Yoast SEO Premium plugin v22.7 (Yoast SEO v22.7) - https:\/\/yoast.com\/wordpress\/plugins\/seo\/ -->\n<title>Wei\u00dfrussland verst\u00e4rkt Grenze zu Ukraine - just-now.NEWS Deutschland<\/title>\n<meta name=\"robots\" content=\"index, follow, max-snippet:-1, max-image-preview:large, max-video-preview:-1\" \/>\n<link rel=\"canonical\" href=\"https:\/\/now-news.de\/de\/deutschland\/weissrussland-verstaerkt-grenze-zu-ukraine-2\/\" \/>\n<meta property=\"og:locale\" content=\"de_DE\" \/>\n<meta property=\"og:type\" content=\"article\" \/>\n<meta property=\"og:title\" content=\"Wei\u00dfrussland verst\u00e4rkt Grenze zu Ukraine\" \/>\n<meta property=\"og:description\" content=\"Erst k\u00fcrzlich gibt Minsk den Abschuss ukrainischer Drohnen \u00fcber wei\u00dfrussischem Staatsgebiet bekannt. Auf einer Sitzung zu Sicherheitsfragen am Freitag verk\u00fcndet Staatschef Alexander Lukaschenko, dass die Grenze zur Ukraine verst\u00e4rkt kontrolliert wird. Vor rund\u00a0einer\u00a0Woche teilte das wei\u00dfrussische Verteidigungsministerium mit, dass die Luftverteidigung mehrere Flugobjekte aus der Ukraine zerst\u00f6rt hat. Vermutlich handelte es sich um Kampfdrohnen. Bei [&hellip;]\" \/>\n<meta property=\"og:url\" content=\"https:\/\/now-news.de\/de\/deutschland\/weissrussland-verstaerkt-grenze-zu-ukraine-2\/\" \/>\n<meta property=\"og:site_name\" content=\"just-now.NEWS Deutschland\" \/>\n<meta property=\"article:publisher\" content=\"https:\/\/www.facebook.com\/wirmachenauf\" \/>\n<meta property=\"article:published_time\" content=\"2024-08-16T13:13:15+00:00\" \/>\n<meta property=\"og:image\" content=\"https:\/\/now-news.de\/de\/wp-content\/uploads\/sites\/3\/2024\/08\/66bf3834b480cc51087f6dca.jpg\" \/>\n<meta name=\"author\" content=\"rtnews\" \/>\n<meta name=\"twitter:card\" content=\"summary_large_image\" \/>\n<meta name=\"twitter:creator\" content=\"@WirMachenAuf_de\" \/>\n<meta name=\"twitter:site\" content=\"@WirMachenAuf_de\" \/>\n<meta name=\"twitter:label1\" content=\"Verfasst von\" \/>\n\t<meta name=\"twitter:data1\" content=\"rtnews\" \/>\n\t<meta name=\"twitter:label2\" content=\"Gesch\u00e4tzte Lesezeit\" \/>\n\t<meta name=\"twitter:data2\" content=\"2\u00a0Minuten\" \/>\n<script type=\"application\/ld+json\" class=\"yoast-schema-graph\">{\"@context\":\"https:\/\/schema.org\",\"@graph\":[{\"@type\":\"Article\",\"@id\":\"https:\/\/now-news.de\/de\/deutschland\/weissrussland-verstaerkt-grenze-zu-ukraine-2\/#article\",\"isPartOf\":{\"@id\":\"https:\/\/now-news.de\/de\/deutschland\/weissrussland-verstaerkt-grenze-zu-ukraine-2\/\"},\"author\":{\"name\":\"rtnews\",\"@id\":\"https:\/\/now-news.de\/de\/#\/schema\/person\/fb534a4e865501d8b3285208df34a9b5\"},\"headline\":\"Wei\u00dfrussland verst\u00e4rkt Grenze zu Ukraine\",\"datePublished\":\"2024-08-16T13:13:15+00:00\",\"dateModified\":\"2024-08-16T13:13:15+00:00\",\"mainEntityOfPage\":{\"@id\":\"https:\/\/now-news.de\/de\/deutschland\/weissrussland-verstaerkt-grenze-zu-ukraine-2\/\"},\"wordCount\":315,\"commentCount\":0,\"publisher\":{\"@id\":\"https:\/\/now-news.de\/de\/#organization\"},\"image\":{\"@id\":\"https:\/\/now-news.de\/de\/deutschland\/weissrussland-verstaerkt-grenze-zu-ukraine-2\/#primaryimage\"},\"thumbnailUrl\":\"https:\/\/now-news.de\/de\/wp-content\/uploads\/sites\/3\/2024\/08\/Weissrussland-verstaerkt-Grenze-zu-Ukraine.jpg\",\"keywords\":[\"Grenze\",\"ukraine\",\"verst\u00e4rkt\",\"Wei\u00dfrussland\"],\"articleSection\":[\"Deutschland\",\"Russland\"],\"inLanguage\":\"de\",\"potentialAction\":[{\"@type\":\"CommentAction\",\"name\":\"Comment\",\"target\":[\"https:\/\/now-news.de\/de\/deutschland\/weissrussland-verstaerkt-grenze-zu-ukraine-2\/#respond\"]}]},{\"@type\":\"WebPage\",\"@id\":\"https:\/\/now-news.de\/de\/deutschland\/weissrussland-verstaerkt-grenze-zu-ukraine-2\/\",\"url\":\"https:\/\/now-news.de\/de\/deutschland\/weissrussland-verstaerkt-grenze-zu-ukraine-2\/\",\"name\":\"Wei\u00dfrussland verst\u00e4rkt Grenze zu Ukraine - just-now.NEWS Deutschland\",\"isPartOf\":{\"@id\":\"https:\/\/now-news.de\/de\/#website\"},\"primaryImageOfPage\":{\"@id\":\"https:\/\/now-news.de\/de\/deutschland\/weissrussland-verstaerkt-grenze-zu-ukraine-2\/#primaryimage\"},\"image\":{\"@id\":\"https:\/\/now-news.de\/de\/deutschland\/weissrussland-verstaerkt-grenze-zu-ukraine-2\/#primaryimage\"},\"thumbnailUrl\":\"https:\/\/now-news.de\/de\/wp-content\/uploads\/sites\/3\/2024\/08\/Weissrussland-verstaerkt-Grenze-zu-Ukraine.jpg\",\"datePublished\":\"2024-08-16T13:13:15+00:00\",\"dateModified\":\"2024-08-16T13:13:15+00:00\",\"breadcrumb\":{\"@id\":\"https:\/\/now-news.de\/de\/deutschland\/weissrussland-verstaerkt-grenze-zu-ukraine-2\/#breadcrumb\"},\"inLanguage\":\"de\",\"potentialAction\":[{\"@type\":\"ReadAction\",\"target\":[\"https:\/\/now-news.de\/de\/deutschland\/weissrussland-verstaerkt-grenze-zu-ukraine-2\/\"]}]},{\"@type\":\"ImageObject\",\"inLanguage\":\"de\",\"@id\":\"https:\/\/now-news.de\/de\/deutschland\/weissrussland-verstaerkt-grenze-zu-ukraine-2\/#primaryimage\",\"url\":\"https:\/\/now-news.de\/de\/wp-content\/uploads\/sites\/3\/2024\/08\/Weissrussland-verstaerkt-Grenze-zu-Ukraine.jpg\",\"contentUrl\":\"https:\/\/now-news.de\/de\/wp-content\/uploads\/sites\/3\/2024\/08\/Weissrussland-verstaerkt-Grenze-zu-Ukraine.jpg\",\"width\":460,\"height\":259,\"caption\":\"Wei\u00dfrussland verst\u00e4rkt Grenze zu Ukraine\"},{\"@type\":\"BreadcrumbList\",\"@id\":\"https:\/\/now-news.de\/de\/deutschland\/weissrussland-verstaerkt-grenze-zu-ukraine-2\/#breadcrumb\",\"itemListElement\":[{\"@type\":\"ListItem\",\"position\":1,\"name\":\"Home\",\"item\":\"https:\/\/now-news.de\/de\/\"},{\"@type\":\"ListItem\",\"position\":2,\"name\":\"Wei\u00dfrussland verst\u00e4rkt Grenze zu Ukraine\"}]},{\"@type\":\"WebSite\",\"@id\":\"https:\/\/now-news.de\/de\/#website\",\"url\":\"https:\/\/now-news.de\/de\/\",\"name\":\"just-now.NEWS Deutschland\",\"description\":\"Das Portal f\u00fcr unzensierte Nachrichten aus der Welt\",\"publisher\":{\"@id\":\"https:\/\/now-news.de\/de\/#organization\"},\"potentialAction\":[{\"@type\":\"SearchAction\",\"target\":{\"@type\":\"EntryPoint\",\"urlTemplate\":\"https:\/\/now-news.de\/de\/?s={search_term_string}\"},\"query-input\":\"required name=search_term_string\"}],\"inLanguage\":\"de\"},{\"@type\":\"Organization\",\"@id\":\"https:\/\/now-news.de\/de\/#organization\",\"name\":\"Just Now News\",\"url\":\"https:\/\/now-news.de\/de\/\",\"logo\":{\"@type\":\"ImageObject\",\"inLanguage\":\"de\",\"@id\":\"https:\/\/now-news.de\/de\/#\/schema\/logo\/image\/\",\"url\":\"http:\/\/just-now.news\/de\/wp-content\/uploads\/sites\/3\/2022\/04\/logo500x500.jpg\",\"contentUrl\":\"http:\/\/just-now.news\/de\/wp-content\/uploads\/sites\/3\/2022\/04\/logo500x500.jpg\",\"width\":500,\"height\":500,\"caption\":\"Just Now News\"},\"image\":{\"@id\":\"https:\/\/now-news.de\/de\/#\/schema\/logo\/image\/\"},\"sameAs\":[\"https:\/\/www.facebook.com\/wirmachenauf\",\"https:\/\/x.com\/WirMachenAuf_de\"]},{\"@type\":\"Person\",\"@id\":\"https:\/\/now-news.de\/de\/#\/schema\/person\/fb534a4e865501d8b3285208df34a9b5\",\"name\":\"rtnews\",\"image\":{\"@type\":\"ImageObject\",\"inLanguage\":\"de\",\"@id\":\"https:\/\/now-news.de\/de\/#\/schema\/person\/image\/\",\"url\":\"https:\/\/secure.gravatar.com\/avatar\/82aafea7d8127119dd649515f56e2117?s=96&d=mm&r=g\",\"contentUrl\":\"https:\/\/secure.gravatar.com\/avatar\/82aafea7d8127119dd649515f56e2117?s=96&d=mm&r=g\",\"caption\":\"rtnews\"},\"url\":\"https:\/\/now-news.de\/de\/author\/rnews\/\"}]}<\/script>\n<!-- \/ Yoast SEO Premium plugin. -->","yoast_head_json":{"title":"Wei\u00dfrussland verst\u00e4rkt Grenze zu Ukraine - just-now.NEWS Deutschland","robots":{"index":"index","follow":"follow","max-snippet":"max-snippet:-1","max-image-preview":"max-image-preview:large","max-video-preview":"max-video-preview:-1"},"canonical":"https:\/\/now-news.de\/de\/deutschland\/weissrussland-verstaerkt-grenze-zu-ukraine-2\/","og_locale":"de_DE","og_type":"article","og_title":"Wei\u00dfrussland verst\u00e4rkt Grenze zu Ukraine","og_description":"Erst k\u00fcrzlich gibt Minsk den Abschuss ukrainischer Drohnen \u00fcber wei\u00dfrussischem Staatsgebiet bekannt. Auf einer Sitzung zu Sicherheitsfragen am Freitag verk\u00fcndet Staatschef Alexander Lukaschenko, dass die Grenze zur Ukraine verst\u00e4rkt kontrolliert wird. Vor rund\u00a0einer\u00a0Woche teilte das wei\u00dfrussische Verteidigungsministerium mit, dass die Luftverteidigung mehrere Flugobjekte aus der Ukraine zerst\u00f6rt hat. Vermutlich handelte es sich um Kampfdrohnen. Bei [&hellip;]","og_url":"https:\/\/now-news.de\/de\/deutschland\/weissrussland-verstaerkt-grenze-zu-ukraine-2\/","og_site_name":"just-now.NEWS Deutschland","article_publisher":"https:\/\/www.facebook.com\/wirmachenauf","article_published_time":"2024-08-16T13:13:15+00:00","og_image":[{"url":"https:\/\/now-news.de\/de\/wp-content\/uploads\/sites\/3\/2024\/08\/66bf3834b480cc51087f6dca.jpg"}],"author":"rtnews","twitter_card":"summary_large_image","twitter_creator":"@WirMachenAuf_de","twitter_site":"@WirMachenAuf_de","twitter_misc":{"Verfasst von":"rtnews","Gesch\u00e4tzte Lesezeit":"2\u00a0Minuten"},"schema":{"@context":"https:\/\/schema.org","@graph":[{"@type":"Article","@id":"https:\/\/now-news.de\/de\/deutschland\/weissrussland-verstaerkt-grenze-zu-ukraine-2\/#article","isPartOf":{"@id":"https:\/\/now-news.de\/de\/deutschland\/weissrussland-verstaerkt-grenze-zu-ukraine-2\/"},"author":{"name":"rtnews","@id":"https:\/\/now-news.de\/de\/#\/schema\/person\/fb534a4e865501d8b3285208df34a9b5"},"headline":"Wei\u00dfrussland verst\u00e4rkt Grenze zu Ukraine","datePublished":"2024-08-16T13:13:15+00:00","dateModified":"2024-08-16T13:13:15+00:00","mainEntityOfPage":{"@id":"https:\/\/now-news.de\/de\/deutschland\/weissrussland-verstaerkt-grenze-zu-ukraine-2\/"},"wordCount":315,"commentCount":0,"publisher":{"@id":"https:\/\/now-news.de\/de\/#organization"},"image":{"@id":"https:\/\/now-news.de\/de\/deutschland\/weissrussland-verstaerkt-grenze-zu-ukraine-2\/#primaryimage"},"thumbnailUrl":"https:\/\/now-news.de\/de\/wp-content\/uploads\/sites\/3\/2024\/08\/Weissrussland-verstaerkt-Grenze-zu-Ukraine.jpg","keywords":["Grenze","ukraine","verst\u00e4rkt","Wei\u00dfrussland"],"articleSection":["Deutschland","Russland"],"inLanguage":"de","potentialAction":[{"@type":"CommentAction","name":"Comment","target":["https:\/\/now-news.de\/de\/deutschland\/weissrussland-verstaerkt-grenze-zu-ukraine-2\/#respond"]}]},{"@type":"WebPage","@id":"https:\/\/now-news.de\/de\/deutschland\/weissrussland-verstaerkt-grenze-zu-ukraine-2\/","url":"https:\/\/now-news.de\/de\/deutschland\/weissrussland-verstaerkt-grenze-zu-ukraine-2\/","name":"Wei\u00dfrussland verst\u00e4rkt Grenze zu Ukraine - just-now.NEWS Deutschland","isPartOf":{"@id":"https:\/\/now-news.de\/de\/#website"},"primaryImageOfPage":{"@id":"https:\/\/now-news.de\/de\/deutschland\/weissrussland-verstaerkt-grenze-zu-ukraine-2\/#primaryimage"},"image":{"@id":"https:\/\/now-news.de\/de\/deutschland\/weissrussland-verstaerkt-grenze-zu-ukraine-2\/#primaryimage"},"thumbnailUrl":"https:\/\/now-news.de\/de\/wp-content\/uploads\/sites\/3\/2024\/08\/Weissrussland-verstaerkt-Grenze-zu-Ukraine.jpg","datePublished":"2024-08-16T13:13:15+00:00","dateModified":"2024-08-16T13:13:15+00:00","breadcrumb":{"@id":"https:\/\/now-news.de\/de\/deutschland\/weissrussland-verstaerkt-grenze-zu-ukraine-2\/#breadcrumb"},"inLanguage":"de","potentialAction":[{"@type":"ReadAction","target":["https:\/\/now-news.de\/de\/deutschland\/weissrussland-verstaerkt-grenze-zu-ukraine-2\/"]}]},{"@type":"ImageObject","inLanguage":"de","@id":"https:\/\/now-news.de\/de\/deutschland\/weissrussland-verstaerkt-grenze-zu-ukraine-2\/#primaryimage","url":"https:\/\/now-news.de\/de\/wp-content\/uploads\/sites\/3\/2024\/08\/Weissrussland-verstaerkt-Grenze-zu-Ukraine.jpg","contentUrl":"https:\/\/now-news.de\/de\/wp-content\/uploads\/sites\/3\/2024\/08\/Weissrussland-verstaerkt-Grenze-zu-Ukraine.jpg","width":460,"height":259,"caption":"Wei\u00dfrussland verst\u00e4rkt Grenze zu Ukraine"},{"@type":"BreadcrumbList","@id":"https:\/\/now-news.de\/de\/deutschland\/weissrussland-verstaerkt-grenze-zu-ukraine-2\/#breadcrumb","itemListElement":[{"@type":"ListItem","position":1,"name":"Home","item":"https:\/\/now-news.de\/de\/"},{"@type":"ListItem","position":2,"name":"Wei\u00dfrussland verst\u00e4rkt Grenze zu Ukraine"}]},{"@type":"WebSite","@id":"https:\/\/now-news.de\/de\/#website","url":"https:\/\/now-news.de\/de\/","name":"just-now.NEWS Deutschland","description":"Das Portal f\u00fcr unzensierte Nachrichten aus der Welt","publisher":{"@id":"https:\/\/now-news.de\/de\/#organization"},"potentialAction":[{"@type":"SearchAction","target":{"@type":"EntryPoint","urlTemplate":"https:\/\/now-news.de\/de\/?s={search_term_string}"},"query-input":"required name=search_term_string"}],"inLanguage":"de"},{"@type":"Organization","@id":"https:\/\/now-news.de\/de\/#organization","name":"Just Now News","url":"https:\/\/now-news.de\/de\/","logo":{"@type":"ImageObject","inLanguage":"de","@id":"https:\/\/now-news.de\/de\/#\/schema\/logo\/image\/","url":"http:\/\/just-now.news\/de\/wp-content\/uploads\/sites\/3\/2022\/04\/logo500x500.jpg","contentUrl":"http:\/\/just-now.news\/de\/wp-content\/uploads\/sites\/3\/2022\/04\/logo500x500.jpg","width":500,"height":500,"caption":"Just Now News"},"image":{"@id":"https:\/\/now-news.de\/de\/#\/schema\/logo\/image\/"},"sameAs":["https:\/\/www.facebook.com\/wirmachenauf","https:\/\/x.com\/WirMachenAuf_de"]},{"@type":"Person","@id":"https:\/\/now-news.de\/de\/#\/schema\/person\/fb534a4e865501d8b3285208df34a9b5","name":"rtnews","image":{"@type":"ImageObject","inLanguage":"de","@id":"https:\/\/now-news.de\/de\/#\/schema\/person\/image\/","url":"https:\/\/secure.gravatar.com\/avatar\/82aafea7d8127119dd649515f56e2117?s=96&d=mm&r=g","contentUrl":"https:\/\/secure.gravatar.com\/avatar\/82aafea7d8127119dd649515f56e2117?s=96&d=mm&r=g","caption":"rtnews"},"url":"https:\/\/now-news.de\/de\/author\/rnews\/"}]}},"_links":{"self":[{"href":"https:\/\/now-news.de\/de\/wp-json\/wp\/v2\/posts\/66856"}],"collection":[{"href":"https:\/\/now-news.de\/de\/wp-json\/wp\/v2\/posts"}],"about":[{"href":"https:\/\/now-news.de\/de\/wp-json\/wp\/v2\/types\/post"}],"author":[{"embeddable":true,"href":"https:\/\/now-news.de\/de\/wp-json\/wp\/v2\/users\/3"}],"replies":[{"embeddable":true,"href":"https:\/\/now-news.de\/de\/wp-json\/wp\/v2\/comments?post=66856"}],"version-history":[{"count":0,"href":"https:\/\/now-news.de\/de\/wp-json\/wp\/v2\/posts\/66856\/revisions"}],"wp:featuredmedia":[{"embeddable":true,"href":"https:\/\/now-news.de\/de\/wp-json\/wp\/v2\/media\/66857"}],"wp:attachment":[{"href":"https:\/\/now-news.de\/de\/wp-json\/wp\/v2\/media?parent=66856"}],"wp:term":[{"taxonomy":"category","embeddable":true,"href":"https:\/\/now-news.de\/de\/wp-json\/wp\/v2\/categories?post=66856"},{"taxonomy":"post_tag","embeddable":true,"href":"https:\/\/now-news.de\/de\/wp-json\/wp\/v2\/tags?post=66856"}],"curies":[{"name":"wp","href":"https:\/\/api.w.org\/{rel}","templated":true}]}}