{"id":66732,"date":"2024-08-14T17:28:47","date_gmt":"2024-08-14T15:28:47","guid":{"rendered":"https:\/\/now-news.de\/de\/deutschland\/nach-haftbefehl-gegen-ukrainer-bsw-fordert-erklaerung-des-generalbundesanwalts-zu-nord-stream\/"},"modified":"2024-08-14T17:28:47","modified_gmt":"2024-08-14T15:28:47","slug":"nach-haftbefehl-gegen-ukrainer-bsw-fordert-erklaerung-des-generalbundesanwalts-zu-nord-stream","status":"publish","type":"post","link":"https:\/\/now-news.de\/de\/deutschland\/nach-haftbefehl-gegen-ukrainer-bsw-fordert-erklaerung-des-generalbundesanwalts-zu-nord-stream\/","title":{"rendered":"Nach Haftbefehl gegen Ukrainer: BSW fordert Erkl\u00e4rung des Generalbundesanwalts zu Nord Stream"},"content":{"rendered":"<p><img decoding=\"async\" src=\"https:\/\/now-news.de\/de\/wp-content\/uploads\/sites\/3\/2024\/08\/66bc9896b480cc793766097a.jpg\" \/><\/p>\n<div class=\"Text-root Text-type_1 \">\n                Die Bundesanwaltschaft hat wegen der Zerst\u00f6rung der Nord-Stream-Pipelines einen Haftbefehl ausgestellt. Das BSW fordert, dass sich die Beh\u00f6rde vor dem Bundestag erkl\u00e4rt. Sollte tats\u00e4chlich Kiew hinter den Anschl\u00e4gen stecken, m\u00fcssten &#8220;alle milit\u00e4rischen Hilfen infrage gestellt werden.&#8221;\n            <\/div>\n<p><\/p>\n<div class=\"Text-root Text-type_5 ArticleView-text ViewText-root \">\n<p>Nach den Berichten \u00fcber einen von der Bundesanwaltschaft ausgestellten Haftbefehl gegen einen Ukrainer wegen der Zerst\u00f6rung der Nord-Stream-Pipelines\u00a0hat das B\u00fcndnis Sahra Wagenknecht (BSW) eine Stellungnahme von Generalbundesanwalt Jens Rommel im Bundestag gefordert.<\/p>\n<p>Der stellvertretende Vorsitzende der BSW-Gruppe im Bundestag, Klaus Ernst, sprach gegen\u00fcber dem <em>Tagesspiegel<\/em> von einem &#8220;himmelschreienden Skandal. Der Generalbundesanwalt m\u00fcsse endlich die Abgeordneten informieren:<\/p>\n<p><em>&#8220;Wir erwarten, dass Generalbundesanwalt Rommel den Innenausschuss des Bundestages so schnell wie m\u00f6glich informiert, endlich alle Fakten auf den Tisch legt. Es ist ein himmelschreiender Skandal, dass die Justiz zwei Jahre lang angeblich im Dunkeln tappt und auch den Abgeordneten jede Information verweigert wurde.&#8221;<\/em><\/p>\n<p>Ernst weiter:<\/p>\n<p><em>&#8220;Wenn ein russischer Agent in Berlin einen Kaffee trinkt, wenn es einen Hackerangriff gibt, werden wir nach zehn Minuten informiert, wer es war, auch wenn die Faktenlage d\u00fcnn ist.&#8221;<\/em><\/p>\n<p>Es seien offenbar Informationen zur\u00fcckgehalten worden, so der Abgeordnete. Dabei liege der Verdacht nahe, dass die deutschen Beh\u00f6rden &#8220;so zugekn\u00f6pft&#8221; seien, &#8220;weil es Hinweise auf die Ukraine gibt. Es w\u00e4re ein Skandal, wenn Staatsraison dazu f\u00fchrt, dass Spuren in die Ukraine ignoriert und Ermittlungsergebnisse zur\u00fcckgehalten wurden.&#8221;<\/p>\n<p>Die Anschl\u00e4ge\u00a0auf die Pipelines k\u00f6nnten &#8220;nicht von einem Privatmann oder Stammtischbr\u00fcdern organisiert worden sein, da steht ein Staat dahinter.&#8221; Das m\u00fcsse Folgen haben:<\/p>\n<p><em>&#8220;Wenn die Ukraine einen Terroranschlag gegen unsere Infrastruktur organisiert hat, m\u00fcssen sofort alle milit\u00e4rischen Hilfen infrage gestellt werden.&#8221;<\/em><\/p>\n<p>Auch f\u00fcr das Verh\u00e4ltnis zu Polen forderte Ernst Konsequenzen. Wenn Polen die Festnahme des verd\u00e4chtigten Ukrainers tats\u00e4chlich verhindert haben sollte, m\u00fcsse die Bundesregierung dies mit der polnischen Regierung kl\u00e4ren:\u00a0<\/p>\n<p><em>&#8220;Es wirft ein seltsames Bild auf die Zusammenarbeit der NATO-Staaten, sollte sich der Vorwurf erh\u00e4rten.&#8221;<\/em><\/p>\n<p>Am Mittwochmorgen war berichtet worden, dass\u00a0der Generalbundesanwalt einen ersten Haftbefehl gegen einen Ukrainer erwirkt habe. Zwei weitere Ukrainer sollen als tatverd\u00e4chtig gelten.\u00a0Die Staatsanwaltschaft verfolgt laut dem <em>ARD<\/em>-Bericht die Spur der Segeljacht &#8220;Andromeda&#8221; weiter.<\/p>\n<p>Mit einem gemieteten Segelboot soll eine sechsk\u00f6pfige Gruppe von Ukrainern Sprengs\u00e4tze an den in 70 Metern Tiefe verlaufenden Pipeline-Str\u00e4ngen angebracht und gez\u00fcndet haben.\u00a0Experten halten diese Darstellung f\u00fcr zweifelhaft.<\/p>\n<p><strong>Mehr zum Thema<\/strong> &#8211; <a rel=\"nofollow noopener\" target=\"_blank\" href=\"https:\/\/freedert.online\/meinung\/206228-wie-cia-deutsche-medien-zu-deppen-machte-ukrainisches-deckungsspiel-fuehrungsoffizier-smith\/\">Wie CIA deutsche Medien zu Deppen machte: Ukrainisches Deckungsspiel mit F\u00fchrungsoffizier Smith<\/a><\/p>\n<div class=\"EmbedBlock-root EmbedBlock-externalVideo EmbedBlock-rumble\">\n<div class=\"VkEmbed\"><iframe class=\"lazyload\" data-src=\"https:\/\/rumble.com\/embed\/v4w9po0\" frameborder=\"0\" width=\"853\" height=\"480\" allowfullscreen><\/iframe><\/div>\n<\/div>\n<\/div>\n<p><br \/>\n<br \/><a href=\"https:\/\/de.rt.com\/inland\/215617-nach-haftbefehl-gegen-ukrainer-bsw\/\">Source link <\/a><\/p>\n","protected":false},"excerpt":{"rendered":"<p>Die Bundesanwaltschaft hat wegen der Zerst\u00f6rung der Nord-Stream-Pipelines einen Haftbefehl ausgestellt. Das BSW fordert, dass sich die Beh\u00f6rde vor dem Bundestag erkl\u00e4rt. Sollte tats\u00e4chlich Kiew hinter den Anschl\u00e4gen stecken, m\u00fcssten &#8220;alle milit\u00e4rischen Hilfen infrage gestellt werden.&#8221; Nach den Berichten \u00fcber einen von der Bundesanwaltschaft ausgestellten Haftbefehl gegen einen Ukrainer wegen der Zerst\u00f6rung der Nord-Stream-Pipelines\u00a0hat das [&hellip;]<\/p>\n","protected":false},"author":3,"featured_media":66733,"comment_status":"open","ping_status":"open","sticky":false,"template":"","format":"standard","meta":{"_yoast_indexnow_last_ping":["1723655017"],"wp_automatic_camp":["217"],"3ef78ecf88486d03fb4297c78067c863":["Nach Haftbefehl gegen Ukrainer: BSW fordert Erkl\u00e4rung des Generalbundesanwalts zu Nord Stream"],"original_link":["https:\/\/de.rt.com\/inland\/215617-nach-haftbefehl-gegen-ukrainer-bsw\/"],"_thumbnail_id":["66733"],"_wptgpro_p2tg_sent2tg":["a:1:{i:23737;s:19:\"2024-08-14 19:04:32\";}"],"jnews_social_counter_last_update":["1777318941"]},"categories":[19,23],"tags":[51583,583,14140,355,278,57539,26011,979,11408,8951,5757],"yoast_head":"<!-- This site is optimized with the Yoast SEO Premium plugin v22.7 (Yoast SEO v22.7) - https:\/\/yoast.com\/wordpress\/plugins\/seo\/ -->\n<title>Nach Haftbefehl gegen Ukrainer: BSW fordert Erkl\u00e4rung des Generalbundesanwalts zu Nord Stream - just-now.NEWS Deutschland<\/title>\n<meta name=\"robots\" content=\"index, follow, max-snippet:-1, max-image-preview:large, max-video-preview:-1\" \/>\n<link rel=\"canonical\" href=\"https:\/\/now-news.de\/de\/deutschland\/nach-haftbefehl-gegen-ukrainer-bsw-fordert-erklaerung-des-generalbundesanwalts-zu-nord-stream\/\" \/>\n<meta property=\"og:locale\" content=\"de_DE\" \/>\n<meta property=\"og:type\" content=\"article\" \/>\n<meta property=\"og:title\" content=\"Nach Haftbefehl gegen Ukrainer: BSW fordert Erkl\u00e4rung des Generalbundesanwalts zu Nord Stream\" \/>\n<meta property=\"og:description\" content=\"Die Bundesanwaltschaft hat wegen der Zerst\u00f6rung der Nord-Stream-Pipelines einen Haftbefehl ausgestellt. Das BSW fordert, dass sich die Beh\u00f6rde vor dem Bundestag erkl\u00e4rt. Sollte tats\u00e4chlich Kiew hinter den Anschl\u00e4gen stecken, m\u00fcssten &#8220;alle milit\u00e4rischen Hilfen infrage gestellt werden.&#8221; Nach den Berichten \u00fcber einen von der Bundesanwaltschaft ausgestellten Haftbefehl gegen einen Ukrainer wegen der Zerst\u00f6rung der Nord-Stream-Pipelines\u00a0hat das [&hellip;]\" \/>\n<meta property=\"og:url\" content=\"https:\/\/now-news.de\/de\/deutschland\/nach-haftbefehl-gegen-ukrainer-bsw-fordert-erklaerung-des-generalbundesanwalts-zu-nord-stream\/\" \/>\n<meta property=\"og:site_name\" content=\"just-now.NEWS Deutschland\" \/>\n<meta property=\"article:publisher\" content=\"https:\/\/www.facebook.com\/wirmachenauf\" \/>\n<meta property=\"article:published_time\" content=\"2024-08-14T15:28:47+00:00\" \/>\n<meta property=\"og:image\" content=\"https:\/\/now-news.de\/de\/wp-content\/uploads\/sites\/3\/2024\/08\/66bc9896b480cc793766097a.jpg\" \/>\n<meta name=\"author\" content=\"rtnews\" \/>\n<meta name=\"twitter:card\" content=\"summary_large_image\" \/>\n<meta name=\"twitter:creator\" content=\"@WirMachenAuf_de\" \/>\n<meta name=\"twitter:site\" content=\"@WirMachenAuf_de\" \/>\n<meta name=\"twitter:label1\" content=\"Verfasst von\" \/>\n\t<meta name=\"twitter:data1\" content=\"rtnews\" \/>\n\t<meta name=\"twitter:label2\" content=\"Gesch\u00e4tzte Lesezeit\" \/>\n\t<meta name=\"twitter:data2\" content=\"2\u00a0Minuten\" \/>\n<script type=\"application\/ld+json\" class=\"yoast-schema-graph\">{\"@context\":\"https:\/\/schema.org\",\"@graph\":[{\"@type\":\"Article\",\"@id\":\"https:\/\/now-news.de\/de\/deutschland\/nach-haftbefehl-gegen-ukrainer-bsw-fordert-erklaerung-des-generalbundesanwalts-zu-nord-stream\/#article\",\"isPartOf\":{\"@id\":\"https:\/\/now-news.de\/de\/deutschland\/nach-haftbefehl-gegen-ukrainer-bsw-fordert-erklaerung-des-generalbundesanwalts-zu-nord-stream\/\"},\"author\":{\"name\":\"rtnews\",\"@id\":\"https:\/\/now-news.de\/de\/#\/schema\/person\/fb534a4e865501d8b3285208df34a9b5\"},\"headline\":\"Nach Haftbefehl gegen Ukrainer: BSW fordert Erkl\u00e4rung des Generalbundesanwalts zu Nord Stream\",\"datePublished\":\"2024-08-14T15:28:47+00:00\",\"dateModified\":\"2024-08-14T15:28:47+00:00\",\"mainEntityOfPage\":{\"@id\":\"https:\/\/now-news.de\/de\/deutschland\/nach-haftbefehl-gegen-ukrainer-bsw-fordert-erklaerung-des-generalbundesanwalts-zu-nord-stream\/\"},\"wordCount\":434,\"commentCount\":0,\"publisher\":{\"@id\":\"https:\/\/now-news.de\/de\/#organization\"},\"image\":{\"@id\":\"https:\/\/now-news.de\/de\/deutschland\/nach-haftbefehl-gegen-ukrainer-bsw-fordert-erklaerung-des-generalbundesanwalts-zu-nord-stream\/#primaryimage\"},\"thumbnailUrl\":\"https:\/\/now-news.de\/de\/wp-content\/uploads\/sites\/3\/2024\/08\/Nach-Haftbefehl-gegen-Ukrainer-BSW-fordert-Erklaerung-des-Generalbundesanwalts-zu.jpg\",\"keywords\":[\"BSW\",\"des\",\"Erkl\u00e4rung\",\"fordert\",\"gegen\",\"Generalbundesanwalts\",\"Haftbefehl\",\"nach\",\"Nord\",\"stream\",\"Ukrainer\"],\"articleSection\":[\"Deutschland\",\"Russland\"],\"inLanguage\":\"de\",\"potentialAction\":[{\"@type\":\"CommentAction\",\"name\":\"Comment\",\"target\":[\"https:\/\/now-news.de\/de\/deutschland\/nach-haftbefehl-gegen-ukrainer-bsw-fordert-erklaerung-des-generalbundesanwalts-zu-nord-stream\/#respond\"]}]},{\"@type\":\"WebPage\",\"@id\":\"https:\/\/now-news.de\/de\/deutschland\/nach-haftbefehl-gegen-ukrainer-bsw-fordert-erklaerung-des-generalbundesanwalts-zu-nord-stream\/\",\"url\":\"https:\/\/now-news.de\/de\/deutschland\/nach-haftbefehl-gegen-ukrainer-bsw-fordert-erklaerung-des-generalbundesanwalts-zu-nord-stream\/\",\"name\":\"Nach Haftbefehl gegen Ukrainer: BSW fordert Erkl\u00e4rung des Generalbundesanwalts zu Nord Stream - just-now.NEWS Deutschland\",\"isPartOf\":{\"@id\":\"https:\/\/now-news.de\/de\/#website\"},\"primaryImageOfPage\":{\"@id\":\"https:\/\/now-news.de\/de\/deutschland\/nach-haftbefehl-gegen-ukrainer-bsw-fordert-erklaerung-des-generalbundesanwalts-zu-nord-stream\/#primaryimage\"},\"image\":{\"@id\":\"https:\/\/now-news.de\/de\/deutschland\/nach-haftbefehl-gegen-ukrainer-bsw-fordert-erklaerung-des-generalbundesanwalts-zu-nord-stream\/#primaryimage\"},\"thumbnailUrl\":\"https:\/\/now-news.de\/de\/wp-content\/uploads\/sites\/3\/2024\/08\/Nach-Haftbefehl-gegen-Ukrainer-BSW-fordert-Erklaerung-des-Generalbundesanwalts-zu.jpg\",\"datePublished\":\"2024-08-14T15:28:47+00:00\",\"dateModified\":\"2024-08-14T15:28:47+00:00\",\"breadcrumb\":{\"@id\":\"https:\/\/now-news.de\/de\/deutschland\/nach-haftbefehl-gegen-ukrainer-bsw-fordert-erklaerung-des-generalbundesanwalts-zu-nord-stream\/#breadcrumb\"},\"inLanguage\":\"de\",\"potentialAction\":[{\"@type\":\"ReadAction\",\"target\":[\"https:\/\/now-news.de\/de\/deutschland\/nach-haftbefehl-gegen-ukrainer-bsw-fordert-erklaerung-des-generalbundesanwalts-zu-nord-stream\/\"]}]},{\"@type\":\"ImageObject\",\"inLanguage\":\"de\",\"@id\":\"https:\/\/now-news.de\/de\/deutschland\/nach-haftbefehl-gegen-ukrainer-bsw-fordert-erklaerung-des-generalbundesanwalts-zu-nord-stream\/#primaryimage\",\"url\":\"https:\/\/now-news.de\/de\/wp-content\/uploads\/sites\/3\/2024\/08\/Nach-Haftbefehl-gegen-Ukrainer-BSW-fordert-Erklaerung-des-Generalbundesanwalts-zu.jpg\",\"contentUrl\":\"https:\/\/now-news.de\/de\/wp-content\/uploads\/sites\/3\/2024\/08\/Nach-Haftbefehl-gegen-Ukrainer-BSW-fordert-Erklaerung-des-Generalbundesanwalts-zu.jpg\",\"width\":460,\"height\":259,\"caption\":\"Nach Haftbefehl gegen Ukrainer: BSW fordert Erkl\u00e4rung des Generalbundesanwalts zu Nord Stream\"},{\"@type\":\"BreadcrumbList\",\"@id\":\"https:\/\/now-news.de\/de\/deutschland\/nach-haftbefehl-gegen-ukrainer-bsw-fordert-erklaerung-des-generalbundesanwalts-zu-nord-stream\/#breadcrumb\",\"itemListElement\":[{\"@type\":\"ListItem\",\"position\":1,\"name\":\"Home\",\"item\":\"https:\/\/now-news.de\/de\/\"},{\"@type\":\"ListItem\",\"position\":2,\"name\":\"Nach Haftbefehl gegen Ukrainer: BSW fordert Erkl\u00e4rung des Generalbundesanwalts zu Nord Stream\"}]},{\"@type\":\"WebSite\",\"@id\":\"https:\/\/now-news.de\/de\/#website\",\"url\":\"https:\/\/now-news.de\/de\/\",\"name\":\"just-now.NEWS Deutschland\",\"description\":\"Das Portal f\u00fcr unzensierte Nachrichten aus der Welt\",\"publisher\":{\"@id\":\"https:\/\/now-news.de\/de\/#organization\"},\"potentialAction\":[{\"@type\":\"SearchAction\",\"target\":{\"@type\":\"EntryPoint\",\"urlTemplate\":\"https:\/\/now-news.de\/de\/?s={search_term_string}\"},\"query-input\":\"required name=search_term_string\"}],\"inLanguage\":\"de\"},{\"@type\":\"Organization\",\"@id\":\"https:\/\/now-news.de\/de\/#organization\",\"name\":\"Just Now News\",\"url\":\"https:\/\/now-news.de\/de\/\",\"logo\":{\"@type\":\"ImageObject\",\"inLanguage\":\"de\",\"@id\":\"https:\/\/now-news.de\/de\/#\/schema\/logo\/image\/\",\"url\":\"http:\/\/just-now.news\/de\/wp-content\/uploads\/sites\/3\/2022\/04\/logo500x500.jpg\",\"contentUrl\":\"http:\/\/just-now.news\/de\/wp-content\/uploads\/sites\/3\/2022\/04\/logo500x500.jpg\",\"width\":500,\"height\":500,\"caption\":\"Just Now News\"},\"image\":{\"@id\":\"https:\/\/now-news.de\/de\/#\/schema\/logo\/image\/\"},\"sameAs\":[\"https:\/\/www.facebook.com\/wirmachenauf\",\"https:\/\/x.com\/WirMachenAuf_de\"]},{\"@type\":\"Person\",\"@id\":\"https:\/\/now-news.de\/de\/#\/schema\/person\/fb534a4e865501d8b3285208df34a9b5\",\"name\":\"rtnews\",\"image\":{\"@type\":\"ImageObject\",\"inLanguage\":\"de\",\"@id\":\"https:\/\/now-news.de\/de\/#\/schema\/person\/image\/\",\"url\":\"https:\/\/secure.gravatar.com\/avatar\/82aafea7d8127119dd649515f56e2117?s=96&d=mm&r=g\",\"contentUrl\":\"https:\/\/secure.gravatar.com\/avatar\/82aafea7d8127119dd649515f56e2117?s=96&d=mm&r=g\",\"caption\":\"rtnews\"},\"url\":\"https:\/\/now-news.de\/de\/author\/rnews\/\"}]}<\/script>\n<!-- \/ Yoast SEO Premium plugin. -->","yoast_head_json":{"title":"Nach Haftbefehl gegen Ukrainer: BSW fordert Erkl\u00e4rung des Generalbundesanwalts zu Nord Stream - just-now.NEWS Deutschland","robots":{"index":"index","follow":"follow","max-snippet":"max-snippet:-1","max-image-preview":"max-image-preview:large","max-video-preview":"max-video-preview:-1"},"canonical":"https:\/\/now-news.de\/de\/deutschland\/nach-haftbefehl-gegen-ukrainer-bsw-fordert-erklaerung-des-generalbundesanwalts-zu-nord-stream\/","og_locale":"de_DE","og_type":"article","og_title":"Nach Haftbefehl gegen Ukrainer: BSW fordert Erkl\u00e4rung des Generalbundesanwalts zu Nord Stream","og_description":"Die Bundesanwaltschaft hat wegen der Zerst\u00f6rung der Nord-Stream-Pipelines einen Haftbefehl ausgestellt. Das BSW fordert, dass sich die Beh\u00f6rde vor dem Bundestag erkl\u00e4rt. Sollte tats\u00e4chlich Kiew hinter den Anschl\u00e4gen stecken, m\u00fcssten &#8220;alle milit\u00e4rischen Hilfen infrage gestellt werden.&#8221; Nach den Berichten \u00fcber einen von der Bundesanwaltschaft ausgestellten Haftbefehl gegen einen Ukrainer wegen der Zerst\u00f6rung der Nord-Stream-Pipelines\u00a0hat das [&hellip;]","og_url":"https:\/\/now-news.de\/de\/deutschland\/nach-haftbefehl-gegen-ukrainer-bsw-fordert-erklaerung-des-generalbundesanwalts-zu-nord-stream\/","og_site_name":"just-now.NEWS Deutschland","article_publisher":"https:\/\/www.facebook.com\/wirmachenauf","article_published_time":"2024-08-14T15:28:47+00:00","og_image":[{"url":"https:\/\/now-news.de\/de\/wp-content\/uploads\/sites\/3\/2024\/08\/66bc9896b480cc793766097a.jpg"}],"author":"rtnews","twitter_card":"summary_large_image","twitter_creator":"@WirMachenAuf_de","twitter_site":"@WirMachenAuf_de","twitter_misc":{"Verfasst von":"rtnews","Gesch\u00e4tzte Lesezeit":"2\u00a0Minuten"},"schema":{"@context":"https:\/\/schema.org","@graph":[{"@type":"Article","@id":"https:\/\/now-news.de\/de\/deutschland\/nach-haftbefehl-gegen-ukrainer-bsw-fordert-erklaerung-des-generalbundesanwalts-zu-nord-stream\/#article","isPartOf":{"@id":"https:\/\/now-news.de\/de\/deutschland\/nach-haftbefehl-gegen-ukrainer-bsw-fordert-erklaerung-des-generalbundesanwalts-zu-nord-stream\/"},"author":{"name":"rtnews","@id":"https:\/\/now-news.de\/de\/#\/schema\/person\/fb534a4e865501d8b3285208df34a9b5"},"headline":"Nach Haftbefehl gegen Ukrainer: BSW fordert Erkl\u00e4rung des Generalbundesanwalts zu Nord Stream","datePublished":"2024-08-14T15:28:47+00:00","dateModified":"2024-08-14T15:28:47+00:00","mainEntityOfPage":{"@id":"https:\/\/now-news.de\/de\/deutschland\/nach-haftbefehl-gegen-ukrainer-bsw-fordert-erklaerung-des-generalbundesanwalts-zu-nord-stream\/"},"wordCount":434,"commentCount":0,"publisher":{"@id":"https:\/\/now-news.de\/de\/#organization"},"image":{"@id":"https:\/\/now-news.de\/de\/deutschland\/nach-haftbefehl-gegen-ukrainer-bsw-fordert-erklaerung-des-generalbundesanwalts-zu-nord-stream\/#primaryimage"},"thumbnailUrl":"https:\/\/now-news.de\/de\/wp-content\/uploads\/sites\/3\/2024\/08\/Nach-Haftbefehl-gegen-Ukrainer-BSW-fordert-Erklaerung-des-Generalbundesanwalts-zu.jpg","keywords":["BSW","des","Erkl\u00e4rung","fordert","gegen","Generalbundesanwalts","Haftbefehl","nach","Nord","stream","Ukrainer"],"articleSection":["Deutschland","Russland"],"inLanguage":"de","potentialAction":[{"@type":"CommentAction","name":"Comment","target":["https:\/\/now-news.de\/de\/deutschland\/nach-haftbefehl-gegen-ukrainer-bsw-fordert-erklaerung-des-generalbundesanwalts-zu-nord-stream\/#respond"]}]},{"@type":"WebPage","@id":"https:\/\/now-news.de\/de\/deutschland\/nach-haftbefehl-gegen-ukrainer-bsw-fordert-erklaerung-des-generalbundesanwalts-zu-nord-stream\/","url":"https:\/\/now-news.de\/de\/deutschland\/nach-haftbefehl-gegen-ukrainer-bsw-fordert-erklaerung-des-generalbundesanwalts-zu-nord-stream\/","name":"Nach Haftbefehl gegen Ukrainer: BSW fordert Erkl\u00e4rung des Generalbundesanwalts zu Nord Stream - just-now.NEWS Deutschland","isPartOf":{"@id":"https:\/\/now-news.de\/de\/#website"},"primaryImageOfPage":{"@id":"https:\/\/now-news.de\/de\/deutschland\/nach-haftbefehl-gegen-ukrainer-bsw-fordert-erklaerung-des-generalbundesanwalts-zu-nord-stream\/#primaryimage"},"image":{"@id":"https:\/\/now-news.de\/de\/deutschland\/nach-haftbefehl-gegen-ukrainer-bsw-fordert-erklaerung-des-generalbundesanwalts-zu-nord-stream\/#primaryimage"},"thumbnailUrl":"https:\/\/now-news.de\/de\/wp-content\/uploads\/sites\/3\/2024\/08\/Nach-Haftbefehl-gegen-Ukrainer-BSW-fordert-Erklaerung-des-Generalbundesanwalts-zu.jpg","datePublished":"2024-08-14T15:28:47+00:00","dateModified":"2024-08-14T15:28:47+00:00","breadcrumb":{"@id":"https:\/\/now-news.de\/de\/deutschland\/nach-haftbefehl-gegen-ukrainer-bsw-fordert-erklaerung-des-generalbundesanwalts-zu-nord-stream\/#breadcrumb"},"inLanguage":"de","potentialAction":[{"@type":"ReadAction","target":["https:\/\/now-news.de\/de\/deutschland\/nach-haftbefehl-gegen-ukrainer-bsw-fordert-erklaerung-des-generalbundesanwalts-zu-nord-stream\/"]}]},{"@type":"ImageObject","inLanguage":"de","@id":"https:\/\/now-news.de\/de\/deutschland\/nach-haftbefehl-gegen-ukrainer-bsw-fordert-erklaerung-des-generalbundesanwalts-zu-nord-stream\/#primaryimage","url":"https:\/\/now-news.de\/de\/wp-content\/uploads\/sites\/3\/2024\/08\/Nach-Haftbefehl-gegen-Ukrainer-BSW-fordert-Erklaerung-des-Generalbundesanwalts-zu.jpg","contentUrl":"https:\/\/now-news.de\/de\/wp-content\/uploads\/sites\/3\/2024\/08\/Nach-Haftbefehl-gegen-Ukrainer-BSW-fordert-Erklaerung-des-Generalbundesanwalts-zu.jpg","width":460,"height":259,"caption":"Nach Haftbefehl gegen Ukrainer: BSW fordert Erkl\u00e4rung des Generalbundesanwalts zu Nord Stream"},{"@type":"BreadcrumbList","@id":"https:\/\/now-news.de\/de\/deutschland\/nach-haftbefehl-gegen-ukrainer-bsw-fordert-erklaerung-des-generalbundesanwalts-zu-nord-stream\/#breadcrumb","itemListElement":[{"@type":"ListItem","position":1,"name":"Home","item":"https:\/\/now-news.de\/de\/"},{"@type":"ListItem","position":2,"name":"Nach Haftbefehl gegen Ukrainer: BSW fordert Erkl\u00e4rung des Generalbundesanwalts zu Nord Stream"}]},{"@type":"WebSite","@id":"https:\/\/now-news.de\/de\/#website","url":"https:\/\/now-news.de\/de\/","name":"just-now.NEWS Deutschland","description":"Das Portal f\u00fcr unzensierte Nachrichten aus der Welt","publisher":{"@id":"https:\/\/now-news.de\/de\/#organization"},"potentialAction":[{"@type":"SearchAction","target":{"@type":"EntryPoint","urlTemplate":"https:\/\/now-news.de\/de\/?s={search_term_string}"},"query-input":"required name=search_term_string"}],"inLanguage":"de"},{"@type":"Organization","@id":"https:\/\/now-news.de\/de\/#organization","name":"Just Now News","url":"https:\/\/now-news.de\/de\/","logo":{"@type":"ImageObject","inLanguage":"de","@id":"https:\/\/now-news.de\/de\/#\/schema\/logo\/image\/","url":"http:\/\/just-now.news\/de\/wp-content\/uploads\/sites\/3\/2022\/04\/logo500x500.jpg","contentUrl":"http:\/\/just-now.news\/de\/wp-content\/uploads\/sites\/3\/2022\/04\/logo500x500.jpg","width":500,"height":500,"caption":"Just Now News"},"image":{"@id":"https:\/\/now-news.de\/de\/#\/schema\/logo\/image\/"},"sameAs":["https:\/\/www.facebook.com\/wirmachenauf","https:\/\/x.com\/WirMachenAuf_de"]},{"@type":"Person","@id":"https:\/\/now-news.de\/de\/#\/schema\/person\/fb534a4e865501d8b3285208df34a9b5","name":"rtnews","image":{"@type":"ImageObject","inLanguage":"de","@id":"https:\/\/now-news.de\/de\/#\/schema\/person\/image\/","url":"https:\/\/secure.gravatar.com\/avatar\/82aafea7d8127119dd649515f56e2117?s=96&d=mm&r=g","contentUrl":"https:\/\/secure.gravatar.com\/avatar\/82aafea7d8127119dd649515f56e2117?s=96&d=mm&r=g","caption":"rtnews"},"url":"https:\/\/now-news.de\/de\/author\/rnews\/"}]}},"_links":{"self":[{"href":"https:\/\/now-news.de\/de\/wp-json\/wp\/v2\/posts\/66732"}],"collection":[{"href":"https:\/\/now-news.de\/de\/wp-json\/wp\/v2\/posts"}],"about":[{"href":"https:\/\/now-news.de\/de\/wp-json\/wp\/v2\/types\/post"}],"author":[{"embeddable":true,"href":"https:\/\/now-news.de\/de\/wp-json\/wp\/v2\/users\/3"}],"replies":[{"embeddable":true,"href":"https:\/\/now-news.de\/de\/wp-json\/wp\/v2\/comments?post=66732"}],"version-history":[{"count":0,"href":"https:\/\/now-news.de\/de\/wp-json\/wp\/v2\/posts\/66732\/revisions"}],"wp:featuredmedia":[{"embeddable":true,"href":"https:\/\/now-news.de\/de\/wp-json\/wp\/v2\/media\/66733"}],"wp:attachment":[{"href":"https:\/\/now-news.de\/de\/wp-json\/wp\/v2\/media?parent=66732"}],"wp:term":[{"taxonomy":"category","embeddable":true,"href":"https:\/\/now-news.de\/de\/wp-json\/wp\/v2\/categories?post=66732"},{"taxonomy":"post_tag","embeddable":true,"href":"https:\/\/now-news.de\/de\/wp-json\/wp\/v2\/tags?post=66732"}],"curies":[{"name":"wp","href":"https:\/\/api.w.org\/{rel}","templated":true}]}}