{"id":66720,"date":"2024-08-14T16:13:40","date_gmt":"2024-08-14T14:13:40","guid":{"rendered":"https:\/\/now-news.de\/de\/deutschland\/abbas-russland-soll-aus-friedensprozess-in-nahost-nicht-ausgeschlossen-werden\/"},"modified":"2024-08-14T16:13:40","modified_gmt":"2024-08-14T14:13:40","slug":"abbas-russland-soll-aus-friedensprozess-in-nahost-nicht-ausgeschlossen-werden","status":"publish","type":"post","link":"https:\/\/now-news.de\/de\/deutschland\/abbas-russland-soll-aus-friedensprozess-in-nahost-nicht-ausgeschlossen-werden\/","title":{"rendered":"Abbas: Russland soll aus Friedensprozess in Nahost nicht ausgeschlossen werden"},"content":{"rendered":"<p><img decoding=\"async\" src=\"https:\/\/now-news.de\/de\/wp-content\/uploads\/sites\/3\/2024\/08\/66bcb57248fbef2c6b38ec3d.jpg\" \/><\/p>\n<div class=\"Text-root Text-type_1 \">\n                Im Interview f\u00fcr TASS bestreitet der pal\u00e4stinensische Pr\u00e4sident, Mahmud Abbas, dass Russland aus dem Friedensprozess im Nahen Osten ausgeschlossen werden soll. Moskau suchte immer nach einer gerechten L\u00f6sung des Konflikts.\n            <\/div>\n<p><\/p>\n<div class=\"Text-root Text-type_5 ArticleView-text ViewText-root \">\n<p>Pal\u00e4stina wird unter keinen Umst\u00e4nden einem Ausschluss Russlands aus dem Regelungsprozess im Nahen Osten zustimmen. Dies erkl\u00e4rte der Pr\u00e4sident der pal\u00e4stinensischen Autonomiebeh\u00f6rde, Mahmud Abbas, in einem Interview mit der Nachrichtenagentur\u00a0<em>TASS.<\/em>\u00a0In dem Gespr\u00e4ch er\u00f6rterte Abbas das gestrige Treffen mit dem russischen Pr\u00e4sidenten Wladimir Putin.<\/p>\n<p>Dem Pal\u00e4stinenser zufolge habe Russland immer nach Wegen f\u00fcr eine friedliche und gerechte L\u00f6sung der Nahost-Frage in \u00dcbereinstimmung mit den Normen des internationalen Rechts angestrebt und tue dies auch weiterhin.<\/p>\n<p>Zudem erinnerte Abbas an Moskaus Rolle im sogenannten Nahost-Quartett, aus dem die USA Russland immer auszuschlie\u00dfen versuchten. Der pal\u00e4stinensische Pr\u00e4sident f\u00fchrte weiter aus:<\/p>\n<blockquote>\n<p><em>&#8220;Wir akzeptieren unter keinen Umst\u00e4nden den Ausschluss Russlands von einem Format zur L\u00f6sung der Nahost-Frage, da Russland eine wirklich gerechte, auf dem V\u00f6lkerrecht basierende Position in der Nahost-Frage vertritt.&#8221;<\/em><\/p>\n<\/blockquote>\n<p>Bei der russischen Position meinte Abbas, dass Moskau den israelischen Staat anerkenne, aber im Gegenzug auf die Wiederherstellung Pal\u00e4stinas in den Grenzen von 1967 bestehe. Diese Position vertrete Russland fest und klar im UN-Sicherheitsrat und in der UN-Generalversammlung.<\/p>\n<p><strong>Mehr zum Thema \u2013<\/strong>\u00a0<a rel=\"nofollow noopener\" target=\"_blank\" href=\"https:\/\/freedert.online\/international\/215565-putin-bekraeftigt-russlands-langjaehrige-tief-verwurzelte-unterstuetzung-fuer-palaestina\/\">Putin bekr\u00e4ftigt Russlands &#8220;langj\u00e4hrige, tief verwurzelte&#8221; Unterst\u00fctzung f\u00fcr Pal\u00e4stina<\/a><\/p>\n<\/div>\n<p><br \/>\n<br \/><a href=\"https:\/\/de.rt.com\/international\/215653-abbas-russland-soll-aus-friedensprozess\/\">Source link <\/a><\/p>\n","protected":false},"excerpt":{"rendered":"<p>Im Interview f\u00fcr TASS bestreitet der pal\u00e4stinensische Pr\u00e4sident, Mahmud Abbas, dass Russland aus dem Friedensprozess im Nahen Osten ausgeschlossen werden soll. Moskau suchte immer nach einer gerechten L\u00f6sung des Konflikts. Pal\u00e4stina wird unter keinen Umst\u00e4nden einem Ausschluss Russlands aus dem Regelungsprozess im Nahen Osten zustimmen. Dies erkl\u00e4rte der Pr\u00e4sident der pal\u00e4stinensischen Autonomiebeh\u00f6rde, Mahmud Abbas, in [&hellip;]<\/p>\n","protected":false},"author":3,"featured_media":66721,"comment_status":"open","ping_status":"open","sticky":false,"template":"","format":"standard","meta":{"_yoast_indexnow_last_ping":["1723649249"],"wp_automatic_camp":["217"],"7596c3f1d7ae75e88ca9fa7126d0a8c8":["Abbas: Russland soll aus Friedensprozess in Nahost nicht ausgeschlossen werden"],"original_link":["https:\/\/de.rt.com\/international\/215653-abbas-russland-soll-aus-friedensprozess\/"],"_thumbnail_id":["66721"],"_wptgpro_p2tg_sent2tg":["a:1:{i:23737;s:19:\"2024-08-14 17:28:29\";}"],"jnews_social_counter_last_update":["1777037103"]},"categories":[19,23],"tags":[7488,679,19422,39182,20000,800,126,766,1040],"yoast_head":"<!-- This site is optimized with the Yoast SEO Premium plugin v22.7 (Yoast SEO v22.7) - https:\/\/yoast.com\/wordpress\/plugins\/seo\/ -->\n<title>Abbas: Russland soll aus Friedensprozess in Nahost nicht ausgeschlossen werden - just-now.NEWS Deutschland<\/title>\n<meta name=\"robots\" content=\"index, follow, max-snippet:-1, max-image-preview:large, max-video-preview:-1\" \/>\n<link rel=\"canonical\" href=\"https:\/\/now-news.de\/de\/deutschland\/abbas-russland-soll-aus-friedensprozess-in-nahost-nicht-ausgeschlossen-werden\/\" \/>\n<meta property=\"og:locale\" content=\"de_DE\" \/>\n<meta property=\"og:type\" content=\"article\" \/>\n<meta property=\"og:title\" content=\"Abbas: Russland soll aus Friedensprozess in Nahost nicht ausgeschlossen werden\" \/>\n<meta property=\"og:description\" content=\"Im Interview f\u00fcr TASS bestreitet der pal\u00e4stinensische Pr\u00e4sident, Mahmud Abbas, dass Russland aus dem Friedensprozess im Nahen Osten ausgeschlossen werden soll. Moskau suchte immer nach einer gerechten L\u00f6sung des Konflikts. Pal\u00e4stina wird unter keinen Umst\u00e4nden einem Ausschluss Russlands aus dem Regelungsprozess im Nahen Osten zustimmen. Dies erkl\u00e4rte der Pr\u00e4sident der pal\u00e4stinensischen Autonomiebeh\u00f6rde, Mahmud Abbas, in [&hellip;]\" \/>\n<meta property=\"og:url\" content=\"https:\/\/now-news.de\/de\/deutschland\/abbas-russland-soll-aus-friedensprozess-in-nahost-nicht-ausgeschlossen-werden\/\" \/>\n<meta property=\"og:site_name\" content=\"just-now.NEWS Deutschland\" \/>\n<meta property=\"article:publisher\" content=\"https:\/\/www.facebook.com\/wirmachenauf\" \/>\n<meta property=\"article:published_time\" content=\"2024-08-14T14:13:40+00:00\" \/>\n<meta property=\"og:image\" content=\"https:\/\/now-news.de\/de\/wp-content\/uploads\/sites\/3\/2024\/08\/66bcb57248fbef2c6b38ec3d.jpg\" \/>\n<meta name=\"author\" content=\"rtnews\" \/>\n<meta name=\"twitter:card\" content=\"summary_large_image\" \/>\n<meta name=\"twitter:creator\" content=\"@WirMachenAuf_de\" \/>\n<meta name=\"twitter:site\" content=\"@WirMachenAuf_de\" \/>\n<meta name=\"twitter:label1\" content=\"Verfasst von\" \/>\n\t<meta name=\"twitter:data1\" content=\"rtnews\" \/>\n\t<meta name=\"twitter:label2\" content=\"Gesch\u00e4tzte Lesezeit\" \/>\n\t<meta name=\"twitter:data2\" content=\"1\u00a0Minute\" \/>\n<script type=\"application\/ld+json\" class=\"yoast-schema-graph\">{\"@context\":\"https:\/\/schema.org\",\"@graph\":[{\"@type\":\"Article\",\"@id\":\"https:\/\/now-news.de\/de\/deutschland\/abbas-russland-soll-aus-friedensprozess-in-nahost-nicht-ausgeschlossen-werden\/#article\",\"isPartOf\":{\"@id\":\"https:\/\/now-news.de\/de\/deutschland\/abbas-russland-soll-aus-friedensprozess-in-nahost-nicht-ausgeschlossen-werden\/\"},\"author\":{\"name\":\"rtnews\",\"@id\":\"https:\/\/now-news.de\/de\/#\/schema\/person\/fb534a4e865501d8b3285208df34a9b5\"},\"headline\":\"Abbas: Russland soll aus Friedensprozess in Nahost nicht ausgeschlossen werden\",\"datePublished\":\"2024-08-14T14:13:40+00:00\",\"dateModified\":\"2024-08-14T14:13:40+00:00\",\"mainEntityOfPage\":{\"@id\":\"https:\/\/now-news.de\/de\/deutschland\/abbas-russland-soll-aus-friedensprozess-in-nahost-nicht-ausgeschlossen-werden\/\"},\"wordCount\":248,\"commentCount\":0,\"publisher\":{\"@id\":\"https:\/\/now-news.de\/de\/#organization\"},\"image\":{\"@id\":\"https:\/\/now-news.de\/de\/deutschland\/abbas-russland-soll-aus-friedensprozess-in-nahost-nicht-ausgeschlossen-werden\/#primaryimage\"},\"thumbnailUrl\":\"https:\/\/now-news.de\/de\/wp-content\/uploads\/sites\/3\/2024\/08\/Abbas-Russland-soll-aus-Friedensprozess-in-Nahost-nicht-ausgeschlossen-werden.jpg\",\"keywords\":[\"Abbas\",\"aus\",\"ausgeschlossen\",\"Friedensprozess\",\"Nahost\",\"nicht\",\"russland\",\"soll\",\"Werden\"],\"articleSection\":[\"Deutschland\",\"Russland\"],\"inLanguage\":\"de\",\"potentialAction\":[{\"@type\":\"CommentAction\",\"name\":\"Comment\",\"target\":[\"https:\/\/now-news.de\/de\/deutschland\/abbas-russland-soll-aus-friedensprozess-in-nahost-nicht-ausgeschlossen-werden\/#respond\"]}]},{\"@type\":\"WebPage\",\"@id\":\"https:\/\/now-news.de\/de\/deutschland\/abbas-russland-soll-aus-friedensprozess-in-nahost-nicht-ausgeschlossen-werden\/\",\"url\":\"https:\/\/now-news.de\/de\/deutschland\/abbas-russland-soll-aus-friedensprozess-in-nahost-nicht-ausgeschlossen-werden\/\",\"name\":\"Abbas: Russland soll aus Friedensprozess in Nahost nicht ausgeschlossen werden - just-now.NEWS Deutschland\",\"isPartOf\":{\"@id\":\"https:\/\/now-news.de\/de\/#website\"},\"primaryImageOfPage\":{\"@id\":\"https:\/\/now-news.de\/de\/deutschland\/abbas-russland-soll-aus-friedensprozess-in-nahost-nicht-ausgeschlossen-werden\/#primaryimage\"},\"image\":{\"@id\":\"https:\/\/now-news.de\/de\/deutschland\/abbas-russland-soll-aus-friedensprozess-in-nahost-nicht-ausgeschlossen-werden\/#primaryimage\"},\"thumbnailUrl\":\"https:\/\/now-news.de\/de\/wp-content\/uploads\/sites\/3\/2024\/08\/Abbas-Russland-soll-aus-Friedensprozess-in-Nahost-nicht-ausgeschlossen-werden.jpg\",\"datePublished\":\"2024-08-14T14:13:40+00:00\",\"dateModified\":\"2024-08-14T14:13:40+00:00\",\"breadcrumb\":{\"@id\":\"https:\/\/now-news.de\/de\/deutschland\/abbas-russland-soll-aus-friedensprozess-in-nahost-nicht-ausgeschlossen-werden\/#breadcrumb\"},\"inLanguage\":\"de\",\"potentialAction\":[{\"@type\":\"ReadAction\",\"target\":[\"https:\/\/now-news.de\/de\/deutschland\/abbas-russland-soll-aus-friedensprozess-in-nahost-nicht-ausgeschlossen-werden\/\"]}]},{\"@type\":\"ImageObject\",\"inLanguage\":\"de\",\"@id\":\"https:\/\/now-news.de\/de\/deutschland\/abbas-russland-soll-aus-friedensprozess-in-nahost-nicht-ausgeschlossen-werden\/#primaryimage\",\"url\":\"https:\/\/now-news.de\/de\/wp-content\/uploads\/sites\/3\/2024\/08\/Abbas-Russland-soll-aus-Friedensprozess-in-Nahost-nicht-ausgeschlossen-werden.jpg\",\"contentUrl\":\"https:\/\/now-news.de\/de\/wp-content\/uploads\/sites\/3\/2024\/08\/Abbas-Russland-soll-aus-Friedensprozess-in-Nahost-nicht-ausgeschlossen-werden.jpg\",\"width\":460,\"height\":259,\"caption\":\"Abbas: Russland soll aus Friedensprozess in Nahost nicht ausgeschlossen werden\"},{\"@type\":\"BreadcrumbList\",\"@id\":\"https:\/\/now-news.de\/de\/deutschland\/abbas-russland-soll-aus-friedensprozess-in-nahost-nicht-ausgeschlossen-werden\/#breadcrumb\",\"itemListElement\":[{\"@type\":\"ListItem\",\"position\":1,\"name\":\"Home\",\"item\":\"https:\/\/now-news.de\/de\/\"},{\"@type\":\"ListItem\",\"position\":2,\"name\":\"Abbas: Russland soll aus Friedensprozess in Nahost nicht ausgeschlossen werden\"}]},{\"@type\":\"WebSite\",\"@id\":\"https:\/\/now-news.de\/de\/#website\",\"url\":\"https:\/\/now-news.de\/de\/\",\"name\":\"just-now.NEWS Deutschland\",\"description\":\"Das Portal f\u00fcr unzensierte Nachrichten aus der Welt\",\"publisher\":{\"@id\":\"https:\/\/now-news.de\/de\/#organization\"},\"potentialAction\":[{\"@type\":\"SearchAction\",\"target\":{\"@type\":\"EntryPoint\",\"urlTemplate\":\"https:\/\/now-news.de\/de\/?s={search_term_string}\"},\"query-input\":\"required name=search_term_string\"}],\"inLanguage\":\"de\"},{\"@type\":\"Organization\",\"@id\":\"https:\/\/now-news.de\/de\/#organization\",\"name\":\"Just Now News\",\"url\":\"https:\/\/now-news.de\/de\/\",\"logo\":{\"@type\":\"ImageObject\",\"inLanguage\":\"de\",\"@id\":\"https:\/\/now-news.de\/de\/#\/schema\/logo\/image\/\",\"url\":\"http:\/\/just-now.news\/de\/wp-content\/uploads\/sites\/3\/2022\/04\/logo500x500.jpg\",\"contentUrl\":\"http:\/\/just-now.news\/de\/wp-content\/uploads\/sites\/3\/2022\/04\/logo500x500.jpg\",\"width\":500,\"height\":500,\"caption\":\"Just Now News\"},\"image\":{\"@id\":\"https:\/\/now-news.de\/de\/#\/schema\/logo\/image\/\"},\"sameAs\":[\"https:\/\/www.facebook.com\/wirmachenauf\",\"https:\/\/x.com\/WirMachenAuf_de\"]},{\"@type\":\"Person\",\"@id\":\"https:\/\/now-news.de\/de\/#\/schema\/person\/fb534a4e865501d8b3285208df34a9b5\",\"name\":\"rtnews\",\"image\":{\"@type\":\"ImageObject\",\"inLanguage\":\"de\",\"@id\":\"https:\/\/now-news.de\/de\/#\/schema\/person\/image\/\",\"url\":\"https:\/\/secure.gravatar.com\/avatar\/82aafea7d8127119dd649515f56e2117?s=96&d=mm&r=g\",\"contentUrl\":\"https:\/\/secure.gravatar.com\/avatar\/82aafea7d8127119dd649515f56e2117?s=96&d=mm&r=g\",\"caption\":\"rtnews\"},\"url\":\"https:\/\/now-news.de\/de\/author\/rnews\/\"}]}<\/script>\n<!-- \/ Yoast SEO Premium plugin. -->","yoast_head_json":{"title":"Abbas: Russland soll aus Friedensprozess in Nahost nicht ausgeschlossen werden - just-now.NEWS Deutschland","robots":{"index":"index","follow":"follow","max-snippet":"max-snippet:-1","max-image-preview":"max-image-preview:large","max-video-preview":"max-video-preview:-1"},"canonical":"https:\/\/now-news.de\/de\/deutschland\/abbas-russland-soll-aus-friedensprozess-in-nahost-nicht-ausgeschlossen-werden\/","og_locale":"de_DE","og_type":"article","og_title":"Abbas: Russland soll aus Friedensprozess in Nahost nicht ausgeschlossen werden","og_description":"Im Interview f\u00fcr TASS bestreitet der pal\u00e4stinensische Pr\u00e4sident, Mahmud Abbas, dass Russland aus dem Friedensprozess im Nahen Osten ausgeschlossen werden soll. Moskau suchte immer nach einer gerechten L\u00f6sung des Konflikts. Pal\u00e4stina wird unter keinen Umst\u00e4nden einem Ausschluss Russlands aus dem Regelungsprozess im Nahen Osten zustimmen. Dies erkl\u00e4rte der Pr\u00e4sident der pal\u00e4stinensischen Autonomiebeh\u00f6rde, Mahmud Abbas, in [&hellip;]","og_url":"https:\/\/now-news.de\/de\/deutschland\/abbas-russland-soll-aus-friedensprozess-in-nahost-nicht-ausgeschlossen-werden\/","og_site_name":"just-now.NEWS Deutschland","article_publisher":"https:\/\/www.facebook.com\/wirmachenauf","article_published_time":"2024-08-14T14:13:40+00:00","og_image":[{"url":"https:\/\/now-news.de\/de\/wp-content\/uploads\/sites\/3\/2024\/08\/66bcb57248fbef2c6b38ec3d.jpg"}],"author":"rtnews","twitter_card":"summary_large_image","twitter_creator":"@WirMachenAuf_de","twitter_site":"@WirMachenAuf_de","twitter_misc":{"Verfasst von":"rtnews","Gesch\u00e4tzte Lesezeit":"1\u00a0Minute"},"schema":{"@context":"https:\/\/schema.org","@graph":[{"@type":"Article","@id":"https:\/\/now-news.de\/de\/deutschland\/abbas-russland-soll-aus-friedensprozess-in-nahost-nicht-ausgeschlossen-werden\/#article","isPartOf":{"@id":"https:\/\/now-news.de\/de\/deutschland\/abbas-russland-soll-aus-friedensprozess-in-nahost-nicht-ausgeschlossen-werden\/"},"author":{"name":"rtnews","@id":"https:\/\/now-news.de\/de\/#\/schema\/person\/fb534a4e865501d8b3285208df34a9b5"},"headline":"Abbas: Russland soll aus Friedensprozess in Nahost nicht ausgeschlossen werden","datePublished":"2024-08-14T14:13:40+00:00","dateModified":"2024-08-14T14:13:40+00:00","mainEntityOfPage":{"@id":"https:\/\/now-news.de\/de\/deutschland\/abbas-russland-soll-aus-friedensprozess-in-nahost-nicht-ausgeschlossen-werden\/"},"wordCount":248,"commentCount":0,"publisher":{"@id":"https:\/\/now-news.de\/de\/#organization"},"image":{"@id":"https:\/\/now-news.de\/de\/deutschland\/abbas-russland-soll-aus-friedensprozess-in-nahost-nicht-ausgeschlossen-werden\/#primaryimage"},"thumbnailUrl":"https:\/\/now-news.de\/de\/wp-content\/uploads\/sites\/3\/2024\/08\/Abbas-Russland-soll-aus-Friedensprozess-in-Nahost-nicht-ausgeschlossen-werden.jpg","keywords":["Abbas","aus","ausgeschlossen","Friedensprozess","Nahost","nicht","russland","soll","Werden"],"articleSection":["Deutschland","Russland"],"inLanguage":"de","potentialAction":[{"@type":"CommentAction","name":"Comment","target":["https:\/\/now-news.de\/de\/deutschland\/abbas-russland-soll-aus-friedensprozess-in-nahost-nicht-ausgeschlossen-werden\/#respond"]}]},{"@type":"WebPage","@id":"https:\/\/now-news.de\/de\/deutschland\/abbas-russland-soll-aus-friedensprozess-in-nahost-nicht-ausgeschlossen-werden\/","url":"https:\/\/now-news.de\/de\/deutschland\/abbas-russland-soll-aus-friedensprozess-in-nahost-nicht-ausgeschlossen-werden\/","name":"Abbas: Russland soll aus Friedensprozess in Nahost nicht ausgeschlossen werden - just-now.NEWS Deutschland","isPartOf":{"@id":"https:\/\/now-news.de\/de\/#website"},"primaryImageOfPage":{"@id":"https:\/\/now-news.de\/de\/deutschland\/abbas-russland-soll-aus-friedensprozess-in-nahost-nicht-ausgeschlossen-werden\/#primaryimage"},"image":{"@id":"https:\/\/now-news.de\/de\/deutschland\/abbas-russland-soll-aus-friedensprozess-in-nahost-nicht-ausgeschlossen-werden\/#primaryimage"},"thumbnailUrl":"https:\/\/now-news.de\/de\/wp-content\/uploads\/sites\/3\/2024\/08\/Abbas-Russland-soll-aus-Friedensprozess-in-Nahost-nicht-ausgeschlossen-werden.jpg","datePublished":"2024-08-14T14:13:40+00:00","dateModified":"2024-08-14T14:13:40+00:00","breadcrumb":{"@id":"https:\/\/now-news.de\/de\/deutschland\/abbas-russland-soll-aus-friedensprozess-in-nahost-nicht-ausgeschlossen-werden\/#breadcrumb"},"inLanguage":"de","potentialAction":[{"@type":"ReadAction","target":["https:\/\/now-news.de\/de\/deutschland\/abbas-russland-soll-aus-friedensprozess-in-nahost-nicht-ausgeschlossen-werden\/"]}]},{"@type":"ImageObject","inLanguage":"de","@id":"https:\/\/now-news.de\/de\/deutschland\/abbas-russland-soll-aus-friedensprozess-in-nahost-nicht-ausgeschlossen-werden\/#primaryimage","url":"https:\/\/now-news.de\/de\/wp-content\/uploads\/sites\/3\/2024\/08\/Abbas-Russland-soll-aus-Friedensprozess-in-Nahost-nicht-ausgeschlossen-werden.jpg","contentUrl":"https:\/\/now-news.de\/de\/wp-content\/uploads\/sites\/3\/2024\/08\/Abbas-Russland-soll-aus-Friedensprozess-in-Nahost-nicht-ausgeschlossen-werden.jpg","width":460,"height":259,"caption":"Abbas: Russland soll aus Friedensprozess in Nahost nicht ausgeschlossen werden"},{"@type":"BreadcrumbList","@id":"https:\/\/now-news.de\/de\/deutschland\/abbas-russland-soll-aus-friedensprozess-in-nahost-nicht-ausgeschlossen-werden\/#breadcrumb","itemListElement":[{"@type":"ListItem","position":1,"name":"Home","item":"https:\/\/now-news.de\/de\/"},{"@type":"ListItem","position":2,"name":"Abbas: Russland soll aus Friedensprozess in Nahost nicht ausgeschlossen werden"}]},{"@type":"WebSite","@id":"https:\/\/now-news.de\/de\/#website","url":"https:\/\/now-news.de\/de\/","name":"just-now.NEWS Deutschland","description":"Das Portal f\u00fcr unzensierte Nachrichten aus der Welt","publisher":{"@id":"https:\/\/now-news.de\/de\/#organization"},"potentialAction":[{"@type":"SearchAction","target":{"@type":"EntryPoint","urlTemplate":"https:\/\/now-news.de\/de\/?s={search_term_string}"},"query-input":"required name=search_term_string"}],"inLanguage":"de"},{"@type":"Organization","@id":"https:\/\/now-news.de\/de\/#organization","name":"Just Now News","url":"https:\/\/now-news.de\/de\/","logo":{"@type":"ImageObject","inLanguage":"de","@id":"https:\/\/now-news.de\/de\/#\/schema\/logo\/image\/","url":"http:\/\/just-now.news\/de\/wp-content\/uploads\/sites\/3\/2022\/04\/logo500x500.jpg","contentUrl":"http:\/\/just-now.news\/de\/wp-content\/uploads\/sites\/3\/2022\/04\/logo500x500.jpg","width":500,"height":500,"caption":"Just Now News"},"image":{"@id":"https:\/\/now-news.de\/de\/#\/schema\/logo\/image\/"},"sameAs":["https:\/\/www.facebook.com\/wirmachenauf","https:\/\/x.com\/WirMachenAuf_de"]},{"@type":"Person","@id":"https:\/\/now-news.de\/de\/#\/schema\/person\/fb534a4e865501d8b3285208df34a9b5","name":"rtnews","image":{"@type":"ImageObject","inLanguage":"de","@id":"https:\/\/now-news.de\/de\/#\/schema\/person\/image\/","url":"https:\/\/secure.gravatar.com\/avatar\/82aafea7d8127119dd649515f56e2117?s=96&d=mm&r=g","contentUrl":"https:\/\/secure.gravatar.com\/avatar\/82aafea7d8127119dd649515f56e2117?s=96&d=mm&r=g","caption":"rtnews"},"url":"https:\/\/now-news.de\/de\/author\/rnews\/"}]}},"_links":{"self":[{"href":"https:\/\/now-news.de\/de\/wp-json\/wp\/v2\/posts\/66720"}],"collection":[{"href":"https:\/\/now-news.de\/de\/wp-json\/wp\/v2\/posts"}],"about":[{"href":"https:\/\/now-news.de\/de\/wp-json\/wp\/v2\/types\/post"}],"author":[{"embeddable":true,"href":"https:\/\/now-news.de\/de\/wp-json\/wp\/v2\/users\/3"}],"replies":[{"embeddable":true,"href":"https:\/\/now-news.de\/de\/wp-json\/wp\/v2\/comments?post=66720"}],"version-history":[{"count":0,"href":"https:\/\/now-news.de\/de\/wp-json\/wp\/v2\/posts\/66720\/revisions"}],"wp:featuredmedia":[{"embeddable":true,"href":"https:\/\/now-news.de\/de\/wp-json\/wp\/v2\/media\/66721"}],"wp:attachment":[{"href":"https:\/\/now-news.de\/de\/wp-json\/wp\/v2\/media?parent=66720"}],"wp:term":[{"taxonomy":"category","embeddable":true,"href":"https:\/\/now-news.de\/de\/wp-json\/wp\/v2\/categories?post=66720"},{"taxonomy":"post_tag","embeddable":true,"href":"https:\/\/now-news.de\/de\/wp-json\/wp\/v2\/tags?post=66720"}],"curies":[{"name":"wp","href":"https:\/\/api.w.org\/{rel}","templated":true}]}}