{"id":66650,"date":"2024-08-13T17:38:02","date_gmt":"2024-08-13T15:38:02","guid":{"rendered":"https:\/\/now-news.de\/de\/deutschland\/neuer-ukrainegipfel-europaeische-staaten-fordern-die-beteiligung-russlands\/"},"modified":"2024-08-13T17:38:02","modified_gmt":"2024-08-13T15:38:02","slug":"neuer-ukrainegipfel-europaeische-staaten-fordern-die-beteiligung-russlands","status":"publish","type":"post","link":"https:\/\/now-news.de\/de\/deutschland\/neuer-ukrainegipfel-europaeische-staaten-fordern-die-beteiligung-russlands\/","title":{"rendered":"Neuer Ukrainegipfel: Europ\u00e4ische Staaten fordern die Beteiligung Russlands"},"content":{"rendered":"<p><img decoding=\"async\" src=\"https:\/\/now-news.de\/de\/wp-content\/uploads\/sites\/3\/2024\/08\/66bb289bb480cc3e2e7f2109.jpg\" \/><\/p>\n<div class=\"Text-root Text-type_1 \">\n                Italien und die Schweiz bereiten einen zweiten Ukraine-Friedensgipfel vor. Gem\u00e4\u00df ihrer Erkl\u00e4rung sollen &#8220;die bestm\u00f6glichen Bedingungen f\u00fcr einen zweiten Friedensgipfel geschaffen werden, an dem alle Parteien, einschlie\u00dflich Russlands, und alle relevanten globalen Akteure teilnehmen.&#8221;\n            <\/div>\n<p><\/p>\n<div class=\"Text-root Text-type_5 ArticleView-text ViewText-root \">\n<p>Die Au\u00dfenminister Italiens und der Schweiz wollen gemeinsam die Grundlagen f\u00fcr einen zweiten &#8220;Ukraine-Friedensgipfel&#8221; schaffen, an dem auch Russland teilnehmen soll. Dies geht aus einer gemeinsamen Erkl\u00e4rung hervor, die am Montag auf den Webseiten des italienischen <a rel=\"nofollow noopener\" target=\"_blank\" href=\"https:\/\/www.esteri.it\/en\/sala_stampa\/archivionotizie\/comunicati\/2024\/08\/tajani-e-cassis-firmano-dichiarazione-congiunta-sullucraina-a-locarno\/\">Au\u00dfenministers Antonio Tajani<\/a> und seines Schweizer Amtskollegen Ignazio Cassis ver\u00f6ffentlicht wurde.<\/p>\n<p>Das erste Gipfeltreffen, das im Juni in der Schweiz stattfand, basierte haupts\u00e4chlich auf der &#8220;Friedensformel&#8221; Kiews. Dabei wurde gefordert, dass Russland seine Streitkr\u00e4fte aus allen von der Ukraine beanspruchten Gebieten abzieht. Moskau wies den Plan als &#8220;realit\u00e4tsfern&#8221; zur\u00fcck. Die Konferenz wurde von mehreren L\u00e4ndern boykottiert, darunter auch von China. Von chinesischer Seite hie\u00df es, die Abwesenheit Russlands w\u00fcrde jegliche Diskussionen sinnlos machen.<\/p>\n<p>Anfang dieses Monats erkl\u00e4rte der ukrainische Staatschef Wladimir Selenskij, Russland sei zwar nicht zur ersten Konferenz eingeladen worden, aber die Weltmehrheit wolle, dass Moskau im November bei der geplanten zweiten Veranstaltung mit am Tisch sitze.<\/p>\n<p>In der gemeinsamen Erkl\u00e4rung des italienischen und des Schweizer Au\u00dfenministers zur neuen Friedensgipfel-Initiative schreiben sie:&#8221;Die Erreichung des Friedens erfordert die Einbeziehung aller Parteien und den Dialog zwischen ihnen.&#8221; Gem\u00e4\u00df der Erkl\u00e4rung sollen &#8220;die bestm\u00f6glichen Bedingungen f\u00fcr einen zweiten Friedensgipfel geschaffen werden, an dem alle Parteien, einschlie\u00dflich Russlands, und alle relevanten globalen Akteure teilnehmen.&#8221; Schlie\u00dflich m\u00fcssten auch alle Vorschl\u00e4ge zur Beendigung des Konflikts beachtet werden. Dazu hei\u00dft es in der Erkl\u00e4rung:<\/p>\n<p><em>&#8220;Zu diesem Zweck fordern Italien und die Schweiz alle betroffenen internationalen Akteure auf, keine M\u00fchen zu scheuen, um eine gemeinsame Verhandlungsplattform zu schaffen, die auf der Achtung des V\u00f6lkerrechts und der territorialen Integrit\u00e4t und Souver\u00e4nit\u00e4t aller Staaten beruht, wie sie in der Charta der Vereinten Nationen verankert sind, und die auch die bisher von mehreren Parteien unterbreiteten Vorschl\u00e4ge zur Beendigung des Konflikts ber\u00fccksichtigt.&#8221;<\/em><\/p>\n<p>Die Regierungsvertreter wiederholten auch einige Punkte der Friedenskonferenz vom Juni. Darin wurden alle an dem Konflikt beteiligten Parteien aufgefordert, alle Kriegsgefangenen freizulassen und die Lebensmittel- und Nuklearsicherheit zu gew\u00e4hrleisten. Die Minister vereinbarten, den Kontakt und die Zusammenarbeit aufrechtzuerhalten.\u00a0<\/p>\n<p>Pr\u00e4sident Wladimir Putin hat erkl\u00e4rt, der j\u00fcngste Vorsto\u00df der Ukraine in die russische Region Kursk sei ein Versuch Kiews, &#8220;mithilfe seiner westlichen Herren&#8221; seine Verhandlungsposition zu st\u00e4rken. &#8220;Aber wie k\u00f6nnen wir \u00fcber Verhandlungen mit denjenigen sprechen, die wahllose Angriffe auf Zivilisten und zivile Infrastrukturen durchf\u00fchren oder versuchen, Kernenergieanlagen zu bedrohen?&#8221;, fragte Putin am Montag bei einem Treffen auf h\u00f6chster Ebene.<\/p>\n<p>Kiew hat in der vergangenen Woche einen massiven grenz\u00fcberschreitenden Angriff auf die russische Region gestartet, den gr\u00f6\u00dften Angriff dieser Art seit Beginn des Konflikts. Zwei ukrainische Drohnenangriffe trafen das Kernkraftwerk Saporoschje und besch\u00e4digten dabei auch einen der K\u00fchlt\u00fcrme, wie Rosatom am Sonntagabend mitteilte. Die Offensive auf russischem Gebiet sei ein Versuch, die Aufmerksamkeit vom Donbass abzulenken, wo die ukrainischen Streitkr\u00e4fte seit Monaten Boden an Russland verlieren, so Putin. Mit dem Angriff auf die Region Kursk habe Kiew versucht, die Moral der russischen Bev\u00f6lkerung anzugreifen. Allerdings habe der Einmarsch den gegenteiligen Effekt und f\u00f6rdere sogar die Rekrutierung f\u00fcr die Armee, stellte der russische Pr\u00e4sident klar.<\/p>\n<p><strong>Mehr zum Thema<\/strong> &#8211;\u00a0<a rel=\"nofollow noopener\" target=\"_blank\" href=\"https:\/\/dert.online\/international\/214422-selenskij-schiebt-verantwortung-fuer-gebietsverluste\/\">Selenskij schiebt Verantwortung f\u00fcr Gebietsverluste auf das Volk ab<\/a><\/p>\n<\/div>\n<p><br \/>\n<br \/><a href=\"https:\/\/de.rt.com\/europa\/215459-neuer-friedensgipfel-europaeische-staaten-fordern\/\">Source link <\/a><\/p>\n","protected":false},"excerpt":{"rendered":"<p>Italien und die Schweiz bereiten einen zweiten Ukraine-Friedensgipfel vor. Gem\u00e4\u00df ihrer Erkl\u00e4rung sollen &#8220;die bestm\u00f6glichen Bedingungen f\u00fcr einen zweiten Friedensgipfel geschaffen werden, an dem alle Parteien, einschlie\u00dflich Russlands, und alle relevanten globalen Akteure teilnehmen.&#8221; Die Au\u00dfenminister Italiens und der Schweiz wollen gemeinsam die Grundlagen f\u00fcr einen zweiten &#8220;Ukraine-Friedensgipfel&#8221; schaffen, an dem auch Russland teilnehmen soll. [&hellip;]<\/p>\n","protected":false},"author":3,"featured_media":66651,"comment_status":"open","ping_status":"open","sticky":false,"template":"","format":"standard","meta":{"_yoast_indexnow_last_ping":["1723567355"],"wp_automatic_camp":["217"],"1e6612a343091084c3d8928eb2f66d75":["Neuer Ukrainegipfel: Europ\u00e4ische Staaten fordern die Beteiligung Russlands"],"original_link":["https:\/\/de.rt.com\/europa\/215459-neuer-friedensgipfel-europaeische-staaten-fordern\/"],"_thumbnail_id":["66651"],"jnews_social_counter_last_update":["1777068915"],"_wptgpro_p2tg_sent2tg":["a:1:{i:23737;s:19:\"2024-08-13 18:43:39\";}"]},"categories":[19,23],"tags":[4912,45,21307,3657,956,142,4749,55027],"yoast_head":"<!-- This site is optimized with the Yoast SEO Premium plugin v22.7 (Yoast SEO v22.7) - https:\/\/yoast.com\/wordpress\/plugins\/seo\/ -->\n<title>Neuer Ukrainegipfel: Europ\u00e4ische Staaten fordern die Beteiligung Russlands - just-now.NEWS Deutschland<\/title>\n<meta name=\"robots\" content=\"index, follow, max-snippet:-1, max-image-preview:large, max-video-preview:-1\" \/>\n<link rel=\"canonical\" href=\"https:\/\/now-news.de\/de\/deutschland\/neuer-ukrainegipfel-europaeische-staaten-fordern-die-beteiligung-russlands\/\" \/>\n<meta property=\"og:locale\" content=\"de_DE\" \/>\n<meta property=\"og:type\" content=\"article\" \/>\n<meta property=\"og:title\" content=\"Neuer Ukrainegipfel: Europ\u00e4ische Staaten fordern die Beteiligung Russlands\" \/>\n<meta property=\"og:description\" content=\"Italien und die Schweiz bereiten einen zweiten Ukraine-Friedensgipfel vor. Gem\u00e4\u00df ihrer Erkl\u00e4rung sollen &#8220;die bestm\u00f6glichen Bedingungen f\u00fcr einen zweiten Friedensgipfel geschaffen werden, an dem alle Parteien, einschlie\u00dflich Russlands, und alle relevanten globalen Akteure teilnehmen.&#8221; Die Au\u00dfenminister Italiens und der Schweiz wollen gemeinsam die Grundlagen f\u00fcr einen zweiten &#8220;Ukraine-Friedensgipfel&#8221; schaffen, an dem auch Russland teilnehmen soll. [&hellip;]\" \/>\n<meta property=\"og:url\" content=\"https:\/\/now-news.de\/de\/deutschland\/neuer-ukrainegipfel-europaeische-staaten-fordern-die-beteiligung-russlands\/\" \/>\n<meta property=\"og:site_name\" content=\"just-now.NEWS Deutschland\" \/>\n<meta property=\"article:publisher\" content=\"https:\/\/www.facebook.com\/wirmachenauf\" \/>\n<meta property=\"article:published_time\" content=\"2024-08-13T15:38:02+00:00\" \/>\n<meta property=\"og:image\" content=\"https:\/\/now-news.de\/de\/wp-content\/uploads\/sites\/3\/2024\/08\/66bb289bb480cc3e2e7f2109.jpg\" \/>\n<meta name=\"author\" content=\"rtnews\" \/>\n<meta name=\"twitter:card\" content=\"summary_large_image\" \/>\n<meta name=\"twitter:creator\" content=\"@WirMachenAuf_de\" \/>\n<meta name=\"twitter:site\" content=\"@WirMachenAuf_de\" \/>\n<meta name=\"twitter:label1\" content=\"Verfasst von\" \/>\n\t<meta name=\"twitter:data1\" content=\"rtnews\" \/>\n\t<meta name=\"twitter:label2\" content=\"Gesch\u00e4tzte Lesezeit\" \/>\n\t<meta name=\"twitter:data2\" content=\"3\u00a0Minuten\" \/>\n<script type=\"application\/ld+json\" class=\"yoast-schema-graph\">{\"@context\":\"https:\/\/schema.org\",\"@graph\":[{\"@type\":\"Article\",\"@id\":\"https:\/\/now-news.de\/de\/deutschland\/neuer-ukrainegipfel-europaeische-staaten-fordern-die-beteiligung-russlands\/#article\",\"isPartOf\":{\"@id\":\"https:\/\/now-news.de\/de\/deutschland\/neuer-ukrainegipfel-europaeische-staaten-fordern-die-beteiligung-russlands\/\"},\"author\":{\"name\":\"rtnews\",\"@id\":\"https:\/\/now-news.de\/de\/#\/schema\/person\/fb534a4e865501d8b3285208df34a9b5\"},\"headline\":\"Neuer Ukrainegipfel: Europ\u00e4ische Staaten fordern die Beteiligung Russlands\",\"datePublished\":\"2024-08-13T15:38:02+00:00\",\"dateModified\":\"2024-08-13T15:38:02+00:00\",\"mainEntityOfPage\":{\"@id\":\"https:\/\/now-news.de\/de\/deutschland\/neuer-ukrainegipfel-europaeische-staaten-fordern-die-beteiligung-russlands\/\"},\"wordCount\":592,\"commentCount\":0,\"publisher\":{\"@id\":\"https:\/\/now-news.de\/de\/#organization\"},\"image\":{\"@id\":\"https:\/\/now-news.de\/de\/deutschland\/neuer-ukrainegipfel-europaeische-staaten-fordern-die-beteiligung-russlands\/#primaryimage\"},\"thumbnailUrl\":\"https:\/\/now-news.de\/de\/wp-content\/uploads\/sites\/3\/2024\/08\/Neuer-Ukrainegipfel-Europaeische-Staaten-fordern-die-Beteiligung-Russlands.jpg\",\"keywords\":[\"Beteiligung\",\"die\",\"europ\u00e4ische\",\"f\u00f6rdern\",\"Neuer\",\"Russlands\",\"Staaten\",\"UkraineGipfel\"],\"articleSection\":[\"Deutschland\",\"Russland\"],\"inLanguage\":\"de\",\"potentialAction\":[{\"@type\":\"CommentAction\",\"name\":\"Comment\",\"target\":[\"https:\/\/now-news.de\/de\/deutschland\/neuer-ukrainegipfel-europaeische-staaten-fordern-die-beteiligung-russlands\/#respond\"]}]},{\"@type\":\"WebPage\",\"@id\":\"https:\/\/now-news.de\/de\/deutschland\/neuer-ukrainegipfel-europaeische-staaten-fordern-die-beteiligung-russlands\/\",\"url\":\"https:\/\/now-news.de\/de\/deutschland\/neuer-ukrainegipfel-europaeische-staaten-fordern-die-beteiligung-russlands\/\",\"name\":\"Neuer Ukrainegipfel: Europ\u00e4ische Staaten fordern die Beteiligung Russlands - just-now.NEWS Deutschland\",\"isPartOf\":{\"@id\":\"https:\/\/now-news.de\/de\/#website\"},\"primaryImageOfPage\":{\"@id\":\"https:\/\/now-news.de\/de\/deutschland\/neuer-ukrainegipfel-europaeische-staaten-fordern-die-beteiligung-russlands\/#primaryimage\"},\"image\":{\"@id\":\"https:\/\/now-news.de\/de\/deutschland\/neuer-ukrainegipfel-europaeische-staaten-fordern-die-beteiligung-russlands\/#primaryimage\"},\"thumbnailUrl\":\"https:\/\/now-news.de\/de\/wp-content\/uploads\/sites\/3\/2024\/08\/Neuer-Ukrainegipfel-Europaeische-Staaten-fordern-die-Beteiligung-Russlands.jpg\",\"datePublished\":\"2024-08-13T15:38:02+00:00\",\"dateModified\":\"2024-08-13T15:38:02+00:00\",\"breadcrumb\":{\"@id\":\"https:\/\/now-news.de\/de\/deutschland\/neuer-ukrainegipfel-europaeische-staaten-fordern-die-beteiligung-russlands\/#breadcrumb\"},\"inLanguage\":\"de\",\"potentialAction\":[{\"@type\":\"ReadAction\",\"target\":[\"https:\/\/now-news.de\/de\/deutschland\/neuer-ukrainegipfel-europaeische-staaten-fordern-die-beteiligung-russlands\/\"]}]},{\"@type\":\"ImageObject\",\"inLanguage\":\"de\",\"@id\":\"https:\/\/now-news.de\/de\/deutschland\/neuer-ukrainegipfel-europaeische-staaten-fordern-die-beteiligung-russlands\/#primaryimage\",\"url\":\"https:\/\/now-news.de\/de\/wp-content\/uploads\/sites\/3\/2024\/08\/Neuer-Ukrainegipfel-Europaeische-Staaten-fordern-die-Beteiligung-Russlands.jpg\",\"contentUrl\":\"https:\/\/now-news.de\/de\/wp-content\/uploads\/sites\/3\/2024\/08\/Neuer-Ukrainegipfel-Europaeische-Staaten-fordern-die-Beteiligung-Russlands.jpg\",\"width\":460,\"height\":259,\"caption\":\"Neuer Ukrainegipfel: Europ\u00e4ische Staaten fordern die Beteiligung Russlands\"},{\"@type\":\"BreadcrumbList\",\"@id\":\"https:\/\/now-news.de\/de\/deutschland\/neuer-ukrainegipfel-europaeische-staaten-fordern-die-beteiligung-russlands\/#breadcrumb\",\"itemListElement\":[{\"@type\":\"ListItem\",\"position\":1,\"name\":\"Home\",\"item\":\"https:\/\/now-news.de\/de\/\"},{\"@type\":\"ListItem\",\"position\":2,\"name\":\"Neuer Ukrainegipfel: Europ\u00e4ische Staaten fordern die Beteiligung Russlands\"}]},{\"@type\":\"WebSite\",\"@id\":\"https:\/\/now-news.de\/de\/#website\",\"url\":\"https:\/\/now-news.de\/de\/\",\"name\":\"just-now.NEWS Deutschland\",\"description\":\"Das Portal f\u00fcr unzensierte Nachrichten aus der Welt\",\"publisher\":{\"@id\":\"https:\/\/now-news.de\/de\/#organization\"},\"potentialAction\":[{\"@type\":\"SearchAction\",\"target\":{\"@type\":\"EntryPoint\",\"urlTemplate\":\"https:\/\/now-news.de\/de\/?s={search_term_string}\"},\"query-input\":\"required name=search_term_string\"}],\"inLanguage\":\"de\"},{\"@type\":\"Organization\",\"@id\":\"https:\/\/now-news.de\/de\/#organization\",\"name\":\"Just Now News\",\"url\":\"https:\/\/now-news.de\/de\/\",\"logo\":{\"@type\":\"ImageObject\",\"inLanguage\":\"de\",\"@id\":\"https:\/\/now-news.de\/de\/#\/schema\/logo\/image\/\",\"url\":\"http:\/\/just-now.news\/de\/wp-content\/uploads\/sites\/3\/2022\/04\/logo500x500.jpg\",\"contentUrl\":\"http:\/\/just-now.news\/de\/wp-content\/uploads\/sites\/3\/2022\/04\/logo500x500.jpg\",\"width\":500,\"height\":500,\"caption\":\"Just Now News\"},\"image\":{\"@id\":\"https:\/\/now-news.de\/de\/#\/schema\/logo\/image\/\"},\"sameAs\":[\"https:\/\/www.facebook.com\/wirmachenauf\",\"https:\/\/x.com\/WirMachenAuf_de\"]},{\"@type\":\"Person\",\"@id\":\"https:\/\/now-news.de\/de\/#\/schema\/person\/fb534a4e865501d8b3285208df34a9b5\",\"name\":\"rtnews\",\"image\":{\"@type\":\"ImageObject\",\"inLanguage\":\"de\",\"@id\":\"https:\/\/now-news.de\/de\/#\/schema\/person\/image\/\",\"url\":\"https:\/\/secure.gravatar.com\/avatar\/82aafea7d8127119dd649515f56e2117?s=96&d=mm&r=g\",\"contentUrl\":\"https:\/\/secure.gravatar.com\/avatar\/82aafea7d8127119dd649515f56e2117?s=96&d=mm&r=g\",\"caption\":\"rtnews\"},\"url\":\"https:\/\/now-news.de\/de\/author\/rnews\/\"}]}<\/script>\n<!-- \/ Yoast SEO Premium plugin. -->","yoast_head_json":{"title":"Neuer Ukrainegipfel: Europ\u00e4ische Staaten fordern die Beteiligung Russlands - just-now.NEWS Deutschland","robots":{"index":"index","follow":"follow","max-snippet":"max-snippet:-1","max-image-preview":"max-image-preview:large","max-video-preview":"max-video-preview:-1"},"canonical":"https:\/\/now-news.de\/de\/deutschland\/neuer-ukrainegipfel-europaeische-staaten-fordern-die-beteiligung-russlands\/","og_locale":"de_DE","og_type":"article","og_title":"Neuer Ukrainegipfel: Europ\u00e4ische Staaten fordern die Beteiligung Russlands","og_description":"Italien und die Schweiz bereiten einen zweiten Ukraine-Friedensgipfel vor. Gem\u00e4\u00df ihrer Erkl\u00e4rung sollen &#8220;die bestm\u00f6glichen Bedingungen f\u00fcr einen zweiten Friedensgipfel geschaffen werden, an dem alle Parteien, einschlie\u00dflich Russlands, und alle relevanten globalen Akteure teilnehmen.&#8221; Die Au\u00dfenminister Italiens und der Schweiz wollen gemeinsam die Grundlagen f\u00fcr einen zweiten &#8220;Ukraine-Friedensgipfel&#8221; schaffen, an dem auch Russland teilnehmen soll. [&hellip;]","og_url":"https:\/\/now-news.de\/de\/deutschland\/neuer-ukrainegipfel-europaeische-staaten-fordern-die-beteiligung-russlands\/","og_site_name":"just-now.NEWS Deutschland","article_publisher":"https:\/\/www.facebook.com\/wirmachenauf","article_published_time":"2024-08-13T15:38:02+00:00","og_image":[{"url":"https:\/\/now-news.de\/de\/wp-content\/uploads\/sites\/3\/2024\/08\/66bb289bb480cc3e2e7f2109.jpg"}],"author":"rtnews","twitter_card":"summary_large_image","twitter_creator":"@WirMachenAuf_de","twitter_site":"@WirMachenAuf_de","twitter_misc":{"Verfasst von":"rtnews","Gesch\u00e4tzte Lesezeit":"3\u00a0Minuten"},"schema":{"@context":"https:\/\/schema.org","@graph":[{"@type":"Article","@id":"https:\/\/now-news.de\/de\/deutschland\/neuer-ukrainegipfel-europaeische-staaten-fordern-die-beteiligung-russlands\/#article","isPartOf":{"@id":"https:\/\/now-news.de\/de\/deutschland\/neuer-ukrainegipfel-europaeische-staaten-fordern-die-beteiligung-russlands\/"},"author":{"name":"rtnews","@id":"https:\/\/now-news.de\/de\/#\/schema\/person\/fb534a4e865501d8b3285208df34a9b5"},"headline":"Neuer Ukrainegipfel: Europ\u00e4ische Staaten fordern die Beteiligung Russlands","datePublished":"2024-08-13T15:38:02+00:00","dateModified":"2024-08-13T15:38:02+00:00","mainEntityOfPage":{"@id":"https:\/\/now-news.de\/de\/deutschland\/neuer-ukrainegipfel-europaeische-staaten-fordern-die-beteiligung-russlands\/"},"wordCount":592,"commentCount":0,"publisher":{"@id":"https:\/\/now-news.de\/de\/#organization"},"image":{"@id":"https:\/\/now-news.de\/de\/deutschland\/neuer-ukrainegipfel-europaeische-staaten-fordern-die-beteiligung-russlands\/#primaryimage"},"thumbnailUrl":"https:\/\/now-news.de\/de\/wp-content\/uploads\/sites\/3\/2024\/08\/Neuer-Ukrainegipfel-Europaeische-Staaten-fordern-die-Beteiligung-Russlands.jpg","keywords":["Beteiligung","die","europ\u00e4ische","f\u00f6rdern","Neuer","Russlands","Staaten","UkraineGipfel"],"articleSection":["Deutschland","Russland"],"inLanguage":"de","potentialAction":[{"@type":"CommentAction","name":"Comment","target":["https:\/\/now-news.de\/de\/deutschland\/neuer-ukrainegipfel-europaeische-staaten-fordern-die-beteiligung-russlands\/#respond"]}]},{"@type":"WebPage","@id":"https:\/\/now-news.de\/de\/deutschland\/neuer-ukrainegipfel-europaeische-staaten-fordern-die-beteiligung-russlands\/","url":"https:\/\/now-news.de\/de\/deutschland\/neuer-ukrainegipfel-europaeische-staaten-fordern-die-beteiligung-russlands\/","name":"Neuer Ukrainegipfel: Europ\u00e4ische Staaten fordern die Beteiligung Russlands - just-now.NEWS Deutschland","isPartOf":{"@id":"https:\/\/now-news.de\/de\/#website"},"primaryImageOfPage":{"@id":"https:\/\/now-news.de\/de\/deutschland\/neuer-ukrainegipfel-europaeische-staaten-fordern-die-beteiligung-russlands\/#primaryimage"},"image":{"@id":"https:\/\/now-news.de\/de\/deutschland\/neuer-ukrainegipfel-europaeische-staaten-fordern-die-beteiligung-russlands\/#primaryimage"},"thumbnailUrl":"https:\/\/now-news.de\/de\/wp-content\/uploads\/sites\/3\/2024\/08\/Neuer-Ukrainegipfel-Europaeische-Staaten-fordern-die-Beteiligung-Russlands.jpg","datePublished":"2024-08-13T15:38:02+00:00","dateModified":"2024-08-13T15:38:02+00:00","breadcrumb":{"@id":"https:\/\/now-news.de\/de\/deutschland\/neuer-ukrainegipfel-europaeische-staaten-fordern-die-beteiligung-russlands\/#breadcrumb"},"inLanguage":"de","potentialAction":[{"@type":"ReadAction","target":["https:\/\/now-news.de\/de\/deutschland\/neuer-ukrainegipfel-europaeische-staaten-fordern-die-beteiligung-russlands\/"]}]},{"@type":"ImageObject","inLanguage":"de","@id":"https:\/\/now-news.de\/de\/deutschland\/neuer-ukrainegipfel-europaeische-staaten-fordern-die-beteiligung-russlands\/#primaryimage","url":"https:\/\/now-news.de\/de\/wp-content\/uploads\/sites\/3\/2024\/08\/Neuer-Ukrainegipfel-Europaeische-Staaten-fordern-die-Beteiligung-Russlands.jpg","contentUrl":"https:\/\/now-news.de\/de\/wp-content\/uploads\/sites\/3\/2024\/08\/Neuer-Ukrainegipfel-Europaeische-Staaten-fordern-die-Beteiligung-Russlands.jpg","width":460,"height":259,"caption":"Neuer Ukrainegipfel: Europ\u00e4ische Staaten fordern die Beteiligung Russlands"},{"@type":"BreadcrumbList","@id":"https:\/\/now-news.de\/de\/deutschland\/neuer-ukrainegipfel-europaeische-staaten-fordern-die-beteiligung-russlands\/#breadcrumb","itemListElement":[{"@type":"ListItem","position":1,"name":"Home","item":"https:\/\/now-news.de\/de\/"},{"@type":"ListItem","position":2,"name":"Neuer Ukrainegipfel: Europ\u00e4ische Staaten fordern die Beteiligung Russlands"}]},{"@type":"WebSite","@id":"https:\/\/now-news.de\/de\/#website","url":"https:\/\/now-news.de\/de\/","name":"just-now.NEWS Deutschland","description":"Das Portal f\u00fcr unzensierte Nachrichten aus der Welt","publisher":{"@id":"https:\/\/now-news.de\/de\/#organization"},"potentialAction":[{"@type":"SearchAction","target":{"@type":"EntryPoint","urlTemplate":"https:\/\/now-news.de\/de\/?s={search_term_string}"},"query-input":"required name=search_term_string"}],"inLanguage":"de"},{"@type":"Organization","@id":"https:\/\/now-news.de\/de\/#organization","name":"Just Now News","url":"https:\/\/now-news.de\/de\/","logo":{"@type":"ImageObject","inLanguage":"de","@id":"https:\/\/now-news.de\/de\/#\/schema\/logo\/image\/","url":"http:\/\/just-now.news\/de\/wp-content\/uploads\/sites\/3\/2022\/04\/logo500x500.jpg","contentUrl":"http:\/\/just-now.news\/de\/wp-content\/uploads\/sites\/3\/2022\/04\/logo500x500.jpg","width":500,"height":500,"caption":"Just Now News"},"image":{"@id":"https:\/\/now-news.de\/de\/#\/schema\/logo\/image\/"},"sameAs":["https:\/\/www.facebook.com\/wirmachenauf","https:\/\/x.com\/WirMachenAuf_de"]},{"@type":"Person","@id":"https:\/\/now-news.de\/de\/#\/schema\/person\/fb534a4e865501d8b3285208df34a9b5","name":"rtnews","image":{"@type":"ImageObject","inLanguage":"de","@id":"https:\/\/now-news.de\/de\/#\/schema\/person\/image\/","url":"https:\/\/secure.gravatar.com\/avatar\/82aafea7d8127119dd649515f56e2117?s=96&d=mm&r=g","contentUrl":"https:\/\/secure.gravatar.com\/avatar\/82aafea7d8127119dd649515f56e2117?s=96&d=mm&r=g","caption":"rtnews"},"url":"https:\/\/now-news.de\/de\/author\/rnews\/"}]}},"_links":{"self":[{"href":"https:\/\/now-news.de\/de\/wp-json\/wp\/v2\/posts\/66650"}],"collection":[{"href":"https:\/\/now-news.de\/de\/wp-json\/wp\/v2\/posts"}],"about":[{"href":"https:\/\/now-news.de\/de\/wp-json\/wp\/v2\/types\/post"}],"author":[{"embeddable":true,"href":"https:\/\/now-news.de\/de\/wp-json\/wp\/v2\/users\/3"}],"replies":[{"embeddable":true,"href":"https:\/\/now-news.de\/de\/wp-json\/wp\/v2\/comments?post=66650"}],"version-history":[{"count":0,"href":"https:\/\/now-news.de\/de\/wp-json\/wp\/v2\/posts\/66650\/revisions"}],"wp:featuredmedia":[{"embeddable":true,"href":"https:\/\/now-news.de\/de\/wp-json\/wp\/v2\/media\/66651"}],"wp:attachment":[{"href":"https:\/\/now-news.de\/de\/wp-json\/wp\/v2\/media?parent=66650"}],"wp:term":[{"taxonomy":"category","embeddable":true,"href":"https:\/\/now-news.de\/de\/wp-json\/wp\/v2\/categories?post=66650"},{"taxonomy":"post_tag","embeddable":true,"href":"https:\/\/now-news.de\/de\/wp-json\/wp\/v2\/tags?post=66650"}],"curies":[{"name":"wp","href":"https:\/\/api.w.org\/{rel}","templated":true}]}}