{"id":66618,"date":"2024-08-13T08:30:46","date_gmt":"2024-08-13T06:30:46","guid":{"rendered":"https:\/\/now-news.de\/de\/deutschland\/harald-schmidt-verteidigt-wahlen-und-waehler-der-mainstream-springt-sofort-darauf-an\/"},"modified":"2024-08-13T08:30:46","modified_gmt":"2024-08-13T06:30:46","slug":"harald-schmidt-verteidigt-wahlen-und-waehler-der-mainstream-springt-sofort-darauf-an","status":"publish","type":"post","link":"https:\/\/now-news.de\/de\/deutschland\/harald-schmidt-verteidigt-wahlen-und-waehler-der-mainstream-springt-sofort-darauf-an\/","title":{"rendered":"Harald Schmidt verteidigt Wahlen und W\u00e4hler \u2013 der Mainstream springt sofort darauf an"},"content":{"rendered":"<p><img decoding=\"async\" src=\"https:\/\/now-news.de\/de\/wp-content\/uploads\/sites\/3\/2024\/08\/66ba808448fbef57a3246126.jpg\" \/><\/p>\n<div class=\"Text-root Text-type_1 \">\n                K\u00fcrzlich offenbarte der Satiriker und Entertainer Harald Schmidt auf einer Talkshow-B\u00fchne die ganze Armseligkeit der deutschen AfD-Hetze und das grundlegende gesellschaftliche Problem dahinter. Die Erwiderungen darauf waren d\u00fcnn. Eine Replik in der &#8220;Frankfurter Rundschau&#8221; aber macht die Dramatik \u00fcberdeutlich.\n            <\/div>\n<p><\/p>\n<div class=\"Text-root Text-type_5 ArticleView-text ViewText-root \">\n<p><em>Von Tom J. Wellbrock<\/em><\/p>\n<p>Harald Schmidt ist schmerzfrei. Der Mann hat so viel erlebt, dass ihn Shitstorms oder andere Formen der Angriffe nicht mehr aus der Ruhe bringen k\u00f6nnen. Das ist so und es ist wenig bemerkenswert, wenn man das Schaffen dieses Mannes ein wenig verfolgt hat. Was jedoch in jedem Fall bemerkenswert ist, ist die Tatsache, dass ein ziemlich simpler Satz ausreicht, um die Medienmeute gegen ihn aufzubringen. Auf die Frage des Moderators einer Veranstaltung des <em>Deutschlandfunks<\/em>, wie man denn mit Parteien wie der AfD oder dem BSW umgehen solle, antwortete Schmidt:<\/p>\n<p><em>&#8220;Das sind Ergebnisse von freien Wahlen, von freien, gleichen und geheimen Wahlen. Wenn ich das nicht will: Wahlen abschaffen oder Ergebnis vorher festlegen. F\u00fcr beides gibt es Modelle, aber diese Aufgeregtheit\u00a0\u2026 das verstehe ich nicht<\/em><em>.&#8221;<\/em><\/p>\n<div class=\"EmbedBlock-root EmbedBlock-externalVideo EmbedBlock-rumble\">\n<div class=\"VkEmbed\"><iframe class=\"lazyload\" data-src=\"https:\/\/rumble.com\/embed\/v57u7kd\" frameborder=\"0\" width=\"853\" height=\"480\" allowfullscreen><\/iframe><\/div>\n<\/div>\n<p>Im Grunde ist damit alles gesagt: In Deutschland gibt es freie und geheime Wahlen, AfD und BSW sind gew\u00e4hlte Parteien, Ende der Geschichte. Aber im Land der Wokeness und Kriegstreiberei funktioniert das so nicht. Also gab es reichlich Gegenwind f\u00fcr Schmidt. Ein argumentativ besonderes Leichtgewicht warf mit so vielen Watteb\u00e4uschen wie m\u00f6glich auf Harald Schmidt: Moritz Post von der <a rel=\"nofollow noopener\" target=\"_blank\" href=\"https:\/\/www.fr.de\/kultur\/tv-kino\/harald-schmidt-ist-offenbar-nichts-mehr-peinlich-93235328.html?utm_term=Autofeed&amp;utm_medium=Social&amp;utm_source=Twitter#Echobox=1723276798\"><em>Frankfurter Rundschau<\/em><\/a>.<\/p>\n<h3>Geh in Rente, Alter!<\/h3>\n<p>Gleich zu Beginn seines wirren Textes macht Post deutlich, dass er Schmidt gern in Rente sehen w\u00fcrde. Und wirft ihm dann vor:<\/p>\n<p><em>&#8220;Stattdessen hat es sich der Rentner zur Gewohnheit gemacht, durch kontroverse <a rel=\"nofollow noopener\" target=\"_blank\" href=\"https:\/\/www.fr.de\/panorama\/leute\/nach-skandal-foto-harald-schmidt-bricht-sein-schweigen-auch-boehmermann-reagiert-zr-92485389.html\">Auftritte mit Rechtspopulisten<\/a> oder sexistischen \u00c4u\u00dferungen gegen\u00fcber renommierten Politikwissenschaftlerinnen aufzufallen.&#8221;<\/em><\/p>\n<p>Das ist keine Kunst, das kann weg. Um welche sexistischen \u00c4u\u00dferungen es sich handelt, erf\u00e4hrt der unbedarfte Leser nicht, die kontroversen Auftritte aber sind ein paar Fotos mit Hans Georg Maa\u00dfen und Matthias Matussek. Die \u00fcbliche Kontaktschuld also, kann in die Tonne. Wer die beiden \u00fcbrigens nicht kennt, m\u00f6ge recherchieren, nur so viel: Der Autor dieses Textes sa\u00df neben Matussek mal ein paar Stunden im Flugzeug und hat es \u00fcberlebt.<\/p>\n<p>Man liest weiter und hofft auf ein Argument, das sollte schlie\u00dflich der Sinn eines solchen Artikels sein. Also irgendwas mit Wahlen und Demokratie sollte schon vorkommen beim Post-Mann. Aber da ist nichts, mit gutem Willen versucht man \u2013 letztlich aber erfolglos \u2013 diesen Erguss als Argumentationsversuch zu verstehen:<\/p>\n<p><em>&#8220;<\/em>Z<em>war verkauft Schmidt seine Einstellung in einem Duktus, der sich aus einer angeblich von Genialit\u00e4t und Altersweisheit geschw\u00e4ngerten Attit\u00fcde speist. Bei genauerer Betrachtung ist es aber ein Leichtes, diese Fassade als das zu erkennen, was sie ist: Die Einstellung eines 12-j\u00e4hrigen Lausbuben, der seine Hausaufgaben nicht macht, den Lehrerinnen und Lehrern in der Schule nicht zuh\u00f6rt, deshalb in keiner Weise fundiert \u00fcber die relevanten Dinge des Lebens informiert ist, auf dem Pausenhof aber der Anf\u00fchrer sein m\u00f6chte, was er aber nur durch sein (vor-)lautes Organ zu realisieren in der Lage ist.&#8221;<\/em><\/p>\n<p>Nun ja, Zuschreibungen und Beleidigungen, kann man machen. Etwas Substanzielles sollte aber wenigstens mitmischen. Vielleicht irgendwas mit Wahlen und Demokratie, oder so. Okay, vielleicht weiter unten im Text.<\/p>\n<h3>Nie wieder! Oder so \u00e4hnlich<\/h3>\n<p>Langsam kommt Post in Fahrt und geht auf das oben genannte Schmidt-Zitat ein. Zun\u00e4chst unterstellt er dem Entertainer, dieser halte die W\u00e4hler f\u00fcr zu doof, um richtig zu w\u00e4hlen. Das d\u00fcrfte man aber vernachl\u00e4ssigen, ist wohl nur in Moritz\u2019 Kopf. Dann aber f\u00e4hrt er zur Hochform auf. Schmidt habe eine \u00fcberhebliche und chauvinistische Position, er verk\u00fcrze und stelle alles intellektuell unterkomplex dar, Post sei nicht klar, ob der Mann sich \u00fcberhaupt selbst mal zuh\u00f6re, geschweige denn verstehe, was er sagt.<\/p>\n<p>Nein, das ist nat\u00fcrlich noch immer keine Argumentation, sondern weiterhin plumpes Geschimpfe, kombiniert mit dem Versuch, das alles irgendwie intellektuell und tiefgr\u00fcndig &#8216;r\u00fcberkommen zu lassen. Aber jetzt kommt das Argument, zumindest wollen wir die folgenden Worte einmal so interpretieren:<\/p>\n<p><em>&#8220;Denn um zu begreifen, was die Wahl einer rechtsextremen Partei f\u00fcr Folgen haben kann, muss man mittlerweile nicht mehr zur\u00fcck in die letzten Jahre der Weimarer Republik schauen. Die AfD hat in den vergangenen Jahren durch politische Initiativen und Anfragen sehr deutlich gemacht, was die Partei vorhat: Netzwerke zur Demokratief\u00f6rderung abschaffen und eine illiberale Gesellschaft etablieren.&#8221;<\/em><\/p>\n<p>Was lesen wir heraus? Wenn wir Bezug nehmen auf das Schmidt-Zitat, m\u00fcssen wir uns an die Stichworte Wahlen und Demokratie klammern, denn darum ging es dem Satiriker ja. Und wir entdecken endlich, was Post uns sagen will: Wahlen geh\u00f6ren abgeschafft, oder zumindest so hingebogen, dass sich bestimmte Parteien nicht mehr einfach so w\u00e4hlen lassen d\u00fcrfen. Wir m\u00fcssen also im Grunde die Demokratief\u00f6rderung abschaffen und eine illiberale Gesellschaft aufbauen, um genau dies zu verhindern. Vielleicht irrt der Autor dieses Textes, aber es f\u00e4llt ihm schwer, Post anders zu verstehen.<\/p>\n<h3>Die Kr\u00f6nung!<\/h3>\n<p>Am Ende des Artikels pr\u00e4sentiert uns Post die Kr\u00f6nung des Absurden, den Gipfel der Dummheit, den H\u00f6hepunkt des Wahnwitzes, wenn er schreibt:<\/p>\n<p><em>&#8220;Die Demokratie, wie wir sie in Deutschland haben, hat auch die zentrale Aufgabe, Minderheiten zu sch\u00fctzen und die Pluralit\u00e4t der Gesellschaft zu wahren. Mit der AfD in der Regierung, w\u00fcrde die Demokratie diese Aufgabe nicht mehr erf\u00fcllen und w\u00fcrde dysfunktional. Auch wenn die B\u00fcrger:innen weiterhin ihr Kreuz setzen d\u00fcrfen. Dabei brauchen wir solch eine plurale Demokratie mehr denn je. Doch das will Schmidt einfach nicht wahrhaben. Was heute stattdessen wirklich niemand mehr braucht, ist Harald Schmidt.&#8221;<\/em><\/p>\n<p>Moment mal! Minderheiten sch\u00fctzen? Gegen Mehrheiten? Muss wohl so sein, denn der Post-Mann hat ja recht: Zumindest in den ostdeutschen Bundesl\u00e4ndern sind die etablierten Parteien wie Gr\u00fcne, SPD oder FDP heute nur noch mickrige Minderheiten. Will Post die sch\u00fctzen? Und wenn ja, wie genau? Durch erzwungene Kreuze auf Wahlzetteln? Dann w\u00e4re er nahe dran an dem, was Schmidt meinte, als er sagte, es gebe &#8220;f\u00fcr beides Modelle&#8221;.<\/p>\n<p>Nein, Post muss etwas anderes meinen, er will ja schlie\u00dflich die Pluralit\u00e4t retten. Geh\u00f6rt zu der aber nicht auch ein breites politisches Angebot, also Parteien, die unterschiedliche Positionen vertreten? Sonst ist es doch nicht mehr pluralistisch, oder?<\/p>\n<p>Post will die Wahlen in ihrer jetzigen Form abschaffen, man kann einfach zu keinem anderen Schluss kommen. Die Menschen sollen also weiterhin ihr Kreuz setzen d\u00fcrfen, nur eben nicht an der falschen Stelle. Derzeit zeichnet sich aber \u00fcberdeutlich ab, dass viele der W\u00e4hler der Postschen Forderung einfach nicht nachkommen wollen. Und was weiter oben bereits geschrieben wurde, sei hier wiederholt, allerdings nicht als Unterstellung Harald Schmidt gegen\u00fcber, denn wenn hier jemand die<\/p>\n<blockquote>\n<p>W\u00e4hler als zu doof, um richtig zu w\u00e4hlen<\/p>\n<\/blockquote>\n<p>einordnet, dann ist das Moritz Post, und niemand sonst.<\/p>\n<p><em>Tom J. Wellbrock ist Journalist, Sprecher, Podcaster, Moderator und Mitherausgeber des Blogs\u00a0<\/em><em><a rel=\"nofollow noopener\" target=\"_blank\" href=\"https:\/\/www.neulandrebellen.de\/\">neulandrebellen<\/a><\/em><em>.<\/em><\/p>\n<p><strong>Mehr zum Thema\u00a0<\/strong>\u2013 <a rel=\"nofollow noopener\" target=\"_blank\" href=\"https:\/\/freedert.online\/inland\/215088-frank-castorf-sieht-afd-als\/\">Frank Castorf sieht AfD als &#8220;Rache des Ostens&#8221;: &#8220;Jetzt will der Westen die Mauer wieder hochziehen&#8221;<\/a><\/p>\n<\/p>\n<\/p>\n<\/div>\n<p><br \/>\n<br \/><a href=\"https:\/\/de.rt.com\/meinung\/215331-mit-wattebaeuschen-gegen-harald-schmidt\/\">Source link <\/a><\/p>\n","protected":false},"excerpt":{"rendered":"<p>K\u00fcrzlich offenbarte der Satiriker und Entertainer Harald Schmidt auf einer Talkshow-B\u00fchne die ganze Armseligkeit der deutschen AfD-Hetze und das grundlegende gesellschaftliche Problem dahinter. Die Erwiderungen darauf waren d\u00fcnn. Eine Replik in der &#8220;Frankfurter Rundschau&#8221; aber macht die Dramatik \u00fcberdeutlich. Von Tom J. Wellbrock Harald Schmidt ist schmerzfrei. Der Mann hat so viel erlebt, dass ihn [&hellip;]<\/p>\n","protected":false},"author":3,"featured_media":66619,"comment_status":"open","ping_status":"open","sticky":false,"template":"","format":"standard","meta":{"_yoast_indexnow_last_ping":["1723531587"],"wp_automatic_camp":["217"],"db52991f42845c041e2242605f548efe":["Harald Schmidt verteidigt Wahlen und W\u00e4hler \u2013 der Mainstream springt sofort darauf an"],"original_link":["https:\/\/de.rt.com\/meinung\/215331-mit-wattebaeuschen-gegen-harald-schmidt\/"],"_thumbnail_id":["66619"],"_wptgpro_p2tg_sent2tg":["a:1:{i:23737;s:19:\"2024-08-13 08:47:40\";}"],"jnews_social_counter_last_update":["1777374863"]},"categories":[19,23],"tags":[6451,82,39411,24689,30937,18148,24407,140,4753,2576,13169],"yoast_head":"<!-- This site is optimized with the Yoast SEO Premium plugin v22.7 (Yoast SEO v22.7) - https:\/\/yoast.com\/wordpress\/plugins\/seo\/ -->\n<title>Harald Schmidt verteidigt Wahlen und W\u00e4hler \u2013 der Mainstream springt sofort darauf an - just-now.NEWS Deutschland<\/title>\n<meta name=\"robots\" content=\"index, follow, max-snippet:-1, max-image-preview:large, max-video-preview:-1\" \/>\n<link rel=\"canonical\" href=\"https:\/\/now-news.de\/de\/deutschland\/harald-schmidt-verteidigt-wahlen-und-waehler-der-mainstream-springt-sofort-darauf-an\/\" \/>\n<meta property=\"og:locale\" content=\"de_DE\" \/>\n<meta property=\"og:type\" content=\"article\" \/>\n<meta property=\"og:title\" content=\"Harald Schmidt verteidigt Wahlen und W\u00e4hler \u2013 der Mainstream springt sofort darauf an\" \/>\n<meta property=\"og:description\" content=\"K\u00fcrzlich offenbarte der Satiriker und Entertainer Harald Schmidt auf einer Talkshow-B\u00fchne die ganze Armseligkeit der deutschen AfD-Hetze und das grundlegende gesellschaftliche Problem dahinter. Die Erwiderungen darauf waren d\u00fcnn. Eine Replik in der &#8220;Frankfurter Rundschau&#8221; aber macht die Dramatik \u00fcberdeutlich. Von Tom J. Wellbrock Harald Schmidt ist schmerzfrei. Der Mann hat so viel erlebt, dass ihn [&hellip;]\" \/>\n<meta property=\"og:url\" content=\"https:\/\/now-news.de\/de\/deutschland\/harald-schmidt-verteidigt-wahlen-und-waehler-der-mainstream-springt-sofort-darauf-an\/\" \/>\n<meta property=\"og:site_name\" content=\"just-now.NEWS Deutschland\" \/>\n<meta property=\"article:publisher\" content=\"https:\/\/www.facebook.com\/wirmachenauf\" \/>\n<meta property=\"article:published_time\" content=\"2024-08-13T06:30:46+00:00\" \/>\n<meta property=\"og:image\" content=\"https:\/\/now-news.de\/de\/wp-content\/uploads\/sites\/3\/2024\/08\/66ba808448fbef57a3246126.jpg\" \/>\n<meta name=\"author\" content=\"rtnews\" \/>\n<meta name=\"twitter:card\" content=\"summary_large_image\" \/>\n<meta name=\"twitter:creator\" content=\"@WirMachenAuf_de\" \/>\n<meta name=\"twitter:site\" content=\"@WirMachenAuf_de\" \/>\n<meta name=\"twitter:label1\" content=\"Verfasst von\" \/>\n\t<meta name=\"twitter:data1\" content=\"rtnews\" \/>\n\t<meta name=\"twitter:label2\" content=\"Gesch\u00e4tzte Lesezeit\" \/>\n\t<meta name=\"twitter:data2\" content=\"6\u00a0Minuten\" \/>\n<script type=\"application\/ld+json\" class=\"yoast-schema-graph\">{\"@context\":\"https:\/\/schema.org\",\"@graph\":[{\"@type\":\"Article\",\"@id\":\"https:\/\/now-news.de\/de\/deutschland\/harald-schmidt-verteidigt-wahlen-und-waehler-der-mainstream-springt-sofort-darauf-an\/#article\",\"isPartOf\":{\"@id\":\"https:\/\/now-news.de\/de\/deutschland\/harald-schmidt-verteidigt-wahlen-und-waehler-der-mainstream-springt-sofort-darauf-an\/\"},\"author\":{\"name\":\"rtnews\",\"@id\":\"https:\/\/now-news.de\/de\/#\/schema\/person\/fb534a4e865501d8b3285208df34a9b5\"},\"headline\":\"Harald Schmidt verteidigt Wahlen und W\u00e4hler \u2013 der Mainstream springt sofort darauf an\",\"datePublished\":\"2024-08-13T06:30:46+00:00\",\"dateModified\":\"2024-08-13T06:30:46+00:00\",\"mainEntityOfPage\":{\"@id\":\"https:\/\/now-news.de\/de\/deutschland\/harald-schmidt-verteidigt-wahlen-und-waehler-der-mainstream-springt-sofort-darauf-an\/\"},\"wordCount\":1192,\"commentCount\":0,\"publisher\":{\"@id\":\"https:\/\/now-news.de\/de\/#organization\"},\"image\":{\"@id\":\"https:\/\/now-news.de\/de\/deutschland\/harald-schmidt-verteidigt-wahlen-und-waehler-der-mainstream-springt-sofort-darauf-an\/#primaryimage\"},\"thumbnailUrl\":\"https:\/\/now-news.de\/de\/wp-content\/uploads\/sites\/3\/2024\/08\/Harald-Schmidt-verteidigt-Wahlen-und-Waehler-\u2013-der-Mainstream-springt.jpg\",\"keywords\":[\"darauf\",\"der\",\"Harald\",\"Mainstream\",\"Schmidt\",\"sofort\",\"springt\",\"und\",\"verteidigt\",\"Wahlen\",\"W\u00e4hler\"],\"articleSection\":[\"Deutschland\",\"Russland\"],\"inLanguage\":\"de\",\"potentialAction\":[{\"@type\":\"CommentAction\",\"name\":\"Comment\",\"target\":[\"https:\/\/now-news.de\/de\/deutschland\/harald-schmidt-verteidigt-wahlen-und-waehler-der-mainstream-springt-sofort-darauf-an\/#respond\"]}]},{\"@type\":\"WebPage\",\"@id\":\"https:\/\/now-news.de\/de\/deutschland\/harald-schmidt-verteidigt-wahlen-und-waehler-der-mainstream-springt-sofort-darauf-an\/\",\"url\":\"https:\/\/now-news.de\/de\/deutschland\/harald-schmidt-verteidigt-wahlen-und-waehler-der-mainstream-springt-sofort-darauf-an\/\",\"name\":\"Harald Schmidt verteidigt Wahlen und W\u00e4hler \u2013 der Mainstream springt sofort darauf an - just-now.NEWS Deutschland\",\"isPartOf\":{\"@id\":\"https:\/\/now-news.de\/de\/#website\"},\"primaryImageOfPage\":{\"@id\":\"https:\/\/now-news.de\/de\/deutschland\/harald-schmidt-verteidigt-wahlen-und-waehler-der-mainstream-springt-sofort-darauf-an\/#primaryimage\"},\"image\":{\"@id\":\"https:\/\/now-news.de\/de\/deutschland\/harald-schmidt-verteidigt-wahlen-und-waehler-der-mainstream-springt-sofort-darauf-an\/#primaryimage\"},\"thumbnailUrl\":\"https:\/\/now-news.de\/de\/wp-content\/uploads\/sites\/3\/2024\/08\/Harald-Schmidt-verteidigt-Wahlen-und-Waehler-\u2013-der-Mainstream-springt.jpg\",\"datePublished\":\"2024-08-13T06:30:46+00:00\",\"dateModified\":\"2024-08-13T06:30:46+00:00\",\"breadcrumb\":{\"@id\":\"https:\/\/now-news.de\/de\/deutschland\/harald-schmidt-verteidigt-wahlen-und-waehler-der-mainstream-springt-sofort-darauf-an\/#breadcrumb\"},\"inLanguage\":\"de\",\"potentialAction\":[{\"@type\":\"ReadAction\",\"target\":[\"https:\/\/now-news.de\/de\/deutschland\/harald-schmidt-verteidigt-wahlen-und-waehler-der-mainstream-springt-sofort-darauf-an\/\"]}]},{\"@type\":\"ImageObject\",\"inLanguage\":\"de\",\"@id\":\"https:\/\/now-news.de\/de\/deutschland\/harald-schmidt-verteidigt-wahlen-und-waehler-der-mainstream-springt-sofort-darauf-an\/#primaryimage\",\"url\":\"https:\/\/now-news.de\/de\/wp-content\/uploads\/sites\/3\/2024\/08\/Harald-Schmidt-verteidigt-Wahlen-und-Waehler-\u2013-der-Mainstream-springt.jpg\",\"contentUrl\":\"https:\/\/now-news.de\/de\/wp-content\/uploads\/sites\/3\/2024\/08\/Harald-Schmidt-verteidigt-Wahlen-und-Waehler-\u2013-der-Mainstream-springt.jpg\",\"width\":460,\"height\":259,\"caption\":\"Harald Schmidt verteidigt Wahlen und W\u00e4hler \u2013 der Mainstream springt sofort darauf an\"},{\"@type\":\"BreadcrumbList\",\"@id\":\"https:\/\/now-news.de\/de\/deutschland\/harald-schmidt-verteidigt-wahlen-und-waehler-der-mainstream-springt-sofort-darauf-an\/#breadcrumb\",\"itemListElement\":[{\"@type\":\"ListItem\",\"position\":1,\"name\":\"Home\",\"item\":\"https:\/\/now-news.de\/de\/\"},{\"@type\":\"ListItem\",\"position\":2,\"name\":\"Harald Schmidt verteidigt Wahlen und W\u00e4hler \u2013 der Mainstream springt sofort darauf an\"}]},{\"@type\":\"WebSite\",\"@id\":\"https:\/\/now-news.de\/de\/#website\",\"url\":\"https:\/\/now-news.de\/de\/\",\"name\":\"just-now.NEWS Deutschland\",\"description\":\"Das Portal f\u00fcr unzensierte Nachrichten aus der Welt\",\"publisher\":{\"@id\":\"https:\/\/now-news.de\/de\/#organization\"},\"potentialAction\":[{\"@type\":\"SearchAction\",\"target\":{\"@type\":\"EntryPoint\",\"urlTemplate\":\"https:\/\/now-news.de\/de\/?s={search_term_string}\"},\"query-input\":\"required name=search_term_string\"}],\"inLanguage\":\"de\"},{\"@type\":\"Organization\",\"@id\":\"https:\/\/now-news.de\/de\/#organization\",\"name\":\"Just Now News\",\"url\":\"https:\/\/now-news.de\/de\/\",\"logo\":{\"@type\":\"ImageObject\",\"inLanguage\":\"de\",\"@id\":\"https:\/\/now-news.de\/de\/#\/schema\/logo\/image\/\",\"url\":\"http:\/\/just-now.news\/de\/wp-content\/uploads\/sites\/3\/2022\/04\/logo500x500.jpg\",\"contentUrl\":\"http:\/\/just-now.news\/de\/wp-content\/uploads\/sites\/3\/2022\/04\/logo500x500.jpg\",\"width\":500,\"height\":500,\"caption\":\"Just Now News\"},\"image\":{\"@id\":\"https:\/\/now-news.de\/de\/#\/schema\/logo\/image\/\"},\"sameAs\":[\"https:\/\/www.facebook.com\/wirmachenauf\",\"https:\/\/x.com\/WirMachenAuf_de\"]},{\"@type\":\"Person\",\"@id\":\"https:\/\/now-news.de\/de\/#\/schema\/person\/fb534a4e865501d8b3285208df34a9b5\",\"name\":\"rtnews\",\"image\":{\"@type\":\"ImageObject\",\"inLanguage\":\"de\",\"@id\":\"https:\/\/now-news.de\/de\/#\/schema\/person\/image\/\",\"url\":\"https:\/\/secure.gravatar.com\/avatar\/82aafea7d8127119dd649515f56e2117?s=96&d=mm&r=g\",\"contentUrl\":\"https:\/\/secure.gravatar.com\/avatar\/82aafea7d8127119dd649515f56e2117?s=96&d=mm&r=g\",\"caption\":\"rtnews\"},\"url\":\"https:\/\/now-news.de\/de\/author\/rnews\/\"}]}<\/script>\n<!-- \/ Yoast SEO Premium plugin. -->","yoast_head_json":{"title":"Harald Schmidt verteidigt Wahlen und W\u00e4hler \u2013 der Mainstream springt sofort darauf an - just-now.NEWS Deutschland","robots":{"index":"index","follow":"follow","max-snippet":"max-snippet:-1","max-image-preview":"max-image-preview:large","max-video-preview":"max-video-preview:-1"},"canonical":"https:\/\/now-news.de\/de\/deutschland\/harald-schmidt-verteidigt-wahlen-und-waehler-der-mainstream-springt-sofort-darauf-an\/","og_locale":"de_DE","og_type":"article","og_title":"Harald Schmidt verteidigt Wahlen und W\u00e4hler \u2013 der Mainstream springt sofort darauf an","og_description":"K\u00fcrzlich offenbarte der Satiriker und Entertainer Harald Schmidt auf einer Talkshow-B\u00fchne die ganze Armseligkeit der deutschen AfD-Hetze und das grundlegende gesellschaftliche Problem dahinter. Die Erwiderungen darauf waren d\u00fcnn. Eine Replik in der &#8220;Frankfurter Rundschau&#8221; aber macht die Dramatik \u00fcberdeutlich. Von Tom J. Wellbrock Harald Schmidt ist schmerzfrei. Der Mann hat so viel erlebt, dass ihn [&hellip;]","og_url":"https:\/\/now-news.de\/de\/deutschland\/harald-schmidt-verteidigt-wahlen-und-waehler-der-mainstream-springt-sofort-darauf-an\/","og_site_name":"just-now.NEWS Deutschland","article_publisher":"https:\/\/www.facebook.com\/wirmachenauf","article_published_time":"2024-08-13T06:30:46+00:00","og_image":[{"url":"https:\/\/now-news.de\/de\/wp-content\/uploads\/sites\/3\/2024\/08\/66ba808448fbef57a3246126.jpg"}],"author":"rtnews","twitter_card":"summary_large_image","twitter_creator":"@WirMachenAuf_de","twitter_site":"@WirMachenAuf_de","twitter_misc":{"Verfasst von":"rtnews","Gesch\u00e4tzte Lesezeit":"6\u00a0Minuten"},"schema":{"@context":"https:\/\/schema.org","@graph":[{"@type":"Article","@id":"https:\/\/now-news.de\/de\/deutschland\/harald-schmidt-verteidigt-wahlen-und-waehler-der-mainstream-springt-sofort-darauf-an\/#article","isPartOf":{"@id":"https:\/\/now-news.de\/de\/deutschland\/harald-schmidt-verteidigt-wahlen-und-waehler-der-mainstream-springt-sofort-darauf-an\/"},"author":{"name":"rtnews","@id":"https:\/\/now-news.de\/de\/#\/schema\/person\/fb534a4e865501d8b3285208df34a9b5"},"headline":"Harald Schmidt verteidigt Wahlen und W\u00e4hler \u2013 der Mainstream springt sofort darauf an","datePublished":"2024-08-13T06:30:46+00:00","dateModified":"2024-08-13T06:30:46+00:00","mainEntityOfPage":{"@id":"https:\/\/now-news.de\/de\/deutschland\/harald-schmidt-verteidigt-wahlen-und-waehler-der-mainstream-springt-sofort-darauf-an\/"},"wordCount":1192,"commentCount":0,"publisher":{"@id":"https:\/\/now-news.de\/de\/#organization"},"image":{"@id":"https:\/\/now-news.de\/de\/deutschland\/harald-schmidt-verteidigt-wahlen-und-waehler-der-mainstream-springt-sofort-darauf-an\/#primaryimage"},"thumbnailUrl":"https:\/\/now-news.de\/de\/wp-content\/uploads\/sites\/3\/2024\/08\/Harald-Schmidt-verteidigt-Wahlen-und-Waehler-\u2013-der-Mainstream-springt.jpg","keywords":["darauf","der","Harald","Mainstream","Schmidt","sofort","springt","und","verteidigt","Wahlen","W\u00e4hler"],"articleSection":["Deutschland","Russland"],"inLanguage":"de","potentialAction":[{"@type":"CommentAction","name":"Comment","target":["https:\/\/now-news.de\/de\/deutschland\/harald-schmidt-verteidigt-wahlen-und-waehler-der-mainstream-springt-sofort-darauf-an\/#respond"]}]},{"@type":"WebPage","@id":"https:\/\/now-news.de\/de\/deutschland\/harald-schmidt-verteidigt-wahlen-und-waehler-der-mainstream-springt-sofort-darauf-an\/","url":"https:\/\/now-news.de\/de\/deutschland\/harald-schmidt-verteidigt-wahlen-und-waehler-der-mainstream-springt-sofort-darauf-an\/","name":"Harald Schmidt verteidigt Wahlen und W\u00e4hler \u2013 der Mainstream springt sofort darauf an - just-now.NEWS Deutschland","isPartOf":{"@id":"https:\/\/now-news.de\/de\/#website"},"primaryImageOfPage":{"@id":"https:\/\/now-news.de\/de\/deutschland\/harald-schmidt-verteidigt-wahlen-und-waehler-der-mainstream-springt-sofort-darauf-an\/#primaryimage"},"image":{"@id":"https:\/\/now-news.de\/de\/deutschland\/harald-schmidt-verteidigt-wahlen-und-waehler-der-mainstream-springt-sofort-darauf-an\/#primaryimage"},"thumbnailUrl":"https:\/\/now-news.de\/de\/wp-content\/uploads\/sites\/3\/2024\/08\/Harald-Schmidt-verteidigt-Wahlen-und-Waehler-\u2013-der-Mainstream-springt.jpg","datePublished":"2024-08-13T06:30:46+00:00","dateModified":"2024-08-13T06:30:46+00:00","breadcrumb":{"@id":"https:\/\/now-news.de\/de\/deutschland\/harald-schmidt-verteidigt-wahlen-und-waehler-der-mainstream-springt-sofort-darauf-an\/#breadcrumb"},"inLanguage":"de","potentialAction":[{"@type":"ReadAction","target":["https:\/\/now-news.de\/de\/deutschland\/harald-schmidt-verteidigt-wahlen-und-waehler-der-mainstream-springt-sofort-darauf-an\/"]}]},{"@type":"ImageObject","inLanguage":"de","@id":"https:\/\/now-news.de\/de\/deutschland\/harald-schmidt-verteidigt-wahlen-und-waehler-der-mainstream-springt-sofort-darauf-an\/#primaryimage","url":"https:\/\/now-news.de\/de\/wp-content\/uploads\/sites\/3\/2024\/08\/Harald-Schmidt-verteidigt-Wahlen-und-Waehler-\u2013-der-Mainstream-springt.jpg","contentUrl":"https:\/\/now-news.de\/de\/wp-content\/uploads\/sites\/3\/2024\/08\/Harald-Schmidt-verteidigt-Wahlen-und-Waehler-\u2013-der-Mainstream-springt.jpg","width":460,"height":259,"caption":"Harald Schmidt verteidigt Wahlen und W\u00e4hler \u2013 der Mainstream springt sofort darauf an"},{"@type":"BreadcrumbList","@id":"https:\/\/now-news.de\/de\/deutschland\/harald-schmidt-verteidigt-wahlen-und-waehler-der-mainstream-springt-sofort-darauf-an\/#breadcrumb","itemListElement":[{"@type":"ListItem","position":1,"name":"Home","item":"https:\/\/now-news.de\/de\/"},{"@type":"ListItem","position":2,"name":"Harald Schmidt verteidigt Wahlen und W\u00e4hler \u2013 der Mainstream springt sofort darauf an"}]},{"@type":"WebSite","@id":"https:\/\/now-news.de\/de\/#website","url":"https:\/\/now-news.de\/de\/","name":"just-now.NEWS Deutschland","description":"Das Portal f\u00fcr unzensierte Nachrichten aus der Welt","publisher":{"@id":"https:\/\/now-news.de\/de\/#organization"},"potentialAction":[{"@type":"SearchAction","target":{"@type":"EntryPoint","urlTemplate":"https:\/\/now-news.de\/de\/?s={search_term_string}"},"query-input":"required name=search_term_string"}],"inLanguage":"de"},{"@type":"Organization","@id":"https:\/\/now-news.de\/de\/#organization","name":"Just Now News","url":"https:\/\/now-news.de\/de\/","logo":{"@type":"ImageObject","inLanguage":"de","@id":"https:\/\/now-news.de\/de\/#\/schema\/logo\/image\/","url":"http:\/\/just-now.news\/de\/wp-content\/uploads\/sites\/3\/2022\/04\/logo500x500.jpg","contentUrl":"http:\/\/just-now.news\/de\/wp-content\/uploads\/sites\/3\/2022\/04\/logo500x500.jpg","width":500,"height":500,"caption":"Just Now News"},"image":{"@id":"https:\/\/now-news.de\/de\/#\/schema\/logo\/image\/"},"sameAs":["https:\/\/www.facebook.com\/wirmachenauf","https:\/\/x.com\/WirMachenAuf_de"]},{"@type":"Person","@id":"https:\/\/now-news.de\/de\/#\/schema\/person\/fb534a4e865501d8b3285208df34a9b5","name":"rtnews","image":{"@type":"ImageObject","inLanguage":"de","@id":"https:\/\/now-news.de\/de\/#\/schema\/person\/image\/","url":"https:\/\/secure.gravatar.com\/avatar\/82aafea7d8127119dd649515f56e2117?s=96&d=mm&r=g","contentUrl":"https:\/\/secure.gravatar.com\/avatar\/82aafea7d8127119dd649515f56e2117?s=96&d=mm&r=g","caption":"rtnews"},"url":"https:\/\/now-news.de\/de\/author\/rnews\/"}]}},"_links":{"self":[{"href":"https:\/\/now-news.de\/de\/wp-json\/wp\/v2\/posts\/66618"}],"collection":[{"href":"https:\/\/now-news.de\/de\/wp-json\/wp\/v2\/posts"}],"about":[{"href":"https:\/\/now-news.de\/de\/wp-json\/wp\/v2\/types\/post"}],"author":[{"embeddable":true,"href":"https:\/\/now-news.de\/de\/wp-json\/wp\/v2\/users\/3"}],"replies":[{"embeddable":true,"href":"https:\/\/now-news.de\/de\/wp-json\/wp\/v2\/comments?post=66618"}],"version-history":[{"count":0,"href":"https:\/\/now-news.de\/de\/wp-json\/wp\/v2\/posts\/66618\/revisions"}],"wp:featuredmedia":[{"embeddable":true,"href":"https:\/\/now-news.de\/de\/wp-json\/wp\/v2\/media\/66619"}],"wp:attachment":[{"href":"https:\/\/now-news.de\/de\/wp-json\/wp\/v2\/media?parent=66618"}],"wp:term":[{"taxonomy":"category","embeddable":true,"href":"https:\/\/now-news.de\/de\/wp-json\/wp\/v2\/categories?post=66618"},{"taxonomy":"post_tag","embeddable":true,"href":"https:\/\/now-news.de\/de\/wp-json\/wp\/v2\/tags?post=66618"}],"curies":[{"name":"wp","href":"https:\/\/api.w.org\/{rel}","templated":true}]}}