{"id":66594,"date":"2024-08-12T20:11:51","date_gmt":"2024-08-12T18:11:51","guid":{"rendered":"https:\/\/now-news.de\/de\/deutschland\/was-haben-die-ukrainische-kursk-und-die-deutsche-ardennen-offensive-gemeinsam\/"},"modified":"2024-08-12T20:11:51","modified_gmt":"2024-08-12T18:11:51","slug":"was-haben-die-ukrainische-kursk-und-die-deutsche-ardennen-offensive-gemeinsam","status":"publish","type":"post","link":"https:\/\/now-news.de\/de\/deutschland\/was-haben-die-ukrainische-kursk-und-die-deutsche-ardennen-offensive-gemeinsam\/","title":{"rendered":"Was haben die ukrainische Kursk- und die deutsche Ardennen-Offensive gemeinsam?"},"content":{"rendered":"<p><img decoding=\"async\" src=\"https:\/\/now-news.de\/de\/wp-content\/uploads\/sites\/3\/2024\/08\/66ba0d33b480cc042c2db119.jpg\" \/><\/p>\n<div class=\"Text-root Text-type_1 \">\n                Beide Offensiven ruhten nicht auf ernsthaften, milit\u00e4rischen Pl\u00e4nen, sondern waren Gl\u00fccksspiele mit sehr hohen Eins\u00e4tzen an menschlicher Verf\u00fcgungsmasse und mit entscheidenden politischen und \u00f6konomischen Folgen. Beide sollten die Wende zum &#8220;Guten&#8221; bringen, beschleunigten jedoch den Untergang ihrer eigenen Kriegsmaschinerien.\n            <\/div>\n<p><\/p>\n<div class=\"Text-root Text-type_5 ArticleView-text ViewText-root \">\n<p><strong><\/strong><em>Von<\/em>\u00a0<em>Rainer Rupp<\/em><\/p>\n<p>Es war ein letztes Aufb\u00e4umen der Nazi-Strategen \u2013 damals wie heute. Anhand der nachfolgenden Darlegungen \u00fcber die Ardennenoffensive d\u00fcrfte es nicht schwerfallen, die \u00c4hnlichkeiten zu erkennen.<\/p>\n<p>Der ukrainische &#8220;Blitzkrieg&#8221; in die Grenzregionen Russlands n\u00f6rdlich von Charkow hat weltweite Aufmerksamkeit auf sich gelenkt und kurzzeitig sogar f\u00fcr eine willkommene Ablenkung vom zionistischen V\u00f6lkermord im Gazastreifen gesorgt, der von den meisten Mitgliedern der westlichen Unwertegemeinschaft entschlossen mit Geld und Waffen unterst\u00fctzt, von ihren Bev\u00f6lkerungen aber heftig abgelehnt wird.<\/p>\n<p>Allerdings ist die ukrainische Milit\u00e4roperation in Richtung Kursk trotz nostalgischer Erinnerungen der Neofaschisten in Kiew an ihre deutschen Nazi-Vorbilder nicht mit einem &#8220;Blitzkrieg&#8221; der Wehrmacht zu vergleichen, sondern vielmehr mit einer milit\u00e4rischen Kommandooperation. Denn bereits wenige Tage nach dem angeblichen &#8220;Blitzkrieg&#8221; sind die Vorst\u00f6\u00dfe der schnellen ukrainischen Verb\u00e4nde von den Russen gestoppt worden. Da sie kaum Hoffnung auf ausreichend Nachschub an Waffen und Material haben, ist ihr weiteres Schicksal vorherbestimmt.<\/p>\n<p>Die Geschichte wiederholt sich zwar nicht, aber auf fatale Weise erinnert der angebliche ukrainische &#8220;Blitzkrieg&#8221;, der f\u00fcr Kiew die Wende bringen sollte, an die &#8220;von Rundstedt-Offensive&#8221;, besser bekannt als &#8220;Ardennenoffensive&#8221;, die zum Jahresende 1944 die Front der West-Alliierten in Belgien und Luxemburg spalten und die Amerikaner und Briten bis zum \u00c4rmelkanal zur\u00fcckdr\u00e4ngen sollte.<\/p>\n<p>Auch die deutsche Ardennenoffensive war im Zweiten Weltkrieg ein Spiel mit hohen Eins\u00e4tzen. An der Westfront war es die letzte entscheidende Schlacht, die von<strong><\/strong>Nazi-Deutschland im Winter 1944\/45 gegen die alliierten Streitkr\u00e4fte gestartet wurde. Benannt nach Generalfeldmarschall Gerd von Rundstedt, der die Operation befehligte, war diese Offensive Deutschlands letzter gro\u00dfer Versuch, das Blatt des Krieges zu seinen Gunsten zu wenden und \u2013 so war das Wunschdenken der Russen hassenden deutschen Generalit\u00e4t \u2013 einen Separatfrieden mit den Amerikanern auszuhandeln, um die im Westen gebundene Armee gegen die vorr\u00fcckenden Sowjets einzusetzen.<\/p>\n<p>Hier kurz die Vorgeschichte der Offensive: Nach ihrer Landung am D-Day im Juli 1944 in der Normandie hatten die Alliierten bis Ende des Jahres erhebliche Fortschritte gemacht. Das deutsche Oberkommando erkannte zunehmend, wie kritisch die Lage war und entwickelte einen wahnsinnig-k\u00fchnen Plan, um die alliierten Streitkr\u00e4fte zu spalten, den wichtigen Hafen von Antwerpen zu erobern und vier alliierte Armeen einzukreisen und zu vernichten.<\/p>\n<p>Dieser Plan war deshalb wahnsinnig, weil er nur gelingen konnte, wenn eine Reihe von nicht zu kontrollierenden Faktoren zusammenwirken w\u00fcrden, er also auf dem Prinzip Hoffnung aufbaute. Dieser Wahnsinn wurde vom deutschen Generalstab unter der F\u00fchrung des GR\u00d6FAZ (Gr\u00f6\u00dfter Feldherr aller Zeiten) Adolf Hitler ausgearbeitet. Er sollte durch einen \u00dcberraschungsangriff in der dicht bewaldeten Ardennenregion ausgef\u00fchrt werden, einem Gel\u00e4nde, das zuvor als unpassierbar f\u00fcr Panzer und andere gro\u00dfangelegte Milit\u00e4roperationen galt.<\/p>\n<p>Die Offensive, offiziell unter dem Kodenamen &#8220;Unternehmen Wacht am Rhein&#8221; bekannt, zielte darauf ab, das \u00dcberraschungsmoment und schlechte Wetterbedingungen auszunutzen, die die \u00fcberlegenen Luftstreitkr\u00e4fte der Alliierten am Boden halten w\u00fcrden. Der Plan konzentrierte die verbliebenen milit\u00e4rischen Reserven Nazi-Deutschlands, einschlie\u00dflich der elit\u00e4ren Panzerdivisionen, auf dieses Ziel.<\/p>\n<p>Allerdings hegte selbst von Rundstedt, der als f\u00e4higer Kommandant bekannt war, ernsthafte Zweifel an den ehrgeizigen Zielen des Plans und den damit verbundenen logistischen Herausforderungen \u2013 zum Beispiel, dass die deutschen Panzer aufgrund von Treibstoffmangel nur eine eng begrenzte Reichweite hatten. Um weiter vorsto\u00dfen zu k\u00f6nnen, so der Plan, mussten erst die Treibstofflager der Amerikaner hinter der Front unbesch\u00e4digt erobert werden.<\/p>\n<p>Die Hauptziele waren:<\/p>\n<ul>\n<li>Durchbruch der d\u00fcnn besetzten Frontlinie in den Ardennen<\/li>\n<li>Eroberung wichtiger Stra\u00dfenkreuzungen, insbesondere bei Bastogne<\/li>\n<li>Erreichen der Maas und letztlich die Eroberung von Antwerpen<\/li>\n<li>Isolierung und Vernichtung der alliierten Streitkr\u00e4fte in Belgien<\/li>\n<\/ul>\n<p>Am 16. Dezember 1944, unter dem Schutz von dichtem Nebel und Schnee, starteten die Deutschen die Schlacht. Der erste Angriff war aufgrund des \u00dcberraschungsmoments sehr erfolgreich und \u00fcberw\u00e4ltigte die in der Region stationierten amerikanischen Streitkr\u00e4fte. Der deutsche Vormarsch schuf einen bedeutenden &#8220;Bogen&#8221; in den alliierten Frontlinien, daher der amerikanische Name f\u00fcr die Ardennenoffensive &#8220;The Battle of the Bulge&#8221;.<\/p>\n<p>Schl\u00fcssel zum deutschen Vormarsch waren die St\u00e4dte St. Vith und Bastogne. Wie geplant fiel St. Vith nach kurzer Zeit und intensiven K\u00e4mpfen. Aber bei Bastogne lief alles schief: Die Stadt, verteidigt von der 101. Luftlandedivision, wurde zum Symbol eines z\u00e4hen und heroischen amerikanischen Widerstands. Trotz der Einkreisung und schwerer Engp\u00e4sse an Waffen, Munition und Nahrung hielten die Verteidiger bei eisiger K\u00e4lte in den Verteidigungslinien aus, bis sie von General Pattons 3. Armee entlastet wurden. Dadurch blieb den deutschen Panzern der Zugriff auf die US-Treibstofflager versperrt.<\/p>\n<p>Auch anderswo kam der deutsche Vormarsch ins Stocken, teils aufgrund heftigen Widerstands, teils wegen logistischer Probleme und der schnellen F\u00e4higkeit der Alliierten, sich neu zu gruppieren. Das schlechte Wetter, das zun\u00e4chst den Deutschen zugutekam, kl\u00e4rte Ende Dezember auf und erm\u00f6glichte den Alliierten ihre absolute Lufthoheit zu nutzen, unter anderem f\u00fcr verheerende Luftangriffe auf deutsche Nachschublinien und Stellungen.<\/p>\n<p>Im Januar 1945 starteten dann die West-Alliierten ihre Gegenoffensiven vom Norden und S\u00fcden des Bogens und reduzierten den Bogen allm\u00e4hlich, wobei sie den deutschen Streitkr\u00e4ften schwere Verluste zuf\u00fcgten. Das Vers\u00e4umnis, wichtige Ziele zu erreichen, und die Ersch\u00f6pfung der deutschen Ressourcen markierten den Anfang vom Ende.<\/p>\n<p>Die Ardennenoffensive war Deutschlands letzter Versuch im Zweiten Weltkrieg, die Niederlage im Westen abzuwenden. Die Verluste auf beiden Seiten waren erheblich, aber nur eine Seite wurde dabei entscheidend geschw\u00e4cht. Mit deutschen Gegenoffensiven im Westen oder Operationen gro\u00dfer Heeresverb\u00e4nde der Wehrmacht war es danach endg\u00fcltig vorbei. Nur noch punktuell, wie bei der Br\u00fccke von Remagen, wurde noch hart gek\u00e4mpft. Bis zur endg\u00fcltigen Niederlage Nazi-Deutschlands im Mai 1945, als Sowjetsoldaten ihre Siegerfahne auf das Dach des Reichstags setzte, waren es nach dem Ende der Ardennenoffensive nur noch wenige Monate.<\/p>\n<p><strong>Mehr zum Thema<\/strong> &#8211; <a rel=\"nofollow noopener\" target=\"_blank\" href=\"https:\/\/dert.online\/international\/214980-boese-erinnerung-an-1941-ukrainisches-nachtigall-bataillon-in-kursk\/\">B\u00f6se Erinnerung an 1941: Eine ukrainische Einheit vor Kursk hei\u00dft wie damals &#8220;Nachtigall&#8221; <\/a><\/p>\n<\/p>\n<\/div>\n<p><br \/>\n<br \/><a href=\"https:\/\/de.rt.com\/europa\/215320-was-haben-ukrainische-kursk-und\/\">Source link <\/a><\/p>\n","protected":false},"excerpt":{"rendered":"<p>Beide Offensiven ruhten nicht auf ernsthaften, milit\u00e4rischen Pl\u00e4nen, sondern waren Gl\u00fccksspiele mit sehr hohen Eins\u00e4tzen an menschlicher Verf\u00fcgungsmasse und mit entscheidenden politischen und \u00f6konomischen Folgen. Beide sollten die Wende zum &#8220;Guten&#8221; bringen, beschleunigten jedoch den Untergang ihrer eigenen Kriegsmaschinerien. Von\u00a0Rainer Rupp Es war ein letztes Aufb\u00e4umen der Nazi-Strategen \u2013 damals wie heute. Anhand der nachfolgenden [&hellip;]<\/p>\n","protected":false},"author":3,"featured_media":66595,"comment_status":"open","ping_status":"open","sticky":false,"template":"","format":"standard","meta":{"_yoast_indexnow_last_ping":["1723487187"],"wp_automatic_camp":["217"],"738722541a0eb144004751c8d7a85e54":["Was haben die ukrainische Kursk- und die deutsche Ardennen-Offensive gemeinsam?"],"original_link":["https:\/\/de.rt.com\/europa\/215320-was-haben-ukrainische-kursk-und\/"],"_thumbnail_id":["66595"],"_wptgpro_p2tg_sent2tg":["a:1:{i:23737;s:19:\"2024-08-12 20:27:27\";}"],"jnews_social_counter_last_update":["1777197837"]},"categories":[19,23],"tags":[57479,2374,45,20264,771,11476,905,140],"yoast_head":"<!-- This site is optimized with the Yoast SEO Premium plugin v22.7 (Yoast SEO v22.7) - https:\/\/yoast.com\/wordpress\/plugins\/seo\/ -->\n<title>Was haben die ukrainische Kursk- und die deutsche Ardennen-Offensive gemeinsam? - just-now.NEWS Deutschland<\/title>\n<meta name=\"robots\" content=\"index, follow, max-snippet:-1, max-image-preview:large, max-video-preview:-1\" \/>\n<link rel=\"canonical\" href=\"https:\/\/now-news.de\/de\/deutschland\/was-haben-die-ukrainische-kursk-und-die-deutsche-ardennen-offensive-gemeinsam\/\" \/>\n<meta property=\"og:locale\" content=\"de_DE\" \/>\n<meta property=\"og:type\" content=\"article\" \/>\n<meta property=\"og:title\" content=\"Was haben die ukrainische Kursk- und die deutsche Ardennen-Offensive gemeinsam?\" \/>\n<meta property=\"og:description\" content=\"Beide Offensiven ruhten nicht auf ernsthaften, milit\u00e4rischen Pl\u00e4nen, sondern waren Gl\u00fccksspiele mit sehr hohen Eins\u00e4tzen an menschlicher Verf\u00fcgungsmasse und mit entscheidenden politischen und \u00f6konomischen Folgen. Beide sollten die Wende zum &#8220;Guten&#8221; bringen, beschleunigten jedoch den Untergang ihrer eigenen Kriegsmaschinerien. Von\u00a0Rainer Rupp Es war ein letztes Aufb\u00e4umen der Nazi-Strategen \u2013 damals wie heute. Anhand der nachfolgenden [&hellip;]\" \/>\n<meta property=\"og:url\" content=\"https:\/\/now-news.de\/de\/deutschland\/was-haben-die-ukrainische-kursk-und-die-deutsche-ardennen-offensive-gemeinsam\/\" \/>\n<meta property=\"og:site_name\" content=\"just-now.NEWS Deutschland\" \/>\n<meta property=\"article:publisher\" content=\"https:\/\/www.facebook.com\/wirmachenauf\" \/>\n<meta property=\"article:published_time\" content=\"2024-08-12T18:11:51+00:00\" \/>\n<meta property=\"og:image\" content=\"https:\/\/now-news.de\/de\/wp-content\/uploads\/sites\/3\/2024\/08\/66ba0d33b480cc042c2db119.jpg\" \/>\n<meta name=\"author\" content=\"rtnews\" \/>\n<meta name=\"twitter:card\" content=\"summary_large_image\" \/>\n<meta name=\"twitter:creator\" content=\"@WirMachenAuf_de\" \/>\n<meta name=\"twitter:site\" content=\"@WirMachenAuf_de\" \/>\n<meta name=\"twitter:label1\" content=\"Verfasst von\" \/>\n\t<meta name=\"twitter:data1\" content=\"rtnews\" \/>\n\t<meta name=\"twitter:label2\" content=\"Gesch\u00e4tzte Lesezeit\" \/>\n\t<meta name=\"twitter:data2\" content=\"5\u00a0Minuten\" \/>\n<script type=\"application\/ld+json\" class=\"yoast-schema-graph\">{\"@context\":\"https:\/\/schema.org\",\"@graph\":[{\"@type\":\"Article\",\"@id\":\"https:\/\/now-news.de\/de\/deutschland\/was-haben-die-ukrainische-kursk-und-die-deutsche-ardennen-offensive-gemeinsam\/#article\",\"isPartOf\":{\"@id\":\"https:\/\/now-news.de\/de\/deutschland\/was-haben-die-ukrainische-kursk-und-die-deutsche-ardennen-offensive-gemeinsam\/\"},\"author\":{\"name\":\"rtnews\",\"@id\":\"https:\/\/now-news.de\/de\/#\/schema\/person\/fb534a4e865501d8b3285208df34a9b5\"},\"headline\":\"Was haben die ukrainische Kursk- und die deutsche Ardennen-Offensive gemeinsam?\",\"datePublished\":\"2024-08-12T18:11:51+00:00\",\"dateModified\":\"2024-08-12T18:11:51+00:00\",\"mainEntityOfPage\":{\"@id\":\"https:\/\/now-news.de\/de\/deutschland\/was-haben-die-ukrainische-kursk-und-die-deutsche-ardennen-offensive-gemeinsam\/\"},\"wordCount\":1027,\"commentCount\":0,\"publisher\":{\"@id\":\"https:\/\/now-news.de\/de\/#organization\"},\"image\":{\"@id\":\"https:\/\/now-news.de\/de\/deutschland\/was-haben-die-ukrainische-kursk-und-die-deutsche-ardennen-offensive-gemeinsam\/#primaryimage\"},\"thumbnailUrl\":\"https:\/\/now-news.de\/de\/wp-content\/uploads\/sites\/3\/2024\/08\/Was-haben-die-ukrainische-Kursk-und-die-deutsche-Ardennen-Offensive-gemeinsam.jpg\",\"keywords\":[\"ArdennenOffensive\",\"Deutsche\",\"die\",\"gemeinsam\",\"haben\",\"Kursk\",\"Ukrainische\",\"und\"],\"articleSection\":[\"Deutschland\",\"Russland\"],\"inLanguage\":\"de\",\"potentialAction\":[{\"@type\":\"CommentAction\",\"name\":\"Comment\",\"target\":[\"https:\/\/now-news.de\/de\/deutschland\/was-haben-die-ukrainische-kursk-und-die-deutsche-ardennen-offensive-gemeinsam\/#respond\"]}]},{\"@type\":\"WebPage\",\"@id\":\"https:\/\/now-news.de\/de\/deutschland\/was-haben-die-ukrainische-kursk-und-die-deutsche-ardennen-offensive-gemeinsam\/\",\"url\":\"https:\/\/now-news.de\/de\/deutschland\/was-haben-die-ukrainische-kursk-und-die-deutsche-ardennen-offensive-gemeinsam\/\",\"name\":\"Was haben die ukrainische Kursk- und die deutsche Ardennen-Offensive gemeinsam? - just-now.NEWS Deutschland\",\"isPartOf\":{\"@id\":\"https:\/\/now-news.de\/de\/#website\"},\"primaryImageOfPage\":{\"@id\":\"https:\/\/now-news.de\/de\/deutschland\/was-haben-die-ukrainische-kursk-und-die-deutsche-ardennen-offensive-gemeinsam\/#primaryimage\"},\"image\":{\"@id\":\"https:\/\/now-news.de\/de\/deutschland\/was-haben-die-ukrainische-kursk-und-die-deutsche-ardennen-offensive-gemeinsam\/#primaryimage\"},\"thumbnailUrl\":\"https:\/\/now-news.de\/de\/wp-content\/uploads\/sites\/3\/2024\/08\/Was-haben-die-ukrainische-Kursk-und-die-deutsche-Ardennen-Offensive-gemeinsam.jpg\",\"datePublished\":\"2024-08-12T18:11:51+00:00\",\"dateModified\":\"2024-08-12T18:11:51+00:00\",\"breadcrumb\":{\"@id\":\"https:\/\/now-news.de\/de\/deutschland\/was-haben-die-ukrainische-kursk-und-die-deutsche-ardennen-offensive-gemeinsam\/#breadcrumb\"},\"inLanguage\":\"de\",\"potentialAction\":[{\"@type\":\"ReadAction\",\"target\":[\"https:\/\/now-news.de\/de\/deutschland\/was-haben-die-ukrainische-kursk-und-die-deutsche-ardennen-offensive-gemeinsam\/\"]}]},{\"@type\":\"ImageObject\",\"inLanguage\":\"de\",\"@id\":\"https:\/\/now-news.de\/de\/deutschland\/was-haben-die-ukrainische-kursk-und-die-deutsche-ardennen-offensive-gemeinsam\/#primaryimage\",\"url\":\"https:\/\/now-news.de\/de\/wp-content\/uploads\/sites\/3\/2024\/08\/Was-haben-die-ukrainische-Kursk-und-die-deutsche-Ardennen-Offensive-gemeinsam.jpg\",\"contentUrl\":\"https:\/\/now-news.de\/de\/wp-content\/uploads\/sites\/3\/2024\/08\/Was-haben-die-ukrainische-Kursk-und-die-deutsche-Ardennen-Offensive-gemeinsam.jpg\",\"width\":460,\"height\":259,\"caption\":\"Was haben die ukrainische Kursk- und die deutsche Ardennen-Offensive gemeinsam?\"},{\"@type\":\"BreadcrumbList\",\"@id\":\"https:\/\/now-news.de\/de\/deutschland\/was-haben-die-ukrainische-kursk-und-die-deutsche-ardennen-offensive-gemeinsam\/#breadcrumb\",\"itemListElement\":[{\"@type\":\"ListItem\",\"position\":1,\"name\":\"Home\",\"item\":\"https:\/\/now-news.de\/de\/\"},{\"@type\":\"ListItem\",\"position\":2,\"name\":\"Was haben die ukrainische Kursk- und die deutsche Ardennen-Offensive gemeinsam?\"}]},{\"@type\":\"WebSite\",\"@id\":\"https:\/\/now-news.de\/de\/#website\",\"url\":\"https:\/\/now-news.de\/de\/\",\"name\":\"just-now.NEWS Deutschland\",\"description\":\"Das Portal f\u00fcr unzensierte Nachrichten aus der Welt\",\"publisher\":{\"@id\":\"https:\/\/now-news.de\/de\/#organization\"},\"potentialAction\":[{\"@type\":\"SearchAction\",\"target\":{\"@type\":\"EntryPoint\",\"urlTemplate\":\"https:\/\/now-news.de\/de\/?s={search_term_string}\"},\"query-input\":\"required name=search_term_string\"}],\"inLanguage\":\"de\"},{\"@type\":\"Organization\",\"@id\":\"https:\/\/now-news.de\/de\/#organization\",\"name\":\"Just Now News\",\"url\":\"https:\/\/now-news.de\/de\/\",\"logo\":{\"@type\":\"ImageObject\",\"inLanguage\":\"de\",\"@id\":\"https:\/\/now-news.de\/de\/#\/schema\/logo\/image\/\",\"url\":\"http:\/\/just-now.news\/de\/wp-content\/uploads\/sites\/3\/2022\/04\/logo500x500.jpg\",\"contentUrl\":\"http:\/\/just-now.news\/de\/wp-content\/uploads\/sites\/3\/2022\/04\/logo500x500.jpg\",\"width\":500,\"height\":500,\"caption\":\"Just Now News\"},\"image\":{\"@id\":\"https:\/\/now-news.de\/de\/#\/schema\/logo\/image\/\"},\"sameAs\":[\"https:\/\/www.facebook.com\/wirmachenauf\",\"https:\/\/x.com\/WirMachenAuf_de\"]},{\"@type\":\"Person\",\"@id\":\"https:\/\/now-news.de\/de\/#\/schema\/person\/fb534a4e865501d8b3285208df34a9b5\",\"name\":\"rtnews\",\"image\":{\"@type\":\"ImageObject\",\"inLanguage\":\"de\",\"@id\":\"https:\/\/now-news.de\/de\/#\/schema\/person\/image\/\",\"url\":\"https:\/\/secure.gravatar.com\/avatar\/82aafea7d8127119dd649515f56e2117?s=96&d=mm&r=g\",\"contentUrl\":\"https:\/\/secure.gravatar.com\/avatar\/82aafea7d8127119dd649515f56e2117?s=96&d=mm&r=g\",\"caption\":\"rtnews\"},\"url\":\"https:\/\/now-news.de\/de\/author\/rnews\/\"}]}<\/script>\n<!-- \/ Yoast SEO Premium plugin. -->","yoast_head_json":{"title":"Was haben die ukrainische Kursk- und die deutsche Ardennen-Offensive gemeinsam? - just-now.NEWS Deutschland","robots":{"index":"index","follow":"follow","max-snippet":"max-snippet:-1","max-image-preview":"max-image-preview:large","max-video-preview":"max-video-preview:-1"},"canonical":"https:\/\/now-news.de\/de\/deutschland\/was-haben-die-ukrainische-kursk-und-die-deutsche-ardennen-offensive-gemeinsam\/","og_locale":"de_DE","og_type":"article","og_title":"Was haben die ukrainische Kursk- und die deutsche Ardennen-Offensive gemeinsam?","og_description":"Beide Offensiven ruhten nicht auf ernsthaften, milit\u00e4rischen Pl\u00e4nen, sondern waren Gl\u00fccksspiele mit sehr hohen Eins\u00e4tzen an menschlicher Verf\u00fcgungsmasse und mit entscheidenden politischen und \u00f6konomischen Folgen. Beide sollten die Wende zum &#8220;Guten&#8221; bringen, beschleunigten jedoch den Untergang ihrer eigenen Kriegsmaschinerien. Von\u00a0Rainer Rupp Es war ein letztes Aufb\u00e4umen der Nazi-Strategen \u2013 damals wie heute. Anhand der nachfolgenden [&hellip;]","og_url":"https:\/\/now-news.de\/de\/deutschland\/was-haben-die-ukrainische-kursk-und-die-deutsche-ardennen-offensive-gemeinsam\/","og_site_name":"just-now.NEWS Deutschland","article_publisher":"https:\/\/www.facebook.com\/wirmachenauf","article_published_time":"2024-08-12T18:11:51+00:00","og_image":[{"url":"https:\/\/now-news.de\/de\/wp-content\/uploads\/sites\/3\/2024\/08\/66ba0d33b480cc042c2db119.jpg"}],"author":"rtnews","twitter_card":"summary_large_image","twitter_creator":"@WirMachenAuf_de","twitter_site":"@WirMachenAuf_de","twitter_misc":{"Verfasst von":"rtnews","Gesch\u00e4tzte Lesezeit":"5\u00a0Minuten"},"schema":{"@context":"https:\/\/schema.org","@graph":[{"@type":"Article","@id":"https:\/\/now-news.de\/de\/deutschland\/was-haben-die-ukrainische-kursk-und-die-deutsche-ardennen-offensive-gemeinsam\/#article","isPartOf":{"@id":"https:\/\/now-news.de\/de\/deutschland\/was-haben-die-ukrainische-kursk-und-die-deutsche-ardennen-offensive-gemeinsam\/"},"author":{"name":"rtnews","@id":"https:\/\/now-news.de\/de\/#\/schema\/person\/fb534a4e865501d8b3285208df34a9b5"},"headline":"Was haben die ukrainische Kursk- und die deutsche Ardennen-Offensive gemeinsam?","datePublished":"2024-08-12T18:11:51+00:00","dateModified":"2024-08-12T18:11:51+00:00","mainEntityOfPage":{"@id":"https:\/\/now-news.de\/de\/deutschland\/was-haben-die-ukrainische-kursk-und-die-deutsche-ardennen-offensive-gemeinsam\/"},"wordCount":1027,"commentCount":0,"publisher":{"@id":"https:\/\/now-news.de\/de\/#organization"},"image":{"@id":"https:\/\/now-news.de\/de\/deutschland\/was-haben-die-ukrainische-kursk-und-die-deutsche-ardennen-offensive-gemeinsam\/#primaryimage"},"thumbnailUrl":"https:\/\/now-news.de\/de\/wp-content\/uploads\/sites\/3\/2024\/08\/Was-haben-die-ukrainische-Kursk-und-die-deutsche-Ardennen-Offensive-gemeinsam.jpg","keywords":["ArdennenOffensive","Deutsche","die","gemeinsam","haben","Kursk","Ukrainische","und"],"articleSection":["Deutschland","Russland"],"inLanguage":"de","potentialAction":[{"@type":"CommentAction","name":"Comment","target":["https:\/\/now-news.de\/de\/deutschland\/was-haben-die-ukrainische-kursk-und-die-deutsche-ardennen-offensive-gemeinsam\/#respond"]}]},{"@type":"WebPage","@id":"https:\/\/now-news.de\/de\/deutschland\/was-haben-die-ukrainische-kursk-und-die-deutsche-ardennen-offensive-gemeinsam\/","url":"https:\/\/now-news.de\/de\/deutschland\/was-haben-die-ukrainische-kursk-und-die-deutsche-ardennen-offensive-gemeinsam\/","name":"Was haben die ukrainische Kursk- und die deutsche Ardennen-Offensive gemeinsam? - just-now.NEWS Deutschland","isPartOf":{"@id":"https:\/\/now-news.de\/de\/#website"},"primaryImageOfPage":{"@id":"https:\/\/now-news.de\/de\/deutschland\/was-haben-die-ukrainische-kursk-und-die-deutsche-ardennen-offensive-gemeinsam\/#primaryimage"},"image":{"@id":"https:\/\/now-news.de\/de\/deutschland\/was-haben-die-ukrainische-kursk-und-die-deutsche-ardennen-offensive-gemeinsam\/#primaryimage"},"thumbnailUrl":"https:\/\/now-news.de\/de\/wp-content\/uploads\/sites\/3\/2024\/08\/Was-haben-die-ukrainische-Kursk-und-die-deutsche-Ardennen-Offensive-gemeinsam.jpg","datePublished":"2024-08-12T18:11:51+00:00","dateModified":"2024-08-12T18:11:51+00:00","breadcrumb":{"@id":"https:\/\/now-news.de\/de\/deutschland\/was-haben-die-ukrainische-kursk-und-die-deutsche-ardennen-offensive-gemeinsam\/#breadcrumb"},"inLanguage":"de","potentialAction":[{"@type":"ReadAction","target":["https:\/\/now-news.de\/de\/deutschland\/was-haben-die-ukrainische-kursk-und-die-deutsche-ardennen-offensive-gemeinsam\/"]}]},{"@type":"ImageObject","inLanguage":"de","@id":"https:\/\/now-news.de\/de\/deutschland\/was-haben-die-ukrainische-kursk-und-die-deutsche-ardennen-offensive-gemeinsam\/#primaryimage","url":"https:\/\/now-news.de\/de\/wp-content\/uploads\/sites\/3\/2024\/08\/Was-haben-die-ukrainische-Kursk-und-die-deutsche-Ardennen-Offensive-gemeinsam.jpg","contentUrl":"https:\/\/now-news.de\/de\/wp-content\/uploads\/sites\/3\/2024\/08\/Was-haben-die-ukrainische-Kursk-und-die-deutsche-Ardennen-Offensive-gemeinsam.jpg","width":460,"height":259,"caption":"Was haben die ukrainische Kursk- und die deutsche Ardennen-Offensive gemeinsam?"},{"@type":"BreadcrumbList","@id":"https:\/\/now-news.de\/de\/deutschland\/was-haben-die-ukrainische-kursk-und-die-deutsche-ardennen-offensive-gemeinsam\/#breadcrumb","itemListElement":[{"@type":"ListItem","position":1,"name":"Home","item":"https:\/\/now-news.de\/de\/"},{"@type":"ListItem","position":2,"name":"Was haben die ukrainische Kursk- und die deutsche Ardennen-Offensive gemeinsam?"}]},{"@type":"WebSite","@id":"https:\/\/now-news.de\/de\/#website","url":"https:\/\/now-news.de\/de\/","name":"just-now.NEWS Deutschland","description":"Das Portal f\u00fcr unzensierte Nachrichten aus der Welt","publisher":{"@id":"https:\/\/now-news.de\/de\/#organization"},"potentialAction":[{"@type":"SearchAction","target":{"@type":"EntryPoint","urlTemplate":"https:\/\/now-news.de\/de\/?s={search_term_string}"},"query-input":"required name=search_term_string"}],"inLanguage":"de"},{"@type":"Organization","@id":"https:\/\/now-news.de\/de\/#organization","name":"Just Now News","url":"https:\/\/now-news.de\/de\/","logo":{"@type":"ImageObject","inLanguage":"de","@id":"https:\/\/now-news.de\/de\/#\/schema\/logo\/image\/","url":"http:\/\/just-now.news\/de\/wp-content\/uploads\/sites\/3\/2022\/04\/logo500x500.jpg","contentUrl":"http:\/\/just-now.news\/de\/wp-content\/uploads\/sites\/3\/2022\/04\/logo500x500.jpg","width":500,"height":500,"caption":"Just Now News"},"image":{"@id":"https:\/\/now-news.de\/de\/#\/schema\/logo\/image\/"},"sameAs":["https:\/\/www.facebook.com\/wirmachenauf","https:\/\/x.com\/WirMachenAuf_de"]},{"@type":"Person","@id":"https:\/\/now-news.de\/de\/#\/schema\/person\/fb534a4e865501d8b3285208df34a9b5","name":"rtnews","image":{"@type":"ImageObject","inLanguage":"de","@id":"https:\/\/now-news.de\/de\/#\/schema\/person\/image\/","url":"https:\/\/secure.gravatar.com\/avatar\/82aafea7d8127119dd649515f56e2117?s=96&d=mm&r=g","contentUrl":"https:\/\/secure.gravatar.com\/avatar\/82aafea7d8127119dd649515f56e2117?s=96&d=mm&r=g","caption":"rtnews"},"url":"https:\/\/now-news.de\/de\/author\/rnews\/"}]}},"_links":{"self":[{"href":"https:\/\/now-news.de\/de\/wp-json\/wp\/v2\/posts\/66594"}],"collection":[{"href":"https:\/\/now-news.de\/de\/wp-json\/wp\/v2\/posts"}],"about":[{"href":"https:\/\/now-news.de\/de\/wp-json\/wp\/v2\/types\/post"}],"author":[{"embeddable":true,"href":"https:\/\/now-news.de\/de\/wp-json\/wp\/v2\/users\/3"}],"replies":[{"embeddable":true,"href":"https:\/\/now-news.de\/de\/wp-json\/wp\/v2\/comments?post=66594"}],"version-history":[{"count":0,"href":"https:\/\/now-news.de\/de\/wp-json\/wp\/v2\/posts\/66594\/revisions"}],"wp:featuredmedia":[{"embeddable":true,"href":"https:\/\/now-news.de\/de\/wp-json\/wp\/v2\/media\/66595"}],"wp:attachment":[{"href":"https:\/\/now-news.de\/de\/wp-json\/wp\/v2\/media?parent=66594"}],"wp:term":[{"taxonomy":"category","embeddable":true,"href":"https:\/\/now-news.de\/de\/wp-json\/wp\/v2\/categories?post=66594"},{"taxonomy":"post_tag","embeddable":true,"href":"https:\/\/now-news.de\/de\/wp-json\/wp\/v2\/tags?post=66594"}],"curies":[{"name":"wp","href":"https:\/\/api.w.org\/{rel}","templated":true}]}}