{"id":66592,"date":"2024-08-12T19:48:29","date_gmt":"2024-08-12T17:48:29","guid":{"rendered":"https:\/\/now-news.de\/de\/deutschland\/serbiens-vizepremier-jeder-der-sich-weigert-kiew-zu-unterstuetzen-wird-ziel-eines-attentats\/"},"modified":"2024-08-12T19:48:29","modified_gmt":"2024-08-12T17:48:29","slug":"serbiens-vizepremier-jeder-der-sich-weigert-kiew-zu-unterstuetzen-wird-ziel-eines-attentats","status":"publish","type":"post","link":"https:\/\/now-news.de\/de\/deutschland\/serbiens-vizepremier-jeder-der-sich-weigert-kiew-zu-unterstuetzen-wird-ziel-eines-attentats\/","title":{"rendered":"Serbiens Vizepremier: Jeder, der sich weigert, Kiew zu unterst\u00fctzen, wird Ziel eines Attentats"},"content":{"rendered":"<p><img decoding=\"async\" src=\"https:\/\/now-news.de\/de\/wp-content\/uploads\/sites\/3\/2024\/08\/66ba3c5ab480cc04bb3d1051.jpg\" \/><\/p>\n<div class=\"Text-root Text-type_1 \">\n                Im Interview mit der russischen Nachrichtenagentur RIA Nowosti erkl\u00e4rte Serbiens stellvertretender Ministerpr\u00e4sident, dass der Pr\u00e4sident Aleksandar Vu\u010di\u0107 aufgrund seiner Haltung im Ukraine-Konflikt von einem Attent\u00e4ter ins Visier genommen werden k\u00f6nnte.\n            <\/div>\n<p><\/p>\n<div class=\"Text-root Text-type_5 ArticleView-text ViewText-root \">\n<p>Der serbische Pr\u00e4sident Aleksandar Vu\u010di\u0107 riskiere mit seiner Haltung im Ukraine-Konflikt und seiner Weigerung, der Linie der westlichen Staaten zu folgen, auch sein Leben, sagte ein hochrangiges Mitglied der serbischen Regierung. So k\u00f6nne ein Attent\u00e4ter Vu\u010di\u0107 wegen der Neutralit\u00e4t Belgrads im Ukraine-Konflikt ins Visier nehmen, erkl\u00e4rte Serbiens stellvertretender Ministerpr\u00e4sident Aleksandar Vulin.<\/p>\n<p>Serbien, ein traditioneller Verb\u00fcndeter Russlands, hat es abgelehnt, Sanktionen gegen Russland zu verh\u00e4ngen oder die Politik der USA und anderer Sponsoren Kiews zu unterst\u00fctzen. Br\u00fcssel wiederum hat darauf bestanden, dass Belgrads Bestreben, der EU beizutreten, nicht verwirklicht werden kann, wenn es\u00a0seinen Kurs nicht \u00e4ndert.<\/p>\n<p>In einem am Montag ver\u00f6ffentlichten Interview mit der russischen Nachrichtenagentur <em>RIA Nowosti<\/em> sagte Vulin, dass die serbischen Beh\u00f6rden nach den Anschl\u00e4gen auf den slowakischen Ministerpr\u00e4sidenten Robert Fico und den ehemaligen US-Pr\u00e4sidenten Donald Trump um die Sicherheit des Pr\u00e4sidenten besorgt seien.<\/p>\n<p>&#8220;Nach dem Attentat auf Herrn Fico und sp\u00e4ter auf Trump habe ich Vu\u010di\u0107 gesagt, er solle auf der Hut sein&#8221;, sagte Vulin, &#8220;denn allen, die eine friedliche L\u00f6sung f\u00fcr die Ukraine fordern, passiert Folgendes: Auf sie wird geschossen.&#8221;<\/p>\n<p>Im Mai \u00fcberlebte Fico, ein lautstarker Kritiker der westlichen Ukraine-Politik, ein Attentat, das von einem 71-j\u00e4hrigen Mann mit einer Schusswaffe ver\u00fcbt wurde. Seine Regierung machte aufr\u00fchrerische Rhetorik von Oppositionspolitikern f\u00fcr die Motivation des Sch\u00fctzen verantwortlich.<\/p>\n<p>Trump, der behauptet, er k\u00f6nne den Ukraine-Konflikt im Falle seiner Wiederwahl innerhalb von 24 Stunden beenden, wurde w\u00e4hrend einer Wahlkampfveranstaltung im Juli von einer Kugel gestreift. Der Sch\u00fctze wurde von den Einsatzkr\u00e4ften get\u00f6tet. Die US-Ermittler haben bisher kein Motiv f\u00fcr das versuchte Attentat bekannt gegeben.<\/p>\n<p>Vulin kritisierte auch die Organisatoren eines Massenprotests, der am vergangenen Samstag in Belgrad stattfand, und erkl\u00e4rte, dass das eigentliche Ziel dieses Protestes der Sturz der serbischen Regierung sein k\u00f6nnte.<\/p>\n<p>&#8220;Wie wir wissen, bedeutet der Sturz [des nationalen F\u00fchrers manchmal] nicht nur einen Machtwechsel, sondern auch die physische Beseitigung der Person, die die Macht innehat&#8221;, sagte der Minister.<\/p>\n<p>Die Demonstration, an der nach Sch\u00e4tzungen der Regierung rund 27.000 Menschen teilnahmen, richtete sich gegen ein Projekt zum Abbau von Lithium, das nach Ansicht von Kritikern massive Umweltsch\u00e4den verursachen wird.<\/p>\n<p>Belgrad hatte dem britisch-australischen Unternehmen Rio Tinto im Jahr 2022 eine Lizenz zum Abbau von Lithium erteilt, diese aber sp\u00e4ter auf \u00f6ffentlichen Druck hin widerrufen. Das Projekt wurde jedoch letzten Monat wiederaufgenommen, nachdem ein serbisches Gericht die Entscheidung der Regierung aufgehoben hatte. Vu\u010di\u0107 beabsichtigt nun, in einem Referendum \u00fcber die Frage abstimmen zu lassen. Er sagte vergangene Woche allerdings auch, dass die russische Regierung die serbischen Beh\u00f6rden gewarnt habe, dass die Kundgebung als Deckmantel f\u00fcr eine &#8220;Farbrevolution&#8221; dienen k\u00f6nnte.<\/p>\n<p><strong>Mehr zum Thema \u2012<\/strong>\u00a0<a rel=\"nofollow noopener\" target=\"_blank\" href=\"https:\/\/freedert.online\/europa\/215256-serbischer-praesident-erhielt-putschwarnung-aus\/\">Serbischer Pr\u00e4sident erhielt Putschwarnung aus Russland<\/a><\/p>\n<\/p>\n<\/div>\n<p><br \/>\n<br \/><a href=\"https:\/\/de.rt.com\/international\/215411-serbiens-vizepremier-jeder-sich-weigert\/\">Source link <\/a><\/p>\n","protected":false},"excerpt":{"rendered":"<p>Im Interview mit der russischen Nachrichtenagentur RIA Nowosti erkl\u00e4rte Serbiens stellvertretender Ministerpr\u00e4sident, dass der Pr\u00e4sident Aleksandar Vu\u010di\u0107 aufgrund seiner Haltung im Ukraine-Konflikt von einem Attent\u00e4ter ins Visier genommen werden k\u00f6nnte. Der serbische Pr\u00e4sident Aleksandar Vu\u010di\u0107 riskiere mit seiner Haltung im Ukraine-Konflikt und seiner Weigerung, der Linie der westlichen Staaten zu folgen, auch sein Leben, sagte [&hellip;]<\/p>\n","protected":false},"author":3,"featured_media":66593,"comment_status":"open","ping_status":"open","sticky":false,"template":"","format":"standard","meta":{"_yoast_indexnow_last_ping":["1723485281"],"wp_automatic_camp":["217"],"66019649de2fdd8009319db63bd35409":["Serbiens Vizepremier: Jeder, der sich weigert, Kiew zu unterst\u00fctzen, wird Ziel eines Attentats"],"original_link":["https:\/\/de.rt.com\/international\/215411-serbiens-vizepremier-jeder-sich-weigert\/"],"_thumbnail_id":["66593"],"_wptgpro_p2tg_sent2tg":["a:0:{}"],"jnews_social_counter_last_update":["1776945405"]},"categories":[19,23],"tags":[31892,82,2111,12049,1025,18785,434,1190,794,9229,374,10558],"yoast_head":"<!-- This site is optimized with the Yoast SEO Premium plugin v22.7 (Yoast SEO v22.7) - https:\/\/yoast.com\/wordpress\/plugins\/seo\/ -->\n<title>Serbiens Vizepremier: Jeder, der sich weigert, Kiew zu unterst\u00fctzen, wird Ziel eines Attentats - just-now.NEWS Deutschland<\/title>\n<meta name=\"robots\" content=\"index, follow, max-snippet:-1, max-image-preview:large, max-video-preview:-1\" \/>\n<link rel=\"canonical\" href=\"https:\/\/now-news.de\/de\/deutschland\/serbiens-vizepremier-jeder-der-sich-weigert-kiew-zu-unterstuetzen-wird-ziel-eines-attentats\/\" \/>\n<meta property=\"og:locale\" content=\"de_DE\" \/>\n<meta property=\"og:type\" content=\"article\" \/>\n<meta property=\"og:title\" content=\"Serbiens Vizepremier: Jeder, der sich weigert, Kiew zu unterst\u00fctzen, wird Ziel eines Attentats\" \/>\n<meta property=\"og:description\" content=\"Im Interview mit der russischen Nachrichtenagentur RIA Nowosti erkl\u00e4rte Serbiens stellvertretender Ministerpr\u00e4sident, dass der Pr\u00e4sident Aleksandar Vu\u010di\u0107 aufgrund seiner Haltung im Ukraine-Konflikt von einem Attent\u00e4ter ins Visier genommen werden k\u00f6nnte. Der serbische Pr\u00e4sident Aleksandar Vu\u010di\u0107 riskiere mit seiner Haltung im Ukraine-Konflikt und seiner Weigerung, der Linie der westlichen Staaten zu folgen, auch sein Leben, sagte [&hellip;]\" \/>\n<meta property=\"og:url\" content=\"https:\/\/now-news.de\/de\/deutschland\/serbiens-vizepremier-jeder-der-sich-weigert-kiew-zu-unterstuetzen-wird-ziel-eines-attentats\/\" \/>\n<meta property=\"og:site_name\" content=\"just-now.NEWS Deutschland\" \/>\n<meta property=\"article:publisher\" content=\"https:\/\/www.facebook.com\/wirmachenauf\" \/>\n<meta property=\"article:published_time\" content=\"2024-08-12T17:48:29+00:00\" \/>\n<meta property=\"og:image\" content=\"https:\/\/now-news.de\/de\/wp-content\/uploads\/sites\/3\/2024\/08\/66ba3c5ab480cc04bb3d1051.jpg\" \/>\n<meta name=\"author\" content=\"rtnews\" \/>\n<meta name=\"twitter:card\" content=\"summary_large_image\" \/>\n<meta name=\"twitter:creator\" content=\"@WirMachenAuf_de\" \/>\n<meta name=\"twitter:site\" content=\"@WirMachenAuf_de\" \/>\n<meta name=\"twitter:label1\" content=\"Verfasst von\" \/>\n\t<meta name=\"twitter:data1\" content=\"rtnews\" \/>\n\t<meta name=\"twitter:label2\" content=\"Gesch\u00e4tzte Lesezeit\" \/>\n\t<meta name=\"twitter:data2\" content=\"3\u00a0Minuten\" \/>\n<script type=\"application\/ld+json\" class=\"yoast-schema-graph\">{\"@context\":\"https:\/\/schema.org\",\"@graph\":[{\"@type\":\"Article\",\"@id\":\"https:\/\/now-news.de\/de\/deutschland\/serbiens-vizepremier-jeder-der-sich-weigert-kiew-zu-unterstuetzen-wird-ziel-eines-attentats\/#article\",\"isPartOf\":{\"@id\":\"https:\/\/now-news.de\/de\/deutschland\/serbiens-vizepremier-jeder-der-sich-weigert-kiew-zu-unterstuetzen-wird-ziel-eines-attentats\/\"},\"author\":{\"name\":\"rtnews\",\"@id\":\"https:\/\/now-news.de\/de\/#\/schema\/person\/fb534a4e865501d8b3285208df34a9b5\"},\"headline\":\"Serbiens Vizepremier: Jeder, der sich weigert, Kiew zu unterst\u00fctzen, wird Ziel eines Attentats\",\"datePublished\":\"2024-08-12T17:48:29+00:00\",\"dateModified\":\"2024-08-12T17:48:29+00:00\",\"mainEntityOfPage\":{\"@id\":\"https:\/\/now-news.de\/de\/deutschland\/serbiens-vizepremier-jeder-der-sich-weigert-kiew-zu-unterstuetzen-wird-ziel-eines-attentats\/\"},\"wordCount\":523,\"commentCount\":0,\"publisher\":{\"@id\":\"https:\/\/now-news.de\/de\/#organization\"},\"image\":{\"@id\":\"https:\/\/now-news.de\/de\/deutschland\/serbiens-vizepremier-jeder-der-sich-weigert-kiew-zu-unterstuetzen-wird-ziel-eines-attentats\/#primaryimage\"},\"thumbnailUrl\":\"https:\/\/now-news.de\/de\/wp-content\/uploads\/sites\/3\/2024\/08\/Serbiens-Vizepremier-Jeder-der-sich-weigert-Kiew-zu-unterstuetzen-wird.jpg\",\"keywords\":[\"Attentats\",\"der\",\"eines\",\"jeder\",\"Kiew\",\"Serbiens\",\"sich\",\"unterst\u00fctzen\",\"Vizepremier\",\"weigert\",\"wird\",\"Ziel\"],\"articleSection\":[\"Deutschland\",\"Russland\"],\"inLanguage\":\"de\",\"potentialAction\":[{\"@type\":\"CommentAction\",\"name\":\"Comment\",\"target\":[\"https:\/\/now-news.de\/de\/deutschland\/serbiens-vizepremier-jeder-der-sich-weigert-kiew-zu-unterstuetzen-wird-ziel-eines-attentats\/#respond\"]}]},{\"@type\":\"WebPage\",\"@id\":\"https:\/\/now-news.de\/de\/deutschland\/serbiens-vizepremier-jeder-der-sich-weigert-kiew-zu-unterstuetzen-wird-ziel-eines-attentats\/\",\"url\":\"https:\/\/now-news.de\/de\/deutschland\/serbiens-vizepremier-jeder-der-sich-weigert-kiew-zu-unterstuetzen-wird-ziel-eines-attentats\/\",\"name\":\"Serbiens Vizepremier: Jeder, der sich weigert, Kiew zu unterst\u00fctzen, wird Ziel eines Attentats - just-now.NEWS Deutschland\",\"isPartOf\":{\"@id\":\"https:\/\/now-news.de\/de\/#website\"},\"primaryImageOfPage\":{\"@id\":\"https:\/\/now-news.de\/de\/deutschland\/serbiens-vizepremier-jeder-der-sich-weigert-kiew-zu-unterstuetzen-wird-ziel-eines-attentats\/#primaryimage\"},\"image\":{\"@id\":\"https:\/\/now-news.de\/de\/deutschland\/serbiens-vizepremier-jeder-der-sich-weigert-kiew-zu-unterstuetzen-wird-ziel-eines-attentats\/#primaryimage\"},\"thumbnailUrl\":\"https:\/\/now-news.de\/de\/wp-content\/uploads\/sites\/3\/2024\/08\/Serbiens-Vizepremier-Jeder-der-sich-weigert-Kiew-zu-unterstuetzen-wird.jpg\",\"datePublished\":\"2024-08-12T17:48:29+00:00\",\"dateModified\":\"2024-08-12T17:48:29+00:00\",\"breadcrumb\":{\"@id\":\"https:\/\/now-news.de\/de\/deutschland\/serbiens-vizepremier-jeder-der-sich-weigert-kiew-zu-unterstuetzen-wird-ziel-eines-attentats\/#breadcrumb\"},\"inLanguage\":\"de\",\"potentialAction\":[{\"@type\":\"ReadAction\",\"target\":[\"https:\/\/now-news.de\/de\/deutschland\/serbiens-vizepremier-jeder-der-sich-weigert-kiew-zu-unterstuetzen-wird-ziel-eines-attentats\/\"]}]},{\"@type\":\"ImageObject\",\"inLanguage\":\"de\",\"@id\":\"https:\/\/now-news.de\/de\/deutschland\/serbiens-vizepremier-jeder-der-sich-weigert-kiew-zu-unterstuetzen-wird-ziel-eines-attentats\/#primaryimage\",\"url\":\"https:\/\/now-news.de\/de\/wp-content\/uploads\/sites\/3\/2024\/08\/Serbiens-Vizepremier-Jeder-der-sich-weigert-Kiew-zu-unterstuetzen-wird.jpg\",\"contentUrl\":\"https:\/\/now-news.de\/de\/wp-content\/uploads\/sites\/3\/2024\/08\/Serbiens-Vizepremier-Jeder-der-sich-weigert-Kiew-zu-unterstuetzen-wird.jpg\",\"width\":460,\"height\":259,\"caption\":\"Serbiens Vizepremier: Jeder, der sich weigert, Kiew zu unterst\u00fctzen, wird Ziel eines Attentats\"},{\"@type\":\"BreadcrumbList\",\"@id\":\"https:\/\/now-news.de\/de\/deutschland\/serbiens-vizepremier-jeder-der-sich-weigert-kiew-zu-unterstuetzen-wird-ziel-eines-attentats\/#breadcrumb\",\"itemListElement\":[{\"@type\":\"ListItem\",\"position\":1,\"name\":\"Home\",\"item\":\"https:\/\/now-news.de\/de\/\"},{\"@type\":\"ListItem\",\"position\":2,\"name\":\"Serbiens Vizepremier: Jeder, der sich weigert, Kiew zu unterst\u00fctzen, wird Ziel eines Attentats\"}]},{\"@type\":\"WebSite\",\"@id\":\"https:\/\/now-news.de\/de\/#website\",\"url\":\"https:\/\/now-news.de\/de\/\",\"name\":\"just-now.NEWS Deutschland\",\"description\":\"Das Portal f\u00fcr unzensierte Nachrichten aus der Welt\",\"publisher\":{\"@id\":\"https:\/\/now-news.de\/de\/#organization\"},\"potentialAction\":[{\"@type\":\"SearchAction\",\"target\":{\"@type\":\"EntryPoint\",\"urlTemplate\":\"https:\/\/now-news.de\/de\/?s={search_term_string}\"},\"query-input\":\"required name=search_term_string\"}],\"inLanguage\":\"de\"},{\"@type\":\"Organization\",\"@id\":\"https:\/\/now-news.de\/de\/#organization\",\"name\":\"Just Now News\",\"url\":\"https:\/\/now-news.de\/de\/\",\"logo\":{\"@type\":\"ImageObject\",\"inLanguage\":\"de\",\"@id\":\"https:\/\/now-news.de\/de\/#\/schema\/logo\/image\/\",\"url\":\"http:\/\/just-now.news\/de\/wp-content\/uploads\/sites\/3\/2022\/04\/logo500x500.jpg\",\"contentUrl\":\"http:\/\/just-now.news\/de\/wp-content\/uploads\/sites\/3\/2022\/04\/logo500x500.jpg\",\"width\":500,\"height\":500,\"caption\":\"Just Now News\"},\"image\":{\"@id\":\"https:\/\/now-news.de\/de\/#\/schema\/logo\/image\/\"},\"sameAs\":[\"https:\/\/www.facebook.com\/wirmachenauf\",\"https:\/\/x.com\/WirMachenAuf_de\"]},{\"@type\":\"Person\",\"@id\":\"https:\/\/now-news.de\/de\/#\/schema\/person\/fb534a4e865501d8b3285208df34a9b5\",\"name\":\"rtnews\",\"image\":{\"@type\":\"ImageObject\",\"inLanguage\":\"de\",\"@id\":\"https:\/\/now-news.de\/de\/#\/schema\/person\/image\/\",\"url\":\"https:\/\/secure.gravatar.com\/avatar\/82aafea7d8127119dd649515f56e2117?s=96&d=mm&r=g\",\"contentUrl\":\"https:\/\/secure.gravatar.com\/avatar\/82aafea7d8127119dd649515f56e2117?s=96&d=mm&r=g\",\"caption\":\"rtnews\"},\"url\":\"https:\/\/now-news.de\/de\/author\/rnews\/\"}]}<\/script>\n<!-- \/ Yoast SEO Premium plugin. -->","yoast_head_json":{"title":"Serbiens Vizepremier: Jeder, der sich weigert, Kiew zu unterst\u00fctzen, wird Ziel eines Attentats - just-now.NEWS Deutschland","robots":{"index":"index","follow":"follow","max-snippet":"max-snippet:-1","max-image-preview":"max-image-preview:large","max-video-preview":"max-video-preview:-1"},"canonical":"https:\/\/now-news.de\/de\/deutschland\/serbiens-vizepremier-jeder-der-sich-weigert-kiew-zu-unterstuetzen-wird-ziel-eines-attentats\/","og_locale":"de_DE","og_type":"article","og_title":"Serbiens Vizepremier: Jeder, der sich weigert, Kiew zu unterst\u00fctzen, wird Ziel eines Attentats","og_description":"Im Interview mit der russischen Nachrichtenagentur RIA Nowosti erkl\u00e4rte Serbiens stellvertretender Ministerpr\u00e4sident, dass der Pr\u00e4sident Aleksandar Vu\u010di\u0107 aufgrund seiner Haltung im Ukraine-Konflikt von einem Attent\u00e4ter ins Visier genommen werden k\u00f6nnte. Der serbische Pr\u00e4sident Aleksandar Vu\u010di\u0107 riskiere mit seiner Haltung im Ukraine-Konflikt und seiner Weigerung, der Linie der westlichen Staaten zu folgen, auch sein Leben, sagte [&hellip;]","og_url":"https:\/\/now-news.de\/de\/deutschland\/serbiens-vizepremier-jeder-der-sich-weigert-kiew-zu-unterstuetzen-wird-ziel-eines-attentats\/","og_site_name":"just-now.NEWS Deutschland","article_publisher":"https:\/\/www.facebook.com\/wirmachenauf","article_published_time":"2024-08-12T17:48:29+00:00","og_image":[{"url":"https:\/\/now-news.de\/de\/wp-content\/uploads\/sites\/3\/2024\/08\/66ba3c5ab480cc04bb3d1051.jpg"}],"author":"rtnews","twitter_card":"summary_large_image","twitter_creator":"@WirMachenAuf_de","twitter_site":"@WirMachenAuf_de","twitter_misc":{"Verfasst von":"rtnews","Gesch\u00e4tzte Lesezeit":"3\u00a0Minuten"},"schema":{"@context":"https:\/\/schema.org","@graph":[{"@type":"Article","@id":"https:\/\/now-news.de\/de\/deutschland\/serbiens-vizepremier-jeder-der-sich-weigert-kiew-zu-unterstuetzen-wird-ziel-eines-attentats\/#article","isPartOf":{"@id":"https:\/\/now-news.de\/de\/deutschland\/serbiens-vizepremier-jeder-der-sich-weigert-kiew-zu-unterstuetzen-wird-ziel-eines-attentats\/"},"author":{"name":"rtnews","@id":"https:\/\/now-news.de\/de\/#\/schema\/person\/fb534a4e865501d8b3285208df34a9b5"},"headline":"Serbiens Vizepremier: Jeder, der sich weigert, Kiew zu unterst\u00fctzen, wird Ziel eines Attentats","datePublished":"2024-08-12T17:48:29+00:00","dateModified":"2024-08-12T17:48:29+00:00","mainEntityOfPage":{"@id":"https:\/\/now-news.de\/de\/deutschland\/serbiens-vizepremier-jeder-der-sich-weigert-kiew-zu-unterstuetzen-wird-ziel-eines-attentats\/"},"wordCount":523,"commentCount":0,"publisher":{"@id":"https:\/\/now-news.de\/de\/#organization"},"image":{"@id":"https:\/\/now-news.de\/de\/deutschland\/serbiens-vizepremier-jeder-der-sich-weigert-kiew-zu-unterstuetzen-wird-ziel-eines-attentats\/#primaryimage"},"thumbnailUrl":"https:\/\/now-news.de\/de\/wp-content\/uploads\/sites\/3\/2024\/08\/Serbiens-Vizepremier-Jeder-der-sich-weigert-Kiew-zu-unterstuetzen-wird.jpg","keywords":["Attentats","der","eines","jeder","Kiew","Serbiens","sich","unterst\u00fctzen","Vizepremier","weigert","wird","Ziel"],"articleSection":["Deutschland","Russland"],"inLanguage":"de","potentialAction":[{"@type":"CommentAction","name":"Comment","target":["https:\/\/now-news.de\/de\/deutschland\/serbiens-vizepremier-jeder-der-sich-weigert-kiew-zu-unterstuetzen-wird-ziel-eines-attentats\/#respond"]}]},{"@type":"WebPage","@id":"https:\/\/now-news.de\/de\/deutschland\/serbiens-vizepremier-jeder-der-sich-weigert-kiew-zu-unterstuetzen-wird-ziel-eines-attentats\/","url":"https:\/\/now-news.de\/de\/deutschland\/serbiens-vizepremier-jeder-der-sich-weigert-kiew-zu-unterstuetzen-wird-ziel-eines-attentats\/","name":"Serbiens Vizepremier: Jeder, der sich weigert, Kiew zu unterst\u00fctzen, wird Ziel eines Attentats - just-now.NEWS Deutschland","isPartOf":{"@id":"https:\/\/now-news.de\/de\/#website"},"primaryImageOfPage":{"@id":"https:\/\/now-news.de\/de\/deutschland\/serbiens-vizepremier-jeder-der-sich-weigert-kiew-zu-unterstuetzen-wird-ziel-eines-attentats\/#primaryimage"},"image":{"@id":"https:\/\/now-news.de\/de\/deutschland\/serbiens-vizepremier-jeder-der-sich-weigert-kiew-zu-unterstuetzen-wird-ziel-eines-attentats\/#primaryimage"},"thumbnailUrl":"https:\/\/now-news.de\/de\/wp-content\/uploads\/sites\/3\/2024\/08\/Serbiens-Vizepremier-Jeder-der-sich-weigert-Kiew-zu-unterstuetzen-wird.jpg","datePublished":"2024-08-12T17:48:29+00:00","dateModified":"2024-08-12T17:48:29+00:00","breadcrumb":{"@id":"https:\/\/now-news.de\/de\/deutschland\/serbiens-vizepremier-jeder-der-sich-weigert-kiew-zu-unterstuetzen-wird-ziel-eines-attentats\/#breadcrumb"},"inLanguage":"de","potentialAction":[{"@type":"ReadAction","target":["https:\/\/now-news.de\/de\/deutschland\/serbiens-vizepremier-jeder-der-sich-weigert-kiew-zu-unterstuetzen-wird-ziel-eines-attentats\/"]}]},{"@type":"ImageObject","inLanguage":"de","@id":"https:\/\/now-news.de\/de\/deutschland\/serbiens-vizepremier-jeder-der-sich-weigert-kiew-zu-unterstuetzen-wird-ziel-eines-attentats\/#primaryimage","url":"https:\/\/now-news.de\/de\/wp-content\/uploads\/sites\/3\/2024\/08\/Serbiens-Vizepremier-Jeder-der-sich-weigert-Kiew-zu-unterstuetzen-wird.jpg","contentUrl":"https:\/\/now-news.de\/de\/wp-content\/uploads\/sites\/3\/2024\/08\/Serbiens-Vizepremier-Jeder-der-sich-weigert-Kiew-zu-unterstuetzen-wird.jpg","width":460,"height":259,"caption":"Serbiens Vizepremier: Jeder, der sich weigert, Kiew zu unterst\u00fctzen, wird Ziel eines Attentats"},{"@type":"BreadcrumbList","@id":"https:\/\/now-news.de\/de\/deutschland\/serbiens-vizepremier-jeder-der-sich-weigert-kiew-zu-unterstuetzen-wird-ziel-eines-attentats\/#breadcrumb","itemListElement":[{"@type":"ListItem","position":1,"name":"Home","item":"https:\/\/now-news.de\/de\/"},{"@type":"ListItem","position":2,"name":"Serbiens Vizepremier: Jeder, der sich weigert, Kiew zu unterst\u00fctzen, wird Ziel eines Attentats"}]},{"@type":"WebSite","@id":"https:\/\/now-news.de\/de\/#website","url":"https:\/\/now-news.de\/de\/","name":"just-now.NEWS Deutschland","description":"Das Portal f\u00fcr unzensierte Nachrichten aus der Welt","publisher":{"@id":"https:\/\/now-news.de\/de\/#organization"},"potentialAction":[{"@type":"SearchAction","target":{"@type":"EntryPoint","urlTemplate":"https:\/\/now-news.de\/de\/?s={search_term_string}"},"query-input":"required name=search_term_string"}],"inLanguage":"de"},{"@type":"Organization","@id":"https:\/\/now-news.de\/de\/#organization","name":"Just Now News","url":"https:\/\/now-news.de\/de\/","logo":{"@type":"ImageObject","inLanguage":"de","@id":"https:\/\/now-news.de\/de\/#\/schema\/logo\/image\/","url":"http:\/\/just-now.news\/de\/wp-content\/uploads\/sites\/3\/2022\/04\/logo500x500.jpg","contentUrl":"http:\/\/just-now.news\/de\/wp-content\/uploads\/sites\/3\/2022\/04\/logo500x500.jpg","width":500,"height":500,"caption":"Just Now News"},"image":{"@id":"https:\/\/now-news.de\/de\/#\/schema\/logo\/image\/"},"sameAs":["https:\/\/www.facebook.com\/wirmachenauf","https:\/\/x.com\/WirMachenAuf_de"]},{"@type":"Person","@id":"https:\/\/now-news.de\/de\/#\/schema\/person\/fb534a4e865501d8b3285208df34a9b5","name":"rtnews","image":{"@type":"ImageObject","inLanguage":"de","@id":"https:\/\/now-news.de\/de\/#\/schema\/person\/image\/","url":"https:\/\/secure.gravatar.com\/avatar\/82aafea7d8127119dd649515f56e2117?s=96&d=mm&r=g","contentUrl":"https:\/\/secure.gravatar.com\/avatar\/82aafea7d8127119dd649515f56e2117?s=96&d=mm&r=g","caption":"rtnews"},"url":"https:\/\/now-news.de\/de\/author\/rnews\/"}]}},"_links":{"self":[{"href":"https:\/\/now-news.de\/de\/wp-json\/wp\/v2\/posts\/66592"}],"collection":[{"href":"https:\/\/now-news.de\/de\/wp-json\/wp\/v2\/posts"}],"about":[{"href":"https:\/\/now-news.de\/de\/wp-json\/wp\/v2\/types\/post"}],"author":[{"embeddable":true,"href":"https:\/\/now-news.de\/de\/wp-json\/wp\/v2\/users\/3"}],"replies":[{"embeddable":true,"href":"https:\/\/now-news.de\/de\/wp-json\/wp\/v2\/comments?post=66592"}],"version-history":[{"count":0,"href":"https:\/\/now-news.de\/de\/wp-json\/wp\/v2\/posts\/66592\/revisions"}],"wp:featuredmedia":[{"embeddable":true,"href":"https:\/\/now-news.de\/de\/wp-json\/wp\/v2\/media\/66593"}],"wp:attachment":[{"href":"https:\/\/now-news.de\/de\/wp-json\/wp\/v2\/media?parent=66592"}],"wp:term":[{"taxonomy":"category","embeddable":true,"href":"https:\/\/now-news.de\/de\/wp-json\/wp\/v2\/categories?post=66592"},{"taxonomy":"post_tag","embeddable":true,"href":"https:\/\/now-news.de\/de\/wp-json\/wp\/v2\/tags?post=66592"}],"curies":[{"name":"wp","href":"https:\/\/api.w.org\/{rel}","templated":true}]}}