{"id":66538,"date":"2024-08-11T19:28:52","date_gmt":"2024-08-11T17:28:52","guid":{"rendered":"https:\/\/now-news.de\/de\/deutschland\/brandanschlag-vereitelt-mann-giesst-benzin-vor-zuercher-synagoge\/"},"modified":"2024-08-11T19:28:52","modified_gmt":"2024-08-11T17:28:52","slug":"brandanschlag-vereitelt-mann-giesst-benzin-vor-zuercher-synagoge","status":"publish","type":"post","link":"https:\/\/now-news.de\/de\/deutschland\/brandanschlag-vereitelt-mann-giesst-benzin-vor-zuercher-synagoge\/","title":{"rendered":"Brandanschlag vereitelt: Mann gie\u00dft Benzin vor Z\u00fcrcher Synagoge"},"content":{"rendered":"<div class=\"Text-root Text-type_1 \">\n                An der Synagoge in Z\u00fcrich \u00fcbersch\u00fcttete ein Schweizer den Eingangsbereich des Geb\u00e4udes mit Benzin. Der 32-J\u00e4hrige wurde am fr\u00fchen Sonntagmorgen von der Polizei verhaftet. Bereits im M\u00e4rz dieses Jahres ereignete sich ein Angriff auf einen Z\u00fcrcher Juden.\n            <\/div>\n<p><\/p>\n<div class=\"Text-root Text-type_5 ArticleView-text ViewText-root \">\n<p>Am Samstagabend, den 10. August 2024, kam es vor der Synagoge <a rel=\"nofollow noopener\" target=\"_blank\" href=\"https:\/\/de.wikipedia.org\/wiki\/Synagoge_Agudas_Achim_(Z%C3%BCrich)\">Agudas Achim<\/a> in Z\u00fcrich-Wiedikon zu einem versuchten Brandanschlag, der durch das beherzte Eingreifen des Sicherheitsdienstes verhindert wurde.<\/p>\n<p>Ein 32-j\u00e4hriger Mann, der als psychisch verwirrt <a rel=\"nofollow noopener\" target=\"_blank\" href=\"https:\/\/www.srf.ch\/news\/schweiz\/moeglicher-brandanschlag-mann-schuettet-bei-synagoge-in-zuerich-benzin-aus\">beschrieben<\/a> wird, goss Benzin vor dem Eingang der Synagoge aus und versuchte, das Geb\u00e4ude in Brand zu setzen.<\/p>\n<figure class=\"RTImage-root\">\n<div class=\"RTImage-image RTImage-original\"><picture class=\"Picture-root Picture-original\"><!--[if IE 9]><video style=\"display: none;\"><![endif]--><source media=\"(-webkit-min-device-pixel-ratio: 2) and (min-resolution: 120dpi)\" data-srcset=\" \nhttps:\/\/now-news.de\/de\/wp-content\/uploads\/sites\/3\/2024\/08\/66b893e8b480cc541c4d0cff.jpg 850w,\n                https:\/\/now-news.de\/de\/wp-content\/uploads\/sites\/3\/2024\/08\/66b893e8b480cc541c4d0cff.jpg 1960w,            \" ><source data-srcset=\" \nhttps:\/\/now-news.de\/de\/wp-content\/uploads\/sites\/3\/2024\/08\/66b893e8b480cc541c4d0cff.jpg 460w,\n              https:\/\/now-news.de\/de\/wp-content\/uploads\/sites\/3\/2024\/08\/66b893e8b480cc541c4d0cff.jpg 980w,\n            \" ><!--[if IE 9]><\/video><![endif]--><img decoding=\"async\" data- src=\"data:image\/png;base64,iVBORw0KGgoAAAANSUhEUgAAABAAAAAJCAQAAACRI2S5AAAAEElEQVR42mNkIAAYRxWAAQAG9gAKqv6+AwAAAABJRU5ErkJggg==\" class=\"Picture-root Picture-original lazyload\" data-src=\"https:\/\/now-news.de\/de\/wp-content\/uploads\/sites\/3\/2024\/08\/66b893e8b480cc541c4d0cff.jpg\" alt=\"\"><\/source><\/source><\/picture><!-- noscript pattern --><noscript><img decoding=\"async\" src=\"https:\/\/now-news.de\/de\/wp-content\/uploads\/sites\/3\/2024\/08\/66b893e8b480cc541c4d0cff.jpg\" alt=\"\"><\/noscript><\/div><figcaption class=\"RTImage-footer\"><span class=\"RTImage-caption\"><span class=\"RTImage-captionItem\">Gem\u00e4\u00df bisherigen Erkenntnissen begab sich ein Mann kurz nach 20 Uhr zur Synagoge in der Erikastra\u00dfe und versch\u00fcttete dort am Eingang Benzin. Dabei wurde er von einem Mitarbeiter des hauseigenen Sicherheitsdienstes \u00fcberrascht und angesprochen. Sofort ergriff er zu Fu\u00df die Flucht.<\/span><\/span><span class=\"RTImage-source\"><span class=\"RTImage-captionItem\">RT<\/span><\/span><\/figcaption><\/figure>\n<p>Der FDP-Gemeinderat und Mitglied der j\u00fcdischen Gemeinschaft, Jehuda Spielman, machte den Vorfall \u00fcber das soziale Netzwerk X publik. Laut Spielman handelt es sich hierbei nicht um eine Zufallstat.<\/p>\n<div class=\"EmbedBlock-root EmbedBlock-twitter\">\n<div class=\"TwitterEmbed\">\n<blockquote class=\"twitter-tweet lazyload\" data-twitter=\"twitter-tweet\">\n<p lang=\"de\" dir=\"ltr\">Heute Abend wurde bei unserer Synagoge an der Erikastrasse in Z\u00fcrich ein Brandanschlag versucht. Unsere Sicherheitsleute haben die T\u00e4ter erwischt, als sie Benzin um das Geb\u00e4ude gossen. Die T\u00e4ter sind anschliessend gefl\u00fcchtet. Die <a rel=\"nofollow noopener\" target=\"_blank\" href=\"https:\/\/twitter.com\/StadtpolizeiZH?ref_src=twsrc%5Etfw\">@StadtpolizeiZH<\/a> ist mit einem Aufgebot vor Ort.<\/p>\n<p>\u2014 Jehuda Spielman (@JehudaSpielman) <a rel=\"nofollow noopener\" target=\"_blank\" href=\"https:\/\/twitter.com\/JehudaSpielman\/status\/1822359337957753274?ref_src=twsrc%5Etfw\">August 10, 2024<\/a><\/p><\/blockquote>\n<\/div>\n<\/div>\n<p>Der T\u00e4ter hatte sein Ziel bewusst ausgew\u00e4hlt, da er bereits Tage zuvor im Umfeld einer anderen j\u00fcdischen Institution aufgefallen war.<\/p>\n<p>Zudem hatte er kurz vor der Tat eine j\u00fcdische Person im Quartier <a rel=\"nofollow noopener\" target=\"_blank\" href=\"https:\/\/www.20min.ch\/story\/zuerich-versuchter-brandanschlag-auf-synagoge-er-goss-benzin-ums-gebaeude-103166931\">bel\u00e4stigt<\/a>.<\/p>\n<div class=\"EmbedBlock-root EmbedBlock-twitter\">\n<div class=\"TwitterEmbed\">\n<blockquote class=\"twitter-tweet lazyload\" data-twitter=\"twitter-tweet\">\n<p lang=\"de\" dir=\"ltr\">Weitere Informationen zum gestrigen Vorfall bei unserer Synagoge:- Es handelte sich um einen Einzelt\u00e4ter, nicht um mehrere. Eine weitere Person die anf\u00e4nglich auch verd\u00e4chtig ausgesehen hat, befand sich w\u00e4hrend der Tat in der N\u00e4he, war jedoch nicht daran beteiligt. Daher war\u2026 <a rel=\"nofollow noopener\" target=\"_blank\" href=\"https:\/\/t.co\/ulRfyJKgnp\">https:\/\/t.co\/ulRfyJKgnp<\/a><\/p>\n<p>\u2014 Jehuda Spielman (@JehudaSpielman) <a rel=\"nofollow noopener\" target=\"_blank\" href=\"https:\/\/twitter.com\/JehudaSpielman\/status\/1822542710940590246?ref_src=twsrc%5Etfw\">August 11, 2024<\/a><\/p><\/blockquote>\n<\/div>\n<\/div>\n<p>Die Z\u00fcrcher Stadtpolizei <a rel=\"nofollow noopener\" target=\"_blank\" href=\"https:\/\/www.stadt-zuerich.ch\/pd\/de\/index\/stadtpolizei_zuerich\/medien\/medienmitteilungen\/2024\/08\/benzin_vor_synagogeausgeleertpersonfestgenommen.html\">best\u00e4tigte<\/a> den Vorfall und leitete sofort eine Fahndung nach dem T\u00e4ter ein. Der Mann konnte in der Nacht von der Kantonspolizei Z\u00fcrich festgenommen werden.<\/p>\n<p>Erste Abkl\u00e4rungen ergaben, dass der T\u00e4ter allein handelte.\u00a0Verletzt wurde niemand.<\/p>\n<p>Die Z\u00fcrcher Stadtpolizei <a rel=\"nofollow noopener\" target=\"_blank\" href=\"https:\/\/www.stadt-zuerich.ch\/pd\/de\/index\/stadtpolizei_zuerich\/medien\/medienmitteilungen\/2024\/08\/benzin_vor_synagogeausgeleertpersonfestgenommen.html\">schreibt<\/a>:<\/p>\n<blockquote>\n<p><em>&#8220;Der mutmassliche T\u00e4ter, ein offenbar psychisch verwirrter, 32-j\u00e4hriger Schweizer, konnte im Verlaufe der Nacht von der Kantonspolizei Z\u00fcrich festgenommen werden. Anhand von ersten Abkl\u00e4rungen handelte der T\u00e4ter allein und es steht kein extremistisches Motiv im Vordergrund.&#8221;<\/em><\/p>\n<\/blockquote>\n<figure class=\"RTImage-root\">\n<div class=\"RTImage-image RTImage-original\"><picture class=\"Picture-root Picture-original\"><!--[if IE 9]><video style=\"display: none;\"><![endif]--><source media=\"(-webkit-min-device-pixel-ratio: 2) and (min-resolution: 120dpi)\" data-srcset=\" \nhttps:\/\/now-news.de\/de\/wp-content\/uploads\/sites\/3\/2024\/08\/66b89589b480cc1dc607a0cd.jpg 850w,\n                https:\/\/now-news.de\/de\/wp-content\/uploads\/sites\/3\/2024\/08\/66b89589b480cc1dc607a0cd.jpg 1960w,            \" ><source data-srcset=\" \nhttps:\/\/now-news.de\/de\/wp-content\/uploads\/sites\/3\/2024\/08\/66b89589b480cc1dc607a0cd.jpg 460w,\n              https:\/\/now-news.de\/de\/wp-content\/uploads\/sites\/3\/2024\/08\/66b89589b480cc1dc607a0cd.jpg 980w,\n            \" ><!--[if IE 9]><\/video><![endif]--><img decoding=\"async\" data- src=\"data:image\/png;base64,iVBORw0KGgoAAAANSUhEUgAAABAAAAAJCAQAAACRI2S5AAAAEElEQVR42mNkIAAYRxWAAQAG9gAKqv6+AwAAAABJRU5ErkJggg==\" class=\"Picture-root Picture-original lazyload\" data-src=\"https:\/\/now-news.de\/de\/wp-content\/uploads\/sites\/3\/2024\/08\/66b89589b480cc1dc607a0cd.jpg\" alt=\"\"><\/source><\/source><\/picture><!-- noscript pattern --><noscript><img decoding=\"async\" src=\"https:\/\/now-news.de\/de\/wp-content\/uploads\/sites\/3\/2024\/08\/66b89589b480cc1dc607a0cd.jpg\" alt=\"\"><\/noscript><\/div><figcaption class=\"RTImage-footer\"><span class=\"RTImage-caption\"><span class=\"RTImage-captionItem\">Jehuda Spielman erkl\u00e4rte, dass der T\u00e4ter vor der Tat sowohl am gestrigen Tag als auch bereits vor einigen Tagen mindestens eine weitere j\u00fcdische Institution in der Stadt aufgesucht hatte. Daher geht Spielman davon aus, dass die Auswahl der Synagoge kein Zufall war.<\/span><\/span><span class=\"RTImage-source\"><span class=\"RTImage-captionItem\">RT<\/span><\/span><\/figcaption><\/figure>\n<p>Spielman <a rel=\"nofollow noopener\" target=\"_blank\" href=\"https:\/\/www.20min.ch\/story\/zuerich-versuchter-brandanschlag-auf-synagoge-er-goss-benzin-ums-gebaeude-103166931\">\u00e4u\u00dferte<\/a> sich besorgt \u00fcber die zunehmende Anspannung in der Gesellschaft, die durch den Nahostkonflikt weiter angeheizt wird.<\/p>\n<blockquote>\n<p><em>&#8220;Man muss sich bewusst werden, dass jeder Post auf Social Media etwas ausl\u00f6sen kann. Dieser Verantwortung muss man sich bewusst sein.&#8221;<\/em><\/p>\n<\/blockquote>\n<p>Die \u00fcberhitzte Stimmung k\u00f6nne labile oder extremistische Personen zu solchen Taten verleiten, so Spielman. Er appellierte an die Gesellschaft, in den Diskussionen \u00fcber Israel und das Judentum die Grenzen des Anstands einzuhalten.<\/p>\n<p>Die Synagoge in Wiedikon verf\u00fcgt seit Langem \u00fcber einen eigenen Sicherheitsdienst, der nach einem Mordanschlag im Jahr 2001, bei dem der israelische Rabbiner <a rel=\"nofollow noopener\" target=\"_blank\" href=\"https:\/\/www.nzz.ch\/schweiz\/mordfall-gruenbaum-ungeloest-ld.1628722\">Abraham Gr\u00fcnbaum<\/a> get\u00f6tet wurde, verst\u00e4rkt wurde.\u00a0Dieser Fall erregte weltweit Aufmerksamkeit und Spekulationen. Bis heute bleibt er <a rel=\"nofollow noopener\" target=\"_blank\" href=\"https:\/\/de.wikipedia.org\/wiki\/Abraham_Gr%C3%BCnbaum\">ungel\u00f6st<\/a>.\u00a0<\/p>\n<p>Der aktuelle Vorfall zeigt, wie wichtig diese Sicherheitsma\u00dfnahmen sind, um die Gemeinde vor solchen Angriffen zu sch\u00fctzen.\u00a0<\/p>\n<p><strong>Bereits im M\u00e4rz dieses Jahres ereignete sich ein Angriff auf einen Z\u00fcrcher Juden<\/strong><\/p>\n<p>Am Samstagabend, dem 2. M\u00e4rz 2024, stach ein Jugendlicher in der Z\u00fcrcher Innenstadt einen orthodoxen Juden auf offener Stra\u00dfe mit einem Messer nieder.<\/p>\n<p>Laut der <a rel=\"nofollow noopener\" target=\"_blank\" href=\"https:\/\/www.srf.ch\/news\/schweiz\/50-jaehriger-niedergestochen-angriff-auf-orthodoxen-juden-in-zuerich-das-ist-bekannt\">Oberjugendanwaltschaft<\/a> des Kantons Z\u00fcrich handelt es sich bei dem mutma\u00dflichen T\u00e4ter um einen 15-j\u00e4hrigen Schweizer mit tunesischem Hintergrund.<\/p>\n<figure class=\"RTImage-root\">\n<div class=\"RTImage-image RTImage-original\"><picture class=\"Picture-root Picture-original\"><!--[if IE 9]><video style=\"display: none;\"><![endif]--><source media=\"(-webkit-min-device-pixel-ratio: 2) and (min-resolution: 120dpi)\" data-srcset=\" \nhttps:\/\/now-news.de\/de\/wp-content\/uploads\/sites\/3\/2024\/08\/66b89ad9b480cc1dc607a0d9.jpg 850w,\n                https:\/\/now-news.de\/de\/wp-content\/uploads\/sites\/3\/2024\/08\/66b89ad9b480cc1dc607a0d9.jpg 1960w,            \" ><source data-srcset=\" \nhttps:\/\/now-news.de\/de\/wp-content\/uploads\/sites\/3\/2024\/08\/66b89ad9b480cc1dc607a0d9.jpg 460w,\n              https:\/\/now-news.de\/de\/wp-content\/uploads\/sites\/3\/2024\/08\/66b89ad9b480cc1dc607a0d9.jpg 980w,\n            \" ><!--[if IE 9]><\/video><![endif]--><img decoding=\"async\" data- src=\"data:image\/png;base64,iVBORw0KGgoAAAANSUhEUgAAABAAAAAJCAQAAACRI2S5AAAAEElEQVR42mNkIAAYRxWAAQAG9gAKqv6+AwAAAABJRU5ErkJggg==\" class=\"Picture-root Picture-original lazyload\" data-src=\"https:\/\/now-news.de\/de\/wp-content\/uploads\/sites\/3\/2024\/08\/66b89ad9b480cc1dc607a0d9.jpg\" alt=\"\"><\/source><\/source><\/picture><!-- noscript pattern --><noscript><img decoding=\"async\" src=\"https:\/\/now-news.de\/de\/wp-content\/uploads\/sites\/3\/2024\/08\/66b89ad9b480cc1dc607a0d9.jpg\" alt=\"\"><\/noscript><\/div><figcaption class=\"RTImage-footer\"><span class=\"RTImage-caption\"><span class=\"RTImage-captionItem\">&#8220;Die ganze Synagoge war voller Benzin&#8221;, schreibt &#8220;20 Minuten&#8221;.<\/span><\/span><span class=\"RTImage-source\"><span class=\"RTImage-captionItem\">RT<\/span><\/span><\/figcaption><\/figure>\n<p>Die Sicherheitsvorkehrungen f\u00fcr j\u00fcdische Einrichtungen sind seit mehreren Monaten auf einem hohen Niveau. Durch die Eskalation des Israel-Konflikts hat sich die Situation weiter zugespitzt.<\/p>\n<p>Infolgedessen richten die Sicherheitsbeh\u00f6rden nun verst\u00e4rkt ihre Aufmerksamkeit auf besonders gef\u00e4hrdete Einrichtungen \u2013 insbesondere auf j\u00fcdische Kindertagesst\u00e4tten, Schulen und Synagogen \u2013, um deren Schutz weiter zu gew\u00e4hrleisten.<\/p>\n<p><strong>Mehr zum Thema<\/strong>\u00a0\u2013\u00a0<a rel=\"nofollow noopener\" target=\"_blank\" href=\"https:\/\/freedert.online\/der-nahe-osten\/215147-gaza-ueber-100-tote-nach\/\">Gaza: \u00dcber 100 Tote nach israelischem Angriff auf Schule<\/a><\/p>\n<div class=\"EmbedBlock-root EmbedBlock-externalVideo EmbedBlock-vk\">\n<div class=\"VkEmbed\"><iframe class=\"lazyload\" data-src=\"https:\/\/vk.com\/video_ext.php?oid=-134310637&amp;id=456279005\" frameborder=\"0\" width=\"853\" height=\"480\" allowfullscreen><\/iframe><\/div>\n<\/div>\n<\/div>\n<p><script async src=\"https:\/\/platform.twitter.com\/widgets.js\" charset=\"utf-8\"><\/script><br \/>\n<br \/><br \/>\n<br \/><a href=\"https:\/\/de.rt.com\/schweiz\/215264-brandanschlag-vereitelt-mann-giesst-benzin\/\">Source link <\/a><\/p>\n","protected":false},"excerpt":{"rendered":"<p>An der Synagoge in Z\u00fcrich \u00fcbersch\u00fcttete ein Schweizer den Eingangsbereich des Geb\u00e4udes mit Benzin. Der 32-J\u00e4hrige wurde am fr\u00fchen Sonntagmorgen von der Polizei verhaftet. Bereits im M\u00e4rz dieses Jahres ereignete sich ein Angriff auf einen Z\u00fcrcher Juden. Am Samstagabend, den 10. August 2024, kam es vor der Synagoge Agudas Achim in Z\u00fcrich-Wiedikon zu einem versuchten [&hellip;]<\/p>\n","protected":false},"author":3,"featured_media":66539,"comment_status":"open","ping_status":"open","sticky":false,"template":"","format":"standard","meta":{"_yoast_indexnow_last_ping":["1723398174"],"wp_automatic_camp":["217"],"3fb4acdbdb40f8656b33fd1e70470a6d":["Brandanschlag vereitelt: Mann gie\u00dft Benzin vor Z\u00fcrcher Synagoge"],"original_link":["https:\/\/de.rt.com\/schweiz\/215264-brandanschlag-vereitelt-mann-giesst-benzin\/"],"_thumbnail_id":["66539"],"_wptgpro_p2tg_sent2tg":["a:1:{i:23737;s:19:\"2024-08-11 19:44:03\";}"],"jnews_social_counter_last_update":["1777502281"]},"categories":[19,23],"tags":[15537,35651,57443,8042,39762,9999,320,53203],"yoast_head":"<!-- This site is optimized with the Yoast SEO Premium plugin v22.7 (Yoast SEO v22.7) - https:\/\/yoast.com\/wordpress\/plugins\/seo\/ -->\n<title>Brandanschlag vereitelt: Mann gie\u00dft Benzin vor Z\u00fcrcher Synagoge - just-now.NEWS Deutschland<\/title>\n<meta name=\"robots\" content=\"index, follow, max-snippet:-1, max-image-preview:large, max-video-preview:-1\" \/>\n<link rel=\"canonical\" href=\"https:\/\/now-news.de\/de\/deutschland\/brandanschlag-vereitelt-mann-giesst-benzin-vor-zuercher-synagoge\/\" \/>\n<meta property=\"og:locale\" content=\"de_DE\" \/>\n<meta property=\"og:type\" content=\"article\" \/>\n<meta property=\"og:title\" content=\"Brandanschlag vereitelt: Mann gie\u00dft Benzin vor Z\u00fcrcher Synagoge\" \/>\n<meta property=\"og:description\" content=\"An der Synagoge in Z\u00fcrich \u00fcbersch\u00fcttete ein Schweizer den Eingangsbereich des Geb\u00e4udes mit Benzin. Der 32-J\u00e4hrige wurde am fr\u00fchen Sonntagmorgen von der Polizei verhaftet. Bereits im M\u00e4rz dieses Jahres ereignete sich ein Angriff auf einen Z\u00fcrcher Juden. Am Samstagabend, den 10. August 2024, kam es vor der Synagoge Agudas Achim in Z\u00fcrich-Wiedikon zu einem versuchten [&hellip;]\" \/>\n<meta property=\"og:url\" content=\"https:\/\/now-news.de\/de\/deutschland\/brandanschlag-vereitelt-mann-giesst-benzin-vor-zuercher-synagoge\/\" \/>\n<meta property=\"og:site_name\" content=\"just-now.NEWS Deutschland\" \/>\n<meta property=\"article:publisher\" content=\"https:\/\/www.facebook.com\/wirmachenauf\" \/>\n<meta property=\"article:published_time\" content=\"2024-08-11T17:28:52+00:00\" \/>\n<meta property=\"og:image\" content=\"https:\/\/now-news.de\/de\/wp-content\/uploads\/sites\/3\/2024\/08\/66b893e8b480cc541c4d0cff.jpg\" \/>\n<meta name=\"author\" content=\"rtnews\" \/>\n<meta name=\"twitter:card\" content=\"summary_large_image\" \/>\n<meta name=\"twitter:creator\" content=\"@WirMachenAuf_de\" \/>\n<meta name=\"twitter:site\" content=\"@WirMachenAuf_de\" \/>\n<meta name=\"twitter:label1\" content=\"Verfasst von\" \/>\n\t<meta name=\"twitter:data1\" content=\"rtnews\" \/>\n\t<meta name=\"twitter:label2\" content=\"Gesch\u00e4tzte Lesezeit\" \/>\n\t<meta name=\"twitter:data2\" content=\"4\u00a0Minuten\" \/>\n<script type=\"application\/ld+json\" class=\"yoast-schema-graph\">{\"@context\":\"https:\/\/schema.org\",\"@graph\":[{\"@type\":\"Article\",\"@id\":\"https:\/\/now-news.de\/de\/deutschland\/brandanschlag-vereitelt-mann-giesst-benzin-vor-zuercher-synagoge\/#article\",\"isPartOf\":{\"@id\":\"https:\/\/now-news.de\/de\/deutschland\/brandanschlag-vereitelt-mann-giesst-benzin-vor-zuercher-synagoge\/\"},\"author\":{\"name\":\"rtnews\",\"@id\":\"https:\/\/now-news.de\/de\/#\/schema\/person\/fb534a4e865501d8b3285208df34a9b5\"},\"headline\":\"Brandanschlag vereitelt: Mann gie\u00dft Benzin vor Z\u00fcrcher Synagoge\",\"datePublished\":\"2024-08-11T17:28:52+00:00\",\"dateModified\":\"2024-08-11T17:28:52+00:00\",\"mainEntityOfPage\":{\"@id\":\"https:\/\/now-news.de\/de\/deutschland\/brandanschlag-vereitelt-mann-giesst-benzin-vor-zuercher-synagoge\/\"},\"wordCount\":739,\"commentCount\":0,\"publisher\":{\"@id\":\"https:\/\/now-news.de\/de\/#organization\"},\"image\":{\"@id\":\"https:\/\/now-news.de\/de\/deutschland\/brandanschlag-vereitelt-mann-giesst-benzin-vor-zuercher-synagoge\/#primaryimage\"},\"thumbnailUrl\":\"https:\/\/now-news.de\/de\/wp-content\/uploads\/sites\/3\/2024\/08\/Brandanschlag-vereitelt-Mann-giesst-Benzin-vor-Zuercher-Synagoge.jpg\",\"keywords\":[\"Benzin\",\"Brandanschlag\",\"gie\u00dft\",\"Mann\",\"Synagoge\",\"vereitelt\",\"vor\",\"Z\u00fcrcher\"],\"articleSection\":[\"Deutschland\",\"Russland\"],\"inLanguage\":\"de\",\"potentialAction\":[{\"@type\":\"CommentAction\",\"name\":\"Comment\",\"target\":[\"https:\/\/now-news.de\/de\/deutschland\/brandanschlag-vereitelt-mann-giesst-benzin-vor-zuercher-synagoge\/#respond\"]}]},{\"@type\":\"WebPage\",\"@id\":\"https:\/\/now-news.de\/de\/deutschland\/brandanschlag-vereitelt-mann-giesst-benzin-vor-zuercher-synagoge\/\",\"url\":\"https:\/\/now-news.de\/de\/deutschland\/brandanschlag-vereitelt-mann-giesst-benzin-vor-zuercher-synagoge\/\",\"name\":\"Brandanschlag vereitelt: Mann gie\u00dft Benzin vor Z\u00fcrcher Synagoge - just-now.NEWS Deutschland\",\"isPartOf\":{\"@id\":\"https:\/\/now-news.de\/de\/#website\"},\"primaryImageOfPage\":{\"@id\":\"https:\/\/now-news.de\/de\/deutschland\/brandanschlag-vereitelt-mann-giesst-benzin-vor-zuercher-synagoge\/#primaryimage\"},\"image\":{\"@id\":\"https:\/\/now-news.de\/de\/deutschland\/brandanschlag-vereitelt-mann-giesst-benzin-vor-zuercher-synagoge\/#primaryimage\"},\"thumbnailUrl\":\"https:\/\/now-news.de\/de\/wp-content\/uploads\/sites\/3\/2024\/08\/Brandanschlag-vereitelt-Mann-giesst-Benzin-vor-Zuercher-Synagoge.jpg\",\"datePublished\":\"2024-08-11T17:28:52+00:00\",\"dateModified\":\"2024-08-11T17:28:52+00:00\",\"breadcrumb\":{\"@id\":\"https:\/\/now-news.de\/de\/deutschland\/brandanschlag-vereitelt-mann-giesst-benzin-vor-zuercher-synagoge\/#breadcrumb\"},\"inLanguage\":\"de\",\"potentialAction\":[{\"@type\":\"ReadAction\",\"target\":[\"https:\/\/now-news.de\/de\/deutschland\/brandanschlag-vereitelt-mann-giesst-benzin-vor-zuercher-synagoge\/\"]}]},{\"@type\":\"ImageObject\",\"inLanguage\":\"de\",\"@id\":\"https:\/\/now-news.de\/de\/deutschland\/brandanschlag-vereitelt-mann-giesst-benzin-vor-zuercher-synagoge\/#primaryimage\",\"url\":\"https:\/\/now-news.de\/de\/wp-content\/uploads\/sites\/3\/2024\/08\/Brandanschlag-vereitelt-Mann-giesst-Benzin-vor-Zuercher-Synagoge.jpg\",\"contentUrl\":\"https:\/\/now-news.de\/de\/wp-content\/uploads\/sites\/3\/2024\/08\/Brandanschlag-vereitelt-Mann-giesst-Benzin-vor-Zuercher-Synagoge.jpg\",\"width\":1280,\"height\":960,\"caption\":\"Brandanschlag vereitelt: Mann gie\u00dft Benzin vor Z\u00fcrcher Synagoge\"},{\"@type\":\"BreadcrumbList\",\"@id\":\"https:\/\/now-news.de\/de\/deutschland\/brandanschlag-vereitelt-mann-giesst-benzin-vor-zuercher-synagoge\/#breadcrumb\",\"itemListElement\":[{\"@type\":\"ListItem\",\"position\":1,\"name\":\"Home\",\"item\":\"https:\/\/now-news.de\/de\/\"},{\"@type\":\"ListItem\",\"position\":2,\"name\":\"Brandanschlag vereitelt: Mann gie\u00dft Benzin vor Z\u00fcrcher Synagoge\"}]},{\"@type\":\"WebSite\",\"@id\":\"https:\/\/now-news.de\/de\/#website\",\"url\":\"https:\/\/now-news.de\/de\/\",\"name\":\"just-now.NEWS Deutschland\",\"description\":\"Das Portal f\u00fcr unzensierte Nachrichten aus der Welt\",\"publisher\":{\"@id\":\"https:\/\/now-news.de\/de\/#organization\"},\"potentialAction\":[{\"@type\":\"SearchAction\",\"target\":{\"@type\":\"EntryPoint\",\"urlTemplate\":\"https:\/\/now-news.de\/de\/?s={search_term_string}\"},\"query-input\":\"required name=search_term_string\"}],\"inLanguage\":\"de\"},{\"@type\":\"Organization\",\"@id\":\"https:\/\/now-news.de\/de\/#organization\",\"name\":\"Just Now News\",\"url\":\"https:\/\/now-news.de\/de\/\",\"logo\":{\"@type\":\"ImageObject\",\"inLanguage\":\"de\",\"@id\":\"https:\/\/now-news.de\/de\/#\/schema\/logo\/image\/\",\"url\":\"http:\/\/just-now.news\/de\/wp-content\/uploads\/sites\/3\/2022\/04\/logo500x500.jpg\",\"contentUrl\":\"http:\/\/just-now.news\/de\/wp-content\/uploads\/sites\/3\/2022\/04\/logo500x500.jpg\",\"width\":500,\"height\":500,\"caption\":\"Just Now News\"},\"image\":{\"@id\":\"https:\/\/now-news.de\/de\/#\/schema\/logo\/image\/\"},\"sameAs\":[\"https:\/\/www.facebook.com\/wirmachenauf\",\"https:\/\/x.com\/WirMachenAuf_de\"]},{\"@type\":\"Person\",\"@id\":\"https:\/\/now-news.de\/de\/#\/schema\/person\/fb534a4e865501d8b3285208df34a9b5\",\"name\":\"rtnews\",\"image\":{\"@type\":\"ImageObject\",\"inLanguage\":\"de\",\"@id\":\"https:\/\/now-news.de\/de\/#\/schema\/person\/image\/\",\"url\":\"https:\/\/secure.gravatar.com\/avatar\/82aafea7d8127119dd649515f56e2117?s=96&d=mm&r=g\",\"contentUrl\":\"https:\/\/secure.gravatar.com\/avatar\/82aafea7d8127119dd649515f56e2117?s=96&d=mm&r=g\",\"caption\":\"rtnews\"},\"url\":\"https:\/\/now-news.de\/de\/author\/rnews\/\"}]}<\/script>\n<!-- \/ Yoast SEO Premium plugin. -->","yoast_head_json":{"title":"Brandanschlag vereitelt: Mann gie\u00dft Benzin vor Z\u00fcrcher Synagoge - just-now.NEWS Deutschland","robots":{"index":"index","follow":"follow","max-snippet":"max-snippet:-1","max-image-preview":"max-image-preview:large","max-video-preview":"max-video-preview:-1"},"canonical":"https:\/\/now-news.de\/de\/deutschland\/brandanschlag-vereitelt-mann-giesst-benzin-vor-zuercher-synagoge\/","og_locale":"de_DE","og_type":"article","og_title":"Brandanschlag vereitelt: Mann gie\u00dft Benzin vor Z\u00fcrcher Synagoge","og_description":"An der Synagoge in Z\u00fcrich \u00fcbersch\u00fcttete ein Schweizer den Eingangsbereich des Geb\u00e4udes mit Benzin. Der 32-J\u00e4hrige wurde am fr\u00fchen Sonntagmorgen von der Polizei verhaftet. Bereits im M\u00e4rz dieses Jahres ereignete sich ein Angriff auf einen Z\u00fcrcher Juden. Am Samstagabend, den 10. August 2024, kam es vor der Synagoge Agudas Achim in Z\u00fcrich-Wiedikon zu einem versuchten [&hellip;]","og_url":"https:\/\/now-news.de\/de\/deutschland\/brandanschlag-vereitelt-mann-giesst-benzin-vor-zuercher-synagoge\/","og_site_name":"just-now.NEWS Deutschland","article_publisher":"https:\/\/www.facebook.com\/wirmachenauf","article_published_time":"2024-08-11T17:28:52+00:00","og_image":[{"url":"https:\/\/now-news.de\/de\/wp-content\/uploads\/sites\/3\/2024\/08\/66b893e8b480cc541c4d0cff.jpg"}],"author":"rtnews","twitter_card":"summary_large_image","twitter_creator":"@WirMachenAuf_de","twitter_site":"@WirMachenAuf_de","twitter_misc":{"Verfasst von":"rtnews","Gesch\u00e4tzte Lesezeit":"4\u00a0Minuten"},"schema":{"@context":"https:\/\/schema.org","@graph":[{"@type":"Article","@id":"https:\/\/now-news.de\/de\/deutschland\/brandanschlag-vereitelt-mann-giesst-benzin-vor-zuercher-synagoge\/#article","isPartOf":{"@id":"https:\/\/now-news.de\/de\/deutschland\/brandanschlag-vereitelt-mann-giesst-benzin-vor-zuercher-synagoge\/"},"author":{"name":"rtnews","@id":"https:\/\/now-news.de\/de\/#\/schema\/person\/fb534a4e865501d8b3285208df34a9b5"},"headline":"Brandanschlag vereitelt: Mann gie\u00dft Benzin vor Z\u00fcrcher Synagoge","datePublished":"2024-08-11T17:28:52+00:00","dateModified":"2024-08-11T17:28:52+00:00","mainEntityOfPage":{"@id":"https:\/\/now-news.de\/de\/deutschland\/brandanschlag-vereitelt-mann-giesst-benzin-vor-zuercher-synagoge\/"},"wordCount":739,"commentCount":0,"publisher":{"@id":"https:\/\/now-news.de\/de\/#organization"},"image":{"@id":"https:\/\/now-news.de\/de\/deutschland\/brandanschlag-vereitelt-mann-giesst-benzin-vor-zuercher-synagoge\/#primaryimage"},"thumbnailUrl":"https:\/\/now-news.de\/de\/wp-content\/uploads\/sites\/3\/2024\/08\/Brandanschlag-vereitelt-Mann-giesst-Benzin-vor-Zuercher-Synagoge.jpg","keywords":["Benzin","Brandanschlag","gie\u00dft","Mann","Synagoge","vereitelt","vor","Z\u00fcrcher"],"articleSection":["Deutschland","Russland"],"inLanguage":"de","potentialAction":[{"@type":"CommentAction","name":"Comment","target":["https:\/\/now-news.de\/de\/deutschland\/brandanschlag-vereitelt-mann-giesst-benzin-vor-zuercher-synagoge\/#respond"]}]},{"@type":"WebPage","@id":"https:\/\/now-news.de\/de\/deutschland\/brandanschlag-vereitelt-mann-giesst-benzin-vor-zuercher-synagoge\/","url":"https:\/\/now-news.de\/de\/deutschland\/brandanschlag-vereitelt-mann-giesst-benzin-vor-zuercher-synagoge\/","name":"Brandanschlag vereitelt: Mann gie\u00dft Benzin vor Z\u00fcrcher Synagoge - just-now.NEWS Deutschland","isPartOf":{"@id":"https:\/\/now-news.de\/de\/#website"},"primaryImageOfPage":{"@id":"https:\/\/now-news.de\/de\/deutschland\/brandanschlag-vereitelt-mann-giesst-benzin-vor-zuercher-synagoge\/#primaryimage"},"image":{"@id":"https:\/\/now-news.de\/de\/deutschland\/brandanschlag-vereitelt-mann-giesst-benzin-vor-zuercher-synagoge\/#primaryimage"},"thumbnailUrl":"https:\/\/now-news.de\/de\/wp-content\/uploads\/sites\/3\/2024\/08\/Brandanschlag-vereitelt-Mann-giesst-Benzin-vor-Zuercher-Synagoge.jpg","datePublished":"2024-08-11T17:28:52+00:00","dateModified":"2024-08-11T17:28:52+00:00","breadcrumb":{"@id":"https:\/\/now-news.de\/de\/deutschland\/brandanschlag-vereitelt-mann-giesst-benzin-vor-zuercher-synagoge\/#breadcrumb"},"inLanguage":"de","potentialAction":[{"@type":"ReadAction","target":["https:\/\/now-news.de\/de\/deutschland\/brandanschlag-vereitelt-mann-giesst-benzin-vor-zuercher-synagoge\/"]}]},{"@type":"ImageObject","inLanguage":"de","@id":"https:\/\/now-news.de\/de\/deutschland\/brandanschlag-vereitelt-mann-giesst-benzin-vor-zuercher-synagoge\/#primaryimage","url":"https:\/\/now-news.de\/de\/wp-content\/uploads\/sites\/3\/2024\/08\/Brandanschlag-vereitelt-Mann-giesst-Benzin-vor-Zuercher-Synagoge.jpg","contentUrl":"https:\/\/now-news.de\/de\/wp-content\/uploads\/sites\/3\/2024\/08\/Brandanschlag-vereitelt-Mann-giesst-Benzin-vor-Zuercher-Synagoge.jpg","width":1280,"height":960,"caption":"Brandanschlag vereitelt: Mann gie\u00dft Benzin vor Z\u00fcrcher Synagoge"},{"@type":"BreadcrumbList","@id":"https:\/\/now-news.de\/de\/deutschland\/brandanschlag-vereitelt-mann-giesst-benzin-vor-zuercher-synagoge\/#breadcrumb","itemListElement":[{"@type":"ListItem","position":1,"name":"Home","item":"https:\/\/now-news.de\/de\/"},{"@type":"ListItem","position":2,"name":"Brandanschlag vereitelt: Mann gie\u00dft Benzin vor Z\u00fcrcher Synagoge"}]},{"@type":"WebSite","@id":"https:\/\/now-news.de\/de\/#website","url":"https:\/\/now-news.de\/de\/","name":"just-now.NEWS Deutschland","description":"Das Portal f\u00fcr unzensierte Nachrichten aus der Welt","publisher":{"@id":"https:\/\/now-news.de\/de\/#organization"},"potentialAction":[{"@type":"SearchAction","target":{"@type":"EntryPoint","urlTemplate":"https:\/\/now-news.de\/de\/?s={search_term_string}"},"query-input":"required name=search_term_string"}],"inLanguage":"de"},{"@type":"Organization","@id":"https:\/\/now-news.de\/de\/#organization","name":"Just Now News","url":"https:\/\/now-news.de\/de\/","logo":{"@type":"ImageObject","inLanguage":"de","@id":"https:\/\/now-news.de\/de\/#\/schema\/logo\/image\/","url":"http:\/\/just-now.news\/de\/wp-content\/uploads\/sites\/3\/2022\/04\/logo500x500.jpg","contentUrl":"http:\/\/just-now.news\/de\/wp-content\/uploads\/sites\/3\/2022\/04\/logo500x500.jpg","width":500,"height":500,"caption":"Just Now News"},"image":{"@id":"https:\/\/now-news.de\/de\/#\/schema\/logo\/image\/"},"sameAs":["https:\/\/www.facebook.com\/wirmachenauf","https:\/\/x.com\/WirMachenAuf_de"]},{"@type":"Person","@id":"https:\/\/now-news.de\/de\/#\/schema\/person\/fb534a4e865501d8b3285208df34a9b5","name":"rtnews","image":{"@type":"ImageObject","inLanguage":"de","@id":"https:\/\/now-news.de\/de\/#\/schema\/person\/image\/","url":"https:\/\/secure.gravatar.com\/avatar\/82aafea7d8127119dd649515f56e2117?s=96&d=mm&r=g","contentUrl":"https:\/\/secure.gravatar.com\/avatar\/82aafea7d8127119dd649515f56e2117?s=96&d=mm&r=g","caption":"rtnews"},"url":"https:\/\/now-news.de\/de\/author\/rnews\/"}]}},"_links":{"self":[{"href":"https:\/\/now-news.de\/de\/wp-json\/wp\/v2\/posts\/66538"}],"collection":[{"href":"https:\/\/now-news.de\/de\/wp-json\/wp\/v2\/posts"}],"about":[{"href":"https:\/\/now-news.de\/de\/wp-json\/wp\/v2\/types\/post"}],"author":[{"embeddable":true,"href":"https:\/\/now-news.de\/de\/wp-json\/wp\/v2\/users\/3"}],"replies":[{"embeddable":true,"href":"https:\/\/now-news.de\/de\/wp-json\/wp\/v2\/comments?post=66538"}],"version-history":[{"count":0,"href":"https:\/\/now-news.de\/de\/wp-json\/wp\/v2\/posts\/66538\/revisions"}],"wp:featuredmedia":[{"embeddable":true,"href":"https:\/\/now-news.de\/de\/wp-json\/wp\/v2\/media\/66539"}],"wp:attachment":[{"href":"https:\/\/now-news.de\/de\/wp-json\/wp\/v2\/media?parent=66538"}],"wp:term":[{"taxonomy":"category","embeddable":true,"href":"https:\/\/now-news.de\/de\/wp-json\/wp\/v2\/categories?post=66538"},{"taxonomy":"post_tag","embeddable":true,"href":"https:\/\/now-news.de\/de\/wp-json\/wp\/v2\/tags?post=66538"}],"curies":[{"name":"wp","href":"https:\/\/api.w.org\/{rel}","templated":true}]}}