{"id":66456,"date":"2024-08-10T10:51:38","date_gmt":"2024-08-10T08:51:38","guid":{"rendered":"https:\/\/now-news.de\/de\/deutschland\/rki-files-kubickis-forderung-nach-persoenlichen-konsequenzen-prallt-an-lauterbach-ab\/"},"modified":"2024-08-10T10:51:38","modified_gmt":"2024-08-10T08:51:38","slug":"rki-files-kubickis-forderung-nach-persoenlichen-konsequenzen-prallt-an-lauterbach-ab","status":"publish","type":"post","link":"https:\/\/now-news.de\/de\/deutschland\/rki-files-kubickis-forderung-nach-persoenlichen-konsequenzen-prallt-an-lauterbach-ab\/","title":{"rendered":"RKI-Files: Kubickis Forderung nach &quot;pers\u00f6nlichen Konsequenzen&quot; prallt an Lauterbach ab"},"content":{"rendered":"<p><img decoding=\"async\" src=\"https:\/\/now-news.de\/de\/wp-content\/uploads\/sites\/3\/2024\/08\/66b6459db480cc61ab06c284.jpg\" \/><\/p>\n<div class=\"Text-root Text-type_1 \">\n                FDP-Vizechef Wolfgang Kubicki fordert offen den R\u00fccktritt des Gesundheitsministers Karl Lauterbach (SPD). Aufgrund der Enth\u00fcllungen der vor Kurzem ver\u00f6ffentlichten RKI-Files sei dieser nicht mehr tragbar. Er habe w\u00e4hrend der Corona-Pandemie gelogen und das Ansehen der Bundesregierung schwer besch\u00e4digt.\n            <\/div>\n<p><\/p>\n<div class=\"Text-root Text-type_5 ArticleView-text ViewText-root \">\n<p>Das Bundesgesundheitsministerium l\u00e4sst die verbalen Attacken von FDP-Vize Wolfgang Kubicki an Gesundheitsminister Karl Lauterbach (SPD) und die Forderung nach &#8220;pers\u00f6nlichen Konsequenzen&#8221; im Zusammenhang mit der Ver\u00f6ffentlichung der Corona-Protokolle des Robert Koch-Instituts (RKI) unkommentiert. Das <a rel=\"nofollow noopener\" target=\"_blank\" href=\"https:\/\/www.welt.de\/politik\/deutschland\/article252914826\/RKI-Files-Kubicki-attackiert-Lauterbach-Ministerium-nennt-Corona-Massnahmen-mehr-als-begruendet.html\">berichtet<\/a> unter anderem die <em>Welt<\/em> am Freitag. Auch bei X (vormals Twitter) findet man keinen Kommentar des auf der Social-Media-Plattform ansonsten so r\u00fchrigen Sozialdemokraten zu Kubickis Vorsto\u00df zur Aufarbeitung der Coronama\u00dfnahmen.<\/p>\n<p>47 Abs\u00e4tze lang ist der Text, den der Liberale auf seiner Webseite<a rel=\"nofollow noopener\" target=\"_blank\" href=\"https:\/\/wkubicki.abgeordnete.fdpbt.de\/zur-auswertung-der-rki-files\" data-testid=\"richtext-link\"> hochgeladen <\/a>hat, nachdem er\u00a0die RKI-Files\u00a0gelesen hatte. Mit Karl Lauterbach geht Kubicki hart ins Gericht, er schreibt:<\/p>\n<blockquote>\n<p><em>&#8220;Einem Bundesminister, der die Wahrheit biegt und Grenzen der Wahrheit \u00fcberschreitet, um ein pers\u00f6nliches politisches Ziel zu erreichen, dabei auch schwerste Grundrechtseingriffe billigend in Kauf nimmt, kann ich keine parlamentarische Zustimmung mehr geben.&#8221;<\/em><\/p>\n<\/blockquote>\n<p>Offenkundig unbeeindruckt davon zitierte das Bundesgesundheitsministerium Lauterbach allgemein &#8220;zum Themenkomplex Entscheidungsgrundlagen und Entscheidungsbefugnis&#8221; mit den Worten:<\/p>\n<p><em>&#8220;Es gibt in den RKI-Protokollen nichts zu verbergen. Daher habe ich die Ver\u00f6ffentlichung der Protokolle angewiesen. Das RKI hat w\u00e4hrend der Pandemie Empfehlungen abgegeben. Die politische Verantwortung liegt aber beim Ministerium. Trotz der insgesamt vorsichtigen Strategie sind allein im Jahr 2022 in Deutschland noch mehr als 50.000 Menschen an Corona gestorben. Die Ma\u00dfnahmen waren damit mehr als begr\u00fcndet.&#8221;<\/em><\/p>\n<p>Kubicki dagegen bezieht sich auf den Wortlaut der RKI-Protokolle zur damaligen Risikobewertung durch das RKI. In den ersten Wochen des Jahres 2022 habe es ein &#8220;vitales politisches Interesse an einer breiten Corona-Furcht in der Bev\u00f6lkerung&#8221; gegeben, um die Debatte \u00fcber eine allgemeine Impfpflicht anzuheizen, so der FDP-Politiker. Es habe Lauterbach aber nicht gepasst, dass die damals zirkulierende &#8220;Omikron-Variante&#8221; aus fachlicher Sicht eine Herabstufung der Risikobewertung erforderlich machte, meint Kubicki und belegt dies mit <a rel=\"nofollow noopener\" target=\"_blank\" href=\"https:\/\/wkubicki.abgeordnete.fdpbt.de\/zustimmung?dest=%2Fzur-auswertung-der-rki-files\">Zitaten aus den RKI-Files<\/a>.<\/p>\n<p>Ob und wie eine Aufarbeitung der Coronama\u00dfnahmen stattfinden wird, steht weiter in den Sternen. F\u00fcr die ohnehin angeschlagene Ampel k\u00f6nnte es aber das finale Aus \u2013 vielleicht noch vor der Bundestagswahl 2025 \u2013 bedeuten, denn selten war das Verh\u00e4ltnis zwischen SPD und FDP so angespannt wie jetzt.<\/p>\n<div class=\"EmbedBlock-root EmbedBlock-twitter\">\n<div class=\"TwitterEmbed\">\n<blockquote class=\"twitter-tweet lazyload\" data-twitter=\"twitter-tweet\">\n<p lang=\"de\" dir=\"ltr\">Man muss sich mal auf der Zunge zergehen lassen, dass der immer noch im Amt ist! <a rel=\"nofollow noopener\" target=\"_blank\" href=\"https:\/\/twitter.com\/hashtag\/RKIFiles?src=hash&amp;ref_src=twsrc%5Etfw\">#RKIFiles<\/a><a rel=\"nofollow noopener\" target=\"_blank\" href=\"https:\/\/twitter.com\/hashtag\/Lauterbach?src=hash&amp;ref_src=twsrc%5Etfw\">#Lauterbach<\/a><a rel=\"nofollow noopener\" target=\"_blank\" href=\"https:\/\/twitter.com\/hashtag\/Faschismus?src=hash&amp;ref_src=twsrc%5Etfw\">#Faschismus<\/a><a rel=\"nofollow noopener\" target=\"_blank\" href=\"https:\/\/twitter.com\/hashtag\/Aufarbeitung?src=hash&amp;ref_src=twsrc%5Etfw\">#Aufarbeitung<\/a><a rel=\"nofollow noopener\" target=\"_blank\" href=\"https:\/\/t.co\/6QmeVIAL9J\">pic.twitter.com\/6QmeVIAL9J<\/a><\/p>\n<p>\u2014 Selbstbestimmter (@Selbstbestimm10) <a rel=\"nofollow noopener\" target=\"_blank\" href=\"https:\/\/twitter.com\/Selbstbestimm10\/status\/1821659641928962511?ref_src=twsrc%5Etfw\">August 8, 2024<\/a><\/p><\/blockquote>\n<\/div>\n<\/div>\n<p><strong>Mehr zum Thema &#8211;<\/strong>\u00a0<a rel=\"nofollow noopener\" target=\"_blank\" href=\"https:\/\/freedert.online\/inland\/131240-drosten-raumt-in-wuhan-wurden\/\">Drosten r\u00e4umt ein: In Wuhan &#8220;wurden Sachen gemacht, die als gef\u00e4hrlich bezeichnet werden k\u00f6nnten&#8221;<\/a><\/p>\n<\/div>\n<p><script async src=\"https:\/\/platform.twitter.com\/widgets.js\" charset=\"utf-8\"><\/script><br \/>\n<br \/><br \/>\n<br \/><a href=\"https:\/\/de.rt.com\/inland\/215118-rki-files-kubickis-forderung-nach\/\">Source link <\/a><\/p>\n","protected":false},"excerpt":{"rendered":"<p>FDP-Vizechef Wolfgang Kubicki fordert offen den R\u00fccktritt des Gesundheitsministers Karl Lauterbach (SPD). Aufgrund der Enth\u00fcllungen der vor Kurzem ver\u00f6ffentlichten RKI-Files sei dieser nicht mehr tragbar. Er habe w\u00e4hrend der Corona-Pandemie gelogen und das Ansehen der Bundesregierung schwer besch\u00e4digt. Das Bundesgesundheitsministerium l\u00e4sst die verbalen Attacken von FDP-Vize Wolfgang Kubicki an Gesundheitsminister Karl Lauterbach (SPD) und die [&hellip;]<\/p>\n","protected":false},"author":3,"featured_media":66457,"comment_status":"open","ping_status":"open","sticky":false,"template":"","format":"standard","meta":{"_yoast_indexnow_last_ping":["1723280506"],"wp_automatic_camp":["217"],"855ef3535236f587916657b2b488cff5":["RKI-Files: Kubickis Forderung nach &quot;pers\u00f6nlichen Konsequenzen&quot; prallt an Lauterbach ab"],"original_link":["https:\/\/de.rt.com\/inland\/215118-rki-files-kubickis-forderung-nach\/"],"_thumbnail_id":["66457"],"_wptgpro_p2tg_sent2tg":["a:1:{i:23737;s:19:\"2024-08-10 11:02:58\";}"],"jnews_social_counter_last_update":["1777623776"]},"categories":[19,23],"tags":[8719,30622,57409,1748,979,48197,57410,57145],"yoast_head":"<!-- This site is optimized with the Yoast SEO Premium plugin v22.7 (Yoast SEO v22.7) - https:\/\/yoast.com\/wordpress\/plugins\/seo\/ -->\n<title>RKI-Files: Kubickis Forderung nach &quot;pers\u00f6nlichen Konsequenzen&quot; prallt an Lauterbach ab - just-now.NEWS Deutschland<\/title>\n<meta name=\"robots\" content=\"index, follow, max-snippet:-1, max-image-preview:large, max-video-preview:-1\" \/>\n<link rel=\"canonical\" href=\"https:\/\/now-news.de\/de\/deutschland\/rki-files-kubickis-forderung-nach-persoenlichen-konsequenzen-prallt-an-lauterbach-ab\/\" \/>\n<meta property=\"og:locale\" content=\"de_DE\" \/>\n<meta property=\"og:type\" content=\"article\" \/>\n<meta property=\"og:title\" content=\"RKI-Files: Kubickis Forderung nach &quot;pers\u00f6nlichen Konsequenzen&quot; prallt an Lauterbach ab\" \/>\n<meta property=\"og:description\" content=\"FDP-Vizechef Wolfgang Kubicki fordert offen den R\u00fccktritt des Gesundheitsministers Karl Lauterbach (SPD). Aufgrund der Enth\u00fcllungen der vor Kurzem ver\u00f6ffentlichten RKI-Files sei dieser nicht mehr tragbar. Er habe w\u00e4hrend der Corona-Pandemie gelogen und das Ansehen der Bundesregierung schwer besch\u00e4digt. Das Bundesgesundheitsministerium l\u00e4sst die verbalen Attacken von FDP-Vize Wolfgang Kubicki an Gesundheitsminister Karl Lauterbach (SPD) und die [&hellip;]\" \/>\n<meta property=\"og:url\" content=\"https:\/\/now-news.de\/de\/deutschland\/rki-files-kubickis-forderung-nach-persoenlichen-konsequenzen-prallt-an-lauterbach-ab\/\" \/>\n<meta property=\"og:site_name\" content=\"just-now.NEWS Deutschland\" \/>\n<meta property=\"article:publisher\" content=\"https:\/\/www.facebook.com\/wirmachenauf\" \/>\n<meta property=\"article:published_time\" content=\"2024-08-10T08:51:38+00:00\" \/>\n<meta property=\"og:image\" content=\"https:\/\/now-news.de\/de\/wp-content\/uploads\/sites\/3\/2024\/08\/66b6459db480cc61ab06c284.jpg\" \/>\n<meta name=\"author\" content=\"rtnews\" \/>\n<meta name=\"twitter:card\" content=\"summary_large_image\" \/>\n<meta name=\"twitter:creator\" content=\"@WirMachenAuf_de\" \/>\n<meta name=\"twitter:site\" content=\"@WirMachenAuf_de\" \/>\n<meta name=\"twitter:label1\" content=\"Verfasst von\" \/>\n\t<meta name=\"twitter:data1\" content=\"rtnews\" \/>\n\t<meta name=\"twitter:label2\" content=\"Gesch\u00e4tzte Lesezeit\" \/>\n\t<meta name=\"twitter:data2\" content=\"2\u00a0Minuten\" \/>\n<script type=\"application\/ld+json\" class=\"yoast-schema-graph\">{\"@context\":\"https:\/\/schema.org\",\"@graph\":[{\"@type\":\"Article\",\"@id\":\"https:\/\/now-news.de\/de\/deutschland\/rki-files-kubickis-forderung-nach-persoenlichen-konsequenzen-prallt-an-lauterbach-ab\/#article\",\"isPartOf\":{\"@id\":\"https:\/\/now-news.de\/de\/deutschland\/rki-files-kubickis-forderung-nach-persoenlichen-konsequenzen-prallt-an-lauterbach-ab\/\"},\"author\":{\"name\":\"rtnews\",\"@id\":\"https:\/\/now-news.de\/de\/#\/schema\/person\/fb534a4e865501d8b3285208df34a9b5\"},\"headline\":\"RKI-Files: Kubickis Forderung nach &quot;pers\u00f6nlichen Konsequenzen&quot; prallt an Lauterbach ab\",\"datePublished\":\"2024-08-10T08:51:38+00:00\",\"dateModified\":\"2024-08-10T08:51:38+00:00\",\"mainEntityOfPage\":{\"@id\":\"https:\/\/now-news.de\/de\/deutschland\/rki-files-kubickis-forderung-nach-persoenlichen-konsequenzen-prallt-an-lauterbach-ab\/\"},\"wordCount\":443,\"commentCount\":0,\"publisher\":{\"@id\":\"https:\/\/now-news.de\/de\/#organization\"},\"image\":{\"@id\":\"https:\/\/now-news.de\/de\/deutschland\/rki-files-kubickis-forderung-nach-persoenlichen-konsequenzen-prallt-an-lauterbach-ab\/#primaryimage\"},\"thumbnailUrl\":\"https:\/\/now-news.de\/de\/wp-content\/uploads\/sites\/3\/2024\/08\/RKI-Files-Kubickis-Forderung-nach-quotpersoenlichen-Konsequenzenquot-prallt-an-Lauterbach-ab.jpg\",\"keywords\":[\"F\u00f6rderung\",\"Konsequenzenquot\",\"Kubickis\",\"Lauterbach\",\"nach\",\"prallt\",\"quotpers\u00f6nlichen\",\"RKIFiles\"],\"articleSection\":[\"Deutschland\",\"Russland\"],\"inLanguage\":\"de\",\"potentialAction\":[{\"@type\":\"CommentAction\",\"name\":\"Comment\",\"target\":[\"https:\/\/now-news.de\/de\/deutschland\/rki-files-kubickis-forderung-nach-persoenlichen-konsequenzen-prallt-an-lauterbach-ab\/#respond\"]}]},{\"@type\":\"WebPage\",\"@id\":\"https:\/\/now-news.de\/de\/deutschland\/rki-files-kubickis-forderung-nach-persoenlichen-konsequenzen-prallt-an-lauterbach-ab\/\",\"url\":\"https:\/\/now-news.de\/de\/deutschland\/rki-files-kubickis-forderung-nach-persoenlichen-konsequenzen-prallt-an-lauterbach-ab\/\",\"name\":\"RKI-Files: Kubickis Forderung nach &quot;pers\u00f6nlichen Konsequenzen&quot; prallt an Lauterbach ab - just-now.NEWS Deutschland\",\"isPartOf\":{\"@id\":\"https:\/\/now-news.de\/de\/#website\"},\"primaryImageOfPage\":{\"@id\":\"https:\/\/now-news.de\/de\/deutschland\/rki-files-kubickis-forderung-nach-persoenlichen-konsequenzen-prallt-an-lauterbach-ab\/#primaryimage\"},\"image\":{\"@id\":\"https:\/\/now-news.de\/de\/deutschland\/rki-files-kubickis-forderung-nach-persoenlichen-konsequenzen-prallt-an-lauterbach-ab\/#primaryimage\"},\"thumbnailUrl\":\"https:\/\/now-news.de\/de\/wp-content\/uploads\/sites\/3\/2024\/08\/RKI-Files-Kubickis-Forderung-nach-quotpersoenlichen-Konsequenzenquot-prallt-an-Lauterbach-ab.jpg\",\"datePublished\":\"2024-08-10T08:51:38+00:00\",\"dateModified\":\"2024-08-10T08:51:38+00:00\",\"breadcrumb\":{\"@id\":\"https:\/\/now-news.de\/de\/deutschland\/rki-files-kubickis-forderung-nach-persoenlichen-konsequenzen-prallt-an-lauterbach-ab\/#breadcrumb\"},\"inLanguage\":\"de\",\"potentialAction\":[{\"@type\":\"ReadAction\",\"target\":[\"https:\/\/now-news.de\/de\/deutschland\/rki-files-kubickis-forderung-nach-persoenlichen-konsequenzen-prallt-an-lauterbach-ab\/\"]}]},{\"@type\":\"ImageObject\",\"inLanguage\":\"de\",\"@id\":\"https:\/\/now-news.de\/de\/deutschland\/rki-files-kubickis-forderung-nach-persoenlichen-konsequenzen-prallt-an-lauterbach-ab\/#primaryimage\",\"url\":\"https:\/\/now-news.de\/de\/wp-content\/uploads\/sites\/3\/2024\/08\/RKI-Files-Kubickis-Forderung-nach-quotpersoenlichen-Konsequenzenquot-prallt-an-Lauterbach-ab.jpg\",\"contentUrl\":\"https:\/\/now-news.de\/de\/wp-content\/uploads\/sites\/3\/2024\/08\/RKI-Files-Kubickis-Forderung-nach-quotpersoenlichen-Konsequenzenquot-prallt-an-Lauterbach-ab.jpg\",\"width\":460,\"height\":259,\"caption\":\"RKI-Files: Kubickis Forderung nach &quot;pers\u00f6nlichen Konsequenzen&quot; prallt an Lauterbach ab\"},{\"@type\":\"BreadcrumbList\",\"@id\":\"https:\/\/now-news.de\/de\/deutschland\/rki-files-kubickis-forderung-nach-persoenlichen-konsequenzen-prallt-an-lauterbach-ab\/#breadcrumb\",\"itemListElement\":[{\"@type\":\"ListItem\",\"position\":1,\"name\":\"Home\",\"item\":\"https:\/\/now-news.de\/de\/\"},{\"@type\":\"ListItem\",\"position\":2,\"name\":\"RKI-Files: Kubickis Forderung nach &quot;pers\u00f6nlichen Konsequenzen&quot; prallt an Lauterbach ab\"}]},{\"@type\":\"WebSite\",\"@id\":\"https:\/\/now-news.de\/de\/#website\",\"url\":\"https:\/\/now-news.de\/de\/\",\"name\":\"just-now.NEWS Deutschland\",\"description\":\"Das Portal f\u00fcr unzensierte Nachrichten aus der Welt\",\"publisher\":{\"@id\":\"https:\/\/now-news.de\/de\/#organization\"},\"potentialAction\":[{\"@type\":\"SearchAction\",\"target\":{\"@type\":\"EntryPoint\",\"urlTemplate\":\"https:\/\/now-news.de\/de\/?s={search_term_string}\"},\"query-input\":\"required name=search_term_string\"}],\"inLanguage\":\"de\"},{\"@type\":\"Organization\",\"@id\":\"https:\/\/now-news.de\/de\/#organization\",\"name\":\"Just Now News\",\"url\":\"https:\/\/now-news.de\/de\/\",\"logo\":{\"@type\":\"ImageObject\",\"inLanguage\":\"de\",\"@id\":\"https:\/\/now-news.de\/de\/#\/schema\/logo\/image\/\",\"url\":\"http:\/\/just-now.news\/de\/wp-content\/uploads\/sites\/3\/2022\/04\/logo500x500.jpg\",\"contentUrl\":\"http:\/\/just-now.news\/de\/wp-content\/uploads\/sites\/3\/2022\/04\/logo500x500.jpg\",\"width\":500,\"height\":500,\"caption\":\"Just Now News\"},\"image\":{\"@id\":\"https:\/\/now-news.de\/de\/#\/schema\/logo\/image\/\"},\"sameAs\":[\"https:\/\/www.facebook.com\/wirmachenauf\",\"https:\/\/x.com\/WirMachenAuf_de\"]},{\"@type\":\"Person\",\"@id\":\"https:\/\/now-news.de\/de\/#\/schema\/person\/fb534a4e865501d8b3285208df34a9b5\",\"name\":\"rtnews\",\"image\":{\"@type\":\"ImageObject\",\"inLanguage\":\"de\",\"@id\":\"https:\/\/now-news.de\/de\/#\/schema\/person\/image\/\",\"url\":\"https:\/\/secure.gravatar.com\/avatar\/82aafea7d8127119dd649515f56e2117?s=96&d=mm&r=g\",\"contentUrl\":\"https:\/\/secure.gravatar.com\/avatar\/82aafea7d8127119dd649515f56e2117?s=96&d=mm&r=g\",\"caption\":\"rtnews\"},\"url\":\"https:\/\/now-news.de\/de\/author\/rnews\/\"}]}<\/script>\n<!-- \/ Yoast SEO Premium plugin. -->","yoast_head_json":{"title":"RKI-Files: Kubickis Forderung nach &quot;pers\u00f6nlichen Konsequenzen&quot; prallt an Lauterbach ab - just-now.NEWS Deutschland","robots":{"index":"index","follow":"follow","max-snippet":"max-snippet:-1","max-image-preview":"max-image-preview:large","max-video-preview":"max-video-preview:-1"},"canonical":"https:\/\/now-news.de\/de\/deutschland\/rki-files-kubickis-forderung-nach-persoenlichen-konsequenzen-prallt-an-lauterbach-ab\/","og_locale":"de_DE","og_type":"article","og_title":"RKI-Files: Kubickis Forderung nach &quot;pers\u00f6nlichen Konsequenzen&quot; prallt an Lauterbach ab","og_description":"FDP-Vizechef Wolfgang Kubicki fordert offen den R\u00fccktritt des Gesundheitsministers Karl Lauterbach (SPD). Aufgrund der Enth\u00fcllungen der vor Kurzem ver\u00f6ffentlichten RKI-Files sei dieser nicht mehr tragbar. Er habe w\u00e4hrend der Corona-Pandemie gelogen und das Ansehen der Bundesregierung schwer besch\u00e4digt. Das Bundesgesundheitsministerium l\u00e4sst die verbalen Attacken von FDP-Vize Wolfgang Kubicki an Gesundheitsminister Karl Lauterbach (SPD) und die [&hellip;]","og_url":"https:\/\/now-news.de\/de\/deutschland\/rki-files-kubickis-forderung-nach-persoenlichen-konsequenzen-prallt-an-lauterbach-ab\/","og_site_name":"just-now.NEWS Deutschland","article_publisher":"https:\/\/www.facebook.com\/wirmachenauf","article_published_time":"2024-08-10T08:51:38+00:00","og_image":[{"url":"https:\/\/now-news.de\/de\/wp-content\/uploads\/sites\/3\/2024\/08\/66b6459db480cc61ab06c284.jpg"}],"author":"rtnews","twitter_card":"summary_large_image","twitter_creator":"@WirMachenAuf_de","twitter_site":"@WirMachenAuf_de","twitter_misc":{"Verfasst von":"rtnews","Gesch\u00e4tzte Lesezeit":"2\u00a0Minuten"},"schema":{"@context":"https:\/\/schema.org","@graph":[{"@type":"Article","@id":"https:\/\/now-news.de\/de\/deutschland\/rki-files-kubickis-forderung-nach-persoenlichen-konsequenzen-prallt-an-lauterbach-ab\/#article","isPartOf":{"@id":"https:\/\/now-news.de\/de\/deutschland\/rki-files-kubickis-forderung-nach-persoenlichen-konsequenzen-prallt-an-lauterbach-ab\/"},"author":{"name":"rtnews","@id":"https:\/\/now-news.de\/de\/#\/schema\/person\/fb534a4e865501d8b3285208df34a9b5"},"headline":"RKI-Files: Kubickis Forderung nach &quot;pers\u00f6nlichen Konsequenzen&quot; prallt an Lauterbach ab","datePublished":"2024-08-10T08:51:38+00:00","dateModified":"2024-08-10T08:51:38+00:00","mainEntityOfPage":{"@id":"https:\/\/now-news.de\/de\/deutschland\/rki-files-kubickis-forderung-nach-persoenlichen-konsequenzen-prallt-an-lauterbach-ab\/"},"wordCount":443,"commentCount":0,"publisher":{"@id":"https:\/\/now-news.de\/de\/#organization"},"image":{"@id":"https:\/\/now-news.de\/de\/deutschland\/rki-files-kubickis-forderung-nach-persoenlichen-konsequenzen-prallt-an-lauterbach-ab\/#primaryimage"},"thumbnailUrl":"https:\/\/now-news.de\/de\/wp-content\/uploads\/sites\/3\/2024\/08\/RKI-Files-Kubickis-Forderung-nach-quotpersoenlichen-Konsequenzenquot-prallt-an-Lauterbach-ab.jpg","keywords":["F\u00f6rderung","Konsequenzenquot","Kubickis","Lauterbach","nach","prallt","quotpers\u00f6nlichen","RKIFiles"],"articleSection":["Deutschland","Russland"],"inLanguage":"de","potentialAction":[{"@type":"CommentAction","name":"Comment","target":["https:\/\/now-news.de\/de\/deutschland\/rki-files-kubickis-forderung-nach-persoenlichen-konsequenzen-prallt-an-lauterbach-ab\/#respond"]}]},{"@type":"WebPage","@id":"https:\/\/now-news.de\/de\/deutschland\/rki-files-kubickis-forderung-nach-persoenlichen-konsequenzen-prallt-an-lauterbach-ab\/","url":"https:\/\/now-news.de\/de\/deutschland\/rki-files-kubickis-forderung-nach-persoenlichen-konsequenzen-prallt-an-lauterbach-ab\/","name":"RKI-Files: Kubickis Forderung nach &quot;pers\u00f6nlichen Konsequenzen&quot; prallt an Lauterbach ab - just-now.NEWS Deutschland","isPartOf":{"@id":"https:\/\/now-news.de\/de\/#website"},"primaryImageOfPage":{"@id":"https:\/\/now-news.de\/de\/deutschland\/rki-files-kubickis-forderung-nach-persoenlichen-konsequenzen-prallt-an-lauterbach-ab\/#primaryimage"},"image":{"@id":"https:\/\/now-news.de\/de\/deutschland\/rki-files-kubickis-forderung-nach-persoenlichen-konsequenzen-prallt-an-lauterbach-ab\/#primaryimage"},"thumbnailUrl":"https:\/\/now-news.de\/de\/wp-content\/uploads\/sites\/3\/2024\/08\/RKI-Files-Kubickis-Forderung-nach-quotpersoenlichen-Konsequenzenquot-prallt-an-Lauterbach-ab.jpg","datePublished":"2024-08-10T08:51:38+00:00","dateModified":"2024-08-10T08:51:38+00:00","breadcrumb":{"@id":"https:\/\/now-news.de\/de\/deutschland\/rki-files-kubickis-forderung-nach-persoenlichen-konsequenzen-prallt-an-lauterbach-ab\/#breadcrumb"},"inLanguage":"de","potentialAction":[{"@type":"ReadAction","target":["https:\/\/now-news.de\/de\/deutschland\/rki-files-kubickis-forderung-nach-persoenlichen-konsequenzen-prallt-an-lauterbach-ab\/"]}]},{"@type":"ImageObject","inLanguage":"de","@id":"https:\/\/now-news.de\/de\/deutschland\/rki-files-kubickis-forderung-nach-persoenlichen-konsequenzen-prallt-an-lauterbach-ab\/#primaryimage","url":"https:\/\/now-news.de\/de\/wp-content\/uploads\/sites\/3\/2024\/08\/RKI-Files-Kubickis-Forderung-nach-quotpersoenlichen-Konsequenzenquot-prallt-an-Lauterbach-ab.jpg","contentUrl":"https:\/\/now-news.de\/de\/wp-content\/uploads\/sites\/3\/2024\/08\/RKI-Files-Kubickis-Forderung-nach-quotpersoenlichen-Konsequenzenquot-prallt-an-Lauterbach-ab.jpg","width":460,"height":259,"caption":"RKI-Files: Kubickis Forderung nach &quot;pers\u00f6nlichen Konsequenzen&quot; prallt an Lauterbach ab"},{"@type":"BreadcrumbList","@id":"https:\/\/now-news.de\/de\/deutschland\/rki-files-kubickis-forderung-nach-persoenlichen-konsequenzen-prallt-an-lauterbach-ab\/#breadcrumb","itemListElement":[{"@type":"ListItem","position":1,"name":"Home","item":"https:\/\/now-news.de\/de\/"},{"@type":"ListItem","position":2,"name":"RKI-Files: Kubickis Forderung nach &quot;pers\u00f6nlichen Konsequenzen&quot; prallt an Lauterbach ab"}]},{"@type":"WebSite","@id":"https:\/\/now-news.de\/de\/#website","url":"https:\/\/now-news.de\/de\/","name":"just-now.NEWS Deutschland","description":"Das Portal f\u00fcr unzensierte Nachrichten aus der Welt","publisher":{"@id":"https:\/\/now-news.de\/de\/#organization"},"potentialAction":[{"@type":"SearchAction","target":{"@type":"EntryPoint","urlTemplate":"https:\/\/now-news.de\/de\/?s={search_term_string}"},"query-input":"required name=search_term_string"}],"inLanguage":"de"},{"@type":"Organization","@id":"https:\/\/now-news.de\/de\/#organization","name":"Just Now News","url":"https:\/\/now-news.de\/de\/","logo":{"@type":"ImageObject","inLanguage":"de","@id":"https:\/\/now-news.de\/de\/#\/schema\/logo\/image\/","url":"http:\/\/just-now.news\/de\/wp-content\/uploads\/sites\/3\/2022\/04\/logo500x500.jpg","contentUrl":"http:\/\/just-now.news\/de\/wp-content\/uploads\/sites\/3\/2022\/04\/logo500x500.jpg","width":500,"height":500,"caption":"Just Now News"},"image":{"@id":"https:\/\/now-news.de\/de\/#\/schema\/logo\/image\/"},"sameAs":["https:\/\/www.facebook.com\/wirmachenauf","https:\/\/x.com\/WirMachenAuf_de"]},{"@type":"Person","@id":"https:\/\/now-news.de\/de\/#\/schema\/person\/fb534a4e865501d8b3285208df34a9b5","name":"rtnews","image":{"@type":"ImageObject","inLanguage":"de","@id":"https:\/\/now-news.de\/de\/#\/schema\/person\/image\/","url":"https:\/\/secure.gravatar.com\/avatar\/82aafea7d8127119dd649515f56e2117?s=96&d=mm&r=g","contentUrl":"https:\/\/secure.gravatar.com\/avatar\/82aafea7d8127119dd649515f56e2117?s=96&d=mm&r=g","caption":"rtnews"},"url":"https:\/\/now-news.de\/de\/author\/rnews\/"}]}},"_links":{"self":[{"href":"https:\/\/now-news.de\/de\/wp-json\/wp\/v2\/posts\/66456"}],"collection":[{"href":"https:\/\/now-news.de\/de\/wp-json\/wp\/v2\/posts"}],"about":[{"href":"https:\/\/now-news.de\/de\/wp-json\/wp\/v2\/types\/post"}],"author":[{"embeddable":true,"href":"https:\/\/now-news.de\/de\/wp-json\/wp\/v2\/users\/3"}],"replies":[{"embeddable":true,"href":"https:\/\/now-news.de\/de\/wp-json\/wp\/v2\/comments?post=66456"}],"version-history":[{"count":0,"href":"https:\/\/now-news.de\/de\/wp-json\/wp\/v2\/posts\/66456\/revisions"}],"wp:featuredmedia":[{"embeddable":true,"href":"https:\/\/now-news.de\/de\/wp-json\/wp\/v2\/media\/66457"}],"wp:attachment":[{"href":"https:\/\/now-news.de\/de\/wp-json\/wp\/v2\/media?parent=66456"}],"wp:term":[{"taxonomy":"category","embeddable":true,"href":"https:\/\/now-news.de\/de\/wp-json\/wp\/v2\/categories?post=66456"},{"taxonomy":"post_tag","embeddable":true,"href":"https:\/\/now-news.de\/de\/wp-json\/wp\/v2\/tags?post=66456"}],"curies":[{"name":"wp","href":"https:\/\/api.w.org\/{rel}","templated":true}]}}