{"id":6643,"date":"2022-05-04T04:40:00","date_gmt":"2022-05-04T02:40:00","guid":{"rendered":"http:\/\/just-now.news\/de\/usa\/horror-new-yorker-raubverdaechtiger-schlaegt-aelteren-mann-zu-boden-und-tritt-ihm-ins-gesicht-video\/"},"modified":"2022-05-04T04:40:00","modified_gmt":"2022-05-04T02:40:00","slug":"horror-new-yorker-raubverdaechtiger-schlaegt-aelteren-mann-zu-boden-und-tritt-ihm-ins-gesicht-video","status":"publish","type":"post","link":"https:\/\/now-news.de\/de\/usa\/horror-new-yorker-raubverdaechtiger-schlaegt-aelteren-mann-zu-boden-und-tritt-ihm-ins-gesicht-video\/","title":{"rendered":"HORROR: New Yorker Raubverd\u00e4chtiger schl\u00e4gt \u00e4lteren Mann zu Boden und tritt ihm ins Gesicht (VIDEO)"},"content":{"rendered":"<div class=\"entry-content\">\n<p><\/p>\n<p>NYPD-Beamte bitten die \u00d6ffentlichkeit um Hilfe bei der Identifizierung eines mutma\u00dflichen Raub\u00fcberfalls, der am Montagnachmittag einen \u00e4lteren Mann geschlagen hat.<\/p>\n<p>Crime Stoppers ver\u00f6ffentlichte ein Video von einem schwarzen m\u00e4nnlichen Verd\u00e4chtigen, der ein 77-j\u00e4hriges Opfer zu Boden schlug und ihm dann ins Gesicht trat.<\/p>\n<div id=\"IC1-ad\" class=\"sponsor IC1\">\n<p class=\"ad-notice flipboard-remove\" fl:fl-noexcerpt=\"true\">Werbung \u2013 die Geschichte geht unten weiter<\/p>\n<div id=\"IC1\">\n<script>\n\t\t\t\t\tif( FFADS.units.IC1 && FFADS.units.IC1.ad_type == 'custom' && FFADS.units.IC1.custom_ads && ! getCookie( 'ff_subbed' ) ) {\n\t\t\t\t\t\tdocument.getElementById( 'IC1' ).innerHTML = FFADS.units.IC1.custom_ads[0].code;\n\t\t\t\t\t\tif( ! FFADS.units.IC1.lazy_load ) eval( FFADS.units.IC1.custom_ads[0].rendering_script );\n\t\t\t\t\t}\n\t\t\t\t\telse if( FFADS.units.IC1 && ! getCookie( 'ff_subbed' ) ) {\n\t\t\t\t\t\tif( 'IC' != 'SB' && 'IC' != 'SA' && FFADS.use_fixed_containers ) {\n\t\t\t\t\t\t\tlet max_wh = firefly_size_list_to_max_wh( FFADS.units.IC1.sizes );\n\t\t\t\t\t\t\tlet el = document.querySelector( '#IC1' );\n\t\t\t\t\t\t\tif( 'IC' != 'SA' && FFADS.slide_pixels ) {\n\t\t\t\t\t\t\t\tmax_wh[1] += parseInt( FFADS.slide_pixels );\n\t\t\t\t\t\t\t\tel.classList.add( 'sliding' );\n\t\t\t\t\t\t\t}\n\t\t\t\t\t\t\tel.style.width = max_wh[0] + 'px';\n\t\t\t\t\t\t\tel.style.height = max_wh[1] + 'px';\n\t\t\t\t\t\t\tel.classList.add( 'fixed-size' );\n\t\t\t\t\t\t}\n\t\t\t\t\t\tgoogletag.cmd.push( function() {\n\t\t\t\t\t\t\tFFADS.debug( 'googletag.displaying IC1' );\n\t\t\t\t\t\t\tgoogletag.display( 'IC1' );\n\t\t\t\t\t\t} );\n\t\t\t\t\t}\n\t\t\t\t\telse {\n\t\t\t\t\t\tdocument.querySelector( '#IC1-ad' ).style.display = 'none';}\n\t\t\t\t<\/script><\/div>\n<\/div>\n<p>Der gewaltt\u00e4tige Angriff fand am Montag um 13:30 Uhr in der 1299 Grand Concourse in der Bronx statt.<\/p>\n<p>VIDEO:<\/p>\n<p><script>\n\t\t\t\t\tif( ! getCookie( 'ff_subbed' ) ) if( typeof FFADS.replace_ict != 'undefined' ) if( FFADS.replace_ict ) eval( FFADS.replace_ict );\n\t\t\t\t<\/script><\/p>\n<blockquote class=\"twitter-tweet\">\n<p lang=\"en\" dir=\"ltr\">????GESUCHT-Att.  RAUB: 2.5.22 ca.  13:30 Uhr, 1299 Grand Concourse <a rel=\"nofollow noopener\" target=\"_blank\" href=\"https:\/\/twitter.com\/NYPD44Pct\">@NYPD44PCT<\/a> Bronx.  Der Verd\u00e4chtige schlug und trat ein 77-j\u00e4hriges m\u00e4nnliches Opfer, als er versuchte, sein Eigentum zu nehmen.  Alle Informationen rufen Sie uns unter 800-577-TIPS an oder posten Sie sie auf unserer Website https:\/\/t.co\/TRPPY5zHV2 Pr\u00e4mie bis zu 3.500 $ <a rel=\"nofollow noopener\" target=\"_blank\" href=\"https:\/\/t.co\/ouoOz2X3Qx\">pic.twitter.com\/ouoOz2X3Qx<\/a><\/p>\n<p>\u2013 NYPD Verbrechensstopper (@NYPDTips) <a rel=\"nofollow noopener\" target=\"_blank\" href=\"https:\/\/twitter.com\/NYPDTips\/status\/1521660822531018753\">4. Mai 2022<\/a><\/p>\n<\/blockquote>\n<p> <script async src=\"https:\/\/platform.twitter.com\/widgets.js\" charset=\"utf-8\"><\/script><\/p>\n<div id=\"IC2-ad\" class=\"sponsor IC2\">\n<p class=\"ad-notice flipboard-remove\" fl:fl-noexcerpt=\"true\">Werbung \u2013 die Geschichte geht unten weiter<\/p>\n<div id=\"IC2\">\n<script>\n\t\t\t\t\tif( FFADS.units.IC2 && FFADS.units.IC2.ad_type == 'custom' && FFADS.units.IC2.custom_ads && ! getCookie( 'ff_subbed' ) ) {\n\t\t\t\t\t\tdocument.getElementById( 'IC2' ).innerHTML = FFADS.units.IC2.custom_ads[0].code;\n\t\t\t\t\t\tif( ! FFADS.units.IC2.lazy_load ) eval( FFADS.units.IC2.custom_ads[0].rendering_script );\n\t\t\t\t\t}\n\t\t\t\t\telse if( FFADS.units.IC2 && ! getCookie( 'ff_subbed' ) ) {\n\t\t\t\t\t\tif( 'IC' != 'SB' && 'IC' != 'SA' && FFADS.use_fixed_containers ) {\n\t\t\t\t\t\t\tlet max_wh = firefly_size_list_to_max_wh( FFADS.units.IC2.sizes );\n\t\t\t\t\t\t\tlet el = document.querySelector( '#IC2' );\n\t\t\t\t\t\t\tif( 'IC' != 'SA' && FFADS.slide_pixels ) {\n\t\t\t\t\t\t\t\tmax_wh[1] += parseInt( FFADS.slide_pixels );\n\t\t\t\t\t\t\t\tel.classList.add( 'sliding' );\n\t\t\t\t\t\t\t}\n\t\t\t\t\t\t\tel.style.width = max_wh[0] + 'px';\n\t\t\t\t\t\t\tel.style.height = max_wh[1] + 'px';\n\t\t\t\t\t\t\tel.classList.add( 'fixed-size' );\n\t\t\t\t\t\t}\n\t\t\t\t\t\tgoogletag.cmd.push( function() {\n\t\t\t\t\t\t\tFFADS.debug( 'googletag.displaying IC2' );\n\t\t\t\t\t\t\tgoogletag.display( 'IC2' );\n\t\t\t\t\t\t} );\n\t\t\t\t\t}\n\t\t\t\t\telse {\n\t\t\t\t\t\tdocument.querySelector( '#IC2-ad' ).style.display = 'none';}\n\t\t\t\t<\/script><\/div>\n<\/div>\n<p>Die Kriminalit\u00e4t steigt in New York dank der demokratischen Politik.<\/p>\n<p>Die New York Post berichtete:<\/p>\n<blockquote>\n<p>Die Waffengewalt in Big Apple ging im vergangenen Monat im Vergleich zu April 2021 zur\u00fcck, obwohl die Zahl der Schie\u00dfereien immer noch fast doppelt so hoch war wie vor der Pandemie \u2013 und die allgemeine Kriminalit\u00e4t in der Stadt steigt weiter an, wie NYPD-Daten zeigen.<\/p>\n<p>Die Zahl der Gro\u00dfverbrechen stieg laut der Kriminalstatistik vom April insgesamt um 34,2 %, was durch sprunghafte \u00dcbergriffe, Raub\u00fcberf\u00e4lle, Einbr\u00fcche und Diebst\u00e4hle angeheizt wurde.<\/p>\n<p>Den Daten zufolge verzeichnete der Big Apple im vergangenen Monat im Vergleich zu April 2021 fast 400 weitere Raub\u00fcberf\u00e4lle, K\u00f6rperverletzungen und Einbr\u00fcche \u2013 oder Steigerungen um 41,5 %, 20,9 % bzw. 39,4 %.<\/p>\n<div id=\"IC3-ad\" class=\"sponsor IC3\">\n<p class=\"ad-notice flipboard-remove\" fl:fl-noexcerpt=\"true\">Werbung \u2013 die Geschichte geht unten weiter<\/p>\n<div id=\"IC3\">\n<script>\n\t\t\t\t\tif( FFADS.units.IC3 && FFADS.units.IC3.ad_type == 'custom' && FFADS.units.IC3.custom_ads && ! getCookie( 'ff_subbed' ) ) {\n\t\t\t\t\t\tdocument.getElementById( 'IC3' ).innerHTML = FFADS.units.IC3.custom_ads[0].code;\n\t\t\t\t\t\tif( ! FFADS.units.IC3.lazy_load ) eval( FFADS.units.IC3.custom_ads[0].rendering_script );\n\t\t\t\t\t}\n\t\t\t\t\telse if( FFADS.units.IC3 && ! getCookie( 'ff_subbed' ) ) {\n\t\t\t\t\t\tif( 'IC' != 'SB' && 'IC' != 'SA' && FFADS.use_fixed_containers ) {\n\t\t\t\t\t\t\tlet max_wh = firefly_size_list_to_max_wh( FFADS.units.IC3.sizes );\n\t\t\t\t\t\t\tlet el = document.querySelector( '#IC3' );\n\t\t\t\t\t\t\tif( 'IC' != 'SA' && FFADS.slide_pixels ) {\n\t\t\t\t\t\t\t\tmax_wh[1] += parseInt( FFADS.slide_pixels );\n\t\t\t\t\t\t\t\tel.classList.add( 'sliding' );\n\t\t\t\t\t\t\t}\n\t\t\t\t\t\t\tel.style.width = max_wh[0] + 'px';\n\t\t\t\t\t\t\tel.style.height = max_wh[1] + 'px';\n\t\t\t\t\t\t\tel.classList.add( 'fixed-size' );\n\t\t\t\t\t\t}\n\t\t\t\t\t\tgoogletag.cmd.push( function() {\n\t\t\t\t\t\t\tFFADS.debug( 'googletag.displaying IC3' );\n\t\t\t\t\t\t\tgoogletag.display( 'IC3' );\n\t\t\t\t\t\t} );\n\t\t\t\t\t}\n\t\t\t\t\telse {\n\t\t\t\t\t\tdocument.querySelector( '#IC3-ad' ).style.display = 'none';}\n\t\t\t\t<\/script><\/div>\n<\/div>\n<p>Fast 1.200 weitere gr\u00f6\u00dfere Diebst\u00e4hle wurden ebenfalls gemeldet, ein Anstieg um 43,5 %, und rund 200 weitere Autos wurden gestohlen, ein Anstieg um 26,8 %, wie die Daten zeigen.<\/p>\n<\/blockquote>\n<p class=\"article-ask\"><span class=\"ask\"><script>\n  if( getParameterByName( \"utm_source\" ) == \"testpage\" ) {\n    !function(e,t,a,n,g){e[n]=e[n]||[],e[n].push({\"gtm.start\":(new Date).getTime(),event:\"gtm.js\"});var m=t.getElementsByTagName(a)[0],r=t.createElement(a);r.async=!0,r.src=\"https:\/\/www.googletagmanager.com\/gtm.js?id=GTM-PL4PD49\",m.parentNode.insertBefore(r,m)}(window.parent,window.parent.document,\"script\",\"dataLayer\");\n    var iframe=window.parent.document.createElement(\"iframe\");iframe.src=\"https:\/\/www.googletagmanager.com\/ns.html?id=GTM-PL4PD49\";iframe.height=\"0\";iframe.width=\"0\";iframe.style=\"display:none;visibility:hidden\";window.parent.document.body.appendChild(iframe);\n    window.parent[\"$$mm-analytics\"] = window.parent[\"$$mm-analytics\"] || {};if (typeof window.parent[\"$$mm-analytics\"].firstEmbed === \"undefined\") {window.parent[\"$$mm-analytics\"].firstEmbed = Date.now();}\n    let as1 = document.createElement( \"script\" );\n    as1.src = \"https:\/\/bucket1.mm-syringe.com\/prod\/configs\/ee2300c8-43d2-7f0b-dac0-40aaf31c9d3d.js\";\n    document.body.appendChild( as1 );\n    let as2 = document.createElement( \"script\" );\n    as2.src = \"https:\/\/bucket1.mm-syringe.com\/prod\/injector\/injector.1.5.3.js\";\n    document.body.appendChild( as2 );\n  }\n<\/script><\/p>\n<div class=\"apester-media\" data-token=\"5f10a39f94902bc81d3d59a7\" data-context=\"true\" data-tags=\"\" data-fallback=\"true\" height=\"350\"><\/div>\n<p><script id=\"apester_script\" src=\"https:\/\/static.apester.com\/js\/sdk\/latest\/apester-sdk.js\" async><\/script><script async src=\"https:\/\/www.googletagmanager.com\/gtag\/js?id=G-EFE91RJVSQ\"><\/script><script>\n  window.dataLayer = window.dataLayer || [];\n  function gtag(){dataLayer.push(arguments);}\n  gtag(\\'js\\', new Date());\n  gtag(\\'config\\', \\'G-EFE91RJVSQ\\');\n<\/script><\/span><\/p>\n<\/div>\n<p><br \/>\n<br \/><a href=\"https:\/\/www.thegatewaypundit.com\/2022\/05\/horror-nyc-robbery-suspect-punches-elderly-man-ground-kicks-face-video\/\">Source link <\/a><\/p>\n","protected":false},"excerpt":{"rendered":"<p>NYPD-Beamte bitten die \u00d6ffentlichkeit um Hilfe bei der Identifizierung eines mutma\u00dflichen Raub\u00fcberfalls, der am Montagnachmittag einen \u00e4lteren Mann geschlagen hat. Crime Stoppers ver\u00f6ffentlichte ein Video von einem schwarzen m\u00e4nnlichen Verd\u00e4chtigen, der ein 77-j\u00e4hriges Opfer zu Boden schlug und ihm dann ins Gesicht trat. Werbung \u2013 die Geschichte geht unten weiter Der gewaltt\u00e4tige Angriff fand am [&hellip;]<\/p>\n","protected":false},"author":5,"featured_media":6644,"comment_status":"open","ping_status":"open","sticky":false,"template":"","format":"standard","meta":{"wp_automatic_camp":["1161"],"6dc257ea886e7bba4bf3e308f4b8d871":["HORROR: New Yorker Raubverd\u00e4chtiger schl\u00e4gt \u00e4lteren Mann zu Boden und tritt ihm ins Gesicht (VIDEO)\n"],"original_link":["https:\/\/www.thegatewaypundit.com\/2022\/05\/horror-nyc-robbery-suspect-punches-elderly-man-ground-kicks-face-video\/"],"_thumbnail_id":["6644"],"wp_automatic_remove_first_image":["yes"],"jnews_social_counter_last_update":["1777258430"]},"categories":[25],"tags":[18436,16879,18437,10101,9966,1678,8042,18435,1468,3470,140,173,1861],"yoast_head":"<!-- This site is optimized with the Yoast SEO Premium plugin v22.7 (Yoast SEO v22.7) - https:\/\/yoast.com\/wordpress\/plugins\/seo\/ -->\n<title>HORROR: New Yorker Raubverd\u00e4chtiger schl\u00e4gt \u00e4lteren Mann zu Boden und tritt ihm ins Gesicht (VIDEO) - just-now.NEWS Deutschland<\/title>\n<meta name=\"robots\" content=\"index, follow, max-snippet:-1, max-image-preview:large, max-video-preview:-1\" \/>\n<link rel=\"canonical\" href=\"https:\/\/now-news.de\/de\/usa\/horror-new-yorker-raubverdaechtiger-schlaegt-aelteren-mann-zu-boden-und-tritt-ihm-ins-gesicht-video\/\" \/>\n<meta property=\"og:locale\" content=\"de_DE\" \/>\n<meta property=\"og:type\" content=\"article\" \/>\n<meta property=\"og:title\" content=\"HORROR: New Yorker Raubverd\u00e4chtiger schl\u00e4gt \u00e4lteren Mann zu Boden und tritt ihm ins Gesicht (VIDEO)\" \/>\n<meta property=\"og:description\" content=\"NYPD-Beamte bitten die \u00d6ffentlichkeit um Hilfe bei der Identifizierung eines mutma\u00dflichen Raub\u00fcberfalls, der am Montagnachmittag einen \u00e4lteren Mann geschlagen hat. Crime Stoppers ver\u00f6ffentlichte ein Video von einem schwarzen m\u00e4nnlichen Verd\u00e4chtigen, der ein 77-j\u00e4hriges Opfer zu Boden schlug und ihm dann ins Gesicht trat. Werbung \u2013 die Geschichte geht unten weiter Der gewaltt\u00e4tige Angriff fand am [&hellip;]\" \/>\n<meta property=\"og:url\" content=\"https:\/\/now-news.de\/de\/usa\/horror-new-yorker-raubverdaechtiger-schlaegt-aelteren-mann-zu-boden-und-tritt-ihm-ins-gesicht-video\/\" \/>\n<meta property=\"og:site_name\" content=\"just-now.NEWS Deutschland\" \/>\n<meta property=\"article:publisher\" content=\"https:\/\/www.facebook.com\/wirmachenauf\" \/>\n<meta property=\"article:published_time\" content=\"2022-05-04T02:40:00+00:00\" \/>\n<meta property=\"og:image\" content=\"https:\/\/now-news.de\/de\/wp-content\/uploads\/sites\/3\/2022\/05\/HORROR-New-Yorker-Raubverdaechtiger-schlaegt-aelteren-Mann-zu-Boden-und.jpg\" \/>\n\t<meta property=\"og:image:width\" content=\"1169\" \/>\n\t<meta property=\"og:image:height\" content=\"631\" \/>\n\t<meta property=\"og:image:type\" content=\"image\/jpeg\" \/>\n<meta name=\"author\" content=\"greatreset\" \/>\n<meta name=\"twitter:card\" content=\"summary_large_image\" \/>\n<meta name=\"twitter:creator\" content=\"@WirMachenAuf_de\" \/>\n<meta name=\"twitter:site\" content=\"@WirMachenAuf_de\" \/>\n<meta name=\"twitter:label1\" content=\"Verfasst von\" \/>\n\t<meta name=\"twitter:data1\" content=\"greatreset\" \/>\n\t<meta name=\"twitter:label2\" content=\"Gesch\u00e4tzte Lesezeit\" \/>\n\t<meta name=\"twitter:data2\" content=\"1\u00a0Minute\" \/>\n<script type=\"application\/ld+json\" class=\"yoast-schema-graph\">{\"@context\":\"https:\/\/schema.org\",\"@graph\":[{\"@type\":\"Article\",\"@id\":\"https:\/\/now-news.de\/de\/usa\/horror-new-yorker-raubverdaechtiger-schlaegt-aelteren-mann-zu-boden-und-tritt-ihm-ins-gesicht-video\/#article\",\"isPartOf\":{\"@id\":\"https:\/\/now-news.de\/de\/usa\/horror-new-yorker-raubverdaechtiger-schlaegt-aelteren-mann-zu-boden-und-tritt-ihm-ins-gesicht-video\/\"},\"author\":{\"name\":\"greatreset\",\"@id\":\"https:\/\/now-news.de\/de\/#\/schema\/person\/8afb4cd92b68572db7902c13a349ffcb\"},\"headline\":\"HORROR: New Yorker Raubverd\u00e4chtiger schl\u00e4gt \u00e4lteren Mann zu Boden und tritt ihm ins Gesicht (VIDEO)\",\"datePublished\":\"2022-05-04T02:40:00+00:00\",\"dateModified\":\"2022-05-04T02:40:00+00:00\",\"mainEntityOfPage\":{\"@id\":\"https:\/\/now-news.de\/de\/usa\/horror-new-yorker-raubverdaechtiger-schlaegt-aelteren-mann-zu-boden-und-tritt-ihm-ins-gesicht-video\/\"},\"wordCount\":310,\"commentCount\":0,\"publisher\":{\"@id\":\"https:\/\/now-news.de\/de\/#organization\"},\"image\":{\"@id\":\"https:\/\/now-news.de\/de\/usa\/horror-new-yorker-raubverdaechtiger-schlaegt-aelteren-mann-zu-boden-und-tritt-ihm-ins-gesicht-video\/#primaryimage\"},\"thumbnailUrl\":\"https:\/\/now-news.de\/de\/wp-content\/uploads\/sites\/3\/2022\/05\/HORROR-New-Yorker-Raubverdaechtiger-schlaegt-aelteren-Mann-zu-Boden-und.jpg\",\"keywords\":[\"\u00e4lteren\",\"Boden\",\"Gesicht\",\"HORROR\",\"ihm\",\"ins\",\"Mann\",\"Raubverd\u00e4chtiger\",\"schl\u00e4gt\",\"tritt\",\"und\",\"Video\",\"Yorker\"],\"articleSection\":[\"USA\"],\"inLanguage\":\"de\",\"potentialAction\":[{\"@type\":\"CommentAction\",\"name\":\"Comment\",\"target\":[\"https:\/\/now-news.de\/de\/usa\/horror-new-yorker-raubverdaechtiger-schlaegt-aelteren-mann-zu-boden-und-tritt-ihm-ins-gesicht-video\/#respond\"]}]},{\"@type\":\"WebPage\",\"@id\":\"https:\/\/now-news.de\/de\/usa\/horror-new-yorker-raubverdaechtiger-schlaegt-aelteren-mann-zu-boden-und-tritt-ihm-ins-gesicht-video\/\",\"url\":\"https:\/\/now-news.de\/de\/usa\/horror-new-yorker-raubverdaechtiger-schlaegt-aelteren-mann-zu-boden-und-tritt-ihm-ins-gesicht-video\/\",\"name\":\"HORROR: New Yorker Raubverd\u00e4chtiger schl\u00e4gt \u00e4lteren Mann zu Boden und tritt ihm ins Gesicht (VIDEO) - just-now.NEWS Deutschland\",\"isPartOf\":{\"@id\":\"https:\/\/now-news.de\/de\/#website\"},\"primaryImageOfPage\":{\"@id\":\"https:\/\/now-news.de\/de\/usa\/horror-new-yorker-raubverdaechtiger-schlaegt-aelteren-mann-zu-boden-und-tritt-ihm-ins-gesicht-video\/#primaryimage\"},\"image\":{\"@id\":\"https:\/\/now-news.de\/de\/usa\/horror-new-yorker-raubverdaechtiger-schlaegt-aelteren-mann-zu-boden-und-tritt-ihm-ins-gesicht-video\/#primaryimage\"},\"thumbnailUrl\":\"https:\/\/now-news.de\/de\/wp-content\/uploads\/sites\/3\/2022\/05\/HORROR-New-Yorker-Raubverdaechtiger-schlaegt-aelteren-Mann-zu-Boden-und.jpg\",\"datePublished\":\"2022-05-04T02:40:00+00:00\",\"dateModified\":\"2022-05-04T02:40:00+00:00\",\"breadcrumb\":{\"@id\":\"https:\/\/now-news.de\/de\/usa\/horror-new-yorker-raubverdaechtiger-schlaegt-aelteren-mann-zu-boden-und-tritt-ihm-ins-gesicht-video\/#breadcrumb\"},\"inLanguage\":\"de\",\"potentialAction\":[{\"@type\":\"ReadAction\",\"target\":[\"https:\/\/now-news.de\/de\/usa\/horror-new-yorker-raubverdaechtiger-schlaegt-aelteren-mann-zu-boden-und-tritt-ihm-ins-gesicht-video\/\"]}]},{\"@type\":\"ImageObject\",\"inLanguage\":\"de\",\"@id\":\"https:\/\/now-news.de\/de\/usa\/horror-new-yorker-raubverdaechtiger-schlaegt-aelteren-mann-zu-boden-und-tritt-ihm-ins-gesicht-video\/#primaryimage\",\"url\":\"https:\/\/now-news.de\/de\/wp-content\/uploads\/sites\/3\/2022\/05\/HORROR-New-Yorker-Raubverdaechtiger-schlaegt-aelteren-Mann-zu-Boden-und.jpg\",\"contentUrl\":\"https:\/\/now-news.de\/de\/wp-content\/uploads\/sites\/3\/2022\/05\/HORROR-New-Yorker-Raubverdaechtiger-schlaegt-aelteren-Mann-zu-Boden-und.jpg\",\"width\":1169,\"height\":631},{\"@type\":\"BreadcrumbList\",\"@id\":\"https:\/\/now-news.de\/de\/usa\/horror-new-yorker-raubverdaechtiger-schlaegt-aelteren-mann-zu-boden-und-tritt-ihm-ins-gesicht-video\/#breadcrumb\",\"itemListElement\":[{\"@type\":\"ListItem\",\"position\":1,\"name\":\"Home\",\"item\":\"https:\/\/now-news.de\/de\/\"},{\"@type\":\"ListItem\",\"position\":2,\"name\":\"HORROR: New Yorker Raubverd\u00e4chtiger schl\u00e4gt \u00e4lteren Mann zu Boden und tritt ihm ins Gesicht (VIDEO)\"}]},{\"@type\":\"WebSite\",\"@id\":\"https:\/\/now-news.de\/de\/#website\",\"url\":\"https:\/\/now-news.de\/de\/\",\"name\":\"just-now.NEWS Deutschland\",\"description\":\"Das Portal f\u00fcr unzensierte Nachrichten aus der Welt\",\"publisher\":{\"@id\":\"https:\/\/now-news.de\/de\/#organization\"},\"potentialAction\":[{\"@type\":\"SearchAction\",\"target\":{\"@type\":\"EntryPoint\",\"urlTemplate\":\"https:\/\/now-news.de\/de\/?s={search_term_string}\"},\"query-input\":\"required name=search_term_string\"}],\"inLanguage\":\"de\"},{\"@type\":\"Organization\",\"@id\":\"https:\/\/now-news.de\/de\/#organization\",\"name\":\"Just Now News\",\"url\":\"https:\/\/now-news.de\/de\/\",\"logo\":{\"@type\":\"ImageObject\",\"inLanguage\":\"de\",\"@id\":\"https:\/\/now-news.de\/de\/#\/schema\/logo\/image\/\",\"url\":\"http:\/\/just-now.news\/de\/wp-content\/uploads\/sites\/3\/2022\/04\/logo500x500.jpg\",\"contentUrl\":\"http:\/\/just-now.news\/de\/wp-content\/uploads\/sites\/3\/2022\/04\/logo500x500.jpg\",\"width\":500,\"height\":500,\"caption\":\"Just Now News\"},\"image\":{\"@id\":\"https:\/\/now-news.de\/de\/#\/schema\/logo\/image\/\"},\"sameAs\":[\"https:\/\/www.facebook.com\/wirmachenauf\",\"https:\/\/x.com\/WirMachenAuf_de\"]},{\"@type\":\"Person\",\"@id\":\"https:\/\/now-news.de\/de\/#\/schema\/person\/8afb4cd92b68572db7902c13a349ffcb\",\"name\":\"greatreset\",\"image\":{\"@type\":\"ImageObject\",\"inLanguage\":\"de\",\"@id\":\"https:\/\/now-news.de\/de\/#\/schema\/person\/image\/\",\"url\":\"https:\/\/secure.gravatar.com\/avatar\/a088df625d49991c090e78c8b9542592?s=96&d=mm&r=g\",\"contentUrl\":\"https:\/\/secure.gravatar.com\/avatar\/a088df625d49991c090e78c8b9542592?s=96&d=mm&r=g\",\"caption\":\"greatreset\"},\"url\":\"https:\/\/now-news.de\/de\/author\/greatreset\/\"}]}<\/script>\n<!-- \/ Yoast SEO Premium plugin. -->","yoast_head_json":{"title":"HORROR: New Yorker Raubverd\u00e4chtiger schl\u00e4gt \u00e4lteren Mann zu Boden und tritt ihm ins Gesicht (VIDEO) - just-now.NEWS Deutschland","robots":{"index":"index","follow":"follow","max-snippet":"max-snippet:-1","max-image-preview":"max-image-preview:large","max-video-preview":"max-video-preview:-1"},"canonical":"https:\/\/now-news.de\/de\/usa\/horror-new-yorker-raubverdaechtiger-schlaegt-aelteren-mann-zu-boden-und-tritt-ihm-ins-gesicht-video\/","og_locale":"de_DE","og_type":"article","og_title":"HORROR: New Yorker Raubverd\u00e4chtiger schl\u00e4gt \u00e4lteren Mann zu Boden und tritt ihm ins Gesicht (VIDEO)","og_description":"NYPD-Beamte bitten die \u00d6ffentlichkeit um Hilfe bei der Identifizierung eines mutma\u00dflichen Raub\u00fcberfalls, der am Montagnachmittag einen \u00e4lteren Mann geschlagen hat. Crime Stoppers ver\u00f6ffentlichte ein Video von einem schwarzen m\u00e4nnlichen Verd\u00e4chtigen, der ein 77-j\u00e4hriges Opfer zu Boden schlug und ihm dann ins Gesicht trat. Werbung \u2013 die Geschichte geht unten weiter Der gewaltt\u00e4tige Angriff fand am [&hellip;]","og_url":"https:\/\/now-news.de\/de\/usa\/horror-new-yorker-raubverdaechtiger-schlaegt-aelteren-mann-zu-boden-und-tritt-ihm-ins-gesicht-video\/","og_site_name":"just-now.NEWS Deutschland","article_publisher":"https:\/\/www.facebook.com\/wirmachenauf","article_published_time":"2022-05-04T02:40:00+00:00","og_image":[{"width":1169,"height":631,"url":"https:\/\/now-news.de\/de\/wp-content\/uploads\/sites\/3\/2022\/05\/HORROR-New-Yorker-Raubverdaechtiger-schlaegt-aelteren-Mann-zu-Boden-und.jpg","type":"image\/jpeg"}],"author":"greatreset","twitter_card":"summary_large_image","twitter_creator":"@WirMachenAuf_de","twitter_site":"@WirMachenAuf_de","twitter_misc":{"Verfasst von":"greatreset","Gesch\u00e4tzte Lesezeit":"1\u00a0Minute"},"schema":{"@context":"https:\/\/schema.org","@graph":[{"@type":"Article","@id":"https:\/\/now-news.de\/de\/usa\/horror-new-yorker-raubverdaechtiger-schlaegt-aelteren-mann-zu-boden-und-tritt-ihm-ins-gesicht-video\/#article","isPartOf":{"@id":"https:\/\/now-news.de\/de\/usa\/horror-new-yorker-raubverdaechtiger-schlaegt-aelteren-mann-zu-boden-und-tritt-ihm-ins-gesicht-video\/"},"author":{"name":"greatreset","@id":"https:\/\/now-news.de\/de\/#\/schema\/person\/8afb4cd92b68572db7902c13a349ffcb"},"headline":"HORROR: New Yorker Raubverd\u00e4chtiger schl\u00e4gt \u00e4lteren Mann zu Boden und tritt ihm ins Gesicht (VIDEO)","datePublished":"2022-05-04T02:40:00+00:00","dateModified":"2022-05-04T02:40:00+00:00","mainEntityOfPage":{"@id":"https:\/\/now-news.de\/de\/usa\/horror-new-yorker-raubverdaechtiger-schlaegt-aelteren-mann-zu-boden-und-tritt-ihm-ins-gesicht-video\/"},"wordCount":310,"commentCount":0,"publisher":{"@id":"https:\/\/now-news.de\/de\/#organization"},"image":{"@id":"https:\/\/now-news.de\/de\/usa\/horror-new-yorker-raubverdaechtiger-schlaegt-aelteren-mann-zu-boden-und-tritt-ihm-ins-gesicht-video\/#primaryimage"},"thumbnailUrl":"https:\/\/now-news.de\/de\/wp-content\/uploads\/sites\/3\/2022\/05\/HORROR-New-Yorker-Raubverdaechtiger-schlaegt-aelteren-Mann-zu-Boden-und.jpg","keywords":["\u00e4lteren","Boden","Gesicht","HORROR","ihm","ins","Mann","Raubverd\u00e4chtiger","schl\u00e4gt","tritt","und","Video","Yorker"],"articleSection":["USA"],"inLanguage":"de","potentialAction":[{"@type":"CommentAction","name":"Comment","target":["https:\/\/now-news.de\/de\/usa\/horror-new-yorker-raubverdaechtiger-schlaegt-aelteren-mann-zu-boden-und-tritt-ihm-ins-gesicht-video\/#respond"]}]},{"@type":"WebPage","@id":"https:\/\/now-news.de\/de\/usa\/horror-new-yorker-raubverdaechtiger-schlaegt-aelteren-mann-zu-boden-und-tritt-ihm-ins-gesicht-video\/","url":"https:\/\/now-news.de\/de\/usa\/horror-new-yorker-raubverdaechtiger-schlaegt-aelteren-mann-zu-boden-und-tritt-ihm-ins-gesicht-video\/","name":"HORROR: New Yorker Raubverd\u00e4chtiger schl\u00e4gt \u00e4lteren Mann zu Boden und tritt ihm ins Gesicht (VIDEO) - just-now.NEWS Deutschland","isPartOf":{"@id":"https:\/\/now-news.de\/de\/#website"},"primaryImageOfPage":{"@id":"https:\/\/now-news.de\/de\/usa\/horror-new-yorker-raubverdaechtiger-schlaegt-aelteren-mann-zu-boden-und-tritt-ihm-ins-gesicht-video\/#primaryimage"},"image":{"@id":"https:\/\/now-news.de\/de\/usa\/horror-new-yorker-raubverdaechtiger-schlaegt-aelteren-mann-zu-boden-und-tritt-ihm-ins-gesicht-video\/#primaryimage"},"thumbnailUrl":"https:\/\/now-news.de\/de\/wp-content\/uploads\/sites\/3\/2022\/05\/HORROR-New-Yorker-Raubverdaechtiger-schlaegt-aelteren-Mann-zu-Boden-und.jpg","datePublished":"2022-05-04T02:40:00+00:00","dateModified":"2022-05-04T02:40:00+00:00","breadcrumb":{"@id":"https:\/\/now-news.de\/de\/usa\/horror-new-yorker-raubverdaechtiger-schlaegt-aelteren-mann-zu-boden-und-tritt-ihm-ins-gesicht-video\/#breadcrumb"},"inLanguage":"de","potentialAction":[{"@type":"ReadAction","target":["https:\/\/now-news.de\/de\/usa\/horror-new-yorker-raubverdaechtiger-schlaegt-aelteren-mann-zu-boden-und-tritt-ihm-ins-gesicht-video\/"]}]},{"@type":"ImageObject","inLanguage":"de","@id":"https:\/\/now-news.de\/de\/usa\/horror-new-yorker-raubverdaechtiger-schlaegt-aelteren-mann-zu-boden-und-tritt-ihm-ins-gesicht-video\/#primaryimage","url":"https:\/\/now-news.de\/de\/wp-content\/uploads\/sites\/3\/2022\/05\/HORROR-New-Yorker-Raubverdaechtiger-schlaegt-aelteren-Mann-zu-Boden-und.jpg","contentUrl":"https:\/\/now-news.de\/de\/wp-content\/uploads\/sites\/3\/2022\/05\/HORROR-New-Yorker-Raubverdaechtiger-schlaegt-aelteren-Mann-zu-Boden-und.jpg","width":1169,"height":631},{"@type":"BreadcrumbList","@id":"https:\/\/now-news.de\/de\/usa\/horror-new-yorker-raubverdaechtiger-schlaegt-aelteren-mann-zu-boden-und-tritt-ihm-ins-gesicht-video\/#breadcrumb","itemListElement":[{"@type":"ListItem","position":1,"name":"Home","item":"https:\/\/now-news.de\/de\/"},{"@type":"ListItem","position":2,"name":"HORROR: New Yorker Raubverd\u00e4chtiger schl\u00e4gt \u00e4lteren Mann zu Boden und tritt ihm ins Gesicht (VIDEO)"}]},{"@type":"WebSite","@id":"https:\/\/now-news.de\/de\/#website","url":"https:\/\/now-news.de\/de\/","name":"just-now.NEWS Deutschland","description":"Das Portal f\u00fcr unzensierte Nachrichten aus der Welt","publisher":{"@id":"https:\/\/now-news.de\/de\/#organization"},"potentialAction":[{"@type":"SearchAction","target":{"@type":"EntryPoint","urlTemplate":"https:\/\/now-news.de\/de\/?s={search_term_string}"},"query-input":"required name=search_term_string"}],"inLanguage":"de"},{"@type":"Organization","@id":"https:\/\/now-news.de\/de\/#organization","name":"Just Now News","url":"https:\/\/now-news.de\/de\/","logo":{"@type":"ImageObject","inLanguage":"de","@id":"https:\/\/now-news.de\/de\/#\/schema\/logo\/image\/","url":"http:\/\/just-now.news\/de\/wp-content\/uploads\/sites\/3\/2022\/04\/logo500x500.jpg","contentUrl":"http:\/\/just-now.news\/de\/wp-content\/uploads\/sites\/3\/2022\/04\/logo500x500.jpg","width":500,"height":500,"caption":"Just Now News"},"image":{"@id":"https:\/\/now-news.de\/de\/#\/schema\/logo\/image\/"},"sameAs":["https:\/\/www.facebook.com\/wirmachenauf","https:\/\/x.com\/WirMachenAuf_de"]},{"@type":"Person","@id":"https:\/\/now-news.de\/de\/#\/schema\/person\/8afb4cd92b68572db7902c13a349ffcb","name":"greatreset","image":{"@type":"ImageObject","inLanguage":"de","@id":"https:\/\/now-news.de\/de\/#\/schema\/person\/image\/","url":"https:\/\/secure.gravatar.com\/avatar\/a088df625d49991c090e78c8b9542592?s=96&d=mm&r=g","contentUrl":"https:\/\/secure.gravatar.com\/avatar\/a088df625d49991c090e78c8b9542592?s=96&d=mm&r=g","caption":"greatreset"},"url":"https:\/\/now-news.de\/de\/author\/greatreset\/"}]}},"_links":{"self":[{"href":"https:\/\/now-news.de\/de\/wp-json\/wp\/v2\/posts\/6643"}],"collection":[{"href":"https:\/\/now-news.de\/de\/wp-json\/wp\/v2\/posts"}],"about":[{"href":"https:\/\/now-news.de\/de\/wp-json\/wp\/v2\/types\/post"}],"author":[{"embeddable":true,"href":"https:\/\/now-news.de\/de\/wp-json\/wp\/v2\/users\/5"}],"replies":[{"embeddable":true,"href":"https:\/\/now-news.de\/de\/wp-json\/wp\/v2\/comments?post=6643"}],"version-history":[{"count":0,"href":"https:\/\/now-news.de\/de\/wp-json\/wp\/v2\/posts\/6643\/revisions"}],"wp:featuredmedia":[{"embeddable":true,"href":"https:\/\/now-news.de\/de\/wp-json\/wp\/v2\/media\/6644"}],"wp:attachment":[{"href":"https:\/\/now-news.de\/de\/wp-json\/wp\/v2\/media?parent=6643"}],"wp:term":[{"taxonomy":"category","embeddable":true,"href":"https:\/\/now-news.de\/de\/wp-json\/wp\/v2\/categories?post=6643"},{"taxonomy":"post_tag","embeddable":true,"href":"https:\/\/now-news.de\/de\/wp-json\/wp\/v2\/tags?post=6643"}],"curies":[{"name":"wp","href":"https:\/\/api.w.org\/{rel}","templated":true}]}}