{"id":66397,"date":"2024-08-09T12:21:57","date_gmt":"2024-08-09T10:21:57","guid":{"rendered":"https:\/\/now-news.de\/de\/deutschland\/esprit-schliesst-alle-filialen-in-deutschland\/"},"modified":"2024-08-09T12:21:57","modified_gmt":"2024-08-09T10:21:57","slug":"esprit-schliesst-alle-filialen-in-deutschland","status":"publish","type":"post","link":"https:\/\/now-news.de\/de\/deutschland\/esprit-schliesst-alle-filialen-in-deutschland\/","title":{"rendered":"Esprit schlie\u00dft alle Filialen in Deutschland"},"content":{"rendered":"<div class=\"Text-root Text-type_1 \">\n                Wirtschaftlicher Abschwung und der Aufstieg des Online-Handels: Deutsche Modeketten wie Esprit stehen vor umfassenden Schlie\u00dfungen. Der Modekonzern wird bis zum Jahresende alle seine 56 Filialen in Deutschland schlie\u00dfen. Etwa 1.300 Mitarbeiter sind von dieser Ma\u00dfnahme betroffen.\n            <\/div>\n<p><\/p>\n<div class=\"Text-root Text-type_5 ArticleView-text ViewText-root \">\n<p>Die deutsche Modebranche befindet sich in einem tiefgreifenden Wandel, der durch zwei gegens\u00e4tzliche Entwicklungen angetrieben wird: Einerseits k\u00e4mpft der station\u00e4re Einzelhandel mit einem wirtschaftlichen Abschwung, der durch gestiegene Energiekosten, sinkende Kaufkraft und allgemeine Unsicherheit weiter versch\u00e4rft wird. Gleichzeitig boomt der Online-Handel, allerdings sind es vor allem chinesische Anbieter wie Temu und AliExpress, die von diesem Trend profitieren.<\/p>\n<p>Diese Unternehmen haben clevere Strategien entwickelt, um ihre Preise niedrig zu halten. Sie nutzen nicht nur die Vorteile g\u00fcnstiger Produktionskosten in China, sondern umgehen auch geschickt Zoll- und Importgeb\u00fchren, die bei ihren Paketen oft kaum anfallen.<\/p>\n<p>Dieser Preisvorteil hat das Konsumverhalten der Verbraucher in Deutschland grundlegend ver\u00e4ndert und setzt den traditionellen Einzelhandel massiv unter Druck.<\/p>\n<p>Obwohl der deutsche Online-Handel erstmals einen R\u00fcckgang im Umsatz verzeichnet, suchen die Kunden weiterhin verst\u00e4rkt nach preisg\u00fcnstigen Alternativen. Besonders bei allt\u00e4glichen Produkten greifen sie zunehmend zu No-Name-Marken und Schn\u00e4ppchenangeboten. Dies spiegelt eine verst\u00e4rkte Sparmentalit\u00e4t wider, da viele Verbraucher aufgrund der steigenden Lebenshaltungskosten ihre Ausgaben gezielt senken.<\/p>\n<p>Dieser Spartrend betrifft alle Altersgruppen, trifft jedoch besonders Familien hart, die angesichts steigender Lebenshaltungskosten gezwungen sind, ihre Ausgaben genau zu \u00fcberwachen.<\/p>\n<p>F\u00fcr viele Haushalte der mittleren Altersgruppen, in denen h\u00e4ufig Familien leben, wird es zunehmend schwieriger, das Budget f\u00fcr notwendige Ausgaben wie Heizung und Urlaub aufzubringen.<\/p>\n<p>Esprit, einst ein Vorreiter des deutschen Mode-Einzelhandels, reagiert auf diese Herausforderungen mit einer drastischen Entscheidung: Bis Ende des Jahres werden alle 56 Filialen in Deutschland geschlossen. Trotz der massiven Umstrukturierung plant das Unternehmen, seine Marke aufrechtzuerhalten, allerdings mit einem verst\u00e4rkten Fokus auf den digitalen Vertrieb.<\/p>\n<p>Diese Transformation verdeutlicht nicht nur die Notwendigkeit der Anpassung an ver\u00e4nderte Marktbedingungen, sondern auch den enormen Druck, den die globale wirtschaftliche Lage und der Aufstieg chinesischer Online-Giganten auf den deutschen Einzelhandel aus\u00fcben.<\/p>\n<p>Esprit plant, bis Ende des Jahres 1.300 Arbeitspl\u00e4tze in Deutschland abzubauen. Diese Entscheidung spiegelt die zunehmende Pr\u00e4ferenz der Kunden f\u00fcr Online-Shopping wider, das als bequemer und oft kosteng\u00fcnstiger wahrgenommen wird.\u00a0<\/p>\n<figure class=\"RTImage-root\">\n<div class=\"RTImage-image RTImage-original\"><picture class=\"Picture-root Picture-original\"><!--[if IE 9]><video style=\"display: none;\"><![endif]--><source media=\"(-webkit-min-device-pixel-ratio: 2) and (min-resolution: 120dpi)\" data-srcset=\" \nhttps:\/\/now-news.de\/de\/wp-content\/uploads\/sites\/3\/2024\/08\/66b5e4a348fbef0ee66611af.jpg 850w,\n                https:\/\/now-news.de\/de\/wp-content\/uploads\/sites\/3\/2024\/08\/66b5e4a348fbef0ee66611af.jpg 1960w,            \" ><source data-srcset=\" \nhttps:\/\/now-news.de\/de\/wp-content\/uploads\/sites\/3\/2024\/08\/66b5e4a348fbef0ee66611af.jpg 460w,\n              https:\/\/now-news.de\/de\/wp-content\/uploads\/sites\/3\/2024\/08\/66b5e4a348fbef0ee66611af.jpg 980w,\n            \" ><!--[if IE 9]><\/video><![endif]--><img decoding=\"async\" data- src=\"data:image\/png;base64,iVBORw0KGgoAAAANSUhEUgAAABAAAAAJCAQAAACRI2S5AAAAEElEQVR42mNkIAAYRxWAAQAG9gAKqv6+AwAAAABJRU5ErkJggg==\" class=\"Picture-root Picture-original lazyload\" data-src=\"https:\/\/now-news.de\/de\/wp-content\/uploads\/sites\/3\/2024\/08\/66b5e4a348fbef0ee66611af.jpg\" alt=\"\"><\/source><\/source><\/picture><!-- noscript pattern --><noscript><img decoding=\"async\" src=\"https:\/\/now-news.de\/de\/wp-content\/uploads\/sites\/3\/2024\/08\/66b5e4a348fbef0ee66611af.jpg\" alt=\"\"><\/noscript><\/div><figcaption class=\"RTImage-footer\"><span class=\"RTImage-caption\"><span class=\"RTImage-captionItem\">Esprit wird alle Filialen in Deutschland bis zum Jahresende schlie\u00dfen.<\/span><\/span><span class=\"RTImage-source\"><span class=\"RTImage-captionItem\">Sputnik<\/span><\/span><\/figcaption><\/figure>\n<p>W\u00e4hrend der station\u00e4re Handel unter der schrumpfenden Wirtschaft leidet, profitieren Online-Anbieter von den ver\u00e4nderten Gewohnheiten der Konsumenten.<\/p>\n<p>Diese dynamische Verschiebung im Einkaufsverhalten hat viele traditionelle Einzelh\u00e4ndler dazu gezwungen, ihre Gesch\u00e4ftsmodelle zu \u00fcberdenken und ihren Fokus st\u00e4rker auf digitale Plattformen zu verlagern.\u00a0<\/p>\n<p>Mehr und mehr zeigt sich ein zwiesp\u00e4ltiges Bild: W\u00e4hrend der traditionelle Einzelhandel in Deutschland unter Druck ger\u00e4t, bietet der Online-Sektor den Unternehmen eine Chance, sich neu zu erfinden und zu wachsen, wenn sie bereit sind, sich rasch anzupassen\u200b.<\/p>\n<p><strong>Mehr zum Thema<\/strong>\u00a0&#8211;\u00a0<a rel=\"nofollow noopener\" target=\"_blank\" href=\"https:\/\/dert.online\/inland\/211919-elend-chemischen-industrie\/\">Deutsche Erfolgsbranche in Not \u2013 \u00dcber das Elend der chemischen Industrie<\/a><\/p>\n<div class=\"EmbedBlock-root EmbedBlock-externalVideo EmbedBlock-odysee\">\n<div class=\"VkEmbed\"><iframe class=\"lazyload\" data-src=\"https:\/\/odysee.com\/%24\/embed\/%40RTDE%3Ae%2FDeutsche--Wirtschaftswende---Zahl-der-Insolvenzen-steigt-rasant%3Ae\" frameborder=\"0\" width=\"853\" height=\"480\" allowfullscreen><\/iframe><\/div>\n<\/div>\n<\/div>\n<p><br \/>\n<br \/><a href=\"https:\/\/de.rt.com\/inland\/215061-esprit-schliesst-alle-filialen-in\/\">Source link <\/a><\/p>\n","protected":false},"excerpt":{"rendered":"<p>Wirtschaftlicher Abschwung und der Aufstieg des Online-Handels: Deutsche Modeketten wie Esprit stehen vor umfassenden Schlie\u00dfungen. Der Modekonzern wird bis zum Jahresende alle seine 56 Filialen in Deutschland schlie\u00dfen. Etwa 1.300 Mitarbeiter sind von dieser Ma\u00dfnahme betroffen. Die deutsche Modebranche befindet sich in einem tiefgreifenden Wandel, der durch zwei gegens\u00e4tzliche Entwicklungen angetrieben wird: Einerseits k\u00e4mpft der [&hellip;]<\/p>\n","protected":false},"author":3,"featured_media":66398,"comment_status":"open","ping_status":"open","sticky":false,"template":"","format":"standard","meta":{"_yoast_indexnow_last_ping":["1723199607"],"wp_automatic_camp":["217"],"a64630be63df20a30bf9fe7f560e2c01":["Esprit schlie\u00dft alle Filialen in Deutschland"],"original_link":["https:\/\/de.rt.com\/inland\/215061-esprit-schliesst-alle-filialen-in\/"],"_thumbnail_id":["66398"],"_wptgpro_p2tg_sent2tg":["a:1:{i:23737;s:19:\"2024-08-09 12:34:30\";}"],"jnews_social_counter_last_update":["1777343651"]},"categories":[19,23],"tags":[271,179,57384,22952,870],"yoast_head":"<!-- This site is optimized with the Yoast SEO Premium plugin v22.7 (Yoast SEO v22.7) - https:\/\/yoast.com\/wordpress\/plugins\/seo\/ -->\n<title>Esprit schlie\u00dft alle Filialen in Deutschland - just-now.NEWS Deutschland<\/title>\n<meta name=\"robots\" content=\"index, follow, max-snippet:-1, max-image-preview:large, max-video-preview:-1\" \/>\n<link rel=\"canonical\" href=\"https:\/\/now-news.de\/de\/deutschland\/esprit-schliesst-alle-filialen-in-deutschland\/\" \/>\n<meta property=\"og:locale\" content=\"de_DE\" \/>\n<meta property=\"og:type\" content=\"article\" \/>\n<meta property=\"og:title\" content=\"Esprit schlie\u00dft alle Filialen in Deutschland\" \/>\n<meta property=\"og:description\" content=\"Wirtschaftlicher Abschwung und der Aufstieg des Online-Handels: Deutsche Modeketten wie Esprit stehen vor umfassenden Schlie\u00dfungen. Der Modekonzern wird bis zum Jahresende alle seine 56 Filialen in Deutschland schlie\u00dfen. Etwa 1.300 Mitarbeiter sind von dieser Ma\u00dfnahme betroffen. Die deutsche Modebranche befindet sich in einem tiefgreifenden Wandel, der durch zwei gegens\u00e4tzliche Entwicklungen angetrieben wird: Einerseits k\u00e4mpft der [&hellip;]\" \/>\n<meta property=\"og:url\" content=\"https:\/\/now-news.de\/de\/deutschland\/esprit-schliesst-alle-filialen-in-deutschland\/\" \/>\n<meta property=\"og:site_name\" content=\"just-now.NEWS Deutschland\" \/>\n<meta property=\"article:publisher\" content=\"https:\/\/www.facebook.com\/wirmachenauf\" \/>\n<meta property=\"article:published_time\" content=\"2024-08-09T10:21:57+00:00\" \/>\n<meta property=\"og:image\" content=\"https:\/\/now-news.de\/de\/wp-content\/uploads\/sites\/3\/2024\/08\/66b5e4a348fbef0ee66611af.jpg\" \/>\n<meta name=\"author\" content=\"rtnews\" \/>\n<meta name=\"twitter:card\" content=\"summary_large_image\" \/>\n<meta name=\"twitter:creator\" content=\"@WirMachenAuf_de\" \/>\n<meta name=\"twitter:site\" content=\"@WirMachenAuf_de\" \/>\n<meta name=\"twitter:label1\" content=\"Verfasst von\" \/>\n\t<meta name=\"twitter:data1\" content=\"rtnews\" \/>\n\t<meta name=\"twitter:label2\" content=\"Gesch\u00e4tzte Lesezeit\" \/>\n\t<meta name=\"twitter:data2\" content=\"2\u00a0Minuten\" \/>\n<script type=\"application\/ld+json\" class=\"yoast-schema-graph\">{\"@context\":\"https:\/\/schema.org\",\"@graph\":[{\"@type\":\"Article\",\"@id\":\"https:\/\/now-news.de\/de\/deutschland\/esprit-schliesst-alle-filialen-in-deutschland\/#article\",\"isPartOf\":{\"@id\":\"https:\/\/now-news.de\/de\/deutschland\/esprit-schliesst-alle-filialen-in-deutschland\/\"},\"author\":{\"name\":\"rtnews\",\"@id\":\"https:\/\/now-news.de\/de\/#\/schema\/person\/fb534a4e865501d8b3285208df34a9b5\"},\"headline\":\"Esprit schlie\u00dft alle Filialen in Deutschland\",\"datePublished\":\"2024-08-09T10:21:57+00:00\",\"dateModified\":\"2024-08-09T10:21:57+00:00\",\"mainEntityOfPage\":{\"@id\":\"https:\/\/now-news.de\/de\/deutschland\/esprit-schliesst-alle-filialen-in-deutschland\/\"},\"wordCount\":494,\"commentCount\":0,\"publisher\":{\"@id\":\"https:\/\/now-news.de\/de\/#organization\"},\"image\":{\"@id\":\"https:\/\/now-news.de\/de\/deutschland\/esprit-schliesst-alle-filialen-in-deutschland\/#primaryimage\"},\"thumbnailUrl\":\"https:\/\/now-news.de\/de\/wp-content\/uploads\/sites\/3\/2024\/08\/Esprit-schliesst-alle-Filialen-in-Deutschland.jpg\",\"keywords\":[\"ALLE\",\"Deutschland\",\"Esprit\",\"Filialen\",\"schlie\u00dft\"],\"articleSection\":[\"Deutschland\",\"Russland\"],\"inLanguage\":\"de\",\"potentialAction\":[{\"@type\":\"CommentAction\",\"name\":\"Comment\",\"target\":[\"https:\/\/now-news.de\/de\/deutschland\/esprit-schliesst-alle-filialen-in-deutschland\/#respond\"]}]},{\"@type\":\"WebPage\",\"@id\":\"https:\/\/now-news.de\/de\/deutschland\/esprit-schliesst-alle-filialen-in-deutschland\/\",\"url\":\"https:\/\/now-news.de\/de\/deutschland\/esprit-schliesst-alle-filialen-in-deutschland\/\",\"name\":\"Esprit schlie\u00dft alle Filialen in Deutschland - just-now.NEWS Deutschland\",\"isPartOf\":{\"@id\":\"https:\/\/now-news.de\/de\/#website\"},\"primaryImageOfPage\":{\"@id\":\"https:\/\/now-news.de\/de\/deutschland\/esprit-schliesst-alle-filialen-in-deutschland\/#primaryimage\"},\"image\":{\"@id\":\"https:\/\/now-news.de\/de\/deutschland\/esprit-schliesst-alle-filialen-in-deutschland\/#primaryimage\"},\"thumbnailUrl\":\"https:\/\/now-news.de\/de\/wp-content\/uploads\/sites\/3\/2024\/08\/Esprit-schliesst-alle-Filialen-in-Deutschland.jpg\",\"datePublished\":\"2024-08-09T10:21:57+00:00\",\"dateModified\":\"2024-08-09T10:21:57+00:00\",\"breadcrumb\":{\"@id\":\"https:\/\/now-news.de\/de\/deutschland\/esprit-schliesst-alle-filialen-in-deutschland\/#breadcrumb\"},\"inLanguage\":\"de\",\"potentialAction\":[{\"@type\":\"ReadAction\",\"target\":[\"https:\/\/now-news.de\/de\/deutschland\/esprit-schliesst-alle-filialen-in-deutschland\/\"]}]},{\"@type\":\"ImageObject\",\"inLanguage\":\"de\",\"@id\":\"https:\/\/now-news.de\/de\/deutschland\/esprit-schliesst-alle-filialen-in-deutschland\/#primaryimage\",\"url\":\"https:\/\/now-news.de\/de\/wp-content\/uploads\/sites\/3\/2024\/08\/Esprit-schliesst-alle-Filialen-in-Deutschland.jpg\",\"contentUrl\":\"https:\/\/now-news.de\/de\/wp-content\/uploads\/sites\/3\/2024\/08\/Esprit-schliesst-alle-Filialen-in-Deutschland.jpg\",\"width\":1570,\"height\":1080,\"caption\":\"Esprit schlie\u00dft alle Filialen in Deutschland\"},{\"@type\":\"BreadcrumbList\",\"@id\":\"https:\/\/now-news.de\/de\/deutschland\/esprit-schliesst-alle-filialen-in-deutschland\/#breadcrumb\",\"itemListElement\":[{\"@type\":\"ListItem\",\"position\":1,\"name\":\"Home\",\"item\":\"https:\/\/now-news.de\/de\/\"},{\"@type\":\"ListItem\",\"position\":2,\"name\":\"Esprit schlie\u00dft alle Filialen in Deutschland\"}]},{\"@type\":\"WebSite\",\"@id\":\"https:\/\/now-news.de\/de\/#website\",\"url\":\"https:\/\/now-news.de\/de\/\",\"name\":\"just-now.NEWS Deutschland\",\"description\":\"Das Portal f\u00fcr unzensierte Nachrichten aus der Welt\",\"publisher\":{\"@id\":\"https:\/\/now-news.de\/de\/#organization\"},\"potentialAction\":[{\"@type\":\"SearchAction\",\"target\":{\"@type\":\"EntryPoint\",\"urlTemplate\":\"https:\/\/now-news.de\/de\/?s={search_term_string}\"},\"query-input\":\"required name=search_term_string\"}],\"inLanguage\":\"de\"},{\"@type\":\"Organization\",\"@id\":\"https:\/\/now-news.de\/de\/#organization\",\"name\":\"Just Now News\",\"url\":\"https:\/\/now-news.de\/de\/\",\"logo\":{\"@type\":\"ImageObject\",\"inLanguage\":\"de\",\"@id\":\"https:\/\/now-news.de\/de\/#\/schema\/logo\/image\/\",\"url\":\"http:\/\/just-now.news\/de\/wp-content\/uploads\/sites\/3\/2022\/04\/logo500x500.jpg\",\"contentUrl\":\"http:\/\/just-now.news\/de\/wp-content\/uploads\/sites\/3\/2022\/04\/logo500x500.jpg\",\"width\":500,\"height\":500,\"caption\":\"Just Now News\"},\"image\":{\"@id\":\"https:\/\/now-news.de\/de\/#\/schema\/logo\/image\/\"},\"sameAs\":[\"https:\/\/www.facebook.com\/wirmachenauf\",\"https:\/\/x.com\/WirMachenAuf_de\"]},{\"@type\":\"Person\",\"@id\":\"https:\/\/now-news.de\/de\/#\/schema\/person\/fb534a4e865501d8b3285208df34a9b5\",\"name\":\"rtnews\",\"image\":{\"@type\":\"ImageObject\",\"inLanguage\":\"de\",\"@id\":\"https:\/\/now-news.de\/de\/#\/schema\/person\/image\/\",\"url\":\"https:\/\/secure.gravatar.com\/avatar\/82aafea7d8127119dd649515f56e2117?s=96&d=mm&r=g\",\"contentUrl\":\"https:\/\/secure.gravatar.com\/avatar\/82aafea7d8127119dd649515f56e2117?s=96&d=mm&r=g\",\"caption\":\"rtnews\"},\"url\":\"https:\/\/now-news.de\/de\/author\/rnews\/\"}]}<\/script>\n<!-- \/ Yoast SEO Premium plugin. -->","yoast_head_json":{"title":"Esprit schlie\u00dft alle Filialen in Deutschland - just-now.NEWS Deutschland","robots":{"index":"index","follow":"follow","max-snippet":"max-snippet:-1","max-image-preview":"max-image-preview:large","max-video-preview":"max-video-preview:-1"},"canonical":"https:\/\/now-news.de\/de\/deutschland\/esprit-schliesst-alle-filialen-in-deutschland\/","og_locale":"de_DE","og_type":"article","og_title":"Esprit schlie\u00dft alle Filialen in Deutschland","og_description":"Wirtschaftlicher Abschwung und der Aufstieg des Online-Handels: Deutsche Modeketten wie Esprit stehen vor umfassenden Schlie\u00dfungen. Der Modekonzern wird bis zum Jahresende alle seine 56 Filialen in Deutschland schlie\u00dfen. Etwa 1.300 Mitarbeiter sind von dieser Ma\u00dfnahme betroffen. Die deutsche Modebranche befindet sich in einem tiefgreifenden Wandel, der durch zwei gegens\u00e4tzliche Entwicklungen angetrieben wird: Einerseits k\u00e4mpft der [&hellip;]","og_url":"https:\/\/now-news.de\/de\/deutschland\/esprit-schliesst-alle-filialen-in-deutschland\/","og_site_name":"just-now.NEWS Deutschland","article_publisher":"https:\/\/www.facebook.com\/wirmachenauf","article_published_time":"2024-08-09T10:21:57+00:00","og_image":[{"url":"https:\/\/now-news.de\/de\/wp-content\/uploads\/sites\/3\/2024\/08\/66b5e4a348fbef0ee66611af.jpg"}],"author":"rtnews","twitter_card":"summary_large_image","twitter_creator":"@WirMachenAuf_de","twitter_site":"@WirMachenAuf_de","twitter_misc":{"Verfasst von":"rtnews","Gesch\u00e4tzte Lesezeit":"2\u00a0Minuten"},"schema":{"@context":"https:\/\/schema.org","@graph":[{"@type":"Article","@id":"https:\/\/now-news.de\/de\/deutschland\/esprit-schliesst-alle-filialen-in-deutschland\/#article","isPartOf":{"@id":"https:\/\/now-news.de\/de\/deutschland\/esprit-schliesst-alle-filialen-in-deutschland\/"},"author":{"name":"rtnews","@id":"https:\/\/now-news.de\/de\/#\/schema\/person\/fb534a4e865501d8b3285208df34a9b5"},"headline":"Esprit schlie\u00dft alle Filialen in Deutschland","datePublished":"2024-08-09T10:21:57+00:00","dateModified":"2024-08-09T10:21:57+00:00","mainEntityOfPage":{"@id":"https:\/\/now-news.de\/de\/deutschland\/esprit-schliesst-alle-filialen-in-deutschland\/"},"wordCount":494,"commentCount":0,"publisher":{"@id":"https:\/\/now-news.de\/de\/#organization"},"image":{"@id":"https:\/\/now-news.de\/de\/deutschland\/esprit-schliesst-alle-filialen-in-deutschland\/#primaryimage"},"thumbnailUrl":"https:\/\/now-news.de\/de\/wp-content\/uploads\/sites\/3\/2024\/08\/Esprit-schliesst-alle-Filialen-in-Deutschland.jpg","keywords":["ALLE","Deutschland","Esprit","Filialen","schlie\u00dft"],"articleSection":["Deutschland","Russland"],"inLanguage":"de","potentialAction":[{"@type":"CommentAction","name":"Comment","target":["https:\/\/now-news.de\/de\/deutschland\/esprit-schliesst-alle-filialen-in-deutschland\/#respond"]}]},{"@type":"WebPage","@id":"https:\/\/now-news.de\/de\/deutschland\/esprit-schliesst-alle-filialen-in-deutschland\/","url":"https:\/\/now-news.de\/de\/deutschland\/esprit-schliesst-alle-filialen-in-deutschland\/","name":"Esprit schlie\u00dft alle Filialen in Deutschland - just-now.NEWS Deutschland","isPartOf":{"@id":"https:\/\/now-news.de\/de\/#website"},"primaryImageOfPage":{"@id":"https:\/\/now-news.de\/de\/deutschland\/esprit-schliesst-alle-filialen-in-deutschland\/#primaryimage"},"image":{"@id":"https:\/\/now-news.de\/de\/deutschland\/esprit-schliesst-alle-filialen-in-deutschland\/#primaryimage"},"thumbnailUrl":"https:\/\/now-news.de\/de\/wp-content\/uploads\/sites\/3\/2024\/08\/Esprit-schliesst-alle-Filialen-in-Deutschland.jpg","datePublished":"2024-08-09T10:21:57+00:00","dateModified":"2024-08-09T10:21:57+00:00","breadcrumb":{"@id":"https:\/\/now-news.de\/de\/deutschland\/esprit-schliesst-alle-filialen-in-deutschland\/#breadcrumb"},"inLanguage":"de","potentialAction":[{"@type":"ReadAction","target":["https:\/\/now-news.de\/de\/deutschland\/esprit-schliesst-alle-filialen-in-deutschland\/"]}]},{"@type":"ImageObject","inLanguage":"de","@id":"https:\/\/now-news.de\/de\/deutschland\/esprit-schliesst-alle-filialen-in-deutschland\/#primaryimage","url":"https:\/\/now-news.de\/de\/wp-content\/uploads\/sites\/3\/2024\/08\/Esprit-schliesst-alle-Filialen-in-Deutschland.jpg","contentUrl":"https:\/\/now-news.de\/de\/wp-content\/uploads\/sites\/3\/2024\/08\/Esprit-schliesst-alle-Filialen-in-Deutschland.jpg","width":1570,"height":1080,"caption":"Esprit schlie\u00dft alle Filialen in Deutschland"},{"@type":"BreadcrumbList","@id":"https:\/\/now-news.de\/de\/deutschland\/esprit-schliesst-alle-filialen-in-deutschland\/#breadcrumb","itemListElement":[{"@type":"ListItem","position":1,"name":"Home","item":"https:\/\/now-news.de\/de\/"},{"@type":"ListItem","position":2,"name":"Esprit schlie\u00dft alle Filialen in Deutschland"}]},{"@type":"WebSite","@id":"https:\/\/now-news.de\/de\/#website","url":"https:\/\/now-news.de\/de\/","name":"just-now.NEWS Deutschland","description":"Das Portal f\u00fcr unzensierte Nachrichten aus der Welt","publisher":{"@id":"https:\/\/now-news.de\/de\/#organization"},"potentialAction":[{"@type":"SearchAction","target":{"@type":"EntryPoint","urlTemplate":"https:\/\/now-news.de\/de\/?s={search_term_string}"},"query-input":"required name=search_term_string"}],"inLanguage":"de"},{"@type":"Organization","@id":"https:\/\/now-news.de\/de\/#organization","name":"Just Now News","url":"https:\/\/now-news.de\/de\/","logo":{"@type":"ImageObject","inLanguage":"de","@id":"https:\/\/now-news.de\/de\/#\/schema\/logo\/image\/","url":"http:\/\/just-now.news\/de\/wp-content\/uploads\/sites\/3\/2022\/04\/logo500x500.jpg","contentUrl":"http:\/\/just-now.news\/de\/wp-content\/uploads\/sites\/3\/2022\/04\/logo500x500.jpg","width":500,"height":500,"caption":"Just Now News"},"image":{"@id":"https:\/\/now-news.de\/de\/#\/schema\/logo\/image\/"},"sameAs":["https:\/\/www.facebook.com\/wirmachenauf","https:\/\/x.com\/WirMachenAuf_de"]},{"@type":"Person","@id":"https:\/\/now-news.de\/de\/#\/schema\/person\/fb534a4e865501d8b3285208df34a9b5","name":"rtnews","image":{"@type":"ImageObject","inLanguage":"de","@id":"https:\/\/now-news.de\/de\/#\/schema\/person\/image\/","url":"https:\/\/secure.gravatar.com\/avatar\/82aafea7d8127119dd649515f56e2117?s=96&d=mm&r=g","contentUrl":"https:\/\/secure.gravatar.com\/avatar\/82aafea7d8127119dd649515f56e2117?s=96&d=mm&r=g","caption":"rtnews"},"url":"https:\/\/now-news.de\/de\/author\/rnews\/"}]}},"_links":{"self":[{"href":"https:\/\/now-news.de\/de\/wp-json\/wp\/v2\/posts\/66397"}],"collection":[{"href":"https:\/\/now-news.de\/de\/wp-json\/wp\/v2\/posts"}],"about":[{"href":"https:\/\/now-news.de\/de\/wp-json\/wp\/v2\/types\/post"}],"author":[{"embeddable":true,"href":"https:\/\/now-news.de\/de\/wp-json\/wp\/v2\/users\/3"}],"replies":[{"embeddable":true,"href":"https:\/\/now-news.de\/de\/wp-json\/wp\/v2\/comments?post=66397"}],"version-history":[{"count":0,"href":"https:\/\/now-news.de\/de\/wp-json\/wp\/v2\/posts\/66397\/revisions"}],"wp:featuredmedia":[{"embeddable":true,"href":"https:\/\/now-news.de\/de\/wp-json\/wp\/v2\/media\/66398"}],"wp:attachment":[{"href":"https:\/\/now-news.de\/de\/wp-json\/wp\/v2\/media?parent=66397"}],"wp:term":[{"taxonomy":"category","embeddable":true,"href":"https:\/\/now-news.de\/de\/wp-json\/wp\/v2\/categories?post=66397"},{"taxonomy":"post_tag","embeddable":true,"href":"https:\/\/now-news.de\/de\/wp-json\/wp\/v2\/tags?post=66397"}],"curies":[{"name":"wp","href":"https:\/\/api.w.org\/{rel}","templated":true}]}}