{"id":6627,"date":"2021-12-23T09:03:12","date_gmt":"2021-12-23T07:03:12","guid":{"rendered":"http:\/\/just-now.news\/de\/great-reset\/greatvideos\/prof-klaus-doerre-folgen-der-pandemie-arbeitsmarkt-grosse-transformation-imperiale-lebensweise\/"},"modified":"2021-12-23T09:03:12","modified_gmt":"2021-12-23T07:03:12","slug":"prof-klaus-doerre-folgen-der-pandemie-arbeitsmarkt-grosse-transformation-imperiale-lebensweise","status":"publish","type":"post","link":"https:\/\/now-news.de\/de\/great-reset\/greatvideos\/prof-klaus-doerre-folgen-der-pandemie-arbeitsmarkt-grosse-transformation-imperiale-lebensweise\/","title":{"rendered":"Prof. Klaus D\u00f6rre &#8211; Folgen der Pandemie, Arbeitsmarkt, Gro\u00dfe Transformation, Imperiale Lebensweise"},"content":{"rendered":"<p><iframe loading=\"lazy\"  width=\"580\" height=\"385\" src=\"https:\/\/www.youtube.com\/embed\/-i3qjQtvvTw?modestbranding=1\" frameborder=\"0\" allowfullscreen><\/iframe><br \/>\n<br \/>Prof. Klaus D\u00f6rre studierte Politikwissenschaft, Soziologie, Wirtschafts- und Sozialgeschichte und Volkswirtschaftslehre.<br \/>\nEr war von 2001 bis 2006 Direktor des Forschungsinstituts Arbeit, Bildung, Partizipation an der Ruhr-Universit\u00e4t Bochum. 2009 hat D\u00f6rre das Jenaer Zentrum f\u00fcr interdisziplin\u00e4re Gesellschaftsforschung initiiert.<br \/>\nSeit 2018 ist D\u00f6rre gemeinsam mit Brigitte Aulenbacher Herausgeber des Global Dialogue \u2013 einer Publikation der International Sociological Association (ISA), die in 17 Sprachen erscheint.<br \/>\nSeit 2018 fungiert D\u00f6rre als Mitherausgeber des Berliner Journal f\u00fcr Soziologie (BJS). D\u00f6rre erhielt 2021 den Th\u00fcringer Forschungspreis mit Hartmut Rosa und Stephan Lessenich in der Kategorie Grundlagenforschung.<\/p>\n<p>Full Bio: https:\/\/www.soziologie.uni-jena.de\/arbeitsbereiche\/arbeits-_+industrie-+und+wirtschaftssoziologie\/personen\/prof_+dr_+klaus+d%C3%B6rre<\/p>\n<p>Timeline:<br \/>\n2:13 &#8211; Die Folgen der Pandemie #Arbeitsmarkt #Prekarit\u00e4t<br \/>\n7:40 &#8211; Covid trifft die sozialen Klassen ungleich hart #Entsolidarisierung<br \/>\n10:44 &#8211; Depresionen, Suizid, Arbeitslosigkeit und die Polarisierung der Gesellschaft<br \/>\n13:00 &#8211; Revitalisierung der patriarchalen Strukturen und Geschlechterrollen im Homeoffice<br \/>\n14:45 &#8211; Soziale vs. individuelle Freiheit<br \/>\n18:21 &#8211; Abtreibungbef\u00fcrwortung und Impfzwang &#8211; ein moralisch-ethischer Widerspruch?<br \/>\n23:05 &#8211; Friedrich Engels zur Lage der arbeitenden Klasse in England<br \/>\n28:50 &#8211; Klaus Schwab und The Great Reset<br \/>\n40:43 &#8211; Die gesellschaftliche Kuppel: Slavoj \u017di\u017eek und Peter Sloterdijk<br \/>\n45:35 &#8211; Zum Begriff der imperiale Lebensweise: Ulrich Brand und Markus Wissen<\/p>\n<p>Quelle: Klaus D\u00f6rre, Varna Institute for Peace Research (VIPR), Jena, 12.12.2021.<\/p>\n<p>Website: www.vipr-bg\/de.com<br \/>\nFacebook: https:\/\/www.facebook.com\/VIPResearch<br \/>\nTwitter: @VPeaceInstitute (https:\/\/twitter.com\/VPeaceInstitute)<br \/>\nInstagram: Varna Peace Research (@varnapeaceinstitute)<br \/>\nhttps:\/\/www.instagram.com\/varnapeaceinstitute<br \/>\nTelegram: https:\/\/t.me\/varnapeaceinstitute<br \/>\nSubstack: https:\/\/varnapeaceinstitute.substack.com<\/p>\n<p>Blog: http:\/\/www.josefmuehlbauer.com<br \/>\nTwitter: @JosefMuehlbauer (https:\/\/twitter.com\/josefmuehlbauer)<br \/>\nFacebook: https:\/\/www.facebook.com\/josef.muhlbauer.7<br \/>\nInstagram: https:\/\/www.instagram.com\/josef.muehlbauer<\/p>\n<p>Ton und Schnitt: Petar Jekow<br \/>\nUnter der Leitung von: Josef Muehlbauer<br \/>\nLizenz: CC-by-nc-sa<\/p>\n<p>Literaturhinweise\/ Reading suggestions:<br \/>\nQueeranarchismus https:\/\/www.grin.com\/document\/513213<br \/>\nDie gerechte Weltordnung https:\/\/www.grin.com\/document\/537128<br \/>\nPlebejische Demokratie https:\/\/www.grin.com\/document\/539867<br \/>\nKollektivit\u00e4t jenseits vom Staat https:\/\/www.grin.com\/document\/933379<br \/>\nBasisdemokratischer Widerstand https:\/\/www.grin.com\/document\/933380<br \/>\nRechtspopulismus als Krisenbearbeitung https:\/\/www.grin.com\/document\/937821<br \/>\nWie demokratisch ist die EU? https:\/\/www.grin.com\/document\/519998<br \/>\nReale Utopien. Zur sozial-\u00f6kologischen Transformation und der solidarischen Lebensweise https:\/\/www.grin.com\/document\/961019<br \/>\nRussland unter Putins Kapitalismus: https:\/\/www.grin.com\/document\/963049<br \/>\nUmk\u00e4mpfte Ressourcen und Demokratie im postsowjetischen Raum: https:\/\/www.grin.com\/document\/963047<br \/>\nUkraine between the EU and Russia. Geopolitics and mechanisms of external influence behind European and Russian integration projects: https:\/\/www.grin.com\/document\/963042<br \/>\nDie Au\u00dfen- und Sicherheitspolitik der EU: https:\/\/www.grin.com\/document\/963040<br \/>\nPh\u00e4nomenologie aus der Perspektive der Critical Race Studies und Queer Theorie: https:\/\/www.grin.com\/document\/1014844<br \/>\nDie Krise der Demokratie und die radikaldemokratische Antwort: https:\/\/www.grin.com\/document\/1035087.<br \/>\nEine Neue Weltwirtschaftsordnung. Zur Einhegung und den Widerspr\u00fcchen der imperialen Lebensweise: https:\/\/www.grin.com\/document\/1101454<\/p>\n<p>Unterst\u00fctzen Sie uns! Wir sind eine basisdemokratische NGO die politisch, finanziell und organisatorisch vollkommen unabh\u00e4ngig ist von anderen NGOs, Institutionen, Konzernen und politischen Parteien\/ Einrichtungen. Wir betreiben Forschung und Aktivismus f\u00fcr die Plebs, daher ist unser Motto: Von den Plebs, f\u00fcr die Plebs!<br \/>\nHier erfahren Sie mehr wie Sie uns unterst\u00fctzen k\u00f6nnen: https:\/\/www.vipr-bg.com\/de\/how-can-i-participate\/. <\/p>\n<p>Wenn Sie keine Zeit haben sollten, k\u00f6nnen Sie uns gerne auch finanziell behilflich sein:<br \/>\nBank Name: Bank Austria UniCredit<br \/>\nKontoinhaber: Josef M\u00fchlbauer<br \/>\nIBAN: AT72 1200 0513 0100 0559<br \/>\nBIC: BKAUATWW<br \/>\nZweck\/ Referenz: Varna Peace Spende<\/p>\n<p>Paypal: http:\/\/paypal.com\/paypalme\/VarnaPeace<br \/>\n<br \/><a href=\"https:\/\/www.youtube.com\/watch?v=-i3qjQtvvTw\">source<\/a><\/p>\n","protected":false},"excerpt":{"rendered":"<p>Prof. Klaus D\u00f6rre studierte Politikwissenschaft, Soziologie, Wirtschafts- und Sozialgeschichte und Volkswirtschaftslehre. Er war von 2001 bis 2006 Direktor des Forschungsinstituts Arbeit, Bildung, Partizipation an der Ruhr-Universit\u00e4t Bochum. 2009 hat D\u00f6rre das Jenaer Zentrum f\u00fcr interdisziplin\u00e4re Gesellschaftsforschung initiiert. Seit 2018 ist D\u00f6rre gemeinsam mit Brigitte Aulenbacher Herausgeber des Global Dialogue \u2013 einer Publikation der International Sociological [&hellip;]<\/p>\n","protected":false},"author":5,"featured_media":6628,"comment_status":"open","ping_status":"open","sticky":false,"template":"","format":"standard","meta":{"_oembed_88623026202d6aa80018103c1aeff80a":["{{unknown}}"],"wp_automatic_camp":["168"],"18d00b8af2d61d30f1ea0d271af528ba":["Prof. Klaus D\u00f6rre - Folgen der Pandemie, Arbeitsmarkt, Gro\u00dfe Transformation, Imperiale Lebensweise"],"original_link":["https:\/\/www.youtube.com\/watch?v=-i3qjQtvvTw"],"_thumbnail_id":["6628"],"wp_automatic_remove_first_image":["yes"],"jnews_social_counter_last_update":["1777316531"],"_oembed_3a2d1ed1a7c902c86116b810858efc76":["{{unknown}}"]},"categories":[53],"tags":[18392,18391,18403,6687,124,30,120,6328,82,6686,18401,2378,7014,5419,18398,132,2830,6688,18402,2661,4196,9092,18395,57,18400,385,6689,530,1387,816,18399,262,1913,18397,18394,18393,18396],"yoast_head":"<!-- This site is optimized with the Yoast SEO Premium plugin v22.7 (Yoast SEO v22.7) - https:\/\/yoast.com\/wordpress\/plugins\/seo\/ -->\n<title>Prof. Klaus D\u00f6rre - Folgen der Pandemie, Arbeitsmarkt, Gro\u00dfe Transformation, Imperiale Lebensweise - just-now.NEWS Deutschland<\/title>\n<meta name=\"robots\" content=\"index, follow, max-snippet:-1, max-image-preview:large, max-video-preview:-1\" \/>\n<link rel=\"canonical\" href=\"https:\/\/now-news.de\/de\/great-reset\/greatvideos\/prof-klaus-doerre-folgen-der-pandemie-arbeitsmarkt-grosse-transformation-imperiale-lebensweise\/\" \/>\n<meta property=\"og:locale\" content=\"de_DE\" \/>\n<meta property=\"og:type\" content=\"article\" \/>\n<meta property=\"og:title\" content=\"Prof. Klaus D\u00f6rre - Folgen der Pandemie, Arbeitsmarkt, Gro\u00dfe Transformation, Imperiale Lebensweise\" \/>\n<meta property=\"og:description\" content=\"Prof. Klaus D\u00f6rre studierte Politikwissenschaft, Soziologie, Wirtschafts- und Sozialgeschichte und Volkswirtschaftslehre. Er war von 2001 bis 2006 Direktor des Forschungsinstituts Arbeit, Bildung, Partizipation an der Ruhr-Universit\u00e4t Bochum. 2009 hat D\u00f6rre das Jenaer Zentrum f\u00fcr interdisziplin\u00e4re Gesellschaftsforschung initiiert. Seit 2018 ist D\u00f6rre gemeinsam mit Brigitte Aulenbacher Herausgeber des Global Dialogue \u2013 einer Publikation der International Sociological [&hellip;]\" \/>\n<meta property=\"og:url\" content=\"https:\/\/now-news.de\/de\/great-reset\/greatvideos\/prof-klaus-doerre-folgen-der-pandemie-arbeitsmarkt-grosse-transformation-imperiale-lebensweise\/\" \/>\n<meta property=\"og:site_name\" content=\"just-now.NEWS Deutschland\" \/>\n<meta property=\"article:publisher\" content=\"https:\/\/www.facebook.com\/wirmachenauf\" \/>\n<meta property=\"article:published_time\" content=\"2021-12-23T07:03:12+00:00\" \/>\n<meta property=\"og:image\" content=\"https:\/\/now-news.de\/de\/wp-content\/uploads\/sites\/3\/2022\/05\/Prof-Klaus-Doerre-Folgen-der-Pandemie-Arbeitsmarkt-Grosse-Transformation.jpg\" \/>\n\t<meta property=\"og:image:width\" content=\"480\" \/>\n\t<meta property=\"og:image:height\" content=\"360\" \/>\n\t<meta property=\"og:image:type\" content=\"image\/jpeg\" \/>\n<meta name=\"author\" content=\"greatreset\" \/>\n<meta name=\"twitter:card\" content=\"summary_large_image\" \/>\n<meta name=\"twitter:creator\" content=\"@WirMachenAuf_de\" \/>\n<meta name=\"twitter:site\" content=\"@WirMachenAuf_de\" \/>\n<meta name=\"twitter:label1\" content=\"Verfasst von\" \/>\n\t<meta name=\"twitter:data1\" content=\"greatreset\" \/>\n\t<meta name=\"twitter:label2\" content=\"Gesch\u00e4tzte Lesezeit\" \/>\n\t<meta name=\"twitter:data2\" content=\"3\u00a0Minuten\" \/>\n<script type=\"application\/ld+json\" class=\"yoast-schema-graph\">{\"@context\":\"https:\/\/schema.org\",\"@graph\":[{\"@type\":\"Article\",\"@id\":\"https:\/\/now-news.de\/de\/great-reset\/greatvideos\/prof-klaus-doerre-folgen-der-pandemie-arbeitsmarkt-grosse-transformation-imperiale-lebensweise\/#article\",\"isPartOf\":{\"@id\":\"https:\/\/now-news.de\/de\/great-reset\/greatvideos\/prof-klaus-doerre-folgen-der-pandemie-arbeitsmarkt-grosse-transformation-imperiale-lebensweise\/\"},\"author\":{\"name\":\"greatreset\",\"@id\":\"https:\/\/now-news.de\/de\/#\/schema\/person\/8afb4cd92b68572db7902c13a349ffcb\"},\"headline\":\"Prof. Klaus D\u00f6rre &#8211; Folgen der Pandemie, Arbeitsmarkt, Gro\u00dfe Transformation, Imperiale Lebensweise\",\"datePublished\":\"2021-12-23T07:03:12+00:00\",\"dateModified\":\"2021-12-23T07:03:12+00:00\",\"mainEntityOfPage\":{\"@id\":\"https:\/\/now-news.de\/de\/great-reset\/greatvideos\/prof-klaus-doerre-folgen-der-pandemie-arbeitsmarkt-grosse-transformation-imperiale-lebensweise\/\"},\"wordCount\":582,\"commentCount\":0,\"publisher\":{\"@id\":\"https:\/\/now-news.de\/de\/#organization\"},\"image\":{\"@id\":\"https:\/\/now-news.de\/de\/great-reset\/greatvideos\/prof-klaus-doerre-folgen-der-pandemie-arbeitsmarkt-grosse-transformation-imperiale-lebensweise\/#primaryimage\"},\"thumbnailUrl\":\"https:\/\/now-news.de\/de\/wp-content\/uploads\/sites\/3\/2022\/05\/Prof-Klaus-Doerre-Folgen-der-Pandemie-Arbeitsmarkt-Grosse-Transformation.jpg\",\"keywords\":[\"#Varna\",\"#VIPR\",\"Arbeitslosigkeit\",\"Arbeitsmarkt\",\"corona\",\"COVID-19\",\"COVID19\",\"Degrowth\",\"der\",\"D\u00f6rre\",\"Ethik der Pandemie\",\"Folgen\",\"f\u00f6r\",\"freiheit\",\"Friedensforschung\",\"great reset\",\"Gro\u00dfe\",\"Imperiale\",\"Imperiale Lebensweise\",\"impfpflicht\",\"Impfzwang\",\"Institute\",\"Josef M\u00fchlbauer\",\"Klaus\",\"Klaus D\u00f6rre\",\"klaus schwab\",\"Lebensweise\",\"Pandemie\",\"Peace\",\"Prof\",\"Prof Klaus D\u00f6rre\",\"Research\",\"transformation\",\"Varna Friedensforschungsinstitut\",\"Varna Peace\",\"Varna Peace Institute\",\"Varna Peace Research\"],\"articleSection\":[\"GreatVideos\"],\"inLanguage\":\"de\",\"potentialAction\":[{\"@type\":\"CommentAction\",\"name\":\"Comment\",\"target\":[\"https:\/\/now-news.de\/de\/great-reset\/greatvideos\/prof-klaus-doerre-folgen-der-pandemie-arbeitsmarkt-grosse-transformation-imperiale-lebensweise\/#respond\"]}]},{\"@type\":\"WebPage\",\"@id\":\"https:\/\/now-news.de\/de\/great-reset\/greatvideos\/prof-klaus-doerre-folgen-der-pandemie-arbeitsmarkt-grosse-transformation-imperiale-lebensweise\/\",\"url\":\"https:\/\/now-news.de\/de\/great-reset\/greatvideos\/prof-klaus-doerre-folgen-der-pandemie-arbeitsmarkt-grosse-transformation-imperiale-lebensweise\/\",\"name\":\"Prof. Klaus D\u00f6rre - Folgen der Pandemie, Arbeitsmarkt, Gro\u00dfe Transformation, Imperiale Lebensweise - just-now.NEWS Deutschland\",\"isPartOf\":{\"@id\":\"https:\/\/now-news.de\/de\/#website\"},\"primaryImageOfPage\":{\"@id\":\"https:\/\/now-news.de\/de\/great-reset\/greatvideos\/prof-klaus-doerre-folgen-der-pandemie-arbeitsmarkt-grosse-transformation-imperiale-lebensweise\/#primaryimage\"},\"image\":{\"@id\":\"https:\/\/now-news.de\/de\/great-reset\/greatvideos\/prof-klaus-doerre-folgen-der-pandemie-arbeitsmarkt-grosse-transformation-imperiale-lebensweise\/#primaryimage\"},\"thumbnailUrl\":\"https:\/\/now-news.de\/de\/wp-content\/uploads\/sites\/3\/2022\/05\/Prof-Klaus-Doerre-Folgen-der-Pandemie-Arbeitsmarkt-Grosse-Transformation.jpg\",\"datePublished\":\"2021-12-23T07:03:12+00:00\",\"dateModified\":\"2021-12-23T07:03:12+00:00\",\"breadcrumb\":{\"@id\":\"https:\/\/now-news.de\/de\/great-reset\/greatvideos\/prof-klaus-doerre-folgen-der-pandemie-arbeitsmarkt-grosse-transformation-imperiale-lebensweise\/#breadcrumb\"},\"inLanguage\":\"de\",\"potentialAction\":[{\"@type\":\"ReadAction\",\"target\":[\"https:\/\/now-news.de\/de\/great-reset\/greatvideos\/prof-klaus-doerre-folgen-der-pandemie-arbeitsmarkt-grosse-transformation-imperiale-lebensweise\/\"]}]},{\"@type\":\"ImageObject\",\"inLanguage\":\"de\",\"@id\":\"https:\/\/now-news.de\/de\/great-reset\/greatvideos\/prof-klaus-doerre-folgen-der-pandemie-arbeitsmarkt-grosse-transformation-imperiale-lebensweise\/#primaryimage\",\"url\":\"https:\/\/now-news.de\/de\/wp-content\/uploads\/sites\/3\/2022\/05\/Prof-Klaus-Doerre-Folgen-der-Pandemie-Arbeitsmarkt-Grosse-Transformation.jpg\",\"contentUrl\":\"https:\/\/now-news.de\/de\/wp-content\/uploads\/sites\/3\/2022\/05\/Prof-Klaus-Doerre-Folgen-der-Pandemie-Arbeitsmarkt-Grosse-Transformation.jpg\",\"width\":480,\"height\":360},{\"@type\":\"BreadcrumbList\",\"@id\":\"https:\/\/now-news.de\/de\/great-reset\/greatvideos\/prof-klaus-doerre-folgen-der-pandemie-arbeitsmarkt-grosse-transformation-imperiale-lebensweise\/#breadcrumb\",\"itemListElement\":[{\"@type\":\"ListItem\",\"position\":1,\"name\":\"Home\",\"item\":\"https:\/\/now-news.de\/de\/\"},{\"@type\":\"ListItem\",\"position\":2,\"name\":\"Prof. Klaus D\u00f6rre &#8211; Folgen der Pandemie, Arbeitsmarkt, Gro\u00dfe Transformation, Imperiale Lebensweise\"}]},{\"@type\":\"WebSite\",\"@id\":\"https:\/\/now-news.de\/de\/#website\",\"url\":\"https:\/\/now-news.de\/de\/\",\"name\":\"just-now.NEWS Deutschland\",\"description\":\"Das Portal f\u00fcr unzensierte Nachrichten aus der Welt\",\"publisher\":{\"@id\":\"https:\/\/now-news.de\/de\/#organization\"},\"potentialAction\":[{\"@type\":\"SearchAction\",\"target\":{\"@type\":\"EntryPoint\",\"urlTemplate\":\"https:\/\/now-news.de\/de\/?s={search_term_string}\"},\"query-input\":\"required name=search_term_string\"}],\"inLanguage\":\"de\"},{\"@type\":\"Organization\",\"@id\":\"https:\/\/now-news.de\/de\/#organization\",\"name\":\"Just Now News\",\"url\":\"https:\/\/now-news.de\/de\/\",\"logo\":{\"@type\":\"ImageObject\",\"inLanguage\":\"de\",\"@id\":\"https:\/\/now-news.de\/de\/#\/schema\/logo\/image\/\",\"url\":\"http:\/\/just-now.news\/de\/wp-content\/uploads\/sites\/3\/2022\/04\/logo500x500.jpg\",\"contentUrl\":\"http:\/\/just-now.news\/de\/wp-content\/uploads\/sites\/3\/2022\/04\/logo500x500.jpg\",\"width\":500,\"height\":500,\"caption\":\"Just Now News\"},\"image\":{\"@id\":\"https:\/\/now-news.de\/de\/#\/schema\/logo\/image\/\"},\"sameAs\":[\"https:\/\/www.facebook.com\/wirmachenauf\",\"https:\/\/x.com\/WirMachenAuf_de\"]},{\"@type\":\"Person\",\"@id\":\"https:\/\/now-news.de\/de\/#\/schema\/person\/8afb4cd92b68572db7902c13a349ffcb\",\"name\":\"greatreset\",\"image\":{\"@type\":\"ImageObject\",\"inLanguage\":\"de\",\"@id\":\"https:\/\/now-news.de\/de\/#\/schema\/person\/image\/\",\"url\":\"https:\/\/secure.gravatar.com\/avatar\/a088df625d49991c090e78c8b9542592?s=96&d=mm&r=g\",\"contentUrl\":\"https:\/\/secure.gravatar.com\/avatar\/a088df625d49991c090e78c8b9542592?s=96&d=mm&r=g\",\"caption\":\"greatreset\"},\"url\":\"https:\/\/now-news.de\/de\/author\/greatreset\/\"}]}<\/script>\n<!-- \/ Yoast SEO Premium plugin. -->","yoast_head_json":{"title":"Prof. Klaus D\u00f6rre - Folgen der Pandemie, Arbeitsmarkt, Gro\u00dfe Transformation, Imperiale Lebensweise - just-now.NEWS Deutschland","robots":{"index":"index","follow":"follow","max-snippet":"max-snippet:-1","max-image-preview":"max-image-preview:large","max-video-preview":"max-video-preview:-1"},"canonical":"https:\/\/now-news.de\/de\/great-reset\/greatvideos\/prof-klaus-doerre-folgen-der-pandemie-arbeitsmarkt-grosse-transformation-imperiale-lebensweise\/","og_locale":"de_DE","og_type":"article","og_title":"Prof. Klaus D\u00f6rre - Folgen der Pandemie, Arbeitsmarkt, Gro\u00dfe Transformation, Imperiale Lebensweise","og_description":"Prof. Klaus D\u00f6rre studierte Politikwissenschaft, Soziologie, Wirtschafts- und Sozialgeschichte und Volkswirtschaftslehre. Er war von 2001 bis 2006 Direktor des Forschungsinstituts Arbeit, Bildung, Partizipation an der Ruhr-Universit\u00e4t Bochum. 2009 hat D\u00f6rre das Jenaer Zentrum f\u00fcr interdisziplin\u00e4re Gesellschaftsforschung initiiert. Seit 2018 ist D\u00f6rre gemeinsam mit Brigitte Aulenbacher Herausgeber des Global Dialogue \u2013 einer Publikation der International Sociological [&hellip;]","og_url":"https:\/\/now-news.de\/de\/great-reset\/greatvideos\/prof-klaus-doerre-folgen-der-pandemie-arbeitsmarkt-grosse-transformation-imperiale-lebensweise\/","og_site_name":"just-now.NEWS Deutschland","article_publisher":"https:\/\/www.facebook.com\/wirmachenauf","article_published_time":"2021-12-23T07:03:12+00:00","og_image":[{"width":480,"height":360,"url":"https:\/\/now-news.de\/de\/wp-content\/uploads\/sites\/3\/2022\/05\/Prof-Klaus-Doerre-Folgen-der-Pandemie-Arbeitsmarkt-Grosse-Transformation.jpg","type":"image\/jpeg"}],"author":"greatreset","twitter_card":"summary_large_image","twitter_creator":"@WirMachenAuf_de","twitter_site":"@WirMachenAuf_de","twitter_misc":{"Verfasst von":"greatreset","Gesch\u00e4tzte Lesezeit":"3\u00a0Minuten"},"schema":{"@context":"https:\/\/schema.org","@graph":[{"@type":"Article","@id":"https:\/\/now-news.de\/de\/great-reset\/greatvideos\/prof-klaus-doerre-folgen-der-pandemie-arbeitsmarkt-grosse-transformation-imperiale-lebensweise\/#article","isPartOf":{"@id":"https:\/\/now-news.de\/de\/great-reset\/greatvideos\/prof-klaus-doerre-folgen-der-pandemie-arbeitsmarkt-grosse-transformation-imperiale-lebensweise\/"},"author":{"name":"greatreset","@id":"https:\/\/now-news.de\/de\/#\/schema\/person\/8afb4cd92b68572db7902c13a349ffcb"},"headline":"Prof. Klaus D\u00f6rre &#8211; Folgen der Pandemie, Arbeitsmarkt, Gro\u00dfe Transformation, Imperiale Lebensweise","datePublished":"2021-12-23T07:03:12+00:00","dateModified":"2021-12-23T07:03:12+00:00","mainEntityOfPage":{"@id":"https:\/\/now-news.de\/de\/great-reset\/greatvideos\/prof-klaus-doerre-folgen-der-pandemie-arbeitsmarkt-grosse-transformation-imperiale-lebensweise\/"},"wordCount":582,"commentCount":0,"publisher":{"@id":"https:\/\/now-news.de\/de\/#organization"},"image":{"@id":"https:\/\/now-news.de\/de\/great-reset\/greatvideos\/prof-klaus-doerre-folgen-der-pandemie-arbeitsmarkt-grosse-transformation-imperiale-lebensweise\/#primaryimage"},"thumbnailUrl":"https:\/\/now-news.de\/de\/wp-content\/uploads\/sites\/3\/2022\/05\/Prof-Klaus-Doerre-Folgen-der-Pandemie-Arbeitsmarkt-Grosse-Transformation.jpg","keywords":["#Varna","#VIPR","Arbeitslosigkeit","Arbeitsmarkt","corona","COVID-19","COVID19","Degrowth","der","D\u00f6rre","Ethik der Pandemie","Folgen","f\u00f6r","freiheit","Friedensforschung","great reset","Gro\u00dfe","Imperiale","Imperiale Lebensweise","impfpflicht","Impfzwang","Institute","Josef M\u00fchlbauer","Klaus","Klaus D\u00f6rre","klaus schwab","Lebensweise","Pandemie","Peace","Prof","Prof Klaus D\u00f6rre","Research","transformation","Varna Friedensforschungsinstitut","Varna Peace","Varna Peace Institute","Varna Peace Research"],"articleSection":["GreatVideos"],"inLanguage":"de","potentialAction":[{"@type":"CommentAction","name":"Comment","target":["https:\/\/now-news.de\/de\/great-reset\/greatvideos\/prof-klaus-doerre-folgen-der-pandemie-arbeitsmarkt-grosse-transformation-imperiale-lebensweise\/#respond"]}]},{"@type":"WebPage","@id":"https:\/\/now-news.de\/de\/great-reset\/greatvideos\/prof-klaus-doerre-folgen-der-pandemie-arbeitsmarkt-grosse-transformation-imperiale-lebensweise\/","url":"https:\/\/now-news.de\/de\/great-reset\/greatvideos\/prof-klaus-doerre-folgen-der-pandemie-arbeitsmarkt-grosse-transformation-imperiale-lebensweise\/","name":"Prof. Klaus D\u00f6rre - Folgen der Pandemie, Arbeitsmarkt, Gro\u00dfe Transformation, Imperiale Lebensweise - just-now.NEWS Deutschland","isPartOf":{"@id":"https:\/\/now-news.de\/de\/#website"},"primaryImageOfPage":{"@id":"https:\/\/now-news.de\/de\/great-reset\/greatvideos\/prof-klaus-doerre-folgen-der-pandemie-arbeitsmarkt-grosse-transformation-imperiale-lebensweise\/#primaryimage"},"image":{"@id":"https:\/\/now-news.de\/de\/great-reset\/greatvideos\/prof-klaus-doerre-folgen-der-pandemie-arbeitsmarkt-grosse-transformation-imperiale-lebensweise\/#primaryimage"},"thumbnailUrl":"https:\/\/now-news.de\/de\/wp-content\/uploads\/sites\/3\/2022\/05\/Prof-Klaus-Doerre-Folgen-der-Pandemie-Arbeitsmarkt-Grosse-Transformation.jpg","datePublished":"2021-12-23T07:03:12+00:00","dateModified":"2021-12-23T07:03:12+00:00","breadcrumb":{"@id":"https:\/\/now-news.de\/de\/great-reset\/greatvideos\/prof-klaus-doerre-folgen-der-pandemie-arbeitsmarkt-grosse-transformation-imperiale-lebensweise\/#breadcrumb"},"inLanguage":"de","potentialAction":[{"@type":"ReadAction","target":["https:\/\/now-news.de\/de\/great-reset\/greatvideos\/prof-klaus-doerre-folgen-der-pandemie-arbeitsmarkt-grosse-transformation-imperiale-lebensweise\/"]}]},{"@type":"ImageObject","inLanguage":"de","@id":"https:\/\/now-news.de\/de\/great-reset\/greatvideos\/prof-klaus-doerre-folgen-der-pandemie-arbeitsmarkt-grosse-transformation-imperiale-lebensweise\/#primaryimage","url":"https:\/\/now-news.de\/de\/wp-content\/uploads\/sites\/3\/2022\/05\/Prof-Klaus-Doerre-Folgen-der-Pandemie-Arbeitsmarkt-Grosse-Transformation.jpg","contentUrl":"https:\/\/now-news.de\/de\/wp-content\/uploads\/sites\/3\/2022\/05\/Prof-Klaus-Doerre-Folgen-der-Pandemie-Arbeitsmarkt-Grosse-Transformation.jpg","width":480,"height":360},{"@type":"BreadcrumbList","@id":"https:\/\/now-news.de\/de\/great-reset\/greatvideos\/prof-klaus-doerre-folgen-der-pandemie-arbeitsmarkt-grosse-transformation-imperiale-lebensweise\/#breadcrumb","itemListElement":[{"@type":"ListItem","position":1,"name":"Home","item":"https:\/\/now-news.de\/de\/"},{"@type":"ListItem","position":2,"name":"Prof. Klaus D\u00f6rre &#8211; Folgen der Pandemie, Arbeitsmarkt, Gro\u00dfe Transformation, Imperiale Lebensweise"}]},{"@type":"WebSite","@id":"https:\/\/now-news.de\/de\/#website","url":"https:\/\/now-news.de\/de\/","name":"just-now.NEWS Deutschland","description":"Das Portal f\u00fcr unzensierte Nachrichten aus der Welt","publisher":{"@id":"https:\/\/now-news.de\/de\/#organization"},"potentialAction":[{"@type":"SearchAction","target":{"@type":"EntryPoint","urlTemplate":"https:\/\/now-news.de\/de\/?s={search_term_string}"},"query-input":"required name=search_term_string"}],"inLanguage":"de"},{"@type":"Organization","@id":"https:\/\/now-news.de\/de\/#organization","name":"Just Now News","url":"https:\/\/now-news.de\/de\/","logo":{"@type":"ImageObject","inLanguage":"de","@id":"https:\/\/now-news.de\/de\/#\/schema\/logo\/image\/","url":"http:\/\/just-now.news\/de\/wp-content\/uploads\/sites\/3\/2022\/04\/logo500x500.jpg","contentUrl":"http:\/\/just-now.news\/de\/wp-content\/uploads\/sites\/3\/2022\/04\/logo500x500.jpg","width":500,"height":500,"caption":"Just Now News"},"image":{"@id":"https:\/\/now-news.de\/de\/#\/schema\/logo\/image\/"},"sameAs":["https:\/\/www.facebook.com\/wirmachenauf","https:\/\/x.com\/WirMachenAuf_de"]},{"@type":"Person","@id":"https:\/\/now-news.de\/de\/#\/schema\/person\/8afb4cd92b68572db7902c13a349ffcb","name":"greatreset","image":{"@type":"ImageObject","inLanguage":"de","@id":"https:\/\/now-news.de\/de\/#\/schema\/person\/image\/","url":"https:\/\/secure.gravatar.com\/avatar\/a088df625d49991c090e78c8b9542592?s=96&d=mm&r=g","contentUrl":"https:\/\/secure.gravatar.com\/avatar\/a088df625d49991c090e78c8b9542592?s=96&d=mm&r=g","caption":"greatreset"},"url":"https:\/\/now-news.de\/de\/author\/greatreset\/"}]}},"_links":{"self":[{"href":"https:\/\/now-news.de\/de\/wp-json\/wp\/v2\/posts\/6627"}],"collection":[{"href":"https:\/\/now-news.de\/de\/wp-json\/wp\/v2\/posts"}],"about":[{"href":"https:\/\/now-news.de\/de\/wp-json\/wp\/v2\/types\/post"}],"author":[{"embeddable":true,"href":"https:\/\/now-news.de\/de\/wp-json\/wp\/v2\/users\/5"}],"replies":[{"embeddable":true,"href":"https:\/\/now-news.de\/de\/wp-json\/wp\/v2\/comments?post=6627"}],"version-history":[{"count":0,"href":"https:\/\/now-news.de\/de\/wp-json\/wp\/v2\/posts\/6627\/revisions"}],"wp:featuredmedia":[{"embeddable":true,"href":"https:\/\/now-news.de\/de\/wp-json\/wp\/v2\/media\/6628"}],"wp:attachment":[{"href":"https:\/\/now-news.de\/de\/wp-json\/wp\/v2\/media?parent=6627"}],"wp:term":[{"taxonomy":"category","embeddable":true,"href":"https:\/\/now-news.de\/de\/wp-json\/wp\/v2\/categories?post=6627"},{"taxonomy":"post_tag","embeddable":true,"href":"https:\/\/now-news.de\/de\/wp-json\/wp\/v2\/tags?post=6627"}],"curies":[{"name":"wp","href":"https:\/\/api.w.org\/{rel}","templated":true}]}}