{"id":66256,"date":"2024-08-07T12:13:26","date_gmt":"2024-08-07T10:13:26","guid":{"rendered":"https:\/\/now-news.de\/de\/deutschland\/fbi-nimmt-pakistaner-wegen-mordplan-gegen-donald-trump-fest\/"},"modified":"2024-08-07T12:13:26","modified_gmt":"2024-08-07T10:13:26","slug":"fbi-nimmt-pakistaner-wegen-mordplan-gegen-donald-trump-fest","status":"publish","type":"post","link":"https:\/\/now-news.de\/de\/deutschland\/fbi-nimmt-pakistaner-wegen-mordplan-gegen-donald-trump-fest\/","title":{"rendered":"FBI nimmt Pakistaner wegen &quot;Mordplan&quot; gegen Donald Trump fest"},"content":{"rendered":"<p><img decoding=\"async\" src=\"https:\/\/now-news.de\/de\/wp-content\/uploads\/sites\/3\/2024\/08\/66b3330048fbef468a3cdac5.jpg\" \/><\/p>\n<div class=\"Text-root Text-type_1 \">\n                Ein pakistanischer Mann, dem Verbindungen zum Iran nachgesagt werden, wurde wegen eines Komplotts zur Durchf\u00fchrung politischer Attentate auf amerikanischem Boden angeklagt.\n            <\/div>\n<p><\/p>\n<div class=\"Text-root Text-type_5 ArticleView-text ViewText-root \">\n<p>Das US-Justizministerium und das\u00a0FBI\u00a0haben am Dienstag die Festnahme eines 46-j\u00e4hrigen Mannes aus\u00a0Pakistan\u00a0mit angeblichen Verbindungen nach\u00a0Iran\u00a0bekannt gegeben. Er habe versucht, einen &#8220;Auftragskiller&#8221; anzuheuern, um Politiker in den\u00a0USA\u00a0zu ermorden. Nach Angaben der Beh\u00f6rden soll der Mann nach einem Aufenthalt in Iran im April in die USA gereist sein, um sich dort nach Komplizen umzusehen.<\/p>\n<div class=\"EmbedBlock-root EmbedBlock-twitter\">\n<div class=\"TwitterEmbed\">\n<blockquote class=\"twitter-tweet lazyload\" data-twitter=\"twitter-tweet\">\n<p lang=\"en\" dir=\"ltr\">\ud83c\uddfa\ud83c\uddf8 TRUMP ASSASSINATION PLOT &#8211; PAKISTANI BUSINESSMAN ARRESTEDThe DOJ has charged Asif Merchant, a Pakistani businessman with ties to Iran, in a plot to assassinate U.S. politicians.Merchant was arrested on July 12, 2024, before attempting to flee the country.The plot\u2026 <a rel=\"nofollow noopener\" target=\"_blank\" href=\"https:\/\/t.co\/BUUYyjlZmO\">pic.twitter.com\/BUUYyjlZmO<\/a><\/p>\n<p>\u2014 Mario Nawfal (@MarioNawfal) <a rel=\"nofollow noopener\" target=\"_blank\" href=\"https:\/\/twitter.com\/MarioNawfal\/status\/1820903998712352945?ref_src=twsrc%5Etfw\">August 6, 2024<\/a><\/p><\/blockquote>\n<\/div>\n<\/div>\n<p>Das FBI machte zun\u00e4chst keine Angaben dazu, gegen welchen Politiker sich das Komplott richtete, nach US-Medienberichten war aber auch der Pr\u00e4sidentschaftskandidat\u00a0Donald Trump\u00a0darunter. Der Mann sei am 12. Juli in New York festgenommen worden, einen Tag bevor ein Attent\u00e4ter bei einer Kundgebung in\u00a0Pennsylvania\u00a0auf Trump geschossen habe, hie\u00df es am Dienstag in den Unterlagen eines Bundesgerichts in Brooklyn. Nach Angaben der Beh\u00f6rden gebe es aber keine Hinweise darauf, dass der festgenommene Mann etwas mit den Sch\u00fcssen in Pennsylvania zu tun hatte.<\/p>\n<p>Nach seiner Ankunft in den USA im April\u00a0habe der Pakistaner\u00a0Kontakt zu einer Person aufgenommen, von der er glaubte, sie k\u00f6nne ihm helfen. Stattdessen informierte diese Person die Strafverfolgungsbeh\u00f6rden und wurde zu einem Informanten.<\/p>\n<p>Der Mann besuchte den Informanten in New York und erkl\u00e4rte ihm seinen Plan. Dieser sah demnach vor, gezielt Personen zu t\u00f6ten, die &#8220;Pakistan&#8221; und der &#8220;muslimischen Welt&#8221; schadeten. Den US-Medien\u00a0zufolge bot er der Person\u00a05.000 Dollar als Anzahlung\u00a0f\u00fcr ein m\u00f6gliches Honorar von 100.000 US-Dollar. Zudem habe er behauptet, h\u00f6here Stellen h\u00e4tten ihm die Erlaubnis erteilt, den Attentatsplan zu &#8220;vollenden&#8221;.<\/p>\n<p>Aus den Medienberichten geht nicht hervor, mit wem der Pakistaner zusammengearbeitet hat.\u00a0In den Gespr\u00e4chen mit dem Informanten habe der Angeklagte zudem nicht gesagt, wen er t\u00f6ten wolle, sondern nur, dass er hoffe, die T\u00f6tungen Ende August oder Anfang September ausf\u00fchren zu k\u00f6nnen. Nach Angaben eines hochrangigen Bundesbeamten der Strafverfolgungsbeh\u00f6rden geh\u00f6rten zu seinen Zielpersonen sowohl aktuelle\u00a0als auch ehemalige US-Beamte.<\/p>\n<p><strong>Mehr zum Thema<\/strong> &#8211; <a rel=\"nofollow noopener\" target=\"_blank\" href=\"https:\/\/freedert.online\/international\/212633-bericht-iran-soll-auch-anschlag\/\">Bericht: Iran soll Anschlag auf Trump geplant haben<\/a><\/p>\n<div class=\"EmbedBlock-root EmbedBlock-externalVideo EmbedBlock-odysee\">\n<div class=\"VkEmbed\"><iframe class=\"lazyload\" data-src=\"https:\/\/odysee.com\/%24\/embed\/%40RTDE%3Ae%2F-Ich-hasse-es%2C-mich-f%C3%BCr-Biden-einzusetzen--%E2%80%93-Trump-%C3%BCber-Gr%C3%BCnde-f%C3%BCr-sein-Ausscheiden%3A9\" frameborder=\"0\" width=\"853\" height=\"480\" allowfullscreen><\/iframe><\/div>\n<\/div>\n<\/div>\n<p><script async src=\"https:\/\/platform.twitter.com\/widgets.js\" charset=\"utf-8\"><\/script><br \/>\n<br \/><br \/>\n<br \/><a href=\"https:\/\/de.rt.com\/international\/214820-fbi-nimmt-pakistaner-wegen-mordplaenen\/\">Source link <\/a><\/p>\n","protected":false},"excerpt":{"rendered":"<p>Ein pakistanischer Mann, dem Verbindungen zum Iran nachgesagt werden, wurde wegen eines Komplotts zur Durchf\u00fchrung politischer Attentate auf amerikanischem Boden angeklagt. Das US-Justizministerium und das\u00a0FBI\u00a0haben am Dienstag die Festnahme eines 46-j\u00e4hrigen Mannes aus\u00a0Pakistan\u00a0mit angeblichen Verbindungen nach\u00a0Iran\u00a0bekannt gegeben. Er habe versucht, einen &#8220;Auftragskiller&#8221; anzuheuern, um Politiker in den\u00a0USA\u00a0zu ermorden. Nach Angaben der Beh\u00f6rden soll der Mann [&hellip;]<\/p>\n","protected":false},"author":3,"featured_media":66257,"comment_status":"open","ping_status":"open","sticky":false,"template":"","format":"standard","meta":{"_yoast_indexnow_last_ping":["1723026340"],"wp_automatic_camp":["217"],"7cafa0695d9c976e27c0af185528004c":["FBI nimmt Pakistaner wegen &quot;Mordplan&quot; gegen Donald Trump fest"],"original_link":["https:\/\/de.rt.com\/international\/214820-fbi-nimmt-pakistaner-wegen-mordplaenen\/"],"_thumbnail_id":["66257"],"_wptgpro_p2tg_sent2tg":["a:1:{i:23737;s:19:\"2024-08-07 12:26:55\";}"],"jnews_social_counter_last_update":["1777229886"]},"categories":[19,23],"tags":[3129,5103,19054,278,5233,53556,57313,1639,145],"yoast_head":"<!-- This site is optimized with the Yoast SEO Premium plugin v22.7 (Yoast SEO v22.7) - https:\/\/yoast.com\/wordpress\/plugins\/seo\/ -->\n<title>FBI nimmt Pakistaner wegen &quot;Mordplan&quot; gegen Donald Trump fest - just-now.NEWS Deutschland<\/title>\n<meta name=\"robots\" content=\"index, follow, max-snippet:-1, max-image-preview:large, max-video-preview:-1\" \/>\n<link rel=\"canonical\" href=\"https:\/\/now-news.de\/de\/deutschland\/fbi-nimmt-pakistaner-wegen-mordplan-gegen-donald-trump-fest\/\" \/>\n<meta property=\"og:locale\" content=\"de_DE\" \/>\n<meta property=\"og:type\" content=\"article\" \/>\n<meta property=\"og:title\" content=\"FBI nimmt Pakistaner wegen &quot;Mordplan&quot; gegen Donald Trump fest\" \/>\n<meta property=\"og:description\" content=\"Ein pakistanischer Mann, dem Verbindungen zum Iran nachgesagt werden, wurde wegen eines Komplotts zur Durchf\u00fchrung politischer Attentate auf amerikanischem Boden angeklagt. Das US-Justizministerium und das\u00a0FBI\u00a0haben am Dienstag die Festnahme eines 46-j\u00e4hrigen Mannes aus\u00a0Pakistan\u00a0mit angeblichen Verbindungen nach\u00a0Iran\u00a0bekannt gegeben. Er habe versucht, einen &#8220;Auftragskiller&#8221; anzuheuern, um Politiker in den\u00a0USA\u00a0zu ermorden. Nach Angaben der Beh\u00f6rden soll der Mann [&hellip;]\" \/>\n<meta property=\"og:url\" content=\"https:\/\/now-news.de\/de\/deutschland\/fbi-nimmt-pakistaner-wegen-mordplan-gegen-donald-trump-fest\/\" \/>\n<meta property=\"og:site_name\" content=\"just-now.NEWS Deutschland\" \/>\n<meta property=\"article:publisher\" content=\"https:\/\/www.facebook.com\/wirmachenauf\" \/>\n<meta property=\"article:published_time\" content=\"2024-08-07T10:13:26+00:00\" \/>\n<meta property=\"og:image\" content=\"https:\/\/now-news.de\/de\/wp-content\/uploads\/sites\/3\/2024\/08\/66b3330048fbef468a3cdac5.jpg\" \/>\n<meta name=\"author\" content=\"rtnews\" \/>\n<meta name=\"twitter:card\" content=\"summary_large_image\" \/>\n<meta name=\"twitter:creator\" content=\"@WirMachenAuf_de\" \/>\n<meta name=\"twitter:site\" content=\"@WirMachenAuf_de\" \/>\n<meta name=\"twitter:label1\" content=\"Verfasst von\" \/>\n\t<meta name=\"twitter:data1\" content=\"rtnews\" \/>\n\t<meta name=\"twitter:label2\" content=\"Gesch\u00e4tzte Lesezeit\" \/>\n\t<meta name=\"twitter:data2\" content=\"2\u00a0Minuten\" \/>\n<script type=\"application\/ld+json\" class=\"yoast-schema-graph\">{\"@context\":\"https:\/\/schema.org\",\"@graph\":[{\"@type\":\"Article\",\"@id\":\"https:\/\/now-news.de\/de\/deutschland\/fbi-nimmt-pakistaner-wegen-mordplan-gegen-donald-trump-fest\/#article\",\"isPartOf\":{\"@id\":\"https:\/\/now-news.de\/de\/deutschland\/fbi-nimmt-pakistaner-wegen-mordplan-gegen-donald-trump-fest\/\"},\"author\":{\"name\":\"rtnews\",\"@id\":\"https:\/\/now-news.de\/de\/#\/schema\/person\/fb534a4e865501d8b3285208df34a9b5\"},\"headline\":\"FBI nimmt Pakistaner wegen &quot;Mordplan&quot; gegen Donald Trump fest\",\"datePublished\":\"2024-08-07T10:13:26+00:00\",\"dateModified\":\"2024-08-07T10:13:26+00:00\",\"mainEntityOfPage\":{\"@id\":\"https:\/\/now-news.de\/de\/deutschland\/fbi-nimmt-pakistaner-wegen-mordplan-gegen-donald-trump-fest\/\"},\"wordCount\":414,\"commentCount\":0,\"publisher\":{\"@id\":\"https:\/\/now-news.de\/de\/#organization\"},\"image\":{\"@id\":\"https:\/\/now-news.de\/de\/deutschland\/fbi-nimmt-pakistaner-wegen-mordplan-gegen-donald-trump-fest\/#primaryimage\"},\"thumbnailUrl\":\"https:\/\/now-news.de\/de\/wp-content\/uploads\/sites\/3\/2024\/08\/FBI-nimmt-Pakistaner-wegen-quotMordplanquot-gegen-Donald-Trump-fest.jpg\",\"keywords\":[\"Donald\",\"fbi\",\"fest\",\"gegen\",\"nimmt\",\"Pakistaner\",\"quotMordplanquot\",\"trump\",\"wegen\"],\"articleSection\":[\"Deutschland\",\"Russland\"],\"inLanguage\":\"de\",\"potentialAction\":[{\"@type\":\"CommentAction\",\"name\":\"Comment\",\"target\":[\"https:\/\/now-news.de\/de\/deutschland\/fbi-nimmt-pakistaner-wegen-mordplan-gegen-donald-trump-fest\/#respond\"]}]},{\"@type\":\"WebPage\",\"@id\":\"https:\/\/now-news.de\/de\/deutschland\/fbi-nimmt-pakistaner-wegen-mordplan-gegen-donald-trump-fest\/\",\"url\":\"https:\/\/now-news.de\/de\/deutschland\/fbi-nimmt-pakistaner-wegen-mordplan-gegen-donald-trump-fest\/\",\"name\":\"FBI nimmt Pakistaner wegen &quot;Mordplan&quot; gegen Donald Trump fest - just-now.NEWS Deutschland\",\"isPartOf\":{\"@id\":\"https:\/\/now-news.de\/de\/#website\"},\"primaryImageOfPage\":{\"@id\":\"https:\/\/now-news.de\/de\/deutschland\/fbi-nimmt-pakistaner-wegen-mordplan-gegen-donald-trump-fest\/#primaryimage\"},\"image\":{\"@id\":\"https:\/\/now-news.de\/de\/deutschland\/fbi-nimmt-pakistaner-wegen-mordplan-gegen-donald-trump-fest\/#primaryimage\"},\"thumbnailUrl\":\"https:\/\/now-news.de\/de\/wp-content\/uploads\/sites\/3\/2024\/08\/FBI-nimmt-Pakistaner-wegen-quotMordplanquot-gegen-Donald-Trump-fest.jpg\",\"datePublished\":\"2024-08-07T10:13:26+00:00\",\"dateModified\":\"2024-08-07T10:13:26+00:00\",\"breadcrumb\":{\"@id\":\"https:\/\/now-news.de\/de\/deutschland\/fbi-nimmt-pakistaner-wegen-mordplan-gegen-donald-trump-fest\/#breadcrumb\"},\"inLanguage\":\"de\",\"potentialAction\":[{\"@type\":\"ReadAction\",\"target\":[\"https:\/\/now-news.de\/de\/deutschland\/fbi-nimmt-pakistaner-wegen-mordplan-gegen-donald-trump-fest\/\"]}]},{\"@type\":\"ImageObject\",\"inLanguage\":\"de\",\"@id\":\"https:\/\/now-news.de\/de\/deutschland\/fbi-nimmt-pakistaner-wegen-mordplan-gegen-donald-trump-fest\/#primaryimage\",\"url\":\"https:\/\/now-news.de\/de\/wp-content\/uploads\/sites\/3\/2024\/08\/FBI-nimmt-Pakistaner-wegen-quotMordplanquot-gegen-Donald-Trump-fest.jpg\",\"contentUrl\":\"https:\/\/now-news.de\/de\/wp-content\/uploads\/sites\/3\/2024\/08\/FBI-nimmt-Pakistaner-wegen-quotMordplanquot-gegen-Donald-Trump-fest.jpg\",\"width\":460,\"height\":259,\"caption\":\"FBI nimmt Pakistaner wegen &quot;Mordplan&quot; gegen Donald Trump fest\"},{\"@type\":\"BreadcrumbList\",\"@id\":\"https:\/\/now-news.de\/de\/deutschland\/fbi-nimmt-pakistaner-wegen-mordplan-gegen-donald-trump-fest\/#breadcrumb\",\"itemListElement\":[{\"@type\":\"ListItem\",\"position\":1,\"name\":\"Home\",\"item\":\"https:\/\/now-news.de\/de\/\"},{\"@type\":\"ListItem\",\"position\":2,\"name\":\"FBI nimmt Pakistaner wegen &quot;Mordplan&quot; gegen Donald Trump fest\"}]},{\"@type\":\"WebSite\",\"@id\":\"https:\/\/now-news.de\/de\/#website\",\"url\":\"https:\/\/now-news.de\/de\/\",\"name\":\"just-now.NEWS Deutschland\",\"description\":\"Das Portal f\u00fcr unzensierte Nachrichten aus der Welt\",\"publisher\":{\"@id\":\"https:\/\/now-news.de\/de\/#organization\"},\"potentialAction\":[{\"@type\":\"SearchAction\",\"target\":{\"@type\":\"EntryPoint\",\"urlTemplate\":\"https:\/\/now-news.de\/de\/?s={search_term_string}\"},\"query-input\":\"required name=search_term_string\"}],\"inLanguage\":\"de\"},{\"@type\":\"Organization\",\"@id\":\"https:\/\/now-news.de\/de\/#organization\",\"name\":\"Just Now News\",\"url\":\"https:\/\/now-news.de\/de\/\",\"logo\":{\"@type\":\"ImageObject\",\"inLanguage\":\"de\",\"@id\":\"https:\/\/now-news.de\/de\/#\/schema\/logo\/image\/\",\"url\":\"http:\/\/just-now.news\/de\/wp-content\/uploads\/sites\/3\/2022\/04\/logo500x500.jpg\",\"contentUrl\":\"http:\/\/just-now.news\/de\/wp-content\/uploads\/sites\/3\/2022\/04\/logo500x500.jpg\",\"width\":500,\"height\":500,\"caption\":\"Just Now News\"},\"image\":{\"@id\":\"https:\/\/now-news.de\/de\/#\/schema\/logo\/image\/\"},\"sameAs\":[\"https:\/\/www.facebook.com\/wirmachenauf\",\"https:\/\/x.com\/WirMachenAuf_de\"]},{\"@type\":\"Person\",\"@id\":\"https:\/\/now-news.de\/de\/#\/schema\/person\/fb534a4e865501d8b3285208df34a9b5\",\"name\":\"rtnews\",\"image\":{\"@type\":\"ImageObject\",\"inLanguage\":\"de\",\"@id\":\"https:\/\/now-news.de\/de\/#\/schema\/person\/image\/\",\"url\":\"https:\/\/secure.gravatar.com\/avatar\/82aafea7d8127119dd649515f56e2117?s=96&d=mm&r=g\",\"contentUrl\":\"https:\/\/secure.gravatar.com\/avatar\/82aafea7d8127119dd649515f56e2117?s=96&d=mm&r=g\",\"caption\":\"rtnews\"},\"url\":\"https:\/\/now-news.de\/de\/author\/rnews\/\"}]}<\/script>\n<!-- \/ Yoast SEO Premium plugin. -->","yoast_head_json":{"title":"FBI nimmt Pakistaner wegen &quot;Mordplan&quot; gegen Donald Trump fest - just-now.NEWS Deutschland","robots":{"index":"index","follow":"follow","max-snippet":"max-snippet:-1","max-image-preview":"max-image-preview:large","max-video-preview":"max-video-preview:-1"},"canonical":"https:\/\/now-news.de\/de\/deutschland\/fbi-nimmt-pakistaner-wegen-mordplan-gegen-donald-trump-fest\/","og_locale":"de_DE","og_type":"article","og_title":"FBI nimmt Pakistaner wegen &quot;Mordplan&quot; gegen Donald Trump fest","og_description":"Ein pakistanischer Mann, dem Verbindungen zum Iran nachgesagt werden, wurde wegen eines Komplotts zur Durchf\u00fchrung politischer Attentate auf amerikanischem Boden angeklagt. Das US-Justizministerium und das\u00a0FBI\u00a0haben am Dienstag die Festnahme eines 46-j\u00e4hrigen Mannes aus\u00a0Pakistan\u00a0mit angeblichen Verbindungen nach\u00a0Iran\u00a0bekannt gegeben. Er habe versucht, einen &#8220;Auftragskiller&#8221; anzuheuern, um Politiker in den\u00a0USA\u00a0zu ermorden. Nach Angaben der Beh\u00f6rden soll der Mann [&hellip;]","og_url":"https:\/\/now-news.de\/de\/deutschland\/fbi-nimmt-pakistaner-wegen-mordplan-gegen-donald-trump-fest\/","og_site_name":"just-now.NEWS Deutschland","article_publisher":"https:\/\/www.facebook.com\/wirmachenauf","article_published_time":"2024-08-07T10:13:26+00:00","og_image":[{"url":"https:\/\/now-news.de\/de\/wp-content\/uploads\/sites\/3\/2024\/08\/66b3330048fbef468a3cdac5.jpg"}],"author":"rtnews","twitter_card":"summary_large_image","twitter_creator":"@WirMachenAuf_de","twitter_site":"@WirMachenAuf_de","twitter_misc":{"Verfasst von":"rtnews","Gesch\u00e4tzte Lesezeit":"2\u00a0Minuten"},"schema":{"@context":"https:\/\/schema.org","@graph":[{"@type":"Article","@id":"https:\/\/now-news.de\/de\/deutschland\/fbi-nimmt-pakistaner-wegen-mordplan-gegen-donald-trump-fest\/#article","isPartOf":{"@id":"https:\/\/now-news.de\/de\/deutschland\/fbi-nimmt-pakistaner-wegen-mordplan-gegen-donald-trump-fest\/"},"author":{"name":"rtnews","@id":"https:\/\/now-news.de\/de\/#\/schema\/person\/fb534a4e865501d8b3285208df34a9b5"},"headline":"FBI nimmt Pakistaner wegen &quot;Mordplan&quot; gegen Donald Trump fest","datePublished":"2024-08-07T10:13:26+00:00","dateModified":"2024-08-07T10:13:26+00:00","mainEntityOfPage":{"@id":"https:\/\/now-news.de\/de\/deutschland\/fbi-nimmt-pakistaner-wegen-mordplan-gegen-donald-trump-fest\/"},"wordCount":414,"commentCount":0,"publisher":{"@id":"https:\/\/now-news.de\/de\/#organization"},"image":{"@id":"https:\/\/now-news.de\/de\/deutschland\/fbi-nimmt-pakistaner-wegen-mordplan-gegen-donald-trump-fest\/#primaryimage"},"thumbnailUrl":"https:\/\/now-news.de\/de\/wp-content\/uploads\/sites\/3\/2024\/08\/FBI-nimmt-Pakistaner-wegen-quotMordplanquot-gegen-Donald-Trump-fest.jpg","keywords":["Donald","fbi","fest","gegen","nimmt","Pakistaner","quotMordplanquot","trump","wegen"],"articleSection":["Deutschland","Russland"],"inLanguage":"de","potentialAction":[{"@type":"CommentAction","name":"Comment","target":["https:\/\/now-news.de\/de\/deutschland\/fbi-nimmt-pakistaner-wegen-mordplan-gegen-donald-trump-fest\/#respond"]}]},{"@type":"WebPage","@id":"https:\/\/now-news.de\/de\/deutschland\/fbi-nimmt-pakistaner-wegen-mordplan-gegen-donald-trump-fest\/","url":"https:\/\/now-news.de\/de\/deutschland\/fbi-nimmt-pakistaner-wegen-mordplan-gegen-donald-trump-fest\/","name":"FBI nimmt Pakistaner wegen &quot;Mordplan&quot; gegen Donald Trump fest - just-now.NEWS Deutschland","isPartOf":{"@id":"https:\/\/now-news.de\/de\/#website"},"primaryImageOfPage":{"@id":"https:\/\/now-news.de\/de\/deutschland\/fbi-nimmt-pakistaner-wegen-mordplan-gegen-donald-trump-fest\/#primaryimage"},"image":{"@id":"https:\/\/now-news.de\/de\/deutschland\/fbi-nimmt-pakistaner-wegen-mordplan-gegen-donald-trump-fest\/#primaryimage"},"thumbnailUrl":"https:\/\/now-news.de\/de\/wp-content\/uploads\/sites\/3\/2024\/08\/FBI-nimmt-Pakistaner-wegen-quotMordplanquot-gegen-Donald-Trump-fest.jpg","datePublished":"2024-08-07T10:13:26+00:00","dateModified":"2024-08-07T10:13:26+00:00","breadcrumb":{"@id":"https:\/\/now-news.de\/de\/deutschland\/fbi-nimmt-pakistaner-wegen-mordplan-gegen-donald-trump-fest\/#breadcrumb"},"inLanguage":"de","potentialAction":[{"@type":"ReadAction","target":["https:\/\/now-news.de\/de\/deutschland\/fbi-nimmt-pakistaner-wegen-mordplan-gegen-donald-trump-fest\/"]}]},{"@type":"ImageObject","inLanguage":"de","@id":"https:\/\/now-news.de\/de\/deutschland\/fbi-nimmt-pakistaner-wegen-mordplan-gegen-donald-trump-fest\/#primaryimage","url":"https:\/\/now-news.de\/de\/wp-content\/uploads\/sites\/3\/2024\/08\/FBI-nimmt-Pakistaner-wegen-quotMordplanquot-gegen-Donald-Trump-fest.jpg","contentUrl":"https:\/\/now-news.de\/de\/wp-content\/uploads\/sites\/3\/2024\/08\/FBI-nimmt-Pakistaner-wegen-quotMordplanquot-gegen-Donald-Trump-fest.jpg","width":460,"height":259,"caption":"FBI nimmt Pakistaner wegen &quot;Mordplan&quot; gegen Donald Trump fest"},{"@type":"BreadcrumbList","@id":"https:\/\/now-news.de\/de\/deutschland\/fbi-nimmt-pakistaner-wegen-mordplan-gegen-donald-trump-fest\/#breadcrumb","itemListElement":[{"@type":"ListItem","position":1,"name":"Home","item":"https:\/\/now-news.de\/de\/"},{"@type":"ListItem","position":2,"name":"FBI nimmt Pakistaner wegen &quot;Mordplan&quot; gegen Donald Trump fest"}]},{"@type":"WebSite","@id":"https:\/\/now-news.de\/de\/#website","url":"https:\/\/now-news.de\/de\/","name":"just-now.NEWS Deutschland","description":"Das Portal f\u00fcr unzensierte Nachrichten aus der Welt","publisher":{"@id":"https:\/\/now-news.de\/de\/#organization"},"potentialAction":[{"@type":"SearchAction","target":{"@type":"EntryPoint","urlTemplate":"https:\/\/now-news.de\/de\/?s={search_term_string}"},"query-input":"required name=search_term_string"}],"inLanguage":"de"},{"@type":"Organization","@id":"https:\/\/now-news.de\/de\/#organization","name":"Just Now News","url":"https:\/\/now-news.de\/de\/","logo":{"@type":"ImageObject","inLanguage":"de","@id":"https:\/\/now-news.de\/de\/#\/schema\/logo\/image\/","url":"http:\/\/just-now.news\/de\/wp-content\/uploads\/sites\/3\/2022\/04\/logo500x500.jpg","contentUrl":"http:\/\/just-now.news\/de\/wp-content\/uploads\/sites\/3\/2022\/04\/logo500x500.jpg","width":500,"height":500,"caption":"Just Now News"},"image":{"@id":"https:\/\/now-news.de\/de\/#\/schema\/logo\/image\/"},"sameAs":["https:\/\/www.facebook.com\/wirmachenauf","https:\/\/x.com\/WirMachenAuf_de"]},{"@type":"Person","@id":"https:\/\/now-news.de\/de\/#\/schema\/person\/fb534a4e865501d8b3285208df34a9b5","name":"rtnews","image":{"@type":"ImageObject","inLanguage":"de","@id":"https:\/\/now-news.de\/de\/#\/schema\/person\/image\/","url":"https:\/\/secure.gravatar.com\/avatar\/82aafea7d8127119dd649515f56e2117?s=96&d=mm&r=g","contentUrl":"https:\/\/secure.gravatar.com\/avatar\/82aafea7d8127119dd649515f56e2117?s=96&d=mm&r=g","caption":"rtnews"},"url":"https:\/\/now-news.de\/de\/author\/rnews\/"}]}},"_links":{"self":[{"href":"https:\/\/now-news.de\/de\/wp-json\/wp\/v2\/posts\/66256"}],"collection":[{"href":"https:\/\/now-news.de\/de\/wp-json\/wp\/v2\/posts"}],"about":[{"href":"https:\/\/now-news.de\/de\/wp-json\/wp\/v2\/types\/post"}],"author":[{"embeddable":true,"href":"https:\/\/now-news.de\/de\/wp-json\/wp\/v2\/users\/3"}],"replies":[{"embeddable":true,"href":"https:\/\/now-news.de\/de\/wp-json\/wp\/v2\/comments?post=66256"}],"version-history":[{"count":0,"href":"https:\/\/now-news.de\/de\/wp-json\/wp\/v2\/posts\/66256\/revisions"}],"wp:featuredmedia":[{"embeddable":true,"href":"https:\/\/now-news.de\/de\/wp-json\/wp\/v2\/media\/66257"}],"wp:attachment":[{"href":"https:\/\/now-news.de\/de\/wp-json\/wp\/v2\/media?parent=66256"}],"wp:term":[{"taxonomy":"category","embeddable":true,"href":"https:\/\/now-news.de\/de\/wp-json\/wp\/v2\/categories?post=66256"},{"taxonomy":"post_tag","embeddable":true,"href":"https:\/\/now-news.de\/de\/wp-json\/wp\/v2\/tags?post=66256"}],"curies":[{"name":"wp","href":"https:\/\/api.w.org\/{rel}","templated":true}]}}