{"id":66185,"date":"2024-08-06T10:28:27","date_gmt":"2024-08-06T08:28:27","guid":{"rendered":"https:\/\/now-news.de\/de\/deutschland\/us-luftwaffenstuetzpunkt-im-irak-angegriffen-us-soldaten-verletzt\/"},"modified":"2024-08-06T10:28:27","modified_gmt":"2024-08-06T08:28:27","slug":"us-luftwaffenstuetzpunkt-im-irak-angegriffen-us-soldaten-verletzt","status":"publish","type":"post","link":"https:\/\/now-news.de\/de\/deutschland\/us-luftwaffenstuetzpunkt-im-irak-angegriffen-us-soldaten-verletzt\/","title":{"rendered":"US-Luftwaffenst\u00fctzpunkt im Irak angegriffen \u2013 US-Soldaten verletzt"},"content":{"rendered":"<p><img decoding=\"async\" src=\"https:\/\/now-news.de\/de\/wp-content\/uploads\/sites\/3\/2024\/08\/66b1d88d48fbef1f621a17e2.jpg\" \/><\/p>\n<div class=\"Text-root Text-type_1 \">\n                Erneut wurde ein US-St\u00fctzpunkt im Irak angegriffen. Dabei wurden bis zu sieben Personen verletzt. Die Angriffe auf US-St\u00fctzpunkte in Syrien und Irak haben sich erneut intensiviert. Der Irak und Syrien fordern seit geraumer Zeit den Abzug der US-Besatzer.\n            <\/div>\n<p><\/p>\n<div class=\"Text-root Text-type_5 ArticleView-text ViewText-root \">\n<p>Bei einem Angriff auf eine US-Milit\u00e4rbasis im Irak wurden mehrere US-Soldaten verletzt. Das geht aus einer offiziellen Stellungnahme der US-Streitkr\u00e4fte hervor. Bis zu sieben Milit\u00e4rangeh\u00f6rige und Zivilisten seien bei dem Angriff auf den Luftwaffenst\u00fctzpunkt Al-Asad verletzt worden, hie\u00df es. Genauere Angaben zu weiteren Sch\u00e4den wurden nicht gemacht.\u00a0<\/p>\n<p>Irakische Sicherheitskr\u00e4fte best\u00e4tigten den Angriff. Bisher bekannte sich niemand zu der Attacke, dennoch deuten die US-Beh\u00f6rden in Richtung Iran und vom Iran unterst\u00fctzte Kr\u00e4fte im Irak.\u00a0<\/p>\n<p>Mit der Zunahme der Spannungen in Nahost nahmen auch die Angriffe auf US-Milit\u00e4rbasen wieder zu. Nach einer mehrmonatigen Pause kam es in den vergangenen Wochen vermehrt zu Angriffen auf US-Einrichtungen im Irak und in Syrien. Sowohl Syrien als auch der Irak sehen in der Anwesenheit von US-Truppen eine Verletzung ihrer Souver\u00e4nit\u00e4t.<\/p>\n<p>Der Irak forderte erst Anfang des Jahres erneut den Abzug der US-Truppen, die nach dem Angriffskrieg 2003 durch eine &#8220;Koalition der Willigen&#8221; unter F\u00fchrung der USA im Land verblieben\u00a0sind. Die Anwesenheit\u00a0der US-Truppen\u00a0destabilisiere die Region, begr\u00fcndete Premierminister Mohammed Shia al-Sudani die Forderung.<\/p>\n<p>Hintergrund ist die Eskalation des Gaza-Konflikts. Israel werden massive Kriegsverbrechen und Genozid vorgeworfen. Die USA positionieren sich regelm\u00e4\u00dfig an der Seite Israels. Die israelische Regierung sieht sich dadurch ermutigt, den eingeschlagenen Kurs beizubehalten und den Konflikt auszuweiten.\u00a0<\/p>\n<p>Im Zusammenhang mit der Forderung nach Abzug der US-Truppen wurde auch ein Abzug anderer ausl\u00e4ndischer Truppen und damit auch der Bundeswehr gefordert. Die Bundeswehr ist mit 500 Soldaten im Irak pr\u00e4sent, die wie die US-Truppen als Besatzer wahrgenommen werden. Der Bundestag hatte den Irak-Einsatz im vergangenen Jahr bis zum Oktober 2024 verl\u00e4ngert.<\/p>\n<p>Auch Syrien sieht in den US-Truppen auf syrischem Gebiet eine v\u00f6lkerrechtswidrige Besatzung seines Territoriums.<\/p>\n<p>US-Beamte teilten mit, das Wei\u00dfe Haus sei \u00fcber den Angriff informiert worden. \u00dcber milit\u00e4rische Gegenschl\u00e4ge werde beraten, sagte ein Beamter unter Zusicherung von Anonymit\u00e4t.\u00a0<\/p>\n<p><strong>Mehr zum Thema<\/strong>\u00a0\u2013 <a rel=\"nofollow noopener\" target=\"_blank\" href=\"https:\/\/freedert.online\/inland\/214554-cdu-fordert-einsatz-deutschen-militaers-in-nahost\/\">CDU-Kiesewetter fordert Einsatz deutschen Milit\u00e4rs zum Schutz Israels<\/a><\/p>\n<div class=\"EmbedBlock-root EmbedBlock-externalVideo EmbedBlock-rumble\">\n<div class=\"VkEmbed\"><iframe class=\"lazyload\" data-src=\"https:\/\/rumble.com\/embed\/v57gxmx\" frameborder=\"0\" width=\"853\" height=\"480\" allowfullscreen><\/iframe><\/div>\n<\/div>\n<\/div>\n<p><br \/>\n<br \/><a href=\"https:\/\/de.rt.com\/der-nahe-osten\/214690-us-luftwaffenstuetzpunkt-im-irak-angegriffen\/\">Source link <\/a><\/p>\n","protected":false},"excerpt":{"rendered":"<p>Erneut wurde ein US-St\u00fctzpunkt im Irak angegriffen. Dabei wurden bis zu sieben Personen verletzt. Die Angriffe auf US-St\u00fctzpunkte in Syrien und Irak haben sich erneut intensiviert. Der Irak und Syrien fordern seit geraumer Zeit den Abzug der US-Besatzer. Bei einem Angriff auf eine US-Milit\u00e4rbasis im Irak wurden mehrere US-Soldaten verletzt. Das geht aus einer offiziellen [&hellip;]<\/p>\n","protected":false},"author":3,"featured_media":66186,"comment_status":"open","ping_status":"open","sticky":false,"template":"","format":"standard","meta":{"_yoast_indexnow_last_ping":["1722933816"],"wp_automatic_camp":["217"],"f3d77d956de0881f6eb2e6a49e1f6f30":["US-Luftwaffenst\u00fctzpunkt im Irak angegriffen \u2013 US-Soldaten verletzt"],"original_link":["https:\/\/de.rt.com\/der-nahe-osten\/214690-us-luftwaffenstuetzpunkt-im-irak-angegriffen\/"],"_thumbnail_id":["66186"],"_wptgpro_p2tg_sent2tg":["a:1:{i:23737;s:19:\"2024-08-06 10:44:37\";}"],"jnews_social_counter_last_update":["1777188276"]},"categories":[19,23],"tags":[18042,16849,10011,19140,7584],"yoast_head":"<!-- This site is optimized with the Yoast SEO Premium plugin v22.7 (Yoast SEO v22.7) - https:\/\/yoast.com\/wordpress\/plugins\/seo\/ -->\n<title>US-Luftwaffenst\u00fctzpunkt im Irak angegriffen \u2013 US-Soldaten verletzt - just-now.NEWS Deutschland<\/title>\n<meta name=\"robots\" content=\"index, follow, max-snippet:-1, max-image-preview:large, max-video-preview:-1\" \/>\n<link rel=\"canonical\" href=\"https:\/\/now-news.de\/de\/deutschland\/us-luftwaffenstuetzpunkt-im-irak-angegriffen-us-soldaten-verletzt\/\" \/>\n<meta property=\"og:locale\" content=\"de_DE\" \/>\n<meta property=\"og:type\" content=\"article\" \/>\n<meta property=\"og:title\" content=\"US-Luftwaffenst\u00fctzpunkt im Irak angegriffen \u2013 US-Soldaten verletzt\" \/>\n<meta property=\"og:description\" content=\"Erneut wurde ein US-St\u00fctzpunkt im Irak angegriffen. Dabei wurden bis zu sieben Personen verletzt. Die Angriffe auf US-St\u00fctzpunkte in Syrien und Irak haben sich erneut intensiviert. Der Irak und Syrien fordern seit geraumer Zeit den Abzug der US-Besatzer. Bei einem Angriff auf eine US-Milit\u00e4rbasis im Irak wurden mehrere US-Soldaten verletzt. Das geht aus einer offiziellen [&hellip;]\" \/>\n<meta property=\"og:url\" content=\"https:\/\/now-news.de\/de\/deutschland\/us-luftwaffenstuetzpunkt-im-irak-angegriffen-us-soldaten-verletzt\/\" \/>\n<meta property=\"og:site_name\" content=\"just-now.NEWS Deutschland\" \/>\n<meta property=\"article:publisher\" content=\"https:\/\/www.facebook.com\/wirmachenauf\" \/>\n<meta property=\"article:published_time\" content=\"2024-08-06T08:28:27+00:00\" \/>\n<meta property=\"og:image\" content=\"https:\/\/now-news.de\/de\/wp-content\/uploads\/sites\/3\/2024\/08\/66b1d88d48fbef1f621a17e2.jpg\" \/>\n<meta name=\"author\" content=\"rtnews\" \/>\n<meta name=\"twitter:card\" content=\"summary_large_image\" \/>\n<meta name=\"twitter:creator\" content=\"@WirMachenAuf_de\" \/>\n<meta name=\"twitter:site\" content=\"@WirMachenAuf_de\" \/>\n<meta name=\"twitter:label1\" content=\"Verfasst von\" \/>\n\t<meta name=\"twitter:data1\" content=\"rtnews\" \/>\n\t<meta name=\"twitter:label2\" content=\"Gesch\u00e4tzte Lesezeit\" \/>\n\t<meta name=\"twitter:data2\" content=\"2\u00a0Minuten\" \/>\n<script type=\"application\/ld+json\" class=\"yoast-schema-graph\">{\"@context\":\"https:\/\/schema.org\",\"@graph\":[{\"@type\":\"Article\",\"@id\":\"https:\/\/now-news.de\/de\/deutschland\/us-luftwaffenstuetzpunkt-im-irak-angegriffen-us-soldaten-verletzt\/#article\",\"isPartOf\":{\"@id\":\"https:\/\/now-news.de\/de\/deutschland\/us-luftwaffenstuetzpunkt-im-irak-angegriffen-us-soldaten-verletzt\/\"},\"author\":{\"name\":\"rtnews\",\"@id\":\"https:\/\/now-news.de\/de\/#\/schema\/person\/fb534a4e865501d8b3285208df34a9b5\"},\"headline\":\"US-Luftwaffenst\u00fctzpunkt im Irak angegriffen \u2013 US-Soldaten verletzt\",\"datePublished\":\"2024-08-06T08:28:27+00:00\",\"dateModified\":\"2024-08-06T08:28:27+00:00\",\"mainEntityOfPage\":{\"@id\":\"https:\/\/now-news.de\/de\/deutschland\/us-luftwaffenstuetzpunkt-im-irak-angegriffen-us-soldaten-verletzt\/\"},\"wordCount\":379,\"commentCount\":0,\"publisher\":{\"@id\":\"https:\/\/now-news.de\/de\/#organization\"},\"image\":{\"@id\":\"https:\/\/now-news.de\/de\/deutschland\/us-luftwaffenstuetzpunkt-im-irak-angegriffen-us-soldaten-verletzt\/#primaryimage\"},\"thumbnailUrl\":\"https:\/\/now-news.de\/de\/wp-content\/uploads\/sites\/3\/2024\/08\/US-Luftwaffenstuetzpunkt-im-Irak-angegriffen-\u2013-US-Soldaten-verletzt.jpg\",\"keywords\":[\"angegriffen\",\"Irak\",\"USLuftwaffenst\u00fctzpunkt\",\"USSoldaten\",\"verletzt\"],\"articleSection\":[\"Deutschland\",\"Russland\"],\"inLanguage\":\"de\",\"potentialAction\":[{\"@type\":\"CommentAction\",\"name\":\"Comment\",\"target\":[\"https:\/\/now-news.de\/de\/deutschland\/us-luftwaffenstuetzpunkt-im-irak-angegriffen-us-soldaten-verletzt\/#respond\"]}]},{\"@type\":\"WebPage\",\"@id\":\"https:\/\/now-news.de\/de\/deutschland\/us-luftwaffenstuetzpunkt-im-irak-angegriffen-us-soldaten-verletzt\/\",\"url\":\"https:\/\/now-news.de\/de\/deutschland\/us-luftwaffenstuetzpunkt-im-irak-angegriffen-us-soldaten-verletzt\/\",\"name\":\"US-Luftwaffenst\u00fctzpunkt im Irak angegriffen \u2013 US-Soldaten verletzt - just-now.NEWS Deutschland\",\"isPartOf\":{\"@id\":\"https:\/\/now-news.de\/de\/#website\"},\"primaryImageOfPage\":{\"@id\":\"https:\/\/now-news.de\/de\/deutschland\/us-luftwaffenstuetzpunkt-im-irak-angegriffen-us-soldaten-verletzt\/#primaryimage\"},\"image\":{\"@id\":\"https:\/\/now-news.de\/de\/deutschland\/us-luftwaffenstuetzpunkt-im-irak-angegriffen-us-soldaten-verletzt\/#primaryimage\"},\"thumbnailUrl\":\"https:\/\/now-news.de\/de\/wp-content\/uploads\/sites\/3\/2024\/08\/US-Luftwaffenstuetzpunkt-im-Irak-angegriffen-\u2013-US-Soldaten-verletzt.jpg\",\"datePublished\":\"2024-08-06T08:28:27+00:00\",\"dateModified\":\"2024-08-06T08:28:27+00:00\",\"breadcrumb\":{\"@id\":\"https:\/\/now-news.de\/de\/deutschland\/us-luftwaffenstuetzpunkt-im-irak-angegriffen-us-soldaten-verletzt\/#breadcrumb\"},\"inLanguage\":\"de\",\"potentialAction\":[{\"@type\":\"ReadAction\",\"target\":[\"https:\/\/now-news.de\/de\/deutschland\/us-luftwaffenstuetzpunkt-im-irak-angegriffen-us-soldaten-verletzt\/\"]}]},{\"@type\":\"ImageObject\",\"inLanguage\":\"de\",\"@id\":\"https:\/\/now-news.de\/de\/deutschland\/us-luftwaffenstuetzpunkt-im-irak-angegriffen-us-soldaten-verletzt\/#primaryimage\",\"url\":\"https:\/\/now-news.de\/de\/wp-content\/uploads\/sites\/3\/2024\/08\/US-Luftwaffenstuetzpunkt-im-Irak-angegriffen-\u2013-US-Soldaten-verletzt.jpg\",\"contentUrl\":\"https:\/\/now-news.de\/de\/wp-content\/uploads\/sites\/3\/2024\/08\/US-Luftwaffenstuetzpunkt-im-Irak-angegriffen-\u2013-US-Soldaten-verletzt.jpg\",\"width\":460,\"height\":259,\"caption\":\"US-Luftwaffenst\u00fctzpunkt im Irak angegriffen \u2013 US-Soldaten verletzt\"},{\"@type\":\"BreadcrumbList\",\"@id\":\"https:\/\/now-news.de\/de\/deutschland\/us-luftwaffenstuetzpunkt-im-irak-angegriffen-us-soldaten-verletzt\/#breadcrumb\",\"itemListElement\":[{\"@type\":\"ListItem\",\"position\":1,\"name\":\"Home\",\"item\":\"https:\/\/now-news.de\/de\/\"},{\"@type\":\"ListItem\",\"position\":2,\"name\":\"US-Luftwaffenst\u00fctzpunkt im Irak angegriffen \u2013 US-Soldaten verletzt\"}]},{\"@type\":\"WebSite\",\"@id\":\"https:\/\/now-news.de\/de\/#website\",\"url\":\"https:\/\/now-news.de\/de\/\",\"name\":\"just-now.NEWS Deutschland\",\"description\":\"Das Portal f\u00fcr unzensierte Nachrichten aus der Welt\",\"publisher\":{\"@id\":\"https:\/\/now-news.de\/de\/#organization\"},\"potentialAction\":[{\"@type\":\"SearchAction\",\"target\":{\"@type\":\"EntryPoint\",\"urlTemplate\":\"https:\/\/now-news.de\/de\/?s={search_term_string}\"},\"query-input\":\"required name=search_term_string\"}],\"inLanguage\":\"de\"},{\"@type\":\"Organization\",\"@id\":\"https:\/\/now-news.de\/de\/#organization\",\"name\":\"Just Now News\",\"url\":\"https:\/\/now-news.de\/de\/\",\"logo\":{\"@type\":\"ImageObject\",\"inLanguage\":\"de\",\"@id\":\"https:\/\/now-news.de\/de\/#\/schema\/logo\/image\/\",\"url\":\"http:\/\/just-now.news\/de\/wp-content\/uploads\/sites\/3\/2022\/04\/logo500x500.jpg\",\"contentUrl\":\"http:\/\/just-now.news\/de\/wp-content\/uploads\/sites\/3\/2022\/04\/logo500x500.jpg\",\"width\":500,\"height\":500,\"caption\":\"Just Now News\"},\"image\":{\"@id\":\"https:\/\/now-news.de\/de\/#\/schema\/logo\/image\/\"},\"sameAs\":[\"https:\/\/www.facebook.com\/wirmachenauf\",\"https:\/\/x.com\/WirMachenAuf_de\"]},{\"@type\":\"Person\",\"@id\":\"https:\/\/now-news.de\/de\/#\/schema\/person\/fb534a4e865501d8b3285208df34a9b5\",\"name\":\"rtnews\",\"image\":{\"@type\":\"ImageObject\",\"inLanguage\":\"de\",\"@id\":\"https:\/\/now-news.de\/de\/#\/schema\/person\/image\/\",\"url\":\"https:\/\/secure.gravatar.com\/avatar\/82aafea7d8127119dd649515f56e2117?s=96&d=mm&r=g\",\"contentUrl\":\"https:\/\/secure.gravatar.com\/avatar\/82aafea7d8127119dd649515f56e2117?s=96&d=mm&r=g\",\"caption\":\"rtnews\"},\"url\":\"https:\/\/now-news.de\/de\/author\/rnews\/\"}]}<\/script>\n<!-- \/ Yoast SEO Premium plugin. -->","yoast_head_json":{"title":"US-Luftwaffenst\u00fctzpunkt im Irak angegriffen \u2013 US-Soldaten verletzt - just-now.NEWS Deutschland","robots":{"index":"index","follow":"follow","max-snippet":"max-snippet:-1","max-image-preview":"max-image-preview:large","max-video-preview":"max-video-preview:-1"},"canonical":"https:\/\/now-news.de\/de\/deutschland\/us-luftwaffenstuetzpunkt-im-irak-angegriffen-us-soldaten-verletzt\/","og_locale":"de_DE","og_type":"article","og_title":"US-Luftwaffenst\u00fctzpunkt im Irak angegriffen \u2013 US-Soldaten verletzt","og_description":"Erneut wurde ein US-St\u00fctzpunkt im Irak angegriffen. Dabei wurden bis zu sieben Personen verletzt. Die Angriffe auf US-St\u00fctzpunkte in Syrien und Irak haben sich erneut intensiviert. Der Irak und Syrien fordern seit geraumer Zeit den Abzug der US-Besatzer. Bei einem Angriff auf eine US-Milit\u00e4rbasis im Irak wurden mehrere US-Soldaten verletzt. Das geht aus einer offiziellen [&hellip;]","og_url":"https:\/\/now-news.de\/de\/deutschland\/us-luftwaffenstuetzpunkt-im-irak-angegriffen-us-soldaten-verletzt\/","og_site_name":"just-now.NEWS Deutschland","article_publisher":"https:\/\/www.facebook.com\/wirmachenauf","article_published_time":"2024-08-06T08:28:27+00:00","og_image":[{"url":"https:\/\/now-news.de\/de\/wp-content\/uploads\/sites\/3\/2024\/08\/66b1d88d48fbef1f621a17e2.jpg"}],"author":"rtnews","twitter_card":"summary_large_image","twitter_creator":"@WirMachenAuf_de","twitter_site":"@WirMachenAuf_de","twitter_misc":{"Verfasst von":"rtnews","Gesch\u00e4tzte Lesezeit":"2\u00a0Minuten"},"schema":{"@context":"https:\/\/schema.org","@graph":[{"@type":"Article","@id":"https:\/\/now-news.de\/de\/deutschland\/us-luftwaffenstuetzpunkt-im-irak-angegriffen-us-soldaten-verletzt\/#article","isPartOf":{"@id":"https:\/\/now-news.de\/de\/deutschland\/us-luftwaffenstuetzpunkt-im-irak-angegriffen-us-soldaten-verletzt\/"},"author":{"name":"rtnews","@id":"https:\/\/now-news.de\/de\/#\/schema\/person\/fb534a4e865501d8b3285208df34a9b5"},"headline":"US-Luftwaffenst\u00fctzpunkt im Irak angegriffen \u2013 US-Soldaten verletzt","datePublished":"2024-08-06T08:28:27+00:00","dateModified":"2024-08-06T08:28:27+00:00","mainEntityOfPage":{"@id":"https:\/\/now-news.de\/de\/deutschland\/us-luftwaffenstuetzpunkt-im-irak-angegriffen-us-soldaten-verletzt\/"},"wordCount":379,"commentCount":0,"publisher":{"@id":"https:\/\/now-news.de\/de\/#organization"},"image":{"@id":"https:\/\/now-news.de\/de\/deutschland\/us-luftwaffenstuetzpunkt-im-irak-angegriffen-us-soldaten-verletzt\/#primaryimage"},"thumbnailUrl":"https:\/\/now-news.de\/de\/wp-content\/uploads\/sites\/3\/2024\/08\/US-Luftwaffenstuetzpunkt-im-Irak-angegriffen-\u2013-US-Soldaten-verletzt.jpg","keywords":["angegriffen","Irak","USLuftwaffenst\u00fctzpunkt","USSoldaten","verletzt"],"articleSection":["Deutschland","Russland"],"inLanguage":"de","potentialAction":[{"@type":"CommentAction","name":"Comment","target":["https:\/\/now-news.de\/de\/deutschland\/us-luftwaffenstuetzpunkt-im-irak-angegriffen-us-soldaten-verletzt\/#respond"]}]},{"@type":"WebPage","@id":"https:\/\/now-news.de\/de\/deutschland\/us-luftwaffenstuetzpunkt-im-irak-angegriffen-us-soldaten-verletzt\/","url":"https:\/\/now-news.de\/de\/deutschland\/us-luftwaffenstuetzpunkt-im-irak-angegriffen-us-soldaten-verletzt\/","name":"US-Luftwaffenst\u00fctzpunkt im Irak angegriffen \u2013 US-Soldaten verletzt - just-now.NEWS Deutschland","isPartOf":{"@id":"https:\/\/now-news.de\/de\/#website"},"primaryImageOfPage":{"@id":"https:\/\/now-news.de\/de\/deutschland\/us-luftwaffenstuetzpunkt-im-irak-angegriffen-us-soldaten-verletzt\/#primaryimage"},"image":{"@id":"https:\/\/now-news.de\/de\/deutschland\/us-luftwaffenstuetzpunkt-im-irak-angegriffen-us-soldaten-verletzt\/#primaryimage"},"thumbnailUrl":"https:\/\/now-news.de\/de\/wp-content\/uploads\/sites\/3\/2024\/08\/US-Luftwaffenstuetzpunkt-im-Irak-angegriffen-\u2013-US-Soldaten-verletzt.jpg","datePublished":"2024-08-06T08:28:27+00:00","dateModified":"2024-08-06T08:28:27+00:00","breadcrumb":{"@id":"https:\/\/now-news.de\/de\/deutschland\/us-luftwaffenstuetzpunkt-im-irak-angegriffen-us-soldaten-verletzt\/#breadcrumb"},"inLanguage":"de","potentialAction":[{"@type":"ReadAction","target":["https:\/\/now-news.de\/de\/deutschland\/us-luftwaffenstuetzpunkt-im-irak-angegriffen-us-soldaten-verletzt\/"]}]},{"@type":"ImageObject","inLanguage":"de","@id":"https:\/\/now-news.de\/de\/deutschland\/us-luftwaffenstuetzpunkt-im-irak-angegriffen-us-soldaten-verletzt\/#primaryimage","url":"https:\/\/now-news.de\/de\/wp-content\/uploads\/sites\/3\/2024\/08\/US-Luftwaffenstuetzpunkt-im-Irak-angegriffen-\u2013-US-Soldaten-verletzt.jpg","contentUrl":"https:\/\/now-news.de\/de\/wp-content\/uploads\/sites\/3\/2024\/08\/US-Luftwaffenstuetzpunkt-im-Irak-angegriffen-\u2013-US-Soldaten-verletzt.jpg","width":460,"height":259,"caption":"US-Luftwaffenst\u00fctzpunkt im Irak angegriffen \u2013 US-Soldaten verletzt"},{"@type":"BreadcrumbList","@id":"https:\/\/now-news.de\/de\/deutschland\/us-luftwaffenstuetzpunkt-im-irak-angegriffen-us-soldaten-verletzt\/#breadcrumb","itemListElement":[{"@type":"ListItem","position":1,"name":"Home","item":"https:\/\/now-news.de\/de\/"},{"@type":"ListItem","position":2,"name":"US-Luftwaffenst\u00fctzpunkt im Irak angegriffen \u2013 US-Soldaten verletzt"}]},{"@type":"WebSite","@id":"https:\/\/now-news.de\/de\/#website","url":"https:\/\/now-news.de\/de\/","name":"just-now.NEWS Deutschland","description":"Das Portal f\u00fcr unzensierte Nachrichten aus der Welt","publisher":{"@id":"https:\/\/now-news.de\/de\/#organization"},"potentialAction":[{"@type":"SearchAction","target":{"@type":"EntryPoint","urlTemplate":"https:\/\/now-news.de\/de\/?s={search_term_string}"},"query-input":"required name=search_term_string"}],"inLanguage":"de"},{"@type":"Organization","@id":"https:\/\/now-news.de\/de\/#organization","name":"Just Now News","url":"https:\/\/now-news.de\/de\/","logo":{"@type":"ImageObject","inLanguage":"de","@id":"https:\/\/now-news.de\/de\/#\/schema\/logo\/image\/","url":"http:\/\/just-now.news\/de\/wp-content\/uploads\/sites\/3\/2022\/04\/logo500x500.jpg","contentUrl":"http:\/\/just-now.news\/de\/wp-content\/uploads\/sites\/3\/2022\/04\/logo500x500.jpg","width":500,"height":500,"caption":"Just Now News"},"image":{"@id":"https:\/\/now-news.de\/de\/#\/schema\/logo\/image\/"},"sameAs":["https:\/\/www.facebook.com\/wirmachenauf","https:\/\/x.com\/WirMachenAuf_de"]},{"@type":"Person","@id":"https:\/\/now-news.de\/de\/#\/schema\/person\/fb534a4e865501d8b3285208df34a9b5","name":"rtnews","image":{"@type":"ImageObject","inLanguage":"de","@id":"https:\/\/now-news.de\/de\/#\/schema\/person\/image\/","url":"https:\/\/secure.gravatar.com\/avatar\/82aafea7d8127119dd649515f56e2117?s=96&d=mm&r=g","contentUrl":"https:\/\/secure.gravatar.com\/avatar\/82aafea7d8127119dd649515f56e2117?s=96&d=mm&r=g","caption":"rtnews"},"url":"https:\/\/now-news.de\/de\/author\/rnews\/"}]}},"_links":{"self":[{"href":"https:\/\/now-news.de\/de\/wp-json\/wp\/v2\/posts\/66185"}],"collection":[{"href":"https:\/\/now-news.de\/de\/wp-json\/wp\/v2\/posts"}],"about":[{"href":"https:\/\/now-news.de\/de\/wp-json\/wp\/v2\/types\/post"}],"author":[{"embeddable":true,"href":"https:\/\/now-news.de\/de\/wp-json\/wp\/v2\/users\/3"}],"replies":[{"embeddable":true,"href":"https:\/\/now-news.de\/de\/wp-json\/wp\/v2\/comments?post=66185"}],"version-history":[{"count":0,"href":"https:\/\/now-news.de\/de\/wp-json\/wp\/v2\/posts\/66185\/revisions"}],"wp:featuredmedia":[{"embeddable":true,"href":"https:\/\/now-news.de\/de\/wp-json\/wp\/v2\/media\/66186"}],"wp:attachment":[{"href":"https:\/\/now-news.de\/de\/wp-json\/wp\/v2\/media?parent=66185"}],"wp:term":[{"taxonomy":"category","embeddable":true,"href":"https:\/\/now-news.de\/de\/wp-json\/wp\/v2\/categories?post=66185"},{"taxonomy":"post_tag","embeddable":true,"href":"https:\/\/now-news.de\/de\/wp-json\/wp\/v2\/tags?post=66185"}],"curies":[{"name":"wp","href":"https:\/\/api.w.org\/{rel}","templated":true}]}}