{"id":66115,"date":"2024-08-04T21:11:54","date_gmt":"2024-08-04T19:11:54","guid":{"rendered":"https:\/\/now-news.de\/de\/deutschland\/dirk-sattelmaier-das-unrecht-was-vielen-menschen-widerfahren-ist-muss-aufgearbeitet-werden\/"},"modified":"2024-08-04T21:11:54","modified_gmt":"2024-08-04T19:11:54","slug":"dirk-sattelmaier-das-unrecht-was-vielen-menschen-widerfahren-ist-muss-aufgearbeitet-werden","status":"publish","type":"post","link":"https:\/\/now-news.de\/de\/deutschland\/dirk-sattelmaier-das-unrecht-was-vielen-menschen-widerfahren-ist-muss-aufgearbeitet-werden\/","title":{"rendered":"Dirk Sattelmaier: &quot;Das Unrecht, was vielen Menschen widerfahren ist, muss aufgearbeitet werden!&quot;"},"content":{"rendered":"<div class=\"Text-root Text-type_1 \">\n                Auf der Gro\u00dfkundgebung von Querdenken-711 und ihrem Gr\u00fcnder Michael Ballweg ging es den Aktivisten nicht nur um die Corona-Aufarbeitung. Sie protestierten vor allem auch gegen die Kriegspolitik der Bundesregierung. &#8220;Haben wir aus Stalingrad nichts gelernt?&#8221;, appellierte Medizinprofessor S\u00f6nnichsen.\n            <\/div>\n<p><\/p>\n<div class=\"Text-root Text-type_5 ArticleView-text ViewText-root \">\n<p><em>Von Felicitas Rabe<\/em><\/p>\n<p>Am Samstag veranstaltete das Netzwerk Querdenken unter dem Motto &#8220;Frieden, Freiheit, Wahrheit&#8221; eine Gro\u00dfdemonstration mit rund 40.000 Teilnehmern. Neben Aktivisten aus Deutschland kamen auch Teilnehmer aus den Nachbarl\u00e4ndern \u00d6sterreich, Schweiz und Polen. Auf Transparenten bekundeten sie ihren Unmut \u00fcber die Politik der Bundesregierung. Neben der Aufarbeitung der Corona-Pandemie forderten sie unter anderem eine Energiepolitik f\u00fcr die B\u00fcrger und nicht f\u00fcr den Profit von Gro\u00dfkonzernen, wahrheitsgem\u00e4\u00dfe Berichterstattung, Meinungsfreiheit, einen offenen Debattenraum, aber vor allem eine Friedenspolitik mit Russland. Zu den Forderungen geh\u00f6rten Friedensverhandlungen und der Dialog mit Russland, die Beendigung weiterer Waffenlieferungen in die Ukraine und die Verhinderung von neuen US-Raketenstationierungen in Deutschland.<\/p>\n<figure class=\"RTImage-root\">\n<div class=\"RTImage-image RTImage-original\"><picture class=\"Picture-root Picture-original\"><!--[if IE 9]><video style=\"display: none;\"><![endif]--><source media=\"(-webkit-min-device-pixel-ratio: 2) and (min-resolution: 120dpi)\" data-srcset=\" \nhttps:\/\/now-news.de\/de\/wp-content\/uploads\/sites\/3\/2024\/08\/66af7c7448fbef24cd6f4520.jpg 850w,\n                https:\/\/now-news.de\/de\/wp-content\/uploads\/sites\/3\/2024\/08\/66af7c7448fbef24cd6f4520.jpg 1960w,            \" ><source data-srcset=\" \nhttps:\/\/now-news.de\/de\/wp-content\/uploads\/sites\/3\/2024\/08\/66af7c7448fbef24cd6f4520.jpg 460w,\n              https:\/\/now-news.de\/de\/wp-content\/uploads\/sites\/3\/2024\/08\/66af7c7448fbef24cd6f4520.jpg 980w,\n            \" ><!--[if IE 9]><\/video><![endif]--><img decoding=\"async\" data- src=\"data:image\/png;base64,iVBORw0KGgoAAAANSUhEUgAAABAAAAAJCAQAAACRI2S5AAAAEElEQVR42mNkIAAYRxWAAQAG9gAKqv6+AwAAAABJRU5ErkJggg==\" class=\"Picture-root Picture-original lazyload\" data-src=\"https:\/\/now-news.de\/de\/wp-content\/uploads\/sites\/3\/2024\/08\/66af7c7448fbef24cd6f4520.jpg\" alt=\"\"><\/source><\/source><\/picture><!-- noscript pattern --><noscript><img decoding=\"async\" src=\"https:\/\/now-news.de\/de\/wp-content\/uploads\/sites\/3\/2024\/08\/66af7c7448fbef24cd6f4520.jpg\" alt=\"\"><\/noscript><\/div><figcaption class=\"RTImage-footer\"><span class=\"RTImage-caption\"><span class=\"RTImage-captionItem\">Querdenken-Kundgebung in Berlin am 3. August 2024<\/span><\/span><span class=\"RTImage-source\"><span class=\"RTImage-captionItem\">Felicitas Rabe<\/span><\/span><\/figcaption><\/figure>\n<p>Die Stimmung auf der Demonstration war friedlich, kraftvoll und emotional mitrei\u00dfend,\u00a0aber keinesfalls aggressiv. Teilnehmer berichteten immer wieder, wie wichtig ihnen die seit dem Beginn der Corona-Pandemie durchgef\u00fchrten Demonstrationen f\u00fcr Frieden und Freiheit waren und sind. Beim gemeinsamen Protestieren gegen die Politik der Bundesregierung und f\u00fcr die eigene Meinung erlebe man Solidarit\u00e4t und Verbundenheit. Dabei tanke man Energie und Kraft, um in der gespaltenen Gesellschaft f\u00fcr die eigene Haltung einzustehen und auch schwierige Momente im eigenen Umfeld gut zu bew\u00e4ltigen.<\/p>\n<p>Noch w\u00e4hrend die Friedens- und Freiheitsaktivisten ihre Anliegen in Berlin durch die Stra\u00dfen trugen, fand auf der Hofj\u00e4gerallee eine Pressekonferenz mit Michael Ballweg und Ralf Ludwig statt, die sie dort kurz vor Beginn der Gro\u00dfkundgebung durchf\u00fchrten. Dabei erkl\u00e4rte der Versammlungsleiter Ballweg den Pressevertretern, was ihn zur Versammlung der bundesweiten Protestbewegung motiviert hat. Bewusst habe er keine bestimmten Themen gesetzt. In einem offenen Debattenraum sollten die Aktivisten selbstverantwortlich die politischen und gesellschaftlichen Fragen einbringen, bei denen sie mit den &#8220;L\u00f6sungen&#8221; seitens der Politik nicht einverstanden seien.<\/p>\n<figure class=\"RTImage-root\">\n<div class=\"RTImage-image RTImage-original\"><picture class=\"Picture-root Picture-original\"><!--[if IE 9]><video style=\"display: none;\"><![endif]--><source media=\"(-webkit-min-device-pixel-ratio: 2) and (min-resolution: 120dpi)\" data-srcset=\" \nhttps:\/\/now-news.de\/de\/wp-content\/uploads\/sites\/3\/2024\/08\/66af7c2db480cc0c234e343b.jpg 850w,\n                https:\/\/now-news.de\/de\/wp-content\/uploads\/sites\/3\/2024\/08\/66af7c2db480cc0c234e343b.jpg 1960w,            \" ><source data-srcset=\" \nhttps:\/\/now-news.de\/de\/wp-content\/uploads\/sites\/3\/2024\/08\/66af7c2db480cc0c234e343b.jpg 460w,\n              https:\/\/now-news.de\/de\/wp-content\/uploads\/sites\/3\/2024\/08\/66af7c2db480cc0c234e343b.jpg 980w,\n            \" ><!--[if IE 9]><\/video><![endif]--><img decoding=\"async\" data- src=\"data:image\/png;base64,iVBORw0KGgoAAAANSUhEUgAAABAAAAAJCAQAAACRI2S5AAAAEElEQVR42mNkIAAYRxWAAQAG9gAKqv6+AwAAAABJRU5ErkJggg==\" class=\"Picture-root Picture-original lazyload\" data-src=\"https:\/\/now-news.de\/de\/wp-content\/uploads\/sites\/3\/2024\/08\/66af7c2db480cc0c234e343b.jpg\" alt=\"\"><\/source><\/source><\/picture><!-- noscript pattern --><noscript><img decoding=\"async\" src=\"https:\/\/now-news.de\/de\/wp-content\/uploads\/sites\/3\/2024\/08\/66af7c2db480cc0c234e343b.jpg\" alt=\"\"><\/noscript><\/div><figcaption class=\"RTImage-footer\"><span class=\"RTImage-caption\"><span class=\"RTImage-captionItem\">Pressekonferenz von Querdenken-711-Gr\u00fcnder Michael Ballweg und seinem Anwalt Ralf Ludwig, Berlin, 3. August 2024<\/span><\/span><span class=\"RTImage-source\"><span class=\"RTImage-captionItem\">Felicitas Rabe<\/span><\/span><\/figcaption><\/figure>\n<p>Auf der Pressekonferenz wurde auch die Berliner Versammlungsbeh\u00f6rde kritisiert, die bis zum Schluss versucht habe, die Veranstaltung mit Verboten und Auflagen quasi zu schikanieren. Dazu geh\u00f6rten urspr\u00fcnglich\u00a0das Verbot eines abgetrennten Pressebereichs, das Verbot von Campern auf der Demo und der Veranstaltungsfl\u00e4che, das Verbot von Infost\u00e4nden und weitere Verbote. Erst ganz zuletzt konnte Rechtsanwalt Ralf Ludwig mit Rechtsmitteln daf\u00fcr sorgen, dass ein Gro\u00dfteil der polizeilichen Verbote zur\u00fcckgenommen werden musste.<\/p>\n<p><strong>Als Gemeinschaftswesen braucht der Mensch eine konstruktive Konfliktkultur <\/strong><\/p>\n<p>Es w\u00fcrde den Rahmen dieses Beitrags sprengen, alle Redner und K\u00fcnstler zu portr\u00e4tieren, die auf der Gro\u00dfkundgebung die dr\u00e4ngenden gesellschaftspolitischen Themen in bewegender Weise vortrugen. Nach der Er\u00f6ffnung durch Michael Ballweg erkl\u00e4rte der Mediziner und Psychotherapeut Dr. Christian Schubert, wie wichtig es f\u00fcr den Einzelnen, aber auch f\u00fcr die Gesellschaft sei, eine Kultur des konstruktiven &#8220;Miteinanderringens&#8221; im Dialog aufrechtzuerhalten und Meinungsverschiedenheiten und Konflikte in einer gewaltfreien Diskussion auszutragen \u2013 in einer Welt, die zunehmend die Menschlichkeit im Umgang miteinander aus den Augen verloren habe.<\/p>\n<figure class=\"RTImage-root\">\n<div class=\"RTImage-image RTImage-original\"><picture class=\"Picture-root Picture-original\"><!--[if IE 9]><video style=\"display: none;\"><![endif]--><source media=\"(-webkit-min-device-pixel-ratio: 2) and (min-resolution: 120dpi)\" data-srcset=\" \nhttps:\/\/now-news.de\/de\/wp-content\/uploads\/sites\/3\/2024\/08\/66af7bc148fbef2c0d0b7c6a.jpg 850w,\n                https:\/\/now-news.de\/de\/wp-content\/uploads\/sites\/3\/2024\/08\/66af7bc148fbef2c0d0b7c6a.jpg 1960w,            \" ><source data-srcset=\" \nhttps:\/\/now-news.de\/de\/wp-content\/uploads\/sites\/3\/2024\/08\/66af7bc148fbef2c0d0b7c6a.jpg 460w,\n              https:\/\/now-news.de\/de\/wp-content\/uploads\/sites\/3\/2024\/08\/66af7bc148fbef2c0d0b7c6a.jpg 980w,\n            \" ><!--[if IE 9]><\/video><![endif]--><img decoding=\"async\" data- src=\"data:image\/png;base64,iVBORw0KGgoAAAANSUhEUgAAABAAAAAJCAQAAACRI2S5AAAAEElEQVR42mNkIAAYRxWAAQAG9gAKqv6+AwAAAABJRU5ErkJggg==\" class=\"Picture-root Picture-original lazyload\" data-src=\"https:\/\/now-news.de\/de\/wp-content\/uploads\/sites\/3\/2024\/08\/66af7bc148fbef2c0d0b7c6a.jpg\" alt=\"\"><\/source><\/source><\/picture><!-- noscript pattern --><noscript><img decoding=\"async\" src=\"https:\/\/now-news.de\/de\/wp-content\/uploads\/sites\/3\/2024\/08\/66af7bc148fbef2c0d0b7c6a.jpg\" alt=\"\"><\/noscript><\/div><figcaption class=\"RTImage-footer\"><span class=\"RTImage-caption\"><span class=\"RTImage-captionItem\">Querdenken-Demonstration in Berlin am 3. August 2024<\/span><\/span><span class=\"RTImage-source\"><span class=\"RTImage-captionItem\">Felicitas Rabe<\/span><\/span><\/figcaption><\/figure>\n<p>Die Schauspielerin Gabriele Gysi erinnerte daran, dass wenige Superreiche und deren Gier f\u00fcr die Ausbeutung und zunehmende Verarmung der einfachen Menschen verantwortlich seien. Deren Profitgier sei auch die Ursache f\u00fcr die aktuellen Kriege, insbesondere in der Ukraine, aber auch im Nahen Osten. Beim Weltwirtschaftsforum in Davos w\u00fcrde die herrschende Elite inzwischen ganz offen und schamlos &#8220;Besitzlosigkeit&#8221; f\u00fcr die Mehrheit der Menschen predigen.<\/p>\n<p><strong>Vorbereitung eines alternativen W\u00e4hrungs- und Zahlungssystems<\/strong><\/p>\n<p>In seinem Vortrag &#8220;Digitaler Aktivist&#8221; erkl\u00e4rte Michael Ballweg, warum man dem digital-finanziellen Komplex den Zugriff auf unsere Daten entziehen sollte, um diesen zu schw\u00e4chen. Der Ausstieg aus Google und Apple w\u00fcrde den digital-finanziellen Komplex in zweifacher Hinsicht schw\u00e4chen: Die Digitalkonzerne k\u00f6nnten keinen Profit mehr aus unseren Daten schlagen und gleichzeitig w\u00fcrde man damit die Repressionskosten f\u00fcr den Staat erh\u00f6hen. Die Nutzung von verschl\u00fcsselten alternativen Plattformen w\u00fcrde die \u00dcberwachung und Repression f\u00fcr den Staat immer aufwendiger und teurer machen. Ballweg riet auch dringend dazu, sich vor der Einf\u00fchrung einer digitalen Zentralbankw\u00e4hrung \u2013 und die w\u00fcrde seiner Ansicht nach schon auf den Weg gebracht \u2013 alternative W\u00e4hrungs- und Zahlungssysteme vorzubereiten.<\/p>\n<figure class=\"RTImage-root\">\n<div class=\"RTImage-image RTImage-original\"><picture class=\"Picture-root Picture-original\"><!--[if IE 9]><video style=\"display: none;\"><![endif]--><source media=\"(-webkit-min-device-pixel-ratio: 2) and (min-resolution: 120dpi)\" data-srcset=\" \nhttps:\/\/now-news.de\/de\/wp-content\/uploads\/sites\/3\/2024\/08\/66af7d3548fbef298466b2e4.jpg 850w,\n                https:\/\/now-news.de\/de\/wp-content\/uploads\/sites\/3\/2024\/08\/66af7d3548fbef298466b2e4.jpg 1960w,            \" ><source data-srcset=\" \nhttps:\/\/now-news.de\/de\/wp-content\/uploads\/sites\/3\/2024\/08\/66af7d3548fbef298466b2e4.jpg 460w,\n              https:\/\/now-news.de\/de\/wp-content\/uploads\/sites\/3\/2024\/08\/66af7d3548fbef298466b2e4.jpg 980w,\n            \" ><!--[if IE 9]><\/video><![endif]--><img decoding=\"async\" data- src=\"data:image\/png;base64,iVBORw0KGgoAAAANSUhEUgAAABAAAAAJCAQAAACRI2S5AAAAEElEQVR42mNkIAAYRxWAAQAG9gAKqv6+AwAAAABJRU5ErkJggg==\" class=\"Picture-root Picture-original lazyload\" data-src=\"https:\/\/now-news.de\/de\/wp-content\/uploads\/sites\/3\/2024\/08\/66af7d3548fbef298466b2e4.jpg\" alt=\"\"><\/source><\/source><\/picture><!-- noscript pattern --><noscript><img decoding=\"async\" src=\"https:\/\/now-news.de\/de\/wp-content\/uploads\/sites\/3\/2024\/08\/66af7d3548fbef298466b2e4.jpg\" alt=\"\"><\/noscript><\/div><figcaption class=\"RTImage-footer\"><span class=\"RTImage-caption\"><span class=\"RTImage-captionItem\">Querdenken-Kundgebung in Berlin am 3. August 2024<\/span><\/span><span class=\"RTImage-source\"><span class=\"RTImage-captionItem\">Felicitas Rabe<\/span><\/span><\/figcaption><\/figure>\n<p>Der Mitbegr\u00fcnder der Initiative &#8220;Bedingungsloses Grundeinkommen&#8221;, Ralph Boes, forderte in seiner Rede in Anlehnung an den Buchtitel von Klaus Schwab &#8220;The Great Reset&#8221; einen &#8220;Great Reset von unten&#8221;. Bei einer Volks-Urabstimmung m\u00fcsse dabei zun\u00e4chst \u00fcber drei Punkte entschieden werden: Das Grundgesetz m\u00fcsse zur deutschen Verfassung erhoben werden. Volksabstimmungen m\u00fcssten vollumf\u00e4nglich in der Verfassung verankert werden, und die Verfassung d\u00fcrfe zuk\u00fcnftig nur durch Volksabstimmung ge\u00e4ndert werden.<\/p>\n<figure class=\"RTImage-root\">\n<div class=\"RTImage-image RTImage-original\"><picture class=\"Picture-root Picture-original\"><!--[if IE 9]><video style=\"display: none;\"><![endif]--><source media=\"(-webkit-min-device-pixel-ratio: 2) and (min-resolution: 120dpi)\" data-srcset=\" \nhttps:\/\/now-news.de\/de\/wp-content\/uploads\/sites\/3\/2024\/08\/66af7db648fbef20b02bb9bd.jpg 850w,\n                https:\/\/now-news.de\/de\/wp-content\/uploads\/sites\/3\/2024\/08\/66af7db648fbef20b02bb9bd.jpg 1960w,            \" ><source data-srcset=\" \nhttps:\/\/now-news.de\/de\/wp-content\/uploads\/sites\/3\/2024\/08\/66af7db648fbef20b02bb9bd.jpg 460w,\n              https:\/\/now-news.de\/de\/wp-content\/uploads\/sites\/3\/2024\/08\/66af7db648fbef20b02bb9bd.jpg 980w,\n            \" ><!--[if IE 9]><\/video><![endif]--><img decoding=\"async\" data- src=\"data:image\/png;base64,iVBORw0KGgoAAAANSUhEUgAAABAAAAAJCAQAAACRI2S5AAAAEElEQVR42mNkIAAYRxWAAQAG9gAKqv6+AwAAAABJRU5ErkJggg==\" class=\"Picture-root Picture-original lazyload\" data-src=\"https:\/\/now-news.de\/de\/wp-content\/uploads\/sites\/3\/2024\/08\/66af7db648fbef20b02bb9bd.jpg\" alt=\"\"><\/source><\/source><\/picture><!-- noscript pattern --><noscript><img decoding=\"async\" src=\"https:\/\/now-news.de\/de\/wp-content\/uploads\/sites\/3\/2024\/08\/66af7db648fbef20b02bb9bd.jpg\" alt=\"\"><\/noscript><\/div><figcaption class=\"RTImage-footer\"><span class=\"RTImage-caption\"><span class=\"RTImage-captionItem\">Querdenken-Kundgebung in Berlin am 3. August 2024<\/span><\/span><span class=\"RTImage-source\"><span class=\"RTImage-captionItem\">Felicitas Rabe<\/span><\/span><\/figcaption><\/figure>\n<p><strong>Ralf Ludwig: Dass der Mainstream-Journalismus keine Aufarbeitung w\u00fcnscht, ist nachvollziehbar<\/strong><\/p>\n<p>Rechtsanwalt Ralf Ludwig bezog sich in seiner Rede auf die Frage eines <em>SWR<\/em>-Journalisten bei der Pressekonferenz. Der Reporter des <em>S\u00fcdwestrundfunks<\/em> hatte Michael Ballweg gefragt, was man denn jetzt noch zur Corona-Pandemie aufarbeiten wolle. Dem <em>SWR<\/em> wolle Ludwig hiermit in aller \u00d6ffentlichkeit auch seine Reaktion auf diese Frage \u00fcbermitteln: &#8220;Fragen Sie den freien Journalisten Paul Schreyer, was Aufarbeitung bedeutet! Fragen Sie die freien Journalistenkollegen, die die RKI-Protokolle freigeklagt haben oder deren Leaks ver\u00f6ffentlicht haben! Liebe <em>SWR<\/em>-Journalisten, wir haben die massivsten Eingriffe in die Grundrechte seit dem\u00a0Zweiten Weltkrieg und die Journalisten haben komplett versagt&#8230; Aber dass ihr hier keine Aufarbeitung w\u00fcnscht, ist nachvollziehbar.&#8221;<\/p>\n<blockquote>\n<p><em>&#8220;Warum sollten die T\u00e4ter selbst ihre Taten aufkl\u00e4ren?&#8221;<\/em><\/p>\n<\/blockquote>\n<p>Um die Aufarbeitung der Corona-Pandemie langfristig zu gew\u00e4hrleisten, hat der Jurist das &#8220;Zentrum zur Aufarbeitung, Aufkl\u00e4rung, juristischen Verfolgung und Verhinderung von Verbrechen gegen die Menschheit aufgrund der Corona-Ma\u00dfnahmen&#8221; (<a rel=\"nofollow noopener\" target=\"_blank\" href=\"https:\/\/www.zaavv.com\/de-de\/\">ZAAVV<\/a>) gegr\u00fcndet. Ab dem 4. August wird der Gr\u00fcnder des ZAAVV mit der <a rel=\"nofollow noopener\" target=\"_blank\" href=\"https:\/\/www.zaavv.com\/de-de\/demokratie-tour\">&#8220;Demokratie-(er)leben&#8221;-Tour<\/a> bei einer historischen Reise in Brandenburg, Sachsen und Th\u00fcringen Station machen. Das Ziel der Tour sei es, &#8220;das Konzept der bev\u00f6lkerungskontrollierten Demokratie in diesen Bundesl\u00e4ndern voranzubringen. Unterst\u00fctzt durch Volksinitiativen in Brandenburg, Sachsen und Th\u00fcringen soll eine b\u00fcrgerkontrollierte Demokratie etabliert werden.&#8221;<\/p>\n<figure class=\"RTImage-root\">\n<div class=\"RTImage-image RTImage-original\"><picture class=\"Picture-root Picture-original\"><!--[if IE 9]><video style=\"display: none;\"><![endif]--><source media=\"(-webkit-min-device-pixel-ratio: 2) and (min-resolution: 120dpi)\" data-srcset=\" \nhttps:\/\/now-news.de\/de\/wp-content\/uploads\/sites\/3\/2024\/08\/66af8114b480cc5428173eeb.jpg 850w,\n                https:\/\/now-news.de\/de\/wp-content\/uploads\/sites\/3\/2024\/08\/66af8114b480cc5428173eeb.jpg 1960w,            \" ><source data-srcset=\" \nhttps:\/\/now-news.de\/de\/wp-content\/uploads\/sites\/3\/2024\/08\/66af8114b480cc5428173eeb.jpg 460w,\n              https:\/\/now-news.de\/de\/wp-content\/uploads\/sites\/3\/2024\/08\/66af8114b480cc5428173eeb.jpg 980w,\n            \" ><!--[if IE 9]><\/video><![endif]--><img decoding=\"async\" data- src=\"data:image\/png;base64,iVBORw0KGgoAAAANSUhEUgAAABAAAAAJCAQAAACRI2S5AAAAEElEQVR42mNkIAAYRxWAAQAG9gAKqv6+AwAAAABJRU5ErkJggg==\" class=\"Picture-root Picture-original lazyload\" data-src=\"https:\/\/now-news.de\/de\/wp-content\/uploads\/sites\/3\/2024\/08\/66af8114b480cc5428173eeb.jpg\" alt=\"\"><\/source><\/source><\/picture><!-- noscript pattern --><noscript><img decoding=\"async\" src=\"https:\/\/now-news.de\/de\/wp-content\/uploads\/sites\/3\/2024\/08\/66af8114b480cc5428173eeb.jpg\" alt=\"\"><\/noscript><\/div><figcaption class=\"RTImage-footer\"><span class=\"RTImage-caption\"><span class=\"RTImage-captionItem\">Dirk Sattelmaier und Ralf Ludwig bei der Querdenken-Kundgebung in Berlin am 3. August 2024<\/span><\/span><span class=\"RTImage-source\"><span class=\"RTImage-captionItem\">Felicitas Rabe<\/span><\/span><\/figcaption><\/figure>\n<p><strong>Rechtsanwalt Dirk Sattelmaier: Das Unrecht muss aufgearbeitet werden!<br \/><\/strong><\/p>\n<p>Anschlie\u00dfend trat Rechtsanwalt Dirk Sattelmaier nach monatelanger krankheitsbedingter Pause erstmals wieder auf eine B\u00fchne. Mit st\u00fcrmischem Applaus wurde er von sichtlich bewegten Teilnehmern begr\u00fc\u00dft. Sein unerm\u00fcdlicher Einsatz f\u00fcr die Einhaltung der Versammlungsrechte auf den Ma\u00dfnahmenprotestdemos und seine unerschrockene Verteidigung von angeblichen &#8220;Corona-Straft\u00e4tern&#8221; hat den K\u00f6lner Juristen in der Grundrechtebewegung bundesweit bekannt gemacht. Er bedankte sich f\u00fcr die gro\u00dfe Unterst\u00fctzung, die er w\u00e4hrend seiner Krankheit erfahren habe. Dann wandte er sich an die Mainstream-Journalisten, die fragten, was es denn bei Corona aufzuarbeiten gebe: &#8220;Fangt endlich an, die richtigen Fragen zu stellen!&#8221;. Zur Befriedung der Gesellschaft m\u00fcsse das Unrecht aufgearbeitet werden: <em><br \/><\/em><\/p>\n<blockquote>\n<p><em>&#8220;Das Unrecht, was vielen Menschen widerfahren ist, muss aufgearbeitet werden. Darum sind die Menschen hier. Nur so kann die Gesellschaft wieder befriedet werden.&#8221;<\/em><\/p>\n<\/blockquote>\n<p>Der Professor f\u00fcr Allgemeinmedizin, Dr. Andreas S\u00f6nnichsen, wurde aufgrund seines ma\u00dfnahmenkritischen Engagements von der Universit\u00e4t Wien entlassen. In seiner Rede auf der Hofj\u00e4gerallee stellte er die Propagandal\u00fcgen bei Corona \u2013 wobei die Corona-Ma\u00dfnahmen einem Krieg gegen die eigene Bev\u00f6lkerung gleichgekommen w\u00e4ren \u2013 in einen Zusammenhang mit der Kriegspropaganda zum Ukraine-Krieg. Aktuell w\u00fcrde die Bev\u00f6lkerung mit Propagandam\u00e4rchen \u2013 nicht mehr vor einem Virus, sondern vor &#8220;Russland&#8221; \u2013 in Angst und Schrecken versetzt. In Bezug auf Corona h\u00e4tten die RKI-Protokolle inzwischen belegt, dass die Bev\u00f6lkerung in einem fort belogen worden sei. Eindringlich warnte der Medizinprofessor:\u00a0<\/p>\n<blockquote>\n<p><em>&#8220;Mit neuen L\u00fcgen sollen jetzt die jungen Leute kriegstauglich gemacht werden [&#8230;] Haben wir aus Stalingrad nichts gelernt?&#8221;<\/em>\u00a0<\/p>\n<p><em>&#8220;Diese Politiker m\u00fcssen sofort zur\u00fccktreten, bevor sie unser Land ruinieren und den Planeten in eine atomare W\u00fcste verwandeln.&#8221;<\/em><\/p>\n<\/blockquote>\n<figure class=\"RTImage-root\">\n<div class=\"RTImage-image RTImage-original\"><picture class=\"Picture-root Picture-original\"><!--[if IE 9]><video style=\"display: none;\"><![endif]--><source media=\"(-webkit-min-device-pixel-ratio: 2) and (min-resolution: 120dpi)\" data-srcset=\" \nhttps:\/\/now-news.de\/de\/wp-content\/uploads\/sites\/3\/2024\/08\/66af81e648fbef532736d296.jpg 850w,\n                https:\/\/now-news.de\/de\/wp-content\/uploads\/sites\/3\/2024\/08\/66af81e648fbef532736d296.jpg 1960w,            \" ><source data-srcset=\" \nhttps:\/\/now-news.de\/de\/wp-content\/uploads\/sites\/3\/2024\/08\/66af81e648fbef532736d296.jpg 460w,\n              https:\/\/now-news.de\/de\/wp-content\/uploads\/sites\/3\/2024\/08\/66af81e648fbef532736d296.jpg 980w,\n            \" ><!--[if IE 9]><\/video><![endif]--><img decoding=\"async\" data- src=\"data:image\/png;base64,iVBORw0KGgoAAAANSUhEUgAAABAAAAAJCAQAAACRI2S5AAAAEElEQVR42mNkIAAYRxWAAQAG9gAKqv6+AwAAAABJRU5ErkJggg==\" class=\"Picture-root Picture-original lazyload\" data-src=\"https:\/\/now-news.de\/de\/wp-content\/uploads\/sites\/3\/2024\/08\/66af81e648fbef532736d296.jpg\" alt=\"\"><\/source><\/source><\/picture><!-- noscript pattern --><noscript><img decoding=\"async\" src=\"https:\/\/now-news.de\/de\/wp-content\/uploads\/sites\/3\/2024\/08\/66af81e648fbef532736d296.jpg\" alt=\"\"><\/noscript><\/div><figcaption class=\"RTImage-footer\"><span class=\"RTImage-caption\"><span class=\"RTImage-captionItem\">Querdenken-Kundgebung in Berlin am 3. August 2024<\/span><\/span><span class=\"RTImage-source\"><span class=\"RTImage-captionItem\">Felicitas Rabe<\/span><\/span><\/figcaption><\/figure>\n<p><strong>F\u00fcr v\u00f6lkerrechtswidrige Angriffskriege haben die USA noch nie Sanktionen erfahren<\/strong><\/p>\n<p>&#8220;Die Wahrheit gibt es nicht\u00a0\u2012 je nachdem, wer und wo gesprochen wird, sieht sie so oder so aus&#8221;, er\u00f6ffnete der <a rel=\"nofollow noopener\" target=\"_blank\" href=\"https:\/\/kabarett-musik.de\/\">Kabarettist Uli Masuth<\/a> seinen Auftritt. Beispielsweise w\u00fcrden viele behaupten, bei dem russischen Einmarsch in die Ukraine handele es sich um einen v\u00f6lkerrechtswidrigen Angriffskrieg. Es gebe aber auch eine andere Perspektive: Demnach h\u00e4tten sich die ukrainischen Gebiete Donezk und Lugansk nach einer Volksabstimmung mit \u00fcberw\u00e4ltigender Mehrheit f\u00fcr unabh\u00e4ngig erkl\u00e4rt.<\/p>\n<p>Die unabh\u00e4ngigen\u00a0Territorien h\u00e4tten ein gegenseitiges Beistandsabkommen mit Russland beschlossen. Dieses wurde dann umgesetzt, als die Volksrepubliken weiterhin massiv vom ukrainischen Milit\u00e4r beschossen wurden. Russland sei per Vertrag verpflichtet gewesen, dem Donbass beizustehen. Im \u00dcbrigen sei es doch interessant, dass die USA nach ihren erwiesenen v\u00f6lkerrechtswidrigen Bombardements von Jugoslawien, Irak und Syrien bis heute diesbez\u00fcglich keine Wirtschaftssanktionen erfahren h\u00e4tten.<\/p>\n<figure class=\"RTImage-root\">\n<div class=\"RTImage-image RTImage-original\"><picture class=\"Picture-root Picture-original\"><!--[if IE 9]><video style=\"display: none;\"><![endif]--><source media=\"(-webkit-min-device-pixel-ratio: 2) and (min-resolution: 120dpi)\" data-srcset=\" \nhttps:\/\/now-news.de\/de\/wp-content\/uploads\/sites\/3\/2024\/08\/66af92b048fbef532736d2a8.jpg 850w,\n                https:\/\/now-news.de\/de\/wp-content\/uploads\/sites\/3\/2024\/08\/66af92b048fbef532736d2a8.jpg 1960w,            \" ><source data-srcset=\" \nhttps:\/\/now-news.de\/de\/wp-content\/uploads\/sites\/3\/2024\/08\/66af92b048fbef532736d2a8.jpg 460w,\n              https:\/\/now-news.de\/de\/wp-content\/uploads\/sites\/3\/2024\/08\/66af92b048fbef532736d2a8.jpg 980w,\n            \" ><!--[if IE 9]><\/video><![endif]--><img decoding=\"async\" data- src=\"data:image\/png;base64,iVBORw0KGgoAAAANSUhEUgAAABAAAAAJCAQAAACRI2S5AAAAEElEQVR42mNkIAAYRxWAAQAG9gAKqv6+AwAAAABJRU5ErkJggg==\" class=\"Picture-root Picture-original lazyload\" data-src=\"https:\/\/now-news.de\/de\/wp-content\/uploads\/sites\/3\/2024\/08\/66af92b048fbef532736d2a8.jpg\" alt=\"\"><\/source><\/source><\/picture><!-- noscript pattern --><noscript><img decoding=\"async\" src=\"https:\/\/now-news.de\/de\/wp-content\/uploads\/sites\/3\/2024\/08\/66af92b048fbef532736d2a8.jpg\" alt=\"\"><\/noscript><\/div><figcaption class=\"RTImage-footer\"><span class=\"RTImage-caption\"><span class=\"RTImage-captionItem\">Querdenken-Kundgebung in Berlin am 3. August 2024<\/span><\/span><span class=\"RTImage-source\"><span class=\"RTImage-captionItem\">Felicitas Rabe<\/span><\/span><\/figcaption><\/figure>\n<\/p>\n<figure class=\"RTImage-root\">\n<div class=\"RTImage-image RTImage-original\"><picture class=\"Picture-root Picture-original\"><!--[if IE 9]><video style=\"display: none;\"><![endif]--><source media=\"(-webkit-min-device-pixel-ratio: 2) and (min-resolution: 120dpi)\" data-srcset=\" \nhttps:\/\/now-news.de\/de\/wp-content\/uploads\/sites\/3\/2024\/08\/66af85a7b480cc0c234e3448.jpg 850w,\n                https:\/\/now-news.de\/de\/wp-content\/uploads\/sites\/3\/2024\/08\/66af85a7b480cc0c234e3448.jpg 1960w,            \" ><source data-srcset=\" \nhttps:\/\/now-news.de\/de\/wp-content\/uploads\/sites\/3\/2024\/08\/66af85a7b480cc0c234e3448.jpg 460w,\n              https:\/\/now-news.de\/de\/wp-content\/uploads\/sites\/3\/2024\/08\/66af85a7b480cc0c234e3448.jpg 980w,\n            \" ><!--[if IE 9]><\/video><![endif]--><img decoding=\"async\" data- src=\"data:image\/png;base64,iVBORw0KGgoAAAANSUhEUgAAABAAAAAJCAQAAACRI2S5AAAAEElEQVR42mNkIAAYRxWAAQAG9gAKqv6+AwAAAABJRU5ErkJggg==\" class=\"Picture-root Picture-original lazyload\" data-src=\"https:\/\/now-news.de\/de\/wp-content\/uploads\/sites\/3\/2024\/08\/66af85a7b480cc0c234e3448.jpg\" alt=\"\"><\/source><\/source><\/picture><!-- noscript pattern --><noscript><img decoding=\"async\" src=\"https:\/\/now-news.de\/de\/wp-content\/uploads\/sites\/3\/2024\/08\/66af85a7b480cc0c234e3448.jpg\" alt=\"\"><\/noscript><\/div><figcaption class=\"RTImage-footer\"><span class=\"RTImage-caption\"><span class=\"RTImage-captionItem\">Querdenken-Kundgebung in Berlin am 3. August 2024<\/span><\/span><span class=\"RTImage-source\"><span class=\"RTImage-captionItem\">Felicitas Rabe<\/span><\/span><\/figcaption><\/figure>\n<p><strong>Im Klimawandel-Narrativ werden die Reste der alten Welt verheizt<\/strong><\/p>\n<p>Der fr\u00fchere <em>WDR<\/em>-Journalist Walter van Rossum engagiert sich inzwischen beim alternativen Medium <em><a rel=\"nofollow noopener\" target=\"_blank\" href=\"https:\/\/apolut.net\/\">apolut.net<\/a><\/em>. In seinem Vortrag stellte er fest: Bei der Corona-Propaganda gehe es nicht nur um ein paar Irrt\u00fcmer. Es handele sich um einen vors\u00e4tzlichen Putsch gegen die Bev\u00f6lkerung. Van Rossum bezweifelte allerdings, ob eine Aufarbeitung der Corona-Zeit jemals stattfinden w\u00fcrde. Zu viele h\u00e4tten sich daran beteiligt, die jegliche Aufarbeitung boykottieren w\u00fcrden: Politiker, Richter, Staatsanw\u00e4lte, \u00c4rzte, Wissenschaftler, Medien. \u00dcberall sto\u00dfe man auf &#8220;systemische Offenbarungseide&#8221;. Und der ganze Propagandaterror gehe ja bis heute nahtlos weiter:<\/p>\n<blockquote>\n<p><em>&#8220;Dem Pandemieterror folgte ein Krieg, der mit aller Macht eskaliert wurde, es folgte eine dramatische \u00f6konomische Destabilisierung, flankiert von einem apokalyptisch aufgeladenen Management des Klimawandels. Da wurden die Reste der alten Welt verheizt.&#8221;<\/em><\/p>\n<\/blockquote>\n<p>Die Aktivisten w\u00fcssten, dass sie mit der Corona-Kritik von Anfang an Recht gehabt h\u00e4tten. Aber nun stelle sich die Frage, wie es weitergehen k\u00f6nnte: &#8220;Haben wir nun auch eine eigene Agenda? Was wollen wir jetzt, wollen wir zur\u00fcck in das alte System vor Corona, oder setzen wir uns ein f\u00fcr eine noch zu erfindende Zukunft?&#8221;<\/p>\n<figure class=\"RTImage-root\">\n<div class=\"RTImage-image RTImage-original\"><picture class=\"Picture-root Picture-original\"><!--[if IE 9]><video style=\"display: none;\"><![endif]--><source media=\"(-webkit-min-device-pixel-ratio: 2) and (min-resolution: 120dpi)\" data-srcset=\" \nhttps:\/\/now-news.de\/de\/wp-content\/uploads\/sites\/3\/2024\/08\/66af932f48fbef20b02bb9da.jpg 850w,\n                https:\/\/now-news.de\/de\/wp-content\/uploads\/sites\/3\/2024\/08\/66af932f48fbef20b02bb9da.jpg 1960w,            \" ><source data-srcset=\" \nhttps:\/\/now-news.de\/de\/wp-content\/uploads\/sites\/3\/2024\/08\/66af932f48fbef20b02bb9da.jpg 460w,\n              https:\/\/now-news.de\/de\/wp-content\/uploads\/sites\/3\/2024\/08\/66af932f48fbef20b02bb9da.jpg 980w,\n            \" ><!--[if IE 9]><\/video><![endif]--><img decoding=\"async\" data- src=\"data:image\/png;base64,iVBORw0KGgoAAAANSUhEUgAAABAAAAAJCAQAAACRI2S5AAAAEElEQVR42mNkIAAYRxWAAQAG9gAKqv6+AwAAAABJRU5ErkJggg==\" class=\"Picture-root Picture-original lazyload\" data-src=\"https:\/\/now-news.de\/de\/wp-content\/uploads\/sites\/3\/2024\/08\/66af932f48fbef20b02bb9da.jpg\" alt=\"\"><\/source><\/source><\/picture><!-- noscript pattern --><noscript><img decoding=\"async\" src=\"https:\/\/now-news.de\/de\/wp-content\/uploads\/sites\/3\/2024\/08\/66af932f48fbef20b02bb9da.jpg\" alt=\"\"><\/noscript><\/div><figcaption class=\"RTImage-footer\"><span class=\"RTImage-caption\"><span class=\"RTImage-captionItem\">Walter van Rossum auf der Querdenken-Kundgebung in Berlin am 3. August 2024<\/span><\/span><span class=\"RTImage-source\"><span class=\"RTImage-captionItem\">Felicitas Rabe<\/span><\/span><\/figcaption><\/figure>\n<p><strong>Aktionsvorschlag von Prof. Sucharit Bhakdi: Strafanzeigen gegen Impf\u00e4rzte<\/strong><\/p>\n<p>Als letzter Redner sprach der Medizinprofessor Sucharit Bhakdi per Videoschaltung zur Versammlung. Um eine zuk\u00fcnftige Beteiligung der \u00c4rzteschaft an mRNA-Impfungen zu verhindern, haben er und die Rechtsanw\u00e4lte J\u00fcrgen M\u00fcller und Dr. Josef Hingerl ein Strafanzeigenformular f\u00fcr <a rel=\"nofollow noopener\" target=\"_blank\" href=\"https:\/\/www.youtube.com\/watch?v=jGxku7EM8_A\">Strafanzeigen gegen Impf\u00e4rzte<\/a> vorbereitet. Auf der Webseite des <a rel=\"nofollow noopener\" target=\"_blank\" href=\"https:\/\/kinderrechtejetzt.de\/\">Vereins &#8220;Kinderrechtejetzt e.V.&#8221;<\/a>\u00a0k\u00f6nne jeder das <a rel=\"nofollow noopener\" target=\"_blank\" href=\"https:\/\/kinderrechtejetzt.de\/strafanzeigen-bei-allen-staatsanwaltschaften\/\">Schreiben herunterladen<\/a> und bei seiner regional zust\u00e4ndigen Staatsanwaltschaft ebenfalls &#8220;Strafanzeige\u00a0wegen K\u00f6rperverletzung gegen alle Impf\u00e4rzte stellen, die in der Coronazeit Covid-&#8216;Impfungen&#8217; verabreicht haben, und andere Beteiligte&#8221;.<\/p>\n<figure class=\"RTImage-root\">\n<div class=\"RTImage-image RTImage-original\"><picture class=\"Picture-root Picture-original\"><!--[if IE 9]><video style=\"display: none;\"><![endif]--><source media=\"(-webkit-min-device-pixel-ratio: 2) and (min-resolution: 120dpi)\" data-srcset=\" \nhttps:\/\/now-news.de\/de\/wp-content\/uploads\/sites\/3\/2024\/08\/66af897e48fbef2c0d0b7c7e.jpg 850w,\n                https:\/\/now-news.de\/de\/wp-content\/uploads\/sites\/3\/2024\/08\/66af897e48fbef2c0d0b7c7e.jpg 1960w,            \" ><source data-srcset=\" \nhttps:\/\/now-news.de\/de\/wp-content\/uploads\/sites\/3\/2024\/08\/66af897e48fbef2c0d0b7c7e.jpg 460w,\n              https:\/\/now-news.de\/de\/wp-content\/uploads\/sites\/3\/2024\/08\/66af897e48fbef2c0d0b7c7e.jpg 980w,\n            \" ><!--[if IE 9]><\/video><![endif]--><img decoding=\"async\" data- src=\"data:image\/png;base64,iVBORw0KGgoAAAANSUhEUgAAABAAAAAJCAQAAACRI2S5AAAAEElEQVR42mNkIAAYRxWAAQAG9gAKqv6+AwAAAABJRU5ErkJggg==\" class=\"Picture-root Picture-original lazyload\" data-src=\"https:\/\/now-news.de\/de\/wp-content\/uploads\/sites\/3\/2024\/08\/66af897e48fbef2c0d0b7c7e.jpg\" alt=\"\"><\/source><\/source><\/picture><!-- noscript pattern --><noscript><img decoding=\"async\" src=\"https:\/\/now-news.de\/de\/wp-content\/uploads\/sites\/3\/2024\/08\/66af897e48fbef2c0d0b7c7e.jpg\" alt=\"\"><\/noscript><\/div><figcaption class=\"RTImage-footer\"><span class=\"RTImage-caption\"><span class=\"RTImage-captionItem\">Professor Sucharit Bhakdi auf der Querdenken-Kundgebung in Berlin am 3. August 2024<\/span><\/span><span class=\"RTImage-source\"><span class=\"RTImage-captionItem\">Felicitas Rabe<\/span><\/span><\/figcaption><\/figure>\n<p>Bhakdi bat die Aktivisten um eine hohe Beteiligung und darum, die Strafanzeigen an die \u00f6rtlich zust\u00e4ndigen Landgerichte zu senden. Insbesondere nach Ver\u00f6ffentlichung der RKI-Protokolle sei nun eindeutig belegt, dass die mRNA-Impfstoffe ohne normale Zulassung im Schnellverfahren zugelassen worden seien. In den RKI-Protokollen st\u00fcnde auf Seite 725: &#8220;Daten werden erst Post Marketing erhoben.&#8221; Somit sei belegt, dass im Vorfeld der Impfkampagne keine Informationen \u00fcber die Sicherheit und Wirksamkeit der Impfung erhoben worden seien. Dar\u00fcber h\u00e4tten die \u00c4rzte die Menschen vor der Impfung aufkl\u00e4ren m\u00fcssen. Keinesfalls habe es ausgereicht, dass die Menschen einen Zettel unterschrieben. Bhakdi erl\u00e4uterte:<\/p>\n<blockquote>\n<p><em>&#8220;Die Menschen h\u00e4tten von den Impf\u00e4rzten erfahren m\u00fcssen, dass sie Teil eines Menschenexperiments werden.&#8221;<\/em><\/p>\n<\/blockquote>\n<p>Zwischen den Vortr\u00e4gen bereicherten viele Musiker aus der Bewegung die Versammlung mit ihren k\u00fcnstlerischen Beitr\u00e4gen. Die Autorin bittet um Nachsicht, dass sich die Berichterstattung aus Platzgr\u00fcnden auf die inhaltlichen Vortr\u00e4ge fokussiert. Die Stimmung auf der Demonstration und der Versammlung wurde entscheidend durch den kreativen Geist der Teilnehmer inspiriert, der bei den vielen Transparenten zum Ausdruck kam, aber auch bei der Gestaltung der Hofj\u00e4gerallee durch die Aktivisten. Hier wurde sogar eine gro\u00dfe &#8220;Ausstellung der Helden&#8221; aufgebaut, bei der mit vielen Fotos an die mutigen Menschen erinnert wurde, die an &#8220;vorderster Front&#8221; und in exponierten Positionen gegen die Corona-Politik gek\u00e4mpft haben. Teilweise haben sie daf\u00fcr auch einen hohen Preis bezahlt, wie zum Beispiel der Querdenken-711-Gr\u00fcnder Michael Ballweg.<\/p>\n<figure class=\"RTImage-root\">\n<div class=\"RTImage-image RTImage-original\"><picture class=\"Picture-root Picture-original\"><!--[if IE 9]><video style=\"display: none;\"><![endif]--><source media=\"(-webkit-min-device-pixel-ratio: 2) and (min-resolution: 120dpi)\" data-srcset=\" \nhttps:\/\/now-news.de\/de\/wp-content\/uploads\/sites\/3\/2024\/08\/66af93e5b480cc0b1d74d35c.jpg 850w,\n                https:\/\/now-news.de\/de\/wp-content\/uploads\/sites\/3\/2024\/08\/66af93e5b480cc0b1d74d35c.jpg 1960w,            \" ><source data-srcset=\" \nhttps:\/\/now-news.de\/de\/wp-content\/uploads\/sites\/3\/2024\/08\/66af93e5b480cc0b1d74d35c.jpg 460w,\n              https:\/\/now-news.de\/de\/wp-content\/uploads\/sites\/3\/2024\/08\/66af93e5b480cc0b1d74d35c.jpg 980w,\n            \" ><!--[if IE 9]><\/video><![endif]--><img decoding=\"async\" data- src=\"data:image\/png;base64,iVBORw0KGgoAAAANSUhEUgAAABAAAAAJCAQAAACRI2S5AAAAEElEQVR42mNkIAAYRxWAAQAG9gAKqv6+AwAAAABJRU5ErkJggg==\" class=\"Picture-root Picture-original lazyload\" data-src=\"https:\/\/now-news.de\/de\/wp-content\/uploads\/sites\/3\/2024\/08\/66af93e5b480cc0b1d74d35c.jpg\" alt=\"\"><\/source><\/source><\/picture><!-- noscript pattern --><noscript><img decoding=\"async\" src=\"https:\/\/now-news.de\/de\/wp-content\/uploads\/sites\/3\/2024\/08\/66af93e5b480cc0b1d74d35c.jpg\" alt=\"\"><\/noscript><\/div><figcaption class=\"RTImage-footer\"><span class=\"RTImage-caption\"><span class=\"RTImage-captionItem\">Querdenken-Kundgebung in Berlin am 3. August 2024<\/span><\/span><span class=\"RTImage-source\"><span class=\"RTImage-captionItem\">Felicitas Rabe<\/span><\/span><\/figcaption><\/figure>\n<figure class=\"RTImage-root\">\n<div class=\"RTImage-image RTImage-original\"><picture class=\"Picture-root Picture-original\"><!--[if IE 9]><video style=\"display: none;\"><![endif]--><source media=\"(-webkit-min-device-pixel-ratio: 2) and (min-resolution: 120dpi)\" data-srcset=\" \nhttps:\/\/now-news.de\/de\/wp-content\/uploads\/sites\/3\/2024\/08\/66af998148fbef297e561cd6.jpg 850w,\n                https:\/\/now-news.de\/de\/wp-content\/uploads\/sites\/3\/2024\/08\/66af998148fbef297e561cd6.jpg 1960w,            \" ><source data-srcset=\" \nhttps:\/\/now-news.de\/de\/wp-content\/uploads\/sites\/3\/2024\/08\/66af998148fbef297e561cd6.jpg 460w,\n              https:\/\/now-news.de\/de\/wp-content\/uploads\/sites\/3\/2024\/08\/66af998148fbef297e561cd6.jpg 980w,\n            \" ><!--[if IE 9]><\/video><![endif]--><img decoding=\"async\" data- src=\"data:image\/png;base64,iVBORw0KGgoAAAANSUhEUgAAABAAAAAJCAQAAACRI2S5AAAAEElEQVR42mNkIAAYRxWAAQAG9gAKqv6+AwAAAABJRU5ErkJggg==\" class=\"Picture-root Picture-original lazyload\" data-src=\"https:\/\/now-news.de\/de\/wp-content\/uploads\/sites\/3\/2024\/08\/66af998148fbef297e561cd6.jpg\" alt=\"\"><\/source><\/source><\/picture><!-- noscript pattern --><noscript><img decoding=\"async\" src=\"https:\/\/now-news.de\/de\/wp-content\/uploads\/sites\/3\/2024\/08\/66af998148fbef297e561cd6.jpg\" alt=\"\"><\/noscript><\/div><figcaption class=\"RTImage-footer\"><span class=\"RTImage-caption\"><span class=\"RTImage-captionItem\">Ein Teil der Ausstellung &#8220;Allee der Helden&#8221; auf der Querdenken-Kundgebung in Berlin am 3. August 2024<\/span><\/span><span class=\"RTImage-source\"><span class=\"RTImage-captionItem\">Felicitas Rabe<\/span><\/span><\/figcaption><\/figure>\n<p><strong>Mehr zum Thema<\/strong>\u00a0\u2012 <a rel=\"nofollow noopener\" target=\"_blank\" href=\"https:\/\/dert.online\/meinung\/214389-friedensbewegung-kann-sich-in-politischen\/\">Die Friedensbewegung kann sich in dieser politischen Lage keine Spaltung leisten <\/a><\/p>\n<\/p>\n<\/div>\n<p><br \/>\n<br \/><a href=\"https:\/\/de.rt.com\/inland\/214560-dirk-sattelmaier-unrecht-was-vielen\/\">Source link <\/a><\/p>\n","protected":false},"excerpt":{"rendered":"<p>Auf der Gro\u00dfkundgebung von Querdenken-711 und ihrem Gr\u00fcnder Michael Ballweg ging es den Aktivisten nicht nur um die Corona-Aufarbeitung. Sie protestierten vor allem auch gegen die Kriegspolitik der Bundesregierung. &#8220;Haben wir aus Stalingrad nichts gelernt?&#8221;, appellierte Medizinprofessor S\u00f6nnichsen. Von Felicitas Rabe Am Samstag veranstaltete das Netzwerk Querdenken unter dem Motto &#8220;Frieden, Freiheit, Wahrheit&#8221; eine Gro\u00dfdemonstration [&hellip;]<\/p>\n","protected":false},"author":3,"featured_media":66116,"comment_status":"open","ping_status":"open","sticky":false,"template":"","format":"standard","meta":{"_yoast_indexnow_last_ping":["1722799471"],"wp_automatic_camp":["217"],"1a475ed6f62ee47d5db0dba602f0541d":["Dirk Sattelmaier: &quot;Das Unrecht, was vielen Menschen widerfahren ist, muss aufgearbeitet werden!&quot;"],"original_link":["https:\/\/de.rt.com\/inland\/214560-dirk-sattelmaier-unrecht-was-vielen\/"],"_thumbnail_id":["66116"],"_wptgpro_p2tg_sent2tg":["a:1:{i:23737;s:19:\"2024-08-04 21:25:38\";}"],"jnews_social_counter_last_update":["1777166068"]},"categories":[19,23],"tags":[56045,35435,414,1378,534,4209,35436,39886,2563,1856,57256],"yoast_head":"<!-- This site is optimized with the Yoast SEO Premium plugin v22.7 (Yoast SEO v22.7) - https:\/\/yoast.com\/wordpress\/plugins\/seo\/ -->\n<title>Dirk Sattelmaier: &quot;Das Unrecht, was vielen Menschen widerfahren ist, muss aufgearbeitet werden!&quot; - just-now.NEWS Deutschland<\/title>\n<meta name=\"robots\" content=\"index, follow, max-snippet:-1, max-image-preview:large, max-video-preview:-1\" \/>\n<link rel=\"canonical\" href=\"https:\/\/now-news.de\/de\/deutschland\/dirk-sattelmaier-das-unrecht-was-vielen-menschen-widerfahren-ist-muss-aufgearbeitet-werden\/\" \/>\n<meta property=\"og:locale\" content=\"de_DE\" \/>\n<meta property=\"og:type\" content=\"article\" \/>\n<meta property=\"og:title\" content=\"Dirk Sattelmaier: &quot;Das Unrecht, was vielen Menschen widerfahren ist, muss aufgearbeitet werden!&quot;\" \/>\n<meta property=\"og:description\" content=\"Auf der Gro\u00dfkundgebung von Querdenken-711 und ihrem Gr\u00fcnder Michael Ballweg ging es den Aktivisten nicht nur um die Corona-Aufarbeitung. Sie protestierten vor allem auch gegen die Kriegspolitik der Bundesregierung. &#8220;Haben wir aus Stalingrad nichts gelernt?&#8221;, appellierte Medizinprofessor S\u00f6nnichsen. Von Felicitas Rabe Am Samstag veranstaltete das Netzwerk Querdenken unter dem Motto &#8220;Frieden, Freiheit, Wahrheit&#8221; eine Gro\u00dfdemonstration [&hellip;]\" \/>\n<meta property=\"og:url\" content=\"https:\/\/now-news.de\/de\/deutschland\/dirk-sattelmaier-das-unrecht-was-vielen-menschen-widerfahren-ist-muss-aufgearbeitet-werden\/\" \/>\n<meta property=\"og:site_name\" content=\"just-now.NEWS Deutschland\" \/>\n<meta property=\"article:publisher\" content=\"https:\/\/www.facebook.com\/wirmachenauf\" \/>\n<meta property=\"article:published_time\" content=\"2024-08-04T19:11:54+00:00\" \/>\n<meta property=\"og:image\" content=\"https:\/\/now-news.de\/de\/wp-content\/uploads\/sites\/3\/2024\/08\/66af7c7448fbef24cd6f4520.jpg\" \/>\n<meta name=\"author\" content=\"rtnews\" \/>\n<meta name=\"twitter:card\" content=\"summary_large_image\" \/>\n<meta name=\"twitter:creator\" content=\"@WirMachenAuf_de\" \/>\n<meta name=\"twitter:site\" content=\"@WirMachenAuf_de\" \/>\n<meta name=\"twitter:label1\" content=\"Verfasst von\" \/>\n\t<meta name=\"twitter:data1\" content=\"rtnews\" \/>\n\t<meta name=\"twitter:label2\" content=\"Gesch\u00e4tzte Lesezeit\" \/>\n\t<meta name=\"twitter:data2\" content=\"11\u00a0Minuten\" \/>\n<script type=\"application\/ld+json\" class=\"yoast-schema-graph\">{\"@context\":\"https:\/\/schema.org\",\"@graph\":[{\"@type\":\"Article\",\"@id\":\"https:\/\/now-news.de\/de\/deutschland\/dirk-sattelmaier-das-unrecht-was-vielen-menschen-widerfahren-ist-muss-aufgearbeitet-werden\/#article\",\"isPartOf\":{\"@id\":\"https:\/\/now-news.de\/de\/deutschland\/dirk-sattelmaier-das-unrecht-was-vielen-menschen-widerfahren-ist-muss-aufgearbeitet-werden\/\"},\"author\":{\"name\":\"rtnews\",\"@id\":\"https:\/\/now-news.de\/de\/#\/schema\/person\/fb534a4e865501d8b3285208df34a9b5\"},\"headline\":\"Dirk Sattelmaier: &quot;Das Unrecht, was vielen Menschen widerfahren ist, muss aufgearbeitet werden!&quot;\",\"datePublished\":\"2024-08-04T19:11:54+00:00\",\"dateModified\":\"2024-08-04T19:11:54+00:00\",\"mainEntityOfPage\":{\"@id\":\"https:\/\/now-news.de\/de\/deutschland\/dirk-sattelmaier-das-unrecht-was-vielen-menschen-widerfahren-ist-muss-aufgearbeitet-werden\/\"},\"wordCount\":2133,\"commentCount\":0,\"publisher\":{\"@id\":\"https:\/\/now-news.de\/de\/#organization\"},\"image\":{\"@id\":\"https:\/\/now-news.de\/de\/deutschland\/dirk-sattelmaier-das-unrecht-was-vielen-menschen-widerfahren-ist-muss-aufgearbeitet-werden\/#primaryimage\"},\"thumbnailUrl\":\"https:\/\/now-news.de\/de\/wp-content\/uploads\/sites\/3\/2024\/08\/Dirk-Sattelmaier-quotDas-Unrecht-was-vielen-Menschen-widerfahren-ist-muss.jpg\",\"keywords\":[\"aufgearbeitet\",\"Dirk\",\"ist\",\"Menschen\",\"muss\",\"quotDas\",\"Sattelmaier\",\"Unrecht\",\"vielen\",\"werdenquot\",\"widerfahren\"],\"articleSection\":[\"Deutschland\",\"Russland\"],\"inLanguage\":\"de\",\"potentialAction\":[{\"@type\":\"CommentAction\",\"name\":\"Comment\",\"target\":[\"https:\/\/now-news.de\/de\/deutschland\/dirk-sattelmaier-das-unrecht-was-vielen-menschen-widerfahren-ist-muss-aufgearbeitet-werden\/#respond\"]}]},{\"@type\":\"WebPage\",\"@id\":\"https:\/\/now-news.de\/de\/deutschland\/dirk-sattelmaier-das-unrecht-was-vielen-menschen-widerfahren-ist-muss-aufgearbeitet-werden\/\",\"url\":\"https:\/\/now-news.de\/de\/deutschland\/dirk-sattelmaier-das-unrecht-was-vielen-menschen-widerfahren-ist-muss-aufgearbeitet-werden\/\",\"name\":\"Dirk Sattelmaier: &quot;Das Unrecht, was vielen Menschen widerfahren ist, muss aufgearbeitet werden!&quot; - just-now.NEWS Deutschland\",\"isPartOf\":{\"@id\":\"https:\/\/now-news.de\/de\/#website\"},\"primaryImageOfPage\":{\"@id\":\"https:\/\/now-news.de\/de\/deutschland\/dirk-sattelmaier-das-unrecht-was-vielen-menschen-widerfahren-ist-muss-aufgearbeitet-werden\/#primaryimage\"},\"image\":{\"@id\":\"https:\/\/now-news.de\/de\/deutschland\/dirk-sattelmaier-das-unrecht-was-vielen-menschen-widerfahren-ist-muss-aufgearbeitet-werden\/#primaryimage\"},\"thumbnailUrl\":\"https:\/\/now-news.de\/de\/wp-content\/uploads\/sites\/3\/2024\/08\/Dirk-Sattelmaier-quotDas-Unrecht-was-vielen-Menschen-widerfahren-ist-muss.jpg\",\"datePublished\":\"2024-08-04T19:11:54+00:00\",\"dateModified\":\"2024-08-04T19:11:54+00:00\",\"breadcrumb\":{\"@id\":\"https:\/\/now-news.de\/de\/deutschland\/dirk-sattelmaier-das-unrecht-was-vielen-menschen-widerfahren-ist-muss-aufgearbeitet-werden\/#breadcrumb\"},\"inLanguage\":\"de\",\"potentialAction\":[{\"@type\":\"ReadAction\",\"target\":[\"https:\/\/now-news.de\/de\/deutschland\/dirk-sattelmaier-das-unrecht-was-vielen-menschen-widerfahren-ist-muss-aufgearbeitet-werden\/\"]}]},{\"@type\":\"ImageObject\",\"inLanguage\":\"de\",\"@id\":\"https:\/\/now-news.de\/de\/deutschland\/dirk-sattelmaier-das-unrecht-was-vielen-menschen-widerfahren-ist-muss-aufgearbeitet-werden\/#primaryimage\",\"url\":\"https:\/\/now-news.de\/de\/wp-content\/uploads\/sites\/3\/2024\/08\/Dirk-Sattelmaier-quotDas-Unrecht-was-vielen-Menschen-widerfahren-ist-muss.jpg\",\"contentUrl\":\"https:\/\/now-news.de\/de\/wp-content\/uploads\/sites\/3\/2024\/08\/Dirk-Sattelmaier-quotDas-Unrecht-was-vielen-Menschen-widerfahren-ist-muss.jpg\",\"width\":1280,\"height\":960,\"caption\":\"Dirk Sattelmaier: &quot;Das Unrecht, was vielen Menschen widerfahren ist, muss aufgearbeitet werden!&quot;\"},{\"@type\":\"BreadcrumbList\",\"@id\":\"https:\/\/now-news.de\/de\/deutschland\/dirk-sattelmaier-das-unrecht-was-vielen-menschen-widerfahren-ist-muss-aufgearbeitet-werden\/#breadcrumb\",\"itemListElement\":[{\"@type\":\"ListItem\",\"position\":1,\"name\":\"Home\",\"item\":\"https:\/\/now-news.de\/de\/\"},{\"@type\":\"ListItem\",\"position\":2,\"name\":\"Dirk Sattelmaier: &quot;Das Unrecht, was vielen Menschen widerfahren ist, muss aufgearbeitet werden!&quot;\"}]},{\"@type\":\"WebSite\",\"@id\":\"https:\/\/now-news.de\/de\/#website\",\"url\":\"https:\/\/now-news.de\/de\/\",\"name\":\"just-now.NEWS Deutschland\",\"description\":\"Das Portal f\u00fcr unzensierte Nachrichten aus der Welt\",\"publisher\":{\"@id\":\"https:\/\/now-news.de\/de\/#organization\"},\"potentialAction\":[{\"@type\":\"SearchAction\",\"target\":{\"@type\":\"EntryPoint\",\"urlTemplate\":\"https:\/\/now-news.de\/de\/?s={search_term_string}\"},\"query-input\":\"required name=search_term_string\"}],\"inLanguage\":\"de\"},{\"@type\":\"Organization\",\"@id\":\"https:\/\/now-news.de\/de\/#organization\",\"name\":\"Just Now News\",\"url\":\"https:\/\/now-news.de\/de\/\",\"logo\":{\"@type\":\"ImageObject\",\"inLanguage\":\"de\",\"@id\":\"https:\/\/now-news.de\/de\/#\/schema\/logo\/image\/\",\"url\":\"http:\/\/just-now.news\/de\/wp-content\/uploads\/sites\/3\/2022\/04\/logo500x500.jpg\",\"contentUrl\":\"http:\/\/just-now.news\/de\/wp-content\/uploads\/sites\/3\/2022\/04\/logo500x500.jpg\",\"width\":500,\"height\":500,\"caption\":\"Just Now News\"},\"image\":{\"@id\":\"https:\/\/now-news.de\/de\/#\/schema\/logo\/image\/\"},\"sameAs\":[\"https:\/\/www.facebook.com\/wirmachenauf\",\"https:\/\/x.com\/WirMachenAuf_de\"]},{\"@type\":\"Person\",\"@id\":\"https:\/\/now-news.de\/de\/#\/schema\/person\/fb534a4e865501d8b3285208df34a9b5\",\"name\":\"rtnews\",\"image\":{\"@type\":\"ImageObject\",\"inLanguage\":\"de\",\"@id\":\"https:\/\/now-news.de\/de\/#\/schema\/person\/image\/\",\"url\":\"https:\/\/secure.gravatar.com\/avatar\/82aafea7d8127119dd649515f56e2117?s=96&d=mm&r=g\",\"contentUrl\":\"https:\/\/secure.gravatar.com\/avatar\/82aafea7d8127119dd649515f56e2117?s=96&d=mm&r=g\",\"caption\":\"rtnews\"},\"url\":\"https:\/\/now-news.de\/de\/author\/rnews\/\"}]}<\/script>\n<!-- \/ Yoast SEO Premium plugin. -->","yoast_head_json":{"title":"Dirk Sattelmaier: &quot;Das Unrecht, was vielen Menschen widerfahren ist, muss aufgearbeitet werden!&quot; - just-now.NEWS Deutschland","robots":{"index":"index","follow":"follow","max-snippet":"max-snippet:-1","max-image-preview":"max-image-preview:large","max-video-preview":"max-video-preview:-1"},"canonical":"https:\/\/now-news.de\/de\/deutschland\/dirk-sattelmaier-das-unrecht-was-vielen-menschen-widerfahren-ist-muss-aufgearbeitet-werden\/","og_locale":"de_DE","og_type":"article","og_title":"Dirk Sattelmaier: &quot;Das Unrecht, was vielen Menschen widerfahren ist, muss aufgearbeitet werden!&quot;","og_description":"Auf der Gro\u00dfkundgebung von Querdenken-711 und ihrem Gr\u00fcnder Michael Ballweg ging es den Aktivisten nicht nur um die Corona-Aufarbeitung. Sie protestierten vor allem auch gegen die Kriegspolitik der Bundesregierung. &#8220;Haben wir aus Stalingrad nichts gelernt?&#8221;, appellierte Medizinprofessor S\u00f6nnichsen. Von Felicitas Rabe Am Samstag veranstaltete das Netzwerk Querdenken unter dem Motto &#8220;Frieden, Freiheit, Wahrheit&#8221; eine Gro\u00dfdemonstration [&hellip;]","og_url":"https:\/\/now-news.de\/de\/deutschland\/dirk-sattelmaier-das-unrecht-was-vielen-menschen-widerfahren-ist-muss-aufgearbeitet-werden\/","og_site_name":"just-now.NEWS Deutschland","article_publisher":"https:\/\/www.facebook.com\/wirmachenauf","article_published_time":"2024-08-04T19:11:54+00:00","og_image":[{"url":"https:\/\/now-news.de\/de\/wp-content\/uploads\/sites\/3\/2024\/08\/66af7c7448fbef24cd6f4520.jpg"}],"author":"rtnews","twitter_card":"summary_large_image","twitter_creator":"@WirMachenAuf_de","twitter_site":"@WirMachenAuf_de","twitter_misc":{"Verfasst von":"rtnews","Gesch\u00e4tzte Lesezeit":"11\u00a0Minuten"},"schema":{"@context":"https:\/\/schema.org","@graph":[{"@type":"Article","@id":"https:\/\/now-news.de\/de\/deutschland\/dirk-sattelmaier-das-unrecht-was-vielen-menschen-widerfahren-ist-muss-aufgearbeitet-werden\/#article","isPartOf":{"@id":"https:\/\/now-news.de\/de\/deutschland\/dirk-sattelmaier-das-unrecht-was-vielen-menschen-widerfahren-ist-muss-aufgearbeitet-werden\/"},"author":{"name":"rtnews","@id":"https:\/\/now-news.de\/de\/#\/schema\/person\/fb534a4e865501d8b3285208df34a9b5"},"headline":"Dirk Sattelmaier: &quot;Das Unrecht, was vielen Menschen widerfahren ist, muss aufgearbeitet werden!&quot;","datePublished":"2024-08-04T19:11:54+00:00","dateModified":"2024-08-04T19:11:54+00:00","mainEntityOfPage":{"@id":"https:\/\/now-news.de\/de\/deutschland\/dirk-sattelmaier-das-unrecht-was-vielen-menschen-widerfahren-ist-muss-aufgearbeitet-werden\/"},"wordCount":2133,"commentCount":0,"publisher":{"@id":"https:\/\/now-news.de\/de\/#organization"},"image":{"@id":"https:\/\/now-news.de\/de\/deutschland\/dirk-sattelmaier-das-unrecht-was-vielen-menschen-widerfahren-ist-muss-aufgearbeitet-werden\/#primaryimage"},"thumbnailUrl":"https:\/\/now-news.de\/de\/wp-content\/uploads\/sites\/3\/2024\/08\/Dirk-Sattelmaier-quotDas-Unrecht-was-vielen-Menschen-widerfahren-ist-muss.jpg","keywords":["aufgearbeitet","Dirk","ist","Menschen","muss","quotDas","Sattelmaier","Unrecht","vielen","werdenquot","widerfahren"],"articleSection":["Deutschland","Russland"],"inLanguage":"de","potentialAction":[{"@type":"CommentAction","name":"Comment","target":["https:\/\/now-news.de\/de\/deutschland\/dirk-sattelmaier-das-unrecht-was-vielen-menschen-widerfahren-ist-muss-aufgearbeitet-werden\/#respond"]}]},{"@type":"WebPage","@id":"https:\/\/now-news.de\/de\/deutschland\/dirk-sattelmaier-das-unrecht-was-vielen-menschen-widerfahren-ist-muss-aufgearbeitet-werden\/","url":"https:\/\/now-news.de\/de\/deutschland\/dirk-sattelmaier-das-unrecht-was-vielen-menschen-widerfahren-ist-muss-aufgearbeitet-werden\/","name":"Dirk Sattelmaier: &quot;Das Unrecht, was vielen Menschen widerfahren ist, muss aufgearbeitet werden!&quot; - just-now.NEWS Deutschland","isPartOf":{"@id":"https:\/\/now-news.de\/de\/#website"},"primaryImageOfPage":{"@id":"https:\/\/now-news.de\/de\/deutschland\/dirk-sattelmaier-das-unrecht-was-vielen-menschen-widerfahren-ist-muss-aufgearbeitet-werden\/#primaryimage"},"image":{"@id":"https:\/\/now-news.de\/de\/deutschland\/dirk-sattelmaier-das-unrecht-was-vielen-menschen-widerfahren-ist-muss-aufgearbeitet-werden\/#primaryimage"},"thumbnailUrl":"https:\/\/now-news.de\/de\/wp-content\/uploads\/sites\/3\/2024\/08\/Dirk-Sattelmaier-quotDas-Unrecht-was-vielen-Menschen-widerfahren-ist-muss.jpg","datePublished":"2024-08-04T19:11:54+00:00","dateModified":"2024-08-04T19:11:54+00:00","breadcrumb":{"@id":"https:\/\/now-news.de\/de\/deutschland\/dirk-sattelmaier-das-unrecht-was-vielen-menschen-widerfahren-ist-muss-aufgearbeitet-werden\/#breadcrumb"},"inLanguage":"de","potentialAction":[{"@type":"ReadAction","target":["https:\/\/now-news.de\/de\/deutschland\/dirk-sattelmaier-das-unrecht-was-vielen-menschen-widerfahren-ist-muss-aufgearbeitet-werden\/"]}]},{"@type":"ImageObject","inLanguage":"de","@id":"https:\/\/now-news.de\/de\/deutschland\/dirk-sattelmaier-das-unrecht-was-vielen-menschen-widerfahren-ist-muss-aufgearbeitet-werden\/#primaryimage","url":"https:\/\/now-news.de\/de\/wp-content\/uploads\/sites\/3\/2024\/08\/Dirk-Sattelmaier-quotDas-Unrecht-was-vielen-Menschen-widerfahren-ist-muss.jpg","contentUrl":"https:\/\/now-news.de\/de\/wp-content\/uploads\/sites\/3\/2024\/08\/Dirk-Sattelmaier-quotDas-Unrecht-was-vielen-Menschen-widerfahren-ist-muss.jpg","width":1280,"height":960,"caption":"Dirk Sattelmaier: &quot;Das Unrecht, was vielen Menschen widerfahren ist, muss aufgearbeitet werden!&quot;"},{"@type":"BreadcrumbList","@id":"https:\/\/now-news.de\/de\/deutschland\/dirk-sattelmaier-das-unrecht-was-vielen-menschen-widerfahren-ist-muss-aufgearbeitet-werden\/#breadcrumb","itemListElement":[{"@type":"ListItem","position":1,"name":"Home","item":"https:\/\/now-news.de\/de\/"},{"@type":"ListItem","position":2,"name":"Dirk Sattelmaier: &quot;Das Unrecht, was vielen Menschen widerfahren ist, muss aufgearbeitet werden!&quot;"}]},{"@type":"WebSite","@id":"https:\/\/now-news.de\/de\/#website","url":"https:\/\/now-news.de\/de\/","name":"just-now.NEWS Deutschland","description":"Das Portal f\u00fcr unzensierte Nachrichten aus der Welt","publisher":{"@id":"https:\/\/now-news.de\/de\/#organization"},"potentialAction":[{"@type":"SearchAction","target":{"@type":"EntryPoint","urlTemplate":"https:\/\/now-news.de\/de\/?s={search_term_string}"},"query-input":"required name=search_term_string"}],"inLanguage":"de"},{"@type":"Organization","@id":"https:\/\/now-news.de\/de\/#organization","name":"Just Now News","url":"https:\/\/now-news.de\/de\/","logo":{"@type":"ImageObject","inLanguage":"de","@id":"https:\/\/now-news.de\/de\/#\/schema\/logo\/image\/","url":"http:\/\/just-now.news\/de\/wp-content\/uploads\/sites\/3\/2022\/04\/logo500x500.jpg","contentUrl":"http:\/\/just-now.news\/de\/wp-content\/uploads\/sites\/3\/2022\/04\/logo500x500.jpg","width":500,"height":500,"caption":"Just Now News"},"image":{"@id":"https:\/\/now-news.de\/de\/#\/schema\/logo\/image\/"},"sameAs":["https:\/\/www.facebook.com\/wirmachenauf","https:\/\/x.com\/WirMachenAuf_de"]},{"@type":"Person","@id":"https:\/\/now-news.de\/de\/#\/schema\/person\/fb534a4e865501d8b3285208df34a9b5","name":"rtnews","image":{"@type":"ImageObject","inLanguage":"de","@id":"https:\/\/now-news.de\/de\/#\/schema\/person\/image\/","url":"https:\/\/secure.gravatar.com\/avatar\/82aafea7d8127119dd649515f56e2117?s=96&d=mm&r=g","contentUrl":"https:\/\/secure.gravatar.com\/avatar\/82aafea7d8127119dd649515f56e2117?s=96&d=mm&r=g","caption":"rtnews"},"url":"https:\/\/now-news.de\/de\/author\/rnews\/"}]}},"_links":{"self":[{"href":"https:\/\/now-news.de\/de\/wp-json\/wp\/v2\/posts\/66115"}],"collection":[{"href":"https:\/\/now-news.de\/de\/wp-json\/wp\/v2\/posts"}],"about":[{"href":"https:\/\/now-news.de\/de\/wp-json\/wp\/v2\/types\/post"}],"author":[{"embeddable":true,"href":"https:\/\/now-news.de\/de\/wp-json\/wp\/v2\/users\/3"}],"replies":[{"embeddable":true,"href":"https:\/\/now-news.de\/de\/wp-json\/wp\/v2\/comments?post=66115"}],"version-history":[{"count":0,"href":"https:\/\/now-news.de\/de\/wp-json\/wp\/v2\/posts\/66115\/revisions"}],"wp:featuredmedia":[{"embeddable":true,"href":"https:\/\/now-news.de\/de\/wp-json\/wp\/v2\/media\/66116"}],"wp:attachment":[{"href":"https:\/\/now-news.de\/de\/wp-json\/wp\/v2\/media?parent=66115"}],"wp:term":[{"taxonomy":"category","embeddable":true,"href":"https:\/\/now-news.de\/de\/wp-json\/wp\/v2\/categories?post=66115"},{"taxonomy":"post_tag","embeddable":true,"href":"https:\/\/now-news.de\/de\/wp-json\/wp\/v2\/tags?post=66115"}],"curies":[{"name":"wp","href":"https:\/\/api.w.org\/{rel}","templated":true}]}}