{"id":66101,"date":"2024-08-04T18:08:46","date_gmt":"2024-08-04T16:08:46","guid":{"rendered":"https:\/\/now-news.de\/de\/deutschland\/platzt-den-ukrainern-jetzt-der-kragen-eine-stadt-rebelliert-gegen-selenskijs-menschenfaenger\/"},"modified":"2024-08-04T18:08:46","modified_gmt":"2024-08-04T16:08:46","slug":"platzt-den-ukrainern-jetzt-der-kragen-eine-stadt-rebelliert-gegen-selenskijs-menschenfaenger","status":"publish","type":"post","link":"https:\/\/now-news.de\/de\/deutschland\/platzt-den-ukrainern-jetzt-der-kragen-eine-stadt-rebelliert-gegen-selenskijs-menschenfaenger\/","title":{"rendered":"Platzt den Ukrainern jetzt der Kragen? Eine Stadt rebelliert gegen Selenskijs Menschenf\u00e4nger"},"content":{"rendered":"<p><img decoding=\"async\" src=\"https:\/\/now-news.de\/de\/wp-content\/uploads\/sites\/3\/2024\/08\/66af9393b480cc0b1d74d359.JPG\" \/><\/p>\n<div class=\"Text-root Text-type_1 \">\n                Allem Anschein nach ist es der erste Massenprotest in der Ukraine seit 2014: In der westukrainischen Stadt Kowel versammelte sich am Samstagabend eine Menschenmenge, um die Freilassung von drei zwangsrekrutierten jungen M\u00e4nnern zu erzwingen. Handelt es sich dabei um ein erstes Anzeichen eines Volksaufstandes?\n            <\/div>\n<p><\/p>\n<div class=\"Text-root Text-type_5 ArticleView-text ViewText-root \">\n<p><em>Von Alexej Danckwardt<\/em><\/p>\n<p>Regt sich in der Ukraine nun Widerstand gegen den irrsinnigen und menschenverachtenden Kurs des Selenskij-Regimes? In einer westukrainischen Stadt mittlerer Gr\u00f6\u00dfe ist es am Wochenende zu so etwas wie einem kleinen Volksaufstand gekommen.\u00a0<\/p>\n<p>Kowel hei\u00dft der Ort und liegt in Wolhynien, bislang eine der Hochburgen des ukrainischen Nationalismus. Am Vortag hatten dort die Menschenf\u00e4nger des milit\u00e4rischen Rekrutierungsdienstes eine Stra\u00dfensperre errichtet und drei 25-J\u00e4hrige festgenommen, um sie f\u00fcr den Einsatz an der Front einzuziehen.<\/p>\n<p>Gew\u00f6hnlich beschr\u00e4nkt sich die Volksemp\u00f6rung \u00fcber solche Vorf\u00e4lle auf Debatten in sozialen Netzwerken. Dieses Mal war unerwartet fast die halbe Stadt auf den Beinen, um die Freilassung der &#8220;Gefangenen&#8221; zu fordern. In der Ukraine hat es vergleichbare Massenaktionen seit 2014 nicht mehr gegeben. Die Menschen kamen am Abend vor das Wehrersatzamt und blieben dort bis Sonntagmorgen stehen.<\/p>\n<p>Und sie hatten Erfolg: Die drei Ungl\u00fcckseligen wurden freigelassen. Vorerst zumindest.\u00a0<\/p>\n<p>Ist dies ein erstes Zeichen, dass sich im ganzen Land ein Volksaufstand zusammenbraut? Die ukrainische Anw\u00e4ltin Tatjana Montjan, die ihr Volk und vor allem die ukrainischen &#8220;Eliten&#8221; gut kennt, ist da skeptisch. Auf Telegram <a rel=\"nofollow noopener\" target=\"_blank\" href=\"https:\/\/t.me\/montyan2\/8304\">kommentierte<\/a> sie die Ereignisse in Kowel und schrieb:\u00a0<\/p>\n<blockquote>\n<p><em>&#8220;Nach den Beitr\u00e4gen zu diesem Thema und den Kommentaren darunter zu urteilen, w\u00fcrden viele Menschen in Russland gern glauben, dass &#8216;es&#8217; in der Ukraine &#8216;losgeht&#8217;, aber dem ist nicht so, und ich werde erkl\u00e4ren, warum. Die Ereignisse in Kowel zeigen, dass sich in der ukrainischen Gesellschaft im Zusammenhang mit der Zwangsrekrutierung bereits gro\u00dfe Spannungen angesammelt haben, sie ist moralisch zum Protest bereit. Dies allein bedeutet jedoch noch gar nichts: Um die Bereitschaft in tats\u00e4chliche Aktionen umzuwandeln, bedarf es einer organisierenden und f\u00fchrenden Kraft, und die gibt es im Speckreich [so nennt Montjan die Postmaidan-Ukraine \u2013 Anm. d. Red.] nicht. Die Opposition gegen Selenskijs Regime wird es nicht riskieren, mit solchen Dingen zu spielen, weil sie keinen Systemwechsel will, sondern nur einen Wechsel der Personen an der Spitze dieses Systems. Und der Westen, der die Politiker der Ukraine vollst\u00e4ndig kontrolliert, wird es wohl kaum zulassen.&#8221;<\/em><\/p>\n<\/blockquote>\n<p>Kein einziger spontaner und unorganisierter Protest habe jemals etwas gebracht, erinnert Montjan. Das H\u00f6chste, was die Demonstranten theoretisch erreichen k\u00f6nnen, sei die Freilassung der Inhaftierten vor Ort. Und selbst dieser Erfolg m\u00fcsse nicht von Dauer sein: Wahrscheinlich werden die Beh\u00f6rden warten, bis die Leute m\u00fcde werden und sich zerstreuen. Und dann werden die mutigsten Teilnehmer wahrscheinlich unter dem einen oder anderen Vorwand ausgeschaltet.<\/p>\n<p>Weiter beruft sich Montjan\u00a0auf den Klassiker der Revolutionstheorie, Wladimir Lenin:\u00a0<\/p>\n<blockquote>\n<p><em>&#8220;Im Allgemeinen erfordert jede politische Krise zwei Dinge. Erinnern Sie sich an die klassische Formel &#8216;Die Oberen k\u00f6nnen nicht, die Unteren wollen nicht&#8217;. Nun, in der Ukraine will die Basis vielleicht nicht mehr, aber die Oberschicht kann noch: Das Speckreich und sein Unterdr\u00fcckungsapparat sind stark genug, und seine Vollstrecker sind gut motiviert, denn wer nicht effektiv unterdr\u00fcckt, wird im Handumdrehen selbst an die Front geschickt.&#8221;<\/em><\/p>\n<\/blockquote>\n<p>Das Fazit der Anw\u00e4ltin und Publizistin: Wer in den Protesten in Kowel Keime eines landesweiten Aufruhrs sah, der Russland den Sieg im Krieg bescheren w\u00fcrde, k\u00f6nne sich wieder hinlegen.<\/p>\n<p>Der aus der Westukraine stammende Historiker und Milit\u00e4rexperte Roman Donezki teilt diese Auffassung. Seiner Meinung nach gehe es den Einwohnern Wolhyniens nur darum, ihre eigenen Leute gegen Exzesse der Rekrutierer zu verteidigen. Alles andere sei ihnen egal, auch das Schicksal der Mitb\u00fcrger in anderen Landesteilen. Sie seien bislang mehrheitlich immer treue Maidan-Anh\u00e4nger und Bef\u00fcrworter des Krieges gegen den Donbass gewesen. Das werde sich auch nicht \u00e4ndern, wenn die Machthaber in Kiew sie in Ruhe lie\u00dfen oder zumindest die Rekrutierung delikater angingen. Die Region sei weiterhin treue Basis des ukrainischen Nationalismus, so das Verdikt dieses Experten.<\/p>\n<p>Anders als Montjan und Donezki sch\u00e4tzt Spiridon Kilinkarow, ein ehemaliger kommunistischer Rada-Abgeordneter aus Lugansk, die Aussichten ein.\u00a0Die Ereignisse in Kowel k\u00f6nnten zu einem Katalysator f\u00fcr eine Welle von Protesten im ganzen Land werden. Davor habe das Pr\u00e4sidialamt Angst, weshalb das Thema in den von dort kontrollierten ukrainischen Medien totgeschwiegen werde. Er vermutet, dass das Selenskij-Regime nun Ordnungskr\u00e4fte und handverlesene &#8220;Aktivistensoldaten&#8221; mit dem Auftrag einsetzen wird, die zu Protest bereiten Menschen einzusch\u00fcchtern und zu diskreditieren.<\/p>\n<p>In einem weiteren dem Ereignis in Kowel gewidmeten Telegram-Post schrieb Kilinkarow:\u00a0<\/p>\n<blockquote>\n<p><em>&#8220;Die Gefahr eines ausgewachsenen B\u00fcrgerkriegs wird immer deutlicher. Diese Regierung wird ihn nicht verhindern, sie ist die eigentliche Ursache f\u00fcr dieses Szenario.&#8221;<\/em><\/p>\n<\/blockquote>\n<p><strong>Mehr zum Thema<\/strong>\u00a0\u2012 <a rel=\"nofollow noopener\" target=\"_blank\" href=\"https:\/\/freedert.online\/europa\/213562-medien-ukrainische-rekruten-haben-keine-lust-an-der-front-zu-kaempfen\/\">Medien: Ukrainische Rekruten haben keine Lust, an der Front zu k\u00e4mpfen<\/a>\u00a0<\/p>\n<\/div>\n<p><br \/>\n<br \/><a href=\"https:\/\/de.rt.com\/international\/214556-platzt-ukrainern-jetzt-kragen-stadt-rebelliert\/\">Source link <\/a><\/p>\n","protected":false},"excerpt":{"rendered":"<p>Allem Anschein nach ist es der erste Massenprotest in der Ukraine seit 2014: In der westukrainischen Stadt Kowel versammelte sich am Samstagabend eine Menschenmenge, um die Freilassung von drei zwangsrekrutierten jungen M\u00e4nnern zu erzwingen. Handelt es sich dabei um ein erstes Anzeichen eines Volksaufstandes? Von Alexej Danckwardt Regt sich in der Ukraine nun Widerstand gegen [&hellip;]<\/p>\n","protected":false},"author":3,"featured_media":66102,"comment_status":"open","ping_status":"open","sticky":false,"template":"","format":"standard","meta":{"_yoast_indexnow_last_ping":["1722787944"],"wp_automatic_camp":["217"],"444e50918ae853e1b77250e034d4a232":["Platzt den Ukrainern jetzt der Kragen? Eine Stadt rebelliert gegen Selenskijs Menschenf\u00e4nger"],"original_link":["https:\/\/de.rt.com\/international\/214556-platzt-ukrainern-jetzt-kragen-stadt-rebelliert\/"],"_thumbnail_id":["66102"],"_wptgpro_p2tg_sent2tg":["a:1:{i:23737;s:19:\"2024-08-04 18:13:28\";}"],"jnews_social_counter_last_update":["1777591552"]},"categories":[19,23],"tags":[48,82,275,278,2731,35202,57242,13563,57241,1290,9819,27705],"yoast_head":"<!-- This site is optimized with the Yoast SEO Premium plugin v22.7 (Yoast SEO v22.7) - https:\/\/yoast.com\/wordpress\/plugins\/seo\/ -->\n<title>Platzt den Ukrainern jetzt der Kragen? Eine Stadt rebelliert gegen Selenskijs Menschenf\u00e4nger - just-now.NEWS Deutschland<\/title>\n<meta name=\"robots\" content=\"index, follow, max-snippet:-1, max-image-preview:large, max-video-preview:-1\" \/>\n<link rel=\"canonical\" href=\"https:\/\/now-news.de\/de\/deutschland\/platzt-den-ukrainern-jetzt-der-kragen-eine-stadt-rebelliert-gegen-selenskijs-menschenfaenger\/\" \/>\n<meta property=\"og:locale\" content=\"de_DE\" \/>\n<meta property=\"og:type\" content=\"article\" \/>\n<meta property=\"og:title\" content=\"Platzt den Ukrainern jetzt der Kragen? Eine Stadt rebelliert gegen Selenskijs Menschenf\u00e4nger\" \/>\n<meta property=\"og:description\" content=\"Allem Anschein nach ist es der erste Massenprotest in der Ukraine seit 2014: In der westukrainischen Stadt Kowel versammelte sich am Samstagabend eine Menschenmenge, um die Freilassung von drei zwangsrekrutierten jungen M\u00e4nnern zu erzwingen. Handelt es sich dabei um ein erstes Anzeichen eines Volksaufstandes? Von Alexej Danckwardt Regt sich in der Ukraine nun Widerstand gegen [&hellip;]\" \/>\n<meta property=\"og:url\" content=\"https:\/\/now-news.de\/de\/deutschland\/platzt-den-ukrainern-jetzt-der-kragen-eine-stadt-rebelliert-gegen-selenskijs-menschenfaenger\/\" \/>\n<meta property=\"og:site_name\" content=\"just-now.NEWS Deutschland\" \/>\n<meta property=\"article:publisher\" content=\"https:\/\/www.facebook.com\/wirmachenauf\" \/>\n<meta property=\"article:published_time\" content=\"2024-08-04T16:08:46+00:00\" \/>\n<meta property=\"og:image\" content=\"https:\/\/now-news.de\/de\/wp-content\/uploads\/sites\/3\/2024\/08\/66af9393b480cc0b1d74d359.JPG\" \/>\n<meta name=\"author\" content=\"rtnews\" \/>\n<meta name=\"twitter:card\" content=\"summary_large_image\" \/>\n<meta name=\"twitter:creator\" content=\"@WirMachenAuf_de\" \/>\n<meta name=\"twitter:site\" content=\"@WirMachenAuf_de\" \/>\n<meta name=\"twitter:label1\" content=\"Verfasst von\" \/>\n\t<meta name=\"twitter:data1\" content=\"rtnews\" \/>\n\t<meta name=\"twitter:label2\" content=\"Gesch\u00e4tzte Lesezeit\" \/>\n\t<meta name=\"twitter:data2\" content=\"4\u00a0Minuten\" \/>\n<script type=\"application\/ld+json\" class=\"yoast-schema-graph\">{\"@context\":\"https:\/\/schema.org\",\"@graph\":[{\"@type\":\"Article\",\"@id\":\"https:\/\/now-news.de\/de\/deutschland\/platzt-den-ukrainern-jetzt-der-kragen-eine-stadt-rebelliert-gegen-selenskijs-menschenfaenger\/#article\",\"isPartOf\":{\"@id\":\"https:\/\/now-news.de\/de\/deutschland\/platzt-den-ukrainern-jetzt-der-kragen-eine-stadt-rebelliert-gegen-selenskijs-menschenfaenger\/\"},\"author\":{\"name\":\"rtnews\",\"@id\":\"https:\/\/now-news.de\/de\/#\/schema\/person\/fb534a4e865501d8b3285208df34a9b5\"},\"headline\":\"Platzt den Ukrainern jetzt der Kragen? Eine Stadt rebelliert gegen Selenskijs Menschenf\u00e4nger\",\"datePublished\":\"2024-08-04T16:08:46+00:00\",\"dateModified\":\"2024-08-04T16:08:46+00:00\",\"mainEntityOfPage\":{\"@id\":\"https:\/\/now-news.de\/de\/deutschland\/platzt-den-ukrainern-jetzt-der-kragen-eine-stadt-rebelliert-gegen-selenskijs-menschenfaenger\/\"},\"wordCount\":818,\"commentCount\":0,\"publisher\":{\"@id\":\"https:\/\/now-news.de\/de\/#organization\"},\"image\":{\"@id\":\"https:\/\/now-news.de\/de\/deutschland\/platzt-den-ukrainern-jetzt-der-kragen-eine-stadt-rebelliert-gegen-selenskijs-menschenfaenger\/#primaryimage\"},\"thumbnailUrl\":\"https:\/\/now-news.de\/de\/wp-content\/uploads\/sites\/3\/2024\/08\/Platzt-den-Ukrainern-jetzt-der-Kragen-Eine-Stadt-rebelliert-gegen.JPG\",\"keywords\":[\"den\",\"der\",\"eine\",\"gegen\",\"Jetzt\",\"Kragen\",\"Menschenf\u00e4nger\",\"platzt\",\"rebelliert\",\"Selenskijs\",\"Stadt\",\"Ukrainern\"],\"articleSection\":[\"Deutschland\",\"Russland\"],\"inLanguage\":\"de\",\"potentialAction\":[{\"@type\":\"CommentAction\",\"name\":\"Comment\",\"target\":[\"https:\/\/now-news.de\/de\/deutschland\/platzt-den-ukrainern-jetzt-der-kragen-eine-stadt-rebelliert-gegen-selenskijs-menschenfaenger\/#respond\"]}]},{\"@type\":\"WebPage\",\"@id\":\"https:\/\/now-news.de\/de\/deutschland\/platzt-den-ukrainern-jetzt-der-kragen-eine-stadt-rebelliert-gegen-selenskijs-menschenfaenger\/\",\"url\":\"https:\/\/now-news.de\/de\/deutschland\/platzt-den-ukrainern-jetzt-der-kragen-eine-stadt-rebelliert-gegen-selenskijs-menschenfaenger\/\",\"name\":\"Platzt den Ukrainern jetzt der Kragen? Eine Stadt rebelliert gegen Selenskijs Menschenf\u00e4nger - just-now.NEWS Deutschland\",\"isPartOf\":{\"@id\":\"https:\/\/now-news.de\/de\/#website\"},\"primaryImageOfPage\":{\"@id\":\"https:\/\/now-news.de\/de\/deutschland\/platzt-den-ukrainern-jetzt-der-kragen-eine-stadt-rebelliert-gegen-selenskijs-menschenfaenger\/#primaryimage\"},\"image\":{\"@id\":\"https:\/\/now-news.de\/de\/deutschland\/platzt-den-ukrainern-jetzt-der-kragen-eine-stadt-rebelliert-gegen-selenskijs-menschenfaenger\/#primaryimage\"},\"thumbnailUrl\":\"https:\/\/now-news.de\/de\/wp-content\/uploads\/sites\/3\/2024\/08\/Platzt-den-Ukrainern-jetzt-der-Kragen-Eine-Stadt-rebelliert-gegen.JPG\",\"datePublished\":\"2024-08-04T16:08:46+00:00\",\"dateModified\":\"2024-08-04T16:08:46+00:00\",\"breadcrumb\":{\"@id\":\"https:\/\/now-news.de\/de\/deutschland\/platzt-den-ukrainern-jetzt-der-kragen-eine-stadt-rebelliert-gegen-selenskijs-menschenfaenger\/#breadcrumb\"},\"inLanguage\":\"de\",\"potentialAction\":[{\"@type\":\"ReadAction\",\"target\":[\"https:\/\/now-news.de\/de\/deutschland\/platzt-den-ukrainern-jetzt-der-kragen-eine-stadt-rebelliert-gegen-selenskijs-menschenfaenger\/\"]}]},{\"@type\":\"ImageObject\",\"inLanguage\":\"de\",\"@id\":\"https:\/\/now-news.de\/de\/deutschland\/platzt-den-ukrainern-jetzt-der-kragen-eine-stadt-rebelliert-gegen-selenskijs-menschenfaenger\/#primaryimage\",\"url\":\"https:\/\/now-news.de\/de\/wp-content\/uploads\/sites\/3\/2024\/08\/Platzt-den-Ukrainern-jetzt-der-Kragen-Eine-Stadt-rebelliert-gegen.JPG\",\"contentUrl\":\"https:\/\/now-news.de\/de\/wp-content\/uploads\/sites\/3\/2024\/08\/Platzt-den-Ukrainern-jetzt-der-Kragen-Eine-Stadt-rebelliert-gegen.JPG\",\"width\":460,\"height\":259,\"caption\":\"Platzt den Ukrainern jetzt der Kragen? Eine Stadt rebelliert gegen Selenskijs Menschenf\u00e4nger\"},{\"@type\":\"BreadcrumbList\",\"@id\":\"https:\/\/now-news.de\/de\/deutschland\/platzt-den-ukrainern-jetzt-der-kragen-eine-stadt-rebelliert-gegen-selenskijs-menschenfaenger\/#breadcrumb\",\"itemListElement\":[{\"@type\":\"ListItem\",\"position\":1,\"name\":\"Home\",\"item\":\"https:\/\/now-news.de\/de\/\"},{\"@type\":\"ListItem\",\"position\":2,\"name\":\"Platzt den Ukrainern jetzt der Kragen? Eine Stadt rebelliert gegen Selenskijs Menschenf\u00e4nger\"}]},{\"@type\":\"WebSite\",\"@id\":\"https:\/\/now-news.de\/de\/#website\",\"url\":\"https:\/\/now-news.de\/de\/\",\"name\":\"just-now.NEWS Deutschland\",\"description\":\"Das Portal f\u00fcr unzensierte Nachrichten aus der Welt\",\"publisher\":{\"@id\":\"https:\/\/now-news.de\/de\/#organization\"},\"potentialAction\":[{\"@type\":\"SearchAction\",\"target\":{\"@type\":\"EntryPoint\",\"urlTemplate\":\"https:\/\/now-news.de\/de\/?s={search_term_string}\"},\"query-input\":\"required name=search_term_string\"}],\"inLanguage\":\"de\"},{\"@type\":\"Organization\",\"@id\":\"https:\/\/now-news.de\/de\/#organization\",\"name\":\"Just Now News\",\"url\":\"https:\/\/now-news.de\/de\/\",\"logo\":{\"@type\":\"ImageObject\",\"inLanguage\":\"de\",\"@id\":\"https:\/\/now-news.de\/de\/#\/schema\/logo\/image\/\",\"url\":\"http:\/\/just-now.news\/de\/wp-content\/uploads\/sites\/3\/2022\/04\/logo500x500.jpg\",\"contentUrl\":\"http:\/\/just-now.news\/de\/wp-content\/uploads\/sites\/3\/2022\/04\/logo500x500.jpg\",\"width\":500,\"height\":500,\"caption\":\"Just Now News\"},\"image\":{\"@id\":\"https:\/\/now-news.de\/de\/#\/schema\/logo\/image\/\"},\"sameAs\":[\"https:\/\/www.facebook.com\/wirmachenauf\",\"https:\/\/x.com\/WirMachenAuf_de\"]},{\"@type\":\"Person\",\"@id\":\"https:\/\/now-news.de\/de\/#\/schema\/person\/fb534a4e865501d8b3285208df34a9b5\",\"name\":\"rtnews\",\"image\":{\"@type\":\"ImageObject\",\"inLanguage\":\"de\",\"@id\":\"https:\/\/now-news.de\/de\/#\/schema\/person\/image\/\",\"url\":\"https:\/\/secure.gravatar.com\/avatar\/82aafea7d8127119dd649515f56e2117?s=96&d=mm&r=g\",\"contentUrl\":\"https:\/\/secure.gravatar.com\/avatar\/82aafea7d8127119dd649515f56e2117?s=96&d=mm&r=g\",\"caption\":\"rtnews\"},\"url\":\"https:\/\/now-news.de\/de\/author\/rnews\/\"}]}<\/script>\n<!-- \/ Yoast SEO Premium plugin. -->","yoast_head_json":{"title":"Platzt den Ukrainern jetzt der Kragen? Eine Stadt rebelliert gegen Selenskijs Menschenf\u00e4nger - just-now.NEWS Deutschland","robots":{"index":"index","follow":"follow","max-snippet":"max-snippet:-1","max-image-preview":"max-image-preview:large","max-video-preview":"max-video-preview:-1"},"canonical":"https:\/\/now-news.de\/de\/deutschland\/platzt-den-ukrainern-jetzt-der-kragen-eine-stadt-rebelliert-gegen-selenskijs-menschenfaenger\/","og_locale":"de_DE","og_type":"article","og_title":"Platzt den Ukrainern jetzt der Kragen? Eine Stadt rebelliert gegen Selenskijs Menschenf\u00e4nger","og_description":"Allem Anschein nach ist es der erste Massenprotest in der Ukraine seit 2014: In der westukrainischen Stadt Kowel versammelte sich am Samstagabend eine Menschenmenge, um die Freilassung von drei zwangsrekrutierten jungen M\u00e4nnern zu erzwingen. Handelt es sich dabei um ein erstes Anzeichen eines Volksaufstandes? Von Alexej Danckwardt Regt sich in der Ukraine nun Widerstand gegen [&hellip;]","og_url":"https:\/\/now-news.de\/de\/deutschland\/platzt-den-ukrainern-jetzt-der-kragen-eine-stadt-rebelliert-gegen-selenskijs-menschenfaenger\/","og_site_name":"just-now.NEWS Deutschland","article_publisher":"https:\/\/www.facebook.com\/wirmachenauf","article_published_time":"2024-08-04T16:08:46+00:00","og_image":[{"url":"https:\/\/now-news.de\/de\/wp-content\/uploads\/sites\/3\/2024\/08\/66af9393b480cc0b1d74d359.JPG"}],"author":"rtnews","twitter_card":"summary_large_image","twitter_creator":"@WirMachenAuf_de","twitter_site":"@WirMachenAuf_de","twitter_misc":{"Verfasst von":"rtnews","Gesch\u00e4tzte Lesezeit":"4\u00a0Minuten"},"schema":{"@context":"https:\/\/schema.org","@graph":[{"@type":"Article","@id":"https:\/\/now-news.de\/de\/deutschland\/platzt-den-ukrainern-jetzt-der-kragen-eine-stadt-rebelliert-gegen-selenskijs-menschenfaenger\/#article","isPartOf":{"@id":"https:\/\/now-news.de\/de\/deutschland\/platzt-den-ukrainern-jetzt-der-kragen-eine-stadt-rebelliert-gegen-selenskijs-menschenfaenger\/"},"author":{"name":"rtnews","@id":"https:\/\/now-news.de\/de\/#\/schema\/person\/fb534a4e865501d8b3285208df34a9b5"},"headline":"Platzt den Ukrainern jetzt der Kragen? Eine Stadt rebelliert gegen Selenskijs Menschenf\u00e4nger","datePublished":"2024-08-04T16:08:46+00:00","dateModified":"2024-08-04T16:08:46+00:00","mainEntityOfPage":{"@id":"https:\/\/now-news.de\/de\/deutschland\/platzt-den-ukrainern-jetzt-der-kragen-eine-stadt-rebelliert-gegen-selenskijs-menschenfaenger\/"},"wordCount":818,"commentCount":0,"publisher":{"@id":"https:\/\/now-news.de\/de\/#organization"},"image":{"@id":"https:\/\/now-news.de\/de\/deutschland\/platzt-den-ukrainern-jetzt-der-kragen-eine-stadt-rebelliert-gegen-selenskijs-menschenfaenger\/#primaryimage"},"thumbnailUrl":"https:\/\/now-news.de\/de\/wp-content\/uploads\/sites\/3\/2024\/08\/Platzt-den-Ukrainern-jetzt-der-Kragen-Eine-Stadt-rebelliert-gegen.JPG","keywords":["den","der","eine","gegen","Jetzt","Kragen","Menschenf\u00e4nger","platzt","rebelliert","Selenskijs","Stadt","Ukrainern"],"articleSection":["Deutschland","Russland"],"inLanguage":"de","potentialAction":[{"@type":"CommentAction","name":"Comment","target":["https:\/\/now-news.de\/de\/deutschland\/platzt-den-ukrainern-jetzt-der-kragen-eine-stadt-rebelliert-gegen-selenskijs-menschenfaenger\/#respond"]}]},{"@type":"WebPage","@id":"https:\/\/now-news.de\/de\/deutschland\/platzt-den-ukrainern-jetzt-der-kragen-eine-stadt-rebelliert-gegen-selenskijs-menschenfaenger\/","url":"https:\/\/now-news.de\/de\/deutschland\/platzt-den-ukrainern-jetzt-der-kragen-eine-stadt-rebelliert-gegen-selenskijs-menschenfaenger\/","name":"Platzt den Ukrainern jetzt der Kragen? Eine Stadt rebelliert gegen Selenskijs Menschenf\u00e4nger - just-now.NEWS Deutschland","isPartOf":{"@id":"https:\/\/now-news.de\/de\/#website"},"primaryImageOfPage":{"@id":"https:\/\/now-news.de\/de\/deutschland\/platzt-den-ukrainern-jetzt-der-kragen-eine-stadt-rebelliert-gegen-selenskijs-menschenfaenger\/#primaryimage"},"image":{"@id":"https:\/\/now-news.de\/de\/deutschland\/platzt-den-ukrainern-jetzt-der-kragen-eine-stadt-rebelliert-gegen-selenskijs-menschenfaenger\/#primaryimage"},"thumbnailUrl":"https:\/\/now-news.de\/de\/wp-content\/uploads\/sites\/3\/2024\/08\/Platzt-den-Ukrainern-jetzt-der-Kragen-Eine-Stadt-rebelliert-gegen.JPG","datePublished":"2024-08-04T16:08:46+00:00","dateModified":"2024-08-04T16:08:46+00:00","breadcrumb":{"@id":"https:\/\/now-news.de\/de\/deutschland\/platzt-den-ukrainern-jetzt-der-kragen-eine-stadt-rebelliert-gegen-selenskijs-menschenfaenger\/#breadcrumb"},"inLanguage":"de","potentialAction":[{"@type":"ReadAction","target":["https:\/\/now-news.de\/de\/deutschland\/platzt-den-ukrainern-jetzt-der-kragen-eine-stadt-rebelliert-gegen-selenskijs-menschenfaenger\/"]}]},{"@type":"ImageObject","inLanguage":"de","@id":"https:\/\/now-news.de\/de\/deutschland\/platzt-den-ukrainern-jetzt-der-kragen-eine-stadt-rebelliert-gegen-selenskijs-menschenfaenger\/#primaryimage","url":"https:\/\/now-news.de\/de\/wp-content\/uploads\/sites\/3\/2024\/08\/Platzt-den-Ukrainern-jetzt-der-Kragen-Eine-Stadt-rebelliert-gegen.JPG","contentUrl":"https:\/\/now-news.de\/de\/wp-content\/uploads\/sites\/3\/2024\/08\/Platzt-den-Ukrainern-jetzt-der-Kragen-Eine-Stadt-rebelliert-gegen.JPG","width":460,"height":259,"caption":"Platzt den Ukrainern jetzt der Kragen? Eine Stadt rebelliert gegen Selenskijs Menschenf\u00e4nger"},{"@type":"BreadcrumbList","@id":"https:\/\/now-news.de\/de\/deutschland\/platzt-den-ukrainern-jetzt-der-kragen-eine-stadt-rebelliert-gegen-selenskijs-menschenfaenger\/#breadcrumb","itemListElement":[{"@type":"ListItem","position":1,"name":"Home","item":"https:\/\/now-news.de\/de\/"},{"@type":"ListItem","position":2,"name":"Platzt den Ukrainern jetzt der Kragen? Eine Stadt rebelliert gegen Selenskijs Menschenf\u00e4nger"}]},{"@type":"WebSite","@id":"https:\/\/now-news.de\/de\/#website","url":"https:\/\/now-news.de\/de\/","name":"just-now.NEWS Deutschland","description":"Das Portal f\u00fcr unzensierte Nachrichten aus der Welt","publisher":{"@id":"https:\/\/now-news.de\/de\/#organization"},"potentialAction":[{"@type":"SearchAction","target":{"@type":"EntryPoint","urlTemplate":"https:\/\/now-news.de\/de\/?s={search_term_string}"},"query-input":"required name=search_term_string"}],"inLanguage":"de"},{"@type":"Organization","@id":"https:\/\/now-news.de\/de\/#organization","name":"Just Now News","url":"https:\/\/now-news.de\/de\/","logo":{"@type":"ImageObject","inLanguage":"de","@id":"https:\/\/now-news.de\/de\/#\/schema\/logo\/image\/","url":"http:\/\/just-now.news\/de\/wp-content\/uploads\/sites\/3\/2022\/04\/logo500x500.jpg","contentUrl":"http:\/\/just-now.news\/de\/wp-content\/uploads\/sites\/3\/2022\/04\/logo500x500.jpg","width":500,"height":500,"caption":"Just Now News"},"image":{"@id":"https:\/\/now-news.de\/de\/#\/schema\/logo\/image\/"},"sameAs":["https:\/\/www.facebook.com\/wirmachenauf","https:\/\/x.com\/WirMachenAuf_de"]},{"@type":"Person","@id":"https:\/\/now-news.de\/de\/#\/schema\/person\/fb534a4e865501d8b3285208df34a9b5","name":"rtnews","image":{"@type":"ImageObject","inLanguage":"de","@id":"https:\/\/now-news.de\/de\/#\/schema\/person\/image\/","url":"https:\/\/secure.gravatar.com\/avatar\/82aafea7d8127119dd649515f56e2117?s=96&d=mm&r=g","contentUrl":"https:\/\/secure.gravatar.com\/avatar\/82aafea7d8127119dd649515f56e2117?s=96&d=mm&r=g","caption":"rtnews"},"url":"https:\/\/now-news.de\/de\/author\/rnews\/"}]}},"_links":{"self":[{"href":"https:\/\/now-news.de\/de\/wp-json\/wp\/v2\/posts\/66101"}],"collection":[{"href":"https:\/\/now-news.de\/de\/wp-json\/wp\/v2\/posts"}],"about":[{"href":"https:\/\/now-news.de\/de\/wp-json\/wp\/v2\/types\/post"}],"author":[{"embeddable":true,"href":"https:\/\/now-news.de\/de\/wp-json\/wp\/v2\/users\/3"}],"replies":[{"embeddable":true,"href":"https:\/\/now-news.de\/de\/wp-json\/wp\/v2\/comments?post=66101"}],"version-history":[{"count":0,"href":"https:\/\/now-news.de\/de\/wp-json\/wp\/v2\/posts\/66101\/revisions"}],"wp:featuredmedia":[{"embeddable":true,"href":"https:\/\/now-news.de\/de\/wp-json\/wp\/v2\/media\/66102"}],"wp:attachment":[{"href":"https:\/\/now-news.de\/de\/wp-json\/wp\/v2\/media?parent=66101"}],"wp:term":[{"taxonomy":"category","embeddable":true,"href":"https:\/\/now-news.de\/de\/wp-json\/wp\/v2\/categories?post=66101"},{"taxonomy":"post_tag","embeddable":true,"href":"https:\/\/now-news.de\/de\/wp-json\/wp\/v2\/tags?post=66101"}],"curies":[{"name":"wp","href":"https:\/\/api.w.org\/{rel}","templated":true}]}}