{"id":66057,"date":"2024-08-03T17:05:39","date_gmt":"2024-08-03T15:05:39","guid":{"rendered":"https:\/\/now-news.de\/de\/deutschland\/schewtschenko-mit-deutlichen-spuren-lenins\/"},"modified":"2024-08-03T17:05:39","modified_gmt":"2024-08-03T15:05:39","slug":"schewtschenko-mit-deutlichen-spuren-lenins","status":"publish","type":"post","link":"https:\/\/now-news.de\/de\/deutschland\/schewtschenko-mit-deutlichen-spuren-lenins\/","title":{"rendered":"Schewtschenko mit deutlichen Spuren Lenins"},"content":{"rendered":"<div class=\"Text-root Text-type_1 \">\n                Manchmal nimmt die ukrainische Bilderst\u00fcrmerei, dort &#8220;Dekommunisierung&#8221; genannt, urkomische Z\u00fcge an, die zugleich auf d\u00fcstere Weise unfreiwillig symbolisch sind. So geschehen im ukrainischen Dorf Kotljarka. wo man sich Lenins preiswert entledigen und den Nationaldichter Schewtschenko ebenso preiswert ehren wollte.\n            <\/div>\n<p><\/p>\n<div class=\"Text-root Text-type_5 ArticleView-text ViewText-root \">\n<p><em>Von Anton Gentzen<\/em><\/p>\n<p>Ein ukrainisches Dorf hat das \u00f6rtliche Lenin-Denkmal auf besonders eigenartige Weise &#8220;dekommunisiert&#8221;, wie \u00f6rtliche Medien berichten.<\/p>\n<p>Man hat der Lenin-Statue die f\u00fcr den ukrainischen Nationaldichter Taras Schewtschenko (der seine Prosa allerdings zeitlebens in russischer Sprache verfasste) typische Stupsnase und dessen Schnurrbart verpasst. Au\u00dferdem dr\u00fcckte man ihm ein in Stein gehauenes Schewtschenko-B\u00e4ndchen in die Hand und meinte, das Denkmal damit erfolgreich umgewidmet zu haben. Allerdings verraten die gro\u00dfe Stirn, der weit aufgeschlagene Mantel und die f\u00fcr den Gr\u00fcnder der Sowjetunion und weltbekannten Theoretiker des Marxismus typische Geste weiterhin den urspr\u00fcnglich mit dem Denkmal Geehrten.<\/p>\n<figure class=\"RTImage-root\">\n<div class=\"RTImage-image RTImage-original\"><picture class=\"Picture-root Picture-original\"><!--[if IE 9]><video style=\"display: none;\"><![endif]--><source media=\"(-webkit-min-device-pixel-ratio: 2) and (min-resolution: 120dpi)\" data-srcset=\" \nhttps:\/\/now-news.de\/de\/wp-content\/uploads\/sites\/3\/2024\/08\/66ae2a9948fbef52031bbe61.jpg 850w,\n                https:\/\/now-news.de\/de\/wp-content\/uploads\/sites\/3\/2024\/08\/66ae2a9948fbef52031bbe61.jpg 1960w,            \" ><source data-srcset=\" \nhttps:\/\/now-news.de\/de\/wp-content\/uploads\/sites\/3\/2024\/08\/66ae2a9948fbef52031bbe61.jpg 460w,\n              https:\/\/now-news.de\/de\/wp-content\/uploads\/sites\/3\/2024\/08\/66ae2a9948fbef52031bbe61.jpg 980w,\n            \" ><!--[if IE 9]><\/video><![endif]--><img decoding=\"async\" data- src=\"data:image\/png;base64,iVBORw0KGgoAAAANSUhEUgAAABAAAAAJCAQAAACRI2S5AAAAEElEQVR42mNkIAAYRxWAAQAG9gAKqv6+AwAAAABJRU5ErkJggg==\" class=\"Picture-root Picture-original lazyload\" data-src=\"https:\/\/now-news.de\/de\/wp-content\/uploads\/sites\/3\/2024\/08\/66ae2a9948fbef52031bbe61.jpg\" alt=\"\"><\/source><\/source><\/picture><!-- noscript pattern --><noscript><img decoding=\"async\" src=\"https:\/\/now-news.de\/de\/wp-content\/uploads\/sites\/3\/2024\/08\/66ae2a9948fbef52031bbe61.jpg\" alt=\"\"><\/noscript><\/div><figcaption class=\"RTImage-footer\"><span class=\"RTImage-caption\"><span class=\"RTImage-captionItem\">Das &#8220;Schewtschenin- bzw. Lentschenko-Denkmal&#8221; im ukrainischen Dorf Kotljarka, Foto aus sozialen Netzwerken<\/span><\/span><span class=\"RTImage-source\"><span class=\"RTImage-captionItem\">Telegram\/RT<\/span><span class=\"RTImage-captionItem\"> \/ RT<\/span><\/span><\/figcaption><\/figure>\n<p>Ereignet hat sich der skurrile Vorgang im Dorf Kotljarka im Gebiet Schitomir. Es wird nicht berichtet, wann genau die Umgestaltung stattgefunden hat. Die Maidan-Ukraine meldete schon im Jahr\u00a02015, vollst\u00e4ndig &#8220;leninfrei&#8221; zu sein. Ein ukrainisches Gesetz verbietet seit 2014 jede Verwendung kommunistischer und sowjetischer Symbole sowie das \u00f6ffentliche Andenken an Pers\u00f6nlichkeiten der kommunistischen Bewegung und des sowjetischen Staates. Verst\u00f6\u00dfe dagegen werden mit Freiheitsstrafen bedroht, die auch regelm\u00e4\u00dfig <a rel=\"nofollow noopener\" target=\"_blank\" href=\"https:\/\/freedert.online\/europa\/174565-ukraine-drakonische-urteile-gegen-frauen-und-jugendliche\/\">ausgesprochen werden<\/a>.<\/p>\n<p>Das bekannteste Lenin-Denkmal der Ukraine, jenes in Kiew, das zudem unbestreitbaren k\u00fcnstlerischen Wert hatte, haben Anh\u00e4nger der rechtsextremen Partei Swoboda schon im Dezember\u00a02013 vom Sockel gest\u00fcrzt und zerst\u00f6rt.<\/p>\n<p>Wladimir Lenin gilt nicht nur als marxistischer Theoretiker und der erste erfolgreiche sozialistische Revolution\u00e4r der Weltgeschichte, sondern auch als Pate des ersten ukrainischen Staates von nennenswerter Dauer. Die Ukrainische Sozialistische Sowjetrepublik wurde auf sein pers\u00f6nliches Betreiben hin gegr\u00fcndet und als mit Russland gleichberechtigte Republik in die neu gegr\u00fcndete Union integriert. Dabei erhielt sie auch ethnisch mehrheitlich russische Gebiete zugeschlagen, und die proletarische Volksrepublik von Donezk und Kriwoi Rog wurden ihr auf seinen Befehl hin einverleibt.<\/p>\n<p>F\u00fcr die F\u00f6rderung des ukrainischen Nationalismus wurde Lenin unter anderem von Rosa Luxemburg scharf angegriffen, die das Ukrainertum 1918 in ihrem Manuskript &#8220;Zur russischen Revolution&#8221; als &#8220;nichts als eine einfache Schrulle, eine Fatzkerei von ein paar Dutzend kleinb\u00fcrgerlichen Intelligenzlern, ohne die geringsten Wurzeln in den wirtschaftlichen, politischen oder geistigen Verh\u00e4ltnissen des Landes, ohne jegliche historische Tradition&#8221; und die Gedichte Schewtschenkos als &#8220;reaktion\u00e4rromantisch&#8221; bezeichnete. Auch einen f\u00fcr Deutsche verst\u00e4ndlichen Vergleich zog Luxemburg damals:<\/p>\n<blockquote>\n<p><em>&#8220;Es ist f\u00f6rmlich, als wenn eines sch\u00f6nen Morgens die von der Wasserkante auf den Fritz Reuter hin eine neue plattdeutsche Nation und Staat gr\u00fcnden wollten. Und diese l\u00e4cherliche Posse von ein paar Universit\u00e4tsprofessoren und Studenten bauschten Lenin und Genossen durch ihre doktrin\u00e4re Agitation mit dem &#8216;Selbstbestimmungsrecht bis einschlie\u00dflich usw.&#8217; k\u00fcnstlich zu einem politischen Faktor auf. Sie verliehen der anf\u00e4nglichen Posse eine Wichtigkeit, bis die Posse zum blutigsten Ernst wurde: n\u00e4mlich nicht zu einer ernsten nationalen Bewegung, f\u00fcr die es nach wie vor gar keine Wurzeln gibt, sondern zum Aush\u00e4ngeschild und zur Sammelfahne der Konterrevolution! Aus diesem Windei krochen in Brest die deutschen Bajonette.&#8221;<\/em><\/p>\n<\/blockquote>\n<p>Staatsrechtlich betrachtet ist die moderne Ukraine die nahtlose Fortsetzung jener Ukrainischen Sozialistischen Sowjetrepublik, deren Gr\u00fcndungspate Lenin gewesen ist. Die Maidan-Ukrainer st\u00fcrzen seit 2013 quasi ihren eigenen Staatsgr\u00fcnder vom Sockel. Mit Blick auf die vorstehend zitierten Worte Luxemburgs ist es aber auch von d\u00fcsterer Symbolik, dass Lenin und der &#8220;Reaktion\u00e4rromantiker&#8221; Schewtschenko in dem Denkmal im Dorf Kotljarka zu einer Person verschmolzen sind. H\u00e4tte er doch lieber auf Luxemburg geh\u00f6rt!<\/p>\n<p><strong>Mehr zum Thema<\/strong> \u2013 <a rel=\"nofollow noopener\" target=\"_blank\" href=\"https:\/\/freedert.online\/meinung\/157452-wie-ukraine-ihr-kulturelles-und\/\">Wie die Ukraine ihr kulturelles und historisches Erbe zerst\u00f6rt<\/a><\/p>\n<\/div>\n<p><br \/>\n<br \/><a href=\"https:\/\/de.rt.com\/international\/214493-schewtschenko-mit-deutlichen-spuren-lenins\/\">Source link <\/a><\/p>\n","protected":false},"excerpt":{"rendered":"<p>Manchmal nimmt die ukrainische Bilderst\u00fcrmerei, dort &#8220;Dekommunisierung&#8221; genannt, urkomische Z\u00fcge an, die zugleich auf d\u00fcstere Weise unfreiwillig symbolisch sind. So geschehen im ukrainischen Dorf Kotljarka. wo man sich Lenins preiswert entledigen und den Nationaldichter Schewtschenko ebenso preiswert ehren wollte. Von Anton Gentzen Ein ukrainisches Dorf hat das \u00f6rtliche Lenin-Denkmal auf besonders eigenartige Weise &#8220;dekommunisiert&#8221;, wie [&hellip;]<\/p>\n","protected":false},"author":3,"featured_media":66058,"comment_status":"open","ping_status":"open","sticky":false,"template":"","format":"standard","meta":{"_yoast_indexnow_last_ping":["1722698483"],"wp_automatic_camp":["217"],"a4ad88efb51fe7977328a4de12c74013":["Schewtschenko mit deutlichen Spuren Lenins"],"original_link":["https:\/\/de.rt.com\/international\/214493-schewtschenko-mit-deutlichen-spuren-lenins\/"],"_thumbnail_id":["66058"],"_wptgpro_p2tg_sent2tg":["a:1:{i:23737;s:19:\"2024-08-03 17:22:31\";}"],"jnews_social_counter_last_update":["1777174121"]},"categories":[19,23],"tags":[34096,47489,419,57220,10583],"yoast_head":"<!-- This site is optimized with the Yoast SEO Premium plugin v22.7 (Yoast SEO v22.7) - https:\/\/yoast.com\/wordpress\/plugins\/seo\/ -->\n<title>Schewtschenko mit deutlichen Spuren Lenins - just-now.NEWS Deutschland<\/title>\n<meta name=\"robots\" content=\"index, follow, max-snippet:-1, max-image-preview:large, max-video-preview:-1\" \/>\n<link rel=\"canonical\" href=\"https:\/\/now-news.de\/de\/deutschland\/schewtschenko-mit-deutlichen-spuren-lenins\/\" \/>\n<meta property=\"og:locale\" content=\"de_DE\" \/>\n<meta property=\"og:type\" content=\"article\" \/>\n<meta property=\"og:title\" content=\"Schewtschenko mit deutlichen Spuren Lenins\" \/>\n<meta property=\"og:description\" content=\"Manchmal nimmt die ukrainische Bilderst\u00fcrmerei, dort &#8220;Dekommunisierung&#8221; genannt, urkomische Z\u00fcge an, die zugleich auf d\u00fcstere Weise unfreiwillig symbolisch sind. So geschehen im ukrainischen Dorf Kotljarka. wo man sich Lenins preiswert entledigen und den Nationaldichter Schewtschenko ebenso preiswert ehren wollte. Von Anton Gentzen Ein ukrainisches Dorf hat das \u00f6rtliche Lenin-Denkmal auf besonders eigenartige Weise &#8220;dekommunisiert&#8221;, wie [&hellip;]\" \/>\n<meta property=\"og:url\" content=\"https:\/\/now-news.de\/de\/deutschland\/schewtschenko-mit-deutlichen-spuren-lenins\/\" \/>\n<meta property=\"og:site_name\" content=\"just-now.NEWS Deutschland\" \/>\n<meta property=\"article:publisher\" content=\"https:\/\/www.facebook.com\/wirmachenauf\" \/>\n<meta property=\"article:published_time\" content=\"2024-08-03T15:05:39+00:00\" \/>\n<meta property=\"og:image\" content=\"https:\/\/now-news.de\/de\/wp-content\/uploads\/sites\/3\/2024\/08\/66ae2a9948fbef52031bbe61.jpg\" \/>\n<meta name=\"author\" content=\"rtnews\" \/>\n<meta name=\"twitter:card\" content=\"summary_large_image\" \/>\n<meta name=\"twitter:creator\" content=\"@WirMachenAuf_de\" \/>\n<meta name=\"twitter:site\" content=\"@WirMachenAuf_de\" \/>\n<meta name=\"twitter:label1\" content=\"Verfasst von\" \/>\n\t<meta name=\"twitter:data1\" content=\"rtnews\" \/>\n\t<meta name=\"twitter:label2\" content=\"Gesch\u00e4tzte Lesezeit\" \/>\n\t<meta name=\"twitter:data2\" content=\"3\u00a0Minuten\" \/>\n<script type=\"application\/ld+json\" class=\"yoast-schema-graph\">{\"@context\":\"https:\/\/schema.org\",\"@graph\":[{\"@type\":\"Article\",\"@id\":\"https:\/\/now-news.de\/de\/deutschland\/schewtschenko-mit-deutlichen-spuren-lenins\/#article\",\"isPartOf\":{\"@id\":\"https:\/\/now-news.de\/de\/deutschland\/schewtschenko-mit-deutlichen-spuren-lenins\/\"},\"author\":{\"name\":\"rtnews\",\"@id\":\"https:\/\/now-news.de\/de\/#\/schema\/person\/fb534a4e865501d8b3285208df34a9b5\"},\"headline\":\"Schewtschenko mit deutlichen Spuren Lenins\",\"datePublished\":\"2024-08-03T15:05:39+00:00\",\"dateModified\":\"2024-08-03T15:05:39+00:00\",\"mainEntityOfPage\":{\"@id\":\"https:\/\/now-news.de\/de\/deutschland\/schewtschenko-mit-deutlichen-spuren-lenins\/\"},\"wordCount\":631,\"commentCount\":0,\"publisher\":{\"@id\":\"https:\/\/now-news.de\/de\/#organization\"},\"image\":{\"@id\":\"https:\/\/now-news.de\/de\/deutschland\/schewtschenko-mit-deutlichen-spuren-lenins\/#primaryimage\"},\"thumbnailUrl\":\"https:\/\/now-news.de\/de\/wp-content\/uploads\/sites\/3\/2024\/08\/Schewtschenko-mit-deutlichen-Spuren-Lenins.jpg\",\"keywords\":[\"deutlichen\",\"Lenins\",\"mit\",\"Schewtschenko\",\"sp\u00fcren\"],\"articleSection\":[\"Deutschland\",\"Russland\"],\"inLanguage\":\"de\",\"potentialAction\":[{\"@type\":\"CommentAction\",\"name\":\"Comment\",\"target\":[\"https:\/\/now-news.de\/de\/deutschland\/schewtschenko-mit-deutlichen-spuren-lenins\/#respond\"]}]},{\"@type\":\"WebPage\",\"@id\":\"https:\/\/now-news.de\/de\/deutschland\/schewtschenko-mit-deutlichen-spuren-lenins\/\",\"url\":\"https:\/\/now-news.de\/de\/deutschland\/schewtschenko-mit-deutlichen-spuren-lenins\/\",\"name\":\"Schewtschenko mit deutlichen Spuren Lenins - just-now.NEWS Deutschland\",\"isPartOf\":{\"@id\":\"https:\/\/now-news.de\/de\/#website\"},\"primaryImageOfPage\":{\"@id\":\"https:\/\/now-news.de\/de\/deutschland\/schewtschenko-mit-deutlichen-spuren-lenins\/#primaryimage\"},\"image\":{\"@id\":\"https:\/\/now-news.de\/de\/deutschland\/schewtschenko-mit-deutlichen-spuren-lenins\/#primaryimage\"},\"thumbnailUrl\":\"https:\/\/now-news.de\/de\/wp-content\/uploads\/sites\/3\/2024\/08\/Schewtschenko-mit-deutlichen-Spuren-Lenins.jpg\",\"datePublished\":\"2024-08-03T15:05:39+00:00\",\"dateModified\":\"2024-08-03T15:05:39+00:00\",\"breadcrumb\":{\"@id\":\"https:\/\/now-news.de\/de\/deutschland\/schewtschenko-mit-deutlichen-spuren-lenins\/#breadcrumb\"},\"inLanguage\":\"de\",\"potentialAction\":[{\"@type\":\"ReadAction\",\"target\":[\"https:\/\/now-news.de\/de\/deutschland\/schewtschenko-mit-deutlichen-spuren-lenins\/\"]}]},{\"@type\":\"ImageObject\",\"inLanguage\":\"de\",\"@id\":\"https:\/\/now-news.de\/de\/deutschland\/schewtschenko-mit-deutlichen-spuren-lenins\/#primaryimage\",\"url\":\"https:\/\/now-news.de\/de\/wp-content\/uploads\/sites\/3\/2024\/08\/Schewtschenko-mit-deutlichen-Spuren-Lenins.jpg\",\"contentUrl\":\"https:\/\/now-news.de\/de\/wp-content\/uploads\/sites\/3\/2024\/08\/Schewtschenko-mit-deutlichen-Spuren-Lenins.jpg\",\"width\":456,\"height\":456,\"caption\":\"Schewtschenko mit deutlichen Spuren Lenins\"},{\"@type\":\"BreadcrumbList\",\"@id\":\"https:\/\/now-news.de\/de\/deutschland\/schewtschenko-mit-deutlichen-spuren-lenins\/#breadcrumb\",\"itemListElement\":[{\"@type\":\"ListItem\",\"position\":1,\"name\":\"Home\",\"item\":\"https:\/\/now-news.de\/de\/\"},{\"@type\":\"ListItem\",\"position\":2,\"name\":\"Schewtschenko mit deutlichen Spuren Lenins\"}]},{\"@type\":\"WebSite\",\"@id\":\"https:\/\/now-news.de\/de\/#website\",\"url\":\"https:\/\/now-news.de\/de\/\",\"name\":\"just-now.NEWS Deutschland\",\"description\":\"Das Portal f\u00fcr unzensierte Nachrichten aus der Welt\",\"publisher\":{\"@id\":\"https:\/\/now-news.de\/de\/#organization\"},\"potentialAction\":[{\"@type\":\"SearchAction\",\"target\":{\"@type\":\"EntryPoint\",\"urlTemplate\":\"https:\/\/now-news.de\/de\/?s={search_term_string}\"},\"query-input\":\"required name=search_term_string\"}],\"inLanguage\":\"de\"},{\"@type\":\"Organization\",\"@id\":\"https:\/\/now-news.de\/de\/#organization\",\"name\":\"Just Now News\",\"url\":\"https:\/\/now-news.de\/de\/\",\"logo\":{\"@type\":\"ImageObject\",\"inLanguage\":\"de\",\"@id\":\"https:\/\/now-news.de\/de\/#\/schema\/logo\/image\/\",\"url\":\"http:\/\/just-now.news\/de\/wp-content\/uploads\/sites\/3\/2022\/04\/logo500x500.jpg\",\"contentUrl\":\"http:\/\/just-now.news\/de\/wp-content\/uploads\/sites\/3\/2022\/04\/logo500x500.jpg\",\"width\":500,\"height\":500,\"caption\":\"Just Now News\"},\"image\":{\"@id\":\"https:\/\/now-news.de\/de\/#\/schema\/logo\/image\/\"},\"sameAs\":[\"https:\/\/www.facebook.com\/wirmachenauf\",\"https:\/\/x.com\/WirMachenAuf_de\"]},{\"@type\":\"Person\",\"@id\":\"https:\/\/now-news.de\/de\/#\/schema\/person\/fb534a4e865501d8b3285208df34a9b5\",\"name\":\"rtnews\",\"image\":{\"@type\":\"ImageObject\",\"inLanguage\":\"de\",\"@id\":\"https:\/\/now-news.de\/de\/#\/schema\/person\/image\/\",\"url\":\"https:\/\/secure.gravatar.com\/avatar\/82aafea7d8127119dd649515f56e2117?s=96&d=mm&r=g\",\"contentUrl\":\"https:\/\/secure.gravatar.com\/avatar\/82aafea7d8127119dd649515f56e2117?s=96&d=mm&r=g\",\"caption\":\"rtnews\"},\"url\":\"https:\/\/now-news.de\/de\/author\/rnews\/\"}]}<\/script>\n<!-- \/ Yoast SEO Premium plugin. -->","yoast_head_json":{"title":"Schewtschenko mit deutlichen Spuren Lenins - just-now.NEWS Deutschland","robots":{"index":"index","follow":"follow","max-snippet":"max-snippet:-1","max-image-preview":"max-image-preview:large","max-video-preview":"max-video-preview:-1"},"canonical":"https:\/\/now-news.de\/de\/deutschland\/schewtschenko-mit-deutlichen-spuren-lenins\/","og_locale":"de_DE","og_type":"article","og_title":"Schewtschenko mit deutlichen Spuren Lenins","og_description":"Manchmal nimmt die ukrainische Bilderst\u00fcrmerei, dort &#8220;Dekommunisierung&#8221; genannt, urkomische Z\u00fcge an, die zugleich auf d\u00fcstere Weise unfreiwillig symbolisch sind. So geschehen im ukrainischen Dorf Kotljarka. wo man sich Lenins preiswert entledigen und den Nationaldichter Schewtschenko ebenso preiswert ehren wollte. Von Anton Gentzen Ein ukrainisches Dorf hat das \u00f6rtliche Lenin-Denkmal auf besonders eigenartige Weise &#8220;dekommunisiert&#8221;, wie [&hellip;]","og_url":"https:\/\/now-news.de\/de\/deutschland\/schewtschenko-mit-deutlichen-spuren-lenins\/","og_site_name":"just-now.NEWS Deutschland","article_publisher":"https:\/\/www.facebook.com\/wirmachenauf","article_published_time":"2024-08-03T15:05:39+00:00","og_image":[{"url":"https:\/\/now-news.de\/de\/wp-content\/uploads\/sites\/3\/2024\/08\/66ae2a9948fbef52031bbe61.jpg"}],"author":"rtnews","twitter_card":"summary_large_image","twitter_creator":"@WirMachenAuf_de","twitter_site":"@WirMachenAuf_de","twitter_misc":{"Verfasst von":"rtnews","Gesch\u00e4tzte Lesezeit":"3\u00a0Minuten"},"schema":{"@context":"https:\/\/schema.org","@graph":[{"@type":"Article","@id":"https:\/\/now-news.de\/de\/deutschland\/schewtschenko-mit-deutlichen-spuren-lenins\/#article","isPartOf":{"@id":"https:\/\/now-news.de\/de\/deutschland\/schewtschenko-mit-deutlichen-spuren-lenins\/"},"author":{"name":"rtnews","@id":"https:\/\/now-news.de\/de\/#\/schema\/person\/fb534a4e865501d8b3285208df34a9b5"},"headline":"Schewtschenko mit deutlichen Spuren Lenins","datePublished":"2024-08-03T15:05:39+00:00","dateModified":"2024-08-03T15:05:39+00:00","mainEntityOfPage":{"@id":"https:\/\/now-news.de\/de\/deutschland\/schewtschenko-mit-deutlichen-spuren-lenins\/"},"wordCount":631,"commentCount":0,"publisher":{"@id":"https:\/\/now-news.de\/de\/#organization"},"image":{"@id":"https:\/\/now-news.de\/de\/deutschland\/schewtschenko-mit-deutlichen-spuren-lenins\/#primaryimage"},"thumbnailUrl":"https:\/\/now-news.de\/de\/wp-content\/uploads\/sites\/3\/2024\/08\/Schewtschenko-mit-deutlichen-Spuren-Lenins.jpg","keywords":["deutlichen","Lenins","mit","Schewtschenko","sp\u00fcren"],"articleSection":["Deutschland","Russland"],"inLanguage":"de","potentialAction":[{"@type":"CommentAction","name":"Comment","target":["https:\/\/now-news.de\/de\/deutschland\/schewtschenko-mit-deutlichen-spuren-lenins\/#respond"]}]},{"@type":"WebPage","@id":"https:\/\/now-news.de\/de\/deutschland\/schewtschenko-mit-deutlichen-spuren-lenins\/","url":"https:\/\/now-news.de\/de\/deutschland\/schewtschenko-mit-deutlichen-spuren-lenins\/","name":"Schewtschenko mit deutlichen Spuren Lenins - just-now.NEWS Deutschland","isPartOf":{"@id":"https:\/\/now-news.de\/de\/#website"},"primaryImageOfPage":{"@id":"https:\/\/now-news.de\/de\/deutschland\/schewtschenko-mit-deutlichen-spuren-lenins\/#primaryimage"},"image":{"@id":"https:\/\/now-news.de\/de\/deutschland\/schewtschenko-mit-deutlichen-spuren-lenins\/#primaryimage"},"thumbnailUrl":"https:\/\/now-news.de\/de\/wp-content\/uploads\/sites\/3\/2024\/08\/Schewtschenko-mit-deutlichen-Spuren-Lenins.jpg","datePublished":"2024-08-03T15:05:39+00:00","dateModified":"2024-08-03T15:05:39+00:00","breadcrumb":{"@id":"https:\/\/now-news.de\/de\/deutschland\/schewtschenko-mit-deutlichen-spuren-lenins\/#breadcrumb"},"inLanguage":"de","potentialAction":[{"@type":"ReadAction","target":["https:\/\/now-news.de\/de\/deutschland\/schewtschenko-mit-deutlichen-spuren-lenins\/"]}]},{"@type":"ImageObject","inLanguage":"de","@id":"https:\/\/now-news.de\/de\/deutschland\/schewtschenko-mit-deutlichen-spuren-lenins\/#primaryimage","url":"https:\/\/now-news.de\/de\/wp-content\/uploads\/sites\/3\/2024\/08\/Schewtschenko-mit-deutlichen-Spuren-Lenins.jpg","contentUrl":"https:\/\/now-news.de\/de\/wp-content\/uploads\/sites\/3\/2024\/08\/Schewtschenko-mit-deutlichen-Spuren-Lenins.jpg","width":456,"height":456,"caption":"Schewtschenko mit deutlichen Spuren Lenins"},{"@type":"BreadcrumbList","@id":"https:\/\/now-news.de\/de\/deutschland\/schewtschenko-mit-deutlichen-spuren-lenins\/#breadcrumb","itemListElement":[{"@type":"ListItem","position":1,"name":"Home","item":"https:\/\/now-news.de\/de\/"},{"@type":"ListItem","position":2,"name":"Schewtschenko mit deutlichen Spuren Lenins"}]},{"@type":"WebSite","@id":"https:\/\/now-news.de\/de\/#website","url":"https:\/\/now-news.de\/de\/","name":"just-now.NEWS Deutschland","description":"Das Portal f\u00fcr unzensierte Nachrichten aus der Welt","publisher":{"@id":"https:\/\/now-news.de\/de\/#organization"},"potentialAction":[{"@type":"SearchAction","target":{"@type":"EntryPoint","urlTemplate":"https:\/\/now-news.de\/de\/?s={search_term_string}"},"query-input":"required name=search_term_string"}],"inLanguage":"de"},{"@type":"Organization","@id":"https:\/\/now-news.de\/de\/#organization","name":"Just Now News","url":"https:\/\/now-news.de\/de\/","logo":{"@type":"ImageObject","inLanguage":"de","@id":"https:\/\/now-news.de\/de\/#\/schema\/logo\/image\/","url":"http:\/\/just-now.news\/de\/wp-content\/uploads\/sites\/3\/2022\/04\/logo500x500.jpg","contentUrl":"http:\/\/just-now.news\/de\/wp-content\/uploads\/sites\/3\/2022\/04\/logo500x500.jpg","width":500,"height":500,"caption":"Just Now News"},"image":{"@id":"https:\/\/now-news.de\/de\/#\/schema\/logo\/image\/"},"sameAs":["https:\/\/www.facebook.com\/wirmachenauf","https:\/\/x.com\/WirMachenAuf_de"]},{"@type":"Person","@id":"https:\/\/now-news.de\/de\/#\/schema\/person\/fb534a4e865501d8b3285208df34a9b5","name":"rtnews","image":{"@type":"ImageObject","inLanguage":"de","@id":"https:\/\/now-news.de\/de\/#\/schema\/person\/image\/","url":"https:\/\/secure.gravatar.com\/avatar\/82aafea7d8127119dd649515f56e2117?s=96&d=mm&r=g","contentUrl":"https:\/\/secure.gravatar.com\/avatar\/82aafea7d8127119dd649515f56e2117?s=96&d=mm&r=g","caption":"rtnews"},"url":"https:\/\/now-news.de\/de\/author\/rnews\/"}]}},"_links":{"self":[{"href":"https:\/\/now-news.de\/de\/wp-json\/wp\/v2\/posts\/66057"}],"collection":[{"href":"https:\/\/now-news.de\/de\/wp-json\/wp\/v2\/posts"}],"about":[{"href":"https:\/\/now-news.de\/de\/wp-json\/wp\/v2\/types\/post"}],"author":[{"embeddable":true,"href":"https:\/\/now-news.de\/de\/wp-json\/wp\/v2\/users\/3"}],"replies":[{"embeddable":true,"href":"https:\/\/now-news.de\/de\/wp-json\/wp\/v2\/comments?post=66057"}],"version-history":[{"count":0,"href":"https:\/\/now-news.de\/de\/wp-json\/wp\/v2\/posts\/66057\/revisions"}],"wp:featuredmedia":[{"embeddable":true,"href":"https:\/\/now-news.de\/de\/wp-json\/wp\/v2\/media\/66058"}],"wp:attachment":[{"href":"https:\/\/now-news.de\/de\/wp-json\/wp\/v2\/media?parent=66057"}],"wp:term":[{"taxonomy":"category","embeddable":true,"href":"https:\/\/now-news.de\/de\/wp-json\/wp\/v2\/categories?post=66057"},{"taxonomy":"post_tag","embeddable":true,"href":"https:\/\/now-news.de\/de\/wp-json\/wp\/v2\/tags?post=66057"}],"curies":[{"name":"wp","href":"https:\/\/api.w.org\/{rel}","templated":true}]}}