{"id":66048,"date":"2024-08-03T13:22:25","date_gmt":"2024-08-03T11:22:25","guid":{"rendered":"https:\/\/now-news.de\/de\/deutschland\/selenskij-nennt-hauptbeduerfnis-der-ukraine-diesen-krieg-moeglichst-schnell-und-fair-beenden\/"},"modified":"2024-08-03T13:22:25","modified_gmt":"2024-08-03T11:22:25","slug":"selenskij-nennt-hauptbeduerfnis-der-ukraine-diesen-krieg-moeglichst-schnell-und-fair-beenden","status":"publish","type":"post","link":"https:\/\/now-news.de\/de\/deutschland\/selenskij-nennt-hauptbeduerfnis-der-ukraine-diesen-krieg-moeglichst-schnell-und-fair-beenden\/","title":{"rendered":"Selenskij nennt Hauptbed\u00fcrfnis der Ukraine: &quot;Diesen Krieg m\u00f6glichst schnell und fair beenden&quot;"},"content":{"rendered":"<p><img decoding=\"async\" src=\"https:\/\/now-news.de\/de\/wp-content\/uploads\/sites\/3\/2024\/08\/66adff8948fbef5687545a33.jpg\" \/><\/p>\n<div class=\"Text-root Text-type_1 \">\n                Aus Kiew kommen vermehrt Signale, die den Wunsch der ukrainischen F\u00fchrung nach einem m\u00f6glichst schnellen Ende des Krieges deutlich machen. Zuletzt hat Pr\u00e4sident Wladimir Selenskij dieses Ziel als Hauptbed\u00fcrfnis bezeichnet. Ihm zufolge solle dies aber auf faire Weise geschehen.\n            <\/div>\n<p><\/p>\n<div class=\"Text-root Text-type_5 ArticleView-text ViewText-root \">\n<p>Der ukrainische Pr\u00e4sident Wladimir Selenskij hat nach eigenen Angaben ein Treffen mit seinem au\u00dfenpolitischen Team abgehalten, um die &#8220;besonderen M\u00f6glichkeiten&#8221; des Landes im Bereich der Au\u00dfenpolitik zu er\u00f6rtern. In seiner t\u00e4glichen Ansprache sagte der Politiker am Freitagabend, dass diese M\u00f6glichkeiten es seiner Regierung erlauben, die Ukraine in der internationalen Arena im Rampenlicht zu halten, die internationale Unterst\u00fctzung f\u00fcr sein Land zu st\u00e4rken und den Partnerl\u00e4ndern die Bed\u00fcrfnisse der Ukraine deutlich zu machen. Dabei <a rel=\"nofollow noopener\" target=\"_blank\" href=\"https:\/\/twitter.com\/ZelenskyyUa\/status\/1819415018019881011\">betonte<\/a> Selenskij:<\/p>\n<blockquote>\n<p><em>&#8220;Das wichtigste Bed\u00fcrfnis besteht darin, diesen Krieg m\u00f6glichst schnell und fair zu beenden.&#8221;<\/em><\/p>\n<\/blockquote>\n<p>Gleichzeitig pries Selenskij die Einigkeit des ukrainischen Volkes und die Einigkeit der Welt &#8220;f\u00fcr die richtige Sache&#8221;. Diese Einigkeit helfe den Ukrainern, in diesem Krieg so viel durchzustehen und zu erreichen. F\u00fcr diesen August k\u00fcndigte der Politiker Neuigkeiten an, die diese gesellschaftliche St\u00e4rkung\u00a0an den Tag legen sollen.<\/p>\n<div class=\"EmbedBlock-root EmbedBlock-twitter\">\n<div class=\"TwitterEmbed\">\n<blockquote class=\"twitter-tweet lazyload\" data-twitter=\"twitter-tweet\">\n<p lang=\"en\" dir=\"ltr\">Today, I held a meeting with our foreign affairs team regarding our special foreign policy opportunities. These opportunities are available to our state thanks to many Ukrainians and millions of citizens from other countries who believe in Ukraine and support us.These\u2026 <a rel=\"nofollow noopener\" target=\"_blank\" href=\"https:\/\/t.co\/lHrtlrzq0R\">pic.twitter.com\/lHrtlrzq0R<\/a><\/p>\n<p>\u2014 Volodymyr Zelenskyy \/ \u0412\u043e\u043b\u043e\u0434\u0438\u043c\u0438\u0440 \u0417\u0435\u043b\u0435\u043d\u0441\u044c\u043a\u0438\u0439 (@ZelenskyyUa) <a rel=\"nofollow noopener\" target=\"_blank\" href=\"https:\/\/twitter.com\/ZelenskyyUa\/status\/1819415018019881011?ref_src=twsrc%5Etfw\">August 2, 2024<\/a><\/p><\/blockquote>\n<\/div>\n<\/div>\n<p>Zuvor hatte sich Selenskij bereit gezeigt, den Frieden mit Russland\u00a0unter Hinzuziehung\u00a0westlicher Unterst\u00fctzung mit diplomatischen Mitteln zu suchen. Dabei rief er dazu auf, das Format der Ukraine-Friedensgipfel fortzusetzen. Au\u00dferdem gab der Politiker zu, dass die internationale Gemeinschaft beim n\u00e4chsten Treffen im November auch Vertreter aus Russland sehen m\u00f6chte, und schloss daher eine Einladung nicht aus.<\/p>\n<p>Auch aus Russland kamen zuletzt positive Signale. Demnach falle die Bereitschaft der Ukraine zu Friedensverhandlungen mit der Position des Kremls zusammen, wonach der diplomatische Weg vorzuziehen sei. Zugleich merkten Vertreter\u00a0der Russischen F\u00f6deration\u00a0an, dass die j\u00fcngsten Erkl\u00e4rungen der Regierung in Kiew im Kontext der &#8220;katastrophalen&#8221; Situation der ukrainischen Streitkr\u00e4fte auf dem Schlachtfeld gefallen seien. Wenn die Ukraine tats\u00e4chlich verhandlungsbereit sei, m\u00fcsse sie die Bedingungen des russischen Pr\u00e4sidenten Wladimir Putin beachten.<\/p>\n<p>Mitte Juni hatte der Kremlchef in seinem Friedensplan gefordert, dass sich die ukrainischen Streitkr\u00e4fte aus den neuen russischen Regionen,\u00a0also aus den Gebieten Cherson und Saporoschje sowie den Volksrepubliken Donezk und Lugansk, zur\u00fcckziehen sollten und dass die ukrainische Regierung diese Territorien samt der Schwarzmeer-Halbinsel Krim als Russlands Hoheitsgebiet anerkennen sollte. Dar\u00fcber hinaus sollte die Ukraine ein neutrales Land bleiben.<\/p>\n<p><strong>Mehr zum Thema<\/strong>\u00a0\u2012 <a rel=\"nofollow noopener\" target=\"_blank\" href=\"https:\/\/freedert.online\/international\/214322-washington-geld-fuer-ukraine-aufzutreiben\/\">Washington: Geld f\u00fcr die Ukraine aufzutreiben wird &#8220;immer gr\u00f6\u00dfere Herausforderung&#8221;<\/a><\/p>\n<\/div>\n<p><script async src=\"https:\/\/platform.twitter.com\/widgets.js\" charset=\"utf-8\"><\/script><br \/>\n<br \/><br \/>\n<br \/><a href=\"https:\/\/de.rt.com\/europa\/214471-selenskij-nennt-hauptbeduerfnis-der-ukraine\/\">Source link <\/a><\/p>\n","protected":false},"excerpt":{"rendered":"<p>Aus Kiew kommen vermehrt Signale, die den Wunsch der ukrainischen F\u00fchrung nach einem m\u00f6glichst schnellen Ende des Krieges deutlich machen. Zuletzt hat Pr\u00e4sident Wladimir Selenskij dieses Ziel als Hauptbed\u00fcrfnis bezeichnet. Ihm zufolge solle dies aber auf faire Weise geschehen. Der ukrainische Pr\u00e4sident Wladimir Selenskij hat nach eigenen Angaben ein Treffen mit seinem au\u00dfenpolitischen Team abgehalten, [&hellip;]<\/p>\n","protected":false},"author":3,"featured_media":66049,"comment_status":"open","ping_status":"open","sticky":false,"template":"","format":"standard","meta":{"_yoast_indexnow_last_ping":["1722684985"],"wp_automatic_camp":["217"],"4a7844d97a3f63231f65e2bdc1cf0cd7":["Selenskij nennt Hauptbed\u00fcrfnis der Ukraine: &quot;Diesen Krieg m\u00f6glichst schnell und fair beenden&quot;"],"original_link":["https:\/\/de.rt.com\/europa\/214471-selenskij-nennt-hauptbeduerfnis-der-ukraine\/"],"_thumbnail_id":["66049"],"jnews_social_counter_last_update":["1777585668"],"_wptgpro_p2tg_sent2tg":["a:1:{i:23737;s:19:\"2024-08-03 13:37:42\";}"]},"categories":[19,23],"tags":[37501,82,28522,57216,130,37618,6986,30042,8550,6158,127,140],"yoast_head":"<!-- This site is optimized with the Yoast SEO Premium plugin v22.7 (Yoast SEO v22.7) - https:\/\/yoast.com\/wordpress\/plugins\/seo\/ -->\n<title>Selenskij nennt Hauptbed\u00fcrfnis der Ukraine: &quot;Diesen Krieg m\u00f6glichst schnell und fair beenden&quot; - just-now.NEWS Deutschland<\/title>\n<meta name=\"robots\" content=\"index, follow, max-snippet:-1, max-image-preview:large, max-video-preview:-1\" \/>\n<link rel=\"canonical\" href=\"https:\/\/now-news.de\/de\/deutschland\/selenskij-nennt-hauptbeduerfnis-der-ukraine-diesen-krieg-moeglichst-schnell-und-fair-beenden\/\" \/>\n<meta property=\"og:locale\" content=\"de_DE\" \/>\n<meta property=\"og:type\" content=\"article\" \/>\n<meta property=\"og:title\" content=\"Selenskij nennt Hauptbed\u00fcrfnis der Ukraine: &quot;Diesen Krieg m\u00f6glichst schnell und fair beenden&quot;\" \/>\n<meta property=\"og:description\" content=\"Aus Kiew kommen vermehrt Signale, die den Wunsch der ukrainischen F\u00fchrung nach einem m\u00f6glichst schnellen Ende des Krieges deutlich machen. Zuletzt hat Pr\u00e4sident Wladimir Selenskij dieses Ziel als Hauptbed\u00fcrfnis bezeichnet. Ihm zufolge solle dies aber auf faire Weise geschehen. Der ukrainische Pr\u00e4sident Wladimir Selenskij hat nach eigenen Angaben ein Treffen mit seinem au\u00dfenpolitischen Team abgehalten, [&hellip;]\" \/>\n<meta property=\"og:url\" content=\"https:\/\/now-news.de\/de\/deutschland\/selenskij-nennt-hauptbeduerfnis-der-ukraine-diesen-krieg-moeglichst-schnell-und-fair-beenden\/\" \/>\n<meta property=\"og:site_name\" content=\"just-now.NEWS Deutschland\" \/>\n<meta property=\"article:publisher\" content=\"https:\/\/www.facebook.com\/wirmachenauf\" \/>\n<meta property=\"article:published_time\" content=\"2024-08-03T11:22:25+00:00\" \/>\n<meta property=\"og:image\" content=\"https:\/\/now-news.de\/de\/wp-content\/uploads\/sites\/3\/2024\/08\/66adff8948fbef5687545a33.jpg\" \/>\n<meta name=\"author\" content=\"rtnews\" \/>\n<meta name=\"twitter:card\" content=\"summary_large_image\" \/>\n<meta name=\"twitter:creator\" content=\"@WirMachenAuf_de\" \/>\n<meta name=\"twitter:site\" content=\"@WirMachenAuf_de\" \/>\n<meta name=\"twitter:label1\" content=\"Verfasst von\" \/>\n\t<meta name=\"twitter:data1\" content=\"rtnews\" \/>\n\t<meta name=\"twitter:label2\" content=\"Gesch\u00e4tzte Lesezeit\" \/>\n\t<meta name=\"twitter:data2\" content=\"2\u00a0Minuten\" \/>\n<script type=\"application\/ld+json\" class=\"yoast-schema-graph\">{\"@context\":\"https:\/\/schema.org\",\"@graph\":[{\"@type\":\"Article\",\"@id\":\"https:\/\/now-news.de\/de\/deutschland\/selenskij-nennt-hauptbeduerfnis-der-ukraine-diesen-krieg-moeglichst-schnell-und-fair-beenden\/#article\",\"isPartOf\":{\"@id\":\"https:\/\/now-news.de\/de\/deutschland\/selenskij-nennt-hauptbeduerfnis-der-ukraine-diesen-krieg-moeglichst-schnell-und-fair-beenden\/\"},\"author\":{\"name\":\"rtnews\",\"@id\":\"https:\/\/now-news.de\/de\/#\/schema\/person\/fb534a4e865501d8b3285208df34a9b5\"},\"headline\":\"Selenskij nennt Hauptbed\u00fcrfnis der Ukraine: &quot;Diesen Krieg m\u00f6glichst schnell und fair beenden&quot;\",\"datePublished\":\"2024-08-03T11:22:25+00:00\",\"dateModified\":\"2024-08-03T11:22:25+00:00\",\"mainEntityOfPage\":{\"@id\":\"https:\/\/now-news.de\/de\/deutschland\/selenskij-nennt-hauptbeduerfnis-der-ukraine-diesen-krieg-moeglichst-schnell-und-fair-beenden\/\"},\"wordCount\":485,\"commentCount\":0,\"publisher\":{\"@id\":\"https:\/\/now-news.de\/de\/#organization\"},\"image\":{\"@id\":\"https:\/\/now-news.de\/de\/deutschland\/selenskij-nennt-hauptbeduerfnis-der-ukraine-diesen-krieg-moeglichst-schnell-und-fair-beenden\/#primaryimage\"},\"thumbnailUrl\":\"https:\/\/now-news.de\/de\/wp-content\/uploads\/sites\/3\/2024\/08\/Selenskij-nennt-Hauptbeduerfnis-der-Ukraine-quotDiesen-Krieg-moeglichst-schnell-und.jpg\",\"keywords\":[\"beendenquot\",\"der\",\"Fair\",\"Hauptbed\u00fcrfnis\",\"krieg\",\"m\u00f6glichst\",\"nennt\",\"quotDiesen\",\"schnell\",\"Selenskij\",\"ukraine\",\"und\"],\"articleSection\":[\"Deutschland\",\"Russland\"],\"inLanguage\":\"de\",\"potentialAction\":[{\"@type\":\"CommentAction\",\"name\":\"Comment\",\"target\":[\"https:\/\/now-news.de\/de\/deutschland\/selenskij-nennt-hauptbeduerfnis-der-ukraine-diesen-krieg-moeglichst-schnell-und-fair-beenden\/#respond\"]}]},{\"@type\":\"WebPage\",\"@id\":\"https:\/\/now-news.de\/de\/deutschland\/selenskij-nennt-hauptbeduerfnis-der-ukraine-diesen-krieg-moeglichst-schnell-und-fair-beenden\/\",\"url\":\"https:\/\/now-news.de\/de\/deutschland\/selenskij-nennt-hauptbeduerfnis-der-ukraine-diesen-krieg-moeglichst-schnell-und-fair-beenden\/\",\"name\":\"Selenskij nennt Hauptbed\u00fcrfnis der Ukraine: &quot;Diesen Krieg m\u00f6glichst schnell und fair beenden&quot; - just-now.NEWS Deutschland\",\"isPartOf\":{\"@id\":\"https:\/\/now-news.de\/de\/#website\"},\"primaryImageOfPage\":{\"@id\":\"https:\/\/now-news.de\/de\/deutschland\/selenskij-nennt-hauptbeduerfnis-der-ukraine-diesen-krieg-moeglichst-schnell-und-fair-beenden\/#primaryimage\"},\"image\":{\"@id\":\"https:\/\/now-news.de\/de\/deutschland\/selenskij-nennt-hauptbeduerfnis-der-ukraine-diesen-krieg-moeglichst-schnell-und-fair-beenden\/#primaryimage\"},\"thumbnailUrl\":\"https:\/\/now-news.de\/de\/wp-content\/uploads\/sites\/3\/2024\/08\/Selenskij-nennt-Hauptbeduerfnis-der-Ukraine-quotDiesen-Krieg-moeglichst-schnell-und.jpg\",\"datePublished\":\"2024-08-03T11:22:25+00:00\",\"dateModified\":\"2024-08-03T11:22:25+00:00\",\"breadcrumb\":{\"@id\":\"https:\/\/now-news.de\/de\/deutschland\/selenskij-nennt-hauptbeduerfnis-der-ukraine-diesen-krieg-moeglichst-schnell-und-fair-beenden\/#breadcrumb\"},\"inLanguage\":\"de\",\"potentialAction\":[{\"@type\":\"ReadAction\",\"target\":[\"https:\/\/now-news.de\/de\/deutschland\/selenskij-nennt-hauptbeduerfnis-der-ukraine-diesen-krieg-moeglichst-schnell-und-fair-beenden\/\"]}]},{\"@type\":\"ImageObject\",\"inLanguage\":\"de\",\"@id\":\"https:\/\/now-news.de\/de\/deutschland\/selenskij-nennt-hauptbeduerfnis-der-ukraine-diesen-krieg-moeglichst-schnell-und-fair-beenden\/#primaryimage\",\"url\":\"https:\/\/now-news.de\/de\/wp-content\/uploads\/sites\/3\/2024\/08\/Selenskij-nennt-Hauptbeduerfnis-der-Ukraine-quotDiesen-Krieg-moeglichst-schnell-und.jpg\",\"contentUrl\":\"https:\/\/now-news.de\/de\/wp-content\/uploads\/sites\/3\/2024\/08\/Selenskij-nennt-Hauptbeduerfnis-der-Ukraine-quotDiesen-Krieg-moeglichst-schnell-und.jpg\",\"width\":460,\"height\":259,\"caption\":\"Selenskij nennt Hauptbed\u00fcrfnis der Ukraine: &quot;Diesen Krieg m\u00f6glichst schnell und fair beenden&quot;\"},{\"@type\":\"BreadcrumbList\",\"@id\":\"https:\/\/now-news.de\/de\/deutschland\/selenskij-nennt-hauptbeduerfnis-der-ukraine-diesen-krieg-moeglichst-schnell-und-fair-beenden\/#breadcrumb\",\"itemListElement\":[{\"@type\":\"ListItem\",\"position\":1,\"name\":\"Home\",\"item\":\"https:\/\/now-news.de\/de\/\"},{\"@type\":\"ListItem\",\"position\":2,\"name\":\"Selenskij nennt Hauptbed\u00fcrfnis der Ukraine: &quot;Diesen Krieg m\u00f6glichst schnell und fair beenden&quot;\"}]},{\"@type\":\"WebSite\",\"@id\":\"https:\/\/now-news.de\/de\/#website\",\"url\":\"https:\/\/now-news.de\/de\/\",\"name\":\"just-now.NEWS Deutschland\",\"description\":\"Das Portal f\u00fcr unzensierte Nachrichten aus der Welt\",\"publisher\":{\"@id\":\"https:\/\/now-news.de\/de\/#organization\"},\"potentialAction\":[{\"@type\":\"SearchAction\",\"target\":{\"@type\":\"EntryPoint\",\"urlTemplate\":\"https:\/\/now-news.de\/de\/?s={search_term_string}\"},\"query-input\":\"required name=search_term_string\"}],\"inLanguage\":\"de\"},{\"@type\":\"Organization\",\"@id\":\"https:\/\/now-news.de\/de\/#organization\",\"name\":\"Just Now News\",\"url\":\"https:\/\/now-news.de\/de\/\",\"logo\":{\"@type\":\"ImageObject\",\"inLanguage\":\"de\",\"@id\":\"https:\/\/now-news.de\/de\/#\/schema\/logo\/image\/\",\"url\":\"http:\/\/just-now.news\/de\/wp-content\/uploads\/sites\/3\/2022\/04\/logo500x500.jpg\",\"contentUrl\":\"http:\/\/just-now.news\/de\/wp-content\/uploads\/sites\/3\/2022\/04\/logo500x500.jpg\",\"width\":500,\"height\":500,\"caption\":\"Just Now News\"},\"image\":{\"@id\":\"https:\/\/now-news.de\/de\/#\/schema\/logo\/image\/\"},\"sameAs\":[\"https:\/\/www.facebook.com\/wirmachenauf\",\"https:\/\/x.com\/WirMachenAuf_de\"]},{\"@type\":\"Person\",\"@id\":\"https:\/\/now-news.de\/de\/#\/schema\/person\/fb534a4e865501d8b3285208df34a9b5\",\"name\":\"rtnews\",\"image\":{\"@type\":\"ImageObject\",\"inLanguage\":\"de\",\"@id\":\"https:\/\/now-news.de\/de\/#\/schema\/person\/image\/\",\"url\":\"https:\/\/secure.gravatar.com\/avatar\/82aafea7d8127119dd649515f56e2117?s=96&d=mm&r=g\",\"contentUrl\":\"https:\/\/secure.gravatar.com\/avatar\/82aafea7d8127119dd649515f56e2117?s=96&d=mm&r=g\",\"caption\":\"rtnews\"},\"url\":\"https:\/\/now-news.de\/de\/author\/rnews\/\"}]}<\/script>\n<!-- \/ Yoast SEO Premium plugin. -->","yoast_head_json":{"title":"Selenskij nennt Hauptbed\u00fcrfnis der Ukraine: &quot;Diesen Krieg m\u00f6glichst schnell und fair beenden&quot; - just-now.NEWS Deutschland","robots":{"index":"index","follow":"follow","max-snippet":"max-snippet:-1","max-image-preview":"max-image-preview:large","max-video-preview":"max-video-preview:-1"},"canonical":"https:\/\/now-news.de\/de\/deutschland\/selenskij-nennt-hauptbeduerfnis-der-ukraine-diesen-krieg-moeglichst-schnell-und-fair-beenden\/","og_locale":"de_DE","og_type":"article","og_title":"Selenskij nennt Hauptbed\u00fcrfnis der Ukraine: &quot;Diesen Krieg m\u00f6glichst schnell und fair beenden&quot;","og_description":"Aus Kiew kommen vermehrt Signale, die den Wunsch der ukrainischen F\u00fchrung nach einem m\u00f6glichst schnellen Ende des Krieges deutlich machen. Zuletzt hat Pr\u00e4sident Wladimir Selenskij dieses Ziel als Hauptbed\u00fcrfnis bezeichnet. Ihm zufolge solle dies aber auf faire Weise geschehen. Der ukrainische Pr\u00e4sident Wladimir Selenskij hat nach eigenen Angaben ein Treffen mit seinem au\u00dfenpolitischen Team abgehalten, [&hellip;]","og_url":"https:\/\/now-news.de\/de\/deutschland\/selenskij-nennt-hauptbeduerfnis-der-ukraine-diesen-krieg-moeglichst-schnell-und-fair-beenden\/","og_site_name":"just-now.NEWS Deutschland","article_publisher":"https:\/\/www.facebook.com\/wirmachenauf","article_published_time":"2024-08-03T11:22:25+00:00","og_image":[{"url":"https:\/\/now-news.de\/de\/wp-content\/uploads\/sites\/3\/2024\/08\/66adff8948fbef5687545a33.jpg"}],"author":"rtnews","twitter_card":"summary_large_image","twitter_creator":"@WirMachenAuf_de","twitter_site":"@WirMachenAuf_de","twitter_misc":{"Verfasst von":"rtnews","Gesch\u00e4tzte Lesezeit":"2\u00a0Minuten"},"schema":{"@context":"https:\/\/schema.org","@graph":[{"@type":"Article","@id":"https:\/\/now-news.de\/de\/deutschland\/selenskij-nennt-hauptbeduerfnis-der-ukraine-diesen-krieg-moeglichst-schnell-und-fair-beenden\/#article","isPartOf":{"@id":"https:\/\/now-news.de\/de\/deutschland\/selenskij-nennt-hauptbeduerfnis-der-ukraine-diesen-krieg-moeglichst-schnell-und-fair-beenden\/"},"author":{"name":"rtnews","@id":"https:\/\/now-news.de\/de\/#\/schema\/person\/fb534a4e865501d8b3285208df34a9b5"},"headline":"Selenskij nennt Hauptbed\u00fcrfnis der Ukraine: &quot;Diesen Krieg m\u00f6glichst schnell und fair beenden&quot;","datePublished":"2024-08-03T11:22:25+00:00","dateModified":"2024-08-03T11:22:25+00:00","mainEntityOfPage":{"@id":"https:\/\/now-news.de\/de\/deutschland\/selenskij-nennt-hauptbeduerfnis-der-ukraine-diesen-krieg-moeglichst-schnell-und-fair-beenden\/"},"wordCount":485,"commentCount":0,"publisher":{"@id":"https:\/\/now-news.de\/de\/#organization"},"image":{"@id":"https:\/\/now-news.de\/de\/deutschland\/selenskij-nennt-hauptbeduerfnis-der-ukraine-diesen-krieg-moeglichst-schnell-und-fair-beenden\/#primaryimage"},"thumbnailUrl":"https:\/\/now-news.de\/de\/wp-content\/uploads\/sites\/3\/2024\/08\/Selenskij-nennt-Hauptbeduerfnis-der-Ukraine-quotDiesen-Krieg-moeglichst-schnell-und.jpg","keywords":["beendenquot","der","Fair","Hauptbed\u00fcrfnis","krieg","m\u00f6glichst","nennt","quotDiesen","schnell","Selenskij","ukraine","und"],"articleSection":["Deutschland","Russland"],"inLanguage":"de","potentialAction":[{"@type":"CommentAction","name":"Comment","target":["https:\/\/now-news.de\/de\/deutschland\/selenskij-nennt-hauptbeduerfnis-der-ukraine-diesen-krieg-moeglichst-schnell-und-fair-beenden\/#respond"]}]},{"@type":"WebPage","@id":"https:\/\/now-news.de\/de\/deutschland\/selenskij-nennt-hauptbeduerfnis-der-ukraine-diesen-krieg-moeglichst-schnell-und-fair-beenden\/","url":"https:\/\/now-news.de\/de\/deutschland\/selenskij-nennt-hauptbeduerfnis-der-ukraine-diesen-krieg-moeglichst-schnell-und-fair-beenden\/","name":"Selenskij nennt Hauptbed\u00fcrfnis der Ukraine: &quot;Diesen Krieg m\u00f6glichst schnell und fair beenden&quot; - just-now.NEWS Deutschland","isPartOf":{"@id":"https:\/\/now-news.de\/de\/#website"},"primaryImageOfPage":{"@id":"https:\/\/now-news.de\/de\/deutschland\/selenskij-nennt-hauptbeduerfnis-der-ukraine-diesen-krieg-moeglichst-schnell-und-fair-beenden\/#primaryimage"},"image":{"@id":"https:\/\/now-news.de\/de\/deutschland\/selenskij-nennt-hauptbeduerfnis-der-ukraine-diesen-krieg-moeglichst-schnell-und-fair-beenden\/#primaryimage"},"thumbnailUrl":"https:\/\/now-news.de\/de\/wp-content\/uploads\/sites\/3\/2024\/08\/Selenskij-nennt-Hauptbeduerfnis-der-Ukraine-quotDiesen-Krieg-moeglichst-schnell-und.jpg","datePublished":"2024-08-03T11:22:25+00:00","dateModified":"2024-08-03T11:22:25+00:00","breadcrumb":{"@id":"https:\/\/now-news.de\/de\/deutschland\/selenskij-nennt-hauptbeduerfnis-der-ukraine-diesen-krieg-moeglichst-schnell-und-fair-beenden\/#breadcrumb"},"inLanguage":"de","potentialAction":[{"@type":"ReadAction","target":["https:\/\/now-news.de\/de\/deutschland\/selenskij-nennt-hauptbeduerfnis-der-ukraine-diesen-krieg-moeglichst-schnell-und-fair-beenden\/"]}]},{"@type":"ImageObject","inLanguage":"de","@id":"https:\/\/now-news.de\/de\/deutschland\/selenskij-nennt-hauptbeduerfnis-der-ukraine-diesen-krieg-moeglichst-schnell-und-fair-beenden\/#primaryimage","url":"https:\/\/now-news.de\/de\/wp-content\/uploads\/sites\/3\/2024\/08\/Selenskij-nennt-Hauptbeduerfnis-der-Ukraine-quotDiesen-Krieg-moeglichst-schnell-und.jpg","contentUrl":"https:\/\/now-news.de\/de\/wp-content\/uploads\/sites\/3\/2024\/08\/Selenskij-nennt-Hauptbeduerfnis-der-Ukraine-quotDiesen-Krieg-moeglichst-schnell-und.jpg","width":460,"height":259,"caption":"Selenskij nennt Hauptbed\u00fcrfnis der Ukraine: &quot;Diesen Krieg m\u00f6glichst schnell und fair beenden&quot;"},{"@type":"BreadcrumbList","@id":"https:\/\/now-news.de\/de\/deutschland\/selenskij-nennt-hauptbeduerfnis-der-ukraine-diesen-krieg-moeglichst-schnell-und-fair-beenden\/#breadcrumb","itemListElement":[{"@type":"ListItem","position":1,"name":"Home","item":"https:\/\/now-news.de\/de\/"},{"@type":"ListItem","position":2,"name":"Selenskij nennt Hauptbed\u00fcrfnis der Ukraine: &quot;Diesen Krieg m\u00f6glichst schnell und fair beenden&quot;"}]},{"@type":"WebSite","@id":"https:\/\/now-news.de\/de\/#website","url":"https:\/\/now-news.de\/de\/","name":"just-now.NEWS Deutschland","description":"Das Portal f\u00fcr unzensierte Nachrichten aus der Welt","publisher":{"@id":"https:\/\/now-news.de\/de\/#organization"},"potentialAction":[{"@type":"SearchAction","target":{"@type":"EntryPoint","urlTemplate":"https:\/\/now-news.de\/de\/?s={search_term_string}"},"query-input":"required name=search_term_string"}],"inLanguage":"de"},{"@type":"Organization","@id":"https:\/\/now-news.de\/de\/#organization","name":"Just Now News","url":"https:\/\/now-news.de\/de\/","logo":{"@type":"ImageObject","inLanguage":"de","@id":"https:\/\/now-news.de\/de\/#\/schema\/logo\/image\/","url":"http:\/\/just-now.news\/de\/wp-content\/uploads\/sites\/3\/2022\/04\/logo500x500.jpg","contentUrl":"http:\/\/just-now.news\/de\/wp-content\/uploads\/sites\/3\/2022\/04\/logo500x500.jpg","width":500,"height":500,"caption":"Just Now News"},"image":{"@id":"https:\/\/now-news.de\/de\/#\/schema\/logo\/image\/"},"sameAs":["https:\/\/www.facebook.com\/wirmachenauf","https:\/\/x.com\/WirMachenAuf_de"]},{"@type":"Person","@id":"https:\/\/now-news.de\/de\/#\/schema\/person\/fb534a4e865501d8b3285208df34a9b5","name":"rtnews","image":{"@type":"ImageObject","inLanguage":"de","@id":"https:\/\/now-news.de\/de\/#\/schema\/person\/image\/","url":"https:\/\/secure.gravatar.com\/avatar\/82aafea7d8127119dd649515f56e2117?s=96&d=mm&r=g","contentUrl":"https:\/\/secure.gravatar.com\/avatar\/82aafea7d8127119dd649515f56e2117?s=96&d=mm&r=g","caption":"rtnews"},"url":"https:\/\/now-news.de\/de\/author\/rnews\/"}]}},"_links":{"self":[{"href":"https:\/\/now-news.de\/de\/wp-json\/wp\/v2\/posts\/66048"}],"collection":[{"href":"https:\/\/now-news.de\/de\/wp-json\/wp\/v2\/posts"}],"about":[{"href":"https:\/\/now-news.de\/de\/wp-json\/wp\/v2\/types\/post"}],"author":[{"embeddable":true,"href":"https:\/\/now-news.de\/de\/wp-json\/wp\/v2\/users\/3"}],"replies":[{"embeddable":true,"href":"https:\/\/now-news.de\/de\/wp-json\/wp\/v2\/comments?post=66048"}],"version-history":[{"count":0,"href":"https:\/\/now-news.de\/de\/wp-json\/wp\/v2\/posts\/66048\/revisions"}],"wp:featuredmedia":[{"embeddable":true,"href":"https:\/\/now-news.de\/de\/wp-json\/wp\/v2\/media\/66049"}],"wp:attachment":[{"href":"https:\/\/now-news.de\/de\/wp-json\/wp\/v2\/media?parent=66048"}],"wp:term":[{"taxonomy":"category","embeddable":true,"href":"https:\/\/now-news.de\/de\/wp-json\/wp\/v2\/categories?post=66048"},{"taxonomy":"post_tag","embeddable":true,"href":"https:\/\/now-news.de\/de\/wp-json\/wp\/v2\/tags?post=66048"}],"curies":[{"name":"wp","href":"https:\/\/api.w.org\/{rel}","templated":true}]}}