{"id":66040,"date":"2024-08-03T11:22:43","date_gmt":"2024-08-03T09:22:43","guid":{"rendered":"https:\/\/now-news.de\/de\/deutschland\/keiner-traut-der-energiewende-deutsche-industrie-wandert-ab\/"},"modified":"2024-08-03T11:22:43","modified_gmt":"2024-08-03T09:22:43","slug":"keiner-traut-der-energiewende-deutsche-industrie-wandert-ab","status":"publish","type":"post","link":"https:\/\/now-news.de\/de\/deutschland\/keiner-traut-der-energiewende-deutsche-industrie-wandert-ab\/","title":{"rendered":"Keiner traut der Energiewende \u2013 Deutsche Industrie wandert ab"},"content":{"rendered":"<p><img decoding=\"async\" src=\"https:\/\/now-news.de\/de\/wp-content\/uploads\/sites\/3\/2024\/08\/66ace9a348fbef4dfd6c3451.jpg\" \/><\/p>\n<div class=\"Text-root Text-type_1 \">\n                Die neue Umfrage der DIHK ist an Pessimismus kaum mehr zu \u00fcberbieten. Die Energiewende, die vor einigen Jahren noch positiv gesehen wurde, erweist sich als zerst\u00f6rerisch. Wenn sich diese Zahlen in Arbeitslose umsetzen, wird das schrecklich.\n            <\/div>\n<p><\/p>\n<div class=\"Text-root Text-type_5 ArticleView-text ViewText-root \">\n<p>Die aktuelle Umfrage der Deutschen Industrie- und Handelskammer zur Energiewende <a rel=\"nofollow noopener\" target=\"_blank\" href=\"https:\/\/www.dihk.de\/resource\/blob\/120386\/1681c61b9a91ad07af50f85f0ff77bcb\/auswertung-energiewende-barometer-2024-data.pdf\">liefert<\/a> beunruhigende Daten, die zeigen, dass die Energiepolitik der Bundesregierung kein Vertrauen erweckt und die Konsequenzen immer tiefer reichen. Daf\u00fcr wurden vom 10. bis 30. Juni insgesamt 3.283 Unternehmen aus den verschiedensten Branchen in ganz Deutschland befragt.<\/p>\n<p>Die erste etwas \u00fcberraschende Zahl: F\u00fcr 52 Prozent der Betriebe sind die Strompreise in den letzten 12 Monaten weiter gestiegen. Das d\u00fcrfte letztlich der entscheidende Faktor sein, warum inzwischen bezogen auf das ganze Konzept der Energiewende negative Auswirkungen erwartet werden. Besonders negativ sieht es, was nicht \u00fcberrascht, die Industrie, aber bis 2022 sahen zumindest Dienstleister und Bauwirtschaft die Energiewende positiv; derzeit gibt es keine einzige Branche mehr, die das tut. Im Norden Deutschlands ist die Sicht deutlich positiver als im S\u00fcden, was \u00fcbrigens auch immer schon der Fall war; aber auch dort ist die Sicht insgesamt mit einem Wert von -8 (auf einer Skala von -50 bis +50) klar im negativen Bereich.<\/p>\n<p>Ersch\u00fctternd sind die Ergebnisse der Frage, ob Produktionseinschr\u00e4nkungen in Deutschland oder Abwanderungen geplant seien. Bezogen auf alle Branchen best\u00e4tigten das im Jahr 2022 noch 11 Prozent der Betriebe, 2024 waren es bereits 18 Prozent. In der Industrie waren es 2022 insgesamt 21 Prozent der Unternehmen, die derartige Pl\u00e4ne hegten, im Jahr 2024 sind es bereits 37 Prozent. Am eindr\u00fccklichsten werden die Zahlen allerdings bei Industriebetrieben mit mehr als 500 Mitarbeitern: Dort waren es 2022 bereits 37 Prozent, die den Betrieb einschr\u00e4nken oder abwandern wollten. In diesem Jahr ist es mit 51 Prozent erstmals die Mehrheit der Betriebe. Das ist noch Wollen und nicht Tun, was bedeutet, dass es sich bisher nicht in einen tats\u00e4chlichen Verlust von Arbeitspl\u00e4tzen umgesetzt hat. Aber ein solcher Wert l\u00e4sst B\u00f6ses ahnen. Im Bericht selbst wird ein westdeutsches Industrieunternehmen zitiert:<\/p>\n<p><em>&#8220;Die Deindustrialisierung von Deutschland hat begonnen und gef\u00fchlt steuert niemand dagegen.&#8221;<\/em><\/p>\n<p>Dabei wirken sich die hohen Energiekosten auch noch auf andere Art und Weise aus; \u00fcber alle Branchen hinweg erkl\u00e4ren nur noch 38 Prozent der Befragten, das h\u00e4tte keine weiteren Auswirkungen (bei der Industrie sind es nur 20 Prozent). Die am h\u00e4ufigsten benannte Folge ist der Verlust der Wettbewerbsf\u00e4higkeit am Standort Deutschland; die sahen insgesamt 39 Prozent, aber 59 Prozent der Industrieunternehmen. Von letzteren stellten 39 Prozent Investitionen in die Produktion zur\u00fcck, 20 Prozent Investitionen in Forschung und Entwicklung, und 24 Prozent Investitionen in Klimaschutzma\u00dfnahmen.<\/p>\n<p>Auch die zunehmende B\u00fcrokratie, die durch Nachhaltigkeitsberichtserstattung oder die Lieferkettengesetze ausgel\u00f6st werden, sehen inzwischen 61 Prozent der Betriebe als hinderlich; 59 Prozent bem\u00e4ngeln fehlende Planbarkeit und Verl\u00e4sslichkeit in der Energiepolitik und 48 Prozent monieren fehlende Infrastruktur und langfristige Planungsverfahren. So eines der Zitate aus dem Bericht:<\/p>\n<p><em>&#8220;Die Inbetriebnahme einer 600 kW Peak Fotovoltaikanlage unseres Unternehmens wurde durch die schleppende Bearbeitung des Netzbetreibers \u00fcber 12 Monate ausgebremst. Das ist Energiewende made in Germany.&#8221;<\/em><\/p>\n<p>Noch kritischer eine Bemerkung aus einem Unternehmen im Osten:<\/p>\n<p><em>&#8220;Nach 2 Jahren immer noch fehlender Strom- und Gasanschluss an zweiter neu gebauter Niederlassung.<\/em>&#8220;<\/p>\n<p>Stabilit\u00e4t der Stromversorgung ist inzwischen f\u00fcr 80 Prozent der Unternehmen und f\u00fcr 81 Prozent der Industriebetriebe ein zentrales Thema; noch 2023 war es das nur f\u00fcr 65 Prozent (Industrie: 67 Prozent). F\u00fcr 89 Prozent ist mittlerweile Selbstversorgung mit Energie ein Thema; 2022 war es das erst f\u00fcr 50 Prozent (Industrie: 46 Prozent). Vor dem Einl\u00e4uten der Energiewende war das \u00fcber Jahrzehnte kein Anlass f\u00fcr besondere Sorgen.<\/p>\n<p><strong>Mehr zum Thema<\/strong> \u2013 <a rel=\"nofollow noopener\" target=\"_blank\" href=\"https:\/\/freedert.online\/international\/209559-kein-gewinn-forscher-beweisen-energiewende\/\">Kein Gewinn: Forscher beweisen \u2013 Energiewende verschlechtert wirtschaftliche Situation der L\u00e4nder<\/a><\/p>\n<\/div>\n<p><br \/>\n<br \/><a href=\"https:\/\/de.rt.com\/inland\/214433-keiner-traut-energiewende-industrie-wandert\/\">Source link <\/a><\/p>\n","protected":false},"excerpt":{"rendered":"<p>Die neue Umfrage der DIHK ist an Pessimismus kaum mehr zu \u00fcberbieten. Die Energiewende, die vor einigen Jahren noch positiv gesehen wurde, erweist sich als zerst\u00f6rerisch. Wenn sich diese Zahlen in Arbeitslose umsetzen, wird das schrecklich. Die aktuelle Umfrage der Deutschen Industrie- und Handelskammer zur Energiewende liefert beunruhigende Daten, die zeigen, dass die Energiepolitik der [&hellip;]<\/p>\n","protected":false},"author":3,"featured_media":66041,"comment_status":"open","ping_status":"open","sticky":false,"template":"","format":"standard","meta":{"_yoast_indexnow_last_ping":["1722677261"],"wp_automatic_camp":["217"],"8df63d1560f95e86ceae81c4fa00d9aa":["Keiner traut der Energiewende \u2013 Deutsche Industrie wandert ab"],"original_link":["https:\/\/de.rt.com\/inland\/214433-keiner-traut-energiewende-industrie-wandert\/"],"_thumbnail_id":["66041"],"_wptgpro_p2tg_sent2tg":["a:1:{i:23737;s:19:\"2024-08-03 11:29:11\";}"],"jnews_social_counter_last_update":["1777388247"]},"categories":[19,23],"tags":[82,2374,8250,7923,27735,52149,7761],"yoast_head":"<!-- This site is optimized with the Yoast SEO Premium plugin v22.7 (Yoast SEO v22.7) - https:\/\/yoast.com\/wordpress\/plugins\/seo\/ -->\n<title>Keiner traut der Energiewende \u2013 Deutsche Industrie wandert ab - just-now.NEWS Deutschland<\/title>\n<meta name=\"robots\" content=\"index, follow, max-snippet:-1, max-image-preview:large, max-video-preview:-1\" \/>\n<link rel=\"canonical\" href=\"https:\/\/now-news.de\/de\/deutschland\/keiner-traut-der-energiewende-deutsche-industrie-wandert-ab\/\" \/>\n<meta property=\"og:locale\" content=\"de_DE\" \/>\n<meta property=\"og:type\" content=\"article\" \/>\n<meta property=\"og:title\" content=\"Keiner traut der Energiewende \u2013 Deutsche Industrie wandert ab\" \/>\n<meta property=\"og:description\" content=\"Die neue Umfrage der DIHK ist an Pessimismus kaum mehr zu \u00fcberbieten. Die Energiewende, die vor einigen Jahren noch positiv gesehen wurde, erweist sich als zerst\u00f6rerisch. Wenn sich diese Zahlen in Arbeitslose umsetzen, wird das schrecklich. Die aktuelle Umfrage der Deutschen Industrie- und Handelskammer zur Energiewende liefert beunruhigende Daten, die zeigen, dass die Energiepolitik der [&hellip;]\" \/>\n<meta property=\"og:url\" content=\"https:\/\/now-news.de\/de\/deutschland\/keiner-traut-der-energiewende-deutsche-industrie-wandert-ab\/\" \/>\n<meta property=\"og:site_name\" content=\"just-now.NEWS Deutschland\" \/>\n<meta property=\"article:publisher\" content=\"https:\/\/www.facebook.com\/wirmachenauf\" \/>\n<meta property=\"article:published_time\" content=\"2024-08-03T09:22:43+00:00\" \/>\n<meta property=\"og:image\" content=\"https:\/\/now-news.de\/de\/wp-content\/uploads\/sites\/3\/2024\/08\/66ace9a348fbef4dfd6c3451.jpg\" \/>\n<meta name=\"author\" content=\"rtnews\" \/>\n<meta name=\"twitter:card\" content=\"summary_large_image\" \/>\n<meta name=\"twitter:creator\" content=\"@WirMachenAuf_de\" \/>\n<meta name=\"twitter:site\" content=\"@WirMachenAuf_de\" \/>\n<meta name=\"twitter:label1\" content=\"Verfasst von\" \/>\n\t<meta name=\"twitter:data1\" content=\"rtnews\" \/>\n\t<meta name=\"twitter:label2\" content=\"Gesch\u00e4tzte Lesezeit\" \/>\n\t<meta name=\"twitter:data2\" content=\"3\u00a0Minuten\" \/>\n<script type=\"application\/ld+json\" class=\"yoast-schema-graph\">{\"@context\":\"https:\/\/schema.org\",\"@graph\":[{\"@type\":\"Article\",\"@id\":\"https:\/\/now-news.de\/de\/deutschland\/keiner-traut-der-energiewende-deutsche-industrie-wandert-ab\/#article\",\"isPartOf\":{\"@id\":\"https:\/\/now-news.de\/de\/deutschland\/keiner-traut-der-energiewende-deutsche-industrie-wandert-ab\/\"},\"author\":{\"name\":\"rtnews\",\"@id\":\"https:\/\/now-news.de\/de\/#\/schema\/person\/fb534a4e865501d8b3285208df34a9b5\"},\"headline\":\"Keiner traut der Energiewende \u2013 Deutsche Industrie wandert ab\",\"datePublished\":\"2024-08-03T09:22:43+00:00\",\"dateModified\":\"2024-08-03T09:22:43+00:00\",\"mainEntityOfPage\":{\"@id\":\"https:\/\/now-news.de\/de\/deutschland\/keiner-traut-der-energiewende-deutsche-industrie-wandert-ab\/\"},\"wordCount\":603,\"commentCount\":0,\"publisher\":{\"@id\":\"https:\/\/now-news.de\/de\/#organization\"},\"image\":{\"@id\":\"https:\/\/now-news.de\/de\/deutschland\/keiner-traut-der-energiewende-deutsche-industrie-wandert-ab\/#primaryimage\"},\"thumbnailUrl\":\"https:\/\/now-news.de\/de\/wp-content\/uploads\/sites\/3\/2024\/08\/Keiner-traut-der-Energiewende-\u2013-Deutsche-Industrie-wandert-ab.jpg\",\"keywords\":[\"der\",\"Deutsche\",\"Energiewende\",\"Industrie\",\"Keiner\",\"Traut\",\"wandert\"],\"articleSection\":[\"Deutschland\",\"Russland\"],\"inLanguage\":\"de\",\"potentialAction\":[{\"@type\":\"CommentAction\",\"name\":\"Comment\",\"target\":[\"https:\/\/now-news.de\/de\/deutschland\/keiner-traut-der-energiewende-deutsche-industrie-wandert-ab\/#respond\"]}]},{\"@type\":\"WebPage\",\"@id\":\"https:\/\/now-news.de\/de\/deutschland\/keiner-traut-der-energiewende-deutsche-industrie-wandert-ab\/\",\"url\":\"https:\/\/now-news.de\/de\/deutschland\/keiner-traut-der-energiewende-deutsche-industrie-wandert-ab\/\",\"name\":\"Keiner traut der Energiewende \u2013 Deutsche Industrie wandert ab - just-now.NEWS Deutschland\",\"isPartOf\":{\"@id\":\"https:\/\/now-news.de\/de\/#website\"},\"primaryImageOfPage\":{\"@id\":\"https:\/\/now-news.de\/de\/deutschland\/keiner-traut-der-energiewende-deutsche-industrie-wandert-ab\/#primaryimage\"},\"image\":{\"@id\":\"https:\/\/now-news.de\/de\/deutschland\/keiner-traut-der-energiewende-deutsche-industrie-wandert-ab\/#primaryimage\"},\"thumbnailUrl\":\"https:\/\/now-news.de\/de\/wp-content\/uploads\/sites\/3\/2024\/08\/Keiner-traut-der-Energiewende-\u2013-Deutsche-Industrie-wandert-ab.jpg\",\"datePublished\":\"2024-08-03T09:22:43+00:00\",\"dateModified\":\"2024-08-03T09:22:43+00:00\",\"breadcrumb\":{\"@id\":\"https:\/\/now-news.de\/de\/deutschland\/keiner-traut-der-energiewende-deutsche-industrie-wandert-ab\/#breadcrumb\"},\"inLanguage\":\"de\",\"potentialAction\":[{\"@type\":\"ReadAction\",\"target\":[\"https:\/\/now-news.de\/de\/deutschland\/keiner-traut-der-energiewende-deutsche-industrie-wandert-ab\/\"]}]},{\"@type\":\"ImageObject\",\"inLanguage\":\"de\",\"@id\":\"https:\/\/now-news.de\/de\/deutschland\/keiner-traut-der-energiewende-deutsche-industrie-wandert-ab\/#primaryimage\",\"url\":\"https:\/\/now-news.de\/de\/wp-content\/uploads\/sites\/3\/2024\/08\/Keiner-traut-der-Energiewende-\u2013-Deutsche-Industrie-wandert-ab.jpg\",\"contentUrl\":\"https:\/\/now-news.de\/de\/wp-content\/uploads\/sites\/3\/2024\/08\/Keiner-traut-der-Energiewende-\u2013-Deutsche-Industrie-wandert-ab.jpg\",\"width\":460,\"height\":259,\"caption\":\"Keiner traut der Energiewende \u2013 Deutsche Industrie wandert ab\"},{\"@type\":\"BreadcrumbList\",\"@id\":\"https:\/\/now-news.de\/de\/deutschland\/keiner-traut-der-energiewende-deutsche-industrie-wandert-ab\/#breadcrumb\",\"itemListElement\":[{\"@type\":\"ListItem\",\"position\":1,\"name\":\"Home\",\"item\":\"https:\/\/now-news.de\/de\/\"},{\"@type\":\"ListItem\",\"position\":2,\"name\":\"Keiner traut der Energiewende \u2013 Deutsche Industrie wandert ab\"}]},{\"@type\":\"WebSite\",\"@id\":\"https:\/\/now-news.de\/de\/#website\",\"url\":\"https:\/\/now-news.de\/de\/\",\"name\":\"just-now.NEWS Deutschland\",\"description\":\"Das Portal f\u00fcr unzensierte Nachrichten aus der Welt\",\"publisher\":{\"@id\":\"https:\/\/now-news.de\/de\/#organization\"},\"potentialAction\":[{\"@type\":\"SearchAction\",\"target\":{\"@type\":\"EntryPoint\",\"urlTemplate\":\"https:\/\/now-news.de\/de\/?s={search_term_string}\"},\"query-input\":\"required name=search_term_string\"}],\"inLanguage\":\"de\"},{\"@type\":\"Organization\",\"@id\":\"https:\/\/now-news.de\/de\/#organization\",\"name\":\"Just Now News\",\"url\":\"https:\/\/now-news.de\/de\/\",\"logo\":{\"@type\":\"ImageObject\",\"inLanguage\":\"de\",\"@id\":\"https:\/\/now-news.de\/de\/#\/schema\/logo\/image\/\",\"url\":\"http:\/\/just-now.news\/de\/wp-content\/uploads\/sites\/3\/2022\/04\/logo500x500.jpg\",\"contentUrl\":\"http:\/\/just-now.news\/de\/wp-content\/uploads\/sites\/3\/2022\/04\/logo500x500.jpg\",\"width\":500,\"height\":500,\"caption\":\"Just Now News\"},\"image\":{\"@id\":\"https:\/\/now-news.de\/de\/#\/schema\/logo\/image\/\"},\"sameAs\":[\"https:\/\/www.facebook.com\/wirmachenauf\",\"https:\/\/x.com\/WirMachenAuf_de\"]},{\"@type\":\"Person\",\"@id\":\"https:\/\/now-news.de\/de\/#\/schema\/person\/fb534a4e865501d8b3285208df34a9b5\",\"name\":\"rtnews\",\"image\":{\"@type\":\"ImageObject\",\"inLanguage\":\"de\",\"@id\":\"https:\/\/now-news.de\/de\/#\/schema\/person\/image\/\",\"url\":\"https:\/\/secure.gravatar.com\/avatar\/82aafea7d8127119dd649515f56e2117?s=96&d=mm&r=g\",\"contentUrl\":\"https:\/\/secure.gravatar.com\/avatar\/82aafea7d8127119dd649515f56e2117?s=96&d=mm&r=g\",\"caption\":\"rtnews\"},\"url\":\"https:\/\/now-news.de\/de\/author\/rnews\/\"}]}<\/script>\n<!-- \/ Yoast SEO Premium plugin. -->","yoast_head_json":{"title":"Keiner traut der Energiewende \u2013 Deutsche Industrie wandert ab - just-now.NEWS Deutschland","robots":{"index":"index","follow":"follow","max-snippet":"max-snippet:-1","max-image-preview":"max-image-preview:large","max-video-preview":"max-video-preview:-1"},"canonical":"https:\/\/now-news.de\/de\/deutschland\/keiner-traut-der-energiewende-deutsche-industrie-wandert-ab\/","og_locale":"de_DE","og_type":"article","og_title":"Keiner traut der Energiewende \u2013 Deutsche Industrie wandert ab","og_description":"Die neue Umfrage der DIHK ist an Pessimismus kaum mehr zu \u00fcberbieten. Die Energiewende, die vor einigen Jahren noch positiv gesehen wurde, erweist sich als zerst\u00f6rerisch. Wenn sich diese Zahlen in Arbeitslose umsetzen, wird das schrecklich. Die aktuelle Umfrage der Deutschen Industrie- und Handelskammer zur Energiewende liefert beunruhigende Daten, die zeigen, dass die Energiepolitik der [&hellip;]","og_url":"https:\/\/now-news.de\/de\/deutschland\/keiner-traut-der-energiewende-deutsche-industrie-wandert-ab\/","og_site_name":"just-now.NEWS Deutschland","article_publisher":"https:\/\/www.facebook.com\/wirmachenauf","article_published_time":"2024-08-03T09:22:43+00:00","og_image":[{"url":"https:\/\/now-news.de\/de\/wp-content\/uploads\/sites\/3\/2024\/08\/66ace9a348fbef4dfd6c3451.jpg"}],"author":"rtnews","twitter_card":"summary_large_image","twitter_creator":"@WirMachenAuf_de","twitter_site":"@WirMachenAuf_de","twitter_misc":{"Verfasst von":"rtnews","Gesch\u00e4tzte Lesezeit":"3\u00a0Minuten"},"schema":{"@context":"https:\/\/schema.org","@graph":[{"@type":"Article","@id":"https:\/\/now-news.de\/de\/deutschland\/keiner-traut-der-energiewende-deutsche-industrie-wandert-ab\/#article","isPartOf":{"@id":"https:\/\/now-news.de\/de\/deutschland\/keiner-traut-der-energiewende-deutsche-industrie-wandert-ab\/"},"author":{"name":"rtnews","@id":"https:\/\/now-news.de\/de\/#\/schema\/person\/fb534a4e865501d8b3285208df34a9b5"},"headline":"Keiner traut der Energiewende \u2013 Deutsche Industrie wandert ab","datePublished":"2024-08-03T09:22:43+00:00","dateModified":"2024-08-03T09:22:43+00:00","mainEntityOfPage":{"@id":"https:\/\/now-news.de\/de\/deutschland\/keiner-traut-der-energiewende-deutsche-industrie-wandert-ab\/"},"wordCount":603,"commentCount":0,"publisher":{"@id":"https:\/\/now-news.de\/de\/#organization"},"image":{"@id":"https:\/\/now-news.de\/de\/deutschland\/keiner-traut-der-energiewende-deutsche-industrie-wandert-ab\/#primaryimage"},"thumbnailUrl":"https:\/\/now-news.de\/de\/wp-content\/uploads\/sites\/3\/2024\/08\/Keiner-traut-der-Energiewende-\u2013-Deutsche-Industrie-wandert-ab.jpg","keywords":["der","Deutsche","Energiewende","Industrie","Keiner","Traut","wandert"],"articleSection":["Deutschland","Russland"],"inLanguage":"de","potentialAction":[{"@type":"CommentAction","name":"Comment","target":["https:\/\/now-news.de\/de\/deutschland\/keiner-traut-der-energiewende-deutsche-industrie-wandert-ab\/#respond"]}]},{"@type":"WebPage","@id":"https:\/\/now-news.de\/de\/deutschland\/keiner-traut-der-energiewende-deutsche-industrie-wandert-ab\/","url":"https:\/\/now-news.de\/de\/deutschland\/keiner-traut-der-energiewende-deutsche-industrie-wandert-ab\/","name":"Keiner traut der Energiewende \u2013 Deutsche Industrie wandert ab - just-now.NEWS Deutschland","isPartOf":{"@id":"https:\/\/now-news.de\/de\/#website"},"primaryImageOfPage":{"@id":"https:\/\/now-news.de\/de\/deutschland\/keiner-traut-der-energiewende-deutsche-industrie-wandert-ab\/#primaryimage"},"image":{"@id":"https:\/\/now-news.de\/de\/deutschland\/keiner-traut-der-energiewende-deutsche-industrie-wandert-ab\/#primaryimage"},"thumbnailUrl":"https:\/\/now-news.de\/de\/wp-content\/uploads\/sites\/3\/2024\/08\/Keiner-traut-der-Energiewende-\u2013-Deutsche-Industrie-wandert-ab.jpg","datePublished":"2024-08-03T09:22:43+00:00","dateModified":"2024-08-03T09:22:43+00:00","breadcrumb":{"@id":"https:\/\/now-news.de\/de\/deutschland\/keiner-traut-der-energiewende-deutsche-industrie-wandert-ab\/#breadcrumb"},"inLanguage":"de","potentialAction":[{"@type":"ReadAction","target":["https:\/\/now-news.de\/de\/deutschland\/keiner-traut-der-energiewende-deutsche-industrie-wandert-ab\/"]}]},{"@type":"ImageObject","inLanguage":"de","@id":"https:\/\/now-news.de\/de\/deutschland\/keiner-traut-der-energiewende-deutsche-industrie-wandert-ab\/#primaryimage","url":"https:\/\/now-news.de\/de\/wp-content\/uploads\/sites\/3\/2024\/08\/Keiner-traut-der-Energiewende-\u2013-Deutsche-Industrie-wandert-ab.jpg","contentUrl":"https:\/\/now-news.de\/de\/wp-content\/uploads\/sites\/3\/2024\/08\/Keiner-traut-der-Energiewende-\u2013-Deutsche-Industrie-wandert-ab.jpg","width":460,"height":259,"caption":"Keiner traut der Energiewende \u2013 Deutsche Industrie wandert ab"},{"@type":"BreadcrumbList","@id":"https:\/\/now-news.de\/de\/deutschland\/keiner-traut-der-energiewende-deutsche-industrie-wandert-ab\/#breadcrumb","itemListElement":[{"@type":"ListItem","position":1,"name":"Home","item":"https:\/\/now-news.de\/de\/"},{"@type":"ListItem","position":2,"name":"Keiner traut der Energiewende \u2013 Deutsche Industrie wandert ab"}]},{"@type":"WebSite","@id":"https:\/\/now-news.de\/de\/#website","url":"https:\/\/now-news.de\/de\/","name":"just-now.NEWS Deutschland","description":"Das Portal f\u00fcr unzensierte Nachrichten aus der Welt","publisher":{"@id":"https:\/\/now-news.de\/de\/#organization"},"potentialAction":[{"@type":"SearchAction","target":{"@type":"EntryPoint","urlTemplate":"https:\/\/now-news.de\/de\/?s={search_term_string}"},"query-input":"required name=search_term_string"}],"inLanguage":"de"},{"@type":"Organization","@id":"https:\/\/now-news.de\/de\/#organization","name":"Just Now News","url":"https:\/\/now-news.de\/de\/","logo":{"@type":"ImageObject","inLanguage":"de","@id":"https:\/\/now-news.de\/de\/#\/schema\/logo\/image\/","url":"http:\/\/just-now.news\/de\/wp-content\/uploads\/sites\/3\/2022\/04\/logo500x500.jpg","contentUrl":"http:\/\/just-now.news\/de\/wp-content\/uploads\/sites\/3\/2022\/04\/logo500x500.jpg","width":500,"height":500,"caption":"Just Now News"},"image":{"@id":"https:\/\/now-news.de\/de\/#\/schema\/logo\/image\/"},"sameAs":["https:\/\/www.facebook.com\/wirmachenauf","https:\/\/x.com\/WirMachenAuf_de"]},{"@type":"Person","@id":"https:\/\/now-news.de\/de\/#\/schema\/person\/fb534a4e865501d8b3285208df34a9b5","name":"rtnews","image":{"@type":"ImageObject","inLanguage":"de","@id":"https:\/\/now-news.de\/de\/#\/schema\/person\/image\/","url":"https:\/\/secure.gravatar.com\/avatar\/82aafea7d8127119dd649515f56e2117?s=96&d=mm&r=g","contentUrl":"https:\/\/secure.gravatar.com\/avatar\/82aafea7d8127119dd649515f56e2117?s=96&d=mm&r=g","caption":"rtnews"},"url":"https:\/\/now-news.de\/de\/author\/rnews\/"}]}},"_links":{"self":[{"href":"https:\/\/now-news.de\/de\/wp-json\/wp\/v2\/posts\/66040"}],"collection":[{"href":"https:\/\/now-news.de\/de\/wp-json\/wp\/v2\/posts"}],"about":[{"href":"https:\/\/now-news.de\/de\/wp-json\/wp\/v2\/types\/post"}],"author":[{"embeddable":true,"href":"https:\/\/now-news.de\/de\/wp-json\/wp\/v2\/users\/3"}],"replies":[{"embeddable":true,"href":"https:\/\/now-news.de\/de\/wp-json\/wp\/v2\/comments?post=66040"}],"version-history":[{"count":0,"href":"https:\/\/now-news.de\/de\/wp-json\/wp\/v2\/posts\/66040\/revisions"}],"wp:featuredmedia":[{"embeddable":true,"href":"https:\/\/now-news.de\/de\/wp-json\/wp\/v2\/media\/66041"}],"wp:attachment":[{"href":"https:\/\/now-news.de\/de\/wp-json\/wp\/v2\/media?parent=66040"}],"wp:term":[{"taxonomy":"category","embeddable":true,"href":"https:\/\/now-news.de\/de\/wp-json\/wp\/v2\/categories?post=66040"},{"taxonomy":"post_tag","embeddable":true,"href":"https:\/\/now-news.de\/de\/wp-json\/wp\/v2\/tags?post=66040"}],"curies":[{"name":"wp","href":"https:\/\/api.w.org\/{rel}","templated":true}]}}