{"id":6601,"date":"2022-05-04T02:10:00","date_gmt":"2022-05-04T00:10:00","guid":{"rendered":"http:\/\/just-now.news\/de\/usa\/die-weltgesundheitsorganisation-warnt-vor-einer-epidemie-der-fettleibigkeit-in-europa-die-jaehrlich-mehr-als-12-millionen-todesfaelle-verursacht\/"},"modified":"2022-05-04T02:10:00","modified_gmt":"2022-05-04T00:10:00","slug":"die-weltgesundheitsorganisation-warnt-vor-einer-epidemie-der-fettleibigkeit-in-europa-die-jaehrlich-mehr-als-12-millionen-todesfaelle-verursacht","status":"publish","type":"post","link":"https:\/\/now-news.de\/de\/usa\/die-weltgesundheitsorganisation-warnt-vor-einer-epidemie-der-fettleibigkeit-in-europa-die-jaehrlich-mehr-als-12-millionen-todesfaelle-verursacht\/","title":{"rendered":"Die Weltgesundheitsorganisation warnt vor einer \u201eEpidemie\u201c der Fettleibigkeit in Europa, die j\u00e4hrlich mehr als 1,2 Millionen Todesf\u00e4lle verursacht"},"content":{"rendered":"<div class=\"entry-content\">\n<p><\/p>\n<p>Die Weltgesundheitsorganisation sagte am Dienstag, dass die Fettleibigkeitsraten in Europa \u201eepidemische Ausma\u00dfe\u201c erreicht haben und j\u00e4hrlich mehr als 1,2 Millionen Todesf\u00e4lle verursachen.<\/p>\n<p>Laut dem Bericht, der am Dienstag auf dem Europ\u00e4ischen Kongress \u00fcber Fettleibigkeit vorgestellt wurde, sind 59 % der Erwachsenen und fast 1 von 3 Kindern (29 % der Jungen und 27 % der M\u00e4dchen) in der europ\u00e4ischen Region \u00fcbergewichtig oder leben mit Fettleibigkeit.<\/p>\n<div id=\"IC1-ad\" class=\"sponsor IC1\">\n<p class=\"ad-notice flipboard-remove\" fl:fl-noexcerpt=\"true\">Werbung \u2013 die Geschichte geht unten weiter<\/p>\n<div id=\"IC1\">\n<script>\n\t\t\t\t\tif( FFADS.units.IC1 && FFADS.units.IC1.ad_type == 'custom' && FFADS.units.IC1.custom_ads && ! getCookie( 'ff_subbed' ) ) {\n\t\t\t\t\t\tdocument.getElementById( 'IC1' ).innerHTML = FFADS.units.IC1.custom_ads[0].code;\n\t\t\t\t\t\tif( ! FFADS.units.IC1.lazy_load ) eval( FFADS.units.IC1.custom_ads[0].rendering_script );\n\t\t\t\t\t}\n\t\t\t\t\telse if( FFADS.units.IC1 && ! getCookie( 'ff_subbed' ) ) {\n\t\t\t\t\t\tif( 'IC' != 'SB' && 'IC' != 'SA' && FFADS.use_fixed_containers ) {\n\t\t\t\t\t\t\tlet max_wh = firefly_size_list_to_max_wh( FFADS.units.IC1.sizes );\n\t\t\t\t\t\t\tlet el = document.querySelector( '#IC1' );\n\t\t\t\t\t\t\tif( 'IC' != 'SA' && FFADS.slide_pixels ) {\n\t\t\t\t\t\t\t\tmax_wh[1] += parseInt( FFADS.slide_pixels );\n\t\t\t\t\t\t\t\tel.classList.add( 'sliding' );\n\t\t\t\t\t\t\t}\n\t\t\t\t\t\t\tel.style.width = max_wh[0] + 'px';\n\t\t\t\t\t\t\tel.style.height = max_wh[1] + 'px';\n\t\t\t\t\t\t\tel.classList.add( 'fixed-size' );\n\t\t\t\t\t\t}\n\t\t\t\t\t\tgoogletag.cmd.push( function() {\n\t\t\t\t\t\t\tFFADS.debug( 'googletag.displaying IC1' );\n\t\t\t\t\t\t\tgoogletag.display( 'IC1' );\n\t\t\t\t\t\t} );\n\t\t\t\t\t}\n\t\t\t\t\telse {\n\t\t\t\t\t\tdocument.querySelector( '#IC1-ad' ).style.display = 'none';}\n\t\t\t\t<\/script><\/div>\n<\/div>\n<p>Der Bericht enth\u00fcllte, dass \u00dcbergewicht und Adipositas zu den Hauptursachen f\u00fcr Tod und Behinderung geh\u00f6ren und mehr als 1,2 Millionen Todesf\u00e4lle pro Jahr verursachen, was mehr als 13 % der Gesamtsterblichkeit in der Region entspricht.<\/p>\n<p>\u201eAdipositas erh\u00f6ht das Risiko f\u00fcr viele nicht\u00fcbertragbare Krankheiten, darunter Krebs, Herz-Kreislauf-Erkrankungen, Diabetes mellitus Typ 2 und chronische Atemwegserkrankungen.  Beispielsweise gilt Fettleibigkeit als Ursache f\u00fcr mindestens 13 verschiedene Krebsarten und d\u00fcrfte in der gesamten Region j\u00e4hrlich f\u00fcr mindestens 200 000 neue Krebsf\u00e4lle direkt verantwortlich sein, wobei diese Zahl in den kommenden Jahren weiter steigen wird.  \u00dcbergewicht und Adipositas sind auch der Hauptrisikofaktor f\u00fcr Behinderungen und verursachen 7 % der Gesamtjahre, die in der Region mit Behinderung verbracht werden\u201c, hei\u00dft es in der Pressemitteilung.<\/p>\n<p><script>\n\t\t\t\t\tif( ! getCookie( 'ff_subbed' ) ) if( typeof FFADS.replace_ict != 'undefined' ) if( FFADS.replace_ict ) eval( FFADS.replace_ict );\n\t\t\t\t<\/script><\/p>\n<p>\u201e\u00dcbergewichtige und mit Adipositas lebende Menschen sind \u00fcberproportional von den Folgen der COVID-19-Pandemie betroffen.  W\u00e4hrend der Pandemie gab es ung\u00fcnstige Verschiebungen beim Lebensmittelkonsum und bei den Bewegungsmustern, die sich in den kommenden Jahren auf die Gesundheit der Bev\u00f6lkerung auswirken werden und erhebliche Anstrengungen erfordern werden, um sie umzukehren.\u201c<\/p>\n<p>Der britische Nachrichtenkanal berichtete:<\/p>\n<div id=\"IC2-ad\" class=\"sponsor IC2\">\n<p class=\"ad-notice flipboard-remove\" fl:fl-noexcerpt=\"true\">Werbung \u2013 die Geschichte geht unten weiter<\/p>\n<div id=\"IC2\">\n<script>\n\t\t\t\t\tif( FFADS.units.IC2 && FFADS.units.IC2.ad_type == 'custom' && FFADS.units.IC2.custom_ads && ! getCookie( 'ff_subbed' ) ) {\n\t\t\t\t\t\tdocument.getElementById( 'IC2' ).innerHTML = FFADS.units.IC2.custom_ads[0].code;\n\t\t\t\t\t\tif( ! FFADS.units.IC2.lazy_load ) eval( FFADS.units.IC2.custom_ads[0].rendering_script );\n\t\t\t\t\t}\n\t\t\t\t\telse if( FFADS.units.IC2 && ! getCookie( 'ff_subbed' ) ) {\n\t\t\t\t\t\tif( 'IC' != 'SB' && 'IC' != 'SA' && FFADS.use_fixed_containers ) {\n\t\t\t\t\t\t\tlet max_wh = firefly_size_list_to_max_wh( FFADS.units.IC2.sizes );\n\t\t\t\t\t\t\tlet el = document.querySelector( '#IC2' );\n\t\t\t\t\t\t\tif( 'IC' != 'SA' && FFADS.slide_pixels ) {\n\t\t\t\t\t\t\t\tmax_wh[1] += parseInt( FFADS.slide_pixels );\n\t\t\t\t\t\t\t\tel.classList.add( 'sliding' );\n\t\t\t\t\t\t\t}\n\t\t\t\t\t\t\tel.style.width = max_wh[0] + 'px';\n\t\t\t\t\t\t\tel.style.height = max_wh[1] + 'px';\n\t\t\t\t\t\t\tel.classList.add( 'fixed-size' );\n\t\t\t\t\t\t}\n\t\t\t\t\t\tgoogletag.cmd.push( function() {\n\t\t\t\t\t\t\tFFADS.debug( 'googletag.displaying IC2' );\n\t\t\t\t\t\t\tgoogletag.display( 'IC2' );\n\t\t\t\t\t\t} );\n\t\t\t\t\t}\n\t\t\t\t\telse {\n\t\t\t\t\t\tdocument.querySelector( '#IC2-ad' ).style.display = 'none';}\n\t\t\t\t<\/script><\/div>\n<\/div>\n<blockquote>\n<p>Die Studie der Weltgesundheitsorganisation (WHO) ergab, dass \u00fcbersch\u00fcssiges K\u00f6rperfett zu vorzeitigem Tod f\u00fchrt und ein Hauptrisikofaktor f\u00fcr Behinderungen ist.<\/p>\n<p>Die Covid-19-Pandemie hat die Situation auch f\u00fcr Kinder in Gro\u00dfbritannien verschlimmert, da die Bewegung zur\u00fcckgegangen ist und \u201eder Verzehr von Lebensmitteln mit hohem Fett-, Zucker- und Salzgehalt\u201c zugenommen hat, hei\u00dft es in dem Bericht.<\/p>\n<p>Europaweit sind 59 % der Erwachsenen sowie 8 % der Kinder unter f\u00fcnf Jahren und jedes dritte Kind im schulpflichtigen Alter von \u00dcbergewicht oder Fettleibigkeit betroffen.<\/p>\n<p>Laut der Studie belegt Gro\u00dfbritannien von allen europ\u00e4ischen L\u00e4ndern den vierten Platz mit den meisten \u00fcbergewichtigen und fettleibigen Erwachsenen, hinter Israel, Malta und der T\u00fcrkei.  Es ist nach Malta an zweiter Stelle auf Fettleibigkeit.<\/p>\n<p>\u201eAlarmierenderweise hat die Pr\u00e4valenz von \u00dcbergewicht und Adipositas in der europ\u00e4ischen Region der WHO kontinuierlich zugenommen, und kein Mitgliedsstaat ist auf dem besten Weg, das Ziel zu erreichen, den Anstieg der Adipositas bis 2025 zu stoppen\u201c, hei\u00dft es in dem Bericht.<\/p>\n<div id=\"IC3-ad\" class=\"sponsor IC3\">\n<p class=\"ad-notice flipboard-remove\" fl:fl-noexcerpt=\"true\">Werbung \u2013 die Geschichte geht unten weiter<\/p>\n<div id=\"IC3\">\n<script>\n\t\t\t\t\tif( FFADS.units.IC3 && FFADS.units.IC3.ad_type == 'custom' && FFADS.units.IC3.custom_ads && ! getCookie( 'ff_subbed' ) ) {\n\t\t\t\t\t\tdocument.getElementById( 'IC3' ).innerHTML = FFADS.units.IC3.custom_ads[0].code;\n\t\t\t\t\t\tif( ! FFADS.units.IC3.lazy_load ) eval( FFADS.units.IC3.custom_ads[0].rendering_script );\n\t\t\t\t\t}\n\t\t\t\t\telse if( FFADS.units.IC3 && ! getCookie( 'ff_subbed' ) ) {\n\t\t\t\t\t\tif( 'IC' != 'SB' && 'IC' != 'SA' && FFADS.use_fixed_containers ) {\n\t\t\t\t\t\t\tlet max_wh = firefly_size_list_to_max_wh( FFADS.units.IC3.sizes );\n\t\t\t\t\t\t\tlet el = document.querySelector( '#IC3' );\n\t\t\t\t\t\t\tif( 'IC' != 'SA' && FFADS.slide_pixels ) {\n\t\t\t\t\t\t\t\tmax_wh[1] += parseInt( FFADS.slide_pixels );\n\t\t\t\t\t\t\t\tel.classList.add( 'sliding' );\n\t\t\t\t\t\t\t}\n\t\t\t\t\t\t\tel.style.width = max_wh[0] + 'px';\n\t\t\t\t\t\t\tel.style.height = max_wh[1] + 'px';\n\t\t\t\t\t\t\tel.classList.add( 'fixed-size' );\n\t\t\t\t\t\t}\n\t\t\t\t\t\tgoogletag.cmd.push( function() {\n\t\t\t\t\t\t\tFFADS.debug( 'googletag.displaying IC3' );\n\t\t\t\t\t\t\tgoogletag.display( 'IC3' );\n\t\t\t\t\t\t} );\n\t\t\t\t\t}\n\t\t\t\t\telse {\n\t\t\t\t\t\tdocument.querySelector( '#IC3-ad' ).style.display = 'none';}\n\t\t\t\t<\/script><\/div>\n<\/div>\n<p>Die Studie stellte fest, dass Fettleibigkeit mit vielen Krankheiten in Verbindung gebracht wird, darunter muskuloskelettale Komplikationen, Typ-2-Diabetes, Herzerkrankungen und mindestens 13 Krebsarten.<\/p>\n<p>\u201eIn der gesamten europ\u00e4ischen Region der WHO ist Fettleibigkeit wahrscheinlich direkt verantwortlich f\u00fcr mindestens 200.000 neue Krebsf\u00e4lle j\u00e4hrlich, wobei diese Zahl in den kommenden Jahrzehnten voraussichtlich steigen wird\u201c, f\u00fcgte sie hinzu.<\/p>\n<p>\u201eF\u00fcr einige L\u00e4nder in der Region wird vorausgesagt, dass Fettleibigkeit das Rauchen in den kommenden Jahrzehnten als Hauptrisikofaktor f\u00fcr vermeidbare Krebserkrankungen \u00fcberholen wird.\u201c<\/p>\n<p>\u201eAdipositas kennt keine Grenzen\u201c, sagte Dr. Hans Kluge, WHO-Regionaldirektor f\u00fcr Europa.<\/p>\n<div id=\"IC4-ad\" class=\"sponsor IC4\">\n<p class=\"ad-notice flipboard-remove\" fl:fl-noexcerpt=\"true\">Werbung \u2013 die Geschichte geht unten weiter<\/p>\n<div id=\"IC4\">\n<script>\n\t\t\t\t\tif( FFADS.units.IC4 && FFADS.units.IC4.ad_type == 'custom' && FFADS.units.IC4.custom_ads && ! getCookie( 'ff_subbed' ) ) {\n\t\t\t\t\t\tdocument.getElementById( 'IC4' ).innerHTML = FFADS.units.IC4.custom_ads[0].code;\n\t\t\t\t\t\tif( ! FFADS.units.IC4.lazy_load ) eval( FFADS.units.IC4.custom_ads[0].rendering_script );\n\t\t\t\t\t}\n\t\t\t\t\telse if( FFADS.units.IC4 && ! getCookie( 'ff_subbed' ) ) {\n\t\t\t\t\t\tif( 'IC' != 'SB' && 'IC' != 'SA' && FFADS.use_fixed_containers ) {\n\t\t\t\t\t\t\tlet max_wh = firefly_size_list_to_max_wh( FFADS.units.IC4.sizes );\n\t\t\t\t\t\t\tlet el = document.querySelector( '#IC4' );\n\t\t\t\t\t\t\tif( 'IC' != 'SA' && FFADS.slide_pixels ) {\n\t\t\t\t\t\t\t\tmax_wh[1] += parseInt( FFADS.slide_pixels );\n\t\t\t\t\t\t\t\tel.classList.add( 'sliding' );\n\t\t\t\t\t\t\t}\n\t\t\t\t\t\t\tel.style.width = max_wh[0] + 'px';\n\t\t\t\t\t\t\tel.style.height = max_wh[1] + 'px';\n\t\t\t\t\t\t\tel.classList.add( 'fixed-size' );\n\t\t\t\t\t\t}\n\t\t\t\t\t\tgoogletag.cmd.push( function() {\n\t\t\t\t\t\t\tFFADS.debug( 'googletag.displaying IC4' );\n\t\t\t\t\t\t\tgoogletag.display( 'IC4' );\n\t\t\t\t\t\t} );\n\t\t\t\t\t}\n\t\t\t\t\telse {\n\t\t\t\t\t\tdocument.querySelector( '#IC4-ad' ).style.display = 'none';}\n\t\t\t\t<\/script><\/div>\n<\/div>\n<p>\u201eDie L\u00e4nder in unserer Region sind unglaublich vielf\u00e4ltig, aber jedes einzelne ist bis zu einem gewissen Grad gefordert.<\/p>\n<p>\u201eDurch die Schaffung g\u00fcnstigerer Rahmenbedingungen, die F\u00f6rderung von Investitionen und Innovationen im Gesundheitsbereich und die Entwicklung starker und widerstandsf\u00e4higer Gesundheitssysteme k\u00f6nnen wir die Entwicklung der Fettleibigkeit in der Region ver\u00e4ndern.\u201c<\/p>\n<p>In dem Bericht hei\u00dft es: \u201eAdipositas ist eine Krankheit \u2013 nicht nur ein Risikofaktor\u201c, und ihre Ursachen sind komplexer als nur eine ungesunde Ern\u00e4hrung und Bewegungsmangel.<\/p>\n<p>Darin hei\u00dft es, dass \u201eUmweltfaktoren, die f\u00fcr das Leben in den hoch digitalisierten Gesellschaften des modernen Europas einzigartig sind, auch Treiber von Fettleibigkeit sind\u201c, wie die digitale Vermarktung ungesunder Lebensmittelprodukte an Kinder, Apps zur Bestellung ungesunder Mahlzeiten und die \u201eVerbreitung von sitzenden Online-Spielen\u201c.<\/p>\n<div id=\"REP_0-ad\" class=\"sponsor REP\">\n<p class=\"ad-notice flipboard-remove\" fl:fl-noexcerpt=\"true\">Werbung \u2013 die Geschichte geht unten weiter<\/p>\n<div id=\"REP_0\">\n<script>\n\t\t\t\t\tif( FFADS.units.IC5 && FFADS.units.IC5.ad_type == 'custom' && FFADS.units.IC5.custom_ads && ! getCookie( 'ff_subbed' ) ) {\n\t\t\t\t\t\tdocument.getElementById( 'REP_0' ).innerHTML = FFADS.units.IC5.custom_ads[0].code;\n\t\t\t\t\t\tif( ! FFADS.units.IC5.lazy_load ) eval( FFADS.units.IC5.custom_ads[0].rendering_script );\n\t\t\t\t\t}\n\t\t\t\t\telse if( FFADS.units.IC5 && ! getCookie( 'ff_subbed' ) ) {\n\t\t\t\t\t\tif( 'RE' != 'SB' && 'RE' != 'SA' && FFADS.use_fixed_containers ) {\n\t\t\t\t\t\t\tlet max_wh = firefly_size_list_to_max_wh( FFADS.units.IC5.sizes );\n\t\t\t\t\t\t\tlet el = document.querySelector( '#REP_0' );\n\t\t\t\t\t\t\tif( 'RE' != 'SA' && FFADS.slide_pixels ) {\n\t\t\t\t\t\t\t\tmax_wh[1] += parseInt( FFADS.slide_pixels );\n\t\t\t\t\t\t\t\tel.classList.add( 'sliding' );\n\t\t\t\t\t\t\t}\n\t\t\t\t\t\t\tel.style.width = max_wh[0] + 'px';\n\t\t\t\t\t\t\tel.style.height = max_wh[1] + 'px';\n\t\t\t\t\t\t\tel.classList.add( 'fixed-size' );\n\t\t\t\t\t\t}\n\t\t\t\t\t\tgoogletag.cmd.push( function() {\n\t\t\t\t\t\t\tFFADS.debug( 'googletag.displaying REP_0' );\n\t\t\t\t\t\t\tgoogletag.display( 'REP_0' );\n\t\t\t\t\t\t} );\n\t\t\t\t\t}\n\t\t\t\t\telse {\n\t\t\t\t\t\tdocument.querySelector( '#REP_0-ad' ).style.display = 'none';}\n\t\t\t\t<\/script><\/div>\n<\/div>\n<p>Lesen Sie hier mehr.<\/p>\n<\/blockquote>\n<p class=\"article-ask\"><span class=\"ask\"><script>\n  if( getParameterByName( \"utm_source\" ) == \"testpage\" ) {\n    !function(e,t,a,n,g){e[n]=e[n]||[],e[n].push({\"gtm.start\":(new Date).getTime(),event:\"gtm.js\"});var m=t.getElementsByTagName(a)[0],r=t.createElement(a);r.async=!0,r.src=\"https:\/\/www.googletagmanager.com\/gtm.js?id=GTM-PL4PD49\",m.parentNode.insertBefore(r,m)}(window.parent,window.parent.document,\"script\",\"dataLayer\");\n    var iframe=window.parent.document.createElement(\"iframe\");iframe.src=\"https:\/\/www.googletagmanager.com\/ns.html?id=GTM-PL4PD49\";iframe.height=\"0\";iframe.width=\"0\";iframe.style=\"display:none;visibility:hidden\";window.parent.document.body.appendChild(iframe);\n    window.parent[\"$$mm-analytics\"] = window.parent[\"$$mm-analytics\"] || {};if (typeof window.parent[\"$$mm-analytics\"].firstEmbed === \"undefined\") {window.parent[\"$$mm-analytics\"].firstEmbed = Date.now();}\n    let as1 = document.createElement( \"script\" );\n    as1.src = \"https:\/\/bucket1.mm-syringe.com\/prod\/configs\/ee2300c8-43d2-7f0b-dac0-40aaf31c9d3d.js\";\n    document.body.appendChild( as1 );\n    let as2 = document.createElement( \"script\" );\n    as2.src = \"https:\/\/bucket1.mm-syringe.com\/prod\/injector\/injector.1.5.3.js\";\n    document.body.appendChild( as2 );\n  }\n<\/script><\/p>\n<div class=\"apester-media\" data-token=\"5f10a39f94902bc81d3d59a7\" data-context=\"true\" data-tags=\"\" data-fallback=\"true\" height=\"350\"><\/div>\n<p><script id=\"apester_script\" src=\"https:\/\/static.apester.com\/js\/sdk\/latest\/apester-sdk.js\" async><\/script><script async src=\"https:\/\/www.googletagmanager.com\/gtag\/js?id=G-EFE91RJVSQ\"><\/script><script>\n  window.dataLayer = window.dataLayer || [];\n  function gtag(){dataLayer.push(arguments);}\n  gtag(\\'js\\', new Date());\n  gtag(\\'config\\', \\'G-EFE91RJVSQ\\');\n<\/script><\/span><\/p>\n<\/div>\n<p><br \/>\n<br \/><a href=\"https:\/\/www.thegatewaypundit.com\/2022\/05\/world-health-organization-warns-obesity-epidemic-europe-causing-1-2-million-deaths-annually\/\">Source link <\/a><\/p>\n","protected":false},"excerpt":{"rendered":"<p>Die Weltgesundheitsorganisation sagte am Dienstag, dass die Fettleibigkeitsraten in Europa \u201eepidemische Ausma\u00dfe\u201c erreicht haben und j\u00e4hrlich mehr als 1,2 Millionen Todesf\u00e4lle verursachen. Laut dem Bericht, der am Dienstag auf dem Europ\u00e4ischen Kongress \u00fcber Fettleibigkeit vorgestellt wurde, sind 59 % der Erwachsenen und fast 1 von 3 Kindern (29 % der Jungen und 27 % der [&hellip;]<\/p>\n","protected":false},"author":5,"featured_media":6602,"comment_status":"open","ping_status":"open","sticky":false,"template":"","format":"standard","meta":{"wp_automatic_camp":["1161"],"028724763e854bfe52fe7d9854351d9b":["Die Weltgesundheitsorganisation warnt vor einer \u201eEpidemie\u201c der Fettleibigkeit in Europa, die j\u00e4hrlich mehr als 1,2 Millionen Todesf\u00e4lle verursacht\n"],"original_link":["https:\/\/www.thegatewaypundit.com\/2022\/05\/world-health-organization-warns-obesity-epidemic-europe-causing-1-2-million-deaths-annually\/"],"_thumbnail_id":["6602"],"wp_automatic_remove_first_image":["yes"],"jnews_social_counter_last_update":["1777532992"]},"categories":[25],"tags":[273,82,45,212,18259,1370,18260,10647,2063,4294,18261,3650,320,912,846],"yoast_head":"<!-- This site is optimized with the Yoast SEO Premium plugin v22.7 (Yoast SEO v22.7) - https:\/\/yoast.com\/wordpress\/plugins\/seo\/ -->\n<title>Die Weltgesundheitsorganisation warnt vor einer \u201eEpidemie\u201c der Fettleibigkeit in Europa, die j\u00e4hrlich mehr als 1,2 Millionen Todesf\u00e4lle verursacht - just-now.NEWS Deutschland<\/title>\n<meta name=\"robots\" content=\"index, follow, max-snippet:-1, max-image-preview:large, max-video-preview:-1\" \/>\n<link rel=\"canonical\" href=\"https:\/\/now-news.de\/de\/usa\/die-weltgesundheitsorganisation-warnt-vor-einer-epidemie-der-fettleibigkeit-in-europa-die-jaehrlich-mehr-als-12-millionen-todesfaelle-verursacht\/\" \/>\n<meta property=\"og:locale\" content=\"de_DE\" \/>\n<meta property=\"og:type\" content=\"article\" \/>\n<meta property=\"og:title\" content=\"Die Weltgesundheitsorganisation warnt vor einer \u201eEpidemie\u201c der Fettleibigkeit in Europa, die j\u00e4hrlich mehr als 1,2 Millionen Todesf\u00e4lle verursacht\" \/>\n<meta property=\"og:description\" content=\"Die Weltgesundheitsorganisation sagte am Dienstag, dass die Fettleibigkeitsraten in Europa \u201eepidemische Ausma\u00dfe\u201c erreicht haben und j\u00e4hrlich mehr als 1,2 Millionen Todesf\u00e4lle verursachen. Laut dem Bericht, der am Dienstag auf dem Europ\u00e4ischen Kongress \u00fcber Fettleibigkeit vorgestellt wurde, sind 59 % der Erwachsenen und fast 1 von 3 Kindern (29 % der Jungen und 27 % der [&hellip;]\" \/>\n<meta property=\"og:url\" content=\"https:\/\/now-news.de\/de\/usa\/die-weltgesundheitsorganisation-warnt-vor-einer-epidemie-der-fettleibigkeit-in-europa-die-jaehrlich-mehr-als-12-millionen-todesfaelle-verursacht\/\" \/>\n<meta property=\"og:site_name\" content=\"just-now.NEWS Deutschland\" \/>\n<meta property=\"article:publisher\" content=\"https:\/\/www.facebook.com\/wirmachenauf\" \/>\n<meta property=\"article:published_time\" content=\"2022-05-04T00:10:00+00:00\" \/>\n<meta property=\"og:image\" content=\"https:\/\/now-news.de\/de\/wp-content\/uploads\/sites\/3\/2022\/05\/Die-Weltgesundheitsorganisation-warnt-vor-einer-\u201eEpidemie-der-Fettleibigkeit-in-Europa.jpg\" \/>\n\t<meta property=\"og:image:width\" content=\"1830\" \/>\n\t<meta property=\"og:image:height\" content=\"1148\" \/>\n\t<meta property=\"og:image:type\" content=\"image\/jpeg\" \/>\n<meta name=\"author\" content=\"greatreset\" \/>\n<meta name=\"twitter:card\" content=\"summary_large_image\" \/>\n<meta name=\"twitter:creator\" content=\"@WirMachenAuf_de\" \/>\n<meta name=\"twitter:site\" content=\"@WirMachenAuf_de\" \/>\n<meta name=\"twitter:label1\" content=\"Verfasst von\" \/>\n\t<meta name=\"twitter:data1\" content=\"greatreset\" \/>\n\t<meta name=\"twitter:label2\" content=\"Gesch\u00e4tzte Lesezeit\" \/>\n\t<meta name=\"twitter:data2\" content=\"3\u00a0Minuten\" \/>\n<script type=\"application\/ld+json\" class=\"yoast-schema-graph\">{\"@context\":\"https:\/\/schema.org\",\"@graph\":[{\"@type\":\"Article\",\"@id\":\"https:\/\/now-news.de\/de\/usa\/die-weltgesundheitsorganisation-warnt-vor-einer-epidemie-der-fettleibigkeit-in-europa-die-jaehrlich-mehr-als-12-millionen-todesfaelle-verursacht\/#article\",\"isPartOf\":{\"@id\":\"https:\/\/now-news.de\/de\/usa\/die-weltgesundheitsorganisation-warnt-vor-einer-epidemie-der-fettleibigkeit-in-europa-die-jaehrlich-mehr-als-12-millionen-todesfaelle-verursacht\/\"},\"author\":{\"name\":\"greatreset\",\"@id\":\"https:\/\/now-news.de\/de\/#\/schema\/person\/8afb4cd92b68572db7902c13a349ffcb\"},\"headline\":\"Die Weltgesundheitsorganisation warnt vor einer \u201eEpidemie\u201c der Fettleibigkeit in Europa, die j\u00e4hrlich mehr als 1,2 Millionen Todesf\u00e4lle verursacht\",\"datePublished\":\"2022-05-04T00:10:00+00:00\",\"dateModified\":\"2022-05-04T00:10:00+00:00\",\"mainEntityOfPage\":{\"@id\":\"https:\/\/now-news.de\/de\/usa\/die-weltgesundheitsorganisation-warnt-vor-einer-epidemie-der-fettleibigkeit-in-europa-die-jaehrlich-mehr-als-12-millionen-todesfaelle-verursacht\/\"},\"wordCount\":684,\"commentCount\":0,\"publisher\":{\"@id\":\"https:\/\/now-news.de\/de\/#organization\"},\"image\":{\"@id\":\"https:\/\/now-news.de\/de\/usa\/die-weltgesundheitsorganisation-warnt-vor-einer-epidemie-der-fettleibigkeit-in-europa-die-jaehrlich-mehr-als-12-millionen-todesfaelle-verursacht\/#primaryimage\"},\"thumbnailUrl\":\"https:\/\/now-news.de\/de\/wp-content\/uploads\/sites\/3\/2022\/05\/Die-Weltgesundheitsorganisation-warnt-vor-einer-\u201eEpidemie-der-Fettleibigkeit-in-Europa.jpg\",\"keywords\":[\"als\",\"der\",\"die\",\"einer\",\"Epidemie\",\"Europa\",\"Fettleibigkeit\",\"j\u00e4hrlich\",\"mehr\",\"Millionen\",\"Todesf\u00e4lle\",\"verursacht\",\"vor\",\"warnt\",\"Weltgesundheitsorganisation\"],\"articleSection\":[\"USA\"],\"inLanguage\":\"de\",\"potentialAction\":[{\"@type\":\"CommentAction\",\"name\":\"Comment\",\"target\":[\"https:\/\/now-news.de\/de\/usa\/die-weltgesundheitsorganisation-warnt-vor-einer-epidemie-der-fettleibigkeit-in-europa-die-jaehrlich-mehr-als-12-millionen-todesfaelle-verursacht\/#respond\"]}]},{\"@type\":\"WebPage\",\"@id\":\"https:\/\/now-news.de\/de\/usa\/die-weltgesundheitsorganisation-warnt-vor-einer-epidemie-der-fettleibigkeit-in-europa-die-jaehrlich-mehr-als-12-millionen-todesfaelle-verursacht\/\",\"url\":\"https:\/\/now-news.de\/de\/usa\/die-weltgesundheitsorganisation-warnt-vor-einer-epidemie-der-fettleibigkeit-in-europa-die-jaehrlich-mehr-als-12-millionen-todesfaelle-verursacht\/\",\"name\":\"Die Weltgesundheitsorganisation warnt vor einer \u201eEpidemie\u201c der Fettleibigkeit in Europa, die j\u00e4hrlich mehr als 1,2 Millionen Todesf\u00e4lle verursacht - just-now.NEWS Deutschland\",\"isPartOf\":{\"@id\":\"https:\/\/now-news.de\/de\/#website\"},\"primaryImageOfPage\":{\"@id\":\"https:\/\/now-news.de\/de\/usa\/die-weltgesundheitsorganisation-warnt-vor-einer-epidemie-der-fettleibigkeit-in-europa-die-jaehrlich-mehr-als-12-millionen-todesfaelle-verursacht\/#primaryimage\"},\"image\":{\"@id\":\"https:\/\/now-news.de\/de\/usa\/die-weltgesundheitsorganisation-warnt-vor-einer-epidemie-der-fettleibigkeit-in-europa-die-jaehrlich-mehr-als-12-millionen-todesfaelle-verursacht\/#primaryimage\"},\"thumbnailUrl\":\"https:\/\/now-news.de\/de\/wp-content\/uploads\/sites\/3\/2022\/05\/Die-Weltgesundheitsorganisation-warnt-vor-einer-\u201eEpidemie-der-Fettleibigkeit-in-Europa.jpg\",\"datePublished\":\"2022-05-04T00:10:00+00:00\",\"dateModified\":\"2022-05-04T00:10:00+00:00\",\"breadcrumb\":{\"@id\":\"https:\/\/now-news.de\/de\/usa\/die-weltgesundheitsorganisation-warnt-vor-einer-epidemie-der-fettleibigkeit-in-europa-die-jaehrlich-mehr-als-12-millionen-todesfaelle-verursacht\/#breadcrumb\"},\"inLanguage\":\"de\",\"potentialAction\":[{\"@type\":\"ReadAction\",\"target\":[\"https:\/\/now-news.de\/de\/usa\/die-weltgesundheitsorganisation-warnt-vor-einer-epidemie-der-fettleibigkeit-in-europa-die-jaehrlich-mehr-als-12-millionen-todesfaelle-verursacht\/\"]}]},{\"@type\":\"ImageObject\",\"inLanguage\":\"de\",\"@id\":\"https:\/\/now-news.de\/de\/usa\/die-weltgesundheitsorganisation-warnt-vor-einer-epidemie-der-fettleibigkeit-in-europa-die-jaehrlich-mehr-als-12-millionen-todesfaelle-verursacht\/#primaryimage\",\"url\":\"https:\/\/now-news.de\/de\/wp-content\/uploads\/sites\/3\/2022\/05\/Die-Weltgesundheitsorganisation-warnt-vor-einer-\u201eEpidemie-der-Fettleibigkeit-in-Europa.jpg\",\"contentUrl\":\"https:\/\/now-news.de\/de\/wp-content\/uploads\/sites\/3\/2022\/05\/Die-Weltgesundheitsorganisation-warnt-vor-einer-\u201eEpidemie-der-Fettleibigkeit-in-Europa.jpg\",\"width\":1830,\"height\":1148},{\"@type\":\"BreadcrumbList\",\"@id\":\"https:\/\/now-news.de\/de\/usa\/die-weltgesundheitsorganisation-warnt-vor-einer-epidemie-der-fettleibigkeit-in-europa-die-jaehrlich-mehr-als-12-millionen-todesfaelle-verursacht\/#breadcrumb\",\"itemListElement\":[{\"@type\":\"ListItem\",\"position\":1,\"name\":\"Home\",\"item\":\"https:\/\/now-news.de\/de\/\"},{\"@type\":\"ListItem\",\"position\":2,\"name\":\"Die Weltgesundheitsorganisation warnt vor einer \u201eEpidemie\u201c der Fettleibigkeit in Europa, die j\u00e4hrlich mehr als 1,2 Millionen Todesf\u00e4lle verursacht\"}]},{\"@type\":\"WebSite\",\"@id\":\"https:\/\/now-news.de\/de\/#website\",\"url\":\"https:\/\/now-news.de\/de\/\",\"name\":\"just-now.NEWS Deutschland\",\"description\":\"Das Portal f\u00fcr unzensierte Nachrichten aus der Welt\",\"publisher\":{\"@id\":\"https:\/\/now-news.de\/de\/#organization\"},\"potentialAction\":[{\"@type\":\"SearchAction\",\"target\":{\"@type\":\"EntryPoint\",\"urlTemplate\":\"https:\/\/now-news.de\/de\/?s={search_term_string}\"},\"query-input\":\"required name=search_term_string\"}],\"inLanguage\":\"de\"},{\"@type\":\"Organization\",\"@id\":\"https:\/\/now-news.de\/de\/#organization\",\"name\":\"Just Now News\",\"url\":\"https:\/\/now-news.de\/de\/\",\"logo\":{\"@type\":\"ImageObject\",\"inLanguage\":\"de\",\"@id\":\"https:\/\/now-news.de\/de\/#\/schema\/logo\/image\/\",\"url\":\"http:\/\/just-now.news\/de\/wp-content\/uploads\/sites\/3\/2022\/04\/logo500x500.jpg\",\"contentUrl\":\"http:\/\/just-now.news\/de\/wp-content\/uploads\/sites\/3\/2022\/04\/logo500x500.jpg\",\"width\":500,\"height\":500,\"caption\":\"Just Now News\"},\"image\":{\"@id\":\"https:\/\/now-news.de\/de\/#\/schema\/logo\/image\/\"},\"sameAs\":[\"https:\/\/www.facebook.com\/wirmachenauf\",\"https:\/\/x.com\/WirMachenAuf_de\"]},{\"@type\":\"Person\",\"@id\":\"https:\/\/now-news.de\/de\/#\/schema\/person\/8afb4cd92b68572db7902c13a349ffcb\",\"name\":\"greatreset\",\"image\":{\"@type\":\"ImageObject\",\"inLanguage\":\"de\",\"@id\":\"https:\/\/now-news.de\/de\/#\/schema\/person\/image\/\",\"url\":\"https:\/\/secure.gravatar.com\/avatar\/a088df625d49991c090e78c8b9542592?s=96&d=mm&r=g\",\"contentUrl\":\"https:\/\/secure.gravatar.com\/avatar\/a088df625d49991c090e78c8b9542592?s=96&d=mm&r=g\",\"caption\":\"greatreset\"},\"url\":\"https:\/\/now-news.de\/de\/author\/greatreset\/\"}]}<\/script>\n<!-- \/ Yoast SEO Premium plugin. -->","yoast_head_json":{"title":"Die Weltgesundheitsorganisation warnt vor einer \u201eEpidemie\u201c der Fettleibigkeit in Europa, die j\u00e4hrlich mehr als 1,2 Millionen Todesf\u00e4lle verursacht - just-now.NEWS Deutschland","robots":{"index":"index","follow":"follow","max-snippet":"max-snippet:-1","max-image-preview":"max-image-preview:large","max-video-preview":"max-video-preview:-1"},"canonical":"https:\/\/now-news.de\/de\/usa\/die-weltgesundheitsorganisation-warnt-vor-einer-epidemie-der-fettleibigkeit-in-europa-die-jaehrlich-mehr-als-12-millionen-todesfaelle-verursacht\/","og_locale":"de_DE","og_type":"article","og_title":"Die Weltgesundheitsorganisation warnt vor einer \u201eEpidemie\u201c der Fettleibigkeit in Europa, die j\u00e4hrlich mehr als 1,2 Millionen Todesf\u00e4lle verursacht","og_description":"Die Weltgesundheitsorganisation sagte am Dienstag, dass die Fettleibigkeitsraten in Europa \u201eepidemische Ausma\u00dfe\u201c erreicht haben und j\u00e4hrlich mehr als 1,2 Millionen Todesf\u00e4lle verursachen. Laut dem Bericht, der am Dienstag auf dem Europ\u00e4ischen Kongress \u00fcber Fettleibigkeit vorgestellt wurde, sind 59 % der Erwachsenen und fast 1 von 3 Kindern (29 % der Jungen und 27 % der [&hellip;]","og_url":"https:\/\/now-news.de\/de\/usa\/die-weltgesundheitsorganisation-warnt-vor-einer-epidemie-der-fettleibigkeit-in-europa-die-jaehrlich-mehr-als-12-millionen-todesfaelle-verursacht\/","og_site_name":"just-now.NEWS Deutschland","article_publisher":"https:\/\/www.facebook.com\/wirmachenauf","article_published_time":"2022-05-04T00:10:00+00:00","og_image":[{"width":1830,"height":1148,"url":"https:\/\/now-news.de\/de\/wp-content\/uploads\/sites\/3\/2022\/05\/Die-Weltgesundheitsorganisation-warnt-vor-einer-\u201eEpidemie-der-Fettleibigkeit-in-Europa.jpg","type":"image\/jpeg"}],"author":"greatreset","twitter_card":"summary_large_image","twitter_creator":"@WirMachenAuf_de","twitter_site":"@WirMachenAuf_de","twitter_misc":{"Verfasst von":"greatreset","Gesch\u00e4tzte Lesezeit":"3\u00a0Minuten"},"schema":{"@context":"https:\/\/schema.org","@graph":[{"@type":"Article","@id":"https:\/\/now-news.de\/de\/usa\/die-weltgesundheitsorganisation-warnt-vor-einer-epidemie-der-fettleibigkeit-in-europa-die-jaehrlich-mehr-als-12-millionen-todesfaelle-verursacht\/#article","isPartOf":{"@id":"https:\/\/now-news.de\/de\/usa\/die-weltgesundheitsorganisation-warnt-vor-einer-epidemie-der-fettleibigkeit-in-europa-die-jaehrlich-mehr-als-12-millionen-todesfaelle-verursacht\/"},"author":{"name":"greatreset","@id":"https:\/\/now-news.de\/de\/#\/schema\/person\/8afb4cd92b68572db7902c13a349ffcb"},"headline":"Die Weltgesundheitsorganisation warnt vor einer \u201eEpidemie\u201c der Fettleibigkeit in Europa, die j\u00e4hrlich mehr als 1,2 Millionen Todesf\u00e4lle verursacht","datePublished":"2022-05-04T00:10:00+00:00","dateModified":"2022-05-04T00:10:00+00:00","mainEntityOfPage":{"@id":"https:\/\/now-news.de\/de\/usa\/die-weltgesundheitsorganisation-warnt-vor-einer-epidemie-der-fettleibigkeit-in-europa-die-jaehrlich-mehr-als-12-millionen-todesfaelle-verursacht\/"},"wordCount":684,"commentCount":0,"publisher":{"@id":"https:\/\/now-news.de\/de\/#organization"},"image":{"@id":"https:\/\/now-news.de\/de\/usa\/die-weltgesundheitsorganisation-warnt-vor-einer-epidemie-der-fettleibigkeit-in-europa-die-jaehrlich-mehr-als-12-millionen-todesfaelle-verursacht\/#primaryimage"},"thumbnailUrl":"https:\/\/now-news.de\/de\/wp-content\/uploads\/sites\/3\/2022\/05\/Die-Weltgesundheitsorganisation-warnt-vor-einer-\u201eEpidemie-der-Fettleibigkeit-in-Europa.jpg","keywords":["als","der","die","einer","Epidemie","Europa","Fettleibigkeit","j\u00e4hrlich","mehr","Millionen","Todesf\u00e4lle","verursacht","vor","warnt","Weltgesundheitsorganisation"],"articleSection":["USA"],"inLanguage":"de","potentialAction":[{"@type":"CommentAction","name":"Comment","target":["https:\/\/now-news.de\/de\/usa\/die-weltgesundheitsorganisation-warnt-vor-einer-epidemie-der-fettleibigkeit-in-europa-die-jaehrlich-mehr-als-12-millionen-todesfaelle-verursacht\/#respond"]}]},{"@type":"WebPage","@id":"https:\/\/now-news.de\/de\/usa\/die-weltgesundheitsorganisation-warnt-vor-einer-epidemie-der-fettleibigkeit-in-europa-die-jaehrlich-mehr-als-12-millionen-todesfaelle-verursacht\/","url":"https:\/\/now-news.de\/de\/usa\/die-weltgesundheitsorganisation-warnt-vor-einer-epidemie-der-fettleibigkeit-in-europa-die-jaehrlich-mehr-als-12-millionen-todesfaelle-verursacht\/","name":"Die Weltgesundheitsorganisation warnt vor einer \u201eEpidemie\u201c der Fettleibigkeit in Europa, die j\u00e4hrlich mehr als 1,2 Millionen Todesf\u00e4lle verursacht - just-now.NEWS Deutschland","isPartOf":{"@id":"https:\/\/now-news.de\/de\/#website"},"primaryImageOfPage":{"@id":"https:\/\/now-news.de\/de\/usa\/die-weltgesundheitsorganisation-warnt-vor-einer-epidemie-der-fettleibigkeit-in-europa-die-jaehrlich-mehr-als-12-millionen-todesfaelle-verursacht\/#primaryimage"},"image":{"@id":"https:\/\/now-news.de\/de\/usa\/die-weltgesundheitsorganisation-warnt-vor-einer-epidemie-der-fettleibigkeit-in-europa-die-jaehrlich-mehr-als-12-millionen-todesfaelle-verursacht\/#primaryimage"},"thumbnailUrl":"https:\/\/now-news.de\/de\/wp-content\/uploads\/sites\/3\/2022\/05\/Die-Weltgesundheitsorganisation-warnt-vor-einer-\u201eEpidemie-der-Fettleibigkeit-in-Europa.jpg","datePublished":"2022-05-04T00:10:00+00:00","dateModified":"2022-05-04T00:10:00+00:00","breadcrumb":{"@id":"https:\/\/now-news.de\/de\/usa\/die-weltgesundheitsorganisation-warnt-vor-einer-epidemie-der-fettleibigkeit-in-europa-die-jaehrlich-mehr-als-12-millionen-todesfaelle-verursacht\/#breadcrumb"},"inLanguage":"de","potentialAction":[{"@type":"ReadAction","target":["https:\/\/now-news.de\/de\/usa\/die-weltgesundheitsorganisation-warnt-vor-einer-epidemie-der-fettleibigkeit-in-europa-die-jaehrlich-mehr-als-12-millionen-todesfaelle-verursacht\/"]}]},{"@type":"ImageObject","inLanguage":"de","@id":"https:\/\/now-news.de\/de\/usa\/die-weltgesundheitsorganisation-warnt-vor-einer-epidemie-der-fettleibigkeit-in-europa-die-jaehrlich-mehr-als-12-millionen-todesfaelle-verursacht\/#primaryimage","url":"https:\/\/now-news.de\/de\/wp-content\/uploads\/sites\/3\/2022\/05\/Die-Weltgesundheitsorganisation-warnt-vor-einer-\u201eEpidemie-der-Fettleibigkeit-in-Europa.jpg","contentUrl":"https:\/\/now-news.de\/de\/wp-content\/uploads\/sites\/3\/2022\/05\/Die-Weltgesundheitsorganisation-warnt-vor-einer-\u201eEpidemie-der-Fettleibigkeit-in-Europa.jpg","width":1830,"height":1148},{"@type":"BreadcrumbList","@id":"https:\/\/now-news.de\/de\/usa\/die-weltgesundheitsorganisation-warnt-vor-einer-epidemie-der-fettleibigkeit-in-europa-die-jaehrlich-mehr-als-12-millionen-todesfaelle-verursacht\/#breadcrumb","itemListElement":[{"@type":"ListItem","position":1,"name":"Home","item":"https:\/\/now-news.de\/de\/"},{"@type":"ListItem","position":2,"name":"Die Weltgesundheitsorganisation warnt vor einer \u201eEpidemie\u201c der Fettleibigkeit in Europa, die j\u00e4hrlich mehr als 1,2 Millionen Todesf\u00e4lle verursacht"}]},{"@type":"WebSite","@id":"https:\/\/now-news.de\/de\/#website","url":"https:\/\/now-news.de\/de\/","name":"just-now.NEWS Deutschland","description":"Das Portal f\u00fcr unzensierte Nachrichten aus der Welt","publisher":{"@id":"https:\/\/now-news.de\/de\/#organization"},"potentialAction":[{"@type":"SearchAction","target":{"@type":"EntryPoint","urlTemplate":"https:\/\/now-news.de\/de\/?s={search_term_string}"},"query-input":"required name=search_term_string"}],"inLanguage":"de"},{"@type":"Organization","@id":"https:\/\/now-news.de\/de\/#organization","name":"Just Now News","url":"https:\/\/now-news.de\/de\/","logo":{"@type":"ImageObject","inLanguage":"de","@id":"https:\/\/now-news.de\/de\/#\/schema\/logo\/image\/","url":"http:\/\/just-now.news\/de\/wp-content\/uploads\/sites\/3\/2022\/04\/logo500x500.jpg","contentUrl":"http:\/\/just-now.news\/de\/wp-content\/uploads\/sites\/3\/2022\/04\/logo500x500.jpg","width":500,"height":500,"caption":"Just Now News"},"image":{"@id":"https:\/\/now-news.de\/de\/#\/schema\/logo\/image\/"},"sameAs":["https:\/\/www.facebook.com\/wirmachenauf","https:\/\/x.com\/WirMachenAuf_de"]},{"@type":"Person","@id":"https:\/\/now-news.de\/de\/#\/schema\/person\/8afb4cd92b68572db7902c13a349ffcb","name":"greatreset","image":{"@type":"ImageObject","inLanguage":"de","@id":"https:\/\/now-news.de\/de\/#\/schema\/person\/image\/","url":"https:\/\/secure.gravatar.com\/avatar\/a088df625d49991c090e78c8b9542592?s=96&d=mm&r=g","contentUrl":"https:\/\/secure.gravatar.com\/avatar\/a088df625d49991c090e78c8b9542592?s=96&d=mm&r=g","caption":"greatreset"},"url":"https:\/\/now-news.de\/de\/author\/greatreset\/"}]}},"_links":{"self":[{"href":"https:\/\/now-news.de\/de\/wp-json\/wp\/v2\/posts\/6601"}],"collection":[{"href":"https:\/\/now-news.de\/de\/wp-json\/wp\/v2\/posts"}],"about":[{"href":"https:\/\/now-news.de\/de\/wp-json\/wp\/v2\/types\/post"}],"author":[{"embeddable":true,"href":"https:\/\/now-news.de\/de\/wp-json\/wp\/v2\/users\/5"}],"replies":[{"embeddable":true,"href":"https:\/\/now-news.de\/de\/wp-json\/wp\/v2\/comments?post=6601"}],"version-history":[{"count":0,"href":"https:\/\/now-news.de\/de\/wp-json\/wp\/v2\/posts\/6601\/revisions"}],"wp:featuredmedia":[{"embeddable":true,"href":"https:\/\/now-news.de\/de\/wp-json\/wp\/v2\/media\/6602"}],"wp:attachment":[{"href":"https:\/\/now-news.de\/de\/wp-json\/wp\/v2\/media?parent=6601"}],"wp:term":[{"taxonomy":"category","embeddable":true,"href":"https:\/\/now-news.de\/de\/wp-json\/wp\/v2\/categories?post=6601"},{"taxonomy":"post_tag","embeddable":true,"href":"https:\/\/now-news.de\/de\/wp-json\/wp\/v2\/tags?post=6601"}],"curies":[{"name":"wp","href":"https:\/\/api.w.org\/{rel}","templated":true}]}}