{"id":65966,"date":"2024-08-01T21:52:02","date_gmt":"2024-08-01T19:52:02","guid":{"rendered":"https:\/\/now-news.de\/de\/deutschland\/olaf-scholz-zum-gefangenenaustausch-moeglichkeit-geschaffen-wieder-in-freiheit-zu-leben\/"},"modified":"2024-08-01T21:52:02","modified_gmt":"2024-08-01T19:52:02","slug":"olaf-scholz-zum-gefangenenaustausch-moeglichkeit-geschaffen-wieder-in-freiheit-zu-leben","status":"publish","type":"post","link":"https:\/\/now-news.de\/de\/deutschland\/olaf-scholz-zum-gefangenenaustausch-moeglichkeit-geschaffen-wieder-in-freiheit-zu-leben\/","title":{"rendered":"Olaf Scholz zum Gefangenenaustausch: &quot;M\u00f6glichkeit geschaffen, wieder in Freiheit zu leben&quot;"},"content":{"rendered":"<p><img decoding=\"async\" src=\"https:\/\/now-news.de\/de\/wp-content\/uploads\/sites\/3\/2024\/08\/66abe5da48fbef31cf7ffbcb.jpg\" \/><\/p>\n<div class=\"Text-root Text-type_1 \">\n                Bundeskanzler Olaf Scholz hat die aus Russland nach Deutschland ausgeflogenen Gefangenen am Flughafen K\u00f6ln\/Bonn begr\u00fc\u00dft. Er begr\u00fcndete das mit den USA koordinierte Vorgehen mit humanit\u00e4ren Erw\u00e4gungen.\n            <\/div>\n<p><\/p>\n<div class=\"Text-root Text-type_5 ArticleView-text ViewText-root \">\n<p>Anl\u00e4sslich des heute stattgefundenen Gefangenenaustauschs zwischen der russischen und wei\u00dfrussischen Seite einerseits und den USA sowie der BRD andererseits hat Bundeskanzler Olaf Scholz (SPD) die nach Deutschland zur\u00fcckgekehrten ehemaligen Inhaftierten am Flughafen K\u00f6ln\/Bonn bei ihrer Ankunft begr\u00fc\u00dft.<\/p>\n<p>Der Kanzler betonte in seiner kurzen Ansprache, man habe zwischen rechtlichen und humanit\u00e4ren Prinzipien abw\u00e4gen m\u00fcssen. Auch wenn in Deutschland rechtskr\u00e4ftig Verurteilte eigentlich nicht h\u00e4tten freikommen d\u00fcrfen, so der Regierungschef, habe man doch eine Schutzverpflichtung gegen\u00fcber den eigenen Staatsb\u00fcrgern zu ber\u00fccksichtigen gehabt \u2013 und auch die &#8220;Solidarit\u00e4t gegen\u00fcber den USA&#8221;.<\/p>\n<p>Die Opposition, gemeint war offensichtlich die CDU\/CSU-Fraktion, sei in die Vorbereitung des Gefangenenaustauschs eingebunden und mit dem Vorgehen einverstanden gewesen. Mit der zwischen den beteiligten Staaten vereinbarten Austauschaktion habe man &#8220;Gesundheit und Leben gerettet&#8221; und &#8220;wieder die M\u00f6glichkeit geschaffen, in Freiheit zu leben&#8221;, erkl\u00e4rte Scholz.<\/p>\n<div class=\"EmbedBlock-root EmbedBlock-externalVideo EmbedBlock-vk\">\n<div class=\"VkEmbed\"><iframe class=\"lazyload\" data-src=\"https:\/\/vk.com\/video_ext.php?oid=-134310637&amp;id=456278780\" frameborder=\"0\" width=\"853\" height=\"480\" allowfullscreen><\/iframe><\/div>\n<\/div>\n<p><strong>Mehr zum Thema<\/strong> \u2012 <a rel=\"nofollow noopener\" target=\"_blank\" href=\"https:\/\/dert.site\/russland\/214337-fsb-acht-russische-buerger-sind\/\">FSB: Acht russische B\u00fcrger sind nach Gefangenenaustausch in Ankara nach Hause zur\u00fcckgekehrt<\/a><\/p>\n<\/p>\n<\/div>\n<p><br \/>\n<br \/><a href=\"https:\/\/de.rt.com\/inland\/214345-olaf-scholz-zum-gefangenenaustausch-moeglichkeit\/\">Source link <\/a><\/p>\n","protected":false},"excerpt":{"rendered":"<p>Bundeskanzler Olaf Scholz hat die aus Russland nach Deutschland ausgeflogenen Gefangenen am Flughafen K\u00f6ln\/Bonn begr\u00fc\u00dft. Er begr\u00fcndete das mit den USA koordinierte Vorgehen mit humanit\u00e4ren Erw\u00e4gungen. Anl\u00e4sslich des heute stattgefundenen Gefangenenaustauschs zwischen der russischen und wei\u00dfrussischen Seite einerseits und den USA sowie der BRD andererseits hat Bundeskanzler Olaf Scholz (SPD) die nach Deutschland zur\u00fcckgekehrten ehemaligen [&hellip;]<\/p>\n","protected":false},"author":3,"featured_media":65967,"comment_status":"open","ping_status":"open","sticky":false,"template":"","format":"standard","meta":{"_yoast_indexnow_last_ping":["1722543447"],"wp_automatic_camp":["217"],"f10d72cc943172f836a20bc8f972ec93":["Olaf Scholz zum Gefangenenaustausch: &quot;M\u00f6glichkeit geschaffen, wieder in Freiheit zu leben&quot;"],"original_link":["https:\/\/de.rt.com\/inland\/214345-olaf-scholz-zum-gefangenenaustausch-moeglichkeit\/"],"_thumbnail_id":["65967"],"jnews_social_counter_last_update":["1777282854"],"_wptgpro_p2tg_sent2tg":["a:1:{i:23737;s:19:\"2024-08-01 22:18:37\";}"]},"categories":[19,23],"tags":[5419,11627,27278,35906,7179,57189,1001,904,565],"yoast_head":"<!-- This site is optimized with the Yoast SEO Premium plugin v22.7 (Yoast SEO v22.7) - https:\/\/yoast.com\/wordpress\/plugins\/seo\/ -->\n<title>Olaf Scholz zum Gefangenenaustausch: &quot;M\u00f6glichkeit geschaffen, wieder in Freiheit zu leben&quot; - just-now.NEWS Deutschland<\/title>\n<meta name=\"robots\" content=\"index, follow, max-snippet:-1, max-image-preview:large, max-video-preview:-1\" \/>\n<link rel=\"canonical\" href=\"https:\/\/now-news.de\/de\/deutschland\/olaf-scholz-zum-gefangenenaustausch-moeglichkeit-geschaffen-wieder-in-freiheit-zu-leben\/\" \/>\n<meta property=\"og:locale\" content=\"de_DE\" \/>\n<meta property=\"og:type\" content=\"article\" \/>\n<meta property=\"og:title\" content=\"Olaf Scholz zum Gefangenenaustausch: &quot;M\u00f6glichkeit geschaffen, wieder in Freiheit zu leben&quot;\" \/>\n<meta property=\"og:description\" content=\"Bundeskanzler Olaf Scholz hat die aus Russland nach Deutschland ausgeflogenen Gefangenen am Flughafen K\u00f6ln\/Bonn begr\u00fc\u00dft. Er begr\u00fcndete das mit den USA koordinierte Vorgehen mit humanit\u00e4ren Erw\u00e4gungen. Anl\u00e4sslich des heute stattgefundenen Gefangenenaustauschs zwischen der russischen und wei\u00dfrussischen Seite einerseits und den USA sowie der BRD andererseits hat Bundeskanzler Olaf Scholz (SPD) die nach Deutschland zur\u00fcckgekehrten ehemaligen [&hellip;]\" \/>\n<meta property=\"og:url\" content=\"https:\/\/now-news.de\/de\/deutschland\/olaf-scholz-zum-gefangenenaustausch-moeglichkeit-geschaffen-wieder-in-freiheit-zu-leben\/\" \/>\n<meta property=\"og:site_name\" content=\"just-now.NEWS Deutschland\" \/>\n<meta property=\"article:publisher\" content=\"https:\/\/www.facebook.com\/wirmachenauf\" \/>\n<meta property=\"article:published_time\" content=\"2024-08-01T19:52:02+00:00\" \/>\n<meta property=\"og:image\" content=\"https:\/\/now-news.de\/de\/wp-content\/uploads\/sites\/3\/2024\/08\/66abe5da48fbef31cf7ffbcb.jpg\" \/>\n<meta name=\"author\" content=\"rtnews\" \/>\n<meta name=\"twitter:card\" content=\"summary_large_image\" \/>\n<meta name=\"twitter:creator\" content=\"@WirMachenAuf_de\" \/>\n<meta name=\"twitter:site\" content=\"@WirMachenAuf_de\" \/>\n<meta name=\"twitter:label1\" content=\"Verfasst von\" \/>\n\t<meta name=\"twitter:data1\" content=\"rtnews\" \/>\n\t<meta name=\"twitter:label2\" content=\"Gesch\u00e4tzte Lesezeit\" \/>\n\t<meta name=\"twitter:data2\" content=\"1\u00a0Minute\" \/>\n<script type=\"application\/ld+json\" class=\"yoast-schema-graph\">{\"@context\":\"https:\/\/schema.org\",\"@graph\":[{\"@type\":\"Article\",\"@id\":\"https:\/\/now-news.de\/de\/deutschland\/olaf-scholz-zum-gefangenenaustausch-moeglichkeit-geschaffen-wieder-in-freiheit-zu-leben\/#article\",\"isPartOf\":{\"@id\":\"https:\/\/now-news.de\/de\/deutschland\/olaf-scholz-zum-gefangenenaustausch-moeglichkeit-geschaffen-wieder-in-freiheit-zu-leben\/\"},\"author\":{\"name\":\"rtnews\",\"@id\":\"https:\/\/now-news.de\/de\/#\/schema\/person\/fb534a4e865501d8b3285208df34a9b5\"},\"headline\":\"Olaf Scholz zum Gefangenenaustausch: &quot;M\u00f6glichkeit geschaffen, wieder in Freiheit zu leben&quot;\",\"datePublished\":\"2024-08-01T19:52:02+00:00\",\"dateModified\":\"2024-08-01T19:52:02+00:00\",\"mainEntityOfPage\":{\"@id\":\"https:\/\/now-news.de\/de\/deutschland\/olaf-scholz-zum-gefangenenaustausch-moeglichkeit-geschaffen-wieder-in-freiheit-zu-leben\/\"},\"wordCount\":217,\"commentCount\":0,\"publisher\":{\"@id\":\"https:\/\/now-news.de\/de\/#organization\"},\"image\":{\"@id\":\"https:\/\/now-news.de\/de\/deutschland\/olaf-scholz-zum-gefangenenaustausch-moeglichkeit-geschaffen-wieder-in-freiheit-zu-leben\/#primaryimage\"},\"thumbnailUrl\":\"https:\/\/now-news.de\/de\/wp-content\/uploads\/sites\/3\/2024\/08\/Olaf-Scholz-zum-Gefangenenaustausch-quotMoeglichkeit-geschaffen-wieder-in-Freiheit-zu.jpg\",\"keywords\":[\"freiheit\",\"Gefangenenaustausch\",\"geschaffen\",\"Lebenquot\",\"Olaf\",\"quotM\u00f6glichkeit\",\"Scholz\",\"wieder\",\"zum\"],\"articleSection\":[\"Deutschland\",\"Russland\"],\"inLanguage\":\"de\",\"potentialAction\":[{\"@type\":\"CommentAction\",\"name\":\"Comment\",\"target\":[\"https:\/\/now-news.de\/de\/deutschland\/olaf-scholz-zum-gefangenenaustausch-moeglichkeit-geschaffen-wieder-in-freiheit-zu-leben\/#respond\"]}]},{\"@type\":\"WebPage\",\"@id\":\"https:\/\/now-news.de\/de\/deutschland\/olaf-scholz-zum-gefangenenaustausch-moeglichkeit-geschaffen-wieder-in-freiheit-zu-leben\/\",\"url\":\"https:\/\/now-news.de\/de\/deutschland\/olaf-scholz-zum-gefangenenaustausch-moeglichkeit-geschaffen-wieder-in-freiheit-zu-leben\/\",\"name\":\"Olaf Scholz zum Gefangenenaustausch: &quot;M\u00f6glichkeit geschaffen, wieder in Freiheit zu leben&quot; - just-now.NEWS Deutschland\",\"isPartOf\":{\"@id\":\"https:\/\/now-news.de\/de\/#website\"},\"primaryImageOfPage\":{\"@id\":\"https:\/\/now-news.de\/de\/deutschland\/olaf-scholz-zum-gefangenenaustausch-moeglichkeit-geschaffen-wieder-in-freiheit-zu-leben\/#primaryimage\"},\"image\":{\"@id\":\"https:\/\/now-news.de\/de\/deutschland\/olaf-scholz-zum-gefangenenaustausch-moeglichkeit-geschaffen-wieder-in-freiheit-zu-leben\/#primaryimage\"},\"thumbnailUrl\":\"https:\/\/now-news.de\/de\/wp-content\/uploads\/sites\/3\/2024\/08\/Olaf-Scholz-zum-Gefangenenaustausch-quotMoeglichkeit-geschaffen-wieder-in-Freiheit-zu.jpg\",\"datePublished\":\"2024-08-01T19:52:02+00:00\",\"dateModified\":\"2024-08-01T19:52:02+00:00\",\"breadcrumb\":{\"@id\":\"https:\/\/now-news.de\/de\/deutschland\/olaf-scholz-zum-gefangenenaustausch-moeglichkeit-geschaffen-wieder-in-freiheit-zu-leben\/#breadcrumb\"},\"inLanguage\":\"de\",\"potentialAction\":[{\"@type\":\"ReadAction\",\"target\":[\"https:\/\/now-news.de\/de\/deutschland\/olaf-scholz-zum-gefangenenaustausch-moeglichkeit-geschaffen-wieder-in-freiheit-zu-leben\/\"]}]},{\"@type\":\"ImageObject\",\"inLanguage\":\"de\",\"@id\":\"https:\/\/now-news.de\/de\/deutschland\/olaf-scholz-zum-gefangenenaustausch-moeglichkeit-geschaffen-wieder-in-freiheit-zu-leben\/#primaryimage\",\"url\":\"https:\/\/now-news.de\/de\/wp-content\/uploads\/sites\/3\/2024\/08\/Olaf-Scholz-zum-Gefangenenaustausch-quotMoeglichkeit-geschaffen-wieder-in-Freiheit-zu.jpg\",\"contentUrl\":\"https:\/\/now-news.de\/de\/wp-content\/uploads\/sites\/3\/2024\/08\/Olaf-Scholz-zum-Gefangenenaustausch-quotMoeglichkeit-geschaffen-wieder-in-Freiheit-zu.jpg\",\"width\":460,\"height\":259,\"caption\":\"Olaf Scholz zum Gefangenenaustausch: &quot;M\u00f6glichkeit geschaffen, wieder in Freiheit zu leben&quot;\"},{\"@type\":\"BreadcrumbList\",\"@id\":\"https:\/\/now-news.de\/de\/deutschland\/olaf-scholz-zum-gefangenenaustausch-moeglichkeit-geschaffen-wieder-in-freiheit-zu-leben\/#breadcrumb\",\"itemListElement\":[{\"@type\":\"ListItem\",\"position\":1,\"name\":\"Home\",\"item\":\"https:\/\/now-news.de\/de\/\"},{\"@type\":\"ListItem\",\"position\":2,\"name\":\"Olaf Scholz zum Gefangenenaustausch: &quot;M\u00f6glichkeit geschaffen, wieder in Freiheit zu leben&quot;\"}]},{\"@type\":\"WebSite\",\"@id\":\"https:\/\/now-news.de\/de\/#website\",\"url\":\"https:\/\/now-news.de\/de\/\",\"name\":\"just-now.NEWS Deutschland\",\"description\":\"Das Portal f\u00fcr unzensierte Nachrichten aus der Welt\",\"publisher\":{\"@id\":\"https:\/\/now-news.de\/de\/#organization\"},\"potentialAction\":[{\"@type\":\"SearchAction\",\"target\":{\"@type\":\"EntryPoint\",\"urlTemplate\":\"https:\/\/now-news.de\/de\/?s={search_term_string}\"},\"query-input\":\"required name=search_term_string\"}],\"inLanguage\":\"de\"},{\"@type\":\"Organization\",\"@id\":\"https:\/\/now-news.de\/de\/#organization\",\"name\":\"Just Now News\",\"url\":\"https:\/\/now-news.de\/de\/\",\"logo\":{\"@type\":\"ImageObject\",\"inLanguage\":\"de\",\"@id\":\"https:\/\/now-news.de\/de\/#\/schema\/logo\/image\/\",\"url\":\"http:\/\/just-now.news\/de\/wp-content\/uploads\/sites\/3\/2022\/04\/logo500x500.jpg\",\"contentUrl\":\"http:\/\/just-now.news\/de\/wp-content\/uploads\/sites\/3\/2022\/04\/logo500x500.jpg\",\"width\":500,\"height\":500,\"caption\":\"Just Now News\"},\"image\":{\"@id\":\"https:\/\/now-news.de\/de\/#\/schema\/logo\/image\/\"},\"sameAs\":[\"https:\/\/www.facebook.com\/wirmachenauf\",\"https:\/\/x.com\/WirMachenAuf_de\"]},{\"@type\":\"Person\",\"@id\":\"https:\/\/now-news.de\/de\/#\/schema\/person\/fb534a4e865501d8b3285208df34a9b5\",\"name\":\"rtnews\",\"image\":{\"@type\":\"ImageObject\",\"inLanguage\":\"de\",\"@id\":\"https:\/\/now-news.de\/de\/#\/schema\/person\/image\/\",\"url\":\"https:\/\/secure.gravatar.com\/avatar\/82aafea7d8127119dd649515f56e2117?s=96&d=mm&r=g\",\"contentUrl\":\"https:\/\/secure.gravatar.com\/avatar\/82aafea7d8127119dd649515f56e2117?s=96&d=mm&r=g\",\"caption\":\"rtnews\"},\"url\":\"https:\/\/now-news.de\/de\/author\/rnews\/\"}]}<\/script>\n<!-- \/ Yoast SEO Premium plugin. -->","yoast_head_json":{"title":"Olaf Scholz zum Gefangenenaustausch: &quot;M\u00f6glichkeit geschaffen, wieder in Freiheit zu leben&quot; - just-now.NEWS Deutschland","robots":{"index":"index","follow":"follow","max-snippet":"max-snippet:-1","max-image-preview":"max-image-preview:large","max-video-preview":"max-video-preview:-1"},"canonical":"https:\/\/now-news.de\/de\/deutschland\/olaf-scholz-zum-gefangenenaustausch-moeglichkeit-geschaffen-wieder-in-freiheit-zu-leben\/","og_locale":"de_DE","og_type":"article","og_title":"Olaf Scholz zum Gefangenenaustausch: &quot;M\u00f6glichkeit geschaffen, wieder in Freiheit zu leben&quot;","og_description":"Bundeskanzler Olaf Scholz hat die aus Russland nach Deutschland ausgeflogenen Gefangenen am Flughafen K\u00f6ln\/Bonn begr\u00fc\u00dft. Er begr\u00fcndete das mit den USA koordinierte Vorgehen mit humanit\u00e4ren Erw\u00e4gungen. Anl\u00e4sslich des heute stattgefundenen Gefangenenaustauschs zwischen der russischen und wei\u00dfrussischen Seite einerseits und den USA sowie der BRD andererseits hat Bundeskanzler Olaf Scholz (SPD) die nach Deutschland zur\u00fcckgekehrten ehemaligen [&hellip;]","og_url":"https:\/\/now-news.de\/de\/deutschland\/olaf-scholz-zum-gefangenenaustausch-moeglichkeit-geschaffen-wieder-in-freiheit-zu-leben\/","og_site_name":"just-now.NEWS Deutschland","article_publisher":"https:\/\/www.facebook.com\/wirmachenauf","article_published_time":"2024-08-01T19:52:02+00:00","og_image":[{"url":"https:\/\/now-news.de\/de\/wp-content\/uploads\/sites\/3\/2024\/08\/66abe5da48fbef31cf7ffbcb.jpg"}],"author":"rtnews","twitter_card":"summary_large_image","twitter_creator":"@WirMachenAuf_de","twitter_site":"@WirMachenAuf_de","twitter_misc":{"Verfasst von":"rtnews","Gesch\u00e4tzte Lesezeit":"1\u00a0Minute"},"schema":{"@context":"https:\/\/schema.org","@graph":[{"@type":"Article","@id":"https:\/\/now-news.de\/de\/deutschland\/olaf-scholz-zum-gefangenenaustausch-moeglichkeit-geschaffen-wieder-in-freiheit-zu-leben\/#article","isPartOf":{"@id":"https:\/\/now-news.de\/de\/deutschland\/olaf-scholz-zum-gefangenenaustausch-moeglichkeit-geschaffen-wieder-in-freiheit-zu-leben\/"},"author":{"name":"rtnews","@id":"https:\/\/now-news.de\/de\/#\/schema\/person\/fb534a4e865501d8b3285208df34a9b5"},"headline":"Olaf Scholz zum Gefangenenaustausch: &quot;M\u00f6glichkeit geschaffen, wieder in Freiheit zu leben&quot;","datePublished":"2024-08-01T19:52:02+00:00","dateModified":"2024-08-01T19:52:02+00:00","mainEntityOfPage":{"@id":"https:\/\/now-news.de\/de\/deutschland\/olaf-scholz-zum-gefangenenaustausch-moeglichkeit-geschaffen-wieder-in-freiheit-zu-leben\/"},"wordCount":217,"commentCount":0,"publisher":{"@id":"https:\/\/now-news.de\/de\/#organization"},"image":{"@id":"https:\/\/now-news.de\/de\/deutschland\/olaf-scholz-zum-gefangenenaustausch-moeglichkeit-geschaffen-wieder-in-freiheit-zu-leben\/#primaryimage"},"thumbnailUrl":"https:\/\/now-news.de\/de\/wp-content\/uploads\/sites\/3\/2024\/08\/Olaf-Scholz-zum-Gefangenenaustausch-quotMoeglichkeit-geschaffen-wieder-in-Freiheit-zu.jpg","keywords":["freiheit","Gefangenenaustausch","geschaffen","Lebenquot","Olaf","quotM\u00f6glichkeit","Scholz","wieder","zum"],"articleSection":["Deutschland","Russland"],"inLanguage":"de","potentialAction":[{"@type":"CommentAction","name":"Comment","target":["https:\/\/now-news.de\/de\/deutschland\/olaf-scholz-zum-gefangenenaustausch-moeglichkeit-geschaffen-wieder-in-freiheit-zu-leben\/#respond"]}]},{"@type":"WebPage","@id":"https:\/\/now-news.de\/de\/deutschland\/olaf-scholz-zum-gefangenenaustausch-moeglichkeit-geschaffen-wieder-in-freiheit-zu-leben\/","url":"https:\/\/now-news.de\/de\/deutschland\/olaf-scholz-zum-gefangenenaustausch-moeglichkeit-geschaffen-wieder-in-freiheit-zu-leben\/","name":"Olaf Scholz zum Gefangenenaustausch: &quot;M\u00f6glichkeit geschaffen, wieder in Freiheit zu leben&quot; - just-now.NEWS Deutschland","isPartOf":{"@id":"https:\/\/now-news.de\/de\/#website"},"primaryImageOfPage":{"@id":"https:\/\/now-news.de\/de\/deutschland\/olaf-scholz-zum-gefangenenaustausch-moeglichkeit-geschaffen-wieder-in-freiheit-zu-leben\/#primaryimage"},"image":{"@id":"https:\/\/now-news.de\/de\/deutschland\/olaf-scholz-zum-gefangenenaustausch-moeglichkeit-geschaffen-wieder-in-freiheit-zu-leben\/#primaryimage"},"thumbnailUrl":"https:\/\/now-news.de\/de\/wp-content\/uploads\/sites\/3\/2024\/08\/Olaf-Scholz-zum-Gefangenenaustausch-quotMoeglichkeit-geschaffen-wieder-in-Freiheit-zu.jpg","datePublished":"2024-08-01T19:52:02+00:00","dateModified":"2024-08-01T19:52:02+00:00","breadcrumb":{"@id":"https:\/\/now-news.de\/de\/deutschland\/olaf-scholz-zum-gefangenenaustausch-moeglichkeit-geschaffen-wieder-in-freiheit-zu-leben\/#breadcrumb"},"inLanguage":"de","potentialAction":[{"@type":"ReadAction","target":["https:\/\/now-news.de\/de\/deutschland\/olaf-scholz-zum-gefangenenaustausch-moeglichkeit-geschaffen-wieder-in-freiheit-zu-leben\/"]}]},{"@type":"ImageObject","inLanguage":"de","@id":"https:\/\/now-news.de\/de\/deutschland\/olaf-scholz-zum-gefangenenaustausch-moeglichkeit-geschaffen-wieder-in-freiheit-zu-leben\/#primaryimage","url":"https:\/\/now-news.de\/de\/wp-content\/uploads\/sites\/3\/2024\/08\/Olaf-Scholz-zum-Gefangenenaustausch-quotMoeglichkeit-geschaffen-wieder-in-Freiheit-zu.jpg","contentUrl":"https:\/\/now-news.de\/de\/wp-content\/uploads\/sites\/3\/2024\/08\/Olaf-Scholz-zum-Gefangenenaustausch-quotMoeglichkeit-geschaffen-wieder-in-Freiheit-zu.jpg","width":460,"height":259,"caption":"Olaf Scholz zum Gefangenenaustausch: &quot;M\u00f6glichkeit geschaffen, wieder in Freiheit zu leben&quot;"},{"@type":"BreadcrumbList","@id":"https:\/\/now-news.de\/de\/deutschland\/olaf-scholz-zum-gefangenenaustausch-moeglichkeit-geschaffen-wieder-in-freiheit-zu-leben\/#breadcrumb","itemListElement":[{"@type":"ListItem","position":1,"name":"Home","item":"https:\/\/now-news.de\/de\/"},{"@type":"ListItem","position":2,"name":"Olaf Scholz zum Gefangenenaustausch: &quot;M\u00f6glichkeit geschaffen, wieder in Freiheit zu leben&quot;"}]},{"@type":"WebSite","@id":"https:\/\/now-news.de\/de\/#website","url":"https:\/\/now-news.de\/de\/","name":"just-now.NEWS Deutschland","description":"Das Portal f\u00fcr unzensierte Nachrichten aus der Welt","publisher":{"@id":"https:\/\/now-news.de\/de\/#organization"},"potentialAction":[{"@type":"SearchAction","target":{"@type":"EntryPoint","urlTemplate":"https:\/\/now-news.de\/de\/?s={search_term_string}"},"query-input":"required name=search_term_string"}],"inLanguage":"de"},{"@type":"Organization","@id":"https:\/\/now-news.de\/de\/#organization","name":"Just Now News","url":"https:\/\/now-news.de\/de\/","logo":{"@type":"ImageObject","inLanguage":"de","@id":"https:\/\/now-news.de\/de\/#\/schema\/logo\/image\/","url":"http:\/\/just-now.news\/de\/wp-content\/uploads\/sites\/3\/2022\/04\/logo500x500.jpg","contentUrl":"http:\/\/just-now.news\/de\/wp-content\/uploads\/sites\/3\/2022\/04\/logo500x500.jpg","width":500,"height":500,"caption":"Just Now News"},"image":{"@id":"https:\/\/now-news.de\/de\/#\/schema\/logo\/image\/"},"sameAs":["https:\/\/www.facebook.com\/wirmachenauf","https:\/\/x.com\/WirMachenAuf_de"]},{"@type":"Person","@id":"https:\/\/now-news.de\/de\/#\/schema\/person\/fb534a4e865501d8b3285208df34a9b5","name":"rtnews","image":{"@type":"ImageObject","inLanguage":"de","@id":"https:\/\/now-news.de\/de\/#\/schema\/person\/image\/","url":"https:\/\/secure.gravatar.com\/avatar\/82aafea7d8127119dd649515f56e2117?s=96&d=mm&r=g","contentUrl":"https:\/\/secure.gravatar.com\/avatar\/82aafea7d8127119dd649515f56e2117?s=96&d=mm&r=g","caption":"rtnews"},"url":"https:\/\/now-news.de\/de\/author\/rnews\/"}]}},"_links":{"self":[{"href":"https:\/\/now-news.de\/de\/wp-json\/wp\/v2\/posts\/65966"}],"collection":[{"href":"https:\/\/now-news.de\/de\/wp-json\/wp\/v2\/posts"}],"about":[{"href":"https:\/\/now-news.de\/de\/wp-json\/wp\/v2\/types\/post"}],"author":[{"embeddable":true,"href":"https:\/\/now-news.de\/de\/wp-json\/wp\/v2\/users\/3"}],"replies":[{"embeddable":true,"href":"https:\/\/now-news.de\/de\/wp-json\/wp\/v2\/comments?post=65966"}],"version-history":[{"count":0,"href":"https:\/\/now-news.de\/de\/wp-json\/wp\/v2\/posts\/65966\/revisions"}],"wp:featuredmedia":[{"embeddable":true,"href":"https:\/\/now-news.de\/de\/wp-json\/wp\/v2\/media\/65967"}],"wp:attachment":[{"href":"https:\/\/now-news.de\/de\/wp-json\/wp\/v2\/media?parent=65966"}],"wp:term":[{"taxonomy":"category","embeddable":true,"href":"https:\/\/now-news.de\/de\/wp-json\/wp\/v2\/categories?post=65966"},{"taxonomy":"post_tag","embeddable":true,"href":"https:\/\/now-news.de\/de\/wp-json\/wp\/v2\/tags?post=65966"}],"curies":[{"name":"wp","href":"https:\/\/api.w.org\/{rel}","templated":true}]}}