{"id":65950,"date":"2024-08-01T18:22:59","date_gmt":"2024-08-01T16:22:59","guid":{"rendered":"https:\/\/now-news.de\/de\/deutschland\/kreml-f-16-kampfjets-sind-kein-allheilmittel-fuer-kiew-auch-westliche-experten-sind-skeptisch\/"},"modified":"2024-08-01T18:22:59","modified_gmt":"2024-08-01T16:22:59","slug":"kreml-f-16-kampfjets-sind-kein-allheilmittel-fuer-kiew-auch-westliche-experten-sind-skeptisch","status":"publish","type":"post","link":"https:\/\/now-news.de\/de\/deutschland\/kreml-f-16-kampfjets-sind-kein-allheilmittel-fuer-kiew-auch-westliche-experten-sind-skeptisch\/","title":{"rendered":"Kreml: F-16-Kampfjets sind kein &quot;Allheilmittel&quot; f\u00fcr Kiew \u2013 Auch westliche Experten sind skeptisch"},"content":{"rendered":"<p><img decoding=\"async\" src=\"https:\/\/now-news.de\/de\/wp-content\/uploads\/sites\/3\/2024\/08\/66ab9129b480cc51410a4eb1.jpg\" \/><\/p>\n<div class=\"Text-root Text-type_1 \">\n                Laut Medienberichten sind die ersten westlichen F-16-Kampfjets in der Ukraine eingetroffen. Kremlsprecher Dmitri Peskow sagte aus diesem Anlass, dass die Kampfjets keine &#8220;magische Pille&#8221; f\u00fcr Kiew seien. Inzwischen zeigen sich auch immer mehr westliche Experten skeptisch, dass die F-16 den Kriegsverlauf entscheidend ver\u00e4ndern k\u00f6nnen.\n            <\/div>\n<p><\/p>\n<div class=\"Text-root Text-type_5 ArticleView-text ViewText-root \">\n<p>Die k\u00fcrzlich vermeldete Lieferung der ersten westlichen F-16-Kampfjets an die Ukraine werde keine nennenswerten Auswirkungen auf das Schlachtfeld haben, und Kiew m\u00fcsse sich dessen bewusst sein. Das sagte Kremlsprecher Dmitri Peskow am Donnerstag vor Journalisten.<\/p>\n<p>Seine Erkl\u00e4rung erfolgte, nachdem <em>Bloomberg<\/em> am Mittwoch berichtet hatte, dass die erste Charge von US-Kampfjets in der Ukraine eingetroffen sei. Es ist noch nicht klar, welches Land die Flugzeuge geliefert hat, aber das Nachrichtenportal stellte fest, dass die Anzahl der eingetroffenen Kampfflugzeuge &#8220;gering&#8221; sei.<\/p>\n<p>In seinem Kommentar zu dem Bericht betonte Peskow, dass die F-16-Kampfjets keine &#8220;magische Pille&#8221; f\u00fcr Kiew seien und dass es \u00fcber dieses &#8220;Allheilmittel&#8221; nicht lange verf\u00fcgen werde.<\/p>\n<p>&#8220;Diese Flugzeuge werden auftauchen, ihre Zahl wird allm\u00e4hlich abnehmen, sie werden abgeschossen und zerst\u00f6rt werden&#8221;, sagte der russische Pr\u00e4sidentensprecher. Die Jets &#8220;werden nicht in der Lage sein, die Dynamik der Ereignisse an der Front wesentlich zu beeinflussen&#8221;, f\u00fcgte Peskow hinzu.<\/p>\n<p>Auch im Westen mehren sich die Stimmen, die nicht an einen durchschlagenden Erfolg der F-16 auf dem Schlachtfeld glauben. &#8220;Ich glaube, die Leute warten auf diesen entscheidenden Moment, wenn die Jets eintreffen und sich alles \u00e4ndert, aber so funktioniert es einfach nicht&#8221;, <a rel=\"nofollow noopener\" target=\"_blank\" href=\"https:\/\/www.washingtonpost.com\/world\/2024\/07\/28\/f-16s-ukraine-planes-war-russia\/\">zitiert die<\/a>\u00a0<em>Washington Post<\/em> die ehemalige\u00a0F-16-Pilotin Michelle Curran.<\/p>\n<p>Laut der Zeitung \u00e4u\u00dfern immer mehr US-Vertreter ihre Zweifel, dass sich die Kampfjets gegen die effektive russische Luftabwehr w\u00fcrden behaupten k\u00f6nnen. So schreibt die <em>Post<\/em>:\u00a0&#8220;Becca Wasser, Analystin am Center for a New American Security, sagte, dass die F-16 als psychologischer und moralischer Schub f\u00fcr die Ukrainer und als Schreckgespenst f\u00fcr russische Wehrpflichtige am wirksamsten sein k\u00f6nnten \u2013\u00a0zum Teil, weil sich die Bedingungen auf dem Schlachtfeld seit dem letzten Jahr, als die Entscheidung zur Entsendung der Flugzeuge bekannt gegeben wurde, ge\u00e4ndert haben.&#8221;<\/p>\n<p>Mit anderen Worten: Dass die F-16-Kampfjets eine Entscheidung im\u00a0Ukraine-Krieg\u00a0herbeif\u00fchren oder wenigstens dessen Verlauf zu Kiews Gunsten drehen k\u00f6nnten, daran glauben auch immer weniger westliche Experten.\u00a0<\/p>\n<p>Indes hat Kiew den Erhalt der ersten Kampfjets bisher weder best\u00e4tigt noch dementiert. Die Sprecherin des ukrainischen Verteidigungsministeriums Diana Dawitjan lehnte es ab, sich zu diesem Thema zu \u00e4u\u00dfern.<\/p>\n<p>Zuvor hatten sich mehrere NATO-Staaten, darunter die USA, Frankreich, Bulgarien, D\u00e4nemark, die Niederlande, Belgien, Kanada, Luxemburg, Norwegen, Polen, Portugal, Rum\u00e4nien und Schweden, zu einer sogenannten F-16-Koalition zusammengeschlossen und zugesagt, Kiew die in den USA hergestellten Kampfflugzeuge zur Verf\u00fcgung zu stellen und ukrainische Piloten f\u00fcr die Bedienung der Flugzeuge auszubilden.<\/p>\n<p>Moskau hat jedoch wiederholt gewarnt, dass die Jets, wie alle anderen westlichen Waffen, die Kiew zur Verf\u00fcgung gestellt werden, nichts am unvermeidlichen Ausgang des Konflikts \u00e4ndern w\u00fcrden und dass das russische Milit\u00e4r diese Flugzeuge wie alle anderen ukrainischen Milit\u00e4rger\u00e4te zerst\u00f6ren w\u00fcrde.<\/p>\n<p><strong>Mehr zum Thema<\/strong> \u2013 <a rel=\"nofollow noopener\" target=\"_blank\" href=\"https:\/\/freedert.online\/international\/212293-russlands-aufklaerung-ukrainische-f-16\/\">Russlands Aufkl\u00e4rung wird ukrainische Armee zwingen, Pl\u00e4ne f\u00fcr den Einsatz von F-16 zu \u00e4ndern<\/a><\/p>\n<div class=\"EmbedBlock-root EmbedBlock-externalVideo EmbedBlock-odysee\">\n<div class=\"VkEmbed\"><iframe class=\"lazyload\" data-src=\"https:\/\/odysee.com\/%24\/embed\/%40RTDE%3Ae%2FSonderanreiz--Unternehmen-verspricht-15-Millionen-f%C3%BCr-Zerst%C3%B6rung-des-ersten-NATO-Kampfjets%3A6\" frameborder=\"0\" width=\"853\" height=\"480\" allowfullscreen><\/iframe><\/div>\n<\/div>\n<\/div>\n<p><br \/>\n<br \/><a href=\"https:\/\/de.rt.com\/europa\/214292-kreml-f-16-kampfjets-sind-kein-allheilmittel-fuer-kiew\/\">Source link <\/a><\/p>\n","protected":false},"excerpt":{"rendered":"<p>Laut Medienberichten sind die ersten westlichen F-16-Kampfjets in der Ukraine eingetroffen. Kremlsprecher Dmitri Peskow sagte aus diesem Anlass, dass die Kampfjets keine &#8220;magische Pille&#8221; f\u00fcr Kiew seien. Inzwischen zeigen sich auch immer mehr westliche Experten skeptisch, dass die F-16 den Kriegsverlauf entscheidend ver\u00e4ndern k\u00f6nnen. Die k\u00fcrzlich vermeldete Lieferung der ersten westlichen F-16-Kampfjets an die Ukraine [&hellip;]<\/p>\n","protected":false},"author":3,"featured_media":65951,"comment_status":"open","ping_status":"open","sticky":false,"template":"","format":"standard","meta":{"_yoast_indexnow_last_ping":["1722531841"],"wp_automatic_camp":["217"],"8b47946fd77f1389414975d04877b4be":["Kreml: F-16-Kampfjets sind kein &quot;Allheilmittel&quot; f\u00fcr Kiew \u2013 Auch westliche Experten sind skeptisch"],"original_link":["https:\/\/de.rt.com\/europa\/214292-kreml-f-16-kampfjets-sind-kein-allheilmittel-fuer-kiew\/"],"_thumbnail_id":["65951"],"_wptgpro_p2tg_sent2tg":["a:1:{i:23737;s:19:\"2024-08-01 19:05:09\";}"],"jnews_social_counter_last_update":["1777263951"]},"categories":[19,23],"tags":[1475,3312,40886,221,2030,1025,6312,57182,1046,20777,740],"yoast_head":"<!-- This site is optimized with the Yoast SEO Premium plugin v22.7 (Yoast SEO v22.7) - https:\/\/yoast.com\/wordpress\/plugins\/seo\/ -->\n<title>Kreml: F-16-Kampfjets sind kein &quot;Allheilmittel&quot; f\u00fcr Kiew \u2013 Auch westliche Experten sind skeptisch - just-now.NEWS Deutschland<\/title>\n<meta name=\"robots\" content=\"index, follow, max-snippet:-1, max-image-preview:large, max-video-preview:-1\" \/>\n<link rel=\"canonical\" href=\"https:\/\/now-news.de\/de\/deutschland\/kreml-f-16-kampfjets-sind-kein-allheilmittel-fuer-kiew-auch-westliche-experten-sind-skeptisch\/\" \/>\n<meta property=\"og:locale\" content=\"de_DE\" \/>\n<meta property=\"og:type\" content=\"article\" \/>\n<meta property=\"og:title\" content=\"Kreml: F-16-Kampfjets sind kein &quot;Allheilmittel&quot; f\u00fcr Kiew \u2013 Auch westliche Experten sind skeptisch\" \/>\n<meta property=\"og:description\" content=\"Laut Medienberichten sind die ersten westlichen F-16-Kampfjets in der Ukraine eingetroffen. Kremlsprecher Dmitri Peskow sagte aus diesem Anlass, dass die Kampfjets keine &#8220;magische Pille&#8221; f\u00fcr Kiew seien. Inzwischen zeigen sich auch immer mehr westliche Experten skeptisch, dass die F-16 den Kriegsverlauf entscheidend ver\u00e4ndern k\u00f6nnen. Die k\u00fcrzlich vermeldete Lieferung der ersten westlichen F-16-Kampfjets an die Ukraine [&hellip;]\" \/>\n<meta property=\"og:url\" content=\"https:\/\/now-news.de\/de\/deutschland\/kreml-f-16-kampfjets-sind-kein-allheilmittel-fuer-kiew-auch-westliche-experten-sind-skeptisch\/\" \/>\n<meta property=\"og:site_name\" content=\"just-now.NEWS Deutschland\" \/>\n<meta property=\"article:publisher\" content=\"https:\/\/www.facebook.com\/wirmachenauf\" \/>\n<meta property=\"article:published_time\" content=\"2024-08-01T16:22:59+00:00\" \/>\n<meta property=\"og:image\" content=\"https:\/\/now-news.de\/de\/wp-content\/uploads\/sites\/3\/2024\/08\/66ab9129b480cc51410a4eb1.jpg\" \/>\n<meta name=\"author\" content=\"rtnews\" \/>\n<meta name=\"twitter:card\" content=\"summary_large_image\" \/>\n<meta name=\"twitter:creator\" content=\"@WirMachenAuf_de\" \/>\n<meta name=\"twitter:site\" content=\"@WirMachenAuf_de\" \/>\n<meta name=\"twitter:label1\" content=\"Verfasst von\" \/>\n\t<meta name=\"twitter:data1\" content=\"rtnews\" \/>\n\t<meta name=\"twitter:label2\" content=\"Gesch\u00e4tzte Lesezeit\" \/>\n\t<meta name=\"twitter:data2\" content=\"3\u00a0Minuten\" \/>\n<script type=\"application\/ld+json\" class=\"yoast-schema-graph\">{\"@context\":\"https:\/\/schema.org\",\"@graph\":[{\"@type\":\"Article\",\"@id\":\"https:\/\/now-news.de\/de\/deutschland\/kreml-f-16-kampfjets-sind-kein-allheilmittel-fuer-kiew-auch-westliche-experten-sind-skeptisch\/#article\",\"isPartOf\":{\"@id\":\"https:\/\/now-news.de\/de\/deutschland\/kreml-f-16-kampfjets-sind-kein-allheilmittel-fuer-kiew-auch-westliche-experten-sind-skeptisch\/\"},\"author\":{\"name\":\"rtnews\",\"@id\":\"https:\/\/now-news.de\/de\/#\/schema\/person\/fb534a4e865501d8b3285208df34a9b5\"},\"headline\":\"Kreml: F-16-Kampfjets sind kein &quot;Allheilmittel&quot; f\u00fcr Kiew \u2013 Auch westliche Experten sind skeptisch\",\"datePublished\":\"2024-08-01T16:22:59+00:00\",\"dateModified\":\"2024-08-01T16:22:59+00:00\",\"mainEntityOfPage\":{\"@id\":\"https:\/\/now-news.de\/de\/deutschland\/kreml-f-16-kampfjets-sind-kein-allheilmittel-fuer-kiew-auch-westliche-experten-sind-skeptisch\/\"},\"wordCount\":548,\"commentCount\":0,\"publisher\":{\"@id\":\"https:\/\/now-news.de\/de\/#organization\"},\"image\":{\"@id\":\"https:\/\/now-news.de\/de\/deutschland\/kreml-f-16-kampfjets-sind-kein-allheilmittel-fuer-kiew-auch-westliche-experten-sind-skeptisch\/#primaryimage\"},\"thumbnailUrl\":\"https:\/\/now-news.de\/de\/wp-content\/uploads\/sites\/3\/2024\/08\/Kreml-F-16-Kampfjets-sind-kein-quotAllheilmittelquot-fuer-Kiew-\u2013-Auch-westliche.jpg\",\"keywords\":[\"auch\",\"Experten\",\"F16Kampfjets\",\"f\u00fcr\",\"Kein\",\"Kiew\",\"Kreml\",\"quotAllheilmittelquot\",\"sind\",\"skeptisch\",\"westliche\"],\"articleSection\":[\"Deutschland\",\"Russland\"],\"inLanguage\":\"de\",\"potentialAction\":[{\"@type\":\"CommentAction\",\"name\":\"Comment\",\"target\":[\"https:\/\/now-news.de\/de\/deutschland\/kreml-f-16-kampfjets-sind-kein-allheilmittel-fuer-kiew-auch-westliche-experten-sind-skeptisch\/#respond\"]}]},{\"@type\":\"WebPage\",\"@id\":\"https:\/\/now-news.de\/de\/deutschland\/kreml-f-16-kampfjets-sind-kein-allheilmittel-fuer-kiew-auch-westliche-experten-sind-skeptisch\/\",\"url\":\"https:\/\/now-news.de\/de\/deutschland\/kreml-f-16-kampfjets-sind-kein-allheilmittel-fuer-kiew-auch-westliche-experten-sind-skeptisch\/\",\"name\":\"Kreml: F-16-Kampfjets sind kein &quot;Allheilmittel&quot; f\u00fcr Kiew \u2013 Auch westliche Experten sind skeptisch - just-now.NEWS Deutschland\",\"isPartOf\":{\"@id\":\"https:\/\/now-news.de\/de\/#website\"},\"primaryImageOfPage\":{\"@id\":\"https:\/\/now-news.de\/de\/deutschland\/kreml-f-16-kampfjets-sind-kein-allheilmittel-fuer-kiew-auch-westliche-experten-sind-skeptisch\/#primaryimage\"},\"image\":{\"@id\":\"https:\/\/now-news.de\/de\/deutschland\/kreml-f-16-kampfjets-sind-kein-allheilmittel-fuer-kiew-auch-westliche-experten-sind-skeptisch\/#primaryimage\"},\"thumbnailUrl\":\"https:\/\/now-news.de\/de\/wp-content\/uploads\/sites\/3\/2024\/08\/Kreml-F-16-Kampfjets-sind-kein-quotAllheilmittelquot-fuer-Kiew-\u2013-Auch-westliche.jpg\",\"datePublished\":\"2024-08-01T16:22:59+00:00\",\"dateModified\":\"2024-08-01T16:22:59+00:00\",\"breadcrumb\":{\"@id\":\"https:\/\/now-news.de\/de\/deutschland\/kreml-f-16-kampfjets-sind-kein-allheilmittel-fuer-kiew-auch-westliche-experten-sind-skeptisch\/#breadcrumb\"},\"inLanguage\":\"de\",\"potentialAction\":[{\"@type\":\"ReadAction\",\"target\":[\"https:\/\/now-news.de\/de\/deutschland\/kreml-f-16-kampfjets-sind-kein-allheilmittel-fuer-kiew-auch-westliche-experten-sind-skeptisch\/\"]}]},{\"@type\":\"ImageObject\",\"inLanguage\":\"de\",\"@id\":\"https:\/\/now-news.de\/de\/deutschland\/kreml-f-16-kampfjets-sind-kein-allheilmittel-fuer-kiew-auch-westliche-experten-sind-skeptisch\/#primaryimage\",\"url\":\"https:\/\/now-news.de\/de\/wp-content\/uploads\/sites\/3\/2024\/08\/Kreml-F-16-Kampfjets-sind-kein-quotAllheilmittelquot-fuer-Kiew-\u2013-Auch-westliche.jpg\",\"contentUrl\":\"https:\/\/now-news.de\/de\/wp-content\/uploads\/sites\/3\/2024\/08\/Kreml-F-16-Kampfjets-sind-kein-quotAllheilmittelquot-fuer-Kiew-\u2013-Auch-westliche.jpg\",\"width\":460,\"height\":259,\"caption\":\"Kreml: F-16-Kampfjets sind kein &quot;Allheilmittel&quot; f\u00fcr Kiew \u2013 Auch westliche Experten sind skeptisch\"},{\"@type\":\"BreadcrumbList\",\"@id\":\"https:\/\/now-news.de\/de\/deutschland\/kreml-f-16-kampfjets-sind-kein-allheilmittel-fuer-kiew-auch-westliche-experten-sind-skeptisch\/#breadcrumb\",\"itemListElement\":[{\"@type\":\"ListItem\",\"position\":1,\"name\":\"Home\",\"item\":\"https:\/\/now-news.de\/de\/\"},{\"@type\":\"ListItem\",\"position\":2,\"name\":\"Kreml: F-16-Kampfjets sind kein &quot;Allheilmittel&quot; f\u00fcr Kiew \u2013 Auch westliche Experten sind skeptisch\"}]},{\"@type\":\"WebSite\",\"@id\":\"https:\/\/now-news.de\/de\/#website\",\"url\":\"https:\/\/now-news.de\/de\/\",\"name\":\"just-now.NEWS Deutschland\",\"description\":\"Das Portal f\u00fcr unzensierte Nachrichten aus der Welt\",\"publisher\":{\"@id\":\"https:\/\/now-news.de\/de\/#organization\"},\"potentialAction\":[{\"@type\":\"SearchAction\",\"target\":{\"@type\":\"EntryPoint\",\"urlTemplate\":\"https:\/\/now-news.de\/de\/?s={search_term_string}\"},\"query-input\":\"required name=search_term_string\"}],\"inLanguage\":\"de\"},{\"@type\":\"Organization\",\"@id\":\"https:\/\/now-news.de\/de\/#organization\",\"name\":\"Just Now News\",\"url\":\"https:\/\/now-news.de\/de\/\",\"logo\":{\"@type\":\"ImageObject\",\"inLanguage\":\"de\",\"@id\":\"https:\/\/now-news.de\/de\/#\/schema\/logo\/image\/\",\"url\":\"http:\/\/just-now.news\/de\/wp-content\/uploads\/sites\/3\/2022\/04\/logo500x500.jpg\",\"contentUrl\":\"http:\/\/just-now.news\/de\/wp-content\/uploads\/sites\/3\/2022\/04\/logo500x500.jpg\",\"width\":500,\"height\":500,\"caption\":\"Just Now News\"},\"image\":{\"@id\":\"https:\/\/now-news.de\/de\/#\/schema\/logo\/image\/\"},\"sameAs\":[\"https:\/\/www.facebook.com\/wirmachenauf\",\"https:\/\/x.com\/WirMachenAuf_de\"]},{\"@type\":\"Person\",\"@id\":\"https:\/\/now-news.de\/de\/#\/schema\/person\/fb534a4e865501d8b3285208df34a9b5\",\"name\":\"rtnews\",\"image\":{\"@type\":\"ImageObject\",\"inLanguage\":\"de\",\"@id\":\"https:\/\/now-news.de\/de\/#\/schema\/person\/image\/\",\"url\":\"https:\/\/secure.gravatar.com\/avatar\/82aafea7d8127119dd649515f56e2117?s=96&d=mm&r=g\",\"contentUrl\":\"https:\/\/secure.gravatar.com\/avatar\/82aafea7d8127119dd649515f56e2117?s=96&d=mm&r=g\",\"caption\":\"rtnews\"},\"url\":\"https:\/\/now-news.de\/de\/author\/rnews\/\"}]}<\/script>\n<!-- \/ Yoast SEO Premium plugin. -->","yoast_head_json":{"title":"Kreml: F-16-Kampfjets sind kein &quot;Allheilmittel&quot; f\u00fcr Kiew \u2013 Auch westliche Experten sind skeptisch - just-now.NEWS Deutschland","robots":{"index":"index","follow":"follow","max-snippet":"max-snippet:-1","max-image-preview":"max-image-preview:large","max-video-preview":"max-video-preview:-1"},"canonical":"https:\/\/now-news.de\/de\/deutschland\/kreml-f-16-kampfjets-sind-kein-allheilmittel-fuer-kiew-auch-westliche-experten-sind-skeptisch\/","og_locale":"de_DE","og_type":"article","og_title":"Kreml: F-16-Kampfjets sind kein &quot;Allheilmittel&quot; f\u00fcr Kiew \u2013 Auch westliche Experten sind skeptisch","og_description":"Laut Medienberichten sind die ersten westlichen F-16-Kampfjets in der Ukraine eingetroffen. Kremlsprecher Dmitri Peskow sagte aus diesem Anlass, dass die Kampfjets keine &#8220;magische Pille&#8221; f\u00fcr Kiew seien. Inzwischen zeigen sich auch immer mehr westliche Experten skeptisch, dass die F-16 den Kriegsverlauf entscheidend ver\u00e4ndern k\u00f6nnen. Die k\u00fcrzlich vermeldete Lieferung der ersten westlichen F-16-Kampfjets an die Ukraine [&hellip;]","og_url":"https:\/\/now-news.de\/de\/deutschland\/kreml-f-16-kampfjets-sind-kein-allheilmittel-fuer-kiew-auch-westliche-experten-sind-skeptisch\/","og_site_name":"just-now.NEWS Deutschland","article_publisher":"https:\/\/www.facebook.com\/wirmachenauf","article_published_time":"2024-08-01T16:22:59+00:00","og_image":[{"url":"https:\/\/now-news.de\/de\/wp-content\/uploads\/sites\/3\/2024\/08\/66ab9129b480cc51410a4eb1.jpg"}],"author":"rtnews","twitter_card":"summary_large_image","twitter_creator":"@WirMachenAuf_de","twitter_site":"@WirMachenAuf_de","twitter_misc":{"Verfasst von":"rtnews","Gesch\u00e4tzte Lesezeit":"3\u00a0Minuten"},"schema":{"@context":"https:\/\/schema.org","@graph":[{"@type":"Article","@id":"https:\/\/now-news.de\/de\/deutschland\/kreml-f-16-kampfjets-sind-kein-allheilmittel-fuer-kiew-auch-westliche-experten-sind-skeptisch\/#article","isPartOf":{"@id":"https:\/\/now-news.de\/de\/deutschland\/kreml-f-16-kampfjets-sind-kein-allheilmittel-fuer-kiew-auch-westliche-experten-sind-skeptisch\/"},"author":{"name":"rtnews","@id":"https:\/\/now-news.de\/de\/#\/schema\/person\/fb534a4e865501d8b3285208df34a9b5"},"headline":"Kreml: F-16-Kampfjets sind kein &quot;Allheilmittel&quot; f\u00fcr Kiew \u2013 Auch westliche Experten sind skeptisch","datePublished":"2024-08-01T16:22:59+00:00","dateModified":"2024-08-01T16:22:59+00:00","mainEntityOfPage":{"@id":"https:\/\/now-news.de\/de\/deutschland\/kreml-f-16-kampfjets-sind-kein-allheilmittel-fuer-kiew-auch-westliche-experten-sind-skeptisch\/"},"wordCount":548,"commentCount":0,"publisher":{"@id":"https:\/\/now-news.de\/de\/#organization"},"image":{"@id":"https:\/\/now-news.de\/de\/deutschland\/kreml-f-16-kampfjets-sind-kein-allheilmittel-fuer-kiew-auch-westliche-experten-sind-skeptisch\/#primaryimage"},"thumbnailUrl":"https:\/\/now-news.de\/de\/wp-content\/uploads\/sites\/3\/2024\/08\/Kreml-F-16-Kampfjets-sind-kein-quotAllheilmittelquot-fuer-Kiew-\u2013-Auch-westliche.jpg","keywords":["auch","Experten","F16Kampfjets","f\u00fcr","Kein","Kiew","Kreml","quotAllheilmittelquot","sind","skeptisch","westliche"],"articleSection":["Deutschland","Russland"],"inLanguage":"de","potentialAction":[{"@type":"CommentAction","name":"Comment","target":["https:\/\/now-news.de\/de\/deutschland\/kreml-f-16-kampfjets-sind-kein-allheilmittel-fuer-kiew-auch-westliche-experten-sind-skeptisch\/#respond"]}]},{"@type":"WebPage","@id":"https:\/\/now-news.de\/de\/deutschland\/kreml-f-16-kampfjets-sind-kein-allheilmittel-fuer-kiew-auch-westliche-experten-sind-skeptisch\/","url":"https:\/\/now-news.de\/de\/deutschland\/kreml-f-16-kampfjets-sind-kein-allheilmittel-fuer-kiew-auch-westliche-experten-sind-skeptisch\/","name":"Kreml: F-16-Kampfjets sind kein &quot;Allheilmittel&quot; f\u00fcr Kiew \u2013 Auch westliche Experten sind skeptisch - just-now.NEWS Deutschland","isPartOf":{"@id":"https:\/\/now-news.de\/de\/#website"},"primaryImageOfPage":{"@id":"https:\/\/now-news.de\/de\/deutschland\/kreml-f-16-kampfjets-sind-kein-allheilmittel-fuer-kiew-auch-westliche-experten-sind-skeptisch\/#primaryimage"},"image":{"@id":"https:\/\/now-news.de\/de\/deutschland\/kreml-f-16-kampfjets-sind-kein-allheilmittel-fuer-kiew-auch-westliche-experten-sind-skeptisch\/#primaryimage"},"thumbnailUrl":"https:\/\/now-news.de\/de\/wp-content\/uploads\/sites\/3\/2024\/08\/Kreml-F-16-Kampfjets-sind-kein-quotAllheilmittelquot-fuer-Kiew-\u2013-Auch-westliche.jpg","datePublished":"2024-08-01T16:22:59+00:00","dateModified":"2024-08-01T16:22:59+00:00","breadcrumb":{"@id":"https:\/\/now-news.de\/de\/deutschland\/kreml-f-16-kampfjets-sind-kein-allheilmittel-fuer-kiew-auch-westliche-experten-sind-skeptisch\/#breadcrumb"},"inLanguage":"de","potentialAction":[{"@type":"ReadAction","target":["https:\/\/now-news.de\/de\/deutschland\/kreml-f-16-kampfjets-sind-kein-allheilmittel-fuer-kiew-auch-westliche-experten-sind-skeptisch\/"]}]},{"@type":"ImageObject","inLanguage":"de","@id":"https:\/\/now-news.de\/de\/deutschland\/kreml-f-16-kampfjets-sind-kein-allheilmittel-fuer-kiew-auch-westliche-experten-sind-skeptisch\/#primaryimage","url":"https:\/\/now-news.de\/de\/wp-content\/uploads\/sites\/3\/2024\/08\/Kreml-F-16-Kampfjets-sind-kein-quotAllheilmittelquot-fuer-Kiew-\u2013-Auch-westliche.jpg","contentUrl":"https:\/\/now-news.de\/de\/wp-content\/uploads\/sites\/3\/2024\/08\/Kreml-F-16-Kampfjets-sind-kein-quotAllheilmittelquot-fuer-Kiew-\u2013-Auch-westliche.jpg","width":460,"height":259,"caption":"Kreml: F-16-Kampfjets sind kein &quot;Allheilmittel&quot; f\u00fcr Kiew \u2013 Auch westliche Experten sind skeptisch"},{"@type":"BreadcrumbList","@id":"https:\/\/now-news.de\/de\/deutschland\/kreml-f-16-kampfjets-sind-kein-allheilmittel-fuer-kiew-auch-westliche-experten-sind-skeptisch\/#breadcrumb","itemListElement":[{"@type":"ListItem","position":1,"name":"Home","item":"https:\/\/now-news.de\/de\/"},{"@type":"ListItem","position":2,"name":"Kreml: F-16-Kampfjets sind kein &quot;Allheilmittel&quot; f\u00fcr Kiew \u2013 Auch westliche Experten sind skeptisch"}]},{"@type":"WebSite","@id":"https:\/\/now-news.de\/de\/#website","url":"https:\/\/now-news.de\/de\/","name":"just-now.NEWS Deutschland","description":"Das Portal f\u00fcr unzensierte Nachrichten aus der Welt","publisher":{"@id":"https:\/\/now-news.de\/de\/#organization"},"potentialAction":[{"@type":"SearchAction","target":{"@type":"EntryPoint","urlTemplate":"https:\/\/now-news.de\/de\/?s={search_term_string}"},"query-input":"required name=search_term_string"}],"inLanguage":"de"},{"@type":"Organization","@id":"https:\/\/now-news.de\/de\/#organization","name":"Just Now News","url":"https:\/\/now-news.de\/de\/","logo":{"@type":"ImageObject","inLanguage":"de","@id":"https:\/\/now-news.de\/de\/#\/schema\/logo\/image\/","url":"http:\/\/just-now.news\/de\/wp-content\/uploads\/sites\/3\/2022\/04\/logo500x500.jpg","contentUrl":"http:\/\/just-now.news\/de\/wp-content\/uploads\/sites\/3\/2022\/04\/logo500x500.jpg","width":500,"height":500,"caption":"Just Now News"},"image":{"@id":"https:\/\/now-news.de\/de\/#\/schema\/logo\/image\/"},"sameAs":["https:\/\/www.facebook.com\/wirmachenauf","https:\/\/x.com\/WirMachenAuf_de"]},{"@type":"Person","@id":"https:\/\/now-news.de\/de\/#\/schema\/person\/fb534a4e865501d8b3285208df34a9b5","name":"rtnews","image":{"@type":"ImageObject","inLanguage":"de","@id":"https:\/\/now-news.de\/de\/#\/schema\/person\/image\/","url":"https:\/\/secure.gravatar.com\/avatar\/82aafea7d8127119dd649515f56e2117?s=96&d=mm&r=g","contentUrl":"https:\/\/secure.gravatar.com\/avatar\/82aafea7d8127119dd649515f56e2117?s=96&d=mm&r=g","caption":"rtnews"},"url":"https:\/\/now-news.de\/de\/author\/rnews\/"}]}},"_links":{"self":[{"href":"https:\/\/now-news.de\/de\/wp-json\/wp\/v2\/posts\/65950"}],"collection":[{"href":"https:\/\/now-news.de\/de\/wp-json\/wp\/v2\/posts"}],"about":[{"href":"https:\/\/now-news.de\/de\/wp-json\/wp\/v2\/types\/post"}],"author":[{"embeddable":true,"href":"https:\/\/now-news.de\/de\/wp-json\/wp\/v2\/users\/3"}],"replies":[{"embeddable":true,"href":"https:\/\/now-news.de\/de\/wp-json\/wp\/v2\/comments?post=65950"}],"version-history":[{"count":0,"href":"https:\/\/now-news.de\/de\/wp-json\/wp\/v2\/posts\/65950\/revisions"}],"wp:featuredmedia":[{"embeddable":true,"href":"https:\/\/now-news.de\/de\/wp-json\/wp\/v2\/media\/65951"}],"wp:attachment":[{"href":"https:\/\/now-news.de\/de\/wp-json\/wp\/v2\/media?parent=65950"}],"wp:term":[{"taxonomy":"category","embeddable":true,"href":"https:\/\/now-news.de\/de\/wp-json\/wp\/v2\/categories?post=65950"},{"taxonomy":"post_tag","embeddable":true,"href":"https:\/\/now-news.de\/de\/wp-json\/wp\/v2\/tags?post=65950"}],"curies":[{"name":"wp","href":"https:\/\/api.w.org\/{rel}","templated":true}]}}