{"id":65862,"date":"2024-07-31T18:00:27","date_gmt":"2024-07-31T16:00:27","guid":{"rendered":"https:\/\/now-news.de\/de\/deutschland\/treffen-an-der-grenze-ankara-und-jerewan-bestaetigen-normalisierung-der-beziehungen\/"},"modified":"2024-07-31T18:00:27","modified_gmt":"2024-07-31T16:00:27","slug":"treffen-an-der-grenze-ankara-und-jerewan-bestaetigen-normalisierung-der-beziehungen","status":"publish","type":"post","link":"https:\/\/now-news.de\/de\/deutschland\/treffen-an-der-grenze-ankara-und-jerewan-bestaetigen-normalisierung-der-beziehungen\/","title":{"rendered":"Treffen an der Grenze: Ankara und Jerewan best\u00e4tigen Normalisierung der Beziehungen"},"content":{"rendered":"<p><img decoding=\"async\" src=\"https:\/\/now-news.de\/de\/wp-content\/uploads\/sites\/3\/2024\/07\/66aa4bb9b480cc463024fb75.jpg\" \/><\/p>\n<div class=\"Text-root Text-type_1 \">\n                Armenien und die T\u00fcrkei n\u00e4hern sich einander an. Die beiden Staaten wollen das Visumverfahren vereinfachen und die Grenze f\u00fcr Z\u00fcge \u00f6ffnen. Dies k\u00f6nnte zur Normalisierung der Beziehungen f\u00fchren. Trotz einer gemeinsamen Grenze unterhalten die T\u00fcrkei und Armenien keine diplomatischen Beziehungen.\n            <\/div>\n<p><\/p>\n<div class=\"Text-root Text-type_5 ArticleView-text ViewText-root \">\n<p>Die T\u00fcrkei und Armenien haben einen weiteren Schritt in Richtung Normalisierung der Beziehungen unternommen. Am Dienstag haben sich die offiziellen Sonderbeauftragten f\u00fcr den Normalisierungsprozess am Grenz\u00fcbergang Alican-Margara an der Grenze zwischen Armenien und der T\u00fcrkei getroffen, <a rel=\"nofollow noopener\" target=\"_blank\" href=\"https:\/\/www.mfa.gov.tr\/no_-152_-turkiye-ermenistan-normallesme-sureci-ozel-temsilcilerinin-besinci-toplantisi-hk.de.mfa\">teilte<\/a> das t\u00fcrkische Au\u00dfenministerium mit. Botschafter Serdar K\u0131l\u0131\u00e7 und Ruben Rubinjan, der stellvertretende Pr\u00e4sident der armenischen Nationalversammlung, erkl\u00e4rten, dass Armenien und die T\u00fcrkei die M\u00f6glichkeiten einer Wiederherstellung des Eisenbahngrenz\u00fcbergangs Akhurik-Akyaka pr\u00fcfen wollen. Dieser ist seit 1993 geschlossen.\u00a0\u00a0<\/p>\n<p>Die Politiker haben sich darauf geeinigt, die gegenseitigen Visumverfahren f\u00fcr die Inhaber von Diplomaten- und Dienstp\u00e4ssen zu vereinfachen. &#8220;Schlie\u00dflich bekr\u00e4ftigten sie ihr Einverst\u00e4ndnis, den Normalisierungsprozess ohne Vorbedingungen fortzusetzen, um das Endziel einer vollst\u00e4ndigen Normalisierung zwischen ihren jeweiligen L\u00e4ndern zu erreichen&#8221;, hei\u00dft es in der Mitteilung des t\u00fcrkischen Au\u00dfenministeriums.<\/p>\n<p>In seinem Profil in dem sozialen Netzwerk X <a rel=\"nofollow noopener\" target=\"_blank\" href=\"https:\/\/x.com\/serdarkilic9\/status\/1818241190585573846\">bezeichnete<\/a> Serdar K\u0131l\u0131\u00e7 das Treffen als &#8220;konstruktiv&#8221; und betonte, dass die beiden Seiten &#8220;alle Aspekte des Normalisierungsprozesses und die M\u00f6glichkeiten f\u00fcr seinen weiteren Verlauf er\u00f6rtert&#8221; h\u00e4tten.<\/p>\n<p>Im Dezember 2021 haben die Regierungen beider Staaten Sonderbeauftragte f\u00fcr die Normalisierungsverhandlungen ernannt. Ihr Treffen an diesem Montag war das erste, das an der Grenze beider Staaten stattgefunden hat. Ein Teil der Gespr\u00e4che fand auf armenischer Seite statt, andere auf t\u00fcrkischer Seite. Fr\u00fchere Treffen wurden in Moskau und in Wien abgehalten.<\/p>\n<p>Die Er\u00f6ffnung der t\u00fcrkisch-armenischen Grenze in der n\u00e4heren Zukunft sei m\u00f6glich, falls Nikol Paschinjan, der Premierminister von Armenien, seine Rolle im politischen Leben des Landes beibehalte, <a rel=\"nofollow noopener\" target=\"_blank\" href=\"https:\/\/www.vedomosti.ru\/politics\/articles\/2024\/07\/31\/1052982-ankara-i-erevan-uproschayut-vizovie-protseduri?from=read_also=4\">sagte<\/a> der Kaukasus-Experte Artur Atajew gegen\u00fcber der Zeitung <em>Wedomosti<\/em>. &#8220;Die \u00d6ffnung der Grenzen ist in erster Linie f\u00fcr die Legitimierung der Handels- und Wirtschaftsbeziehungen zwischen Jerewan und Ankara notwendig&#8221;, so Atajew. &#8220;Im Zusammenhang mit der Anerkennung des V\u00f6lkermordes hat die Elite Armeniens eine weniger negative Haltung gegen\u00fcber der T\u00fcrkei&#8221;, f\u00fcgte er hinzu. Der zweite Bergkarabach-Krieg endete mit dem Sieg Aserbaidschans im November 2020. Daher k\u00f6nne Ankara die Beziehungen mit Jerewan verbessern, ohne Baku zu irritieren, betonte der Experte. F\u00fcr Jerewan seien aktive Kontakte angesichts der Abk\u00fchlung der Beziehungen mit Moskau mit der T\u00fcrkei eine Frage des wirtschaftlichen \u00dcberlebens Armeniens. &#8220;Paschinjan unternimmt alles, um die T\u00fcrkei in einen vollwertigen Wirtschaftspartner Armeniens umzuwandeln und damit die Abh\u00e4ngigkeit von Moskau zu schw\u00e4chen.&#8221;<\/p>\n<p>Auch Stanislaw Pritschin, der Leiter der Abteilung Zentralasien in der Russischen Akademie der Wissenschaften, wies darauf hin, dass die Normalisierung der Beziehungen mit Ankara die Hinwendung Jerewans zur Diversifizierung der Wirtschafts- und Au\u00dfenpolitik demonstriere. Die Ann\u00e4herung zwischen der T\u00fcrkei und Armenien sei eine der Bedingungen f\u00fcr die Normalisierung der Beziehungen zwischen Jerewan und Baku. &#8220;Auch der Faktor der wechselseitigen Vorteile f\u00fcr beide L\u00e4nder ist wichtig und sollte nicht au\u00dfer Acht gelassen werden&#8221;, befindet der Experte.<\/p>\n<p><strong>Mehr zum Thema<\/strong>\u00a0&#8211; <a rel=\"nofollow noopener\" target=\"_blank\" href=\"https:\/\/freedert.online\/asien\/213069-aserbaidschan-friedensvertrag-mit-armenien-erst-nach-verfassungsaenderung-moeglich\/\">Aserbaidschan: Friedensvertrag mit Armenien erst nach Verfassungs\u00e4nderung im Nachbarland m\u00f6glich<\/a>\u00a0<\/p>\n<div class=\"EmbedBlock-root EmbedBlock-externalVideo EmbedBlock-odysee\">\n<div class=\"VkEmbed\"><iframe class=\"lazyload\" data-src=\"https:\/\/odysee.com\/%24\/embed\/%40RTDE%3Ae%2FEs-gibt-nichts-was-wir-nicht-tun-k%C3%B6nnen-Erdo%C4%9Fan-droht-Israel-mit-Invasion%3Af\" frameborder=\"0\" width=\"853\" height=\"480\" allowfullscreen><\/iframe><\/div>\n<\/div>\n<\/div>\n<p><br \/>\n<br \/><a href=\"https:\/\/de.rt.com\/international\/214201-treffen-an-grenze-ankara-und\/\">Source link <\/a><\/p>\n","protected":false},"excerpt":{"rendered":"<p>Armenien und die T\u00fcrkei n\u00e4hern sich einander an. Die beiden Staaten wollen das Visumverfahren vereinfachen und die Grenze f\u00fcr Z\u00fcge \u00f6ffnen. Dies k\u00f6nnte zur Normalisierung der Beziehungen f\u00fchren. Trotz einer gemeinsamen Grenze unterhalten die T\u00fcrkei und Armenien keine diplomatischen Beziehungen. Die T\u00fcrkei und Armenien haben einen weiteren Schritt in Richtung Normalisierung der Beziehungen unternommen. Am [&hellip;]<\/p>\n","protected":false},"author":3,"featured_media":65863,"comment_status":"open","ping_status":"open","sticky":false,"template":"","format":"standard","meta":{"_yoast_indexnow_last_ping":["1722441659"],"wp_automatic_camp":["217"],"6c12216cda80bde02bad50ce62e36f88":["Treffen an der Grenze: Ankara und Jerewan best\u00e4tigen Normalisierung der Beziehungen"],"original_link":["https:\/\/de.rt.com\/international\/214201-treffen-an-grenze-ankara-und\/"],"_thumbnail_id":["65863"],"jnews_social_counter_last_update":["1777279277"],"_wptgpro_p2tg_sent2tg":["a:1:{i:23737;s:19:\"2024-07-31 18:02:15\";}"]},"categories":[19,23],"tags":[1800,20809,266,82,366,20417,5211,354,140],"yoast_head":"<!-- This site is optimized with the Yoast SEO Premium plugin v22.7 (Yoast SEO v22.7) - https:\/\/yoast.com\/wordpress\/plugins\/seo\/ -->\n<title>Treffen an der Grenze: Ankara und Jerewan best\u00e4tigen Normalisierung der Beziehungen - just-now.NEWS Deutschland<\/title>\n<meta name=\"robots\" content=\"index, follow, max-snippet:-1, max-image-preview:large, max-video-preview:-1\" \/>\n<link rel=\"canonical\" href=\"https:\/\/now-news.de\/de\/deutschland\/treffen-an-der-grenze-ankara-und-jerewan-bestaetigen-normalisierung-der-beziehungen\/\" \/>\n<meta property=\"og:locale\" content=\"de_DE\" \/>\n<meta property=\"og:type\" content=\"article\" \/>\n<meta property=\"og:title\" content=\"Treffen an der Grenze: Ankara und Jerewan best\u00e4tigen Normalisierung der Beziehungen\" \/>\n<meta property=\"og:description\" content=\"Armenien und die T\u00fcrkei n\u00e4hern sich einander an. Die beiden Staaten wollen das Visumverfahren vereinfachen und die Grenze f\u00fcr Z\u00fcge \u00f6ffnen. Dies k\u00f6nnte zur Normalisierung der Beziehungen f\u00fchren. Trotz einer gemeinsamen Grenze unterhalten die T\u00fcrkei und Armenien keine diplomatischen Beziehungen. Die T\u00fcrkei und Armenien haben einen weiteren Schritt in Richtung Normalisierung der Beziehungen unternommen. Am [&hellip;]\" \/>\n<meta property=\"og:url\" content=\"https:\/\/now-news.de\/de\/deutschland\/treffen-an-der-grenze-ankara-und-jerewan-bestaetigen-normalisierung-der-beziehungen\/\" \/>\n<meta property=\"og:site_name\" content=\"just-now.NEWS Deutschland\" \/>\n<meta property=\"article:publisher\" content=\"https:\/\/www.facebook.com\/wirmachenauf\" \/>\n<meta property=\"article:published_time\" content=\"2024-07-31T16:00:27+00:00\" \/>\n<meta property=\"og:image\" content=\"https:\/\/now-news.de\/de\/wp-content\/uploads\/sites\/3\/2024\/07\/66aa4bb9b480cc463024fb75.jpg\" \/>\n<meta name=\"author\" content=\"rtnews\" \/>\n<meta name=\"twitter:card\" content=\"summary_large_image\" \/>\n<meta name=\"twitter:creator\" content=\"@WirMachenAuf_de\" \/>\n<meta name=\"twitter:site\" content=\"@WirMachenAuf_de\" \/>\n<meta name=\"twitter:label1\" content=\"Verfasst von\" \/>\n\t<meta name=\"twitter:data1\" content=\"rtnews\" \/>\n\t<meta name=\"twitter:label2\" content=\"Gesch\u00e4tzte Lesezeit\" \/>\n\t<meta name=\"twitter:data2\" content=\"3\u00a0Minuten\" \/>\n<script type=\"application\/ld+json\" class=\"yoast-schema-graph\">{\"@context\":\"https:\/\/schema.org\",\"@graph\":[{\"@type\":\"Article\",\"@id\":\"https:\/\/now-news.de\/de\/deutschland\/treffen-an-der-grenze-ankara-und-jerewan-bestaetigen-normalisierung-der-beziehungen\/#article\",\"isPartOf\":{\"@id\":\"https:\/\/now-news.de\/de\/deutschland\/treffen-an-der-grenze-ankara-und-jerewan-bestaetigen-normalisierung-der-beziehungen\/\"},\"author\":{\"name\":\"rtnews\",\"@id\":\"https:\/\/now-news.de\/de\/#\/schema\/person\/fb534a4e865501d8b3285208df34a9b5\"},\"headline\":\"Treffen an der Grenze: Ankara und Jerewan best\u00e4tigen Normalisierung der Beziehungen\",\"datePublished\":\"2024-07-31T16:00:27+00:00\",\"dateModified\":\"2024-07-31T16:00:27+00:00\",\"mainEntityOfPage\":{\"@id\":\"https:\/\/now-news.de\/de\/deutschland\/treffen-an-der-grenze-ankara-und-jerewan-bestaetigen-normalisierung-der-beziehungen\/\"},\"wordCount\":557,\"commentCount\":0,\"publisher\":{\"@id\":\"https:\/\/now-news.de\/de\/#organization\"},\"image\":{\"@id\":\"https:\/\/now-news.de\/de\/deutschland\/treffen-an-der-grenze-ankara-und-jerewan-bestaetigen-normalisierung-der-beziehungen\/#primaryimage\"},\"thumbnailUrl\":\"https:\/\/now-news.de\/de\/wp-content\/uploads\/sites\/3\/2024\/07\/Treffen-an-der-Grenze-Ankara-und-Jerewan-bestaetigen-Normalisierung-der.jpg\",\"keywords\":[\"Ankara\",\"best\u00e4tigen\",\"Beziehungen\",\"der\",\"Grenze\",\"Jerewan\",\"Normalisierung\",\"Treffen\",\"und\"],\"articleSection\":[\"Deutschland\",\"Russland\"],\"inLanguage\":\"de\",\"potentialAction\":[{\"@type\":\"CommentAction\",\"name\":\"Comment\",\"target\":[\"https:\/\/now-news.de\/de\/deutschland\/treffen-an-der-grenze-ankara-und-jerewan-bestaetigen-normalisierung-der-beziehungen\/#respond\"]}]},{\"@type\":\"WebPage\",\"@id\":\"https:\/\/now-news.de\/de\/deutschland\/treffen-an-der-grenze-ankara-und-jerewan-bestaetigen-normalisierung-der-beziehungen\/\",\"url\":\"https:\/\/now-news.de\/de\/deutschland\/treffen-an-der-grenze-ankara-und-jerewan-bestaetigen-normalisierung-der-beziehungen\/\",\"name\":\"Treffen an der Grenze: Ankara und Jerewan best\u00e4tigen Normalisierung der Beziehungen - just-now.NEWS Deutschland\",\"isPartOf\":{\"@id\":\"https:\/\/now-news.de\/de\/#website\"},\"primaryImageOfPage\":{\"@id\":\"https:\/\/now-news.de\/de\/deutschland\/treffen-an-der-grenze-ankara-und-jerewan-bestaetigen-normalisierung-der-beziehungen\/#primaryimage\"},\"image\":{\"@id\":\"https:\/\/now-news.de\/de\/deutschland\/treffen-an-der-grenze-ankara-und-jerewan-bestaetigen-normalisierung-der-beziehungen\/#primaryimage\"},\"thumbnailUrl\":\"https:\/\/now-news.de\/de\/wp-content\/uploads\/sites\/3\/2024\/07\/Treffen-an-der-Grenze-Ankara-und-Jerewan-bestaetigen-Normalisierung-der.jpg\",\"datePublished\":\"2024-07-31T16:00:27+00:00\",\"dateModified\":\"2024-07-31T16:00:27+00:00\",\"breadcrumb\":{\"@id\":\"https:\/\/now-news.de\/de\/deutschland\/treffen-an-der-grenze-ankara-und-jerewan-bestaetigen-normalisierung-der-beziehungen\/#breadcrumb\"},\"inLanguage\":\"de\",\"potentialAction\":[{\"@type\":\"ReadAction\",\"target\":[\"https:\/\/now-news.de\/de\/deutschland\/treffen-an-der-grenze-ankara-und-jerewan-bestaetigen-normalisierung-der-beziehungen\/\"]}]},{\"@type\":\"ImageObject\",\"inLanguage\":\"de\",\"@id\":\"https:\/\/now-news.de\/de\/deutschland\/treffen-an-der-grenze-ankara-und-jerewan-bestaetigen-normalisierung-der-beziehungen\/#primaryimage\",\"url\":\"https:\/\/now-news.de\/de\/wp-content\/uploads\/sites\/3\/2024\/07\/Treffen-an-der-Grenze-Ankara-und-Jerewan-bestaetigen-Normalisierung-der.jpg\",\"contentUrl\":\"https:\/\/now-news.de\/de\/wp-content\/uploads\/sites\/3\/2024\/07\/Treffen-an-der-Grenze-Ankara-und-Jerewan-bestaetigen-Normalisierung-der.jpg\",\"width\":460,\"height\":259,\"caption\":\"Treffen an der Grenze: Ankara und Jerewan best\u00e4tigen Normalisierung der Beziehungen\"},{\"@type\":\"BreadcrumbList\",\"@id\":\"https:\/\/now-news.de\/de\/deutschland\/treffen-an-der-grenze-ankara-und-jerewan-bestaetigen-normalisierung-der-beziehungen\/#breadcrumb\",\"itemListElement\":[{\"@type\":\"ListItem\",\"position\":1,\"name\":\"Home\",\"item\":\"https:\/\/now-news.de\/de\/\"},{\"@type\":\"ListItem\",\"position\":2,\"name\":\"Treffen an der Grenze: Ankara und Jerewan best\u00e4tigen Normalisierung der Beziehungen\"}]},{\"@type\":\"WebSite\",\"@id\":\"https:\/\/now-news.de\/de\/#website\",\"url\":\"https:\/\/now-news.de\/de\/\",\"name\":\"just-now.NEWS Deutschland\",\"description\":\"Das Portal f\u00fcr unzensierte Nachrichten aus der Welt\",\"publisher\":{\"@id\":\"https:\/\/now-news.de\/de\/#organization\"},\"potentialAction\":[{\"@type\":\"SearchAction\",\"target\":{\"@type\":\"EntryPoint\",\"urlTemplate\":\"https:\/\/now-news.de\/de\/?s={search_term_string}\"},\"query-input\":\"required name=search_term_string\"}],\"inLanguage\":\"de\"},{\"@type\":\"Organization\",\"@id\":\"https:\/\/now-news.de\/de\/#organization\",\"name\":\"Just Now News\",\"url\":\"https:\/\/now-news.de\/de\/\",\"logo\":{\"@type\":\"ImageObject\",\"inLanguage\":\"de\",\"@id\":\"https:\/\/now-news.de\/de\/#\/schema\/logo\/image\/\",\"url\":\"http:\/\/just-now.news\/de\/wp-content\/uploads\/sites\/3\/2022\/04\/logo500x500.jpg\",\"contentUrl\":\"http:\/\/just-now.news\/de\/wp-content\/uploads\/sites\/3\/2022\/04\/logo500x500.jpg\",\"width\":500,\"height\":500,\"caption\":\"Just Now News\"},\"image\":{\"@id\":\"https:\/\/now-news.de\/de\/#\/schema\/logo\/image\/\"},\"sameAs\":[\"https:\/\/www.facebook.com\/wirmachenauf\",\"https:\/\/x.com\/WirMachenAuf_de\"]},{\"@type\":\"Person\",\"@id\":\"https:\/\/now-news.de\/de\/#\/schema\/person\/fb534a4e865501d8b3285208df34a9b5\",\"name\":\"rtnews\",\"image\":{\"@type\":\"ImageObject\",\"inLanguage\":\"de\",\"@id\":\"https:\/\/now-news.de\/de\/#\/schema\/person\/image\/\",\"url\":\"https:\/\/secure.gravatar.com\/avatar\/82aafea7d8127119dd649515f56e2117?s=96&d=mm&r=g\",\"contentUrl\":\"https:\/\/secure.gravatar.com\/avatar\/82aafea7d8127119dd649515f56e2117?s=96&d=mm&r=g\",\"caption\":\"rtnews\"},\"url\":\"https:\/\/now-news.de\/de\/author\/rnews\/\"}]}<\/script>\n<!-- \/ Yoast SEO Premium plugin. -->","yoast_head_json":{"title":"Treffen an der Grenze: Ankara und Jerewan best\u00e4tigen Normalisierung der Beziehungen - just-now.NEWS Deutschland","robots":{"index":"index","follow":"follow","max-snippet":"max-snippet:-1","max-image-preview":"max-image-preview:large","max-video-preview":"max-video-preview:-1"},"canonical":"https:\/\/now-news.de\/de\/deutschland\/treffen-an-der-grenze-ankara-und-jerewan-bestaetigen-normalisierung-der-beziehungen\/","og_locale":"de_DE","og_type":"article","og_title":"Treffen an der Grenze: Ankara und Jerewan best\u00e4tigen Normalisierung der Beziehungen","og_description":"Armenien und die T\u00fcrkei n\u00e4hern sich einander an. Die beiden Staaten wollen das Visumverfahren vereinfachen und die Grenze f\u00fcr Z\u00fcge \u00f6ffnen. Dies k\u00f6nnte zur Normalisierung der Beziehungen f\u00fchren. Trotz einer gemeinsamen Grenze unterhalten die T\u00fcrkei und Armenien keine diplomatischen Beziehungen. Die T\u00fcrkei und Armenien haben einen weiteren Schritt in Richtung Normalisierung der Beziehungen unternommen. Am [&hellip;]","og_url":"https:\/\/now-news.de\/de\/deutschland\/treffen-an-der-grenze-ankara-und-jerewan-bestaetigen-normalisierung-der-beziehungen\/","og_site_name":"just-now.NEWS Deutschland","article_publisher":"https:\/\/www.facebook.com\/wirmachenauf","article_published_time":"2024-07-31T16:00:27+00:00","og_image":[{"url":"https:\/\/now-news.de\/de\/wp-content\/uploads\/sites\/3\/2024\/07\/66aa4bb9b480cc463024fb75.jpg"}],"author":"rtnews","twitter_card":"summary_large_image","twitter_creator":"@WirMachenAuf_de","twitter_site":"@WirMachenAuf_de","twitter_misc":{"Verfasst von":"rtnews","Gesch\u00e4tzte Lesezeit":"3\u00a0Minuten"},"schema":{"@context":"https:\/\/schema.org","@graph":[{"@type":"Article","@id":"https:\/\/now-news.de\/de\/deutschland\/treffen-an-der-grenze-ankara-und-jerewan-bestaetigen-normalisierung-der-beziehungen\/#article","isPartOf":{"@id":"https:\/\/now-news.de\/de\/deutschland\/treffen-an-der-grenze-ankara-und-jerewan-bestaetigen-normalisierung-der-beziehungen\/"},"author":{"name":"rtnews","@id":"https:\/\/now-news.de\/de\/#\/schema\/person\/fb534a4e865501d8b3285208df34a9b5"},"headline":"Treffen an der Grenze: Ankara und Jerewan best\u00e4tigen Normalisierung der Beziehungen","datePublished":"2024-07-31T16:00:27+00:00","dateModified":"2024-07-31T16:00:27+00:00","mainEntityOfPage":{"@id":"https:\/\/now-news.de\/de\/deutschland\/treffen-an-der-grenze-ankara-und-jerewan-bestaetigen-normalisierung-der-beziehungen\/"},"wordCount":557,"commentCount":0,"publisher":{"@id":"https:\/\/now-news.de\/de\/#organization"},"image":{"@id":"https:\/\/now-news.de\/de\/deutschland\/treffen-an-der-grenze-ankara-und-jerewan-bestaetigen-normalisierung-der-beziehungen\/#primaryimage"},"thumbnailUrl":"https:\/\/now-news.de\/de\/wp-content\/uploads\/sites\/3\/2024\/07\/Treffen-an-der-Grenze-Ankara-und-Jerewan-bestaetigen-Normalisierung-der.jpg","keywords":["Ankara","best\u00e4tigen","Beziehungen","der","Grenze","Jerewan","Normalisierung","Treffen","und"],"articleSection":["Deutschland","Russland"],"inLanguage":"de","potentialAction":[{"@type":"CommentAction","name":"Comment","target":["https:\/\/now-news.de\/de\/deutschland\/treffen-an-der-grenze-ankara-und-jerewan-bestaetigen-normalisierung-der-beziehungen\/#respond"]}]},{"@type":"WebPage","@id":"https:\/\/now-news.de\/de\/deutschland\/treffen-an-der-grenze-ankara-und-jerewan-bestaetigen-normalisierung-der-beziehungen\/","url":"https:\/\/now-news.de\/de\/deutschland\/treffen-an-der-grenze-ankara-und-jerewan-bestaetigen-normalisierung-der-beziehungen\/","name":"Treffen an der Grenze: Ankara und Jerewan best\u00e4tigen Normalisierung der Beziehungen - just-now.NEWS Deutschland","isPartOf":{"@id":"https:\/\/now-news.de\/de\/#website"},"primaryImageOfPage":{"@id":"https:\/\/now-news.de\/de\/deutschland\/treffen-an-der-grenze-ankara-und-jerewan-bestaetigen-normalisierung-der-beziehungen\/#primaryimage"},"image":{"@id":"https:\/\/now-news.de\/de\/deutschland\/treffen-an-der-grenze-ankara-und-jerewan-bestaetigen-normalisierung-der-beziehungen\/#primaryimage"},"thumbnailUrl":"https:\/\/now-news.de\/de\/wp-content\/uploads\/sites\/3\/2024\/07\/Treffen-an-der-Grenze-Ankara-und-Jerewan-bestaetigen-Normalisierung-der.jpg","datePublished":"2024-07-31T16:00:27+00:00","dateModified":"2024-07-31T16:00:27+00:00","breadcrumb":{"@id":"https:\/\/now-news.de\/de\/deutschland\/treffen-an-der-grenze-ankara-und-jerewan-bestaetigen-normalisierung-der-beziehungen\/#breadcrumb"},"inLanguage":"de","potentialAction":[{"@type":"ReadAction","target":["https:\/\/now-news.de\/de\/deutschland\/treffen-an-der-grenze-ankara-und-jerewan-bestaetigen-normalisierung-der-beziehungen\/"]}]},{"@type":"ImageObject","inLanguage":"de","@id":"https:\/\/now-news.de\/de\/deutschland\/treffen-an-der-grenze-ankara-und-jerewan-bestaetigen-normalisierung-der-beziehungen\/#primaryimage","url":"https:\/\/now-news.de\/de\/wp-content\/uploads\/sites\/3\/2024\/07\/Treffen-an-der-Grenze-Ankara-und-Jerewan-bestaetigen-Normalisierung-der.jpg","contentUrl":"https:\/\/now-news.de\/de\/wp-content\/uploads\/sites\/3\/2024\/07\/Treffen-an-der-Grenze-Ankara-und-Jerewan-bestaetigen-Normalisierung-der.jpg","width":460,"height":259,"caption":"Treffen an der Grenze: Ankara und Jerewan best\u00e4tigen Normalisierung der Beziehungen"},{"@type":"BreadcrumbList","@id":"https:\/\/now-news.de\/de\/deutschland\/treffen-an-der-grenze-ankara-und-jerewan-bestaetigen-normalisierung-der-beziehungen\/#breadcrumb","itemListElement":[{"@type":"ListItem","position":1,"name":"Home","item":"https:\/\/now-news.de\/de\/"},{"@type":"ListItem","position":2,"name":"Treffen an der Grenze: Ankara und Jerewan best\u00e4tigen Normalisierung der Beziehungen"}]},{"@type":"WebSite","@id":"https:\/\/now-news.de\/de\/#website","url":"https:\/\/now-news.de\/de\/","name":"just-now.NEWS Deutschland","description":"Das Portal f\u00fcr unzensierte Nachrichten aus der Welt","publisher":{"@id":"https:\/\/now-news.de\/de\/#organization"},"potentialAction":[{"@type":"SearchAction","target":{"@type":"EntryPoint","urlTemplate":"https:\/\/now-news.de\/de\/?s={search_term_string}"},"query-input":"required name=search_term_string"}],"inLanguage":"de"},{"@type":"Organization","@id":"https:\/\/now-news.de\/de\/#organization","name":"Just Now News","url":"https:\/\/now-news.de\/de\/","logo":{"@type":"ImageObject","inLanguage":"de","@id":"https:\/\/now-news.de\/de\/#\/schema\/logo\/image\/","url":"http:\/\/just-now.news\/de\/wp-content\/uploads\/sites\/3\/2022\/04\/logo500x500.jpg","contentUrl":"http:\/\/just-now.news\/de\/wp-content\/uploads\/sites\/3\/2022\/04\/logo500x500.jpg","width":500,"height":500,"caption":"Just Now News"},"image":{"@id":"https:\/\/now-news.de\/de\/#\/schema\/logo\/image\/"},"sameAs":["https:\/\/www.facebook.com\/wirmachenauf","https:\/\/x.com\/WirMachenAuf_de"]},{"@type":"Person","@id":"https:\/\/now-news.de\/de\/#\/schema\/person\/fb534a4e865501d8b3285208df34a9b5","name":"rtnews","image":{"@type":"ImageObject","inLanguage":"de","@id":"https:\/\/now-news.de\/de\/#\/schema\/person\/image\/","url":"https:\/\/secure.gravatar.com\/avatar\/82aafea7d8127119dd649515f56e2117?s=96&d=mm&r=g","contentUrl":"https:\/\/secure.gravatar.com\/avatar\/82aafea7d8127119dd649515f56e2117?s=96&d=mm&r=g","caption":"rtnews"},"url":"https:\/\/now-news.de\/de\/author\/rnews\/"}]}},"_links":{"self":[{"href":"https:\/\/now-news.de\/de\/wp-json\/wp\/v2\/posts\/65862"}],"collection":[{"href":"https:\/\/now-news.de\/de\/wp-json\/wp\/v2\/posts"}],"about":[{"href":"https:\/\/now-news.de\/de\/wp-json\/wp\/v2\/types\/post"}],"author":[{"embeddable":true,"href":"https:\/\/now-news.de\/de\/wp-json\/wp\/v2\/users\/3"}],"replies":[{"embeddable":true,"href":"https:\/\/now-news.de\/de\/wp-json\/wp\/v2\/comments?post=65862"}],"version-history":[{"count":0,"href":"https:\/\/now-news.de\/de\/wp-json\/wp\/v2\/posts\/65862\/revisions"}],"wp:featuredmedia":[{"embeddable":true,"href":"https:\/\/now-news.de\/de\/wp-json\/wp\/v2\/media\/65863"}],"wp:attachment":[{"href":"https:\/\/now-news.de\/de\/wp-json\/wp\/v2\/media?parent=65862"}],"wp:term":[{"taxonomy":"category","embeddable":true,"href":"https:\/\/now-news.de\/de\/wp-json\/wp\/v2\/categories?post=65862"},{"taxonomy":"post_tag","embeddable":true,"href":"https:\/\/now-news.de\/de\/wp-json\/wp\/v2\/tags?post=65862"}],"curies":[{"name":"wp","href":"https:\/\/api.w.org\/{rel}","templated":true}]}}