{"id":65838,"date":"2024-07-31T14:01:08","date_gmt":"2024-07-31T12:01:08","guid":{"rendered":"https:\/\/now-news.de\/de\/deutschland\/sicheres-podlachien-polen-stationiert-neue-infanteriedivision-an-grenze-zu-weissrussland\/"},"modified":"2024-07-31T14:01:08","modified_gmt":"2024-07-31T12:01:08","slug":"sicheres-podlachien-polen-stationiert-neue-infanteriedivision-an-grenze-zu-weissrussland","status":"publish","type":"post","link":"https:\/\/now-news.de\/de\/deutschland\/sicheres-podlachien-polen-stationiert-neue-infanteriedivision-an-grenze-zu-weissrussland\/","title":{"rendered":"&quot;Sicheres Podlachien&quot;: Polen stationiert neue Infanteriedivision an Grenze zu Wei\u00dfrussland"},"content":{"rendered":"<p><img decoding=\"async\" src=\"https:\/\/now-news.de\/de\/wp-content\/uploads\/sites\/3\/2024\/07\/66aa099048fbef3801628c51.jpg\" \/><\/p>\n<div class=\"Text-root Text-type_1 \">\n                Zum Schutz der Grenze zu Wei\u00dfrussland hat der polnische Verteidigungsminister W\u0142adys\u0142aw Kosiniak-Kamysz die Operation &#8220;Sicheres Podlachien&#8221; gestartet. Sie umfasst bis zu 17.000 Soldaten. Ab dem 1. August beginnt eine weitere Operation zur St\u00e4rkung der Luftverteidigung.\n            <\/div>\n<p><\/p>\n<div class=\"Text-root Text-type_5 ArticleView-text ViewText-root \">\n<p>Polens Verteidigungsminister\u00a0W\u0142adys\u0142aw Kosiniak-Kamysz hat den Start einer neuen Operation zum Schutz der Grenzen zu Wei\u00dfrussland unter dem Codenamen &#8220;Sicheres Podlachien&#8221; bekanntgegeben, an der bis zu 17.000 Soldaten teilnehmen werden. Bei einem vom Fernsehsender\u00a0<em><a rel=\"nofollow noopener\" target=\"_blank\" href=\"https:\/\/www.tvp.info\/\">TVP Info<\/a><\/em>\u00a0\u00fcbertragenen Treffen mit Soldaten, die an der polnisch-wei\u00dfrussischen Grenze dienen, erkl\u00e4rte der Minister:<\/p>\n<blockquote>\n<p><em>&#8220;Wir sind hier, um Ver\u00e4nderungen zu bewirken und eine neue Operation unter dem Codenamen &#8216;Sicheres Podlachien&#8217; zu starten.&#8221;<\/em><\/p>\n<\/blockquote>\n<p>Weiter\u00a0merkte Kosiniak-Kamysz an, dass\u00a0die 18. Mechanisierte Division der polnischen Streitkr\u00e4fte die Leitung der Operation \u00fcbernehme. Zum Kommandeur des Kontingents wurde General Arkadiusz Szkutnik ernannt.<\/p>\n<p>Dar\u00fcber hinaus werden die polnischen Streitkr\u00e4fte ab dem 1. August die Operation &#8220;\u00d6stliche Morgend\u00e4mmerung&#8221; starten, um die F\u00e4higkeiten der Luftverteidigung an den \u00f6stlichen Grenzen des Landes, einschlie\u00dflich der Grenze zu Russland und Wei\u00dfrussland, zu st\u00e4rken. Besonderes Augenmerk werde auf die Abwehr von Drohnen gelegt, die in niedriger und sehr niedriger H\u00f6he fliegen. Das Operationsgebiet umfasse die \u00f6stlichen und nord\u00f6stlichen Grenzen der Republik, so die polnischen Streitkr\u00e4fte.<\/p>\n<p>\u00dcber die Entscheidung, eine neue Operation zum Schutz der polnischen Grenze zu Wei\u00dfrussland zu beginnen, informierte das polnische Verteidigungsministerium bereits Mitte Juli. Pawe\u0142 Bejda, Staatssekret\u00e4r im polnischen Verteidigungsministerium, erkl\u00e4rte damals, dass 8.000 Soldaten direkt zum Schutz der polnischen Grenze eingesetzt w\u00fcrden, w\u00e4hrend 9.000 in Reserve bleiben. Das Milit\u00e4rkontingent an der polnisch-wei\u00dfrussischen Grenze werde insgesamt somit bis zu 17.000 Soldaten umfassen:<\/p>\n<blockquote>\n<p><em>&#8220;Wenn an der Grenze etwas passiert, werden diese 9.000 Soldaten mit all ihrer Ausr\u00fcstung und Waffen innerhalb von 48 Stunden an die Grenze gehen, um sie zu sch\u00fctzen. Dabei handelt es sich um schnelle Eingreiftruppen an den Grenzen.&#8221;<\/em><\/p>\n<\/blockquote>\n<p>Derzeit\u00a0seien 6.000 Soldaten der polnischen Armee sowie 1.500 Grenzsch\u00fctzer und Polizisten an der polnisch-wei\u00dfrussischen Grenze im Einsatz. Zus\u00e4tzlich unterst\u00fctzen 200 Angeh\u00f6rige der Milit\u00e4rpolizei den Grenzschutz. Das polnische Verteidigungsministerium hat zudem die Bildung einer Einheit zum Schutz der Grenzregion in den Territorialverteidigungskr\u00e4ften angek\u00fcndigt.<\/p>\n<p>Es wurde\u00a0beschlossen, eine mechanisierte Brigade der 1. Infanteriedivision der Polnischen Legionen an der Grenze zu Wei\u00dfrussland zu stationieren. Die Aufstellung der Division werde mehrere Jahre in Anspruch nehmen und sei nahe Bia\u0142ystok notwendig, um den Schutz der polnisch-wei\u00dfrussischen Grenze zu gew\u00e4hrleisten, so Kosiniak-Kamysz. Die Einheit werde etwa 3.000 Soldaten plus Ausr\u00fcstung umfassen.<\/p>\n<p>Die Infanteriedivision der Polnischen Legionen wurde Anfang 2023 vom polnischen Verteidigungsministerium geschaffen. Laut Plan sollen deren Einheiten vor allem in der an Wei\u00dfrussland grenzenden Woiwodschaft Podlachien stationiert werden. Die Division soll mit US-amerikanischen Abrams-Panzern und s\u00fcdkoreanischen K-2-Panzern ausger\u00fcstet werden. Sie wird Teil einer Artilleriebrigade sein, die mit in Polen hergestellten Krab-Panzerhaubitzen, s\u00fcdkoreanischen K-9-Panzern und unbemannten Aufkl\u00e4rungssystemen ausger\u00fcstet ist, berichtet die Nachrichtenagentur <em>TASS<\/em>.<\/p>\n<p>Die 1. Infanteriedivision der Polnischen Legionen wird gleichzeitig die 5. Taktische Einheit der polnischen Armee sein. Sie wird aus vier Brigaden mit jeweils vier Bataillonen bestehen.<\/p>\n<p><strong>Mehr zum Thema<\/strong>\u00a0\u2013\u00a0<a rel=\"nofollow noopener\" target=\"_blank\" href=\"https:\/\/freedert.online\/europa\/205548-polen-will-350-millionen-euro\/\">Polen will 350 Millionen Euro f\u00fcr Ausbau der Grenze zu Wei\u00dfrussland ausgeben<br \/><\/a><\/p>\n<div class=\"EmbedBlock-root EmbedBlock-externalVideo EmbedBlock-odysee\">\n<div class=\"VkEmbed\"><iframe class=\"lazyload\" data-src=\"https:\/\/odysee.com\/%24\/embed\/%40RTDE%3Ae%2F-Unertr%C3%A4gliches-Denkmal--%E2%80%93Monument-der-polnisch-sowjetischen-Waffenbr%C3%BCderschaft-in-Polen-abgerissen%3Ad\" frameborder=\"0\" width=\"853\" height=\"480\" allowfullscreen><\/iframe><\/div>\n<\/div>\n<\/div>\n<p><br \/>\n<br \/><a href=\"https:\/\/de.rt.com\/europa\/214158-sicheres-podlachien-polen-wird-neue-militaeroperation-durchfuehren\/\">Source link <\/a><\/p>\n","protected":false},"excerpt":{"rendered":"<p>Zum Schutz der Grenze zu Wei\u00dfrussland hat der polnische Verteidigungsminister W\u0142adys\u0142aw Kosiniak-Kamysz die Operation &#8220;Sicheres Podlachien&#8221; gestartet. Sie umfasst bis zu 17.000 Soldaten. Ab dem 1. August beginnt eine weitere Operation zur St\u00e4rkung der Luftverteidigung. Polens Verteidigungsminister\u00a0W\u0142adys\u0142aw Kosiniak-Kamysz hat den Start einer neuen Operation zum Schutz der Grenzen zu Wei\u00dfrussland unter dem Codenamen &#8220;Sicheres Podlachien&#8221; [&hellip;]<\/p>\n","protected":false},"author":3,"featured_media":65839,"comment_status":"open","ping_status":"open","sticky":false,"template":"","format":"standard","meta":{"_yoast_indexnow_last_ping":["1722428123"],"wp_automatic_camp":["217"],"293f67e51ec61acb25aada079d5dd225":["&quot;Sicheres Podlachien&quot;: Polen stationiert neue Infanteriedivision an Grenze zu Wei\u00dfrussland"],"original_link":["https:\/\/de.rt.com\/europa\/214158-sicheres-podlachien-polen-wird-neue-militaeroperation-durchfuehren\/"],"_thumbnail_id":["65839"],"jnews_social_counter_last_update":["1777262684"],"_wptgpro_p2tg_sent2tg":["a:1:{i:23737;s:19:\"2024-07-31 14:16:24\";}"]},"categories":[19,23],"tags":[366,38843,1227,57130,5850,57129,3741,18575],"yoast_head":"<!-- This site is optimized with the Yoast SEO Premium plugin v22.7 (Yoast SEO v22.7) - https:\/\/yoast.com\/wordpress\/plugins\/seo\/ -->\n<title>&quot;Sicheres Podlachien&quot;: Polen stationiert neue Infanteriedivision an Grenze zu Wei\u00dfrussland - just-now.NEWS Deutschland<\/title>\n<meta name=\"robots\" content=\"index, follow, max-snippet:-1, max-image-preview:large, max-video-preview:-1\" \/>\n<link rel=\"canonical\" href=\"https:\/\/now-news.de\/de\/deutschland\/sicheres-podlachien-polen-stationiert-neue-infanteriedivision-an-grenze-zu-weissrussland\/\" \/>\n<meta property=\"og:locale\" content=\"de_DE\" \/>\n<meta property=\"og:type\" content=\"article\" \/>\n<meta property=\"og:title\" content=\"&quot;Sicheres Podlachien&quot;: Polen stationiert neue Infanteriedivision an Grenze zu Wei\u00dfrussland\" \/>\n<meta property=\"og:description\" content=\"Zum Schutz der Grenze zu Wei\u00dfrussland hat der polnische Verteidigungsminister W\u0142adys\u0142aw Kosiniak-Kamysz die Operation &#8220;Sicheres Podlachien&#8221; gestartet. Sie umfasst bis zu 17.000 Soldaten. Ab dem 1. August beginnt eine weitere Operation zur St\u00e4rkung der Luftverteidigung. Polens Verteidigungsminister\u00a0W\u0142adys\u0142aw Kosiniak-Kamysz hat den Start einer neuen Operation zum Schutz der Grenzen zu Wei\u00dfrussland unter dem Codenamen &#8220;Sicheres Podlachien&#8221; [&hellip;]\" \/>\n<meta property=\"og:url\" content=\"https:\/\/now-news.de\/de\/deutschland\/sicheres-podlachien-polen-stationiert-neue-infanteriedivision-an-grenze-zu-weissrussland\/\" \/>\n<meta property=\"og:site_name\" content=\"just-now.NEWS Deutschland\" \/>\n<meta property=\"article:publisher\" content=\"https:\/\/www.facebook.com\/wirmachenauf\" \/>\n<meta property=\"article:published_time\" content=\"2024-07-31T12:01:08+00:00\" \/>\n<meta property=\"og:image\" content=\"https:\/\/now-news.de\/de\/wp-content\/uploads\/sites\/3\/2024\/07\/66aa099048fbef3801628c51.jpg\" \/>\n<meta name=\"author\" content=\"rtnews\" \/>\n<meta name=\"twitter:card\" content=\"summary_large_image\" \/>\n<meta name=\"twitter:creator\" content=\"@WirMachenAuf_de\" \/>\n<meta name=\"twitter:site\" content=\"@WirMachenAuf_de\" \/>\n<meta name=\"twitter:label1\" content=\"Verfasst von\" \/>\n\t<meta name=\"twitter:data1\" content=\"rtnews\" \/>\n\t<meta name=\"twitter:label2\" content=\"Gesch\u00e4tzte Lesezeit\" \/>\n\t<meta name=\"twitter:data2\" content=\"3\u00a0Minuten\" \/>\n<script type=\"application\/ld+json\" class=\"yoast-schema-graph\">{\"@context\":\"https:\/\/schema.org\",\"@graph\":[{\"@type\":\"Article\",\"@id\":\"https:\/\/now-news.de\/de\/deutschland\/sicheres-podlachien-polen-stationiert-neue-infanteriedivision-an-grenze-zu-weissrussland\/#article\",\"isPartOf\":{\"@id\":\"https:\/\/now-news.de\/de\/deutschland\/sicheres-podlachien-polen-stationiert-neue-infanteriedivision-an-grenze-zu-weissrussland\/\"},\"author\":{\"name\":\"rtnews\",\"@id\":\"https:\/\/now-news.de\/de\/#\/schema\/person\/fb534a4e865501d8b3285208df34a9b5\"},\"headline\":\"&quot;Sicheres Podlachien&quot;: Polen stationiert neue Infanteriedivision an Grenze zu Wei\u00dfrussland\",\"datePublished\":\"2024-07-31T12:01:08+00:00\",\"dateModified\":\"2024-07-31T12:01:08+00:00\",\"mainEntityOfPage\":{\"@id\":\"https:\/\/now-news.de\/de\/deutschland\/sicheres-podlachien-polen-stationiert-neue-infanteriedivision-an-grenze-zu-weissrussland\/\"},\"wordCount\":541,\"commentCount\":0,\"publisher\":{\"@id\":\"https:\/\/now-news.de\/de\/#organization\"},\"image\":{\"@id\":\"https:\/\/now-news.de\/de\/deutschland\/sicheres-podlachien-polen-stationiert-neue-infanteriedivision-an-grenze-zu-weissrussland\/#primaryimage\"},\"thumbnailUrl\":\"https:\/\/now-news.de\/de\/wp-content\/uploads\/sites\/3\/2024\/07\/quotSicheres-Podlachienquot-Polen-stationiert-neue-Infanteriedivision-an-Grenze-zu-Weissrussland.jpg\",\"keywords\":[\"Grenze\",\"Infanteriedivision\",\"NEUE\",\"Podlachienquot\",\"Polen\",\"quotSicheres\",\"stationiert\",\"Wei\u00dfrussland\"],\"articleSection\":[\"Deutschland\",\"Russland\"],\"inLanguage\":\"de\",\"potentialAction\":[{\"@type\":\"CommentAction\",\"name\":\"Comment\",\"target\":[\"https:\/\/now-news.de\/de\/deutschland\/sicheres-podlachien-polen-stationiert-neue-infanteriedivision-an-grenze-zu-weissrussland\/#respond\"]}]},{\"@type\":\"WebPage\",\"@id\":\"https:\/\/now-news.de\/de\/deutschland\/sicheres-podlachien-polen-stationiert-neue-infanteriedivision-an-grenze-zu-weissrussland\/\",\"url\":\"https:\/\/now-news.de\/de\/deutschland\/sicheres-podlachien-polen-stationiert-neue-infanteriedivision-an-grenze-zu-weissrussland\/\",\"name\":\"&quot;Sicheres Podlachien&quot;: Polen stationiert neue Infanteriedivision an Grenze zu Wei\u00dfrussland - just-now.NEWS Deutschland\",\"isPartOf\":{\"@id\":\"https:\/\/now-news.de\/de\/#website\"},\"primaryImageOfPage\":{\"@id\":\"https:\/\/now-news.de\/de\/deutschland\/sicheres-podlachien-polen-stationiert-neue-infanteriedivision-an-grenze-zu-weissrussland\/#primaryimage\"},\"image\":{\"@id\":\"https:\/\/now-news.de\/de\/deutschland\/sicheres-podlachien-polen-stationiert-neue-infanteriedivision-an-grenze-zu-weissrussland\/#primaryimage\"},\"thumbnailUrl\":\"https:\/\/now-news.de\/de\/wp-content\/uploads\/sites\/3\/2024\/07\/quotSicheres-Podlachienquot-Polen-stationiert-neue-Infanteriedivision-an-Grenze-zu-Weissrussland.jpg\",\"datePublished\":\"2024-07-31T12:01:08+00:00\",\"dateModified\":\"2024-07-31T12:01:08+00:00\",\"breadcrumb\":{\"@id\":\"https:\/\/now-news.de\/de\/deutschland\/sicheres-podlachien-polen-stationiert-neue-infanteriedivision-an-grenze-zu-weissrussland\/#breadcrumb\"},\"inLanguage\":\"de\",\"potentialAction\":[{\"@type\":\"ReadAction\",\"target\":[\"https:\/\/now-news.de\/de\/deutschland\/sicheres-podlachien-polen-stationiert-neue-infanteriedivision-an-grenze-zu-weissrussland\/\"]}]},{\"@type\":\"ImageObject\",\"inLanguage\":\"de\",\"@id\":\"https:\/\/now-news.de\/de\/deutschland\/sicheres-podlachien-polen-stationiert-neue-infanteriedivision-an-grenze-zu-weissrussland\/#primaryimage\",\"url\":\"https:\/\/now-news.de\/de\/wp-content\/uploads\/sites\/3\/2024\/07\/quotSicheres-Podlachienquot-Polen-stationiert-neue-Infanteriedivision-an-Grenze-zu-Weissrussland.jpg\",\"contentUrl\":\"https:\/\/now-news.de\/de\/wp-content\/uploads\/sites\/3\/2024\/07\/quotSicheres-Podlachienquot-Polen-stationiert-neue-Infanteriedivision-an-Grenze-zu-Weissrussland.jpg\",\"width\":460,\"height\":259,\"caption\":\"&quot;Sicheres Podlachien&quot;: Polen stationiert neue Infanteriedivision an Grenze zu Wei\u00dfrussland\"},{\"@type\":\"BreadcrumbList\",\"@id\":\"https:\/\/now-news.de\/de\/deutschland\/sicheres-podlachien-polen-stationiert-neue-infanteriedivision-an-grenze-zu-weissrussland\/#breadcrumb\",\"itemListElement\":[{\"@type\":\"ListItem\",\"position\":1,\"name\":\"Home\",\"item\":\"https:\/\/now-news.de\/de\/\"},{\"@type\":\"ListItem\",\"position\":2,\"name\":\"&quot;Sicheres Podlachien&quot;: Polen stationiert neue Infanteriedivision an Grenze zu Wei\u00dfrussland\"}]},{\"@type\":\"WebSite\",\"@id\":\"https:\/\/now-news.de\/de\/#website\",\"url\":\"https:\/\/now-news.de\/de\/\",\"name\":\"just-now.NEWS Deutschland\",\"description\":\"Das Portal f\u00fcr unzensierte Nachrichten aus der Welt\",\"publisher\":{\"@id\":\"https:\/\/now-news.de\/de\/#organization\"},\"potentialAction\":[{\"@type\":\"SearchAction\",\"target\":{\"@type\":\"EntryPoint\",\"urlTemplate\":\"https:\/\/now-news.de\/de\/?s={search_term_string}\"},\"query-input\":\"required name=search_term_string\"}],\"inLanguage\":\"de\"},{\"@type\":\"Organization\",\"@id\":\"https:\/\/now-news.de\/de\/#organization\",\"name\":\"Just Now News\",\"url\":\"https:\/\/now-news.de\/de\/\",\"logo\":{\"@type\":\"ImageObject\",\"inLanguage\":\"de\",\"@id\":\"https:\/\/now-news.de\/de\/#\/schema\/logo\/image\/\",\"url\":\"http:\/\/just-now.news\/de\/wp-content\/uploads\/sites\/3\/2022\/04\/logo500x500.jpg\",\"contentUrl\":\"http:\/\/just-now.news\/de\/wp-content\/uploads\/sites\/3\/2022\/04\/logo500x500.jpg\",\"width\":500,\"height\":500,\"caption\":\"Just Now News\"},\"image\":{\"@id\":\"https:\/\/now-news.de\/de\/#\/schema\/logo\/image\/\"},\"sameAs\":[\"https:\/\/www.facebook.com\/wirmachenauf\",\"https:\/\/x.com\/WirMachenAuf_de\"]},{\"@type\":\"Person\",\"@id\":\"https:\/\/now-news.de\/de\/#\/schema\/person\/fb534a4e865501d8b3285208df34a9b5\",\"name\":\"rtnews\",\"image\":{\"@type\":\"ImageObject\",\"inLanguage\":\"de\",\"@id\":\"https:\/\/now-news.de\/de\/#\/schema\/person\/image\/\",\"url\":\"https:\/\/secure.gravatar.com\/avatar\/82aafea7d8127119dd649515f56e2117?s=96&d=mm&r=g\",\"contentUrl\":\"https:\/\/secure.gravatar.com\/avatar\/82aafea7d8127119dd649515f56e2117?s=96&d=mm&r=g\",\"caption\":\"rtnews\"},\"url\":\"https:\/\/now-news.de\/de\/author\/rnews\/\"}]}<\/script>\n<!-- \/ Yoast SEO Premium plugin. -->","yoast_head_json":{"title":"&quot;Sicheres Podlachien&quot;: Polen stationiert neue Infanteriedivision an Grenze zu Wei\u00dfrussland - just-now.NEWS Deutschland","robots":{"index":"index","follow":"follow","max-snippet":"max-snippet:-1","max-image-preview":"max-image-preview:large","max-video-preview":"max-video-preview:-1"},"canonical":"https:\/\/now-news.de\/de\/deutschland\/sicheres-podlachien-polen-stationiert-neue-infanteriedivision-an-grenze-zu-weissrussland\/","og_locale":"de_DE","og_type":"article","og_title":"&quot;Sicheres Podlachien&quot;: Polen stationiert neue Infanteriedivision an Grenze zu Wei\u00dfrussland","og_description":"Zum Schutz der Grenze zu Wei\u00dfrussland hat der polnische Verteidigungsminister W\u0142adys\u0142aw Kosiniak-Kamysz die Operation &#8220;Sicheres Podlachien&#8221; gestartet. Sie umfasst bis zu 17.000 Soldaten. Ab dem 1. August beginnt eine weitere Operation zur St\u00e4rkung der Luftverteidigung. Polens Verteidigungsminister\u00a0W\u0142adys\u0142aw Kosiniak-Kamysz hat den Start einer neuen Operation zum Schutz der Grenzen zu Wei\u00dfrussland unter dem Codenamen &#8220;Sicheres Podlachien&#8221; [&hellip;]","og_url":"https:\/\/now-news.de\/de\/deutschland\/sicheres-podlachien-polen-stationiert-neue-infanteriedivision-an-grenze-zu-weissrussland\/","og_site_name":"just-now.NEWS Deutschland","article_publisher":"https:\/\/www.facebook.com\/wirmachenauf","article_published_time":"2024-07-31T12:01:08+00:00","og_image":[{"url":"https:\/\/now-news.de\/de\/wp-content\/uploads\/sites\/3\/2024\/07\/66aa099048fbef3801628c51.jpg"}],"author":"rtnews","twitter_card":"summary_large_image","twitter_creator":"@WirMachenAuf_de","twitter_site":"@WirMachenAuf_de","twitter_misc":{"Verfasst von":"rtnews","Gesch\u00e4tzte Lesezeit":"3\u00a0Minuten"},"schema":{"@context":"https:\/\/schema.org","@graph":[{"@type":"Article","@id":"https:\/\/now-news.de\/de\/deutschland\/sicheres-podlachien-polen-stationiert-neue-infanteriedivision-an-grenze-zu-weissrussland\/#article","isPartOf":{"@id":"https:\/\/now-news.de\/de\/deutschland\/sicheres-podlachien-polen-stationiert-neue-infanteriedivision-an-grenze-zu-weissrussland\/"},"author":{"name":"rtnews","@id":"https:\/\/now-news.de\/de\/#\/schema\/person\/fb534a4e865501d8b3285208df34a9b5"},"headline":"&quot;Sicheres Podlachien&quot;: Polen stationiert neue Infanteriedivision an Grenze zu Wei\u00dfrussland","datePublished":"2024-07-31T12:01:08+00:00","dateModified":"2024-07-31T12:01:08+00:00","mainEntityOfPage":{"@id":"https:\/\/now-news.de\/de\/deutschland\/sicheres-podlachien-polen-stationiert-neue-infanteriedivision-an-grenze-zu-weissrussland\/"},"wordCount":541,"commentCount":0,"publisher":{"@id":"https:\/\/now-news.de\/de\/#organization"},"image":{"@id":"https:\/\/now-news.de\/de\/deutschland\/sicheres-podlachien-polen-stationiert-neue-infanteriedivision-an-grenze-zu-weissrussland\/#primaryimage"},"thumbnailUrl":"https:\/\/now-news.de\/de\/wp-content\/uploads\/sites\/3\/2024\/07\/quotSicheres-Podlachienquot-Polen-stationiert-neue-Infanteriedivision-an-Grenze-zu-Weissrussland.jpg","keywords":["Grenze","Infanteriedivision","NEUE","Podlachienquot","Polen","quotSicheres","stationiert","Wei\u00dfrussland"],"articleSection":["Deutschland","Russland"],"inLanguage":"de","potentialAction":[{"@type":"CommentAction","name":"Comment","target":["https:\/\/now-news.de\/de\/deutschland\/sicheres-podlachien-polen-stationiert-neue-infanteriedivision-an-grenze-zu-weissrussland\/#respond"]}]},{"@type":"WebPage","@id":"https:\/\/now-news.de\/de\/deutschland\/sicheres-podlachien-polen-stationiert-neue-infanteriedivision-an-grenze-zu-weissrussland\/","url":"https:\/\/now-news.de\/de\/deutschland\/sicheres-podlachien-polen-stationiert-neue-infanteriedivision-an-grenze-zu-weissrussland\/","name":"&quot;Sicheres Podlachien&quot;: Polen stationiert neue Infanteriedivision an Grenze zu Wei\u00dfrussland - just-now.NEWS Deutschland","isPartOf":{"@id":"https:\/\/now-news.de\/de\/#website"},"primaryImageOfPage":{"@id":"https:\/\/now-news.de\/de\/deutschland\/sicheres-podlachien-polen-stationiert-neue-infanteriedivision-an-grenze-zu-weissrussland\/#primaryimage"},"image":{"@id":"https:\/\/now-news.de\/de\/deutschland\/sicheres-podlachien-polen-stationiert-neue-infanteriedivision-an-grenze-zu-weissrussland\/#primaryimage"},"thumbnailUrl":"https:\/\/now-news.de\/de\/wp-content\/uploads\/sites\/3\/2024\/07\/quotSicheres-Podlachienquot-Polen-stationiert-neue-Infanteriedivision-an-Grenze-zu-Weissrussland.jpg","datePublished":"2024-07-31T12:01:08+00:00","dateModified":"2024-07-31T12:01:08+00:00","breadcrumb":{"@id":"https:\/\/now-news.de\/de\/deutschland\/sicheres-podlachien-polen-stationiert-neue-infanteriedivision-an-grenze-zu-weissrussland\/#breadcrumb"},"inLanguage":"de","potentialAction":[{"@type":"ReadAction","target":["https:\/\/now-news.de\/de\/deutschland\/sicheres-podlachien-polen-stationiert-neue-infanteriedivision-an-grenze-zu-weissrussland\/"]}]},{"@type":"ImageObject","inLanguage":"de","@id":"https:\/\/now-news.de\/de\/deutschland\/sicheres-podlachien-polen-stationiert-neue-infanteriedivision-an-grenze-zu-weissrussland\/#primaryimage","url":"https:\/\/now-news.de\/de\/wp-content\/uploads\/sites\/3\/2024\/07\/quotSicheres-Podlachienquot-Polen-stationiert-neue-Infanteriedivision-an-Grenze-zu-Weissrussland.jpg","contentUrl":"https:\/\/now-news.de\/de\/wp-content\/uploads\/sites\/3\/2024\/07\/quotSicheres-Podlachienquot-Polen-stationiert-neue-Infanteriedivision-an-Grenze-zu-Weissrussland.jpg","width":460,"height":259,"caption":"&quot;Sicheres Podlachien&quot;: Polen stationiert neue Infanteriedivision an Grenze zu Wei\u00dfrussland"},{"@type":"BreadcrumbList","@id":"https:\/\/now-news.de\/de\/deutschland\/sicheres-podlachien-polen-stationiert-neue-infanteriedivision-an-grenze-zu-weissrussland\/#breadcrumb","itemListElement":[{"@type":"ListItem","position":1,"name":"Home","item":"https:\/\/now-news.de\/de\/"},{"@type":"ListItem","position":2,"name":"&quot;Sicheres Podlachien&quot;: Polen stationiert neue Infanteriedivision an Grenze zu Wei\u00dfrussland"}]},{"@type":"WebSite","@id":"https:\/\/now-news.de\/de\/#website","url":"https:\/\/now-news.de\/de\/","name":"just-now.NEWS Deutschland","description":"Das Portal f\u00fcr unzensierte Nachrichten aus der Welt","publisher":{"@id":"https:\/\/now-news.de\/de\/#organization"},"potentialAction":[{"@type":"SearchAction","target":{"@type":"EntryPoint","urlTemplate":"https:\/\/now-news.de\/de\/?s={search_term_string}"},"query-input":"required name=search_term_string"}],"inLanguage":"de"},{"@type":"Organization","@id":"https:\/\/now-news.de\/de\/#organization","name":"Just Now News","url":"https:\/\/now-news.de\/de\/","logo":{"@type":"ImageObject","inLanguage":"de","@id":"https:\/\/now-news.de\/de\/#\/schema\/logo\/image\/","url":"http:\/\/just-now.news\/de\/wp-content\/uploads\/sites\/3\/2022\/04\/logo500x500.jpg","contentUrl":"http:\/\/just-now.news\/de\/wp-content\/uploads\/sites\/3\/2022\/04\/logo500x500.jpg","width":500,"height":500,"caption":"Just Now News"},"image":{"@id":"https:\/\/now-news.de\/de\/#\/schema\/logo\/image\/"},"sameAs":["https:\/\/www.facebook.com\/wirmachenauf","https:\/\/x.com\/WirMachenAuf_de"]},{"@type":"Person","@id":"https:\/\/now-news.de\/de\/#\/schema\/person\/fb534a4e865501d8b3285208df34a9b5","name":"rtnews","image":{"@type":"ImageObject","inLanguage":"de","@id":"https:\/\/now-news.de\/de\/#\/schema\/person\/image\/","url":"https:\/\/secure.gravatar.com\/avatar\/82aafea7d8127119dd649515f56e2117?s=96&d=mm&r=g","contentUrl":"https:\/\/secure.gravatar.com\/avatar\/82aafea7d8127119dd649515f56e2117?s=96&d=mm&r=g","caption":"rtnews"},"url":"https:\/\/now-news.de\/de\/author\/rnews\/"}]}},"_links":{"self":[{"href":"https:\/\/now-news.de\/de\/wp-json\/wp\/v2\/posts\/65838"}],"collection":[{"href":"https:\/\/now-news.de\/de\/wp-json\/wp\/v2\/posts"}],"about":[{"href":"https:\/\/now-news.de\/de\/wp-json\/wp\/v2\/types\/post"}],"author":[{"embeddable":true,"href":"https:\/\/now-news.de\/de\/wp-json\/wp\/v2\/users\/3"}],"replies":[{"embeddable":true,"href":"https:\/\/now-news.de\/de\/wp-json\/wp\/v2\/comments?post=65838"}],"version-history":[{"count":0,"href":"https:\/\/now-news.de\/de\/wp-json\/wp\/v2\/posts\/65838\/revisions"}],"wp:featuredmedia":[{"embeddable":true,"href":"https:\/\/now-news.de\/de\/wp-json\/wp\/v2\/media\/65839"}],"wp:attachment":[{"href":"https:\/\/now-news.de\/de\/wp-json\/wp\/v2\/media?parent=65838"}],"wp:term":[{"taxonomy":"category","embeddable":true,"href":"https:\/\/now-news.de\/de\/wp-json\/wp\/v2\/categories?post=65838"},{"taxonomy":"post_tag","embeddable":true,"href":"https:\/\/now-news.de\/de\/wp-json\/wp\/v2\/tags?post=65838"}],"curies":[{"name":"wp","href":"https:\/\/api.w.org\/{rel}","templated":true}]}}