{"id":65832,"date":"2024-07-31T13:21:28","date_gmt":"2024-07-31T11:21:28","guid":{"rendered":"https:\/\/now-news.de\/de\/deutschland\/moskau-verurteilt-mord-an-hamas-chef-haniyeh\/"},"modified":"2024-07-31T13:21:28","modified_gmt":"2024-07-31T11:21:28","slug":"moskau-verurteilt-mord-an-hamas-chef-haniyeh","status":"publish","type":"post","link":"https:\/\/now-news.de\/de\/deutschland\/moskau-verurteilt-mord-an-hamas-chef-haniyeh\/","title":{"rendered":"Moskau verurteilt Mord an Hamas-Chef Haniyeh"},"content":{"rendered":"<p><img decoding=\"async\" src=\"https:\/\/now-news.de\/de\/wp-content\/uploads\/sites\/3\/2024\/07\/66aa12b4b480cc17ba13b337.jpg\" \/><\/p>\n<div class=\"Text-root Text-type_1 \">\n                Der Mord an Hamas-Chef Ismail Haniyeh ist ein politischer Mord, den Russland entschieden verurteilt, erkl\u00e4rt das Au\u00dfenministerium in Moskau. Das Attentat werde negative Auswirkungen auf die Bem\u00fchungen um einen Waffenstillstand im Gazastreifen zur Folge haben.\n            <\/div>\n<p><\/p>\n<div class=\"Text-root Text-type_5 ArticleView-text ViewText-root \">\n<p>Moskau verurteilt den Mord an Ismail Haniyeh, dem politischen F\u00fchrer der\u00a0Hamas. Das russische Au\u00dfenministerium betont in einer Erkl\u00e4rung, dass Haniyeh\u00a0w\u00e4hrend eines Besuches\u00a0im Iran get\u00f6tet wurde, wo er an der Amtseinf\u00fchrung des Pr\u00e4sidenten der islamischen Republik, Massud Peseschkian, teilnehmen wollte.<\/p>\n<p>Das Ministerium bezeichnet den Vorfall als politischen\u00a0Mord. Die Organisatoren hinter dem Attentat seien sich der\u00a0gef\u00e4hrlichen Folgen f\u00fcr die gesamte Region bewusst gewesen. Der Mord an Haniyeh werde sich \u00e4u\u00dferst negativ auf\u00a0die Vermittlungen zwischen der Hamas und Israel auswirken, in deren Rahmen die f\u00fcr beide Seiten akzeptablen Bedingungen f\u00fcr einen Waffenstillstand im Gazastreifen ausgehandelt w\u00fcrden.<\/p>\n<p>Russland\u00a0appelliert erneut an alle\u00a0Konfliktparteien, sich zur\u00fcckzuhalten und keine Schritte zu unternehmen, die zu einer dramatischen\u00a0Versch\u00e4rfung der Sicherheitslage in der Region f\u00fchren und eine gro\u00df angelegte bewaffnete Konfrontation ausl\u00f6sen k\u00f6nnten.<\/p>\n<p>Ismail Haniyeh war\u00a0am Mittwochmorgen in seiner Residenz in\u00a0Teheran bei einem Raketenangriff get\u00f6tet worden. Hamas macht Israel f\u00fcr das Attentat verantwortlich.<\/p>\n<p><strong>Mehr zum Thema\u00a0\u2013<\/strong>\u00a0<a rel=\"nofollow noopener\" target=\"_blank\" href=\"https:\/\/freedert.online\/der-nahe-osten\/214116-hamas-chef-ismail-haniyeh-wurde\/\">Hamas-Chef Ismail Haniyeh bei Attentat in Teheran get\u00f6tet<\/a><\/p>\n<div class=\"EmbedBlock-root EmbedBlock-externalVideo EmbedBlock-odysee\">\n<div class=\"VkEmbed\"><iframe class=\"lazyload\" data-src=\"https:\/\/odysee.com\/%24\/embed\/%40RTDE%3Ae%2FUS-Journalist--Das-heutige-Regime-in-Berlin-ist-in-vielerlei-Hinsicht-eine-Fortsetzung-des-Nazi-Regimes%3Aa\" frameborder=\"0\" width=\"853\" height=\"480\" allowfullscreen><\/iframe><\/div>\n<\/div>\n<\/div>\n<p><br \/>\n<br \/><a href=\"https:\/\/de.rt.com\/international\/214156-russland-verurteilt-entschieden-ermordung\/\">Source link <\/a><\/p>\n","protected":false},"excerpt":{"rendered":"<p>Der Mord an Hamas-Chef Ismail Haniyeh ist ein politischer Mord, den Russland entschieden verurteilt, erkl\u00e4rt das Au\u00dfenministerium in Moskau. Das Attentat werde negative Auswirkungen auf die Bem\u00fchungen um einen Waffenstillstand im Gazastreifen zur Folge haben. Moskau verurteilt den Mord an Ismail Haniyeh, dem politischen F\u00fchrer der\u00a0Hamas. Das russische Au\u00dfenministerium betont in einer Erkl\u00e4rung, dass Haniyeh\u00a0w\u00e4hrend [&hellip;]<\/p>\n","protected":false},"author":3,"featured_media":65833,"comment_status":"open","ping_status":"open","sticky":false,"template":"","format":"standard","meta":{"_yoast_indexnow_last_ping":["1722425245"],"wp_automatic_camp":["217"],"823efc5c36521cf41d97301ebdc46be0":["Moskau verurteilt Mord an Hamas-Chef Haniyeh"],"original_link":["https:\/\/de.rt.com\/international\/214156-russland-verurteilt-entschieden-ermordung\/"],"_thumbnail_id":["65833"],"jnews_social_counter_last_update":["1777352052"],"_wptgpro_p2tg_sent2tg":["a:1:{i:23737;s:19:\"2024-07-31 13:28:27\";}"]},"categories":[19,23],"tags":[27200,57122,1091,946,2006],"yoast_head":"<!-- This site is optimized with the Yoast SEO Premium plugin v22.7 (Yoast SEO v22.7) - https:\/\/yoast.com\/wordpress\/plugins\/seo\/ -->\n<title>Moskau verurteilt Mord an Hamas-Chef Haniyeh - just-now.NEWS Deutschland<\/title>\n<meta name=\"robots\" content=\"index, follow, max-snippet:-1, max-image-preview:large, max-video-preview:-1\" \/>\n<link rel=\"canonical\" href=\"https:\/\/now-news.de\/de\/deutschland\/moskau-verurteilt-mord-an-hamas-chef-haniyeh\/\" \/>\n<meta property=\"og:locale\" content=\"de_DE\" \/>\n<meta property=\"og:type\" content=\"article\" \/>\n<meta property=\"og:title\" content=\"Moskau verurteilt Mord an Hamas-Chef Haniyeh\" \/>\n<meta property=\"og:description\" content=\"Der Mord an Hamas-Chef Ismail Haniyeh ist ein politischer Mord, den Russland entschieden verurteilt, erkl\u00e4rt das Au\u00dfenministerium in Moskau. Das Attentat werde negative Auswirkungen auf die Bem\u00fchungen um einen Waffenstillstand im Gazastreifen zur Folge haben. Moskau verurteilt den Mord an Ismail Haniyeh, dem politischen F\u00fchrer der\u00a0Hamas. Das russische Au\u00dfenministerium betont in einer Erkl\u00e4rung, dass Haniyeh\u00a0w\u00e4hrend [&hellip;]\" \/>\n<meta property=\"og:url\" content=\"https:\/\/now-news.de\/de\/deutschland\/moskau-verurteilt-mord-an-hamas-chef-haniyeh\/\" \/>\n<meta property=\"og:site_name\" content=\"just-now.NEWS Deutschland\" \/>\n<meta property=\"article:publisher\" content=\"https:\/\/www.facebook.com\/wirmachenauf\" \/>\n<meta property=\"article:published_time\" content=\"2024-07-31T11:21:28+00:00\" \/>\n<meta property=\"og:image\" content=\"https:\/\/now-news.de\/de\/wp-content\/uploads\/sites\/3\/2024\/07\/66aa12b4b480cc17ba13b337.jpg\" \/>\n<meta name=\"author\" content=\"rtnews\" \/>\n<meta name=\"twitter:card\" content=\"summary_large_image\" \/>\n<meta name=\"twitter:creator\" content=\"@WirMachenAuf_de\" \/>\n<meta name=\"twitter:site\" content=\"@WirMachenAuf_de\" \/>\n<meta name=\"twitter:label1\" content=\"Verfasst von\" \/>\n\t<meta name=\"twitter:data1\" content=\"rtnews\" \/>\n\t<meta name=\"twitter:label2\" content=\"Gesch\u00e4tzte Lesezeit\" \/>\n\t<meta name=\"twitter:data2\" content=\"1\u00a0Minute\" \/>\n<script type=\"application\/ld+json\" class=\"yoast-schema-graph\">{\"@context\":\"https:\/\/schema.org\",\"@graph\":[{\"@type\":\"Article\",\"@id\":\"https:\/\/now-news.de\/de\/deutschland\/moskau-verurteilt-mord-an-hamas-chef-haniyeh\/#article\",\"isPartOf\":{\"@id\":\"https:\/\/now-news.de\/de\/deutschland\/moskau-verurteilt-mord-an-hamas-chef-haniyeh\/\"},\"author\":{\"name\":\"rtnews\",\"@id\":\"https:\/\/now-news.de\/de\/#\/schema\/person\/fb534a4e865501d8b3285208df34a9b5\"},\"headline\":\"Moskau verurteilt Mord an Hamas-Chef Haniyeh\",\"datePublished\":\"2024-07-31T11:21:28+00:00\",\"dateModified\":\"2024-07-31T11:21:28+00:00\",\"mainEntityOfPage\":{\"@id\":\"https:\/\/now-news.de\/de\/deutschland\/moskau-verurteilt-mord-an-hamas-chef-haniyeh\/\"},\"wordCount\":232,\"commentCount\":0,\"publisher\":{\"@id\":\"https:\/\/now-news.de\/de\/#organization\"},\"image\":{\"@id\":\"https:\/\/now-news.de\/de\/deutschland\/moskau-verurteilt-mord-an-hamas-chef-haniyeh\/#primaryimage\"},\"thumbnailUrl\":\"https:\/\/now-news.de\/de\/wp-content\/uploads\/sites\/3\/2024\/07\/Moskau-verurteilt-Mord-an-Hamas-Chef-Haniyeh.jpg\",\"keywords\":[\"HamasChef\",\"Haniyeh\",\"Mord\",\"Moskau\",\"verurteilt\"],\"articleSection\":[\"Deutschland\",\"Russland\"],\"inLanguage\":\"de\",\"potentialAction\":[{\"@type\":\"CommentAction\",\"name\":\"Comment\",\"target\":[\"https:\/\/now-news.de\/de\/deutschland\/moskau-verurteilt-mord-an-hamas-chef-haniyeh\/#respond\"]}]},{\"@type\":\"WebPage\",\"@id\":\"https:\/\/now-news.de\/de\/deutschland\/moskau-verurteilt-mord-an-hamas-chef-haniyeh\/\",\"url\":\"https:\/\/now-news.de\/de\/deutschland\/moskau-verurteilt-mord-an-hamas-chef-haniyeh\/\",\"name\":\"Moskau verurteilt Mord an Hamas-Chef Haniyeh - just-now.NEWS Deutschland\",\"isPartOf\":{\"@id\":\"https:\/\/now-news.de\/de\/#website\"},\"primaryImageOfPage\":{\"@id\":\"https:\/\/now-news.de\/de\/deutschland\/moskau-verurteilt-mord-an-hamas-chef-haniyeh\/#primaryimage\"},\"image\":{\"@id\":\"https:\/\/now-news.de\/de\/deutschland\/moskau-verurteilt-mord-an-hamas-chef-haniyeh\/#primaryimage\"},\"thumbnailUrl\":\"https:\/\/now-news.de\/de\/wp-content\/uploads\/sites\/3\/2024\/07\/Moskau-verurteilt-Mord-an-Hamas-Chef-Haniyeh.jpg\",\"datePublished\":\"2024-07-31T11:21:28+00:00\",\"dateModified\":\"2024-07-31T11:21:28+00:00\",\"breadcrumb\":{\"@id\":\"https:\/\/now-news.de\/de\/deutschland\/moskau-verurteilt-mord-an-hamas-chef-haniyeh\/#breadcrumb\"},\"inLanguage\":\"de\",\"potentialAction\":[{\"@type\":\"ReadAction\",\"target\":[\"https:\/\/now-news.de\/de\/deutschland\/moskau-verurteilt-mord-an-hamas-chef-haniyeh\/\"]}]},{\"@type\":\"ImageObject\",\"inLanguage\":\"de\",\"@id\":\"https:\/\/now-news.de\/de\/deutschland\/moskau-verurteilt-mord-an-hamas-chef-haniyeh\/#primaryimage\",\"url\":\"https:\/\/now-news.de\/de\/wp-content\/uploads\/sites\/3\/2024\/07\/Moskau-verurteilt-Mord-an-Hamas-Chef-Haniyeh.jpg\",\"contentUrl\":\"https:\/\/now-news.de\/de\/wp-content\/uploads\/sites\/3\/2024\/07\/Moskau-verurteilt-Mord-an-Hamas-Chef-Haniyeh.jpg\",\"width\":460,\"height\":259,\"caption\":\"Moskau verurteilt Mord an Hamas-Chef Haniyeh\"},{\"@type\":\"BreadcrumbList\",\"@id\":\"https:\/\/now-news.de\/de\/deutschland\/moskau-verurteilt-mord-an-hamas-chef-haniyeh\/#breadcrumb\",\"itemListElement\":[{\"@type\":\"ListItem\",\"position\":1,\"name\":\"Home\",\"item\":\"https:\/\/now-news.de\/de\/\"},{\"@type\":\"ListItem\",\"position\":2,\"name\":\"Moskau verurteilt Mord an Hamas-Chef Haniyeh\"}]},{\"@type\":\"WebSite\",\"@id\":\"https:\/\/now-news.de\/de\/#website\",\"url\":\"https:\/\/now-news.de\/de\/\",\"name\":\"just-now.NEWS Deutschland\",\"description\":\"Das Portal f\u00fcr unzensierte Nachrichten aus der Welt\",\"publisher\":{\"@id\":\"https:\/\/now-news.de\/de\/#organization\"},\"potentialAction\":[{\"@type\":\"SearchAction\",\"target\":{\"@type\":\"EntryPoint\",\"urlTemplate\":\"https:\/\/now-news.de\/de\/?s={search_term_string}\"},\"query-input\":\"required name=search_term_string\"}],\"inLanguage\":\"de\"},{\"@type\":\"Organization\",\"@id\":\"https:\/\/now-news.de\/de\/#organization\",\"name\":\"Just Now News\",\"url\":\"https:\/\/now-news.de\/de\/\",\"logo\":{\"@type\":\"ImageObject\",\"inLanguage\":\"de\",\"@id\":\"https:\/\/now-news.de\/de\/#\/schema\/logo\/image\/\",\"url\":\"http:\/\/just-now.news\/de\/wp-content\/uploads\/sites\/3\/2022\/04\/logo500x500.jpg\",\"contentUrl\":\"http:\/\/just-now.news\/de\/wp-content\/uploads\/sites\/3\/2022\/04\/logo500x500.jpg\",\"width\":500,\"height\":500,\"caption\":\"Just Now News\"},\"image\":{\"@id\":\"https:\/\/now-news.de\/de\/#\/schema\/logo\/image\/\"},\"sameAs\":[\"https:\/\/www.facebook.com\/wirmachenauf\",\"https:\/\/x.com\/WirMachenAuf_de\"]},{\"@type\":\"Person\",\"@id\":\"https:\/\/now-news.de\/de\/#\/schema\/person\/fb534a4e865501d8b3285208df34a9b5\",\"name\":\"rtnews\",\"image\":{\"@type\":\"ImageObject\",\"inLanguage\":\"de\",\"@id\":\"https:\/\/now-news.de\/de\/#\/schema\/person\/image\/\",\"url\":\"https:\/\/secure.gravatar.com\/avatar\/82aafea7d8127119dd649515f56e2117?s=96&d=mm&r=g\",\"contentUrl\":\"https:\/\/secure.gravatar.com\/avatar\/82aafea7d8127119dd649515f56e2117?s=96&d=mm&r=g\",\"caption\":\"rtnews\"},\"url\":\"https:\/\/now-news.de\/de\/author\/rnews\/\"}]}<\/script>\n<!-- \/ Yoast SEO Premium plugin. -->","yoast_head_json":{"title":"Moskau verurteilt Mord an Hamas-Chef Haniyeh - just-now.NEWS Deutschland","robots":{"index":"index","follow":"follow","max-snippet":"max-snippet:-1","max-image-preview":"max-image-preview:large","max-video-preview":"max-video-preview:-1"},"canonical":"https:\/\/now-news.de\/de\/deutschland\/moskau-verurteilt-mord-an-hamas-chef-haniyeh\/","og_locale":"de_DE","og_type":"article","og_title":"Moskau verurteilt Mord an Hamas-Chef Haniyeh","og_description":"Der Mord an Hamas-Chef Ismail Haniyeh ist ein politischer Mord, den Russland entschieden verurteilt, erkl\u00e4rt das Au\u00dfenministerium in Moskau. Das Attentat werde negative Auswirkungen auf die Bem\u00fchungen um einen Waffenstillstand im Gazastreifen zur Folge haben. Moskau verurteilt den Mord an Ismail Haniyeh, dem politischen F\u00fchrer der\u00a0Hamas. Das russische Au\u00dfenministerium betont in einer Erkl\u00e4rung, dass Haniyeh\u00a0w\u00e4hrend [&hellip;]","og_url":"https:\/\/now-news.de\/de\/deutschland\/moskau-verurteilt-mord-an-hamas-chef-haniyeh\/","og_site_name":"just-now.NEWS Deutschland","article_publisher":"https:\/\/www.facebook.com\/wirmachenauf","article_published_time":"2024-07-31T11:21:28+00:00","og_image":[{"url":"https:\/\/now-news.de\/de\/wp-content\/uploads\/sites\/3\/2024\/07\/66aa12b4b480cc17ba13b337.jpg"}],"author":"rtnews","twitter_card":"summary_large_image","twitter_creator":"@WirMachenAuf_de","twitter_site":"@WirMachenAuf_de","twitter_misc":{"Verfasst von":"rtnews","Gesch\u00e4tzte Lesezeit":"1\u00a0Minute"},"schema":{"@context":"https:\/\/schema.org","@graph":[{"@type":"Article","@id":"https:\/\/now-news.de\/de\/deutschland\/moskau-verurteilt-mord-an-hamas-chef-haniyeh\/#article","isPartOf":{"@id":"https:\/\/now-news.de\/de\/deutschland\/moskau-verurteilt-mord-an-hamas-chef-haniyeh\/"},"author":{"name":"rtnews","@id":"https:\/\/now-news.de\/de\/#\/schema\/person\/fb534a4e865501d8b3285208df34a9b5"},"headline":"Moskau verurteilt Mord an Hamas-Chef Haniyeh","datePublished":"2024-07-31T11:21:28+00:00","dateModified":"2024-07-31T11:21:28+00:00","mainEntityOfPage":{"@id":"https:\/\/now-news.de\/de\/deutschland\/moskau-verurteilt-mord-an-hamas-chef-haniyeh\/"},"wordCount":232,"commentCount":0,"publisher":{"@id":"https:\/\/now-news.de\/de\/#organization"},"image":{"@id":"https:\/\/now-news.de\/de\/deutschland\/moskau-verurteilt-mord-an-hamas-chef-haniyeh\/#primaryimage"},"thumbnailUrl":"https:\/\/now-news.de\/de\/wp-content\/uploads\/sites\/3\/2024\/07\/Moskau-verurteilt-Mord-an-Hamas-Chef-Haniyeh.jpg","keywords":["HamasChef","Haniyeh","Mord","Moskau","verurteilt"],"articleSection":["Deutschland","Russland"],"inLanguage":"de","potentialAction":[{"@type":"CommentAction","name":"Comment","target":["https:\/\/now-news.de\/de\/deutschland\/moskau-verurteilt-mord-an-hamas-chef-haniyeh\/#respond"]}]},{"@type":"WebPage","@id":"https:\/\/now-news.de\/de\/deutschland\/moskau-verurteilt-mord-an-hamas-chef-haniyeh\/","url":"https:\/\/now-news.de\/de\/deutschland\/moskau-verurteilt-mord-an-hamas-chef-haniyeh\/","name":"Moskau verurteilt Mord an Hamas-Chef Haniyeh - just-now.NEWS Deutschland","isPartOf":{"@id":"https:\/\/now-news.de\/de\/#website"},"primaryImageOfPage":{"@id":"https:\/\/now-news.de\/de\/deutschland\/moskau-verurteilt-mord-an-hamas-chef-haniyeh\/#primaryimage"},"image":{"@id":"https:\/\/now-news.de\/de\/deutschland\/moskau-verurteilt-mord-an-hamas-chef-haniyeh\/#primaryimage"},"thumbnailUrl":"https:\/\/now-news.de\/de\/wp-content\/uploads\/sites\/3\/2024\/07\/Moskau-verurteilt-Mord-an-Hamas-Chef-Haniyeh.jpg","datePublished":"2024-07-31T11:21:28+00:00","dateModified":"2024-07-31T11:21:28+00:00","breadcrumb":{"@id":"https:\/\/now-news.de\/de\/deutschland\/moskau-verurteilt-mord-an-hamas-chef-haniyeh\/#breadcrumb"},"inLanguage":"de","potentialAction":[{"@type":"ReadAction","target":["https:\/\/now-news.de\/de\/deutschland\/moskau-verurteilt-mord-an-hamas-chef-haniyeh\/"]}]},{"@type":"ImageObject","inLanguage":"de","@id":"https:\/\/now-news.de\/de\/deutschland\/moskau-verurteilt-mord-an-hamas-chef-haniyeh\/#primaryimage","url":"https:\/\/now-news.de\/de\/wp-content\/uploads\/sites\/3\/2024\/07\/Moskau-verurteilt-Mord-an-Hamas-Chef-Haniyeh.jpg","contentUrl":"https:\/\/now-news.de\/de\/wp-content\/uploads\/sites\/3\/2024\/07\/Moskau-verurteilt-Mord-an-Hamas-Chef-Haniyeh.jpg","width":460,"height":259,"caption":"Moskau verurteilt Mord an Hamas-Chef Haniyeh"},{"@type":"BreadcrumbList","@id":"https:\/\/now-news.de\/de\/deutschland\/moskau-verurteilt-mord-an-hamas-chef-haniyeh\/#breadcrumb","itemListElement":[{"@type":"ListItem","position":1,"name":"Home","item":"https:\/\/now-news.de\/de\/"},{"@type":"ListItem","position":2,"name":"Moskau verurteilt Mord an Hamas-Chef Haniyeh"}]},{"@type":"WebSite","@id":"https:\/\/now-news.de\/de\/#website","url":"https:\/\/now-news.de\/de\/","name":"just-now.NEWS Deutschland","description":"Das Portal f\u00fcr unzensierte Nachrichten aus der Welt","publisher":{"@id":"https:\/\/now-news.de\/de\/#organization"},"potentialAction":[{"@type":"SearchAction","target":{"@type":"EntryPoint","urlTemplate":"https:\/\/now-news.de\/de\/?s={search_term_string}"},"query-input":"required name=search_term_string"}],"inLanguage":"de"},{"@type":"Organization","@id":"https:\/\/now-news.de\/de\/#organization","name":"Just Now News","url":"https:\/\/now-news.de\/de\/","logo":{"@type":"ImageObject","inLanguage":"de","@id":"https:\/\/now-news.de\/de\/#\/schema\/logo\/image\/","url":"http:\/\/just-now.news\/de\/wp-content\/uploads\/sites\/3\/2022\/04\/logo500x500.jpg","contentUrl":"http:\/\/just-now.news\/de\/wp-content\/uploads\/sites\/3\/2022\/04\/logo500x500.jpg","width":500,"height":500,"caption":"Just Now News"},"image":{"@id":"https:\/\/now-news.de\/de\/#\/schema\/logo\/image\/"},"sameAs":["https:\/\/www.facebook.com\/wirmachenauf","https:\/\/x.com\/WirMachenAuf_de"]},{"@type":"Person","@id":"https:\/\/now-news.de\/de\/#\/schema\/person\/fb534a4e865501d8b3285208df34a9b5","name":"rtnews","image":{"@type":"ImageObject","inLanguage":"de","@id":"https:\/\/now-news.de\/de\/#\/schema\/person\/image\/","url":"https:\/\/secure.gravatar.com\/avatar\/82aafea7d8127119dd649515f56e2117?s=96&d=mm&r=g","contentUrl":"https:\/\/secure.gravatar.com\/avatar\/82aafea7d8127119dd649515f56e2117?s=96&d=mm&r=g","caption":"rtnews"},"url":"https:\/\/now-news.de\/de\/author\/rnews\/"}]}},"_links":{"self":[{"href":"https:\/\/now-news.de\/de\/wp-json\/wp\/v2\/posts\/65832"}],"collection":[{"href":"https:\/\/now-news.de\/de\/wp-json\/wp\/v2\/posts"}],"about":[{"href":"https:\/\/now-news.de\/de\/wp-json\/wp\/v2\/types\/post"}],"author":[{"embeddable":true,"href":"https:\/\/now-news.de\/de\/wp-json\/wp\/v2\/users\/3"}],"replies":[{"embeddable":true,"href":"https:\/\/now-news.de\/de\/wp-json\/wp\/v2\/comments?post=65832"}],"version-history":[{"count":0,"href":"https:\/\/now-news.de\/de\/wp-json\/wp\/v2\/posts\/65832\/revisions"}],"wp:featuredmedia":[{"embeddable":true,"href":"https:\/\/now-news.de\/de\/wp-json\/wp\/v2\/media\/65833"}],"wp:attachment":[{"href":"https:\/\/now-news.de\/de\/wp-json\/wp\/v2\/media?parent=65832"}],"wp:term":[{"taxonomy":"category","embeddable":true,"href":"https:\/\/now-news.de\/de\/wp-json\/wp\/v2\/categories?post=65832"},{"taxonomy":"post_tag","embeddable":true,"href":"https:\/\/now-news.de\/de\/wp-json\/wp\/v2\/tags?post=65832"}],"curies":[{"name":"wp","href":"https:\/\/api.w.org\/{rel}","templated":true}]}}