{"id":65763,"date":"2024-07-30T13:01:03","date_gmt":"2024-07-30T11:01:03","guid":{"rendered":"https:\/\/now-news.de\/de\/deutschland\/china-im-fokus-deutsche-luftwaffe-beteiligt-sich-an-militaermanoever-in-australien\/"},"modified":"2024-07-30T13:01:03","modified_gmt":"2024-07-30T11:01:03","slug":"china-im-fokus-deutsche-luftwaffe-beteiligt-sich-an-militaermanoever-in-australien","status":"publish","type":"post","link":"https:\/\/now-news.de\/de\/deutschland\/china-im-fokus-deutsche-luftwaffe-beteiligt-sich-an-militaermanoever-in-australien\/","title":{"rendered":"China im Fokus: Deutsche Luftwaffe beteiligt sich an Milit\u00e4rman\u00f6ver in Australien"},"content":{"rendered":"<p><img decoding=\"async\" src=\"https:\/\/now-news.de\/de\/wp-content\/uploads\/sites\/3\/2024\/07\/66a8c06048fbef7e16651081.jpg\" \/><\/p>\n<div class=\"Text-root Text-type_1 \">\n                Die Bundeswehr nimmt in dieser Woche an einem Milit\u00e4rman\u00f6ver in Australien teil. Ziel ist die St\u00e4rkung einer Allianz gegen China. Von US-Basen in Australien k\u00f6nnen Langstreckenbomber in Richtung China starten. Auch die NATO intensiviert ihre Kontakte in der Region. China protestiert.\n            <\/div>\n<p><\/p>\n<div class=\"Text-root Text-type_5 ArticleView-text ViewText-root \">\n<p>In dieser Woche nimmt die deutsche Luftwaffe zum zweiten Mal am Man\u00f6ver &#8220;Pitch Black&#8221; in Australien teil. Australiens Milit\u00e4r \u00fcbt unter diesem Namen bereits seit den achtziger Jahren. Inzwischen hat sich das j\u00e4hrlich abgehaltene Man\u00f6ver jedoch zu einer internationalen Milit\u00e4r\u00fcbung einer anti-chinesischen Allianz entwickelt. Da darf Deutschland nicht fehlen.\u00a0<\/p>\n<p>Wie der auf deutsche Au\u00dfenpolitik spezialisierte Blog <em>German-Foreig-Policy<\/em>\u00a0<a rel=\"nofollow noopener\" target=\"_blank\" href=\"https:\/\/www.german-foreign-policy.com\/news\/detail\/9634\">berichtet<\/a>, wird in diesem Jahr der US-gef\u00fchrte Angriff auf ein fiktives Land ge\u00fcbt, das vor allem \u00fcber russische Milit\u00e4rtechnik verf\u00fcgt. Ziel der \u00dcbung ist die milit\u00e4rische Befreiung eines rohstoffreichen, besetzten Gebietes. Ge\u00fcbt wird im Norden Australiens, in die \u00dcbung integriert sind die US-Luftwaffenst\u00fctzpunkte Darwin und Tindal, denen in den US-Planungen f\u00fcr einen m\u00f6glichen Krieg gegen China besondere Bedeutung zukommt. Von den beiden St\u00fctzpunkten k\u00f6nnen atomwaffenf\u00e4hige US-Langstreckenbomber zu Angriffen auf China starten.\u00a0<\/p>\n<p>Dabei scheint die Pr\u00e4senz der Bundeswehr nur die Vorhut f\u00fcr die NATO zu bilden, die ihre Ausweitung in Richtung Indopazifik plant. Auf ihrem Gipfeltreffen in Washington gab die NATO Pl\u00e4ne f\u00fcr eine Intensivierung der Zusammenarbeit mit Australien, Neuseeland, Japan und S\u00fcdkorea bekannt. Als Zeichen der sich vertiefenden Kooperation mit den L\u00e4ndern des Asien-Pazifik-Raums waren die Staatschefs zu dem Gipfel eingeladen.\u00a0<\/p>\n<p>China sei weiterhin kein Gegner, aber eine Herausforderung f\u00fcr die Werte, Interessen und die Sicherheit der NATO-Staaten, sagte NATO-Generalsekret\u00e4r Jens Stoltenberg. Peking bezeichnet die Aktivit\u00e4ten der NATO als &#8220;Aufhetzung&#8221;.\u00a0Die chinesische Regierung\u00a0macht die NATO f\u00fcr die wachsende Instabilit\u00e4t in der Welt mitverantwortlich.\u00a0<\/p>\n<p><strong>Mehr zum Thema<\/strong>\u00a0\u2013 <a rel=\"nofollow noopener\" target=\"_blank\" href=\"https:\/\/freedert.online\/international\/213945-medien-brics-ueberholt-durch-schnelle\/\">Medien: BRICS \u00fcberholt durch schnelle Expansion alle westlichen B\u00fcndnisse<\/a><\/p>\n<div class=\"EmbedBlock-root EmbedBlock-externalVideo EmbedBlock-odysee\">\n<div class=\"VkEmbed\"><iframe class=\"lazyload\" data-src=\"https:\/\/odysee.com\/%24\/embed\/%40RTDE%3Ae%2FLawrow--Scholz%E2%80%99-Aussagen-sind-einf%C3%A4ltig%3Aa\" frameborder=\"0\" width=\"853\" height=\"480\" allowfullscreen><\/iframe><\/div>\n<\/div>\n<\/div>\n<p><br \/>\n<br \/><a href=\"https:\/\/de.rt.com\/inland\/214036-china-im-fokus-deutsche-luftwaffe\/\">Source link <\/a><\/p>\n","protected":false},"excerpt":{"rendered":"<p>Die Bundeswehr nimmt in dieser Woche an einem Milit\u00e4rman\u00f6ver in Australien teil. Ziel ist die St\u00e4rkung einer Allianz gegen China. Von US-Basen in Australien k\u00f6nnen Langstreckenbomber in Richtung China starten. Auch die NATO intensiviert ihre Kontakte in der Region. China protestiert. In dieser Woche nimmt die deutsche Luftwaffe zum zweiten Mal am Man\u00f6ver &#8220;Pitch Black&#8221; [&hellip;]<\/p>\n","protected":false},"author":3,"featured_media":65764,"comment_status":"open","ping_status":"open","sticky":false,"template":"","format":"standard","meta":{"_yoast_indexnow_last_ping":["1722337604"],"wp_automatic_camp":["217"],"59e5d26a704fd5767454ed22d154c9b4":["China im Fokus: Deutsche Luftwaffe beteiligt sich an Milit\u00e4rman\u00f6ver in Australien"],"original_link":["https:\/\/de.rt.com\/inland\/214036-china-im-fokus-deutsche-luftwaffe\/"],"_thumbnail_id":["65764"],"jnews_social_counter_last_update":["1777648893"],"_wptgpro_p2tg_sent2tg":["a:1:{i:23737;s:19:\"2024-07-30 13:07:59\";}"]},"categories":[19,23],"tags":[3310,17792,192,2374,7233,571,1339,434],"yoast_head":"<!-- This site is optimized with the Yoast SEO Premium plugin v22.7 (Yoast SEO v22.7) - https:\/\/yoast.com\/wordpress\/plugins\/seo\/ -->\n<title>China im Fokus: Deutsche Luftwaffe beteiligt sich an Milit\u00e4rman\u00f6ver in Australien - just-now.NEWS Deutschland<\/title>\n<meta name=\"robots\" content=\"index, follow, max-snippet:-1, max-image-preview:large, max-video-preview:-1\" \/>\n<link rel=\"canonical\" href=\"https:\/\/now-news.de\/de\/deutschland\/china-im-fokus-deutsche-luftwaffe-beteiligt-sich-an-militaermanoever-in-australien\/\" \/>\n<meta property=\"og:locale\" content=\"de_DE\" \/>\n<meta property=\"og:type\" content=\"article\" \/>\n<meta property=\"og:title\" content=\"China im Fokus: Deutsche Luftwaffe beteiligt sich an Milit\u00e4rman\u00f6ver in Australien\" \/>\n<meta property=\"og:description\" content=\"Die Bundeswehr nimmt in dieser Woche an einem Milit\u00e4rman\u00f6ver in Australien teil. Ziel ist die St\u00e4rkung einer Allianz gegen China. Von US-Basen in Australien k\u00f6nnen Langstreckenbomber in Richtung China starten. Auch die NATO intensiviert ihre Kontakte in der Region. China protestiert. In dieser Woche nimmt die deutsche Luftwaffe zum zweiten Mal am Man\u00f6ver &#8220;Pitch Black&#8221; [&hellip;]\" \/>\n<meta property=\"og:url\" content=\"https:\/\/now-news.de\/de\/deutschland\/china-im-fokus-deutsche-luftwaffe-beteiligt-sich-an-militaermanoever-in-australien\/\" \/>\n<meta property=\"og:site_name\" content=\"just-now.NEWS Deutschland\" \/>\n<meta property=\"article:publisher\" content=\"https:\/\/www.facebook.com\/wirmachenauf\" \/>\n<meta property=\"article:published_time\" content=\"2024-07-30T11:01:03+00:00\" \/>\n<meta property=\"og:image\" content=\"https:\/\/now-news.de\/de\/wp-content\/uploads\/sites\/3\/2024\/07\/66a8c06048fbef7e16651081.jpg\" \/>\n<meta name=\"author\" content=\"rtnews\" \/>\n<meta name=\"twitter:card\" content=\"summary_large_image\" \/>\n<meta name=\"twitter:creator\" content=\"@WirMachenAuf_de\" \/>\n<meta name=\"twitter:site\" content=\"@WirMachenAuf_de\" \/>\n<meta name=\"twitter:label1\" content=\"Verfasst von\" \/>\n\t<meta name=\"twitter:data1\" content=\"rtnews\" \/>\n\t<meta name=\"twitter:label2\" content=\"Gesch\u00e4tzte Lesezeit\" \/>\n\t<meta name=\"twitter:data2\" content=\"2\u00a0Minuten\" \/>\n<script type=\"application\/ld+json\" class=\"yoast-schema-graph\">{\"@context\":\"https:\/\/schema.org\",\"@graph\":[{\"@type\":\"Article\",\"@id\":\"https:\/\/now-news.de\/de\/deutschland\/china-im-fokus-deutsche-luftwaffe-beteiligt-sich-an-militaermanoever-in-australien\/#article\",\"isPartOf\":{\"@id\":\"https:\/\/now-news.de\/de\/deutschland\/china-im-fokus-deutsche-luftwaffe-beteiligt-sich-an-militaermanoever-in-australien\/\"},\"author\":{\"name\":\"rtnews\",\"@id\":\"https:\/\/now-news.de\/de\/#\/schema\/person\/fb534a4e865501d8b3285208df34a9b5\"},\"headline\":\"China im Fokus: Deutsche Luftwaffe beteiligt sich an Milit\u00e4rman\u00f6ver in Australien\",\"datePublished\":\"2024-07-30T11:01:03+00:00\",\"dateModified\":\"2024-07-30T11:01:03+00:00\",\"mainEntityOfPage\":{\"@id\":\"https:\/\/now-news.de\/de\/deutschland\/china-im-fokus-deutsche-luftwaffe-beteiligt-sich-an-militaermanoever-in-australien\/\"},\"wordCount\":335,\"commentCount\":0,\"publisher\":{\"@id\":\"https:\/\/now-news.de\/de\/#organization\"},\"image\":{\"@id\":\"https:\/\/now-news.de\/de\/deutschland\/china-im-fokus-deutsche-luftwaffe-beteiligt-sich-an-militaermanoever-in-australien\/#primaryimage\"},\"thumbnailUrl\":\"https:\/\/now-news.de\/de\/wp-content\/uploads\/sites\/3\/2024\/07\/China-im-Fokus-Deutsche-Luftwaffe-beteiligt-sich-an-Militaermanoever-in.jpg\",\"keywords\":[\"Australien\",\"beteiligt\",\"China\",\"Deutsche\",\"Fokus\",\"Luftwaffe\",\"Milit\u00e4rman\u00f6ver\",\"sich\"],\"articleSection\":[\"Deutschland\",\"Russland\"],\"inLanguage\":\"de\",\"potentialAction\":[{\"@type\":\"CommentAction\",\"name\":\"Comment\",\"target\":[\"https:\/\/now-news.de\/de\/deutschland\/china-im-fokus-deutsche-luftwaffe-beteiligt-sich-an-militaermanoever-in-australien\/#respond\"]}]},{\"@type\":\"WebPage\",\"@id\":\"https:\/\/now-news.de\/de\/deutschland\/china-im-fokus-deutsche-luftwaffe-beteiligt-sich-an-militaermanoever-in-australien\/\",\"url\":\"https:\/\/now-news.de\/de\/deutschland\/china-im-fokus-deutsche-luftwaffe-beteiligt-sich-an-militaermanoever-in-australien\/\",\"name\":\"China im Fokus: Deutsche Luftwaffe beteiligt sich an Milit\u00e4rman\u00f6ver in Australien - just-now.NEWS Deutschland\",\"isPartOf\":{\"@id\":\"https:\/\/now-news.de\/de\/#website\"},\"primaryImageOfPage\":{\"@id\":\"https:\/\/now-news.de\/de\/deutschland\/china-im-fokus-deutsche-luftwaffe-beteiligt-sich-an-militaermanoever-in-australien\/#primaryimage\"},\"image\":{\"@id\":\"https:\/\/now-news.de\/de\/deutschland\/china-im-fokus-deutsche-luftwaffe-beteiligt-sich-an-militaermanoever-in-australien\/#primaryimage\"},\"thumbnailUrl\":\"https:\/\/now-news.de\/de\/wp-content\/uploads\/sites\/3\/2024\/07\/China-im-Fokus-Deutsche-Luftwaffe-beteiligt-sich-an-Militaermanoever-in.jpg\",\"datePublished\":\"2024-07-30T11:01:03+00:00\",\"dateModified\":\"2024-07-30T11:01:03+00:00\",\"breadcrumb\":{\"@id\":\"https:\/\/now-news.de\/de\/deutschland\/china-im-fokus-deutsche-luftwaffe-beteiligt-sich-an-militaermanoever-in-australien\/#breadcrumb\"},\"inLanguage\":\"de\",\"potentialAction\":[{\"@type\":\"ReadAction\",\"target\":[\"https:\/\/now-news.de\/de\/deutschland\/china-im-fokus-deutsche-luftwaffe-beteiligt-sich-an-militaermanoever-in-australien\/\"]}]},{\"@type\":\"ImageObject\",\"inLanguage\":\"de\",\"@id\":\"https:\/\/now-news.de\/de\/deutschland\/china-im-fokus-deutsche-luftwaffe-beteiligt-sich-an-militaermanoever-in-australien\/#primaryimage\",\"url\":\"https:\/\/now-news.de\/de\/wp-content\/uploads\/sites\/3\/2024\/07\/China-im-Fokus-Deutsche-Luftwaffe-beteiligt-sich-an-Militaermanoever-in.jpg\",\"contentUrl\":\"https:\/\/now-news.de\/de\/wp-content\/uploads\/sites\/3\/2024\/07\/China-im-Fokus-Deutsche-Luftwaffe-beteiligt-sich-an-Militaermanoever-in.jpg\",\"width\":460,\"height\":259,\"caption\":\"China im Fokus: Deutsche Luftwaffe beteiligt sich an Milit\u00e4rman\u00f6ver in Australien\"},{\"@type\":\"BreadcrumbList\",\"@id\":\"https:\/\/now-news.de\/de\/deutschland\/china-im-fokus-deutsche-luftwaffe-beteiligt-sich-an-militaermanoever-in-australien\/#breadcrumb\",\"itemListElement\":[{\"@type\":\"ListItem\",\"position\":1,\"name\":\"Home\",\"item\":\"https:\/\/now-news.de\/de\/\"},{\"@type\":\"ListItem\",\"position\":2,\"name\":\"China im Fokus: Deutsche Luftwaffe beteiligt sich an Milit\u00e4rman\u00f6ver in Australien\"}]},{\"@type\":\"WebSite\",\"@id\":\"https:\/\/now-news.de\/de\/#website\",\"url\":\"https:\/\/now-news.de\/de\/\",\"name\":\"just-now.NEWS Deutschland\",\"description\":\"Das Portal f\u00fcr unzensierte Nachrichten aus der Welt\",\"publisher\":{\"@id\":\"https:\/\/now-news.de\/de\/#organization\"},\"potentialAction\":[{\"@type\":\"SearchAction\",\"target\":{\"@type\":\"EntryPoint\",\"urlTemplate\":\"https:\/\/now-news.de\/de\/?s={search_term_string}\"},\"query-input\":\"required name=search_term_string\"}],\"inLanguage\":\"de\"},{\"@type\":\"Organization\",\"@id\":\"https:\/\/now-news.de\/de\/#organization\",\"name\":\"Just Now News\",\"url\":\"https:\/\/now-news.de\/de\/\",\"logo\":{\"@type\":\"ImageObject\",\"inLanguage\":\"de\",\"@id\":\"https:\/\/now-news.de\/de\/#\/schema\/logo\/image\/\",\"url\":\"http:\/\/just-now.news\/de\/wp-content\/uploads\/sites\/3\/2022\/04\/logo500x500.jpg\",\"contentUrl\":\"http:\/\/just-now.news\/de\/wp-content\/uploads\/sites\/3\/2022\/04\/logo500x500.jpg\",\"width\":500,\"height\":500,\"caption\":\"Just Now News\"},\"image\":{\"@id\":\"https:\/\/now-news.de\/de\/#\/schema\/logo\/image\/\"},\"sameAs\":[\"https:\/\/www.facebook.com\/wirmachenauf\",\"https:\/\/x.com\/WirMachenAuf_de\"]},{\"@type\":\"Person\",\"@id\":\"https:\/\/now-news.de\/de\/#\/schema\/person\/fb534a4e865501d8b3285208df34a9b5\",\"name\":\"rtnews\",\"image\":{\"@type\":\"ImageObject\",\"inLanguage\":\"de\",\"@id\":\"https:\/\/now-news.de\/de\/#\/schema\/person\/image\/\",\"url\":\"https:\/\/secure.gravatar.com\/avatar\/82aafea7d8127119dd649515f56e2117?s=96&d=mm&r=g\",\"contentUrl\":\"https:\/\/secure.gravatar.com\/avatar\/82aafea7d8127119dd649515f56e2117?s=96&d=mm&r=g\",\"caption\":\"rtnews\"},\"url\":\"https:\/\/now-news.de\/de\/author\/rnews\/\"}]}<\/script>\n<!-- \/ Yoast SEO Premium plugin. -->","yoast_head_json":{"title":"China im Fokus: Deutsche Luftwaffe beteiligt sich an Milit\u00e4rman\u00f6ver in Australien - just-now.NEWS Deutschland","robots":{"index":"index","follow":"follow","max-snippet":"max-snippet:-1","max-image-preview":"max-image-preview:large","max-video-preview":"max-video-preview:-1"},"canonical":"https:\/\/now-news.de\/de\/deutschland\/china-im-fokus-deutsche-luftwaffe-beteiligt-sich-an-militaermanoever-in-australien\/","og_locale":"de_DE","og_type":"article","og_title":"China im Fokus: Deutsche Luftwaffe beteiligt sich an Milit\u00e4rman\u00f6ver in Australien","og_description":"Die Bundeswehr nimmt in dieser Woche an einem Milit\u00e4rman\u00f6ver in Australien teil. Ziel ist die St\u00e4rkung einer Allianz gegen China. Von US-Basen in Australien k\u00f6nnen Langstreckenbomber in Richtung China starten. Auch die NATO intensiviert ihre Kontakte in der Region. China protestiert. In dieser Woche nimmt die deutsche Luftwaffe zum zweiten Mal am Man\u00f6ver &#8220;Pitch Black&#8221; [&hellip;]","og_url":"https:\/\/now-news.de\/de\/deutschland\/china-im-fokus-deutsche-luftwaffe-beteiligt-sich-an-militaermanoever-in-australien\/","og_site_name":"just-now.NEWS Deutschland","article_publisher":"https:\/\/www.facebook.com\/wirmachenauf","article_published_time":"2024-07-30T11:01:03+00:00","og_image":[{"url":"https:\/\/now-news.de\/de\/wp-content\/uploads\/sites\/3\/2024\/07\/66a8c06048fbef7e16651081.jpg"}],"author":"rtnews","twitter_card":"summary_large_image","twitter_creator":"@WirMachenAuf_de","twitter_site":"@WirMachenAuf_de","twitter_misc":{"Verfasst von":"rtnews","Gesch\u00e4tzte Lesezeit":"2\u00a0Minuten"},"schema":{"@context":"https:\/\/schema.org","@graph":[{"@type":"Article","@id":"https:\/\/now-news.de\/de\/deutschland\/china-im-fokus-deutsche-luftwaffe-beteiligt-sich-an-militaermanoever-in-australien\/#article","isPartOf":{"@id":"https:\/\/now-news.de\/de\/deutschland\/china-im-fokus-deutsche-luftwaffe-beteiligt-sich-an-militaermanoever-in-australien\/"},"author":{"name":"rtnews","@id":"https:\/\/now-news.de\/de\/#\/schema\/person\/fb534a4e865501d8b3285208df34a9b5"},"headline":"China im Fokus: Deutsche Luftwaffe beteiligt sich an Milit\u00e4rman\u00f6ver in Australien","datePublished":"2024-07-30T11:01:03+00:00","dateModified":"2024-07-30T11:01:03+00:00","mainEntityOfPage":{"@id":"https:\/\/now-news.de\/de\/deutschland\/china-im-fokus-deutsche-luftwaffe-beteiligt-sich-an-militaermanoever-in-australien\/"},"wordCount":335,"commentCount":0,"publisher":{"@id":"https:\/\/now-news.de\/de\/#organization"},"image":{"@id":"https:\/\/now-news.de\/de\/deutschland\/china-im-fokus-deutsche-luftwaffe-beteiligt-sich-an-militaermanoever-in-australien\/#primaryimage"},"thumbnailUrl":"https:\/\/now-news.de\/de\/wp-content\/uploads\/sites\/3\/2024\/07\/China-im-Fokus-Deutsche-Luftwaffe-beteiligt-sich-an-Militaermanoever-in.jpg","keywords":["Australien","beteiligt","China","Deutsche","Fokus","Luftwaffe","Milit\u00e4rman\u00f6ver","sich"],"articleSection":["Deutschland","Russland"],"inLanguage":"de","potentialAction":[{"@type":"CommentAction","name":"Comment","target":["https:\/\/now-news.de\/de\/deutschland\/china-im-fokus-deutsche-luftwaffe-beteiligt-sich-an-militaermanoever-in-australien\/#respond"]}]},{"@type":"WebPage","@id":"https:\/\/now-news.de\/de\/deutschland\/china-im-fokus-deutsche-luftwaffe-beteiligt-sich-an-militaermanoever-in-australien\/","url":"https:\/\/now-news.de\/de\/deutschland\/china-im-fokus-deutsche-luftwaffe-beteiligt-sich-an-militaermanoever-in-australien\/","name":"China im Fokus: Deutsche Luftwaffe beteiligt sich an Milit\u00e4rman\u00f6ver in Australien - just-now.NEWS Deutschland","isPartOf":{"@id":"https:\/\/now-news.de\/de\/#website"},"primaryImageOfPage":{"@id":"https:\/\/now-news.de\/de\/deutschland\/china-im-fokus-deutsche-luftwaffe-beteiligt-sich-an-militaermanoever-in-australien\/#primaryimage"},"image":{"@id":"https:\/\/now-news.de\/de\/deutschland\/china-im-fokus-deutsche-luftwaffe-beteiligt-sich-an-militaermanoever-in-australien\/#primaryimage"},"thumbnailUrl":"https:\/\/now-news.de\/de\/wp-content\/uploads\/sites\/3\/2024\/07\/China-im-Fokus-Deutsche-Luftwaffe-beteiligt-sich-an-Militaermanoever-in.jpg","datePublished":"2024-07-30T11:01:03+00:00","dateModified":"2024-07-30T11:01:03+00:00","breadcrumb":{"@id":"https:\/\/now-news.de\/de\/deutschland\/china-im-fokus-deutsche-luftwaffe-beteiligt-sich-an-militaermanoever-in-australien\/#breadcrumb"},"inLanguage":"de","potentialAction":[{"@type":"ReadAction","target":["https:\/\/now-news.de\/de\/deutschland\/china-im-fokus-deutsche-luftwaffe-beteiligt-sich-an-militaermanoever-in-australien\/"]}]},{"@type":"ImageObject","inLanguage":"de","@id":"https:\/\/now-news.de\/de\/deutschland\/china-im-fokus-deutsche-luftwaffe-beteiligt-sich-an-militaermanoever-in-australien\/#primaryimage","url":"https:\/\/now-news.de\/de\/wp-content\/uploads\/sites\/3\/2024\/07\/China-im-Fokus-Deutsche-Luftwaffe-beteiligt-sich-an-Militaermanoever-in.jpg","contentUrl":"https:\/\/now-news.de\/de\/wp-content\/uploads\/sites\/3\/2024\/07\/China-im-Fokus-Deutsche-Luftwaffe-beteiligt-sich-an-Militaermanoever-in.jpg","width":460,"height":259,"caption":"China im Fokus: Deutsche Luftwaffe beteiligt sich an Milit\u00e4rman\u00f6ver in Australien"},{"@type":"BreadcrumbList","@id":"https:\/\/now-news.de\/de\/deutschland\/china-im-fokus-deutsche-luftwaffe-beteiligt-sich-an-militaermanoever-in-australien\/#breadcrumb","itemListElement":[{"@type":"ListItem","position":1,"name":"Home","item":"https:\/\/now-news.de\/de\/"},{"@type":"ListItem","position":2,"name":"China im Fokus: Deutsche Luftwaffe beteiligt sich an Milit\u00e4rman\u00f6ver in Australien"}]},{"@type":"WebSite","@id":"https:\/\/now-news.de\/de\/#website","url":"https:\/\/now-news.de\/de\/","name":"just-now.NEWS Deutschland","description":"Das Portal f\u00fcr unzensierte Nachrichten aus der Welt","publisher":{"@id":"https:\/\/now-news.de\/de\/#organization"},"potentialAction":[{"@type":"SearchAction","target":{"@type":"EntryPoint","urlTemplate":"https:\/\/now-news.de\/de\/?s={search_term_string}"},"query-input":"required name=search_term_string"}],"inLanguage":"de"},{"@type":"Organization","@id":"https:\/\/now-news.de\/de\/#organization","name":"Just Now News","url":"https:\/\/now-news.de\/de\/","logo":{"@type":"ImageObject","inLanguage":"de","@id":"https:\/\/now-news.de\/de\/#\/schema\/logo\/image\/","url":"http:\/\/just-now.news\/de\/wp-content\/uploads\/sites\/3\/2022\/04\/logo500x500.jpg","contentUrl":"http:\/\/just-now.news\/de\/wp-content\/uploads\/sites\/3\/2022\/04\/logo500x500.jpg","width":500,"height":500,"caption":"Just Now News"},"image":{"@id":"https:\/\/now-news.de\/de\/#\/schema\/logo\/image\/"},"sameAs":["https:\/\/www.facebook.com\/wirmachenauf","https:\/\/x.com\/WirMachenAuf_de"]},{"@type":"Person","@id":"https:\/\/now-news.de\/de\/#\/schema\/person\/fb534a4e865501d8b3285208df34a9b5","name":"rtnews","image":{"@type":"ImageObject","inLanguage":"de","@id":"https:\/\/now-news.de\/de\/#\/schema\/person\/image\/","url":"https:\/\/secure.gravatar.com\/avatar\/82aafea7d8127119dd649515f56e2117?s=96&d=mm&r=g","contentUrl":"https:\/\/secure.gravatar.com\/avatar\/82aafea7d8127119dd649515f56e2117?s=96&d=mm&r=g","caption":"rtnews"},"url":"https:\/\/now-news.de\/de\/author\/rnews\/"}]}},"_links":{"self":[{"href":"https:\/\/now-news.de\/de\/wp-json\/wp\/v2\/posts\/65763"}],"collection":[{"href":"https:\/\/now-news.de\/de\/wp-json\/wp\/v2\/posts"}],"about":[{"href":"https:\/\/now-news.de\/de\/wp-json\/wp\/v2\/types\/post"}],"author":[{"embeddable":true,"href":"https:\/\/now-news.de\/de\/wp-json\/wp\/v2\/users\/3"}],"replies":[{"embeddable":true,"href":"https:\/\/now-news.de\/de\/wp-json\/wp\/v2\/comments?post=65763"}],"version-history":[{"count":0,"href":"https:\/\/now-news.de\/de\/wp-json\/wp\/v2\/posts\/65763\/revisions"}],"wp:featuredmedia":[{"embeddable":true,"href":"https:\/\/now-news.de\/de\/wp-json\/wp\/v2\/media\/65764"}],"wp:attachment":[{"href":"https:\/\/now-news.de\/de\/wp-json\/wp\/v2\/media?parent=65763"}],"wp:term":[{"taxonomy":"category","embeddable":true,"href":"https:\/\/now-news.de\/de\/wp-json\/wp\/v2\/categories?post=65763"},{"taxonomy":"post_tag","embeddable":true,"href":"https:\/\/now-news.de\/de\/wp-json\/wp\/v2\/tags?post=65763"}],"curies":[{"name":"wp","href":"https:\/\/api.w.org\/{rel}","templated":true}]}}