{"id":65744,"date":"2024-07-30T09:24:25","date_gmt":"2024-07-30T07:24:25","guid":{"rendered":"https:\/\/now-news.de\/de\/deutschland\/finnlands-praesident-setzt-sich-fuer-aufnahme-von-friedensgespraechen-ein\/"},"modified":"2024-07-30T09:24:25","modified_gmt":"2024-07-30T07:24:25","slug":"finnlands-praesident-setzt-sich-fuer-aufnahme-von-friedensgespraechen-ein","status":"publish","type":"post","link":"https:\/\/now-news.de\/de\/deutschland\/finnlands-praesident-setzt-sich-fuer-aufnahme-von-friedensgespraechen-ein\/","title":{"rendered":"Finnlands Pr\u00e4sident setzt sich f\u00fcr Aufnahme von Friedensgespr\u00e4chen ein"},"content":{"rendered":"<p><img decoding=\"async\" src=\"https:\/\/now-news.de\/de\/wp-content\/uploads\/sites\/3\/2024\/07\/66a88f48b480cc64f321d234.jpg\" \/><\/p>\n<div class=\"Text-root Text-type_1 \">\n                Alexander Stubb bef\u00fcrwortet die Aufnahme von Friedensverhandlungen zum Ukraine-Krieg. China, die L\u00e4nder des globalen S\u00fcdens und Russland sollten in den Prozess der Konfliktbeilegung einbezogen werden, meint der Staatschef Finnlands.\n            <\/div>\n<p><\/p>\n<div class=\"Text-root Text-type_5 ArticleView-text ViewText-root \">\n<p>In einem Interview mit der franz\u00f6sischen Zeitung <em>Le Monde<\/em> hat Finnlands Pr\u00e4sident Alexander Stubb seine Unterst\u00fctzung f\u00fcr die Ukraine-Gespr\u00e4che zum Ausdruck gebracht. Dem Politiker zufolge sei es an der Zeit, Friedensverhandlungen aufzunehmen. Stubb w\u00f6rtlich:<\/p>\n<blockquote>\n<p><em>&#8220;Wir n\u00e4hern uns dem Moment, an dem es notwendig ist, Verhandlungen zu beginnen.&#8221;<\/em><\/p>\n<\/blockquote>\n<p>Auf die Frage, ob es sich lohne, jetzt mit Gespr\u00e4chen \u00fcber territoriale Zugest\u00e4ndnisse zu beginnen, betonte der finnische Pr\u00e4sident, man m\u00fcsse zwischen &#8220;einem m\u00f6glichen Diskussionsprozess, der kein Selbstzweck ist, und dem Frieden&#8221; unterscheiden:<\/p>\n<blockquote>\n<p><em>&#8220;Die Aufnahme von Verhandlungen bedeutet nicht, dass man Zugest\u00e4ndnisse macht.&#8221;<\/em><\/p>\n<\/blockquote>\n<p>Stubb ist der Ansicht, dass China, der globale S\u00fcden und Russland in diese Verhandlungen einbezogen werden sollten. Der Politiker betonte, dass China \u00fcber bedeutende F\u00e4higkeiten verf\u00fcge, um zur Beendigung des Konflikts beizutragen.<\/p>\n<p>Kremlsprecher Dmitri Peskow hob hervor, dass Russland weiterhin f\u00fcr jeden Dialog \u00fcber die Ukraine offen sei, auch unter Beteiligung von Vermittlern. Voraussetzung sei jedoch, dass Russlands Ziele erreicht w\u00fcrden.<\/p>\n<p>Am 14. Juni nannte der russische Pr\u00e4sident Wladimir Putin bei einem Treffen mit der F\u00fchrung des Au\u00dfenministeriums in Moskau die Bedingungen f\u00fcr eine Beilegung des Konflikts in der Ukraine. Dazu geh\u00f6ren ein R\u00fcckzug der ukrainischen Streitkr\u00e4fte aus den Volksrepubliken Donezk und Lugansk und den Gebieten Saporoschje und Cherson sowie Kiews Verzicht auf einen NATO-Beitritt.<\/p>\n<p>Dar\u00fcber hinaus h\u00e4lt Moskau die Aufhebung aller westlichen Sanktionen gegen Russland und die Herstellung eines blockfreien und atomwaffenfreien Status der Ukraine f\u00fcr notwendig. Putin wies darauf hin, dass sich diese Bedingungen in der Zukunft \u00e4ndern k\u00f6nnten, falls die Ukraine und der Westen diese ablehnen. Kiew lehnt das Friedensangebot aus Moskau ab.<\/p>\n<p><strong>Mehr zum Thema<\/strong> \u2013 <a rel=\"nofollow noopener\" target=\"_blank\" href=\"https:\/\/freedert.online\/inland\/213931-fuer-diplomatie-und-gegen-kriegsvorbereitung\/\">&#8220;F\u00fcr Diplomatie und gegen Kriegsvorbereitung&#8221; \u2013 BSW kn\u00fcpft Regierungsbeteiligung an Friedensfrage<\/a><\/p>\n<div class=\"EmbedBlock-root EmbedBlock-externalVideo EmbedBlock-odysee\">\n<div class=\"VkEmbed\"><iframe class=\"lazyload\" data-src=\"https:\/\/odysee.com\/%24\/embed\/%40RTDE%3Ae%2FIn-der-EU-beginnt-es-zu-g%C3%A4ren-Orb%C3%A1n-sieht-Bewegung-Richtung-Frieden%3A5\" frameborder=\"0\" width=\"853\" height=\"480\" allowfullscreen><\/iframe><\/div>\n<\/div>\n<\/div>\n<p><br \/>\n<br \/><a href=\"https:\/\/de.rt.com\/international\/213986-finnlands-praesident-setzt-sich-fuer-ukraine-friedensgespraeche-ein\/\">Source link <\/a><\/p>\n","protected":false},"excerpt":{"rendered":"<p>Alexander Stubb bef\u00fcrwortet die Aufnahme von Friedensverhandlungen zum Ukraine-Krieg. China, die L\u00e4nder des globalen S\u00fcdens und Russland sollten in den Prozess der Konfliktbeilegung einbezogen werden, meint der Staatschef Finnlands. In einem Interview mit der franz\u00f6sischen Zeitung Le Monde hat Finnlands Pr\u00e4sident Alexander Stubb seine Unterst\u00fctzung f\u00fcr die Ukraine-Gespr\u00e4che zum Ausdruck gebracht. Dem Politiker zufolge sei [&hellip;]<\/p>\n","protected":false},"author":3,"featured_media":65745,"comment_status":"open","ping_status":"open","sticky":false,"template":"","format":"standard","meta":{"_yoast_indexnow_last_ping":["1722324995"],"wp_automatic_camp":["217"],"03e807f09a752e273b96e53677a9943b":["Finnlands Pr\u00e4sident setzt sich f\u00fcr Aufnahme von Friedensgespr\u00e4chen ein"],"original_link":["https:\/\/de.rt.com\/international\/213986-finnlands-praesident-setzt-sich-fuer-ukraine-friedensgespraeche-ein\/"],"_thumbnail_id":["65745"],"jnews_social_counter_last_update":["1777619420"],"_wptgpro_p2tg_sent2tg":["a:1:{i:23737;s:19:\"2024-07-30 09:38:09\";}"]},"categories":[19,23],"tags":[18676,357,11594,47940,221,3464,1997,434,50],"yoast_head":"<!-- This site is optimized with the Yoast SEO Premium plugin v22.7 (Yoast SEO v22.7) - https:\/\/yoast.com\/wordpress\/plugins\/seo\/ -->\n<title>Finnlands Pr\u00e4sident setzt sich f\u00fcr Aufnahme von Friedensgespr\u00e4chen ein - just-now.NEWS Deutschland<\/title>\n<meta name=\"robots\" content=\"index, follow, max-snippet:-1, max-image-preview:large, max-video-preview:-1\" \/>\n<link rel=\"canonical\" href=\"https:\/\/now-news.de\/de\/deutschland\/finnlands-praesident-setzt-sich-fuer-aufnahme-von-friedensgespraechen-ein\/\" \/>\n<meta property=\"og:locale\" content=\"de_DE\" \/>\n<meta property=\"og:type\" content=\"article\" \/>\n<meta property=\"og:title\" content=\"Finnlands Pr\u00e4sident setzt sich f\u00fcr Aufnahme von Friedensgespr\u00e4chen ein\" \/>\n<meta property=\"og:description\" content=\"Alexander Stubb bef\u00fcrwortet die Aufnahme von Friedensverhandlungen zum Ukraine-Krieg. China, die L\u00e4nder des globalen S\u00fcdens und Russland sollten in den Prozess der Konfliktbeilegung einbezogen werden, meint der Staatschef Finnlands. In einem Interview mit der franz\u00f6sischen Zeitung Le Monde hat Finnlands Pr\u00e4sident Alexander Stubb seine Unterst\u00fctzung f\u00fcr die Ukraine-Gespr\u00e4che zum Ausdruck gebracht. Dem Politiker zufolge sei [&hellip;]\" \/>\n<meta property=\"og:url\" content=\"https:\/\/now-news.de\/de\/deutschland\/finnlands-praesident-setzt-sich-fuer-aufnahme-von-friedensgespraechen-ein\/\" \/>\n<meta property=\"og:site_name\" content=\"just-now.NEWS Deutschland\" \/>\n<meta property=\"article:publisher\" content=\"https:\/\/www.facebook.com\/wirmachenauf\" \/>\n<meta property=\"article:published_time\" content=\"2024-07-30T07:24:25+00:00\" \/>\n<meta property=\"og:image\" content=\"https:\/\/now-news.de\/de\/wp-content\/uploads\/sites\/3\/2024\/07\/66a88f48b480cc64f321d234.jpg\" \/>\n<meta name=\"author\" content=\"rtnews\" \/>\n<meta name=\"twitter:card\" content=\"summary_large_image\" \/>\n<meta name=\"twitter:creator\" content=\"@WirMachenAuf_de\" \/>\n<meta name=\"twitter:site\" content=\"@WirMachenAuf_de\" \/>\n<meta name=\"twitter:label1\" content=\"Verfasst von\" \/>\n\t<meta name=\"twitter:data1\" content=\"rtnews\" \/>\n\t<meta name=\"twitter:label2\" content=\"Gesch\u00e4tzte Lesezeit\" \/>\n\t<meta name=\"twitter:data2\" content=\"2\u00a0Minuten\" \/>\n<script type=\"application\/ld+json\" class=\"yoast-schema-graph\">{\"@context\":\"https:\/\/schema.org\",\"@graph\":[{\"@type\":\"Article\",\"@id\":\"https:\/\/now-news.de\/de\/deutschland\/finnlands-praesident-setzt-sich-fuer-aufnahme-von-friedensgespraechen-ein\/#article\",\"isPartOf\":{\"@id\":\"https:\/\/now-news.de\/de\/deutschland\/finnlands-praesident-setzt-sich-fuer-aufnahme-von-friedensgespraechen-ein\/\"},\"author\":{\"name\":\"rtnews\",\"@id\":\"https:\/\/now-news.de\/de\/#\/schema\/person\/fb534a4e865501d8b3285208df34a9b5\"},\"headline\":\"Finnlands Pr\u00e4sident setzt sich f\u00fcr Aufnahme von Friedensgespr\u00e4chen ein\",\"datePublished\":\"2024-07-30T07:24:25+00:00\",\"dateModified\":\"2024-07-30T07:24:25+00:00\",\"mainEntityOfPage\":{\"@id\":\"https:\/\/now-news.de\/de\/deutschland\/finnlands-praesident-setzt-sich-fuer-aufnahme-von-friedensgespraechen-ein\/\"},\"wordCount\":346,\"commentCount\":0,\"publisher\":{\"@id\":\"https:\/\/now-news.de\/de\/#organization\"},\"image\":{\"@id\":\"https:\/\/now-news.de\/de\/deutschland\/finnlands-praesident-setzt-sich-fuer-aufnahme-von-friedensgespraechen-ein\/#primaryimage\"},\"thumbnailUrl\":\"https:\/\/now-news.de\/de\/wp-content\/uploads\/sites\/3\/2024\/07\/Finnlands-Praesident-setzt-sich-fuer-Aufnahme-von-Friedensgespraechen-ein.jpg\",\"keywords\":[\"AUFNAHME\",\"ein\",\"Finnlands\",\"Friedensgespr\u00e4chen\",\"f\u00fcr\",\"Pr\u00e4sident\",\"setzt\",\"sich\",\"von\"],\"articleSection\":[\"Deutschland\",\"Russland\"],\"inLanguage\":\"de\",\"potentialAction\":[{\"@type\":\"CommentAction\",\"name\":\"Comment\",\"target\":[\"https:\/\/now-news.de\/de\/deutschland\/finnlands-praesident-setzt-sich-fuer-aufnahme-von-friedensgespraechen-ein\/#respond\"]}]},{\"@type\":\"WebPage\",\"@id\":\"https:\/\/now-news.de\/de\/deutschland\/finnlands-praesident-setzt-sich-fuer-aufnahme-von-friedensgespraechen-ein\/\",\"url\":\"https:\/\/now-news.de\/de\/deutschland\/finnlands-praesident-setzt-sich-fuer-aufnahme-von-friedensgespraechen-ein\/\",\"name\":\"Finnlands Pr\u00e4sident setzt sich f\u00fcr Aufnahme von Friedensgespr\u00e4chen ein - just-now.NEWS Deutschland\",\"isPartOf\":{\"@id\":\"https:\/\/now-news.de\/de\/#website\"},\"primaryImageOfPage\":{\"@id\":\"https:\/\/now-news.de\/de\/deutschland\/finnlands-praesident-setzt-sich-fuer-aufnahme-von-friedensgespraechen-ein\/#primaryimage\"},\"image\":{\"@id\":\"https:\/\/now-news.de\/de\/deutschland\/finnlands-praesident-setzt-sich-fuer-aufnahme-von-friedensgespraechen-ein\/#primaryimage\"},\"thumbnailUrl\":\"https:\/\/now-news.de\/de\/wp-content\/uploads\/sites\/3\/2024\/07\/Finnlands-Praesident-setzt-sich-fuer-Aufnahme-von-Friedensgespraechen-ein.jpg\",\"datePublished\":\"2024-07-30T07:24:25+00:00\",\"dateModified\":\"2024-07-30T07:24:25+00:00\",\"breadcrumb\":{\"@id\":\"https:\/\/now-news.de\/de\/deutschland\/finnlands-praesident-setzt-sich-fuer-aufnahme-von-friedensgespraechen-ein\/#breadcrumb\"},\"inLanguage\":\"de\",\"potentialAction\":[{\"@type\":\"ReadAction\",\"target\":[\"https:\/\/now-news.de\/de\/deutschland\/finnlands-praesident-setzt-sich-fuer-aufnahme-von-friedensgespraechen-ein\/\"]}]},{\"@type\":\"ImageObject\",\"inLanguage\":\"de\",\"@id\":\"https:\/\/now-news.de\/de\/deutschland\/finnlands-praesident-setzt-sich-fuer-aufnahme-von-friedensgespraechen-ein\/#primaryimage\",\"url\":\"https:\/\/now-news.de\/de\/wp-content\/uploads\/sites\/3\/2024\/07\/Finnlands-Praesident-setzt-sich-fuer-Aufnahme-von-Friedensgespraechen-ein.jpg\",\"contentUrl\":\"https:\/\/now-news.de\/de\/wp-content\/uploads\/sites\/3\/2024\/07\/Finnlands-Praesident-setzt-sich-fuer-Aufnahme-von-Friedensgespraechen-ein.jpg\",\"width\":460,\"height\":259,\"caption\":\"Finnlands Pr\u00e4sident setzt sich f\u00fcr Aufnahme von Friedensgespr\u00e4chen ein\"},{\"@type\":\"BreadcrumbList\",\"@id\":\"https:\/\/now-news.de\/de\/deutschland\/finnlands-praesident-setzt-sich-fuer-aufnahme-von-friedensgespraechen-ein\/#breadcrumb\",\"itemListElement\":[{\"@type\":\"ListItem\",\"position\":1,\"name\":\"Home\",\"item\":\"https:\/\/now-news.de\/de\/\"},{\"@type\":\"ListItem\",\"position\":2,\"name\":\"Finnlands Pr\u00e4sident setzt sich f\u00fcr Aufnahme von Friedensgespr\u00e4chen ein\"}]},{\"@type\":\"WebSite\",\"@id\":\"https:\/\/now-news.de\/de\/#website\",\"url\":\"https:\/\/now-news.de\/de\/\",\"name\":\"just-now.NEWS Deutschland\",\"description\":\"Das Portal f\u00fcr unzensierte Nachrichten aus der Welt\",\"publisher\":{\"@id\":\"https:\/\/now-news.de\/de\/#organization\"},\"potentialAction\":[{\"@type\":\"SearchAction\",\"target\":{\"@type\":\"EntryPoint\",\"urlTemplate\":\"https:\/\/now-news.de\/de\/?s={search_term_string}\"},\"query-input\":\"required name=search_term_string\"}],\"inLanguage\":\"de\"},{\"@type\":\"Organization\",\"@id\":\"https:\/\/now-news.de\/de\/#organization\",\"name\":\"Just Now News\",\"url\":\"https:\/\/now-news.de\/de\/\",\"logo\":{\"@type\":\"ImageObject\",\"inLanguage\":\"de\",\"@id\":\"https:\/\/now-news.de\/de\/#\/schema\/logo\/image\/\",\"url\":\"http:\/\/just-now.news\/de\/wp-content\/uploads\/sites\/3\/2022\/04\/logo500x500.jpg\",\"contentUrl\":\"http:\/\/just-now.news\/de\/wp-content\/uploads\/sites\/3\/2022\/04\/logo500x500.jpg\",\"width\":500,\"height\":500,\"caption\":\"Just Now News\"},\"image\":{\"@id\":\"https:\/\/now-news.de\/de\/#\/schema\/logo\/image\/\"},\"sameAs\":[\"https:\/\/www.facebook.com\/wirmachenauf\",\"https:\/\/x.com\/WirMachenAuf_de\"]},{\"@type\":\"Person\",\"@id\":\"https:\/\/now-news.de\/de\/#\/schema\/person\/fb534a4e865501d8b3285208df34a9b5\",\"name\":\"rtnews\",\"image\":{\"@type\":\"ImageObject\",\"inLanguage\":\"de\",\"@id\":\"https:\/\/now-news.de\/de\/#\/schema\/person\/image\/\",\"url\":\"https:\/\/secure.gravatar.com\/avatar\/82aafea7d8127119dd649515f56e2117?s=96&d=mm&r=g\",\"contentUrl\":\"https:\/\/secure.gravatar.com\/avatar\/82aafea7d8127119dd649515f56e2117?s=96&d=mm&r=g\",\"caption\":\"rtnews\"},\"url\":\"https:\/\/now-news.de\/de\/author\/rnews\/\"}]}<\/script>\n<!-- \/ Yoast SEO Premium plugin. -->","yoast_head_json":{"title":"Finnlands Pr\u00e4sident setzt sich f\u00fcr Aufnahme von Friedensgespr\u00e4chen ein - just-now.NEWS Deutschland","robots":{"index":"index","follow":"follow","max-snippet":"max-snippet:-1","max-image-preview":"max-image-preview:large","max-video-preview":"max-video-preview:-1"},"canonical":"https:\/\/now-news.de\/de\/deutschland\/finnlands-praesident-setzt-sich-fuer-aufnahme-von-friedensgespraechen-ein\/","og_locale":"de_DE","og_type":"article","og_title":"Finnlands Pr\u00e4sident setzt sich f\u00fcr Aufnahme von Friedensgespr\u00e4chen ein","og_description":"Alexander Stubb bef\u00fcrwortet die Aufnahme von Friedensverhandlungen zum Ukraine-Krieg. China, die L\u00e4nder des globalen S\u00fcdens und Russland sollten in den Prozess der Konfliktbeilegung einbezogen werden, meint der Staatschef Finnlands. In einem Interview mit der franz\u00f6sischen Zeitung Le Monde hat Finnlands Pr\u00e4sident Alexander Stubb seine Unterst\u00fctzung f\u00fcr die Ukraine-Gespr\u00e4che zum Ausdruck gebracht. Dem Politiker zufolge sei [&hellip;]","og_url":"https:\/\/now-news.de\/de\/deutschland\/finnlands-praesident-setzt-sich-fuer-aufnahme-von-friedensgespraechen-ein\/","og_site_name":"just-now.NEWS Deutschland","article_publisher":"https:\/\/www.facebook.com\/wirmachenauf","article_published_time":"2024-07-30T07:24:25+00:00","og_image":[{"url":"https:\/\/now-news.de\/de\/wp-content\/uploads\/sites\/3\/2024\/07\/66a88f48b480cc64f321d234.jpg"}],"author":"rtnews","twitter_card":"summary_large_image","twitter_creator":"@WirMachenAuf_de","twitter_site":"@WirMachenAuf_de","twitter_misc":{"Verfasst von":"rtnews","Gesch\u00e4tzte Lesezeit":"2\u00a0Minuten"},"schema":{"@context":"https:\/\/schema.org","@graph":[{"@type":"Article","@id":"https:\/\/now-news.de\/de\/deutschland\/finnlands-praesident-setzt-sich-fuer-aufnahme-von-friedensgespraechen-ein\/#article","isPartOf":{"@id":"https:\/\/now-news.de\/de\/deutschland\/finnlands-praesident-setzt-sich-fuer-aufnahme-von-friedensgespraechen-ein\/"},"author":{"name":"rtnews","@id":"https:\/\/now-news.de\/de\/#\/schema\/person\/fb534a4e865501d8b3285208df34a9b5"},"headline":"Finnlands Pr\u00e4sident setzt sich f\u00fcr Aufnahme von Friedensgespr\u00e4chen ein","datePublished":"2024-07-30T07:24:25+00:00","dateModified":"2024-07-30T07:24:25+00:00","mainEntityOfPage":{"@id":"https:\/\/now-news.de\/de\/deutschland\/finnlands-praesident-setzt-sich-fuer-aufnahme-von-friedensgespraechen-ein\/"},"wordCount":346,"commentCount":0,"publisher":{"@id":"https:\/\/now-news.de\/de\/#organization"},"image":{"@id":"https:\/\/now-news.de\/de\/deutschland\/finnlands-praesident-setzt-sich-fuer-aufnahme-von-friedensgespraechen-ein\/#primaryimage"},"thumbnailUrl":"https:\/\/now-news.de\/de\/wp-content\/uploads\/sites\/3\/2024\/07\/Finnlands-Praesident-setzt-sich-fuer-Aufnahme-von-Friedensgespraechen-ein.jpg","keywords":["AUFNAHME","ein","Finnlands","Friedensgespr\u00e4chen","f\u00fcr","Pr\u00e4sident","setzt","sich","von"],"articleSection":["Deutschland","Russland"],"inLanguage":"de","potentialAction":[{"@type":"CommentAction","name":"Comment","target":["https:\/\/now-news.de\/de\/deutschland\/finnlands-praesident-setzt-sich-fuer-aufnahme-von-friedensgespraechen-ein\/#respond"]}]},{"@type":"WebPage","@id":"https:\/\/now-news.de\/de\/deutschland\/finnlands-praesident-setzt-sich-fuer-aufnahme-von-friedensgespraechen-ein\/","url":"https:\/\/now-news.de\/de\/deutschland\/finnlands-praesident-setzt-sich-fuer-aufnahme-von-friedensgespraechen-ein\/","name":"Finnlands Pr\u00e4sident setzt sich f\u00fcr Aufnahme von Friedensgespr\u00e4chen ein - just-now.NEWS Deutschland","isPartOf":{"@id":"https:\/\/now-news.de\/de\/#website"},"primaryImageOfPage":{"@id":"https:\/\/now-news.de\/de\/deutschland\/finnlands-praesident-setzt-sich-fuer-aufnahme-von-friedensgespraechen-ein\/#primaryimage"},"image":{"@id":"https:\/\/now-news.de\/de\/deutschland\/finnlands-praesident-setzt-sich-fuer-aufnahme-von-friedensgespraechen-ein\/#primaryimage"},"thumbnailUrl":"https:\/\/now-news.de\/de\/wp-content\/uploads\/sites\/3\/2024\/07\/Finnlands-Praesident-setzt-sich-fuer-Aufnahme-von-Friedensgespraechen-ein.jpg","datePublished":"2024-07-30T07:24:25+00:00","dateModified":"2024-07-30T07:24:25+00:00","breadcrumb":{"@id":"https:\/\/now-news.de\/de\/deutschland\/finnlands-praesident-setzt-sich-fuer-aufnahme-von-friedensgespraechen-ein\/#breadcrumb"},"inLanguage":"de","potentialAction":[{"@type":"ReadAction","target":["https:\/\/now-news.de\/de\/deutschland\/finnlands-praesident-setzt-sich-fuer-aufnahme-von-friedensgespraechen-ein\/"]}]},{"@type":"ImageObject","inLanguage":"de","@id":"https:\/\/now-news.de\/de\/deutschland\/finnlands-praesident-setzt-sich-fuer-aufnahme-von-friedensgespraechen-ein\/#primaryimage","url":"https:\/\/now-news.de\/de\/wp-content\/uploads\/sites\/3\/2024\/07\/Finnlands-Praesident-setzt-sich-fuer-Aufnahme-von-Friedensgespraechen-ein.jpg","contentUrl":"https:\/\/now-news.de\/de\/wp-content\/uploads\/sites\/3\/2024\/07\/Finnlands-Praesident-setzt-sich-fuer-Aufnahme-von-Friedensgespraechen-ein.jpg","width":460,"height":259,"caption":"Finnlands Pr\u00e4sident setzt sich f\u00fcr Aufnahme von Friedensgespr\u00e4chen ein"},{"@type":"BreadcrumbList","@id":"https:\/\/now-news.de\/de\/deutschland\/finnlands-praesident-setzt-sich-fuer-aufnahme-von-friedensgespraechen-ein\/#breadcrumb","itemListElement":[{"@type":"ListItem","position":1,"name":"Home","item":"https:\/\/now-news.de\/de\/"},{"@type":"ListItem","position":2,"name":"Finnlands Pr\u00e4sident setzt sich f\u00fcr Aufnahme von Friedensgespr\u00e4chen ein"}]},{"@type":"WebSite","@id":"https:\/\/now-news.de\/de\/#website","url":"https:\/\/now-news.de\/de\/","name":"just-now.NEWS Deutschland","description":"Das Portal f\u00fcr unzensierte Nachrichten aus der Welt","publisher":{"@id":"https:\/\/now-news.de\/de\/#organization"},"potentialAction":[{"@type":"SearchAction","target":{"@type":"EntryPoint","urlTemplate":"https:\/\/now-news.de\/de\/?s={search_term_string}"},"query-input":"required name=search_term_string"}],"inLanguage":"de"},{"@type":"Organization","@id":"https:\/\/now-news.de\/de\/#organization","name":"Just Now News","url":"https:\/\/now-news.de\/de\/","logo":{"@type":"ImageObject","inLanguage":"de","@id":"https:\/\/now-news.de\/de\/#\/schema\/logo\/image\/","url":"http:\/\/just-now.news\/de\/wp-content\/uploads\/sites\/3\/2022\/04\/logo500x500.jpg","contentUrl":"http:\/\/just-now.news\/de\/wp-content\/uploads\/sites\/3\/2022\/04\/logo500x500.jpg","width":500,"height":500,"caption":"Just Now News"},"image":{"@id":"https:\/\/now-news.de\/de\/#\/schema\/logo\/image\/"},"sameAs":["https:\/\/www.facebook.com\/wirmachenauf","https:\/\/x.com\/WirMachenAuf_de"]},{"@type":"Person","@id":"https:\/\/now-news.de\/de\/#\/schema\/person\/fb534a4e865501d8b3285208df34a9b5","name":"rtnews","image":{"@type":"ImageObject","inLanguage":"de","@id":"https:\/\/now-news.de\/de\/#\/schema\/person\/image\/","url":"https:\/\/secure.gravatar.com\/avatar\/82aafea7d8127119dd649515f56e2117?s=96&d=mm&r=g","contentUrl":"https:\/\/secure.gravatar.com\/avatar\/82aafea7d8127119dd649515f56e2117?s=96&d=mm&r=g","caption":"rtnews"},"url":"https:\/\/now-news.de\/de\/author\/rnews\/"}]}},"_links":{"self":[{"href":"https:\/\/now-news.de\/de\/wp-json\/wp\/v2\/posts\/65744"}],"collection":[{"href":"https:\/\/now-news.de\/de\/wp-json\/wp\/v2\/posts"}],"about":[{"href":"https:\/\/now-news.de\/de\/wp-json\/wp\/v2\/types\/post"}],"author":[{"embeddable":true,"href":"https:\/\/now-news.de\/de\/wp-json\/wp\/v2\/users\/3"}],"replies":[{"embeddable":true,"href":"https:\/\/now-news.de\/de\/wp-json\/wp\/v2\/comments?post=65744"}],"version-history":[{"count":0,"href":"https:\/\/now-news.de\/de\/wp-json\/wp\/v2\/posts\/65744\/revisions"}],"wp:featuredmedia":[{"embeddable":true,"href":"https:\/\/now-news.de\/de\/wp-json\/wp\/v2\/media\/65745"}],"wp:attachment":[{"href":"https:\/\/now-news.de\/de\/wp-json\/wp\/v2\/media?parent=65744"}],"wp:term":[{"taxonomy":"category","embeddable":true,"href":"https:\/\/now-news.de\/de\/wp-json\/wp\/v2\/categories?post=65744"},{"taxonomy":"post_tag","embeddable":true,"href":"https:\/\/now-news.de\/de\/wp-json\/wp\/v2\/tags?post=65744"}],"curies":[{"name":"wp","href":"https:\/\/api.w.org\/{rel}","templated":true}]}}