{"id":65703,"date":"2024-07-29T19:21:03","date_gmt":"2024-07-29T17:21:03","guid":{"rendered":"https:\/\/now-news.de\/de\/deutschland\/angestachelt-zu-gewalt-wie-linksliberale-mainstream-medien-menschen-in-den-wahnsinn-treiben\/"},"modified":"2024-07-29T19:21:03","modified_gmt":"2024-07-29T17:21:03","slug":"angestachelt-zu-gewalt-wie-linksliberale-mainstream-medien-menschen-in-den-wahnsinn-treiben","status":"publish","type":"post","link":"https:\/\/now-news.de\/de\/deutschland\/angestachelt-zu-gewalt-wie-linksliberale-mainstream-medien-menschen-in-den-wahnsinn-treiben\/","title":{"rendered":"Angestachelt zu Gewalt &#8211; Wie linksliberale Mainstream-Medien Menschen in den Wahnsinn treiben"},"content":{"rendered":"<p><img decoding=\"async\" src=\"https:\/\/now-news.de\/de\/wp-content\/uploads\/sites\/3\/2024\/07\/66a7cdc748fbef19972b76dd.jpg\" \/><\/p>\n<div class=\"Text-root Text-type_1 \">\n                Attentate auf Donald Trump und Robert Fico, immer h\u00e4ufiger werdende Angriffe auf AfD-Politiker \u2013 wenn die mediale Beleuchtung von politischen Auseinandersetzungen nicht radikal \u00fcberdacht wird, dann wird die Welt noch viele weitere Attacken auf Politiker erleben. Und um das vorauszusehen, muss man kein Wahrsager sein.\n            <\/div>\n<p><\/p>\n<div class=\"Text-root Text-type_5 ArticleView-text ViewText-root \">\n<p><em>Von Sergei Simonow <\/em><\/p>\n<p>Mitte Juli wurde die Welt durch das Attentat auf Donald Trump ersch\u00fcttert: Der 45. Pr\u00e4sident der Vereinigten Staaten und Kandidat zur Wiederwahl entging nur haarscharf dem Tod. Der Attent\u00e4ter hie\u00df Thomas Matthew Crooks, war 20 Jahre alt und wurde selbst gleich nach den ersten Sch\u00fcssen auf Trump vom Secret Service eliminiert.<\/p>\n<p>In den Medien wurde nach dem Attentatsversuch berichtet, dass der T\u00e4ter ein verwirrter Alleing\u00e4nger gewesen sei, auch seine Motive seien unklar. Doch leider reiht sich der blutige Angriff in eine mittlerweile verd\u00e4chtig lange Kette von vergleichbaren Taten rund um die n\u00f6rdliche Halbkugel ein. Und das muss zu denken geben.<\/p>\n<p>Was ist au\u00dferdem noch \u00fcber den Attent\u00e4ter bekannt?<\/p>\n<p>Crooks war kein unbegabter Sch\u00fcler, erhielt sogar einmal ein Stipendium in H\u00f6he von 500 US-Dollar f\u00fcr besondere Leistungen im Bereich Naturwissenschaften. Auch politisch schien er nicht uninteressiert: Er spendete 2021 15 Dollar an eine der Demokratischen Partei nahestehende liberale Organisation namens &#8220;Progressive Turnout Project&#8221;.<\/p>\n<p>Zugleich war er jedoch auch im W\u00e4hlerverzeichnis von Pennsylvania als Republikaner eingetragen. Das l\u00e4sst erst einmal nur darauf schlie\u00dfen, dass die politischen Prozesse in seinem Land Crooks nicht kaltlie\u00dfen. Und dass die mediale Berichterstattung \u00fcber die politische Lage in den USA ebenfalls nicht spurlos an dem als stiller Au\u00dfenseiter beschriebenen jungen Mann vorbeiziehen konnte.<\/p>\n<p>Erinnern wir uns an dieser Stelle an einen anderen politisch interessierten Attent\u00e4ter \u2013 den Slowaken Juraj Cintula, der im Mai aus n\u00e4chster N\u00e4he auf den slowakischen Regierungschef Robert Fico schoss.<\/p>\n<p>In seiner Heimatstadt Levice war der 71-j\u00e4hrige Cintula als ein lokal bekannter Poet und politischer Aktivist pr\u00e4sent. Der Mann war Anh\u00e4nger der linksliberalen Partei &#8220;Progressive Slowakei&#8221;, die eindeutig prowestliche, proukrainische und pro-EU-Positionen vertritt und den slowakischen Premier Robert Fico f\u00fcr seine Bestrebungen nach mehr Autonomie gegen\u00fcber Br\u00fcssel und NATO zuweilen heftig anfeindet.<\/p>\n<p>Vor dem Attentat wurde Cintula mehrmals auf proukrainischen Demonstrationen gesichtet, wo eine Wiederaufnahme der Waffenlieferungen an Kiew gefordert wurde, die die Regierung Fico zuvor eingestellt hatte. B\u00f6se Ironie des Schicksals: 2016 versuchte Cintula eine politische &#8220;Bewegung gegen Gewalt&#8221; zu gr\u00fcnden.<\/p>\n<p>In einem YouTube-Video verk\u00fcndete der fanatische Verfechter westlicher Demokratie, dass, Zitat, &#8220;die Welt voll von Gewalt und Waffen ist&#8221; und dass &#8220;die Menschen verr\u00fcckt zu werden scheinen.&#8221;<\/p>\n<p>Noch ein Attent\u00e4ter-Portr\u00e4t, diesmal aus Russland: die 27-j\u00e4hrige Darja Trepowa, die Kontakt mit dem ukrainischen Geheimdienst SBU aufnahm und auf dessen Anweisung im April 2023 einen Anschlag in St. Petersburg ver\u00fcbt hatte.<\/p>\n<p>W\u00e4hrend eines \u00f6ffentlichen Auftritts des russischen Milit\u00e4rbloggers Wladlen Tatarski explodierte die von Trepowa mitgebrachte Bombe, Tatarski und ein weiterer Besucher der Veranstaltung kamen dabei ums Leben, mehr als 50 Menschen wurden verletzt.<\/p>\n<p>\u00c4hnlich wie Thomas Matthew Crooks, galt Trepowa als eine begabte Sch\u00fclerin und konnte deshalb einen Studienplatz an der prestigetr\u00e4chtigen Staatlichen Universit\u00e4t St. Petersburg erhalten. Ihr Medizinstudium brach die junge Frau jedoch ab, als sie begann, sich f\u00fcr andere Dinge zu interessieren \u2013 n\u00e4mlich f\u00fcr politischen Aktivismus.<\/p>\n<p>Trepowa verkehrte zun\u00e4chst in den Kreisen der Petersburger Feministinnen und \u00d6ko-Aktivisten, sp\u00e4ter begann sie auch an Demos von Anh\u00e4ngern des russischen prowestlichen Oppositionellen Alexei Nawalny teilzunehmen. In dieser Szene traf sie auch ihren zuk\u00fcnftigen Ehemann, ein Mitglied der sogenannten &#8220;Libert\u00e4ren Partei Russlands&#8221; \u2013 einer Kleinstpartei, die nie registriert wurde und die radikale marktwirtschaftliche und prowestliche Positionen vertrat.<\/p>\n<p>Die meisten Aktivisten dieser Partei verlie\u00dfen 2022 das Land, sodass die Partei heute in Russland de-facto nicht mehr existent ist. Auch der Ehemann von Darja Trepowa machte sich auf den Weg, sie selbst aber blieb in Russland \u2013 und begann sich pl\u00f6tzlich f\u00fcr das andere politische Lager zu interessieren und an patriotischen Veranstaltungen teilzunehmen. Sp\u00e4ter wird sich herausstellen, dass Trepowa die Events auf Gehei\u00df des ukrainischen Geheimdienstes besucht hatte, um Bef\u00fcrworter der russischen Milit\u00e4roperation auszuspionieren und ein Attentat vorzubereiten.<\/p>\n<p>Nach dem Anschlag meldete sich in den sozialen Medien der geflohene Ehemann zu Wort und behauptete, dass die Veganerin und \u00d6kofeministin Trepowa niemals wissentlich jemandem Schaden zuf\u00fcgen w\u00fcrde, sie h\u00e4tte doch so &#8220;f\u00fcr die Wahrheit&#8221; gek\u00e4mpft. Nach seiner Auffassung schuld sei einzig der ukrainische Geheimdienst, der Trepowa einfach ausgenutzt habe.<\/p>\n<p>Eines haben die drei genannten Attent\u00e4ter klar gemeinsam: zu ihrem Ziel wurden jeweils Politiker und Personen, die von liberalen globalistischen Medien auf das Heftigste diffamiert, ja verteufelt werden.<\/p>\n<p>Es ist obsolet aufzuz\u00e4hlen wie viele Male Donald Trump und auch der Slowake Robert Fico in der nationalen sowie internationalen Presse als gef\u00e4hrliche Nationalisten oder gar Faschisten dargestellt wurden, die es zu bek\u00e4mpfen gilt.<\/p>\n<p>Von Bef\u00fcrwortern der russischen Milit\u00e4roperation in der Ukraine ganz zu schweigen \u2013 sie wurden von der &#8220;demokratischen&#8221; Presse regelrecht entmenschlicht. Alle, die aus Sicht der Globalisten eine Gefahr f\u00fcr die &#8220;regelbasierte Weltordnung&#8221; darstellen \u2013 werden zu &#8220;Feinden der Demokratie&#8221; erkl\u00e4rt und zum Ziel von endlosen verbalen und politischen Attacken.<\/p>\n<p>Es ist nur zu offensichtlich, dass Menschen mit labiler Psyche dieser Hetzwelle nicht standhalten k\u00f6nnen \u2013 die einen von ihnen werden beim Doomscrolling durch Nachrichten \u00fcber angebliche Faschisten, die angeblich von allen Seiten die liberale Demokratie angreifen, depressiv.<\/p>\n<p>Und die anderen werden gewaltt\u00e4tig oder greifen zur Waffe. Mittlerweile ist es gewiss keine \u00dcbertreibung, wenn man feststellt: globalistische und linksliberale Mainstream-Medien stacheln Menschen zu Gewalt an.<\/p>\n<p>Und da soll einen auch nicht t\u00e4uschen, dass dieselben linksliberalen Kr\u00e4fte sich oft als die gr\u00f6\u00dften K\u00e4mpfer f\u00fcr Menschenrechte oder &#8220;f\u00fcr die gute Sache&#8221; pr\u00e4sentieren: f\u00fcr den Feminismus, f\u00fcrs Klima oder f\u00fcr die Rechte verschiedener Minderheiten. An dem Fall der Russin Darja Trepowa kann man ablesen, dass auch eine vegane \u00d6kofeministin zu Mord angestachelt werden kann.\u00a0<\/p>\n<p>Aber auch die deutschen Gr\u00fcnen sind ein markantes Beispiel daf\u00fcr, dass eine Pro-\u00d6ko- und Menschenrechte-Rhetorik und gleichzeitige Kriegstreiberei und Bef\u00fcrwortung von Waffenlieferungen in Kriegsgebiete sich mittlerweile wunderbar vereinen lassen.<\/p>\n<p>Die Situation ist insofern hochgef\u00e4hrlich, als es nicht die geringsten Anzeichen daf\u00fcr gibt, dass die aggressive Propagandakampagne gegen alle Andersdenkenden, die auf die eine oder andere Weise\u00a0gegen den transnationalen Globalismus opponieren, in naher Zukunft abbrechen k\u00f6nnte.<\/p>\n<p>Auch in Deutschland nehmen politisch motivierte Gewalttaten drastisch zu, wobei AfD-Politiker am h\u00e4ufigsten k\u00f6rperlich angegriffen werden. Letzteres kann einen nicht wundern, wenn man bedenkt, dass in den \u00f6ffentlich-rechtlichen Medien gerade gegen die &#8220;Alternative f\u00fcr Deutschland&#8221; massiv Stimmung gemacht wird. Inzwischen kann man beim Aufz\u00e4hlen dessen, was der AfD alles vorgeworfen wird, m\u00fcde werden: AfD-Politiker seien China- und Russland-Spione, Demokratie-Feinde, Putin-Verehrer, Faschisten, rechte Extremisten \u2026 kurzum der Inbegriff des B\u00f6sen und des Falschen.<\/p>\n<p>Wen soll da noch \u00fcberraschen, dass sie immer h\u00e4ufiger Opfer von Angriffen werden?!<\/p>\n<p>Doch in den \u00d6RR-Medien bislang keine Spur von Selbstreflexion \u2013 stattdessen wird ein kontr\u00e4res Bild gemalt.<\/p>\n<p>Schaut man <em>ZDF<\/em> oder <em>ARD,<\/em> so kann man leicht den falschen Eindruck gewinnen, dass an der zunehmenden Gewalt fast nur Politiker des sogenannten &#8220;demokratischen Spektrums&#8221; leiden (die AfD nat\u00fcrlich nicht mit eingeschlossen; sie ist ja angeblich keine demokratische Partei!).<\/p>\n<p>Allen voran die Gr\u00fcnen werden als Hauptopfer von politischen Anfeindungen inszeniert. Sicher, Gr\u00fcnen-Politiker werden jetzt tats\u00e4chlich ebenfalls h\u00e4ufig angegangen \u2013 und das sollte man auch keinesfalls leugnen oder herunterspielen. Doch genau das Gleiche gilt auch f\u00fcr Mitglieder der AfD \u2013 wer Attacken auf sie herunterzuspielen oder gar wegzuschweigen versucht, verbreitet bewusst Halbwahrheiten. Und eine Halbwahrheit ist eben immer eine L\u00fcge.<\/p>\n<p>Eins ist v\u00f6llig klar: Wenn die mediale Beleuchtung von politischen Auseinandersetzungen nicht radikal \u00fcberdacht wird, und das sehr bald \u2013 in Deutschland, aber auch in den USA, in anderen L\u00e4ndern Europas.<\/p>\n<p>Wenn Anfeindungen von politischen Gegnern in der Mainstream-Presse nicht aufh\u00f6ren \u2013 dann wird auch ein Thomas Matthew Crooks nicht der letzte gewesen sein, der versucht hat, verbale Angriffe in reale zu \u00fcberf\u00fchren. Und leider muss man kein gro\u00dfer Wahrsager sein, um festzustellen, dass auch in Deutschland ein solches Attentat immer wahrscheinlicher wird.<\/p>\n<p><strong>Mehr zum Thema<\/strong>\u00a0\u2012\u00a0<a rel=\"nofollow noopener\" target=\"_blank\" href=\"https:\/\/freeassange.rtde.life\/nordamerika\/212512-medienbericht-schuetze-vom-trump-attentat\/\">Medienbericht: Sch\u00fctze vom Trump-Attentat bereits 30 Minuten vor dem Ereignis gesichtet<\/a><\/p>\n<div class=\"EmbedBlock-root EmbedBlock-externalVideo EmbedBlock-odysee\">\n<div class=\"VkEmbed\"><iframe class=\"lazyload\" data-src=\"https:\/\/odysee.com\/%24\/embed\/%40RTDE%3Ae%2FZuschauer-informieren-Polizei-%C3%BCber-Attent%C3%A4ter-%E2%80%93-zwei-Minuten-vor-Schuss-auf-Trump%3A6\" frameborder=\"0\" width=\"853\" height=\"480\" allowfullscreen><\/iframe><\/div>\n<\/div>\n<\/div>\n<p><br \/>\n<br \/><a href=\"https:\/\/de.rt.com\/meinung\/213948-angestachelt-zu-gewalt-wie-linksliberale\/\">Source link <\/a><\/p>\n","protected":false},"excerpt":{"rendered":"<p>Attentate auf Donald Trump und Robert Fico, immer h\u00e4ufiger werdende Angriffe auf AfD-Politiker \u2013 wenn die mediale Beleuchtung von politischen Auseinandersetzungen nicht radikal \u00fcberdacht wird, dann wird die Welt noch viele weitere Attacken auf Politiker erleben. Und um das vorauszusehen, muss man kein Wahrsager sein. Von Sergei Simonow Mitte Juli wurde die Welt durch das [&hellip;]<\/p>\n","protected":false},"author":3,"featured_media":65704,"comment_status":"open","ping_status":"open","sticky":false,"template":"","format":"standard","meta":{"_yoast_indexnow_last_ping":["1722274411"],"wp_automatic_camp":["217"],"774232f37b046d0d911ab5bf6e99b3ca":["Angestachelt zu Gewalt - Wie linksliberale Mainstream-Medien Menschen in den Wahnsinn treiben"],"original_link":["https:\/\/de.rt.com\/meinung\/213948-angestachelt-zu-gewalt-wie-linksliberale\/"],"_thumbnail_id":["65704"],"_wptgpro_p2tg_sent2tg":["a:1:{i:23737;s:19:\"2024-07-29 19:34:57\";}"],"jnews_social_counter_last_update":["1777178751"]},"categories":[19,23],"tags":[57085,48,7768,57086,21625,1378,6055,21180,579],"yoast_head":"<!-- This site is optimized with the Yoast SEO Premium plugin v22.7 (Yoast SEO v22.7) - https:\/\/yoast.com\/wordpress\/plugins\/seo\/ -->\n<title>Angestachelt zu Gewalt - Wie linksliberale Mainstream-Medien Menschen in den Wahnsinn treiben - just-now.NEWS Deutschland<\/title>\n<meta name=\"robots\" content=\"index, follow, max-snippet:-1, max-image-preview:large, max-video-preview:-1\" \/>\n<link rel=\"canonical\" href=\"https:\/\/now-news.de\/de\/deutschland\/angestachelt-zu-gewalt-wie-linksliberale-mainstream-medien-menschen-in-den-wahnsinn-treiben\/\" \/>\n<meta property=\"og:locale\" content=\"de_DE\" \/>\n<meta property=\"og:type\" content=\"article\" \/>\n<meta property=\"og:title\" content=\"Angestachelt zu Gewalt - Wie linksliberale Mainstream-Medien Menschen in den Wahnsinn treiben\" \/>\n<meta property=\"og:description\" content=\"Attentate auf Donald Trump und Robert Fico, immer h\u00e4ufiger werdende Angriffe auf AfD-Politiker \u2013 wenn die mediale Beleuchtung von politischen Auseinandersetzungen nicht radikal \u00fcberdacht wird, dann wird die Welt noch viele weitere Attacken auf Politiker erleben. Und um das vorauszusehen, muss man kein Wahrsager sein. Von Sergei Simonow Mitte Juli wurde die Welt durch das [&hellip;]\" \/>\n<meta property=\"og:url\" content=\"https:\/\/now-news.de\/de\/deutschland\/angestachelt-zu-gewalt-wie-linksliberale-mainstream-medien-menschen-in-den-wahnsinn-treiben\/\" \/>\n<meta property=\"og:site_name\" content=\"just-now.NEWS Deutschland\" \/>\n<meta property=\"article:publisher\" content=\"https:\/\/www.facebook.com\/wirmachenauf\" \/>\n<meta property=\"article:published_time\" content=\"2024-07-29T17:21:03+00:00\" \/>\n<meta property=\"og:image\" content=\"https:\/\/now-news.de\/de\/wp-content\/uploads\/sites\/3\/2024\/07\/66a7cdc748fbef19972b76dd.jpg\" \/>\n<meta name=\"author\" content=\"rtnews\" \/>\n<meta name=\"twitter:card\" content=\"summary_large_image\" \/>\n<meta name=\"twitter:creator\" content=\"@WirMachenAuf_de\" \/>\n<meta name=\"twitter:site\" content=\"@WirMachenAuf_de\" \/>\n<meta name=\"twitter:label1\" content=\"Verfasst von\" \/>\n\t<meta name=\"twitter:data1\" content=\"rtnews\" \/>\n\t<meta name=\"twitter:label2\" content=\"Gesch\u00e4tzte Lesezeit\" \/>\n\t<meta name=\"twitter:data2\" content=\"7\u00a0Minuten\" \/>\n<script type=\"application\/ld+json\" class=\"yoast-schema-graph\">{\"@context\":\"https:\/\/schema.org\",\"@graph\":[{\"@type\":\"Article\",\"@id\":\"https:\/\/now-news.de\/de\/deutschland\/angestachelt-zu-gewalt-wie-linksliberale-mainstream-medien-menschen-in-den-wahnsinn-treiben\/#article\",\"isPartOf\":{\"@id\":\"https:\/\/now-news.de\/de\/deutschland\/angestachelt-zu-gewalt-wie-linksliberale-mainstream-medien-menschen-in-den-wahnsinn-treiben\/\"},\"author\":{\"name\":\"rtnews\",\"@id\":\"https:\/\/now-news.de\/de\/#\/schema\/person\/fb534a4e865501d8b3285208df34a9b5\"},\"headline\":\"Angestachelt zu Gewalt &#8211; Wie linksliberale Mainstream-Medien Menschen in den Wahnsinn treiben\",\"datePublished\":\"2024-07-29T17:21:03+00:00\",\"dateModified\":\"2024-07-29T17:21:03+00:00\",\"mainEntityOfPage\":{\"@id\":\"https:\/\/now-news.de\/de\/deutschland\/angestachelt-zu-gewalt-wie-linksliberale-mainstream-medien-menschen-in-den-wahnsinn-treiben\/\"},\"wordCount\":1393,\"commentCount\":0,\"publisher\":{\"@id\":\"https:\/\/now-news.de\/de\/#organization\"},\"image\":{\"@id\":\"https:\/\/now-news.de\/de\/deutschland\/angestachelt-zu-gewalt-wie-linksliberale-mainstream-medien-menschen-in-den-wahnsinn-treiben\/#primaryimage\"},\"thumbnailUrl\":\"https:\/\/now-news.de\/de\/wp-content\/uploads\/sites\/3\/2024\/07\/Angestachelt-zu-Gewalt-Wie-linksliberale-Mainstream-Medien-Menschen-in-den.jpg\",\"keywords\":[\"Angestachelt\",\"den\",\"Gewalt\",\"linksliberale\",\"MainstreamMedien\",\"Menschen\",\"treiben\",\"Wahnsinn\",\"Wie\"],\"articleSection\":[\"Deutschland\",\"Russland\"],\"inLanguage\":\"de\",\"potentialAction\":[{\"@type\":\"CommentAction\",\"name\":\"Comment\",\"target\":[\"https:\/\/now-news.de\/de\/deutschland\/angestachelt-zu-gewalt-wie-linksliberale-mainstream-medien-menschen-in-den-wahnsinn-treiben\/#respond\"]}]},{\"@type\":\"WebPage\",\"@id\":\"https:\/\/now-news.de\/de\/deutschland\/angestachelt-zu-gewalt-wie-linksliberale-mainstream-medien-menschen-in-den-wahnsinn-treiben\/\",\"url\":\"https:\/\/now-news.de\/de\/deutschland\/angestachelt-zu-gewalt-wie-linksliberale-mainstream-medien-menschen-in-den-wahnsinn-treiben\/\",\"name\":\"Angestachelt zu Gewalt - Wie linksliberale Mainstream-Medien Menschen in den Wahnsinn treiben - just-now.NEWS Deutschland\",\"isPartOf\":{\"@id\":\"https:\/\/now-news.de\/de\/#website\"},\"primaryImageOfPage\":{\"@id\":\"https:\/\/now-news.de\/de\/deutschland\/angestachelt-zu-gewalt-wie-linksliberale-mainstream-medien-menschen-in-den-wahnsinn-treiben\/#primaryimage\"},\"image\":{\"@id\":\"https:\/\/now-news.de\/de\/deutschland\/angestachelt-zu-gewalt-wie-linksliberale-mainstream-medien-menschen-in-den-wahnsinn-treiben\/#primaryimage\"},\"thumbnailUrl\":\"https:\/\/now-news.de\/de\/wp-content\/uploads\/sites\/3\/2024\/07\/Angestachelt-zu-Gewalt-Wie-linksliberale-Mainstream-Medien-Menschen-in-den.jpg\",\"datePublished\":\"2024-07-29T17:21:03+00:00\",\"dateModified\":\"2024-07-29T17:21:03+00:00\",\"breadcrumb\":{\"@id\":\"https:\/\/now-news.de\/de\/deutschland\/angestachelt-zu-gewalt-wie-linksliberale-mainstream-medien-menschen-in-den-wahnsinn-treiben\/#breadcrumb\"},\"inLanguage\":\"de\",\"potentialAction\":[{\"@type\":\"ReadAction\",\"target\":[\"https:\/\/now-news.de\/de\/deutschland\/angestachelt-zu-gewalt-wie-linksliberale-mainstream-medien-menschen-in-den-wahnsinn-treiben\/\"]}]},{\"@type\":\"ImageObject\",\"inLanguage\":\"de\",\"@id\":\"https:\/\/now-news.de\/de\/deutschland\/angestachelt-zu-gewalt-wie-linksliberale-mainstream-medien-menschen-in-den-wahnsinn-treiben\/#primaryimage\",\"url\":\"https:\/\/now-news.de\/de\/wp-content\/uploads\/sites\/3\/2024\/07\/Angestachelt-zu-Gewalt-Wie-linksliberale-Mainstream-Medien-Menschen-in-den.jpg\",\"contentUrl\":\"https:\/\/now-news.de\/de\/wp-content\/uploads\/sites\/3\/2024\/07\/Angestachelt-zu-Gewalt-Wie-linksliberale-Mainstream-Medien-Menschen-in-den.jpg\",\"width\":460,\"height\":259,\"caption\":\"Angestachelt zu Gewalt - Wie linksliberale Mainstream-Medien Menschen in den Wahnsinn treiben\"},{\"@type\":\"BreadcrumbList\",\"@id\":\"https:\/\/now-news.de\/de\/deutschland\/angestachelt-zu-gewalt-wie-linksliberale-mainstream-medien-menschen-in-den-wahnsinn-treiben\/#breadcrumb\",\"itemListElement\":[{\"@type\":\"ListItem\",\"position\":1,\"name\":\"Home\",\"item\":\"https:\/\/now-news.de\/de\/\"},{\"@type\":\"ListItem\",\"position\":2,\"name\":\"Angestachelt zu Gewalt &#8211; Wie linksliberale Mainstream-Medien Menschen in den Wahnsinn treiben\"}]},{\"@type\":\"WebSite\",\"@id\":\"https:\/\/now-news.de\/de\/#website\",\"url\":\"https:\/\/now-news.de\/de\/\",\"name\":\"just-now.NEWS Deutschland\",\"description\":\"Das Portal f\u00fcr unzensierte Nachrichten aus der Welt\",\"publisher\":{\"@id\":\"https:\/\/now-news.de\/de\/#organization\"},\"potentialAction\":[{\"@type\":\"SearchAction\",\"target\":{\"@type\":\"EntryPoint\",\"urlTemplate\":\"https:\/\/now-news.de\/de\/?s={search_term_string}\"},\"query-input\":\"required name=search_term_string\"}],\"inLanguage\":\"de\"},{\"@type\":\"Organization\",\"@id\":\"https:\/\/now-news.de\/de\/#organization\",\"name\":\"Just Now News\",\"url\":\"https:\/\/now-news.de\/de\/\",\"logo\":{\"@type\":\"ImageObject\",\"inLanguage\":\"de\",\"@id\":\"https:\/\/now-news.de\/de\/#\/schema\/logo\/image\/\",\"url\":\"http:\/\/just-now.news\/de\/wp-content\/uploads\/sites\/3\/2022\/04\/logo500x500.jpg\",\"contentUrl\":\"http:\/\/just-now.news\/de\/wp-content\/uploads\/sites\/3\/2022\/04\/logo500x500.jpg\",\"width\":500,\"height\":500,\"caption\":\"Just Now News\"},\"image\":{\"@id\":\"https:\/\/now-news.de\/de\/#\/schema\/logo\/image\/\"},\"sameAs\":[\"https:\/\/www.facebook.com\/wirmachenauf\",\"https:\/\/x.com\/WirMachenAuf_de\"]},{\"@type\":\"Person\",\"@id\":\"https:\/\/now-news.de\/de\/#\/schema\/person\/fb534a4e865501d8b3285208df34a9b5\",\"name\":\"rtnews\",\"image\":{\"@type\":\"ImageObject\",\"inLanguage\":\"de\",\"@id\":\"https:\/\/now-news.de\/de\/#\/schema\/person\/image\/\",\"url\":\"https:\/\/secure.gravatar.com\/avatar\/82aafea7d8127119dd649515f56e2117?s=96&d=mm&r=g\",\"contentUrl\":\"https:\/\/secure.gravatar.com\/avatar\/82aafea7d8127119dd649515f56e2117?s=96&d=mm&r=g\",\"caption\":\"rtnews\"},\"url\":\"https:\/\/now-news.de\/de\/author\/rnews\/\"}]}<\/script>\n<!-- \/ Yoast SEO Premium plugin. -->","yoast_head_json":{"title":"Angestachelt zu Gewalt - Wie linksliberale Mainstream-Medien Menschen in den Wahnsinn treiben - just-now.NEWS Deutschland","robots":{"index":"index","follow":"follow","max-snippet":"max-snippet:-1","max-image-preview":"max-image-preview:large","max-video-preview":"max-video-preview:-1"},"canonical":"https:\/\/now-news.de\/de\/deutschland\/angestachelt-zu-gewalt-wie-linksliberale-mainstream-medien-menschen-in-den-wahnsinn-treiben\/","og_locale":"de_DE","og_type":"article","og_title":"Angestachelt zu Gewalt - Wie linksliberale Mainstream-Medien Menschen in den Wahnsinn treiben","og_description":"Attentate auf Donald Trump und Robert Fico, immer h\u00e4ufiger werdende Angriffe auf AfD-Politiker \u2013 wenn die mediale Beleuchtung von politischen Auseinandersetzungen nicht radikal \u00fcberdacht wird, dann wird die Welt noch viele weitere Attacken auf Politiker erleben. Und um das vorauszusehen, muss man kein Wahrsager sein. Von Sergei Simonow Mitte Juli wurde die Welt durch das [&hellip;]","og_url":"https:\/\/now-news.de\/de\/deutschland\/angestachelt-zu-gewalt-wie-linksliberale-mainstream-medien-menschen-in-den-wahnsinn-treiben\/","og_site_name":"just-now.NEWS Deutschland","article_publisher":"https:\/\/www.facebook.com\/wirmachenauf","article_published_time":"2024-07-29T17:21:03+00:00","og_image":[{"url":"https:\/\/now-news.de\/de\/wp-content\/uploads\/sites\/3\/2024\/07\/66a7cdc748fbef19972b76dd.jpg"}],"author":"rtnews","twitter_card":"summary_large_image","twitter_creator":"@WirMachenAuf_de","twitter_site":"@WirMachenAuf_de","twitter_misc":{"Verfasst von":"rtnews","Gesch\u00e4tzte Lesezeit":"7\u00a0Minuten"},"schema":{"@context":"https:\/\/schema.org","@graph":[{"@type":"Article","@id":"https:\/\/now-news.de\/de\/deutschland\/angestachelt-zu-gewalt-wie-linksliberale-mainstream-medien-menschen-in-den-wahnsinn-treiben\/#article","isPartOf":{"@id":"https:\/\/now-news.de\/de\/deutschland\/angestachelt-zu-gewalt-wie-linksliberale-mainstream-medien-menschen-in-den-wahnsinn-treiben\/"},"author":{"name":"rtnews","@id":"https:\/\/now-news.de\/de\/#\/schema\/person\/fb534a4e865501d8b3285208df34a9b5"},"headline":"Angestachelt zu Gewalt &#8211; Wie linksliberale Mainstream-Medien Menschen in den Wahnsinn treiben","datePublished":"2024-07-29T17:21:03+00:00","dateModified":"2024-07-29T17:21:03+00:00","mainEntityOfPage":{"@id":"https:\/\/now-news.de\/de\/deutschland\/angestachelt-zu-gewalt-wie-linksliberale-mainstream-medien-menschen-in-den-wahnsinn-treiben\/"},"wordCount":1393,"commentCount":0,"publisher":{"@id":"https:\/\/now-news.de\/de\/#organization"},"image":{"@id":"https:\/\/now-news.de\/de\/deutschland\/angestachelt-zu-gewalt-wie-linksliberale-mainstream-medien-menschen-in-den-wahnsinn-treiben\/#primaryimage"},"thumbnailUrl":"https:\/\/now-news.de\/de\/wp-content\/uploads\/sites\/3\/2024\/07\/Angestachelt-zu-Gewalt-Wie-linksliberale-Mainstream-Medien-Menschen-in-den.jpg","keywords":["Angestachelt","den","Gewalt","linksliberale","MainstreamMedien","Menschen","treiben","Wahnsinn","Wie"],"articleSection":["Deutschland","Russland"],"inLanguage":"de","potentialAction":[{"@type":"CommentAction","name":"Comment","target":["https:\/\/now-news.de\/de\/deutschland\/angestachelt-zu-gewalt-wie-linksliberale-mainstream-medien-menschen-in-den-wahnsinn-treiben\/#respond"]}]},{"@type":"WebPage","@id":"https:\/\/now-news.de\/de\/deutschland\/angestachelt-zu-gewalt-wie-linksliberale-mainstream-medien-menschen-in-den-wahnsinn-treiben\/","url":"https:\/\/now-news.de\/de\/deutschland\/angestachelt-zu-gewalt-wie-linksliberale-mainstream-medien-menschen-in-den-wahnsinn-treiben\/","name":"Angestachelt zu Gewalt - Wie linksliberale Mainstream-Medien Menschen in den Wahnsinn treiben - just-now.NEWS Deutschland","isPartOf":{"@id":"https:\/\/now-news.de\/de\/#website"},"primaryImageOfPage":{"@id":"https:\/\/now-news.de\/de\/deutschland\/angestachelt-zu-gewalt-wie-linksliberale-mainstream-medien-menschen-in-den-wahnsinn-treiben\/#primaryimage"},"image":{"@id":"https:\/\/now-news.de\/de\/deutschland\/angestachelt-zu-gewalt-wie-linksliberale-mainstream-medien-menschen-in-den-wahnsinn-treiben\/#primaryimage"},"thumbnailUrl":"https:\/\/now-news.de\/de\/wp-content\/uploads\/sites\/3\/2024\/07\/Angestachelt-zu-Gewalt-Wie-linksliberale-Mainstream-Medien-Menschen-in-den.jpg","datePublished":"2024-07-29T17:21:03+00:00","dateModified":"2024-07-29T17:21:03+00:00","breadcrumb":{"@id":"https:\/\/now-news.de\/de\/deutschland\/angestachelt-zu-gewalt-wie-linksliberale-mainstream-medien-menschen-in-den-wahnsinn-treiben\/#breadcrumb"},"inLanguage":"de","potentialAction":[{"@type":"ReadAction","target":["https:\/\/now-news.de\/de\/deutschland\/angestachelt-zu-gewalt-wie-linksliberale-mainstream-medien-menschen-in-den-wahnsinn-treiben\/"]}]},{"@type":"ImageObject","inLanguage":"de","@id":"https:\/\/now-news.de\/de\/deutschland\/angestachelt-zu-gewalt-wie-linksliberale-mainstream-medien-menschen-in-den-wahnsinn-treiben\/#primaryimage","url":"https:\/\/now-news.de\/de\/wp-content\/uploads\/sites\/3\/2024\/07\/Angestachelt-zu-Gewalt-Wie-linksliberale-Mainstream-Medien-Menschen-in-den.jpg","contentUrl":"https:\/\/now-news.de\/de\/wp-content\/uploads\/sites\/3\/2024\/07\/Angestachelt-zu-Gewalt-Wie-linksliberale-Mainstream-Medien-Menschen-in-den.jpg","width":460,"height":259,"caption":"Angestachelt zu Gewalt - Wie linksliberale Mainstream-Medien Menschen in den Wahnsinn treiben"},{"@type":"BreadcrumbList","@id":"https:\/\/now-news.de\/de\/deutschland\/angestachelt-zu-gewalt-wie-linksliberale-mainstream-medien-menschen-in-den-wahnsinn-treiben\/#breadcrumb","itemListElement":[{"@type":"ListItem","position":1,"name":"Home","item":"https:\/\/now-news.de\/de\/"},{"@type":"ListItem","position":2,"name":"Angestachelt zu Gewalt &#8211; Wie linksliberale Mainstream-Medien Menschen in den Wahnsinn treiben"}]},{"@type":"WebSite","@id":"https:\/\/now-news.de\/de\/#website","url":"https:\/\/now-news.de\/de\/","name":"just-now.NEWS Deutschland","description":"Das Portal f\u00fcr unzensierte Nachrichten aus der Welt","publisher":{"@id":"https:\/\/now-news.de\/de\/#organization"},"potentialAction":[{"@type":"SearchAction","target":{"@type":"EntryPoint","urlTemplate":"https:\/\/now-news.de\/de\/?s={search_term_string}"},"query-input":"required name=search_term_string"}],"inLanguage":"de"},{"@type":"Organization","@id":"https:\/\/now-news.de\/de\/#organization","name":"Just Now News","url":"https:\/\/now-news.de\/de\/","logo":{"@type":"ImageObject","inLanguage":"de","@id":"https:\/\/now-news.de\/de\/#\/schema\/logo\/image\/","url":"http:\/\/just-now.news\/de\/wp-content\/uploads\/sites\/3\/2022\/04\/logo500x500.jpg","contentUrl":"http:\/\/just-now.news\/de\/wp-content\/uploads\/sites\/3\/2022\/04\/logo500x500.jpg","width":500,"height":500,"caption":"Just Now News"},"image":{"@id":"https:\/\/now-news.de\/de\/#\/schema\/logo\/image\/"},"sameAs":["https:\/\/www.facebook.com\/wirmachenauf","https:\/\/x.com\/WirMachenAuf_de"]},{"@type":"Person","@id":"https:\/\/now-news.de\/de\/#\/schema\/person\/fb534a4e865501d8b3285208df34a9b5","name":"rtnews","image":{"@type":"ImageObject","inLanguage":"de","@id":"https:\/\/now-news.de\/de\/#\/schema\/person\/image\/","url":"https:\/\/secure.gravatar.com\/avatar\/82aafea7d8127119dd649515f56e2117?s=96&d=mm&r=g","contentUrl":"https:\/\/secure.gravatar.com\/avatar\/82aafea7d8127119dd649515f56e2117?s=96&d=mm&r=g","caption":"rtnews"},"url":"https:\/\/now-news.de\/de\/author\/rnews\/"}]}},"_links":{"self":[{"href":"https:\/\/now-news.de\/de\/wp-json\/wp\/v2\/posts\/65703"}],"collection":[{"href":"https:\/\/now-news.de\/de\/wp-json\/wp\/v2\/posts"}],"about":[{"href":"https:\/\/now-news.de\/de\/wp-json\/wp\/v2\/types\/post"}],"author":[{"embeddable":true,"href":"https:\/\/now-news.de\/de\/wp-json\/wp\/v2\/users\/3"}],"replies":[{"embeddable":true,"href":"https:\/\/now-news.de\/de\/wp-json\/wp\/v2\/comments?post=65703"}],"version-history":[{"count":0,"href":"https:\/\/now-news.de\/de\/wp-json\/wp\/v2\/posts\/65703\/revisions"}],"wp:featuredmedia":[{"embeddable":true,"href":"https:\/\/now-news.de\/de\/wp-json\/wp\/v2\/media\/65704"}],"wp:attachment":[{"href":"https:\/\/now-news.de\/de\/wp-json\/wp\/v2\/media?parent=65703"}],"wp:term":[{"taxonomy":"category","embeddable":true,"href":"https:\/\/now-news.de\/de\/wp-json\/wp\/v2\/categories?post=65703"},{"taxonomy":"post_tag","embeddable":true,"href":"https:\/\/now-news.de\/de\/wp-json\/wp\/v2\/tags?post=65703"}],"curies":[{"name":"wp","href":"https:\/\/api.w.org\/{rel}","templated":true}]}}