{"id":65691,"date":"2024-07-29T17:35:28","date_gmt":"2024-07-29T15:35:28","guid":{"rendered":"https:\/\/now-news.de\/de\/deutschland\/rki-files-belegen-lauterbachs-steckenpferd-long-covid-ohne-eindeutige-beleggrundlage\/"},"modified":"2024-07-29T17:35:28","modified_gmt":"2024-07-29T15:35:28","slug":"rki-files-belegen-lauterbachs-steckenpferd-long-covid-ohne-eindeutige-beleggrundlage","status":"publish","type":"post","link":"https:\/\/now-news.de\/de\/deutschland\/rki-files-belegen-lauterbachs-steckenpferd-long-covid-ohne-eindeutige-beleggrundlage\/","title":{"rendered":"&quot;RKI-Files&quot; belegen: Lauterbachs Steckenpferd &quot;Long-COVID&quot; ohne eindeutige Beleggrundlage"},"content":{"rendered":"<div class=\"Text-root Text-type_1 \">\n                Der Wikipedia-Eintrag zu &#8220;Falschinformationen zur COVID-19-Pandemie&#8221; bedarf aktuell &#8220;einer grunds\u00e4tzlichen \u00dcberarbeitung&#8221;, da &#8220;einzelne Darstellungen in dem Artikel veraltet sind&#8221;. Gr\u00fcnde finden sich in den &#8220;RKI-Files&#8221;, die weiterhin belegen, die Politik verunsicherte die B\u00fcrger mit mutwilliger Desinformation.\n            <\/div>\n<p><\/p>\n<div class=\"Text-root Text-type_5 ArticleView-text ViewText-root \">\n<p><em>Von Bernhard Loyen<\/em><\/p>\n<p>Im M\u00e4rz 2024 sorgte\u00a0der Journalist Paul Schreyer, Macher der Online-Plattform Multipolar, durch sein privat finanziertes Engagement daf\u00fcr, dass \u00fcber entsprechende juristische Klagen die sp\u00e4ter medial titulierten &#8220;RKI-Files&#8221; den Weg in\u00a0die \u00d6ffentlichkeit erlangten. Diese Protokolle waren inhaltlich begrenzt auf die Inhalte von Januar 2020 bis Fr\u00fchjahr 2021 und teilweise geschw\u00e4rzt. Am 23. Juli pr\u00e4sentierte die Bloggerin\u00a0Aya Vel\u00e1zquez, zusammen mit dem Ma\u00dfnahmenkritiker Professor Stefan Homburg und dem freien Journalisten Bastian Barucker den kompletten Datensatz, zugeschanzt durch eine\u00a0ungenannte RKI-Quelle, so die Information auf einer gemeinsamen Pressekonferenz.<\/p>\n<p>Auf der Veranstaltung wurden interessierte B\u00fcrger aufgefordert, die tausenden Seiten herunterzuladen und sich kritisch mit den Inhalten auseinanderzusetzen. Es folgt die Darlegung und\u00a0<a rel=\"nofollow noopener\" target=\"_blank\" href=\"https:\/\/x.com\/p3likaan\/status\/1817790985528566146?ref_src=twsrc%5Etfw%7Ctwcamp%5Etweetembed%7Ctwterm%5E1817790985528566146%7Ctwgr%5E2ac6bec3bcc22cd9c5ab2a47124cc3c20656cb62%7Ctwcon%5Es1_&amp;ref_url=https%3A%2F%2Fthreadreaderapp.com%2Fthread%2F1817806361654165732.html\">Zusammenfassung<\/a>\u00a0von brisanten Entdeckungen des X-Users &#8216;p3likan&#8217;, der in dem sogenannten &#8220;Zusatzmaterial&#8221; von internen E-Mails mehr als erkenntnisreiche Inhalte zu einem der auff\u00e4lligsten &#8220;Steckenpferd-Themen&#8221; von\u00a0Bundesgesundheitsminister Karl Lauterbach in der &#8220;Corona-Krise&#8221; recherchierte. Das Hauptthema ist das mit Millionen von Steuergeldern gef\u00f6rderte und auff\u00e4llig aggressiv medial-politisch in den Vordergrund ger\u00fcckte &#8220;Long-COVID&#8221;.\u00a0<\/p>\n<p>In dem reichhaltigen Material der &#8220;RKI-Files&#8221; findet sich auch der Ordner &#8220;E-Mail-Korrespondenz des RKI&#8221;.\u00a0X-User &#8216;p3likan&#8217; st\u00f6berte durch drei weitere Unterordner mit den Jahreszahlen 2020, 2021 und 2022. Barucker\u00a0<a rel=\"nofollow noopener\" target=\"_blank\" href=\"https:\/\/threadreaderapp.com\/thread\/1817806361654165732.html\">kommentiert<\/a>\u00a0in einer ersten Stellungnahme zu dem X-Beitrag von\u00a0&#8216;p3likan&#8217;:<\/p>\n<p><em>&#8220;Die RKI-Protokolle belegen, dass es keinerlei Evidenz f\u00fcr die Behauptung gab, dass die mRNA-Injektionen vor Long-COVID sch\u00fctzen w\u00fcrden. Herr Lauterbach warb unter Vort\u00e4uschung falscher Tatsachen trotzdem damit, um Erwachsene und Kinder zum &#8216;Impfen&#8217; zu bewegen.&#8221;<\/em><\/p>\n<p>&#8216;p3likan&#8217; selbst erl\u00e4utert dabei jeweils seine Entdeckungen, Darlegungen und Schlussfolgerungen, und untermauert diese mit Screenshots aus den Unterlagen (Schreibweise &#8216;p3likan&#8217;, die Schw\u00e4rzungen erfolgten durch &#8216;p3likan&#8217; aus &#8220;publizistischer Verantwortung&#8221;):<\/p>\n<p><em>&#8220;Am 29. Juni 2022 sollte innerhalb des RKI die Frage gekl\u00e4rt werden, ob die Impfung einen sch\u00fctzenden Effekt gegen\u00fcber Long-COVID hat.\u00a0Am 30. Juni folgte die Antwort, dass die Frage nicht abschlie\u00dfend beantwortet werden kann, da die EVIDENZLAGE bislang NICHT klar ist!&#8221;<\/em><\/p>\n<figure class=\"RTImage-root\">\n<div class=\"RTImage-image RTImage-original\"><picture class=\"Picture-root Picture-original\"><!--[if IE 9]><video style=\"display: none;\"><![endif]--><source media=\"(-webkit-min-device-pixel-ratio: 2) and (min-resolution: 120dpi)\" data-srcset=\" \nhttps:\/\/now-news.de\/de\/wp-content\/uploads\/sites\/3\/2024\/07\/66a7743548fbef0d9107a691.JPG 850w,\n                https:\/\/now-news.de\/de\/wp-content\/uploads\/sites\/3\/2024\/07\/66a7743548fbef0d9107a691.JPG 1960w,            \" ><source data-srcset=\" \nhttps:\/\/now-news.de\/de\/wp-content\/uploads\/sites\/3\/2024\/07\/66a7743548fbef0d9107a691.JPG 460w,\n              https:\/\/now-news.de\/de\/wp-content\/uploads\/sites\/3\/2024\/07\/66a7743548fbef0d9107a691.JPG 980w,\n            \" ><!--[if IE 9]><\/video><![endif]--><img decoding=\"async\" data- src=\"data:image\/png;base64,iVBORw0KGgoAAAANSUhEUgAAABAAAAAJCAQAAACRI2S5AAAAEElEQVR42mNkIAAYRxWAAQAG9gAKqv6+AwAAAABJRU5ErkJggg==\" class=\"Picture-root Picture-original lazyload\" data-src=\"https:\/\/now-news.de\/de\/wp-content\/uploads\/sites\/3\/2024\/07\/66a7743548fbef0d9107a691.JPG\" alt=\"\"><\/source><\/source><\/picture><!-- noscript pattern --><noscript><img decoding=\"async\" src=\"https:\/\/now-news.de\/de\/wp-content\/uploads\/sites\/3\/2024\/07\/66a7743548fbef0d9107a691.JPG\" alt=\"\"><\/noscript><\/div><figcaption class=\"RTImage-footer\"><span class=\"RTImage-caption\"><span class=\"RTImage-captionItem\">&#8216;p3likan&#8217;<\/span><\/span><span class=\"RTImage-source\"><span class=\"RTImage-captionItem\">Screenshot: RKI-Files<\/span><\/span><\/figcaption><\/figure>\n<p>In den RKI-Protokollen findet sich thematisch dazu ein &#8220;Krisenstabssitzungsprotokoll&#8221; vom\u00a027.04.2022, also wenige Wochen vor der oben zitierten Mail (RKI-Protokolle des Jahres 2022, Seite 350). Dort hei\u00dft es:<\/p>\n<p><em>&#8220;Intensive Diskussion um Long-COVID-Stellungnahme, Stand: in Bearbeitung. Keine klare Definition Long-COVID, da Datenlage unzureichend ist. Mitaufnahme der psychosomatischen Beschwerden. \u00dcberlegung, Long-COVID-Patient:innen erneut zu impfen, aber hierzu auch noch keine Datenlage.&#8221;<\/em><\/p>\n<p>Zur Erinnerung, im Juli 2021\u00a0<a rel=\"nofollow noopener\" target=\"_blank\" href=\"https:\/\/www.aerztezeitung.de\/Medizin\/Long-COVID-Mehr-als-200-Symptome-erfasst-421367.html\">informierte<\/a>\u00a0bereits die \u00c4rzte-Zeitung zum diffusen Krankheitsbild &#8220;Long-COVID&#8221;: &#8220;Long-COVID: Mehr als 200 Symptome erfasst&#8221;. Trotz weiterhin nicht existierender sinnbringender wissenschaftlicher (Abschluss-)Expertise erfolgte ein Jahr sp\u00e4ter, am 1. Juli 2022, ein &#8220;Formulierungsvorschlag&#8221; eines geschw\u00e4rzten BMG-Absenders an das RKI:<\/p>\n<p><em>&#8220;Es gibt Hinweise (sic), aus mehreren Studien, dass eine vollst\u00e4ndige SARS-CoV-2-Schutzimpfung die H\u00e4ufigkeit und Auspr\u00e4gung von Long-COVID-Symptomen\u00a0mildern kann. Die Evidenz zu dieser Fragestellung ist jedoch heterogen (uneinheitlich) und bisherige systematische Bestandsaufnahmen kommen noch zu keinem endg\u00fcltigen Ergebnis.&#8221;<\/em><\/p>\n<p>Drei Tage sp\u00e4ter lautet die RKI-Antwort an eine &#8220;Liebe Frau Sch&#8230; (geschw\u00e4rzt).<\/p>\n<p><em>&#8220;Bei Durchsicht der von Ihnen entworfenen Passage habe ich den Eindruck, dass wir die S\u00e4tze vorerst\u00a0<strong>nicht<\/strong>\u00a0in die Risikobewertung aufnehmen sollten. Ich pers\u00f6nlich w\u00fcrde eher warten, bis die Evidenz etwas h\u00e4rter ist.&#8221;<\/em><\/p>\n<p>F\u00fcr kritische Betrachter dieser Unterlagen zeigt sich nun rund zwei Jahre sp\u00e4ter, dass nichts Genaues bekannt war und keinerlei Evidenz existierte. Stattdessen wurde dauersuchend (warum?) im Dunkeln gestochert\u00a0und lediglich gemutma\u00dft.<\/p>\n<p>Nur einer wusste wenige Tage sp\u00e4ter am 10. Juli &#8220;mega&#8221;-genau, wie es zum Thema Long-COVID ausschaut,\u00a0Bundesgesundheitsminister Karl Lauterbach:<\/p>\n<p><em>&#8220;Die Gefahr von Long-COVID wird mega untersch\u00e4tzt&#8221;<\/em><\/p>\n<div class=\"EmbedBlock-root EmbedBlock-twitter\">\n<div class=\"TwitterEmbed\">\n<blockquote class=\"twitter-tweet lazyload\" data-twitter=\"twitter-tweet\">\n<p lang=\"de\" dir=\"ltr\">Die Gefahr von <a rel=\"nofollow noopener\" target=\"_blank\" href=\"https:\/\/twitter.com\/hashtag\/LongCovid?src=hash&amp;ref_src=twsrc%5Etfw\">#LongCovid<\/a> wird mega untersch\u00e4tzt. Wir haben nicht im Ansatz die Therapiepl\u00e4tze daf\u00fcr. Menschen sollten sich nicht leichtfertig einer Infektion aussetzen, die ihr Leben ver\u00e4ndern kann. Impfungen senken das Risiko bei Infektion deutlich. <a rel=\"nofollow noopener\" target=\"_blank\" href=\"https:\/\/t.co\/TwU9ARuwjv\">https:\/\/t.co\/TwU9ARuwjv<\/a><\/p>\n<p>\u2014 Prof. Karl Lauterbach (@Karl_Lauterbach) <a rel=\"nofollow noopener\" target=\"_blank\" href=\"https:\/\/twitter.com\/Karl_Lauterbach\/status\/1546107041944584192?ref_src=twsrc%5Etfw\">July 10, 2022<\/a><\/p><\/blockquote>\n<\/div>\n<\/div>\n<p>Zu diesem Zeitpunkt gab es weiterhin schlicht kein wissenschaftliches Papier, das auch nur ann\u00e4hernd inhaltlich fundiert best\u00e4tigte, das ein\u00a0sch\u00fctzender Effekt\u00a0des neuartigen Krankheitsbildes Long-COVID\u00a0durch\u00a0eine &#8220;Corona-Impfung&#8221;\u00a0existiert.<\/p>\n<p>&#8216;p3likan&#8217; pr\u00e4sentiert zudem ein X-Posting Lauterbachs vom 23. Juli 2021 (sic), als der Hinterb\u00e4nkler noch rein &#8220;Gesundheitspolitischer Sprecher der SPD&#8221; und hei\u00df begehrter Talk-Gast bei ARD und ZDF war. Der &#8220;Corona-Einheizer&#8221; verweist dabei auf einen Artikel der\u00a0<em>S\u00fcddeutsche Zeitung<\/em>-Autorin Christina Berndt, die ebenfalls als ma\u00dfnahmentreue und\u00a0<a rel=\"nofollow noopener\" target=\"_blank\" href=\"https:\/\/christina-berndt.de\/auszeichnungen\/\">pr\u00e4mierte<\/a>\u00a0Regierungszuarbeiterin in den drei dunklen Jahren &#8220;gl\u00e4nzte&#8221;. Das weiterhin unfassbare\u00a0<a rel=\"nofollow noopener\" target=\"_blank\" href=\"https:\/\/x.com\/karl_lauterbach\/status\/1418496226186694659\">Momentum<\/a>\u00a0einer fatalen &#8220;Empfehlung&#8221; und dazu mehr als fahrl\u00e4ssigen Wahrnehmung Lauterbachs lautet w\u00f6rtlich:<\/p>\n<p><em>&#8220;Sehr guter,\u00a0<a rel=\"nofollow noopener\" target=\"_blank\" href=\"https:\/\/www.sueddeutsche.de\/wissen\/coronavirus-long-covid-kinder-1.5360429\">ausgewogener Artikel<\/a>\u00a0in der SZ von Christina Berndt zum Wissen \u00fcber Long-COVID\u00a0bei Kindern.\u00a0<strong>Aus meiner Sicht ist Long-COVID der wichtigste Grund f\u00fcr die Impfung von Kindern<\/strong>.&#8221;<\/em><\/p>\n<p>Der Nebel der Ungewissheit hat sich immer noch nicht gelichtet. Dies wird seitens Lauterbach negiert und mit folgenschwerem Aktionismus, bezogen auf immense Kosten der Steuerzahler, kaschiert. Im November 2023\u00a0informierte der unantastbare Minister, die Impfpflicht wurde final abgewendet, Lauterbach hatte fahrl\u00e4ssig genau zwei Jahre zuvor pers\u00f6nlich Kinder &#8220;<a rel=\"nofollow noopener\" target=\"_blank\" href=\"https:\/\/www.spiegel.de\/wissenschaft\/medizin\/karl-lauterbach-gesundheitsminister-impft-in-corona-pandemie-selbst-a-d2c421cf-e521-443a-b26a-141dad6f6d5e\">im Zoo Hannover<\/a>&#8221; den neuartigen mRNA-Wirkstoff injiziert &#8220;und damit f\u00fcr das Impfen geworben&#8221;:<\/p>\n<p>&#8220;<em>Gro\u00dfer Erfolg f\u00fcr Long-COVID\u00a0Erforschung. Insgesamt stehen 100 Millionen Euro f\u00fcr Erwachsene zur Verf\u00fcgung. Dazu kommen noch, auch neu, 50 Millionen f\u00fcr Kinder mit Long-COVID.&#8221;<\/em>\u00a0<\/p>\n<p>Im April dieses Jahres durfte der unantastbare Karl Lauterbach einfach ohne Belege\u00a0<a rel=\"nofollow noopener\" target=\"_blank\" href=\"https:\/\/www.ksta.de\/panorama\/karl-lauterbach-halbe-million-deutsche-leiden-an-long-covid-777505\">behaupten<\/a>: &#8220;Halbe Million Deutsche leiden an Long-COVID&#8221;, oder vielleicht doch an anderen physischen und psychischen Folgen der wesentlich von ihm mitgetragenen &#8220;Corona-Krise&#8221;?<\/p>\n<p>Es stellen sich\u00a0weiter dringliche und unbeantwortete Fragen. Betrachten behandelnde \u00c4rzte das Ph\u00e4nomen Long-COVID oder lebensbeeintr\u00e4chtigende Folgen und massive K\u00f6rperbeeintr\u00e4chtigungen ausgehend von diffusen Nebenwirkungen eines neuartigen und fahrl\u00e4ssig schnell auf den Markt geworfenen gewinnbringenden Pharmaprodukts der Stunde im Jahr 2020?\u00a0<\/p>\n<p>Wann erfolgt endlich der Startschuss f\u00fcr die dringend ben\u00f6tigte juristische Aufarbeitung schwerer Schuld von Politikern, wie Jens Spahn, Janosch Dahmen, Markus S\u00f6der, Katharina Schulze, um nur die aggressivsten Protagonisten der &#8220;Corona-Krise&#8221; zu benennen?<\/p>\n<p>Tragen auch entsprechende Journalisten eine juristisch definierte Mitschuld, ausgehend von der unmissverst\u00e4ndlichen Bewerbung eines Pharmaprodukts, ausgehend von Printartikeln sowie Fernseh- und Internetpr\u00e4sentationen? Genannt und erinnert sei hier explizit an die schwere Schuld\u00a0von\u00a0Mai Thi Nguyen-Kim,\u00a0<a rel=\"nofollow noopener\" target=\"_blank\" href=\"https:\/\/freedert.online\/inland\/126323-ciesek-und-nguyen-kim-bekommen\/\">pr\u00e4mierte<\/a>\u00a0&#8220;Wissenschaftsjournalistin und Fernsehmoderatorin bei ARD und ZDF&#8221;.\u00a0<\/p>\n<p>Und final und erneut, wer legt seit Jahren und weiterhin die sch\u00fctzende Hand \u00fcber den aggressivsten &#8220;Corona-T\u00e4ter&#8221;, alle anderen Bezeichnungen w\u00e4ren abschw\u00e4chend und damit unsachlich, Karl Lauterbach. Die <em>Welt<\/em>-Zeitung <a rel=\"nofollow noopener\" target=\"_blank\" href=\"https:\/\/www.welt.de\/politik\/deutschland\/article237593247\/Lauterbach-ueber-Ungeimpfte-Ganze-Land-in-Geiselhaft-dieser-Menschen.html\">titelte<\/a> nach seiner Rede zum Thema Impfpflicht im M\u00e4rz 2022:<\/p>\n<p><em>&#8220;&#8216;Das ganze Land wird in der Geiselhaft dieser Menschen sein&#8217; \u2013 Lauterbach \u00fcber Ungeimpfte&#8221;<\/em><\/p>\n<p>Ein weiterer X-Nutzer namens &#8216;TheRealTom&#8217; verwies am 29. Juli auf das j\u00fcngste Schmankerl zum Thema Corona und \u00f6ffentliche Wahrnehmungen der &#8220;<a rel=\"nofollow noopener\" target=\"_blank\" href=\"https:\/\/x.com\/vonderleyen\/status\/1244983031129137152?lang=de\">nur \u00fcber seri\u00f6se Quellen<\/a>&#8221; (Ursula von der Leyen, 2020) erhaltenen Informationen. So\u00a0hei\u00dft es auf der\u00a0 &#8220;Nicht-Enzyklop\u00e4die&#8221; Wikipedia\u00a0<a rel=\"nofollow noopener\" target=\"_blank\" href=\"https:\/\/de.wikipedia.org\/wiki\/Falschinformationen_zur_COVID-19-Pandemie\">aktuell<\/a>:<\/p>\n<p><em>&#8220;Dieser Artikel bedarf einer grunds\u00e4tzlichen \u00dcberarbeitung: Einzelne Darstellungen in dem Artikel sind veraltet. Der Artikel ist zu lang, seine L\u00e4nge ist nicht\u00a0angemessen. Der Artikel ist nicht auf das\u00a0Wesentliche reduziert.&#8221;<\/em><\/p>\n<div class=\"EmbedBlock-root EmbedBlock-twitter\">\n<div class=\"TwitterEmbed\">\n<blockquote class=\"twitter-tweet lazyload\" data-twitter=\"twitter-tweet\">\n<p lang=\"de\" dir=\"ltr\">Ich liebe alles daran. \ud83d\ude0f <a rel=\"nofollow noopener\" target=\"_blank\" href=\"https:\/\/t.co\/NpbdQj6Bvv\">pic.twitter.com\/NpbdQj6Bvv<\/a><\/p>\n<p>\u2014 TheRealTom\u2122 \ud83c\udf1e (@tomdabassman) <a rel=\"nofollow noopener\" target=\"_blank\" href=\"https:\/\/twitter.com\/tomdabassman\/status\/1817899075544490182?ref_src=twsrc%5Etfw\">July 29, 2024<\/a><\/p><\/blockquote>\n<\/div>\n<\/div>\n<p>Im RKI-Ergebnisprotokoll vom 31. Januar 2022 (Seite 111) wird behauptet:<\/p>\n<p><em>&#8220;Ungeimpfte Kinder (j\u00fcnger als 5 J.)\u00a0k\u00f6nnen \u2013 an Corona \u2013 erkranken und versterben, auch Long-COVID nicht ausgeschlossen; Mortalit\u00e4t der Kinder h\u00f6her als bei Influenza [\u2026]&#8221;.<\/em>\u00a0<\/p>\n<p>Die Aufarbeitung hat jetzt erst richtig begonnen.<\/p>\n<p><strong>Mehr zum Thema &#8211; <\/strong><a rel=\"nofollow noopener\" target=\"_blank\" href=\"https:\/\/freedert.online\/nordamerika\/213716-wahre-statistik-corona-impfschaeden-in\/\">Die wahre Statistik der Corona-Impfsch\u00e4den in den USA: Unter den Todesopfern bereits 735 Kinder<\/a><\/p>\n<\/div>\n<p><script async src=\"https:\/\/platform.twitter.com\/widgets.js\" charset=\"utf-8\"><\/script><br \/>\n<br \/><br \/>\n<br \/><a href=\"https:\/\/de.rt.com\/inland\/213909-rki-files-belegen-lauterbachs-steckenpferd\/\">Source link <\/a><\/p>\n","protected":false},"excerpt":{"rendered":"<p>Der Wikipedia-Eintrag zu &#8220;Falschinformationen zur COVID-19-Pandemie&#8221; bedarf aktuell &#8220;einer grunds\u00e4tzlichen \u00dcberarbeitung&#8221;, da &#8220;einzelne Darstellungen in dem Artikel veraltet sind&#8221;. Gr\u00fcnde finden sich in den &#8220;RKI-Files&#8221;, die weiterhin belegen, die Politik verunsicherte die B\u00fcrger mit mutwilliger Desinformation. Von Bernhard Loyen Im M\u00e4rz 2024 sorgte\u00a0der Journalist Paul Schreyer, Macher der Online-Plattform Multipolar, durch sein privat finanziertes Engagement [&hellip;]<\/p>\n","protected":false},"author":3,"featured_media":65692,"comment_status":"open","ping_status":"open","sticky":false,"template":"","format":"standard","meta":{"_yoast_indexnow_last_ping":["1722267683"],"wp_automatic_camp":["217"],"0de972ae07f11cd1ac22e3d3fa548d13":["&quot;RKI-Files&quot; belegen: Lauterbachs Steckenpferd &quot;Long-COVID&quot; ohne eindeutige Beleggrundlage"],"original_link":["https:\/\/de.rt.com\/inland\/213909-rki-files-belegen-lauterbachs-steckenpferd\/"],"_thumbnail_id":["65692"],"_wptgpro_p2tg_sent2tg":["a:1:{i:23737;s:19:\"2024-07-29 17:42:37\";}"],"jnews_social_counter_last_update":["1777216629"]},"categories":[19,23],"tags":[844,57083,24935,23418,779,57082,54697,57081],"yoast_head":"<!-- This site is optimized with the Yoast SEO Premium plugin v22.7 (Yoast SEO v22.7) - https:\/\/yoast.com\/wordpress\/plugins\/seo\/ -->\n<title>&quot;RKI-Files&quot; belegen: Lauterbachs Steckenpferd &quot;Long-COVID&quot; ohne eindeutige Beleggrundlage - just-now.NEWS Deutschland<\/title>\n<meta name=\"robots\" content=\"index, follow, max-snippet:-1, max-image-preview:large, max-video-preview:-1\" \/>\n<link rel=\"canonical\" href=\"https:\/\/now-news.de\/de\/deutschland\/rki-files-belegen-lauterbachs-steckenpferd-long-covid-ohne-eindeutige-beleggrundlage\/\" \/>\n<meta property=\"og:locale\" content=\"de_DE\" \/>\n<meta property=\"og:type\" content=\"article\" \/>\n<meta property=\"og:title\" content=\"&quot;RKI-Files&quot; belegen: Lauterbachs Steckenpferd &quot;Long-COVID&quot; ohne eindeutige Beleggrundlage\" \/>\n<meta property=\"og:description\" content=\"Der Wikipedia-Eintrag zu &#8220;Falschinformationen zur COVID-19-Pandemie&#8221; bedarf aktuell &#8220;einer grunds\u00e4tzlichen \u00dcberarbeitung&#8221;, da &#8220;einzelne Darstellungen in dem Artikel veraltet sind&#8221;. Gr\u00fcnde finden sich in den &#8220;RKI-Files&#8221;, die weiterhin belegen, die Politik verunsicherte die B\u00fcrger mit mutwilliger Desinformation. Von Bernhard Loyen Im M\u00e4rz 2024 sorgte\u00a0der Journalist Paul Schreyer, Macher der Online-Plattform Multipolar, durch sein privat finanziertes Engagement [&hellip;]\" \/>\n<meta property=\"og:url\" content=\"https:\/\/now-news.de\/de\/deutschland\/rki-files-belegen-lauterbachs-steckenpferd-long-covid-ohne-eindeutige-beleggrundlage\/\" \/>\n<meta property=\"og:site_name\" content=\"just-now.NEWS Deutschland\" \/>\n<meta property=\"article:publisher\" content=\"https:\/\/www.facebook.com\/wirmachenauf\" \/>\n<meta property=\"article:published_time\" content=\"2024-07-29T15:35:28+00:00\" \/>\n<meta property=\"og:image\" content=\"https:\/\/now-news.de\/de\/wp-content\/uploads\/sites\/3\/2024\/07\/66a7743548fbef0d9107a691.JPG\" \/>\n<meta name=\"author\" content=\"rtnews\" \/>\n<meta name=\"twitter:card\" content=\"summary_large_image\" \/>\n<meta name=\"twitter:creator\" content=\"@WirMachenAuf_de\" \/>\n<meta name=\"twitter:site\" content=\"@WirMachenAuf_de\" \/>\n<meta name=\"twitter:label1\" content=\"Verfasst von\" \/>\n\t<meta name=\"twitter:data1\" content=\"rtnews\" \/>\n\t<meta name=\"twitter:label2\" content=\"Gesch\u00e4tzte Lesezeit\" \/>\n\t<meta name=\"twitter:data2\" content=\"6\u00a0Minuten\" \/>\n<script type=\"application\/ld+json\" class=\"yoast-schema-graph\">{\"@context\":\"https:\/\/schema.org\",\"@graph\":[{\"@type\":\"Article\",\"@id\":\"https:\/\/now-news.de\/de\/deutschland\/rki-files-belegen-lauterbachs-steckenpferd-long-covid-ohne-eindeutige-beleggrundlage\/#article\",\"isPartOf\":{\"@id\":\"https:\/\/now-news.de\/de\/deutschland\/rki-files-belegen-lauterbachs-steckenpferd-long-covid-ohne-eindeutige-beleggrundlage\/\"},\"author\":{\"name\":\"rtnews\",\"@id\":\"https:\/\/now-news.de\/de\/#\/schema\/person\/fb534a4e865501d8b3285208df34a9b5\"},\"headline\":\"&quot;RKI-Files&quot; belegen: Lauterbachs Steckenpferd &quot;Long-COVID&quot; ohne eindeutige Beleggrundlage\",\"datePublished\":\"2024-07-29T15:35:28+00:00\",\"dateModified\":\"2024-07-29T15:35:28+00:00\",\"mainEntityOfPage\":{\"@id\":\"https:\/\/now-news.de\/de\/deutschland\/rki-files-belegen-lauterbachs-steckenpferd-long-covid-ohne-eindeutige-beleggrundlage\/\"},\"wordCount\":1280,\"commentCount\":0,\"publisher\":{\"@id\":\"https:\/\/now-news.de\/de\/#organization\"},\"image\":{\"@id\":\"https:\/\/now-news.de\/de\/deutschland\/rki-files-belegen-lauterbachs-steckenpferd-long-covid-ohne-eindeutige-beleggrundlage\/#primaryimage\"},\"thumbnailUrl\":\"https:\/\/now-news.de\/de\/wp-content\/uploads\/sites\/3\/2024\/07\/quotRKI-Filesquot-belegen-Lauterbachs-Steckenpferd-quotLong-COVIDquot-ohne-eindeutige-Beleggrundlage.JPG\",\"keywords\":[\"belegen\",\"Beleggrundlage\",\"eindeutige\",\"Lauterbachs\",\"ohne\",\"quotLongCOVIDquot\",\"quotRKIFilesquot\",\"Steckenpferd\"],\"articleSection\":[\"Deutschland\",\"Russland\"],\"inLanguage\":\"de\",\"potentialAction\":[{\"@type\":\"CommentAction\",\"name\":\"Comment\",\"target\":[\"https:\/\/now-news.de\/de\/deutschland\/rki-files-belegen-lauterbachs-steckenpferd-long-covid-ohne-eindeutige-beleggrundlage\/#respond\"]}]},{\"@type\":\"WebPage\",\"@id\":\"https:\/\/now-news.de\/de\/deutschland\/rki-files-belegen-lauterbachs-steckenpferd-long-covid-ohne-eindeutige-beleggrundlage\/\",\"url\":\"https:\/\/now-news.de\/de\/deutschland\/rki-files-belegen-lauterbachs-steckenpferd-long-covid-ohne-eindeutige-beleggrundlage\/\",\"name\":\"&quot;RKI-Files&quot; belegen: Lauterbachs Steckenpferd &quot;Long-COVID&quot; ohne eindeutige Beleggrundlage - just-now.NEWS Deutschland\",\"isPartOf\":{\"@id\":\"https:\/\/now-news.de\/de\/#website\"},\"primaryImageOfPage\":{\"@id\":\"https:\/\/now-news.de\/de\/deutschland\/rki-files-belegen-lauterbachs-steckenpferd-long-covid-ohne-eindeutige-beleggrundlage\/#primaryimage\"},\"image\":{\"@id\":\"https:\/\/now-news.de\/de\/deutschland\/rki-files-belegen-lauterbachs-steckenpferd-long-covid-ohne-eindeutige-beleggrundlage\/#primaryimage\"},\"thumbnailUrl\":\"https:\/\/now-news.de\/de\/wp-content\/uploads\/sites\/3\/2024\/07\/quotRKI-Filesquot-belegen-Lauterbachs-Steckenpferd-quotLong-COVIDquot-ohne-eindeutige-Beleggrundlage.JPG\",\"datePublished\":\"2024-07-29T15:35:28+00:00\",\"dateModified\":\"2024-07-29T15:35:28+00:00\",\"breadcrumb\":{\"@id\":\"https:\/\/now-news.de\/de\/deutschland\/rki-files-belegen-lauterbachs-steckenpferd-long-covid-ohne-eindeutige-beleggrundlage\/#breadcrumb\"},\"inLanguage\":\"de\",\"potentialAction\":[{\"@type\":\"ReadAction\",\"target\":[\"https:\/\/now-news.de\/de\/deutschland\/rki-files-belegen-lauterbachs-steckenpferd-long-covid-ohne-eindeutige-beleggrundlage\/\"]}]},{\"@type\":\"ImageObject\",\"inLanguage\":\"de\",\"@id\":\"https:\/\/now-news.de\/de\/deutschland\/rki-files-belegen-lauterbachs-steckenpferd-long-covid-ohne-eindeutige-beleggrundlage\/#primaryimage\",\"url\":\"https:\/\/now-news.de\/de\/wp-content\/uploads\/sites\/3\/2024\/07\/quotRKI-Filesquot-belegen-Lauterbachs-Steckenpferd-quotLong-COVIDquot-ohne-eindeutige-Beleggrundlage.JPG\",\"contentUrl\":\"https:\/\/now-news.de\/de\/wp-content\/uploads\/sites\/3\/2024\/07\/quotRKI-Filesquot-belegen-Lauterbachs-Steckenpferd-quotLong-COVIDquot-ohne-eindeutige-Beleggrundlage.JPG\",\"width\":1109,\"height\":529,\"caption\":\"&quot;RKI-Files&quot; belegen: Lauterbachs Steckenpferd &quot;Long-COVID&quot; ohne eindeutige Beleggrundlage\"},{\"@type\":\"BreadcrumbList\",\"@id\":\"https:\/\/now-news.de\/de\/deutschland\/rki-files-belegen-lauterbachs-steckenpferd-long-covid-ohne-eindeutige-beleggrundlage\/#breadcrumb\",\"itemListElement\":[{\"@type\":\"ListItem\",\"position\":1,\"name\":\"Home\",\"item\":\"https:\/\/now-news.de\/de\/\"},{\"@type\":\"ListItem\",\"position\":2,\"name\":\"&quot;RKI-Files&quot; belegen: Lauterbachs Steckenpferd &quot;Long-COVID&quot; ohne eindeutige Beleggrundlage\"}]},{\"@type\":\"WebSite\",\"@id\":\"https:\/\/now-news.de\/de\/#website\",\"url\":\"https:\/\/now-news.de\/de\/\",\"name\":\"just-now.NEWS Deutschland\",\"description\":\"Das Portal f\u00fcr unzensierte Nachrichten aus der Welt\",\"publisher\":{\"@id\":\"https:\/\/now-news.de\/de\/#organization\"},\"potentialAction\":[{\"@type\":\"SearchAction\",\"target\":{\"@type\":\"EntryPoint\",\"urlTemplate\":\"https:\/\/now-news.de\/de\/?s={search_term_string}\"},\"query-input\":\"required name=search_term_string\"}],\"inLanguage\":\"de\"},{\"@type\":\"Organization\",\"@id\":\"https:\/\/now-news.de\/de\/#organization\",\"name\":\"Just Now News\",\"url\":\"https:\/\/now-news.de\/de\/\",\"logo\":{\"@type\":\"ImageObject\",\"inLanguage\":\"de\",\"@id\":\"https:\/\/now-news.de\/de\/#\/schema\/logo\/image\/\",\"url\":\"http:\/\/just-now.news\/de\/wp-content\/uploads\/sites\/3\/2022\/04\/logo500x500.jpg\",\"contentUrl\":\"http:\/\/just-now.news\/de\/wp-content\/uploads\/sites\/3\/2022\/04\/logo500x500.jpg\",\"width\":500,\"height\":500,\"caption\":\"Just Now News\"},\"image\":{\"@id\":\"https:\/\/now-news.de\/de\/#\/schema\/logo\/image\/\"},\"sameAs\":[\"https:\/\/www.facebook.com\/wirmachenauf\",\"https:\/\/x.com\/WirMachenAuf_de\"]},{\"@type\":\"Person\",\"@id\":\"https:\/\/now-news.de\/de\/#\/schema\/person\/fb534a4e865501d8b3285208df34a9b5\",\"name\":\"rtnews\",\"image\":{\"@type\":\"ImageObject\",\"inLanguage\":\"de\",\"@id\":\"https:\/\/now-news.de\/de\/#\/schema\/person\/image\/\",\"url\":\"https:\/\/secure.gravatar.com\/avatar\/82aafea7d8127119dd649515f56e2117?s=96&d=mm&r=g\",\"contentUrl\":\"https:\/\/secure.gravatar.com\/avatar\/82aafea7d8127119dd649515f56e2117?s=96&d=mm&r=g\",\"caption\":\"rtnews\"},\"url\":\"https:\/\/now-news.de\/de\/author\/rnews\/\"}]}<\/script>\n<!-- \/ Yoast SEO Premium plugin. -->","yoast_head_json":{"title":"&quot;RKI-Files&quot; belegen: Lauterbachs Steckenpferd &quot;Long-COVID&quot; ohne eindeutige Beleggrundlage - just-now.NEWS Deutschland","robots":{"index":"index","follow":"follow","max-snippet":"max-snippet:-1","max-image-preview":"max-image-preview:large","max-video-preview":"max-video-preview:-1"},"canonical":"https:\/\/now-news.de\/de\/deutschland\/rki-files-belegen-lauterbachs-steckenpferd-long-covid-ohne-eindeutige-beleggrundlage\/","og_locale":"de_DE","og_type":"article","og_title":"&quot;RKI-Files&quot; belegen: Lauterbachs Steckenpferd &quot;Long-COVID&quot; ohne eindeutige Beleggrundlage","og_description":"Der Wikipedia-Eintrag zu &#8220;Falschinformationen zur COVID-19-Pandemie&#8221; bedarf aktuell &#8220;einer grunds\u00e4tzlichen \u00dcberarbeitung&#8221;, da &#8220;einzelne Darstellungen in dem Artikel veraltet sind&#8221;. Gr\u00fcnde finden sich in den &#8220;RKI-Files&#8221;, die weiterhin belegen, die Politik verunsicherte die B\u00fcrger mit mutwilliger Desinformation. Von Bernhard Loyen Im M\u00e4rz 2024 sorgte\u00a0der Journalist Paul Schreyer, Macher der Online-Plattform Multipolar, durch sein privat finanziertes Engagement [&hellip;]","og_url":"https:\/\/now-news.de\/de\/deutschland\/rki-files-belegen-lauterbachs-steckenpferd-long-covid-ohne-eindeutige-beleggrundlage\/","og_site_name":"just-now.NEWS Deutschland","article_publisher":"https:\/\/www.facebook.com\/wirmachenauf","article_published_time":"2024-07-29T15:35:28+00:00","og_image":[{"url":"https:\/\/now-news.de\/de\/wp-content\/uploads\/sites\/3\/2024\/07\/66a7743548fbef0d9107a691.JPG"}],"author":"rtnews","twitter_card":"summary_large_image","twitter_creator":"@WirMachenAuf_de","twitter_site":"@WirMachenAuf_de","twitter_misc":{"Verfasst von":"rtnews","Gesch\u00e4tzte Lesezeit":"6\u00a0Minuten"},"schema":{"@context":"https:\/\/schema.org","@graph":[{"@type":"Article","@id":"https:\/\/now-news.de\/de\/deutschland\/rki-files-belegen-lauterbachs-steckenpferd-long-covid-ohne-eindeutige-beleggrundlage\/#article","isPartOf":{"@id":"https:\/\/now-news.de\/de\/deutschland\/rki-files-belegen-lauterbachs-steckenpferd-long-covid-ohne-eindeutige-beleggrundlage\/"},"author":{"name":"rtnews","@id":"https:\/\/now-news.de\/de\/#\/schema\/person\/fb534a4e865501d8b3285208df34a9b5"},"headline":"&quot;RKI-Files&quot; belegen: Lauterbachs Steckenpferd &quot;Long-COVID&quot; ohne eindeutige Beleggrundlage","datePublished":"2024-07-29T15:35:28+00:00","dateModified":"2024-07-29T15:35:28+00:00","mainEntityOfPage":{"@id":"https:\/\/now-news.de\/de\/deutschland\/rki-files-belegen-lauterbachs-steckenpferd-long-covid-ohne-eindeutige-beleggrundlage\/"},"wordCount":1280,"commentCount":0,"publisher":{"@id":"https:\/\/now-news.de\/de\/#organization"},"image":{"@id":"https:\/\/now-news.de\/de\/deutschland\/rki-files-belegen-lauterbachs-steckenpferd-long-covid-ohne-eindeutige-beleggrundlage\/#primaryimage"},"thumbnailUrl":"https:\/\/now-news.de\/de\/wp-content\/uploads\/sites\/3\/2024\/07\/quotRKI-Filesquot-belegen-Lauterbachs-Steckenpferd-quotLong-COVIDquot-ohne-eindeutige-Beleggrundlage.JPG","keywords":["belegen","Beleggrundlage","eindeutige","Lauterbachs","ohne","quotLongCOVIDquot","quotRKIFilesquot","Steckenpferd"],"articleSection":["Deutschland","Russland"],"inLanguage":"de","potentialAction":[{"@type":"CommentAction","name":"Comment","target":["https:\/\/now-news.de\/de\/deutschland\/rki-files-belegen-lauterbachs-steckenpferd-long-covid-ohne-eindeutige-beleggrundlage\/#respond"]}]},{"@type":"WebPage","@id":"https:\/\/now-news.de\/de\/deutschland\/rki-files-belegen-lauterbachs-steckenpferd-long-covid-ohne-eindeutige-beleggrundlage\/","url":"https:\/\/now-news.de\/de\/deutschland\/rki-files-belegen-lauterbachs-steckenpferd-long-covid-ohne-eindeutige-beleggrundlage\/","name":"&quot;RKI-Files&quot; belegen: Lauterbachs Steckenpferd &quot;Long-COVID&quot; ohne eindeutige Beleggrundlage - just-now.NEWS Deutschland","isPartOf":{"@id":"https:\/\/now-news.de\/de\/#website"},"primaryImageOfPage":{"@id":"https:\/\/now-news.de\/de\/deutschland\/rki-files-belegen-lauterbachs-steckenpferd-long-covid-ohne-eindeutige-beleggrundlage\/#primaryimage"},"image":{"@id":"https:\/\/now-news.de\/de\/deutschland\/rki-files-belegen-lauterbachs-steckenpferd-long-covid-ohne-eindeutige-beleggrundlage\/#primaryimage"},"thumbnailUrl":"https:\/\/now-news.de\/de\/wp-content\/uploads\/sites\/3\/2024\/07\/quotRKI-Filesquot-belegen-Lauterbachs-Steckenpferd-quotLong-COVIDquot-ohne-eindeutige-Beleggrundlage.JPG","datePublished":"2024-07-29T15:35:28+00:00","dateModified":"2024-07-29T15:35:28+00:00","breadcrumb":{"@id":"https:\/\/now-news.de\/de\/deutschland\/rki-files-belegen-lauterbachs-steckenpferd-long-covid-ohne-eindeutige-beleggrundlage\/#breadcrumb"},"inLanguage":"de","potentialAction":[{"@type":"ReadAction","target":["https:\/\/now-news.de\/de\/deutschland\/rki-files-belegen-lauterbachs-steckenpferd-long-covid-ohne-eindeutige-beleggrundlage\/"]}]},{"@type":"ImageObject","inLanguage":"de","@id":"https:\/\/now-news.de\/de\/deutschland\/rki-files-belegen-lauterbachs-steckenpferd-long-covid-ohne-eindeutige-beleggrundlage\/#primaryimage","url":"https:\/\/now-news.de\/de\/wp-content\/uploads\/sites\/3\/2024\/07\/quotRKI-Filesquot-belegen-Lauterbachs-Steckenpferd-quotLong-COVIDquot-ohne-eindeutige-Beleggrundlage.JPG","contentUrl":"https:\/\/now-news.de\/de\/wp-content\/uploads\/sites\/3\/2024\/07\/quotRKI-Filesquot-belegen-Lauterbachs-Steckenpferd-quotLong-COVIDquot-ohne-eindeutige-Beleggrundlage.JPG","width":1109,"height":529,"caption":"&quot;RKI-Files&quot; belegen: Lauterbachs Steckenpferd &quot;Long-COVID&quot; ohne eindeutige Beleggrundlage"},{"@type":"BreadcrumbList","@id":"https:\/\/now-news.de\/de\/deutschland\/rki-files-belegen-lauterbachs-steckenpferd-long-covid-ohne-eindeutige-beleggrundlage\/#breadcrumb","itemListElement":[{"@type":"ListItem","position":1,"name":"Home","item":"https:\/\/now-news.de\/de\/"},{"@type":"ListItem","position":2,"name":"&quot;RKI-Files&quot; belegen: Lauterbachs Steckenpferd &quot;Long-COVID&quot; ohne eindeutige Beleggrundlage"}]},{"@type":"WebSite","@id":"https:\/\/now-news.de\/de\/#website","url":"https:\/\/now-news.de\/de\/","name":"just-now.NEWS Deutschland","description":"Das Portal f\u00fcr unzensierte Nachrichten aus der Welt","publisher":{"@id":"https:\/\/now-news.de\/de\/#organization"},"potentialAction":[{"@type":"SearchAction","target":{"@type":"EntryPoint","urlTemplate":"https:\/\/now-news.de\/de\/?s={search_term_string}"},"query-input":"required name=search_term_string"}],"inLanguage":"de"},{"@type":"Organization","@id":"https:\/\/now-news.de\/de\/#organization","name":"Just Now News","url":"https:\/\/now-news.de\/de\/","logo":{"@type":"ImageObject","inLanguage":"de","@id":"https:\/\/now-news.de\/de\/#\/schema\/logo\/image\/","url":"http:\/\/just-now.news\/de\/wp-content\/uploads\/sites\/3\/2022\/04\/logo500x500.jpg","contentUrl":"http:\/\/just-now.news\/de\/wp-content\/uploads\/sites\/3\/2022\/04\/logo500x500.jpg","width":500,"height":500,"caption":"Just Now News"},"image":{"@id":"https:\/\/now-news.de\/de\/#\/schema\/logo\/image\/"},"sameAs":["https:\/\/www.facebook.com\/wirmachenauf","https:\/\/x.com\/WirMachenAuf_de"]},{"@type":"Person","@id":"https:\/\/now-news.de\/de\/#\/schema\/person\/fb534a4e865501d8b3285208df34a9b5","name":"rtnews","image":{"@type":"ImageObject","inLanguage":"de","@id":"https:\/\/now-news.de\/de\/#\/schema\/person\/image\/","url":"https:\/\/secure.gravatar.com\/avatar\/82aafea7d8127119dd649515f56e2117?s=96&d=mm&r=g","contentUrl":"https:\/\/secure.gravatar.com\/avatar\/82aafea7d8127119dd649515f56e2117?s=96&d=mm&r=g","caption":"rtnews"},"url":"https:\/\/now-news.de\/de\/author\/rnews\/"}]}},"_links":{"self":[{"href":"https:\/\/now-news.de\/de\/wp-json\/wp\/v2\/posts\/65691"}],"collection":[{"href":"https:\/\/now-news.de\/de\/wp-json\/wp\/v2\/posts"}],"about":[{"href":"https:\/\/now-news.de\/de\/wp-json\/wp\/v2\/types\/post"}],"author":[{"embeddable":true,"href":"https:\/\/now-news.de\/de\/wp-json\/wp\/v2\/users\/3"}],"replies":[{"embeddable":true,"href":"https:\/\/now-news.de\/de\/wp-json\/wp\/v2\/comments?post=65691"}],"version-history":[{"count":0,"href":"https:\/\/now-news.de\/de\/wp-json\/wp\/v2\/posts\/65691\/revisions"}],"wp:featuredmedia":[{"embeddable":true,"href":"https:\/\/now-news.de\/de\/wp-json\/wp\/v2\/media\/65692"}],"wp:attachment":[{"href":"https:\/\/now-news.de\/de\/wp-json\/wp\/v2\/media?parent=65691"}],"wp:term":[{"taxonomy":"category","embeddable":true,"href":"https:\/\/now-news.de\/de\/wp-json\/wp\/v2\/categories?post=65691"},{"taxonomy":"post_tag","embeddable":true,"href":"https:\/\/now-news.de\/de\/wp-json\/wp\/v2\/tags?post=65691"}],"curies":[{"name":"wp","href":"https:\/\/api.w.org\/{rel}","templated":true}]}}