{"id":65683,"date":"2024-07-29T15:13:53","date_gmt":"2024-07-29T13:13:53","guid":{"rendered":"https:\/\/now-news.de\/de\/deutschland\/waermewende-am-ende-absatz-von-waermepumpen-bricht-ein\/"},"modified":"2024-07-29T15:13:53","modified_gmt":"2024-07-29T13:13:53","slug":"waermewende-am-ende-absatz-von-waermepumpen-bricht-ein","status":"publish","type":"post","link":"https:\/\/now-news.de\/de\/deutschland\/waermewende-am-ende-absatz-von-waermepumpen-bricht-ein\/","title":{"rendered":"W\u00e4rmewende am Ende: Absatz von W\u00e4rmepumpen bricht ein"},"content":{"rendered":"<p><img decoding=\"async\" src=\"https:\/\/now-news.de\/de\/wp-content\/uploads\/sites\/3\/2024\/07\/66a786bf48fbef0ae3038623.jpg\" \/><\/p>\n<div class=\"Text-root Text-type_1 \">\n                Vom umstrittenen Heizungsgesetz erhofften sich viele Heizungshersteller die gro\u00dfe Konjunkturwelle. Vor allem die Hersteller von W\u00e4rmepumpen sahen sich im Aufwind. Daraus wird wohl nichts. Der Absatz von Heizsystemen ist im ersten Halbjahr 2024 gegen\u00fcber dem Vorjahr massiv eingebrochen.\n            <\/div>\n<p><\/p>\n<div class=\"Text-root Text-type_5 ArticleView-text ViewText-root \">\n<p>Mit dem umstrittenen Heizungsgesetz von Wirtschaftsminister Robert Habeck (B\u00fcndnis 90\/Die Gr\u00fcnen) sollten die Deutschen durch finanziellen Nachdruck sowie durch Fristenregelungen zu einem Verzicht auf Heizungen gedr\u00e4ngt werden, die mit fossilen Energietr\u00e4gern betrieben werden. Insbesondere der \u00d6lheizung sollte in Deutschland der Garaus gemacht werden.\u00a0<\/p>\n<p>Nun zeigen die Verkaufszahlen des Bundesverbands der Deutschen Heizungsindustrie, dass die Habeck-Pl\u00e4ne vor dem Scheitern stehen. Der Absatz von W\u00e4rmepumpen ist regelrecht eingebrochen. Aber auch Gasheizungen werden deutlich weniger nachgefragt. Lediglich der Verkauf von \u00d6lheizungen bleibt insgesamt stabil, <a rel=\"nofollow noopener\" target=\"_blank\" href=\"https:\/\/www.welt.de\/wirtschaft\/plus252708692\/Klimawandel-Waermewende-kommt-zu-Stillstand-die-Deutschen-verweigern-den-Kauf-neuer-Heizungen.html\">berichtet<\/a> das Springer-Blatt <em>Welt<\/em>. \u00d6lheizungen verzeichneten im ersten Halbjahr 2024 gegen\u00fcber dem Vorjahreszeitraum ein Absatzplus von 14 Prozent. Der Absatz von W\u00e4rmepumpen brach dagegen um 54 Prozent ein, der von mit Biomasse betriebenen Heizsystemen sogar um 74 Prozent. Gasheizungen sanken im Absatz um 42 Prozent.\u00a0<\/p>\n<p>Damit ist klar, dass das Ziel der Heizungswende verfehlt wird. Bis 2030 sollte 50 Prozent der in Deutschland produzierten W\u00e4rme klimaneutral erzeugt werden. So steht es im Koalitionsvertrag. Die Ampel h\u00e4lt an dem Ziel fest. Im vergangenen Jahr lag der Anteil jedoch erst bei 18,8 Prozent. Bleibt es bei den aktuellen Absatzzahlen, wird das Ziel klar verfehlt.\u00a0<\/p>\n<p>Getroffen werden von dem Einbruch vor allem die Hersteller von W\u00e4rmepumpen. Diese haben in Erwartung einer durch den Gesetzgeber ausgel\u00f6sten Konjunktur ihre Produktionskapazit\u00e4ten ausgebaut. Nun geht der Trend zu Kurzarbeit und Stellenabbau. So hat der Heizungstechnikhersteller Vaillant den Abbau von 700 Stellen angek\u00fcndigt. 300 Stellen sollen allein in Deutschland wegfallen.<\/p>\n<p><strong>Mehr zum Thema<\/strong>\u00a0\u2013 <a rel=\"nofollow noopener\" target=\"_blank\" href=\"https:\/\/freedert.online\/wirtschaft\/208464-auf-weg-zum-entwicklungsland-boersenchef\/\">&#8220;Auf dem Weg zum Entwicklungsland&#8221;: B\u00f6rsenchef Weimer rechnet mit Habeck ab<\/a><\/p>\n<div class=\"EmbedBlock-root EmbedBlock-externalVideo EmbedBlock-odysee\">\n<div class=\"VkEmbed\"><iframe class=\"lazyload\" data-src=\"https:\/\/odysee.com\/%24\/embed\/%40RTDE%3Ae%2F%E2%80%9CDer-Westen-hat-ein-unertr%C3%A4glich-gutes-Gewissen%E2%80%9C-%E2%80%93-Journalist-Dirk-Pohlmann-im-Gespr%C3%A4ch%3A1\" frameborder=\"0\" width=\"853\" height=\"480\" allowfullscreen><\/iframe><\/div>\n<\/div>\n<\/div>\n<p><br \/>\n<br \/><a href=\"https:\/\/de.rt.com\/inland\/213923-waermewende-am-ende-absatz-von\/\">Source link <\/a><\/p>\n","protected":false},"excerpt":{"rendered":"<p>Vom umstrittenen Heizungsgesetz erhofften sich viele Heizungshersteller die gro\u00dfe Konjunkturwelle. Vor allem die Hersteller von W\u00e4rmepumpen sahen sich im Aufwind. Daraus wird wohl nichts. Der Absatz von Heizsystemen ist im ersten Halbjahr 2024 gegen\u00fcber dem Vorjahr massiv eingebrochen. Mit dem umstrittenen Heizungsgesetz von Wirtschaftsminister Robert Habeck (B\u00fcndnis 90\/Die Gr\u00fcnen) sollten die Deutschen durch finanziellen Nachdruck [&hellip;]<\/p>\n","protected":false},"author":3,"featured_media":65684,"comment_status":"open","ping_status":"open","sticky":false,"template":"","format":"standard","meta":{"_yoast_indexnow_last_ping":["1722258941"],"wp_automatic_camp":["217"],"13668bcdd432bcce745c6a34572ae4f5":["W\u00e4rmewende am Ende: Absatz von W\u00e4rmepumpen bricht ein"],"original_link":["https:\/\/de.rt.com\/inland\/213923-waermewende-am-ende-absatz-von\/"],"_thumbnail_id":["65684"],"jnews_social_counter_last_update":["1776527613"],"_wptgpro_p2tg_sent2tg":["a:1:{i:23737;s:19:\"2024-07-29 15:16:44\";}"]},"categories":[19,23],"tags":[29598,3562,357,5375,50,43881,57079],"yoast_head":"<!-- This site is optimized with the Yoast SEO Premium plugin v22.7 (Yoast SEO v22.7) - https:\/\/yoast.com\/wordpress\/plugins\/seo\/ -->\n<title>W\u00e4rmewende am Ende: Absatz von W\u00e4rmepumpen bricht ein - just-now.NEWS Deutschland<\/title>\n<meta name=\"robots\" content=\"index, follow, max-snippet:-1, max-image-preview:large, max-video-preview:-1\" \/>\n<link rel=\"canonical\" href=\"https:\/\/now-news.de\/de\/deutschland\/waermewende-am-ende-absatz-von-waermepumpen-bricht-ein\/\" \/>\n<meta property=\"og:locale\" content=\"de_DE\" \/>\n<meta property=\"og:type\" content=\"article\" \/>\n<meta property=\"og:title\" content=\"W\u00e4rmewende am Ende: Absatz von W\u00e4rmepumpen bricht ein\" \/>\n<meta property=\"og:description\" content=\"Vom umstrittenen Heizungsgesetz erhofften sich viele Heizungshersteller die gro\u00dfe Konjunkturwelle. Vor allem die Hersteller von W\u00e4rmepumpen sahen sich im Aufwind. Daraus wird wohl nichts. Der Absatz von Heizsystemen ist im ersten Halbjahr 2024 gegen\u00fcber dem Vorjahr massiv eingebrochen. Mit dem umstrittenen Heizungsgesetz von Wirtschaftsminister Robert Habeck (B\u00fcndnis 90\/Die Gr\u00fcnen) sollten die Deutschen durch finanziellen Nachdruck [&hellip;]\" \/>\n<meta property=\"og:url\" content=\"https:\/\/now-news.de\/de\/deutschland\/waermewende-am-ende-absatz-von-waermepumpen-bricht-ein\/\" \/>\n<meta property=\"og:site_name\" content=\"just-now.NEWS Deutschland\" \/>\n<meta property=\"article:publisher\" content=\"https:\/\/www.facebook.com\/wirmachenauf\" \/>\n<meta property=\"article:published_time\" content=\"2024-07-29T13:13:53+00:00\" \/>\n<meta property=\"og:image\" content=\"https:\/\/now-news.de\/de\/wp-content\/uploads\/sites\/3\/2024\/07\/66a786bf48fbef0ae3038623.jpg\" \/>\n<meta name=\"author\" content=\"rtnews\" \/>\n<meta name=\"twitter:card\" content=\"summary_large_image\" \/>\n<meta name=\"twitter:creator\" content=\"@WirMachenAuf_de\" \/>\n<meta name=\"twitter:site\" content=\"@WirMachenAuf_de\" \/>\n<meta name=\"twitter:label1\" content=\"Verfasst von\" \/>\n\t<meta name=\"twitter:data1\" content=\"rtnews\" \/>\n\t<meta name=\"twitter:label2\" content=\"Gesch\u00e4tzte Lesezeit\" \/>\n\t<meta name=\"twitter:data2\" content=\"1\u00a0Minute\" \/>\n<script type=\"application\/ld+json\" class=\"yoast-schema-graph\">{\"@context\":\"https:\/\/schema.org\",\"@graph\":[{\"@type\":\"Article\",\"@id\":\"https:\/\/now-news.de\/de\/deutschland\/waermewende-am-ende-absatz-von-waermepumpen-bricht-ein\/#article\",\"isPartOf\":{\"@id\":\"https:\/\/now-news.de\/de\/deutschland\/waermewende-am-ende-absatz-von-waermepumpen-bricht-ein\/\"},\"author\":{\"name\":\"rtnews\",\"@id\":\"https:\/\/now-news.de\/de\/#\/schema\/person\/fb534a4e865501d8b3285208df34a9b5\"},\"headline\":\"W\u00e4rmewende am Ende: Absatz von W\u00e4rmepumpen bricht ein\",\"datePublished\":\"2024-07-29T13:13:53+00:00\",\"dateModified\":\"2024-07-29T13:13:53+00:00\",\"mainEntityOfPage\":{\"@id\":\"https:\/\/now-news.de\/de\/deutschland\/waermewende-am-ende-absatz-von-waermepumpen-bricht-ein\/\"},\"wordCount\":305,\"commentCount\":0,\"publisher\":{\"@id\":\"https:\/\/now-news.de\/de\/#organization\"},\"image\":{\"@id\":\"https:\/\/now-news.de\/de\/deutschland\/waermewende-am-ende-absatz-von-waermepumpen-bricht-ein\/#primaryimage\"},\"thumbnailUrl\":\"https:\/\/now-news.de\/de\/wp-content\/uploads\/sites\/3\/2024\/07\/Waermewende-am-Ende-Absatz-von-Waermepumpen-bricht-ein.jpg\",\"keywords\":[\"Absatz\",\"bricht\",\"ein\",\"Ende\",\"von\",\"W\u00e4rmepumpen\",\"W\u00e4rmewende\"],\"articleSection\":[\"Deutschland\",\"Russland\"],\"inLanguage\":\"de\",\"potentialAction\":[{\"@type\":\"CommentAction\",\"name\":\"Comment\",\"target\":[\"https:\/\/now-news.de\/de\/deutschland\/waermewende-am-ende-absatz-von-waermepumpen-bricht-ein\/#respond\"]}]},{\"@type\":\"WebPage\",\"@id\":\"https:\/\/now-news.de\/de\/deutschland\/waermewende-am-ende-absatz-von-waermepumpen-bricht-ein\/\",\"url\":\"https:\/\/now-news.de\/de\/deutschland\/waermewende-am-ende-absatz-von-waermepumpen-bricht-ein\/\",\"name\":\"W\u00e4rmewende am Ende: Absatz von W\u00e4rmepumpen bricht ein - just-now.NEWS Deutschland\",\"isPartOf\":{\"@id\":\"https:\/\/now-news.de\/de\/#website\"},\"primaryImageOfPage\":{\"@id\":\"https:\/\/now-news.de\/de\/deutschland\/waermewende-am-ende-absatz-von-waermepumpen-bricht-ein\/#primaryimage\"},\"image\":{\"@id\":\"https:\/\/now-news.de\/de\/deutschland\/waermewende-am-ende-absatz-von-waermepumpen-bricht-ein\/#primaryimage\"},\"thumbnailUrl\":\"https:\/\/now-news.de\/de\/wp-content\/uploads\/sites\/3\/2024\/07\/Waermewende-am-Ende-Absatz-von-Waermepumpen-bricht-ein.jpg\",\"datePublished\":\"2024-07-29T13:13:53+00:00\",\"dateModified\":\"2024-07-29T13:13:53+00:00\",\"breadcrumb\":{\"@id\":\"https:\/\/now-news.de\/de\/deutschland\/waermewende-am-ende-absatz-von-waermepumpen-bricht-ein\/#breadcrumb\"},\"inLanguage\":\"de\",\"potentialAction\":[{\"@type\":\"ReadAction\",\"target\":[\"https:\/\/now-news.de\/de\/deutschland\/waermewende-am-ende-absatz-von-waermepumpen-bricht-ein\/\"]}]},{\"@type\":\"ImageObject\",\"inLanguage\":\"de\",\"@id\":\"https:\/\/now-news.de\/de\/deutschland\/waermewende-am-ende-absatz-von-waermepumpen-bricht-ein\/#primaryimage\",\"url\":\"https:\/\/now-news.de\/de\/wp-content\/uploads\/sites\/3\/2024\/07\/Waermewende-am-Ende-Absatz-von-Waermepumpen-bricht-ein.jpg\",\"contentUrl\":\"https:\/\/now-news.de\/de\/wp-content\/uploads\/sites\/3\/2024\/07\/Waermewende-am-Ende-Absatz-von-Waermepumpen-bricht-ein.jpg\",\"width\":460,\"height\":259,\"caption\":\"W\u00e4rmewende am Ende: Absatz von W\u00e4rmepumpen bricht ein\"},{\"@type\":\"BreadcrumbList\",\"@id\":\"https:\/\/now-news.de\/de\/deutschland\/waermewende-am-ende-absatz-von-waermepumpen-bricht-ein\/#breadcrumb\",\"itemListElement\":[{\"@type\":\"ListItem\",\"position\":1,\"name\":\"Home\",\"item\":\"https:\/\/now-news.de\/de\/\"},{\"@type\":\"ListItem\",\"position\":2,\"name\":\"W\u00e4rmewende am Ende: Absatz von W\u00e4rmepumpen bricht ein\"}]},{\"@type\":\"WebSite\",\"@id\":\"https:\/\/now-news.de\/de\/#website\",\"url\":\"https:\/\/now-news.de\/de\/\",\"name\":\"just-now.NEWS Deutschland\",\"description\":\"Das Portal f\u00fcr unzensierte Nachrichten aus der Welt\",\"publisher\":{\"@id\":\"https:\/\/now-news.de\/de\/#organization\"},\"potentialAction\":[{\"@type\":\"SearchAction\",\"target\":{\"@type\":\"EntryPoint\",\"urlTemplate\":\"https:\/\/now-news.de\/de\/?s={search_term_string}\"},\"query-input\":\"required name=search_term_string\"}],\"inLanguage\":\"de\"},{\"@type\":\"Organization\",\"@id\":\"https:\/\/now-news.de\/de\/#organization\",\"name\":\"Just Now News\",\"url\":\"https:\/\/now-news.de\/de\/\",\"logo\":{\"@type\":\"ImageObject\",\"inLanguage\":\"de\",\"@id\":\"https:\/\/now-news.de\/de\/#\/schema\/logo\/image\/\",\"url\":\"http:\/\/just-now.news\/de\/wp-content\/uploads\/sites\/3\/2022\/04\/logo500x500.jpg\",\"contentUrl\":\"http:\/\/just-now.news\/de\/wp-content\/uploads\/sites\/3\/2022\/04\/logo500x500.jpg\",\"width\":500,\"height\":500,\"caption\":\"Just Now News\"},\"image\":{\"@id\":\"https:\/\/now-news.de\/de\/#\/schema\/logo\/image\/\"},\"sameAs\":[\"https:\/\/www.facebook.com\/wirmachenauf\",\"https:\/\/x.com\/WirMachenAuf_de\"]},{\"@type\":\"Person\",\"@id\":\"https:\/\/now-news.de\/de\/#\/schema\/person\/fb534a4e865501d8b3285208df34a9b5\",\"name\":\"rtnews\",\"image\":{\"@type\":\"ImageObject\",\"inLanguage\":\"de\",\"@id\":\"https:\/\/now-news.de\/de\/#\/schema\/person\/image\/\",\"url\":\"https:\/\/secure.gravatar.com\/avatar\/82aafea7d8127119dd649515f56e2117?s=96&d=mm&r=g\",\"contentUrl\":\"https:\/\/secure.gravatar.com\/avatar\/82aafea7d8127119dd649515f56e2117?s=96&d=mm&r=g\",\"caption\":\"rtnews\"},\"url\":\"https:\/\/now-news.de\/de\/author\/rnews\/\"}]}<\/script>\n<!-- \/ Yoast SEO Premium plugin. -->","yoast_head_json":{"title":"W\u00e4rmewende am Ende: Absatz von W\u00e4rmepumpen bricht ein - just-now.NEWS Deutschland","robots":{"index":"index","follow":"follow","max-snippet":"max-snippet:-1","max-image-preview":"max-image-preview:large","max-video-preview":"max-video-preview:-1"},"canonical":"https:\/\/now-news.de\/de\/deutschland\/waermewende-am-ende-absatz-von-waermepumpen-bricht-ein\/","og_locale":"de_DE","og_type":"article","og_title":"W\u00e4rmewende am Ende: Absatz von W\u00e4rmepumpen bricht ein","og_description":"Vom umstrittenen Heizungsgesetz erhofften sich viele Heizungshersteller die gro\u00dfe Konjunkturwelle. Vor allem die Hersteller von W\u00e4rmepumpen sahen sich im Aufwind. Daraus wird wohl nichts. Der Absatz von Heizsystemen ist im ersten Halbjahr 2024 gegen\u00fcber dem Vorjahr massiv eingebrochen. Mit dem umstrittenen Heizungsgesetz von Wirtschaftsminister Robert Habeck (B\u00fcndnis 90\/Die Gr\u00fcnen) sollten die Deutschen durch finanziellen Nachdruck [&hellip;]","og_url":"https:\/\/now-news.de\/de\/deutschland\/waermewende-am-ende-absatz-von-waermepumpen-bricht-ein\/","og_site_name":"just-now.NEWS Deutschland","article_publisher":"https:\/\/www.facebook.com\/wirmachenauf","article_published_time":"2024-07-29T13:13:53+00:00","og_image":[{"url":"https:\/\/now-news.de\/de\/wp-content\/uploads\/sites\/3\/2024\/07\/66a786bf48fbef0ae3038623.jpg"}],"author":"rtnews","twitter_card":"summary_large_image","twitter_creator":"@WirMachenAuf_de","twitter_site":"@WirMachenAuf_de","twitter_misc":{"Verfasst von":"rtnews","Gesch\u00e4tzte Lesezeit":"1\u00a0Minute"},"schema":{"@context":"https:\/\/schema.org","@graph":[{"@type":"Article","@id":"https:\/\/now-news.de\/de\/deutschland\/waermewende-am-ende-absatz-von-waermepumpen-bricht-ein\/#article","isPartOf":{"@id":"https:\/\/now-news.de\/de\/deutschland\/waermewende-am-ende-absatz-von-waermepumpen-bricht-ein\/"},"author":{"name":"rtnews","@id":"https:\/\/now-news.de\/de\/#\/schema\/person\/fb534a4e865501d8b3285208df34a9b5"},"headline":"W\u00e4rmewende am Ende: Absatz von W\u00e4rmepumpen bricht ein","datePublished":"2024-07-29T13:13:53+00:00","dateModified":"2024-07-29T13:13:53+00:00","mainEntityOfPage":{"@id":"https:\/\/now-news.de\/de\/deutschland\/waermewende-am-ende-absatz-von-waermepumpen-bricht-ein\/"},"wordCount":305,"commentCount":0,"publisher":{"@id":"https:\/\/now-news.de\/de\/#organization"},"image":{"@id":"https:\/\/now-news.de\/de\/deutschland\/waermewende-am-ende-absatz-von-waermepumpen-bricht-ein\/#primaryimage"},"thumbnailUrl":"https:\/\/now-news.de\/de\/wp-content\/uploads\/sites\/3\/2024\/07\/Waermewende-am-Ende-Absatz-von-Waermepumpen-bricht-ein.jpg","keywords":["Absatz","bricht","ein","Ende","von","W\u00e4rmepumpen","W\u00e4rmewende"],"articleSection":["Deutschland","Russland"],"inLanguage":"de","potentialAction":[{"@type":"CommentAction","name":"Comment","target":["https:\/\/now-news.de\/de\/deutschland\/waermewende-am-ende-absatz-von-waermepumpen-bricht-ein\/#respond"]}]},{"@type":"WebPage","@id":"https:\/\/now-news.de\/de\/deutschland\/waermewende-am-ende-absatz-von-waermepumpen-bricht-ein\/","url":"https:\/\/now-news.de\/de\/deutschland\/waermewende-am-ende-absatz-von-waermepumpen-bricht-ein\/","name":"W\u00e4rmewende am Ende: Absatz von W\u00e4rmepumpen bricht ein - just-now.NEWS Deutschland","isPartOf":{"@id":"https:\/\/now-news.de\/de\/#website"},"primaryImageOfPage":{"@id":"https:\/\/now-news.de\/de\/deutschland\/waermewende-am-ende-absatz-von-waermepumpen-bricht-ein\/#primaryimage"},"image":{"@id":"https:\/\/now-news.de\/de\/deutschland\/waermewende-am-ende-absatz-von-waermepumpen-bricht-ein\/#primaryimage"},"thumbnailUrl":"https:\/\/now-news.de\/de\/wp-content\/uploads\/sites\/3\/2024\/07\/Waermewende-am-Ende-Absatz-von-Waermepumpen-bricht-ein.jpg","datePublished":"2024-07-29T13:13:53+00:00","dateModified":"2024-07-29T13:13:53+00:00","breadcrumb":{"@id":"https:\/\/now-news.de\/de\/deutschland\/waermewende-am-ende-absatz-von-waermepumpen-bricht-ein\/#breadcrumb"},"inLanguage":"de","potentialAction":[{"@type":"ReadAction","target":["https:\/\/now-news.de\/de\/deutschland\/waermewende-am-ende-absatz-von-waermepumpen-bricht-ein\/"]}]},{"@type":"ImageObject","inLanguage":"de","@id":"https:\/\/now-news.de\/de\/deutschland\/waermewende-am-ende-absatz-von-waermepumpen-bricht-ein\/#primaryimage","url":"https:\/\/now-news.de\/de\/wp-content\/uploads\/sites\/3\/2024\/07\/Waermewende-am-Ende-Absatz-von-Waermepumpen-bricht-ein.jpg","contentUrl":"https:\/\/now-news.de\/de\/wp-content\/uploads\/sites\/3\/2024\/07\/Waermewende-am-Ende-Absatz-von-Waermepumpen-bricht-ein.jpg","width":460,"height":259,"caption":"W\u00e4rmewende am Ende: Absatz von W\u00e4rmepumpen bricht ein"},{"@type":"BreadcrumbList","@id":"https:\/\/now-news.de\/de\/deutschland\/waermewende-am-ende-absatz-von-waermepumpen-bricht-ein\/#breadcrumb","itemListElement":[{"@type":"ListItem","position":1,"name":"Home","item":"https:\/\/now-news.de\/de\/"},{"@type":"ListItem","position":2,"name":"W\u00e4rmewende am Ende: Absatz von W\u00e4rmepumpen bricht ein"}]},{"@type":"WebSite","@id":"https:\/\/now-news.de\/de\/#website","url":"https:\/\/now-news.de\/de\/","name":"just-now.NEWS Deutschland","description":"Das Portal f\u00fcr unzensierte Nachrichten aus der Welt","publisher":{"@id":"https:\/\/now-news.de\/de\/#organization"},"potentialAction":[{"@type":"SearchAction","target":{"@type":"EntryPoint","urlTemplate":"https:\/\/now-news.de\/de\/?s={search_term_string}"},"query-input":"required name=search_term_string"}],"inLanguage":"de"},{"@type":"Organization","@id":"https:\/\/now-news.de\/de\/#organization","name":"Just Now News","url":"https:\/\/now-news.de\/de\/","logo":{"@type":"ImageObject","inLanguage":"de","@id":"https:\/\/now-news.de\/de\/#\/schema\/logo\/image\/","url":"http:\/\/just-now.news\/de\/wp-content\/uploads\/sites\/3\/2022\/04\/logo500x500.jpg","contentUrl":"http:\/\/just-now.news\/de\/wp-content\/uploads\/sites\/3\/2022\/04\/logo500x500.jpg","width":500,"height":500,"caption":"Just Now News"},"image":{"@id":"https:\/\/now-news.de\/de\/#\/schema\/logo\/image\/"},"sameAs":["https:\/\/www.facebook.com\/wirmachenauf","https:\/\/x.com\/WirMachenAuf_de"]},{"@type":"Person","@id":"https:\/\/now-news.de\/de\/#\/schema\/person\/fb534a4e865501d8b3285208df34a9b5","name":"rtnews","image":{"@type":"ImageObject","inLanguage":"de","@id":"https:\/\/now-news.de\/de\/#\/schema\/person\/image\/","url":"https:\/\/secure.gravatar.com\/avatar\/82aafea7d8127119dd649515f56e2117?s=96&d=mm&r=g","contentUrl":"https:\/\/secure.gravatar.com\/avatar\/82aafea7d8127119dd649515f56e2117?s=96&d=mm&r=g","caption":"rtnews"},"url":"https:\/\/now-news.de\/de\/author\/rnews\/"}]}},"_links":{"self":[{"href":"https:\/\/now-news.de\/de\/wp-json\/wp\/v2\/posts\/65683"}],"collection":[{"href":"https:\/\/now-news.de\/de\/wp-json\/wp\/v2\/posts"}],"about":[{"href":"https:\/\/now-news.de\/de\/wp-json\/wp\/v2\/types\/post"}],"author":[{"embeddable":true,"href":"https:\/\/now-news.de\/de\/wp-json\/wp\/v2\/users\/3"}],"replies":[{"embeddable":true,"href":"https:\/\/now-news.de\/de\/wp-json\/wp\/v2\/comments?post=65683"}],"version-history":[{"count":0,"href":"https:\/\/now-news.de\/de\/wp-json\/wp\/v2\/posts\/65683\/revisions"}],"wp:featuredmedia":[{"embeddable":true,"href":"https:\/\/now-news.de\/de\/wp-json\/wp\/v2\/media\/65684"}],"wp:attachment":[{"href":"https:\/\/now-news.de\/de\/wp-json\/wp\/v2\/media?parent=65683"}],"wp:term":[{"taxonomy":"category","embeddable":true,"href":"https:\/\/now-news.de\/de\/wp-json\/wp\/v2\/categories?post=65683"},{"taxonomy":"post_tag","embeddable":true,"href":"https:\/\/now-news.de\/de\/wp-json\/wp\/v2\/tags?post=65683"}],"curies":[{"name":"wp","href":"https:\/\/api.w.org\/{rel}","templated":true}]}}