{"id":65648,"date":"2024-07-28T17:18:44","date_gmt":"2024-07-28T15:18:44","guid":{"rendered":"https:\/\/now-news.de\/de\/deutschland\/deutsche-staatsraison-hat-akademischer-landschaft-schaden-zugefuegt\/"},"modified":"2024-07-28T17:18:44","modified_gmt":"2024-07-28T15:18:44","slug":"deutsche-staatsraison-hat-akademischer-landschaft-schaden-zugefuegt","status":"publish","type":"post","link":"https:\/\/now-news.de\/de\/deutschland\/deutsche-staatsraison-hat-akademischer-landschaft-schaden-zugefuegt\/","title":{"rendered":"&quot;Deutsche Staatsraison hat akademischer Landschaft Schaden zugef\u00fcgt&quot;"},"content":{"rendered":"<p><img decoding=\"async\" src=\"https:\/\/now-news.de\/de\/wp-content\/uploads\/sites\/3\/2024\/07\/66a64cc048fbef0bee7f61ae.jpg\" \/><\/p>\n<div class=\"Text-root Text-type_1 \">\n                Zunehmende Repression, Zensur und die einseitige Positionierung der Bundesregierung im Nahost-Konflikt haben dem Wissenschaftsstandort Deutschland Schaden zugef\u00fcgt, analysiert der V\u00f6lkerrechtsblog. Hinzu kommt eine Bewegung, die zum Boykott der Kooperation mit Deutschland aufruft.\n            <\/div>\n<p><\/p>\n<div class=\"Text-root Text-type_5 ArticleView-text ViewText-root \">\n<p>Die Herausgeberinnen des\u00a0<em>V\u00f6lkerrechtsblogs<\/em>\u00a0Su\u00e9 Gonz\u00e1lez Hauck und Isabel Lischewski\u00a0<a rel=\"nofollow noopener\" target=\"_blank\" href=\"https:\/\/voelkerrechtsblog.org\/closing-channels\/\">machen<\/a>\u00a0auf den Verlust der Reputation der deutschen Rechtswissenschaften im Ausland aufmerksam. Daf\u00fcr verantwortlich machen sie zunehmende Repressionen, die in der deutschen &#8220;Staatsr\u00e4son&#8221; wurzeln.\u00a0<\/p>\n<p><em>&#8220;Wir sind uns des Schadens bewusst geworden, den die Durchsetzung der deutschen Staatsraison durch Politiker und die Einhaltung dieser Staatsraison durch Wissenschaftler dem Ruf und der Qualit\u00e4t der deutschen akademischen Landschaft zugef\u00fcgt haben&#8221;, schreiben die Autorinnen.\u00a0<\/em><\/p>\n<p>Der Blog sieht sich durch die einseitige Positionierung Deutschlands im Nahost-Konflikt einem Boykott durch ausl\u00e4ndische Wissenschaftler ausgesetzt.\u00a0<\/p>\n<p>Dies sei zum einen der Boykott-Kampagne\u00a0<a rel=\"nofollow noopener\" target=\"_blank\" href=\"https:\/\/strikegermany.org\/\">Strike Germany<\/a>\u00a0geschuldet. Zum anderen sei daf\u00fcr die offene Repression gegen\u00fcber renommierten Wissenschaftlern verantwortlich. Als Beispiele werden die Philosophin Nancy Fraser, der\u00a0Anthropologe Ghassan Hage und der Rektor der Universit\u00e4t Glasgow, Ghassan Abu-Sittah, genannt. Fraser und Hage wurde die wissenschaftliche Zusammenarbeit wegen ihrer israelkritischen Haltung aufgek\u00fcndigt. Die Universit\u00e4t zu K\u00f6ln hat die Gastdozentur Frasers kurzfristig abgesagt. Fraser hatte einen offenen Brief &#8220;Philosophy for Palestine&#8221; unterzeichnet. Hage wurde eine Schm\u00e4hschrift in der\u00a0<em>Welt<\/em>\u00a0zur Stolperfalle. Das Blatt bezichtigte den Anthropologen, der vor allem zu Rassismus forscht, er w\u00fcrde zu Hass gegen Israel aufstacheln. Das Max-Planck-Institut beendete daraufhin die Zusammenarbeit.\u00a0<\/p>\n<p><em>&#8220;Was f\u00fcr mich eine faire, intellektuelle Kritik Israels ist, ist f\u00fcr sie Antisemitismus nach deutschem Recht&#8221;<\/em>, kommentierte Hage den Schritt.\u00a0<\/p>\n<p>Gegen den Rektor der Universit\u00e4t Glasgow, Ghassan Abu-Sittah, wurde ein Einreiseverbot in den Schengen-Raum verh\u00e4ngt. Grund: Abu-Sittah wollte am Pal\u00e4stina-Kongress in Berlin teilnehmen.\u00a0Auch seine Meinung zum Nahost-Konflikt weicht von der aus Berlin vorgegebenen Linie ab.\u00a0<\/p>\n<p>Die Autorinnen des Beitrags sorgen sich um den sich immer weiter verengenden Diskussionsraum in Deutschland. Deutschland sei dringend auf Impulse von au\u00dfen angewiesen.\u00a0<\/p>\n<p>Die Entwicklung\u00a0<em>&#8220;ist f\u00fcr uns zutiefst besorgniserregend und sollte alle in Deutschland arbeitenden Menschen beunruhigen, insbesondere weil die deutsche Debatte dringend Perspektiven von au\u00dferhalb dessen ben\u00f6tigt, was hierzulande immer noch ganz unironisch als &#8216;herrschende Meinung&#8217; bezeichnet wird.&#8221;<\/em><\/p>\n<p>Diese dringend notwendige Perspektive von au\u00dfen wird jedoch durch Zensur und Repression verhindert. Die Autorinnen rufen zu akademischem Mut und Einheit auf, um die Entwicklung umzukehren. Ob das gelingen kann, ist jedoch angesichts des in Deutschland herrschenden gesellschaftlichen Klimas mehr als fraglich. <\/p>\n<p><strong>Mehr zum Thema<\/strong>\u00a0\u2013 <a rel=\"nofollow noopener\" target=\"_blank\" href=\"https:\/\/freedert.online\/inland\/202336-cancel-culture-us-philosophin-wegen\/\">Cancel-Culture: Uni K\u00f6ln l\u00e4dt US-Philosophin wegen Israelkritik aus<\/a><\/p>\n<div class=\"EmbedBlock-root EmbedBlock-externalVideo EmbedBlock-odysee\">\n<div class=\"VkEmbed\"><iframe class=\"lazyload\" data-src=\"https:\/\/odysee.com\/%24\/embed\/%40RTDE%3Ae%2FTrump-Vize-Deutschland-ist-Satellitenstaat-der-USA-Bundesregierung-Kommentieren-wir-nicht%3A8\" frameborder=\"0\" width=\"853\" height=\"480\" allowfullscreen><\/iframe><\/div>\n<\/div>\n<\/div>\n<p><br \/>\n<br \/><a href=\"https:\/\/de.rt.com\/inland\/213861-deutsche-staatsraison-hat-akademischer-landschaft\/\">Source link <\/a><\/p>\n","protected":false},"excerpt":{"rendered":"<p>Zunehmende Repression, Zensur und die einseitige Positionierung der Bundesregierung im Nahost-Konflikt haben dem Wissenschaftsstandort Deutschland Schaden zugef\u00fcgt, analysiert der V\u00f6lkerrechtsblog. Hinzu kommt eine Bewegung, die zum Boykott der Kooperation mit Deutschland aufruft. Die Herausgeberinnen des\u00a0V\u00f6lkerrechtsblogs\u00a0Su\u00e9 Gonz\u00e1lez Hauck und Isabel Lischewski\u00a0machen\u00a0auf den Verlust der Reputation der deutschen Rechtswissenschaften im Ausland aufmerksam. Daf\u00fcr verantwortlich machen sie zunehmende [&hellip;]<\/p>\n","protected":false},"author":3,"featured_media":65649,"comment_status":"open","ping_status":"open","sticky":false,"template":"","format":"standard","meta":{"_yoast_indexnow_last_ping":["1722181821"],"wp_automatic_camp":["217"],"7e363403013aae0372afbbe56a4e2b36":["&quot;Deutsche Staatsraison hat akademischer Landschaft Schaden zugef\u00fcgt&quot;"],"original_link":["https:\/\/de.rt.com\/inland\/213861-deutsche-staatsraison-hat-akademischer-landschaft\/"],"_thumbnail_id":["65649"],"jnews_social_counter_last_update":["1776658116"],"_wptgpro_p2tg_sent2tg":["a:1:{i:23737;s:19:\"2024-07-28 17:51:29\";}"]},"categories":[19,23],"tags":[57070,423,21572,5639,971,57069,57071],"yoast_head":"<!-- This site is optimized with the Yoast SEO Premium plugin v22.7 (Yoast SEO v22.7) - https:\/\/yoast.com\/wordpress\/plugins\/seo\/ -->\n<title>&quot;Deutsche Staatsraison hat akademischer Landschaft Schaden zugef\u00fcgt&quot; - just-now.NEWS Deutschland<\/title>\n<meta name=\"robots\" content=\"index, follow, max-snippet:-1, max-image-preview:large, max-video-preview:-1\" \/>\n<link rel=\"canonical\" href=\"https:\/\/now-news.de\/de\/deutschland\/deutsche-staatsraison-hat-akademischer-landschaft-schaden-zugefuegt\/\" \/>\n<meta property=\"og:locale\" content=\"de_DE\" \/>\n<meta property=\"og:type\" content=\"article\" \/>\n<meta property=\"og:title\" content=\"&quot;Deutsche Staatsraison hat akademischer Landschaft Schaden zugef\u00fcgt&quot;\" \/>\n<meta property=\"og:description\" content=\"Zunehmende Repression, Zensur und die einseitige Positionierung der Bundesregierung im Nahost-Konflikt haben dem Wissenschaftsstandort Deutschland Schaden zugef\u00fcgt, analysiert der V\u00f6lkerrechtsblog. Hinzu kommt eine Bewegung, die zum Boykott der Kooperation mit Deutschland aufruft. Die Herausgeberinnen des\u00a0V\u00f6lkerrechtsblogs\u00a0Su\u00e9 Gonz\u00e1lez Hauck und Isabel Lischewski\u00a0machen\u00a0auf den Verlust der Reputation der deutschen Rechtswissenschaften im Ausland aufmerksam. Daf\u00fcr verantwortlich machen sie zunehmende [&hellip;]\" \/>\n<meta property=\"og:url\" content=\"https:\/\/now-news.de\/de\/deutschland\/deutsche-staatsraison-hat-akademischer-landschaft-schaden-zugefuegt\/\" \/>\n<meta property=\"og:site_name\" content=\"just-now.NEWS Deutschland\" \/>\n<meta property=\"article:publisher\" content=\"https:\/\/www.facebook.com\/wirmachenauf\" \/>\n<meta property=\"article:published_time\" content=\"2024-07-28T15:18:44+00:00\" \/>\n<meta property=\"og:image\" content=\"https:\/\/now-news.de\/de\/wp-content\/uploads\/sites\/3\/2024\/07\/66a64cc048fbef0bee7f61ae.jpg\" \/>\n<meta name=\"author\" content=\"rtnews\" \/>\n<meta name=\"twitter:card\" content=\"summary_large_image\" \/>\n<meta name=\"twitter:creator\" content=\"@WirMachenAuf_de\" \/>\n<meta name=\"twitter:site\" content=\"@WirMachenAuf_de\" \/>\n<meta name=\"twitter:label1\" content=\"Verfasst von\" \/>\n\t<meta name=\"twitter:data1\" content=\"rtnews\" \/>\n\t<meta name=\"twitter:label2\" content=\"Gesch\u00e4tzte Lesezeit\" \/>\n\t<meta name=\"twitter:data2\" content=\"2\u00a0Minuten\" \/>\n<script type=\"application\/ld+json\" class=\"yoast-schema-graph\">{\"@context\":\"https:\/\/schema.org\",\"@graph\":[{\"@type\":\"Article\",\"@id\":\"https:\/\/now-news.de\/de\/deutschland\/deutsche-staatsraison-hat-akademischer-landschaft-schaden-zugefuegt\/#article\",\"isPartOf\":{\"@id\":\"https:\/\/now-news.de\/de\/deutschland\/deutsche-staatsraison-hat-akademischer-landschaft-schaden-zugefuegt\/\"},\"author\":{\"name\":\"rtnews\",\"@id\":\"https:\/\/now-news.de\/de\/#\/schema\/person\/fb534a4e865501d8b3285208df34a9b5\"},\"headline\":\"&quot;Deutsche Staatsraison hat akademischer Landschaft Schaden zugef\u00fcgt&quot;\",\"datePublished\":\"2024-07-28T15:18:44+00:00\",\"dateModified\":\"2024-07-28T15:18:44+00:00\",\"mainEntityOfPage\":{\"@id\":\"https:\/\/now-news.de\/de\/deutschland\/deutsche-staatsraison-hat-akademischer-landschaft-schaden-zugefuegt\/\"},\"wordCount\":434,\"commentCount\":0,\"publisher\":{\"@id\":\"https:\/\/now-news.de\/de\/#organization\"},\"image\":{\"@id\":\"https:\/\/now-news.de\/de\/deutschland\/deutsche-staatsraison-hat-akademischer-landschaft-schaden-zugefuegt\/#primaryimage\"},\"thumbnailUrl\":\"https:\/\/now-news.de\/de\/wp-content\/uploads\/sites\/3\/2024\/07\/quotDeutsche-Staatsraison-hat-akademischer-Landschaft-Schaden-zugefuegtquot.jpg\",\"keywords\":[\"akademischer\",\"hat\",\"Landschaft\",\"quotdeutsche\",\"schaden\",\"Staatsraison\",\"zugef\u00fcgtquot\"],\"articleSection\":[\"Deutschland\",\"Russland\"],\"inLanguage\":\"de\",\"potentialAction\":[{\"@type\":\"CommentAction\",\"name\":\"Comment\",\"target\":[\"https:\/\/now-news.de\/de\/deutschland\/deutsche-staatsraison-hat-akademischer-landschaft-schaden-zugefuegt\/#respond\"]}]},{\"@type\":\"WebPage\",\"@id\":\"https:\/\/now-news.de\/de\/deutschland\/deutsche-staatsraison-hat-akademischer-landschaft-schaden-zugefuegt\/\",\"url\":\"https:\/\/now-news.de\/de\/deutschland\/deutsche-staatsraison-hat-akademischer-landschaft-schaden-zugefuegt\/\",\"name\":\"&quot;Deutsche Staatsraison hat akademischer Landschaft Schaden zugef\u00fcgt&quot; - just-now.NEWS Deutschland\",\"isPartOf\":{\"@id\":\"https:\/\/now-news.de\/de\/#website\"},\"primaryImageOfPage\":{\"@id\":\"https:\/\/now-news.de\/de\/deutschland\/deutsche-staatsraison-hat-akademischer-landschaft-schaden-zugefuegt\/#primaryimage\"},\"image\":{\"@id\":\"https:\/\/now-news.de\/de\/deutschland\/deutsche-staatsraison-hat-akademischer-landschaft-schaden-zugefuegt\/#primaryimage\"},\"thumbnailUrl\":\"https:\/\/now-news.de\/de\/wp-content\/uploads\/sites\/3\/2024\/07\/quotDeutsche-Staatsraison-hat-akademischer-Landschaft-Schaden-zugefuegtquot.jpg\",\"datePublished\":\"2024-07-28T15:18:44+00:00\",\"dateModified\":\"2024-07-28T15:18:44+00:00\",\"breadcrumb\":{\"@id\":\"https:\/\/now-news.de\/de\/deutschland\/deutsche-staatsraison-hat-akademischer-landschaft-schaden-zugefuegt\/#breadcrumb\"},\"inLanguage\":\"de\",\"potentialAction\":[{\"@type\":\"ReadAction\",\"target\":[\"https:\/\/now-news.de\/de\/deutschland\/deutsche-staatsraison-hat-akademischer-landschaft-schaden-zugefuegt\/\"]}]},{\"@type\":\"ImageObject\",\"inLanguage\":\"de\",\"@id\":\"https:\/\/now-news.de\/de\/deutschland\/deutsche-staatsraison-hat-akademischer-landschaft-schaden-zugefuegt\/#primaryimage\",\"url\":\"https:\/\/now-news.de\/de\/wp-content\/uploads\/sites\/3\/2024\/07\/quotDeutsche-Staatsraison-hat-akademischer-Landschaft-Schaden-zugefuegtquot.jpg\",\"contentUrl\":\"https:\/\/now-news.de\/de\/wp-content\/uploads\/sites\/3\/2024\/07\/quotDeutsche-Staatsraison-hat-akademischer-Landschaft-Schaden-zugefuegtquot.jpg\",\"width\":460,\"height\":259,\"caption\":\"&quot;Deutsche Staatsraison hat akademischer Landschaft Schaden zugef\u00fcgt&quot;\"},{\"@type\":\"BreadcrumbList\",\"@id\":\"https:\/\/now-news.de\/de\/deutschland\/deutsche-staatsraison-hat-akademischer-landschaft-schaden-zugefuegt\/#breadcrumb\",\"itemListElement\":[{\"@type\":\"ListItem\",\"position\":1,\"name\":\"Home\",\"item\":\"https:\/\/now-news.de\/de\/\"},{\"@type\":\"ListItem\",\"position\":2,\"name\":\"&quot;Deutsche Staatsraison hat akademischer Landschaft Schaden zugef\u00fcgt&quot;\"}]},{\"@type\":\"WebSite\",\"@id\":\"https:\/\/now-news.de\/de\/#website\",\"url\":\"https:\/\/now-news.de\/de\/\",\"name\":\"just-now.NEWS Deutschland\",\"description\":\"Das Portal f\u00fcr unzensierte Nachrichten aus der Welt\",\"publisher\":{\"@id\":\"https:\/\/now-news.de\/de\/#organization\"},\"potentialAction\":[{\"@type\":\"SearchAction\",\"target\":{\"@type\":\"EntryPoint\",\"urlTemplate\":\"https:\/\/now-news.de\/de\/?s={search_term_string}\"},\"query-input\":\"required name=search_term_string\"}],\"inLanguage\":\"de\"},{\"@type\":\"Organization\",\"@id\":\"https:\/\/now-news.de\/de\/#organization\",\"name\":\"Just Now News\",\"url\":\"https:\/\/now-news.de\/de\/\",\"logo\":{\"@type\":\"ImageObject\",\"inLanguage\":\"de\",\"@id\":\"https:\/\/now-news.de\/de\/#\/schema\/logo\/image\/\",\"url\":\"http:\/\/just-now.news\/de\/wp-content\/uploads\/sites\/3\/2022\/04\/logo500x500.jpg\",\"contentUrl\":\"http:\/\/just-now.news\/de\/wp-content\/uploads\/sites\/3\/2022\/04\/logo500x500.jpg\",\"width\":500,\"height\":500,\"caption\":\"Just Now News\"},\"image\":{\"@id\":\"https:\/\/now-news.de\/de\/#\/schema\/logo\/image\/\"},\"sameAs\":[\"https:\/\/www.facebook.com\/wirmachenauf\",\"https:\/\/x.com\/WirMachenAuf_de\"]},{\"@type\":\"Person\",\"@id\":\"https:\/\/now-news.de\/de\/#\/schema\/person\/fb534a4e865501d8b3285208df34a9b5\",\"name\":\"rtnews\",\"image\":{\"@type\":\"ImageObject\",\"inLanguage\":\"de\",\"@id\":\"https:\/\/now-news.de\/de\/#\/schema\/person\/image\/\",\"url\":\"https:\/\/secure.gravatar.com\/avatar\/82aafea7d8127119dd649515f56e2117?s=96&d=mm&r=g\",\"contentUrl\":\"https:\/\/secure.gravatar.com\/avatar\/82aafea7d8127119dd649515f56e2117?s=96&d=mm&r=g\",\"caption\":\"rtnews\"},\"url\":\"https:\/\/now-news.de\/de\/author\/rnews\/\"}]}<\/script>\n<!-- \/ Yoast SEO Premium plugin. -->","yoast_head_json":{"title":"&quot;Deutsche Staatsraison hat akademischer Landschaft Schaden zugef\u00fcgt&quot; - just-now.NEWS Deutschland","robots":{"index":"index","follow":"follow","max-snippet":"max-snippet:-1","max-image-preview":"max-image-preview:large","max-video-preview":"max-video-preview:-1"},"canonical":"https:\/\/now-news.de\/de\/deutschland\/deutsche-staatsraison-hat-akademischer-landschaft-schaden-zugefuegt\/","og_locale":"de_DE","og_type":"article","og_title":"&quot;Deutsche Staatsraison hat akademischer Landschaft Schaden zugef\u00fcgt&quot;","og_description":"Zunehmende Repression, Zensur und die einseitige Positionierung der Bundesregierung im Nahost-Konflikt haben dem Wissenschaftsstandort Deutschland Schaden zugef\u00fcgt, analysiert der V\u00f6lkerrechtsblog. Hinzu kommt eine Bewegung, die zum Boykott der Kooperation mit Deutschland aufruft. Die Herausgeberinnen des\u00a0V\u00f6lkerrechtsblogs\u00a0Su\u00e9 Gonz\u00e1lez Hauck und Isabel Lischewski\u00a0machen\u00a0auf den Verlust der Reputation der deutschen Rechtswissenschaften im Ausland aufmerksam. Daf\u00fcr verantwortlich machen sie zunehmende [&hellip;]","og_url":"https:\/\/now-news.de\/de\/deutschland\/deutsche-staatsraison-hat-akademischer-landschaft-schaden-zugefuegt\/","og_site_name":"just-now.NEWS Deutschland","article_publisher":"https:\/\/www.facebook.com\/wirmachenauf","article_published_time":"2024-07-28T15:18:44+00:00","og_image":[{"url":"https:\/\/now-news.de\/de\/wp-content\/uploads\/sites\/3\/2024\/07\/66a64cc048fbef0bee7f61ae.jpg"}],"author":"rtnews","twitter_card":"summary_large_image","twitter_creator":"@WirMachenAuf_de","twitter_site":"@WirMachenAuf_de","twitter_misc":{"Verfasst von":"rtnews","Gesch\u00e4tzte Lesezeit":"2\u00a0Minuten"},"schema":{"@context":"https:\/\/schema.org","@graph":[{"@type":"Article","@id":"https:\/\/now-news.de\/de\/deutschland\/deutsche-staatsraison-hat-akademischer-landschaft-schaden-zugefuegt\/#article","isPartOf":{"@id":"https:\/\/now-news.de\/de\/deutschland\/deutsche-staatsraison-hat-akademischer-landschaft-schaden-zugefuegt\/"},"author":{"name":"rtnews","@id":"https:\/\/now-news.de\/de\/#\/schema\/person\/fb534a4e865501d8b3285208df34a9b5"},"headline":"&quot;Deutsche Staatsraison hat akademischer Landschaft Schaden zugef\u00fcgt&quot;","datePublished":"2024-07-28T15:18:44+00:00","dateModified":"2024-07-28T15:18:44+00:00","mainEntityOfPage":{"@id":"https:\/\/now-news.de\/de\/deutschland\/deutsche-staatsraison-hat-akademischer-landschaft-schaden-zugefuegt\/"},"wordCount":434,"commentCount":0,"publisher":{"@id":"https:\/\/now-news.de\/de\/#organization"},"image":{"@id":"https:\/\/now-news.de\/de\/deutschland\/deutsche-staatsraison-hat-akademischer-landschaft-schaden-zugefuegt\/#primaryimage"},"thumbnailUrl":"https:\/\/now-news.de\/de\/wp-content\/uploads\/sites\/3\/2024\/07\/quotDeutsche-Staatsraison-hat-akademischer-Landschaft-Schaden-zugefuegtquot.jpg","keywords":["akademischer","hat","Landschaft","quotdeutsche","schaden","Staatsraison","zugef\u00fcgtquot"],"articleSection":["Deutschland","Russland"],"inLanguage":"de","potentialAction":[{"@type":"CommentAction","name":"Comment","target":["https:\/\/now-news.de\/de\/deutschland\/deutsche-staatsraison-hat-akademischer-landschaft-schaden-zugefuegt\/#respond"]}]},{"@type":"WebPage","@id":"https:\/\/now-news.de\/de\/deutschland\/deutsche-staatsraison-hat-akademischer-landschaft-schaden-zugefuegt\/","url":"https:\/\/now-news.de\/de\/deutschland\/deutsche-staatsraison-hat-akademischer-landschaft-schaden-zugefuegt\/","name":"&quot;Deutsche Staatsraison hat akademischer Landschaft Schaden zugef\u00fcgt&quot; - just-now.NEWS Deutschland","isPartOf":{"@id":"https:\/\/now-news.de\/de\/#website"},"primaryImageOfPage":{"@id":"https:\/\/now-news.de\/de\/deutschland\/deutsche-staatsraison-hat-akademischer-landschaft-schaden-zugefuegt\/#primaryimage"},"image":{"@id":"https:\/\/now-news.de\/de\/deutschland\/deutsche-staatsraison-hat-akademischer-landschaft-schaden-zugefuegt\/#primaryimage"},"thumbnailUrl":"https:\/\/now-news.de\/de\/wp-content\/uploads\/sites\/3\/2024\/07\/quotDeutsche-Staatsraison-hat-akademischer-Landschaft-Schaden-zugefuegtquot.jpg","datePublished":"2024-07-28T15:18:44+00:00","dateModified":"2024-07-28T15:18:44+00:00","breadcrumb":{"@id":"https:\/\/now-news.de\/de\/deutschland\/deutsche-staatsraison-hat-akademischer-landschaft-schaden-zugefuegt\/#breadcrumb"},"inLanguage":"de","potentialAction":[{"@type":"ReadAction","target":["https:\/\/now-news.de\/de\/deutschland\/deutsche-staatsraison-hat-akademischer-landschaft-schaden-zugefuegt\/"]}]},{"@type":"ImageObject","inLanguage":"de","@id":"https:\/\/now-news.de\/de\/deutschland\/deutsche-staatsraison-hat-akademischer-landschaft-schaden-zugefuegt\/#primaryimage","url":"https:\/\/now-news.de\/de\/wp-content\/uploads\/sites\/3\/2024\/07\/quotDeutsche-Staatsraison-hat-akademischer-Landschaft-Schaden-zugefuegtquot.jpg","contentUrl":"https:\/\/now-news.de\/de\/wp-content\/uploads\/sites\/3\/2024\/07\/quotDeutsche-Staatsraison-hat-akademischer-Landschaft-Schaden-zugefuegtquot.jpg","width":460,"height":259,"caption":"&quot;Deutsche Staatsraison hat akademischer Landschaft Schaden zugef\u00fcgt&quot;"},{"@type":"BreadcrumbList","@id":"https:\/\/now-news.de\/de\/deutschland\/deutsche-staatsraison-hat-akademischer-landschaft-schaden-zugefuegt\/#breadcrumb","itemListElement":[{"@type":"ListItem","position":1,"name":"Home","item":"https:\/\/now-news.de\/de\/"},{"@type":"ListItem","position":2,"name":"&quot;Deutsche Staatsraison hat akademischer Landschaft Schaden zugef\u00fcgt&quot;"}]},{"@type":"WebSite","@id":"https:\/\/now-news.de\/de\/#website","url":"https:\/\/now-news.de\/de\/","name":"just-now.NEWS Deutschland","description":"Das Portal f\u00fcr unzensierte Nachrichten aus der Welt","publisher":{"@id":"https:\/\/now-news.de\/de\/#organization"},"potentialAction":[{"@type":"SearchAction","target":{"@type":"EntryPoint","urlTemplate":"https:\/\/now-news.de\/de\/?s={search_term_string}"},"query-input":"required name=search_term_string"}],"inLanguage":"de"},{"@type":"Organization","@id":"https:\/\/now-news.de\/de\/#organization","name":"Just Now News","url":"https:\/\/now-news.de\/de\/","logo":{"@type":"ImageObject","inLanguage":"de","@id":"https:\/\/now-news.de\/de\/#\/schema\/logo\/image\/","url":"http:\/\/just-now.news\/de\/wp-content\/uploads\/sites\/3\/2022\/04\/logo500x500.jpg","contentUrl":"http:\/\/just-now.news\/de\/wp-content\/uploads\/sites\/3\/2022\/04\/logo500x500.jpg","width":500,"height":500,"caption":"Just Now News"},"image":{"@id":"https:\/\/now-news.de\/de\/#\/schema\/logo\/image\/"},"sameAs":["https:\/\/www.facebook.com\/wirmachenauf","https:\/\/x.com\/WirMachenAuf_de"]},{"@type":"Person","@id":"https:\/\/now-news.de\/de\/#\/schema\/person\/fb534a4e865501d8b3285208df34a9b5","name":"rtnews","image":{"@type":"ImageObject","inLanguage":"de","@id":"https:\/\/now-news.de\/de\/#\/schema\/person\/image\/","url":"https:\/\/secure.gravatar.com\/avatar\/82aafea7d8127119dd649515f56e2117?s=96&d=mm&r=g","contentUrl":"https:\/\/secure.gravatar.com\/avatar\/82aafea7d8127119dd649515f56e2117?s=96&d=mm&r=g","caption":"rtnews"},"url":"https:\/\/now-news.de\/de\/author\/rnews\/"}]}},"_links":{"self":[{"href":"https:\/\/now-news.de\/de\/wp-json\/wp\/v2\/posts\/65648"}],"collection":[{"href":"https:\/\/now-news.de\/de\/wp-json\/wp\/v2\/posts"}],"about":[{"href":"https:\/\/now-news.de\/de\/wp-json\/wp\/v2\/types\/post"}],"author":[{"embeddable":true,"href":"https:\/\/now-news.de\/de\/wp-json\/wp\/v2\/users\/3"}],"replies":[{"embeddable":true,"href":"https:\/\/now-news.de\/de\/wp-json\/wp\/v2\/comments?post=65648"}],"version-history":[{"count":0,"href":"https:\/\/now-news.de\/de\/wp-json\/wp\/v2\/posts\/65648\/revisions"}],"wp:featuredmedia":[{"embeddable":true,"href":"https:\/\/now-news.de\/de\/wp-json\/wp\/v2\/media\/65649"}],"wp:attachment":[{"href":"https:\/\/now-news.de\/de\/wp-json\/wp\/v2\/media?parent=65648"}],"wp:term":[{"taxonomy":"category","embeddable":true,"href":"https:\/\/now-news.de\/de\/wp-json\/wp\/v2\/categories?post=65648"},{"taxonomy":"post_tag","embeddable":true,"href":"https:\/\/now-news.de\/de\/wp-json\/wp\/v2\/tags?post=65648"}],"curies":[{"name":"wp","href":"https:\/\/api.w.org\/{rel}","templated":true}]}}