{"id":65636,"date":"2024-07-28T14:30:48","date_gmt":"2024-07-28T12:30:48","guid":{"rendered":"https:\/\/now-news.de\/de\/deutschland\/faeser-und-der-klimaterror\/"},"modified":"2024-07-28T14:30:48","modified_gmt":"2024-07-28T12:30:48","slug":"faeser-und-der-klimaterror","status":"publish","type":"post","link":"https:\/\/now-news.de\/de\/deutschland\/faeser-und-der-klimaterror\/","title":{"rendered":"Faeser und der Klimaterror"},"content":{"rendered":"<p><img decoding=\"async\" src=\"https:\/\/now-news.de\/de\/wp-content\/uploads\/sites\/3\/2024\/07\/66a2857148fbef703e3a0ab7.jpg\" \/><\/p>\n<div class=\"Text-root Text-type_1 \">\n                Immer noch Glac\u00e9handschuhe, obwohl inzwischen innerhalb einer Woche zwei Flugh\u00e4fen stillgelegt wurden, mitten in der Urlaubssaison. Dabei w\u00e4re eine v\u00f6llig andere Reaktion m\u00f6glich. Ja, wenn man es genau nimmt, vielleicht sogar geboten. Aber Faeser-Recht ist immer \u00fcberraschend.\n            <\/div>\n<p><\/p>\n<div class=\"Text-root Text-type_5 ArticleView-text ViewText-root \">\n<p><em>Von Dagmar Henn<\/em><\/p>\n<p>Ein klein bisschen Anwendung des Strafrechts w\u00e4re gelegentlich mal ganz nett, Frau Faeser. In F\u00e4llen, in denen das sogar geht, ohne etwas zu verdrehen oder zu \u00fcberdehnen. Wie bei den Klimaterroristen beispielsweise.<\/p>\n<p>Ja, richtig geh\u00f6rt. Da k\u00f6nnten Sie mal hinlangen, eine Runde Durchsuchungen morgens um sechs vorbeischicken, Websites verbieten und Konten lahmlegen. Und am besten gleich die Spender auch noch wegen F\u00f6rderung einer terroristischen Vereinigung belangen. Und das g\u00fcnstigerweise, ehe dieser Truppe gef\u00e4hrlichere Dinge einfallen, als sich irgendwo festzukleben.<\/p>\n<p>Ich bin mir sicher, eine Umfrage unter den Wartenden an den befallenen Flugh\u00e4fen, egal, ob K\u00f6ln-Bonn oder neuestens Frankfurt, d\u00fcrfte am Ende Ihrer Ansicht nach gar nicht ver\u00f6ffentlicht werden, weil das dann alles unter Hass und Hetze f\u00e4llt, und der eine oder andere, der aus dem Stand bereit w\u00e4re, die Klimaterroristen zu erw\u00fcrgen, f\u00e4nde sich sicher auch. Na, wie wir Sie kennen, w\u00fcrden Sie dann mit ganzem Eifer die Opfer verfolgen, weil diese Klimaterroristen doch die Guten sind.<\/p>\n<p>Aber mal ernsthaft. Es handelt es sich hier definitiv um eine Personengruppe, die sich mit der Absicht zusammengetan hat, Straftaten zu begehen. Und mit diesen Flugplatzaktionen sind wir schon im Bereich schwerer Straftaten. Gef\u00e4hrlicher Eingriff in den Luftverkehr? Gut, so wie man die deutsche Justiz und vor allem die weisungsgebundene Staatsanwaltschaft kennt, k\u00e4men sie wieder mit Strafen im unteren Bereich davon. Aber gehen wir einfach mal davon aus, das w\u00e4ren Leute, die Sie nicht m\u00f6gen. Also beispielsweise Leser von <em>Compact<\/em> oder so.<\/p>\n<p>Nur um es klarzustellen \u2013 in \u00a7\u00a0129a StGB, Bildung einer terroristischen Vereinigung, steht explizit:<\/p>\n<blockquote>\n<p><em>&#8220;Ebenso wird bestraft, wer eine Vereinigung gr\u00fcndet, deren Zwecke oder deren T\u00e4tigkeit darauf gerichtet sind, (\u2026) 2. gemeingef\u00e4hrliche Straftaten in den F\u00e4llen (\u2026) des \u00a7\u00a0315 StGB (\u2026) zu begehen oder sich an einer solchen Vereinigung als Mitglied beteiligt (\u2026).&#8221;<\/em><\/p>\n<\/blockquote>\n<p>Ob das eine Einsch\u00fcchterung der Bev\u00f6lkerung oder einer Beh\u00f6rde ist, da w\u00e4ren Sie im Falle von <em>Compact<\/em> ganz sicher, nehme ich an. \u00a7\u00a0315 ist \u00fcbrigens diese Sache, &#8220;gef\u00e4hrlicher Eingriff in den Luftverkehr&#8221;.<\/p>\n<p>Ja, sogar die Androhung einer solchen Tat ist strafbar. Und R\u00e4delsf\u00fchrer und Hinterm\u00e4nner bekommen mindestens drei Jahre, besagt dieser Paragraf. Und dann gibt es auch noch diesen Absatz\u00a05, f\u00fcr die Unterst\u00fctzer, in dem dann auch noch steht:<\/p>\n<blockquote>\n<p><em>&#8220;Wer f\u00fcr eine in Absatz\u00a01 oder Absatz\u00a02 bezeichnete Vereinigung um Mitglieder und Unterst\u00fctzer wirbt, wird mit Freiheitsstrafe von sechs Monaten bis zu f\u00fcnf Jahren bestraft.&#8221;<\/em><\/p>\n<\/blockquote>\n<p>Stellen Sie sich einfach vor, das w\u00e4ren die anderen. Dann k\u00f6nnten Sie in aller Seelenruhe die B\u00fcros durchsuchen, die Websites sperren, die Klimakleber einknasten, unter Hochsicherheitsbedingungen, versteht sich, schlie\u00dflich muss sich Stammheim amortisieren, die Konten beschlagnahmen und jeden, der daran irgendwie beteiligt ist, belangen (was, wenn man an die Oligarchenstiftungen denkt, sehr unterhaltsam w\u00e4re). Sie wissen doch, wie das geht. Modell Rollatorputsch etwa. So mit journalistischer Begleitung bei der Erst\u00fcrmung und ganz viel medialem Tamtam. Da w\u00e4ren Ihnen dann sogar ganz viele Deutsche richtig dankbar.<\/p>\n<p>Mir ist schon klar, dass das nicht passieren wird. Das sind ja die Guten, und so ein klein bisschen Terrorismus wird man schon wegstecken k\u00f6nnen, ist ja nicht die Hisbollah. Wer wird da auf der Anwendung des vorhandenen Strafrechts bestehen, so kleinlich, das ist geradezu undemokratisch.<\/p>\n<p>Immerhin, Sie haben einen v\u00f6llig neuen Zustand geschaffen. Ich h\u00e4tte mir nie denken lassen, dass einmal das Strafgesetzbuch zur Grundlage meiner Wunschvorstellungen wird. Aber so ist das. Bei den einen reichen Worte f\u00fcr die ganz gro\u00dfe staatliche Keule (und ich glaube nicht, dass Sie bei <em>Compact<\/em> Halt machen, da stehen alle Medien auf der Liste, die irgendwie nicht konform und noch in Deutschland erreichbar sind, mitnichten beschr\u00e4nkt auf jene, die sich als &#8220;rechts&#8221; etikettieren lassen), und bei den anderen hat selbst eindeutig terroristisches Handeln bestenfalls die Folge, dass ein leises &#8220;Na, na&#8221; zu h\u00f6ren ist.<\/p>\n<p>In Verbindung mit der v\u00f6lligen Unt\u00e4tigkeit nach Nord Stream ist das sogar folgerichtig. Schlie\u00dflich k\u00f6nnte der kleine Klimaterrorist jederzeit darauf verweisen, dass man sich ganze Pipelines wegsprengen l\u00e4sst, deren Verlust die industrielle Grundlage der Volkswirtschaft ruiniert, ohne auch nur mit der Wimper zu zucken. Verglichen damit ist die ganze Flughafenblockiererei wirklich Pillepalle.<\/p>\n<p>Aber gelegentlich sollte Sie zumindest das Schamgef\u00fchl bei\u00dfen. Einfach, weil es v\u00f6llig verr\u00fcckt ist, wegen Magazinen, die nur dann direkt Menschen sch\u00e4digen, wenn man sie straff zusammenrollt und jemandem auf den Kopf schl\u00e4gt, die Pferde scheu zu machen und bei solchen Nummern wie auf dem Flughafen Frankfurt konsequent in die andere Richtung zu schauen und so zu tun, als sei das Strafgesetzbuch irgendein esoterisches Schriftst\u00fcck, von dem man noch nie Genaueres geh\u00f6rt hat. Und wenn es nur ein Zucken ist, oder ein schlechter Traum, oder ein leichter Schwall des Ekels angesichts des eigenen Spiegelbilds.<\/p>\n<p>Ich f\u00fcrchte nur, selbst das ist schon zu viel verlangt von einer Person, die so von sich \u00fcberzeugt ist, dass sie Verbotsverf\u00fcgungen mit &#8220;Ich habe&#8221; vorstellt. Da ist wirklich Hopfen und Malz verloren.<\/p>\n<p><strong>Mehr zum Thema<\/strong> \u2013 <a rel=\"nofollow noopener\" target=\"_blank\" href=\"https:\/\/freedert.online\/gesellschaft\/213042-verfassungsschutz-experte-zerpflueckt-faesers-compact-verbot\/\">Zahlensymbolik und ein Hausmeister: Verfassungsschutz-Experte zerpfl\u00fcckt Faesers Compact-Verbot <\/a><\/p>\n<\/div>\n<p><br \/>\n<br \/><a href=\"https:\/\/de.rt.com\/meinung\/213583-faeser-und-der-klimaterror\/\">Source link <\/a><\/p>\n","protected":false},"excerpt":{"rendered":"<p>Immer noch Glac\u00e9handschuhe, obwohl inzwischen innerhalb einer Woche zwei Flugh\u00e4fen stillgelegt wurden, mitten in der Urlaubssaison. Dabei w\u00e4re eine v\u00f6llig andere Reaktion m\u00f6glich. Ja, wenn man es genau nimmt, vielleicht sogar geboten. Aber Faeser-Recht ist immer \u00fcberraschend. Von Dagmar Henn Ein klein bisschen Anwendung des Strafrechts w\u00e4re gelegentlich mal ganz nett, Frau Faeser. In F\u00e4llen, [&hellip;]<\/p>\n","protected":false},"author":3,"featured_media":65637,"comment_status":"open","ping_status":"open","sticky":false,"template":"","format":"standard","meta":{"_yoast_indexnow_last_ping":["1722170123"],"wp_automatic_camp":["217"],"8c6ddd4faad2372477b2fde44bcc34f8":["Faeser und der Klimaterror"],"original_link":["https:\/\/de.rt.com\/meinung\/213583-faeser-und-der-klimaterror\/"],"_thumbnail_id":["65637"],"jnews_social_counter_last_update":["1777202156"],"_wptgpro_p2tg_sent2tg":["a:1:{i:23737;s:19:\"2024-07-28 14:36:28\";}"]},"categories":[19,23],"tags":[82,16802,54496,140],"yoast_head":"<!-- This site is optimized with the Yoast SEO Premium plugin v22.7 (Yoast SEO v22.7) - https:\/\/yoast.com\/wordpress\/plugins\/seo\/ -->\n<title>Faeser und der Klimaterror - just-now.NEWS Deutschland<\/title>\n<meta name=\"robots\" content=\"index, follow, max-snippet:-1, max-image-preview:large, max-video-preview:-1\" \/>\n<link rel=\"canonical\" href=\"https:\/\/now-news.de\/de\/deutschland\/faeser-und-der-klimaterror\/\" \/>\n<meta property=\"og:locale\" content=\"de_DE\" \/>\n<meta property=\"og:type\" content=\"article\" \/>\n<meta property=\"og:title\" content=\"Faeser und der Klimaterror\" \/>\n<meta property=\"og:description\" content=\"Immer noch Glac\u00e9handschuhe, obwohl inzwischen innerhalb einer Woche zwei Flugh\u00e4fen stillgelegt wurden, mitten in der Urlaubssaison. Dabei w\u00e4re eine v\u00f6llig andere Reaktion m\u00f6glich. Ja, wenn man es genau nimmt, vielleicht sogar geboten. Aber Faeser-Recht ist immer \u00fcberraschend. Von Dagmar Henn Ein klein bisschen Anwendung des Strafrechts w\u00e4re gelegentlich mal ganz nett, Frau Faeser. In F\u00e4llen, [&hellip;]\" \/>\n<meta property=\"og:url\" content=\"https:\/\/now-news.de\/de\/deutschland\/faeser-und-der-klimaterror\/\" \/>\n<meta property=\"og:site_name\" content=\"just-now.NEWS Deutschland\" \/>\n<meta property=\"article:publisher\" content=\"https:\/\/www.facebook.com\/wirmachenauf\" \/>\n<meta property=\"article:published_time\" content=\"2024-07-28T12:30:48+00:00\" \/>\n<meta property=\"og:image\" content=\"https:\/\/now-news.de\/de\/wp-content\/uploads\/sites\/3\/2024\/07\/66a2857148fbef703e3a0ab7.jpg\" \/>\n<meta name=\"author\" content=\"rtnews\" \/>\n<meta name=\"twitter:card\" content=\"summary_large_image\" \/>\n<meta name=\"twitter:creator\" content=\"@WirMachenAuf_de\" \/>\n<meta name=\"twitter:site\" content=\"@WirMachenAuf_de\" \/>\n<meta name=\"twitter:label1\" content=\"Verfasst von\" \/>\n\t<meta name=\"twitter:data1\" content=\"rtnews\" \/>\n\t<meta name=\"twitter:label2\" content=\"Gesch\u00e4tzte Lesezeit\" \/>\n\t<meta name=\"twitter:data2\" content=\"5\u00a0Minuten\" \/>\n<script type=\"application\/ld+json\" class=\"yoast-schema-graph\">{\"@context\":\"https:\/\/schema.org\",\"@graph\":[{\"@type\":\"Article\",\"@id\":\"https:\/\/now-news.de\/de\/deutschland\/faeser-und-der-klimaterror\/#article\",\"isPartOf\":{\"@id\":\"https:\/\/now-news.de\/de\/deutschland\/faeser-und-der-klimaterror\/\"},\"author\":{\"name\":\"rtnews\",\"@id\":\"https:\/\/now-news.de\/de\/#\/schema\/person\/fb534a4e865501d8b3285208df34a9b5\"},\"headline\":\"Faeser und der Klimaterror\",\"datePublished\":\"2024-07-28T12:30:48+00:00\",\"dateModified\":\"2024-07-28T12:30:48+00:00\",\"mainEntityOfPage\":{\"@id\":\"https:\/\/now-news.de\/de\/deutschland\/faeser-und-der-klimaterror\/\"},\"wordCount\":913,\"commentCount\":0,\"publisher\":{\"@id\":\"https:\/\/now-news.de\/de\/#organization\"},\"image\":{\"@id\":\"https:\/\/now-news.de\/de\/deutschland\/faeser-und-der-klimaterror\/#primaryimage\"},\"thumbnailUrl\":\"https:\/\/now-news.de\/de\/wp-content\/uploads\/sites\/3\/2024\/07\/Faeser-und-der-Klimaterror.jpg\",\"keywords\":[\"der\",\"Faeser\",\"Klimaterror\",\"und\"],\"articleSection\":[\"Deutschland\",\"Russland\"],\"inLanguage\":\"de\",\"potentialAction\":[{\"@type\":\"CommentAction\",\"name\":\"Comment\",\"target\":[\"https:\/\/now-news.de\/de\/deutschland\/faeser-und-der-klimaterror\/#respond\"]}]},{\"@type\":\"WebPage\",\"@id\":\"https:\/\/now-news.de\/de\/deutschland\/faeser-und-der-klimaterror\/\",\"url\":\"https:\/\/now-news.de\/de\/deutschland\/faeser-und-der-klimaterror\/\",\"name\":\"Faeser und der Klimaterror - just-now.NEWS Deutschland\",\"isPartOf\":{\"@id\":\"https:\/\/now-news.de\/de\/#website\"},\"primaryImageOfPage\":{\"@id\":\"https:\/\/now-news.de\/de\/deutschland\/faeser-und-der-klimaterror\/#primaryimage\"},\"image\":{\"@id\":\"https:\/\/now-news.de\/de\/deutschland\/faeser-und-der-klimaterror\/#primaryimage\"},\"thumbnailUrl\":\"https:\/\/now-news.de\/de\/wp-content\/uploads\/sites\/3\/2024\/07\/Faeser-und-der-Klimaterror.jpg\",\"datePublished\":\"2024-07-28T12:30:48+00:00\",\"dateModified\":\"2024-07-28T12:30:48+00:00\",\"breadcrumb\":{\"@id\":\"https:\/\/now-news.de\/de\/deutschland\/faeser-und-der-klimaterror\/#breadcrumb\"},\"inLanguage\":\"de\",\"potentialAction\":[{\"@type\":\"ReadAction\",\"target\":[\"https:\/\/now-news.de\/de\/deutschland\/faeser-und-der-klimaterror\/\"]}]},{\"@type\":\"ImageObject\",\"inLanguage\":\"de\",\"@id\":\"https:\/\/now-news.de\/de\/deutschland\/faeser-und-der-klimaterror\/#primaryimage\",\"url\":\"https:\/\/now-news.de\/de\/wp-content\/uploads\/sites\/3\/2024\/07\/Faeser-und-der-Klimaterror.jpg\",\"contentUrl\":\"https:\/\/now-news.de\/de\/wp-content\/uploads\/sites\/3\/2024\/07\/Faeser-und-der-Klimaterror.jpg\",\"width\":460,\"height\":259,\"caption\":\"Faeser und der Klimaterror\"},{\"@type\":\"BreadcrumbList\",\"@id\":\"https:\/\/now-news.de\/de\/deutschland\/faeser-und-der-klimaterror\/#breadcrumb\",\"itemListElement\":[{\"@type\":\"ListItem\",\"position\":1,\"name\":\"Home\",\"item\":\"https:\/\/now-news.de\/de\/\"},{\"@type\":\"ListItem\",\"position\":2,\"name\":\"Faeser und der Klimaterror\"}]},{\"@type\":\"WebSite\",\"@id\":\"https:\/\/now-news.de\/de\/#website\",\"url\":\"https:\/\/now-news.de\/de\/\",\"name\":\"just-now.NEWS Deutschland\",\"description\":\"Das Portal f\u00fcr unzensierte Nachrichten aus der Welt\",\"publisher\":{\"@id\":\"https:\/\/now-news.de\/de\/#organization\"},\"potentialAction\":[{\"@type\":\"SearchAction\",\"target\":{\"@type\":\"EntryPoint\",\"urlTemplate\":\"https:\/\/now-news.de\/de\/?s={search_term_string}\"},\"query-input\":\"required name=search_term_string\"}],\"inLanguage\":\"de\"},{\"@type\":\"Organization\",\"@id\":\"https:\/\/now-news.de\/de\/#organization\",\"name\":\"Just Now News\",\"url\":\"https:\/\/now-news.de\/de\/\",\"logo\":{\"@type\":\"ImageObject\",\"inLanguage\":\"de\",\"@id\":\"https:\/\/now-news.de\/de\/#\/schema\/logo\/image\/\",\"url\":\"http:\/\/just-now.news\/de\/wp-content\/uploads\/sites\/3\/2022\/04\/logo500x500.jpg\",\"contentUrl\":\"http:\/\/just-now.news\/de\/wp-content\/uploads\/sites\/3\/2022\/04\/logo500x500.jpg\",\"width\":500,\"height\":500,\"caption\":\"Just Now News\"},\"image\":{\"@id\":\"https:\/\/now-news.de\/de\/#\/schema\/logo\/image\/\"},\"sameAs\":[\"https:\/\/www.facebook.com\/wirmachenauf\",\"https:\/\/x.com\/WirMachenAuf_de\"]},{\"@type\":\"Person\",\"@id\":\"https:\/\/now-news.de\/de\/#\/schema\/person\/fb534a4e865501d8b3285208df34a9b5\",\"name\":\"rtnews\",\"image\":{\"@type\":\"ImageObject\",\"inLanguage\":\"de\",\"@id\":\"https:\/\/now-news.de\/de\/#\/schema\/person\/image\/\",\"url\":\"https:\/\/secure.gravatar.com\/avatar\/82aafea7d8127119dd649515f56e2117?s=96&d=mm&r=g\",\"contentUrl\":\"https:\/\/secure.gravatar.com\/avatar\/82aafea7d8127119dd649515f56e2117?s=96&d=mm&r=g\",\"caption\":\"rtnews\"},\"url\":\"https:\/\/now-news.de\/de\/author\/rnews\/\"}]}<\/script>\n<!-- \/ Yoast SEO Premium plugin. -->","yoast_head_json":{"title":"Faeser und der Klimaterror - just-now.NEWS Deutschland","robots":{"index":"index","follow":"follow","max-snippet":"max-snippet:-1","max-image-preview":"max-image-preview:large","max-video-preview":"max-video-preview:-1"},"canonical":"https:\/\/now-news.de\/de\/deutschland\/faeser-und-der-klimaterror\/","og_locale":"de_DE","og_type":"article","og_title":"Faeser und der Klimaterror","og_description":"Immer noch Glac\u00e9handschuhe, obwohl inzwischen innerhalb einer Woche zwei Flugh\u00e4fen stillgelegt wurden, mitten in der Urlaubssaison. Dabei w\u00e4re eine v\u00f6llig andere Reaktion m\u00f6glich. Ja, wenn man es genau nimmt, vielleicht sogar geboten. Aber Faeser-Recht ist immer \u00fcberraschend. Von Dagmar Henn Ein klein bisschen Anwendung des Strafrechts w\u00e4re gelegentlich mal ganz nett, Frau Faeser. In F\u00e4llen, [&hellip;]","og_url":"https:\/\/now-news.de\/de\/deutschland\/faeser-und-der-klimaterror\/","og_site_name":"just-now.NEWS Deutschland","article_publisher":"https:\/\/www.facebook.com\/wirmachenauf","article_published_time":"2024-07-28T12:30:48+00:00","og_image":[{"url":"https:\/\/now-news.de\/de\/wp-content\/uploads\/sites\/3\/2024\/07\/66a2857148fbef703e3a0ab7.jpg"}],"author":"rtnews","twitter_card":"summary_large_image","twitter_creator":"@WirMachenAuf_de","twitter_site":"@WirMachenAuf_de","twitter_misc":{"Verfasst von":"rtnews","Gesch\u00e4tzte Lesezeit":"5\u00a0Minuten"},"schema":{"@context":"https:\/\/schema.org","@graph":[{"@type":"Article","@id":"https:\/\/now-news.de\/de\/deutschland\/faeser-und-der-klimaterror\/#article","isPartOf":{"@id":"https:\/\/now-news.de\/de\/deutschland\/faeser-und-der-klimaterror\/"},"author":{"name":"rtnews","@id":"https:\/\/now-news.de\/de\/#\/schema\/person\/fb534a4e865501d8b3285208df34a9b5"},"headline":"Faeser und der Klimaterror","datePublished":"2024-07-28T12:30:48+00:00","dateModified":"2024-07-28T12:30:48+00:00","mainEntityOfPage":{"@id":"https:\/\/now-news.de\/de\/deutschland\/faeser-und-der-klimaterror\/"},"wordCount":913,"commentCount":0,"publisher":{"@id":"https:\/\/now-news.de\/de\/#organization"},"image":{"@id":"https:\/\/now-news.de\/de\/deutschland\/faeser-und-der-klimaterror\/#primaryimage"},"thumbnailUrl":"https:\/\/now-news.de\/de\/wp-content\/uploads\/sites\/3\/2024\/07\/Faeser-und-der-Klimaterror.jpg","keywords":["der","Faeser","Klimaterror","und"],"articleSection":["Deutschland","Russland"],"inLanguage":"de","potentialAction":[{"@type":"CommentAction","name":"Comment","target":["https:\/\/now-news.de\/de\/deutschland\/faeser-und-der-klimaterror\/#respond"]}]},{"@type":"WebPage","@id":"https:\/\/now-news.de\/de\/deutschland\/faeser-und-der-klimaterror\/","url":"https:\/\/now-news.de\/de\/deutschland\/faeser-und-der-klimaterror\/","name":"Faeser und der Klimaterror - just-now.NEWS Deutschland","isPartOf":{"@id":"https:\/\/now-news.de\/de\/#website"},"primaryImageOfPage":{"@id":"https:\/\/now-news.de\/de\/deutschland\/faeser-und-der-klimaterror\/#primaryimage"},"image":{"@id":"https:\/\/now-news.de\/de\/deutschland\/faeser-und-der-klimaterror\/#primaryimage"},"thumbnailUrl":"https:\/\/now-news.de\/de\/wp-content\/uploads\/sites\/3\/2024\/07\/Faeser-und-der-Klimaterror.jpg","datePublished":"2024-07-28T12:30:48+00:00","dateModified":"2024-07-28T12:30:48+00:00","breadcrumb":{"@id":"https:\/\/now-news.de\/de\/deutschland\/faeser-und-der-klimaterror\/#breadcrumb"},"inLanguage":"de","potentialAction":[{"@type":"ReadAction","target":["https:\/\/now-news.de\/de\/deutschland\/faeser-und-der-klimaterror\/"]}]},{"@type":"ImageObject","inLanguage":"de","@id":"https:\/\/now-news.de\/de\/deutschland\/faeser-und-der-klimaterror\/#primaryimage","url":"https:\/\/now-news.de\/de\/wp-content\/uploads\/sites\/3\/2024\/07\/Faeser-und-der-Klimaterror.jpg","contentUrl":"https:\/\/now-news.de\/de\/wp-content\/uploads\/sites\/3\/2024\/07\/Faeser-und-der-Klimaterror.jpg","width":460,"height":259,"caption":"Faeser und der Klimaterror"},{"@type":"BreadcrumbList","@id":"https:\/\/now-news.de\/de\/deutschland\/faeser-und-der-klimaterror\/#breadcrumb","itemListElement":[{"@type":"ListItem","position":1,"name":"Home","item":"https:\/\/now-news.de\/de\/"},{"@type":"ListItem","position":2,"name":"Faeser und der Klimaterror"}]},{"@type":"WebSite","@id":"https:\/\/now-news.de\/de\/#website","url":"https:\/\/now-news.de\/de\/","name":"just-now.NEWS Deutschland","description":"Das Portal f\u00fcr unzensierte Nachrichten aus der Welt","publisher":{"@id":"https:\/\/now-news.de\/de\/#organization"},"potentialAction":[{"@type":"SearchAction","target":{"@type":"EntryPoint","urlTemplate":"https:\/\/now-news.de\/de\/?s={search_term_string}"},"query-input":"required name=search_term_string"}],"inLanguage":"de"},{"@type":"Organization","@id":"https:\/\/now-news.de\/de\/#organization","name":"Just Now News","url":"https:\/\/now-news.de\/de\/","logo":{"@type":"ImageObject","inLanguage":"de","@id":"https:\/\/now-news.de\/de\/#\/schema\/logo\/image\/","url":"http:\/\/just-now.news\/de\/wp-content\/uploads\/sites\/3\/2022\/04\/logo500x500.jpg","contentUrl":"http:\/\/just-now.news\/de\/wp-content\/uploads\/sites\/3\/2022\/04\/logo500x500.jpg","width":500,"height":500,"caption":"Just Now News"},"image":{"@id":"https:\/\/now-news.de\/de\/#\/schema\/logo\/image\/"},"sameAs":["https:\/\/www.facebook.com\/wirmachenauf","https:\/\/x.com\/WirMachenAuf_de"]},{"@type":"Person","@id":"https:\/\/now-news.de\/de\/#\/schema\/person\/fb534a4e865501d8b3285208df34a9b5","name":"rtnews","image":{"@type":"ImageObject","inLanguage":"de","@id":"https:\/\/now-news.de\/de\/#\/schema\/person\/image\/","url":"https:\/\/secure.gravatar.com\/avatar\/82aafea7d8127119dd649515f56e2117?s=96&d=mm&r=g","contentUrl":"https:\/\/secure.gravatar.com\/avatar\/82aafea7d8127119dd649515f56e2117?s=96&d=mm&r=g","caption":"rtnews"},"url":"https:\/\/now-news.de\/de\/author\/rnews\/"}]}},"_links":{"self":[{"href":"https:\/\/now-news.de\/de\/wp-json\/wp\/v2\/posts\/65636"}],"collection":[{"href":"https:\/\/now-news.de\/de\/wp-json\/wp\/v2\/posts"}],"about":[{"href":"https:\/\/now-news.de\/de\/wp-json\/wp\/v2\/types\/post"}],"author":[{"embeddable":true,"href":"https:\/\/now-news.de\/de\/wp-json\/wp\/v2\/users\/3"}],"replies":[{"embeddable":true,"href":"https:\/\/now-news.de\/de\/wp-json\/wp\/v2\/comments?post=65636"}],"version-history":[{"count":0,"href":"https:\/\/now-news.de\/de\/wp-json\/wp\/v2\/posts\/65636\/revisions"}],"wp:featuredmedia":[{"embeddable":true,"href":"https:\/\/now-news.de\/de\/wp-json\/wp\/v2\/media\/65637"}],"wp:attachment":[{"href":"https:\/\/now-news.de\/de\/wp-json\/wp\/v2\/media?parent=65636"}],"wp:term":[{"taxonomy":"category","embeddable":true,"href":"https:\/\/now-news.de\/de\/wp-json\/wp\/v2\/categories?post=65636"},{"taxonomy":"post_tag","embeddable":true,"href":"https:\/\/now-news.de\/de\/wp-json\/wp\/v2\/tags?post=65636"}],"curies":[{"name":"wp","href":"https:\/\/api.w.org\/{rel}","templated":true}]}}