{"id":65617,"date":"2024-07-27T21:06:45","date_gmt":"2024-07-27T19:06:45","guid":{"rendered":"https:\/\/now-news.de\/de\/deutschland\/treffen-anti-naziproteste-nun-die-richtigen-werbetour-einer-asow-nahen-brigade-in-europa-abgesagt\/"},"modified":"2024-07-27T21:06:45","modified_gmt":"2024-07-27T19:06:45","slug":"treffen-anti-naziproteste-nun-die-richtigen-werbetour-einer-asow-nahen-brigade-in-europa-abgesagt","status":"publish","type":"post","link":"https:\/\/now-news.de\/de\/deutschland\/treffen-anti-naziproteste-nun-die-richtigen-werbetour-einer-asow-nahen-brigade-in-europa-abgesagt\/","title":{"rendered":"Treffen Anti-Naziproteste nun die Richtigen? Werbetour einer Asow-nahen Brigade in Europa abgesagt"},"content":{"rendered":"<div class=\"Text-root Text-type_1 \">\n                Eine Medienkampagne und darauffolgende Proteste haben eine Werbetour der ukrainischen Fascho-Krieger der 3. Sturmbrigade verhindert, auch in drei deutschen St\u00e4dten. Die Militanten aus dem Asow-Dunstkreis wollten in Europa unter anderem Freiwillige f\u00fcr ihre Zwecke rekrutieren. Gibt es doch noch wahren Antifaschismus?\n            <\/div>\n<p><\/p>\n<div class=\"Text-root Text-type_5 ArticleView-text ViewText-root \">\n<p><em>Von Wladislaw Sankin<\/em><\/p>\n<p>Ja, Asow ist doch ein zu hei\u00dfes Eisen, zumindest f\u00fcr die deutschen Kommunalpolitiker. Obwohl Kanzler Olaf Scholz und andere Bundespolitiker weiterhin mit dem angeblich <a rel=\"nofollow noopener\" target=\"_blank\" href=\"https:\/\/freedert.online\/kurzclips\/video\/209217-slawa-ukraini-scholz-empfaengt-selenskij-selenskij-faschistischem-gru%C3%9F-journalist-warweg-fragt-nach\/\">&#8220;transformierten&#8221;<\/a> faschistischen Gru\u00df &#8220;Slawa Ukraini&#8221; prahlen, war eine milit\u00e4rische Werbetour der K\u00e4mpfer aus dem Dunstkreis des neonazistischen Asow-Netzwerks (<em>RT DE<\/em>\u00a0<a rel=\"nofollow noopener\" target=\"_blank\" href=\"https:\/\/freedert.online\/meinung\/212481-ukrainische-neonazibrigade-kommt-auf-werbetour-nach-berlin-proteste-gegen-rechts-geplant\/\">berichtete<\/a>) f\u00fcr die deutschen Millionenst\u00e4dte doch zu viel des Guten. Einer nach dem anderen haben die deutschen Mitveranstalter die Treffen mit den Asow-Kriegern abgesagt, bis das ganze militaristische &#8220;Gastspiel&#8221; in europ\u00e4ischen St\u00e4dten bis auf zwei Ausnahmen platzte. Laut der Online-Ticketplattform &#8220;mticket&#8221; gibt es noch Pl\u00e4tze f\u00fcr\u00a0Asow-Auftritte in Prag und\u00a0Vilnius\u00a0zu erwerben.\u00a0<\/p>\n<p>Zun\u00e4chst wurde die Veranstaltung in Hamburg am 26. Juli abgesagt \u2013 das teilte am Mittwoch <em>Hamburger Abendblatt<\/em> mit. Abgeordnete der Hamburgischen B\u00fcrgerschaft\u00a0forderten vom\u00a0Senat\u00a0ein Verbot des Treffens und dem Wunsch wurde stattgegeben. Offenbar wurde der Druck auf den Mitveranstalter des Treffens, den Verein &#8220;Feine Ukraine&#8221; informell ausge\u00fcbt. Jedenfalls sagte der einstige Partner der Asow-nahen 3. Sturmbrigade &#8220;nach n\u00e4herer Pr\u00fcfung der Einzelheiten&#8221; den Termin ab.<\/p>\n<p>In Berlin waren die Mitveranstalter des Treffens im Hotel Continental st\u00e4dtische Partner.\u00a0Der Landesverband der Partei B\u00fcndnis Sahra Wagenknecht forderte in einer Pressemitteilung vom Mittwoch die Absage der Veranstaltung. &#8220;Dass in Berlin eine solche kriegsverherrlichende Veranstaltung stattfinden kann, zumal von einer offen rechtsextremen Organisation, die sich historisch auf den Nazi-Kollaborateur Stepan Bandera bezieht, ist ein unglaublicher Skandal&#8221;, so das BSW. Die Gegenproteste wolle man unterst\u00fctzen.\u00a0<\/p>\n<figure class=\"RTImage-root\">\n<div class=\"RTImage-image RTImage-original\"><picture class=\"Picture-root Picture-original\"><!--[if IE 9]><video style=\"display: none;\"><![endif]--><source media=\"(-webkit-min-device-pixel-ratio: 2) and (min-resolution: 120dpi)\" data-srcset=\" \nhttps:\/\/now-news.de\/de\/wp-content\/uploads\/sites\/3\/2024\/07\/66a4e79548fbef122f608a9a.JPG 850w,\n                https:\/\/now-news.de\/de\/wp-content\/uploads\/sites\/3\/2024\/07\/66a4e79548fbef122f608a9a.JPG 1960w,            \" ><source data-srcset=\" \nhttps:\/\/now-news.de\/de\/wp-content\/uploads\/sites\/3\/2024\/07\/66a4e79548fbef122f608a9a.JPG 460w,\n              https:\/\/now-news.de\/de\/wp-content\/uploads\/sites\/3\/2024\/07\/66a4e79548fbef122f608a9a.JPG 980w,\n            \" ><!--[if IE 9]><\/video><![endif]--><img decoding=\"async\" data- src=\"data:image\/png;base64,iVBORw0KGgoAAAANSUhEUgAAABAAAAAJCAQAAACRI2S5AAAAEElEQVR42mNkIAAYRxWAAQAG9gAKqv6+AwAAAABJRU5ErkJggg==\" class=\"Picture-root Picture-original lazyload\" data-src=\"https:\/\/now-news.de\/de\/wp-content\/uploads\/sites\/3\/2024\/07\/66a4e79548fbef122f608a9a.JPG\" alt=\"\"><\/source><\/source><\/picture><!-- noscript pattern --><noscript><img decoding=\"async\" src=\"https:\/\/now-news.de\/de\/wp-content\/uploads\/sites\/3\/2024\/07\/66a4e79548fbef122f608a9a.JPG\" alt=\"\"><\/noscript><\/div><figcaption class=\"RTImage-footer\"><span class=\"RTImage-caption\"><span class=\"RTImage-captionItem\">Ausschnitt aus dem Werbevideo f\u00fcr die Europa-Tour der 3. Stumrbigade.<\/span><\/span><span class=\"RTImage-source\"><span class=\"RTImage-captionItem\">Screenshot Tegelram 3. Sturmbrigade<\/span><\/span><\/figcaption><\/figure>\n<p>Zu diesen riefen diverse linke Gruppen und Organisationen wie etwa<a rel=\"nofollow noopener\" target=\"_blank\" href=\"https:\/\/international.nostate.net\/kontakt.php\"> Internationalistischer Abend<\/a>\u00a0auf. &#8220;Faschistische Kriegspropaganda stoppen!&#8221;, schrieben sie auf ihre Protest-Flyer. Allerdings sind hier die Abstriche zu beachten \u2013 viele Linke halten auch Russland irrt\u00fcmlicherweise beinahe f\u00fcr faschistisch bzw. imperialistisch. So klingt etwa einer der Aufrufe aus der linken Szene: &#8220;Wir finden diese Zurschaustellung von Militarismus und Faschismus unertr\u00e4glich und sie ist auch nicht durch Putins Invasion in der Ukraine zu rechtfertigen.&#8221; <\/p>\n<p>\u00c4hnlich lief es auch in K\u00f6ln, wo die Veranstaltung am 30. Juli gar in einer st\u00e4dtischen Einrichtung <a rel=\"nofollow noopener\" target=\"_blank\" href=\"https:\/\/www.stadt-koeln.de\/leben-in-koeln\/kultur\/koelner-kulturorte\/00026\/index.html\">Filmforum Ludwig<\/a> geplant war. Geplatzt sind auch die Termine in Belgien, den Niederlanden und Polen. Es ist anzumerken, dass in Deutschland neben<em><a rel=\"nofollow noopener\" target=\"_blank\" href=\"https:\/\/freedert.online\/kurzclips\/video\/212937-neonazis-auf-europatour-rekrutierung-fuer\/\">RT DE<\/a>\u00a0<\/em>auch die <em>junge Welt<\/em>, <em>NachDenkSeiten<\/em> und <em>Berliner Zeitung<\/em> kritisch \u00fcber geplante Werbetour berichteten.\u00a0<\/p>\n<figure class=\"RTImage-root\">\n<div class=\"RTImage-image RTImage-original\"><picture class=\"Picture-root Picture-original\"><!--[if IE 9]><video style=\"display: none;\"><![endif]--><source media=\"(-webkit-min-device-pixel-ratio: 2) and (min-resolution: 120dpi)\" data-srcset=\" \nhttps:\/\/now-news.de\/de\/wp-content\/uploads\/sites\/3\/2024\/07\/66a4e83548fbef11135f4301.jpg 850w,\n                https:\/\/now-news.de\/de\/wp-content\/uploads\/sites\/3\/2024\/07\/66a4e83548fbef11135f4301.jpg 1960w,            \" ><source data-srcset=\" \nhttps:\/\/now-news.de\/de\/wp-content\/uploads\/sites\/3\/2024\/07\/66a4e83548fbef11135f4301.jpg 460w,\n              https:\/\/now-news.de\/de\/wp-content\/uploads\/sites\/3\/2024\/07\/66a4e83548fbef11135f4301.jpg 980w,\n            \" ><!--[if IE 9]><\/video><![endif]--><img decoding=\"async\" data- src=\"data:image\/png;base64,iVBORw0KGgoAAAANSUhEUgAAABAAAAAJCAQAAACRI2S5AAAAEElEQVR42mNkIAAYRxWAAQAG9gAKqv6+AwAAAABJRU5ErkJggg==\" class=\"Picture-root Picture-original lazyload\" data-src=\"https:\/\/now-news.de\/de\/wp-content\/uploads\/sites\/3\/2024\/07\/66a4e83548fbef11135f4301.jpg\" alt=\"\"><\/source><\/source><\/picture><!-- noscript pattern --><noscript><img decoding=\"async\" src=\"https:\/\/now-news.de\/de\/wp-content\/uploads\/sites\/3\/2024\/07\/66a4e83548fbef11135f4301.jpg\" alt=\"\"><\/noscript><\/div><figcaption class=\"RTImage-footer\"><span class=\"RTImage-caption\"><span class=\"RTImage-captionItem\">&#8216;Unsere Leute sind \u00fcberall&#8217; hei\u00dft die Europa-Tour. Geworben wird mit heroischen und Sympathie erregenden K\u00e4mpfern.<\/span><\/span><span class=\"RTImage-source\"><span class=\"RTImage-captionItem\">Screenshot aus dem Telegram-Account der 3. Stumrbrigade<\/span><\/span><\/figcaption><\/figure>\n<p>Was haben die national gesinnten Auslands-Ukrainer, an die die Asowschen Spendengalas gerichtet waren, nun in den St\u00e4dten Europas verpasst? Vier auf dem Podium sitzende &#8220;coole&#8221; Jungs mit L\u00e4cheln und modischem Military-Look, die mit der Leichtigkeit eines Stand-up-Comedians Ernstes und Witziges in ihren Redenbeitr\u00e4gen vermischen. Dieser moderne und ausgesprochen medienaffine\u00a0<a rel=\"nofollow noopener\" target=\"_blank\" href=\"https:\/\/t.me\/ab3army\/4355\">Kommunikationsstil<\/a> hat sich in der ukrainischen Milit\u00e4rszene seit Jahren etabliert. Die berichtenden Soldaten sollen bei den Zuschauern Sympathien wecken und zu Nachahmung motivieren.<\/p>\n<p>Nat\u00fcrlich k\u00f6nnen sich die ukrainischen Neonazis relativ gut als heroische Edelkrieger und &#8220;Vaterlandsverteidiger&#8221; tarnen. Bei ihrem Zielpublikum sch\u00fcren sie Angst: &#8220;Russland wird uns vernichten&#8221;! Mit dieser Masche haben sie auch viele Unterst\u00fctzer im Ausland gewonnen, die neuerdings berichten, dass sich die vermeintlichen Rechtsradikalen von ihren unappetitlichen Wurzeln distanziert h\u00e4tten und inzwischen einfach professionelle Soldaten seien. So &#8220;wei\u00dfgewaschen&#8221;, k\u00f6nnen sie jetzt die schwierigsten Aufgaben im Proxykrieg gegen Russland \u00fcbernehmen.\u00a0<\/p>\n<p>Doch, die Asow-Nazis von der 12. Spezialbrigade und ihre Gleichgesinnten aus der 3. Sturmbrigade bleiben auch in diesem Tarngewand die ekelerregenden Extremisten, die in Krieg und Gewalt ihr nat\u00fcrliches Element gefunden haben. Das bewiesen sie mit einem naturalistisch-f\u00fcrchterlichen <a rel=\"nofollow noopener\" target=\"_blank\" href=\"https:\/\/freedert.online\/meinung\/212529-absolution-des-toetens-asow-brigade-stellt-grausames-video-ins-netz-moskau-reagiert\/\">Erschie\u00dfungsvideo<\/a> aufs Neue. Einem verwundeten und unbewaffneten russischen Soldaten wird kurzer Prozess gemacht \u2013 die Sch\u00fcsse aus n\u00e4chster N\u00e4he zertr\u00fcmmern seinen Kopf und die Zuschauer werden Zeugen, was ein Kugelhagel trotz Helmschutz mit menschlichem Gewebe machen kann. Selbst ISIS hat in ihren grausigen Hinrichtungsvideos vor der T\u00f6tung einen Schnitt gemacht \u2013 Asow tut das nicht.\u00a0<\/p>\n<p>Es ist erfreulich, dass die Termine mit Asow-K\u00e4mpfern auf kommunaler Ebene abgesagt worden sind. Wenn es sich um einen Wandel- oder Reifungsprozess in der deutschen Gesellschaft handeln sollte, dann ist dies nur der erste zaghafte Schritt. Denn bis zu der Erkenntnis, dass auch das Selenskij-Regime aus der gleichen nazistisch-rassistischen Brut wie Asow und Konsorten gewachsen ist, ist noch ein langer Weg.<\/p>\n<p><strong>Mehr zum Thema<\/strong> \u2013 <a rel=\"nofollow noopener\" target=\"_blank\" href=\"https:\/\/freedert.online\/europa\/212727-ukrainischer-neonazi-asow-nahen-3\/\">Ukrainischer Neonazi der Asow-nahen 3. Sturmbrigade verh\u00f6hnt Auschwitz-Opfer<\/a><\/p>\n<div class=\"EmbedBlock-root EmbedBlock-externalVideo EmbedBlock-odysee\">\n<div class=\"VkEmbed\"><iframe class=\"lazyload\" data-src=\"https:\/\/odysee.com\/%24\/embed\/%40RTDE%3Ae%2FNeonazis-auf-Europatour--Rekrutierung-f%C3%BCr-die-Ukraine-auch-in-Deutschland%3Ae\" frameborder=\"0\" width=\"853\" height=\"480\" allowfullscreen><\/iframe><\/div>\n<\/div>\n<\/div>\n<p><br \/>\n<br \/><a href=\"https:\/\/de.rt.com\/meinung\/213750-treffen-anti-naziproteste-nun-richtigen-asow-werbetour-europa-abgesagt\/\">Source link <\/a><\/p>\n","protected":false},"excerpt":{"rendered":"<p>Eine Medienkampagne und darauffolgende Proteste haben eine Werbetour der ukrainischen Fascho-Krieger der 3. Sturmbrigade verhindert, auch in drei deutschen St\u00e4dten. Die Militanten aus dem Asow-Dunstkreis wollten in Europa unter anderem Freiwillige f\u00fcr ihre Zwecke rekrutieren. Gibt es doch noch wahren Antifaschismus? Von Wladislaw Sankin Ja, Asow ist doch ein zu hei\u00dfes Eisen, zumindest f\u00fcr die [&hellip;]<\/p>\n","protected":false},"author":3,"featured_media":65618,"comment_status":"open","ping_status":"open","sticky":false,"template":"","format":"standard","meta":{"_yoast_indexnow_last_ping":["1722107476"],"wp_automatic_camp":["217"],"317f7b0a5e0d7d76e5626fa60bc470ac":["Treffen Anti-Naziproteste nun die Richtigen? Werbetour einer Asow-nahen Brigade in Europa abgesagt"],"original_link":["https:\/\/de.rt.com\/meinung\/213750-treffen-anti-naziproteste-nun-richtigen-asow-werbetour-europa-abgesagt\/"],"_thumbnail_id":["65618"],"jnews_social_counter_last_update":["1777259859"],"_wptgpro_p2tg_sent2tg":["a:1:{i:23737;s:19:\"2024-07-27 21:12:22\";}"]},"categories":[19,23],"tags":[8108,57055,56726,46097,45,212,1370,2121,3669,354,56730],"yoast_head":"<!-- This site is optimized with the Yoast SEO Premium plugin v22.7 (Yoast SEO v22.7) - https:\/\/yoast.com\/wordpress\/plugins\/seo\/ -->\n<title>Treffen Anti-Naziproteste nun die Richtigen? Werbetour einer Asow-nahen Brigade in Europa abgesagt - just-now.NEWS Deutschland<\/title>\n<meta name=\"robots\" content=\"index, follow, max-snippet:-1, max-image-preview:large, max-video-preview:-1\" \/>\n<link rel=\"canonical\" href=\"https:\/\/now-news.de\/de\/deutschland\/treffen-anti-naziproteste-nun-die-richtigen-werbetour-einer-asow-nahen-brigade-in-europa-abgesagt\/\" \/>\n<meta property=\"og:locale\" content=\"de_DE\" \/>\n<meta property=\"og:type\" content=\"article\" \/>\n<meta property=\"og:title\" content=\"Treffen Anti-Naziproteste nun die Richtigen? Werbetour einer Asow-nahen Brigade in Europa abgesagt\" \/>\n<meta property=\"og:description\" content=\"Eine Medienkampagne und darauffolgende Proteste haben eine Werbetour der ukrainischen Fascho-Krieger der 3. Sturmbrigade verhindert, auch in drei deutschen St\u00e4dten. Die Militanten aus dem Asow-Dunstkreis wollten in Europa unter anderem Freiwillige f\u00fcr ihre Zwecke rekrutieren. Gibt es doch noch wahren Antifaschismus? Von Wladislaw Sankin Ja, Asow ist doch ein zu hei\u00dfes Eisen, zumindest f\u00fcr die [&hellip;]\" \/>\n<meta property=\"og:url\" content=\"https:\/\/now-news.de\/de\/deutschland\/treffen-anti-naziproteste-nun-die-richtigen-werbetour-einer-asow-nahen-brigade-in-europa-abgesagt\/\" \/>\n<meta property=\"og:site_name\" content=\"just-now.NEWS Deutschland\" \/>\n<meta property=\"article:publisher\" content=\"https:\/\/www.facebook.com\/wirmachenauf\" \/>\n<meta property=\"article:published_time\" content=\"2024-07-27T19:06:45+00:00\" \/>\n<meta property=\"og:image\" content=\"https:\/\/now-news.de\/de\/wp-content\/uploads\/sites\/3\/2024\/07\/66a4e79548fbef122f608a9a.JPG\" \/>\n<meta name=\"author\" content=\"rtnews\" \/>\n<meta name=\"twitter:card\" content=\"summary_large_image\" \/>\n<meta name=\"twitter:creator\" content=\"@WirMachenAuf_de\" \/>\n<meta name=\"twitter:site\" content=\"@WirMachenAuf_de\" \/>\n<meta name=\"twitter:label1\" content=\"Verfasst von\" \/>\n\t<meta name=\"twitter:data1\" content=\"rtnews\" \/>\n\t<meta name=\"twitter:label2\" content=\"Gesch\u00e4tzte Lesezeit\" \/>\n\t<meta name=\"twitter:data2\" content=\"4\u00a0Minuten\" \/>\n<script type=\"application\/ld+json\" class=\"yoast-schema-graph\">{\"@context\":\"https:\/\/schema.org\",\"@graph\":[{\"@type\":\"Article\",\"@id\":\"https:\/\/now-news.de\/de\/deutschland\/treffen-anti-naziproteste-nun-die-richtigen-werbetour-einer-asow-nahen-brigade-in-europa-abgesagt\/#article\",\"isPartOf\":{\"@id\":\"https:\/\/now-news.de\/de\/deutschland\/treffen-anti-naziproteste-nun-die-richtigen-werbetour-einer-asow-nahen-brigade-in-europa-abgesagt\/\"},\"author\":{\"name\":\"rtnews\",\"@id\":\"https:\/\/now-news.de\/de\/#\/schema\/person\/fb534a4e865501d8b3285208df34a9b5\"},\"headline\":\"Treffen Anti-Naziproteste nun die Richtigen? Werbetour einer Asow-nahen Brigade in Europa abgesagt\",\"datePublished\":\"2024-07-27T19:06:45+00:00\",\"dateModified\":\"2024-07-27T19:06:45+00:00\",\"mainEntityOfPage\":{\"@id\":\"https:\/\/now-news.de\/de\/deutschland\/treffen-anti-naziproteste-nun-die-richtigen-werbetour-einer-asow-nahen-brigade-in-europa-abgesagt\/\"},\"wordCount\":789,\"commentCount\":0,\"publisher\":{\"@id\":\"https:\/\/now-news.de\/de\/#organization\"},\"image\":{\"@id\":\"https:\/\/now-news.de\/de\/deutschland\/treffen-anti-naziproteste-nun-die-richtigen-werbetour-einer-asow-nahen-brigade-in-europa-abgesagt\/#primaryimage\"},\"thumbnailUrl\":\"https:\/\/now-news.de\/de\/wp-content\/uploads\/sites\/3\/2024\/07\/Treffen-Anti-Naziproteste-nun-die-Richtigen-Werbetour-einer-Asow-nahen-Brigade-in.JPG\",\"keywords\":[\"abgesagt\",\"AntiNaziproteste\",\"Asownahen\",\"Brigade\",\"die\",\"einer\",\"Europa\",\"nun\",\"richtigen\",\"Treffen\",\"Werbetour\"],\"articleSection\":[\"Deutschland\",\"Russland\"],\"inLanguage\":\"de\",\"potentialAction\":[{\"@type\":\"CommentAction\",\"name\":\"Comment\",\"target\":[\"https:\/\/now-news.de\/de\/deutschland\/treffen-anti-naziproteste-nun-die-richtigen-werbetour-einer-asow-nahen-brigade-in-europa-abgesagt\/#respond\"]}]},{\"@type\":\"WebPage\",\"@id\":\"https:\/\/now-news.de\/de\/deutschland\/treffen-anti-naziproteste-nun-die-richtigen-werbetour-einer-asow-nahen-brigade-in-europa-abgesagt\/\",\"url\":\"https:\/\/now-news.de\/de\/deutschland\/treffen-anti-naziproteste-nun-die-richtigen-werbetour-einer-asow-nahen-brigade-in-europa-abgesagt\/\",\"name\":\"Treffen Anti-Naziproteste nun die Richtigen? Werbetour einer Asow-nahen Brigade in Europa abgesagt - just-now.NEWS Deutschland\",\"isPartOf\":{\"@id\":\"https:\/\/now-news.de\/de\/#website\"},\"primaryImageOfPage\":{\"@id\":\"https:\/\/now-news.de\/de\/deutschland\/treffen-anti-naziproteste-nun-die-richtigen-werbetour-einer-asow-nahen-brigade-in-europa-abgesagt\/#primaryimage\"},\"image\":{\"@id\":\"https:\/\/now-news.de\/de\/deutschland\/treffen-anti-naziproteste-nun-die-richtigen-werbetour-einer-asow-nahen-brigade-in-europa-abgesagt\/#primaryimage\"},\"thumbnailUrl\":\"https:\/\/now-news.de\/de\/wp-content\/uploads\/sites\/3\/2024\/07\/Treffen-Anti-Naziproteste-nun-die-Richtigen-Werbetour-einer-Asow-nahen-Brigade-in.JPG\",\"datePublished\":\"2024-07-27T19:06:45+00:00\",\"dateModified\":\"2024-07-27T19:06:45+00:00\",\"breadcrumb\":{\"@id\":\"https:\/\/now-news.de\/de\/deutschland\/treffen-anti-naziproteste-nun-die-richtigen-werbetour-einer-asow-nahen-brigade-in-europa-abgesagt\/#breadcrumb\"},\"inLanguage\":\"de\",\"potentialAction\":[{\"@type\":\"ReadAction\",\"target\":[\"https:\/\/now-news.de\/de\/deutschland\/treffen-anti-naziproteste-nun-die-richtigen-werbetour-einer-asow-nahen-brigade-in-europa-abgesagt\/\"]}]},{\"@type\":\"ImageObject\",\"inLanguage\":\"de\",\"@id\":\"https:\/\/now-news.de\/de\/deutschland\/treffen-anti-naziproteste-nun-die-richtigen-werbetour-einer-asow-nahen-brigade-in-europa-abgesagt\/#primaryimage\",\"url\":\"https:\/\/now-news.de\/de\/wp-content\/uploads\/sites\/3\/2024\/07\/Treffen-Anti-Naziproteste-nun-die-Richtigen-Werbetour-einer-Asow-nahen-Brigade-in.JPG\",\"contentUrl\":\"https:\/\/now-news.de\/de\/wp-content\/uploads\/sites\/3\/2024\/07\/Treffen-Anti-Naziproteste-nun-die-Richtigen-Werbetour-einer-Asow-nahen-Brigade-in.JPG\",\"width\":1084,\"height\":670,\"caption\":\"Treffen Anti-Naziproteste nun die Richtigen? Werbetour einer Asow-nahen Brigade in Europa abgesagt\"},{\"@type\":\"BreadcrumbList\",\"@id\":\"https:\/\/now-news.de\/de\/deutschland\/treffen-anti-naziproteste-nun-die-richtigen-werbetour-einer-asow-nahen-brigade-in-europa-abgesagt\/#breadcrumb\",\"itemListElement\":[{\"@type\":\"ListItem\",\"position\":1,\"name\":\"Home\",\"item\":\"https:\/\/now-news.de\/de\/\"},{\"@type\":\"ListItem\",\"position\":2,\"name\":\"Treffen Anti-Naziproteste nun die Richtigen? Werbetour einer Asow-nahen Brigade in Europa abgesagt\"}]},{\"@type\":\"WebSite\",\"@id\":\"https:\/\/now-news.de\/de\/#website\",\"url\":\"https:\/\/now-news.de\/de\/\",\"name\":\"just-now.NEWS Deutschland\",\"description\":\"Das Portal f\u00fcr unzensierte Nachrichten aus der Welt\",\"publisher\":{\"@id\":\"https:\/\/now-news.de\/de\/#organization\"},\"potentialAction\":[{\"@type\":\"SearchAction\",\"target\":{\"@type\":\"EntryPoint\",\"urlTemplate\":\"https:\/\/now-news.de\/de\/?s={search_term_string}\"},\"query-input\":\"required name=search_term_string\"}],\"inLanguage\":\"de\"},{\"@type\":\"Organization\",\"@id\":\"https:\/\/now-news.de\/de\/#organization\",\"name\":\"Just Now News\",\"url\":\"https:\/\/now-news.de\/de\/\",\"logo\":{\"@type\":\"ImageObject\",\"inLanguage\":\"de\",\"@id\":\"https:\/\/now-news.de\/de\/#\/schema\/logo\/image\/\",\"url\":\"http:\/\/just-now.news\/de\/wp-content\/uploads\/sites\/3\/2022\/04\/logo500x500.jpg\",\"contentUrl\":\"http:\/\/just-now.news\/de\/wp-content\/uploads\/sites\/3\/2022\/04\/logo500x500.jpg\",\"width\":500,\"height\":500,\"caption\":\"Just Now News\"},\"image\":{\"@id\":\"https:\/\/now-news.de\/de\/#\/schema\/logo\/image\/\"},\"sameAs\":[\"https:\/\/www.facebook.com\/wirmachenauf\",\"https:\/\/x.com\/WirMachenAuf_de\"]},{\"@type\":\"Person\",\"@id\":\"https:\/\/now-news.de\/de\/#\/schema\/person\/fb534a4e865501d8b3285208df34a9b5\",\"name\":\"rtnews\",\"image\":{\"@type\":\"ImageObject\",\"inLanguage\":\"de\",\"@id\":\"https:\/\/now-news.de\/de\/#\/schema\/person\/image\/\",\"url\":\"https:\/\/secure.gravatar.com\/avatar\/82aafea7d8127119dd649515f56e2117?s=96&d=mm&r=g\",\"contentUrl\":\"https:\/\/secure.gravatar.com\/avatar\/82aafea7d8127119dd649515f56e2117?s=96&d=mm&r=g\",\"caption\":\"rtnews\"},\"url\":\"https:\/\/now-news.de\/de\/author\/rnews\/\"}]}<\/script>\n<!-- \/ Yoast SEO Premium plugin. -->","yoast_head_json":{"title":"Treffen Anti-Naziproteste nun die Richtigen? Werbetour einer Asow-nahen Brigade in Europa abgesagt - just-now.NEWS Deutschland","robots":{"index":"index","follow":"follow","max-snippet":"max-snippet:-1","max-image-preview":"max-image-preview:large","max-video-preview":"max-video-preview:-1"},"canonical":"https:\/\/now-news.de\/de\/deutschland\/treffen-anti-naziproteste-nun-die-richtigen-werbetour-einer-asow-nahen-brigade-in-europa-abgesagt\/","og_locale":"de_DE","og_type":"article","og_title":"Treffen Anti-Naziproteste nun die Richtigen? Werbetour einer Asow-nahen Brigade in Europa abgesagt","og_description":"Eine Medienkampagne und darauffolgende Proteste haben eine Werbetour der ukrainischen Fascho-Krieger der 3. Sturmbrigade verhindert, auch in drei deutschen St\u00e4dten. Die Militanten aus dem Asow-Dunstkreis wollten in Europa unter anderem Freiwillige f\u00fcr ihre Zwecke rekrutieren. Gibt es doch noch wahren Antifaschismus? Von Wladislaw Sankin Ja, Asow ist doch ein zu hei\u00dfes Eisen, zumindest f\u00fcr die [&hellip;]","og_url":"https:\/\/now-news.de\/de\/deutschland\/treffen-anti-naziproteste-nun-die-richtigen-werbetour-einer-asow-nahen-brigade-in-europa-abgesagt\/","og_site_name":"just-now.NEWS Deutschland","article_publisher":"https:\/\/www.facebook.com\/wirmachenauf","article_published_time":"2024-07-27T19:06:45+00:00","og_image":[{"url":"https:\/\/now-news.de\/de\/wp-content\/uploads\/sites\/3\/2024\/07\/66a4e79548fbef122f608a9a.JPG"}],"author":"rtnews","twitter_card":"summary_large_image","twitter_creator":"@WirMachenAuf_de","twitter_site":"@WirMachenAuf_de","twitter_misc":{"Verfasst von":"rtnews","Gesch\u00e4tzte Lesezeit":"4\u00a0Minuten"},"schema":{"@context":"https:\/\/schema.org","@graph":[{"@type":"Article","@id":"https:\/\/now-news.de\/de\/deutschland\/treffen-anti-naziproteste-nun-die-richtigen-werbetour-einer-asow-nahen-brigade-in-europa-abgesagt\/#article","isPartOf":{"@id":"https:\/\/now-news.de\/de\/deutschland\/treffen-anti-naziproteste-nun-die-richtigen-werbetour-einer-asow-nahen-brigade-in-europa-abgesagt\/"},"author":{"name":"rtnews","@id":"https:\/\/now-news.de\/de\/#\/schema\/person\/fb534a4e865501d8b3285208df34a9b5"},"headline":"Treffen Anti-Naziproteste nun die Richtigen? Werbetour einer Asow-nahen Brigade in Europa abgesagt","datePublished":"2024-07-27T19:06:45+00:00","dateModified":"2024-07-27T19:06:45+00:00","mainEntityOfPage":{"@id":"https:\/\/now-news.de\/de\/deutschland\/treffen-anti-naziproteste-nun-die-richtigen-werbetour-einer-asow-nahen-brigade-in-europa-abgesagt\/"},"wordCount":789,"commentCount":0,"publisher":{"@id":"https:\/\/now-news.de\/de\/#organization"},"image":{"@id":"https:\/\/now-news.de\/de\/deutschland\/treffen-anti-naziproteste-nun-die-richtigen-werbetour-einer-asow-nahen-brigade-in-europa-abgesagt\/#primaryimage"},"thumbnailUrl":"https:\/\/now-news.de\/de\/wp-content\/uploads\/sites\/3\/2024\/07\/Treffen-Anti-Naziproteste-nun-die-Richtigen-Werbetour-einer-Asow-nahen-Brigade-in.JPG","keywords":["abgesagt","AntiNaziproteste","Asownahen","Brigade","die","einer","Europa","nun","richtigen","Treffen","Werbetour"],"articleSection":["Deutschland","Russland"],"inLanguage":"de","potentialAction":[{"@type":"CommentAction","name":"Comment","target":["https:\/\/now-news.de\/de\/deutschland\/treffen-anti-naziproteste-nun-die-richtigen-werbetour-einer-asow-nahen-brigade-in-europa-abgesagt\/#respond"]}]},{"@type":"WebPage","@id":"https:\/\/now-news.de\/de\/deutschland\/treffen-anti-naziproteste-nun-die-richtigen-werbetour-einer-asow-nahen-brigade-in-europa-abgesagt\/","url":"https:\/\/now-news.de\/de\/deutschland\/treffen-anti-naziproteste-nun-die-richtigen-werbetour-einer-asow-nahen-brigade-in-europa-abgesagt\/","name":"Treffen Anti-Naziproteste nun die Richtigen? Werbetour einer Asow-nahen Brigade in Europa abgesagt - just-now.NEWS Deutschland","isPartOf":{"@id":"https:\/\/now-news.de\/de\/#website"},"primaryImageOfPage":{"@id":"https:\/\/now-news.de\/de\/deutschland\/treffen-anti-naziproteste-nun-die-richtigen-werbetour-einer-asow-nahen-brigade-in-europa-abgesagt\/#primaryimage"},"image":{"@id":"https:\/\/now-news.de\/de\/deutschland\/treffen-anti-naziproteste-nun-die-richtigen-werbetour-einer-asow-nahen-brigade-in-europa-abgesagt\/#primaryimage"},"thumbnailUrl":"https:\/\/now-news.de\/de\/wp-content\/uploads\/sites\/3\/2024\/07\/Treffen-Anti-Naziproteste-nun-die-Richtigen-Werbetour-einer-Asow-nahen-Brigade-in.JPG","datePublished":"2024-07-27T19:06:45+00:00","dateModified":"2024-07-27T19:06:45+00:00","breadcrumb":{"@id":"https:\/\/now-news.de\/de\/deutschland\/treffen-anti-naziproteste-nun-die-richtigen-werbetour-einer-asow-nahen-brigade-in-europa-abgesagt\/#breadcrumb"},"inLanguage":"de","potentialAction":[{"@type":"ReadAction","target":["https:\/\/now-news.de\/de\/deutschland\/treffen-anti-naziproteste-nun-die-richtigen-werbetour-einer-asow-nahen-brigade-in-europa-abgesagt\/"]}]},{"@type":"ImageObject","inLanguage":"de","@id":"https:\/\/now-news.de\/de\/deutschland\/treffen-anti-naziproteste-nun-die-richtigen-werbetour-einer-asow-nahen-brigade-in-europa-abgesagt\/#primaryimage","url":"https:\/\/now-news.de\/de\/wp-content\/uploads\/sites\/3\/2024\/07\/Treffen-Anti-Naziproteste-nun-die-Richtigen-Werbetour-einer-Asow-nahen-Brigade-in.JPG","contentUrl":"https:\/\/now-news.de\/de\/wp-content\/uploads\/sites\/3\/2024\/07\/Treffen-Anti-Naziproteste-nun-die-Richtigen-Werbetour-einer-Asow-nahen-Brigade-in.JPG","width":1084,"height":670,"caption":"Treffen Anti-Naziproteste nun die Richtigen? Werbetour einer Asow-nahen Brigade in Europa abgesagt"},{"@type":"BreadcrumbList","@id":"https:\/\/now-news.de\/de\/deutschland\/treffen-anti-naziproteste-nun-die-richtigen-werbetour-einer-asow-nahen-brigade-in-europa-abgesagt\/#breadcrumb","itemListElement":[{"@type":"ListItem","position":1,"name":"Home","item":"https:\/\/now-news.de\/de\/"},{"@type":"ListItem","position":2,"name":"Treffen Anti-Naziproteste nun die Richtigen? Werbetour einer Asow-nahen Brigade in Europa abgesagt"}]},{"@type":"WebSite","@id":"https:\/\/now-news.de\/de\/#website","url":"https:\/\/now-news.de\/de\/","name":"just-now.NEWS Deutschland","description":"Das Portal f\u00fcr unzensierte Nachrichten aus der Welt","publisher":{"@id":"https:\/\/now-news.de\/de\/#organization"},"potentialAction":[{"@type":"SearchAction","target":{"@type":"EntryPoint","urlTemplate":"https:\/\/now-news.de\/de\/?s={search_term_string}"},"query-input":"required name=search_term_string"}],"inLanguage":"de"},{"@type":"Organization","@id":"https:\/\/now-news.de\/de\/#organization","name":"Just Now News","url":"https:\/\/now-news.de\/de\/","logo":{"@type":"ImageObject","inLanguage":"de","@id":"https:\/\/now-news.de\/de\/#\/schema\/logo\/image\/","url":"http:\/\/just-now.news\/de\/wp-content\/uploads\/sites\/3\/2022\/04\/logo500x500.jpg","contentUrl":"http:\/\/just-now.news\/de\/wp-content\/uploads\/sites\/3\/2022\/04\/logo500x500.jpg","width":500,"height":500,"caption":"Just Now News"},"image":{"@id":"https:\/\/now-news.de\/de\/#\/schema\/logo\/image\/"},"sameAs":["https:\/\/www.facebook.com\/wirmachenauf","https:\/\/x.com\/WirMachenAuf_de"]},{"@type":"Person","@id":"https:\/\/now-news.de\/de\/#\/schema\/person\/fb534a4e865501d8b3285208df34a9b5","name":"rtnews","image":{"@type":"ImageObject","inLanguage":"de","@id":"https:\/\/now-news.de\/de\/#\/schema\/person\/image\/","url":"https:\/\/secure.gravatar.com\/avatar\/82aafea7d8127119dd649515f56e2117?s=96&d=mm&r=g","contentUrl":"https:\/\/secure.gravatar.com\/avatar\/82aafea7d8127119dd649515f56e2117?s=96&d=mm&r=g","caption":"rtnews"},"url":"https:\/\/now-news.de\/de\/author\/rnews\/"}]}},"_links":{"self":[{"href":"https:\/\/now-news.de\/de\/wp-json\/wp\/v2\/posts\/65617"}],"collection":[{"href":"https:\/\/now-news.de\/de\/wp-json\/wp\/v2\/posts"}],"about":[{"href":"https:\/\/now-news.de\/de\/wp-json\/wp\/v2\/types\/post"}],"author":[{"embeddable":true,"href":"https:\/\/now-news.de\/de\/wp-json\/wp\/v2\/users\/3"}],"replies":[{"embeddable":true,"href":"https:\/\/now-news.de\/de\/wp-json\/wp\/v2\/comments?post=65617"}],"version-history":[{"count":0,"href":"https:\/\/now-news.de\/de\/wp-json\/wp\/v2\/posts\/65617\/revisions"}],"wp:featuredmedia":[{"embeddable":true,"href":"https:\/\/now-news.de\/de\/wp-json\/wp\/v2\/media\/65618"}],"wp:attachment":[{"href":"https:\/\/now-news.de\/de\/wp-json\/wp\/v2\/media?parent=65617"}],"wp:term":[{"taxonomy":"category","embeddable":true,"href":"https:\/\/now-news.de\/de\/wp-json\/wp\/v2\/categories?post=65617"},{"taxonomy":"post_tag","embeddable":true,"href":"https:\/\/now-news.de\/de\/wp-json\/wp\/v2\/tags?post=65617"}],"curies":[{"name":"wp","href":"https:\/\/api.w.org\/{rel}","templated":true}]}}