{"id":6559,"date":"2022-05-03T22:51:02","date_gmt":"2022-05-03T20:51:02","guid":{"rendered":"http:\/\/just-now.news\/de\/deutschland\/chef-des-russischen-ermittlungskomitees-im-rt-gespraech-ueber-ukrainische-kriegsverbrechen\/"},"modified":"2022-05-03T22:51:02","modified_gmt":"2022-05-03T20:51:02","slug":"chef-des-russischen-ermittlungskomitees-im-rt-gespraech-ueber-ukrainische-kriegsverbrechen","status":"publish","type":"post","link":"https:\/\/now-news.de\/de\/deutschland\/chef-des-russischen-ermittlungskomitees-im-rt-gespraech-ueber-ukrainische-kriegsverbrechen\/","title":{"rendered":"Chef des russischen Ermittlungskomitees im RT-Gespr\u00e4ch \u00fcber ukrainische Kriegsverbrechen"},"content":{"rendered":"<p><strong><em>RT: Alexander Iwanowitsch, seit Langem f\u00fchren das Ermittlungskomitee und RT ein gemeinsames Projekt durch, das die von der ukrainischen Seite begangenen Kriegsverbrechen gegen die Bewohner des Donbass aufzeigen soll. K\u00f6nnten Sie uns die neuesten Informationen geben: Was hat die russische Untersuchung in diesen Jahren gebracht?<\/em><\/strong><\/p>\n<p>Bastrykin: In acht Jahren hat der Untersuchungsausschuss bereits rund 800 Strafverfahren im Zusammenhang mit den Ereignissen im Donbass und in der Ukraine eingeleitet. Bei den beteiligten Personen handelt es sich um Vertreter der milit\u00e4rischen und politischen F\u00fchrung, der Sicherheitskr\u00e4fte und radikaler nationalistischer Organisationen in der Ukraine \u2013 bisher insgesamt 287 Personen. Fast die H\u00e4lfte von ihnen ist angeklagt worden.<\/p>\n<p>Dazu geh\u00f6ren der ehemalige Innenminister Arsen Awakow und der Gouverneur der Region Dnjepropetrowsk Igor Kolomojski, der stellvertretende Innenminister Anton Geraschtschenko, die ehemaligen Verteidigungsminister Waleri Geletei und Stepan Poltorak, die ersten stellvertretenden und stellvertretenden Verteidigungsminister Iwan Rusnak, Igor Pawlowski, Oleg Schewtschuk und Alexander Dubljan, die Kommandeure bestimmter Einheiten der ukrainischen Streitkr\u00e4fte und Mitglieder der nationalistischen Bataillone.<\/p>\n<p>Der Gro\u00dfteil der von den ukrainischen Sicherheitskr\u00e4ften begangenen Verbrechen besteht im Beschuss der Zivilbev\u00f6lkerung mit Artilleriegesch\u00fctzen, taktischen Raketensystemen, M\u00f6rsern und Kleinwaffen. Solche\u00a0Taten\u00a0werden als\u00a0Misshandlung der Zivilbev\u00f6lkerung, Einsatz verbotener Mittel und Methoden in bewaffneten Konflikten und sogar als V\u00f6lkermord eingestuft.<\/p>\n<p>An diesen Verbrechen gegen den Frieden und die Sicherheit der Menschheit sind 115 Personen beteiligt, von denen 63 angeklagt worden sind. Aber diese Zahlen sind, wie wir alle wissen, noch lange nicht endg\u00fcltig. Jeden Tag werden im Rahmen der Ermittlungen neue Beschuldigte ermittelt und neue Anklagen gegen Befehlshaber ukrainischer Streitkr\u00e4fte und Mitglieder nationalistischer Formationen erhoben.<\/p>\n<figure class=\"RTImage-root\">\n<div class=\"RTImage-image RTImage-original\"><!--[if IE 9]&gt;<video>&lt;![endif]--><!--[if IE 9]&gt;<\/video>&lt;![endif]--><!-- noscript pattern --><img decoding=\"async\" src=\"http:\/\/just-now.news\/de\/wp-content\/uploads\/sites\/3\/2022\/05\/Chef-des-russischen-Ermittlungskomitees-im-RT-Gespraech-ueber-ukrainische-Kriegsverbrechen.jpg\" alt=\"\"><\/div><figcaption class=\"RTImage-footer\"><span class=\"RTImage-caption\"><span class=\"RTImage-captionItem\">Alexander Bastrykin<\/span><\/span><span class=\"RTImage-source\"><span class=\"RTImage-captionItem\">Russisches Ermittlungskommitee<\/span><\/span><\/figcaption><\/figure>\n<p>Die ukrainischen Nationalisten beschie\u00dfen weiterhin Wohnh\u00e4user und Infrastruktur mit schweren, t\u00f6dlichen Waffen. Wir sehen und registrieren alles. Unsere Ermittler arbeiten vor Ort, und wir erhalten immer mehr konkrete Beweise f\u00fcr besonders schwere Verbrechen, die an den russischsprachigen Bewohnern des Donbass begangen wurden, die mit der nationalistischen Politik Kiews und dem Verbot der russischen Sprache nicht einverstanden waren und sich f\u00fcr die Schaffung von Autonomie f\u00fcr die s\u00fcd\u00f6stlichen Regionen der Ukraine zusammenschlossen. Die Menschen sprechen seit Jahren dar\u00fcber, was passiert.<\/p>\n<p>W\u00e4hrend des gesamten Untersuchungszeitraums haben wir mehr als 181.000 Personen befragt, und mehr als 59.000 Personen wurden als Opfer anerkannt, darunter mehr als 10.000 Minderj\u00e4hrige.<\/p>\n<p><strong><em>RT: Die ukrainischen Strafverfolgungsbeh\u00f6rden sowie der Internationale Strafgerichtshof er\u00f6ffnen auch strafrechtliche Verfahren gegen russische Amtstr\u00e4ger und Politiker. Wie bewerten Sie diese Ma\u00dfnahmen?<\/em><\/strong><\/p>\n<p>Bastrykin: Das sind absurde Beschl\u00fcsse auf fadenscheiniger Grundlage. Und sie zeigen, wie eigent\u00fcmlich deren\u00a0Rechtsauffassung ist.\u00a0Es ist sehr \u00fcberraschend, dass die ukrainische Seite in der Lage ist, echte Verbrechen gegen ihre\u00a0eigene friedliche B\u00fcrger\u00a0zu ignorieren. Acht Jahre lang haben die Ukraine und die westlichen L\u00e4nder die Augen vor den Gr\u00e4ueltaten der ukrainischen Sicherheitskr\u00e4fte im Donbass verschlossen. Bislang wurde noch niemand f\u00fcr den Massenmord im Gewerkschaftshaus in Odessa verantwortlich gemacht.<\/p>\n<p>Deshalb hat unser Land die Verantwortung f\u00fcr die Untersuchung der vom ukrainischen Regime begangenen Verbrechen \u00fcbernommen.<\/p>\n<p><em><strong>RT: Was ist kennzeichnend f\u00fcr die Handlungen der ukrainischen Nationalisten und der ukrainischen Armee?<\/strong><br \/><\/em><\/p>\n<p>Bastrykin: Sie zeichnen sich durch besondere Grausamkeit, Wahllosigkeit, Zynismus und R\u00fccksichtslosigkeit aus, auch gegen\u00fcber ihren Landsleuten, die ihre nationalistischen Ansichten nicht teilen. Durch den Einsatz von verbotener Munition. Es ist bekannt, dass sie verboten ist, es gibt eine entsprechende Konvention. Aber es ist bereits zur absoluten Norm geworden, dass das ukrainische Milit\u00e4r Zivilisten mit solcher verbotener Munition beschie\u00dft. Sie werden in den bekannten taktischen Totschka-U-Raketen verwendet. Sein Einsatz f\u00fchrt zu gro\u00dfen Verlusten und Zerst\u00f6rungen.<\/p>\n<p>Im M\u00e4rz\u00a0starben\u00a0bei einem Totschka-U-Angriff in Donezk mehr als 20 Menschen, und mehr als 30\u00a0wurden verletzt. Diese Waffe\u00a0kommt\u00a0ausschlie\u00dflich in der ukrainischen Armee zum Einsatz. Nach der Durchf\u00fchrung von Ermittlungsma\u00dfnahmen kam das Ermittlungskomitee\u00a0zu dem Schluss, dass die 19. separate Raketenbrigade der\u00a0ukrainischen Armee unter dem Kommando von Fjodor Jaroschewitsch, die drei Abteilungen mit jeweils acht Raketenwerfern umfasste, an diesen\u00a0Raketenstarts\u00a0beteiligt war. Wir haben diese Fakten\u00a0gesammelt und ausgewertet. Gegen Jaroschewitsch wurde eine Zwangsma\u00dfnahme in Form von Abwesenheitsarrest verh\u00e4ngt.<\/p>\n<p>Im Rahmen der strafrechtlichen Ermittlungen werden auch andere ukrainische bewaffnete Einheiten ermittelt, die diese verbotenen Methoden angewandt haben k\u00f6nnten.<\/p>\n<p>Auch h\u00f6ren wir immer wieder vom\u00a0Einsatz von Menschen als menschliche Schutzschilde durch die Nationalisten. Und jetzt haben wir immer mehr Beweise, die dies best\u00e4tigen. Menschen, die aus dem Donbass und der Ukraine nach Russland gekommen sind, haben von der Stationierung von K\u00e4mpfern und milit\u00e4rischer Ausr\u00fcstung in der N\u00e4he von f\u00fcnf Schulen und der Nutzung von Krankenh\u00e4usern und einer Entbindungsklinik als Unterschlupf f\u00fcr ukrainische Soldaten erz\u00e4hlt. Ihnen\u00a0feuerten\u00a0Asow-Soldaten vom Einkaufszentrum Primorje (in Mariupol) M\u00f6rsergranaten ab und richteten auf den D\u00e4chern von Wohnh\u00e4usern\u00a0Feuerpositionen\u00a0ein. Diese und zahlreiche andere Tatsachen sind auch in den Unterlagen zu den Strafverfahren dokumentiert.<\/p>\n<p><strong><em>RT<\/em>: <em>Eine weitere skandal\u00f6se Geschichte im Zusammenhang mit der Ukraine ist die Folterung von Kriegsgefangenen. Gibt es eine Chance, dass die T\u00e4ter gefunden und bestraft werden?<\/em><\/strong><\/p>\n<p>Bastrykin: Im Rahmen der Ermittlungen wird eine Reihe solcher Straftaten untersucht. So zum Beispiel, als mehrere russische Soldaten von ukrainischen Sicherheitskr\u00e4ften beschossen und in der ukrainischen Region Saporoschje gefangen genommen wurden. Sie wurden an Beamte des ukrainischen Geheimdienstes SBU \u00fcbergeben, die sie zehn Tage lang unrechtm\u00e4\u00dfig festgehalten und gegen sie physische Gewalt angewendet hatten. Sie hatten versucht, von ihnen Informationen \u00fcber den Verlauf der russischen milit\u00e4rischen Sonderaktion zu erhalten.<\/p>\n<p>Es besteht immer die M\u00f6glichkeit, die Beteiligten zu identifizieren, denn wie wir wissen, gibt es kein Verbrechen ohne Spuren. Wir arbeiten in dieser Richtung mit unseren Kollegen von DVR und\u00a0LVR sowie den operativen Diensten zusammen.<\/p>\n<p><strong><em>RT: Wie l\u00e4uft die Arbeit mit Kriegsgefangenen auf unserer Seite ab? Wie viele von ihnen gibt es \u00fcberhaupt?<\/em><\/strong><\/p>\n<p>Bastrykin: Jeder kann sehen, dass die ukrainischen Soldaten, egal wie es in den westlichen Medien und den sozialen Propagandamedien klingen mag, es vorziehen, sich bei jeder Gelegenheit zu ergeben. Sie wissen, dass Widerstand zwecklos ist. Auf russischem Territorium befinden sich mehr als 2.000 ukrainische Soldaten, die ihre Waffen freiwillig niedergelegt haben. Unter ihnen sind f\u00fcnf Kommandeure der Brigaden, die gegen die Bev\u00f6lkerung des Donbass gek\u00e4mpft haben. Die Ermittler arbeiten mit ihnen zusammen und erfahren viele Details \u00fcber die Umst\u00e4nde der Verbrechen des ukrainischen Regimes.<\/p>\n<p>Diese Beweise betreffen unter anderem die Zusammenarbeit mit ausl\u00e4ndischen Ausbildern und die Besch\u00e4ftigung von B\u00fcrgern anderer L\u00e4nder als S\u00f6ldner. Auf der Grundlage der verf\u00fcgbaren Daten wurden Strafverfahren gegen 75 S\u00f6ldner eingeleitet, die an Kampfhandlungen auf ukrainischer Seite beteiligt sind. Wir wissen, dass sie aus dem Vereinigten K\u00f6nigreich, den USA, Norwegen, Kanada, Georgien und anderen L\u00e4ndern stammen.<\/p>\n<p><strong><em>RT: Es gibt Leute, die das Problem der nationalistischen Stimmung in der modernen Ukraine f\u00fcr weit hergeholt oder zumindest f\u00fcr \u00fcbertrieben halten. Sie sind sich der tats\u00e4chlichen Situation sicher bewusst. Wie ist es um den Nationalismus im Donbass bestellt? Wie verbreitet sind seine Erscheinungsformen?<\/em><\/strong><\/p>\n<p>Bastrykin: Hier nur einige Fakten zur Veranschaulichung. In erster Linie handelt es sich um die Verherrlichung der SS-Division &#8220;Galizien&#8221; und die Verleihung des Titels &#8220;Held der Ukraine&#8221; an den Nazikollaborateur Roman Schuchewitsch, der an der Ausrottung der j\u00fcdischen Bev\u00f6lkerung der Ukraine und an der ethnischen S\u00e4uberung der Polen beteiligt war. Davon zeugen auch die Verleihung des Titels &#8220;Held der Ukraine&#8221; an Stepan Bandera und die Feierlichkeiten zu seinem Geburtstag auf staatlicher Ebene.\u00a0<\/p>\n<p>Zweitens verpflichtet das Gesetz der Ukraine \u00fcber die Gew\u00e4hrleistung des Funktionierens der ukrainischen Sprache als Staatssprache alle B\u00fcrger, die ukrainische Sprache in fast allen Lebensbereichen zu verwenden, mit Ausnahme von privaten Unterhaltungen und religi\u00f6sen Zeremonien. Dieses Gesetz verst\u00f6\u00dft sowohl gegen internationale rechtliche Verpflichtungen als auch gegen die Verfassung der Ukraine. Eine weitere Bestimmung des genannten Gesetzes ist in diesem Jahr in Kraft getreten. Es verpflichtet die Printmedien in der Ukraine, Materialien in ukrainischer Sprache zu ver\u00f6ffentlichen.<\/p>\n<p>Dar\u00fcber hinaus verf\u00e4lschen die neuen ukrainischen Schulb\u00fccher historische Fakten und zielen im Wesentlichen darauf ab, Hass auf Russland zu sch\u00fcren. In der Ukraine rufen Pers\u00f6nlichkeiten des \u00f6ffentlichen Lebens \u00fcber die Medien zur T\u00f6tung von Russen auf. Derartige \u00c4u\u00dferungen sind inzwischen zur Norm geworden.<\/p>\n<p>Dies ist ein weiterer Vorwand, um Fremdenfeindlichkeit und Rassenhass zu verbreiten, die Rechte nationaler Minderheiten zu verletzen und die Menschenrechte einzuschr\u00e4nken. Es gibt auch keine Rechtfertigung f\u00fcr den\u00a0wilden\u00a0Sadismus, mit dem ukrainische Nazis russische Kriegsgefangene behandeln.<\/p>\n<p>Eine Reihe von Provokationen, insbesondere die Inszenierung der angeblichen T\u00f6tung von Zivilisten durch russische Soldaten am 3. April 2022 in Butscha, sind ebenfalls Ausdruck des Nazismus. Das Ermittlungskomitee ermittelt in diesem Zusammenhang auch in einer Strafsache, und je weiter die Ereignisse voranschreiten, desto mehr Beweise tauchen auf, die die Version der Untersuchung best\u00e4tigen, dass die ukrainische Seite die Absicht hatte, die russischen Soldaten\u00a0zu diskreditieren.<\/p>\n<p><strong>Mehr zum Thema<\/strong> &#8211; <a rel=\"nofollow noopener\" target=\"_blank\" href=\"https:\/\/de.rt.com\/meinung\/136994-obduktionen-zu-butscha-kein-massaker\/\">Obduktionen zu Butscha: Kein Massaker, keine Russen &#8230;<\/a><\/p>\n<\/p>\n<p><br \/>\n<br \/><a href=\"https:\/\/de.rt.com\/europa\/137633-chef-des-russischen-ermittlungskommitees-im-rt-gespraech\/\">Source link <\/a><\/p>\n","protected":false},"excerpt":{"rendered":"<p>RT: Alexander Iwanowitsch, seit Langem f\u00fchren das Ermittlungskomitee und RT ein gemeinsames Projekt durch, das die von der ukrainischen Seite begangenen Kriegsverbrechen gegen die Bewohner des Donbass aufzeigen soll. K\u00f6nnten Sie uns die neuesten Informationen geben: Was hat die russische Untersuchung in diesen Jahren gebracht? Bastrykin: In acht Jahren hat der Untersuchungsausschuss bereits rund 800 [&hellip;]<\/p>\n","protected":false},"author":3,"featured_media":6560,"comment_status":"open","ping_status":"open","sticky":false,"template":"","format":"standard","meta":{"wp_automatic_camp":["217"],"5ec48c92cae0d7f7631f11f57508ab84":["Chef des russischen Ermittlungskomitees im RT-Gespr\u00e4ch \u00fcber ukrainische Kriegsverbrechen"],"original_link":["https:\/\/de.rt.com\/europa\/137633-chef-des-russischen-ermittlungskommitees-im-rt-gespraech\/"],"_thumbnail_id":["6560"],"wp_automatic_remove_first_image":["yes"],"_wptg_p2tg_sent2tg":["2022-05-03 23:25:12"],"jnews_social_counter_last_update":["1777240622"]},"categories":[19,23],"tags":[18111,583,18112,9041,18113,973,139,905],"yoast_head":"<!-- This site is optimized with the Yoast SEO Premium plugin v22.7 (Yoast SEO v22.7) - https:\/\/yoast.com\/wordpress\/plugins\/seo\/ -->\n<title>Chef des russischen Ermittlungskomitees im RT-Gespr\u00e4ch \u00fcber ukrainische Kriegsverbrechen - just-now.NEWS Deutschland<\/title>\n<meta name=\"robots\" content=\"index, follow, max-snippet:-1, max-image-preview:large, max-video-preview:-1\" \/>\n<link rel=\"canonical\" href=\"https:\/\/now-news.de\/de\/deutschland\/chef-des-russischen-ermittlungskomitees-im-rt-gespraech-ueber-ukrainische-kriegsverbrechen\/\" \/>\n<meta property=\"og:locale\" content=\"de_DE\" \/>\n<meta property=\"og:type\" content=\"article\" \/>\n<meta property=\"og:title\" content=\"Chef des russischen Ermittlungskomitees im RT-Gespr\u00e4ch \u00fcber ukrainische Kriegsverbrechen\" \/>\n<meta property=\"og:description\" content=\"RT: Alexander Iwanowitsch, seit Langem f\u00fchren das Ermittlungskomitee und RT ein gemeinsames Projekt durch, das die von der ukrainischen Seite begangenen Kriegsverbrechen gegen die Bewohner des Donbass aufzeigen soll. K\u00f6nnten Sie uns die neuesten Informationen geben: Was hat die russische Untersuchung in diesen Jahren gebracht? Bastrykin: In acht Jahren hat der Untersuchungsausschuss bereits rund 800 [&hellip;]\" \/>\n<meta property=\"og:url\" content=\"https:\/\/now-news.de\/de\/deutschland\/chef-des-russischen-ermittlungskomitees-im-rt-gespraech-ueber-ukrainische-kriegsverbrechen\/\" \/>\n<meta property=\"og:site_name\" content=\"just-now.NEWS Deutschland\" \/>\n<meta property=\"article:publisher\" content=\"https:\/\/www.facebook.com\/wirmachenauf\" \/>\n<meta property=\"article:published_time\" content=\"2022-05-03T20:51:02+00:00\" \/>\n<meta property=\"og:image\" content=\"https:\/\/now-news.de\/de\/wp-content\/uploads\/sites\/3\/2022\/05\/Chef-des-russischen-Ermittlungskomitees-im-RT-Gespraech-ueber-ukrainische-Kriegsverbrechen.jpg\" \/>\n\t<meta property=\"og:image:width\" content=\"1280\" \/>\n\t<meta property=\"og:image:height\" content=\"853\" \/>\n\t<meta property=\"og:image:type\" content=\"image\/jpeg\" \/>\n<meta name=\"author\" content=\"rtnews\" \/>\n<meta name=\"twitter:card\" content=\"summary_large_image\" \/>\n<meta name=\"twitter:creator\" content=\"@WirMachenAuf_de\" \/>\n<meta name=\"twitter:site\" content=\"@WirMachenAuf_de\" \/>\n<meta name=\"twitter:label1\" content=\"Verfasst von\" \/>\n\t<meta name=\"twitter:data1\" content=\"rtnews\" \/>\n\t<meta name=\"twitter:label2\" content=\"Gesch\u00e4tzte Lesezeit\" \/>\n\t<meta name=\"twitter:data2\" content=\"7\u00a0Minuten\" \/>\n<script type=\"application\/ld+json\" class=\"yoast-schema-graph\">{\"@context\":\"https:\/\/schema.org\",\"@graph\":[{\"@type\":\"Article\",\"@id\":\"https:\/\/now-news.de\/de\/deutschland\/chef-des-russischen-ermittlungskomitees-im-rt-gespraech-ueber-ukrainische-kriegsverbrechen\/#article\",\"isPartOf\":{\"@id\":\"https:\/\/now-news.de\/de\/deutschland\/chef-des-russischen-ermittlungskomitees-im-rt-gespraech-ueber-ukrainische-kriegsverbrechen\/\"},\"author\":{\"name\":\"rtnews\",\"@id\":\"https:\/\/now-news.de\/de\/#\/schema\/person\/fb534a4e865501d8b3285208df34a9b5\"},\"headline\":\"Chef des russischen Ermittlungskomitees im RT-Gespr\u00e4ch \u00fcber ukrainische Kriegsverbrechen\",\"datePublished\":\"2022-05-03T20:51:02+00:00\",\"dateModified\":\"2022-05-03T20:51:02+00:00\",\"mainEntityOfPage\":{\"@id\":\"https:\/\/now-news.de\/de\/deutschland\/chef-des-russischen-ermittlungskomitees-im-rt-gespraech-ueber-ukrainische-kriegsverbrechen\/\"},\"wordCount\":1506,\"commentCount\":0,\"publisher\":{\"@id\":\"https:\/\/now-news.de\/de\/#organization\"},\"image\":{\"@id\":\"https:\/\/now-news.de\/de\/deutschland\/chef-des-russischen-ermittlungskomitees-im-rt-gespraech-ueber-ukrainische-kriegsverbrechen\/#primaryimage\"},\"thumbnailUrl\":\"https:\/\/now-news.de\/de\/wp-content\/uploads\/sites\/3\/2022\/05\/Chef-des-russischen-Ermittlungskomitees-im-RT-Gespraech-ueber-ukrainische-Kriegsverbrechen.jpg\",\"keywords\":[\"Chef\",\"des\",\"Ermittlungskomitees\",\"Kriegsverbrechen\",\"RTGespr\u00e4ch\",\"russischen\",\"\u00fcber\",\"Ukrainische\"],\"articleSection\":[\"Deutschland\",\"Russland\"],\"inLanguage\":\"de\",\"potentialAction\":[{\"@type\":\"CommentAction\",\"name\":\"Comment\",\"target\":[\"https:\/\/now-news.de\/de\/deutschland\/chef-des-russischen-ermittlungskomitees-im-rt-gespraech-ueber-ukrainische-kriegsverbrechen\/#respond\"]}]},{\"@type\":\"WebPage\",\"@id\":\"https:\/\/now-news.de\/de\/deutschland\/chef-des-russischen-ermittlungskomitees-im-rt-gespraech-ueber-ukrainische-kriegsverbrechen\/\",\"url\":\"https:\/\/now-news.de\/de\/deutschland\/chef-des-russischen-ermittlungskomitees-im-rt-gespraech-ueber-ukrainische-kriegsverbrechen\/\",\"name\":\"Chef des russischen Ermittlungskomitees im RT-Gespr\u00e4ch \u00fcber ukrainische Kriegsverbrechen - just-now.NEWS Deutschland\",\"isPartOf\":{\"@id\":\"https:\/\/now-news.de\/de\/#website\"},\"primaryImageOfPage\":{\"@id\":\"https:\/\/now-news.de\/de\/deutschland\/chef-des-russischen-ermittlungskomitees-im-rt-gespraech-ueber-ukrainische-kriegsverbrechen\/#primaryimage\"},\"image\":{\"@id\":\"https:\/\/now-news.de\/de\/deutschland\/chef-des-russischen-ermittlungskomitees-im-rt-gespraech-ueber-ukrainische-kriegsverbrechen\/#primaryimage\"},\"thumbnailUrl\":\"https:\/\/now-news.de\/de\/wp-content\/uploads\/sites\/3\/2022\/05\/Chef-des-russischen-Ermittlungskomitees-im-RT-Gespraech-ueber-ukrainische-Kriegsverbrechen.jpg\",\"datePublished\":\"2022-05-03T20:51:02+00:00\",\"dateModified\":\"2022-05-03T20:51:02+00:00\",\"breadcrumb\":{\"@id\":\"https:\/\/now-news.de\/de\/deutschland\/chef-des-russischen-ermittlungskomitees-im-rt-gespraech-ueber-ukrainische-kriegsverbrechen\/#breadcrumb\"},\"inLanguage\":\"de\",\"potentialAction\":[{\"@type\":\"ReadAction\",\"target\":[\"https:\/\/now-news.de\/de\/deutschland\/chef-des-russischen-ermittlungskomitees-im-rt-gespraech-ueber-ukrainische-kriegsverbrechen\/\"]}]},{\"@type\":\"ImageObject\",\"inLanguage\":\"de\",\"@id\":\"https:\/\/now-news.de\/de\/deutschland\/chef-des-russischen-ermittlungskomitees-im-rt-gespraech-ueber-ukrainische-kriegsverbrechen\/#primaryimage\",\"url\":\"https:\/\/now-news.de\/de\/wp-content\/uploads\/sites\/3\/2022\/05\/Chef-des-russischen-Ermittlungskomitees-im-RT-Gespraech-ueber-ukrainische-Kriegsverbrechen.jpg\",\"contentUrl\":\"https:\/\/now-news.de\/de\/wp-content\/uploads\/sites\/3\/2022\/05\/Chef-des-russischen-Ermittlungskomitees-im-RT-Gespraech-ueber-ukrainische-Kriegsverbrechen.jpg\",\"width\":1280,\"height\":853,\"caption\":\"Chef des russischen Ermittlungskomitees im RT-Gespr\u00e4ch \u00fcber ukrainische Kriegsverbrechen\"},{\"@type\":\"BreadcrumbList\",\"@id\":\"https:\/\/now-news.de\/de\/deutschland\/chef-des-russischen-ermittlungskomitees-im-rt-gespraech-ueber-ukrainische-kriegsverbrechen\/#breadcrumb\",\"itemListElement\":[{\"@type\":\"ListItem\",\"position\":1,\"name\":\"Home\",\"item\":\"https:\/\/now-news.de\/de\/\"},{\"@type\":\"ListItem\",\"position\":2,\"name\":\"Chef des russischen Ermittlungskomitees im RT-Gespr\u00e4ch \u00fcber ukrainische Kriegsverbrechen\"}]},{\"@type\":\"WebSite\",\"@id\":\"https:\/\/now-news.de\/de\/#website\",\"url\":\"https:\/\/now-news.de\/de\/\",\"name\":\"just-now.NEWS Deutschland\",\"description\":\"Das Portal f\u00fcr unzensierte Nachrichten aus der Welt\",\"publisher\":{\"@id\":\"https:\/\/now-news.de\/de\/#organization\"},\"potentialAction\":[{\"@type\":\"SearchAction\",\"target\":{\"@type\":\"EntryPoint\",\"urlTemplate\":\"https:\/\/now-news.de\/de\/?s={search_term_string}\"},\"query-input\":\"required name=search_term_string\"}],\"inLanguage\":\"de\"},{\"@type\":\"Organization\",\"@id\":\"https:\/\/now-news.de\/de\/#organization\",\"name\":\"Just Now News\",\"url\":\"https:\/\/now-news.de\/de\/\",\"logo\":{\"@type\":\"ImageObject\",\"inLanguage\":\"de\",\"@id\":\"https:\/\/now-news.de\/de\/#\/schema\/logo\/image\/\",\"url\":\"http:\/\/just-now.news\/de\/wp-content\/uploads\/sites\/3\/2022\/04\/logo500x500.jpg\",\"contentUrl\":\"http:\/\/just-now.news\/de\/wp-content\/uploads\/sites\/3\/2022\/04\/logo500x500.jpg\",\"width\":500,\"height\":500,\"caption\":\"Just Now News\"},\"image\":{\"@id\":\"https:\/\/now-news.de\/de\/#\/schema\/logo\/image\/\"},\"sameAs\":[\"https:\/\/www.facebook.com\/wirmachenauf\",\"https:\/\/x.com\/WirMachenAuf_de\"]},{\"@type\":\"Person\",\"@id\":\"https:\/\/now-news.de\/de\/#\/schema\/person\/fb534a4e865501d8b3285208df34a9b5\",\"name\":\"rtnews\",\"image\":{\"@type\":\"ImageObject\",\"inLanguage\":\"de\",\"@id\":\"https:\/\/now-news.de\/de\/#\/schema\/person\/image\/\",\"url\":\"https:\/\/secure.gravatar.com\/avatar\/82aafea7d8127119dd649515f56e2117?s=96&d=mm&r=g\",\"contentUrl\":\"https:\/\/secure.gravatar.com\/avatar\/82aafea7d8127119dd649515f56e2117?s=96&d=mm&r=g\",\"caption\":\"rtnews\"},\"url\":\"https:\/\/now-news.de\/de\/author\/rnews\/\"}]}<\/script>\n<!-- \/ Yoast SEO Premium plugin. -->","yoast_head_json":{"title":"Chef des russischen Ermittlungskomitees im RT-Gespr\u00e4ch \u00fcber ukrainische Kriegsverbrechen - just-now.NEWS Deutschland","robots":{"index":"index","follow":"follow","max-snippet":"max-snippet:-1","max-image-preview":"max-image-preview:large","max-video-preview":"max-video-preview:-1"},"canonical":"https:\/\/now-news.de\/de\/deutschland\/chef-des-russischen-ermittlungskomitees-im-rt-gespraech-ueber-ukrainische-kriegsverbrechen\/","og_locale":"de_DE","og_type":"article","og_title":"Chef des russischen Ermittlungskomitees im RT-Gespr\u00e4ch \u00fcber ukrainische Kriegsverbrechen","og_description":"RT: Alexander Iwanowitsch, seit Langem f\u00fchren das Ermittlungskomitee und RT ein gemeinsames Projekt durch, das die von der ukrainischen Seite begangenen Kriegsverbrechen gegen die Bewohner des Donbass aufzeigen soll. K\u00f6nnten Sie uns die neuesten Informationen geben: Was hat die russische Untersuchung in diesen Jahren gebracht? Bastrykin: In acht Jahren hat der Untersuchungsausschuss bereits rund 800 [&hellip;]","og_url":"https:\/\/now-news.de\/de\/deutschland\/chef-des-russischen-ermittlungskomitees-im-rt-gespraech-ueber-ukrainische-kriegsverbrechen\/","og_site_name":"just-now.NEWS Deutschland","article_publisher":"https:\/\/www.facebook.com\/wirmachenauf","article_published_time":"2022-05-03T20:51:02+00:00","og_image":[{"width":1280,"height":853,"url":"https:\/\/now-news.de\/de\/wp-content\/uploads\/sites\/3\/2022\/05\/Chef-des-russischen-Ermittlungskomitees-im-RT-Gespraech-ueber-ukrainische-Kriegsverbrechen.jpg","type":"image\/jpeg"}],"author":"rtnews","twitter_card":"summary_large_image","twitter_creator":"@WirMachenAuf_de","twitter_site":"@WirMachenAuf_de","twitter_misc":{"Verfasst von":"rtnews","Gesch\u00e4tzte Lesezeit":"7\u00a0Minuten"},"schema":{"@context":"https:\/\/schema.org","@graph":[{"@type":"Article","@id":"https:\/\/now-news.de\/de\/deutschland\/chef-des-russischen-ermittlungskomitees-im-rt-gespraech-ueber-ukrainische-kriegsverbrechen\/#article","isPartOf":{"@id":"https:\/\/now-news.de\/de\/deutschland\/chef-des-russischen-ermittlungskomitees-im-rt-gespraech-ueber-ukrainische-kriegsverbrechen\/"},"author":{"name":"rtnews","@id":"https:\/\/now-news.de\/de\/#\/schema\/person\/fb534a4e865501d8b3285208df34a9b5"},"headline":"Chef des russischen Ermittlungskomitees im RT-Gespr\u00e4ch \u00fcber ukrainische Kriegsverbrechen","datePublished":"2022-05-03T20:51:02+00:00","dateModified":"2022-05-03T20:51:02+00:00","mainEntityOfPage":{"@id":"https:\/\/now-news.de\/de\/deutschland\/chef-des-russischen-ermittlungskomitees-im-rt-gespraech-ueber-ukrainische-kriegsverbrechen\/"},"wordCount":1506,"commentCount":0,"publisher":{"@id":"https:\/\/now-news.de\/de\/#organization"},"image":{"@id":"https:\/\/now-news.de\/de\/deutschland\/chef-des-russischen-ermittlungskomitees-im-rt-gespraech-ueber-ukrainische-kriegsverbrechen\/#primaryimage"},"thumbnailUrl":"https:\/\/now-news.de\/de\/wp-content\/uploads\/sites\/3\/2022\/05\/Chef-des-russischen-Ermittlungskomitees-im-RT-Gespraech-ueber-ukrainische-Kriegsverbrechen.jpg","keywords":["Chef","des","Ermittlungskomitees","Kriegsverbrechen","RTGespr\u00e4ch","russischen","\u00fcber","Ukrainische"],"articleSection":["Deutschland","Russland"],"inLanguage":"de","potentialAction":[{"@type":"CommentAction","name":"Comment","target":["https:\/\/now-news.de\/de\/deutschland\/chef-des-russischen-ermittlungskomitees-im-rt-gespraech-ueber-ukrainische-kriegsverbrechen\/#respond"]}]},{"@type":"WebPage","@id":"https:\/\/now-news.de\/de\/deutschland\/chef-des-russischen-ermittlungskomitees-im-rt-gespraech-ueber-ukrainische-kriegsverbrechen\/","url":"https:\/\/now-news.de\/de\/deutschland\/chef-des-russischen-ermittlungskomitees-im-rt-gespraech-ueber-ukrainische-kriegsverbrechen\/","name":"Chef des russischen Ermittlungskomitees im RT-Gespr\u00e4ch \u00fcber ukrainische Kriegsverbrechen - just-now.NEWS Deutschland","isPartOf":{"@id":"https:\/\/now-news.de\/de\/#website"},"primaryImageOfPage":{"@id":"https:\/\/now-news.de\/de\/deutschland\/chef-des-russischen-ermittlungskomitees-im-rt-gespraech-ueber-ukrainische-kriegsverbrechen\/#primaryimage"},"image":{"@id":"https:\/\/now-news.de\/de\/deutschland\/chef-des-russischen-ermittlungskomitees-im-rt-gespraech-ueber-ukrainische-kriegsverbrechen\/#primaryimage"},"thumbnailUrl":"https:\/\/now-news.de\/de\/wp-content\/uploads\/sites\/3\/2022\/05\/Chef-des-russischen-Ermittlungskomitees-im-RT-Gespraech-ueber-ukrainische-Kriegsverbrechen.jpg","datePublished":"2022-05-03T20:51:02+00:00","dateModified":"2022-05-03T20:51:02+00:00","breadcrumb":{"@id":"https:\/\/now-news.de\/de\/deutschland\/chef-des-russischen-ermittlungskomitees-im-rt-gespraech-ueber-ukrainische-kriegsverbrechen\/#breadcrumb"},"inLanguage":"de","potentialAction":[{"@type":"ReadAction","target":["https:\/\/now-news.de\/de\/deutschland\/chef-des-russischen-ermittlungskomitees-im-rt-gespraech-ueber-ukrainische-kriegsverbrechen\/"]}]},{"@type":"ImageObject","inLanguage":"de","@id":"https:\/\/now-news.de\/de\/deutschland\/chef-des-russischen-ermittlungskomitees-im-rt-gespraech-ueber-ukrainische-kriegsverbrechen\/#primaryimage","url":"https:\/\/now-news.de\/de\/wp-content\/uploads\/sites\/3\/2022\/05\/Chef-des-russischen-Ermittlungskomitees-im-RT-Gespraech-ueber-ukrainische-Kriegsverbrechen.jpg","contentUrl":"https:\/\/now-news.de\/de\/wp-content\/uploads\/sites\/3\/2022\/05\/Chef-des-russischen-Ermittlungskomitees-im-RT-Gespraech-ueber-ukrainische-Kriegsverbrechen.jpg","width":1280,"height":853,"caption":"Chef des russischen Ermittlungskomitees im RT-Gespr\u00e4ch \u00fcber ukrainische Kriegsverbrechen"},{"@type":"BreadcrumbList","@id":"https:\/\/now-news.de\/de\/deutschland\/chef-des-russischen-ermittlungskomitees-im-rt-gespraech-ueber-ukrainische-kriegsverbrechen\/#breadcrumb","itemListElement":[{"@type":"ListItem","position":1,"name":"Home","item":"https:\/\/now-news.de\/de\/"},{"@type":"ListItem","position":2,"name":"Chef des russischen Ermittlungskomitees im RT-Gespr\u00e4ch \u00fcber ukrainische Kriegsverbrechen"}]},{"@type":"WebSite","@id":"https:\/\/now-news.de\/de\/#website","url":"https:\/\/now-news.de\/de\/","name":"just-now.NEWS Deutschland","description":"Das Portal f\u00fcr unzensierte Nachrichten aus der Welt","publisher":{"@id":"https:\/\/now-news.de\/de\/#organization"},"potentialAction":[{"@type":"SearchAction","target":{"@type":"EntryPoint","urlTemplate":"https:\/\/now-news.de\/de\/?s={search_term_string}"},"query-input":"required name=search_term_string"}],"inLanguage":"de"},{"@type":"Organization","@id":"https:\/\/now-news.de\/de\/#organization","name":"Just Now News","url":"https:\/\/now-news.de\/de\/","logo":{"@type":"ImageObject","inLanguage":"de","@id":"https:\/\/now-news.de\/de\/#\/schema\/logo\/image\/","url":"http:\/\/just-now.news\/de\/wp-content\/uploads\/sites\/3\/2022\/04\/logo500x500.jpg","contentUrl":"http:\/\/just-now.news\/de\/wp-content\/uploads\/sites\/3\/2022\/04\/logo500x500.jpg","width":500,"height":500,"caption":"Just Now News"},"image":{"@id":"https:\/\/now-news.de\/de\/#\/schema\/logo\/image\/"},"sameAs":["https:\/\/www.facebook.com\/wirmachenauf","https:\/\/x.com\/WirMachenAuf_de"]},{"@type":"Person","@id":"https:\/\/now-news.de\/de\/#\/schema\/person\/fb534a4e865501d8b3285208df34a9b5","name":"rtnews","image":{"@type":"ImageObject","inLanguage":"de","@id":"https:\/\/now-news.de\/de\/#\/schema\/person\/image\/","url":"https:\/\/secure.gravatar.com\/avatar\/82aafea7d8127119dd649515f56e2117?s=96&d=mm&r=g","contentUrl":"https:\/\/secure.gravatar.com\/avatar\/82aafea7d8127119dd649515f56e2117?s=96&d=mm&r=g","caption":"rtnews"},"url":"https:\/\/now-news.de\/de\/author\/rnews\/"}]}},"_links":{"self":[{"href":"https:\/\/now-news.de\/de\/wp-json\/wp\/v2\/posts\/6559"}],"collection":[{"href":"https:\/\/now-news.de\/de\/wp-json\/wp\/v2\/posts"}],"about":[{"href":"https:\/\/now-news.de\/de\/wp-json\/wp\/v2\/types\/post"}],"author":[{"embeddable":true,"href":"https:\/\/now-news.de\/de\/wp-json\/wp\/v2\/users\/3"}],"replies":[{"embeddable":true,"href":"https:\/\/now-news.de\/de\/wp-json\/wp\/v2\/comments?post=6559"}],"version-history":[{"count":0,"href":"https:\/\/now-news.de\/de\/wp-json\/wp\/v2\/posts\/6559\/revisions"}],"wp:featuredmedia":[{"embeddable":true,"href":"https:\/\/now-news.de\/de\/wp-json\/wp\/v2\/media\/6560"}],"wp:attachment":[{"href":"https:\/\/now-news.de\/de\/wp-json\/wp\/v2\/media?parent=6559"}],"wp:term":[{"taxonomy":"category","embeddable":true,"href":"https:\/\/now-news.de\/de\/wp-json\/wp\/v2\/categories?post=6559"},{"taxonomy":"post_tag","embeddable":true,"href":"https:\/\/now-news.de\/de\/wp-json\/wp\/v2\/tags?post=6559"}],"curies":[{"name":"wp","href":"https:\/\/api.w.org\/{rel}","templated":true}]}}