{"id":65538,"date":"2024-07-26T13:18:25","date_gmt":"2024-07-26T11:18:25","guid":{"rendered":"https:\/\/now-news.de\/de\/deutschland\/weitreichende-us-waffen-in-deutschland-lindner-sieht-muetzenich-als-gefahr-fuer-ampel\/"},"modified":"2024-07-26T13:18:25","modified_gmt":"2024-07-26T11:18:25","slug":"weitreichende-us-waffen-in-deutschland-lindner-sieht-muetzenich-als-gefahr-fuer-ampel","status":"publish","type":"post","link":"https:\/\/now-news.de\/de\/deutschland\/weitreichende-us-waffen-in-deutschland-lindner-sieht-muetzenich-als-gefahr-fuer-ampel\/","title":{"rendered":"Weitreichende US-Waffen in Deutschland: Lindner sieht M\u00fctzenich als Gefahr f\u00fcr Ampel"},"content":{"rendered":"<p><img decoding=\"async\" src=\"https:\/\/now-news.de\/de\/wp-content\/uploads\/sites\/3\/2024\/07\/66a37b8d48fbef6fed1acdb6.jpg\" \/><\/p>\n<div class=\"Text-root Text-type_1 \">\n                Im Streit \u00fcber Waffenlieferungen an Kiew sowie die Haushaltspolitik offenbaren sich erneut die Risse in der Ampelkoalition. Finanzminister Lindner ging nun den SPD-Fraktionschef hart an. Das Kontra kam prompt.\n            <\/div>\n<p><\/p>\n<div class=\"Text-root Text-type_5 ArticleView-text ViewText-root \">\n<p data-v-7267f3ca=\"\" data-v-755f0215=\"\">Bundesfinanzminister\u00a0Christian Lindner\u00a0(FDP) sieht in SPD-Fraktionschef Rolf M\u00fctzenich eine Gefahr f\u00fcr den Fortbestand der Ampelkoalition. &#8220;Meine gr\u00f6\u00dfte Sorge hinsichtlich der Stabilit\u00e4t der Bundesregierung bis zur Bundestagswahl ist inzwischen die SPD-Bundestagsfraktion&#8221;, sagte Lindner\u00a0gegen\u00fcber dem <em>Handelsblatt<\/em>.\u00a0<\/p>\n<blockquote>\n<p data-v-7267f3ca=\"\" data-v-755f0215=\"\"><em>&#8220;Der Vorsitzende der SPD-Fraktion hat innerhalb weniger Tage in der Sicherheits- und in der Haushaltspolitik sowie bei den gesch\u00e4rften Anforderungen an das B\u00fcrgergeld die Grundsatzentscheidungen der Bundesregierung infrage gestellt.&#8221;<\/em><\/p>\n<\/blockquote>\n<p data-v-7267f3ca=\"\" data-v-755f0215=\"\">Vor wenigen Tagen kritisierte vor allem M\u00fctzenich die geplante Stationierung weitreichender US-Waffen in Deutschland, die die Bundesregierung mit den USA ausgehandelt hat, und warnte vor dem Risiko einer milit\u00e4rischen Eskalation. Bundeskanzler\u00a0Olaf Scholz\u00a0(SPD) bezeichnete diese Bef\u00fcrchtungen daraufhin \u00f6ffentlich als unbegr\u00fcndet.<\/p>\n<p data-v-7267f3ca=\"\" data-v-755f0215=\"\">Die SPD-Bundestagsfraktion wies inzwischen die Kritik zur\u00fcck. &#8220;Es ist nicht Aufgabe des Parlaments, dem FDP-Finanzminister zu gefallen&#8221;, sagte Parlamentsgesch\u00e4ftsf\u00fchrerin Katja Mast. &#8220;Es ist Aufgabe des Parlaments, als Gesetzgeber die richtigen Weichen f\u00fcr Sicherheit im \u00c4u\u00dferen, Inneren und im Sozialen zu stellen auch beim Haushalt. Die gesamte SPD-Fraktion ist daf\u00fcr Garant.&#8221;<\/p>\n<p>Zu einer etwaigen Neuauflage des Ampel-B\u00fcndnisses nach der Bundestagswahl im Herbst 2025 wollte sich Lindner nicht \u00e4u\u00dfern. &#8220;Zu Koalitionsoptionen \u00e4u\u00dfern wir uns erst im kommenden Jahr. Jetzt steht noch Arbeit an&#8221;, sagte der FDP-Chef. Der Wahlkampf habe noch nicht begonnen.<\/p>\n<p data-v-7267f3ca=\"\" data-v-755f0215=\"\"><strong>Mehr zum Thema<\/strong> \u2013 <a rel=\"nofollow noopener\" target=\"_blank\" href=\"https:\/\/freedert.online\/inland\/213379-migrationspolitischer-holzweg-union-betrachtet-syrien\/\">&#8220;Migrationspolitischer Holzweg&#8221; \u2013 Union betrachtet Syrien-Urteil als &#8220;Ohrfeige&#8221; f\u00fcr Baerbock<\/a><\/p>\n<div class=\"EmbedBlock-root EmbedBlock-externalVideo EmbedBlock-vk\">\n<div class=\"VkEmbed\"><iframe class=\"lazyload\" data-src=\"https:\/\/vk.com\/video_ext.php?oid=-134310637&amp;id=456278577\" frameborder=\"0\" width=\"853\" height=\"480\" allowfullscreen><\/iframe><\/div>\n<\/div>\n<\/div>\n<p><br \/>\n<br \/><a href=\"https:\/\/de.rt.com\/inland\/213632-stationierung-weitreichender-us-waffen-in\/\">Source link <\/a><\/p>\n","protected":false},"excerpt":{"rendered":"<p>Im Streit \u00fcber Waffenlieferungen an Kiew sowie die Haushaltspolitik offenbaren sich erneut die Risse in der Ampelkoalition. Finanzminister Lindner ging nun den SPD-Fraktionschef hart an. Das Kontra kam prompt. Bundesfinanzminister\u00a0Christian Lindner\u00a0(FDP) sieht in SPD-Fraktionschef Rolf M\u00fctzenich eine Gefahr f\u00fcr den Fortbestand der Ampelkoalition. &#8220;Meine gr\u00f6\u00dfte Sorge hinsichtlich der Stabilit\u00e4t der Bundesregierung bis zur Bundestagswahl ist [&hellip;]<\/p>\n","protected":false},"author":3,"featured_media":65539,"comment_status":"open","ping_status":"open","sticky":false,"template":"","format":"standard","meta":{"_yoast_indexnow_last_ping":["1721993179"],"wp_automatic_camp":["217"],"e7bcd98d3d0d6ea245c1bc748f760260":["Weitreichende US-Waffen in Deutschland: Lindner sieht M\u00fctzenich als Gefahr f\u00fcr Ampel"],"original_link":["https:\/\/de.rt.com\/inland\/213632-stationierung-weitreichender-us-waffen-in\/"],"_thumbnail_id":["65539"],"_wptgpro_p2tg_sent2tg":["a:1:{i:23737;s:19:\"2024-07-26 13:27:42\";}"],"jnews_social_counter_last_update":["1777231215"]},"categories":[19,23],"tags":[273,20367,179,221,4448,20788,35388,6809,24189,24812],"yoast_head":"<!-- This site is optimized with the Yoast SEO Premium plugin v22.7 (Yoast SEO v22.7) - https:\/\/yoast.com\/wordpress\/plugins\/seo\/ -->\n<title>Weitreichende US-Waffen in Deutschland: Lindner sieht M\u00fctzenich als Gefahr f\u00fcr Ampel - just-now.NEWS Deutschland<\/title>\n<meta name=\"robots\" content=\"index, follow, max-snippet:-1, max-image-preview:large, max-video-preview:-1\" \/>\n<link rel=\"canonical\" href=\"https:\/\/now-news.de\/de\/deutschland\/weitreichende-us-waffen-in-deutschland-lindner-sieht-muetzenich-als-gefahr-fuer-ampel\/\" \/>\n<meta property=\"og:locale\" content=\"de_DE\" \/>\n<meta property=\"og:type\" content=\"article\" \/>\n<meta property=\"og:title\" content=\"Weitreichende US-Waffen in Deutschland: Lindner sieht M\u00fctzenich als Gefahr f\u00fcr Ampel\" \/>\n<meta property=\"og:description\" content=\"Im Streit \u00fcber Waffenlieferungen an Kiew sowie die Haushaltspolitik offenbaren sich erneut die Risse in der Ampelkoalition. Finanzminister Lindner ging nun den SPD-Fraktionschef hart an. Das Kontra kam prompt. Bundesfinanzminister\u00a0Christian Lindner\u00a0(FDP) sieht in SPD-Fraktionschef Rolf M\u00fctzenich eine Gefahr f\u00fcr den Fortbestand der Ampelkoalition. &#8220;Meine gr\u00f6\u00dfte Sorge hinsichtlich der Stabilit\u00e4t der Bundesregierung bis zur Bundestagswahl ist [&hellip;]\" \/>\n<meta property=\"og:url\" content=\"https:\/\/now-news.de\/de\/deutschland\/weitreichende-us-waffen-in-deutschland-lindner-sieht-muetzenich-als-gefahr-fuer-ampel\/\" \/>\n<meta property=\"og:site_name\" content=\"just-now.NEWS Deutschland\" \/>\n<meta property=\"article:publisher\" content=\"https:\/\/www.facebook.com\/wirmachenauf\" \/>\n<meta property=\"article:published_time\" content=\"2024-07-26T11:18:25+00:00\" \/>\n<meta property=\"og:image\" content=\"https:\/\/now-news.de\/de\/wp-content\/uploads\/sites\/3\/2024\/07\/66a37b8d48fbef6fed1acdb6.jpg\" \/>\n<meta name=\"author\" content=\"rtnews\" \/>\n<meta name=\"twitter:card\" content=\"summary_large_image\" \/>\n<meta name=\"twitter:creator\" content=\"@WirMachenAuf_de\" \/>\n<meta name=\"twitter:site\" content=\"@WirMachenAuf_de\" \/>\n<meta name=\"twitter:label1\" content=\"Verfasst von\" \/>\n\t<meta name=\"twitter:data1\" content=\"rtnews\" \/>\n\t<meta name=\"twitter:label2\" content=\"Gesch\u00e4tzte Lesezeit\" \/>\n\t<meta name=\"twitter:data2\" content=\"1\u00a0Minute\" \/>\n<script type=\"application\/ld+json\" class=\"yoast-schema-graph\">{\"@context\":\"https:\/\/schema.org\",\"@graph\":[{\"@type\":\"Article\",\"@id\":\"https:\/\/now-news.de\/de\/deutschland\/weitreichende-us-waffen-in-deutschland-lindner-sieht-muetzenich-als-gefahr-fuer-ampel\/#article\",\"isPartOf\":{\"@id\":\"https:\/\/now-news.de\/de\/deutschland\/weitreichende-us-waffen-in-deutschland-lindner-sieht-muetzenich-als-gefahr-fuer-ampel\/\"},\"author\":{\"name\":\"rtnews\",\"@id\":\"https:\/\/now-news.de\/de\/#\/schema\/person\/fb534a4e865501d8b3285208df34a9b5\"},\"headline\":\"Weitreichende US-Waffen in Deutschland: Lindner sieht M\u00fctzenich als Gefahr f\u00fcr Ampel\",\"datePublished\":\"2024-07-26T11:18:25+00:00\",\"dateModified\":\"2024-07-26T11:18:25+00:00\",\"mainEntityOfPage\":{\"@id\":\"https:\/\/now-news.de\/de\/deutschland\/weitreichende-us-waffen-in-deutschland-lindner-sieht-muetzenich-als-gefahr-fuer-ampel\/\"},\"wordCount\":273,\"commentCount\":0,\"publisher\":{\"@id\":\"https:\/\/now-news.de\/de\/#organization\"},\"image\":{\"@id\":\"https:\/\/now-news.de\/de\/deutschland\/weitreichende-us-waffen-in-deutschland-lindner-sieht-muetzenich-als-gefahr-fuer-ampel\/#primaryimage\"},\"thumbnailUrl\":\"https:\/\/now-news.de\/de\/wp-content\/uploads\/sites\/3\/2024\/07\/Weitreichende-US-Waffen-in-Deutschland-Lindner-sieht-Muetzenich-als-Gefahr-fuer.jpg\",\"keywords\":[\"als\",\"Ampel\",\"Deutschland\",\"f\u00fcr\",\"Gefahr\",\"Lindner\",\"M\u00fctzenich\",\"sieht\",\"USWaffen\",\"weitreichende\"],\"articleSection\":[\"Deutschland\",\"Russland\"],\"inLanguage\":\"de\",\"potentialAction\":[{\"@type\":\"CommentAction\",\"name\":\"Comment\",\"target\":[\"https:\/\/now-news.de\/de\/deutschland\/weitreichende-us-waffen-in-deutschland-lindner-sieht-muetzenich-als-gefahr-fuer-ampel\/#respond\"]}]},{\"@type\":\"WebPage\",\"@id\":\"https:\/\/now-news.de\/de\/deutschland\/weitreichende-us-waffen-in-deutschland-lindner-sieht-muetzenich-als-gefahr-fuer-ampel\/\",\"url\":\"https:\/\/now-news.de\/de\/deutschland\/weitreichende-us-waffen-in-deutschland-lindner-sieht-muetzenich-als-gefahr-fuer-ampel\/\",\"name\":\"Weitreichende US-Waffen in Deutschland: Lindner sieht M\u00fctzenich als Gefahr f\u00fcr Ampel - just-now.NEWS Deutschland\",\"isPartOf\":{\"@id\":\"https:\/\/now-news.de\/de\/#website\"},\"primaryImageOfPage\":{\"@id\":\"https:\/\/now-news.de\/de\/deutschland\/weitreichende-us-waffen-in-deutschland-lindner-sieht-muetzenich-als-gefahr-fuer-ampel\/#primaryimage\"},\"image\":{\"@id\":\"https:\/\/now-news.de\/de\/deutschland\/weitreichende-us-waffen-in-deutschland-lindner-sieht-muetzenich-als-gefahr-fuer-ampel\/#primaryimage\"},\"thumbnailUrl\":\"https:\/\/now-news.de\/de\/wp-content\/uploads\/sites\/3\/2024\/07\/Weitreichende-US-Waffen-in-Deutschland-Lindner-sieht-Muetzenich-als-Gefahr-fuer.jpg\",\"datePublished\":\"2024-07-26T11:18:25+00:00\",\"dateModified\":\"2024-07-26T11:18:25+00:00\",\"breadcrumb\":{\"@id\":\"https:\/\/now-news.de\/de\/deutschland\/weitreichende-us-waffen-in-deutschland-lindner-sieht-muetzenich-als-gefahr-fuer-ampel\/#breadcrumb\"},\"inLanguage\":\"de\",\"potentialAction\":[{\"@type\":\"ReadAction\",\"target\":[\"https:\/\/now-news.de\/de\/deutschland\/weitreichende-us-waffen-in-deutschland-lindner-sieht-muetzenich-als-gefahr-fuer-ampel\/\"]}]},{\"@type\":\"ImageObject\",\"inLanguage\":\"de\",\"@id\":\"https:\/\/now-news.de\/de\/deutschland\/weitreichende-us-waffen-in-deutschland-lindner-sieht-muetzenich-als-gefahr-fuer-ampel\/#primaryimage\",\"url\":\"https:\/\/now-news.de\/de\/wp-content\/uploads\/sites\/3\/2024\/07\/Weitreichende-US-Waffen-in-Deutschland-Lindner-sieht-Muetzenich-als-Gefahr-fuer.jpg\",\"contentUrl\":\"https:\/\/now-news.de\/de\/wp-content\/uploads\/sites\/3\/2024\/07\/Weitreichende-US-Waffen-in-Deutschland-Lindner-sieht-Muetzenich-als-Gefahr-fuer.jpg\",\"width\":460,\"height\":259,\"caption\":\"Weitreichende US-Waffen in Deutschland: Lindner sieht M\u00fctzenich als Gefahr f\u00fcr Ampel\"},{\"@type\":\"BreadcrumbList\",\"@id\":\"https:\/\/now-news.de\/de\/deutschland\/weitreichende-us-waffen-in-deutschland-lindner-sieht-muetzenich-als-gefahr-fuer-ampel\/#breadcrumb\",\"itemListElement\":[{\"@type\":\"ListItem\",\"position\":1,\"name\":\"Home\",\"item\":\"https:\/\/now-news.de\/de\/\"},{\"@type\":\"ListItem\",\"position\":2,\"name\":\"Weitreichende US-Waffen in Deutschland: Lindner sieht M\u00fctzenich als Gefahr f\u00fcr Ampel\"}]},{\"@type\":\"WebSite\",\"@id\":\"https:\/\/now-news.de\/de\/#website\",\"url\":\"https:\/\/now-news.de\/de\/\",\"name\":\"just-now.NEWS Deutschland\",\"description\":\"Das Portal f\u00fcr unzensierte Nachrichten aus der Welt\",\"publisher\":{\"@id\":\"https:\/\/now-news.de\/de\/#organization\"},\"potentialAction\":[{\"@type\":\"SearchAction\",\"target\":{\"@type\":\"EntryPoint\",\"urlTemplate\":\"https:\/\/now-news.de\/de\/?s={search_term_string}\"},\"query-input\":\"required name=search_term_string\"}],\"inLanguage\":\"de\"},{\"@type\":\"Organization\",\"@id\":\"https:\/\/now-news.de\/de\/#organization\",\"name\":\"Just Now News\",\"url\":\"https:\/\/now-news.de\/de\/\",\"logo\":{\"@type\":\"ImageObject\",\"inLanguage\":\"de\",\"@id\":\"https:\/\/now-news.de\/de\/#\/schema\/logo\/image\/\",\"url\":\"http:\/\/just-now.news\/de\/wp-content\/uploads\/sites\/3\/2022\/04\/logo500x500.jpg\",\"contentUrl\":\"http:\/\/just-now.news\/de\/wp-content\/uploads\/sites\/3\/2022\/04\/logo500x500.jpg\",\"width\":500,\"height\":500,\"caption\":\"Just Now News\"},\"image\":{\"@id\":\"https:\/\/now-news.de\/de\/#\/schema\/logo\/image\/\"},\"sameAs\":[\"https:\/\/www.facebook.com\/wirmachenauf\",\"https:\/\/x.com\/WirMachenAuf_de\"]},{\"@type\":\"Person\",\"@id\":\"https:\/\/now-news.de\/de\/#\/schema\/person\/fb534a4e865501d8b3285208df34a9b5\",\"name\":\"rtnews\",\"image\":{\"@type\":\"ImageObject\",\"inLanguage\":\"de\",\"@id\":\"https:\/\/now-news.de\/de\/#\/schema\/person\/image\/\",\"url\":\"https:\/\/secure.gravatar.com\/avatar\/82aafea7d8127119dd649515f56e2117?s=96&d=mm&r=g\",\"contentUrl\":\"https:\/\/secure.gravatar.com\/avatar\/82aafea7d8127119dd649515f56e2117?s=96&d=mm&r=g\",\"caption\":\"rtnews\"},\"url\":\"https:\/\/now-news.de\/de\/author\/rnews\/\"}]}<\/script>\n<!-- \/ Yoast SEO Premium plugin. -->","yoast_head_json":{"title":"Weitreichende US-Waffen in Deutschland: Lindner sieht M\u00fctzenich als Gefahr f\u00fcr Ampel - just-now.NEWS Deutschland","robots":{"index":"index","follow":"follow","max-snippet":"max-snippet:-1","max-image-preview":"max-image-preview:large","max-video-preview":"max-video-preview:-1"},"canonical":"https:\/\/now-news.de\/de\/deutschland\/weitreichende-us-waffen-in-deutschland-lindner-sieht-muetzenich-als-gefahr-fuer-ampel\/","og_locale":"de_DE","og_type":"article","og_title":"Weitreichende US-Waffen in Deutschland: Lindner sieht M\u00fctzenich als Gefahr f\u00fcr Ampel","og_description":"Im Streit \u00fcber Waffenlieferungen an Kiew sowie die Haushaltspolitik offenbaren sich erneut die Risse in der Ampelkoalition. Finanzminister Lindner ging nun den SPD-Fraktionschef hart an. Das Kontra kam prompt. Bundesfinanzminister\u00a0Christian Lindner\u00a0(FDP) sieht in SPD-Fraktionschef Rolf M\u00fctzenich eine Gefahr f\u00fcr den Fortbestand der Ampelkoalition. &#8220;Meine gr\u00f6\u00dfte Sorge hinsichtlich der Stabilit\u00e4t der Bundesregierung bis zur Bundestagswahl ist [&hellip;]","og_url":"https:\/\/now-news.de\/de\/deutschland\/weitreichende-us-waffen-in-deutschland-lindner-sieht-muetzenich-als-gefahr-fuer-ampel\/","og_site_name":"just-now.NEWS Deutschland","article_publisher":"https:\/\/www.facebook.com\/wirmachenauf","article_published_time":"2024-07-26T11:18:25+00:00","og_image":[{"url":"https:\/\/now-news.de\/de\/wp-content\/uploads\/sites\/3\/2024\/07\/66a37b8d48fbef6fed1acdb6.jpg"}],"author":"rtnews","twitter_card":"summary_large_image","twitter_creator":"@WirMachenAuf_de","twitter_site":"@WirMachenAuf_de","twitter_misc":{"Verfasst von":"rtnews","Gesch\u00e4tzte Lesezeit":"1\u00a0Minute"},"schema":{"@context":"https:\/\/schema.org","@graph":[{"@type":"Article","@id":"https:\/\/now-news.de\/de\/deutschland\/weitreichende-us-waffen-in-deutschland-lindner-sieht-muetzenich-als-gefahr-fuer-ampel\/#article","isPartOf":{"@id":"https:\/\/now-news.de\/de\/deutschland\/weitreichende-us-waffen-in-deutschland-lindner-sieht-muetzenich-als-gefahr-fuer-ampel\/"},"author":{"name":"rtnews","@id":"https:\/\/now-news.de\/de\/#\/schema\/person\/fb534a4e865501d8b3285208df34a9b5"},"headline":"Weitreichende US-Waffen in Deutschland: Lindner sieht M\u00fctzenich als Gefahr f\u00fcr Ampel","datePublished":"2024-07-26T11:18:25+00:00","dateModified":"2024-07-26T11:18:25+00:00","mainEntityOfPage":{"@id":"https:\/\/now-news.de\/de\/deutschland\/weitreichende-us-waffen-in-deutschland-lindner-sieht-muetzenich-als-gefahr-fuer-ampel\/"},"wordCount":273,"commentCount":0,"publisher":{"@id":"https:\/\/now-news.de\/de\/#organization"},"image":{"@id":"https:\/\/now-news.de\/de\/deutschland\/weitreichende-us-waffen-in-deutschland-lindner-sieht-muetzenich-als-gefahr-fuer-ampel\/#primaryimage"},"thumbnailUrl":"https:\/\/now-news.de\/de\/wp-content\/uploads\/sites\/3\/2024\/07\/Weitreichende-US-Waffen-in-Deutschland-Lindner-sieht-Muetzenich-als-Gefahr-fuer.jpg","keywords":["als","Ampel","Deutschland","f\u00fcr","Gefahr","Lindner","M\u00fctzenich","sieht","USWaffen","weitreichende"],"articleSection":["Deutschland","Russland"],"inLanguage":"de","potentialAction":[{"@type":"CommentAction","name":"Comment","target":["https:\/\/now-news.de\/de\/deutschland\/weitreichende-us-waffen-in-deutschland-lindner-sieht-muetzenich-als-gefahr-fuer-ampel\/#respond"]}]},{"@type":"WebPage","@id":"https:\/\/now-news.de\/de\/deutschland\/weitreichende-us-waffen-in-deutschland-lindner-sieht-muetzenich-als-gefahr-fuer-ampel\/","url":"https:\/\/now-news.de\/de\/deutschland\/weitreichende-us-waffen-in-deutschland-lindner-sieht-muetzenich-als-gefahr-fuer-ampel\/","name":"Weitreichende US-Waffen in Deutschland: Lindner sieht M\u00fctzenich als Gefahr f\u00fcr Ampel - just-now.NEWS Deutschland","isPartOf":{"@id":"https:\/\/now-news.de\/de\/#website"},"primaryImageOfPage":{"@id":"https:\/\/now-news.de\/de\/deutschland\/weitreichende-us-waffen-in-deutschland-lindner-sieht-muetzenich-als-gefahr-fuer-ampel\/#primaryimage"},"image":{"@id":"https:\/\/now-news.de\/de\/deutschland\/weitreichende-us-waffen-in-deutschland-lindner-sieht-muetzenich-als-gefahr-fuer-ampel\/#primaryimage"},"thumbnailUrl":"https:\/\/now-news.de\/de\/wp-content\/uploads\/sites\/3\/2024\/07\/Weitreichende-US-Waffen-in-Deutschland-Lindner-sieht-Muetzenich-als-Gefahr-fuer.jpg","datePublished":"2024-07-26T11:18:25+00:00","dateModified":"2024-07-26T11:18:25+00:00","breadcrumb":{"@id":"https:\/\/now-news.de\/de\/deutschland\/weitreichende-us-waffen-in-deutschland-lindner-sieht-muetzenich-als-gefahr-fuer-ampel\/#breadcrumb"},"inLanguage":"de","potentialAction":[{"@type":"ReadAction","target":["https:\/\/now-news.de\/de\/deutschland\/weitreichende-us-waffen-in-deutschland-lindner-sieht-muetzenich-als-gefahr-fuer-ampel\/"]}]},{"@type":"ImageObject","inLanguage":"de","@id":"https:\/\/now-news.de\/de\/deutschland\/weitreichende-us-waffen-in-deutschland-lindner-sieht-muetzenich-als-gefahr-fuer-ampel\/#primaryimage","url":"https:\/\/now-news.de\/de\/wp-content\/uploads\/sites\/3\/2024\/07\/Weitreichende-US-Waffen-in-Deutschland-Lindner-sieht-Muetzenich-als-Gefahr-fuer.jpg","contentUrl":"https:\/\/now-news.de\/de\/wp-content\/uploads\/sites\/3\/2024\/07\/Weitreichende-US-Waffen-in-Deutschland-Lindner-sieht-Muetzenich-als-Gefahr-fuer.jpg","width":460,"height":259,"caption":"Weitreichende US-Waffen in Deutschland: Lindner sieht M\u00fctzenich als Gefahr f\u00fcr Ampel"},{"@type":"BreadcrumbList","@id":"https:\/\/now-news.de\/de\/deutschland\/weitreichende-us-waffen-in-deutschland-lindner-sieht-muetzenich-als-gefahr-fuer-ampel\/#breadcrumb","itemListElement":[{"@type":"ListItem","position":1,"name":"Home","item":"https:\/\/now-news.de\/de\/"},{"@type":"ListItem","position":2,"name":"Weitreichende US-Waffen in Deutschland: Lindner sieht M\u00fctzenich als Gefahr f\u00fcr Ampel"}]},{"@type":"WebSite","@id":"https:\/\/now-news.de\/de\/#website","url":"https:\/\/now-news.de\/de\/","name":"just-now.NEWS Deutschland","description":"Das Portal f\u00fcr unzensierte Nachrichten aus der Welt","publisher":{"@id":"https:\/\/now-news.de\/de\/#organization"},"potentialAction":[{"@type":"SearchAction","target":{"@type":"EntryPoint","urlTemplate":"https:\/\/now-news.de\/de\/?s={search_term_string}"},"query-input":"required name=search_term_string"}],"inLanguage":"de"},{"@type":"Organization","@id":"https:\/\/now-news.de\/de\/#organization","name":"Just Now News","url":"https:\/\/now-news.de\/de\/","logo":{"@type":"ImageObject","inLanguage":"de","@id":"https:\/\/now-news.de\/de\/#\/schema\/logo\/image\/","url":"http:\/\/just-now.news\/de\/wp-content\/uploads\/sites\/3\/2022\/04\/logo500x500.jpg","contentUrl":"http:\/\/just-now.news\/de\/wp-content\/uploads\/sites\/3\/2022\/04\/logo500x500.jpg","width":500,"height":500,"caption":"Just Now News"},"image":{"@id":"https:\/\/now-news.de\/de\/#\/schema\/logo\/image\/"},"sameAs":["https:\/\/www.facebook.com\/wirmachenauf","https:\/\/x.com\/WirMachenAuf_de"]},{"@type":"Person","@id":"https:\/\/now-news.de\/de\/#\/schema\/person\/fb534a4e865501d8b3285208df34a9b5","name":"rtnews","image":{"@type":"ImageObject","inLanguage":"de","@id":"https:\/\/now-news.de\/de\/#\/schema\/person\/image\/","url":"https:\/\/secure.gravatar.com\/avatar\/82aafea7d8127119dd649515f56e2117?s=96&d=mm&r=g","contentUrl":"https:\/\/secure.gravatar.com\/avatar\/82aafea7d8127119dd649515f56e2117?s=96&d=mm&r=g","caption":"rtnews"},"url":"https:\/\/now-news.de\/de\/author\/rnews\/"}]}},"_links":{"self":[{"href":"https:\/\/now-news.de\/de\/wp-json\/wp\/v2\/posts\/65538"}],"collection":[{"href":"https:\/\/now-news.de\/de\/wp-json\/wp\/v2\/posts"}],"about":[{"href":"https:\/\/now-news.de\/de\/wp-json\/wp\/v2\/types\/post"}],"author":[{"embeddable":true,"href":"https:\/\/now-news.de\/de\/wp-json\/wp\/v2\/users\/3"}],"replies":[{"embeddable":true,"href":"https:\/\/now-news.de\/de\/wp-json\/wp\/v2\/comments?post=65538"}],"version-history":[{"count":0,"href":"https:\/\/now-news.de\/de\/wp-json\/wp\/v2\/posts\/65538\/revisions"}],"wp:featuredmedia":[{"embeddable":true,"href":"https:\/\/now-news.de\/de\/wp-json\/wp\/v2\/media\/65539"}],"wp:attachment":[{"href":"https:\/\/now-news.de\/de\/wp-json\/wp\/v2\/media?parent=65538"}],"wp:term":[{"taxonomy":"category","embeddable":true,"href":"https:\/\/now-news.de\/de\/wp-json\/wp\/v2\/categories?post=65538"},{"taxonomy":"post_tag","embeddable":true,"href":"https:\/\/now-news.de\/de\/wp-json\/wp\/v2\/tags?post=65538"}],"curies":[{"name":"wp","href":"https:\/\/api.w.org\/{rel}","templated":true}]}}