{"id":65536,"date":"2024-07-26T12:49:39","date_gmt":"2024-07-26T10:49:39","guid":{"rendered":"https:\/\/now-news.de\/de\/deutschland\/autobombe-in-moskau-verdaechtiger-aus-der-tuerkei-nach-russland-ueberstellt\/"},"modified":"2024-07-26T12:49:39","modified_gmt":"2024-07-26T10:49:39","slug":"autobombe-in-moskau-verdaechtiger-aus-der-tuerkei-nach-russland-ueberstellt","status":"publish","type":"post","link":"https:\/\/now-news.de\/de\/deutschland\/autobombe-in-moskau-verdaechtiger-aus-der-tuerkei-nach-russland-ueberstellt\/","title":{"rendered":"Autobombe in Moskau: Verd\u00e4chtiger aus der T\u00fcrkei nach Russland \u00fcberstellt"},"content":{"rendered":"<p><img decoding=\"async\" src=\"https:\/\/now-news.de\/de\/wp-content\/uploads\/sites\/3\/2024\/07\/66a36e4c48fbef703e3a0b1c.jpg\" \/><\/p>\n<div class=\"Text-root Text-type_1 \">\n                Ein Verd\u00e4chtiger, der in Moskau ein Auto in die Luft gesprengt haben soll, ist in Bodrum festgenommen und in der Nacht auf Freitag nach Moskau \u00fcberstellt worden. Bei der Explosion waren zwei Menschen verletzt worden.\n            <\/div>\n<p><\/p>\n<div class=\"Text-root Text-type_5 ArticleView-text ViewText-root \">\n<p>Wie der Pressedienst des russischen Innenministeriums in der Nacht auf Freitag mitteilte, wurde Jewgeni Serebrjakow, der verd\u00e4chtigt wird, einen Bombenanschlag auf ein Auto im Norden Moskaus ver\u00fcbt zu haben, von der T\u00fcrkei nach Moskau \u00fcberstellt. Der Mann sei &#8220;als Ergebnis einer koordinierten Arbeit der Strafverfolgungsbeh\u00f6rden beider L\u00e4nder \u00fcber Interpol-Kan\u00e4le&#8221; in Bodrum festgenommen und dem Ermittlungskomitee in Russland \u00fcbergeben worden.<\/p>\n<p>Die Nachrichtenagentur <em>RIA Nowosti<\/em> ver\u00f6ffentlichte ein Video, in dem Serebrjakow, Jahrgang 1995, sich vorstellt und erkl\u00e4rt, er habe sich im Februar 2023 an den Administrator eines Internetkanals &#8220;zwecks Zusammenarbeit mit dem ukrainischen Geheimdienst&#8221; gewandt. Er habe mit einem gewissen Ilja, vermutlich einem Mitarbeiter des ukrainischen Inlandsgeheimdienstes, Kontakt aufgenommen und sich einmal mit ihm in Istanbul getroffen. Vor dem Attentat habe Serebrjakow in der N\u00e4he von Moskau die Bauteile f\u00fcr einen Sprengsatz abgeholt und den Auftrag erhalten, &#8220;den Offizier zu liquidieren&#8221;. Nachdem Serebrjakow den Sprengsatz zusammengebaut hatte, legte er ihn unter ein Auto. Er behauptet, ihm sei die ukrainische Staatsb\u00fcrgerschaft und eine Belohnung zwischen 9.000 und 19.000 Euro versprochen worden.<\/p>\n<p>Am Mittwochmorgen ist auf einem Parkplatz in Moskau\u00a0ein Toyota Land Cruiser explodiert. Ein Beamter des Verteidigungsministeriums wurde verletzt. Die Bombe, die sich unter dem Fahrersitz des Gel\u00e4ndewagens befand, riss ihm beide F\u00fc\u00dfe ab. Seine Frau wurde ebenfalls verwundet.<\/p>\n<p>Noch am selben Tag wurde der Tatverd\u00e4chtige in der t\u00fcrkischen Stadt Bodrum festgenommen.\u00a0Im Zusammenhang mit dem Anschlag wurde ein Verfahren wegen versuchten Mordes und illegalen Erwerbs von Sprengstoff eingeleitet. Ermittlungen deuten darauf hin, dass Serebrjakow m\u00f6glicherweise im Auftrag des ukrainischen Geheimdienstes gehandelt hat. Nach Angaben der Nachrichtenagentur <em>TASS<\/em> gehen die Strafverfolgungsbeh\u00f6rden davon aus, dass\u00a0er\u00a0Komplizen hatte und nach Griechenland fliehen wollte.<\/p>\n<\/p>\n<p><strong>Mehr zum Thema<\/strong> &#8211; <a rel=\"nofollow noopener\" target=\"_blank\" href=\"https:\/\/freedert.online\/russland\/213370-moskau-autobombe-explodiert-moskau-zwei\/\">Bombenanschlag auf Auto in Moskau \u2013 Mutma\u00dflicher Geheimdienstoffizier war das Ziel<\/a><\/p>\n<\/p>\n<\/div>\n<p><br \/>\n<br \/><a href=\"https:\/\/de.rt.com\/international\/213627-autobombe-in-moskau-verdaechtiger-aus\/\">Source link <\/a><\/p>\n","protected":false},"excerpt":{"rendered":"<p>Ein Verd\u00e4chtiger, der in Moskau ein Auto in die Luft gesprengt haben soll, ist in Bodrum festgenommen und in der Nacht auf Freitag nach Moskau \u00fcberstellt worden. Bei der Explosion waren zwei Menschen verletzt worden. Wie der Pressedienst des russischen Innenministeriums in der Nacht auf Freitag mitteilte, wurde Jewgeni Serebrjakow, der verd\u00e4chtigt wird, einen Bombenanschlag [&hellip;]<\/p>\n","protected":false},"author":3,"featured_media":65537,"comment_status":"open","ping_status":"open","sticky":false,"template":"","format":"standard","meta":{"_yoast_indexnow_last_ping":["1721991265"],"wp_automatic_camp":["217"],"24bb8efdb9b72945f49b990997639300":["Autobombe in Moskau: Verd\u00e4chtiger aus der T\u00fcrkei nach Russland \u00fcberstellt"],"original_link":["https:\/\/de.rt.com\/international\/213627-autobombe-in-moskau-verdaechtiger-aus\/"],"_thumbnail_id":["65537"],"_wptgpro_p2tg_sent2tg":["a:1:{i:23737;s:19:\"2024-07-26 12:55:45\";}"],"jnews_social_counter_last_update":["1777569157"]},"categories":[19,23],"tags":[679,57020,82,946,979,126,1897,57021,6654],"yoast_head":"<!-- This site is optimized with the Yoast SEO Premium plugin v22.7 (Yoast SEO v22.7) - https:\/\/yoast.com\/wordpress\/plugins\/seo\/ -->\n<title>Autobombe in Moskau: Verd\u00e4chtiger aus der T\u00fcrkei nach Russland \u00fcberstellt - just-now.NEWS Deutschland<\/title>\n<meta name=\"robots\" content=\"index, follow, max-snippet:-1, max-image-preview:large, max-video-preview:-1\" \/>\n<link rel=\"canonical\" href=\"https:\/\/now-news.de\/de\/deutschland\/autobombe-in-moskau-verdaechtiger-aus-der-tuerkei-nach-russland-ueberstellt\/\" \/>\n<meta property=\"og:locale\" content=\"de_DE\" \/>\n<meta property=\"og:type\" content=\"article\" \/>\n<meta property=\"og:title\" content=\"Autobombe in Moskau: Verd\u00e4chtiger aus der T\u00fcrkei nach Russland \u00fcberstellt\" \/>\n<meta property=\"og:description\" content=\"Ein Verd\u00e4chtiger, der in Moskau ein Auto in die Luft gesprengt haben soll, ist in Bodrum festgenommen und in der Nacht auf Freitag nach Moskau \u00fcberstellt worden. Bei der Explosion waren zwei Menschen verletzt worden. Wie der Pressedienst des russischen Innenministeriums in der Nacht auf Freitag mitteilte, wurde Jewgeni Serebrjakow, der verd\u00e4chtigt wird, einen Bombenanschlag [&hellip;]\" \/>\n<meta property=\"og:url\" content=\"https:\/\/now-news.de\/de\/deutschland\/autobombe-in-moskau-verdaechtiger-aus-der-tuerkei-nach-russland-ueberstellt\/\" \/>\n<meta property=\"og:site_name\" content=\"just-now.NEWS Deutschland\" \/>\n<meta property=\"article:publisher\" content=\"https:\/\/www.facebook.com\/wirmachenauf\" \/>\n<meta property=\"article:published_time\" content=\"2024-07-26T10:49:39+00:00\" \/>\n<meta property=\"og:image\" content=\"https:\/\/now-news.de\/de\/wp-content\/uploads\/sites\/3\/2024\/07\/66a36e4c48fbef703e3a0b1c.jpg\" \/>\n<meta name=\"author\" content=\"rtnews\" \/>\n<meta name=\"twitter:card\" content=\"summary_large_image\" \/>\n<meta name=\"twitter:creator\" content=\"@WirMachenAuf_de\" \/>\n<meta name=\"twitter:site\" content=\"@WirMachenAuf_de\" \/>\n<meta name=\"twitter:label1\" content=\"Verfasst von\" \/>\n\t<meta name=\"twitter:data1\" content=\"rtnews\" \/>\n\t<meta name=\"twitter:label2\" content=\"Gesch\u00e4tzte Lesezeit\" \/>\n\t<meta name=\"twitter:data2\" content=\"2\u00a0Minuten\" \/>\n<script type=\"application\/ld+json\" class=\"yoast-schema-graph\">{\"@context\":\"https:\/\/schema.org\",\"@graph\":[{\"@type\":\"Article\",\"@id\":\"https:\/\/now-news.de\/de\/deutschland\/autobombe-in-moskau-verdaechtiger-aus-der-tuerkei-nach-russland-ueberstellt\/#article\",\"isPartOf\":{\"@id\":\"https:\/\/now-news.de\/de\/deutschland\/autobombe-in-moskau-verdaechtiger-aus-der-tuerkei-nach-russland-ueberstellt\/\"},\"author\":{\"name\":\"rtnews\",\"@id\":\"https:\/\/now-news.de\/de\/#\/schema\/person\/fb534a4e865501d8b3285208df34a9b5\"},\"headline\":\"Autobombe in Moskau: Verd\u00e4chtiger aus der T\u00fcrkei nach Russland \u00fcberstellt\",\"datePublished\":\"2024-07-26T10:49:39+00:00\",\"dateModified\":\"2024-07-26T10:49:39+00:00\",\"mainEntityOfPage\":{\"@id\":\"https:\/\/now-news.de\/de\/deutschland\/autobombe-in-moskau-verdaechtiger-aus-der-tuerkei-nach-russland-ueberstellt\/\"},\"wordCount\":349,\"commentCount\":0,\"publisher\":{\"@id\":\"https:\/\/now-news.de\/de\/#organization\"},\"image\":{\"@id\":\"https:\/\/now-news.de\/de\/deutschland\/autobombe-in-moskau-verdaechtiger-aus-der-tuerkei-nach-russland-ueberstellt\/#primaryimage\"},\"thumbnailUrl\":\"https:\/\/now-news.de\/de\/wp-content\/uploads\/sites\/3\/2024\/07\/Autobombe-in-Moskau-Verdaechtiger-aus-der-Tuerkei-nach-Russland-ueberstellt.jpg\",\"keywords\":[\"aus\",\"Autobombe\",\"der\",\"Moskau\",\"nach\",\"russland\",\"T\u00fcrkei\",\"\u00fcberstellt\",\"Verd\u00e4chtiger\"],\"articleSection\":[\"Deutschland\",\"Russland\"],\"inLanguage\":\"de\",\"potentialAction\":[{\"@type\":\"CommentAction\",\"name\":\"Comment\",\"target\":[\"https:\/\/now-news.de\/de\/deutschland\/autobombe-in-moskau-verdaechtiger-aus-der-tuerkei-nach-russland-ueberstellt\/#respond\"]}]},{\"@type\":\"WebPage\",\"@id\":\"https:\/\/now-news.de\/de\/deutschland\/autobombe-in-moskau-verdaechtiger-aus-der-tuerkei-nach-russland-ueberstellt\/\",\"url\":\"https:\/\/now-news.de\/de\/deutschland\/autobombe-in-moskau-verdaechtiger-aus-der-tuerkei-nach-russland-ueberstellt\/\",\"name\":\"Autobombe in Moskau: Verd\u00e4chtiger aus der T\u00fcrkei nach Russland \u00fcberstellt - just-now.NEWS Deutschland\",\"isPartOf\":{\"@id\":\"https:\/\/now-news.de\/de\/#website\"},\"primaryImageOfPage\":{\"@id\":\"https:\/\/now-news.de\/de\/deutschland\/autobombe-in-moskau-verdaechtiger-aus-der-tuerkei-nach-russland-ueberstellt\/#primaryimage\"},\"image\":{\"@id\":\"https:\/\/now-news.de\/de\/deutschland\/autobombe-in-moskau-verdaechtiger-aus-der-tuerkei-nach-russland-ueberstellt\/#primaryimage\"},\"thumbnailUrl\":\"https:\/\/now-news.de\/de\/wp-content\/uploads\/sites\/3\/2024\/07\/Autobombe-in-Moskau-Verdaechtiger-aus-der-Tuerkei-nach-Russland-ueberstellt.jpg\",\"datePublished\":\"2024-07-26T10:49:39+00:00\",\"dateModified\":\"2024-07-26T10:49:39+00:00\",\"breadcrumb\":{\"@id\":\"https:\/\/now-news.de\/de\/deutschland\/autobombe-in-moskau-verdaechtiger-aus-der-tuerkei-nach-russland-ueberstellt\/#breadcrumb\"},\"inLanguage\":\"de\",\"potentialAction\":[{\"@type\":\"ReadAction\",\"target\":[\"https:\/\/now-news.de\/de\/deutschland\/autobombe-in-moskau-verdaechtiger-aus-der-tuerkei-nach-russland-ueberstellt\/\"]}]},{\"@type\":\"ImageObject\",\"inLanguage\":\"de\",\"@id\":\"https:\/\/now-news.de\/de\/deutschland\/autobombe-in-moskau-verdaechtiger-aus-der-tuerkei-nach-russland-ueberstellt\/#primaryimage\",\"url\":\"https:\/\/now-news.de\/de\/wp-content\/uploads\/sites\/3\/2024\/07\/Autobombe-in-Moskau-Verdaechtiger-aus-der-Tuerkei-nach-Russland-ueberstellt.jpg\",\"contentUrl\":\"https:\/\/now-news.de\/de\/wp-content\/uploads\/sites\/3\/2024\/07\/Autobombe-in-Moskau-Verdaechtiger-aus-der-Tuerkei-nach-Russland-ueberstellt.jpg\",\"width\":460,\"height\":259,\"caption\":\"Autobombe in Moskau: Verd\u00e4chtiger aus der T\u00fcrkei nach Russland \u00fcberstellt\"},{\"@type\":\"BreadcrumbList\",\"@id\":\"https:\/\/now-news.de\/de\/deutschland\/autobombe-in-moskau-verdaechtiger-aus-der-tuerkei-nach-russland-ueberstellt\/#breadcrumb\",\"itemListElement\":[{\"@type\":\"ListItem\",\"position\":1,\"name\":\"Home\",\"item\":\"https:\/\/now-news.de\/de\/\"},{\"@type\":\"ListItem\",\"position\":2,\"name\":\"Autobombe in Moskau: Verd\u00e4chtiger aus der T\u00fcrkei nach Russland \u00fcberstellt\"}]},{\"@type\":\"WebSite\",\"@id\":\"https:\/\/now-news.de\/de\/#website\",\"url\":\"https:\/\/now-news.de\/de\/\",\"name\":\"just-now.NEWS Deutschland\",\"description\":\"Das Portal f\u00fcr unzensierte Nachrichten aus der Welt\",\"publisher\":{\"@id\":\"https:\/\/now-news.de\/de\/#organization\"},\"potentialAction\":[{\"@type\":\"SearchAction\",\"target\":{\"@type\":\"EntryPoint\",\"urlTemplate\":\"https:\/\/now-news.de\/de\/?s={search_term_string}\"},\"query-input\":\"required name=search_term_string\"}],\"inLanguage\":\"de\"},{\"@type\":\"Organization\",\"@id\":\"https:\/\/now-news.de\/de\/#organization\",\"name\":\"Just Now News\",\"url\":\"https:\/\/now-news.de\/de\/\",\"logo\":{\"@type\":\"ImageObject\",\"inLanguage\":\"de\",\"@id\":\"https:\/\/now-news.de\/de\/#\/schema\/logo\/image\/\",\"url\":\"http:\/\/just-now.news\/de\/wp-content\/uploads\/sites\/3\/2022\/04\/logo500x500.jpg\",\"contentUrl\":\"http:\/\/just-now.news\/de\/wp-content\/uploads\/sites\/3\/2022\/04\/logo500x500.jpg\",\"width\":500,\"height\":500,\"caption\":\"Just Now News\"},\"image\":{\"@id\":\"https:\/\/now-news.de\/de\/#\/schema\/logo\/image\/\"},\"sameAs\":[\"https:\/\/www.facebook.com\/wirmachenauf\",\"https:\/\/x.com\/WirMachenAuf_de\"]},{\"@type\":\"Person\",\"@id\":\"https:\/\/now-news.de\/de\/#\/schema\/person\/fb534a4e865501d8b3285208df34a9b5\",\"name\":\"rtnews\",\"image\":{\"@type\":\"ImageObject\",\"inLanguage\":\"de\",\"@id\":\"https:\/\/now-news.de\/de\/#\/schema\/person\/image\/\",\"url\":\"https:\/\/secure.gravatar.com\/avatar\/82aafea7d8127119dd649515f56e2117?s=96&d=mm&r=g\",\"contentUrl\":\"https:\/\/secure.gravatar.com\/avatar\/82aafea7d8127119dd649515f56e2117?s=96&d=mm&r=g\",\"caption\":\"rtnews\"},\"url\":\"https:\/\/now-news.de\/de\/author\/rnews\/\"}]}<\/script>\n<!-- \/ Yoast SEO Premium plugin. -->","yoast_head_json":{"title":"Autobombe in Moskau: Verd\u00e4chtiger aus der T\u00fcrkei nach Russland \u00fcberstellt - just-now.NEWS Deutschland","robots":{"index":"index","follow":"follow","max-snippet":"max-snippet:-1","max-image-preview":"max-image-preview:large","max-video-preview":"max-video-preview:-1"},"canonical":"https:\/\/now-news.de\/de\/deutschland\/autobombe-in-moskau-verdaechtiger-aus-der-tuerkei-nach-russland-ueberstellt\/","og_locale":"de_DE","og_type":"article","og_title":"Autobombe in Moskau: Verd\u00e4chtiger aus der T\u00fcrkei nach Russland \u00fcberstellt","og_description":"Ein Verd\u00e4chtiger, der in Moskau ein Auto in die Luft gesprengt haben soll, ist in Bodrum festgenommen und in der Nacht auf Freitag nach Moskau \u00fcberstellt worden. Bei der Explosion waren zwei Menschen verletzt worden. Wie der Pressedienst des russischen Innenministeriums in der Nacht auf Freitag mitteilte, wurde Jewgeni Serebrjakow, der verd\u00e4chtigt wird, einen Bombenanschlag [&hellip;]","og_url":"https:\/\/now-news.de\/de\/deutschland\/autobombe-in-moskau-verdaechtiger-aus-der-tuerkei-nach-russland-ueberstellt\/","og_site_name":"just-now.NEWS Deutschland","article_publisher":"https:\/\/www.facebook.com\/wirmachenauf","article_published_time":"2024-07-26T10:49:39+00:00","og_image":[{"url":"https:\/\/now-news.de\/de\/wp-content\/uploads\/sites\/3\/2024\/07\/66a36e4c48fbef703e3a0b1c.jpg"}],"author":"rtnews","twitter_card":"summary_large_image","twitter_creator":"@WirMachenAuf_de","twitter_site":"@WirMachenAuf_de","twitter_misc":{"Verfasst von":"rtnews","Gesch\u00e4tzte Lesezeit":"2\u00a0Minuten"},"schema":{"@context":"https:\/\/schema.org","@graph":[{"@type":"Article","@id":"https:\/\/now-news.de\/de\/deutschland\/autobombe-in-moskau-verdaechtiger-aus-der-tuerkei-nach-russland-ueberstellt\/#article","isPartOf":{"@id":"https:\/\/now-news.de\/de\/deutschland\/autobombe-in-moskau-verdaechtiger-aus-der-tuerkei-nach-russland-ueberstellt\/"},"author":{"name":"rtnews","@id":"https:\/\/now-news.de\/de\/#\/schema\/person\/fb534a4e865501d8b3285208df34a9b5"},"headline":"Autobombe in Moskau: Verd\u00e4chtiger aus der T\u00fcrkei nach Russland \u00fcberstellt","datePublished":"2024-07-26T10:49:39+00:00","dateModified":"2024-07-26T10:49:39+00:00","mainEntityOfPage":{"@id":"https:\/\/now-news.de\/de\/deutschland\/autobombe-in-moskau-verdaechtiger-aus-der-tuerkei-nach-russland-ueberstellt\/"},"wordCount":349,"commentCount":0,"publisher":{"@id":"https:\/\/now-news.de\/de\/#organization"},"image":{"@id":"https:\/\/now-news.de\/de\/deutschland\/autobombe-in-moskau-verdaechtiger-aus-der-tuerkei-nach-russland-ueberstellt\/#primaryimage"},"thumbnailUrl":"https:\/\/now-news.de\/de\/wp-content\/uploads\/sites\/3\/2024\/07\/Autobombe-in-Moskau-Verdaechtiger-aus-der-Tuerkei-nach-Russland-ueberstellt.jpg","keywords":["aus","Autobombe","der","Moskau","nach","russland","T\u00fcrkei","\u00fcberstellt","Verd\u00e4chtiger"],"articleSection":["Deutschland","Russland"],"inLanguage":"de","potentialAction":[{"@type":"CommentAction","name":"Comment","target":["https:\/\/now-news.de\/de\/deutschland\/autobombe-in-moskau-verdaechtiger-aus-der-tuerkei-nach-russland-ueberstellt\/#respond"]}]},{"@type":"WebPage","@id":"https:\/\/now-news.de\/de\/deutschland\/autobombe-in-moskau-verdaechtiger-aus-der-tuerkei-nach-russland-ueberstellt\/","url":"https:\/\/now-news.de\/de\/deutschland\/autobombe-in-moskau-verdaechtiger-aus-der-tuerkei-nach-russland-ueberstellt\/","name":"Autobombe in Moskau: Verd\u00e4chtiger aus der T\u00fcrkei nach Russland \u00fcberstellt - just-now.NEWS Deutschland","isPartOf":{"@id":"https:\/\/now-news.de\/de\/#website"},"primaryImageOfPage":{"@id":"https:\/\/now-news.de\/de\/deutschland\/autobombe-in-moskau-verdaechtiger-aus-der-tuerkei-nach-russland-ueberstellt\/#primaryimage"},"image":{"@id":"https:\/\/now-news.de\/de\/deutschland\/autobombe-in-moskau-verdaechtiger-aus-der-tuerkei-nach-russland-ueberstellt\/#primaryimage"},"thumbnailUrl":"https:\/\/now-news.de\/de\/wp-content\/uploads\/sites\/3\/2024\/07\/Autobombe-in-Moskau-Verdaechtiger-aus-der-Tuerkei-nach-Russland-ueberstellt.jpg","datePublished":"2024-07-26T10:49:39+00:00","dateModified":"2024-07-26T10:49:39+00:00","breadcrumb":{"@id":"https:\/\/now-news.de\/de\/deutschland\/autobombe-in-moskau-verdaechtiger-aus-der-tuerkei-nach-russland-ueberstellt\/#breadcrumb"},"inLanguage":"de","potentialAction":[{"@type":"ReadAction","target":["https:\/\/now-news.de\/de\/deutschland\/autobombe-in-moskau-verdaechtiger-aus-der-tuerkei-nach-russland-ueberstellt\/"]}]},{"@type":"ImageObject","inLanguage":"de","@id":"https:\/\/now-news.de\/de\/deutschland\/autobombe-in-moskau-verdaechtiger-aus-der-tuerkei-nach-russland-ueberstellt\/#primaryimage","url":"https:\/\/now-news.de\/de\/wp-content\/uploads\/sites\/3\/2024\/07\/Autobombe-in-Moskau-Verdaechtiger-aus-der-Tuerkei-nach-Russland-ueberstellt.jpg","contentUrl":"https:\/\/now-news.de\/de\/wp-content\/uploads\/sites\/3\/2024\/07\/Autobombe-in-Moskau-Verdaechtiger-aus-der-Tuerkei-nach-Russland-ueberstellt.jpg","width":460,"height":259,"caption":"Autobombe in Moskau: Verd\u00e4chtiger aus der T\u00fcrkei nach Russland \u00fcberstellt"},{"@type":"BreadcrumbList","@id":"https:\/\/now-news.de\/de\/deutschland\/autobombe-in-moskau-verdaechtiger-aus-der-tuerkei-nach-russland-ueberstellt\/#breadcrumb","itemListElement":[{"@type":"ListItem","position":1,"name":"Home","item":"https:\/\/now-news.de\/de\/"},{"@type":"ListItem","position":2,"name":"Autobombe in Moskau: Verd\u00e4chtiger aus der T\u00fcrkei nach Russland \u00fcberstellt"}]},{"@type":"WebSite","@id":"https:\/\/now-news.de\/de\/#website","url":"https:\/\/now-news.de\/de\/","name":"just-now.NEWS Deutschland","description":"Das Portal f\u00fcr unzensierte Nachrichten aus der Welt","publisher":{"@id":"https:\/\/now-news.de\/de\/#organization"},"potentialAction":[{"@type":"SearchAction","target":{"@type":"EntryPoint","urlTemplate":"https:\/\/now-news.de\/de\/?s={search_term_string}"},"query-input":"required name=search_term_string"}],"inLanguage":"de"},{"@type":"Organization","@id":"https:\/\/now-news.de\/de\/#organization","name":"Just Now News","url":"https:\/\/now-news.de\/de\/","logo":{"@type":"ImageObject","inLanguage":"de","@id":"https:\/\/now-news.de\/de\/#\/schema\/logo\/image\/","url":"http:\/\/just-now.news\/de\/wp-content\/uploads\/sites\/3\/2022\/04\/logo500x500.jpg","contentUrl":"http:\/\/just-now.news\/de\/wp-content\/uploads\/sites\/3\/2022\/04\/logo500x500.jpg","width":500,"height":500,"caption":"Just Now News"},"image":{"@id":"https:\/\/now-news.de\/de\/#\/schema\/logo\/image\/"},"sameAs":["https:\/\/www.facebook.com\/wirmachenauf","https:\/\/x.com\/WirMachenAuf_de"]},{"@type":"Person","@id":"https:\/\/now-news.de\/de\/#\/schema\/person\/fb534a4e865501d8b3285208df34a9b5","name":"rtnews","image":{"@type":"ImageObject","inLanguage":"de","@id":"https:\/\/now-news.de\/de\/#\/schema\/person\/image\/","url":"https:\/\/secure.gravatar.com\/avatar\/82aafea7d8127119dd649515f56e2117?s=96&d=mm&r=g","contentUrl":"https:\/\/secure.gravatar.com\/avatar\/82aafea7d8127119dd649515f56e2117?s=96&d=mm&r=g","caption":"rtnews"},"url":"https:\/\/now-news.de\/de\/author\/rnews\/"}]}},"_links":{"self":[{"href":"https:\/\/now-news.de\/de\/wp-json\/wp\/v2\/posts\/65536"}],"collection":[{"href":"https:\/\/now-news.de\/de\/wp-json\/wp\/v2\/posts"}],"about":[{"href":"https:\/\/now-news.de\/de\/wp-json\/wp\/v2\/types\/post"}],"author":[{"embeddable":true,"href":"https:\/\/now-news.de\/de\/wp-json\/wp\/v2\/users\/3"}],"replies":[{"embeddable":true,"href":"https:\/\/now-news.de\/de\/wp-json\/wp\/v2\/comments?post=65536"}],"version-history":[{"count":0,"href":"https:\/\/now-news.de\/de\/wp-json\/wp\/v2\/posts\/65536\/revisions"}],"wp:featuredmedia":[{"embeddable":true,"href":"https:\/\/now-news.de\/de\/wp-json\/wp\/v2\/media\/65537"}],"wp:attachment":[{"href":"https:\/\/now-news.de\/de\/wp-json\/wp\/v2\/media?parent=65536"}],"wp:term":[{"taxonomy":"category","embeddable":true,"href":"https:\/\/now-news.de\/de\/wp-json\/wp\/v2\/categories?post=65536"},{"taxonomy":"post_tag","embeddable":true,"href":"https:\/\/now-news.de\/de\/wp-json\/wp\/v2\/tags?post=65536"}],"curies":[{"name":"wp","href":"https:\/\/api.w.org\/{rel}","templated":true}]}}