{"id":65491,"date":"2024-07-25T19:10:47","date_gmt":"2024-07-25T17:10:47","guid":{"rendered":"https:\/\/now-news.de\/de\/deutschland\/neuer-verteidigungsminister-probleme-des-britischen-militaers-viel-schlimmer-als-gedacht\/"},"modified":"2024-07-25T19:10:47","modified_gmt":"2024-07-25T17:10:47","slug":"neuer-verteidigungsminister-probleme-des-britischen-militaers-viel-schlimmer-als-gedacht","status":"publish","type":"post","link":"https:\/\/now-news.de\/de\/deutschland\/neuer-verteidigungsminister-probleme-des-britischen-militaers-viel-schlimmer-als-gedacht\/","title":{"rendered":"Neuer Verteidigungsminister: Probleme des britischen Milit\u00e4rs &quot;viel schlimmer als gedacht&quot;"},"content":{"rendered":"<p><img decoding=\"async\" src=\"https:\/\/now-news.de\/de\/wp-content\/uploads\/sites\/3\/2024\/07\/66a0db1148fbef2dd63ebeba.jpg\" \/><\/p>\n<div class=\"Text-root Text-type_1 \">\n                &#8220;Viel schlimmer als gedacht&#8221; \u2013 so beschreibt der neue Verteidigungsminister den Zustand des britischen Milit\u00e4rs. Er k\u00fcndigte an, &#8220;eine neue \u00c4ra f\u00fcr die britische Verteidigung&#8221; einzul\u00e4uten. Eine weitere Priorit\u00e4t der neuen Labour-Regierung ist die anhaltende Unterst\u00fctzung f\u00fcr Kiew.\n            <\/div>\n<p><\/p>\n<div class=\"Text-root Text-type_5 ArticleView-text ViewText-root \">\n<p>Der neue britische Verteidigungsminister John Healey hat den miserablen Zustand des britischen Milit\u00e4rs beklagt. Er erkl\u00e4rte, die britische Armee, die\u00a0Marine und\u00a0die Luftstreitkr\u00e4fte\u00a0k\u00e4mpften alle mit &#8220;ausgeh\u00f6hlten Kr\u00e4ften, Beschaffungsverschwendung und niedriger Moral&#8221;.\u00a0<\/p>\n<p>Die Streitkr\u00e4fte des Landes st\u00fcnden vor &#8220;sehr ernsten Herausforderungen&#8221;. Seine d\u00fcstere Einsch\u00e4tzung des Zustands des britischen Milit\u00e4rs gab der Minister laut einem Bericht von <em>Sky News<\/em> am Montag auf der j\u00e4hrlichen Landeskriegskonferenz der britischen Armee in London ab.\u00a0<\/p>\n<p>Healey, der erst seit etwas mehr als zwei Wochen als Teil der neuen Labour-Regierung im Amt ist, sagte weiter:<\/p>\n<p><em>&#8220;Wir sehen jetzt auch, dass diese Probleme viel schlimmer sind, als wir dachten.&#8221;<\/em><\/p>\n<p>Der Minister erkl\u00e4rte\u00a0auch, angesichts der &#8220;schnell zunehmenden globalen Bedrohungen eine neue \u00c4ra f\u00fcr die britische Verteidigung&#8221; einl\u00e4uten zu wollen.<\/p>\n<p>Die neue britische Regierung hatte Anfang des Monats nach dem Sieg der Labour-Partei bei den Parlamentswahlen eine gr\u00fcndliche \u00dcberpr\u00fcfung des Verteidigungsministeriums eingeleitet. Premierminister Keir Starmer hatte betont, dass Gro\u00dfbritannien besser auf &#8220;eine gef\u00e4hrlichere und unberechenbarere Welt&#8221; vorbereitet sein sollte.\u00a0<\/p>\n<p>Die Regierung hat einen &#8220;Fahrplan&#8221; vorgelegt, um 2,5 Prozent\u00a0des Bruttoinlandsprodukts\u00a0f\u00fcr Verteidigung auszugeben. Gro\u00dfbritannien ist Mitglied der NATO, die vorschreibt, dass die Mitgliedstaaten mindestens zwei Prozent des BIP f\u00fcr ihre Streitkr\u00e4fte ausgeben m\u00fcssen. Allerdings sind die Spielr\u00e4ume der Regierung angesichts einer umfassenden Haushaltskrise begrenzt.<\/p>\n<p>An der Konferenz in London nahm auch der Botschafter der Ukraine im Vereinigten K\u00f6nigreich, General Waleri Saluschny, teil.\u00a0Saluschny\u00a0hielt eine Rede, in der er erkl\u00e4rte, dass wegen des Konflikts zwischen der Ukraine und Russland ein dritter Weltkrieg bevorstehen k\u00f6nne.<\/p>\n<p>Der General war im Februar nach der gescheiterten ukrainischen Offensive 2023 von Pr\u00e4sident Wladimir Selenskij von seinem Posten als Oberbefehlshaber der Streitkr\u00e4fte abgesetzt worden.<\/p>\n<p>London ist seit der Eskalation des Ukraine-Konflikts im Jahr 2022 einer\u00a0der entschiedensten\u00a0Unterst\u00fctzer Kiews. Die konservative britische Regierung hat bis Anfang Juli fast 12,5 Milliarden Pfund (knapp 15 Milliarden\u00a0Euro) an Hilfsgeldern f\u00fcr die Ukraine bereitgestellt.<\/p>\n<p>Starmer setzt den Kurs seiner konservativen Vorg\u00e4nger fort. Anfang des Monats versprach er, der Ukraine bis 2030\/31 j\u00e4hrlich drei Milliarden Pfund (3,57 Milliarden Euro) an milit\u00e4rischer Unterst\u00fctzung zur Verf\u00fcgung zu stellen.<\/p>\n<p>Selenskij besuchte letzte Woche London, um sich mit Starmer zu treffen und an einer Kabinettssitzung teilzunehmen. Der britische Regierungschef versprach ihm, dass London die Hilfslieferungen nach Kiew beschleunigen werde, und behauptete, dass &#8220;die Ukraine im Mittelpunkt der Agenda dieser Regierung steht und immer stehen wird&#8221;.<\/p>\n<p>London und Kiew unterzeichneten au\u00dferdem ein Rahmenabkommen, das einen Kredit in H\u00f6he von zwei Milliarden Pfund (2,38 Milliarden Euro) zur Finanzierung des Verteidigungsbedarfs der Ukraine vorsieht.\u00a0Die russische diplomatische Vertretung in London warnte, dass eine weitere Unterst\u00fctzung f\u00fcr Kiew den Konflikt und die Situation vor Ort in der Ukraine nur verschlimmern werde.<\/p>\n<p><strong>Mehr zum Thema<\/strong> \u2013 <a rel=\"nofollow noopener\" target=\"_blank\" href=\"https:\/\/freedert.online\/meinung\/212234-ergebnis-des-nato-gipfels-unterbricht-gegenoffensive-der-ukrainischen-streitkraefte\/\">Ergebnis des NATO-Gipfels unterbricht &#8220;Gegenoffensive&#8221; der ukrainischen Streitkr\u00e4fte<\/a><\/p>\n<div class=\"EmbedBlock-root EmbedBlock-externalVideo EmbedBlock-odysee\">\n<div class=\"VkEmbed\"><iframe class=\"lazyload\" data-src=\"https:\/\/odysee.com\/%24\/embed\/%40RTDE%3Ae%2FDie-USA-sind-ein-untergehender-Ozeandampfer-Journalist-Dirk-Pohlmann-im-Gespr%C3%A4ch%3Ac\" frameborder=\"0\" width=\"853\" height=\"480\" allowfullscreen><\/iframe><\/div>\n<\/div>\n<\/div>\n<p><br \/>\n<br \/><a href=\"https:\/\/de.rt.com\/europa\/213385-neuer-verteidigungsminister-probleme-britischen-militaers\/\">Source link <\/a><\/p>\n","protected":false},"excerpt":{"rendered":"<p>&#8220;Viel schlimmer als gedacht&#8221; \u2013 so beschreibt der neue Verteidigungsminister den Zustand des britischen Milit\u00e4rs. Er k\u00fcndigte an, &#8220;eine neue \u00c4ra f\u00fcr die britische Verteidigung&#8221; einzul\u00e4uten. Eine weitere Priorit\u00e4t der neuen Labour-Regierung ist die anhaltende Unterst\u00fctzung f\u00fcr Kiew. Der neue britische Verteidigungsminister John Healey hat den miserablen Zustand des britischen Milit\u00e4rs beklagt. Er erkl\u00e4rte, die [&hellip;]<\/p>\n","protected":false},"author":3,"featured_media":65492,"comment_status":"open","ping_status":"open","sticky":false,"template":"","format":"standard","meta":{"_yoast_indexnow_last_ping":["1721928373"],"wp_automatic_camp":["217"],"d7b933a302c8151cd96a9ecd396f32e3":["Neuer Verteidigungsminister: Probleme des britischen Milit\u00e4rs &quot;viel schlimmer als gedacht&quot;"],"original_link":["https:\/\/de.rt.com\/europa\/213385-neuer-verteidigungsminister-probleme-britischen-militaers\/"],"_thumbnail_id":["65492"],"jnews_social_counter_last_update":["1777257043"],"_wptgpro_p2tg_sent2tg":["a:1:{i:23737;s:19:\"2024-07-25 19:29:03\";}"]},"categories":[19,23],"tags":[273,23305,583,56991,21064,956,7754,25619,12806,5456],"yoast_head":"<!-- This site is optimized with the Yoast SEO Premium plugin v22.7 (Yoast SEO v22.7) - https:\/\/yoast.com\/wordpress\/plugins\/seo\/ -->\n<title>Neuer Verteidigungsminister: Probleme des britischen Milit\u00e4rs &quot;viel schlimmer als gedacht&quot; - just-now.NEWS Deutschland<\/title>\n<meta name=\"robots\" content=\"index, follow, max-snippet:-1, max-image-preview:large, max-video-preview:-1\" \/>\n<link rel=\"canonical\" href=\"https:\/\/now-news.de\/de\/deutschland\/neuer-verteidigungsminister-probleme-des-britischen-militaers-viel-schlimmer-als-gedacht\/\" \/>\n<meta property=\"og:locale\" content=\"de_DE\" \/>\n<meta property=\"og:type\" content=\"article\" \/>\n<meta property=\"og:title\" content=\"Neuer Verteidigungsminister: Probleme des britischen Milit\u00e4rs &quot;viel schlimmer als gedacht&quot;\" \/>\n<meta property=\"og:description\" content=\"&#8220;Viel schlimmer als gedacht&#8221; \u2013 so beschreibt der neue Verteidigungsminister den Zustand des britischen Milit\u00e4rs. Er k\u00fcndigte an, &#8220;eine neue \u00c4ra f\u00fcr die britische Verteidigung&#8221; einzul\u00e4uten. Eine weitere Priorit\u00e4t der neuen Labour-Regierung ist die anhaltende Unterst\u00fctzung f\u00fcr Kiew. Der neue britische Verteidigungsminister John Healey hat den miserablen Zustand des britischen Milit\u00e4rs beklagt. Er erkl\u00e4rte, die [&hellip;]\" \/>\n<meta property=\"og:url\" content=\"https:\/\/now-news.de\/de\/deutschland\/neuer-verteidigungsminister-probleme-des-britischen-militaers-viel-schlimmer-als-gedacht\/\" \/>\n<meta property=\"og:site_name\" content=\"just-now.NEWS Deutschland\" \/>\n<meta property=\"article:publisher\" content=\"https:\/\/www.facebook.com\/wirmachenauf\" \/>\n<meta property=\"article:published_time\" content=\"2024-07-25T17:10:47+00:00\" \/>\n<meta property=\"og:image\" content=\"https:\/\/now-news.de\/de\/wp-content\/uploads\/sites\/3\/2024\/07\/66a0db1148fbef2dd63ebeba.jpg\" \/>\n<meta name=\"author\" content=\"rtnews\" \/>\n<meta name=\"twitter:card\" content=\"summary_large_image\" \/>\n<meta name=\"twitter:creator\" content=\"@WirMachenAuf_de\" \/>\n<meta name=\"twitter:site\" content=\"@WirMachenAuf_de\" \/>\n<meta name=\"twitter:label1\" content=\"Verfasst von\" \/>\n\t<meta name=\"twitter:data1\" content=\"rtnews\" \/>\n\t<meta name=\"twitter:label2\" content=\"Gesch\u00e4tzte Lesezeit\" \/>\n\t<meta name=\"twitter:data2\" content=\"3\u00a0Minuten\" \/>\n<script type=\"application\/ld+json\" class=\"yoast-schema-graph\">{\"@context\":\"https:\/\/schema.org\",\"@graph\":[{\"@type\":\"Article\",\"@id\":\"https:\/\/now-news.de\/de\/deutschland\/neuer-verteidigungsminister-probleme-des-britischen-militaers-viel-schlimmer-als-gedacht\/#article\",\"isPartOf\":{\"@id\":\"https:\/\/now-news.de\/de\/deutschland\/neuer-verteidigungsminister-probleme-des-britischen-militaers-viel-schlimmer-als-gedacht\/\"},\"author\":{\"name\":\"rtnews\",\"@id\":\"https:\/\/now-news.de\/de\/#\/schema\/person\/fb534a4e865501d8b3285208df34a9b5\"},\"headline\":\"Neuer Verteidigungsminister: Probleme des britischen Milit\u00e4rs &quot;viel schlimmer als gedacht&quot;\",\"datePublished\":\"2024-07-25T17:10:47+00:00\",\"dateModified\":\"2024-07-25T17:10:47+00:00\",\"mainEntityOfPage\":{\"@id\":\"https:\/\/now-news.de\/de\/deutschland\/neuer-verteidigungsminister-probleme-des-britischen-militaers-viel-schlimmer-als-gedacht\/\"},\"wordCount\":541,\"commentCount\":0,\"publisher\":{\"@id\":\"https:\/\/now-news.de\/de\/#organization\"},\"image\":{\"@id\":\"https:\/\/now-news.de\/de\/deutschland\/neuer-verteidigungsminister-probleme-des-britischen-militaers-viel-schlimmer-als-gedacht\/#primaryimage\"},\"thumbnailUrl\":\"https:\/\/now-news.de\/de\/wp-content\/uploads\/sites\/3\/2024\/07\/Neuer-Verteidigungsminister-Probleme-des-britischen-Militaers-quotviel-schlimmer-als-gedachtquot.jpg\",\"keywords\":[\"als\",\"britischen\",\"des\",\"gedachtquot\",\"Milit\u00e4rs\",\"Neuer\",\"Probleme\",\"quotViel\",\"schlimmer\",\"Verteidigungsminister\"],\"articleSection\":[\"Deutschland\",\"Russland\"],\"inLanguage\":\"de\",\"potentialAction\":[{\"@type\":\"CommentAction\",\"name\":\"Comment\",\"target\":[\"https:\/\/now-news.de\/de\/deutschland\/neuer-verteidigungsminister-probleme-des-britischen-militaers-viel-schlimmer-als-gedacht\/#respond\"]}]},{\"@type\":\"WebPage\",\"@id\":\"https:\/\/now-news.de\/de\/deutschland\/neuer-verteidigungsminister-probleme-des-britischen-militaers-viel-schlimmer-als-gedacht\/\",\"url\":\"https:\/\/now-news.de\/de\/deutschland\/neuer-verteidigungsminister-probleme-des-britischen-militaers-viel-schlimmer-als-gedacht\/\",\"name\":\"Neuer Verteidigungsminister: Probleme des britischen Milit\u00e4rs &quot;viel schlimmer als gedacht&quot; - just-now.NEWS Deutschland\",\"isPartOf\":{\"@id\":\"https:\/\/now-news.de\/de\/#website\"},\"primaryImageOfPage\":{\"@id\":\"https:\/\/now-news.de\/de\/deutschland\/neuer-verteidigungsminister-probleme-des-britischen-militaers-viel-schlimmer-als-gedacht\/#primaryimage\"},\"image\":{\"@id\":\"https:\/\/now-news.de\/de\/deutschland\/neuer-verteidigungsminister-probleme-des-britischen-militaers-viel-schlimmer-als-gedacht\/#primaryimage\"},\"thumbnailUrl\":\"https:\/\/now-news.de\/de\/wp-content\/uploads\/sites\/3\/2024\/07\/Neuer-Verteidigungsminister-Probleme-des-britischen-Militaers-quotviel-schlimmer-als-gedachtquot.jpg\",\"datePublished\":\"2024-07-25T17:10:47+00:00\",\"dateModified\":\"2024-07-25T17:10:47+00:00\",\"breadcrumb\":{\"@id\":\"https:\/\/now-news.de\/de\/deutschland\/neuer-verteidigungsminister-probleme-des-britischen-militaers-viel-schlimmer-als-gedacht\/#breadcrumb\"},\"inLanguage\":\"de\",\"potentialAction\":[{\"@type\":\"ReadAction\",\"target\":[\"https:\/\/now-news.de\/de\/deutschland\/neuer-verteidigungsminister-probleme-des-britischen-militaers-viel-schlimmer-als-gedacht\/\"]}]},{\"@type\":\"ImageObject\",\"inLanguage\":\"de\",\"@id\":\"https:\/\/now-news.de\/de\/deutschland\/neuer-verteidigungsminister-probleme-des-britischen-militaers-viel-schlimmer-als-gedacht\/#primaryimage\",\"url\":\"https:\/\/now-news.de\/de\/wp-content\/uploads\/sites\/3\/2024\/07\/Neuer-Verteidigungsminister-Probleme-des-britischen-Militaers-quotviel-schlimmer-als-gedachtquot.jpg\",\"contentUrl\":\"https:\/\/now-news.de\/de\/wp-content\/uploads\/sites\/3\/2024\/07\/Neuer-Verteidigungsminister-Probleme-des-britischen-Militaers-quotviel-schlimmer-als-gedachtquot.jpg\",\"width\":460,\"height\":259,\"caption\":\"Neuer Verteidigungsminister: Probleme des britischen Milit\u00e4rs &quot;viel schlimmer als gedacht&quot;\"},{\"@type\":\"BreadcrumbList\",\"@id\":\"https:\/\/now-news.de\/de\/deutschland\/neuer-verteidigungsminister-probleme-des-britischen-militaers-viel-schlimmer-als-gedacht\/#breadcrumb\",\"itemListElement\":[{\"@type\":\"ListItem\",\"position\":1,\"name\":\"Home\",\"item\":\"https:\/\/now-news.de\/de\/\"},{\"@type\":\"ListItem\",\"position\":2,\"name\":\"Neuer Verteidigungsminister: Probleme des britischen Milit\u00e4rs &quot;viel schlimmer als gedacht&quot;\"}]},{\"@type\":\"WebSite\",\"@id\":\"https:\/\/now-news.de\/de\/#website\",\"url\":\"https:\/\/now-news.de\/de\/\",\"name\":\"just-now.NEWS Deutschland\",\"description\":\"Das Portal f\u00fcr unzensierte Nachrichten aus der Welt\",\"publisher\":{\"@id\":\"https:\/\/now-news.de\/de\/#organization\"},\"potentialAction\":[{\"@type\":\"SearchAction\",\"target\":{\"@type\":\"EntryPoint\",\"urlTemplate\":\"https:\/\/now-news.de\/de\/?s={search_term_string}\"},\"query-input\":\"required name=search_term_string\"}],\"inLanguage\":\"de\"},{\"@type\":\"Organization\",\"@id\":\"https:\/\/now-news.de\/de\/#organization\",\"name\":\"Just Now News\",\"url\":\"https:\/\/now-news.de\/de\/\",\"logo\":{\"@type\":\"ImageObject\",\"inLanguage\":\"de\",\"@id\":\"https:\/\/now-news.de\/de\/#\/schema\/logo\/image\/\",\"url\":\"http:\/\/just-now.news\/de\/wp-content\/uploads\/sites\/3\/2022\/04\/logo500x500.jpg\",\"contentUrl\":\"http:\/\/just-now.news\/de\/wp-content\/uploads\/sites\/3\/2022\/04\/logo500x500.jpg\",\"width\":500,\"height\":500,\"caption\":\"Just Now News\"},\"image\":{\"@id\":\"https:\/\/now-news.de\/de\/#\/schema\/logo\/image\/\"},\"sameAs\":[\"https:\/\/www.facebook.com\/wirmachenauf\",\"https:\/\/x.com\/WirMachenAuf_de\"]},{\"@type\":\"Person\",\"@id\":\"https:\/\/now-news.de\/de\/#\/schema\/person\/fb534a4e865501d8b3285208df34a9b5\",\"name\":\"rtnews\",\"image\":{\"@type\":\"ImageObject\",\"inLanguage\":\"de\",\"@id\":\"https:\/\/now-news.de\/de\/#\/schema\/person\/image\/\",\"url\":\"https:\/\/secure.gravatar.com\/avatar\/82aafea7d8127119dd649515f56e2117?s=96&d=mm&r=g\",\"contentUrl\":\"https:\/\/secure.gravatar.com\/avatar\/82aafea7d8127119dd649515f56e2117?s=96&d=mm&r=g\",\"caption\":\"rtnews\"},\"url\":\"https:\/\/now-news.de\/de\/author\/rnews\/\"}]}<\/script>\n<!-- \/ Yoast SEO Premium plugin. -->","yoast_head_json":{"title":"Neuer Verteidigungsminister: Probleme des britischen Milit\u00e4rs &quot;viel schlimmer als gedacht&quot; - just-now.NEWS Deutschland","robots":{"index":"index","follow":"follow","max-snippet":"max-snippet:-1","max-image-preview":"max-image-preview:large","max-video-preview":"max-video-preview:-1"},"canonical":"https:\/\/now-news.de\/de\/deutschland\/neuer-verteidigungsminister-probleme-des-britischen-militaers-viel-schlimmer-als-gedacht\/","og_locale":"de_DE","og_type":"article","og_title":"Neuer Verteidigungsminister: Probleme des britischen Milit\u00e4rs &quot;viel schlimmer als gedacht&quot;","og_description":"&#8220;Viel schlimmer als gedacht&#8221; \u2013 so beschreibt der neue Verteidigungsminister den Zustand des britischen Milit\u00e4rs. Er k\u00fcndigte an, &#8220;eine neue \u00c4ra f\u00fcr die britische Verteidigung&#8221; einzul\u00e4uten. Eine weitere Priorit\u00e4t der neuen Labour-Regierung ist die anhaltende Unterst\u00fctzung f\u00fcr Kiew. Der neue britische Verteidigungsminister John Healey hat den miserablen Zustand des britischen Milit\u00e4rs beklagt. Er erkl\u00e4rte, die [&hellip;]","og_url":"https:\/\/now-news.de\/de\/deutschland\/neuer-verteidigungsminister-probleme-des-britischen-militaers-viel-schlimmer-als-gedacht\/","og_site_name":"just-now.NEWS Deutschland","article_publisher":"https:\/\/www.facebook.com\/wirmachenauf","article_published_time":"2024-07-25T17:10:47+00:00","og_image":[{"url":"https:\/\/now-news.de\/de\/wp-content\/uploads\/sites\/3\/2024\/07\/66a0db1148fbef2dd63ebeba.jpg"}],"author":"rtnews","twitter_card":"summary_large_image","twitter_creator":"@WirMachenAuf_de","twitter_site":"@WirMachenAuf_de","twitter_misc":{"Verfasst von":"rtnews","Gesch\u00e4tzte Lesezeit":"3\u00a0Minuten"},"schema":{"@context":"https:\/\/schema.org","@graph":[{"@type":"Article","@id":"https:\/\/now-news.de\/de\/deutschland\/neuer-verteidigungsminister-probleme-des-britischen-militaers-viel-schlimmer-als-gedacht\/#article","isPartOf":{"@id":"https:\/\/now-news.de\/de\/deutschland\/neuer-verteidigungsminister-probleme-des-britischen-militaers-viel-schlimmer-als-gedacht\/"},"author":{"name":"rtnews","@id":"https:\/\/now-news.de\/de\/#\/schema\/person\/fb534a4e865501d8b3285208df34a9b5"},"headline":"Neuer Verteidigungsminister: Probleme des britischen Milit\u00e4rs &quot;viel schlimmer als gedacht&quot;","datePublished":"2024-07-25T17:10:47+00:00","dateModified":"2024-07-25T17:10:47+00:00","mainEntityOfPage":{"@id":"https:\/\/now-news.de\/de\/deutschland\/neuer-verteidigungsminister-probleme-des-britischen-militaers-viel-schlimmer-als-gedacht\/"},"wordCount":541,"commentCount":0,"publisher":{"@id":"https:\/\/now-news.de\/de\/#organization"},"image":{"@id":"https:\/\/now-news.de\/de\/deutschland\/neuer-verteidigungsminister-probleme-des-britischen-militaers-viel-schlimmer-als-gedacht\/#primaryimage"},"thumbnailUrl":"https:\/\/now-news.de\/de\/wp-content\/uploads\/sites\/3\/2024\/07\/Neuer-Verteidigungsminister-Probleme-des-britischen-Militaers-quotviel-schlimmer-als-gedachtquot.jpg","keywords":["als","britischen","des","gedachtquot","Milit\u00e4rs","Neuer","Probleme","quotViel","schlimmer","Verteidigungsminister"],"articleSection":["Deutschland","Russland"],"inLanguage":"de","potentialAction":[{"@type":"CommentAction","name":"Comment","target":["https:\/\/now-news.de\/de\/deutschland\/neuer-verteidigungsminister-probleme-des-britischen-militaers-viel-schlimmer-als-gedacht\/#respond"]}]},{"@type":"WebPage","@id":"https:\/\/now-news.de\/de\/deutschland\/neuer-verteidigungsminister-probleme-des-britischen-militaers-viel-schlimmer-als-gedacht\/","url":"https:\/\/now-news.de\/de\/deutschland\/neuer-verteidigungsminister-probleme-des-britischen-militaers-viel-schlimmer-als-gedacht\/","name":"Neuer Verteidigungsminister: Probleme des britischen Milit\u00e4rs &quot;viel schlimmer als gedacht&quot; - just-now.NEWS Deutschland","isPartOf":{"@id":"https:\/\/now-news.de\/de\/#website"},"primaryImageOfPage":{"@id":"https:\/\/now-news.de\/de\/deutschland\/neuer-verteidigungsminister-probleme-des-britischen-militaers-viel-schlimmer-als-gedacht\/#primaryimage"},"image":{"@id":"https:\/\/now-news.de\/de\/deutschland\/neuer-verteidigungsminister-probleme-des-britischen-militaers-viel-schlimmer-als-gedacht\/#primaryimage"},"thumbnailUrl":"https:\/\/now-news.de\/de\/wp-content\/uploads\/sites\/3\/2024\/07\/Neuer-Verteidigungsminister-Probleme-des-britischen-Militaers-quotviel-schlimmer-als-gedachtquot.jpg","datePublished":"2024-07-25T17:10:47+00:00","dateModified":"2024-07-25T17:10:47+00:00","breadcrumb":{"@id":"https:\/\/now-news.de\/de\/deutschland\/neuer-verteidigungsminister-probleme-des-britischen-militaers-viel-schlimmer-als-gedacht\/#breadcrumb"},"inLanguage":"de","potentialAction":[{"@type":"ReadAction","target":["https:\/\/now-news.de\/de\/deutschland\/neuer-verteidigungsminister-probleme-des-britischen-militaers-viel-schlimmer-als-gedacht\/"]}]},{"@type":"ImageObject","inLanguage":"de","@id":"https:\/\/now-news.de\/de\/deutschland\/neuer-verteidigungsminister-probleme-des-britischen-militaers-viel-schlimmer-als-gedacht\/#primaryimage","url":"https:\/\/now-news.de\/de\/wp-content\/uploads\/sites\/3\/2024\/07\/Neuer-Verteidigungsminister-Probleme-des-britischen-Militaers-quotviel-schlimmer-als-gedachtquot.jpg","contentUrl":"https:\/\/now-news.de\/de\/wp-content\/uploads\/sites\/3\/2024\/07\/Neuer-Verteidigungsminister-Probleme-des-britischen-Militaers-quotviel-schlimmer-als-gedachtquot.jpg","width":460,"height":259,"caption":"Neuer Verteidigungsminister: Probleme des britischen Milit\u00e4rs &quot;viel schlimmer als gedacht&quot;"},{"@type":"BreadcrumbList","@id":"https:\/\/now-news.de\/de\/deutschland\/neuer-verteidigungsminister-probleme-des-britischen-militaers-viel-schlimmer-als-gedacht\/#breadcrumb","itemListElement":[{"@type":"ListItem","position":1,"name":"Home","item":"https:\/\/now-news.de\/de\/"},{"@type":"ListItem","position":2,"name":"Neuer Verteidigungsminister: Probleme des britischen Milit\u00e4rs &quot;viel schlimmer als gedacht&quot;"}]},{"@type":"WebSite","@id":"https:\/\/now-news.de\/de\/#website","url":"https:\/\/now-news.de\/de\/","name":"just-now.NEWS Deutschland","description":"Das Portal f\u00fcr unzensierte Nachrichten aus der Welt","publisher":{"@id":"https:\/\/now-news.de\/de\/#organization"},"potentialAction":[{"@type":"SearchAction","target":{"@type":"EntryPoint","urlTemplate":"https:\/\/now-news.de\/de\/?s={search_term_string}"},"query-input":"required name=search_term_string"}],"inLanguage":"de"},{"@type":"Organization","@id":"https:\/\/now-news.de\/de\/#organization","name":"Just Now News","url":"https:\/\/now-news.de\/de\/","logo":{"@type":"ImageObject","inLanguage":"de","@id":"https:\/\/now-news.de\/de\/#\/schema\/logo\/image\/","url":"http:\/\/just-now.news\/de\/wp-content\/uploads\/sites\/3\/2022\/04\/logo500x500.jpg","contentUrl":"http:\/\/just-now.news\/de\/wp-content\/uploads\/sites\/3\/2022\/04\/logo500x500.jpg","width":500,"height":500,"caption":"Just Now News"},"image":{"@id":"https:\/\/now-news.de\/de\/#\/schema\/logo\/image\/"},"sameAs":["https:\/\/www.facebook.com\/wirmachenauf","https:\/\/x.com\/WirMachenAuf_de"]},{"@type":"Person","@id":"https:\/\/now-news.de\/de\/#\/schema\/person\/fb534a4e865501d8b3285208df34a9b5","name":"rtnews","image":{"@type":"ImageObject","inLanguage":"de","@id":"https:\/\/now-news.de\/de\/#\/schema\/person\/image\/","url":"https:\/\/secure.gravatar.com\/avatar\/82aafea7d8127119dd649515f56e2117?s=96&d=mm&r=g","contentUrl":"https:\/\/secure.gravatar.com\/avatar\/82aafea7d8127119dd649515f56e2117?s=96&d=mm&r=g","caption":"rtnews"},"url":"https:\/\/now-news.de\/de\/author\/rnews\/"}]}},"_links":{"self":[{"href":"https:\/\/now-news.de\/de\/wp-json\/wp\/v2\/posts\/65491"}],"collection":[{"href":"https:\/\/now-news.de\/de\/wp-json\/wp\/v2\/posts"}],"about":[{"href":"https:\/\/now-news.de\/de\/wp-json\/wp\/v2\/types\/post"}],"author":[{"embeddable":true,"href":"https:\/\/now-news.de\/de\/wp-json\/wp\/v2\/users\/3"}],"replies":[{"embeddable":true,"href":"https:\/\/now-news.de\/de\/wp-json\/wp\/v2\/comments?post=65491"}],"version-history":[{"count":0,"href":"https:\/\/now-news.de\/de\/wp-json\/wp\/v2\/posts\/65491\/revisions"}],"wp:featuredmedia":[{"embeddable":true,"href":"https:\/\/now-news.de\/de\/wp-json\/wp\/v2\/media\/65492"}],"wp:attachment":[{"href":"https:\/\/now-news.de\/de\/wp-json\/wp\/v2\/media?parent=65491"}],"wp:term":[{"taxonomy":"category","embeddable":true,"href":"https:\/\/now-news.de\/de\/wp-json\/wp\/v2\/categories?post=65491"},{"taxonomy":"post_tag","embeddable":true,"href":"https:\/\/now-news.de\/de\/wp-json\/wp\/v2\/tags?post=65491"}],"curies":[{"name":"wp","href":"https:\/\/api.w.org\/{rel}","templated":true}]}}