{"id":65465,"date":"2024-07-25T15:08:19","date_gmt":"2024-07-25T13:08:19","guid":{"rendered":"https:\/\/now-news.de\/de\/deutschland\/neonazis-bekennen-sich-zu-mord-an-ukrainischer-nationalistin-farion\/"},"modified":"2024-07-25T15:08:19","modified_gmt":"2024-07-25T13:08:19","slug":"neonazis-bekennen-sich-zu-mord-an-ukrainischer-nationalistin-farion","status":"publish","type":"post","link":"https:\/\/now-news.de\/de\/deutschland\/neonazis-bekennen-sich-zu-mord-an-ukrainischer-nationalistin-farion\/","title":{"rendered":"Neonazis bekennen sich zu Mord an ukrainischer Nationalistin Farion"},"content":{"rendered":"<p><img decoding=\"async\" src=\"https:\/\/now-news.de\/de\/wp-content\/uploads\/sites\/3\/2024\/07\/66a223d9b480cc1c394bc19e.jpg\" \/><\/p>\n<div class=\"Text-root Text-type_1 \">\n                Ukrainische Medien berichten \u00fcber die Beteiligung einer neonazistischen Gruppierung am Mord an Irina Farion. In einer Videoerkl\u00e4rung sollen sich die Beteiligten zu der Tat bekannt haben. Farion habe Hass in der ukrainischen Gesellschaft gesch\u00fcrt.\n            <\/div>\n<p><\/p>\n<div class=\"Text-root Text-type_5 ArticleView-text ViewText-root \">\n<p><strong><\/strong>Die internationale Neonazigruppierung National-Socialism\/White Power hat sich f\u00fcr den Mord an der ukrainischen Nationalistin Irina Farion verantwortlich erkl\u00e4rt. Dies berichten das Nachrichtenportal <em>Strana.ua<\/em> und der TV-Sender <em>Prjamoi<\/em> unter Berufung auf eine von der Gruppierung ver\u00f6ffentlichten Videoaufnahme, in der die Mordtat zu sehen sein soll.<\/p>\n<p><em>Strana.ua<\/em> teilt mit, dass der Macher des Videos den Mord damit begr\u00fcndet habe, dass Farion\u00a0in der ukrainischen Gesellschaft einen &#8220;sprachlich motivierten Hass&#8221; entfacht habe. Wie das Portal vermutet, k\u00f6nnte sich diese Aussage auf Farions Kritik an Soldaten der ukrainischen Armee beziehen, die Russisch sprechen. Der Autor der Aufnahme habe sich als Unterst\u00fctzer des ukrainischen Milit\u00e4rs bekannt und erkl\u00e4rt, er k\u00e4mpfe gegen einen internen Gegner.<\/p>\n<p>Im November 2023 hatte Farion in einem Interview Soldaten des Asow-Regiments kritisiert, weil viele von ihnen bekanntlich Russisch sprechen. Die Politikerin riet den Angeh\u00f6rigen der Einheit, die in Russland als Terrororganisation eingestuft ist, sie sollten Ukrainisch sprechen, wenn sie &#8220;so m\u00e4chtig und intelligent&#8221; seien.<\/p>\n<p>Am 19. Juli 2024 wurde\u00a0Farion in Lwow erschossen, eine Kugel traf sie in die Schl\u00e4fe. Die ehemalige Abgeordnete des ukrainischen Parlaments erlag der Verwundung im Krankenhaus. Sie war 60 Jahre alt.<\/p>\n<p>Laut dem ukrainischen Innenministerium wurde Farion entweder aus pers\u00f6nlicher Abneigung oder wegen ihrer sozialpolitischen Aktivit\u00e4ten get\u00f6tet. Die Polizei schloss einen Auftragsmord nicht aus. Pr\u00e4sident Wladimir Selenskij sagte, die Ermittler w\u00fcrden pr\u00fcfen, ob Russland an der Tat beteiligt gewesen sei.<\/p>\n<p>Die Gruppe National-Socialism\/White Power wurde in den 2000er-Jahren in Sankt-Petersburg gegr\u00fcndet. Seitdem hat die Gruppierung mehrere Verbrechen begangen, vorwiegend an nicht-slawische Personen. Nach dem Beginn der milit\u00e4rischen Sonderoperation in der Ukraine unternahm die Organisation mehrere Brandanschl\u00e4ge auf milit\u00e4rische Rekrutierungszentren in Russland.<\/p>\n<p>Im April 2022 meldete der F\u00f6derale Sicherheitsdienst die Festnahme von Mitgliedern der Organisation, die Mordanschl\u00e4ge\u00a0auf mehrere Journalisten geplant haben sollen, unter anderem an\u00a0<em>RT<\/em>-Chefredakteurin Margarita Simonjan und dem Publizisten Wladimir Solowjow.<\/p>\n<p>Bereits am 21. Mai 2021 hatte das Oberste Gericht der Russischen F\u00f6deration die Gruppe National-Socialism\/White Power als Terrororganisation eingestuft.<\/p>\n<p><strong>Mehr zum Thema \u2013<\/strong>\u00a0<a rel=\"nofollow noopener\" target=\"_blank\" href=\"https:\/\/freedert.online\/meinung\/212964-galionsfigur-hasses-auf-tod-von\/\">Galionsfigur des Hasses: Zum Tod von Irina Farion<\/a><\/p>\n<\/div>\n<p><br \/>\n<br \/><a href=\"https:\/\/de.rt.com\/europa\/213518-neonazis-bekennen-sich-zum-mord-an-farion\/\">Source link <\/a><\/p>\n","protected":false},"excerpt":{"rendered":"<p>Ukrainische Medien berichten \u00fcber die Beteiligung einer neonazistischen Gruppierung am Mord an Irina Farion. In einer Videoerkl\u00e4rung sollen sich die Beteiligten zu der Tat bekannt haben. Farion habe Hass in der ukrainischen Gesellschaft gesch\u00fcrt. Die internationale Neonazigruppierung National-Socialism\/White Power hat sich f\u00fcr den Mord an der ukrainischen Nationalistin Irina Farion verantwortlich erkl\u00e4rt. Dies berichten das [&hellip;]<\/p>\n","protected":false},"author":3,"featured_media":65466,"comment_status":"open","ping_status":"open","sticky":false,"template":"","format":"standard","meta":{"_yoast_indexnow_last_ping":["1721913798"],"wp_automatic_camp":["217"],"3899689e37fb95670e6e7d857ff31ccb":["Neonazis bekennen sich zu Mord an ukrainischer Nationalistin Farion"],"original_link":["https:\/\/de.rt.com\/europa\/213518-neonazis-bekennen-sich-zum-mord-an-farion\/"],"_thumbnail_id":["65466"],"jnews_social_counter_last_update":["1777556821"],"_wptgpro_p2tg_sent2tg":["a:1:{i:23737;s:19:\"2024-07-25 15:24:18\";}"]},"categories":[19,23],"tags":[22029,56800,1091,56799,10706,434,488],"yoast_head":"<!-- This site is optimized with the Yoast SEO Premium plugin v22.7 (Yoast SEO v22.7) - https:\/\/yoast.com\/wordpress\/plugins\/seo\/ -->\n<title>Neonazis bekennen sich zu Mord an ukrainischer Nationalistin Farion - just-now.NEWS Deutschland<\/title>\n<meta name=\"robots\" content=\"index, follow, max-snippet:-1, max-image-preview:large, max-video-preview:-1\" \/>\n<link rel=\"canonical\" href=\"https:\/\/now-news.de\/de\/deutschland\/neonazis-bekennen-sich-zu-mord-an-ukrainischer-nationalistin-farion\/\" \/>\n<meta property=\"og:locale\" content=\"de_DE\" \/>\n<meta property=\"og:type\" content=\"article\" \/>\n<meta property=\"og:title\" content=\"Neonazis bekennen sich zu Mord an ukrainischer Nationalistin Farion\" \/>\n<meta property=\"og:description\" content=\"Ukrainische Medien berichten \u00fcber die Beteiligung einer neonazistischen Gruppierung am Mord an Irina Farion. In einer Videoerkl\u00e4rung sollen sich die Beteiligten zu der Tat bekannt haben. Farion habe Hass in der ukrainischen Gesellschaft gesch\u00fcrt. Die internationale Neonazigruppierung National-Socialism\/White Power hat sich f\u00fcr den Mord an der ukrainischen Nationalistin Irina Farion verantwortlich erkl\u00e4rt. Dies berichten das [&hellip;]\" \/>\n<meta property=\"og:url\" content=\"https:\/\/now-news.de\/de\/deutschland\/neonazis-bekennen-sich-zu-mord-an-ukrainischer-nationalistin-farion\/\" \/>\n<meta property=\"og:site_name\" content=\"just-now.NEWS Deutschland\" \/>\n<meta property=\"article:publisher\" content=\"https:\/\/www.facebook.com\/wirmachenauf\" \/>\n<meta property=\"article:published_time\" content=\"2024-07-25T13:08:19+00:00\" \/>\n<meta property=\"og:image\" content=\"https:\/\/now-news.de\/de\/wp-content\/uploads\/sites\/3\/2024\/07\/66a223d9b480cc1c394bc19e.jpg\" \/>\n<meta name=\"author\" content=\"rtnews\" \/>\n<meta name=\"twitter:card\" content=\"summary_large_image\" \/>\n<meta name=\"twitter:creator\" content=\"@WirMachenAuf_de\" \/>\n<meta name=\"twitter:site\" content=\"@WirMachenAuf_de\" \/>\n<meta name=\"twitter:label1\" content=\"Verfasst von\" \/>\n\t<meta name=\"twitter:data1\" content=\"rtnews\" \/>\n\t<meta name=\"twitter:label2\" content=\"Gesch\u00e4tzte Lesezeit\" \/>\n\t<meta name=\"twitter:data2\" content=\"2\u00a0Minuten\" \/>\n<script type=\"application\/ld+json\" class=\"yoast-schema-graph\">{\"@context\":\"https:\/\/schema.org\",\"@graph\":[{\"@type\":\"Article\",\"@id\":\"https:\/\/now-news.de\/de\/deutschland\/neonazis-bekennen-sich-zu-mord-an-ukrainischer-nationalistin-farion\/#article\",\"isPartOf\":{\"@id\":\"https:\/\/now-news.de\/de\/deutschland\/neonazis-bekennen-sich-zu-mord-an-ukrainischer-nationalistin-farion\/\"},\"author\":{\"name\":\"rtnews\",\"@id\":\"https:\/\/now-news.de\/de\/#\/schema\/person\/fb534a4e865501d8b3285208df34a9b5\"},\"headline\":\"Neonazis bekennen sich zu Mord an ukrainischer Nationalistin Farion\",\"datePublished\":\"2024-07-25T13:08:19+00:00\",\"dateModified\":\"2024-07-25T13:08:19+00:00\",\"mainEntityOfPage\":{\"@id\":\"https:\/\/now-news.de\/de\/deutschland\/neonazis-bekennen-sich-zu-mord-an-ukrainischer-nationalistin-farion\/\"},\"wordCount\":398,\"commentCount\":0,\"publisher\":{\"@id\":\"https:\/\/now-news.de\/de\/#organization\"},\"image\":{\"@id\":\"https:\/\/now-news.de\/de\/deutschland\/neonazis-bekennen-sich-zu-mord-an-ukrainischer-nationalistin-farion\/#primaryimage\"},\"thumbnailUrl\":\"https:\/\/now-news.de\/de\/wp-content\/uploads\/sites\/3\/2024\/07\/Neonazis-bekennen-sich-zu-Mord-an-ukrainischer-Nationalistin-Farion.jpg\",\"keywords\":[\"bekennen\",\"Farion\",\"Mord\",\"Nationalistin\",\"Neonazis\",\"sich\",\"Ukrainischer\"],\"articleSection\":[\"Deutschland\",\"Russland\"],\"inLanguage\":\"de\",\"potentialAction\":[{\"@type\":\"CommentAction\",\"name\":\"Comment\",\"target\":[\"https:\/\/now-news.de\/de\/deutschland\/neonazis-bekennen-sich-zu-mord-an-ukrainischer-nationalistin-farion\/#respond\"]}]},{\"@type\":\"WebPage\",\"@id\":\"https:\/\/now-news.de\/de\/deutschland\/neonazis-bekennen-sich-zu-mord-an-ukrainischer-nationalistin-farion\/\",\"url\":\"https:\/\/now-news.de\/de\/deutschland\/neonazis-bekennen-sich-zu-mord-an-ukrainischer-nationalistin-farion\/\",\"name\":\"Neonazis bekennen sich zu Mord an ukrainischer Nationalistin Farion - just-now.NEWS Deutschland\",\"isPartOf\":{\"@id\":\"https:\/\/now-news.de\/de\/#website\"},\"primaryImageOfPage\":{\"@id\":\"https:\/\/now-news.de\/de\/deutschland\/neonazis-bekennen-sich-zu-mord-an-ukrainischer-nationalistin-farion\/#primaryimage\"},\"image\":{\"@id\":\"https:\/\/now-news.de\/de\/deutschland\/neonazis-bekennen-sich-zu-mord-an-ukrainischer-nationalistin-farion\/#primaryimage\"},\"thumbnailUrl\":\"https:\/\/now-news.de\/de\/wp-content\/uploads\/sites\/3\/2024\/07\/Neonazis-bekennen-sich-zu-Mord-an-ukrainischer-Nationalistin-Farion.jpg\",\"datePublished\":\"2024-07-25T13:08:19+00:00\",\"dateModified\":\"2024-07-25T13:08:19+00:00\",\"breadcrumb\":{\"@id\":\"https:\/\/now-news.de\/de\/deutschland\/neonazis-bekennen-sich-zu-mord-an-ukrainischer-nationalistin-farion\/#breadcrumb\"},\"inLanguage\":\"de\",\"potentialAction\":[{\"@type\":\"ReadAction\",\"target\":[\"https:\/\/now-news.de\/de\/deutschland\/neonazis-bekennen-sich-zu-mord-an-ukrainischer-nationalistin-farion\/\"]}]},{\"@type\":\"ImageObject\",\"inLanguage\":\"de\",\"@id\":\"https:\/\/now-news.de\/de\/deutschland\/neonazis-bekennen-sich-zu-mord-an-ukrainischer-nationalistin-farion\/#primaryimage\",\"url\":\"https:\/\/now-news.de\/de\/wp-content\/uploads\/sites\/3\/2024\/07\/Neonazis-bekennen-sich-zu-Mord-an-ukrainischer-Nationalistin-Farion.jpg\",\"contentUrl\":\"https:\/\/now-news.de\/de\/wp-content\/uploads\/sites\/3\/2024\/07\/Neonazis-bekennen-sich-zu-Mord-an-ukrainischer-Nationalistin-Farion.jpg\",\"width\":460,\"height\":259,\"caption\":\"Neonazis bekennen sich zu Mord an ukrainischer Nationalistin Farion\"},{\"@type\":\"BreadcrumbList\",\"@id\":\"https:\/\/now-news.de\/de\/deutschland\/neonazis-bekennen-sich-zu-mord-an-ukrainischer-nationalistin-farion\/#breadcrumb\",\"itemListElement\":[{\"@type\":\"ListItem\",\"position\":1,\"name\":\"Home\",\"item\":\"https:\/\/now-news.de\/de\/\"},{\"@type\":\"ListItem\",\"position\":2,\"name\":\"Neonazis bekennen sich zu Mord an ukrainischer Nationalistin Farion\"}]},{\"@type\":\"WebSite\",\"@id\":\"https:\/\/now-news.de\/de\/#website\",\"url\":\"https:\/\/now-news.de\/de\/\",\"name\":\"just-now.NEWS Deutschland\",\"description\":\"Das Portal f\u00fcr unzensierte Nachrichten aus der Welt\",\"publisher\":{\"@id\":\"https:\/\/now-news.de\/de\/#organization\"},\"potentialAction\":[{\"@type\":\"SearchAction\",\"target\":{\"@type\":\"EntryPoint\",\"urlTemplate\":\"https:\/\/now-news.de\/de\/?s={search_term_string}\"},\"query-input\":\"required name=search_term_string\"}],\"inLanguage\":\"de\"},{\"@type\":\"Organization\",\"@id\":\"https:\/\/now-news.de\/de\/#organization\",\"name\":\"Just Now News\",\"url\":\"https:\/\/now-news.de\/de\/\",\"logo\":{\"@type\":\"ImageObject\",\"inLanguage\":\"de\",\"@id\":\"https:\/\/now-news.de\/de\/#\/schema\/logo\/image\/\",\"url\":\"http:\/\/just-now.news\/de\/wp-content\/uploads\/sites\/3\/2022\/04\/logo500x500.jpg\",\"contentUrl\":\"http:\/\/just-now.news\/de\/wp-content\/uploads\/sites\/3\/2022\/04\/logo500x500.jpg\",\"width\":500,\"height\":500,\"caption\":\"Just Now News\"},\"image\":{\"@id\":\"https:\/\/now-news.de\/de\/#\/schema\/logo\/image\/\"},\"sameAs\":[\"https:\/\/www.facebook.com\/wirmachenauf\",\"https:\/\/x.com\/WirMachenAuf_de\"]},{\"@type\":\"Person\",\"@id\":\"https:\/\/now-news.de\/de\/#\/schema\/person\/fb534a4e865501d8b3285208df34a9b5\",\"name\":\"rtnews\",\"image\":{\"@type\":\"ImageObject\",\"inLanguage\":\"de\",\"@id\":\"https:\/\/now-news.de\/de\/#\/schema\/person\/image\/\",\"url\":\"https:\/\/secure.gravatar.com\/avatar\/82aafea7d8127119dd649515f56e2117?s=96&d=mm&r=g\",\"contentUrl\":\"https:\/\/secure.gravatar.com\/avatar\/82aafea7d8127119dd649515f56e2117?s=96&d=mm&r=g\",\"caption\":\"rtnews\"},\"url\":\"https:\/\/now-news.de\/de\/author\/rnews\/\"}]}<\/script>\n<!-- \/ Yoast SEO Premium plugin. -->","yoast_head_json":{"title":"Neonazis bekennen sich zu Mord an ukrainischer Nationalistin Farion - just-now.NEWS Deutschland","robots":{"index":"index","follow":"follow","max-snippet":"max-snippet:-1","max-image-preview":"max-image-preview:large","max-video-preview":"max-video-preview:-1"},"canonical":"https:\/\/now-news.de\/de\/deutschland\/neonazis-bekennen-sich-zu-mord-an-ukrainischer-nationalistin-farion\/","og_locale":"de_DE","og_type":"article","og_title":"Neonazis bekennen sich zu Mord an ukrainischer Nationalistin Farion","og_description":"Ukrainische Medien berichten \u00fcber die Beteiligung einer neonazistischen Gruppierung am Mord an Irina Farion. In einer Videoerkl\u00e4rung sollen sich die Beteiligten zu der Tat bekannt haben. Farion habe Hass in der ukrainischen Gesellschaft gesch\u00fcrt. Die internationale Neonazigruppierung National-Socialism\/White Power hat sich f\u00fcr den Mord an der ukrainischen Nationalistin Irina Farion verantwortlich erkl\u00e4rt. Dies berichten das [&hellip;]","og_url":"https:\/\/now-news.de\/de\/deutschland\/neonazis-bekennen-sich-zu-mord-an-ukrainischer-nationalistin-farion\/","og_site_name":"just-now.NEWS Deutschland","article_publisher":"https:\/\/www.facebook.com\/wirmachenauf","article_published_time":"2024-07-25T13:08:19+00:00","og_image":[{"url":"https:\/\/now-news.de\/de\/wp-content\/uploads\/sites\/3\/2024\/07\/66a223d9b480cc1c394bc19e.jpg"}],"author":"rtnews","twitter_card":"summary_large_image","twitter_creator":"@WirMachenAuf_de","twitter_site":"@WirMachenAuf_de","twitter_misc":{"Verfasst von":"rtnews","Gesch\u00e4tzte Lesezeit":"2\u00a0Minuten"},"schema":{"@context":"https:\/\/schema.org","@graph":[{"@type":"Article","@id":"https:\/\/now-news.de\/de\/deutschland\/neonazis-bekennen-sich-zu-mord-an-ukrainischer-nationalistin-farion\/#article","isPartOf":{"@id":"https:\/\/now-news.de\/de\/deutschland\/neonazis-bekennen-sich-zu-mord-an-ukrainischer-nationalistin-farion\/"},"author":{"name":"rtnews","@id":"https:\/\/now-news.de\/de\/#\/schema\/person\/fb534a4e865501d8b3285208df34a9b5"},"headline":"Neonazis bekennen sich zu Mord an ukrainischer Nationalistin Farion","datePublished":"2024-07-25T13:08:19+00:00","dateModified":"2024-07-25T13:08:19+00:00","mainEntityOfPage":{"@id":"https:\/\/now-news.de\/de\/deutschland\/neonazis-bekennen-sich-zu-mord-an-ukrainischer-nationalistin-farion\/"},"wordCount":398,"commentCount":0,"publisher":{"@id":"https:\/\/now-news.de\/de\/#organization"},"image":{"@id":"https:\/\/now-news.de\/de\/deutschland\/neonazis-bekennen-sich-zu-mord-an-ukrainischer-nationalistin-farion\/#primaryimage"},"thumbnailUrl":"https:\/\/now-news.de\/de\/wp-content\/uploads\/sites\/3\/2024\/07\/Neonazis-bekennen-sich-zu-Mord-an-ukrainischer-Nationalistin-Farion.jpg","keywords":["bekennen","Farion","Mord","Nationalistin","Neonazis","sich","Ukrainischer"],"articleSection":["Deutschland","Russland"],"inLanguage":"de","potentialAction":[{"@type":"CommentAction","name":"Comment","target":["https:\/\/now-news.de\/de\/deutschland\/neonazis-bekennen-sich-zu-mord-an-ukrainischer-nationalistin-farion\/#respond"]}]},{"@type":"WebPage","@id":"https:\/\/now-news.de\/de\/deutschland\/neonazis-bekennen-sich-zu-mord-an-ukrainischer-nationalistin-farion\/","url":"https:\/\/now-news.de\/de\/deutschland\/neonazis-bekennen-sich-zu-mord-an-ukrainischer-nationalistin-farion\/","name":"Neonazis bekennen sich zu Mord an ukrainischer Nationalistin Farion - just-now.NEWS Deutschland","isPartOf":{"@id":"https:\/\/now-news.de\/de\/#website"},"primaryImageOfPage":{"@id":"https:\/\/now-news.de\/de\/deutschland\/neonazis-bekennen-sich-zu-mord-an-ukrainischer-nationalistin-farion\/#primaryimage"},"image":{"@id":"https:\/\/now-news.de\/de\/deutschland\/neonazis-bekennen-sich-zu-mord-an-ukrainischer-nationalistin-farion\/#primaryimage"},"thumbnailUrl":"https:\/\/now-news.de\/de\/wp-content\/uploads\/sites\/3\/2024\/07\/Neonazis-bekennen-sich-zu-Mord-an-ukrainischer-Nationalistin-Farion.jpg","datePublished":"2024-07-25T13:08:19+00:00","dateModified":"2024-07-25T13:08:19+00:00","breadcrumb":{"@id":"https:\/\/now-news.de\/de\/deutschland\/neonazis-bekennen-sich-zu-mord-an-ukrainischer-nationalistin-farion\/#breadcrumb"},"inLanguage":"de","potentialAction":[{"@type":"ReadAction","target":["https:\/\/now-news.de\/de\/deutschland\/neonazis-bekennen-sich-zu-mord-an-ukrainischer-nationalistin-farion\/"]}]},{"@type":"ImageObject","inLanguage":"de","@id":"https:\/\/now-news.de\/de\/deutschland\/neonazis-bekennen-sich-zu-mord-an-ukrainischer-nationalistin-farion\/#primaryimage","url":"https:\/\/now-news.de\/de\/wp-content\/uploads\/sites\/3\/2024\/07\/Neonazis-bekennen-sich-zu-Mord-an-ukrainischer-Nationalistin-Farion.jpg","contentUrl":"https:\/\/now-news.de\/de\/wp-content\/uploads\/sites\/3\/2024\/07\/Neonazis-bekennen-sich-zu-Mord-an-ukrainischer-Nationalistin-Farion.jpg","width":460,"height":259,"caption":"Neonazis bekennen sich zu Mord an ukrainischer Nationalistin Farion"},{"@type":"BreadcrumbList","@id":"https:\/\/now-news.de\/de\/deutschland\/neonazis-bekennen-sich-zu-mord-an-ukrainischer-nationalistin-farion\/#breadcrumb","itemListElement":[{"@type":"ListItem","position":1,"name":"Home","item":"https:\/\/now-news.de\/de\/"},{"@type":"ListItem","position":2,"name":"Neonazis bekennen sich zu Mord an ukrainischer Nationalistin Farion"}]},{"@type":"WebSite","@id":"https:\/\/now-news.de\/de\/#website","url":"https:\/\/now-news.de\/de\/","name":"just-now.NEWS Deutschland","description":"Das Portal f\u00fcr unzensierte Nachrichten aus der Welt","publisher":{"@id":"https:\/\/now-news.de\/de\/#organization"},"potentialAction":[{"@type":"SearchAction","target":{"@type":"EntryPoint","urlTemplate":"https:\/\/now-news.de\/de\/?s={search_term_string}"},"query-input":"required name=search_term_string"}],"inLanguage":"de"},{"@type":"Organization","@id":"https:\/\/now-news.de\/de\/#organization","name":"Just Now News","url":"https:\/\/now-news.de\/de\/","logo":{"@type":"ImageObject","inLanguage":"de","@id":"https:\/\/now-news.de\/de\/#\/schema\/logo\/image\/","url":"http:\/\/just-now.news\/de\/wp-content\/uploads\/sites\/3\/2022\/04\/logo500x500.jpg","contentUrl":"http:\/\/just-now.news\/de\/wp-content\/uploads\/sites\/3\/2022\/04\/logo500x500.jpg","width":500,"height":500,"caption":"Just Now News"},"image":{"@id":"https:\/\/now-news.de\/de\/#\/schema\/logo\/image\/"},"sameAs":["https:\/\/www.facebook.com\/wirmachenauf","https:\/\/x.com\/WirMachenAuf_de"]},{"@type":"Person","@id":"https:\/\/now-news.de\/de\/#\/schema\/person\/fb534a4e865501d8b3285208df34a9b5","name":"rtnews","image":{"@type":"ImageObject","inLanguage":"de","@id":"https:\/\/now-news.de\/de\/#\/schema\/person\/image\/","url":"https:\/\/secure.gravatar.com\/avatar\/82aafea7d8127119dd649515f56e2117?s=96&d=mm&r=g","contentUrl":"https:\/\/secure.gravatar.com\/avatar\/82aafea7d8127119dd649515f56e2117?s=96&d=mm&r=g","caption":"rtnews"},"url":"https:\/\/now-news.de\/de\/author\/rnews\/"}]}},"_links":{"self":[{"href":"https:\/\/now-news.de\/de\/wp-json\/wp\/v2\/posts\/65465"}],"collection":[{"href":"https:\/\/now-news.de\/de\/wp-json\/wp\/v2\/posts"}],"about":[{"href":"https:\/\/now-news.de\/de\/wp-json\/wp\/v2\/types\/post"}],"author":[{"embeddable":true,"href":"https:\/\/now-news.de\/de\/wp-json\/wp\/v2\/users\/3"}],"replies":[{"embeddable":true,"href":"https:\/\/now-news.de\/de\/wp-json\/wp\/v2\/comments?post=65465"}],"version-history":[{"count":0,"href":"https:\/\/now-news.de\/de\/wp-json\/wp\/v2\/posts\/65465\/revisions"}],"wp:featuredmedia":[{"embeddable":true,"href":"https:\/\/now-news.de\/de\/wp-json\/wp\/v2\/media\/65466"}],"wp:attachment":[{"href":"https:\/\/now-news.de\/de\/wp-json\/wp\/v2\/media?parent=65465"}],"wp:term":[{"taxonomy":"category","embeddable":true,"href":"https:\/\/now-news.de\/de\/wp-json\/wp\/v2\/categories?post=65465"},{"taxonomy":"post_tag","embeddable":true,"href":"https:\/\/now-news.de\/de\/wp-json\/wp\/v2\/tags?post=65465"}],"curies":[{"name":"wp","href":"https:\/\/api.w.org\/{rel}","templated":true}]}}