{"id":65461,"date":"2024-07-25T14:33:25","date_gmt":"2024-07-25T12:33:25","guid":{"rendered":"https:\/\/now-news.de\/de\/deutschland\/ausgrenzende-politik-ullstein-verlag-schmeisst-j-d-vance-aus-dem-programm\/"},"modified":"2024-07-25T14:33:25","modified_gmt":"2024-07-25T12:33:25","slug":"ausgrenzende-politik-ullstein-verlag-schmeisst-j-d-vance-aus-dem-programm","status":"publish","type":"post","link":"https:\/\/now-news.de\/de\/deutschland\/ausgrenzende-politik-ullstein-verlag-schmeisst-j-d-vance-aus-dem-programm\/","title":{"rendered":"&quot;Ausgrenzende Politik&quot;: Ullstein-Verlag schmei\u00dft J.D. Vance aus dem Programm"},"content":{"rendered":"<p><img decoding=\"async\" src=\"https:\/\/now-news.de\/de\/wp-content\/uploads\/sites\/3\/2024\/07\/66a20698b480cc3b67518105.jpg\" \/><\/p>\n<div class=\"Text-root Text-type_1 \">\n                J.D. Vance, Vizepr\u00e4sidentschaftskandidat der US-Republikaner, hat vor acht Jahren ein Buch geschrieben, das auch in Deutschland ein Bestseller war. Trotzdem hat es sein deutscher Verlag aus dem Programm genommen. Der Grund: Vances N\u00e4he zu Trump.\n            <\/div>\n<p><\/p>\n<div class=\"Text-root Text-type_5 ArticleView-text ViewText-root \">\n<p>Der Bestseller &#8220;Hillbilly-Elegie&#8221; des US-Autors und Politikers\u00a0J.D. Vance wird in Deutschland nicht neu aufgelegt. Der\u00a0Ullstein-Verlag best\u00e4tigte gegen\u00fcber dem Magazin Spiegel, man habe sich in der vergangenen Woche daf\u00fcr entschieden, den Lizenzvertrag mit J.D. Vance nicht zu verl\u00e4ngern und keinen Nachdruck zu liefern.<\/p>\n<p>Die im Ullstein-Verlag erschienene deutsche \u00dcbersetzung von 2017 ist vergriffen, die letzte Auflage ausverkauft. Der Verlag listet das Buch nicht mehr im Verlagsprogramm auf. Auch auf seinem Internetauftritt ist es nicht zu finden.<\/p>\n<p>&#8220;Hillbilly-Elegie&#8221; erschien im Original 2016 in den USA. Das Buch wurde zum Bestseller, auch in Deutschland, wo im 2017 Ullstein-Verlag die deutsche \u00dcbersetzung erschien. Vance erz\u00e4hlt darin von seinem Aufwachsen in einer Familie von &#8220;Hinterw\u00e4ldlern&#8221; und Abgeh\u00e4ngten, in einem von Armut und Drogen gepr\u00e4gten Milieu.<\/p>\n<p>Sein Buch wurde als Erkl\u00e4rung f\u00fcr den Erfolg\u00a0 des fr\u00fcheren US-Pr\u00e4sidenten und heutigen Pr\u00e4sidentschaftskandidaten Donald Trump bei den W\u00e4hlern aus dem verarmten, wei\u00dfen Arbeitermilieu gefeiert. Auch Bundeskanzler Olaf Scholz <a rel=\"nofollow noopener\" target=\"_blank\" href=\"https:\/\/www.sueddeutsche.de\/projekte\/artikel\/kultur\/olaf-scholz-bundeskanzler-lesen-interview-e915322\/\">erkl\u00e4rte<\/a>\u00a0gegen\u00fcber der <em>S\u00fcddeutschen Zeitung<\/em>, die Lekt\u00fcre habe ihn zu Tr\u00e4nen ger\u00fchrt.<\/p>\n<p>Nun allerdings ist Vance von Trump zum Vizepr\u00e4sidentschaftskandidaten der Republikaner gek\u00fcrt worden, und damit scheint sich auch der Blick auf sein Buch ge\u00e4ndert zu haben. Gegen\u00fcber dem <em>Spiegel<\/em> \u00e4u\u00dferte sich der Ullstein-Verlag so:<\/p>\n<p><em>&#8220;Zum Zeitpunkt des Erscheinens lieferte das Buch einen wertvollen Beitrag zum Verst\u00e4ndnis des Auseinanderdriftens der US-Gesellschaft.&#8221; <\/em><\/p>\n<p>Vance, so hei\u00dft es weiter, habe eine &#8220;authentische Darstellung&#8221; vom Aufwachsen in der verarmten wei\u00dfen Arbeiterklasse geboten. Zudem, das scheint dem Verlag wichtig, habe er sich damals wiederholt von Donald Trump distanziert. Das habe sich nun ge\u00e4ndert, weswegen man sich entschlossen habe, den Verlag mit Vance nicht zu verl\u00e4ngern:<\/p>\n<p><em>&#8220;Inzwischen agiert er offiziell an dessen [Trumps] Seite und vertritt eine aggressiv-demagogische, ausgrenzende Politik.&#8221;<\/em><\/p>\n<p>Doch eine Neuauflage des Buches ist in Sicht \u2013 bei einem anderen Verlag. Der M\u00fcnchener Verlag YES Publishing, erkl\u00e4rte bereits am 15. August eine Neuauflage der &#8220;Hillbilly-Elegie&#8221; herauszugeben. Man habe die Rechte kurzfristig bei der Agentur in den USA gekauft, als man erfahren habe, dass Ullstein nicht verl\u00e4ngert, erkl\u00e4rte der Gr\u00fcnder laut <em>Spiegel<\/em>.<\/p>\n<p><strong>Mehr zum Thema<\/strong> &#8211; <a rel=\"nofollow noopener\" target=\"_blank\" href=\"https:\/\/freedert.online\/international\/212741-lawrow-lobt-vom-trump-als\/\">Lawrow lobt den von Trump als m\u00f6glichen Vize pr\u00e4sentierten J.D. Vance<\/a><\/p>\n<div class=\"EmbedBlock-root EmbedBlock-externalVideo EmbedBlock-odysee\">\n<div class=\"VkEmbed\"><iframe class=\"lazyload\" data-src=\"https:\/\/odysee.com\/%24\/embed\/%40RTDE%3Ae%2F-L%C3%A4cherliche-gr%C3%BCne-Energiepolitik---Trumps-neuer-Vize-Vance-kritisiert-Deutschlands-Deindustrialisierung%3A0\" frameborder=\"0\" width=\"853\" height=\"480\" allowfullscreen><\/iframe><\/div>\n<\/div>\n<\/div>\n<p><br \/>\n<br \/><a href=\"https:\/\/de.rt.com\/inland\/213493-ausgrenzende-politik-ullstein-verlag-schmeisst\/\">Source link <\/a><\/p>\n","protected":false},"excerpt":{"rendered":"<p>J.D. Vance, Vizepr\u00e4sidentschaftskandidat der US-Republikaner, hat vor acht Jahren ein Buch geschrieben, das auch in Deutschland ein Bestseller war. Trotzdem hat es sein deutscher Verlag aus dem Programm genommen. Der Grund: Vances N\u00e4he zu Trump. Der Bestseller &#8220;Hillbilly-Elegie&#8221; des US-Autors und Politikers\u00a0J.D. Vance wird in Deutschland nicht neu aufgelegt. Der\u00a0Ullstein-Verlag best\u00e4tigte gegen\u00fcber dem Magazin Spiegel, [&hellip;]<\/p>\n","protected":false},"author":3,"featured_media":65462,"comment_status":"open","ping_status":"open","sticky":false,"template":"","format":"standard","meta":{"_yoast_indexnow_last_ping":["1721910924"],"wp_automatic_camp":["217"],"8c45e835bbdd40aedb3a8871e5e50f1c":["&quot;Ausgrenzende Politik&quot;: Ullstein-Verlag schmei\u00dft J.D. Vance aus dem Programm"],"original_link":["https:\/\/de.rt.com\/inland\/213493-ausgrenzende-politik-ullstein-verlag-schmeisst\/"],"_thumbnail_id":["65462"],"jnews_social_counter_last_update":["1777167918"],"_wptgpro_p2tg_sent2tg":["a:1:{i:23737;s:19:\"2024-07-25 14:36:50\";}"]},"categories":[19,23],"tags":[679,134,56652,23100,30021,56969,25312,56970,18340],"yoast_head":"<!-- This site is optimized with the Yoast SEO Premium plugin v22.7 (Yoast SEO v22.7) - https:\/\/yoast.com\/wordpress\/plugins\/seo\/ -->\n<title>&quot;Ausgrenzende Politik&quot;: Ullstein-Verlag schmei\u00dft J.D. Vance aus dem Programm - just-now.NEWS Deutschland<\/title>\n<meta name=\"robots\" content=\"index, follow, max-snippet:-1, max-image-preview:large, max-video-preview:-1\" \/>\n<link rel=\"canonical\" href=\"https:\/\/now-news.de\/de\/deutschland\/ausgrenzende-politik-ullstein-verlag-schmeisst-j-d-vance-aus-dem-programm\/\" \/>\n<meta property=\"og:locale\" content=\"de_DE\" \/>\n<meta property=\"og:type\" content=\"article\" \/>\n<meta property=\"og:title\" content=\"&quot;Ausgrenzende Politik&quot;: Ullstein-Verlag schmei\u00dft J.D. Vance aus dem Programm\" \/>\n<meta property=\"og:description\" content=\"J.D. Vance, Vizepr\u00e4sidentschaftskandidat der US-Republikaner, hat vor acht Jahren ein Buch geschrieben, das auch in Deutschland ein Bestseller war. Trotzdem hat es sein deutscher Verlag aus dem Programm genommen. Der Grund: Vances N\u00e4he zu Trump. Der Bestseller &#8220;Hillbilly-Elegie&#8221; des US-Autors und Politikers\u00a0J.D. Vance wird in Deutschland nicht neu aufgelegt. Der\u00a0Ullstein-Verlag best\u00e4tigte gegen\u00fcber dem Magazin Spiegel, [&hellip;]\" \/>\n<meta property=\"og:url\" content=\"https:\/\/now-news.de\/de\/deutschland\/ausgrenzende-politik-ullstein-verlag-schmeisst-j-d-vance-aus-dem-programm\/\" \/>\n<meta property=\"og:site_name\" content=\"just-now.NEWS Deutschland\" \/>\n<meta property=\"article:publisher\" content=\"https:\/\/www.facebook.com\/wirmachenauf\" \/>\n<meta property=\"article:published_time\" content=\"2024-07-25T12:33:25+00:00\" \/>\n<meta property=\"og:image\" content=\"https:\/\/now-news.de\/de\/wp-content\/uploads\/sites\/3\/2024\/07\/66a20698b480cc3b67518105.jpg\" \/>\n<meta name=\"author\" content=\"rtnews\" \/>\n<meta name=\"twitter:card\" content=\"summary_large_image\" \/>\n<meta name=\"twitter:creator\" content=\"@WirMachenAuf_de\" \/>\n<meta name=\"twitter:site\" content=\"@WirMachenAuf_de\" \/>\n<meta name=\"twitter:label1\" content=\"Verfasst von\" \/>\n\t<meta name=\"twitter:data1\" content=\"rtnews\" \/>\n\t<meta name=\"twitter:label2\" content=\"Gesch\u00e4tzte Lesezeit\" \/>\n\t<meta name=\"twitter:data2\" content=\"2\u00a0Minuten\" \/>\n<script type=\"application\/ld+json\" class=\"yoast-schema-graph\">{\"@context\":\"https:\/\/schema.org\",\"@graph\":[{\"@type\":\"Article\",\"@id\":\"https:\/\/now-news.de\/de\/deutschland\/ausgrenzende-politik-ullstein-verlag-schmeisst-j-d-vance-aus-dem-programm\/#article\",\"isPartOf\":{\"@id\":\"https:\/\/now-news.de\/de\/deutschland\/ausgrenzende-politik-ullstein-verlag-schmeisst-j-d-vance-aus-dem-programm\/\"},\"author\":{\"name\":\"rtnews\",\"@id\":\"https:\/\/now-news.de\/de\/#\/schema\/person\/fb534a4e865501d8b3285208df34a9b5\"},\"headline\":\"&quot;Ausgrenzende Politik&quot;: Ullstein-Verlag schmei\u00dft J.D. Vance aus dem Programm\",\"datePublished\":\"2024-07-25T12:33:25+00:00\",\"dateModified\":\"2024-07-25T12:33:25+00:00\",\"mainEntityOfPage\":{\"@id\":\"https:\/\/now-news.de\/de\/deutschland\/ausgrenzende-politik-ullstein-verlag-schmeisst-j-d-vance-aus-dem-programm\/\"},\"wordCount\":433,\"commentCount\":0,\"publisher\":{\"@id\":\"https:\/\/now-news.de\/de\/#organization\"},\"image\":{\"@id\":\"https:\/\/now-news.de\/de\/deutschland\/ausgrenzende-politik-ullstein-verlag-schmeisst-j-d-vance-aus-dem-programm\/#primaryimage\"},\"thumbnailUrl\":\"https:\/\/now-news.de\/de\/wp-content\/uploads\/sites\/3\/2024\/07\/quotAusgrenzende-Politikquot-Ullstein-Verlag-schmeisst-JD-Vance-aus-dem-Programm.jpg\",\"keywords\":[\"aus\",\"DEM\",\"J.D\",\"Politikquot\",\"Programm\",\"quotAusgrenzende\",\"schmei\u00dft\",\"UllsteinVerlag\",\"Vance\"],\"articleSection\":[\"Deutschland\",\"Russland\"],\"inLanguage\":\"de\",\"potentialAction\":[{\"@type\":\"CommentAction\",\"name\":\"Comment\",\"target\":[\"https:\/\/now-news.de\/de\/deutschland\/ausgrenzende-politik-ullstein-verlag-schmeisst-j-d-vance-aus-dem-programm\/#respond\"]}]},{\"@type\":\"WebPage\",\"@id\":\"https:\/\/now-news.de\/de\/deutschland\/ausgrenzende-politik-ullstein-verlag-schmeisst-j-d-vance-aus-dem-programm\/\",\"url\":\"https:\/\/now-news.de\/de\/deutschland\/ausgrenzende-politik-ullstein-verlag-schmeisst-j-d-vance-aus-dem-programm\/\",\"name\":\"&quot;Ausgrenzende Politik&quot;: Ullstein-Verlag schmei\u00dft J.D. Vance aus dem Programm - just-now.NEWS Deutschland\",\"isPartOf\":{\"@id\":\"https:\/\/now-news.de\/de\/#website\"},\"primaryImageOfPage\":{\"@id\":\"https:\/\/now-news.de\/de\/deutschland\/ausgrenzende-politik-ullstein-verlag-schmeisst-j-d-vance-aus-dem-programm\/#primaryimage\"},\"image\":{\"@id\":\"https:\/\/now-news.de\/de\/deutschland\/ausgrenzende-politik-ullstein-verlag-schmeisst-j-d-vance-aus-dem-programm\/#primaryimage\"},\"thumbnailUrl\":\"https:\/\/now-news.de\/de\/wp-content\/uploads\/sites\/3\/2024\/07\/quotAusgrenzende-Politikquot-Ullstein-Verlag-schmeisst-JD-Vance-aus-dem-Programm.jpg\",\"datePublished\":\"2024-07-25T12:33:25+00:00\",\"dateModified\":\"2024-07-25T12:33:25+00:00\",\"breadcrumb\":{\"@id\":\"https:\/\/now-news.de\/de\/deutschland\/ausgrenzende-politik-ullstein-verlag-schmeisst-j-d-vance-aus-dem-programm\/#breadcrumb\"},\"inLanguage\":\"de\",\"potentialAction\":[{\"@type\":\"ReadAction\",\"target\":[\"https:\/\/now-news.de\/de\/deutschland\/ausgrenzende-politik-ullstein-verlag-schmeisst-j-d-vance-aus-dem-programm\/\"]}]},{\"@type\":\"ImageObject\",\"inLanguage\":\"de\",\"@id\":\"https:\/\/now-news.de\/de\/deutschland\/ausgrenzende-politik-ullstein-verlag-schmeisst-j-d-vance-aus-dem-programm\/#primaryimage\",\"url\":\"https:\/\/now-news.de\/de\/wp-content\/uploads\/sites\/3\/2024\/07\/quotAusgrenzende-Politikquot-Ullstein-Verlag-schmeisst-JD-Vance-aus-dem-Programm.jpg\",\"contentUrl\":\"https:\/\/now-news.de\/de\/wp-content\/uploads\/sites\/3\/2024\/07\/quotAusgrenzende-Politikquot-Ullstein-Verlag-schmeisst-JD-Vance-aus-dem-Programm.jpg\",\"width\":460,\"height\":259,\"caption\":\"&quot;Ausgrenzende Politik&quot;: Ullstein-Verlag schmei\u00dft J.D. Vance aus dem Programm\"},{\"@type\":\"BreadcrumbList\",\"@id\":\"https:\/\/now-news.de\/de\/deutschland\/ausgrenzende-politik-ullstein-verlag-schmeisst-j-d-vance-aus-dem-programm\/#breadcrumb\",\"itemListElement\":[{\"@type\":\"ListItem\",\"position\":1,\"name\":\"Home\",\"item\":\"https:\/\/now-news.de\/de\/\"},{\"@type\":\"ListItem\",\"position\":2,\"name\":\"&quot;Ausgrenzende Politik&quot;: Ullstein-Verlag schmei\u00dft J.D. Vance aus dem Programm\"}]},{\"@type\":\"WebSite\",\"@id\":\"https:\/\/now-news.de\/de\/#website\",\"url\":\"https:\/\/now-news.de\/de\/\",\"name\":\"just-now.NEWS Deutschland\",\"description\":\"Das Portal f\u00fcr unzensierte Nachrichten aus der Welt\",\"publisher\":{\"@id\":\"https:\/\/now-news.de\/de\/#organization\"},\"potentialAction\":[{\"@type\":\"SearchAction\",\"target\":{\"@type\":\"EntryPoint\",\"urlTemplate\":\"https:\/\/now-news.de\/de\/?s={search_term_string}\"},\"query-input\":\"required name=search_term_string\"}],\"inLanguage\":\"de\"},{\"@type\":\"Organization\",\"@id\":\"https:\/\/now-news.de\/de\/#organization\",\"name\":\"Just Now News\",\"url\":\"https:\/\/now-news.de\/de\/\",\"logo\":{\"@type\":\"ImageObject\",\"inLanguage\":\"de\",\"@id\":\"https:\/\/now-news.de\/de\/#\/schema\/logo\/image\/\",\"url\":\"http:\/\/just-now.news\/de\/wp-content\/uploads\/sites\/3\/2022\/04\/logo500x500.jpg\",\"contentUrl\":\"http:\/\/just-now.news\/de\/wp-content\/uploads\/sites\/3\/2022\/04\/logo500x500.jpg\",\"width\":500,\"height\":500,\"caption\":\"Just Now News\"},\"image\":{\"@id\":\"https:\/\/now-news.de\/de\/#\/schema\/logo\/image\/\"},\"sameAs\":[\"https:\/\/www.facebook.com\/wirmachenauf\",\"https:\/\/x.com\/WirMachenAuf_de\"]},{\"@type\":\"Person\",\"@id\":\"https:\/\/now-news.de\/de\/#\/schema\/person\/fb534a4e865501d8b3285208df34a9b5\",\"name\":\"rtnews\",\"image\":{\"@type\":\"ImageObject\",\"inLanguage\":\"de\",\"@id\":\"https:\/\/now-news.de\/de\/#\/schema\/person\/image\/\",\"url\":\"https:\/\/secure.gravatar.com\/avatar\/82aafea7d8127119dd649515f56e2117?s=96&d=mm&r=g\",\"contentUrl\":\"https:\/\/secure.gravatar.com\/avatar\/82aafea7d8127119dd649515f56e2117?s=96&d=mm&r=g\",\"caption\":\"rtnews\"},\"url\":\"https:\/\/now-news.de\/de\/author\/rnews\/\"}]}<\/script>\n<!-- \/ Yoast SEO Premium plugin. -->","yoast_head_json":{"title":"&quot;Ausgrenzende Politik&quot;: Ullstein-Verlag schmei\u00dft J.D. Vance aus dem Programm - just-now.NEWS Deutschland","robots":{"index":"index","follow":"follow","max-snippet":"max-snippet:-1","max-image-preview":"max-image-preview:large","max-video-preview":"max-video-preview:-1"},"canonical":"https:\/\/now-news.de\/de\/deutschland\/ausgrenzende-politik-ullstein-verlag-schmeisst-j-d-vance-aus-dem-programm\/","og_locale":"de_DE","og_type":"article","og_title":"&quot;Ausgrenzende Politik&quot;: Ullstein-Verlag schmei\u00dft J.D. Vance aus dem Programm","og_description":"J.D. Vance, Vizepr\u00e4sidentschaftskandidat der US-Republikaner, hat vor acht Jahren ein Buch geschrieben, das auch in Deutschland ein Bestseller war. Trotzdem hat es sein deutscher Verlag aus dem Programm genommen. Der Grund: Vances N\u00e4he zu Trump. Der Bestseller &#8220;Hillbilly-Elegie&#8221; des US-Autors und Politikers\u00a0J.D. Vance wird in Deutschland nicht neu aufgelegt. Der\u00a0Ullstein-Verlag best\u00e4tigte gegen\u00fcber dem Magazin Spiegel, [&hellip;]","og_url":"https:\/\/now-news.de\/de\/deutschland\/ausgrenzende-politik-ullstein-verlag-schmeisst-j-d-vance-aus-dem-programm\/","og_site_name":"just-now.NEWS Deutschland","article_publisher":"https:\/\/www.facebook.com\/wirmachenauf","article_published_time":"2024-07-25T12:33:25+00:00","og_image":[{"url":"https:\/\/now-news.de\/de\/wp-content\/uploads\/sites\/3\/2024\/07\/66a20698b480cc3b67518105.jpg"}],"author":"rtnews","twitter_card":"summary_large_image","twitter_creator":"@WirMachenAuf_de","twitter_site":"@WirMachenAuf_de","twitter_misc":{"Verfasst von":"rtnews","Gesch\u00e4tzte Lesezeit":"2\u00a0Minuten"},"schema":{"@context":"https:\/\/schema.org","@graph":[{"@type":"Article","@id":"https:\/\/now-news.de\/de\/deutschland\/ausgrenzende-politik-ullstein-verlag-schmeisst-j-d-vance-aus-dem-programm\/#article","isPartOf":{"@id":"https:\/\/now-news.de\/de\/deutschland\/ausgrenzende-politik-ullstein-verlag-schmeisst-j-d-vance-aus-dem-programm\/"},"author":{"name":"rtnews","@id":"https:\/\/now-news.de\/de\/#\/schema\/person\/fb534a4e865501d8b3285208df34a9b5"},"headline":"&quot;Ausgrenzende Politik&quot;: Ullstein-Verlag schmei\u00dft J.D. Vance aus dem Programm","datePublished":"2024-07-25T12:33:25+00:00","dateModified":"2024-07-25T12:33:25+00:00","mainEntityOfPage":{"@id":"https:\/\/now-news.de\/de\/deutschland\/ausgrenzende-politik-ullstein-verlag-schmeisst-j-d-vance-aus-dem-programm\/"},"wordCount":433,"commentCount":0,"publisher":{"@id":"https:\/\/now-news.de\/de\/#organization"},"image":{"@id":"https:\/\/now-news.de\/de\/deutschland\/ausgrenzende-politik-ullstein-verlag-schmeisst-j-d-vance-aus-dem-programm\/#primaryimage"},"thumbnailUrl":"https:\/\/now-news.de\/de\/wp-content\/uploads\/sites\/3\/2024\/07\/quotAusgrenzende-Politikquot-Ullstein-Verlag-schmeisst-JD-Vance-aus-dem-Programm.jpg","keywords":["aus","DEM","J.D","Politikquot","Programm","quotAusgrenzende","schmei\u00dft","UllsteinVerlag","Vance"],"articleSection":["Deutschland","Russland"],"inLanguage":"de","potentialAction":[{"@type":"CommentAction","name":"Comment","target":["https:\/\/now-news.de\/de\/deutschland\/ausgrenzende-politik-ullstein-verlag-schmeisst-j-d-vance-aus-dem-programm\/#respond"]}]},{"@type":"WebPage","@id":"https:\/\/now-news.de\/de\/deutschland\/ausgrenzende-politik-ullstein-verlag-schmeisst-j-d-vance-aus-dem-programm\/","url":"https:\/\/now-news.de\/de\/deutschland\/ausgrenzende-politik-ullstein-verlag-schmeisst-j-d-vance-aus-dem-programm\/","name":"&quot;Ausgrenzende Politik&quot;: Ullstein-Verlag schmei\u00dft J.D. Vance aus dem Programm - just-now.NEWS Deutschland","isPartOf":{"@id":"https:\/\/now-news.de\/de\/#website"},"primaryImageOfPage":{"@id":"https:\/\/now-news.de\/de\/deutschland\/ausgrenzende-politik-ullstein-verlag-schmeisst-j-d-vance-aus-dem-programm\/#primaryimage"},"image":{"@id":"https:\/\/now-news.de\/de\/deutschland\/ausgrenzende-politik-ullstein-verlag-schmeisst-j-d-vance-aus-dem-programm\/#primaryimage"},"thumbnailUrl":"https:\/\/now-news.de\/de\/wp-content\/uploads\/sites\/3\/2024\/07\/quotAusgrenzende-Politikquot-Ullstein-Verlag-schmeisst-JD-Vance-aus-dem-Programm.jpg","datePublished":"2024-07-25T12:33:25+00:00","dateModified":"2024-07-25T12:33:25+00:00","breadcrumb":{"@id":"https:\/\/now-news.de\/de\/deutschland\/ausgrenzende-politik-ullstein-verlag-schmeisst-j-d-vance-aus-dem-programm\/#breadcrumb"},"inLanguage":"de","potentialAction":[{"@type":"ReadAction","target":["https:\/\/now-news.de\/de\/deutschland\/ausgrenzende-politik-ullstein-verlag-schmeisst-j-d-vance-aus-dem-programm\/"]}]},{"@type":"ImageObject","inLanguage":"de","@id":"https:\/\/now-news.de\/de\/deutschland\/ausgrenzende-politik-ullstein-verlag-schmeisst-j-d-vance-aus-dem-programm\/#primaryimage","url":"https:\/\/now-news.de\/de\/wp-content\/uploads\/sites\/3\/2024\/07\/quotAusgrenzende-Politikquot-Ullstein-Verlag-schmeisst-JD-Vance-aus-dem-Programm.jpg","contentUrl":"https:\/\/now-news.de\/de\/wp-content\/uploads\/sites\/3\/2024\/07\/quotAusgrenzende-Politikquot-Ullstein-Verlag-schmeisst-JD-Vance-aus-dem-Programm.jpg","width":460,"height":259,"caption":"&quot;Ausgrenzende Politik&quot;: Ullstein-Verlag schmei\u00dft J.D. Vance aus dem Programm"},{"@type":"BreadcrumbList","@id":"https:\/\/now-news.de\/de\/deutschland\/ausgrenzende-politik-ullstein-verlag-schmeisst-j-d-vance-aus-dem-programm\/#breadcrumb","itemListElement":[{"@type":"ListItem","position":1,"name":"Home","item":"https:\/\/now-news.de\/de\/"},{"@type":"ListItem","position":2,"name":"&quot;Ausgrenzende Politik&quot;: Ullstein-Verlag schmei\u00dft J.D. Vance aus dem Programm"}]},{"@type":"WebSite","@id":"https:\/\/now-news.de\/de\/#website","url":"https:\/\/now-news.de\/de\/","name":"just-now.NEWS Deutschland","description":"Das Portal f\u00fcr unzensierte Nachrichten aus der Welt","publisher":{"@id":"https:\/\/now-news.de\/de\/#organization"},"potentialAction":[{"@type":"SearchAction","target":{"@type":"EntryPoint","urlTemplate":"https:\/\/now-news.de\/de\/?s={search_term_string}"},"query-input":"required name=search_term_string"}],"inLanguage":"de"},{"@type":"Organization","@id":"https:\/\/now-news.de\/de\/#organization","name":"Just Now News","url":"https:\/\/now-news.de\/de\/","logo":{"@type":"ImageObject","inLanguage":"de","@id":"https:\/\/now-news.de\/de\/#\/schema\/logo\/image\/","url":"http:\/\/just-now.news\/de\/wp-content\/uploads\/sites\/3\/2022\/04\/logo500x500.jpg","contentUrl":"http:\/\/just-now.news\/de\/wp-content\/uploads\/sites\/3\/2022\/04\/logo500x500.jpg","width":500,"height":500,"caption":"Just Now News"},"image":{"@id":"https:\/\/now-news.de\/de\/#\/schema\/logo\/image\/"},"sameAs":["https:\/\/www.facebook.com\/wirmachenauf","https:\/\/x.com\/WirMachenAuf_de"]},{"@type":"Person","@id":"https:\/\/now-news.de\/de\/#\/schema\/person\/fb534a4e865501d8b3285208df34a9b5","name":"rtnews","image":{"@type":"ImageObject","inLanguage":"de","@id":"https:\/\/now-news.de\/de\/#\/schema\/person\/image\/","url":"https:\/\/secure.gravatar.com\/avatar\/82aafea7d8127119dd649515f56e2117?s=96&d=mm&r=g","contentUrl":"https:\/\/secure.gravatar.com\/avatar\/82aafea7d8127119dd649515f56e2117?s=96&d=mm&r=g","caption":"rtnews"},"url":"https:\/\/now-news.de\/de\/author\/rnews\/"}]}},"_links":{"self":[{"href":"https:\/\/now-news.de\/de\/wp-json\/wp\/v2\/posts\/65461"}],"collection":[{"href":"https:\/\/now-news.de\/de\/wp-json\/wp\/v2\/posts"}],"about":[{"href":"https:\/\/now-news.de\/de\/wp-json\/wp\/v2\/types\/post"}],"author":[{"embeddable":true,"href":"https:\/\/now-news.de\/de\/wp-json\/wp\/v2\/users\/3"}],"replies":[{"embeddable":true,"href":"https:\/\/now-news.de\/de\/wp-json\/wp\/v2\/comments?post=65461"}],"version-history":[{"count":0,"href":"https:\/\/now-news.de\/de\/wp-json\/wp\/v2\/posts\/65461\/revisions"}],"wp:featuredmedia":[{"embeddable":true,"href":"https:\/\/now-news.de\/de\/wp-json\/wp\/v2\/media\/65462"}],"wp:attachment":[{"href":"https:\/\/now-news.de\/de\/wp-json\/wp\/v2\/media?parent=65461"}],"wp:term":[{"taxonomy":"category","embeddable":true,"href":"https:\/\/now-news.de\/de\/wp-json\/wp\/v2\/categories?post=65461"},{"taxonomy":"post_tag","embeddable":true,"href":"https:\/\/now-news.de\/de\/wp-json\/wp\/v2\/tags?post=65461"}],"curies":[{"name":"wp","href":"https:\/\/api.w.org\/{rel}","templated":true}]}}