{"id":65419,"date":"2024-07-24T20:24:01","date_gmt":"2024-07-24T18:24:01","guid":{"rendered":"https:\/\/now-news.de\/de\/deutschland\/bild-entdeckt-regierung-hat-ueber-die-corona-pandemie-gelogen\/"},"modified":"2024-07-24T20:24:01","modified_gmt":"2024-07-24T18:24:01","slug":"bild-entdeckt-regierung-hat-ueber-die-corona-pandemie-gelogen","status":"publish","type":"post","link":"https:\/\/now-news.de\/de\/deutschland\/bild-entdeckt-regierung-hat-ueber-die-corona-pandemie-gelogen\/","title":{"rendered":"BILD entdeckt: Regierung hat \u00fcber die Corona-Pandemie gelogen"},"content":{"rendered":"<p><img decoding=\"async\" src=\"https:\/\/now-news.de\/de\/wp-content\/uploads\/sites\/3\/2024\/07\/66a0e9ff48fbef4b11133f54.png\" \/><\/p>\n<div class=\"Text-root Text-type_1 \">\n                Die geleakten RKI-Protokolle h\u00e4tten jetzt ans Tageslicht gebracht, dass die Politik \u00fcber die Corona-Pandemie und die Impfstoffeffektivit\u00e4t gelogen hat, schreibt BILD. Die Kritiker h\u00e4tten recht gehabt. Die Zeitung schreibt nicht, welche Konsequenzen aus diesem Skandal erfolgen m\u00fcssten.\n            <\/div>\n<p><\/p>\n<div class=\"Text-root Text-type_5 ArticleView-text ViewText-root \">\n<p>Nach Ver\u00f6ffentlichung der geleakten ungeschw\u00e4rzten Protokolle aus dem Robert-Koch-Institut \u2013 den sogenannten RKI-Files \u2013 zeigt sich die <em>BILD<\/em>-Zeitung <a rel=\"nofollow noopener\" target=\"_blank\" href=\"https:\/\/www.bild.de\/politik\/inland\/corona-experten-wussten-dass-die-regierung-luegt-und-schwiegen-669fb6cad2fbcb0f92d40f90\">am Dienstag<\/a> emp\u00f6rt. Auf einmal w\u00fcrden die Protokolle es ans Tageslicht bringen:<\/p>\n<blockquote>\n<p><em>&#8220;Die Corona-Experten wussten, dass die Regierung l\u00fcgt \u2013 und schwiegen.&#8221;<\/em><\/p>\n<\/blockquote>\n<p>Mit der aktuellen Enth\u00fcllung w\u00fcrden &#8220;viele Kritiker der Corona-Politik der Bundesregierung&#8221; best\u00e4tigt. Schlie\u00dflich werde laut dem internen Dokument des RKI von den Experten selbst zugegeben, so die Boulevardzeitung, &#8220;dass das Gerede von der &#8216;Pandemie der Ungeimpften&#8217; falsch war&#8221;. Und obwohl die fachliche Bewertung einer sogenannten &#8220;Pandemie der Ungeimpften&#8221; falsch gewesen sei, h\u00e4tten Regierungspolitiker immer wieder den Ungeimpften die Schuld an den Corona-Wellen gegeben!<\/p>\n<p>Die Zeitung erinnerte an der Stelle, dass zum Beispiel neben dem fr\u00fcheren Bundesgesundheitsminister Jens Spahn (CDU) auch der bayrische Ministerpr\u00e4sident Markus S\u00f6der (CSU) und der aktuelle Gesundheitsminister Karl Lauterbach (SPD) oft von der &#8220;Pandemie der Ungeimpften&#8221; sprachen. Dabei h\u00e4tten Kritiker diesen Politikern schon w\u00e4hrend der Zeit der Corona-Pandemie vorgeworfen, ihre Argumentation sei falsch, weil sich das Corona-Virus eben auch unter geimpften B\u00fcrgern verbreite.<\/p>\n<p><em>BILD<\/em> fasste den Vorwurf der Coronapolitik-Kritiker zusammen: Die Politiker &#8220;versuchten, mit falschen Argumenten die Gesellschaft zu spalten&#8221;. Jetzt auf einmal habe sich herausgestellt, so das Blatt, dass die Mitarbeiter des Robert-Koch-Instituts die Ungeimpften gar nicht f\u00fcr das &#8220;Corona-Geschehen&#8221; verantwortlich gemacht h\u00e4tten. Das sei durch die Klage des Magazins <em>Multipolar<\/em> und die Ver\u00f6ffentlichung der ungeschw\u00e4rzten Fassung der Protokolle durch das Team der Berliner Journalistin Aya Vel\u00e1zquez nun ans Tageslicht gekommen. An einem anderen Beispiel belegt <em>BILD<\/em> die Probleme, die die RKI-Experten angeblich mit der Bezeichnung &#8220;Pandemie der Ungeimpften&#8221; gehabt h\u00e4tten, weil sie diesen Begriff den RKI-Protokollen zufolge als fachlich falsch bewerteten. Dar\u00fcber h\u00e4tten die RKI-Experten am 5. November 2021 diskutiert:<\/p>\n<blockquote>\n<p><em>&#8220;In den Medien wird von einer Pandemie der Ungeimpften gesprochen. Aus fachlicher Sicht nicht korrekt, Gesamtbev\u00f6lkerung tr\u00e4gt bei. Soll das in Kommunikation aufgegriffen werden?&#8221;<\/em><\/p>\n<\/blockquote>\n<p>Demnach h\u00e4tten sich die Experten im November 2021 gem\u00e4\u00df dem internen Protokoll gefragt, ob sie der der \u00d6ffentlichkeit mitteilen sollten, dass es fachlich falsch sei, von einer &#8220;Pandemie der Ungeimpften&#8221; zu sprechen. Aber um dem damaligen Gesundheitsminister Spahn &#8220;nicht in den R\u00fccken zu fallen&#8221;, habe man im RKI entschieden, dessen offensichtliche Falschdarstellung der angeblichen Gefahr, die von Ungeimpften ausgehe, nicht \u00f6ffentlich zu korrigieren. <em>BILD<\/em> erkl\u00e4rt das angebliche Dilemma der RKI-Mitarbeiter, denen die Reputation des Ministers demnach wichtiger gewesen sei als die wissenschaftliche Wahrheit:<\/p>\n<blockquote>\n<p><em>&#8220;Die RKI-Experten wollten ihre fachliche Einsch\u00e4tzung nicht \u00f6ffentlich machen, um dem damaligen Gesundheitsminister Spahn nicht in den R\u00fccken zu fallen. Obwohl sie seine Aussagen \u00fcber die Corona-Pandemie f\u00fcr falsch hielten.&#8221;<\/em><\/p>\n<\/blockquote>\n<p>Schlie\u00dflich thematisierte die Zeitung auch noch die aus den Protokollen hervorgehende Fehleinsch\u00e4tzung oder falsche Information der \u00d6ffentlichkeit zur Effektivit\u00e4t der Impfung. Man habe damals \u00f6ffentlich kommuniziert, &#8220;dass eine Corona-Impfung auch vor einer Infektion sch\u00fctzen k\u00f6nne&#8221;. Dabei scheint sich die Zeitung nicht mehr daran zu erinnern, wie seitens Politik und Medien damals sogar behauptet wurde, dass die Impfung vor einer Infektion nicht nur &#8220;sch\u00fctzen k\u00f6nne&#8221;, sondern tats\u00e4chlich sch\u00fctze. Auf Basis dieser Falschdarstellung habe die Politik den Impfdruck auf die Bev\u00f6lkerung ausge\u00fcbt:<\/p>\n<blockquote>\n<p><em>&#8220;Darauf baute die Bundesregierung auch ihre Impfkampagne auf und setzte ungeimpfte B\u00fcrger unter Druck, sich impfen zu lassen.&#8221; <\/em><\/p>\n<\/blockquote>\n<p><em>BILD<\/em> zitiert dann die Passage, laut der die Impfstoffe \u00fcberhaupt nicht den versprochenen Schutz gaben: &#8220;Die Erwartungen trafen jedoch nicht so ein, der Impfstoff verhinderte Infektionen seltener als erwartet und war weniger wirksam.&#8221; Die RKI-Experten h\u00e4tten gegen\u00fcber der Politik damals auch schon kommuniziert, dass die Impfungen nicht generell vor Infektion sch\u00fctzten. Laut Protokoll h\u00e4tten RKI-Leute der Politik geraten:\u00a0<\/p>\n<blockquote>\n<p><em> &#8220;Man sollte dementsprechend sehr vorsichtig mit der Aussage sein, dass Impfungen vor jeglicher (auch asymptomatischer) Infektion sch\u00fctzen. Mit zunehmendem zeitlichem Abstand zur Impfung trifft dies immer weniger zu.&#8221;<\/em><\/p>\n<\/blockquote>\n<p>Wie man nun mit der Aufdeckung der L\u00fcgen der Politik \u00fcber die Pandemie und dem von ihr aufgrund falscher &#8220;Tatsachen&#8221; ausge\u00fcbten Impfdruck auf die Bev\u00f6lkerung umgehen sollte oder ob so ein Skandal Konsequenzen haben m\u00fcsse, dazu schreibt <em>BILD<\/em> nichts.<\/p>\n<p><strong>Mehr zum Thema<\/strong> \u2013 <a rel=\"nofollow noopener\" target=\"_blank\" href=\"https:\/\/dert.online\/meinung\/208435-rki-files-belegen-rede-von\/\">&#8220;RKI-Files&#8221; belegen: Rede von &#8220;Versuchskaninchen&#8221; f\u00fcr Impfstoff war kein flapsiger Versprecher<\/a><\/p>\n<div class=\"EmbedBlock-root EmbedBlock-externalVideo EmbedBlock-vk\">\n<div class=\"VkEmbed\"><iframe class=\"lazyload\" data-src=\"https:\/\/vk.com\/video_ext.php?oid=-134310637&amp;id=456278575\" frameborder=\"0\" width=\"853\" height=\"480\" allowfullscreen><\/iframe><\/div>\n<\/div>\n<\/div>\n<p><br \/>\n<br \/><a href=\"https:\/\/de.rt.com\/inland\/213395-bild-entdeckt-regierung-hat-ueber\/\">Source link <\/a><\/p>\n","protected":false},"excerpt":{"rendered":"<p>Die geleakten RKI-Protokolle h\u00e4tten jetzt ans Tageslicht gebracht, dass die Politik \u00fcber die Corona-Pandemie und die Impfstoffeffektivit\u00e4t gelogen hat, schreibt BILD. Die Kritiker h\u00e4tten recht gehabt. Die Zeitung schreibt nicht, welche Konsequenzen aus diesem Skandal erfolgen m\u00fcssten. Nach Ver\u00f6ffentlichung der geleakten ungeschw\u00e4rzten Protokolle aus dem Robert-Koch-Institut \u2013 den sogenannten RKI-Files \u2013 zeigt sich die BILD-Zeitung [&hellip;]<\/p>\n","protected":false},"author":3,"featured_media":65420,"comment_status":"open","ping_status":"open","sticky":false,"template":"","format":"standard","meta":{"_yoast_indexnow_last_ping":["1721845559"],"wp_automatic_camp":["217"],"4980b0f85919f4a63cf80a4bea61d0b7":["BILD entdeckt: Regierung hat \u00fcber die Corona-Pandemie gelogen"],"original_link":["https:\/\/de.rt.com\/inland\/213395-bild-entdeckt-regierung-hat-ueber\/"],"_thumbnail_id":["65420"],"_wptgpro_p2tg_sent2tg":["a:1:{i:23737;s:19:\"2024-07-24 20:27:19\";}"],"jnews_social_counter_last_update":["1777647217"]},"categories":[19,23],"tags":[10745,42826,45,14434,10591,423,46,139],"yoast_head":"<!-- This site is optimized with the Yoast SEO Premium plugin v22.7 (Yoast SEO v22.7) - https:\/\/yoast.com\/wordpress\/plugins\/seo\/ -->\n<title>BILD entdeckt: Regierung hat \u00fcber die Corona-Pandemie gelogen - just-now.NEWS Deutschland<\/title>\n<meta name=\"robots\" content=\"index, follow, max-snippet:-1, max-image-preview:large, max-video-preview:-1\" \/>\n<link rel=\"canonical\" href=\"https:\/\/now-news.de\/de\/deutschland\/bild-entdeckt-regierung-hat-ueber-die-corona-pandemie-gelogen\/\" \/>\n<meta property=\"og:locale\" content=\"de_DE\" \/>\n<meta property=\"og:type\" content=\"article\" \/>\n<meta property=\"og:title\" content=\"BILD entdeckt: Regierung hat \u00fcber die Corona-Pandemie gelogen\" \/>\n<meta property=\"og:description\" content=\"Die geleakten RKI-Protokolle h\u00e4tten jetzt ans Tageslicht gebracht, dass die Politik \u00fcber die Corona-Pandemie und die Impfstoffeffektivit\u00e4t gelogen hat, schreibt BILD. Die Kritiker h\u00e4tten recht gehabt. Die Zeitung schreibt nicht, welche Konsequenzen aus diesem Skandal erfolgen m\u00fcssten. Nach Ver\u00f6ffentlichung der geleakten ungeschw\u00e4rzten Protokolle aus dem Robert-Koch-Institut \u2013 den sogenannten RKI-Files \u2013 zeigt sich die BILD-Zeitung [&hellip;]\" \/>\n<meta property=\"og:url\" content=\"https:\/\/now-news.de\/de\/deutschland\/bild-entdeckt-regierung-hat-ueber-die-corona-pandemie-gelogen\/\" \/>\n<meta property=\"og:site_name\" content=\"just-now.NEWS Deutschland\" \/>\n<meta property=\"article:publisher\" content=\"https:\/\/www.facebook.com\/wirmachenauf\" \/>\n<meta property=\"article:published_time\" content=\"2024-07-24T18:24:01+00:00\" \/>\n<meta property=\"og:image\" content=\"https:\/\/now-news.de\/de\/wp-content\/uploads\/sites\/3\/2024\/07\/66a0e9ff48fbef4b11133f54.png\" \/>\n<meta name=\"author\" content=\"rtnews\" \/>\n<meta name=\"twitter:card\" content=\"summary_large_image\" \/>\n<meta name=\"twitter:creator\" content=\"@WirMachenAuf_de\" \/>\n<meta name=\"twitter:site\" content=\"@WirMachenAuf_de\" \/>\n<meta name=\"twitter:label1\" content=\"Verfasst von\" \/>\n\t<meta name=\"twitter:data1\" content=\"rtnews\" \/>\n\t<meta name=\"twitter:label2\" content=\"Gesch\u00e4tzte Lesezeit\" \/>\n\t<meta name=\"twitter:data2\" content=\"4\u00a0Minuten\" \/>\n<script type=\"application\/ld+json\" class=\"yoast-schema-graph\">{\"@context\":\"https:\/\/schema.org\",\"@graph\":[{\"@type\":\"Article\",\"@id\":\"https:\/\/now-news.de\/de\/deutschland\/bild-entdeckt-regierung-hat-ueber-die-corona-pandemie-gelogen\/#article\",\"isPartOf\":{\"@id\":\"https:\/\/now-news.de\/de\/deutschland\/bild-entdeckt-regierung-hat-ueber-die-corona-pandemie-gelogen\/\"},\"author\":{\"name\":\"rtnews\",\"@id\":\"https:\/\/now-news.de\/de\/#\/schema\/person\/fb534a4e865501d8b3285208df34a9b5\"},\"headline\":\"BILD entdeckt: Regierung hat \u00fcber die Corona-Pandemie gelogen\",\"datePublished\":\"2024-07-24T18:24:01+00:00\",\"dateModified\":\"2024-07-24T18:24:01+00:00\",\"mainEntityOfPage\":{\"@id\":\"https:\/\/now-news.de\/de\/deutschland\/bild-entdeckt-regierung-hat-ueber-die-corona-pandemie-gelogen\/\"},\"wordCount\":749,\"commentCount\":0,\"publisher\":{\"@id\":\"https:\/\/now-news.de\/de\/#organization\"},\"image\":{\"@id\":\"https:\/\/now-news.de\/de\/deutschland\/bild-entdeckt-regierung-hat-ueber-die-corona-pandemie-gelogen\/#primaryimage\"},\"thumbnailUrl\":\"https:\/\/now-news.de\/de\/wp-content\/uploads\/sites\/3\/2024\/07\/BILD-entdeckt-Regierung-hat-ueber-die-Corona-Pandemie-gelogen.png\",\"keywords\":[\"bild\",\"CoronaPandemie\",\"die\",\"entdeckt\",\"gelogen\",\"hat\",\"Regierung\",\"\u00fcber\"],\"articleSection\":[\"Deutschland\",\"Russland\"],\"inLanguage\":\"de\",\"potentialAction\":[{\"@type\":\"CommentAction\",\"name\":\"Comment\",\"target\":[\"https:\/\/now-news.de\/de\/deutschland\/bild-entdeckt-regierung-hat-ueber-die-corona-pandemie-gelogen\/#respond\"]}]},{\"@type\":\"WebPage\",\"@id\":\"https:\/\/now-news.de\/de\/deutschland\/bild-entdeckt-regierung-hat-ueber-die-corona-pandemie-gelogen\/\",\"url\":\"https:\/\/now-news.de\/de\/deutschland\/bild-entdeckt-regierung-hat-ueber-die-corona-pandemie-gelogen\/\",\"name\":\"BILD entdeckt: Regierung hat \u00fcber die Corona-Pandemie gelogen - just-now.NEWS Deutschland\",\"isPartOf\":{\"@id\":\"https:\/\/now-news.de\/de\/#website\"},\"primaryImageOfPage\":{\"@id\":\"https:\/\/now-news.de\/de\/deutschland\/bild-entdeckt-regierung-hat-ueber-die-corona-pandemie-gelogen\/#primaryimage\"},\"image\":{\"@id\":\"https:\/\/now-news.de\/de\/deutschland\/bild-entdeckt-regierung-hat-ueber-die-corona-pandemie-gelogen\/#primaryimage\"},\"thumbnailUrl\":\"https:\/\/now-news.de\/de\/wp-content\/uploads\/sites\/3\/2024\/07\/BILD-entdeckt-Regierung-hat-ueber-die-Corona-Pandemie-gelogen.png\",\"datePublished\":\"2024-07-24T18:24:01+00:00\",\"dateModified\":\"2024-07-24T18:24:01+00:00\",\"breadcrumb\":{\"@id\":\"https:\/\/now-news.de\/de\/deutschland\/bild-entdeckt-regierung-hat-ueber-die-corona-pandemie-gelogen\/#breadcrumb\"},\"inLanguage\":\"de\",\"potentialAction\":[{\"@type\":\"ReadAction\",\"target\":[\"https:\/\/now-news.de\/de\/deutschland\/bild-entdeckt-regierung-hat-ueber-die-corona-pandemie-gelogen\/\"]}]},{\"@type\":\"ImageObject\",\"inLanguage\":\"de\",\"@id\":\"https:\/\/now-news.de\/de\/deutschland\/bild-entdeckt-regierung-hat-ueber-die-corona-pandemie-gelogen\/#primaryimage\",\"url\":\"https:\/\/now-news.de\/de\/wp-content\/uploads\/sites\/3\/2024\/07\/BILD-entdeckt-Regierung-hat-ueber-die-Corona-Pandemie-gelogen.png\",\"contentUrl\":\"https:\/\/now-news.de\/de\/wp-content\/uploads\/sites\/3\/2024\/07\/BILD-entdeckt-Regierung-hat-ueber-die-Corona-Pandemie-gelogen.png\",\"width\":460,\"height\":259,\"caption\":\"BILD entdeckt: Regierung hat \u00fcber die Corona-Pandemie gelogen\"},{\"@type\":\"BreadcrumbList\",\"@id\":\"https:\/\/now-news.de\/de\/deutschland\/bild-entdeckt-regierung-hat-ueber-die-corona-pandemie-gelogen\/#breadcrumb\",\"itemListElement\":[{\"@type\":\"ListItem\",\"position\":1,\"name\":\"Home\",\"item\":\"https:\/\/now-news.de\/de\/\"},{\"@type\":\"ListItem\",\"position\":2,\"name\":\"BILD entdeckt: Regierung hat \u00fcber die Corona-Pandemie gelogen\"}]},{\"@type\":\"WebSite\",\"@id\":\"https:\/\/now-news.de\/de\/#website\",\"url\":\"https:\/\/now-news.de\/de\/\",\"name\":\"just-now.NEWS Deutschland\",\"description\":\"Das Portal f\u00fcr unzensierte Nachrichten aus der Welt\",\"publisher\":{\"@id\":\"https:\/\/now-news.de\/de\/#organization\"},\"potentialAction\":[{\"@type\":\"SearchAction\",\"target\":{\"@type\":\"EntryPoint\",\"urlTemplate\":\"https:\/\/now-news.de\/de\/?s={search_term_string}\"},\"query-input\":\"required name=search_term_string\"}],\"inLanguage\":\"de\"},{\"@type\":\"Organization\",\"@id\":\"https:\/\/now-news.de\/de\/#organization\",\"name\":\"Just Now News\",\"url\":\"https:\/\/now-news.de\/de\/\",\"logo\":{\"@type\":\"ImageObject\",\"inLanguage\":\"de\",\"@id\":\"https:\/\/now-news.de\/de\/#\/schema\/logo\/image\/\",\"url\":\"http:\/\/just-now.news\/de\/wp-content\/uploads\/sites\/3\/2022\/04\/logo500x500.jpg\",\"contentUrl\":\"http:\/\/just-now.news\/de\/wp-content\/uploads\/sites\/3\/2022\/04\/logo500x500.jpg\",\"width\":500,\"height\":500,\"caption\":\"Just Now News\"},\"image\":{\"@id\":\"https:\/\/now-news.de\/de\/#\/schema\/logo\/image\/\"},\"sameAs\":[\"https:\/\/www.facebook.com\/wirmachenauf\",\"https:\/\/x.com\/WirMachenAuf_de\"]},{\"@type\":\"Person\",\"@id\":\"https:\/\/now-news.de\/de\/#\/schema\/person\/fb534a4e865501d8b3285208df34a9b5\",\"name\":\"rtnews\",\"image\":{\"@type\":\"ImageObject\",\"inLanguage\":\"de\",\"@id\":\"https:\/\/now-news.de\/de\/#\/schema\/person\/image\/\",\"url\":\"https:\/\/secure.gravatar.com\/avatar\/82aafea7d8127119dd649515f56e2117?s=96&d=mm&r=g\",\"contentUrl\":\"https:\/\/secure.gravatar.com\/avatar\/82aafea7d8127119dd649515f56e2117?s=96&d=mm&r=g\",\"caption\":\"rtnews\"},\"url\":\"https:\/\/now-news.de\/de\/author\/rnews\/\"}]}<\/script>\n<!-- \/ Yoast SEO Premium plugin. -->","yoast_head_json":{"title":"BILD entdeckt: Regierung hat \u00fcber die Corona-Pandemie gelogen - just-now.NEWS Deutschland","robots":{"index":"index","follow":"follow","max-snippet":"max-snippet:-1","max-image-preview":"max-image-preview:large","max-video-preview":"max-video-preview:-1"},"canonical":"https:\/\/now-news.de\/de\/deutschland\/bild-entdeckt-regierung-hat-ueber-die-corona-pandemie-gelogen\/","og_locale":"de_DE","og_type":"article","og_title":"BILD entdeckt: Regierung hat \u00fcber die Corona-Pandemie gelogen","og_description":"Die geleakten RKI-Protokolle h\u00e4tten jetzt ans Tageslicht gebracht, dass die Politik \u00fcber die Corona-Pandemie und die Impfstoffeffektivit\u00e4t gelogen hat, schreibt BILD. Die Kritiker h\u00e4tten recht gehabt. Die Zeitung schreibt nicht, welche Konsequenzen aus diesem Skandal erfolgen m\u00fcssten. Nach Ver\u00f6ffentlichung der geleakten ungeschw\u00e4rzten Protokolle aus dem Robert-Koch-Institut \u2013 den sogenannten RKI-Files \u2013 zeigt sich die BILD-Zeitung [&hellip;]","og_url":"https:\/\/now-news.de\/de\/deutschland\/bild-entdeckt-regierung-hat-ueber-die-corona-pandemie-gelogen\/","og_site_name":"just-now.NEWS Deutschland","article_publisher":"https:\/\/www.facebook.com\/wirmachenauf","article_published_time":"2024-07-24T18:24:01+00:00","og_image":[{"url":"https:\/\/now-news.de\/de\/wp-content\/uploads\/sites\/3\/2024\/07\/66a0e9ff48fbef4b11133f54.png"}],"author":"rtnews","twitter_card":"summary_large_image","twitter_creator":"@WirMachenAuf_de","twitter_site":"@WirMachenAuf_de","twitter_misc":{"Verfasst von":"rtnews","Gesch\u00e4tzte Lesezeit":"4\u00a0Minuten"},"schema":{"@context":"https:\/\/schema.org","@graph":[{"@type":"Article","@id":"https:\/\/now-news.de\/de\/deutschland\/bild-entdeckt-regierung-hat-ueber-die-corona-pandemie-gelogen\/#article","isPartOf":{"@id":"https:\/\/now-news.de\/de\/deutschland\/bild-entdeckt-regierung-hat-ueber-die-corona-pandemie-gelogen\/"},"author":{"name":"rtnews","@id":"https:\/\/now-news.de\/de\/#\/schema\/person\/fb534a4e865501d8b3285208df34a9b5"},"headline":"BILD entdeckt: Regierung hat \u00fcber die Corona-Pandemie gelogen","datePublished":"2024-07-24T18:24:01+00:00","dateModified":"2024-07-24T18:24:01+00:00","mainEntityOfPage":{"@id":"https:\/\/now-news.de\/de\/deutschland\/bild-entdeckt-regierung-hat-ueber-die-corona-pandemie-gelogen\/"},"wordCount":749,"commentCount":0,"publisher":{"@id":"https:\/\/now-news.de\/de\/#organization"},"image":{"@id":"https:\/\/now-news.de\/de\/deutschland\/bild-entdeckt-regierung-hat-ueber-die-corona-pandemie-gelogen\/#primaryimage"},"thumbnailUrl":"https:\/\/now-news.de\/de\/wp-content\/uploads\/sites\/3\/2024\/07\/BILD-entdeckt-Regierung-hat-ueber-die-Corona-Pandemie-gelogen.png","keywords":["bild","CoronaPandemie","die","entdeckt","gelogen","hat","Regierung","\u00fcber"],"articleSection":["Deutschland","Russland"],"inLanguage":"de","potentialAction":[{"@type":"CommentAction","name":"Comment","target":["https:\/\/now-news.de\/de\/deutschland\/bild-entdeckt-regierung-hat-ueber-die-corona-pandemie-gelogen\/#respond"]}]},{"@type":"WebPage","@id":"https:\/\/now-news.de\/de\/deutschland\/bild-entdeckt-regierung-hat-ueber-die-corona-pandemie-gelogen\/","url":"https:\/\/now-news.de\/de\/deutschland\/bild-entdeckt-regierung-hat-ueber-die-corona-pandemie-gelogen\/","name":"BILD entdeckt: Regierung hat \u00fcber die Corona-Pandemie gelogen - just-now.NEWS Deutschland","isPartOf":{"@id":"https:\/\/now-news.de\/de\/#website"},"primaryImageOfPage":{"@id":"https:\/\/now-news.de\/de\/deutschland\/bild-entdeckt-regierung-hat-ueber-die-corona-pandemie-gelogen\/#primaryimage"},"image":{"@id":"https:\/\/now-news.de\/de\/deutschland\/bild-entdeckt-regierung-hat-ueber-die-corona-pandemie-gelogen\/#primaryimage"},"thumbnailUrl":"https:\/\/now-news.de\/de\/wp-content\/uploads\/sites\/3\/2024\/07\/BILD-entdeckt-Regierung-hat-ueber-die-Corona-Pandemie-gelogen.png","datePublished":"2024-07-24T18:24:01+00:00","dateModified":"2024-07-24T18:24:01+00:00","breadcrumb":{"@id":"https:\/\/now-news.de\/de\/deutschland\/bild-entdeckt-regierung-hat-ueber-die-corona-pandemie-gelogen\/#breadcrumb"},"inLanguage":"de","potentialAction":[{"@type":"ReadAction","target":["https:\/\/now-news.de\/de\/deutschland\/bild-entdeckt-regierung-hat-ueber-die-corona-pandemie-gelogen\/"]}]},{"@type":"ImageObject","inLanguage":"de","@id":"https:\/\/now-news.de\/de\/deutschland\/bild-entdeckt-regierung-hat-ueber-die-corona-pandemie-gelogen\/#primaryimage","url":"https:\/\/now-news.de\/de\/wp-content\/uploads\/sites\/3\/2024\/07\/BILD-entdeckt-Regierung-hat-ueber-die-Corona-Pandemie-gelogen.png","contentUrl":"https:\/\/now-news.de\/de\/wp-content\/uploads\/sites\/3\/2024\/07\/BILD-entdeckt-Regierung-hat-ueber-die-Corona-Pandemie-gelogen.png","width":460,"height":259,"caption":"BILD entdeckt: Regierung hat \u00fcber die Corona-Pandemie gelogen"},{"@type":"BreadcrumbList","@id":"https:\/\/now-news.de\/de\/deutschland\/bild-entdeckt-regierung-hat-ueber-die-corona-pandemie-gelogen\/#breadcrumb","itemListElement":[{"@type":"ListItem","position":1,"name":"Home","item":"https:\/\/now-news.de\/de\/"},{"@type":"ListItem","position":2,"name":"BILD entdeckt: Regierung hat \u00fcber die Corona-Pandemie gelogen"}]},{"@type":"WebSite","@id":"https:\/\/now-news.de\/de\/#website","url":"https:\/\/now-news.de\/de\/","name":"just-now.NEWS Deutschland","description":"Das Portal f\u00fcr unzensierte Nachrichten aus der Welt","publisher":{"@id":"https:\/\/now-news.de\/de\/#organization"},"potentialAction":[{"@type":"SearchAction","target":{"@type":"EntryPoint","urlTemplate":"https:\/\/now-news.de\/de\/?s={search_term_string}"},"query-input":"required name=search_term_string"}],"inLanguage":"de"},{"@type":"Organization","@id":"https:\/\/now-news.de\/de\/#organization","name":"Just Now News","url":"https:\/\/now-news.de\/de\/","logo":{"@type":"ImageObject","inLanguage":"de","@id":"https:\/\/now-news.de\/de\/#\/schema\/logo\/image\/","url":"http:\/\/just-now.news\/de\/wp-content\/uploads\/sites\/3\/2022\/04\/logo500x500.jpg","contentUrl":"http:\/\/just-now.news\/de\/wp-content\/uploads\/sites\/3\/2022\/04\/logo500x500.jpg","width":500,"height":500,"caption":"Just Now News"},"image":{"@id":"https:\/\/now-news.de\/de\/#\/schema\/logo\/image\/"},"sameAs":["https:\/\/www.facebook.com\/wirmachenauf","https:\/\/x.com\/WirMachenAuf_de"]},{"@type":"Person","@id":"https:\/\/now-news.de\/de\/#\/schema\/person\/fb534a4e865501d8b3285208df34a9b5","name":"rtnews","image":{"@type":"ImageObject","inLanguage":"de","@id":"https:\/\/now-news.de\/de\/#\/schema\/person\/image\/","url":"https:\/\/secure.gravatar.com\/avatar\/82aafea7d8127119dd649515f56e2117?s=96&d=mm&r=g","contentUrl":"https:\/\/secure.gravatar.com\/avatar\/82aafea7d8127119dd649515f56e2117?s=96&d=mm&r=g","caption":"rtnews"},"url":"https:\/\/now-news.de\/de\/author\/rnews\/"}]}},"_links":{"self":[{"href":"https:\/\/now-news.de\/de\/wp-json\/wp\/v2\/posts\/65419"}],"collection":[{"href":"https:\/\/now-news.de\/de\/wp-json\/wp\/v2\/posts"}],"about":[{"href":"https:\/\/now-news.de\/de\/wp-json\/wp\/v2\/types\/post"}],"author":[{"embeddable":true,"href":"https:\/\/now-news.de\/de\/wp-json\/wp\/v2\/users\/3"}],"replies":[{"embeddable":true,"href":"https:\/\/now-news.de\/de\/wp-json\/wp\/v2\/comments?post=65419"}],"version-history":[{"count":0,"href":"https:\/\/now-news.de\/de\/wp-json\/wp\/v2\/posts\/65419\/revisions"}],"wp:featuredmedia":[{"embeddable":true,"href":"https:\/\/now-news.de\/de\/wp-json\/wp\/v2\/media\/65420"}],"wp:attachment":[{"href":"https:\/\/now-news.de\/de\/wp-json\/wp\/v2\/media?parent=65419"}],"wp:term":[{"taxonomy":"category","embeddable":true,"href":"https:\/\/now-news.de\/de\/wp-json\/wp\/v2\/categories?post=65419"},{"taxonomy":"post_tag","embeddable":true,"href":"https:\/\/now-news.de\/de\/wp-json\/wp\/v2\/tags?post=65419"}],"curies":[{"name":"wp","href":"https:\/\/api.w.org\/{rel}","templated":true}]}}