{"id":65366,"date":"2024-07-24T07:30:51","date_gmt":"2024-07-24T05:30:51","guid":{"rendered":"https:\/\/now-news.de\/de\/deutschland\/neue-achse-berlin-tokio-banzai-und-horrido\/"},"modified":"2024-07-24T07:30:51","modified_gmt":"2024-07-24T05:30:51","slug":"neue-achse-berlin-tokio-banzai-und-horrido","status":"publish","type":"post","link":"https:\/\/now-news.de\/de\/deutschland\/neue-achse-berlin-tokio-banzai-und-horrido\/","title":{"rendered":"Neue Achse Berlin-Tokio: Banzai und Horrido!"},"content":{"rendered":"<p><img decoding=\"async\" src=\"https:\/\/now-news.de\/de\/wp-content\/uploads\/sites\/3\/2024\/07\/669e4dfc48fbef04b323c693.jpg\" \/><\/p>\n<div class=\"Text-root Text-type_1 \">\n                &#8220;Ob nah oder fern, die Bundeswehr tut es gern.&#8221; Die aktive Teilnahme an der Sicherung der &#8220;internationalen Ordnung&#8221; gilt fortdauernd als das Steckenpferd des Verteidigungsministers Boris Pistorius. Autor Uli Gellermann erinnert mahnend daran, dass es eine milit\u00e4rische Achse Berlin-Tokio schon einmal gab.\n            <\/div>\n<p><\/p>\n<div class=\"Text-root Text-type_5 ArticleView-text ViewText-root \">\n<p><em>Von Uli Gellermann<\/em><\/p>\n<p>Das letzte Mal, dass es eine Achse Berlin-Tokio gab, ist es ziemlich schlecht f\u00fcr die Deutschen ausgegangen. Millionen Tote und ein kaputtes Reich waren die Folge. Das ist Individuen wie Scholz, Pistorius oder Baerbock anscheinend egal.<\/p>\n<p>Munter kommandiert man vom 22. bis zum 25. Juli ein <a rel=\"nofollow noopener\" target=\"_blank\" href=\"https:\/\/www.bundeswehr.de\/de\/organisation\/luftwaffe\/aktuelles\/luftwaffe-uebt-erstmals-japan-5809760\">gemeinsames Man\u00f6ver<\/a>\u00a0der deutschen Luftwaffe und\u00a0der Japan\u00a0Air\u00a0Self-Defense Force\u00a0im japanischen Luftraum. Der japanische und deutsche Faschismus hat die Achse nicht \u00fcberlebt. Die &#8220;demokratischen&#8221; Nachfolger der beiden Reiche wollen diesmal nur &#8220;die\u00a0Prinzipien einer regelbasierten internationalen Ordnung im Ernstfall durchsetzen&#8221;, erf\u00e4hrt man von der Bundeswehr. W\u00f6rtlich hei\u00dft es auf der Webseite der Truppe:<\/p>\n<p><em>&#8220;Mit dem Aufstieg Asiens verschieben sich\u00a0die\u00a0politischen und \u00f6konomischen Gewichte zunehmend\u00a0in\u00a0den indopazifischen Raum.\u00a0Die Region\u00a0wird zum Schl\u00fcssel f\u00fcr\u00a0die\u00a0Ausgestaltung der internationalen Ordnung im 21. Jahrhundert.<\/em><\/p>\n<p><em>\u00dcbergeordnetes Ziel der indopazifischen Leitlinien im Bereich der Sicherheitspolitik ist die\u00a0Wahrung der regelbasierten internationalen Ordnung. Freie Seewege und Stabilit\u00e4t\u00a0in\u00a0der\u00a0Region\u00a0sind auch f\u00fcr Europas Sicherheit und seinen Wohlstand entscheidend.\u00a0Insofern h\u00e4ngen\u00a0die\u00a0euroatlantische und\u00a0die\u00a0Sicherheit im indopazifischen Raum zusammen.&#8221;<\/em><\/p>\n<p>Man achte auf die Sprachregelung: Es reicht diesmal nicht, von der &#8220;Verteidigung&#8221; zu s\u00e4useln, diesmal will man gleich die &#8220;internationale Ordnung&#8221; des Westens durchsetzen.<\/p>\n<p><strong>Taurus gegen Russland<\/strong><\/p>\n<p>Am Himmel Japans wird bald das kernige &#8220;Banzai!&#8221; bei den Sturmangriffen der japanischen Piloten im Wechselgeschrei mit dem heiseren &#8220;Horrido!&#8221; der deutschen Flieger erklingen. Die Luftwaffe wird von General Ingo Gerhartz kommandiert. Dieses besondere Fr\u00fcchtchen des neuen deutschen Militarismus war schon dabei, als sich deutsche Gener\u00e4le munter \u00fcber den ebenso widerrechtlichen wie gef\u00e4hrlichen Einsatz des Marschflugk\u00f6rpers &#8220;Taurus&#8221; gegen Russland unterhielten, und von ihm stammt auch die haarstr\u00e4ubende Meinung, dass die NATO-Staaten im Ernstfall als Reaktion auf einen nuklearen Angriff auch Atomwaffen einzusetzen h\u00e4tten.<\/p>\n<p><strong>Voraussetzung f\u00fcr einen Angriff auf China<\/strong><\/p>\n<p>Die Luft \u00fcber Japan ist ein strategischer Raum, dessen Beherrschung eine Voraussetzung f\u00fcr einen Angriff auf China ist. Und China ist in der Vorstellungswelt der US-Milit\u00e4rs der wichtigste Feind neben Russland. Nat\u00fcrlich unterstehen die Einheiten der Bundeswehr der NATO und ebenso nat\u00fcrlich hat der kommandierende General Ingo Gerhartz seine Ausbildung auf der Sheppard Air Force Base\u00a0(Texas,\u00a0USA) und von 1989 bis 1990\u00a0auf der George Air Force Base nahe\u00a0Victorville\u00a0in\u00a0Kalifornien absolviert. Gerhartz verharrt in jener permanenten Habachtstellung gegen\u00fcber den USA, der bei Hunden der Befehl &#8220;Fass!&#8221; folgt.\u00a0<\/p>\n<p><strong>Ziele in Russland<\/strong><\/p>\n<p>Zur gef\u00e4hrlichen Geisteshaltung der deutschen Generalit\u00e4t passt die j\u00fcngste \u00c4u\u00dferung von Au\u00dfenministerin Annalena Baerbock, die keine Kritik an der geplanten Stationierung weitreichender US-amerikanischer Raketen in Deutschland will. Es geht um jene Raketen, mit denen von deutschem Boden aus Ziele in Russland getroffen werden k\u00f6nnen. Die gew\u00fcnschte &#8220;BGM-109 Tomahawk&#8221; erreicht nicht nur bequem Ziele in Russland, sie kann auch auf Wunsch mit atomaren Gefechtsk\u00f6pfen ausger\u00fcstet werden.<\/p>\n<p><strong>Deutschland nicht mehr auffindbar<\/strong><\/p>\n<p>Es ist ein gef\u00e4hrlicher Irrsinn, der bei den deutschen Eliten um sich greift: Man glaubt, dass man an der Seite der USA und Japans ungestraft die Volksrepublik China ins Visier nehmen darf.<\/p>\n<p>Man hofft, dass man ohne schwere Folgen die russische F\u00f6deration milit\u00e4risch bedrohen kann, und man denkt, dass es keiner merkt, dass Deutschland auf den Spuren des Dritten Reichs marschiert. Auch dass Deutschland nach dem n\u00e4chsten Krieg nicht mehr auffindbar sein wird, kommt den Irren nicht in den Kopf.<\/p>\n<p><em><strong>Uli Gellermann<\/strong>\u00a0ist Filmemacher und Journalist. Seine Erfahrungen mit den \u00f6ffentlich-rechtlichen Sendern begr\u00fcnden seine Medienkritik. Er ist Betreiber der Internetseite\u00a0<a rel=\"nofollow noopener\" target=\"_blank\" href=\"https:\/\/www.rationalgalerie.de\/\">www.rationalgalerie.de<\/a>.<\/em><\/p>\n<p><em><\/em><em>Der Beitrag wurde zuerst am 21. Juli 2024 auf\u00a0<a rel=\"nofollow noopener\" target=\"_blank\" href=\"https:\/\/www.rationalgalerie.de\/home\/banzai-horrido\">www.rationalgalerie.de<\/a>\u00a0ver\u00f6ffentlicht.<\/em><\/p>\n<p><strong>Mehr zum Thema \u2012<\/strong>\u00a0<a rel=\"nofollow noopener\" target=\"_blank\" href=\"https:\/\/freedert.online\/international\/211725-vor-dem-gipfel-nato-und-ihre-asiatischen-partner-wollen-enger-zusammenruecken\/\">Vor dem Gipfel: NATO und ihre asiatischen Partner wollen enger zusammenr\u00fccken<\/a><\/p>\n<div class=\"EmbedBlock-root EmbedBlock-externalVideo EmbedBlock-odysee\">\n<div class=\"VkEmbed\"><iframe class=\"lazyload\" data-src=\"https:\/\/odysee.com\/%24\/embed\/%40RTDE%3Ae%2F-Danke-f%C3%BCr-den-Fanclub--%E2%80%93-Scholz-von-lautstarkem-Protest-in-Dresden-empfangen%3A9\" frameborder=\"0\" width=\"853\" height=\"480\" allowfullscreen><\/iframe><\/div>\n<\/div>\n<\/div>\n<p><br \/>\n<br \/><a href=\"https:\/\/de.rt.com\/meinung\/213163-neue-achse-berlin-tokio-banzai\/\">Source link <\/a><\/p>\n","protected":false},"excerpt":{"rendered":"<p>&#8220;Ob nah oder fern, die Bundeswehr tut es gern.&#8221; Die aktive Teilnahme an der Sicherung der &#8220;internationalen Ordnung&#8221; gilt fortdauernd als das Steckenpferd des Verteidigungsministers Boris Pistorius. Autor Uli Gellermann erinnert mahnend daran, dass es eine milit\u00e4rische Achse Berlin-Tokio schon einmal gab. Von Uli Gellermann Das letzte Mal, dass es eine Achse Berlin-Tokio gab, ist [&hellip;]<\/p>\n","protected":false},"author":3,"featured_media":65367,"comment_status":"open","ping_status":"open","sticky":false,"template":"","format":"standard","meta":{"_yoast_indexnow_last_ping":["1721800088"],"wp_automatic_camp":["217"],"30d4d26a24ef96b494b4b6812a7b03eb":["Neue Achse Berlin-Tokio: Banzai und Horrido!"],"original_link":["https:\/\/de.rt.com\/meinung\/213163-neue-achse-berlin-tokio-banzai\/"],"_thumbnail_id":["65367"],"jnews_social_counter_last_update":["1777350003"],"_wptgpro_p2tg_sent2tg":["a:1:{i:23737;s:19:\"2024-07-24 07:49:56\";}"]},"categories":[19,23],"tags":[28611,56922,56921,56923,1227,140],"yoast_head":"<!-- This site is optimized with the Yoast SEO Premium plugin v22.7 (Yoast SEO v22.7) - https:\/\/yoast.com\/wordpress\/plugins\/seo\/ -->\n<title>Neue Achse Berlin-Tokio: Banzai und Horrido! - just-now.NEWS Deutschland<\/title>\n<meta name=\"robots\" content=\"index, follow, max-snippet:-1, max-image-preview:large, max-video-preview:-1\" \/>\n<link rel=\"canonical\" href=\"https:\/\/now-news.de\/de\/deutschland\/neue-achse-berlin-tokio-banzai-und-horrido\/\" \/>\n<meta property=\"og:locale\" content=\"de_DE\" \/>\n<meta property=\"og:type\" content=\"article\" \/>\n<meta property=\"og:title\" content=\"Neue Achse Berlin-Tokio: Banzai und Horrido!\" \/>\n<meta property=\"og:description\" content=\"&#8220;Ob nah oder fern, die Bundeswehr tut es gern.&#8221; Die aktive Teilnahme an der Sicherung der &#8220;internationalen Ordnung&#8221; gilt fortdauernd als das Steckenpferd des Verteidigungsministers Boris Pistorius. Autor Uli Gellermann erinnert mahnend daran, dass es eine milit\u00e4rische Achse Berlin-Tokio schon einmal gab. Von Uli Gellermann Das letzte Mal, dass es eine Achse Berlin-Tokio gab, ist [&hellip;]\" \/>\n<meta property=\"og:url\" content=\"https:\/\/now-news.de\/de\/deutschland\/neue-achse-berlin-tokio-banzai-und-horrido\/\" \/>\n<meta property=\"og:site_name\" content=\"just-now.NEWS Deutschland\" \/>\n<meta property=\"article:publisher\" content=\"https:\/\/www.facebook.com\/wirmachenauf\" \/>\n<meta property=\"article:published_time\" content=\"2024-07-24T05:30:51+00:00\" \/>\n<meta property=\"og:image\" content=\"https:\/\/now-news.de\/de\/wp-content\/uploads\/sites\/3\/2024\/07\/669e4dfc48fbef04b323c693.jpg\" \/>\n<meta name=\"author\" content=\"rtnews\" \/>\n<meta name=\"twitter:card\" content=\"summary_large_image\" \/>\n<meta name=\"twitter:creator\" content=\"@WirMachenAuf_de\" \/>\n<meta name=\"twitter:site\" content=\"@WirMachenAuf_de\" \/>\n<meta name=\"twitter:label1\" content=\"Verfasst von\" \/>\n\t<meta name=\"twitter:data1\" content=\"rtnews\" \/>\n\t<meta name=\"twitter:label2\" content=\"Gesch\u00e4tzte Lesezeit\" \/>\n\t<meta name=\"twitter:data2\" content=\"3\u00a0Minuten\" \/>\n<script type=\"application\/ld+json\" class=\"yoast-schema-graph\">{\"@context\":\"https:\/\/schema.org\",\"@graph\":[{\"@type\":\"Article\",\"@id\":\"https:\/\/now-news.de\/de\/deutschland\/neue-achse-berlin-tokio-banzai-und-horrido\/#article\",\"isPartOf\":{\"@id\":\"https:\/\/now-news.de\/de\/deutschland\/neue-achse-berlin-tokio-banzai-und-horrido\/\"},\"author\":{\"name\":\"rtnews\",\"@id\":\"https:\/\/now-news.de\/de\/#\/schema\/person\/fb534a4e865501d8b3285208df34a9b5\"},\"headline\":\"Neue Achse Berlin-Tokio: Banzai und Horrido!\",\"datePublished\":\"2024-07-24T05:30:51+00:00\",\"dateModified\":\"2024-07-24T05:30:51+00:00\",\"mainEntityOfPage\":{\"@id\":\"https:\/\/now-news.de\/de\/deutschland\/neue-achse-berlin-tokio-banzai-und-horrido\/\"},\"wordCount\":669,\"commentCount\":0,\"publisher\":{\"@id\":\"https:\/\/now-news.de\/de\/#organization\"},\"image\":{\"@id\":\"https:\/\/now-news.de\/de\/deutschland\/neue-achse-berlin-tokio-banzai-und-horrido\/#primaryimage\"},\"thumbnailUrl\":\"https:\/\/now-news.de\/de\/wp-content\/uploads\/sites\/3\/2024\/07\/Neue-Achse-Berlin-Tokio-Banzai-und-Horrido.jpg\",\"keywords\":[\"Achse\",\"Banzai\",\"BerlinTokio\",\"Horrido\",\"NEUE\",\"und\"],\"articleSection\":[\"Deutschland\",\"Russland\"],\"inLanguage\":\"de\",\"potentialAction\":[{\"@type\":\"CommentAction\",\"name\":\"Comment\",\"target\":[\"https:\/\/now-news.de\/de\/deutschland\/neue-achse-berlin-tokio-banzai-und-horrido\/#respond\"]}]},{\"@type\":\"WebPage\",\"@id\":\"https:\/\/now-news.de\/de\/deutschland\/neue-achse-berlin-tokio-banzai-und-horrido\/\",\"url\":\"https:\/\/now-news.de\/de\/deutschland\/neue-achse-berlin-tokio-banzai-und-horrido\/\",\"name\":\"Neue Achse Berlin-Tokio: Banzai und Horrido! - just-now.NEWS Deutschland\",\"isPartOf\":{\"@id\":\"https:\/\/now-news.de\/de\/#website\"},\"primaryImageOfPage\":{\"@id\":\"https:\/\/now-news.de\/de\/deutschland\/neue-achse-berlin-tokio-banzai-und-horrido\/#primaryimage\"},\"image\":{\"@id\":\"https:\/\/now-news.de\/de\/deutschland\/neue-achse-berlin-tokio-banzai-und-horrido\/#primaryimage\"},\"thumbnailUrl\":\"https:\/\/now-news.de\/de\/wp-content\/uploads\/sites\/3\/2024\/07\/Neue-Achse-Berlin-Tokio-Banzai-und-Horrido.jpg\",\"datePublished\":\"2024-07-24T05:30:51+00:00\",\"dateModified\":\"2024-07-24T05:30:51+00:00\",\"breadcrumb\":{\"@id\":\"https:\/\/now-news.de\/de\/deutschland\/neue-achse-berlin-tokio-banzai-und-horrido\/#breadcrumb\"},\"inLanguage\":\"de\",\"potentialAction\":[{\"@type\":\"ReadAction\",\"target\":[\"https:\/\/now-news.de\/de\/deutschland\/neue-achse-berlin-tokio-banzai-und-horrido\/\"]}]},{\"@type\":\"ImageObject\",\"inLanguage\":\"de\",\"@id\":\"https:\/\/now-news.de\/de\/deutschland\/neue-achse-berlin-tokio-banzai-und-horrido\/#primaryimage\",\"url\":\"https:\/\/now-news.de\/de\/wp-content\/uploads\/sites\/3\/2024\/07\/Neue-Achse-Berlin-Tokio-Banzai-und-Horrido.jpg\",\"contentUrl\":\"https:\/\/now-news.de\/de\/wp-content\/uploads\/sites\/3\/2024\/07\/Neue-Achse-Berlin-Tokio-Banzai-und-Horrido.jpg\",\"width\":460,\"height\":259,\"caption\":\"Neue Achse Berlin-Tokio: Banzai und Horrido!\"},{\"@type\":\"BreadcrumbList\",\"@id\":\"https:\/\/now-news.de\/de\/deutschland\/neue-achse-berlin-tokio-banzai-und-horrido\/#breadcrumb\",\"itemListElement\":[{\"@type\":\"ListItem\",\"position\":1,\"name\":\"Home\",\"item\":\"https:\/\/now-news.de\/de\/\"},{\"@type\":\"ListItem\",\"position\":2,\"name\":\"Neue Achse Berlin-Tokio: Banzai und Horrido!\"}]},{\"@type\":\"WebSite\",\"@id\":\"https:\/\/now-news.de\/de\/#website\",\"url\":\"https:\/\/now-news.de\/de\/\",\"name\":\"just-now.NEWS Deutschland\",\"description\":\"Das Portal f\u00fcr unzensierte Nachrichten aus der Welt\",\"publisher\":{\"@id\":\"https:\/\/now-news.de\/de\/#organization\"},\"potentialAction\":[{\"@type\":\"SearchAction\",\"target\":{\"@type\":\"EntryPoint\",\"urlTemplate\":\"https:\/\/now-news.de\/de\/?s={search_term_string}\"},\"query-input\":\"required name=search_term_string\"}],\"inLanguage\":\"de\"},{\"@type\":\"Organization\",\"@id\":\"https:\/\/now-news.de\/de\/#organization\",\"name\":\"Just Now News\",\"url\":\"https:\/\/now-news.de\/de\/\",\"logo\":{\"@type\":\"ImageObject\",\"inLanguage\":\"de\",\"@id\":\"https:\/\/now-news.de\/de\/#\/schema\/logo\/image\/\",\"url\":\"http:\/\/just-now.news\/de\/wp-content\/uploads\/sites\/3\/2022\/04\/logo500x500.jpg\",\"contentUrl\":\"http:\/\/just-now.news\/de\/wp-content\/uploads\/sites\/3\/2022\/04\/logo500x500.jpg\",\"width\":500,\"height\":500,\"caption\":\"Just Now News\"},\"image\":{\"@id\":\"https:\/\/now-news.de\/de\/#\/schema\/logo\/image\/\"},\"sameAs\":[\"https:\/\/www.facebook.com\/wirmachenauf\",\"https:\/\/x.com\/WirMachenAuf_de\"]},{\"@type\":\"Person\",\"@id\":\"https:\/\/now-news.de\/de\/#\/schema\/person\/fb534a4e865501d8b3285208df34a9b5\",\"name\":\"rtnews\",\"image\":{\"@type\":\"ImageObject\",\"inLanguage\":\"de\",\"@id\":\"https:\/\/now-news.de\/de\/#\/schema\/person\/image\/\",\"url\":\"https:\/\/secure.gravatar.com\/avatar\/82aafea7d8127119dd649515f56e2117?s=96&d=mm&r=g\",\"contentUrl\":\"https:\/\/secure.gravatar.com\/avatar\/82aafea7d8127119dd649515f56e2117?s=96&d=mm&r=g\",\"caption\":\"rtnews\"},\"url\":\"https:\/\/now-news.de\/de\/author\/rnews\/\"}]}<\/script>\n<!-- \/ Yoast SEO Premium plugin. -->","yoast_head_json":{"title":"Neue Achse Berlin-Tokio: Banzai und Horrido! - just-now.NEWS Deutschland","robots":{"index":"index","follow":"follow","max-snippet":"max-snippet:-1","max-image-preview":"max-image-preview:large","max-video-preview":"max-video-preview:-1"},"canonical":"https:\/\/now-news.de\/de\/deutschland\/neue-achse-berlin-tokio-banzai-und-horrido\/","og_locale":"de_DE","og_type":"article","og_title":"Neue Achse Berlin-Tokio: Banzai und Horrido!","og_description":"&#8220;Ob nah oder fern, die Bundeswehr tut es gern.&#8221; Die aktive Teilnahme an der Sicherung der &#8220;internationalen Ordnung&#8221; gilt fortdauernd als das Steckenpferd des Verteidigungsministers Boris Pistorius. Autor Uli Gellermann erinnert mahnend daran, dass es eine milit\u00e4rische Achse Berlin-Tokio schon einmal gab. Von Uli Gellermann Das letzte Mal, dass es eine Achse Berlin-Tokio gab, ist [&hellip;]","og_url":"https:\/\/now-news.de\/de\/deutschland\/neue-achse-berlin-tokio-banzai-und-horrido\/","og_site_name":"just-now.NEWS Deutschland","article_publisher":"https:\/\/www.facebook.com\/wirmachenauf","article_published_time":"2024-07-24T05:30:51+00:00","og_image":[{"url":"https:\/\/now-news.de\/de\/wp-content\/uploads\/sites\/3\/2024\/07\/669e4dfc48fbef04b323c693.jpg"}],"author":"rtnews","twitter_card":"summary_large_image","twitter_creator":"@WirMachenAuf_de","twitter_site":"@WirMachenAuf_de","twitter_misc":{"Verfasst von":"rtnews","Gesch\u00e4tzte Lesezeit":"3\u00a0Minuten"},"schema":{"@context":"https:\/\/schema.org","@graph":[{"@type":"Article","@id":"https:\/\/now-news.de\/de\/deutschland\/neue-achse-berlin-tokio-banzai-und-horrido\/#article","isPartOf":{"@id":"https:\/\/now-news.de\/de\/deutschland\/neue-achse-berlin-tokio-banzai-und-horrido\/"},"author":{"name":"rtnews","@id":"https:\/\/now-news.de\/de\/#\/schema\/person\/fb534a4e865501d8b3285208df34a9b5"},"headline":"Neue Achse Berlin-Tokio: Banzai und Horrido!","datePublished":"2024-07-24T05:30:51+00:00","dateModified":"2024-07-24T05:30:51+00:00","mainEntityOfPage":{"@id":"https:\/\/now-news.de\/de\/deutschland\/neue-achse-berlin-tokio-banzai-und-horrido\/"},"wordCount":669,"commentCount":0,"publisher":{"@id":"https:\/\/now-news.de\/de\/#organization"},"image":{"@id":"https:\/\/now-news.de\/de\/deutschland\/neue-achse-berlin-tokio-banzai-und-horrido\/#primaryimage"},"thumbnailUrl":"https:\/\/now-news.de\/de\/wp-content\/uploads\/sites\/3\/2024\/07\/Neue-Achse-Berlin-Tokio-Banzai-und-Horrido.jpg","keywords":["Achse","Banzai","BerlinTokio","Horrido","NEUE","und"],"articleSection":["Deutschland","Russland"],"inLanguage":"de","potentialAction":[{"@type":"CommentAction","name":"Comment","target":["https:\/\/now-news.de\/de\/deutschland\/neue-achse-berlin-tokio-banzai-und-horrido\/#respond"]}]},{"@type":"WebPage","@id":"https:\/\/now-news.de\/de\/deutschland\/neue-achse-berlin-tokio-banzai-und-horrido\/","url":"https:\/\/now-news.de\/de\/deutschland\/neue-achse-berlin-tokio-banzai-und-horrido\/","name":"Neue Achse Berlin-Tokio: Banzai und Horrido! - just-now.NEWS Deutschland","isPartOf":{"@id":"https:\/\/now-news.de\/de\/#website"},"primaryImageOfPage":{"@id":"https:\/\/now-news.de\/de\/deutschland\/neue-achse-berlin-tokio-banzai-und-horrido\/#primaryimage"},"image":{"@id":"https:\/\/now-news.de\/de\/deutschland\/neue-achse-berlin-tokio-banzai-und-horrido\/#primaryimage"},"thumbnailUrl":"https:\/\/now-news.de\/de\/wp-content\/uploads\/sites\/3\/2024\/07\/Neue-Achse-Berlin-Tokio-Banzai-und-Horrido.jpg","datePublished":"2024-07-24T05:30:51+00:00","dateModified":"2024-07-24T05:30:51+00:00","breadcrumb":{"@id":"https:\/\/now-news.de\/de\/deutschland\/neue-achse-berlin-tokio-banzai-und-horrido\/#breadcrumb"},"inLanguage":"de","potentialAction":[{"@type":"ReadAction","target":["https:\/\/now-news.de\/de\/deutschland\/neue-achse-berlin-tokio-banzai-und-horrido\/"]}]},{"@type":"ImageObject","inLanguage":"de","@id":"https:\/\/now-news.de\/de\/deutschland\/neue-achse-berlin-tokio-banzai-und-horrido\/#primaryimage","url":"https:\/\/now-news.de\/de\/wp-content\/uploads\/sites\/3\/2024\/07\/Neue-Achse-Berlin-Tokio-Banzai-und-Horrido.jpg","contentUrl":"https:\/\/now-news.de\/de\/wp-content\/uploads\/sites\/3\/2024\/07\/Neue-Achse-Berlin-Tokio-Banzai-und-Horrido.jpg","width":460,"height":259,"caption":"Neue Achse Berlin-Tokio: Banzai und Horrido!"},{"@type":"BreadcrumbList","@id":"https:\/\/now-news.de\/de\/deutschland\/neue-achse-berlin-tokio-banzai-und-horrido\/#breadcrumb","itemListElement":[{"@type":"ListItem","position":1,"name":"Home","item":"https:\/\/now-news.de\/de\/"},{"@type":"ListItem","position":2,"name":"Neue Achse Berlin-Tokio: Banzai und Horrido!"}]},{"@type":"WebSite","@id":"https:\/\/now-news.de\/de\/#website","url":"https:\/\/now-news.de\/de\/","name":"just-now.NEWS Deutschland","description":"Das Portal f\u00fcr unzensierte Nachrichten aus der Welt","publisher":{"@id":"https:\/\/now-news.de\/de\/#organization"},"potentialAction":[{"@type":"SearchAction","target":{"@type":"EntryPoint","urlTemplate":"https:\/\/now-news.de\/de\/?s={search_term_string}"},"query-input":"required name=search_term_string"}],"inLanguage":"de"},{"@type":"Organization","@id":"https:\/\/now-news.de\/de\/#organization","name":"Just Now News","url":"https:\/\/now-news.de\/de\/","logo":{"@type":"ImageObject","inLanguage":"de","@id":"https:\/\/now-news.de\/de\/#\/schema\/logo\/image\/","url":"http:\/\/just-now.news\/de\/wp-content\/uploads\/sites\/3\/2022\/04\/logo500x500.jpg","contentUrl":"http:\/\/just-now.news\/de\/wp-content\/uploads\/sites\/3\/2022\/04\/logo500x500.jpg","width":500,"height":500,"caption":"Just Now News"},"image":{"@id":"https:\/\/now-news.de\/de\/#\/schema\/logo\/image\/"},"sameAs":["https:\/\/www.facebook.com\/wirmachenauf","https:\/\/x.com\/WirMachenAuf_de"]},{"@type":"Person","@id":"https:\/\/now-news.de\/de\/#\/schema\/person\/fb534a4e865501d8b3285208df34a9b5","name":"rtnews","image":{"@type":"ImageObject","inLanguage":"de","@id":"https:\/\/now-news.de\/de\/#\/schema\/person\/image\/","url":"https:\/\/secure.gravatar.com\/avatar\/82aafea7d8127119dd649515f56e2117?s=96&d=mm&r=g","contentUrl":"https:\/\/secure.gravatar.com\/avatar\/82aafea7d8127119dd649515f56e2117?s=96&d=mm&r=g","caption":"rtnews"},"url":"https:\/\/now-news.de\/de\/author\/rnews\/"}]}},"_links":{"self":[{"href":"https:\/\/now-news.de\/de\/wp-json\/wp\/v2\/posts\/65366"}],"collection":[{"href":"https:\/\/now-news.de\/de\/wp-json\/wp\/v2\/posts"}],"about":[{"href":"https:\/\/now-news.de\/de\/wp-json\/wp\/v2\/types\/post"}],"author":[{"embeddable":true,"href":"https:\/\/now-news.de\/de\/wp-json\/wp\/v2\/users\/3"}],"replies":[{"embeddable":true,"href":"https:\/\/now-news.de\/de\/wp-json\/wp\/v2\/comments?post=65366"}],"version-history":[{"count":0,"href":"https:\/\/now-news.de\/de\/wp-json\/wp\/v2\/posts\/65366\/revisions"}],"wp:featuredmedia":[{"embeddable":true,"href":"https:\/\/now-news.de\/de\/wp-json\/wp\/v2\/media\/65367"}],"wp:attachment":[{"href":"https:\/\/now-news.de\/de\/wp-json\/wp\/v2\/media?parent=65366"}],"wp:term":[{"taxonomy":"category","embeddable":true,"href":"https:\/\/now-news.de\/de\/wp-json\/wp\/v2\/categories?post=65366"},{"taxonomy":"post_tag","embeddable":true,"href":"https:\/\/now-news.de\/de\/wp-json\/wp\/v2\/tags?post=65366"}],"curies":[{"name":"wp","href":"https:\/\/api.w.org\/{rel}","templated":true}]}}