{"id":65306,"date":"2024-07-23T12:18:51","date_gmt":"2024-07-23T10:18:51","guid":{"rendered":"https:\/\/now-news.de\/de\/deutschland\/schweizer-wirtschaft-risiko-immobilienblase-nestle-riegel-geht-nach-russland-zurueck\/"},"modified":"2024-07-23T12:18:51","modified_gmt":"2024-07-23T10:18:51","slug":"schweizer-wirtschaft-risiko-immobilienblase-nestle-riegel-geht-nach-russland-zurueck","status":"publish","type":"post","link":"https:\/\/now-news.de\/de\/deutschland\/schweizer-wirtschaft-risiko-immobilienblase-nestle-riegel-geht-nach-russland-zurueck\/","title":{"rendered":"Schweizer Wirtschaft: Risiko Immobilienblase, Nestl\u00e9-Riegel geht nach Russland zur\u00fcck"},"content":{"rendered":"<div class=\"Text-root Text-type_1 \">\n                Von einem unbekannten CEO bei Julius B\u00e4r, der nach dem Benko-Crash noch mehr Risiko bringt, bis zur Immobilienblase in der Schweiz &#8211; Z\u00fcrich birgt weltweit das h\u00f6chste Immobilienblasenrisiko\n            <\/div>\n<p><\/p>\n<div class=\"Text-root Text-type_5 ArticleView-text ViewText-root \">\n<p><strong>Z\u00fcrcher Immobilienmarkt k\u00fchlt ab<\/strong><\/p>\n<p>Die Preise f\u00fcr Eigentumswohnungen fallen in der Metropole deutlich. In verschiedenen Stadtteilen, darunter Z\u00fcrich-Nord und Z\u00fcrich-Witikon, sind Preisnachl\u00e4sse von 6 bis 12 Prozent zu beobachten. Besonders betroffen sind Wohnungen im Preissegment von 1,5 bis 2 Millionen Franken, da der Mittelstand vorsichtiger kalkulieren muss und Banken wie die UBS bei der Kreditvergabe zur\u00fcckhaltender geworden sind. Trotz der Zinssenkungen der Schweizerischen Nationalbank und der daraus resultierenden niedrigeren Hypothekenzinsen zeigen sich nun deutliche Bremsspuren auf dem Immobilienmarkt. Dies deutet auf eine \u00dcberhitzung und eine notwendige Korrektur hin, warnt das Z\u00fcrcher Finanzblog <a rel=\"nofollow noopener\" target=\"_blank\" href=\"https:\/\/insideparadeplatz.ch\/\"><em>InsideParadaplatz<\/em><\/a>.<\/p>\n<p><strong>Die KitKat-Riegel kehren nach Russland zur\u00fcck.<\/strong><\/p>\n<p>Die Schweizer Firma Nestl\u00e9 plant, die Produktion in Perm wieder aufzunehmen. Die Schokoriegel werden diesen Herbst in den Gesch\u00e4ften erh\u00e4ltlich sein.<\/p>\n<figure class=\"RTImage-root\">\n<div class=\"RTImage-image RTImage-original\"><picture class=\"Picture-root Picture-original\"><!--[if IE 9]><video style=\"display: none;\"><![endif]--><source media=\"(-webkit-min-device-pixel-ratio: 2) and (min-resolution: 120dpi)\" data-srcset=\" \nhttps:\/\/now-news.de\/de\/wp-content\/uploads\/sites\/3\/2024\/07\/669f6e8448fbef0435786f85.jpg 850w,\n                https:\/\/now-news.de\/de\/wp-content\/uploads\/sites\/3\/2024\/07\/669f6e8448fbef0435786f85.jpg 1960w,            \" ><source data-srcset=\" \nhttps:\/\/now-news.de\/de\/wp-content\/uploads\/sites\/3\/2024\/07\/669f6e8448fbef0435786f85.jpg 460w,\n              https:\/\/now-news.de\/de\/wp-content\/uploads\/sites\/3\/2024\/07\/669f6e8448fbef0435786f85.jpg 980w,\n            \" ><!--[if IE 9]><\/video><![endif]--><img decoding=\"async\" data- src=\"data:image\/png;base64,iVBORw0KGgoAAAANSUhEUgAAABAAAAAJCAQAAACRI2S5AAAAEElEQVR42mNkIAAYRxWAAQAG9gAKqv6+AwAAAABJRU5ErkJggg==\" class=\"Picture-root Picture-original lazyload\" data-src=\"https:\/\/now-news.de\/de\/wp-content\/uploads\/sites\/3\/2024\/07\/669f6e8448fbef0435786f85.jpg\" alt=\"\"><\/source><\/source><\/picture><!-- noscript pattern --><noscript><img decoding=\"async\" src=\"https:\/\/now-news.de\/de\/wp-content\/uploads\/sites\/3\/2024\/07\/669f6e8448fbef0435786f85.jpg\" alt=\"\"><\/noscript><\/div><figcaption class=\"RTImage-footer\"><span class=\"RTImage-caption\"><span class=\"RTImage-captionItem\">KitKat-Schokolade ist in einem Gesch\u00e4ft in Moskau, Russland, abgebildet.<\/span><\/span><span class=\"RTImage-source\"><span class=\"RTImage-captionItem\">Sputnik<\/span><\/span><\/figcaption><\/figure>\n<p><strong>Julius B\u00e4r ernennt Goldman Sachs Banker zum neuen CEO<\/strong><\/p>\n<p>Die Bank Julius B\u00e4r hat Stefan Bollinger zum neuen Konzernchef ernannt. Bollinger, derzeit Co-Chef des Gesch\u00e4fts mit verm\u00f6genden Privatkunden bei Goldman Sachs in London, wird sp\u00e4testens am 1. Februar 2025 seine neue Position \u00fcbernehmen. In den letzten f\u00fcnf Jahren hat er die verwalteten Verm\u00f6gen in seiner bisherigen Rolle mehr als verdoppelt. Verwaltungsratspr\u00e4sident Romeo Lacher betont, dass Bollinger Julius B\u00e4r als f\u00fchrende Privatbank positionieren und nachhaltiges Wachstum sichern soll, wobei er auch ein modernes Risikomanagement implementieren wird.<\/p>\n<p>Die Ernennung folgt auf den R\u00fccktritt von Philipp Rickenbacher nach hohen Verlusten und einer Halbierung des Jahresgewinns. Bollinger bringt drei Jahrzehnte Erfahrung im Bankgesch\u00e4ft mit und hat in verschiedenen F\u00fchrungspositionen bei Goldman Sachs und JP Morgan gearbeitet. Insidern zufolge hatte Julius B\u00e4r in den letzten Monaten einen Zusammenschluss mit EFG International erwogen, jedoch \u00e4u\u00dferte die Schweizer Finanzmarktaufsicht Finma Bedenken. Trotz der Herausforderungen wird eine Wiederaufnahme der Gespr\u00e4che als m\u00f6glich erachtet.<\/p>\n<p>Mit der Wahl von Stefan Bollinger geht Julius B\u00e4r erneut ein betr\u00e4chtliches Risiko ein. Der Banker hat zwar viel Erfahrung im Gesch\u00e4ft, aber ob er das CEO-Gen hat und den Konzern mit 7500 Mitarbeitenden in die Zukunft f\u00fchren kann, ist v\u00f6llig offen, schreibt das Portal <a rel=\"nofollow noopener\" target=\"_blank\" href=\"https:\/\/www.tippinpoint.ch\/artikel\/77529\/mit_stefan_bollinger_als_neuem_ceo_geht_julius_baer_erneut_ein_risiko_ein_.html\"><em>TippinPoint<\/em><\/a>.<\/p>\n<figure class=\"RTImage-root\">\n<div class=\"RTImage-image RTImage-original\"><picture class=\"Picture-root Picture-original\"><!--[if IE 9]><video style=\"display: none;\"><![endif]--><source media=\"(-webkit-min-device-pixel-ratio: 2) and (min-resolution: 120dpi)\" data-srcset=\" \nhttps:\/\/now-news.de\/de\/wp-content\/uploads\/sites\/3\/2024\/07\/669f6c1248fbef03ca532b1a.jpg 850w,\n                https:\/\/now-news.de\/de\/wp-content\/uploads\/sites\/3\/2024\/07\/669f6c1248fbef03ca532b1a.jpg 1960w,            \" ><source data-srcset=\" \nhttps:\/\/now-news.de\/de\/wp-content\/uploads\/sites\/3\/2024\/07\/669f6c1248fbef03ca532b1a.jpg 460w,\n              https:\/\/now-news.de\/de\/wp-content\/uploads\/sites\/3\/2024\/07\/669f6c1248fbef03ca532b1a.jpg 980w,\n            \" ><!--[if IE 9]><\/video><![endif]--><img decoding=\"async\" data- src=\"data:image\/png;base64,iVBORw0KGgoAAAANSUhEUgAAABAAAAAJCAQAAACRI2S5AAAAEElEQVR42mNkIAAYRxWAAQAG9gAKqv6+AwAAAABJRU5ErkJggg==\" class=\"Picture-root Picture-original lazyload\" data-src=\"https:\/\/now-news.de\/de\/wp-content\/uploads\/sites\/3\/2024\/07\/669f6c1248fbef03ca532b1a.jpg\" alt=\"\"><\/source><\/source><\/picture><!-- noscript pattern --><noscript><img decoding=\"async\" src=\"https:\/\/now-news.de\/de\/wp-content\/uploads\/sites\/3\/2024\/07\/669f6c1248fbef03ca532b1a.jpg\" alt=\"\"><\/noscript><\/div><figcaption class=\"RTImage-footer\"><span class=\"RTImage-caption\"><span class=\"RTImage-captionItem\">Panorama des Hercule-Hafens in Monaco am Ligurischen Meer<\/span><\/span><span class=\"RTImage-source\"><span class=\"RTImage-captionItem\">Sputnik<\/span><\/span><\/figcaption><\/figure>\n<p><strong>Aus Angst vor Juso-Initiative: Erste Superreiche wandern aus<\/strong><\/p>\n<p>Noch bevor die Erbschaftssteuer-Initiative der Juso zur Abstimmung kommt, sind erste Superreiche aus dem Kanton Nidwalden weggezogen. Diese fordert eine 50-prozentige Erbschaftssteuer auf Verm\u00f6gen ab 50 Millionen Franken und soll r\u00fcckwirkend gelten.<\/p>\n<p>Finanzdirektorin Mich\u00e8le Bl\u00f6chlinger best\u00e4tigte Wegz\u00fcge und appelliert an die Steuerzahler, mit einem Wegzug zu warten, da die Initiative noch nicht angenommen ist. Prominente Unternehmer wie Peter Spuhler und Magdalena Martullo-Blocher haben ihre Auswanderungspl\u00e4ne \u00f6ffentlich gemacht und warnen vor den negativen Folgen der Initiative.<\/p>\n<p><strong>Sind die Auswanderungspl\u00e4ne unn\u00f6tig?<\/strong><\/p>\n<p>Zwei Rechtsprofessoren haben die Juso-Initiative analysiert und kommen zu dem Schluss, dass der Initiativtext rechtlich auf wackligen Beinen steht. Unternehmer wie Spuhler, Hans-Peter Bertschi und Magdalena Martullo-Blocher erw\u00e4gen, die Schweiz zu verlassen, um einer m\u00f6glichen Erbschaftssteuer von 50 Prozent zu entgehen, die ab einem Verm\u00f6gen von 50 Millionen Franken erhoben werden soll und r\u00fcckwirkend gelten k\u00f6nnte.<\/p>\n<p>Rechtsprofessor Markus Schefer von der Universit\u00e4t Basel <a rel=\"nofollow noopener\" target=\"_blank\" href=\"https:\/\/www.blick.ch\/politik\/sind-die-auswanderungsplaene-von-spuhler-co-unnoetig-rechtsprofessoren-nehmen-die-juso-initiative-auseinander-id19968983.html\">erkl\u00e4rt<\/a>, dass der Initiativtext nicht so formuliert ist, dass eine Erbschaft r\u00fcckwirkend belangt werden kann. Die Ma\u00dfnahmen zur Verhinderung von Steuervermeidung w\u00fcrden erst nach Inkrafttreten der gesetzlichen Ausf\u00fchrungsbestimmungen gelten. Auch Professor Luzius Cavelti von der Universit\u00e4t Basel sieht rechtliche Unsicherheiten, h\u00e4lt die Initiative jedoch f\u00fcr verfassungswidrig, da sie eine kleine Gruppe unverh\u00e4ltnism\u00e4\u00dfig belastet.<\/p>\n<p>Trotz dieser rechtlichen Einsch\u00e4tzungen bleibt es in der Schweiz \u00fcblich, solche strittigen Punkte politisch auszutragen. Spuhler und Co. k\u00f6nnen daher die Abstimmung abwarten und, falls die Initiative angenommen wird, immer noch auswandern, bevor die neuen Gesetze in Kraft treten.<\/p>\n<p><strong>UBS-CS: Greensill-Skandal<\/strong><\/p>\n<p>Das Strafverfahren im Greensill-Skandal steht vor dem Aus. Trotz eines Milliardenverlusts r\u00fcckt laut der Staatsanwaltschaft Z\u00fcrich die Einstellung des Verfahrens zunehmend in den Vordergrund. Vor wenigen Wochen musste Lex Greensill im Z\u00fcrcher Verfahren aussagen und erkl\u00e4rte, dass er die Verantwortlichen der Credit Suisse (CS) stets \u00fcber die Risiken seiner Fonds informiert habe.<\/p>\n<p>Am 17. Juni 2024 unterbreitete die UBS den Anlegern ein \u00fcberraschendes Angebot: Sie erhalten 90 Prozent des Nettoinventarwerts (NAV) vom 25. Februar 2021 zur\u00fcck, sofern sie alle Strafklagen zur\u00fcckziehen. Diese Entsch\u00e4digung wird die UBS eine Milliarde kosten, das Geld ist jedoch gr\u00f6\u00dftenteils bereits zur\u00fcckgestellt. Dieses Angebot folgt auf die Ereignisse von Februar 2021, als die CS die Greensill-Fonds schloss, weil die versprochene Versicherungsdeckung nicht mehr gew\u00e4hrleistet werden konnte. Von den etwa zehn Milliarden Dollar, die in die Fonds investiert wurden, konnten bislang 7,5 Milliarden Dollar zur\u00fcckgezahlt werden.<\/p>\n<p>Ein wesentlicher Grund f\u00fcr die schleppenden R\u00fcckzahlungen ist, dass ein Teil der Forderungen der Fonds auf sogenannten \u201eFuture Receivables\u201c basiert, die keine tats\u00e4chlichen Lieferungen darstellen, sondern spekulative zuk\u00fcnftige Ums\u00e4tze. Interne Mails der CS zeigen, dass die Risiken dieser \u201eFuture Receivables\u201c bekannt waren und die Kunden h\u00e4tten informiert werden m\u00fcssen. Dennoch wurden die Forderungen in Pr\u00e4sentationen als vollst\u00e4ndig versichert dargestellt.<\/p>\n<figure class=\"RTImage-root\">\n<div class=\"RTImage-image RTImage-original\"><picture class=\"Picture-root Picture-original\"><!--[if IE 9]><video style=\"display: none;\"><![endif]--><source media=\"(-webkit-min-device-pixel-ratio: 2) and (min-resolution: 120dpi)\" data-srcset=\" \nhttps:\/\/now-news.de\/de\/wp-content\/uploads\/sites\/3\/2024\/07\/669f6cb2b480cc228e47b6af.jpg 850w,\n                https:\/\/now-news.de\/de\/wp-content\/uploads\/sites\/3\/2024\/07\/669f6cb2b480cc228e47b6af.jpg 1960w,            \" ><source data-srcset=\" \nhttps:\/\/now-news.de\/de\/wp-content\/uploads\/sites\/3\/2024\/07\/669f6cb2b480cc228e47b6af.jpg 460w,\n              https:\/\/now-news.de\/de\/wp-content\/uploads\/sites\/3\/2024\/07\/669f6cb2b480cc228e47b6af.jpg 980w,\n            \" ><!--[if IE 9]><\/video><![endif]--><img decoding=\"async\" data- src=\"data:image\/png;base64,iVBORw0KGgoAAAANSUhEUgAAABAAAAAJCAQAAACRI2S5AAAAEElEQVR42mNkIAAYRxWAAQAG9gAKqv6+AwAAAABJRU5ErkJggg==\" class=\"Picture-root Picture-original lazyload\" data-src=\"https:\/\/now-news.de\/de\/wp-content\/uploads\/sites\/3\/2024\/07\/669f6cb2b480cc228e47b6af.jpg\" alt=\"\"><\/source><\/source><\/picture><!-- noscript pattern --><noscript><img decoding=\"async\" src=\"https:\/\/now-news.de\/de\/wp-content\/uploads\/sites\/3\/2024\/07\/669f6cb2b480cc228e47b6af.jpg\" alt=\"\"><\/noscript><\/div><figcaption class=\"RTImage-footer\"><span class=\"RTImage-caption\"><span class=\"RTImage-captionItem\">UBS Bank B\u00fcro in New York City<\/span><\/span><span class=\"RTImage-source\"><span class=\"RTImage-captionItem\">Sputnik<\/span><\/span><\/figcaption><\/figure>\n<p>Obwohl die UBS nicht direkt im Strafverfahren involviert ist, k\u00f6nnte eine Verurteilung ehemaliger CS-Mitarbeiter die Erfolgsaussichten von Zivilklagen gegen die Bank erh\u00f6hen. Das Vergleichsangebot der UBS, das die R\u00fccknahme aller Klagen voraussetzt, d\u00fcrfte von den meisten Anlegern angenommen werden. Der Sprecher der Oberstaatsanwaltschaft, Erich Wenzinger, best\u00e4tigte, dass das Strafverfahren eingestellt werden k\u00f6nnte, wenn alle Privatkl\u00e4ger ihre Antr\u00e4ge zur\u00fcckziehen.<\/p>\n<p>Die Finma, die das Vergleichsangebot der UBS offenbar abgesegnet hat, hatte zuvor \u00e4hnliche Angebote der CS-F\u00fchrung abgelehnt. Diese Ablehnung f\u00fchrte unter anderem dazu, dass asiatische Anleger massenhaft Gelder abzogen, was zur Krise der CS beitrug. Auch gegen ehemalige CS-Manager, darunter Thomas Gottstein, l\u00e4uft weiterhin eine Untersuchung der Finma. Es wird jedoch erwartet, dass auch diese eingestellt wird, da Gottstein in den Untersuchungsberichten nicht erw\u00e4hnt wird.<\/p>\n<p><strong>Der Bundesrat\u00a0will die Steuerzahler vor einer UBS-Krise sch\u00fctzen<\/strong><\/p>\n<\/p>\n<p>Der Bundesrat zieht Lehren aus dem Fall Credit Suisse und pr\u00e4sentiert 22 Ma\u00dfnahmen, um Steuerzahler vor einer m\u00f6glichen Krise bei der UBS zu sch\u00fctzen. Ein Jahr nach der \u00dcbernahme der Credit Suisse durch die UBS bleiben viele Fragen ungekl\u00e4rt, insbesondere ob eine Notfallplanung funktioniert h\u00e4tte oder ob eine Verstaatlichung notwendig gewesen w\u00e4re. Der Bundesrat plant Versch\u00e4rfungen bei den Eigenkapitalanforderungen und will die Finma st\u00e4rken, um besser auf k\u00fcnftige Krisen reagieren zu k\u00f6nnen. Radikale Ma\u00dfnahmen wie eine Vervielfachung der Eigenkapitalanforderungen oder Zwangsabspaltungen werden jedoch abgelehnt.<\/p>\n<p>Stattdessen best\u00e4tigt die Regierung die bisherige Finanzplatzstrategie und strebt eine international bedeutende Rolle f\u00fcr den Schweizer Finanzplatz an. Geplante Versch\u00e4rfungen umfassen erh\u00f6hte Eigenmittelanforderungen f\u00fcr ausl\u00e4ndische Beteiligungen und eine st\u00e4rkere Liquidit\u00e4tssicherung. Die Finma soll bei k\u00fcnftigen Krisen fr\u00fcher eingreifen k\u00f6nnen und zus\u00e4tzliche Kompetenzen erhalten, um Banken zu disziplinieren. Konkrete Gesetzes- und Verordnungs\u00e4nderungen sollen 2025 zur Vernehmlassung vorgelegt werden, unter Ber\u00fccksichtigung der Erkenntnisse der Parlamentarischen Untersuchungskommission zum Fall Credit Suisse.<\/p>\n<p><strong>Mehr zum Thema<\/strong>\u00a0\u2012\u00a0<a rel=\"nofollow noopener\" target=\"_blank\" href=\"https:\/\/freedert.online\/schweiz\/202642-nzz-behauptet-selenskij-ist-makellos\/\">NZZ behauptet: Selenskij ist nicht korrupt! Seine Offshore-Firmen? Nur eine Risikoreduzierung!<\/a><\/p>\n<div class=\"EmbedBlock-root EmbedBlock-externalVideo EmbedBlock-vk\">\n<div class=\"VkEmbed\"><iframe class=\"lazyload\" data-src=\"https:\/\/vk.com\/video_ext.php?oid=-134310637&amp;id=456278534\" frameborder=\"0\" width=\"853\" height=\"480\" allowfullscreen><\/iframe><\/div>\n<\/div>\n<\/div>\n<p><br \/>\n<br \/><a href=\"https:\/\/de.rt.com\/schweiz\/213235-was-schweizer-wirtschaft-heute-morgen\/\">Source link <\/a><\/p>\n","protected":false},"excerpt":{"rendered":"<p>Von einem unbekannten CEO bei Julius B\u00e4r, der nach dem Benko-Crash noch mehr Risiko bringt, bis zur Immobilienblase in der Schweiz &#8211; Z\u00fcrich birgt weltweit das h\u00f6chste Immobilienblasenrisiko Z\u00fcrcher Immobilienmarkt k\u00fchlt ab Die Preise f\u00fcr Eigentumswohnungen fallen in der Metropole deutlich. In verschiedenen Stadtteilen, darunter Z\u00fcrich-Nord und Z\u00fcrich-Witikon, sind Preisnachl\u00e4sse von 6 bis 12 Prozent [&hellip;]<\/p>\n","protected":false},"author":3,"featured_media":65307,"comment_status":"open","ping_status":"open","sticky":false,"template":"","format":"standard","meta":{"_yoast_indexnow_last_ping":["1721730440"],"wp_automatic_camp":["217"],"8a0a3e15c4afe345ebc6dcbe46a99e8f":["Schweizer Wirtschaft: Risiko Immobilienblase, Nestl\u00e9-Riegel geht nach Russland zur\u00fcck"],"original_link":["https:\/\/de.rt.com\/schweiz\/213235-was-schweizer-wirtschaft-heute-morgen\/"],"_thumbnail_id":["65307"],"jnews_social_counter_last_update":["1777031931"],"_wptgpro_p2tg_sent2tg":["a:1:{i:23737;s:19:\"2024-07-23 12:28:27\";}"]},"categories":[19,23],"tags":[1673,13564,979,56893,18665,126,3424,291,3337],"yoast_head":"<!-- This site is optimized with the Yoast SEO Premium plugin v22.7 (Yoast SEO v22.7) - https:\/\/yoast.com\/wordpress\/plugins\/seo\/ -->\n<title>Schweizer Wirtschaft: Risiko Immobilienblase, Nestl\u00e9-Riegel geht nach Russland zur\u00fcck - just-now.NEWS Deutschland<\/title>\n<meta name=\"robots\" content=\"index, follow, max-snippet:-1, max-image-preview:large, max-video-preview:-1\" \/>\n<link rel=\"canonical\" href=\"https:\/\/now-news.de\/de\/deutschland\/schweizer-wirtschaft-risiko-immobilienblase-nestle-riegel-geht-nach-russland-zurueck\/\" \/>\n<meta property=\"og:locale\" content=\"de_DE\" \/>\n<meta property=\"og:type\" content=\"article\" \/>\n<meta property=\"og:title\" content=\"Schweizer Wirtschaft: Risiko Immobilienblase, Nestl\u00e9-Riegel geht nach Russland zur\u00fcck\" \/>\n<meta property=\"og:description\" content=\"Von einem unbekannten CEO bei Julius B\u00e4r, der nach dem Benko-Crash noch mehr Risiko bringt, bis zur Immobilienblase in der Schweiz &#8211; Z\u00fcrich birgt weltweit das h\u00f6chste Immobilienblasenrisiko Z\u00fcrcher Immobilienmarkt k\u00fchlt ab Die Preise f\u00fcr Eigentumswohnungen fallen in der Metropole deutlich. In verschiedenen Stadtteilen, darunter Z\u00fcrich-Nord und Z\u00fcrich-Witikon, sind Preisnachl\u00e4sse von 6 bis 12 Prozent [&hellip;]\" \/>\n<meta property=\"og:url\" content=\"https:\/\/now-news.de\/de\/deutschland\/schweizer-wirtschaft-risiko-immobilienblase-nestle-riegel-geht-nach-russland-zurueck\/\" \/>\n<meta property=\"og:site_name\" content=\"just-now.NEWS Deutschland\" \/>\n<meta property=\"article:publisher\" content=\"https:\/\/www.facebook.com\/wirmachenauf\" \/>\n<meta property=\"article:published_time\" content=\"2024-07-23T10:18:51+00:00\" \/>\n<meta property=\"og:image\" content=\"https:\/\/now-news.de\/de\/wp-content\/uploads\/sites\/3\/2024\/07\/669f6e8448fbef0435786f85.jpg\" \/>\n<meta name=\"author\" content=\"rtnews\" \/>\n<meta name=\"twitter:card\" content=\"summary_large_image\" \/>\n<meta name=\"twitter:creator\" content=\"@WirMachenAuf_de\" \/>\n<meta name=\"twitter:site\" content=\"@WirMachenAuf_de\" \/>\n<meta name=\"twitter:label1\" content=\"Verfasst von\" \/>\n\t<meta name=\"twitter:data1\" content=\"rtnews\" \/>\n\t<meta name=\"twitter:label2\" content=\"Gesch\u00e4tzte Lesezeit\" \/>\n\t<meta name=\"twitter:data2\" content=\"6\u00a0Minuten\" \/>\n<script type=\"application\/ld+json\" class=\"yoast-schema-graph\">{\"@context\":\"https:\/\/schema.org\",\"@graph\":[{\"@type\":\"Article\",\"@id\":\"https:\/\/now-news.de\/de\/deutschland\/schweizer-wirtschaft-risiko-immobilienblase-nestle-riegel-geht-nach-russland-zurueck\/#article\",\"isPartOf\":{\"@id\":\"https:\/\/now-news.de\/de\/deutschland\/schweizer-wirtschaft-risiko-immobilienblase-nestle-riegel-geht-nach-russland-zurueck\/\"},\"author\":{\"name\":\"rtnews\",\"@id\":\"https:\/\/now-news.de\/de\/#\/schema\/person\/fb534a4e865501d8b3285208df34a9b5\"},\"headline\":\"Schweizer Wirtschaft: Risiko Immobilienblase, Nestl\u00e9-Riegel geht nach Russland zur\u00fcck\",\"datePublished\":\"2024-07-23T10:18:51+00:00\",\"dateModified\":\"2024-07-23T10:18:51+00:00\",\"mainEntityOfPage\":{\"@id\":\"https:\/\/now-news.de\/de\/deutschland\/schweizer-wirtschaft-risiko-immobilienblase-nestle-riegel-geht-nach-russland-zurueck\/\"},\"wordCount\":1236,\"commentCount\":0,\"publisher\":{\"@id\":\"https:\/\/now-news.de\/de\/#organization\"},\"image\":{\"@id\":\"https:\/\/now-news.de\/de\/deutschland\/schweizer-wirtschaft-risiko-immobilienblase-nestle-riegel-geht-nach-russland-zurueck\/#primaryimage\"},\"thumbnailUrl\":\"https:\/\/now-news.de\/de\/wp-content\/uploads\/sites\/3\/2024\/07\/Schweizer-Wirtschaft-Risiko-Immobilienblase-Nestle-Riegel-geht-nach-Russland-zurueck.jpg\",\"keywords\":[\"Geht\",\"Immobilienblase\",\"nach\",\"Nestl\u00e9Riegel\",\"Risiko\",\"russland\",\"Schweizer\",\"wirtschaft\",\"zur\u00fcck\"],\"articleSection\":[\"Deutschland\",\"Russland\"],\"inLanguage\":\"de\",\"potentialAction\":[{\"@type\":\"CommentAction\",\"name\":\"Comment\",\"target\":[\"https:\/\/now-news.de\/de\/deutschland\/schweizer-wirtschaft-risiko-immobilienblase-nestle-riegel-geht-nach-russland-zurueck\/#respond\"]}]},{\"@type\":\"WebPage\",\"@id\":\"https:\/\/now-news.de\/de\/deutschland\/schweizer-wirtschaft-risiko-immobilienblase-nestle-riegel-geht-nach-russland-zurueck\/\",\"url\":\"https:\/\/now-news.de\/de\/deutschland\/schweizer-wirtschaft-risiko-immobilienblase-nestle-riegel-geht-nach-russland-zurueck\/\",\"name\":\"Schweizer Wirtschaft: Risiko Immobilienblase, Nestl\u00e9-Riegel geht nach Russland zur\u00fcck - just-now.NEWS Deutschland\",\"isPartOf\":{\"@id\":\"https:\/\/now-news.de\/de\/#website\"},\"primaryImageOfPage\":{\"@id\":\"https:\/\/now-news.de\/de\/deutschland\/schweizer-wirtschaft-risiko-immobilienblase-nestle-riegel-geht-nach-russland-zurueck\/#primaryimage\"},\"image\":{\"@id\":\"https:\/\/now-news.de\/de\/deutschland\/schweizer-wirtschaft-risiko-immobilienblase-nestle-riegel-geht-nach-russland-zurueck\/#primaryimage\"},\"thumbnailUrl\":\"https:\/\/now-news.de\/de\/wp-content\/uploads\/sites\/3\/2024\/07\/Schweizer-Wirtschaft-Risiko-Immobilienblase-Nestle-Riegel-geht-nach-Russland-zurueck.jpg\",\"datePublished\":\"2024-07-23T10:18:51+00:00\",\"dateModified\":\"2024-07-23T10:18:51+00:00\",\"breadcrumb\":{\"@id\":\"https:\/\/now-news.de\/de\/deutschland\/schweizer-wirtschaft-risiko-immobilienblase-nestle-riegel-geht-nach-russland-zurueck\/#breadcrumb\"},\"inLanguage\":\"de\",\"potentialAction\":[{\"@type\":\"ReadAction\",\"target\":[\"https:\/\/now-news.de\/de\/deutschland\/schweizer-wirtschaft-risiko-immobilienblase-nestle-riegel-geht-nach-russland-zurueck\/\"]}]},{\"@type\":\"ImageObject\",\"inLanguage\":\"de\",\"@id\":\"https:\/\/now-news.de\/de\/deutschland\/schweizer-wirtschaft-risiko-immobilienblase-nestle-riegel-geht-nach-russland-zurueck\/#primaryimage\",\"url\":\"https:\/\/now-news.de\/de\/wp-content\/uploads\/sites\/3\/2024\/07\/Schweizer-Wirtschaft-Risiko-Immobilienblase-Nestle-Riegel-geht-nach-Russland-zurueck.jpg\",\"contentUrl\":\"https:\/\/now-news.de\/de\/wp-content\/uploads\/sites\/3\/2024\/07\/Schweizer-Wirtschaft-Risiko-Immobilienblase-Nestle-Riegel-geht-nach-Russland-zurueck.jpg\",\"width\":1620,\"height\":1080,\"caption\":\"Schweizer Wirtschaft: Risiko Immobilienblase, Nestl\u00e9-Riegel geht nach Russland zur\u00fcck\"},{\"@type\":\"BreadcrumbList\",\"@id\":\"https:\/\/now-news.de\/de\/deutschland\/schweizer-wirtschaft-risiko-immobilienblase-nestle-riegel-geht-nach-russland-zurueck\/#breadcrumb\",\"itemListElement\":[{\"@type\":\"ListItem\",\"position\":1,\"name\":\"Home\",\"item\":\"https:\/\/now-news.de\/de\/\"},{\"@type\":\"ListItem\",\"position\":2,\"name\":\"Schweizer Wirtschaft: Risiko Immobilienblase, Nestl\u00e9-Riegel geht nach Russland zur\u00fcck\"}]},{\"@type\":\"WebSite\",\"@id\":\"https:\/\/now-news.de\/de\/#website\",\"url\":\"https:\/\/now-news.de\/de\/\",\"name\":\"just-now.NEWS Deutschland\",\"description\":\"Das Portal f\u00fcr unzensierte Nachrichten aus der Welt\",\"publisher\":{\"@id\":\"https:\/\/now-news.de\/de\/#organization\"},\"potentialAction\":[{\"@type\":\"SearchAction\",\"target\":{\"@type\":\"EntryPoint\",\"urlTemplate\":\"https:\/\/now-news.de\/de\/?s={search_term_string}\"},\"query-input\":\"required name=search_term_string\"}],\"inLanguage\":\"de\"},{\"@type\":\"Organization\",\"@id\":\"https:\/\/now-news.de\/de\/#organization\",\"name\":\"Just Now News\",\"url\":\"https:\/\/now-news.de\/de\/\",\"logo\":{\"@type\":\"ImageObject\",\"inLanguage\":\"de\",\"@id\":\"https:\/\/now-news.de\/de\/#\/schema\/logo\/image\/\",\"url\":\"http:\/\/just-now.news\/de\/wp-content\/uploads\/sites\/3\/2022\/04\/logo500x500.jpg\",\"contentUrl\":\"http:\/\/just-now.news\/de\/wp-content\/uploads\/sites\/3\/2022\/04\/logo500x500.jpg\",\"width\":500,\"height\":500,\"caption\":\"Just Now News\"},\"image\":{\"@id\":\"https:\/\/now-news.de\/de\/#\/schema\/logo\/image\/\"},\"sameAs\":[\"https:\/\/www.facebook.com\/wirmachenauf\",\"https:\/\/x.com\/WirMachenAuf_de\"]},{\"@type\":\"Person\",\"@id\":\"https:\/\/now-news.de\/de\/#\/schema\/person\/fb534a4e865501d8b3285208df34a9b5\",\"name\":\"rtnews\",\"image\":{\"@type\":\"ImageObject\",\"inLanguage\":\"de\",\"@id\":\"https:\/\/now-news.de\/de\/#\/schema\/person\/image\/\",\"url\":\"https:\/\/secure.gravatar.com\/avatar\/82aafea7d8127119dd649515f56e2117?s=96&d=mm&r=g\",\"contentUrl\":\"https:\/\/secure.gravatar.com\/avatar\/82aafea7d8127119dd649515f56e2117?s=96&d=mm&r=g\",\"caption\":\"rtnews\"},\"url\":\"https:\/\/now-news.de\/de\/author\/rnews\/\"}]}<\/script>\n<!-- \/ Yoast SEO Premium plugin. -->","yoast_head_json":{"title":"Schweizer Wirtschaft: Risiko Immobilienblase, Nestl\u00e9-Riegel geht nach Russland zur\u00fcck - just-now.NEWS Deutschland","robots":{"index":"index","follow":"follow","max-snippet":"max-snippet:-1","max-image-preview":"max-image-preview:large","max-video-preview":"max-video-preview:-1"},"canonical":"https:\/\/now-news.de\/de\/deutschland\/schweizer-wirtschaft-risiko-immobilienblase-nestle-riegel-geht-nach-russland-zurueck\/","og_locale":"de_DE","og_type":"article","og_title":"Schweizer Wirtschaft: Risiko Immobilienblase, Nestl\u00e9-Riegel geht nach Russland zur\u00fcck","og_description":"Von einem unbekannten CEO bei Julius B\u00e4r, der nach dem Benko-Crash noch mehr Risiko bringt, bis zur Immobilienblase in der Schweiz &#8211; Z\u00fcrich birgt weltweit das h\u00f6chste Immobilienblasenrisiko Z\u00fcrcher Immobilienmarkt k\u00fchlt ab Die Preise f\u00fcr Eigentumswohnungen fallen in der Metropole deutlich. In verschiedenen Stadtteilen, darunter Z\u00fcrich-Nord und Z\u00fcrich-Witikon, sind Preisnachl\u00e4sse von 6 bis 12 Prozent [&hellip;]","og_url":"https:\/\/now-news.de\/de\/deutschland\/schweizer-wirtschaft-risiko-immobilienblase-nestle-riegel-geht-nach-russland-zurueck\/","og_site_name":"just-now.NEWS Deutschland","article_publisher":"https:\/\/www.facebook.com\/wirmachenauf","article_published_time":"2024-07-23T10:18:51+00:00","og_image":[{"url":"https:\/\/now-news.de\/de\/wp-content\/uploads\/sites\/3\/2024\/07\/669f6e8448fbef0435786f85.jpg"}],"author":"rtnews","twitter_card":"summary_large_image","twitter_creator":"@WirMachenAuf_de","twitter_site":"@WirMachenAuf_de","twitter_misc":{"Verfasst von":"rtnews","Gesch\u00e4tzte Lesezeit":"6\u00a0Minuten"},"schema":{"@context":"https:\/\/schema.org","@graph":[{"@type":"Article","@id":"https:\/\/now-news.de\/de\/deutschland\/schweizer-wirtschaft-risiko-immobilienblase-nestle-riegel-geht-nach-russland-zurueck\/#article","isPartOf":{"@id":"https:\/\/now-news.de\/de\/deutschland\/schweizer-wirtschaft-risiko-immobilienblase-nestle-riegel-geht-nach-russland-zurueck\/"},"author":{"name":"rtnews","@id":"https:\/\/now-news.de\/de\/#\/schema\/person\/fb534a4e865501d8b3285208df34a9b5"},"headline":"Schweizer Wirtschaft: Risiko Immobilienblase, Nestl\u00e9-Riegel geht nach Russland zur\u00fcck","datePublished":"2024-07-23T10:18:51+00:00","dateModified":"2024-07-23T10:18:51+00:00","mainEntityOfPage":{"@id":"https:\/\/now-news.de\/de\/deutschland\/schweizer-wirtschaft-risiko-immobilienblase-nestle-riegel-geht-nach-russland-zurueck\/"},"wordCount":1236,"commentCount":0,"publisher":{"@id":"https:\/\/now-news.de\/de\/#organization"},"image":{"@id":"https:\/\/now-news.de\/de\/deutschland\/schweizer-wirtschaft-risiko-immobilienblase-nestle-riegel-geht-nach-russland-zurueck\/#primaryimage"},"thumbnailUrl":"https:\/\/now-news.de\/de\/wp-content\/uploads\/sites\/3\/2024\/07\/Schweizer-Wirtschaft-Risiko-Immobilienblase-Nestle-Riegel-geht-nach-Russland-zurueck.jpg","keywords":["Geht","Immobilienblase","nach","Nestl\u00e9Riegel","Risiko","russland","Schweizer","wirtschaft","zur\u00fcck"],"articleSection":["Deutschland","Russland"],"inLanguage":"de","potentialAction":[{"@type":"CommentAction","name":"Comment","target":["https:\/\/now-news.de\/de\/deutschland\/schweizer-wirtschaft-risiko-immobilienblase-nestle-riegel-geht-nach-russland-zurueck\/#respond"]}]},{"@type":"WebPage","@id":"https:\/\/now-news.de\/de\/deutschland\/schweizer-wirtschaft-risiko-immobilienblase-nestle-riegel-geht-nach-russland-zurueck\/","url":"https:\/\/now-news.de\/de\/deutschland\/schweizer-wirtschaft-risiko-immobilienblase-nestle-riegel-geht-nach-russland-zurueck\/","name":"Schweizer Wirtschaft: Risiko Immobilienblase, Nestl\u00e9-Riegel geht nach Russland zur\u00fcck - just-now.NEWS Deutschland","isPartOf":{"@id":"https:\/\/now-news.de\/de\/#website"},"primaryImageOfPage":{"@id":"https:\/\/now-news.de\/de\/deutschland\/schweizer-wirtschaft-risiko-immobilienblase-nestle-riegel-geht-nach-russland-zurueck\/#primaryimage"},"image":{"@id":"https:\/\/now-news.de\/de\/deutschland\/schweizer-wirtschaft-risiko-immobilienblase-nestle-riegel-geht-nach-russland-zurueck\/#primaryimage"},"thumbnailUrl":"https:\/\/now-news.de\/de\/wp-content\/uploads\/sites\/3\/2024\/07\/Schweizer-Wirtschaft-Risiko-Immobilienblase-Nestle-Riegel-geht-nach-Russland-zurueck.jpg","datePublished":"2024-07-23T10:18:51+00:00","dateModified":"2024-07-23T10:18:51+00:00","breadcrumb":{"@id":"https:\/\/now-news.de\/de\/deutschland\/schweizer-wirtschaft-risiko-immobilienblase-nestle-riegel-geht-nach-russland-zurueck\/#breadcrumb"},"inLanguage":"de","potentialAction":[{"@type":"ReadAction","target":["https:\/\/now-news.de\/de\/deutschland\/schweizer-wirtschaft-risiko-immobilienblase-nestle-riegel-geht-nach-russland-zurueck\/"]}]},{"@type":"ImageObject","inLanguage":"de","@id":"https:\/\/now-news.de\/de\/deutschland\/schweizer-wirtschaft-risiko-immobilienblase-nestle-riegel-geht-nach-russland-zurueck\/#primaryimage","url":"https:\/\/now-news.de\/de\/wp-content\/uploads\/sites\/3\/2024\/07\/Schweizer-Wirtschaft-Risiko-Immobilienblase-Nestle-Riegel-geht-nach-Russland-zurueck.jpg","contentUrl":"https:\/\/now-news.de\/de\/wp-content\/uploads\/sites\/3\/2024\/07\/Schweizer-Wirtschaft-Risiko-Immobilienblase-Nestle-Riegel-geht-nach-Russland-zurueck.jpg","width":1620,"height":1080,"caption":"Schweizer Wirtschaft: Risiko Immobilienblase, Nestl\u00e9-Riegel geht nach Russland zur\u00fcck"},{"@type":"BreadcrumbList","@id":"https:\/\/now-news.de\/de\/deutschland\/schweizer-wirtschaft-risiko-immobilienblase-nestle-riegel-geht-nach-russland-zurueck\/#breadcrumb","itemListElement":[{"@type":"ListItem","position":1,"name":"Home","item":"https:\/\/now-news.de\/de\/"},{"@type":"ListItem","position":2,"name":"Schweizer Wirtschaft: Risiko Immobilienblase, Nestl\u00e9-Riegel geht nach Russland zur\u00fcck"}]},{"@type":"WebSite","@id":"https:\/\/now-news.de\/de\/#website","url":"https:\/\/now-news.de\/de\/","name":"just-now.NEWS Deutschland","description":"Das Portal f\u00fcr unzensierte Nachrichten aus der Welt","publisher":{"@id":"https:\/\/now-news.de\/de\/#organization"},"potentialAction":[{"@type":"SearchAction","target":{"@type":"EntryPoint","urlTemplate":"https:\/\/now-news.de\/de\/?s={search_term_string}"},"query-input":"required name=search_term_string"}],"inLanguage":"de"},{"@type":"Organization","@id":"https:\/\/now-news.de\/de\/#organization","name":"Just Now News","url":"https:\/\/now-news.de\/de\/","logo":{"@type":"ImageObject","inLanguage":"de","@id":"https:\/\/now-news.de\/de\/#\/schema\/logo\/image\/","url":"http:\/\/just-now.news\/de\/wp-content\/uploads\/sites\/3\/2022\/04\/logo500x500.jpg","contentUrl":"http:\/\/just-now.news\/de\/wp-content\/uploads\/sites\/3\/2022\/04\/logo500x500.jpg","width":500,"height":500,"caption":"Just Now News"},"image":{"@id":"https:\/\/now-news.de\/de\/#\/schema\/logo\/image\/"},"sameAs":["https:\/\/www.facebook.com\/wirmachenauf","https:\/\/x.com\/WirMachenAuf_de"]},{"@type":"Person","@id":"https:\/\/now-news.de\/de\/#\/schema\/person\/fb534a4e865501d8b3285208df34a9b5","name":"rtnews","image":{"@type":"ImageObject","inLanguage":"de","@id":"https:\/\/now-news.de\/de\/#\/schema\/person\/image\/","url":"https:\/\/secure.gravatar.com\/avatar\/82aafea7d8127119dd649515f56e2117?s=96&d=mm&r=g","contentUrl":"https:\/\/secure.gravatar.com\/avatar\/82aafea7d8127119dd649515f56e2117?s=96&d=mm&r=g","caption":"rtnews"},"url":"https:\/\/now-news.de\/de\/author\/rnews\/"}]}},"_links":{"self":[{"href":"https:\/\/now-news.de\/de\/wp-json\/wp\/v2\/posts\/65306"}],"collection":[{"href":"https:\/\/now-news.de\/de\/wp-json\/wp\/v2\/posts"}],"about":[{"href":"https:\/\/now-news.de\/de\/wp-json\/wp\/v2\/types\/post"}],"author":[{"embeddable":true,"href":"https:\/\/now-news.de\/de\/wp-json\/wp\/v2\/users\/3"}],"replies":[{"embeddable":true,"href":"https:\/\/now-news.de\/de\/wp-json\/wp\/v2\/comments?post=65306"}],"version-history":[{"count":0,"href":"https:\/\/now-news.de\/de\/wp-json\/wp\/v2\/posts\/65306\/revisions"}],"wp:featuredmedia":[{"embeddable":true,"href":"https:\/\/now-news.de\/de\/wp-json\/wp\/v2\/media\/65307"}],"wp:attachment":[{"href":"https:\/\/now-news.de\/de\/wp-json\/wp\/v2\/media?parent=65306"}],"wp:term":[{"taxonomy":"category","embeddable":true,"href":"https:\/\/now-news.de\/de\/wp-json\/wp\/v2\/categories?post=65306"},{"taxonomy":"post_tag","embeddable":true,"href":"https:\/\/now-news.de\/de\/wp-json\/wp\/v2\/tags?post=65306"}],"curies":[{"name":"wp","href":"https:\/\/api.w.org\/{rel}","templated":true}]}}