{"id":65289,"date":"2024-07-23T07:00:28","date_gmt":"2024-07-23T05:00:28","guid":{"rendered":"https:\/\/now-news.de\/de\/deutschland\/wie-man-nicht-fuer-den-frieden-mobilisiert\/"},"modified":"2024-07-23T07:00:28","modified_gmt":"2024-07-23T05:00:28","slug":"wie-man-nicht-fuer-den-frieden-mobilisiert","status":"publish","type":"post","link":"https:\/\/now-news.de\/de\/deutschland\/wie-man-nicht-fuer-den-frieden-mobilisiert\/","title":{"rendered":"Wie man nicht f\u00fcr den Frieden mobilisiert"},"content":{"rendered":"<p><img decoding=\"async\" src=\"https:\/\/now-news.de\/de\/wp-content\/uploads\/sites\/3\/2024\/07\/669e7c5748fbef04b323c6ce.jpg\" \/><\/p>\n<div class=\"Text-root Text-type_1 \">\n                Am 3. Oktober soll es eine gro\u00dfe Friedensdemonstration in Berlin geben. Nach dem Beschluss zur Raketenstationierung, der sehr an den &#8220;Nachr\u00fcstungsbeschluss&#8221; von 1979 erinnert, ist das dringend geboten. Aber schon im Aufruf wird das Potential zerredet.\n            <\/div>\n<p><\/p>\n<div class=\"Text-root Text-type_5 ArticleView-text ViewText-root \">\n<p><em>Von Dagmar Henn<\/em><\/p>\n<p>Es gibt immer wieder Situationen, die wie Wiederholungen von Momenten erscheinen, die man bereits erlebt hat. Der Beschluss, neue US-Raketen in Deutschland zu stationieren, erscheint wie eine Wiederauflage der Auseinandersetzung um die Stationierung der Pershing II-Raketen in der Bundesrepublik ab 1979. Aber es wirkt wie eine schlechte Kopie, auf einem Kopierer mit zerkratzter Glasplatte und leerem Toner. Weil es wirkt, als seien bei allen sichtbaren Beteiligten in Deutschland die Erfahrungen, die einmal bereits vorhanden waren, gel\u00f6scht worden.<\/p>\n<p>Dabei rede ich nicht von den Politikern in Berlin, die sich benehmen, als h\u00e4tten sie nie etwas vom Kalten Krieg geh\u00f6rt, nichts von der Kuba-Krise, von den Abr\u00fcstungsvertr\u00e4gen, als w\u00e4re einzig Ronald Reagans Rhetorik von Russland als dem &#8220;Reich des B\u00f6sen&#8221; h\u00e4ngengeblieben, eine Formulierung, die damals zu Recht in weiten Teilen auch der bundesdeutschen Bev\u00f6lkerung auf Unverst\u00e4ndnis traf. So, als h\u00e4tte sie damals nur die Tatsache bei Verstand gehalten, dass jede Auseinandersetzung zwischen den beiden Bl\u00f6cken und somit zwischen den beiden deutschen Staaten, auf deutschem Boden ausgetragen worden w\u00e4re.<\/p>\n<p>Es gab jedenfalls ein Gegengewicht, und in der damaligen BRD mit ihren 61 Millionen Einwohnern waren vier Millionen Unterschriften unter dem &#8220;Krefelder Appell&#8221; eine ganze Menge. Vier Millionen, die m\u00f6glich waren, weil die Unterzeichner nur einem ganz kurzen Text <a rel=\"nofollow noopener\" target=\"_blank\" href=\"https:\/\/www.1000dokumente.de\/index.html?c=dokument_de&amp;dokument=0023_kre&amp;object=facsimile&amp;l=de\">zustimmten<\/a>:<\/p>\n<p>&#8220;Ich schlie\u00dfe mich dem Appell an die Bundesregierung an,<\/p>\n<p>&#8211; die Zustimmung zur Stationierung von Pershing-II-Raketen und Marschflugk\u00f6rpern in Mitteleuropa zur\u00fcckzuziehen;<\/p>\n<p>&#8211; im B\u00fcndnis k\u00fcnftig eine Haltung einzunehmen, die unser Land nicht l\u00e4nger dem Verdacht aussetzt, Wegbereiter eines neuen, vor allem die Europ\u00e4er gef\u00e4hrdenden nuklearen Wettr\u00fcstens sein zu wollen.&#8221;<\/p>\n<p>Ja, mehr war da nicht. Deshalb konnten diesen Appell auch Menschen unterzeichnen, die sonst ganz unterschiedlicher Meinung waren. Und es war nicht so, als g\u00e4be es dazu keine Anl\u00e4sse, auch wenn die Niederlage in Vietnam erst wenige Jahre zur\u00fccklag und die Vereinigten Staaten gerade f\u00fcr ihre Verh\u00e4ltnisse wenig Krieg f\u00fchrten.<\/p>\n<p>Genau zu dieser Zeit wurde st\u00e4ndig vom sowjetischen Einmarsch in Afghanistan berichtet, und die von der CIA ausger\u00fcsteten afghanischen St\u00e4mme wurden zu Freiheitsk\u00e4mpfern erkl\u00e4rt; ein Schritt, der der Einstieg in \u00fcber 30 Jahre Krieg, eine NATO-Besetzung war und letztlich das Land v\u00f6llig zu Grunde richtete, weshalb man heute die damalige Rhetorik vielleicht mit etwas mehr N\u00fcchternheit betrachten kann. In Nicaragua hatten die Sandinisten gesiegt, und die Vereinigten Staaten machten sich sofort daran, das Land in einen B\u00fcrgerkrieg zu ziehen. Und es gab schlie\u00dflich noch den anderen deutschen Staat, die DDR, \u00fcber die man ebenfalls geteilter Meinung sein konnte.<\/p>\n<p>Was alles nicht Bestandteil des Appells war. Er wurde sogar von Menschen unterschrieben, die US-Pr\u00e4sident Ronald Reagans &#8220;Reich des B\u00f6sen&#8221;-Geschichte glaubten: weil sich dieser Appell auf die Punkte beschr\u00e4nkte, die im unmittelbaren deutschen Interesse waren.<\/p>\n<p>Wenn man aus der Geschichte um den Krefelder Appell eine Lehre ziehen will (und das ist im Grunde die entscheidende Lektion f\u00fcr jede Art eines politischen B\u00fcndnisses), dann die, dass man sich auf die Punkte beschr\u00e4nkt, die entscheidend sind, und Differenzen, selbst Gegnerschaft in anderen Fragen hinnimmt. Genau hier ist ungeheuer viel verloren gegangen. Das zeigte sich schon 2014, als die Proteste, die damals entstanden, als der B\u00fcrgerkrieg im Donbass begann, erfolgreich durch den &#8220;Querfront&#8221;-Vorwurf blockiert wurden. Seitdem wurde diese Position exzessiv propagiert.<\/p>\n<p>Die Aufrufe und Erkl\u00e4rungen, die jetzt f\u00fcr die am 3. Oktober in Berlin geplante Friedensdemonstration kursieren, tragen deutlich die Spuren dieser Entwicklung. Der <a rel=\"nofollow noopener\" target=\"_blank\" href=\"https:\/\/nie-wieder-krieg.org\/\">Aufruf<\/a> selbst ist ein wildes Sammelsurium an Forderungen. Das mag auch eine Folge der Tatsache sein, dass das alte Verfahren, in dem eine Reihe verschiedenster Organisationen einen Aufruf aushandelte, der dann nur das beinhaltete, auf das sich alle einigen konnten, offensichtlich zerbrochen ist, weil die Organisationen nicht mehr existieren, und Aufrufe f\u00fcr bundesweite Demonstrationen von Einzelpersonen unterzeichnet werden. Aber selbst dann m\u00fcssten jene, die jahrzehntelange Erfahrungen haben, wissen, dass Forderungen fokussiert sein m\u00fcssen. Es w\u00fcrde v\u00f6llig gen\u00fcgen, knapp und b\u00fcndig &#8220;Keine Waffenlieferungen, keine Aufr\u00fcstung, keine Raketenstationierung&#8221; zu verlangen.<\/p>\n<p>Aber das widerspricht der andressierten Neigung, nur ja nicht mit den Falschen gesehen zu werden, die Falschen auf die Demonstrationen zu locken und sich irgendwie eine R\u00fcge einzufangen, &#8220;rechtsoffen&#8221; zu sein. Weshalb sicherheitshalber in der langen, bunten Forderungsliste auch steht, es solle Geld in &#8220;Klimaschutz&#8221; investiert werden, in dem Wissen, dass damit schon all jene fernbleiben, die den ganzen &#8220;Klimaschutz&#8221; f\u00fcr Unfug halten. Genauso, wie ich pers\u00f6nlich die Forderung, keine Waffen nach Israel zu liefern, f\u00fcr richtig halte, aber diese Formulierung eben, anders als die allgemeine Forderung &#8220;keine Waffenlieferungen&#8221;, schon wieder die Zahl der m\u00f6glichen Teilnehmer verringert, indem sie ein weiteres Thema ins Spiel bringt.<\/p>\n<p>Ja, wollte man tats\u00e4chlich eine Bewegung schaffen, der es gelingen k\u00f6nnte, die geplante Stationierung zu verhindern, m\u00fcsste man wom\u00f6glich sogar auf die Forderung &#8220;keine Waffenlieferungen&#8221; verzichten. Fr\u00fcher h\u00e4tten sich solche Punkte in den langwierigen, m\u00fchsamen Verhandlungen gekl\u00e4rt. Lange Einkaufslisten auf Aufrufen jedenfalls erf\u00fcllen vor allem eine Funktion \u2013 sie sollen die Menge der m\u00f6glichen Teilnehmer begrenzen, nicht vergr\u00f6\u00dfern.<\/p>\n<p>Im wirklichen politischen Leben, dem, das es einmal gab, ehe die ganzen NGOs zuschlugen und das, was einmal vorhanden war, zersetzt wurde, funktionierte das anders herum. Es gab eine zentrale Forderung, und um die herum sammelte man alle und jeden, die bereit waren, genau diese Forderung zu unterst\u00fctzen, egal, ob es um &#8220;Enteignet Springer&#8221; oder um &#8220;Weg mit dem \u00a7 218&#8221; ging. In dieser Zusammenarbeit stellte sich dann heraus, ob man vielleicht auch bei anderen Punkten zusammenarbeiten konnte. Das hei\u00dft, auch die Frage, mit wem man kooperiert und mit wem nicht, kl\u00e4rte sich ganz konkret. Das Vertrauen, das mit dieser Art der Zusammenarbeit aufgebaut wurde, war zwar begrenzt, aber tragf\u00e4hig.<\/p>\n<p>Doch heute ist noch nicht einmal klar, was die eigentlich zentrale Forderung sein soll. Eine der objektiv wichtigsten, &#8220;Raus aus der NATO&#8221;, findet sich in weiten Teilen dessen, was von der Friedensbewegung \u00fcbrig ist, nicht einmal auf der Speisekarte. Schlimmer noch, der Kotau vor der herrschenden Erz\u00e4hlung ist weit verbreitet. So findet sich in einer <a rel=\"nofollow noopener\" target=\"_blank\" href=\"https:\/\/nie-wieder-krieg.org\/\">Presseerkl\u00e4rung<\/a> zu jener geplanten Demonstration am 3. Oktober, deren Personenkreis sich mit den Aufrufern \u00fcberschneidet, auch der Satz &#8220;dass die unmittelbare Kriegsschuld Russlands au\u00dfer Frage steht, \u00e4ndert nichts daran, dass es zuerst um den Frieden gehen muss.&#8221; Als h\u00e4tte es die acht Jahre Donbasskrieg davor nicht gegeben. (Eine sehr genaue Betrachtung dieser Erkl\u00e4rung und ihrer Autoren <a rel=\"nofollow noopener\" target=\"_blank\" href=\"https:\/\/www.freidenker.org\/?p=19429\">findet<\/a> sich bei den Freidenkern).<\/p>\n<p>Das w\u00e4re kein Problem, wenn dieser Text von jungen Leuten ohne politische Erfahrung verfasst worden w\u00e4re. Aber insbesondere Reiner Braun und Willy van Ooyen, die beide bereits seit Jahrzehnten in allen m\u00f6glichen Friedensinitiativen unterwegs sind, wissen genau, dass derartige S\u00e4tze begrenzen, und die Kunst in der Schaffung von B\u00fcndnissen eben darin besteht, sich auf das in der konkreten Sache Entscheidende zu konzentrieren, auf das, was eint, nicht trennt. Der k\u00fchnste Satz in dieser Erkl\u00e4rung lautet: &#8220;Die Strategie, den Gegner niederzur\u00fcsten, ist von den Milit\u00e4rs der NATO-F\u00fchrung vorgegeben und verfolgt in erster Linie die Interessen der USA.&#8221; Ansonsten &#8220;droht Deutschland in den Krieg abzurutschen&#8221;, oder &#8220;vieles erinnert schmerzhaft an den Juli des Versagens 1914&#8221;.<\/p>\n<p>Das kann man alles meinen. Doch wenn bei genauem Lesen der einzige Akteur, dem auch noch &#8220;unmittelbare Kriegsschuld&#8221; zugewiesen wird, Russland ist, und die \u00fcbrigen Akteure eher irgenwie in etwas hineinrutschen, dann wird damit Position bezogen, und all jene, die genau diese Position nicht teilen, sind unerw\u00fcnscht. Wenn Braun und van Ooyen S\u00e4tze unterbringen, die auf eine NATO-kompatible Sicht begrenzen, dann wissen sie, was sie tun. Gleiches gilt, wenn sie mit der Formulierung, das EU-Europa m\u00fcsse &#8220;wieder zu einer eigenst\u00e4ndigen Friedensmacht werden&#8221;, auf die vielfach verhasste EU einschw\u00f6ren, die noch nie eine Friedensmacht war und deren Militarisierung bereits in den Gr\u00fcndungsdokumenten, dem Lissabon-Vertrag, festgelegt war.<\/p>\n<p>Die Friedensbewegung, die es br\u00e4uchte, wenn man auf die reale Lage blickt, m\u00fcsste sich anhand anderer Forderungen bilden. &#8220;Raus aus der NATO, Wiederherstellung der deutschen Souver\u00e4nit\u00e4t&#8221; w\u00e4re das, was n\u00f6tig w\u00e4re. Die Ablehnung der Raketenstationierung w\u00e4re eine deutlich kleinere M\u00fcnze, aber vermutlich im gegenw\u00e4rtigen Zustand zumindest ein Schritt in die richtige Richtung. Doch dann muss man sich auch darauf konzentrieren und jeden willkommen hei\u00dfen, der dieses Ziel teilt.<\/p>\n<p>Tut man dies nicht, folgt man nicht den schwierigen und strengen Regeln, die bei politischen B\u00fcndnissen nun einmal von der Wirklichkeit vorgegeben sind (und das gilt selbst dann, wenn die Aufrufenden nur noch Einzelpersonen sind), dann erreicht man nur eines \u2013 man sabotiert selbst die politische Wirksamkeit dieses Aufrufs und des eigenen Handelns. Formell werden alle Schritte vollzogen, aber ein wirklicher Erfolg, in dem Sinne, die Breite zu gewinnen, die erforderlich ist, um tats\u00e4chlich etwas am gegenw\u00e4rtigen Kurs des Landes zu \u00e4ndern, wird nicht einmal mehr angestrebt.<\/p>\n<p>Das ist kein erfreulicher Zustand, denn er belegt, dass aus den Reihen der &#8220;alten&#8221; Friedensbewegung nichts zu erwarten ist. Der eine Teil der damaligen gro\u00dfen Bewegung, derjenige, der sich von den Gr\u00fcnen einfangen lie\u00df, hat sich inzwischen in die Speerspitze der Kriegstreiber verwandelt, und der andere Teil schielt immer noch mit einem Auge auf sie und auf die SPD, und besch\u00e4ftigt sich mehr mit der Einschl\u00e4ferung als mit der Mobilisierung f\u00fcr den Frieden.<\/p>\n<p><strong>Mehr zum Thema<\/strong> &#8211;\u00a0<a rel=\"nofollow noopener\" target=\"_blank\" href=\"https:\/\/freedert.online\/inland\/129123-im-interview-aufruf-fur-frieden\/\">Im Interview: Aufruf f\u00fcr den Frieden \u2013 der &#8220;Neue Krefelder Appell&#8221;<\/a><\/p>\n<\/p>\n<\/div>\n<p><br \/>\n<br \/><a href=\"https:\/\/de.rt.com\/meinung\/213182-wie-man-nicht-fuer-frieden\/\">Source link <\/a><\/p>\n","protected":false},"excerpt":{"rendered":"<p>Am 3. Oktober soll es eine gro\u00dfe Friedensdemonstration in Berlin geben. Nach dem Beschluss zur Raketenstationierung, der sehr an den &#8220;Nachr\u00fcstungsbeschluss&#8221; von 1979 erinnert, ist das dringend geboten. Aber schon im Aufruf wird das Potential zerredet. Von Dagmar Henn Es gibt immer wieder Situationen, die wie Wiederholungen von Momenten erscheinen, die man bereits erlebt hat. [&hellip;]<\/p>\n","protected":false},"author":3,"featured_media":65290,"comment_status":"open","ping_status":"open","sticky":false,"template":"","format":"standard","meta":{"_yoast_indexnow_last_ping":["1721712017"],"wp_automatic_camp":["217"],"7622faabbc286ec313c2ef3525e782c8":["Wie man nicht f\u00fcr den Frieden mobilisiert"],"original_link":["https:\/\/de.rt.com\/meinung\/213182-wie-man-nicht-fuer-frieden\/"],"_thumbnail_id":["65290"],"jnews_social_counter_last_update":["1777281964"],"_wptgpro_p2tg_sent2tg":["a:1:{i:23737;s:19:\"2024-07-23 07:21:23\";}"]},"categories":[19,23],"tags":[48,614,221,3676,26659,800,579],"yoast_head":"<!-- This site is optimized with the Yoast SEO Premium plugin v22.7 (Yoast SEO v22.7) - https:\/\/yoast.com\/wordpress\/plugins\/seo\/ -->\n<title>Wie man nicht f\u00fcr den Frieden mobilisiert - just-now.NEWS Deutschland<\/title>\n<meta name=\"robots\" content=\"index, follow, max-snippet:-1, max-image-preview:large, max-video-preview:-1\" \/>\n<link rel=\"canonical\" href=\"https:\/\/now-news.de\/de\/deutschland\/wie-man-nicht-fuer-den-frieden-mobilisiert\/\" \/>\n<meta property=\"og:locale\" content=\"de_DE\" \/>\n<meta property=\"og:type\" content=\"article\" \/>\n<meta property=\"og:title\" content=\"Wie man nicht f\u00fcr den Frieden mobilisiert\" \/>\n<meta property=\"og:description\" content=\"Am 3. Oktober soll es eine gro\u00dfe Friedensdemonstration in Berlin geben. Nach dem Beschluss zur Raketenstationierung, der sehr an den &#8220;Nachr\u00fcstungsbeschluss&#8221; von 1979 erinnert, ist das dringend geboten. Aber schon im Aufruf wird das Potential zerredet. Von Dagmar Henn Es gibt immer wieder Situationen, die wie Wiederholungen von Momenten erscheinen, die man bereits erlebt hat. [&hellip;]\" \/>\n<meta property=\"og:url\" content=\"https:\/\/now-news.de\/de\/deutschland\/wie-man-nicht-fuer-den-frieden-mobilisiert\/\" \/>\n<meta property=\"og:site_name\" content=\"just-now.NEWS Deutschland\" \/>\n<meta property=\"article:publisher\" content=\"https:\/\/www.facebook.com\/wirmachenauf\" \/>\n<meta property=\"article:published_time\" content=\"2024-07-23T05:00:28+00:00\" \/>\n<meta property=\"og:image\" content=\"https:\/\/now-news.de\/de\/wp-content\/uploads\/sites\/3\/2024\/07\/669e7c5748fbef04b323c6ce.jpg\" \/>\n<meta name=\"author\" content=\"rtnews\" \/>\n<meta name=\"twitter:card\" content=\"summary_large_image\" \/>\n<meta name=\"twitter:creator\" content=\"@WirMachenAuf_de\" \/>\n<meta name=\"twitter:site\" content=\"@WirMachenAuf_de\" \/>\n<meta name=\"twitter:label1\" content=\"Verfasst von\" \/>\n\t<meta name=\"twitter:data1\" content=\"rtnews\" \/>\n\t<meta name=\"twitter:label2\" content=\"Gesch\u00e4tzte Lesezeit\" \/>\n\t<meta name=\"twitter:data2\" content=\"8\u00a0Minuten\" \/>\n<script type=\"application\/ld+json\" class=\"yoast-schema-graph\">{\"@context\":\"https:\/\/schema.org\",\"@graph\":[{\"@type\":\"Article\",\"@id\":\"https:\/\/now-news.de\/de\/deutschland\/wie-man-nicht-fuer-den-frieden-mobilisiert\/#article\",\"isPartOf\":{\"@id\":\"https:\/\/now-news.de\/de\/deutschland\/wie-man-nicht-fuer-den-frieden-mobilisiert\/\"},\"author\":{\"name\":\"rtnews\",\"@id\":\"https:\/\/now-news.de\/de\/#\/schema\/person\/fb534a4e865501d8b3285208df34a9b5\"},\"headline\":\"Wie man nicht f\u00fcr den Frieden mobilisiert\",\"datePublished\":\"2024-07-23T05:00:28+00:00\",\"dateModified\":\"2024-07-23T05:00:28+00:00\",\"mainEntityOfPage\":{\"@id\":\"https:\/\/now-news.de\/de\/deutschland\/wie-man-nicht-fuer-den-frieden-mobilisiert\/\"},\"wordCount\":1638,\"commentCount\":0,\"publisher\":{\"@id\":\"https:\/\/now-news.de\/de\/#organization\"},\"image\":{\"@id\":\"https:\/\/now-news.de\/de\/deutschland\/wie-man-nicht-fuer-den-frieden-mobilisiert\/#primaryimage\"},\"thumbnailUrl\":\"https:\/\/now-news.de\/de\/wp-content\/uploads\/sites\/3\/2024\/07\/Wie-man-nicht-fuer-den-Frieden-mobilisiert.jpg\",\"keywords\":[\"den\",\"Frieden\",\"f\u00fcr\",\"Man\",\"mobilisiert\",\"nicht\",\"Wie\"],\"articleSection\":[\"Deutschland\",\"Russland\"],\"inLanguage\":\"de\",\"potentialAction\":[{\"@type\":\"CommentAction\",\"name\":\"Comment\",\"target\":[\"https:\/\/now-news.de\/de\/deutschland\/wie-man-nicht-fuer-den-frieden-mobilisiert\/#respond\"]}]},{\"@type\":\"WebPage\",\"@id\":\"https:\/\/now-news.de\/de\/deutschland\/wie-man-nicht-fuer-den-frieden-mobilisiert\/\",\"url\":\"https:\/\/now-news.de\/de\/deutschland\/wie-man-nicht-fuer-den-frieden-mobilisiert\/\",\"name\":\"Wie man nicht f\u00fcr den Frieden mobilisiert - just-now.NEWS Deutschland\",\"isPartOf\":{\"@id\":\"https:\/\/now-news.de\/de\/#website\"},\"primaryImageOfPage\":{\"@id\":\"https:\/\/now-news.de\/de\/deutschland\/wie-man-nicht-fuer-den-frieden-mobilisiert\/#primaryimage\"},\"image\":{\"@id\":\"https:\/\/now-news.de\/de\/deutschland\/wie-man-nicht-fuer-den-frieden-mobilisiert\/#primaryimage\"},\"thumbnailUrl\":\"https:\/\/now-news.de\/de\/wp-content\/uploads\/sites\/3\/2024\/07\/Wie-man-nicht-fuer-den-Frieden-mobilisiert.jpg\",\"datePublished\":\"2024-07-23T05:00:28+00:00\",\"dateModified\":\"2024-07-23T05:00:28+00:00\",\"breadcrumb\":{\"@id\":\"https:\/\/now-news.de\/de\/deutschland\/wie-man-nicht-fuer-den-frieden-mobilisiert\/#breadcrumb\"},\"inLanguage\":\"de\",\"potentialAction\":[{\"@type\":\"ReadAction\",\"target\":[\"https:\/\/now-news.de\/de\/deutschland\/wie-man-nicht-fuer-den-frieden-mobilisiert\/\"]}]},{\"@type\":\"ImageObject\",\"inLanguage\":\"de\",\"@id\":\"https:\/\/now-news.de\/de\/deutschland\/wie-man-nicht-fuer-den-frieden-mobilisiert\/#primaryimage\",\"url\":\"https:\/\/now-news.de\/de\/wp-content\/uploads\/sites\/3\/2024\/07\/Wie-man-nicht-fuer-den-Frieden-mobilisiert.jpg\",\"contentUrl\":\"https:\/\/now-news.de\/de\/wp-content\/uploads\/sites\/3\/2024\/07\/Wie-man-nicht-fuer-den-Frieden-mobilisiert.jpg\",\"width\":460,\"height\":259,\"caption\":\"Wie man nicht f\u00fcr den Frieden mobilisiert\"},{\"@type\":\"BreadcrumbList\",\"@id\":\"https:\/\/now-news.de\/de\/deutschland\/wie-man-nicht-fuer-den-frieden-mobilisiert\/#breadcrumb\",\"itemListElement\":[{\"@type\":\"ListItem\",\"position\":1,\"name\":\"Home\",\"item\":\"https:\/\/now-news.de\/de\/\"},{\"@type\":\"ListItem\",\"position\":2,\"name\":\"Wie man nicht f\u00fcr den Frieden mobilisiert\"}]},{\"@type\":\"WebSite\",\"@id\":\"https:\/\/now-news.de\/de\/#website\",\"url\":\"https:\/\/now-news.de\/de\/\",\"name\":\"just-now.NEWS Deutschland\",\"description\":\"Das Portal f\u00fcr unzensierte Nachrichten aus der Welt\",\"publisher\":{\"@id\":\"https:\/\/now-news.de\/de\/#organization\"},\"potentialAction\":[{\"@type\":\"SearchAction\",\"target\":{\"@type\":\"EntryPoint\",\"urlTemplate\":\"https:\/\/now-news.de\/de\/?s={search_term_string}\"},\"query-input\":\"required name=search_term_string\"}],\"inLanguage\":\"de\"},{\"@type\":\"Organization\",\"@id\":\"https:\/\/now-news.de\/de\/#organization\",\"name\":\"Just Now News\",\"url\":\"https:\/\/now-news.de\/de\/\",\"logo\":{\"@type\":\"ImageObject\",\"inLanguage\":\"de\",\"@id\":\"https:\/\/now-news.de\/de\/#\/schema\/logo\/image\/\",\"url\":\"http:\/\/just-now.news\/de\/wp-content\/uploads\/sites\/3\/2022\/04\/logo500x500.jpg\",\"contentUrl\":\"http:\/\/just-now.news\/de\/wp-content\/uploads\/sites\/3\/2022\/04\/logo500x500.jpg\",\"width\":500,\"height\":500,\"caption\":\"Just Now News\"},\"image\":{\"@id\":\"https:\/\/now-news.de\/de\/#\/schema\/logo\/image\/\"},\"sameAs\":[\"https:\/\/www.facebook.com\/wirmachenauf\",\"https:\/\/x.com\/WirMachenAuf_de\"]},{\"@type\":\"Person\",\"@id\":\"https:\/\/now-news.de\/de\/#\/schema\/person\/fb534a4e865501d8b3285208df34a9b5\",\"name\":\"rtnews\",\"image\":{\"@type\":\"ImageObject\",\"inLanguage\":\"de\",\"@id\":\"https:\/\/now-news.de\/de\/#\/schema\/person\/image\/\",\"url\":\"https:\/\/secure.gravatar.com\/avatar\/82aafea7d8127119dd649515f56e2117?s=96&d=mm&r=g\",\"contentUrl\":\"https:\/\/secure.gravatar.com\/avatar\/82aafea7d8127119dd649515f56e2117?s=96&d=mm&r=g\",\"caption\":\"rtnews\"},\"url\":\"https:\/\/now-news.de\/de\/author\/rnews\/\"}]}<\/script>\n<!-- \/ Yoast SEO Premium plugin. -->","yoast_head_json":{"title":"Wie man nicht f\u00fcr den Frieden mobilisiert - just-now.NEWS Deutschland","robots":{"index":"index","follow":"follow","max-snippet":"max-snippet:-1","max-image-preview":"max-image-preview:large","max-video-preview":"max-video-preview:-1"},"canonical":"https:\/\/now-news.de\/de\/deutschland\/wie-man-nicht-fuer-den-frieden-mobilisiert\/","og_locale":"de_DE","og_type":"article","og_title":"Wie man nicht f\u00fcr den Frieden mobilisiert","og_description":"Am 3. Oktober soll es eine gro\u00dfe Friedensdemonstration in Berlin geben. Nach dem Beschluss zur Raketenstationierung, der sehr an den &#8220;Nachr\u00fcstungsbeschluss&#8221; von 1979 erinnert, ist das dringend geboten. Aber schon im Aufruf wird das Potential zerredet. Von Dagmar Henn Es gibt immer wieder Situationen, die wie Wiederholungen von Momenten erscheinen, die man bereits erlebt hat. [&hellip;]","og_url":"https:\/\/now-news.de\/de\/deutschland\/wie-man-nicht-fuer-den-frieden-mobilisiert\/","og_site_name":"just-now.NEWS Deutschland","article_publisher":"https:\/\/www.facebook.com\/wirmachenauf","article_published_time":"2024-07-23T05:00:28+00:00","og_image":[{"url":"https:\/\/now-news.de\/de\/wp-content\/uploads\/sites\/3\/2024\/07\/669e7c5748fbef04b323c6ce.jpg"}],"author":"rtnews","twitter_card":"summary_large_image","twitter_creator":"@WirMachenAuf_de","twitter_site":"@WirMachenAuf_de","twitter_misc":{"Verfasst von":"rtnews","Gesch\u00e4tzte Lesezeit":"8\u00a0Minuten"},"schema":{"@context":"https:\/\/schema.org","@graph":[{"@type":"Article","@id":"https:\/\/now-news.de\/de\/deutschland\/wie-man-nicht-fuer-den-frieden-mobilisiert\/#article","isPartOf":{"@id":"https:\/\/now-news.de\/de\/deutschland\/wie-man-nicht-fuer-den-frieden-mobilisiert\/"},"author":{"name":"rtnews","@id":"https:\/\/now-news.de\/de\/#\/schema\/person\/fb534a4e865501d8b3285208df34a9b5"},"headline":"Wie man nicht f\u00fcr den Frieden mobilisiert","datePublished":"2024-07-23T05:00:28+00:00","dateModified":"2024-07-23T05:00:28+00:00","mainEntityOfPage":{"@id":"https:\/\/now-news.de\/de\/deutschland\/wie-man-nicht-fuer-den-frieden-mobilisiert\/"},"wordCount":1638,"commentCount":0,"publisher":{"@id":"https:\/\/now-news.de\/de\/#organization"},"image":{"@id":"https:\/\/now-news.de\/de\/deutschland\/wie-man-nicht-fuer-den-frieden-mobilisiert\/#primaryimage"},"thumbnailUrl":"https:\/\/now-news.de\/de\/wp-content\/uploads\/sites\/3\/2024\/07\/Wie-man-nicht-fuer-den-Frieden-mobilisiert.jpg","keywords":["den","Frieden","f\u00fcr","Man","mobilisiert","nicht","Wie"],"articleSection":["Deutschland","Russland"],"inLanguage":"de","potentialAction":[{"@type":"CommentAction","name":"Comment","target":["https:\/\/now-news.de\/de\/deutschland\/wie-man-nicht-fuer-den-frieden-mobilisiert\/#respond"]}]},{"@type":"WebPage","@id":"https:\/\/now-news.de\/de\/deutschland\/wie-man-nicht-fuer-den-frieden-mobilisiert\/","url":"https:\/\/now-news.de\/de\/deutschland\/wie-man-nicht-fuer-den-frieden-mobilisiert\/","name":"Wie man nicht f\u00fcr den Frieden mobilisiert - just-now.NEWS Deutschland","isPartOf":{"@id":"https:\/\/now-news.de\/de\/#website"},"primaryImageOfPage":{"@id":"https:\/\/now-news.de\/de\/deutschland\/wie-man-nicht-fuer-den-frieden-mobilisiert\/#primaryimage"},"image":{"@id":"https:\/\/now-news.de\/de\/deutschland\/wie-man-nicht-fuer-den-frieden-mobilisiert\/#primaryimage"},"thumbnailUrl":"https:\/\/now-news.de\/de\/wp-content\/uploads\/sites\/3\/2024\/07\/Wie-man-nicht-fuer-den-Frieden-mobilisiert.jpg","datePublished":"2024-07-23T05:00:28+00:00","dateModified":"2024-07-23T05:00:28+00:00","breadcrumb":{"@id":"https:\/\/now-news.de\/de\/deutschland\/wie-man-nicht-fuer-den-frieden-mobilisiert\/#breadcrumb"},"inLanguage":"de","potentialAction":[{"@type":"ReadAction","target":["https:\/\/now-news.de\/de\/deutschland\/wie-man-nicht-fuer-den-frieden-mobilisiert\/"]}]},{"@type":"ImageObject","inLanguage":"de","@id":"https:\/\/now-news.de\/de\/deutschland\/wie-man-nicht-fuer-den-frieden-mobilisiert\/#primaryimage","url":"https:\/\/now-news.de\/de\/wp-content\/uploads\/sites\/3\/2024\/07\/Wie-man-nicht-fuer-den-Frieden-mobilisiert.jpg","contentUrl":"https:\/\/now-news.de\/de\/wp-content\/uploads\/sites\/3\/2024\/07\/Wie-man-nicht-fuer-den-Frieden-mobilisiert.jpg","width":460,"height":259,"caption":"Wie man nicht f\u00fcr den Frieden mobilisiert"},{"@type":"BreadcrumbList","@id":"https:\/\/now-news.de\/de\/deutschland\/wie-man-nicht-fuer-den-frieden-mobilisiert\/#breadcrumb","itemListElement":[{"@type":"ListItem","position":1,"name":"Home","item":"https:\/\/now-news.de\/de\/"},{"@type":"ListItem","position":2,"name":"Wie man nicht f\u00fcr den Frieden mobilisiert"}]},{"@type":"WebSite","@id":"https:\/\/now-news.de\/de\/#website","url":"https:\/\/now-news.de\/de\/","name":"just-now.NEWS Deutschland","description":"Das Portal f\u00fcr unzensierte Nachrichten aus der Welt","publisher":{"@id":"https:\/\/now-news.de\/de\/#organization"},"potentialAction":[{"@type":"SearchAction","target":{"@type":"EntryPoint","urlTemplate":"https:\/\/now-news.de\/de\/?s={search_term_string}"},"query-input":"required name=search_term_string"}],"inLanguage":"de"},{"@type":"Organization","@id":"https:\/\/now-news.de\/de\/#organization","name":"Just Now News","url":"https:\/\/now-news.de\/de\/","logo":{"@type":"ImageObject","inLanguage":"de","@id":"https:\/\/now-news.de\/de\/#\/schema\/logo\/image\/","url":"http:\/\/just-now.news\/de\/wp-content\/uploads\/sites\/3\/2022\/04\/logo500x500.jpg","contentUrl":"http:\/\/just-now.news\/de\/wp-content\/uploads\/sites\/3\/2022\/04\/logo500x500.jpg","width":500,"height":500,"caption":"Just Now News"},"image":{"@id":"https:\/\/now-news.de\/de\/#\/schema\/logo\/image\/"},"sameAs":["https:\/\/www.facebook.com\/wirmachenauf","https:\/\/x.com\/WirMachenAuf_de"]},{"@type":"Person","@id":"https:\/\/now-news.de\/de\/#\/schema\/person\/fb534a4e865501d8b3285208df34a9b5","name":"rtnews","image":{"@type":"ImageObject","inLanguage":"de","@id":"https:\/\/now-news.de\/de\/#\/schema\/person\/image\/","url":"https:\/\/secure.gravatar.com\/avatar\/82aafea7d8127119dd649515f56e2117?s=96&d=mm&r=g","contentUrl":"https:\/\/secure.gravatar.com\/avatar\/82aafea7d8127119dd649515f56e2117?s=96&d=mm&r=g","caption":"rtnews"},"url":"https:\/\/now-news.de\/de\/author\/rnews\/"}]}},"_links":{"self":[{"href":"https:\/\/now-news.de\/de\/wp-json\/wp\/v2\/posts\/65289"}],"collection":[{"href":"https:\/\/now-news.de\/de\/wp-json\/wp\/v2\/posts"}],"about":[{"href":"https:\/\/now-news.de\/de\/wp-json\/wp\/v2\/types\/post"}],"author":[{"embeddable":true,"href":"https:\/\/now-news.de\/de\/wp-json\/wp\/v2\/users\/3"}],"replies":[{"embeddable":true,"href":"https:\/\/now-news.de\/de\/wp-json\/wp\/v2\/comments?post=65289"}],"version-history":[{"count":0,"href":"https:\/\/now-news.de\/de\/wp-json\/wp\/v2\/posts\/65289\/revisions"}],"wp:featuredmedia":[{"embeddable":true,"href":"https:\/\/now-news.de\/de\/wp-json\/wp\/v2\/media\/65290"}],"wp:attachment":[{"href":"https:\/\/now-news.de\/de\/wp-json\/wp\/v2\/media?parent=65289"}],"wp:term":[{"taxonomy":"category","embeddable":true,"href":"https:\/\/now-news.de\/de\/wp-json\/wp\/v2\/categories?post=65289"},{"taxonomy":"post_tag","embeddable":true,"href":"https:\/\/now-news.de\/de\/wp-json\/wp\/v2\/tags?post=65289"}],"curies":[{"name":"wp","href":"https:\/\/api.w.org\/{rel}","templated":true}]}}