{"id":65234,"date":"2024-07-22T11:01:46","date_gmt":"2024-07-22T09:01:46","guid":{"rendered":"https:\/\/now-news.de\/de\/deutschland\/deutschland-wieder-messerereignisse-mit-verletzten-und-einem-toten\/"},"modified":"2024-07-22T11:01:46","modified_gmt":"2024-07-22T09:01:46","slug":"deutschland-wieder-messerereignisse-mit-verletzten-und-einem-toten","status":"publish","type":"post","link":"https:\/\/now-news.de\/de\/deutschland\/deutschland-wieder-messerereignisse-mit-verletzten-und-einem-toten\/","title":{"rendered":"Deutschland: Wieder &quot;Messerereignisse&quot; mit Verletzten und einem Toten"},"content":{"rendered":"<p><img decoding=\"async\" src=\"https:\/\/now-news.de\/de\/wp-content\/uploads\/sites\/3\/2024\/07\/669e04de48fbef73a653f5d9.jpeg\" \/><\/p>\n<div class=\"Text-root Text-type_1 \">\n                Das Ende der vergangenen Woche war gespickt mit Polizeimeldungen zu sogenannten &#8220;Messerereignissen&#8221;. Neben zahlreichen, teils auch schwer verletzten Opfern, kam es in Frankfurt am Main zu einem t\u00f6dlichen Angriff. Der mutma\u00dfliche T\u00e4ter ist erst 16 Jahre alt.\n            <\/div>\n<p><\/p>\n<div class=\"Text-root Text-type_5 ArticleView-text ViewText-root \">\n<p>Die <em>Bild<\/em>&#8211;<a rel=\"nofollow noopener\" target=\"_blank\" href=\"https:\/\/www.bild.de\/news\/inland\/kaum-ein-tag-ohne-messer-angriffe-in-deutschland-665ada7a4d1e6d2df21c1f99\">Schlagzeile<\/a> von Anfang Juni: &#8220;Kaum ein Tag ohne Messer-Angriffe in Deutschland&#8221;, best\u00e4tigte sich erneut zum Ende der vergangenen Woche als n\u00fcchterne Realit\u00e4t und nicht als rei\u00dferische Stimmungsmache.<\/p>\n<p>So kam es zu waffenbezogenen Ereignissen mit mehreren Verletzten im bayerischen Rosenheim und im Landkreis N\u00fcrnberger Land sowie am Freitag bereits auf einem\u00a0auf Schulhof in Schleswig-Holstein (<em>RT<\/em>\u00a0<a rel=\"nofollow noopener\" target=\"_blank\" href=\"https:\/\/freedert.online\/inland\/212923-messerangriff-auf-schulhof-in-schleswig\/\">berichtete<\/a>). In Frankfurt am Main erstach nach bisherigen Ermittlungen ein 16-j\u00e4hriger Verd\u00e4chtiger einen Bekannten. Das 20-j\u00e4hrige Opfer &#8220;schleppte sich noch bis auf die Stra\u00dfe, wo es verstarb&#8221;.<\/p>\n<p>Bereits am\u00a0Donnerstagabend erfolgte ein Messerangriff auf eine 34-j\u00e4hrige Frau und deren 15-j\u00e4hrige Tochter, bei dem beide\u00a0schwer verletzt und in naheliegende Krankenh\u00e4user in Mittelfranken bei N\u00fcrnberg eingeliefert wurden. Laut <a rel=\"nofollow noopener\" target=\"_blank\" href=\"https:\/\/www.polizei.bayern.de\/aktuelles\/pressemitteilungen\/070139\/index.htm\">Polizeimeldung<\/a> lebten &#8220;der 40-j\u00e4hrige Tatverd\u00e4chtige und die 34-j\u00e4hrige Frau, die beide die syrische Staatsangeh\u00f6rigkeit besitzen, seit geraumer Zeit getrennt&#8221;.\u00a0<\/p>\n<p>Am Freitag kam es dann zu einem Angriff auf einen Lehrer\u00a0einer Volkshochschule in Schleswig-Holstein. Bei den zwei T\u00e4tern\u00a0&#8220;handelt sich um zwei 21 und 22 Jahre alte Br\u00fcder. Beide haben laut Polizeiangaben einen Migrationshintergrund, ebenso wie das 67 Jahre alte Opfer&#8221;, so das <em>Hamburger Abendblatt<\/em>\u00a0<a rel=\"nofollow noopener\" target=\"_blank\" href=\"https:\/\/www.abendblatt.de\/schleswig-holstein\/pinneberg\/article406836243\/grosseinsatz-in-wedel-lehrerin-mit-messer-angegriffen.html\">berichtend<\/a>.\u00a0Bei dem Opfer, das keine lebensgef\u00e4hrlichen Verletzungen davontrug, handelt es sich &#8220;um einen Dozenten der Einrichtung, offenbar um einen Deutschlehrer&#8221;.<\/p>\n<p>Am selben Tag\u00a0erfolgte der Streit &#8220;zwischen zwei 16-J\u00e4hrigen vor einem Schwimmbad in Bockum&#8221; bei Krefeld, die mit einer K\u00f6rperverletzung\u00a0durch Messerstiche endete. Das Opfer erlitt dabei &#8220;<a rel=\"nofollow noopener\" target=\"_blank\" href=\"https:\/\/www.wz.de\/nrw\/krefeld\/nach-besuch-im-schwimmbad-krefelder-jugendlicher-mit-messer-verletzt_aid-116641773\">leichte Verletzungen<\/a>&#8220;.<\/p>\n<p>In der Nacht auf Samstag kam es\u00a0im Landkreis Offenbach in Hessen zu einem Ereignis, bei dem &#8220;ein 18-J\u00e4hriger schwer mit einem Messer verletzt&#8221; wurde.\u00a0Laut ersten Informationen der Ermittler war &#8220;der junge Mann gegen 1:20 Uhr nachts zusammen mit zwei Altersgenossen unterwegs, als sie auf drei weitere Personen stie\u00dfen&#8221;. Weiter hei\u00dft es in der <a rel=\"nofollow noopener\" target=\"_blank\" href=\"https:\/\/www.op-online.de\/region\/rodgau\/18-jaehriger-schwer-mit-messer-verletzt-polizei-jagt-taeter-93198143.html\">Meldung<\/a>:<\/p>\n<p><em>&#8220;Die Polizei vermutet, dass es zwischen den beiden Gruppen zu einem Streit kam, in dessen Verlauf einer der drei Kontrahenten den 18-J\u00e4hrigen mit einem Messer schwer am Hals verletzte. Auch nach den anderen beiden 18-J\u00e4hrigen soll er mit dem Messer gestochen, diese jedoch verfehlt haben.&#8221;<\/em><\/p>\n<p>Nach dem fl\u00fcchtigen T\u00e4ter wird weiterhin gefahndet.<\/p>\n<p>Nach einem &#8220;t\u00f6dlichen Gewaltverbrechen in Frankfurt am Main hat die Polizei Ermittlungen gegen einen 16-J\u00e4hrigen eingeleitet&#8221;, so die <em>Frankfurter Rundschau<\/em>\u00a0<a rel=\"nofollow noopener\" target=\"_blank\" href=\"https:\/\/www.fr.de\/frankfurt\/mann-wird-attackiert-und-stirbt-polizei-frankfurt-nimmt-tatverdaechtigen-fest-zr-93198484.html\">mitteilend<\/a>. So sei es am Samstag zu einer Auseinandersetzung zwischen &#8220;zwei jungen M\u00e4nnern gekommen, infolge derer ein 20-J\u00e4hriger lebensgef\u00e4hrliche Stichverletzungen erlitt&#8221;. Ein 16-j\u00e4hriger Tatverd\u00e4chtiger wurde noch vor Ort vorl\u00e4ufig festgenommen, das Opfer verstarb am Tatort.\u00a0Der Beschuldigte verst\u00e4ndigte selbst den Notruf, &#8220;w\u00e4hrend das Opfer vor dem Haus zusammenbrach&#8221;.<\/p>\n<p>Am fr\u00fchen Sonntagmorgen des 21. Juli ereignete sich laut polizeilicher <a rel=\"nofollow noopener\" target=\"_blank\" href=\"https:\/\/www.polizei.bayern.de\/aktuelles\/pressemitteilungen\/070263\/index.html\">Mitteilung<\/a> &#8220;am Bahnhof in Rosenheim eine Streitigkeit zwischen zwei M\u00e4nnern mit einer Stichwaffe&#8221;.\u00a0Ein 34-j\u00e4hriger Peruaner wurde dabei verletzt &#8220;und musste zur weiteren intensivmedizinischen Behandlung ins Klinikum gebracht werden&#8221;, so lokale Medien <a rel=\"nofollow noopener\" target=\"_blank\" href=\"https:\/\/www.berchtesgadener-anzeiger.de\/startseite_artikel,-messerattacke-am-bahnhof-polizei-gibt-warnschuss-ab-_arid,887943.html\">berichtend<\/a>. Zur Verhinderung der Flucht des T\u00e4ters gaben herbeigerufenen Beamte &#8220;einen Warnschuss in die Luft ab&#8221;. Weiter hei\u00dft es:<\/p>\n<p><em>&#8220;Trotz eines Warnschusses in die Luft gelang es jedoch nicht, den dringend tatverd\u00e4chtigen Mann, der auf einem Fahrrad fl\u00fcchtete, festzunehmen.&#8221;<\/em><\/p>\n<p>Zur Tatzeit w\u00e4ren &#8220;viele Reisende und G\u00e4ste im Bereich des Bahnhofs unterwegs gewesen&#8221;. Die offizielle T\u00e4terbeschreibung samt Bitte um\u00a0&#8220;sachdienliche Hinweise&#8221; oder Zeugenaussagen lautet: &#8220;m\u00e4nnlich, ca. 20 Jahre alt, dunkelh\u00e4utig, abstehende lange dunkle Haare, schlank, sprach gebrochen Deutsch&#8221;.<\/p>\n<p>Am Sonntag kam es final zu einem Messerereignis, als ein Mann in der Gemeinde N\u00f6rvenich in Nordrhein-Westfalen &#8220;einen vorbeifahrenden Autofahrer beleidigt und anschlie\u00dfend mit einem Messer schwer verletzt&#8221; hat. Ein 23-J\u00e4hriger fuhr demnach mit seinem Wagen &#8220;an einer Bushaltestelle vorbei, wo der mutma\u00dfliche T\u00e4ter gestanden und ihn lautstark beleidigt haben soll&#8221;, teilte die\u00a0Polizei\u00a0mit.<\/p>\n<p>Der junge Mann stieg aus, &#8220;woraufhin der 44-J\u00e4hrige zwei Messer aus einer Bauchtasche gezogen und mit einem davon zugestochen haben soll&#8221;. Als der Verletzte versuchte, zu fl\u00fcchten, soll ihn der Tatverd\u00e4chtige zudem noch verfolgt haben. Das Opfer wurde not\u00e4rztlich versorgt, der <a rel=\"nofollow noopener\" target=\"_blank\" href=\"https:\/\/www.wz.de\/nrw\/23-jaehriger-bei-messerangriff-in-noervenich-schwer-verletzt_aid-116597107\">gefl\u00fcchtete<\/a> T\u00e4ter stellte sich sp\u00e4ter am Sonntag der Polizei.<\/p>\n<p><strong>Mehr zum Thema <\/strong>\u2013<strong><\/strong><a rel=\"nofollow noopener\" target=\"_blank\" href=\"https:\/\/freedert.online\/inland\/212767-nordrhein-westfalen-brutale-messerattacke-auf-rastplatz-nach-verfolgungsfahrt\/\">Nordrhein-Westfalen: Brutale Messerattacke auf Rastplatz nach Verfolgungsfahrt auf der A3<\/a><\/p>\n<div class=\"EmbedBlock-root EmbedBlock-externalVideo EmbedBlock-odysee\">\n<div class=\"VkEmbed\"><iframe class=\"lazyload\" data-src=\"https:\/\/odysee.com\/%24\/embed\/%40RTDE%3Ae%2FReeperbahn--Polizei-schie%C3%9Ft-bewaffneten-Mann-nieder%3A3\" frameborder=\"0\" width=\"853\" height=\"480\" allowfullscreen><\/iframe><\/div>\n<\/div>\n<\/div>\n<p><br \/>\n<br \/><a href=\"https:\/\/de.rt.com\/inland\/213132-deutschland-mehrere-messerereignisse-am-wochenende\/\">Source link <\/a><\/p>\n","protected":false},"excerpt":{"rendered":"<p>Das Ende der vergangenen Woche war gespickt mit Polizeimeldungen zu sogenannten &#8220;Messerereignissen&#8221;. Neben zahlreichen, teils auch schwer verletzten Opfern, kam es in Frankfurt am Main zu einem t\u00f6dlichen Angriff. Der mutma\u00dfliche T\u00e4ter ist erst 16 Jahre alt. Die Bild&#8211;Schlagzeile von Anfang Juni: &#8220;Kaum ein Tag ohne Messer-Angriffe in Deutschland&#8221;, best\u00e4tigte sich erneut zum Ende der [&hellip;]<\/p>\n","protected":false},"author":3,"featured_media":65235,"comment_status":"open","ping_status":"open","sticky":false,"template":"","format":"standard","meta":{"_yoast_indexnow_last_ping":["1721639657"],"wp_automatic_camp":["217"],"71bf31e1c31d9f4ad4328edb6dd56112":["Deutschland: Wieder &quot;Messerereignisse&quot; mit Verletzten und einem Toten"],"original_link":["https:\/\/de.rt.com\/inland\/213132-deutschland-mehrere-messerereignisse-am-wochenende\/"],"_thumbnail_id":["65235"],"jnews_social_counter_last_update":["1777184883"],"_wptgpro_p2tg_sent2tg":["a:1:{i:23737;s:19:\"2024-07-22 11:15:21\";}"]},"categories":[19,23],"tags":[179,352,419,56859,2564,140,1165,904],"yoast_head":"<!-- This site is optimized with the Yoast SEO Premium plugin v22.7 (Yoast SEO v22.7) - https:\/\/yoast.com\/wordpress\/plugins\/seo\/ -->\n<title>Deutschland: Wieder &quot;Messerereignisse&quot; mit Verletzten und einem Toten - just-now.NEWS Deutschland<\/title>\n<meta name=\"robots\" content=\"index, follow, max-snippet:-1, max-image-preview:large, max-video-preview:-1\" \/>\n<link rel=\"canonical\" href=\"https:\/\/now-news.de\/de\/deutschland\/deutschland-wieder-messerereignisse-mit-verletzten-und-einem-toten\/\" \/>\n<meta property=\"og:locale\" content=\"de_DE\" \/>\n<meta property=\"og:type\" content=\"article\" \/>\n<meta property=\"og:title\" content=\"Deutschland: Wieder &quot;Messerereignisse&quot; mit Verletzten und einem Toten\" \/>\n<meta property=\"og:description\" content=\"Das Ende der vergangenen Woche war gespickt mit Polizeimeldungen zu sogenannten &#8220;Messerereignissen&#8221;. Neben zahlreichen, teils auch schwer verletzten Opfern, kam es in Frankfurt am Main zu einem t\u00f6dlichen Angriff. Der mutma\u00dfliche T\u00e4ter ist erst 16 Jahre alt. Die Bild&#8211;Schlagzeile von Anfang Juni: &#8220;Kaum ein Tag ohne Messer-Angriffe in Deutschland&#8221;, best\u00e4tigte sich erneut zum Ende der [&hellip;]\" \/>\n<meta property=\"og:url\" content=\"https:\/\/now-news.de\/de\/deutschland\/deutschland-wieder-messerereignisse-mit-verletzten-und-einem-toten\/\" \/>\n<meta property=\"og:site_name\" content=\"just-now.NEWS Deutschland\" \/>\n<meta property=\"article:publisher\" content=\"https:\/\/www.facebook.com\/wirmachenauf\" \/>\n<meta property=\"article:published_time\" content=\"2024-07-22T09:01:46+00:00\" \/>\n<meta property=\"og:image\" content=\"https:\/\/now-news.de\/de\/wp-content\/uploads\/sites\/3\/2024\/07\/669e04de48fbef73a653f5d9.jpeg\" \/>\n<meta name=\"author\" content=\"rtnews\" \/>\n<meta name=\"twitter:card\" content=\"summary_large_image\" \/>\n<meta name=\"twitter:creator\" content=\"@WirMachenAuf_de\" \/>\n<meta name=\"twitter:site\" content=\"@WirMachenAuf_de\" \/>\n<meta name=\"twitter:label1\" content=\"Verfasst von\" \/>\n\t<meta name=\"twitter:data1\" content=\"rtnews\" \/>\n\t<meta name=\"twitter:label2\" content=\"Gesch\u00e4tzte Lesezeit\" \/>\n\t<meta name=\"twitter:data2\" content=\"4\u00a0Minuten\" \/>\n<script type=\"application\/ld+json\" class=\"yoast-schema-graph\">{\"@context\":\"https:\/\/schema.org\",\"@graph\":[{\"@type\":\"Article\",\"@id\":\"https:\/\/now-news.de\/de\/deutschland\/deutschland-wieder-messerereignisse-mit-verletzten-und-einem-toten\/#article\",\"isPartOf\":{\"@id\":\"https:\/\/now-news.de\/de\/deutschland\/deutschland-wieder-messerereignisse-mit-verletzten-und-einem-toten\/\"},\"author\":{\"name\":\"rtnews\",\"@id\":\"https:\/\/now-news.de\/de\/#\/schema\/person\/fb534a4e865501d8b3285208df34a9b5\"},\"headline\":\"Deutschland: Wieder &quot;Messerereignisse&quot; mit Verletzten und einem Toten\",\"datePublished\":\"2024-07-22T09:01:46+00:00\",\"dateModified\":\"2024-07-22T09:01:46+00:00\",\"mainEntityOfPage\":{\"@id\":\"https:\/\/now-news.de\/de\/deutschland\/deutschland-wieder-messerereignisse-mit-verletzten-und-einem-toten\/\"},\"wordCount\":750,\"commentCount\":0,\"publisher\":{\"@id\":\"https:\/\/now-news.de\/de\/#organization\"},\"image\":{\"@id\":\"https:\/\/now-news.de\/de\/deutschland\/deutschland-wieder-messerereignisse-mit-verletzten-und-einem-toten\/#primaryimage\"},\"thumbnailUrl\":\"https:\/\/now-news.de\/de\/wp-content\/uploads\/sites\/3\/2024\/07\/Deutschland-Wieder-quotMesserereignissequot-mit-Verletzten-und-einem-Toten.jpeg\",\"keywords\":[\"Deutschland\",\"einem\",\"mit\",\"quotMesserereignissequot\",\"Toten\",\"und\",\"Verletzten\",\"wieder\"],\"articleSection\":[\"Deutschland\",\"Russland\"],\"inLanguage\":\"de\",\"potentialAction\":[{\"@type\":\"CommentAction\",\"name\":\"Comment\",\"target\":[\"https:\/\/now-news.de\/de\/deutschland\/deutschland-wieder-messerereignisse-mit-verletzten-und-einem-toten\/#respond\"]}]},{\"@type\":\"WebPage\",\"@id\":\"https:\/\/now-news.de\/de\/deutschland\/deutschland-wieder-messerereignisse-mit-verletzten-und-einem-toten\/\",\"url\":\"https:\/\/now-news.de\/de\/deutschland\/deutschland-wieder-messerereignisse-mit-verletzten-und-einem-toten\/\",\"name\":\"Deutschland: Wieder &quot;Messerereignisse&quot; mit Verletzten und einem Toten - just-now.NEWS Deutschland\",\"isPartOf\":{\"@id\":\"https:\/\/now-news.de\/de\/#website\"},\"primaryImageOfPage\":{\"@id\":\"https:\/\/now-news.de\/de\/deutschland\/deutschland-wieder-messerereignisse-mit-verletzten-und-einem-toten\/#primaryimage\"},\"image\":{\"@id\":\"https:\/\/now-news.de\/de\/deutschland\/deutschland-wieder-messerereignisse-mit-verletzten-und-einem-toten\/#primaryimage\"},\"thumbnailUrl\":\"https:\/\/now-news.de\/de\/wp-content\/uploads\/sites\/3\/2024\/07\/Deutschland-Wieder-quotMesserereignissequot-mit-Verletzten-und-einem-Toten.jpeg\",\"datePublished\":\"2024-07-22T09:01:46+00:00\",\"dateModified\":\"2024-07-22T09:01:46+00:00\",\"breadcrumb\":{\"@id\":\"https:\/\/now-news.de\/de\/deutschland\/deutschland-wieder-messerereignisse-mit-verletzten-und-einem-toten\/#breadcrumb\"},\"inLanguage\":\"de\",\"potentialAction\":[{\"@type\":\"ReadAction\",\"target\":[\"https:\/\/now-news.de\/de\/deutschland\/deutschland-wieder-messerereignisse-mit-verletzten-und-einem-toten\/\"]}]},{\"@type\":\"ImageObject\",\"inLanguage\":\"de\",\"@id\":\"https:\/\/now-news.de\/de\/deutschland\/deutschland-wieder-messerereignisse-mit-verletzten-und-einem-toten\/#primaryimage\",\"url\":\"https:\/\/now-news.de\/de\/wp-content\/uploads\/sites\/3\/2024\/07\/Deutschland-Wieder-quotMesserereignissequot-mit-Verletzten-und-einem-Toten.jpeg\",\"contentUrl\":\"https:\/\/now-news.de\/de\/wp-content\/uploads\/sites\/3\/2024\/07\/Deutschland-Wieder-quotMesserereignissequot-mit-Verletzten-und-einem-Toten.jpeg\",\"width\":460,\"height\":259,\"caption\":\"Deutschland: Wieder &quot;Messerereignisse&quot; mit Verletzten und einem Toten\"},{\"@type\":\"BreadcrumbList\",\"@id\":\"https:\/\/now-news.de\/de\/deutschland\/deutschland-wieder-messerereignisse-mit-verletzten-und-einem-toten\/#breadcrumb\",\"itemListElement\":[{\"@type\":\"ListItem\",\"position\":1,\"name\":\"Home\",\"item\":\"https:\/\/now-news.de\/de\/\"},{\"@type\":\"ListItem\",\"position\":2,\"name\":\"Deutschland: Wieder &quot;Messerereignisse&quot; mit Verletzten und einem Toten\"}]},{\"@type\":\"WebSite\",\"@id\":\"https:\/\/now-news.de\/de\/#website\",\"url\":\"https:\/\/now-news.de\/de\/\",\"name\":\"just-now.NEWS Deutschland\",\"description\":\"Das Portal f\u00fcr unzensierte Nachrichten aus der Welt\",\"publisher\":{\"@id\":\"https:\/\/now-news.de\/de\/#organization\"},\"potentialAction\":[{\"@type\":\"SearchAction\",\"target\":{\"@type\":\"EntryPoint\",\"urlTemplate\":\"https:\/\/now-news.de\/de\/?s={search_term_string}\"},\"query-input\":\"required name=search_term_string\"}],\"inLanguage\":\"de\"},{\"@type\":\"Organization\",\"@id\":\"https:\/\/now-news.de\/de\/#organization\",\"name\":\"Just Now News\",\"url\":\"https:\/\/now-news.de\/de\/\",\"logo\":{\"@type\":\"ImageObject\",\"inLanguage\":\"de\",\"@id\":\"https:\/\/now-news.de\/de\/#\/schema\/logo\/image\/\",\"url\":\"http:\/\/just-now.news\/de\/wp-content\/uploads\/sites\/3\/2022\/04\/logo500x500.jpg\",\"contentUrl\":\"http:\/\/just-now.news\/de\/wp-content\/uploads\/sites\/3\/2022\/04\/logo500x500.jpg\",\"width\":500,\"height\":500,\"caption\":\"Just Now News\"},\"image\":{\"@id\":\"https:\/\/now-news.de\/de\/#\/schema\/logo\/image\/\"},\"sameAs\":[\"https:\/\/www.facebook.com\/wirmachenauf\",\"https:\/\/x.com\/WirMachenAuf_de\"]},{\"@type\":\"Person\",\"@id\":\"https:\/\/now-news.de\/de\/#\/schema\/person\/fb534a4e865501d8b3285208df34a9b5\",\"name\":\"rtnews\",\"image\":{\"@type\":\"ImageObject\",\"inLanguage\":\"de\",\"@id\":\"https:\/\/now-news.de\/de\/#\/schema\/person\/image\/\",\"url\":\"https:\/\/secure.gravatar.com\/avatar\/82aafea7d8127119dd649515f56e2117?s=96&d=mm&r=g\",\"contentUrl\":\"https:\/\/secure.gravatar.com\/avatar\/82aafea7d8127119dd649515f56e2117?s=96&d=mm&r=g\",\"caption\":\"rtnews\"},\"url\":\"https:\/\/now-news.de\/de\/author\/rnews\/\"}]}<\/script>\n<!-- \/ Yoast SEO Premium plugin. -->","yoast_head_json":{"title":"Deutschland: Wieder &quot;Messerereignisse&quot; mit Verletzten und einem Toten - just-now.NEWS Deutschland","robots":{"index":"index","follow":"follow","max-snippet":"max-snippet:-1","max-image-preview":"max-image-preview:large","max-video-preview":"max-video-preview:-1"},"canonical":"https:\/\/now-news.de\/de\/deutschland\/deutschland-wieder-messerereignisse-mit-verletzten-und-einem-toten\/","og_locale":"de_DE","og_type":"article","og_title":"Deutschland: Wieder &quot;Messerereignisse&quot; mit Verletzten und einem Toten","og_description":"Das Ende der vergangenen Woche war gespickt mit Polizeimeldungen zu sogenannten &#8220;Messerereignissen&#8221;. Neben zahlreichen, teils auch schwer verletzten Opfern, kam es in Frankfurt am Main zu einem t\u00f6dlichen Angriff. Der mutma\u00dfliche T\u00e4ter ist erst 16 Jahre alt. Die Bild&#8211;Schlagzeile von Anfang Juni: &#8220;Kaum ein Tag ohne Messer-Angriffe in Deutschland&#8221;, best\u00e4tigte sich erneut zum Ende der [&hellip;]","og_url":"https:\/\/now-news.de\/de\/deutschland\/deutschland-wieder-messerereignisse-mit-verletzten-und-einem-toten\/","og_site_name":"just-now.NEWS Deutschland","article_publisher":"https:\/\/www.facebook.com\/wirmachenauf","article_published_time":"2024-07-22T09:01:46+00:00","og_image":[{"url":"https:\/\/now-news.de\/de\/wp-content\/uploads\/sites\/3\/2024\/07\/669e04de48fbef73a653f5d9.jpeg"}],"author":"rtnews","twitter_card":"summary_large_image","twitter_creator":"@WirMachenAuf_de","twitter_site":"@WirMachenAuf_de","twitter_misc":{"Verfasst von":"rtnews","Gesch\u00e4tzte Lesezeit":"4\u00a0Minuten"},"schema":{"@context":"https:\/\/schema.org","@graph":[{"@type":"Article","@id":"https:\/\/now-news.de\/de\/deutschland\/deutschland-wieder-messerereignisse-mit-verletzten-und-einem-toten\/#article","isPartOf":{"@id":"https:\/\/now-news.de\/de\/deutschland\/deutschland-wieder-messerereignisse-mit-verletzten-und-einem-toten\/"},"author":{"name":"rtnews","@id":"https:\/\/now-news.de\/de\/#\/schema\/person\/fb534a4e865501d8b3285208df34a9b5"},"headline":"Deutschland: Wieder &quot;Messerereignisse&quot; mit Verletzten und einem Toten","datePublished":"2024-07-22T09:01:46+00:00","dateModified":"2024-07-22T09:01:46+00:00","mainEntityOfPage":{"@id":"https:\/\/now-news.de\/de\/deutschland\/deutschland-wieder-messerereignisse-mit-verletzten-und-einem-toten\/"},"wordCount":750,"commentCount":0,"publisher":{"@id":"https:\/\/now-news.de\/de\/#organization"},"image":{"@id":"https:\/\/now-news.de\/de\/deutschland\/deutschland-wieder-messerereignisse-mit-verletzten-und-einem-toten\/#primaryimage"},"thumbnailUrl":"https:\/\/now-news.de\/de\/wp-content\/uploads\/sites\/3\/2024\/07\/Deutschland-Wieder-quotMesserereignissequot-mit-Verletzten-und-einem-Toten.jpeg","keywords":["Deutschland","einem","mit","quotMesserereignissequot","Toten","und","Verletzten","wieder"],"articleSection":["Deutschland","Russland"],"inLanguage":"de","potentialAction":[{"@type":"CommentAction","name":"Comment","target":["https:\/\/now-news.de\/de\/deutschland\/deutschland-wieder-messerereignisse-mit-verletzten-und-einem-toten\/#respond"]}]},{"@type":"WebPage","@id":"https:\/\/now-news.de\/de\/deutschland\/deutschland-wieder-messerereignisse-mit-verletzten-und-einem-toten\/","url":"https:\/\/now-news.de\/de\/deutschland\/deutschland-wieder-messerereignisse-mit-verletzten-und-einem-toten\/","name":"Deutschland: Wieder &quot;Messerereignisse&quot; mit Verletzten und einem Toten - just-now.NEWS Deutschland","isPartOf":{"@id":"https:\/\/now-news.de\/de\/#website"},"primaryImageOfPage":{"@id":"https:\/\/now-news.de\/de\/deutschland\/deutschland-wieder-messerereignisse-mit-verletzten-und-einem-toten\/#primaryimage"},"image":{"@id":"https:\/\/now-news.de\/de\/deutschland\/deutschland-wieder-messerereignisse-mit-verletzten-und-einem-toten\/#primaryimage"},"thumbnailUrl":"https:\/\/now-news.de\/de\/wp-content\/uploads\/sites\/3\/2024\/07\/Deutschland-Wieder-quotMesserereignissequot-mit-Verletzten-und-einem-Toten.jpeg","datePublished":"2024-07-22T09:01:46+00:00","dateModified":"2024-07-22T09:01:46+00:00","breadcrumb":{"@id":"https:\/\/now-news.de\/de\/deutschland\/deutschland-wieder-messerereignisse-mit-verletzten-und-einem-toten\/#breadcrumb"},"inLanguage":"de","potentialAction":[{"@type":"ReadAction","target":["https:\/\/now-news.de\/de\/deutschland\/deutschland-wieder-messerereignisse-mit-verletzten-und-einem-toten\/"]}]},{"@type":"ImageObject","inLanguage":"de","@id":"https:\/\/now-news.de\/de\/deutschland\/deutschland-wieder-messerereignisse-mit-verletzten-und-einem-toten\/#primaryimage","url":"https:\/\/now-news.de\/de\/wp-content\/uploads\/sites\/3\/2024\/07\/Deutschland-Wieder-quotMesserereignissequot-mit-Verletzten-und-einem-Toten.jpeg","contentUrl":"https:\/\/now-news.de\/de\/wp-content\/uploads\/sites\/3\/2024\/07\/Deutschland-Wieder-quotMesserereignissequot-mit-Verletzten-und-einem-Toten.jpeg","width":460,"height":259,"caption":"Deutschland: Wieder &quot;Messerereignisse&quot; mit Verletzten und einem Toten"},{"@type":"BreadcrumbList","@id":"https:\/\/now-news.de\/de\/deutschland\/deutschland-wieder-messerereignisse-mit-verletzten-und-einem-toten\/#breadcrumb","itemListElement":[{"@type":"ListItem","position":1,"name":"Home","item":"https:\/\/now-news.de\/de\/"},{"@type":"ListItem","position":2,"name":"Deutschland: Wieder &quot;Messerereignisse&quot; mit Verletzten und einem Toten"}]},{"@type":"WebSite","@id":"https:\/\/now-news.de\/de\/#website","url":"https:\/\/now-news.de\/de\/","name":"just-now.NEWS Deutschland","description":"Das Portal f\u00fcr unzensierte Nachrichten aus der Welt","publisher":{"@id":"https:\/\/now-news.de\/de\/#organization"},"potentialAction":[{"@type":"SearchAction","target":{"@type":"EntryPoint","urlTemplate":"https:\/\/now-news.de\/de\/?s={search_term_string}"},"query-input":"required name=search_term_string"}],"inLanguage":"de"},{"@type":"Organization","@id":"https:\/\/now-news.de\/de\/#organization","name":"Just Now News","url":"https:\/\/now-news.de\/de\/","logo":{"@type":"ImageObject","inLanguage":"de","@id":"https:\/\/now-news.de\/de\/#\/schema\/logo\/image\/","url":"http:\/\/just-now.news\/de\/wp-content\/uploads\/sites\/3\/2022\/04\/logo500x500.jpg","contentUrl":"http:\/\/just-now.news\/de\/wp-content\/uploads\/sites\/3\/2022\/04\/logo500x500.jpg","width":500,"height":500,"caption":"Just Now News"},"image":{"@id":"https:\/\/now-news.de\/de\/#\/schema\/logo\/image\/"},"sameAs":["https:\/\/www.facebook.com\/wirmachenauf","https:\/\/x.com\/WirMachenAuf_de"]},{"@type":"Person","@id":"https:\/\/now-news.de\/de\/#\/schema\/person\/fb534a4e865501d8b3285208df34a9b5","name":"rtnews","image":{"@type":"ImageObject","inLanguage":"de","@id":"https:\/\/now-news.de\/de\/#\/schema\/person\/image\/","url":"https:\/\/secure.gravatar.com\/avatar\/82aafea7d8127119dd649515f56e2117?s=96&d=mm&r=g","contentUrl":"https:\/\/secure.gravatar.com\/avatar\/82aafea7d8127119dd649515f56e2117?s=96&d=mm&r=g","caption":"rtnews"},"url":"https:\/\/now-news.de\/de\/author\/rnews\/"}]}},"_links":{"self":[{"href":"https:\/\/now-news.de\/de\/wp-json\/wp\/v2\/posts\/65234"}],"collection":[{"href":"https:\/\/now-news.de\/de\/wp-json\/wp\/v2\/posts"}],"about":[{"href":"https:\/\/now-news.de\/de\/wp-json\/wp\/v2\/types\/post"}],"author":[{"embeddable":true,"href":"https:\/\/now-news.de\/de\/wp-json\/wp\/v2\/users\/3"}],"replies":[{"embeddable":true,"href":"https:\/\/now-news.de\/de\/wp-json\/wp\/v2\/comments?post=65234"}],"version-history":[{"count":0,"href":"https:\/\/now-news.de\/de\/wp-json\/wp\/v2\/posts\/65234\/revisions"}],"wp:featuredmedia":[{"embeddable":true,"href":"https:\/\/now-news.de\/de\/wp-json\/wp\/v2\/media\/65235"}],"wp:attachment":[{"href":"https:\/\/now-news.de\/de\/wp-json\/wp\/v2\/media?parent=65234"}],"wp:term":[{"taxonomy":"category","embeddable":true,"href":"https:\/\/now-news.de\/de\/wp-json\/wp\/v2\/categories?post=65234"},{"taxonomy":"post_tag","embeddable":true,"href":"https:\/\/now-news.de\/de\/wp-json\/wp\/v2\/tags?post=65234"}],"curies":[{"name":"wp","href":"https:\/\/api.w.org\/{rel}","templated":true}]}}