{"id":65226,"date":"2024-07-22T06:30:09","date_gmt":"2024-07-22T04:30:09","guid":{"rendered":"https:\/\/now-news.de\/de\/deutschland\/deutsche-diplomatie-auf-jahrzehnte-in-der-bedeutungslosigkeit\/"},"modified":"2024-07-22T06:30:09","modified_gmt":"2024-07-22T04:30:09","slug":"deutsche-diplomatie-auf-jahrzehnte-in-der-bedeutungslosigkeit","status":"publish","type":"post","link":"https:\/\/now-news.de\/de\/deutschland\/deutsche-diplomatie-auf-jahrzehnte-in-der-bedeutungslosigkeit\/","title":{"rendered":"Deutsche Diplomatie: Auf Jahrzehnte in der Bedeutungslosigkeit"},"content":{"rendered":"<p><img decoding=\"async\" src=\"https:\/\/now-news.de\/de\/wp-content\/uploads\/sites\/3\/2024\/07\/6697afb1b480cc65af194112.jpg\" \/><\/p>\n<div class=\"Text-root Text-type_1 \">\n                Die Tatsache, dass die deutsche Politik eine diplomatische Katastrophe ist, ist nicht nur dem aktuellen politischen Personal zu verdanken. Ein gewisser Gr\u00f6\u00dfenwahn spielte in Westdeutschland gleich nach dem Zweiten Weltkrieg eine wichtige Rolle. Und auch f\u00fcr die Zukunft sieht es d\u00fcster aus. Deutschland steht auf internationaler B\u00fchne f\u00fcr Jahrzehnte isoliert da.\n            <\/div>\n<p><\/p>\n<div class=\"Text-root Text-type_5 ArticleView-text ViewText-root \">\n<p><em>Von Tom J. Wellbrock<\/em><\/p>\n<p>Deutschlands erster Bundeskanzler Konrad Adenauer (CDU) stand dem Nationalsozialismus n\u00e4her als der Demokratie. Franz-Julius Halder, ehemaliger Generalstabschef unter Adolf Hitler, der angeblich schon vor Hitler selbst Zerst\u00f6rungsfantasien der UdSSR im Sinn gehabt haben soll, hat nach dem Zweiten Weltkrieg versucht, seine eigene Verantwortung auf Hitler abzuw\u00e4lzen, so als sei der Nationalsozialismus allein dessen Werk und alle anderen \u2013 inklusive Halder selbst \u2013 seien unschuldig. Gemeinsam mit Reinhard Gehlen (inzwischen Chef des Bundesnachrichtendienstes unter Adenauer) und Halders Chef der Operationsabteilung unter Hitler, Adolf Heusinger, streifte er die Schuld von sich ab. Adenauer machte mit, denn Heusinger war inzwischen der Generalinspekteur der Bundeswehr.<\/p>\n<p>&#8220;Kleine Br\u00f6tchen backen&#8221; wollte Adenauer nach der Niederlage im Zweiten Weltkrieg ganz offensichtlich nicht. Und so wurde unter ihm die sogenannte &#8220;Hallstein-Doktrin&#8221; ins Leben gerufen, benannt nach Walter Hallstein (CDU). Die &#8220;Hallstein-Doktrin&#8221; hatte von 1955 bis 1973 Bestand.<\/p>\n<h3>&#8220;Deutschland den (wahren) Deutschen&#8221;<\/h3>\n<p>Es kann nur ein wahres Deutschland geben \u2013 so in etwa stellte sich Adenauer die Rolle Westdeutschlands vor. Mit anderen Worten: Die DDR , ebenfalls nach dem Zweiten Weltkrieg gegr\u00fcndet, hatte in seinen Augen keinerlei Existenzberechtigung. Nach der &#8220;Hallstein-Doktrin&#8221; galt auch f\u00fcr das Ausland, dass es sich an diese Vorgabe halten musste. Im Falle von diplomatischen Beziehungen zwischen der DDR und einem Drittstaat betrachtete Adenauer diese Praxis als &#8220;unfreundlichen Akt&#8221;. Konkrete Sanktionen wurden zwar nicht ausformuliert, doch die &#8220;Hallstein-Doktrin&#8221; f\u00fchrte auch so zu immer wieder internationalen Konflikten und Streitigkeiten.<\/p>\n<p>Man erinnert sich daran, dass nach dem Beginn der Doktrin die DDR nur in Anf\u00fchrungszeichen geschrieben wurde, genannt wurde sie abf\u00e4llig &#8220;Gebilde&#8221; oder &#8220;Regime in Pankow&#8221;. Im Deutschlandfunk fand sich 2005 dazu ein Artikel, in dem ein Historiker zu Wort kam und erkl\u00e4rte, dass die &#8220;Hallstein-Doktrin&#8221; im Prinzip schon in Ordnung war:<\/p>\n<blockquote>\n<p>&#8220;Aus heutiger Sicht erscheine die Hallstein-Doktrin vielleicht \u00fcberheblich, meint der Potsdamer Historiker Christoph Kle\u00dfmann. Damals sei es aus Bonner Sicht jedoch verst\u00e4ndlich gewesen, die DDR zu isolieren, &#8216;weil man sich nat\u00fcrlich klar machen muss, dass in den 50er Jahren auch die Akzeptanz der DDR bei der Bev\u00f6lkerung noch minimal war. Insofern hatte der Alleinvertretungsanspruch Bonns auch in der DDR-Bev\u00f6lkerung durchaus betr\u00e4chtliche Popularit\u00e4t. Schlie\u00dflich war die DDR ein Staat ohne demokratische und ohne nationale Legitimation. Und die Bundesrepublik hatte durchaus das Recht, diesen nationalen Alleinvertretungsanspruch zu formulieren.&#8221;<\/p>\n<\/blockquote>\n<p>Unweigerlich taucht die Frage nach dem Huhn und dem Ei vor dem geistigen Auge auf. Oder, anders ausgedr\u00fcckt: Folgte die &#8220;Hallstein-Doktrin&#8221; dem Wunsch des Volkes oder der politischen \u00dcberzeugung Adenauers? Wie dem auch sei, heute ist Deutschland erneut \u00fcberzeugt, einen Alleinvertretungsanspruch zu haben, nur in diesem Fall halt weltweit und mit seiner &#8220;regelbasierten Ordnung&#8221;. Dazu weiter unten mehr.<\/p>\n<p>Wenn es nach Adenauer gegangen w\u00e4re, h\u00e4tte die &#8220;Hallstein-Doktrin&#8221; auch f\u00fcr die Sowjetunion gegolten, doch er traf mit der sowjetischen F\u00fchrung eine Vereinbarung: Und so wurden alle deutschen Kriegsgefangenen in der UdSSR freigelassen, im Gegenzug baute Westdeutschland diplomatische Beziehungen zu Moskau auf.<\/p>\n<p>Wenngleich mit der &#8220;Hallstein-Doktrin&#8221; keine konkreten Sanktionen schriftlich fixiert worden waren, war sie doch nicht folgenlos. Im Oktober 1957 erkannte Jugoslawien die DDR an und nahm diplomatische Beziehungen auf. Westdeutschland reagierte mit einem Abbruch der Beziehungen zu Jugoslawien. Aus der jugoslawischen Botschaft in Bonn hie\u00df es damals:<\/p>\n<blockquote>\n<p>&#8220;Die Regierung und die V\u00f6lker Jugoslawiens verurteilen diesen Schritt der Bundesregierung, der durch keinen Grund gerechtfertigt ist, und erheben ihren sch\u00e4rfsten Protest dagegen.&#8221;<\/p>\n<\/blockquote>\n<p>Adenauer betete erneut seine Begr\u00fcndung f\u00fcr den Abbruch herunter und sprach von einem &#8220;Lebensinteresse&#8221; der Bundesrepublik,<\/p>\n<blockquote>\n<p>&#8220;n\u00e4mlich der auch im Grundgesetz verankerte Anspruch, dass die deutsche Bundesregierung allein legitimiert ist, die deutschen Interessen im Ausland zu vertreten, da nur sie eine demokratisch gew\u00e4hlte Volksvertretung und Regierung besitzt.&#8221;<\/p>\n<\/blockquote>\n<p>Der deutsche Gr\u00f6\u00dfenwahn, der nach dem Zweiten Weltkrieg in neuer, demokratisch angemalter Lesart fast \u00fcbergangslos fortgesetzt wurde, endete erst 1973, als der Pr\u00e4sident der UNO-Vollversammlung, Leopold Benites, die Aufnahme beider deutscher Staaten in die Vereinten Nationen verk\u00fcndete.<\/p>\n<h3>Willy Brandts Ostpolitik<\/h3>\n<p>Willy Brandt (SPD) kam der &#8220;Hallstein-Doktrin&#8221; schon 1969 in die Quere, weil er sich f\u00fcr eine Entspannungspolitik mit der Sowjetunion einsetzte. Gemeinsam mit Egon Bahr hatte Brandt bereits seit 1963 unter dem Motto &#8220;Wandel durch Ann\u00e4herung&#8221; an seiner politischen Linie gearbeitet. In seiner Regierungserkl\u00e4rung am 28. Oktober 1969 sagte Brandt:<\/p>\n<blockquote>\n<p>&#8220;Das deutsche Volk braucht den Frieden im vollen Sinne dieses Wortes auch mit den V\u00f6lkern der Sowjetunion und allen V\u00f6lkern des europ\u00e4ischen Ostens. Zu einem ehrlichen Versuch der Verst\u00e4ndigung sind wir bereit, damit die Folgen des Unheils \u00fcberwunden werden k\u00f6nnen, das eine verbrecherische Clique \u00fcber Europa gebracht hat.&#8221;<\/p>\n<\/p>\n<\/blockquote>\n<p>R\u00fcckblickend sollte man nicht verkl\u00e4rend werden. Brandts Entspannungspolitik war harte Arbeit, mit unz\u00e4hligen Gespr\u00e4chen und teils z\u00e4hen Verhandlungen. Und sicher war es auch der Pers\u00f6nlichkeit Brandts zu verdanken, dass das Verh\u00e4ltnis zwischen Deutschland und dem Osten nach und nach besser wurde. W\u00e4hrend Adenauers Regierungsstil arrogant und herablassend war, kam es zu Brandts Regierungszeit zum ber\u00fchmten Kniefall in Warschau, den der &#8220;Spiegel&#8221;, damals noch ein Nachrichtenmagazin, so kommentierte:<\/p>\n<blockquote>\n<p>&#8220;Dann kniet er, der das nicht n\u00f6tig hat, da f\u00fcr alle, die es n\u00f6tig haben, aber nicht da knien &#8211; weil sie es nicht wagen oder nicht k\u00f6nnen oder nicht wagen k\u00f6nnen. Dann bekennt er sich zu einer Schuld, an der er selber nicht zu tragen hat, und bittet um eine Vergebung, derer er selber nicht bedarf. Dann kniet er da f\u00fcr Deutschland.&#8221;<\/p>\n<\/blockquote>\n<p>International erhielt Willy Brandt viel Anerkennung, das Magazin &#8220;Time&#8221; rief ihn im Jahr 1970 zum &#8220;Mann des Jahres&#8221; aus, 1971 erhielt er den Friedensnobelpreis. In seiner Dankesrede in Oslo sagte Brandt, was es ihm bedeute<\/p>\n<blockquote>\n<p>&#8220;nach den unausl\u00f6schlichen Schrecken der Vergangenheit den Namen meines Landes und den Willen zum Frieden in \u00dcbereinstimmung gebracht zu sehen.&#8221;<\/p>\n<\/blockquote>\n<p>Die folgenden Ostvertr\u00e4ge wurden in West-Deutschland insbesondere von der CDU, aber auch von Teilen der FDP hart kritisiert. Sie zu verhindern, gelingt den beiden Parteien aber nicht. Und auch in der Bev\u00f6lkerung hat Brandt gro\u00dfen R\u00fcckhalt. Der Wahlkampf im Jahr 1972, der unter dem Motto &#8220;Willy w\u00e4hlen&#8221; stand, endete mit einem Ergebnis von 45,8 Prozent der Stimmen f\u00fcr die SPD, die Wahlbeteiligung lag bei enormen 91 Prozent. Brandt selbst schrieb sp\u00e4ter in seinen Erinnerungen:<\/p>\n<blockquote>\n<p>&#8220;Der Kampf um die Vertr\u00e4ge hatte die Wahl entschieden.&#8221;<\/p>\n<\/blockquote>\n<h3>Das Ende der deutschen Diplomatie<\/h3>\n<p>W\u00e4hrend Adenauer einen Alleinvertretungsanspruch gegen\u00fcber der DDR erhob, wird dieser heute gegen\u00fcber der restlichen Welt (ausgenommen den USA) formuliert. Heute geht es um &#8220;regelbasierte Werte&#8221;, die nie ein Mensch in Worte gekleidet hat. Sie sind austauschbar, vage und werden je nach Gemengelage willk\u00fcrlich angepasst. Und sie sind das Gegenteil von Diplomatie.<\/p>\n<p>Von Egon Bahr stammen folgende Worte:<\/p>\n<blockquote>\n<p>&#8220;In der internationalen Politik geht es nie um Demokratie oder Menschenrechte. Es geht um die Interessen von Staaten. Merken Sie sich das, egal, was man Ihnen im Geschichtsunterricht erz\u00e4hlt.&#8221;<\/p>\n<\/blockquote>\n<p>Bahr hat die Entspannungspolitik bis zu seinem Tod im Jahr 2015 verteidigt. Dem entgegnete im M\u00e4rz 2022 SPD-Chef Lars Klingbeil:<\/p>\n<blockquote>\n<p>&#8220;&#8216;Wandel durch Handel&#8217; war das Gebot der Stunde. Dieses Konzept ist gescheitert&#8221;<\/p>\n<\/blockquote>\n<p>und fasste damit das Ende der deutschen Diplomatie zusammen. Er begr\u00fcndete seine Haltung mit den Worten:<\/p>\n<blockquote>\n<p>&#8220;Ru\u0308ckblickend mu\u0308ssen wir uns natu\u0308rlich fragen, ob wir den russischen Einmarsch in Georgien 2008, die Annexion der Krim 2014 oder die russischen Auftragsmorde in London und Berlin anders ha\u0308tten bewerten mu\u0308ssen&#8221;<\/p>\n<\/blockquote>\n<p>Er tritt damit nicht nur Bahrs Erkenntnis mit F\u00fc\u00dfen, dass es in der internationalen Politik um Interessen geht. Denn er nimmt eine moralische Bewertung internationaler Politik vor, die nichts mit Diplomatie zu tun hat. Er stellt zudem Behauptungen auf, die zwischen Unterstellung und L\u00fcge liegen. Zum einen hat Georgien 2008 Russland angegriffen, nicht umgekehrt. Zum anderen ist die v\u00f6lkerrechtliche (und damit auch diplomatische) Bewertung der Krim l\u00e4ngst nicht so eindeutig, wie Klingbeil dem Zuh\u00f6rer Glauben machen will. Und zum dritten sind die angeblichen Auftragsmorde in Berlin und London eine nie bewiesene R\u00e4uberpistole.<\/p>\n<p>Diplomatie hei\u00dft in Deutschland also heute, den Alleinvertretungsanspruch von Ereignissen zu behaupten, die aus zahllosen Perspektiven bewertet werden k\u00f6nnen und m\u00fcssen, um ein vollst\u00e4ndiges Bild zu erzeugen. Doch Diplomatie funktioniert anders. Sie orientiert sich an den Voraussetzungen, die sie vorfindet und sucht nach L\u00f6sungsans\u00e4tzen f\u00fcr Problemstellungen. Diplomatie kann daher auch niemals dem Grundsatz folgen, lediglich Gespr\u00e4chspartner zu akzeptieren, die den eigenen Erwartungen oder Werten entsprechen.<\/p>\n<p>Das ist der gr\u00f6\u00dfte Denkfehler, den die intellektuell \u00fcberforderte und diplomatisch minderbemittelte deutsche Politik macht: Sie formt ein neues Bild der Diplomatie, das mit den tats\u00e4chlichen Anspr\u00fcchen an internationale Probleml\u00f6sungen nichts mehr zu tun hat. Sie konterkariert also die Errungenschaften der Diplomatie, die diese im Laufe der Zivilisation entwickelt hat. Diplomatisches Verhalten ist also Verhalten,<\/p>\n<ul>\n<li>\n<p>das den Agierenden dabei Kompromissbereitschaft und den Willen bescheinigt, die Absichten und die W\u00fcnsche jedes Beteiligten zu erkennen<\/p>\n<\/li>\n<li>\n<p>das sogenannte Win-win-Situationen sucht;<\/p>\n<\/li>\n<li>\n<p>das es m\u00f6glichst vermeidet, andere Verhandelnde blo\u00dfzustellen oder in die Enge zu treiben;<\/p>\n<\/li>\n<li>\n<p>das geeignet ist, den langfristigen Nutzen zu maximieren (es w\u00e4re also undiplomatisch, sich einen kurzfristigen Nutzen zu sichern, dabei aber langfristig Nachteile oder Konflikte zu riskieren bzw. in Kauf zu nehmen).<\/p>\n<\/li>\n<\/ul>\n<p>Man muss zumindest diese vier Grundz\u00fcge verstehen, um erfolgreiche Diplomatie betreiben zu k\u00f6nnen. Doch in der deutschen Au\u00dfenpolitik wird keiner dieser Merkmale in Augenschein genommen, geschweige denn in die geopolitischen Entscheidungen einbezogen.<\/p>\n<p>Entgegen der in Deutschland immer wieder geh\u00f6rten Aussage, Russland habe sich international isoliert, ist es faktisch Deutschland, das sich selbst auf internationaler und diplomatischer B\u00fchne ausgegrenzt hat. Annalena Baerbock (B\u00fcndnis 90\/die Gr\u00fcnen) ist in kaum noch einem Land mit internationaler Bedeutung gern gesehen, und das liegt nicht nur an ihren schlechten Manieren, sondern auch und vor allem daran, dass gestandene Diplomaten mit ihr nichts anfangen k\u00f6nnen. Es ist, als w\u00fcrde ein Schachgro\u00dfmeister von einem Amateur des Dame-Spiels herausgefordert werden. Beide befinden sich in unterschiedlichen Welten, und niemandem w\u00e4re geholfen, w\u00fcrden sie sich auf das gemeinsame Spiel einlassen.<\/p>\n<p>Das Grundproblem deutscher Diplomatie liegt in der Tatsache, dass die nachgewachsenen und die nachwachsenden Generationen von Politikern weder die F\u00e4higkeit noch den Willen mitbringen, diplomatische Grundlagen zu erlernen. Durch ihre mangelnde Eigenst\u00e4ndigkeit und die Abh\u00e4ngigkeit US-amerikanischer Entscheidungstr\u00e4ger einerseits und die eingeschr\u00e4nkten F\u00e4higkeiten, sich diplomatische Fertigkeiten anzueignen andererseits, ist Deutschland auf Jahrzehnte von der internationalen Diplomatie abgeschnitten. Das wird sich auch in anderen Bereichen der Geopolitik und der internationalen wirtschaftlichen Zusammenarbeit bemerkbar machen.<\/p>\n<p>Die Bedeutung Deutschlands in der Welt ist also in einer stetigen Abw\u00e4rtsbewegung. Das Land wird auf internationaler B\u00fchne &#8220;regelbasiert&#8221; von Tag zu Tag unwichtiger und sich bei Besuchen in anderen L\u00e4ndern darauf einstellen m\u00fcssen, durch den Lieferanteneingang geleitet zu werden.<\/p>\n<p><em>Tom J. Wellbrock ist Journalist, Sprecher, Podcaster, Moderator und Mitherausgeber des Blogs\u00a0<a rel=\"nofollow noopener\" target=\"_blank\" href=\"https:\/\/www.neulandrebellen.de\/\">neulandrebellen<\/a>.<\/em><\/p>\n<p><strong>Mehr zum Thema\u00a0<\/strong>&#8211; <a rel=\"nofollow noopener\" target=\"_blank\" href=\"https:\/\/freedert.online\/meinung\/212005-raetsel-um-baerbocks-faehigkeiten-endlich-geloest\/\">Endlich: R\u00e4tsel um Baerbocks F\u00e4higkeiten gel\u00f6st!<\/a><\/p>\n<\/p>\n<\/p>\n<\/p>\n<p><strong><br \/><\/strong><\/p>\n<\/p>\n<\/p>\n<\/p>\n<\/p>\n<\/div>\n<p><br \/>\n<br \/><a href=\"https:\/\/de.rt.com\/meinung\/212664-deutsche-diplomatie-in-bedeutungslosigkeit\/\">Source link <\/a><\/p>\n","protected":false},"excerpt":{"rendered":"<p>Die Tatsache, dass die deutsche Politik eine diplomatische Katastrophe ist, ist nicht nur dem aktuellen politischen Personal zu verdanken. Ein gewisser Gr\u00f6\u00dfenwahn spielte in Westdeutschland gleich nach dem Zweiten Weltkrieg eine wichtige Rolle. Und auch f\u00fcr die Zukunft sieht es d\u00fcster aus. Deutschland steht auf internationaler B\u00fchne f\u00fcr Jahrzehnte isoliert da. Von Tom J. Wellbrock [&hellip;]<\/p>\n","protected":false},"author":3,"featured_media":65227,"comment_status":"open","ping_status":"open","sticky":false,"template":"","format":"standard","meta":{"_yoast_indexnow_last_ping":["1721623242"],"wp_automatic_camp":["217"],"7321fb1ce4a82e3529a0050daa539078":["Deutsche Diplomatie: Auf Jahrzehnte in der Bedeutungslosigkeit"],"original_link":["https:\/\/de.rt.com\/meinung\/212664-deutsche-diplomatie-in-bedeutungslosigkeit\/"],"_thumbnail_id":["65227"],"jnews_social_counter_last_update":["1777168002"],"_wptgpro_p2tg_sent2tg":["a:1:{i:23737;s:19:\"2024-07-22 06:42:55\";}"]},"categories":[19,23],"tags":[133,48489,82,2374,16547,22383],"yoast_head":"<!-- This site is optimized with the Yoast SEO Premium plugin v22.7 (Yoast SEO v22.7) - https:\/\/yoast.com\/wordpress\/plugins\/seo\/ -->\n<title>Deutsche Diplomatie: Auf Jahrzehnte in der Bedeutungslosigkeit - just-now.NEWS Deutschland<\/title>\n<meta name=\"robots\" content=\"index, follow, max-snippet:-1, max-image-preview:large, max-video-preview:-1\" \/>\n<link rel=\"canonical\" href=\"https:\/\/now-news.de\/de\/deutschland\/deutsche-diplomatie-auf-jahrzehnte-in-der-bedeutungslosigkeit\/\" \/>\n<meta property=\"og:locale\" content=\"de_DE\" \/>\n<meta property=\"og:type\" content=\"article\" \/>\n<meta property=\"og:title\" content=\"Deutsche Diplomatie: Auf Jahrzehnte in der Bedeutungslosigkeit\" \/>\n<meta property=\"og:description\" content=\"Die Tatsache, dass die deutsche Politik eine diplomatische Katastrophe ist, ist nicht nur dem aktuellen politischen Personal zu verdanken. Ein gewisser Gr\u00f6\u00dfenwahn spielte in Westdeutschland gleich nach dem Zweiten Weltkrieg eine wichtige Rolle. Und auch f\u00fcr die Zukunft sieht es d\u00fcster aus. Deutschland steht auf internationaler B\u00fchne f\u00fcr Jahrzehnte isoliert da. Von Tom J. Wellbrock [&hellip;]\" \/>\n<meta property=\"og:url\" content=\"https:\/\/now-news.de\/de\/deutschland\/deutsche-diplomatie-auf-jahrzehnte-in-der-bedeutungslosigkeit\/\" \/>\n<meta property=\"og:site_name\" content=\"just-now.NEWS Deutschland\" \/>\n<meta property=\"article:publisher\" content=\"https:\/\/www.facebook.com\/wirmachenauf\" \/>\n<meta property=\"article:published_time\" content=\"2024-07-22T04:30:09+00:00\" \/>\n<meta property=\"og:image\" content=\"https:\/\/now-news.de\/de\/wp-content\/uploads\/sites\/3\/2024\/07\/6697afb1b480cc65af194112.jpg\" \/>\n<meta name=\"author\" content=\"rtnews\" \/>\n<meta name=\"twitter:card\" content=\"summary_large_image\" \/>\n<meta name=\"twitter:creator\" content=\"@WirMachenAuf_de\" \/>\n<meta name=\"twitter:site\" content=\"@WirMachenAuf_de\" \/>\n<meta name=\"twitter:label1\" content=\"Verfasst von\" \/>\n\t<meta name=\"twitter:data1\" content=\"rtnews\" \/>\n\t<meta name=\"twitter:label2\" content=\"Gesch\u00e4tzte Lesezeit\" \/>\n\t<meta name=\"twitter:data2\" content=\"9\u00a0Minuten\" \/>\n<script type=\"application\/ld+json\" class=\"yoast-schema-graph\">{\"@context\":\"https:\/\/schema.org\",\"@graph\":[{\"@type\":\"Article\",\"@id\":\"https:\/\/now-news.de\/de\/deutschland\/deutsche-diplomatie-auf-jahrzehnte-in-der-bedeutungslosigkeit\/#article\",\"isPartOf\":{\"@id\":\"https:\/\/now-news.de\/de\/deutschland\/deutsche-diplomatie-auf-jahrzehnte-in-der-bedeutungslosigkeit\/\"},\"author\":{\"name\":\"rtnews\",\"@id\":\"https:\/\/now-news.de\/de\/#\/schema\/person\/fb534a4e865501d8b3285208df34a9b5\"},\"headline\":\"Deutsche Diplomatie: Auf Jahrzehnte in der Bedeutungslosigkeit\",\"datePublished\":\"2024-07-22T04:30:09+00:00\",\"dateModified\":\"2024-07-22T04:30:09+00:00\",\"mainEntityOfPage\":{\"@id\":\"https:\/\/now-news.de\/de\/deutschland\/deutsche-diplomatie-auf-jahrzehnte-in-der-bedeutungslosigkeit\/\"},\"wordCount\":1875,\"commentCount\":0,\"publisher\":{\"@id\":\"https:\/\/now-news.de\/de\/#organization\"},\"image\":{\"@id\":\"https:\/\/now-news.de\/de\/deutschland\/deutsche-diplomatie-auf-jahrzehnte-in-der-bedeutungslosigkeit\/#primaryimage\"},\"thumbnailUrl\":\"https:\/\/now-news.de\/de\/wp-content\/uploads\/sites\/3\/2024\/07\/Deutsche-Diplomatie-Auf-Jahrzehnte-in-der-Bedeutungslosigkeit.jpg\",\"keywords\":[\"AUF\",\"Bedeutungslosigkeit\",\"der\",\"Deutsche\",\"Diplomatie\",\"Jahrzehnte\"],\"articleSection\":[\"Deutschland\",\"Russland\"],\"inLanguage\":\"de\",\"potentialAction\":[{\"@type\":\"CommentAction\",\"name\":\"Comment\",\"target\":[\"https:\/\/now-news.de\/de\/deutschland\/deutsche-diplomatie-auf-jahrzehnte-in-der-bedeutungslosigkeit\/#respond\"]}]},{\"@type\":\"WebPage\",\"@id\":\"https:\/\/now-news.de\/de\/deutschland\/deutsche-diplomatie-auf-jahrzehnte-in-der-bedeutungslosigkeit\/\",\"url\":\"https:\/\/now-news.de\/de\/deutschland\/deutsche-diplomatie-auf-jahrzehnte-in-der-bedeutungslosigkeit\/\",\"name\":\"Deutsche Diplomatie: Auf Jahrzehnte in der Bedeutungslosigkeit - just-now.NEWS Deutschland\",\"isPartOf\":{\"@id\":\"https:\/\/now-news.de\/de\/#website\"},\"primaryImageOfPage\":{\"@id\":\"https:\/\/now-news.de\/de\/deutschland\/deutsche-diplomatie-auf-jahrzehnte-in-der-bedeutungslosigkeit\/#primaryimage\"},\"image\":{\"@id\":\"https:\/\/now-news.de\/de\/deutschland\/deutsche-diplomatie-auf-jahrzehnte-in-der-bedeutungslosigkeit\/#primaryimage\"},\"thumbnailUrl\":\"https:\/\/now-news.de\/de\/wp-content\/uploads\/sites\/3\/2024\/07\/Deutsche-Diplomatie-Auf-Jahrzehnte-in-der-Bedeutungslosigkeit.jpg\",\"datePublished\":\"2024-07-22T04:30:09+00:00\",\"dateModified\":\"2024-07-22T04:30:09+00:00\",\"breadcrumb\":{\"@id\":\"https:\/\/now-news.de\/de\/deutschland\/deutsche-diplomatie-auf-jahrzehnte-in-der-bedeutungslosigkeit\/#breadcrumb\"},\"inLanguage\":\"de\",\"potentialAction\":[{\"@type\":\"ReadAction\",\"target\":[\"https:\/\/now-news.de\/de\/deutschland\/deutsche-diplomatie-auf-jahrzehnte-in-der-bedeutungslosigkeit\/\"]}]},{\"@type\":\"ImageObject\",\"inLanguage\":\"de\",\"@id\":\"https:\/\/now-news.de\/de\/deutschland\/deutsche-diplomatie-auf-jahrzehnte-in-der-bedeutungslosigkeit\/#primaryimage\",\"url\":\"https:\/\/now-news.de\/de\/wp-content\/uploads\/sites\/3\/2024\/07\/Deutsche-Diplomatie-Auf-Jahrzehnte-in-der-Bedeutungslosigkeit.jpg\",\"contentUrl\":\"https:\/\/now-news.de\/de\/wp-content\/uploads\/sites\/3\/2024\/07\/Deutsche-Diplomatie-Auf-Jahrzehnte-in-der-Bedeutungslosigkeit.jpg\",\"width\":460,\"height\":259,\"caption\":\"Deutsche Diplomatie: Auf Jahrzehnte in der Bedeutungslosigkeit\"},{\"@type\":\"BreadcrumbList\",\"@id\":\"https:\/\/now-news.de\/de\/deutschland\/deutsche-diplomatie-auf-jahrzehnte-in-der-bedeutungslosigkeit\/#breadcrumb\",\"itemListElement\":[{\"@type\":\"ListItem\",\"position\":1,\"name\":\"Home\",\"item\":\"https:\/\/now-news.de\/de\/\"},{\"@type\":\"ListItem\",\"position\":2,\"name\":\"Deutsche Diplomatie: Auf Jahrzehnte in der Bedeutungslosigkeit\"}]},{\"@type\":\"WebSite\",\"@id\":\"https:\/\/now-news.de\/de\/#website\",\"url\":\"https:\/\/now-news.de\/de\/\",\"name\":\"just-now.NEWS Deutschland\",\"description\":\"Das Portal f\u00fcr unzensierte Nachrichten aus der Welt\",\"publisher\":{\"@id\":\"https:\/\/now-news.de\/de\/#organization\"},\"potentialAction\":[{\"@type\":\"SearchAction\",\"target\":{\"@type\":\"EntryPoint\",\"urlTemplate\":\"https:\/\/now-news.de\/de\/?s={search_term_string}\"},\"query-input\":\"required name=search_term_string\"}],\"inLanguage\":\"de\"},{\"@type\":\"Organization\",\"@id\":\"https:\/\/now-news.de\/de\/#organization\",\"name\":\"Just Now News\",\"url\":\"https:\/\/now-news.de\/de\/\",\"logo\":{\"@type\":\"ImageObject\",\"inLanguage\":\"de\",\"@id\":\"https:\/\/now-news.de\/de\/#\/schema\/logo\/image\/\",\"url\":\"http:\/\/just-now.news\/de\/wp-content\/uploads\/sites\/3\/2022\/04\/logo500x500.jpg\",\"contentUrl\":\"http:\/\/just-now.news\/de\/wp-content\/uploads\/sites\/3\/2022\/04\/logo500x500.jpg\",\"width\":500,\"height\":500,\"caption\":\"Just Now News\"},\"image\":{\"@id\":\"https:\/\/now-news.de\/de\/#\/schema\/logo\/image\/\"},\"sameAs\":[\"https:\/\/www.facebook.com\/wirmachenauf\",\"https:\/\/x.com\/WirMachenAuf_de\"]},{\"@type\":\"Person\",\"@id\":\"https:\/\/now-news.de\/de\/#\/schema\/person\/fb534a4e865501d8b3285208df34a9b5\",\"name\":\"rtnews\",\"image\":{\"@type\":\"ImageObject\",\"inLanguage\":\"de\",\"@id\":\"https:\/\/now-news.de\/de\/#\/schema\/person\/image\/\",\"url\":\"https:\/\/secure.gravatar.com\/avatar\/82aafea7d8127119dd649515f56e2117?s=96&d=mm&r=g\",\"contentUrl\":\"https:\/\/secure.gravatar.com\/avatar\/82aafea7d8127119dd649515f56e2117?s=96&d=mm&r=g\",\"caption\":\"rtnews\"},\"url\":\"https:\/\/now-news.de\/de\/author\/rnews\/\"}]}<\/script>\n<!-- \/ Yoast SEO Premium plugin. -->","yoast_head_json":{"title":"Deutsche Diplomatie: Auf Jahrzehnte in der Bedeutungslosigkeit - just-now.NEWS Deutschland","robots":{"index":"index","follow":"follow","max-snippet":"max-snippet:-1","max-image-preview":"max-image-preview:large","max-video-preview":"max-video-preview:-1"},"canonical":"https:\/\/now-news.de\/de\/deutschland\/deutsche-diplomatie-auf-jahrzehnte-in-der-bedeutungslosigkeit\/","og_locale":"de_DE","og_type":"article","og_title":"Deutsche Diplomatie: Auf Jahrzehnte in der Bedeutungslosigkeit","og_description":"Die Tatsache, dass die deutsche Politik eine diplomatische Katastrophe ist, ist nicht nur dem aktuellen politischen Personal zu verdanken. Ein gewisser Gr\u00f6\u00dfenwahn spielte in Westdeutschland gleich nach dem Zweiten Weltkrieg eine wichtige Rolle. Und auch f\u00fcr die Zukunft sieht es d\u00fcster aus. Deutschland steht auf internationaler B\u00fchne f\u00fcr Jahrzehnte isoliert da. Von Tom J. Wellbrock [&hellip;]","og_url":"https:\/\/now-news.de\/de\/deutschland\/deutsche-diplomatie-auf-jahrzehnte-in-der-bedeutungslosigkeit\/","og_site_name":"just-now.NEWS Deutschland","article_publisher":"https:\/\/www.facebook.com\/wirmachenauf","article_published_time":"2024-07-22T04:30:09+00:00","og_image":[{"url":"https:\/\/now-news.de\/de\/wp-content\/uploads\/sites\/3\/2024\/07\/6697afb1b480cc65af194112.jpg"}],"author":"rtnews","twitter_card":"summary_large_image","twitter_creator":"@WirMachenAuf_de","twitter_site":"@WirMachenAuf_de","twitter_misc":{"Verfasst von":"rtnews","Gesch\u00e4tzte Lesezeit":"9\u00a0Minuten"},"schema":{"@context":"https:\/\/schema.org","@graph":[{"@type":"Article","@id":"https:\/\/now-news.de\/de\/deutschland\/deutsche-diplomatie-auf-jahrzehnte-in-der-bedeutungslosigkeit\/#article","isPartOf":{"@id":"https:\/\/now-news.de\/de\/deutschland\/deutsche-diplomatie-auf-jahrzehnte-in-der-bedeutungslosigkeit\/"},"author":{"name":"rtnews","@id":"https:\/\/now-news.de\/de\/#\/schema\/person\/fb534a4e865501d8b3285208df34a9b5"},"headline":"Deutsche Diplomatie: Auf Jahrzehnte in der Bedeutungslosigkeit","datePublished":"2024-07-22T04:30:09+00:00","dateModified":"2024-07-22T04:30:09+00:00","mainEntityOfPage":{"@id":"https:\/\/now-news.de\/de\/deutschland\/deutsche-diplomatie-auf-jahrzehnte-in-der-bedeutungslosigkeit\/"},"wordCount":1875,"commentCount":0,"publisher":{"@id":"https:\/\/now-news.de\/de\/#organization"},"image":{"@id":"https:\/\/now-news.de\/de\/deutschland\/deutsche-diplomatie-auf-jahrzehnte-in-der-bedeutungslosigkeit\/#primaryimage"},"thumbnailUrl":"https:\/\/now-news.de\/de\/wp-content\/uploads\/sites\/3\/2024\/07\/Deutsche-Diplomatie-Auf-Jahrzehnte-in-der-Bedeutungslosigkeit.jpg","keywords":["AUF","Bedeutungslosigkeit","der","Deutsche","Diplomatie","Jahrzehnte"],"articleSection":["Deutschland","Russland"],"inLanguage":"de","potentialAction":[{"@type":"CommentAction","name":"Comment","target":["https:\/\/now-news.de\/de\/deutschland\/deutsche-diplomatie-auf-jahrzehnte-in-der-bedeutungslosigkeit\/#respond"]}]},{"@type":"WebPage","@id":"https:\/\/now-news.de\/de\/deutschland\/deutsche-diplomatie-auf-jahrzehnte-in-der-bedeutungslosigkeit\/","url":"https:\/\/now-news.de\/de\/deutschland\/deutsche-diplomatie-auf-jahrzehnte-in-der-bedeutungslosigkeit\/","name":"Deutsche Diplomatie: Auf Jahrzehnte in der Bedeutungslosigkeit - just-now.NEWS Deutschland","isPartOf":{"@id":"https:\/\/now-news.de\/de\/#website"},"primaryImageOfPage":{"@id":"https:\/\/now-news.de\/de\/deutschland\/deutsche-diplomatie-auf-jahrzehnte-in-der-bedeutungslosigkeit\/#primaryimage"},"image":{"@id":"https:\/\/now-news.de\/de\/deutschland\/deutsche-diplomatie-auf-jahrzehnte-in-der-bedeutungslosigkeit\/#primaryimage"},"thumbnailUrl":"https:\/\/now-news.de\/de\/wp-content\/uploads\/sites\/3\/2024\/07\/Deutsche-Diplomatie-Auf-Jahrzehnte-in-der-Bedeutungslosigkeit.jpg","datePublished":"2024-07-22T04:30:09+00:00","dateModified":"2024-07-22T04:30:09+00:00","breadcrumb":{"@id":"https:\/\/now-news.de\/de\/deutschland\/deutsche-diplomatie-auf-jahrzehnte-in-der-bedeutungslosigkeit\/#breadcrumb"},"inLanguage":"de","potentialAction":[{"@type":"ReadAction","target":["https:\/\/now-news.de\/de\/deutschland\/deutsche-diplomatie-auf-jahrzehnte-in-der-bedeutungslosigkeit\/"]}]},{"@type":"ImageObject","inLanguage":"de","@id":"https:\/\/now-news.de\/de\/deutschland\/deutsche-diplomatie-auf-jahrzehnte-in-der-bedeutungslosigkeit\/#primaryimage","url":"https:\/\/now-news.de\/de\/wp-content\/uploads\/sites\/3\/2024\/07\/Deutsche-Diplomatie-Auf-Jahrzehnte-in-der-Bedeutungslosigkeit.jpg","contentUrl":"https:\/\/now-news.de\/de\/wp-content\/uploads\/sites\/3\/2024\/07\/Deutsche-Diplomatie-Auf-Jahrzehnte-in-der-Bedeutungslosigkeit.jpg","width":460,"height":259,"caption":"Deutsche Diplomatie: Auf Jahrzehnte in der Bedeutungslosigkeit"},{"@type":"BreadcrumbList","@id":"https:\/\/now-news.de\/de\/deutschland\/deutsche-diplomatie-auf-jahrzehnte-in-der-bedeutungslosigkeit\/#breadcrumb","itemListElement":[{"@type":"ListItem","position":1,"name":"Home","item":"https:\/\/now-news.de\/de\/"},{"@type":"ListItem","position":2,"name":"Deutsche Diplomatie: Auf Jahrzehnte in der Bedeutungslosigkeit"}]},{"@type":"WebSite","@id":"https:\/\/now-news.de\/de\/#website","url":"https:\/\/now-news.de\/de\/","name":"just-now.NEWS Deutschland","description":"Das Portal f\u00fcr unzensierte Nachrichten aus der Welt","publisher":{"@id":"https:\/\/now-news.de\/de\/#organization"},"potentialAction":[{"@type":"SearchAction","target":{"@type":"EntryPoint","urlTemplate":"https:\/\/now-news.de\/de\/?s={search_term_string}"},"query-input":"required name=search_term_string"}],"inLanguage":"de"},{"@type":"Organization","@id":"https:\/\/now-news.de\/de\/#organization","name":"Just Now News","url":"https:\/\/now-news.de\/de\/","logo":{"@type":"ImageObject","inLanguage":"de","@id":"https:\/\/now-news.de\/de\/#\/schema\/logo\/image\/","url":"http:\/\/just-now.news\/de\/wp-content\/uploads\/sites\/3\/2022\/04\/logo500x500.jpg","contentUrl":"http:\/\/just-now.news\/de\/wp-content\/uploads\/sites\/3\/2022\/04\/logo500x500.jpg","width":500,"height":500,"caption":"Just Now News"},"image":{"@id":"https:\/\/now-news.de\/de\/#\/schema\/logo\/image\/"},"sameAs":["https:\/\/www.facebook.com\/wirmachenauf","https:\/\/x.com\/WirMachenAuf_de"]},{"@type":"Person","@id":"https:\/\/now-news.de\/de\/#\/schema\/person\/fb534a4e865501d8b3285208df34a9b5","name":"rtnews","image":{"@type":"ImageObject","inLanguage":"de","@id":"https:\/\/now-news.de\/de\/#\/schema\/person\/image\/","url":"https:\/\/secure.gravatar.com\/avatar\/82aafea7d8127119dd649515f56e2117?s=96&d=mm&r=g","contentUrl":"https:\/\/secure.gravatar.com\/avatar\/82aafea7d8127119dd649515f56e2117?s=96&d=mm&r=g","caption":"rtnews"},"url":"https:\/\/now-news.de\/de\/author\/rnews\/"}]}},"_links":{"self":[{"href":"https:\/\/now-news.de\/de\/wp-json\/wp\/v2\/posts\/65226"}],"collection":[{"href":"https:\/\/now-news.de\/de\/wp-json\/wp\/v2\/posts"}],"about":[{"href":"https:\/\/now-news.de\/de\/wp-json\/wp\/v2\/types\/post"}],"author":[{"embeddable":true,"href":"https:\/\/now-news.de\/de\/wp-json\/wp\/v2\/users\/3"}],"replies":[{"embeddable":true,"href":"https:\/\/now-news.de\/de\/wp-json\/wp\/v2\/comments?post=65226"}],"version-history":[{"count":0,"href":"https:\/\/now-news.de\/de\/wp-json\/wp\/v2\/posts\/65226\/revisions"}],"wp:featuredmedia":[{"embeddable":true,"href":"https:\/\/now-news.de\/de\/wp-json\/wp\/v2\/media\/65227"}],"wp:attachment":[{"href":"https:\/\/now-news.de\/de\/wp-json\/wp\/v2\/media?parent=65226"}],"wp:term":[{"taxonomy":"category","embeddable":true,"href":"https:\/\/now-news.de\/de\/wp-json\/wp\/v2\/categories?post=65226"},{"taxonomy":"post_tag","embeddable":true,"href":"https:\/\/now-news.de\/de\/wp-json\/wp\/v2\/tags?post=65226"}],"curies":[{"name":"wp","href":"https:\/\/api.w.org\/{rel}","templated":true}]}}