{"id":65220,"date":"2024-07-21T21:40:02","date_gmt":"2024-07-21T19:40:02","guid":{"rendered":"https:\/\/now-news.de\/de\/deutschland\/us-affaeren-fuehren-zu-raketenwettlauf-in-europa-und-asien\/"},"modified":"2024-07-21T21:40:02","modified_gmt":"2024-07-21T19:40:02","slug":"us-affaeren-fuehren-zu-raketenwettlauf-in-europa-und-asien","status":"publish","type":"post","link":"https:\/\/now-news.de\/de\/deutschland\/us-affaeren-fuehren-zu-raketenwettlauf-in-europa-und-asien\/","title":{"rendered":"US-Aff\u00e4ren f\u00fchren zu Raketenwettlauf in Europa und Asien"},"content":{"rendered":"<p><img decoding=\"async\" src=\"https:\/\/now-news.de\/de\/wp-content\/uploads\/sites\/3\/2024\/07\/669d01acb480cc3d450d484f.jpg\" \/><\/p>\n<div class=\"Text-root Text-type_1 \">\n                Washington f\u00fcrchtet die m\u00f6gliche Reaktion Moskaus auf die Stationierung US-amerikanischer &#8220;Euro-Raketen&#8221; in Deutschland. Dar\u00fcber hinaus beschlossen gleich vier EU-L\u00e4nder, Raketen einer \u00e4hnlichen Klasse zu entwickeln. Was k\u00f6nnte dies in der Praxis bedeuten?\n            <\/div>\n<p><\/p>\n<div class=\"Text-root Text-type_5 ArticleView-text ViewText-root \">\n<p><em>Von Rafael Fachrutdinow<\/em><\/p>\n<p>Die US-Beh\u00f6rden sind besorgt \u00fcber eine m\u00f6gliche Reaktion Russlands auf die Stationierung von US-Langstreckenraketen in Deutschland. Dies erkl\u00e4rte der stellvertretende Vertreter des Au\u00dfenministeriums Vedant Patel. Er versprach au\u00dferdem, dass die USA das russische Vorgehen in Bezug auf Mittel- und Kurzstreckenraketen im Auge behalten w\u00fcrden.<\/p>\n<p>Zugleich schloss der stellvertretende Au\u00dfenminister Russlands, Sergei Rjabkow, die Stationierung von nuklearf\u00e4higen Raketen als Reaktion auf das Vorgehen der USA in Deutschland nicht aus. Er versicherte:<\/p>\n<blockquote>\n<p><em>&#8220;Wenn Vertreter der BRD-Regierung es f\u00fcr gerechtfertigt halten, unter dem Vorwand, dass wir gerade <\/em><em>was <\/em><em>im Kaliningrader Gebiet haben, Eskalationsma\u00dfnahmen einzuleiten, wird Moskau mit Ausgleichsma\u00dfnahmen so reagieren, wie es das f\u00fcr richtig h\u00e4lt.&#8221;<\/em><\/p>\n<\/blockquote>\n<p>Wie die Zeitung <em>Wsgljad<\/em> bereits berichtete, wollen die USA im Jahr 2026 mit der Stationierung von Mittel- und Kurzstreckenraketen in Deutschland beginnen. Dazu geh\u00f6ren SM-6-Flugabwehrraketen, Tomahawk-Marschflugk\u00f6rper und experimentelle Hyperschallwaffen. Dar\u00fcber hinaus haben sich vier EU-L\u00e4nder auf eine eigene Entwicklung von Mittel- und Kurzstreckenraketen geeinigt: Frankreich, Deutschland, Italien und Polen geh\u00f6ren dazu.<\/p>\n<p>Gleichzeitig best\u00e4tigte der russische Pr\u00e4sident Wladimir Putin Anfang Juli, dass Moskau bereit sei, im Falle der Stationierung von US-Mittel- und Kurzstreckenraketen in einer beliebigen Region der Welt entsprechend zu reagieren. Er erkl\u00e4rte auch die Bereitschaft Russlands, mit der Produktion von Raketen der einschl\u00e4gigen Klasse zu beginnen. &#8220;Wir haben die entsprechenden Anweisungen an die Industrie im Prinzip bereits erteilt&#8221;, sagte er.<\/p>\n<p>Experten weisen auf die Tatsache hin, dass die USA nach eigenen Angaben die Stationierung von Angriffsmitteln &#8220;in nicht-nuklearer Ausr\u00fcstung&#8221; planen. Die Autoren des Telegram-Kanals <em>Wsgljad tscheloweka w lampassach<\/em> (zu Deutsch: Der Standpunkt eines Mannes in Hosenstreifen) erinnern:<\/p>\n<blockquote>\n<p><em>&#8220;Diese Pr\u00e4zisierung ist bemerkenswert. Die urspr\u00fcnglichen sowjetischen und US-amerikanischen Konzepte f\u00fcr den Einsatz dieses Waffentyps sahen die Ausr\u00fcstung mit Spezialmunition vor. Mittel- und Kurzstreckenraketen sollten automatisch mit nuklearen Sprengk\u00f6pfen mit einer Sprengkraft von einigen Kilotonnen bis zu einer Megatonne oder mehr ausgestattet sein.&#8221; \u00a0<\/em><\/p>\n<\/blockquote>\n<p>Die Analysten merken an:<\/p>\n<blockquote>\n<p><em>&#8220;Das ist, wenn man so will, ihre nat\u00fcrliche, organische Form. Nur in dieser Form entfalten sie ihre wahre Wirksamkeit auf dem Schlachtfeld. Sie sind f\u00fcr diesen Zweck konzipiert und nicht, um 400 Kilogramm konventionelles TNT zum r\u00fcckw\u00e4rtigen Flugplatz des Gegners zu tragen.&#8221;<\/em><\/p>\n<\/blockquote>\n<p>Die Experten schlussfolgern:<\/p>\n<blockquote>\n<p><em>&#8220;Das bedeutet, dass sowohl die USA als auch Europa, die Pl\u00e4ne f\u00fcr eine massive Wiedereinf\u00fchrung landgest\u00fctzter Langstreckenraketen gegen Russland verk\u00fcnden, aus milit\u00e4rischer Sicht meinen, diese Waffen mit thermonuklearen Sprengk\u00f6pfen auszustatten. Ja, wahrscheinlich nicht sofort, aber auf lange Sicht. Ja, vielleicht nur als letzte Auswahl. Aber genau darauf steuert es zu.&#8221;<\/em><\/p>\n<\/blockquote>\n<p>Dies wirft eine weitere wichtige Frage auf, n\u00e4mlich: Wo (au\u00dfer in Deutschland) k\u00f6nnen die NATO-Staaten neue Raketen stationieren? Betrachtet man die sowjetisch-amerikanischen Erfahrungen, so stationierte Washington w\u00e4hrend des Kalten Krieges Raketen der entsprechenden Klasse in Gro\u00dfbritannien, Deutschland, Belgien und den Niederlanden, w\u00e4hrend Moskau sie in der DDR und der Tschechoslowakei stationierte.<\/p>\n<p>Als die Parteien dann 1987 den INF-Vertrag \u00fcber die Vernichtung aller landgest\u00fctzten Flugk\u00f6rper mit mittlerer und k\u00fcrzerer Reichweite unterzeichneten, stellte die UdSSR mehr als doppelt so viele Raketen wie die USA (1.846 gegen 846), fast dreimal so viele Abschussrampen (825 gegen 289) und fast siebenmal so viele Raketenbasen (69 gegen 9) au\u00dfer Dienst. Im Jahr 2019 zogen sich die Vereinigten Staaten jedoch aus dem INF-Vertrag zur\u00fcck, und das Thema &#8220;Euro-Raketen&#8221; kehrte auf die geopolitische Agenda zur\u00fcck. W\u00e4hrend die Amerikaner ihre Fristen bereits festgelegt haben, stehen die Europ\u00e4er erst am Anfang dieses Weges.<\/p>\n<p>Alexei Anpilogow, Milit\u00e4rexperte und Pr\u00e4sident der Stiftung zur F\u00f6rderung der wissenschaftlichen Forschung und Entwicklung ziviler Initiativen Osnowanije, \u00e4u\u00dferte sich dazu wie folgt:<\/p>\n<blockquote>\n<p><em>&#8220;Nehmen wir zum Beispiel die Erfahrungen bei der gemeinsamen Entwicklung des Marschflugk\u00f6rpers Storm Shadow\/SCALP durch Gro\u00dfbritannien und Frankreich. Damals dauerte allein die Entwicklungsarbeit etwa f\u00fcnf Jahre. Dann folgten weitere f\u00fcnf Jahre der Erprobung. Man muss beachten, dass dies in den 1990er Jahren war, als die Milit\u00e4rbudgets vieler L\u00e4nder vor dem Hintergrund des Zusammenbruchs der UdSSR gek\u00fcrzt wurden.&#8221;<\/em><\/p>\n<\/blockquote>\n<p>Die gleiche Frist habe gegolten, als Deutschland und Schweden den Taurus-Marschflugk\u00f6rper entwickelt h\u00e4tten, meint der Experte. &#8220;Die Bundeswehr bezahlte deutsche Unternehmen f\u00fcr die Herstellung der Raketen und erhielt sie praktisch in zehn Jahren. Daher werden die von Deutschland, Frankreich, Italien und Polen entwickelten Raketen fr\u00fchestens in zehn Jahren auf russisches Territorium gerichtet sein&#8221;, prognostizierte er. Der Analytiker merkte an:<\/p>\n<blockquote>\n<p><em>&#8220;W\u00e4hrend Deutschland und Frankreich \u00fcber gen\u00fcgend Technologie und Personal verf\u00fcgen, um Mittel- und Kurzstreckenraketen zu entwickeln und zu produzieren, hat Polen zum Beispiel in seiner Geschichte nur sowjetische Raketen unter Lizenz hergestellt. Das ist schon lange her \u2013 aus der Zeit der Volksrepublik Polen. Jetzt kauft Polen seine AHS Krab Selbstfahrlafette sogar in Teilst\u00fccken von Gro\u00dfbritannien, Korea und der Slowakei. Es k\u00f6nnte ein Gebiet f\u00fcr die Stationierung k\u00fcnftiger Mittel- und Kurzstreckenraketen werden.&#8221;<\/em><\/p>\n<\/blockquote>\n<p>Was die USA betreffe, so sei die Abschussrampe f\u00fcr den Typhon-Komplex k\u00fcrzlich \u00fcber eine Luftbr\u00fccke von Amerika auf die Philippinen transportiert worden. &#8220;Sie ist aeromobil und kann leicht um die Welt transportiert werden. Es handelt sich im Grunde um ein auf R\u00e4der gestelltes Double der Senkrechtstartanlage Mk 41, die beispielsweise auf US-Zerst\u00f6rern im Rahmen des Aegis-Systems eingesetzt wird. Die USA k\u00f6nnen die Typhons in die BRD verlegen und dort mit SM-6 oder Tomahawks ausr\u00fcsten&#8221;, so die \u00dcberlegung des Gespr\u00e4chspartners. Weiter hie\u00df es:<\/p>\n<blockquote>\n<p><em>&#8220;Es sieht auch so aus, als w\u00fcrden die USA LRHW \u2013 Long-Range Hypersonic Weapon \u2013 Hyperschallraketen mit gro\u00dfer Reichweite in Deutschland stationieren. Das ist die Rakete, die von einem B-52-Bomber aus getestet wurde. Man geht davon aus, dass es sich um eine Art Analogie zu unserer Kinschal handelt.&#8221;<\/em><\/p>\n<\/blockquote>\n<p>Der Experte f\u00fcgte hinzu, dass \u00fcberdies Mittel- und Kurzstreckenraketen in Rum\u00e4nien eingesetzt werden k\u00f6nnten \u2013 nach der gleichen Logik wie EuroPRO, f\u00fcr das die gleichen Mk-41-Anlagen verwendet w\u00fcrden. Abf\u00e4nger dieses Systems seien in Polen und Rum\u00e4nien im Einsatz. Was den Umfang der westlichen Mittel- und Kurzstreckenraketen-Produktion betreffe, so werde dieser nicht geringer sein als zu Zeiten des Kalten Krieges, und dies allein schon deshalb, weil sich die Luftverteidigungskapazit\u00e4ten unserer Seite vervielfacht h\u00e4tten. Der Fachmann weiter:<\/p>\n<blockquote>\n<p><em>&#8220;Nun zu Asien. Die Sowjetunion wollte Pioner-Komplexe jenseits des Urals stationieren. Dies stie\u00df jedoch auf den Unmut Japans und Chinas, sodass Moskau von diesem Schritt Abstand nahm. Gleichzeitig wurde der INF-Vertrag als Goldstandard f\u00fcr andere \u00e4hnliche Abkommen verwendet. Der R\u00fcckzug der USA aus dem Vertrag und ihre Aff\u00e4ren in Europa brachten die internationale Sicherheitsarchitektur zum Einsturz und f\u00fchrten zu einem Raketenwettlauf in Asien.&#8221;<\/em><\/p>\n<\/blockquote>\n<p>Nach Angaben des Experten entwickeln Japan und S\u00fcdkorea bereits Raketen mit einer Reichweite von 1.500 Kilometern, was f\u00fcr sie \u2013 angesichts der N\u00e4he zu potenziellen Gegnern \u2013 &#8220;\u00fcberm\u00e4\u00dfig ist&#8221;. Es gehe dabei um die Schwellen-Nuklearm\u00e4chte, die die F\u00e4higkeit h\u00e4tten, in den n\u00e4chsten f\u00fcnf bis zehn Jahren Atomwaffen zu entwickeln. Hinzu k\u00e4men Pakistan, Indien, die DVRK und die Volksrepublik China \u2013 die offiziellen Atomm\u00e4chte. Das Ergebnis sei &#8220;ein s\u00fcdasiatisches Pulverfass&#8221;, so der Experte. Zusammenfassend erkl\u00e4rte Anpilogow:<\/p>\n<blockquote>\n<p><em>&#8220;Was hat diese Situation mit der Gefahr f\u00fcr Russland zu tun? Die russischen Streitkr\u00e4fte haben Bastion-Raketen auf der Kurileninsel Matua stationiert. Sie versto\u00dfen formal nicht gegen den INF-Vertrag. Aber wir k\u00f6nnen dort auch Iskanders stationieren, deren Marschflugk\u00f6rper in Mittelstreckenraketen umgewandelt werden k\u00f6nnen. Das ist nur eine Frage von ein paar Monaten. Auf diese Weise haben wir die H\u00e4lfte des japanischen Territoriums im Visier. Andere Gebiete in Asien sind f\u00fcr uns noch nicht so relevant.&#8221;<\/em><\/p>\n<\/blockquote>\n<p><em>\u00dcbersetzt aus dem <\/em><a rel=\"nofollow noopener\" target=\"_blank\" href=\"https:\/\/m.vz.ru\/world\/2024\/7\/20\/1278307.html\"><em>Russischen<\/em><\/a><em> und zuerst in der Zeitung Wsgljad erschienen am 20. Juli 2024.<\/em><\/p>\n<p>Rafael Fachrutdinow ist ein russischer Journalist.<\/p>\n<p><strong>Mehr zum Thema<\/strong> \u2013 <a rel=\"nofollow noopener\" target=\"_blank\" href=\"https:\/\/freedert.online\/europa\/212220-russlands-konstruktionshinterzimmer-gibt-antwort-auf\/\">Russlands &#8220;Konstruktionshinterzimmer&#8221; gibt die Antwort auf neue Raketen in Europa<\/a><\/p>\n<div class=\"EmbedBlock-root EmbedBlock-externalVideo EmbedBlock-vk\">\n<div class=\"VkEmbed\"><iframe class=\"lazyload\" data-src=\"https:\/\/vk.com\/video_ext.php?oid=-134310637&amp;id=456278437\" frameborder=\"0\" width=\"853\" height=\"480\" allowfullscreen><\/iframe><\/div>\n<\/div>\n<\/div>\n<p><br \/>\n<br \/><a href=\"https:\/\/de.rt.com\/international\/213090-us-affaeren-verursachten-raketenwettlauf-in-europa-und-asien\/\">Source link <\/a><\/p>\n","protected":false},"excerpt":{"rendered":"<p>Washington f\u00fcrchtet die m\u00f6gliche Reaktion Moskaus auf die Stationierung US-amerikanischer &#8220;Euro-Raketen&#8221; in Deutschland. Dar\u00fcber hinaus beschlossen gleich vier EU-L\u00e4nder, Raketen einer \u00e4hnlichen Klasse zu entwickeln. Was k\u00f6nnte dies in der Praxis bedeuten? Von Rafael Fachrutdinow Die US-Beh\u00f6rden sind besorgt \u00fcber eine m\u00f6gliche Reaktion Russlands auf die Stationierung von US-Langstreckenraketen in Deutschland. Dies erkl\u00e4rte der stellvertretende [&hellip;]<\/p>\n","protected":false},"author":3,"featured_media":65221,"comment_status":"open","ping_status":"open","sticky":false,"template":"","format":"standard","meta":{"_yoast_indexnow_last_ping":["1721591417"],"wp_automatic_camp":["217"],"9efad093619e3589c20ec2fb9800935b":["US-Aff\u00e4ren f\u00fchren zu Raketenwettlauf in Europa und Asien"],"original_link":["https:\/\/de.rt.com\/international\/213090-us-affaeren-verursachten-raketenwettlauf-in-europa-und-asien\/"],"_thumbnail_id":["65221"],"_wptgpro_p2tg_sent2tg":["a:1:{i:23737;s:19:\"2024-07-21 21:51:19\";}"],"jnews_social_counter_last_update":["1777574711"]},"categories":[19,23],"tags":[6186,1370,1402,56851,140,56850],"yoast_head":"<!-- This site is optimized with the Yoast SEO Premium plugin v22.7 (Yoast SEO v22.7) - https:\/\/yoast.com\/wordpress\/plugins\/seo\/ -->\n<title>US-Aff\u00e4ren f\u00fchren zu Raketenwettlauf in Europa und Asien - just-now.NEWS Deutschland<\/title>\n<meta name=\"robots\" content=\"index, follow, max-snippet:-1, max-image-preview:large, max-video-preview:-1\" \/>\n<link rel=\"canonical\" href=\"https:\/\/now-news.de\/de\/deutschland\/us-affaeren-fuehren-zu-raketenwettlauf-in-europa-und-asien\/\" \/>\n<meta property=\"og:locale\" content=\"de_DE\" \/>\n<meta property=\"og:type\" content=\"article\" \/>\n<meta property=\"og:title\" content=\"US-Aff\u00e4ren f\u00fchren zu Raketenwettlauf in Europa und Asien\" \/>\n<meta property=\"og:description\" content=\"Washington f\u00fcrchtet die m\u00f6gliche Reaktion Moskaus auf die Stationierung US-amerikanischer &#8220;Euro-Raketen&#8221; in Deutschland. Dar\u00fcber hinaus beschlossen gleich vier EU-L\u00e4nder, Raketen einer \u00e4hnlichen Klasse zu entwickeln. Was k\u00f6nnte dies in der Praxis bedeuten? Von Rafael Fachrutdinow Die US-Beh\u00f6rden sind besorgt \u00fcber eine m\u00f6gliche Reaktion Russlands auf die Stationierung von US-Langstreckenraketen in Deutschland. Dies erkl\u00e4rte der stellvertretende [&hellip;]\" \/>\n<meta property=\"og:url\" content=\"https:\/\/now-news.de\/de\/deutschland\/us-affaeren-fuehren-zu-raketenwettlauf-in-europa-und-asien\/\" \/>\n<meta property=\"og:site_name\" content=\"just-now.NEWS Deutschland\" \/>\n<meta property=\"article:publisher\" content=\"https:\/\/www.facebook.com\/wirmachenauf\" \/>\n<meta property=\"article:published_time\" content=\"2024-07-21T19:40:02+00:00\" \/>\n<meta property=\"og:image\" content=\"https:\/\/now-news.de\/de\/wp-content\/uploads\/sites\/3\/2024\/07\/669d01acb480cc3d450d484f.jpg\" \/>\n<meta name=\"author\" content=\"rtnews\" \/>\n<meta name=\"twitter:card\" content=\"summary_large_image\" \/>\n<meta name=\"twitter:creator\" content=\"@WirMachenAuf_de\" \/>\n<meta name=\"twitter:site\" content=\"@WirMachenAuf_de\" \/>\n<meta name=\"twitter:label1\" content=\"Verfasst von\" \/>\n\t<meta name=\"twitter:data1\" content=\"rtnews\" \/>\n\t<meta name=\"twitter:label2\" content=\"Gesch\u00e4tzte Lesezeit\" \/>\n\t<meta name=\"twitter:data2\" content=\"7\u00a0Minuten\" \/>\n<script type=\"application\/ld+json\" class=\"yoast-schema-graph\">{\"@context\":\"https:\/\/schema.org\",\"@graph\":[{\"@type\":\"Article\",\"@id\":\"https:\/\/now-news.de\/de\/deutschland\/us-affaeren-fuehren-zu-raketenwettlauf-in-europa-und-asien\/#article\",\"isPartOf\":{\"@id\":\"https:\/\/now-news.de\/de\/deutschland\/us-affaeren-fuehren-zu-raketenwettlauf-in-europa-und-asien\/\"},\"author\":{\"name\":\"rtnews\",\"@id\":\"https:\/\/now-news.de\/de\/#\/schema\/person\/fb534a4e865501d8b3285208df34a9b5\"},\"headline\":\"US-Aff\u00e4ren f\u00fchren zu Raketenwettlauf in Europa und Asien\",\"datePublished\":\"2024-07-21T19:40:02+00:00\",\"dateModified\":\"2024-07-21T19:40:02+00:00\",\"mainEntityOfPage\":{\"@id\":\"https:\/\/now-news.de\/de\/deutschland\/us-affaeren-fuehren-zu-raketenwettlauf-in-europa-und-asien\/\"},\"wordCount\":1353,\"commentCount\":0,\"publisher\":{\"@id\":\"https:\/\/now-news.de\/de\/#organization\"},\"image\":{\"@id\":\"https:\/\/now-news.de\/de\/deutschland\/us-affaeren-fuehren-zu-raketenwettlauf-in-europa-und-asien\/#primaryimage\"},\"thumbnailUrl\":\"https:\/\/now-news.de\/de\/wp-content\/uploads\/sites\/3\/2024\/07\/US-Affaeren-fuehren-zu-Raketenwettlauf-in-Europa-und-Asien.jpg\",\"keywords\":[\"Asien\",\"Europa\",\"f\u00fchren\",\"Raketenwettlauf\",\"und\",\"USAff\u00e4ren\"],\"articleSection\":[\"Deutschland\",\"Russland\"],\"inLanguage\":\"de\",\"potentialAction\":[{\"@type\":\"CommentAction\",\"name\":\"Comment\",\"target\":[\"https:\/\/now-news.de\/de\/deutschland\/us-affaeren-fuehren-zu-raketenwettlauf-in-europa-und-asien\/#respond\"]}]},{\"@type\":\"WebPage\",\"@id\":\"https:\/\/now-news.de\/de\/deutschland\/us-affaeren-fuehren-zu-raketenwettlauf-in-europa-und-asien\/\",\"url\":\"https:\/\/now-news.de\/de\/deutschland\/us-affaeren-fuehren-zu-raketenwettlauf-in-europa-und-asien\/\",\"name\":\"US-Aff\u00e4ren f\u00fchren zu Raketenwettlauf in Europa und Asien - just-now.NEWS Deutschland\",\"isPartOf\":{\"@id\":\"https:\/\/now-news.de\/de\/#website\"},\"primaryImageOfPage\":{\"@id\":\"https:\/\/now-news.de\/de\/deutschland\/us-affaeren-fuehren-zu-raketenwettlauf-in-europa-und-asien\/#primaryimage\"},\"image\":{\"@id\":\"https:\/\/now-news.de\/de\/deutschland\/us-affaeren-fuehren-zu-raketenwettlauf-in-europa-und-asien\/#primaryimage\"},\"thumbnailUrl\":\"https:\/\/now-news.de\/de\/wp-content\/uploads\/sites\/3\/2024\/07\/US-Affaeren-fuehren-zu-Raketenwettlauf-in-Europa-und-Asien.jpg\",\"datePublished\":\"2024-07-21T19:40:02+00:00\",\"dateModified\":\"2024-07-21T19:40:02+00:00\",\"breadcrumb\":{\"@id\":\"https:\/\/now-news.de\/de\/deutschland\/us-affaeren-fuehren-zu-raketenwettlauf-in-europa-und-asien\/#breadcrumb\"},\"inLanguage\":\"de\",\"potentialAction\":[{\"@type\":\"ReadAction\",\"target\":[\"https:\/\/now-news.de\/de\/deutschland\/us-affaeren-fuehren-zu-raketenwettlauf-in-europa-und-asien\/\"]}]},{\"@type\":\"ImageObject\",\"inLanguage\":\"de\",\"@id\":\"https:\/\/now-news.de\/de\/deutschland\/us-affaeren-fuehren-zu-raketenwettlauf-in-europa-und-asien\/#primaryimage\",\"url\":\"https:\/\/now-news.de\/de\/wp-content\/uploads\/sites\/3\/2024\/07\/US-Affaeren-fuehren-zu-Raketenwettlauf-in-Europa-und-Asien.jpg\",\"contentUrl\":\"https:\/\/now-news.de\/de\/wp-content\/uploads\/sites\/3\/2024\/07\/US-Affaeren-fuehren-zu-Raketenwettlauf-in-Europa-und-Asien.jpg\",\"width\":460,\"height\":259,\"caption\":\"US-Aff\u00e4ren f\u00fchren zu Raketenwettlauf in Europa und Asien\"},{\"@type\":\"BreadcrumbList\",\"@id\":\"https:\/\/now-news.de\/de\/deutschland\/us-affaeren-fuehren-zu-raketenwettlauf-in-europa-und-asien\/#breadcrumb\",\"itemListElement\":[{\"@type\":\"ListItem\",\"position\":1,\"name\":\"Home\",\"item\":\"https:\/\/now-news.de\/de\/\"},{\"@type\":\"ListItem\",\"position\":2,\"name\":\"US-Aff\u00e4ren f\u00fchren zu Raketenwettlauf in Europa und Asien\"}]},{\"@type\":\"WebSite\",\"@id\":\"https:\/\/now-news.de\/de\/#website\",\"url\":\"https:\/\/now-news.de\/de\/\",\"name\":\"just-now.NEWS Deutschland\",\"description\":\"Das Portal f\u00fcr unzensierte Nachrichten aus der Welt\",\"publisher\":{\"@id\":\"https:\/\/now-news.de\/de\/#organization\"},\"potentialAction\":[{\"@type\":\"SearchAction\",\"target\":{\"@type\":\"EntryPoint\",\"urlTemplate\":\"https:\/\/now-news.de\/de\/?s={search_term_string}\"},\"query-input\":\"required name=search_term_string\"}],\"inLanguage\":\"de\"},{\"@type\":\"Organization\",\"@id\":\"https:\/\/now-news.de\/de\/#organization\",\"name\":\"Just Now News\",\"url\":\"https:\/\/now-news.de\/de\/\",\"logo\":{\"@type\":\"ImageObject\",\"inLanguage\":\"de\",\"@id\":\"https:\/\/now-news.de\/de\/#\/schema\/logo\/image\/\",\"url\":\"http:\/\/just-now.news\/de\/wp-content\/uploads\/sites\/3\/2022\/04\/logo500x500.jpg\",\"contentUrl\":\"http:\/\/just-now.news\/de\/wp-content\/uploads\/sites\/3\/2022\/04\/logo500x500.jpg\",\"width\":500,\"height\":500,\"caption\":\"Just Now News\"},\"image\":{\"@id\":\"https:\/\/now-news.de\/de\/#\/schema\/logo\/image\/\"},\"sameAs\":[\"https:\/\/www.facebook.com\/wirmachenauf\",\"https:\/\/x.com\/WirMachenAuf_de\"]},{\"@type\":\"Person\",\"@id\":\"https:\/\/now-news.de\/de\/#\/schema\/person\/fb534a4e865501d8b3285208df34a9b5\",\"name\":\"rtnews\",\"image\":{\"@type\":\"ImageObject\",\"inLanguage\":\"de\",\"@id\":\"https:\/\/now-news.de\/de\/#\/schema\/person\/image\/\",\"url\":\"https:\/\/secure.gravatar.com\/avatar\/82aafea7d8127119dd649515f56e2117?s=96&d=mm&r=g\",\"contentUrl\":\"https:\/\/secure.gravatar.com\/avatar\/82aafea7d8127119dd649515f56e2117?s=96&d=mm&r=g\",\"caption\":\"rtnews\"},\"url\":\"https:\/\/now-news.de\/de\/author\/rnews\/\"}]}<\/script>\n<!-- \/ Yoast SEO Premium plugin. -->","yoast_head_json":{"title":"US-Aff\u00e4ren f\u00fchren zu Raketenwettlauf in Europa und Asien - just-now.NEWS Deutschland","robots":{"index":"index","follow":"follow","max-snippet":"max-snippet:-1","max-image-preview":"max-image-preview:large","max-video-preview":"max-video-preview:-1"},"canonical":"https:\/\/now-news.de\/de\/deutschland\/us-affaeren-fuehren-zu-raketenwettlauf-in-europa-und-asien\/","og_locale":"de_DE","og_type":"article","og_title":"US-Aff\u00e4ren f\u00fchren zu Raketenwettlauf in Europa und Asien","og_description":"Washington f\u00fcrchtet die m\u00f6gliche Reaktion Moskaus auf die Stationierung US-amerikanischer &#8220;Euro-Raketen&#8221; in Deutschland. Dar\u00fcber hinaus beschlossen gleich vier EU-L\u00e4nder, Raketen einer \u00e4hnlichen Klasse zu entwickeln. Was k\u00f6nnte dies in der Praxis bedeuten? Von Rafael Fachrutdinow Die US-Beh\u00f6rden sind besorgt \u00fcber eine m\u00f6gliche Reaktion Russlands auf die Stationierung von US-Langstreckenraketen in Deutschland. Dies erkl\u00e4rte der stellvertretende [&hellip;]","og_url":"https:\/\/now-news.de\/de\/deutschland\/us-affaeren-fuehren-zu-raketenwettlauf-in-europa-und-asien\/","og_site_name":"just-now.NEWS Deutschland","article_publisher":"https:\/\/www.facebook.com\/wirmachenauf","article_published_time":"2024-07-21T19:40:02+00:00","og_image":[{"url":"https:\/\/now-news.de\/de\/wp-content\/uploads\/sites\/3\/2024\/07\/669d01acb480cc3d450d484f.jpg"}],"author":"rtnews","twitter_card":"summary_large_image","twitter_creator":"@WirMachenAuf_de","twitter_site":"@WirMachenAuf_de","twitter_misc":{"Verfasst von":"rtnews","Gesch\u00e4tzte Lesezeit":"7\u00a0Minuten"},"schema":{"@context":"https:\/\/schema.org","@graph":[{"@type":"Article","@id":"https:\/\/now-news.de\/de\/deutschland\/us-affaeren-fuehren-zu-raketenwettlauf-in-europa-und-asien\/#article","isPartOf":{"@id":"https:\/\/now-news.de\/de\/deutschland\/us-affaeren-fuehren-zu-raketenwettlauf-in-europa-und-asien\/"},"author":{"name":"rtnews","@id":"https:\/\/now-news.de\/de\/#\/schema\/person\/fb534a4e865501d8b3285208df34a9b5"},"headline":"US-Aff\u00e4ren f\u00fchren zu Raketenwettlauf in Europa und Asien","datePublished":"2024-07-21T19:40:02+00:00","dateModified":"2024-07-21T19:40:02+00:00","mainEntityOfPage":{"@id":"https:\/\/now-news.de\/de\/deutschland\/us-affaeren-fuehren-zu-raketenwettlauf-in-europa-und-asien\/"},"wordCount":1353,"commentCount":0,"publisher":{"@id":"https:\/\/now-news.de\/de\/#organization"},"image":{"@id":"https:\/\/now-news.de\/de\/deutschland\/us-affaeren-fuehren-zu-raketenwettlauf-in-europa-und-asien\/#primaryimage"},"thumbnailUrl":"https:\/\/now-news.de\/de\/wp-content\/uploads\/sites\/3\/2024\/07\/US-Affaeren-fuehren-zu-Raketenwettlauf-in-Europa-und-Asien.jpg","keywords":["Asien","Europa","f\u00fchren","Raketenwettlauf","und","USAff\u00e4ren"],"articleSection":["Deutschland","Russland"],"inLanguage":"de","potentialAction":[{"@type":"CommentAction","name":"Comment","target":["https:\/\/now-news.de\/de\/deutschland\/us-affaeren-fuehren-zu-raketenwettlauf-in-europa-und-asien\/#respond"]}]},{"@type":"WebPage","@id":"https:\/\/now-news.de\/de\/deutschland\/us-affaeren-fuehren-zu-raketenwettlauf-in-europa-und-asien\/","url":"https:\/\/now-news.de\/de\/deutschland\/us-affaeren-fuehren-zu-raketenwettlauf-in-europa-und-asien\/","name":"US-Aff\u00e4ren f\u00fchren zu Raketenwettlauf in Europa und Asien - just-now.NEWS Deutschland","isPartOf":{"@id":"https:\/\/now-news.de\/de\/#website"},"primaryImageOfPage":{"@id":"https:\/\/now-news.de\/de\/deutschland\/us-affaeren-fuehren-zu-raketenwettlauf-in-europa-und-asien\/#primaryimage"},"image":{"@id":"https:\/\/now-news.de\/de\/deutschland\/us-affaeren-fuehren-zu-raketenwettlauf-in-europa-und-asien\/#primaryimage"},"thumbnailUrl":"https:\/\/now-news.de\/de\/wp-content\/uploads\/sites\/3\/2024\/07\/US-Affaeren-fuehren-zu-Raketenwettlauf-in-Europa-und-Asien.jpg","datePublished":"2024-07-21T19:40:02+00:00","dateModified":"2024-07-21T19:40:02+00:00","breadcrumb":{"@id":"https:\/\/now-news.de\/de\/deutschland\/us-affaeren-fuehren-zu-raketenwettlauf-in-europa-und-asien\/#breadcrumb"},"inLanguage":"de","potentialAction":[{"@type":"ReadAction","target":["https:\/\/now-news.de\/de\/deutschland\/us-affaeren-fuehren-zu-raketenwettlauf-in-europa-und-asien\/"]}]},{"@type":"ImageObject","inLanguage":"de","@id":"https:\/\/now-news.de\/de\/deutschland\/us-affaeren-fuehren-zu-raketenwettlauf-in-europa-und-asien\/#primaryimage","url":"https:\/\/now-news.de\/de\/wp-content\/uploads\/sites\/3\/2024\/07\/US-Affaeren-fuehren-zu-Raketenwettlauf-in-Europa-und-Asien.jpg","contentUrl":"https:\/\/now-news.de\/de\/wp-content\/uploads\/sites\/3\/2024\/07\/US-Affaeren-fuehren-zu-Raketenwettlauf-in-Europa-und-Asien.jpg","width":460,"height":259,"caption":"US-Aff\u00e4ren f\u00fchren zu Raketenwettlauf in Europa und Asien"},{"@type":"BreadcrumbList","@id":"https:\/\/now-news.de\/de\/deutschland\/us-affaeren-fuehren-zu-raketenwettlauf-in-europa-und-asien\/#breadcrumb","itemListElement":[{"@type":"ListItem","position":1,"name":"Home","item":"https:\/\/now-news.de\/de\/"},{"@type":"ListItem","position":2,"name":"US-Aff\u00e4ren f\u00fchren zu Raketenwettlauf in Europa und Asien"}]},{"@type":"WebSite","@id":"https:\/\/now-news.de\/de\/#website","url":"https:\/\/now-news.de\/de\/","name":"just-now.NEWS Deutschland","description":"Das Portal f\u00fcr unzensierte Nachrichten aus der Welt","publisher":{"@id":"https:\/\/now-news.de\/de\/#organization"},"potentialAction":[{"@type":"SearchAction","target":{"@type":"EntryPoint","urlTemplate":"https:\/\/now-news.de\/de\/?s={search_term_string}"},"query-input":"required name=search_term_string"}],"inLanguage":"de"},{"@type":"Organization","@id":"https:\/\/now-news.de\/de\/#organization","name":"Just Now News","url":"https:\/\/now-news.de\/de\/","logo":{"@type":"ImageObject","inLanguage":"de","@id":"https:\/\/now-news.de\/de\/#\/schema\/logo\/image\/","url":"http:\/\/just-now.news\/de\/wp-content\/uploads\/sites\/3\/2022\/04\/logo500x500.jpg","contentUrl":"http:\/\/just-now.news\/de\/wp-content\/uploads\/sites\/3\/2022\/04\/logo500x500.jpg","width":500,"height":500,"caption":"Just Now News"},"image":{"@id":"https:\/\/now-news.de\/de\/#\/schema\/logo\/image\/"},"sameAs":["https:\/\/www.facebook.com\/wirmachenauf","https:\/\/x.com\/WirMachenAuf_de"]},{"@type":"Person","@id":"https:\/\/now-news.de\/de\/#\/schema\/person\/fb534a4e865501d8b3285208df34a9b5","name":"rtnews","image":{"@type":"ImageObject","inLanguage":"de","@id":"https:\/\/now-news.de\/de\/#\/schema\/person\/image\/","url":"https:\/\/secure.gravatar.com\/avatar\/82aafea7d8127119dd649515f56e2117?s=96&d=mm&r=g","contentUrl":"https:\/\/secure.gravatar.com\/avatar\/82aafea7d8127119dd649515f56e2117?s=96&d=mm&r=g","caption":"rtnews"},"url":"https:\/\/now-news.de\/de\/author\/rnews\/"}]}},"_links":{"self":[{"href":"https:\/\/now-news.de\/de\/wp-json\/wp\/v2\/posts\/65220"}],"collection":[{"href":"https:\/\/now-news.de\/de\/wp-json\/wp\/v2\/posts"}],"about":[{"href":"https:\/\/now-news.de\/de\/wp-json\/wp\/v2\/types\/post"}],"author":[{"embeddable":true,"href":"https:\/\/now-news.de\/de\/wp-json\/wp\/v2\/users\/3"}],"replies":[{"embeddable":true,"href":"https:\/\/now-news.de\/de\/wp-json\/wp\/v2\/comments?post=65220"}],"version-history":[{"count":0,"href":"https:\/\/now-news.de\/de\/wp-json\/wp\/v2\/posts\/65220\/revisions"}],"wp:featuredmedia":[{"embeddable":true,"href":"https:\/\/now-news.de\/de\/wp-json\/wp\/v2\/media\/65221"}],"wp:attachment":[{"href":"https:\/\/now-news.de\/de\/wp-json\/wp\/v2\/media?parent=65220"}],"wp:term":[{"taxonomy":"category","embeddable":true,"href":"https:\/\/now-news.de\/de\/wp-json\/wp\/v2\/categories?post=65220"},{"taxonomy":"post_tag","embeddable":true,"href":"https:\/\/now-news.de\/de\/wp-json\/wp\/v2\/tags?post=65220"}],"curies":[{"name":"wp","href":"https:\/\/api.w.org\/{rel}","templated":true}]}}